{"id":5023,"date":"2022-11-08T13:53:19","date_gmt":"2022-11-08T12:53:19","guid":{"rendered":"https:\/\/www.proof.de\/?p=5023"},"modified":"2023-07-20T09:16:32","modified_gmt":"2023-07-20T07:16:32","slug":"myiro-9","status":"publish","type":"post","link":"http:\/\/blog.proofs.de\/cs\/myiro-9\/","title":{"rendered":"MYIRO-9: Nov\u00fd kolorimetr od spole\u010dnosti KonicaMinolta v provozu"},"content":{"rendered":"<div class=\"kk-star-ratings kksr-auto kksr-align-right kksr-valign-top\" data-payload='{\"align\":\"right\",\"id\":\"5023\",\"slug\":\"default\",\"valign\":\"top\",\"ignore\":\"\",\"reference\":\"auto\",\"class\":\"\",\"count\":\"1\",\"legendonly\":\"\",\"readonly\":\"\",\"score\":\"5\",\"starsonly\":\"\",\"best\":\"5\",\"gap\":\"5\",\"greet\":\"Jetzt bewerten\",\"legend\":\"5\\\/5 - (1 vote)\",\"size\":\"24\",\"title\":\"MYIRO-9: Neues Farbmessger&auml;t von KonicaMinolta im Einsatz\",\"width\":\"142.5\",\"_legend\":\"{score}\\\/{best} - ({count} {votes})\",\"font_factor\":\"1.25\"}'>\n            \n<div class=\"kksr-stars\">\n    \n<div class=\"kksr-stars-inactive\">\n            <div class=\"kksr-star\" data-star=\"1\" style=\"padding-right: 5px\">\n            \n\n<div class=\"kksr-icon\" style=\"width: 24px; height: 24px;\"><\/div>\n        <\/div>\n            <div class=\"kksr-star\" data-star=\"2\" style=\"padding-right: 5px\">\n            \n\n<div class=\"kksr-icon\" style=\"width: 24px; height: 24px;\"><\/div>\n        <\/div>\n            <div class=\"kksr-star\" data-star=\"3\" style=\"padding-right: 5px\">\n            \n\n<div class=\"kksr-icon\" style=\"width: 24px; height: 24px;\"><\/div>\n        <\/div>\n            <div class=\"kksr-star\" data-star=\"4\" style=\"padding-right: 5px\">\n            \n\n<div class=\"kksr-icon\" style=\"width: 24px; height: 24px;\"><\/div>\n        <\/div>\n            <div class=\"kksr-star\" data-star=\"5\" style=\"padding-right: 5px\">\n            \n\n<div class=\"kksr-icon\" style=\"width: 24px; height: 24px;\"><\/div>\n        <\/div>\n    <\/div>\n    \n<div class=\"kksr-stars-active\" style=\"width: 142.5px;\">\n            <div class=\"kksr-star\" style=\"padding-right: 5px\">\n            \n\n<div class=\"kksr-icon\" style=\"width: 24px; height: 24px;\"><\/div>\n        <\/div>\n            <div class=\"kksr-star\" style=\"padding-right: 5px\">\n            \n\n<div class=\"kksr-icon\" style=\"width: 24px; height: 24px;\"><\/div>\n        <\/div>\n            <div class=\"kksr-star\" style=\"padding-right: 5px\">\n            \n\n<div class=\"kksr-icon\" style=\"width: 24px; height: 24px;\"><\/div>\n        <\/div>\n            <div class=\"kksr-star\" style=\"padding-right: 5px\">\n            \n\n<div class=\"kksr-icon\" style=\"width: 24px; height: 24px;\"><\/div>\n        <\/div>\n            <div class=\"kksr-star\" style=\"padding-right: 5px\">\n            \n\n<div class=\"kksr-icon\" style=\"width: 24px; height: 24px;\"><\/div>\n        <\/div>\n    <\/div>\n<\/div>\n                \n\n<div class=\"kksr-legend\" style=\"font-size: 19.2px;\">\n            5\/5 - (1 hlas)    <\/div>\n    <\/div>\n\n<p class=\"wp-block-paragraph translation-block\">V posledn\u00edch n\u011bkolika m\u011bs\u00edc\u00edch jsme ve spole\u010dnosti <a href=\"https:\/\/blog1.proofen.de\/es\/lexico-2\/prueba\/\" target=\"_self\" class=\"encyclopedia tooltipstered\">Proof<\/a>.de p\u0159em\u00fd\u0161leli o dal\u0161\u00edm zlep\u0161en\u00ed na\u0161\u00ed ji\u017e tak velmi dobr\u00e9 technologie m\u011b\u0159en\u00ed barev z hlediska rychlosti a p\u0159esnosti m\u011b\u0159en\u00ed. Rychle se uk\u00e1zalo, \u017ee vhodn\u00e1 budou pouze dv\u011b za\u0159\u00edzen\u00ed: KonicaMinolta MYIRO-9, n\u00e1stupce b\u00fdval\u00e9ho FD-9, nebo X-Rite ISIS 2 XL.<\/p>\n\n\n\n<p class=\"wp-block-paragraph translation-block\">V\u00fdchoz\u00ed bod: Vzhledem k tomu, \u017ee na Proof GmbH m\u00e1me 5 zku\u0161ebn\u00edch za\u0159\u00edzen\u00ed, je pro n\u00e1s m\u011b\u0159en\u00ed c\u00edl\u016f pro optimalizaci profilu \u010dasov\u011b kritick\u00fdm \u00fakolem. Proto jsme v posledn\u00edch n\u011bkolika m\u011bs\u00edc\u00edch hledali upgrade na\u0161eho p\u0159edchoz\u00edho stolu X-Rite i1-iO, proto\u017ee jsme se v\u017edy pot\u00fdkali s n\u00e1sleduj\u00edc\u00edm probl\u00e9mem: kdy\u017e jsme zah\u00e1jili iterativn\u00ed <a href=\"https:\/\/blog1.proofen.de\/es\/lexico-2\/medicion-del-color\/\" target=\"_self\" class=\"encyclopedia tooltipstered\">m\u011b\u0159en\u00ed barev<\/a> pro optimalizaci profilu, museli jsme v\u017edy m\u011b\u0159it dva ter\u010de na jeden m\u011b\u0159ic\u00ed b\u011bh. A kalibrace v tabulce i1-iO znamen\u00e1 t\u0159ikr\u00e1t kliknout na ter\u010d a pot\u00e9 op\u011btovn\u00fdm kliknut\u00edm spustit m\u011b\u0159en\u00ed. Po n\u011bkolika minut\u00e1ch byl zkalibrov\u00e1n prvn\u00ed ter\u010d, kter\u00fd se pak musel z m\u011b\u0159ic\u00edho stolu odstranit, um\u00edstil se nov\u00fd ter\u010d, znovu se t\u0159ikr\u00e1t kliklo, pak se kliklo na \"M\u011b\u0159it\" a v ur\u010dit\u00e9m okam\u017eiku se zkalibroval <a href=\"https:\/\/blog1.proofen.de\/es\/lexico-2\/grafico-de-control-it8\/\" target=\"_self\" class=\"encyclopedia tooltipstered\">IT8<\/a> graf s 1 617 nebo v p\u0159\u00edpad\u011b upraven\u00e9ho ter\u010de s v\u00edce ne\u017e 1 800 m\u011b\u0159ic\u00edmi poli. Cel\u00e9 se to pak optimalizovalo a pak se \u0161lo znovu do dal\u0161\u00edho kola tisku, m\u011b\u0159en\u00ed a optimalizace a - v z\u00e1vislosti na v\u00fdsledku optimalizace - se to opakovalo 3-4kr\u00e1t na tisk\u00e1rnu a na <a href=\"https:\/\/blog1.proofen.de\/es\/lexico-2\/pruebas\/\" target=\"_self\" class=\"encyclopedia tooltipstered\">podklad<\/a>. Vzhledem k tomu, \u017ee tabulka iO mus\u00ed p\u0159i m\u011b\u0159en\u00ed M1 ka\u017edou linku spustit tak\u00e9 dvakr\u00e1t, byla rychlost m\u011b\u0159en\u00ed je\u0161t\u011b sn\u00ed\u017eena pro v\u0161echny <a href=\"https:\/\/blog1.proofen.de\/es\/lexico-2\/oba\/\" target=\"_self\" class=\"encyclopedia tooltipstered\">podklady obsahuj\u00edc\u00ed proof<\/a>.<\/p>\n\n\n\n<p class=\"wp-block-paragraph\"><\/p>\n\n\n\n<h2 class=\"wp-block-heading\">N\u00e1\u0161 v\u00fdb\u011br: KonicaMinolta MYIRO-9<\/h2>\n\n\n\n<figure class=\"wp-block-embed is-type-video is-provider-youtube wp-block-embed-youtube wp-embed-aspect-16-9 wp-has-aspect-ratio\"><div class=\"wp-block-embed__wrapper\">\n<iframe loading=\"lazy\" hcb-fetch-image-from=\"https:\/\/youtu.be\/yGk9G4yxHbU?rel=0\" title=\"Proof.de: Nov\u00fd kolorimetr MYIRO-9 od spole\u010dnosti KonicaMinolta v provozu\" width=\"1200\" height=\"675\" src=\"https:\/\/www.youtube.com\/embed\/yGk9G4yxHbU?feature=oembed\" frameborder=\"0\" allow=\"accelerometer; autoplay; clipboard-write; encrypted-media; gyroscope; picture-in-picture; web-share\" allowfullscreen><\/iframe>\n<\/div><\/figure>\n\n\n\n<p class=\"wp-block-paragraph\">Po del\u0161\u00edm zva\u017eov\u00e1n\u00ed jsme se rozhodli pro KonicaMinolta MYIRO-9, pro\u010d? Pro X-Rite ISIS 2 XL bylo n\u011bkolik jasn\u00fdch d\u016fvod\u016f: D\u00edky dobr\u00e9mu slad\u011bn\u00ed v r\u00e1mci rodiny X-Rite bychom jist\u011b do\u0161li k velmi dobr\u00fdm v\u00fdsledk\u016fm. Ale p\u0159\u00edstroj MYIRO-9 je prost\u011b o stupe\u0148 lep\u0161\u00ed v rychlosti a p\u0159esnosti m\u011b\u0159en\u00ed ne\u017e konkuren\u010dn\u00ed p\u0159\u00edstroj od spole\u010dnosti X-Rite. <\/p>\n\n\n<div class=\"wp-block-image\">\n<figure class=\"alignright size-large is-resized\"><a href=\"https:\/\/blog1.proofen.de\/wp-content\/uploads\/2022\/10\/Bildschirmfoto-2022-10-20-um-01.50.09.png\"><img loading=\"lazy\" decoding=\"async\" src=\"https:\/\/blog1.proofen.de\/wp-content\/uploads\/2022\/10\/Bildschirmfoto-2022-10-20-um-01.50.09-1024x526.png\" alt=\"Nov\u00fd MYIRO-9 od spole\u010dnosti KonicaMinolta v provozu na veletrhu Proof GmbH v n\u011bmeck\u00e9m T\u00fcbingenu.\" class=\"wp-image-5051\" width=\"439\" height=\"226\" srcset=\"https:\/\/blog.proofs.de\/wp-content\/uploads\/2022\/10\/Bildschirmfoto-2022-10-20-um-01.50.09-1024x526.png 1024w, https:\/\/blog.proofs.de\/wp-content\/uploads\/2022\/10\/Bildschirmfoto-2022-10-20-um-01.50.09-300x154.png 300w, https:\/\/blog.proofs.de\/wp-content\/uploads\/2022\/10\/Bildschirmfoto-2022-10-20-um-01.50.09-768x394.png 768w, https:\/\/blog.proofs.de\/wp-content\/uploads\/2022\/10\/Bildschirmfoto-2022-10-20-um-01.50.09.png 1336w\" sizes=\"auto, (max-width: 439px) 100vw, 439px\"><\/a><\/figure>\n<\/div>\n\n\n<p class=\"wp-block-paragraph\">Za pouh\u00e9 4 minuty zm\u011b\u0159\u00ed p\u0159ibli\u017en\u011b 1 500 barevn\u00fdch pol\u00ed\u010dek, a to v M0\/M1\/M2 v jednom m\u011b\u0159ic\u00edm cyklu. V praxi lze ter\u010d s 1617 pol\u00ed\u010dky kompletn\u011b zm\u011b\u0159it p\u0159ibli\u017en\u011b za 5 minut. S kr\u00e1tkodobou opakovatelnost\u00ed \u0394E00 0,05 a shodou p\u0159\u00edstroje \u0394E00 0,3 m\u011b\u0159\u00ed tak\u00e9 mimo\u0159\u00e1dn\u011b p\u0159esn\u011b. <\/p>\n\n\n\n<p class=\"wp-block-paragraph translation-block\">Vzru\u0161uj\u00edc\u00ed: MYIRO-9 se nejen pohybuje pod\u00e9l m\u011b\u0159ic\u00ed linie, ale tak\u00e9 st<a href=\"https:\/\/blog1.proofen.de\/es\/lexico-2\/opp\/\" target=\"_self\" class=\"encyclopedia tooltipstered\">opp<\/a> extr\u00e9mn\u011b kr\u00e1tce p\u0159ej\u00ed\u017ed\u00ed nad ka\u017ed\u00fdm polem, m\u011b\u0159\u00ed a pak se p\u0159esune k dal\u0161\u00edmu poli a dal\u0161\u00edmu m\u011b\u0159en\u00ed - a to extr\u00e9mn\u00ed rychlost\u00ed. A i kdy\u017e jsme byli zpo\u010d\u00e1tku trochu skepti\u010dt\u00ed: Dokonce i u texturovan\u00fdch povrch\u016f, jako je pl\u00e1tno, zat\u00edm zachytil v\u0161echna m\u011b\u0159en\u00ed p\u0159esn\u011b a dob\u0159e a poskytl rychl\u00e9 v\u00fdsledky m\u011b\u0159en\u00ed.<\/p>\n\n\n\n<p class=\"wp-block-paragraph\">A m\u00e1 je\u0161t\u011b jednu v\u00fdhodu: je vybaven teplotn\u00ed kompenzac\u00ed, kter\u00e1 kompenzuje zah\u0159\u00edv\u00e1n\u00ed m\u011b\u0159ic\u00edho za\u0159\u00edzen\u00ed, zejm\u00e9na p\u0159i del\u0161\u00edch aplikac\u00edch. Vzhledem k tomu, \u017ee jen b\u011bhem jednoho m\u011b\u0159ic\u00edho kola na\u0161ich b\u011b\u017en\u00fdch korekturn\u00edch pap\u00edr\u016f mus\u00edme na na\u0161ich korekturn\u00edch tisk\u00e1rn\u00e1ch zm\u011b\u0159it kolem 100 000 pol\u00ed, je zde kompenzace teplotn\u00edho driftu pochopiteln\u00fdm argumentem.&nbsp;<\/p>\n\n\n\n<p class=\"wp-block-paragraph\"><a href=\"https:\/\/www.myiro.com\" target=\"_blank\" rel=\"noopener\" title=\"MYIRO.com Webov\u00e9 str\u00e1nky spole\u010dnosti KonicaMinolta s dal\u0161\u00edmi informacemi o MYIRO-9 a MYIRO-1\">Dal\u0161\u00ed informace o MYIRO-9 naleznete na webov\u00fdch str\u00e1nk\u00e1ch MYIRO: MYIRO.com<\/a><\/p>\n\n\n\n<p class=\"wp-block-paragraph\">Po n\u011bkolika diskus\u00edch s Claasem Bickeb\u00f6llerem ze spole\u010dnosti KonicaMinolta a Janem-Peterem Homannem ze spole\u010dnosti Homann Colormanagement jsme se rozhodli za\u0159\u00edzen\u00ed zakoupit i p\u0159es n\u011bkter\u00e9 popsan\u00e9 nejasnosti: Extra rychlost a p\u0159esnost byly prost\u011b p\u0159\u00edli\u0161 l\u00e1kav\u00e9.&nbsp;<\/p>\n\n\n\n<h2 class=\"wp-block-heading\">MYIRO-9: dokonale zapad\u00e1 do na\u0161eho sv\u011bta d\u016fkazn\u00edch m\u011b\u0159en\u00ed<\/h2>\n\n\n\n<p class=\"wp-block-paragraph translation-block\">Na\u0161e za\u0159\u00edzen\u00ed MYIRO-9 se pou\u017e\u00edv\u00e1 ji\u017e n\u011bkolik t\u00fddn\u016f a pro\u0161lo ji\u017e n\u011bkolika testy. Nejprve jsme ov\u011b\u0159ili p\u0159esnost shody s na\u0161imi p\u0159edchoz\u00edmi m\u011b\u0159en\u00edmi i1-iO pomoc\u00ed na\u0161ich dvou m\u011b\u0159ic\u00edch p\u0159\u00edstroj\u016f X-Rite i1 Pro-2 a p\u011bti m\u011b\u0159ic\u00edch p\u0159\u00edstroj\u016f X-Rite ILS-30, abychom analyzovali, jak dob\u0159e bude za\u0159\u00edzen\u00ed KonicaMinolta zapadat do na\u0161eho m\u011b\u0159ic\u00edho prost\u0159ed\u00ed. Proto\u017ee v\u0161echny na\u0161e korekturn\u00ed tisk\u00e1rny jsou vybaveny syst\u00e9mem Spectroproofer, kalibrace a linearizace jednotliv\u00fdch korekturn\u00edch za\u0159\u00edzen\u00ed jsou v\u017edy prov\u00e1d\u011bny pomoc\u00ed m\u011b\u0159ic\u00edch za\u0159\u00edzen\u00ed ILS-30 zabudovan\u00fdch v korekturn\u00edch tisk\u00e1rn\u00e1ch a <a href=\"https:\/\/blog1.proofen.de\/es\/lexico-2\/icc\/\" target=\"_self\" class=\"encyclopedia tooltipstered\">ICC<\/a> profily ka\u017ed\u00e9ho korekturn\u00edho substr\u00e1tu jsou rovn\u011b\u017e vytv\u00e1\u0159eny prost\u0159ednictv\u00edm ILS-30.<\/p>\n\n\n\n<p class=\"wp-block-paragraph\">Pot\u00e9 jsme za\u010dali s optimalizac\u00ed profil\u016f na ka\u017ed\u00e9 zku\u0161ebn\u011b a vizu\u00e1ln\u011b a metrologicky jsme porovnali v\u00fdsledky d\u016fkazu nov\u00e9 optimalizace s v\u00fdsledky p\u0159edchoz\u00edho d\u016fkazu pomoc\u00ed na\u0161ich testovac\u00edch formul\u00e1\u0159\u016f. Kdy\u017e bylo z\u0159ejm\u00e9, \u017ee m\u016f\u017eeme bez probl\u00e9m\u016f p\u0159ej\u00edt, podrobili jsme nakonec v\u0161echny zku\u0161ebn\u00ed substr\u00e1ty n\u011bkolikadenn\u00ed optimalizaci profilu na v\u0161ech korekturn\u00edch stroj\u00edch s p\u0159\u00edstrojem MYIRO-9 a pot\u00e9 jsme v\u00fdsledky znovu zkontrolovali. A pot\u00e9, co jsme ani zde neshledali \u017e\u00e1dn\u00e9 pot\u00ed\u017ee, jsme za\u010d\u00e1tkem \u0159\u00edjna p\u0159e\u0161li na nov\u00e9 optimalizace profil\u016f MYIRO-9 u v\u0161ech pracovn\u00edch postup\u016f.<\/p>\n\n\n\n<p class=\"wp-block-paragraph translation-block\">Jen p\u0159i prvn\u00edm spu\u0161t\u011bn\u00ed musel p\u0159\u00edstroj MYIRO-9 zm\u011b\u0159it t\u00e9m\u011b\u0159 200 000 pol\u00ed, aby bylo mo\u017en\u00e9 p\u0159ev\u00e9st v\u0161echny pracovn\u00ed postupy na nov\u00e9 optimalizace profil\u016f, co\u017e p\u0159\u00edstroj zvl\u00e1dl na v\u00fdbornou<a href=\"https:\/\/blog1.proofen.de\/es\/lexico-2\/led\/\" target=\"_self\" class=\"encyclopedia tooltipstered\">led<\/a>. V n\u00e1sleduj\u00edc\u00edch t\u00fddnech budeme pokra\u010dovat v p\u0159evodu dal\u0161\u00edch specializovan\u00fdch pracovn\u00edch postup\u016f pro z\u00e1kazn\u00edky a projekty. Ji\u017e nyn\u00ed je v\u0161ak jasn\u00e9, \u017ee n\u00e1\u0161 nov\u00fd m\u011b\u0159ic\u00ed p\u0159\u00edstroj byl pro n\u00e1s spr\u00e1vnou volbou.<\/p>\n\n\n\n<h2 class=\"wp-block-heading\">T\u00fdmov\u00fd hr\u00e1\u010d v s\u00edti<\/h2>\n\n\n\n<p class=\"wp-block-paragraph\">Dal\u0161\u00edm d\u016fle\u017eit\u00fdm krit\u00e9riem, podle kter\u00e9ho jsme se rozhodli pro MYIRO-9, byly jeho s\u00ed\u0165ov\u00e9 schopnosti. <\/p>\n\n\n\n<p class=\"wp-block-paragraph translation-block\">Vzhledem k tomu, \u017ee m\u011b\u0159en\u00ed p\u0159\u00edstrojem MYIRO-9 je kv\u016fli \"trhav\u00e9mu\" chodu m\u011b\u0159ic\u00ed hlavice zp\u016fsoben\u00e9mu m\u011b\u0159en\u00edm v jednom poli hlasit\u011bj\u0161\u00ed ne\u017e u tabulek iO bez ventil\u00e1toru od spole\u010dnosti X-Rite, nastavili jsme m\u011b\u0159ic\u00ed p\u0159\u00edstroj do zku\u0161ebny, kde je daleko od na\u0161ich <a href=\"https:\/\/blog1.proofen.de\/es\/lexico-2\/efi\/\" target=\"_self\" class=\"encyclopedia tooltipstered\">EFI<\/a> a <a href=\"https:\/\/blog1.proofen.de\/es\/lexico-2\/gmg\/\" target=\"_self\" class=\"encyclopedia tooltipstered\">GMG<\/a> server\u016f. Proto\u017ee v\u0161ak lze MYIRO-9 jednodu\u0161e p\u0159ipojit k s\u00edti p\u0159es Ethernet, je k dispozici v\u0161em na\u0161im aplikac\u00edm bez ohledu na um\u00edst\u011bn\u00ed. A\u0165 u\u017e <a href=\"https:\/\/blog1.proofen.de\/es\/lexico-2\/ardiente\/\" target=\"_self\" class=\"encyclopedia tooltipstered\">Fiery<\/a>, GMG Colorproof nebo produkty Colorlogic, z nich\u017e n\u011bkter\u00e9 pou\u017e\u00edv\u00e1me <a href=\"https:\/\/blog1.proofen.de\/es\/lexico-2\/utilice\/\" target=\"_self\" class=\"encyclopedia tooltipstered\">z pracovn\u00ed stanice<\/a>, v\u0161echny mohou p\u0159istupovat k MYIRO-9, proto\u017ee nevy\u017eaduj\u00ed \u017e\u00e1dn\u00e9 p\u0159ipojen\u00ed USB.<\/p>\n\n\n\n<h2 class=\"wp-block-heading\">MYIRO-9: Z\u00e1v\u011br<\/h2>\n\n\n\n<p class=\"wp-block-paragraph\">Pro n\u00e1s byly p\u0159i n\u00e1kupu rozhoduj\u00edc\u00ed n\u00e1sleduj\u00edc\u00ed v\u011bci: <\/p>\n\n\n\n<ul class=\"wp-block-list\">\n<li><strong>Rychlost<\/strong>Optimalizace na\u0161ich nejd\u016fle\u017eit\u011bj\u0161\u00edch zku\u0161ebn\u00edch substr\u00e1t\u016f nyn\u00ed trv\u00e1 jen n\u011bkolik dn\u00ed nam\u00edsto t\u00fddn\u016f. Na jedn\u00e9 stran\u011b je MYIRO-9 mnohem rychlej\u0161\u00ed a na druh\u00e9 stran\u011b pot\u0159ebujeme m\u00e9n\u011b ter\u010d\u016f, proto\u017ee MYIRO-9 dok\u00e1\u017ee na jeden ter\u010d zm\u011b\u0159it v\u00edce m\u011b\u0159ic\u00edch pol\u00ed p\u0159i jednom p\u0159ejet\u00ed. <\/li>\n\n\n\n<li><strong>P\u0159esnost<\/strong>: Kr\u00e1tkodob\u00e1 opakovatelnost a mezim\u011b\u0159en\u00ed s p\u0159\u00edstrojem MYIRO-9 jsou mnohem lep\u0161\u00ed ne\u017e u na\u0161eho p\u0159edchoz\u00edho \u0159e\u0161en\u00ed m\u011b\u0159en\u00ed. V\u0161ichni na\u0161i z\u00e1kazn\u00edci maj\u00ed z t\u00e9to vy\u0161\u0161\u00ed p\u0159esnosti prosp\u011bch, proto\u017ee m\u016f\u017eeme vyr\u00e1b\u011bt d\u016fkazy v je\u0161t\u011b ni\u017e\u0161\u00edch toleranc\u00edch.<\/li>\n\n\n\n<li><strong>P\u0159ipojen\u00ed:<\/strong> S\u00ed\u0165ov\u00e9 p\u0159ipojen\u00ed n\u00e1m umo\u017e\u0148uje snadno p\u0159ipojit k MYIRO-9 ve\u0161ker\u00fd n\u00e1\u0161 kontroln\u00ed software a profilovac\u00ed \u0159e\u0161en\u00ed, proto\u017ee nevy\u017eaduje p\u0159ipojen\u00ed USB k jedin\u00e9mu serveru nebo pracovn\u00ed stanici.<\/li>\n<\/ul>\n\n\n\n<p class=\"wp-block-paragraph\">MYIRO-9 skute\u010dn\u011b splnil na\u0161e o\u010dek\u00e1v\u00e1n\u00ed. My t\u011b\u017e\u00edme p\u0159edev\u0161\u00edm z vy\u0161\u0161\u00ed rychlosti, na\u0161i z\u00e1kazn\u00edci p\u0159edev\u0161\u00edm z vy\u0161\u0161\u00ed p\u0159esnosti p\u0159\u00edstroje MYIRO-9 ve srovn\u00e1n\u00ed s na\u0161\u00edm p\u0159edchoz\u00edm \u0159e\u0161en\u00edm m\u011b\u0159en\u00ed. <\/p>\n\n\n\n<p class=\"wp-block-paragraph translation-block\">Existuj\u00ed n\u011bjak\u00e9 nev\u00fdhody? Mal\u00e9: MYIRO-9 nen\u00ed levn\u00fd. Ale samoz\u0159ejm\u011b je tak\u00e9 technicky propracovan\u011bj\u0161\u00ed ne\u017e mnoho jin\u00fdch za\u0159\u00edzen\u00ed. Dal\u0161\u00ed nev\u00fdhodou je, \u017ee funkce bezplatn\u00fdch softwarov\u00fdch sou\u010d\u00e1st\u00ed KonicaMinolta MYIRO Tools nejsou tak bohat\u00e9: Ale p\u0159in\u00e1\u0161ej\u00ed alespo\u0148 kalibraci displeje (kter\u00e1 ov\u0161em nefunguje s MYIRO-9, ale pouze s MYIRO-1), maj\u00ed <a href=\"https:\/\/blog1.proofen.de\/es\/lexico-2\/fogra\/\" target=\"_self\" class=\"encyclopedia tooltipstered\">Fogra<\/a> <a href=\"https:\/\/blog1.proofen.de\/es\/lexico-2\/cuna-mediatica\/\" target=\"_self\" class=\"encyclopedia tooltipstered\">media wedge<\/a> licenci v cen\u011b a um\u00ed m\u011b\u0159it grafy, porovn\u00e1vat m\u011b\u0159en\u00ed a prov\u00e1d\u011bt hodnocen\u00ed homogenity. Pokud pot\u0159ebujete v\u00edce funkc\u00ed a nem\u00e1te software Fiery, GMG a Colorlogic, kter\u00fd spolupracuje se za\u0159\u00edzen\u00edm MYIRO-9 jako my, budete si muset krom\u011b funkc\u00ed softwaru MYIRO-9 po\u0159\u00eddit v rozpo\u010dtu i \"z\u00e1kladn\u00ed\" a \"pokro\u010dil\u00fd\" software MYIRO Tools, jako je tomu u jin\u00fdch v\u00fdrobc\u016f.<\/p>\n\n\n\n<p class=\"wp-block-paragraph\">Pro n\u00e1s z toho plyne velmi pozitivn\u00ed z\u00e1v\u011br: KonicaMinolta MYIRO-9 pro n\u00e1s byla rozhodn\u011b spr\u00e1vnou investic\u00ed a podporuje n\u00e1s svou rychlost\u00ed a p\u0159esnost\u00ed. V tomto ohledu MYIRO-9 velmi dob\u0159e zapad\u00e1 do tvrzen\u00ed Proof GmbH ... \ud83d\ude42<\/p>\n\n\n\n<p class=\"wp-block-paragraph\"> <\/p>","protected":false},"excerpt":{"rendered":"<p>V posledn\u00edch n\u011bkolika m\u011bs\u00edc\u00edch jsme ve spole\u010dnosti Proof.de zva\u017eovali, jak d\u00e1le vylep\u0161it na\u0161i ji\u017e tak velmi dobrou technologii m\u011b\u0159en\u00ed barev z hlediska rychlosti a p\u0159esnosti m\u011b\u0159en\u00ed. Rychle se uk\u00e1zalo, \u017ee v \u00favahu p\u0159ich\u00e1zej\u00ed pouze dv\u011b za\u0159\u00edzen\u00ed: KonicaMinolta MYIRO-9, n\u00e1stupce star\u0161\u00edho FD-9, nebo X-Rite ISIS 2 XL.  V\u00fdchoz\u00ed bod: Vzhledem k tomu, \u017ee na Proof GmbH m\u00e1me 5 zku\u0161ebn\u00edch za\u0159\u00edzen\u00ed, je pro n\u00e1s kalibrace ter\u010d\u016f pro optimalizaci profil\u016f \u010dasov\u011b kritickou z\u00e1le\u017eitost\u00ed. Z tohoto d\u016fvodu jsme se v posledn\u00edch n\u011bkolika m\u011bs\u00edc\u00edch poohl\u00ed\u017eeli po upgradu na\u0161eho p\u0159edchoz\u00edho stolu X-Rite i1-iO, proto\u017ee ... <\/p>\n<p class=\"read-more-container\"><a title=\"MYIRO-9: Nov\u00fd kolorimetr od spole\u010dnosti KonicaMinolta v provozu\" class=\"read-more button\" href=\"http:\/\/blog.proofs.de\/cs\/myiro-9\/#more-5023\" aria-label=\"\u010c\u00edst v\u00edce o MYIRO-9: Nov\u00fd barevn\u00fd m\u011b\u0159ic\u00ed p\u0159\u00edstroj od KonicaMinolta v provozu\">P\u0159e\u010dt\u011bte si v\u00edce<\/a><\/p>","protected":false},"author":2,"featured_media":5113,"comment_status":"open","ping_status":"open","sticky":false,"template":"","format":"standard","meta":{"om_disable_all_campaigns":false,"inline_featured_image":false,"_monsterinsights_skip_tracking":false,"footnotes":""},"categories":[1,437],"tags":[1337,1346,1345,1338,475,167,561,1344,1033,806,1336,1341,423,1342,1340,1335,1334,1339,1343,479],"class_list":["post-5023","post","type-post","status-publish","format-standard","has-post-thumbnail","hentry","category-allgemein","category-proof-software-und-technik","tag-claas-bickeboeller","tag-colorlogic","tag-colorproof","tag-farbmessgeraet","tag-fiery","tag-fiery-xf","tag-gmg","tag-gmg-colorproof","tag-i1","tag-i1pro2","tag-konicaminolta-sensing","tag-m0","tag-m1","tag-m2","tag-messgeraet","tag-myiro","tag-myiro-9","tag-spektralmessgeraet","tag-streifenmessung","tag-x-rite","generate-columns","tablet-grid-50","mobile-grid-100","grid-parent","grid-50","no-featured-image-padding","resize-featured-image"],"aioseo_notices":[],"aioseo_head":"\n\t\t<!-- All in One SEO 5.0.1.1 - aioseo.com -->\n\t<meta name=\"description\" content=\"Bei Proof.de haben wir unser neues Farbmessger\u00e4t MYIRO-9 von KonicaMinolta in Betrieb genommen und k\u00f6nnen jetzt noch schneller und pr\u00e4ziser messen.\" \/>\n\t<meta name=\"robots\" content=\"max-image-preview:large\" \/>\n\t<meta name=\"author\" content=\"Matthias Betz\"\/>\n\t<meta name=\"google-site-verification\" content=\"TuXxyRwxcEg2-WfOaQ8vScWQh3-uBAnxXmY7g3GT90A\" \/>\n\t<meta name=\"keywords\" content=\"claas bickeb\u00f6ller,colorlogic,colorproof,farbmessger\u00e4t,fiery,fiery xf,gmg,gmg colorproof,i1,i1pro2,konicaminolta sensing,m0,m1,m2,messger\u00e4t,myiro,myiro-9,spektralmessger\u00e4t,streifenmessung,x-rite\" \/>\n\t<link rel=\"canonical\" href=\"http:\/\/blog.proofs.de\/cs\/myiro-9\/\" \/>\n\t<meta name=\"generator\" content=\"All in One SEO (AIOSEO) 5.0.1.1\" \/>\n\n\t\t<meta name=\"seobility\" content=\"593a8578143db71543f014978c690d47\">\n\t\t<meta property=\"og:locale\" content=\"cs_CZ\" \/>\n\t\t<meta property=\"og:site_name\" content=\"Proof.de | Alles zu Proof, Farbmanagement, Grafik, Messtechnik &amp; Co.\" \/>\n\t\t<meta property=\"og:type\" content=\"article\" \/>\n\t\t<meta property=\"og:title\" content=\"MYIRO-9: Neues Farbmessger\u00e4t von KonicaMinolta im Einsatz | Proof.de\" \/>\n\t\t<meta property=\"og:description\" content=\"In den letzten Monaten haben wir bei Proof.de \u00fcberlegt, unsere bereits sehr gute Farbmesstechnik in Sachen Geschwindigkeit und Messpr\u00e4zision weiter zu verbessern. Relativ schnell war klar, da\u00df daf\u00fcr nur zwei Ger\u00e4te in Frage kommen: Das KonicaMinolta MYIRO-9, der Nachfolger des fr\u00fcheren FD-9 oder das X-Rite ISIS 2 XL. Der Ausgangspunkt: Da wir bei der Proof GmbH\" \/>\n\t\t<meta property=\"og:url\" content=\"http:\/\/blog.proofs.de\/cs\/myiro-9\/\" \/>\n\t\t<meta property=\"og:image\" content=\"http:\/\/blog1.proofen.de\/wp-content\/uploads\/2022\/11\/Bildschirm\u00adfoto-2022-11-08-um-17.50.36.jpg\" \/>\n\t\t<meta property=\"og:image:width\" content=\"2239\" \/>\n\t\t<meta property=\"og:image:height\" content=\"1202\" \/>\n\t\t<meta property=\"og:video\" content=\"http:\/\/www.youtube.com\/watch?v=yGk9G4yxHbU\" \/>\n\t\t<meta property=\"article:published_time\" content=\"2022-11-08T12:53:19+00:00\" \/>\n\t\t<meta property=\"article:modified_time\" content=\"2023-07-20T07:16:32+00:00\" \/>\n\t\t<meta property=\"article:publisher\" content=\"https:\/\/www.facebook.com\/Proof.de\/\" \/>\n\t\t<meta name=\"twitter:card\" content=\"summary\" \/>\n\t\t<meta name=\"twitter:title\" content=\"MYIRO-9: Neues Farbmessger\u00e4t von KonicaMinolta im Einsatz | Proof.de\" \/>\n\t\t<meta name=\"twitter:description\" content=\"In den letzten Monaten haben wir bei Proof.de \u00fcberlegt, unsere bereits sehr gute Farbmesstechnik in Sachen Geschwindigkeit und Messpr\u00e4zision weiter zu verbessern. Relativ schnell war klar, da\u00df daf\u00fcr nur zwei Ger\u00e4te in Frage kommen: Das KonicaMinolta MYIRO-9, der Nachfolger des fr\u00fcheren FD-9 oder das X-Rite ISIS 2 XL. Der Ausgangspunkt: Da wir bei der Proof GmbH\" \/>\n\t\t<meta name=\"twitter:image\" content=\"https:\/\/blog1.proofen.de\/wp-content\/uploads\/2022\/11\/Bildschirm\u00adfoto-2022-11-08-um-17.50.36.jpg\" \/>\n\t\t<script type=\"application\/ld+json\" class=\"aioseo-schema\">\n\t\t\t{\"@context\":\"https:\\\/\\\/schema.org\",\"@graph\":[{\"@type\":\"Article\",\"@id\":\"http:\\\/\\\/blog.proofs.de\\\/cs\\\/myiro-9\\\/#article\",\"name\":\"MYIRO-9: Neues Farbmessger\\u00e4t im Einsatz | proof.de\",\"headline\":\"MYIRO-9: Neues Farbmessger\\u00e4t von KonicaMinolta im Einsatz\",\"author\":{\"@id\":\"http:\\\/\\\/blog.proofs.de\\\/cs\\\/author\\\/mbetz\\\/#author\"},\"publisher\":{\"@id\":\"http:\\\/\\\/blog.proofs.de\\\/cs\\\/#organization\"},\"image\":{\"@type\":\"ImageObject\",\"url\":\"https:\\\/\\\/blog.proofs.de\\\/wp-content\\\/uploads\\\/2022\\\/11\\\/Bildschirm\\u00adfoto-2022-11-08-um-17.50.36.jpg\",\"width\":2239,\"height\":1202,\"caption\":\"MYIRO-9: Neues Messger\\u00e4t von KonicaMinolta im Einsatz bei Proof.de. Inhaber Matthias Betz erl\\u00e4utert die wichtigsten Vorteile des neuen Auto-Spektralfotometers.\"},\"datePublished\":\"2022-11-08T13:53:19+01:00\",\"dateModified\":\"2023-07-20T09:16:32+02:00\",\"inLanguage\":\"cs-CZ\",\"mainEntityOfPage\":{\"@id\":\"http:\\\/\\\/blog.proofs.de\\\/cs\\\/myiro-9\\\/#webpage\"},\"isPartOf\":{\"@id\":\"http:\\\/\\\/blog.proofs.de\\\/cs\\\/myiro-9\\\/#webpage\"},\"articleSection\":\"Allgemein, Proof Software &amp; Technik, Claas Bickeb\\u00f6ller, Colorlogic, ColorProof, Farbmessger\\u00e4t, Fiery, Fiery XF, GMG, GMG ColorProof, i1, I1Pro2, KonicaMinolta Sensing, M0, M1, M2, Messger\\u00e4t, MYIRO, MYIRO-9, Spektralmessger\\u00e4t, Streifenmessung, X-Rite\"},{\"@type\":\"BreadcrumbList\",\"@id\":\"http:\\\/\\\/blog.proofs.de\\\/cs\\\/myiro-9\\\/#breadcrumblist\",\"itemListElement\":[{\"@type\":\"ListItem\",\"@id\":\"http:\\\/\\\/blog.proofs.de\\\/cs#listItem\",\"position\":1,\"name\":\"Home\",\"item\":\"http:\\\/\\\/blog.proofs.de\\\/cs\",\"nextItem\":{\"@type\":\"ListItem\",\"@id\":\"http:\\\/\\\/blog.proofs.de\\\/cs\\\/thema\\\/proof-wissen\\\/#listItem\",\"name\":\"Proof Wissen\"}},{\"@type\":\"ListItem\",\"@id\":\"http:\\\/\\\/blog.proofs.de\\\/cs\\\/thema\\\/proof-wissen\\\/#listItem\",\"position\":2,\"name\":\"Proof Wissen\",\"item\":\"http:\\\/\\\/blog.proofs.de\\\/cs\\\/thema\\\/proof-wissen\\\/\",\"nextItem\":{\"@type\":\"ListItem\",\"@id\":\"http:\\\/\\\/blog.proofs.de\\\/cs\\\/thema\\\/proof-wissen\\\/proof-software-und-technik\\\/#listItem\",\"name\":\"Proof Software &amp; Technik\"},\"previousItem\":{\"@type\":\"ListItem\",\"@id\":\"http:\\\/\\\/blog.proofs.de\\\/cs#listItem\",\"name\":\"Home\"}},{\"@type\":\"ListItem\",\"@id\":\"http:\\\/\\\/blog.proofs.de\\\/cs\\\/thema\\\/proof-wissen\\\/proof-software-und-technik\\\/#listItem\",\"position\":3,\"name\":\"Proof Software &amp; Technik\",\"item\":\"http:\\\/\\\/blog.proofs.de\\\/cs\\\/thema\\\/proof-wissen\\\/proof-software-und-technik\\\/\",\"nextItem\":{\"@type\":\"ListItem\",\"@id\":\"http:\\\/\\\/blog.proofs.de\\\/cs\\\/myiro-9\\\/#listItem\",\"name\":\"MYIRO-9: Neues Farbmessger\\u00e4t von KonicaMinolta im Einsatz\"},\"previousItem\":{\"@type\":\"ListItem\",\"@id\":\"http:\\\/\\\/blog.proofs.de\\\/cs\\\/thema\\\/proof-wissen\\\/#listItem\",\"name\":\"Proof Wissen\"}},{\"@type\":\"ListItem\",\"@id\":\"http:\\\/\\\/blog.proofs.de\\\/cs\\\/myiro-9\\\/#listItem\",\"position\":4,\"name\":\"MYIRO-9: Neues Farbmessger\\u00e4t von KonicaMinolta im Einsatz\",\"previousItem\":{\"@type\":\"ListItem\",\"@id\":\"http:\\\/\\\/blog.proofs.de\\\/cs\\\/thema\\\/proof-wissen\\\/proof-software-und-technik\\\/#listItem\",\"name\":\"Proof Software &amp; Technik\"}}]},{\"@type\":\"Organization\",\"@id\":\"http:\\\/\\\/blog.proofs.de\\\/cs\\\/#organization\",\"name\":\"Proof GmbH\",\"description\":\"Farbverbindlicher Proof, Farbproof, Digitalproof und Online-Proof.\",\"url\":\"http:\\\/\\\/blog.proofs.de\\\/cs\\\/\",\"telephone\":\"+4970717952740\",\"logo\":{\"@type\":\"ImageObject\",\"url\":\"https:\\\/\\\/blog1.proofen.de\\\/wp-content\\\/uploads\\\/2019\\\/09\\\/logo_proof_rgb_mit_balken_250px.png\",\"@id\":\"http:\\\/\\\/blog.proofs.de\\\/cs\\\/myiro-9\\\/#organizationLogo\"},\"image\":{\"@id\":\"http:\\\/\\\/blog.proofs.de\\\/cs\\\/myiro-9\\\/#organizationLogo\"},\"sameAs\":[\"https:\\\/\\\/www.facebook.com\\\/Proof.de\\\/\",\"https:\\\/\\\/www.instagram.com\\\/proof.de\\\/\",\"https:\\\/\\\/www.tiktok.com\\\/@proof_de\",\"https:\\\/\\\/www.youtube.com\\\/channel\\\/UCk80fQVQ25wC9wu3SywB-Nw\",\"https:\\\/\\\/www.linkedin.com\\\/company\\\/proof-de\"]},{\"@type\":\"Person\",\"@id\":\"http:\\\/\\\/blog.proofs.de\\\/cs\\\/author\\\/mbetz\\\/#author\",\"url\":\"http:\\\/\\\/blog.proofs.de\\\/cs\\\/author\\\/mbetz\\\/\",\"name\":\"Matthias Betz\",\"image\":{\"@type\":\"ImageObject\",\"@id\":\"http:\\\/\\\/blog.proofs.de\\\/cs\\\/myiro-9\\\/#authorImage\",\"url\":\"https:\\\/\\\/blog.proofs.de\\\/wp-content\\\/uploads\\\/2020\\\/10\\\/matthias-betz-e1603934518350-150x150.png\",\"width\":96,\"height\":96,\"caption\":\"Matthias Betz\"}},{\"@type\":\"WebPage\",\"@id\":\"http:\\\/\\\/blog.proofs.de\\\/cs\\\/myiro-9\\\/#webpage\",\"url\":\"http:\\\/\\\/blog.proofs.de\\\/cs\\\/myiro-9\\\/\",\"name\":\"MYIRO-9: Neues Farbmessger\\u00e4t im Einsatz | proof.de\",\"description\":\"Bei Proof.de haben wir unser neues Farbmessger\\u00e4t MYIRO-9 von KonicaMinolta in Betrieb genommen und k\\u00f6nnen jetzt noch schneller und pr\\u00e4ziser messen.\",\"inLanguage\":\"cs-CZ\",\"isPartOf\":{\"@id\":\"http:\\\/\\\/blog.proofs.de\\\/cs\\\/#website\"},\"breadcrumb\":{\"@id\":\"http:\\\/\\\/blog.proofs.de\\\/cs\\\/myiro-9\\\/#breadcrumblist\"},\"author\":{\"@id\":\"http:\\\/\\\/blog.proofs.de\\\/cs\\\/author\\\/mbetz\\\/#author\"},\"creator\":{\"@id\":\"http:\\\/\\\/blog.proofs.de\\\/cs\\\/author\\\/mbetz\\\/#author\"},\"image\":{\"@type\":\"ImageObject\",\"url\":\"https:\\\/\\\/blog.proofs.de\\\/wp-content\\\/uploads\\\/2022\\\/11\\\/Bildschirm\\u00adfoto-2022-11-08-um-17.50.36.jpg\",\"@id\":\"http:\\\/\\\/blog.proofs.de\\\/cs\\\/myiro-9\\\/#mainImage\",\"width\":2239,\"height\":1202,\"caption\":\"MYIRO-9: Neues Messger\\u00e4t von KonicaMinolta im Einsatz bei Proof.de. Inhaber Matthias Betz erl\\u00e4utert die wichtigsten Vorteile des neuen Auto-Spektralfotometers.\"},\"primaryImageOfPage\":{\"@id\":\"http:\\\/\\\/blog.proofs.de\\\/cs\\\/myiro-9\\\/#mainImage\"},\"datePublished\":\"2022-11-08T13:53:19+01:00\",\"dateModified\":\"2023-07-20T09:16:32+02:00\"},{\"@type\":\"WebSite\",\"@id\":\"http:\\\/\\\/blog.proofs.de\\\/cs\\\/#website\",\"url\":\"http:\\\/\\\/blog.proofs.de\\\/cs\\\/\",\"name\":\"Proof.de\",\"description\":\"Farbverbindlicher Proof, Farbproof, Digitalproof und Online-Proof.\",\"inLanguage\":\"cs-CZ\",\"publisher\":{\"@id\":\"http:\\\/\\\/blog.proofs.de\\\/cs\\\/#organization\"}}]}\n\t\t<\/script>\n\t\t<!-- All in One SEO -->\n\n","aioseo_head_json":{"title":"MYIRO-9: Nov\u00fd kolorimetr v provozu | proof.de","description":"Na Proof.de jsme uvedli do provozu nov\u00fd kolorimetr MYIRO-9 od spole\u010dnosti KonicaMinolta a nyn\u00ed m\u016f\u017eeme m\u011b\u0159it je\u0161t\u011b rychleji a p\u0159esn\u011bji.","canonical_url":"http:\/\/blog.proofs.de\/cs\/myiro-9\/","robots":"max-image-preview:large","keywords":"claas bickeb\u00f6ller,colorlogic,colorproof,farbmessger\u00e4t,fiery,fiery xf,gmg,gmg colorproof,i1,i1pro2,konicaminolta sensing,m0,m1,m2,messger\u00e4t,myiro,myiro-9,spektralmessger\u00e4t,streifenmessung,x-rite","webmasterTools":{"google-site-verification":"TuXxyRwxcEg2-WfOaQ8vScWQh3-uBAnxXmY7g3GT90A","miscellaneous":"&lt;meta name=\"seobility\" content=\"593a8578143db71543f014978c690d47\"&gt;"},"schema":{"@context":"https:\/\/schema.org","@graph":[{"@type":"Article","@id":"http:\/\/blog.proofs.de\/cs\/myiro-9\/#article","name":"MYIRO-9: Neues Farbmessger\u00e4t im Einsatz | proof.de","headline":"MYIRO-9: Neues Farbmessger\u00e4t von KonicaMinolta im Einsatz","author":{"@id":"http:\/\/blog.proofs.de\/cs\/author\/mbetz\/#author"},"publisher":{"@id":"http:\/\/blog.proofs.de\/cs\/#organization"},"image":{"@type":"ImageObject","url":"https:\/\/blog.proofs.de\/wp-content\/uploads\/2022\/11\/Bildschirm\u00adfoto-2022-11-08-um-17.50.36.jpg","width":2239,"height":1202,"caption":"MYIRO-9: Neues Messger\u00e4t von KonicaMinolta im Einsatz bei Proof.de. Inhaber Matthias Betz erl\u00e4utert die wichtigsten Vorteile des neuen Auto-Spektralfotometers."},"datePublished":"2022-11-08T13:53:19+01:00","dateModified":"2023-07-20T09:16:32+02:00","inLanguage":"cs-CZ","mainEntityOfPage":{"@id":"http:\/\/blog.proofs.de\/cs\/myiro-9\/#webpage"},"isPartOf":{"@id":"http:\/\/blog.proofs.de\/cs\/myiro-9\/#webpage"},"articleSection":"Allgemein, Proof Software &amp; Technik, Claas Bickeb\u00f6ller, Colorlogic, ColorProof, Farbmessger\u00e4t, Fiery, Fiery XF, GMG, GMG ColorProof, i1, I1Pro2, KonicaMinolta Sensing, M0, M1, M2, Messger\u00e4t, MYIRO, MYIRO-9, Spektralmessger\u00e4t, Streifenmessung, X-Rite"},{"@type":"BreadcrumbList","@id":"http:\/\/blog.proofs.de\/cs\/myiro-9\/#breadcrumblist","itemListElement":[{"@type":"ListItem","@id":"http:\/\/blog.proofs.de\/cs#listItem","position":1,"name":"Home","item":"http:\/\/blog.proofs.de\/cs","nextItem":{"@type":"ListItem","@id":"http:\/\/blog.proofs.de\/cs\/thema\/proof-wissen\/#listItem","name":"Proof Wissen"}},{"@type":"ListItem","@id":"http:\/\/blog.proofs.de\/cs\/thema\/proof-wissen\/#listItem","position":2,"name":"Proof Wissen","item":"http:\/\/blog.proofs.de\/cs\/thema\/proof-wissen\/","nextItem":{"@type":"ListItem","@id":"http:\/\/blog.proofs.de\/cs\/thema\/proof-wissen\/proof-software-und-technik\/#listItem","name":"Proof Software &amp; Technik"},"previousItem":{"@type":"ListItem","@id":"http:\/\/blog.proofs.de\/cs#listItem","name":"Home"}},{"@type":"ListItem","@id":"http:\/\/blog.proofs.de\/cs\/thema\/proof-wissen\/proof-software-und-technik\/#listItem","position":3,"name":"Proof Software &amp; Technik","item":"http:\/\/blog.proofs.de\/cs\/thema\/proof-wissen\/proof-software-und-technik\/","nextItem":{"@type":"ListItem","@id":"http:\/\/blog.proofs.de\/cs\/myiro-9\/#listItem","name":"MYIRO-9: Neues Farbmessger\u00e4t von KonicaMinolta im Einsatz"},"previousItem":{"@type":"ListItem","@id":"http:\/\/blog.proofs.de\/cs\/thema\/proof-wissen\/#listItem","name":"Proof Wissen"}},{"@type":"ListItem","@id":"http:\/\/blog.proofs.de\/cs\/myiro-9\/#listItem","position":4,"name":"MYIRO-9: Neues Farbmessger\u00e4t von KonicaMinolta im Einsatz","previousItem":{"@type":"ListItem","@id":"http:\/\/blog.proofs.de\/cs\/thema\/proof-wissen\/proof-software-und-technik\/#listItem","name":"Proof Software &amp; Technik"}}]},{"@type":"Organization","@id":"http:\/\/blog.proofs.de\/cs\/#organization","name":"Proof GmbH","description":"Farbverbindlicher Proof, Farbproof, Digitalproof und Online-Proof.","url":"http:\/\/blog.proofs.de\/cs\/","telephone":"+4970717952740","logo":{"@type":"ImageObject","url":"https:\/\/blog1.proofen.de\/wp-content\/uploads\/2019\/09\/logo_proof_rgb_mit_balken_250px.png","@id":"http:\/\/blog.proofs.de\/cs\/myiro-9\/#organizationLogo"},"image":{"@id":"http:\/\/blog.proofs.de\/cs\/myiro-9\/#organizationLogo"},"sameAs":["https:\/\/www.facebook.com\/Proof.de\/","https:\/\/www.instagram.com\/proof.de\/","https:\/\/www.tiktok.com\/@proof_de","https:\/\/www.youtube.com\/channel\/UCk80fQVQ25wC9wu3SywB-Nw","https:\/\/www.linkedin.com\/company\/proof-de"]},{"@type":"Person","@id":"http:\/\/blog.proofs.de\/cs\/author\/mbetz\/#author","url":"http:\/\/blog.proofs.de\/cs\/author\/mbetz\/","name":"Matthias Betz","image":{"@type":"ImageObject","@id":"http:\/\/blog.proofs.de\/cs\/myiro-9\/#authorImage","url":"https:\/\/blog.proofs.de\/wp-content\/uploads\/2020\/10\/matthias-betz-e1603934518350-150x150.png","width":96,"height":96,"caption":"Matthias Betz"}},{"@type":"WebPage","@id":"http:\/\/blog.proofs.de\/cs\/myiro-9\/#webpage","url":"http:\/\/blog.proofs.de\/cs\/myiro-9\/","name":"MYIRO-9: Neues Farbmessger\u00e4t im Einsatz | proof.de","description":"Bei Proof.de haben wir unser neues Farbmessger\u00e4t MYIRO-9 von KonicaMinolta in Betrieb genommen und k\u00f6nnen jetzt noch schneller und pr\u00e4ziser messen.","inLanguage":"cs-CZ","isPartOf":{"@id":"http:\/\/blog.proofs.de\/cs\/#website"},"breadcrumb":{"@id":"http:\/\/blog.proofs.de\/cs\/myiro-9\/#breadcrumblist"},"author":{"@id":"http:\/\/blog.proofs.de\/cs\/author\/mbetz\/#author"},"creator":{"@id":"http:\/\/blog.proofs.de\/cs\/author\/mbetz\/#author"},"image":{"@type":"ImageObject","url":"https:\/\/blog.proofs.de\/wp-content\/uploads\/2022\/11\/Bildschirm\u00adfoto-2022-11-08-um-17.50.36.jpg","@id":"http:\/\/blog.proofs.de\/cs\/myiro-9\/#mainImage","width":2239,"height":1202,"caption":"MYIRO-9: Neues Messger\u00e4t von KonicaMinolta im Einsatz bei Proof.de. Inhaber Matthias Betz erl\u00e4utert die wichtigsten Vorteile des neuen Auto-Spektralfotometers."},"primaryImageOfPage":{"@id":"http:\/\/blog.proofs.de\/cs\/myiro-9\/#mainImage"},"datePublished":"2022-11-08T13:53:19+01:00","dateModified":"2023-07-20T09:16:32+02:00"},{"@type":"WebSite","@id":"http:\/\/blog.proofs.de\/cs\/#website","url":"http:\/\/blog.proofs.de\/cs\/","name":"Proof.de","description":"Farbverbindlicher Proof, Farbproof, Digitalproof und Online-Proof.","inLanguage":"cs-CZ","publisher":{"@id":"http:\/\/blog.proofs.de\/cs\/#organization"}}]},"og:locale":"cs_CZ","og:site_name":"Proof.de | Alles zu Proof, Farbmanagement, Grafik, Messtechnik &amp; Co.","og:type":"article","og:title":"MYIRO-9: Neues Farbmessger\u00e4t von KonicaMinolta im Einsatz | Proof.de","og:description":"In den letzten Monaten haben wir bei Proof.de \u00fcberlegt, unsere bereits sehr gute Farbmesstechnik in Sachen Geschwindigkeit und Messpr\u00e4zision weiter zu verbessern. Relativ schnell war klar, da\u00df daf\u00fcr nur zwei Ger\u00e4te in Frage kommen: Das KonicaMinolta MYIRO-9, der Nachfolger des fr\u00fcheren FD-9 oder das X-Rite ISIS 2 XL. Der Ausgangspunkt: Da wir bei der Proof GmbH","og:url":"http:\/\/blog.proofs.de\/cs\/myiro-9\/","og:image":"http:\/\/blog1.proofen.de\/wp-content\/uploads\/2022\/11\/Bildschirm\u00adfoto-2022-11-08-um-17.50.36.jpg","og:image:width":"2239","og:image:height":"1202","og:video":"http:\/\/www.youtube.com\/watch?v=yGk9G4yxHbU","article:published_time":"2022-11-08T12:53:19+00:00","article:modified_time":"2023-07-20T07:16:32+00:00","article:publisher":"https:\/\/www.facebook.com\/Proof.de\/","twitter:card":"summary","twitter:title":"MYIRO-9: Neues Farbmessger\u00e4t von KonicaMinolta im Einsatz | Proof.de","twitter:description":"In den letzten Monaten haben wir bei Proof.de \u00fcberlegt, unsere bereits sehr gute Farbmesstechnik in Sachen Geschwindigkeit und Messpr\u00e4zision weiter zu verbessern. Relativ schnell war klar, da\u00df daf\u00fcr nur zwei Ger\u00e4te in Frage kommen: Das KonicaMinolta MYIRO-9, der Nachfolger des fr\u00fcheren FD-9 oder das X-Rite ISIS 2 XL. Der Ausgangspunkt: Da wir bei der Proof GmbH","twitter:image":"https:\/\/blog1.proofen.de\/wp-content\/uploads\/2022\/11\/Bildschirm\u00adfoto-2022-11-08-um-17.50.36.jpg"},"aioseo_meta_data":{"post_id":"5023","title":"MYIRO-9: Nov\u00fd kolorimetr v provozu | proof.de","description":"Na Proof.de jsme uvedli do provozu nov\u00fd kolorimetr MYIRO-9 od spole\u010dnosti KonicaMinolta a nyn\u00ed m\u016f\u017eeme m\u011b\u0159it je\u0161t\u011b rychleji a p\u0159esn\u011bji.","keywords":[],"keyphrases":{"focus":{"keyphrase":"MYIRO-9","score":100,"analysis":{"keyphraseInTitle":{"score":9,"maxScore":9,"error":0},"keyphraseInDescription":{"score":9,"maxScore":9,"error":0},"keyphraseLength":{"score":9,"maxScore":9,"error":0,"length":1},"keyphraseInURL":{"score":5,"maxScore":5,"error":0},"keyphraseInIntroduction":{"score":9,"maxScore":9,"error":0},"keyphraseInSubHeadings":{"score":9,"maxScore":9,"error":0},"keyphraseInImageAlt":{"score":9,"maxScore":9,"error":0}}},"additional":[]},"primary_term":null,"canonical_url":null,"og_title":"#post_title #separator_sa #site_title","og_description":"#post_excerpt","og_object_type":"default","og_image_type":"featured","og_image_url":"https:\/\/blog1.proofen.de\/wp-content\/uploads\/2022\/11\/Bildschirm\u00adfoto-2022-11-08-um-17.50.36.jpg","og_image_width":"2239","og_image_height":"1202","og_image_custom_url":null,"og_image_custom_fields":null,"og_video":"https:\/\/www.youtube.com\/watch?v=yGk9G4yxHbU","og_custom_url":null,"og_article_section":null,"og_article_tags":[],"twitter_use_og":true,"twitter_card":"default","twitter_image_type":"default","twitter_image_url":null,"twitter_image_custom_url":null,"twitter_image_custom_fields":null,"twitter_title":null,"twitter_description":null,"schema":{"blockGraphs":[],"customGraphs":[],"default":{"data":{"Article":[],"Course":[],"Dataset":[],"FAQPage":[],"Movie":[],"Person":[],"Product":[],"ProductReview":[],"Car":[],"Recipe":[],"Service":[],"SoftwareApplication":[],"WebPage":[]},"graphName":"Article","isEnabled":true},"graphs":[]},"schema_type":"default","schema_type_options":null,"pillar_content":false,"robots_default":true,"robots_noindex":false,"robots_noarchive":false,"robots_nosnippet":false,"robots_nofollow":false,"robots_noimageindex":false,"robots_noodp":false,"robots_notranslate":false,"robots_max_snippet":"-1","robots_max_videopreview":"-1","robots_max_imagepreview":"large","priority":null,"frequency":"default","local_seo":null,"breadcrumb_settings":null,"limit_modified_date":false,"ai":null,"created":"2022-10-07 21:52:37","updated":"2025-06-04 14:28:05","seo_analyzer_scan_date":null,"focus_keyword":"MYIRO-9","additional_keywords":null,"truseo_locale":null},"_links":{"self":[{"href":"http:\/\/blog.proofs.de\/cs\/wp-json\/wp\/v2\/posts\/5023","targetHints":{"allow":["GET"]}}],"collection":[{"href":"http:\/\/blog.proofs.de\/cs\/wp-json\/wp\/v2\/posts"}],"about":[{"href":"http:\/\/blog.proofs.de\/cs\/wp-json\/wp\/v2\/types\/post"}],"author":[{"embeddable":true,"href":"http:\/\/blog.proofs.de\/cs\/wp-json\/wp\/v2\/users\/2"}],"replies":[{"embeddable":true,"href":"http:\/\/blog.proofs.de\/cs\/wp-json\/wp\/v2\/comments?post=5023"}],"version-history":[{"count":39,"href":"http:\/\/blog.proofs.de\/cs\/wp-json\/wp\/v2\/posts\/5023\/revisions"}],"predecessor-version":[{"id":5441,"href":"http:\/\/blog.proofs.de\/cs\/wp-json\/wp\/v2\/posts\/5023\/revisions\/5441"}],"wp:featuredmedia":[{"embeddable":true,"href":"http:\/\/blog.proofs.de\/cs\/wp-json\/wp\/v2\/media\/5113"}],"wp:attachment":[{"href":"http:\/\/blog.proofs.de\/cs\/wp-json\/wp\/v2\/media?parent=5023"}],"wp:term":[{"taxonomy":"category","embeddable":true,"href":"http:\/\/blog.proofs.de\/cs\/wp-json\/wp\/v2\/categories?post=5023"},{"taxonomy":"post_tag","embeddable":true,"href":"http:\/\/blog.proofs.de\/cs\/wp-json\/wp\/v2\/tags?post=5023"}],"curies":[{"name":"wp","href":"https:\/\/api.w.org\/{rel}","templated":true}]}}