{"id":6180,"date":"2025-08-19T11:11:52","date_gmt":"2025-08-19T09:11:52","guid":{"rendered":"https:\/\/www.proof.de\/?p=6180"},"modified":"2025-09-19T11:13:54","modified_gmt":"2025-09-19T09:13:54","slug":"vyrocni-konference-nemecke-spolecnosti-pro-vedu-o-barvach-od-7-do-9-rijna-v-tu-dresden","status":"publish","type":"post","link":"http:\/\/blog.proofs.de\/cs\/jahrestagung-deutsche-farbwissenschaftliche-gesellschaft-vom-7-9-oktober-an-der-tu-dresden\/","title":{"rendered":"V\u00fdro\u010dn\u00ed konference N\u011bmeck\u00e9 spole\u010dnosti pro v\u011bdu o barv\u00e1ch od 7. do 9. \u0159\u00edjna na Technick\u00e9 univerzit\u011b v Dr\u00e1\u017e\u010fanech"},"content":{"rendered":"<div class=\"kk-star-ratings kksr-auto kksr-align-right kksr-valign-top\" data-payload='{\"align\":\"right\",\"id\":\"6180\",\"slug\":\"default\",\"valign\":\"top\",\"ignore\":\"\",\"reference\":\"auto\",\"class\":\"\",\"count\":\"1\",\"legendonly\":\"\",\"readonly\":\"\",\"score\":\"5\",\"starsonly\":\"\",\"best\":\"5\",\"gap\":\"5\",\"greet\":\"Jetzt bewerten\",\"legend\":\"5\\\/5 - (1 vote)\",\"size\":\"24\",\"title\":\"Jahrestagung Deutsche farbwissenschaftliche Gesellschaft vom 7.-9. Oktober an der TU Dresden\",\"width\":\"142.5\",\"_legend\":\"{score}\\\/{best} - ({count} {votes})\",\"font_factor\":\"1.25\"}'>\n            \n<div class=\"kksr-stars\">\n    \n<div class=\"kksr-stars-inactive\">\n            <div class=\"kksr-star\" data-star=\"1\" style=\"padding-right: 5px\">\n            \n\n<div class=\"kksr-icon\" style=\"width: 24px; height: 24px;\"><\/div>\n        <\/div>\n            <div class=\"kksr-star\" data-star=\"2\" style=\"padding-right: 5px\">\n            \n\n<div class=\"kksr-icon\" style=\"width: 24px; height: 24px;\"><\/div>\n        <\/div>\n            <div class=\"kksr-star\" data-star=\"3\" style=\"padding-right: 5px\">\n            \n\n<div class=\"kksr-icon\" style=\"width: 24px; height: 24px;\"><\/div>\n        <\/div>\n            <div class=\"kksr-star\" data-star=\"4\" style=\"padding-right: 5px\">\n            \n\n<div class=\"kksr-icon\" style=\"width: 24px; height: 24px;\"><\/div>\n        <\/div>\n            <div class=\"kksr-star\" data-star=\"5\" style=\"padding-right: 5px\">\n            \n\n<div class=\"kksr-icon\" style=\"width: 24px; height: 24px;\"><\/div>\n        <\/div>\n    <\/div>\n    \n<div class=\"kksr-stars-active\" style=\"width: 142.5px;\">\n            <div class=\"kksr-star\" style=\"padding-right: 5px\">\n            \n\n<div class=\"kksr-icon\" style=\"width: 24px; height: 24px;\"><\/div>\n        <\/div>\n            <div class=\"kksr-star\" style=\"padding-right: 5px\">\n            \n\n<div class=\"kksr-icon\" style=\"width: 24px; height: 24px;\"><\/div>\n        <\/div>\n            <div class=\"kksr-star\" style=\"padding-right: 5px\">\n            \n\n<div class=\"kksr-icon\" style=\"width: 24px; height: 24px;\"><\/div>\n        <\/div>\n            <div class=\"kksr-star\" style=\"padding-right: 5px\">\n            \n\n<div class=\"kksr-icon\" style=\"width: 24px; height: 24px;\"><\/div>\n        <\/div>\n            <div class=\"kksr-star\" style=\"padding-right: 5px\">\n            \n\n<div class=\"kksr-icon\" style=\"width: 24px; height: 24px;\"><\/div>\n        <\/div>\n    <\/div>\n<\/div>\n                \n\n<div class=\"kksr-legend\" style=\"font-size: 19.2px;\">\n            5\/5 - (1 hlas)    <\/div>\n    <\/div>\n\n<p class=\"wp-block-paragraph\">V\u00fdro\u010dn\u00ed konference N\u011bmeck\u00e9 spole\u010dnosti pro v\u011bdu o barv\u00e1ch se letos uskute\u010dn\u00ed v \u0159\u00edjnu v Dr\u00e1\u017e\u010fanech ve Sb\u00edrce teorie barev na Technick\u00e9 univerzit\u011b v Dr\u00e1\u017e\u010fanech. <\/p>\n\n\n\n<p class=\"wp-block-paragraph\">Jako N\u011bmeck\u00e1 spole\u010dnost pro nauku o barv\u00e1ch se na t\u00e9ma barev d\u00edv\u00e1me z r\u016fzn\u00fdch \u00fahl\u016f pohledu. Leto\u0161n\u00ed konference se zam\u011b\u0159\u00ed na barvy v architektu\u0159e a um\u011bn\u00ed a na barvy v osv\u011btlovac\u00ed technice, <a href=\"http:\/\/blog.proofs.de\/cs\/lexikon\/appearance\/\" target=\"_self\" title='V sou\u010dasn\u00e9m v\u00fdzkumu barev se pojem &quot;vzhled&quot; vztahuje na vn\u00edm\u00e1n\u00ed barvy objektu nebo povrchu za r\u016fzn\u00fdch sv\u011bteln\u00fdch podm\u00ednek a v r\u016fzn\u00fdch prost\u0159ed\u00edch. Vzhled se t\u00fdk\u00e1 toho, jak jsou barvy lidmi vizu\u00e1ln\u011b vn\u00edm\u00e1ny a jak jsou ovliv\u0148ov\u00e1ny vlastnostmi sv\u011btla, texturou povrchu a dal\u0161\u00edmi faktory prost\u0159ed\u00ed. 1....' class=\"encyclopedia\">Vzhled<\/a> - v\u00edce ne\u017e barva, barva v HDR a tisk a barva mezioborov\u011b.<\/p>\n\n\n\n<p class=\"wp-block-paragraph\">Na program konference byli pozv\u00e1ni p\u0159edn\u00e1\u0161ej\u00edc\u00ed z oblasti v\u011bdy, v\u00fdzkumu a pr\u016fmyslu. V r\u00e1mci p\u0159\u00edpravy konference se uskute\u010dn\u00ed workshop na t\u00e9ma: (1) Rovnom\u011brn\u00e9 odstup\u0148ov\u00e1n\u00ed barev na obrazovk\u00e1ch; (2). <a href=\"http:\/\/blog.proofs.de\/cs\/lexikon\/farbsystem\/\" target=\"_self\" title=\"Barevn\u00fd syst\u00e9m (nebo barevn\u00fd model) je abstraktn\u00ed matematick\u00e1 metoda pro ur\u010den\u00ed a specifikaci barev a jejich vz\u00e1jemn\u00e9ho vztahu. \u010casto se ztoto\u017e\u0148uje s barevn\u00fdm prostorem, kter\u00fd je v\u0161ak konkr\u00e9tn\u00ed aplikac\u00ed barevn\u00e9ho syst\u00e9mu na metodu poskytuj\u00edc\u00ed barvy (tisk\u00e1rna, obrazovka atd.).\" class=\"encyclopedia\">Barevn\u00fd syst\u00e9m<\/a>e v architektu\u0159e, um\u011bn\u00ed a zahradn\u00edm designu. Zahrnuje praktick\u00e9 experimenty a m\u011b\u0159en\u00ed i pohled na expon\u00e1ty ze sb\u00edrky teorie barev.<\/p>\n\n\n\n<figure class=\"wp-block-image size-large\"><a href=\"https:\/\/dfwg.de\/wp-content\/uploads\/2025\/07\/Flyer-DfwG-JT2025_Programm.pdf\"><img loading=\"lazy\" decoding=\"async\" width=\"1024\" height=\"715\" src=\"http:\/\/blog.proofs.de\/wp-content\/uploads\/2025\/09\/Tagungsprogramm_Deutsche_farbwissenschaftliche_Gesellschaft_2025_Dresden-1024x715.png\" alt=\"Program v\u00fdro\u010dn\u00ed konference N\u011bmeck\u00e9 spole\u010dnosti pro v\u011bdu o barv\u00e1ch 2025 na TU Dr\u00e1\u017e\u010fany.\" class=\"wp-image-6181\" srcset=\"https:\/\/blog.proofs.de\/wp-content\/uploads\/2025\/09\/Tagungsprogramm_Deutsche_farbwissenschaftliche_Gesellschaft_2025_Dresden-1024x715.png 1024w, https:\/\/blog.proofs.de\/wp-content\/uploads\/2025\/09\/Tagungsprogramm_Deutsche_farbwissenschaftliche_Gesellschaft_2025_Dresden-300x210.png 300w, https:\/\/blog.proofs.de\/wp-content\/uploads\/2025\/09\/Tagungsprogramm_Deutsche_farbwissenschaftliche_Gesellschaft_2025_Dresden-768x536.png 768w, https:\/\/blog.proofs.de\/wp-content\/uploads\/2025\/09\/Tagungsprogramm_Deutsche_farbwissenschaftliche_Gesellschaft_2025_Dresden-18x12.png 18w, https:\/\/blog.proofs.de\/wp-content\/uploads\/2025\/09\/Tagungsprogramm_Deutsche_farbwissenschaftliche_Gesellschaft_2025_Dresden.png 1519w\" sizes=\"auto, (max-width: 1024px) 100vw, 1024px\"><\/a><\/figure>\n\n\n\n<p class=\"wp-block-paragraph\">V leto\u0161n\u00edm roce <a href=\"http:\/\/blog.proofs.de\/cs\/lexikon\/proof\/\" target=\"_self\" title=\"Kontroln\u00ed n\u00e1tisk (spr\u00e1vn\u011b: smluvn\u00ed n\u00e1tisk) je certifikovan\u00e9 kontroln\u00ed za\u0159\u00edzen\u00ed podle normy ISO 12647-7 pro grafick\u00fd pr\u016fmysl. Kontroln\u00ed n\u00e1tisk simuluje barevnost ofsetov\u00e9ho nebo hlubotiskov\u00e9ho tisku barevn\u011b a pr\u00e1vn\u011b z\u00e1vazn\u00fdm zp\u016fsobem v r\u00e1mci \u00fazk\u00fdch toleranc\u00ed normy ISO.\" class=\"encyclopedia\">D\u016fkaz<\/a> GmbH sponzoruje jednoho studenta na v\u00fdro\u010dn\u00ed konferenci, \u010d\u00edm\u017e umo\u017en\u00ed mlad\u00e9mu \u010dlov\u011bku z\u00fa\u010dastnit se konference v Dr\u00e1\u017e\u010fanech zdarma. <\/p>\n\n\n\n<p class=\"wp-block-paragraph\">Chcete se tak\u00e9 st\u00e1t sponzorem a podpo\u0159it tuto iniciativu? Je\u0161t\u011b je tu jeden kandid\u00e1t na dal\u0161\u00edho sponzora z \u0159ad student\u016f. Pokud byste tedy mohli umo\u017enit \u00fa\u010dast na konferenci n\u011bjak\u00e9mu mlad\u00e9mu \u010dlov\u011bku, m\u016f\u017eete se kdykoli obr\u00e1tit na sekretari\u00e1t DfwG. <\/p>\n\n\n\n<p class=\"wp-block-paragraph\"><a href=\"https:\/\/dfwg.de\/dfwg-jahrestagungen\/dfwg-jahrestagung-2025-3\/\" title=\"\">Dal\u0161\u00ed informace o v\u00fdro\u010dn\u00ed konferenci a registraci naleznete zde na webov\u00fdch str\u00e1nk\u00e1ch DfwG.<\/a>.<\/p>\n\n\n\n<p class=\"wp-block-paragraph\"><\/p>","protected":false},"excerpt":{"rendered":"<p>V\u00fdro\u010dn\u00ed konference N\u011bmeck\u00e9 spole\u010dnosti pro v\u011bdu o barv\u00e1ch se letos uskute\u010dn\u00ed v \u0159\u00edjnu v Dr\u00e1\u017e\u010fanech ve Sb\u00edrce teorie barev na Technick\u00e9 univerzit\u011b v Dr\u00e1\u017e\u010fanech. Jako N\u011bmeck\u00e1 spole\u010dnost pro nauku o barv\u00e1ch se na t\u00e9ma barev d\u00edv\u00e1me z r\u016fzn\u00fdch \u00fahl\u016f pohledu. Leto\u0161n\u00ed konference se zam\u011b\u0159\u00ed na barvu v architektu\u0159e a um\u011bn\u00ed, barvu v osv\u011btlovac\u00ed technice, vzhled - v\u00edce ne\u017e jen barva, barvu v HDR a tisku a interdisciplin\u00e1rn\u00ed barvu. Do programu konference byli pozv\u00e1ni p\u0159edn\u00e1\u0161ej\u00edc\u00ed z oblasti v\u011bdy, v\u00fdzkumu a pr\u016fmyslu. V p\u0159edve\u010der konference se uskute\u010dn\u00ed workshop na t\u00e9ma: (1) Ekvidistantn\u00ed odstup\u0148ov\u00e1n\u00ed barev na obrazovk\u00e1ch; (2) Barevn\u00e9 syst\u00e9my ... <\/p>\n<p class=\"read-more-container\"><a title=\"V\u00fdro\u010dn\u00ed konference N\u011bmeck\u00e9 spole\u010dnosti pro v\u011bdu o barv\u00e1ch od 7. do 9. \u0159\u00edjna na Technick\u00e9 univerzit\u011b v Dr\u00e1\u017e\u010fanech\" class=\"read-more button\" href=\"http:\/\/blog.proofs.de\/cs\/jahrestagung-deutsche-farbwissenschaftliche-gesellschaft-vom-7-9-oktober-an-der-tu-dresden\/#more-6180\" aria-label=\"\u010c\u00edst v\u00edce o V\u00fdro\u010dn\u00ed konference N\u011bmeck\u00e9 spole\u010dnosti pro v\u011bdu o barv\u00e1ch od 7. do 9. \u0159\u00edjna na Technick\u00e9 univerzit\u011b v Dr\u00e1\u017e\u010fanech\">P\u0159e\u010dt\u011bte si v\u00edce<\/a><\/p>","protected":false},"author":2,"featured_media":6182,"comment_status":"open","ping_status":"open","sticky":false,"template":"","format":"standard","meta":{"om_disable_all_campaigns":false,"inline_featured_image":false,"_monsterinsights_skip_tracking":false,"footnotes":""},"categories":[1],"tags":[1449,1448,1450],"class_list":["post-6180","post","type-post","status-publish","format-standard","has-post-thumbnail","hentry","category-allgemein","tag-deutsche-farbwissenschaftliche-gesellschaft","tag-dfwg","tag-farbwissenschaftliche-gesellschaft","generate-columns","tablet-grid-50","mobile-grid-100","grid-parent","grid-50","no-featured-image-padding","resize-featured-image"],"aioseo_notices":[],"aioseo_head":"\n\t\t<!-- All in One SEO 5.0.1.1 - aioseo.com -->\n\t<meta name=\"description\" content=\"Die Jahrestagung der Deutschen farbwissenschaftlichen Gesellschaft 2025 in Dresden wird vom der Proof GmbH mit einer Studierendenpatenschaft unterst\u00fctzt.\" \/>\n\t<meta name=\"robots\" content=\"max-image-preview:large\" \/>\n\t<meta name=\"author\" content=\"Matthias Betz\"\/>\n\t<meta name=\"google-site-verification\" content=\"TuXxyRwxcEg2-WfOaQ8vScWQh3-uBAnxXmY7g3GT90A\" \/>\n\t<meta name=\"keywords\" content=\"deutsche farbwissenschaftliche gesellschaft,dfwg,farbwissenschaftliche gesellschaft\" \/>\n\t<link rel=\"canonical\" href=\"http:\/\/blog.proofs.de\/cs\/jahrestagung-deutsche-farbwissenschaftliche-gesellschaft-vom-7-9-oktober-an-der-tu-dresden\/\" \/>\n\t<meta name=\"generator\" content=\"All in One SEO (AIOSEO) 5.0.1.1\" \/>\n\n\t\t<meta name=\"seobility\" content=\"593a8578143db71543f014978c690d47\">\n\t\t<meta property=\"og:locale\" content=\"cs_CZ\" \/>\n\t\t<meta property=\"og:site_name\" content=\"Proof.de | Alles zu Proof, Farbmanagement, Grafik, Messtechnik &amp; Co.\" \/>\n\t\t<meta property=\"og:type\" content=\"article\" \/>\n\t\t<meta property=\"og:title\" content=\"Jahrestagung Deutsche farbwissenschaftliche Gesellschaft 2025 | proof.de\" \/>\n\t\t<meta property=\"og:description\" content=\"Die Jahrestagung der Deutschen farbwissenschaftlichen Gesellschaft 2025 in Dresden wird vom der Proof GmbH mit einer Studierendenpatenschaft unterst\u00fctzt.\" \/>\n\t\t<meta property=\"og:url\" content=\"http:\/\/blog.proofs.de\/cs\/jahrestagung-deutsche-farbwissenschaftliche-gesellschaft-vom-7-9-oktober-an-der-tu-dresden\/\" \/>\n\t\t<meta property=\"og:image\" content=\"http:\/\/blog.proofs.de\/wp-content\/uploads\/2025\/09\/DfwG_logo_2023-1.png\" \/>\n\t\t<meta property=\"og:image:width\" content=\"994\" \/>\n\t\t<meta property=\"og:image:height\" content=\"600\" \/>\n\t\t<meta property=\"article:published_time\" content=\"2025-08-19T09:11:52+00:00\" \/>\n\t\t<meta property=\"article:modified_time\" content=\"2025-09-19T09:13:54+00:00\" \/>\n\t\t<meta property=\"article:publisher\" content=\"https:\/\/www.facebook.com\/Proof.de\/\" \/>\n\t\t<meta name=\"twitter:card\" content=\"summary\" \/>\n\t\t<meta name=\"twitter:title\" content=\"Jahrestagung Deutsche farbwissenschaftliche Gesellschaft 2025 | proof.de\" \/>\n\t\t<meta name=\"twitter:description\" content=\"Die Jahrestagung der Deutschen farbwissenschaftlichen Gesellschaft 2025 in Dresden wird vom der Proof GmbH mit einer Studierendenpatenschaft unterst\u00fctzt.\" \/>\n\t\t<meta name=\"twitter:image\" content=\"https:\/\/blog.proofs.de\/wp-content\/uploads\/2025\/09\/DfwG_logo_2023-1.png\" \/>\n\t\t<script type=\"application\/ld+json\" class=\"aioseo-schema\">\n\t\t\t{\"@context\":\"https:\\\/\\\/schema.org\",\"@graph\":[{\"@type\":\"Article\",\"@id\":\"http:\\\/\\\/blog.proofs.de\\\/cs\\\/jahrestagung-deutsche-farbwissenschaftliche-gesellschaft-vom-7-9-oktober-an-der-tu-dresden\\\/#article\",\"name\":\"Jahrestagung Deutsche farbwissenschaftliche Gesellschaft 2025 | proof.de\",\"headline\":\"Jahrestagung Deutsche farbwissenschaftliche Gesellschaft vom 7.-9. Oktober an der TU Dresden\",\"author\":{\"@id\":\"http:\\\/\\\/blog.proofs.de\\\/cs\\\/author\\\/mbetz\\\/#author\"},\"publisher\":{\"@id\":\"http:\\\/\\\/blog.proofs.de\\\/cs\\\/#organization\"},\"image\":{\"@type\":\"ImageObject\",\"url\":\"https:\\\/\\\/blog.proofs.de\\\/wp-content\\\/uploads\\\/2025\\\/09\\\/DfwG_logo_2023-1.png\",\"width\":994,\"height\":600},\"datePublished\":\"2025-08-19T11:11:52+02:00\",\"dateModified\":\"2025-09-19T11:13:54+02:00\",\"inLanguage\":\"cs-CZ\",\"mainEntityOfPage\":{\"@id\":\"http:\\\/\\\/blog.proofs.de\\\/cs\\\/jahrestagung-deutsche-farbwissenschaftliche-gesellschaft-vom-7-9-oktober-an-der-tu-dresden\\\/#webpage\"},\"isPartOf\":{\"@id\":\"http:\\\/\\\/blog.proofs.de\\\/cs\\\/jahrestagung-deutsche-farbwissenschaftliche-gesellschaft-vom-7-9-oktober-an-der-tu-dresden\\\/#webpage\"},\"articleSection\":\"Allgemein, Deutsche farbwissenschaftliche Gesellschaft, DfwG, farbwissenschaftliche Gesellschaft\"},{\"@type\":\"BreadcrumbList\",\"@id\":\"http:\\\/\\\/blog.proofs.de\\\/cs\\\/jahrestagung-deutsche-farbwissenschaftliche-gesellschaft-vom-7-9-oktober-an-der-tu-dresden\\\/#breadcrumblist\",\"itemListElement\":[{\"@type\":\"ListItem\",\"@id\":\"http:\\\/\\\/blog.proofs.de\\\/cs#listItem\",\"position\":1,\"name\":\"Home\",\"item\":\"http:\\\/\\\/blog.proofs.de\\\/cs\",\"nextItem\":{\"@type\":\"ListItem\",\"@id\":\"http:\\\/\\\/blog.proofs.de\\\/cs\\\/thema\\\/allgemein\\\/#listItem\",\"name\":\"Allgemein\"}},{\"@type\":\"ListItem\",\"@id\":\"http:\\\/\\\/blog.proofs.de\\\/cs\\\/thema\\\/allgemein\\\/#listItem\",\"position\":2,\"name\":\"Allgemein\",\"item\":\"http:\\\/\\\/blog.proofs.de\\\/cs\\\/thema\\\/allgemein\\\/\",\"nextItem\":{\"@type\":\"ListItem\",\"@id\":\"http:\\\/\\\/blog.proofs.de\\\/cs\\\/jahrestagung-deutsche-farbwissenschaftliche-gesellschaft-vom-7-9-oktober-an-der-tu-dresden\\\/#listItem\",\"name\":\"Jahrestagung Deutsche farbwissenschaftliche Gesellschaft vom 7.-9. Oktober an der TU Dresden\"},\"previousItem\":{\"@type\":\"ListItem\",\"@id\":\"http:\\\/\\\/blog.proofs.de\\\/cs#listItem\",\"name\":\"Home\"}},{\"@type\":\"ListItem\",\"@id\":\"http:\\\/\\\/blog.proofs.de\\\/cs\\\/jahrestagung-deutsche-farbwissenschaftliche-gesellschaft-vom-7-9-oktober-an-der-tu-dresden\\\/#listItem\",\"position\":3,\"name\":\"Jahrestagung Deutsche farbwissenschaftliche Gesellschaft vom 7.-9. Oktober an der TU Dresden\",\"previousItem\":{\"@type\":\"ListItem\",\"@id\":\"http:\\\/\\\/blog.proofs.de\\\/cs\\\/thema\\\/allgemein\\\/#listItem\",\"name\":\"Allgemein\"}}]},{\"@type\":\"Organization\",\"@id\":\"http:\\\/\\\/blog.proofs.de\\\/cs\\\/#organization\",\"name\":\"Proof GmbH\",\"description\":\"Farbverbindlicher Proof, Farbproof, Digitalproof und Online-Proof.\",\"url\":\"http:\\\/\\\/blog.proofs.de\\\/cs\\\/\",\"telephone\":\"+4970717952740\",\"logo\":{\"@type\":\"ImageObject\",\"url\":\"https:\\\/\\\/blog1.proofen.de\\\/wp-content\\\/uploads\\\/2019\\\/09\\\/logo_proof_rgb_mit_balken_250px.png\",\"@id\":\"http:\\\/\\\/blog.proofs.de\\\/cs\\\/jahrestagung-deutsche-farbwissenschaftliche-gesellschaft-vom-7-9-oktober-an-der-tu-dresden\\\/#organizationLogo\"},\"image\":{\"@id\":\"http:\\\/\\\/blog.proofs.de\\\/cs\\\/jahrestagung-deutsche-farbwissenschaftliche-gesellschaft-vom-7-9-oktober-an-der-tu-dresden\\\/#organizationLogo\"},\"sameAs\":[\"https:\\\/\\\/www.facebook.com\\\/Proof.de\\\/\",\"https:\\\/\\\/www.instagram.com\\\/proof.de\\\/\",\"https:\\\/\\\/www.tiktok.com\\\/@proof_de\",\"https:\\\/\\\/www.youtube.com\\\/channel\\\/UCk80fQVQ25wC9wu3SywB-Nw\",\"https:\\\/\\\/www.linkedin.com\\\/company\\\/proof-de\"]},{\"@type\":\"Person\",\"@id\":\"http:\\\/\\\/blog.proofs.de\\\/cs\\\/author\\\/mbetz\\\/#author\",\"url\":\"http:\\\/\\\/blog.proofs.de\\\/cs\\\/author\\\/mbetz\\\/\",\"name\":\"Matthias Betz\",\"image\":{\"@type\":\"ImageObject\",\"@id\":\"http:\\\/\\\/blog.proofs.de\\\/cs\\\/jahrestagung-deutsche-farbwissenschaftliche-gesellschaft-vom-7-9-oktober-an-der-tu-dresden\\\/#authorImage\",\"url\":\"https:\\\/\\\/blog.proofs.de\\\/wp-content\\\/uploads\\\/2020\\\/10\\\/matthias-betz-e1603934518350-150x150.png\",\"width\":96,\"height\":96,\"caption\":\"Matthias Betz\"}},{\"@type\":\"WebPage\",\"@id\":\"http:\\\/\\\/blog.proofs.de\\\/cs\\\/jahrestagung-deutsche-farbwissenschaftliche-gesellschaft-vom-7-9-oktober-an-der-tu-dresden\\\/#webpage\",\"url\":\"http:\\\/\\\/blog.proofs.de\\\/cs\\\/jahrestagung-deutsche-farbwissenschaftliche-gesellschaft-vom-7-9-oktober-an-der-tu-dresden\\\/\",\"name\":\"Jahrestagung Deutsche farbwissenschaftliche Gesellschaft 2025 | proof.de\",\"description\":\"Die Jahrestagung der Deutschen farbwissenschaftlichen Gesellschaft 2025 in Dresden wird vom der Proof GmbH mit einer Studierendenpatenschaft unterst\\u00fctzt.\",\"inLanguage\":\"cs-CZ\",\"isPartOf\":{\"@id\":\"http:\\\/\\\/blog.proofs.de\\\/cs\\\/#website\"},\"breadcrumb\":{\"@id\":\"http:\\\/\\\/blog.proofs.de\\\/cs\\\/jahrestagung-deutsche-farbwissenschaftliche-gesellschaft-vom-7-9-oktober-an-der-tu-dresden\\\/#breadcrumblist\"},\"author\":{\"@id\":\"http:\\\/\\\/blog.proofs.de\\\/cs\\\/author\\\/mbetz\\\/#author\"},\"creator\":{\"@id\":\"http:\\\/\\\/blog.proofs.de\\\/cs\\\/author\\\/mbetz\\\/#author\"},\"image\":{\"@type\":\"ImageObject\",\"url\":\"https:\\\/\\\/blog.proofs.de\\\/wp-content\\\/uploads\\\/2025\\\/09\\\/DfwG_logo_2023-1.png\",\"@id\":\"http:\\\/\\\/blog.proofs.de\\\/cs\\\/jahrestagung-deutsche-farbwissenschaftliche-gesellschaft-vom-7-9-oktober-an-der-tu-dresden\\\/#mainImage\",\"width\":994,\"height\":600},\"primaryImageOfPage\":{\"@id\":\"http:\\\/\\\/blog.proofs.de\\\/cs\\\/jahrestagung-deutsche-farbwissenschaftliche-gesellschaft-vom-7-9-oktober-an-der-tu-dresden\\\/#mainImage\"},\"datePublished\":\"2025-08-19T11:11:52+02:00\",\"dateModified\":\"2025-09-19T11:13:54+02:00\"},{\"@type\":\"WebSite\",\"@id\":\"http:\\\/\\\/blog.proofs.de\\\/cs\\\/#website\",\"url\":\"http:\\\/\\\/blog.proofs.de\\\/cs\\\/\",\"name\":\"Proof.de\",\"description\":\"Farbverbindlicher Proof, Farbproof, Digitalproof und Online-Proof.\",\"inLanguage\":\"cs-CZ\",\"publisher\":{\"@id\":\"http:\\\/\\\/blog.proofs.de\\\/cs\\\/#organization\"}}]}\n\t\t<\/script>\n\t\t<!-- All in One SEO -->\n\n","aioseo_head_json":{"title":"V\u00fdro\u010dn\u00ed konference N\u011bmeck\u00e9 spole\u010dnosti pro v\u011bdu o barv\u00e1ch 2025 | proof.de","description":"V\u00fdro\u010dn\u00ed konference N\u011bmeck\u00e9 spole\u010dnosti pro v\u011bdu o barv\u00e1ch 2025 v Dr\u00e1\u017e\u010fanech je podporov\u00e1na z programu Proof GmbH prost\u0159ednictv\u00edm studentsk\u00e9ho sponzoringu.","canonical_url":"http:\/\/blog.proofs.de\/cs\/jahrestagung-deutsche-farbwissenschaftliche-gesellschaft-vom-7-9-oktober-an-der-tu-dresden\/","robots":"max-image-preview:large","keywords":"deutsche farbwissenschaftliche gesellschaft,dfwg,farbwissenschaftliche gesellschaft","webmasterTools":{"google-site-verification":"TuXxyRwxcEg2-WfOaQ8vScWQh3-uBAnxXmY7g3GT90A","miscellaneous":"&lt;meta name=\"seobility\" content=\"593a8578143db71543f014978c690d47\"&gt;"},"schema":{"@context":"https:\/\/schema.org","@graph":[{"@type":"Article","@id":"http:\/\/blog.proofs.de\/cs\/jahrestagung-deutsche-farbwissenschaftliche-gesellschaft-vom-7-9-oktober-an-der-tu-dresden\/#article","name":"Jahrestagung Deutsche farbwissenschaftliche Gesellschaft 2025 | proof.de","headline":"Jahrestagung Deutsche farbwissenschaftliche Gesellschaft vom 7.-9. Oktober an der TU Dresden","author":{"@id":"http:\/\/blog.proofs.de\/cs\/author\/mbetz\/#author"},"publisher":{"@id":"http:\/\/blog.proofs.de\/cs\/#organization"},"image":{"@type":"ImageObject","url":"https:\/\/blog.proofs.de\/wp-content\/uploads\/2025\/09\/DfwG_logo_2023-1.png","width":994,"height":600},"datePublished":"2025-08-19T11:11:52+02:00","dateModified":"2025-09-19T11:13:54+02:00","inLanguage":"cs-CZ","mainEntityOfPage":{"@id":"http:\/\/blog.proofs.de\/cs\/jahrestagung-deutsche-farbwissenschaftliche-gesellschaft-vom-7-9-oktober-an-der-tu-dresden\/#webpage"},"isPartOf":{"@id":"http:\/\/blog.proofs.de\/cs\/jahrestagung-deutsche-farbwissenschaftliche-gesellschaft-vom-7-9-oktober-an-der-tu-dresden\/#webpage"},"articleSection":"Allgemein, Deutsche farbwissenschaftliche Gesellschaft, DfwG, farbwissenschaftliche Gesellschaft"},{"@type":"BreadcrumbList","@id":"http:\/\/blog.proofs.de\/cs\/jahrestagung-deutsche-farbwissenschaftliche-gesellschaft-vom-7-9-oktober-an-der-tu-dresden\/#breadcrumblist","itemListElement":[{"@type":"ListItem","@id":"http:\/\/blog.proofs.de\/cs#listItem","position":1,"name":"Home","item":"http:\/\/blog.proofs.de\/cs","nextItem":{"@type":"ListItem","@id":"http:\/\/blog.proofs.de\/cs\/thema\/allgemein\/#listItem","name":"Allgemein"}},{"@type":"ListItem","@id":"http:\/\/blog.proofs.de\/cs\/thema\/allgemein\/#listItem","position":2,"name":"Allgemein","item":"http:\/\/blog.proofs.de\/cs\/thema\/allgemein\/","nextItem":{"@type":"ListItem","@id":"http:\/\/blog.proofs.de\/cs\/jahrestagung-deutsche-farbwissenschaftliche-gesellschaft-vom-7-9-oktober-an-der-tu-dresden\/#listItem","name":"Jahrestagung Deutsche farbwissenschaftliche Gesellschaft vom 7.-9. Oktober an der TU Dresden"},"previousItem":{"@type":"ListItem","@id":"http:\/\/blog.proofs.de\/cs#listItem","name":"Home"}},{"@type":"ListItem","@id":"http:\/\/blog.proofs.de\/cs\/jahrestagung-deutsche-farbwissenschaftliche-gesellschaft-vom-7-9-oktober-an-der-tu-dresden\/#listItem","position":3,"name":"Jahrestagung Deutsche farbwissenschaftliche Gesellschaft vom 7.-9. Oktober an der TU Dresden","previousItem":{"@type":"ListItem","@id":"http:\/\/blog.proofs.de\/cs\/thema\/allgemein\/#listItem","name":"Allgemein"}}]},{"@type":"Organization","@id":"http:\/\/blog.proofs.de\/cs\/#organization","name":"Proof GmbH","description":"Farbverbindlicher Proof, Farbproof, Digitalproof und Online-Proof.","url":"http:\/\/blog.proofs.de\/cs\/","telephone":"+4970717952740","logo":{"@type":"ImageObject","url":"https:\/\/blog1.proofen.de\/wp-content\/uploads\/2019\/09\/logo_proof_rgb_mit_balken_250px.png","@id":"http:\/\/blog.proofs.de\/cs\/jahrestagung-deutsche-farbwissenschaftliche-gesellschaft-vom-7-9-oktober-an-der-tu-dresden\/#organizationLogo"},"image":{"@id":"http:\/\/blog.proofs.de\/cs\/jahrestagung-deutsche-farbwissenschaftliche-gesellschaft-vom-7-9-oktober-an-der-tu-dresden\/#organizationLogo"},"sameAs":["https:\/\/www.facebook.com\/Proof.de\/","https:\/\/www.instagram.com\/proof.de\/","https:\/\/www.tiktok.com\/@proof_de","https:\/\/www.youtube.com\/channel\/UCk80fQVQ25wC9wu3SywB-Nw","https:\/\/www.linkedin.com\/company\/proof-de"]},{"@type":"Person","@id":"http:\/\/blog.proofs.de\/cs\/author\/mbetz\/#author","url":"http:\/\/blog.proofs.de\/cs\/author\/mbetz\/","name":"Matthias Betz","image":{"@type":"ImageObject","@id":"http:\/\/blog.proofs.de\/cs\/jahrestagung-deutsche-farbwissenschaftliche-gesellschaft-vom-7-9-oktober-an-der-tu-dresden\/#authorImage","url":"https:\/\/blog.proofs.de\/wp-content\/uploads\/2020\/10\/matthias-betz-e1603934518350-150x150.png","width":96,"height":96,"caption":"Matthias Betz"}},{"@type":"WebPage","@id":"http:\/\/blog.proofs.de\/cs\/jahrestagung-deutsche-farbwissenschaftliche-gesellschaft-vom-7-9-oktober-an-der-tu-dresden\/#webpage","url":"http:\/\/blog.proofs.de\/cs\/jahrestagung-deutsche-farbwissenschaftliche-gesellschaft-vom-7-9-oktober-an-der-tu-dresden\/","name":"Jahrestagung Deutsche farbwissenschaftliche Gesellschaft 2025 | proof.de","description":"Die Jahrestagung der Deutschen farbwissenschaftlichen Gesellschaft 2025 in Dresden wird vom der Proof GmbH mit einer Studierendenpatenschaft unterst\u00fctzt.","inLanguage":"cs-CZ","isPartOf":{"@id":"http:\/\/blog.proofs.de\/cs\/#website"},"breadcrumb":{"@id":"http:\/\/blog.proofs.de\/cs\/jahrestagung-deutsche-farbwissenschaftliche-gesellschaft-vom-7-9-oktober-an-der-tu-dresden\/#breadcrumblist"},"author":{"@id":"http:\/\/blog.proofs.de\/cs\/author\/mbetz\/#author"},"creator":{"@id":"http:\/\/blog.proofs.de\/cs\/author\/mbetz\/#author"},"image":{"@type":"ImageObject","url":"https:\/\/blog.proofs.de\/wp-content\/uploads\/2025\/09\/DfwG_logo_2023-1.png","@id":"http:\/\/blog.proofs.de\/cs\/jahrestagung-deutsche-farbwissenschaftliche-gesellschaft-vom-7-9-oktober-an-der-tu-dresden\/#mainImage","width":994,"height":600},"primaryImageOfPage":{"@id":"http:\/\/blog.proofs.de\/cs\/jahrestagung-deutsche-farbwissenschaftliche-gesellschaft-vom-7-9-oktober-an-der-tu-dresden\/#mainImage"},"datePublished":"2025-08-19T11:11:52+02:00","dateModified":"2025-09-19T11:13:54+02:00"},{"@type":"WebSite","@id":"http:\/\/blog.proofs.de\/cs\/#website","url":"http:\/\/blog.proofs.de\/cs\/","name":"Proof.de","description":"Farbverbindlicher Proof, Farbproof, Digitalproof und Online-Proof.","inLanguage":"cs-CZ","publisher":{"@id":"http:\/\/blog.proofs.de\/cs\/#organization"}}]},"og:locale":"cs_CZ","og:site_name":"Proof.de | Alles zu Proof, Farbmanagement, Grafik, Messtechnik &amp; Co.","og:type":"article","og:title":"Jahrestagung Deutsche farbwissenschaftliche Gesellschaft 2025 | proof.de","og:description":"Die Jahrestagung der Deutschen farbwissenschaftlichen Gesellschaft 2025 in Dresden wird vom der Proof GmbH mit einer Studierendenpatenschaft unterst\u00fctzt.","og:url":"http:\/\/blog.proofs.de\/cs\/jahrestagung-deutsche-farbwissenschaftliche-gesellschaft-vom-7-9-oktober-an-der-tu-dresden\/","og:image":"http:\/\/blog.proofs.de\/wp-content\/uploads\/2025\/09\/DfwG_logo_2023-1.png","og:image:width":994,"og:image:height":600,"article:published_time":"2025-08-19T09:11:52+00:00","article:modified_time":"2025-09-19T09:13:54+00:00","article:publisher":"https:\/\/www.facebook.com\/Proof.de\/","twitter:card":"summary","twitter:title":"Jahrestagung Deutsche farbwissenschaftliche Gesellschaft 2025 | proof.de","twitter:description":"Die Jahrestagung der Deutschen farbwissenschaftlichen Gesellschaft 2025 in Dresden wird vom der Proof GmbH mit einer Studierendenpatenschaft unterst\u00fctzt.","twitter:image":"https:\/\/blog.proofs.de\/wp-content\/uploads\/2025\/09\/DfwG_logo_2023-1.png"},"aioseo_meta_data":{"post_id":"6180","title":"V\u00fdro\u010dn\u00ed konference N\u011bmeck\u00e9 spole\u010dnosti pro v\u011bdu o barv\u00e1ch 2025 | proof.de","description":"V\u00fdro\u010dn\u00ed konference N\u011bmeck\u00e9 spole\u010dnosti pro v\u011bdu o barv\u00e1ch 2025 v Dr\u00e1\u017e\u010fanech je podporov\u00e1na z programu Proof GmbH prost\u0159ednictv\u00edm studentsk\u00e9ho sponzoringu.","keywords":null,"keyphrases":{"focus":{"keyphrase":"","score":0,"analysis":{"keyphraseInTitle":{"score":0,"maxScore":9,"error":1}}},"additional":[]},"primary_term":null,"canonical_url":null,"og_title":null,"og_description":null,"og_object_type":"default","og_image_type":"default","og_image_url":null,"og_image_width":null,"og_image_height":null,"og_image_custom_url":null,"og_image_custom_fields":null,"og_video":"","og_custom_url":null,"og_article_section":null,"og_article_tags":null,"twitter_use_og":true,"twitter_card":"default","twitter_image_type":"default","twitter_image_url":null,"twitter_image_custom_url":null,"twitter_image_custom_fields":null,"twitter_title":null,"twitter_description":null,"schema":{"blockGraphs":[],"customGraphs":[],"default":{"data":{"Article":[],"Course":[],"Dataset":[],"FAQPage":[],"Movie":[],"Person":[],"Product":[],"ProductReview":[],"Car":[],"Recipe":[],"Service":[],"SoftwareApplication":[],"WebPage":[]},"graphName":"Article","isEnabled":true},"graphs":[]},"schema_type":"default","schema_type_options":null,"pillar_content":false,"robots_default":true,"robots_noindex":false,"robots_noarchive":false,"robots_nosnippet":false,"robots_nofollow":false,"robots_noimageindex":false,"robots_noodp":false,"robots_notranslate":false,"robots_max_snippet":"-1","robots_max_videopreview":"-1","robots_max_imagepreview":"large","priority":null,"frequency":"default","local_seo":null,"breadcrumb_settings":null,"limit_modified_date":false,"ai":{"faqs":[],"keyPoints":[],"titles":[],"descriptions":[],"socialPosts":{"email":[],"linkedin":[],"twitter":[],"facebook":[],"instagram":[]}},"created":"2025-09-19 08:41:45","updated":"2025-09-19 09:22:08","seo_analyzer_scan_date":null,"focus_keyword":null,"additional_keywords":null,"truseo_locale":null},"_links":{"self":[{"href":"http:\/\/blog.proofs.de\/cs\/wp-json\/wp\/v2\/posts\/6180","targetHints":{"allow":["GET"]}}],"collection":[{"href":"http:\/\/blog.proofs.de\/cs\/wp-json\/wp\/v2\/posts"}],"about":[{"href":"http:\/\/blog.proofs.de\/cs\/wp-json\/wp\/v2\/types\/post"}],"author":[{"embeddable":true,"href":"http:\/\/blog.proofs.de\/cs\/wp-json\/wp\/v2\/users\/2"}],"replies":[{"embeddable":true,"href":"http:\/\/blog.proofs.de\/cs\/wp-json\/wp\/v2\/comments?post=6180"}],"version-history":[{"count":3,"href":"http:\/\/blog.proofs.de\/cs\/wp-json\/wp\/v2\/posts\/6180\/revisions"}],"predecessor-version":[{"id":6185,"href":"http:\/\/blog.proofs.de\/cs\/wp-json\/wp\/v2\/posts\/6180\/revisions\/6185"}],"wp:featuredmedia":[{"embeddable":true,"href":"http:\/\/blog.proofs.de\/cs\/wp-json\/wp\/v2\/media\/6182"}],"wp:attachment":[{"href":"http:\/\/blog.proofs.de\/cs\/wp-json\/wp\/v2\/media?parent=6180"}],"wp:term":[{"taxonomy":"category","embeddable":true,"href":"http:\/\/blog.proofs.de\/cs\/wp-json\/wp\/v2\/categories?post=6180"},{"taxonomy":"post_tag","embeddable":true,"href":"http:\/\/blog.proofs.de\/cs\/wp-json\/wp\/v2\/tags?post=6180"}],"curies":[{"name":"wp","href":"https:\/\/api.w.org\/{rel}","templated":true}]}}