{"id":2140,"date":"2018-09-02T02:06:53","date_gmt":"2018-09-02T00:06:53","guid":{"rendered":"http:\/\/www.proof.de\/?p=2140"},"modified":"2020-05-08T02:16:05","modified_gmt":"2020-05-08T00:16:05","slug":"members-meeting-free-colour-e-v-on-29-9-2018-in-tuebingen-2","status":"publish","type":"post","link":"http:\/\/blog.proofs.de\/da\/mitgliederversammlung-freiefarbe-e-v-am-29-9-2018-in-tuebingen\/","title":{"rendered":"Generalforsamling frieFarbe e.V. den 29.9.2018 i T\u00fcbingen"},"content":{"rendered":"<div class=\"kk-star-ratings kksr-auto kksr-align-right kksr-valign-top\" data-payload='{\"align\":\"right\",\"id\":\"2140\",\"slug\":\"default\",\"valign\":\"top\",\"ignore\":\"\",\"reference\":\"auto\",\"class\":\"\",\"count\":\"0\",\"legendonly\":\"\",\"readonly\":\"\",\"score\":\"0\",\"starsonly\":\"\",\"best\":\"5\",\"gap\":\"5\",\"greet\":\"Jetzt bewerten\",\"legend\":\"0\\\/5 - (0 votes)\",\"size\":\"24\",\"title\":\"Mitgliederversammlung freieFarbe e.V. am 29.9.2018 in T&uuml;bingen\",\"width\":\"0\",\"_legend\":\"{score}\\\/{best} - ({count} {votes})\",\"font_factor\":\"1.25\"}'>\n            \n<div class=\"kksr-stars\">\n    \n<div class=\"kksr-stars-inactive\">\n            <div class=\"kksr-star\" data-star=\"1\" style=\"padding-right: 5px\">\n            \n\n<div class=\"kksr-icon\" style=\"width: 24px; height: 24px;\"><\/div>\n        <\/div>\n            <div class=\"kksr-star\" data-star=\"2\" style=\"padding-right: 5px\">\n            \n\n<div class=\"kksr-icon\" style=\"width: 24px; height: 24px;\"><\/div>\n        <\/div>\n            <div class=\"kksr-star\" data-star=\"3\" style=\"padding-right: 5px\">\n            \n\n<div class=\"kksr-icon\" style=\"width: 24px; height: 24px;\"><\/div>\n        <\/div>\n            <div class=\"kksr-star\" data-star=\"4\" style=\"padding-right: 5px\">\n            \n\n<div class=\"kksr-icon\" style=\"width: 24px; height: 24px;\"><\/div>\n        <\/div>\n            <div class=\"kksr-star\" data-star=\"5\" style=\"padding-right: 5px\">\n            \n\n<div class=\"kksr-icon\" style=\"width: 24px; height: 24px;\"><\/div>\n        <\/div>\n    <\/div>\n    \n<div class=\"kksr-stars-active\" style=\"width: 0px;\">\n            <div class=\"kksr-star\" style=\"padding-right: 5px\">\n            \n\n<div class=\"kksr-icon\" style=\"width: 24px; height: 24px;\"><\/div>\n        <\/div>\n            <div class=\"kksr-star\" style=\"padding-right: 5px\">\n            \n\n<div class=\"kksr-icon\" style=\"width: 24px; height: 24px;\"><\/div>\n        <\/div>\n            <div class=\"kksr-star\" style=\"padding-right: 5px\">\n            \n\n<div class=\"kksr-icon\" style=\"width: 24px; height: 24px;\"><\/div>\n        <\/div>\n            <div class=\"kksr-star\" style=\"padding-right: 5px\">\n            \n\n<div class=\"kksr-icon\" style=\"width: 24px; height: 24px;\"><\/div>\n        <\/div>\n            <div class=\"kksr-star\" style=\"padding-right: 5px\">\n            \n\n<div class=\"kksr-icon\" style=\"width: 24px; height: 24px;\"><\/div>\n        <\/div>\n    <\/div>\n<\/div>\n                \n\n<div class=\"kksr-legend\" style=\"font-size: 19.2px;\">\n            <span class=\"kksr-muted\">Bed\u00f8m nu<\/span>\n    <\/div>\n    <\/div>\n<p><img loading=\"lazy\" decoding=\"async\" class=\"alignleft wp-image-2145\" src=\"https:\/\/blog1.proofen.de\/wp-content\/uploads\/2018\/09\/cropped-ff-logo-ev_400-1-300x68.png\" alt=\"\" width=\"200\" height=\"45\" srcset=\"https:\/\/blog.proofs.de\/wp-content\/uploads\/2018\/09\/cropped-ff-logo-ev_400-1-300x68.png 300w, https:\/\/blog.proofs.de\/wp-content\/uploads\/2018\/09\/cropped-ff-logo-ev_400-1.png 400w\" sizes=\"auto, (max-width: 200px) 100vw, 200px\">Die <a href=\"http:\/\/blog.proofs.de\/da\/lexikon\/proof\/\" target=\"_self\" title=\"Et proof (korrekt: kontraktproof) er en ISO 12647-7-certificeret proofinganordning til den grafiske industri. Et korrekturtryk simulerer farven ved offset- eller dybtryk p\u00e5 en farve- og juridisk bindende m\u00e5de inden for de sn\u00e6vre tolerancer i ISO-standarden.\" class=\"encyclopedia\">Bevis<\/a> GmbH er i \u00e5r v\u00e6rt for generalforsamlingen i foreningen freieFarbe e.V. i T\u00fcbingen. Da nogle af foreningens medlemmer allerede ankommer fredag, vil der blive afholdt et st\u00f8tteprogram f\u00f8r og efter det egentlige medlemsm\u00f8de om l\u00f8rdagen.<\/p>\n<p>Generalforsamlingen finder sted l\u00f8rdag fra kl. 10.30 til formentlig ca. 15.00 p\u00e5 G\u00f6lzstra\u00dfe 17 i T\u00fcbingen. Ud over formalia som valg af bestyrelse og kasseberetning skal der bl.a. dr\u00f8ftes den videre udvikling af den frie <a href=\"http:\/\/blog.proofs.de\/da\/lexikon\/hlc\/\" target=\"_self\" title=\"HLC er en velforst\u00e5elig repr\u00e6sentation af CIELAB-farverummet. Den lodrette L-akse er identisk her. Den horisontale position af en farveposition bestemmes af vinklen H i forhold til den positive a-akse (mod uret og i grader) og radius C, dvs. afstanden til L-aksen.\" class=\"encyclopedia\">HLC<\/a> Farveatlas, DIN SPEC 16699 \"Open Colour Communication\" og meget mere, som vi gerne vil udvikle og flytte i det kommende \u00e5r.<\/p>\n<p><img loading=\"lazy\" decoding=\"async\" class=\"alignleft size-large wp-image-2144\" src=\"https:\/\/blog1.proofen.de\/wp-content\/uploads\/2018\/09\/tubingen-2867769_1920-1024x683.jpg\" alt=\"Billede fra pixabay \/ Fotograf: maxmann\" width=\"584\" height=\"390\" srcset=\"https:\/\/blog.proofs.de\/wp-content\/uploads\/2018\/09\/tubingen-2867769_1920-1024x683.jpg 1024w, https:\/\/blog.proofs.de\/wp-content\/uploads\/2018\/09\/tubingen-2867769_1920-300x200.jpg 300w, https:\/\/blog.proofs.de\/wp-content\/uploads\/2018\/09\/tubingen-2867769_1920-768x512.jpg 768w, https:\/\/blog.proofs.de\/wp-content\/uploads\/2018\/09\/tubingen-2867769_1920-450x300.jpg 450w, https:\/\/blog.proofs.de\/wp-content\/uploads\/2018\/09\/tubingen-2867769_1920.jpg 1920w\" sizes=\"auto, (max-width: 584px) 100vw, 584px\"><\/p>\n<p>Alle medlemmer af foreningen er hjerteligt inviteret til T\u00fcbingen. Hvis du har brug for en overnatning, bedes du kontakte formanden Holger Everding (info@freiefarbe.de) eller Matthias Betz fra Proof GmbH (info@proof.de).<\/p>\n<p>T\u00fcbingen er let at n\u00e5 med alle transportmidler. Fra Stuttgart lufthavn k\u00f8rer der en bus til T\u00fcbingen hovedbaneg\u00e5rd hver halve time p\u00e5 hverdage. Det er ogs\u00e5 nemt at komme til T\u00fcbingen med tog eller fjernbus. Proof GmbH som m\u00f8dested for generalforsamlingen ligger kun f\u00e5 meter fra hovedvej B27, og der findes et parkeringshus lige bag bygningen. G\u00e5turen fra hovedbaneg\u00e5rden tager ca. 10 minutter.<\/p>\n<p><img loading=\"lazy\" decoding=\"async\" class=\"size-medium wp-image-2143 alignleft\" src=\"https:\/\/blog1.proofen.de\/wp-content\/uploads\/2018\/09\/Bildschirmfoto-2018-09-02-um-01.47.14-300x230.png\" alt='&quot;Almost Alive&quot; Kunsthalle T\u00fcbingen' width=\"300\" height=\"230\" srcset=\"https:\/\/blog.proofs.de\/wp-content\/uploads\/2018\/09\/Bildschirmfoto-2018-09-02-um-01.47.14-300x230.png 300w, https:\/\/blog.proofs.de\/wp-content\/uploads\/2018\/09\/Bildschirmfoto-2018-09-02-um-01.47.14-768x588.png 768w, https:\/\/blog.proofs.de\/wp-content\/uploads\/2018\/09\/Bildschirmfoto-2018-09-02-um-01.47.14-1024x785.png 1024w, https:\/\/blog.proofs.de\/wp-content\/uploads\/2018\/09\/Bildschirmfoto-2018-09-02-um-01.47.14-392x300.png 392w\" sizes=\"auto, (max-width: 300px) 100vw, 300px\"> <img loading=\"lazy\" decoding=\"async\" class=\"size-medium wp-image-2142 alignright\" src=\"https:\/\/blog1.proofen.de\/wp-content\/uploads\/2018\/09\/Bildschirmfoto-2018-09-02-um-01.47.34-300x230.png\" alt=\"Verdenskulturarv istidskunst T\u00fcbingen\" width=\"300\" height=\"230\" srcset=\"https:\/\/blog.proofs.de\/wp-content\/uploads\/2018\/09\/Bildschirmfoto-2018-09-02-um-01.47.34-300x230.png 300w, https:\/\/blog.proofs.de\/wp-content\/uploads\/2018\/09\/Bildschirmfoto-2018-09-02-um-01.47.34-768x588.png 768w, https:\/\/blog.proofs.de\/wp-content\/uploads\/2018\/09\/Bildschirmfoto-2018-09-02-um-01.47.34-1024x785.png 1024w, https:\/\/blog.proofs.de\/wp-content\/uploads\/2018\/09\/Bildschirmfoto-2018-09-02-um-01.47.34-392x300.png 392w\" sizes=\"auto, (max-width: 300px) 100vw, 300px\"><\/p>\n<p>Det sociale program med gode samtaler, st\u00e6vner p\u00e5 floden <a href=\"http:\/\/blog.proofs.de\/da\/lexikon\/nec\/\" target=\"_self\" title=\"Virksomheden NEC betragtes i \u00f8jeblikket som en af de mest kompetente producenter af bevismonitorer. Is\u00e6r NEC Spectraview-serien tilbyder sofistikeret sk\u00e6rmteknologi og smarte softwarel\u00f8sninger til farvebehandling af h\u00f8j kvalitet.\" class=\"encyclopedia\">Nec<\/a>kar, svabiske l\u00e6kkerier, guidede ture i byen og meget mere er ogs\u00e5 interessant for medrejsende partnere. Med udstillingerne \"ALMOST ALIVE\" i Kunsthalle T\u00fcbingen og UNESCO's udstilling p\u00e5 UNESCO's verdenskulturarv om menneskehedens f\u00f8rste kunstv\u00e6rker i T\u00fcbingen Slot kan man nyde to kulturelle h\u00f8jdepunkter i T\u00fcbingen.<\/p>\n<p>Fer Verein freieFarbe e.V. og Proof GmbH ser meget frem til din tilstedev\u00e6relse.<\/p>\n<p><a href=\"https:\/\/www.freiefarbe.de\">Du kan finde flere oplysninger om foreningen og freieFarbe e.V.'s m\u00e5l her.<\/a><\/p>\n<p>&nbsp;<\/p>","protected":false},"excerpt":{"rendered":"<p>I \u00e5r er Proof GmbH arrang\u00f8r af medlemsm\u00f8det for foreningen FreieFarbe e.V. i T\u00fcbingen. Da nogle af foreningens medlemmer ankommer om fredagen, vil der v\u00e6re et rammeprogram f\u00f8r og efter selve medlemsm\u00f8det om l\u00f8rdagen. Medlemsm\u00f8det finder sted l\u00f8rdag fra kl. 10.30 til ca. kl. 15.00 p\u00e5 G\u00f6lzstra\u00dfe 17 i T\u00fcbingen. Ud over formaliteter som valg af bestyrelse og kasserapport er der emner p\u00e5 dagsordenen som videreudvikling af FreieFarbe HLC Colour Atlas, DIN SPEC 16699 \"Open Colour Communication\" og meget mere, som vi vil diskutere n\u00e6ste \u00e5r. <\/p>\n<p class=\"read-more-container\"><a title=\"Generalforsamling frieFarbe e.V. den 29.9.2018 i T\u00fcbingen\" class=\"read-more button\" href=\"http:\/\/blog.proofs.de\/da\/mitgliederversammlung-freiefarbe-e-v-am-29-9-2018-in-tuebingen\/#more-2140\" aria-label=\"L\u00e6s mere om generalforsamlingen i freieFarbe e.V. den 29.9.2018 i T\u00fcbingen\">L\u00e6s mere her<\/a><\/p>","protected":false},"author":2,"featured_media":2157,"comment_status":"open","ping_status":"open","sticky":false,"template":"","format":"standard","meta":{"om_disable_all_campaigns":false,"inline_featured_image":false,"_monsterinsights_skip_tracking":false,"footnotes":""},"categories":[1],"tags":[679,680,803,539],"class_list":["post-2140","post","type-post","status-publish","format-standard","has-post-thumbnail","hentry","category-allgemein","tag-freiefarbe","tag-freiefarbe-e-v","tag-mitgliederversammlung","tag-proof-gmbh","generate-columns","tablet-grid-50","mobile-grid-100","grid-parent","grid-50","no-featured-image-padding","resize-featured-image"],"aioseo_notices":[],"aioseo_head":"\n\t\t<!-- All in One SEO 5.0.1.1 - aioseo.com -->\n\t<meta name=\"description\" content=\"Die Proof GmbH richtet in diesem Jahr die Mitgliederversammlung des Vereins freieFarbe e.V. in T\u00fcbingen aus und bietet ein Rahmenprogramm um die MGV an.\" \/>\n\t<meta name=\"robots\" content=\"max-image-preview:large\" \/>\n\t<meta name=\"author\" content=\"Matthias Betz\"\/>\n\t<meta name=\"google-site-verification\" content=\"TuXxyRwxcEg2-WfOaQ8vScWQh3-uBAnxXmY7g3GT90A\" \/>\n\t<meta name=\"keywords\" content=\"freiefarbe,freiefarbe e.v.,mitgliederversammlung,proof gmbh\" \/>\n\t<link rel=\"canonical\" href=\"http:\/\/blog.proofs.de\/da\/mitgliederversammlung-freiefarbe-e-v-am-29-9-2018-in-tuebingen\/\" \/>\n\t<meta name=\"generator\" content=\"All in One SEO (AIOSEO) 5.0.1.1\" \/>\n\n\t\t<meta name=\"seobility\" content=\"593a8578143db71543f014978c690d47\">\n\t\t<meta property=\"og:locale\" content=\"da_DK\" \/>\n\t\t<meta property=\"og:site_name\" content=\"Proof.de | Alles zu Proof, Farbmanagement, Grafik, Messtechnik &amp; Co.\" \/>\n\t\t<meta property=\"og:type\" content=\"article\" \/>\n\t\t<meta property=\"og:title\" content=\"Mitgliederversammlung freieFarbe in T\u00fcbingen | proof.de\" \/>\n\t\t<meta property=\"og:description\" content=\"Die Proof GmbH richtet in diesem Jahr die Mitgliederversammlung des Vereins freieFarbe e.V. in T\u00fcbingen aus und bietet ein Rahmenprogramm um die MGV an.\" \/>\n\t\t<meta property=\"og:url\" content=\"http:\/\/blog.proofs.de\/da\/mitgliederversammlung-freiefarbe-e-v-am-29-9-2018-in-tuebingen\/\" \/>\n\t\t<meta property=\"og:image\" content=\"http:\/\/blog.proofs.de\/wp-content\/uploads\/2018\/10\/stocherkahn-1140x550.jpg\" \/>\n\t\t<meta property=\"og:image:width\" content=\"1140\" \/>\n\t\t<meta property=\"og:image:height\" content=\"550\" \/>\n\t\t<meta property=\"article:published_time\" content=\"2018-09-02T00:06:53+00:00\" \/>\n\t\t<meta property=\"article:modified_time\" content=\"2020-05-08T00:16:05+00:00\" \/>\n\t\t<meta property=\"article:publisher\" content=\"https:\/\/www.facebook.com\/Proof.de\/\" \/>\n\t\t<meta name=\"twitter:card\" content=\"summary\" \/>\n\t\t<meta name=\"twitter:title\" content=\"Mitgliederversammlung freieFarbe in T\u00fcbingen | proof.de\" \/>\n\t\t<meta name=\"twitter:description\" content=\"Die Proof GmbH richtet in diesem Jahr die Mitgliederversammlung des Vereins freieFarbe e.V. in T\u00fcbingen aus und bietet ein Rahmenprogramm um die MGV an.\" \/>\n\t\t<meta name=\"twitter:image\" content=\"https:\/\/blog1.proofen.de\/wp-content\/uploads\/2020\/04\/proof_background.jpg\" \/>\n\t\t<script type=\"application\/ld+json\" class=\"aioseo-schema\">\n\t\t\t{\"@context\":\"https:\\\/\\\/schema.org\",\"@graph\":[{\"@type\":\"Article\",\"@id\":\"http:\\\/\\\/blog.proofs.de\\\/da\\\/mitgliederversammlung-freiefarbe-e-v-am-29-9-2018-in-tuebingen\\\/#article\",\"name\":\"Mitgliederversammlung freieFarbe in T\\u00fcbingen | proof.de\",\"headline\":\"Mitgliederversammlung freieFarbe e.V. am 29.9.2018 in T\\u00fcbingen\",\"author\":{\"@id\":\"http:\\\/\\\/blog.proofs.de\\\/da\\\/author\\\/mbetz\\\/#author\"},\"publisher\":{\"@id\":\"http:\\\/\\\/blog.proofs.de\\\/da\\\/#organization\"},\"image\":{\"@type\":\"ImageObject\",\"url\":\"https:\\\/\\\/blog.proofs.de\\\/wp-content\\\/uploads\\\/2018\\\/10\\\/stocherkahn-1140x550.jpg\",\"width\":1140,\"height\":550,\"caption\":\"freieFarbe e.V. Mitgliederversammlung 2018: Gemeinsames Stochern auf dem Neckar in T\\u00fcbingen\"},\"datePublished\":\"2018-09-02T02:06:53+02:00\",\"dateModified\":\"2020-05-08T02:16:05+02:00\",\"inLanguage\":\"da-DK\",\"mainEntityOfPage\":{\"@id\":\"http:\\\/\\\/blog.proofs.de\\\/da\\\/mitgliederversammlung-freiefarbe-e-v-am-29-9-2018-in-tuebingen\\\/#webpage\"},\"isPartOf\":{\"@id\":\"http:\\\/\\\/blog.proofs.de\\\/da\\\/mitgliederversammlung-freiefarbe-e-v-am-29-9-2018-in-tuebingen\\\/#webpage\"},\"articleSection\":\"Allgemein, freieFarbe, freieFarbe e.V., Mitgliederversammlung, Proof GmbH\"},{\"@type\":\"BreadcrumbList\",\"@id\":\"http:\\\/\\\/blog.proofs.de\\\/da\\\/mitgliederversammlung-freiefarbe-e-v-am-29-9-2018-in-tuebingen\\\/#breadcrumblist\",\"itemListElement\":[{\"@type\":\"ListItem\",\"@id\":\"http:\\\/\\\/blog.proofs.de\\\/da#listItem\",\"position\":1,\"name\":\"Home\",\"item\":\"http:\\\/\\\/blog.proofs.de\\\/da\",\"nextItem\":{\"@type\":\"ListItem\",\"@id\":\"http:\\\/\\\/blog.proofs.de\\\/da\\\/thema\\\/allgemein\\\/#listItem\",\"name\":\"Allgemein\"}},{\"@type\":\"ListItem\",\"@id\":\"http:\\\/\\\/blog.proofs.de\\\/da\\\/thema\\\/allgemein\\\/#listItem\",\"position\":2,\"name\":\"Allgemein\",\"item\":\"http:\\\/\\\/blog.proofs.de\\\/da\\\/thema\\\/allgemein\\\/\",\"nextItem\":{\"@type\":\"ListItem\",\"@id\":\"http:\\\/\\\/blog.proofs.de\\\/da\\\/mitgliederversammlung-freiefarbe-e-v-am-29-9-2018-in-tuebingen\\\/#listItem\",\"name\":\"Mitgliederversammlung freieFarbe e.V. am 29.9.2018 in T\\u00fcbingen\"},\"previousItem\":{\"@type\":\"ListItem\",\"@id\":\"http:\\\/\\\/blog.proofs.de\\\/da#listItem\",\"name\":\"Home\"}},{\"@type\":\"ListItem\",\"@id\":\"http:\\\/\\\/blog.proofs.de\\\/da\\\/mitgliederversammlung-freiefarbe-e-v-am-29-9-2018-in-tuebingen\\\/#listItem\",\"position\":3,\"name\":\"Mitgliederversammlung freieFarbe e.V. am 29.9.2018 in T\\u00fcbingen\",\"previousItem\":{\"@type\":\"ListItem\",\"@id\":\"http:\\\/\\\/blog.proofs.de\\\/da\\\/thema\\\/allgemein\\\/#listItem\",\"name\":\"Allgemein\"}}]},{\"@type\":\"Organization\",\"@id\":\"http:\\\/\\\/blog.proofs.de\\\/da\\\/#organization\",\"name\":\"Proof GmbH\",\"description\":\"Farbverbindlicher Proof, Farbproof, Digitalproof und Online-Proof.\",\"url\":\"http:\\\/\\\/blog.proofs.de\\\/da\\\/\",\"telephone\":\"+4970717952740\",\"logo\":{\"@type\":\"ImageObject\",\"url\":\"https:\\\/\\\/blog1.proofen.de\\\/wp-content\\\/uploads\\\/2019\\\/09\\\/logo_proof_rgb_mit_balken_250px.png\",\"@id\":\"http:\\\/\\\/blog.proofs.de\\\/da\\\/mitgliederversammlung-freiefarbe-e-v-am-29-9-2018-in-tuebingen\\\/#organizationLogo\"},\"image\":{\"@id\":\"http:\\\/\\\/blog.proofs.de\\\/da\\\/mitgliederversammlung-freiefarbe-e-v-am-29-9-2018-in-tuebingen\\\/#organizationLogo\"},\"sameAs\":[\"https:\\\/\\\/www.facebook.com\\\/Proof.de\\\/\",\"https:\\\/\\\/www.instagram.com\\\/proof.de\\\/\",\"https:\\\/\\\/www.tiktok.com\\\/@proof_de\",\"https:\\\/\\\/www.youtube.com\\\/channel\\\/UCk80fQVQ25wC9wu3SywB-Nw\",\"https:\\\/\\\/www.linkedin.com\\\/company\\\/proof-de\"]},{\"@type\":\"Person\",\"@id\":\"http:\\\/\\\/blog.proofs.de\\\/da\\\/author\\\/mbetz\\\/#author\",\"url\":\"http:\\\/\\\/blog.proofs.de\\\/da\\\/author\\\/mbetz\\\/\",\"name\":\"Matthias Betz\",\"image\":{\"@type\":\"ImageObject\",\"@id\":\"http:\\\/\\\/blog.proofs.de\\\/da\\\/mitgliederversammlung-freiefarbe-e-v-am-29-9-2018-in-tuebingen\\\/#authorImage\",\"url\":\"https:\\\/\\\/blog.proofs.de\\\/wp-content\\\/uploads\\\/2020\\\/10\\\/matthias-betz-e1603934518350-150x150.png\",\"width\":96,\"height\":96,\"caption\":\"Matthias Betz\"}},{\"@type\":\"WebPage\",\"@id\":\"http:\\\/\\\/blog.proofs.de\\\/da\\\/mitgliederversammlung-freiefarbe-e-v-am-29-9-2018-in-tuebingen\\\/#webpage\",\"url\":\"http:\\\/\\\/blog.proofs.de\\\/da\\\/mitgliederversammlung-freiefarbe-e-v-am-29-9-2018-in-tuebingen\\\/\",\"name\":\"Mitgliederversammlung freieFarbe in T\\u00fcbingen | proof.de\",\"description\":\"Die Proof GmbH richtet in diesem Jahr die Mitgliederversammlung des Vereins freieFarbe e.V. in T\\u00fcbingen aus und bietet ein Rahmenprogramm um die MGV an.\",\"inLanguage\":\"da-DK\",\"isPartOf\":{\"@id\":\"http:\\\/\\\/blog.proofs.de\\\/da\\\/#website\"},\"breadcrumb\":{\"@id\":\"http:\\\/\\\/blog.proofs.de\\\/da\\\/mitgliederversammlung-freiefarbe-e-v-am-29-9-2018-in-tuebingen\\\/#breadcrumblist\"},\"author\":{\"@id\":\"http:\\\/\\\/blog.proofs.de\\\/da\\\/author\\\/mbetz\\\/#author\"},\"creator\":{\"@id\":\"http:\\\/\\\/blog.proofs.de\\\/da\\\/author\\\/mbetz\\\/#author\"},\"image\":{\"@type\":\"ImageObject\",\"url\":\"https:\\\/\\\/blog.proofs.de\\\/wp-content\\\/uploads\\\/2018\\\/10\\\/stocherkahn-1140x550.jpg\",\"@id\":\"http:\\\/\\\/blog.proofs.de\\\/da\\\/mitgliederversammlung-freiefarbe-e-v-am-29-9-2018-in-tuebingen\\\/#mainImage\",\"width\":1140,\"height\":550,\"caption\":\"freieFarbe e.V. Mitgliederversammlung 2018: Gemeinsames Stochern auf dem Neckar in T\\u00fcbingen\"},\"primaryImageOfPage\":{\"@id\":\"http:\\\/\\\/blog.proofs.de\\\/da\\\/mitgliederversammlung-freiefarbe-e-v-am-29-9-2018-in-tuebingen\\\/#mainImage\"},\"datePublished\":\"2018-09-02T02:06:53+02:00\",\"dateModified\":\"2020-05-08T02:16:05+02:00\"},{\"@type\":\"WebSite\",\"@id\":\"http:\\\/\\\/blog.proofs.de\\\/da\\\/#website\",\"url\":\"http:\\\/\\\/blog.proofs.de\\\/da\\\/\",\"name\":\"Proof.de\",\"description\":\"Farbverbindlicher Proof, Farbproof, Digitalproof und Online-Proof.\",\"inLanguage\":\"da-DK\",\"publisher\":{\"@id\":\"http:\\\/\\\/blog.proofs.de\\\/da\\\/#organization\"}}]}\n\t\t<\/script>\n\t\t<!-- All in One SEO -->\n\n","aioseo_head_json":{"title":"Medlemsm\u00f8de freieFarbe i T\u00fcbingen | proof.de","description":"I \u00e5r er Proof GmbH v\u00e6rt for generalforsamlingen i foreningen freieFarbe e.V. i T\u00fcbingen og tilbyder et st\u00f8tteprogram omkring MGV.","canonical_url":"http:\/\/blog.proofs.de\/da\/mitgliederversammlung-freiefarbe-e-v-am-29-9-2018-in-tuebingen\/","robots":"max-image-preview:large","keywords":"freiefarbe,freiefarbe e.v.,mitgliederversammlung,proof gmbh","webmasterTools":{"google-site-verification":"TuXxyRwxcEg2-WfOaQ8vScWQh3-uBAnxXmY7g3GT90A","miscellaneous":"&lt;meta name=\"seobility\" content=\"593a8578143db71543f014978c690d47\"&gt;"},"schema":{"@context":"https:\/\/schema.org","@graph":[{"@type":"Article","@id":"http:\/\/blog.proofs.de\/da\/mitgliederversammlung-freiefarbe-e-v-am-29-9-2018-in-tuebingen\/#article","name":"Mitgliederversammlung freieFarbe in T\u00fcbingen | proof.de","headline":"Mitgliederversammlung freieFarbe e.V. am 29.9.2018 in T\u00fcbingen","author":{"@id":"http:\/\/blog.proofs.de\/da\/author\/mbetz\/#author"},"publisher":{"@id":"http:\/\/blog.proofs.de\/da\/#organization"},"image":{"@type":"ImageObject","url":"https:\/\/blog.proofs.de\/wp-content\/uploads\/2018\/10\/stocherkahn-1140x550.jpg","width":1140,"height":550,"caption":"freieFarbe e.V. Mitgliederversammlung 2018: Gemeinsames Stochern auf dem Neckar in T\u00fcbingen"},"datePublished":"2018-09-02T02:06:53+02:00","dateModified":"2020-05-08T02:16:05+02:00","inLanguage":"da-DK","mainEntityOfPage":{"@id":"http:\/\/blog.proofs.de\/da\/mitgliederversammlung-freiefarbe-e-v-am-29-9-2018-in-tuebingen\/#webpage"},"isPartOf":{"@id":"http:\/\/blog.proofs.de\/da\/mitgliederversammlung-freiefarbe-e-v-am-29-9-2018-in-tuebingen\/#webpage"},"articleSection":"Allgemein, freieFarbe, freieFarbe e.V., Mitgliederversammlung, Proof GmbH"},{"@type":"BreadcrumbList","@id":"http:\/\/blog.proofs.de\/da\/mitgliederversammlung-freiefarbe-e-v-am-29-9-2018-in-tuebingen\/#breadcrumblist","itemListElement":[{"@type":"ListItem","@id":"http:\/\/blog.proofs.de\/da#listItem","position":1,"name":"Home","item":"http:\/\/blog.proofs.de\/da","nextItem":{"@type":"ListItem","@id":"http:\/\/blog.proofs.de\/da\/thema\/allgemein\/#listItem","name":"Allgemein"}},{"@type":"ListItem","@id":"http:\/\/blog.proofs.de\/da\/thema\/allgemein\/#listItem","position":2,"name":"Allgemein","item":"http:\/\/blog.proofs.de\/da\/thema\/allgemein\/","nextItem":{"@type":"ListItem","@id":"http:\/\/blog.proofs.de\/da\/mitgliederversammlung-freiefarbe-e-v-am-29-9-2018-in-tuebingen\/#listItem","name":"Mitgliederversammlung freieFarbe e.V. am 29.9.2018 in T\u00fcbingen"},"previousItem":{"@type":"ListItem","@id":"http:\/\/blog.proofs.de\/da#listItem","name":"Home"}},{"@type":"ListItem","@id":"http:\/\/blog.proofs.de\/da\/mitgliederversammlung-freiefarbe-e-v-am-29-9-2018-in-tuebingen\/#listItem","position":3,"name":"Mitgliederversammlung freieFarbe e.V. am 29.9.2018 in T\u00fcbingen","previousItem":{"@type":"ListItem","@id":"http:\/\/blog.proofs.de\/da\/thema\/allgemein\/#listItem","name":"Allgemein"}}]},{"@type":"Organization","@id":"http:\/\/blog.proofs.de\/da\/#organization","name":"Proof GmbH","description":"Farbverbindlicher Proof, Farbproof, Digitalproof und Online-Proof.","url":"http:\/\/blog.proofs.de\/da\/","telephone":"+4970717952740","logo":{"@type":"ImageObject","url":"https:\/\/blog1.proofen.de\/wp-content\/uploads\/2019\/09\/logo_proof_rgb_mit_balken_250px.png","@id":"http:\/\/blog.proofs.de\/da\/mitgliederversammlung-freiefarbe-e-v-am-29-9-2018-in-tuebingen\/#organizationLogo"},"image":{"@id":"http:\/\/blog.proofs.de\/da\/mitgliederversammlung-freiefarbe-e-v-am-29-9-2018-in-tuebingen\/#organizationLogo"},"sameAs":["https:\/\/www.facebook.com\/Proof.de\/","https:\/\/www.instagram.com\/proof.de\/","https:\/\/www.tiktok.com\/@proof_de","https:\/\/www.youtube.com\/channel\/UCk80fQVQ25wC9wu3SywB-Nw","https:\/\/www.linkedin.com\/company\/proof-de"]},{"@type":"Person","@id":"http:\/\/blog.proofs.de\/da\/author\/mbetz\/#author","url":"http:\/\/blog.proofs.de\/da\/author\/mbetz\/","name":"Matthias Betz","image":{"@type":"ImageObject","@id":"http:\/\/blog.proofs.de\/da\/mitgliederversammlung-freiefarbe-e-v-am-29-9-2018-in-tuebingen\/#authorImage","url":"https:\/\/blog.proofs.de\/wp-content\/uploads\/2020\/10\/matthias-betz-e1603934518350-150x150.png","width":96,"height":96,"caption":"Matthias Betz"}},{"@type":"WebPage","@id":"http:\/\/blog.proofs.de\/da\/mitgliederversammlung-freiefarbe-e-v-am-29-9-2018-in-tuebingen\/#webpage","url":"http:\/\/blog.proofs.de\/da\/mitgliederversammlung-freiefarbe-e-v-am-29-9-2018-in-tuebingen\/","name":"Mitgliederversammlung freieFarbe in T\u00fcbingen | proof.de","description":"Die Proof GmbH richtet in diesem Jahr die Mitgliederversammlung des Vereins freieFarbe e.V. in T\u00fcbingen aus und bietet ein Rahmenprogramm um die MGV an.","inLanguage":"da-DK","isPartOf":{"@id":"http:\/\/blog.proofs.de\/da\/#website"},"breadcrumb":{"@id":"http:\/\/blog.proofs.de\/da\/mitgliederversammlung-freiefarbe-e-v-am-29-9-2018-in-tuebingen\/#breadcrumblist"},"author":{"@id":"http:\/\/blog.proofs.de\/da\/author\/mbetz\/#author"},"creator":{"@id":"http:\/\/blog.proofs.de\/da\/author\/mbetz\/#author"},"image":{"@type":"ImageObject","url":"https:\/\/blog.proofs.de\/wp-content\/uploads\/2018\/10\/stocherkahn-1140x550.jpg","@id":"http:\/\/blog.proofs.de\/da\/mitgliederversammlung-freiefarbe-e-v-am-29-9-2018-in-tuebingen\/#mainImage","width":1140,"height":550,"caption":"freieFarbe e.V. Mitgliederversammlung 2018: Gemeinsames Stochern auf dem Neckar in T\u00fcbingen"},"primaryImageOfPage":{"@id":"http:\/\/blog.proofs.de\/da\/mitgliederversammlung-freiefarbe-e-v-am-29-9-2018-in-tuebingen\/#mainImage"},"datePublished":"2018-09-02T02:06:53+02:00","dateModified":"2020-05-08T02:16:05+02:00"},{"@type":"WebSite","@id":"http:\/\/blog.proofs.de\/da\/#website","url":"http:\/\/blog.proofs.de\/da\/","name":"Proof.de","description":"Farbverbindlicher Proof, Farbproof, Digitalproof und Online-Proof.","inLanguage":"da-DK","publisher":{"@id":"http:\/\/blog.proofs.de\/da\/#organization"}}]},"og:locale":"da_DK","og:site_name":"Proof.de | Alles zu Proof, Farbmanagement, Grafik, Messtechnik &amp; Co.","og:type":"article","og:title":"Mitgliederversammlung freieFarbe in T\u00fcbingen | proof.de","og:description":"Die Proof GmbH richtet in diesem Jahr die Mitgliederversammlung des Vereins freieFarbe e.V. in T\u00fcbingen aus und bietet ein Rahmenprogramm um die MGV an.","og:url":"http:\/\/blog.proofs.de\/da\/mitgliederversammlung-freiefarbe-e-v-am-29-9-2018-in-tuebingen\/","og:image":"http:\/\/blog.proofs.de\/wp-content\/uploads\/2018\/10\/stocherkahn-1140x550.jpg","og:image:width":1140,"og:image:height":550,"article:published_time":"2018-09-02T00:06:53+00:00","article:modified_time":"2020-05-08T00:16:05+00:00","article:publisher":"https:\/\/www.facebook.com\/Proof.de\/","twitter:card":"summary","twitter:title":"Mitgliederversammlung freieFarbe in T\u00fcbingen | proof.de","twitter:description":"Die Proof GmbH richtet in diesem Jahr die Mitgliederversammlung des Vereins freieFarbe e.V. in T\u00fcbingen aus und bietet ein Rahmenprogramm um die MGV an.","twitter:image":"https:\/\/blog1.proofen.de\/wp-content\/uploads\/2020\/04\/proof_background.jpg"},"aioseo_meta_data":{"post_id":"2140","title":"Mitgliederversammlung freieFarbe in T\u00fcbingen |\u00a0proof.de","description":"I \u00e5r er Proof GmbH v\u00e6rt for generalforsamlingen i foreningen freieFarbe e.V. i T\u00fcbingen og tilbyder et st\u00f8tteprogram omkring MGV.","keywords":null,"keyphrases":null,"primary_term":null,"canonical_url":null,"og_title":null,"og_description":null,"og_object_type":"default","og_image_type":"default","og_image_url":null,"og_image_width":null,"og_image_height":null,"og_image_custom_url":null,"og_image_custom_fields":null,"og_video":null,"og_custom_url":null,"og_article_section":null,"og_article_tags":null,"twitter_use_og":false,"twitter_card":"default","twitter_image_type":"default","twitter_image_url":null,"twitter_image_custom_url":null,"twitter_image_custom_fields":null,"twitter_title":null,"twitter_description":null,"schema":{"blockGraphs":[],"customGraphs":[],"default":{"data":{"Article":[],"Course":[],"Dataset":[],"FAQPage":[],"Movie":[],"Person":[],"Product":[],"ProductReview":[],"Car":[],"Recipe":[],"Service":[],"SoftwareApplication":[],"WebPage":[]},"graphName":"","isEnabled":true},"graphs":[],"defaultGraph":"","defaultPostTypeGraph":""},"schema_type":null,"schema_type_options":null,"pillar_content":false,"robots_default":true,"robots_noindex":false,"robots_noarchive":false,"robots_nosnippet":false,"robots_nofollow":false,"robots_noimageindex":false,"robots_noodp":false,"robots_notranslate":false,"robots_max_snippet":null,"robots_max_videopreview":null,"robots_max_imagepreview":"large","priority":null,"frequency":null,"local_seo":null,"breadcrumb_settings":null,"limit_modified_date":false,"ai":null,"created":"2020-12-21 00:33:58","updated":"2025-06-04 14:23:05","seo_analyzer_scan_date":null,"focus_keyword":null,"additional_keywords":null,"truseo_locale":null},"_links":{"self":[{"href":"http:\/\/blog.proofs.de\/da\/wp-json\/wp\/v2\/posts\/2140","targetHints":{"allow":["GET"]}}],"collection":[{"href":"http:\/\/blog.proofs.de\/da\/wp-json\/wp\/v2\/posts"}],"about":[{"href":"http:\/\/blog.proofs.de\/da\/wp-json\/wp\/v2\/types\/post"}],"author":[{"embeddable":true,"href":"http:\/\/blog.proofs.de\/da\/wp-json\/wp\/v2\/users\/2"}],"replies":[{"embeddable":true,"href":"http:\/\/blog.proofs.de\/da\/wp-json\/wp\/v2\/comments?post=2140"}],"version-history":[{"count":6,"href":"http:\/\/blog.proofs.de\/da\/wp-json\/wp\/v2\/posts\/2140\/revisions"}],"predecessor-version":[{"id":3666,"href":"http:\/\/blog.proofs.de\/da\/wp-json\/wp\/v2\/posts\/2140\/revisions\/3666"}],"wp:featuredmedia":[{"embeddable":true,"href":"http:\/\/blog.proofs.de\/da\/wp-json\/wp\/v2\/media\/2157"}],"wp:attachment":[{"href":"http:\/\/blog.proofs.de\/da\/wp-json\/wp\/v2\/media?parent=2140"}],"wp:term":[{"taxonomy":"category","embeddable":true,"href":"http:\/\/blog.proofs.de\/da\/wp-json\/wp\/v2\/categories?post=2140"},{"taxonomy":"post_tag","embeddable":true,"href":"http:\/\/blog.proofs.de\/da\/wp-json\/wp\/v2\/tags?post=2140"}],"curies":[{"name":"wp","href":"https:\/\/api.w.org\/{rel}","templated":true}]}}