{"id":2496,"date":"2019-10-11T01:48:02","date_gmt":"2019-10-10T23:48:02","guid":{"rendered":"https:\/\/www.proof.de\/?p=2496"},"modified":"2023-07-20T09:26:34","modified_gmt":"2023-07-20T07:26:34","slug":"schoen-var-medlemmernes-mode-2019-af-fri-farve-e-v-i-schweiz","status":"publish","type":"post","link":"http:\/\/blog.proofs.de\/da\/schoen-wars-die-mitgliederversammlung-2019-von-freiefarbe-e-v-in-der-schweiz\/","title":{"rendered":"Det var hyggeligt: Generalforsamling 2019 i Schweiz for freieFarbe e.V."},"content":{"rendered":"<div class=\"kk-star-ratings kksr-auto kksr-align-right kksr-valign-top\" data-payload='{\"align\":\"right\",\"id\":\"2496\",\"slug\":\"default\",\"valign\":\"top\",\"ignore\":\"\",\"reference\":\"auto\",\"class\":\"\",\"count\":\"0\",\"legendonly\":\"\",\"readonly\":\"\",\"score\":\"0\",\"starsonly\":\"\",\"best\":\"5\",\"gap\":\"5\",\"greet\":\"Jetzt bewerten\",\"legend\":\"0\\\/5 - (0 votes)\",\"size\":\"24\",\"title\":\"Sch&ouml;n war\\u0026#039;s: Die Mitgliederversammlung 2019 von freieFarbe e.V. in der Schweiz\",\"width\":\"0\",\"_legend\":\"{score}\\\/{best} - ({count} {votes})\",\"font_factor\":\"1.25\"}'>\n            \n<div class=\"kksr-stars\">\n    \n<div class=\"kksr-stars-inactive\">\n            <div class=\"kksr-star\" data-star=\"1\" style=\"padding-right: 5px\">\n            \n\n<div class=\"kksr-icon\" style=\"width: 24px; height: 24px;\"><\/div>\n        <\/div>\n            <div class=\"kksr-star\" data-star=\"2\" style=\"padding-right: 5px\">\n            \n\n<div class=\"kksr-icon\" style=\"width: 24px; height: 24px;\"><\/div>\n        <\/div>\n            <div class=\"kksr-star\" data-star=\"3\" style=\"padding-right: 5px\">\n            \n\n<div class=\"kksr-icon\" style=\"width: 24px; height: 24px;\"><\/div>\n        <\/div>\n            <div class=\"kksr-star\" data-star=\"4\" style=\"padding-right: 5px\">\n            \n\n<div class=\"kksr-icon\" style=\"width: 24px; height: 24px;\"><\/div>\n        <\/div>\n            <div class=\"kksr-star\" data-star=\"5\" style=\"padding-right: 5px\">\n            \n\n<div class=\"kksr-icon\" style=\"width: 24px; height: 24px;\"><\/div>\n        <\/div>\n    <\/div>\n    \n<div class=\"kksr-stars-active\" style=\"width: 0px;\">\n            <div class=\"kksr-star\" style=\"padding-right: 5px\">\n            \n\n<div class=\"kksr-icon\" style=\"width: 24px; height: 24px;\"><\/div>\n        <\/div>\n            <div class=\"kksr-star\" style=\"padding-right: 5px\">\n            \n\n<div class=\"kksr-icon\" style=\"width: 24px; height: 24px;\"><\/div>\n        <\/div>\n            <div class=\"kksr-star\" style=\"padding-right: 5px\">\n            \n\n<div class=\"kksr-icon\" style=\"width: 24px; height: 24px;\"><\/div>\n        <\/div>\n            <div class=\"kksr-star\" style=\"padding-right: 5px\">\n            \n\n<div class=\"kksr-icon\" style=\"width: 24px; height: 24px;\"><\/div>\n        <\/div>\n            <div class=\"kksr-star\" style=\"padding-right: 5px\">\n            \n\n<div class=\"kksr-icon\" style=\"width: 24px; height: 24px;\"><\/div>\n        <\/div>\n    <\/div>\n<\/div>\n                \n\n<div class=\"kksr-legend\" style=\"font-size: 19.2px;\">\n            <span class=\"kksr-muted\">Bed\u00f8m nu<\/span>\n    <\/div>\n    <\/div>\n\n<p class=\"wp-block-paragraph\">Efter at foreningen freieFarbe e.V. sidste \u00e5r m\u00f8dtes i T\u00fcbingen til den \u00e5rlige generalforsamling, m\u00f8dtes vi i \u00e5r i en rustik hytte i Appenzeller Land, som Peter J\u00e4ger fra pre2media og Eric A. Soder fra pixsource.com havde valgt fremragende, ligesom det solrige vejr, der skulle ledsage os fra fredag til s\u00f8ndag.<\/p>\n\n\n<div class=\"wp-block-image\">\n<figure class=\"alignright is-resized\"><a href=\"https:\/\/blog1.proofen.de\/wp-content\/uploads\/2019\/10\/gv02.jpg\" target=\"_blank\" rel=\"noreferrer noopener\"><img loading=\"lazy\" decoding=\"async\" src=\"https:\/\/blog1.proofen.de\/wp-content\/uploads\/2019\/10\/gv02-1024x768.jpg\" alt=\"freieFarbe e.V. Generalforsamling 2019: Vores indkvartering i de schweiziske bjerge\" class=\"wp-image-2503\" width=\"512\" height=\"384\" srcset=\"https:\/\/blog.proofs.de\/wp-content\/uploads\/2019\/10\/gv02-1024x768.jpg 1024w, https:\/\/blog.proofs.de\/wp-content\/uploads\/2019\/10\/gv02-300x225.jpg 300w, https:\/\/blog.proofs.de\/wp-content\/uploads\/2019\/10\/gv02-768x576.jpg 768w, https:\/\/blog.proofs.de\/wp-content\/uploads\/2019\/10\/gv02-400x300.jpg 400w\" sizes=\"auto, (max-width: 512px) 100vw, 512px\"><\/a><figcaption class=\"wp-element-caption\">freieFarbe e.V. Generalforsamling 2019: Vores indkvartering i de schweiziske bjerge<\/figcaption><\/figure>\n<\/div>\n\n\n<p class=\"wp-block-paragraph\">Foreningens formand Holger Everding fra DTP Studio Oldenburg og Jan-Peter Homann fra Homann Colormanagement i Berlin var allerede torsdag rejst til T\u00fcbingen, og efter en f\u00f8rste lang aften med samtaler og et m\u00f8de p\u00e5 <a href=\"http:\/\/blog.proofs.de\/da\/lexikon\/proof\/\" target=\"_self\" title=\"Et proof (korrekt: kontraktproof) er en ISO 12647-7-certificeret proofinganordning til den grafiske industri. Et korrekturtryk simulerer farven ved offset- eller dybtryk p\u00e5 en farve- og juridisk bindende m\u00e5de inden for de sn\u00e6vre tolerancer i ISO-standarden.\" class=\"encyclopedia\">Bevis<\/a>.de-kontoret, fortsatte vi tre vores rejse til Schweiz fredag morgen ved middagstid. Efter en f\u00e6lles middag med Peter J\u00e4ger og Eric A. Soder (fra T\u00fcbingen havde vi aftenen f\u00f8r medbragt f\u00e6lles tilberedt svabisk kartoffelsalat og mine h\u00e5ndlavede Maultaschen) begyndte en aften fuld af planl\u00e6gning og en strategiworkshop om opgaver og m\u00e5l for det kommende forenings\u00e5r. Der er ingen tvivl om, at denne aften ogs\u00e5 var fyldt med diskussioner, udvikling, grin og en masse sjov til langt ud p\u00e5 natten mellem Flensburger Pils, Swiss Be<a href=\"http:\/\/blog.proofs.de\/da\/lexikon\/rgb\/\" target=\"_self\" title=\"RGB st\u00e5r for farverne r\u00f8d, gr\u00f8n og bl\u00e5. Menneskets farvesyn er baseret p\u00e5 disse farver.\" class=\"encyclopedia\">rgb<\/a>ier og vin kreativt udformet i flotte r\u00f8de og lysegule nuancer.<\/p>\n\n\n\n<figure class=\"wp-block-image\"><a href=\"https:\/\/blog1.proofen.de\/wp-content\/uploads\/2019\/10\/gv07.jpg\" target=\"_blank\" rel=\"noreferrer noopener\"><img loading=\"lazy\" decoding=\"async\" width=\"1024\" height=\"768\" src=\"https:\/\/blog1.proofen.de\/wp-content\/uploads\/2019\/10\/gv07-1024x768.jpg\" alt=\"Uddrag af resultaterne af FreieFarbe kreative workshop fredag aften med v\u00e6gtning (bl\u00e5 klisterm\u00e6rker) og ansvar (navneforkortelser)\" class=\"wp-image-2501\" srcset=\"https:\/\/blog.proofs.de\/wp-content\/uploads\/2019\/10\/gv07-1024x768.jpg 1024w, https:\/\/blog.proofs.de\/wp-content\/uploads\/2019\/10\/gv07-300x225.jpg 300w, https:\/\/blog.proofs.de\/wp-content\/uploads\/2019\/10\/gv07-768x576.jpg 768w, https:\/\/blog.proofs.de\/wp-content\/uploads\/2019\/10\/gv07-400x300.jpg 400w\" sizes=\"auto, (max-width: 1024px) 100vw, 1024px\"><\/a><figcaption class=\"wp-element-caption\">Uddrag af resultaterne af den kreative frieFarbe-workshop fredag aften med v\u00e6gtninger (bl\u00e5 klisterm\u00e6rker) og ansvarsomr\u00e5der (navneforkortelser)<\/figcaption><\/figure>\n\n\n\n<p class=\"wp-block-paragraph\">Efter morgenmaden tog vi l\u00f8rdag videre til swissQprint, hvor vi fik detaljerede oplysninger om det nyeste inden for digital storformatprint af klubmedlem Guy Fl\u00fceli, kunne bes\u00f8ge produktionen og udf\u00f8re printtests p\u00e5 Karibu og andre printmaskiner fra SwissQPrint.<\/p>\n\n\n\n<figure class=\"wp-block-image\"><a href=\"https:\/\/blog1.proofen.de\/wp-content\/uploads\/2019\/10\/jhv2019-1140x550.jpg\" target=\"_blank\" rel=\"noreferrer noopener\"><img loading=\"lazy\" decoding=\"async\" width=\"1024\" height=\"494\" src=\"https:\/\/blog1.proofen.de\/wp-content\/uploads\/2019\/10\/jhv2019-1140x550-1024x494.jpg\" alt=\"Ordin\u00e6r generalforsamling freieFarbe e.V. 2019 i Schweiz\" class=\"wp-image-2500\" srcset=\"https:\/\/blog.proofs.de\/wp-content\/uploads\/2019\/10\/jhv2019-1140x550-1024x494.jpg 1024w, https:\/\/blog.proofs.de\/wp-content\/uploads\/2019\/10\/jhv2019-1140x550-300x145.jpg 300w, https:\/\/blog.proofs.de\/wp-content\/uploads\/2019\/10\/jhv2019-1140x550-768x371.jpg 768w, https:\/\/blog.proofs.de\/wp-content\/uploads\/2019\/10\/jhv2019-1140x550-500x241.jpg 500w, https:\/\/blog.proofs.de\/wp-content\/uploads\/2019\/10\/jhv2019-1140x550.jpg 1140w\" sizes=\"auto, (max-width: 1024px) 100vw, 1024px\"><\/a><figcaption class=\"wp-element-caption\">Fra venstre mod h\u00f8jre: Matteo Baschera, Jan-Peter Homann, Matthias Betz, Holger Everding, Eric A. Soder, Martin Spaar, Peter J\u00e4ger, Michael Jakobi. Mangler: Kai-Uwe Behrmann, Jan Seguda, Guy Fl\u00fceli (foto)<br><\/figcaption><\/figure>\n\n\n\n<figure class=\"wp-block-gallery has-nested-images columns-default is-cropped wp-block-gallery-2 is-layout-flex wp-block-gallery-is-layout-flex\">\n<figure class=\"wp-block-image\"><a href=\"https:\/\/blog1.proofen.de\/wp-content\/uploads\/2019\/10\/gv06.jpg\"><img loading=\"lazy\" decoding=\"async\" width=\"1024\" height=\"768\" data-id=\"2502\" src=\"https:\/\/blog1.proofen.de\/wp-content\/uploads\/2019\/10\/gv06-1024x768.jpg\" alt=\"Generalforsamling freieFarbe e.V. 2019 hos swissQprint\" class=\"wp-image-2502\" srcset=\"https:\/\/blog.proofs.de\/wp-content\/uploads\/2019\/10\/gv06-1024x768.jpg 1024w, https:\/\/blog.proofs.de\/wp-content\/uploads\/2019\/10\/gv06-300x225.jpg 300w, https:\/\/blog.proofs.de\/wp-content\/uploads\/2019\/10\/gv06-768x576.jpg 768w, https:\/\/blog.proofs.de\/wp-content\/uploads\/2019\/10\/gv06-400x300.jpg 400w\" sizes=\"auto, (max-width: 1024px) 100vw, 1024px\"><\/a><figcaption class=\"wp-element-caption\">Holger Everding, Guy Fl\u00fceli, Jan-Peter Homann<\/figcaption><\/figure>\n\n\n\n<figure class=\"wp-block-image\"><a href=\"https:\/\/blog1.proofen.de\/wp-content\/uploads\/2019\/10\/gv04.jpg\"><img loading=\"lazy\" decoding=\"async\" width=\"1024\" height=\"768\" data-id=\"2504\" src=\"https:\/\/blog1.proofen.de\/wp-content\/uploads\/2019\/10\/gv04-1024x768.jpg\" alt=\"Udstillingslokale for swissQprint\" class=\"wp-image-2504\" srcset=\"https:\/\/blog.proofs.de\/wp-content\/uploads\/2019\/10\/gv04-1024x768.jpg 1024w, https:\/\/blog.proofs.de\/wp-content\/uploads\/2019\/10\/gv04-300x225.jpg 300w, https:\/\/blog.proofs.de\/wp-content\/uploads\/2019\/10\/gv04-768x576.jpg 768w, https:\/\/blog.proofs.de\/wp-content\/uploads\/2019\/10\/gv04-400x300.jpg 400w\" sizes=\"auto, (max-width: 1024px) 100vw, 1024px\"><\/a><figcaption class=\"wp-element-caption\">Showroom swissQprint<\/figcaption><\/figure>\n\n\n\n<figure class=\"wp-block-image\"><a href=\"https:\/\/blog1.proofen.de\/wp-content\/uploads\/2019\/10\/gv08.jpg\"><img loading=\"lazy\" decoding=\"async\" width=\"1024\" height=\"768\" data-id=\"2505\" src=\"https:\/\/blog1.proofen.de\/wp-content\/uploads\/2019\/10\/gv08-1024x768.jpg\" alt=\"freieFarbe e.V. p\u00e5 swissQprint\" class=\"wp-image-2505\" srcset=\"https:\/\/blog.proofs.de\/wp-content\/uploads\/2019\/10\/gv08-1024x768.jpg 1024w, https:\/\/blog.proofs.de\/wp-content\/uploads\/2019\/10\/gv08-300x225.jpg 300w, https:\/\/blog.proofs.de\/wp-content\/uploads\/2019\/10\/gv08-768x576.jpg 768w, https:\/\/blog.proofs.de\/wp-content\/uploads\/2019\/10\/gv08-400x300.jpg 400w\" sizes=\"auto, (max-width: 1024px) 100vw, 1024px\"><\/a><figcaption class=\"wp-element-caption\">Michael Jakobi, Matteo Baschera, Martin Spaar, Matthias Betz, Guy Fl\u00fceli, Jan-Peter Homann<\/figcaption><\/figure>\n<\/figure>\n\n\n\n<p class=\"wp-block-paragraph\">Om l\u00f8rdagen fik vi ogs\u00e5 bes\u00f8g af andre medlemmer af foreningen: Michael Jakobi fra MatchMyColor, Martin Spaar fra Schweizer Publisher, Matteo Baschera fra Gal<a href=\"http:\/\/blog.proofs.de\/da\/lexikon\/led\/\" target=\"_self\" title='En LED er en &quot;light-emitting diode&quot; og st\u00e5r i den grafiske branche for det nye &quot;LED&quot;-lys, som har erstattet \u00e6ldre lyskilder som neonr\u00f8r og wolframlamper. Neonr\u00f8r er hovedsageligt kendt fra D50- eller D65-standardlysomr\u00e5det, mens wolframlyskilder hovedsageligt blev brugt i farvem\u00e5lingsenheder som spektrofotometre og farvem\u00e5lere....' class=\"encyclopedia\">led<\/a>ia, Jan Seguda fra ColorGATE og softwareudvikler Kai-Uwe Behrmann fra Chemnitz. Efter en f\u00e6lles frokost startede medlemsm\u00f8det i SwissQPrints m\u00f8delokale, som vi venligt havde f\u00e5et lov til at bruge. <a href=\"http:\/\/blog.proofs.de\/da\/lexikon\/nutzen\/\" target=\"_self\" title=\"Antallet af paneler angiver, hvor mange sider der kan placeres (og dermed udskrives) p\u00e5 et udskriftsark.\" class=\"encyclopedia\">bruge<\/a> kunne.<\/p>\n\n\n\n<p class=\"wp-block-paragraph\">Efter en gennemgang af det travle \u00e5r 2018\/19 med udviklingen af den <a href=\"http:\/\/blog.proofs.de\/da\/lexikon\/cielab\/\" target=\"_self\" title=\"CIELAB-farvemodellen blev defineret i 1976 af Commission Internationale de l&#039;Eclairage og beskriver alle opfattelige farver. Det er en videreudvikling af Hunter-LAB-farveskalaen fra 1966 og en matematisk farvemodel, hvor et objekts spektrale egenskaber og vores visuelle systems perceptuelle egenskaber opvejes mod hinanden. CIELAB, eller kort sagt LAB, bruges stadig i vid udstr\u00e6kning i dag...\" class=\"encyclopedia\">CIELAB<\/a> <a href=\"http:\/\/blog.proofs.de\/da\/lexikon\/hlc\/\" target=\"_self\" title=\"HLC er en velforst\u00e5elig repr\u00e6sentation af CIELAB-farverummet. Den lodrette L-akse er identisk her. Den horisontale position af en farveposition bestemmes af vinklen H i forhold til den positive a-akse (mod uret og i grader) og radius C, dvs. afstanden til L-aksen.\" class=\"encyclopedia\">HLC<\/a> Farbatlas XL, DIN SPEC 16699 Open Colour Communication, talrige foredragsaktiviteter og bes\u00f8g p\u00e5 messer blev der lagt s\u00e6rlig v\u00e6gt p\u00e5 potentielle arbejdsaktiviteter i det kommende \u00e5r, hvor der allerede nu kunne tildeles ansvarsomr\u00e5der til enkelte personer eller arbejdsgrupper.<\/p>\n\n\n\n<p class=\"wp-block-paragraph\">Her vil jeg gerne endnu en gang varmt anbefale en <a href=\"https:\/\/www.freiefarbe.de\/mitglied-werden\/\" target=\"_blank\" rel=\"noreferrer noopener\" aria-label=\"Medlemskab og samarbejde i foreningen freieFarbe e.V. (\u00e5bner i ny fane)\">Medlemskab og samarbejde i foreningen freieFarbe e.V.<\/a> reklamere: Alle, der oplever, hvordan kolleger fra vidt forskellige sektorer og fagomr\u00e5der kan supplere og inspirere hinanden i forbindelse med fri farve, hvordan ideer opst\u00e5r og koncepter tager form i den f\u00e6lles dialog, ved, at impulser, ideer og kontakter i freieFarbe ikke kun betyder frivilligt arbejde for en god sag og en god id\u00e9, men ogs\u00e5 viden, horisontudvidelse, samarbejde og berigelse. Deltag, st\u00f8t, deltag, udnyt den f\u00e6lles knowhow og de f\u00e6lles id\u00e9er. Foreningen er glad for enhver st\u00f8tte.<\/p>\n\n\n\n<p class=\"wp-block-paragraph\">Efter foreningsm\u00f8det tog vi med Martin Spaar og Kai-Uwe Behrmann fra Rhindalen tilbage til bjergene, hvor vi efter en kort aftenvandring n\u00f8d en fremragende risotto med porcini risotto og salat tilberedt af Eric Soder og Peter J\u00e4ger til aftensmad. Peter havde selv indsamlet og t\u00f8rret porcini-svampene kort forinden i bjergene, en uforglemmelig smagsoplevelse!<\/p>\n\n\n<div class=\"wp-block-image\">\n<figure class=\"alignright is-resized\"><a href=\"https:\/\/blog1.proofen.de\/wp-content\/uploads\/2019\/10\/gv03.jpg\" target=\"_blank\" rel=\"noreferrer noopener\"><img loading=\"lazy\" decoding=\"async\" src=\"https:\/\/blog1.proofen.de\/wp-content\/uploads\/2019\/10\/gv03-1024x768.jpg\" alt=\"Livlige diskussioner l\u00f8rdag aften i bjerghytten ved FreieFarbe e.V.&#039;s \u00e5rsm\u00f8de.\" class=\"wp-image-2506\" width=\"512\" height=\"384\" srcset=\"https:\/\/blog.proofs.de\/wp-content\/uploads\/2019\/10\/gv03-1024x768.jpg 1024w, https:\/\/blog.proofs.de\/wp-content\/uploads\/2019\/10\/gv03-300x225.jpg 300w, https:\/\/blog.proofs.de\/wp-content\/uploads\/2019\/10\/gv03-768x576.jpg 768w, https:\/\/blog.proofs.de\/wp-content\/uploads\/2019\/10\/gv03-400x300.jpg 400w\" sizes=\"auto, (max-width: 512px) 100vw, 512px\"><\/a><figcaption class=\"wp-element-caption\">Livlige diskussioner l\u00f8rdag aften i bjerghytten p\u00e5 \u00e5rsm\u00f8det i freieFarbe e.V.<\/figcaption><\/figure>\n<\/div>\n\n\n<p class=\"wp-block-paragraph\">Efter endnu en aften fuld af id\u00e9er mellem Flens, vin, Opensource, <a href=\"http:\/\/blog.proofs.de\/da\/lexikon\/kugelkopfmessgeraet\/\" target=\"_self\" title=\"Spektrofotometre med sf\u00e6risk hoved som KonicaMinolta CM-26d er en klasse af farvem\u00e5leinstrumenter, der kan m\u00e5le med en d:8\u00b0 sf\u00e6risk hovedgeometri i m\u00e5letilstanden SCI - &quot;Specular Component Included&quot; (Specul\u00e6r komponent inkluderet) s\u00e5vel som SCE - &quot;Specular Component Excluded&quot; (Specul\u00e6r komponent ekskluderet).\" class=\"encyclopedia\">M\u00e5ler med sf\u00e6risk hoved<\/a>en, farve v\u00e6lgere, <a href=\"http:\/\/blog.proofs.de\/da\/lexikon\/cxf\/\" target=\"_self\" title='CxF st\u00e5r for &quot;Color Exchange Format&quot;, et \u00e5bent XML-format til udveksling af farveoplysninger.' class=\"encyclopedia\">CxF<\/a> og mange flere, gik vi i seng. N\u00e6ste morgen, efter en solid morgenmad og reng\u00f8ring af huset, begav vi os ud p\u00e5 en kort bjergtur. Mens Matthias Betz fotograferede et gigapixel-panorama p\u00e5 den ene side af bjergsadlen med udsigt til S\u00e4ntis, lavede resten af gruppen et par h\u00f8jdemeter mere p\u00e5 den anden side, inden vi samledes igen til en spontan kort videooptagelse. \"Jeg er med freieFarbe...\" var det tema, vi havde sat os. Indr\u00f8mmet: Lydkvaliteten kunne v\u00e6re bedre, videokvaliteten ogs\u00e5, men det var udsagnene ikke: Vi ramte hovedet p\u00e5 s\u00f8mmet meget godt her: freieFarbe er vigtig, af de mest forskellige grunde. Og bortset fra alt det arbejde er freieFarbe ogs\u00e5 ganske enkelt: \"Simpelthen cool\", siger Kai-Uwe Behrmann.<\/p>\n\n\n\n<p class=\"wp-block-paragraph\">Omkring middagstid begyndte vi s\u00e5 vores hjemrejse fra bjerget: 3x til det n\u00e6rliggende Schweiz, 1x fra Z\u00fcrich med fly til Berlin og i bil til T\u00fcbingen ... hvorfra Holger Everding og Kai-Uwe Behrmann fortsatte med tog og bil til Oldenburg og Chemnitz ...<\/p>","protected":false},"excerpt":{"rendered":"<p>Efter at foreningen FreieFarbe e.V. sidste \u00e5r m\u00f8dtes i T\u00fcbingen til sin \u00e5rlige generalforsamling, samledes vi i \u00e5r i en rustik hytte i Appenzeller Land, som Peter J\u00e4ger fra pre2media og Eric A. Soder fra pixsource.com havde valgt perfekt, ligesom det solrige vejr, der skulle f\u00f8lge os fra fredag til s\u00f8ndag. Foreningens formand Holger Everding fra DTP Studio Oldenburg og Jan-Peter Homann fra Homann Colormanagement i Berlin rejste til T\u00fcbingen torsdag, og efter en f\u00f8rste lang nat fuld af diskussioner fortsatte vi ... <\/p>\n<p class=\"read-more-container\"><a title=\"Det var hyggeligt: FreieFarbe e.V.&#039;s generalforsamling 2019 i Schweiz\" class=\"read-more button\" href=\"http:\/\/blog.proofs.de\/da\/schoen-wars-die-mitgliederversammlung-2019-von-freiefarbe-e-v-in-der-schweiz\/#more-2496\" aria-label=\"L\u00e6s mere om Det var fantastisk: 2019-generalforsamlingen i freieFarbe e.V. i Schweiz\">L\u00e6s mere her<\/a><\/p>","protected":false},"author":2,"featured_media":2500,"comment_status":"open","ping_status":"open","sticky":false,"template":"","format":"standard","meta":{"om_disable_all_campaigns":false,"inline_featured_image":false,"_monsterinsights_skip_tracking":false,"footnotes":""},"categories":[1,435,120],"tags":[901,679,905,908,903,906,910,907,732,909,803,904,539,902],"class_list":["post-2496","post","type-post","status-publish","format-standard","has-post-thumbnail","hentry","category-allgemein","category-farbraeume-und-farbprofile","category-kategorie-proof-gmbh","tag-freie-farbe","tag-freiefarbe","tag-holger-everding","tag-jan-seguda","tag-jan-peter-homann","tag-kai-uwe-behrmann","tag-martin-spaar","tag-matteo-baschera","tag-matthias-betz","tag-michael-jakobi","tag-mitgliederversammlung","tag-peter-jaeger","tag-proof-gmbh","tag-schweiz","generate-columns","tablet-grid-50","mobile-grid-100","grid-parent","grid-50","no-featured-image-padding","resize-featured-image"],"aioseo_notices":[],"aioseo_head":"\n\t\t<!-- All in One SEO 5.0.1.1 - aioseo.com -->\n\t<meta name=\"description\" content=\"Nachdem sich freieFarbe im letzten Jahr in T\u00fcbingen bei bei proof.de zur Mitgliederversammlung getroffen hatte, waren wir 2019 in St. Gallen zusammen\" \/>\n\t<meta name=\"robots\" content=\"max-image-preview:large\" \/>\n\t<meta name=\"author\" content=\"Matthias Betz\"\/>\n\t<meta name=\"google-site-verification\" content=\"TuXxyRwxcEg2-WfOaQ8vScWQh3-uBAnxXmY7g3GT90A\" \/>\n\t<meta name=\"keywords\" content=\"freie farbe,freiefarbe,proof gmbh,mitgliederversammlung,schweiz,peter j\u00e4ger,jan-peter homann,holger everding,matthias betz,kai-uwe behrmann,matteo baschera,martin spaar,jan seguda,michael jakobi,guy fl\u00fceli,freie farbe,freiefarbe,holger everding,jan seguda,jan-peter homann,kai-uwe behrmann,martin spaar,matteo baschera,matthias betz,michael jakobi,mitgliederversammlung,peter j\u00e4ger,proof gmbh,schweiz\" \/>\n\t<link rel=\"canonical\" href=\"http:\/\/blog.proofs.de\/da\/schoen-wars-die-mitgliederversammlung-2019-von-freiefarbe-e-v-in-der-schweiz\/\" \/>\n\t<meta name=\"generator\" content=\"All in One SEO (AIOSEO) 5.0.1.1\" \/>\n\n\t\t<meta name=\"seobility\" content=\"593a8578143db71543f014978c690d47\">\n\t\t<meta property=\"og:locale\" content=\"da_DK\" \/>\n\t\t<meta property=\"og:site_name\" content=\"Proof.de | Alles zu Proof, Farbmanagement, Grafik, Messtechnik &amp; Co.\" \/>\n\t\t<meta property=\"og:type\" content=\"article\" \/>\n\t\t<meta property=\"og:title\" content=\"Mitgliederversammlung 2019 freieFarbe e.V. | proof.de\" \/>\n\t\t<meta property=\"og:description\" content=\"Nachdem sich freieFarbe im letzten Jahr in T\u00fcbingen bei bei proof.de zur Mitgliederversammlung getroffen hatte, waren wir 2019 in St. Gallen zusammen\" \/>\n\t\t<meta property=\"og:url\" content=\"http:\/\/blog.proofs.de\/da\/schoen-wars-die-mitgliederversammlung-2019-von-freiefarbe-e-v-in-der-schweiz\/\" \/>\n\t\t<meta property=\"og:image\" content=\"http:\/\/blog.proofs.de\/wp-content\/uploads\/2019\/10\/jhv2019-1140x550.jpg\" \/>\n\t\t<meta property=\"og:image:width\" content=\"1140\" \/>\n\t\t<meta property=\"og:image:height\" content=\"550\" \/>\n\t\t<meta property=\"article:published_time\" content=\"2019-10-10T23:48:02+00:00\" \/>\n\t\t<meta property=\"article:modified_time\" content=\"2023-07-20T07:26:34+00:00\" \/>\n\t\t<meta property=\"article:publisher\" content=\"https:\/\/www.facebook.com\/Proof.de\/\" \/>\n\t\t<meta name=\"twitter:card\" content=\"summary\" \/>\n\t\t<meta name=\"twitter:title\" content=\"Mitgliederversammlung 2019 freieFarbe e.V. | proof.de\" \/>\n\t\t<meta name=\"twitter:description\" content=\"Nachdem sich freieFarbe im letzten Jahr in T\u00fcbingen bei bei proof.de zur Mitgliederversammlung getroffen hatte, waren wir 2019 in St. Gallen zusammen\" \/>\n\t\t<meta name=\"twitter:image\" content=\"https:\/\/blog1.proofen.de\/wp-content\/uploads\/2020\/04\/proof_background.jpg\" \/>\n\t\t<script type=\"application\/ld+json\" class=\"aioseo-schema\">\n\t\t\t{\"@context\":\"https:\\\/\\\/schema.org\",\"@graph\":[{\"@type\":\"Article\",\"@id\":\"http:\\\/\\\/blog.proofs.de\\\/da\\\/schoen-wars-die-mitgliederversammlung-2019-von-freiefarbe-e-v-in-der-schweiz\\\/#article\",\"name\":\"Mitgliederversammlung 2019 freieFarbe e.V. | proof.de\",\"headline\":\"Sch\\u00f6n war&#8217;s: Die Mitgliederversammlung 2019 von freieFarbe e.V. in der Schweiz\",\"author\":{\"@id\":\"http:\\\/\\\/blog.proofs.de\\\/da\\\/author\\\/mbetz\\\/#author\"},\"publisher\":{\"@id\":\"http:\\\/\\\/blog.proofs.de\\\/da\\\/#organization\"},\"image\":{\"@type\":\"ImageObject\",\"url\":\"https:\\\/\\\/blog.proofs.de\\\/wp-content\\\/uploads\\\/2019\\\/10\\\/jhv2019-1140x550.jpg\",\"width\":1140,\"height\":550,\"caption\":\"von links nach rechts: Matteo Baschera, Jan-Peter Homann, Matthias Betz, Holger Everding, Eric A. Soder, Martin Spaar, Peter J\\u00e4ger, Michael Jakobi. Es fehlen: Kai-Uwe Behrmann, Jan Seguda, Guy Fl\\u00fceli (Foto)\"},\"datePublished\":\"2019-10-11T01:48:02+02:00\",\"dateModified\":\"2023-07-20T09:26:34+02:00\",\"inLanguage\":\"da-DK\",\"mainEntityOfPage\":{\"@id\":\"http:\\\/\\\/blog.proofs.de\\\/da\\\/schoen-wars-die-mitgliederversammlung-2019-von-freiefarbe-e-v-in-der-schweiz\\\/#webpage\"},\"isPartOf\":{\"@id\":\"http:\\\/\\\/blog.proofs.de\\\/da\\\/schoen-wars-die-mitgliederversammlung-2019-von-freiefarbe-e-v-in-der-schweiz\\\/#webpage\"},\"articleSection\":\"Allgemein, Farbr\\u00e4ume und Farbprofile, Proof GmbH, freie Farbe, freieFarbe, Holger Everding, Jan Seguda, Jan-Peter Homann, Kai-Uwe Behrmann, Martin Spaar, Matteo Baschera, Matthias Betz, Michael Jakobi, Mitgliederversammlung, Peter J\\u00e4ger, Proof GmbH, Schweiz\"},{\"@type\":\"BreadcrumbList\",\"@id\":\"http:\\\/\\\/blog.proofs.de\\\/da\\\/schoen-wars-die-mitgliederversammlung-2019-von-freiefarbe-e-v-in-der-schweiz\\\/#breadcrumblist\",\"itemListElement\":[{\"@type\":\"ListItem\",\"@id\":\"http:\\\/\\\/blog.proofs.de\\\/da#listItem\",\"position\":1,\"name\":\"Home\",\"item\":\"http:\\\/\\\/blog.proofs.de\\\/da\",\"nextItem\":{\"@type\":\"ListItem\",\"@id\":\"http:\\\/\\\/blog.proofs.de\\\/da\\\/thema\\\/proof-wissen\\\/#listItem\",\"name\":\"Proof Wissen\"}},{\"@type\":\"ListItem\",\"@id\":\"http:\\\/\\\/blog.proofs.de\\\/da\\\/thema\\\/proof-wissen\\\/#listItem\",\"position\":2,\"name\":\"Proof Wissen\",\"item\":\"http:\\\/\\\/blog.proofs.de\\\/da\\\/thema\\\/proof-wissen\\\/\",\"nextItem\":{\"@type\":\"ListItem\",\"@id\":\"http:\\\/\\\/blog.proofs.de\\\/da\\\/thema\\\/proof-wissen\\\/kategorie-proof-gmbh\\\/#listItem\",\"name\":\"Proof GmbH\"},\"previousItem\":{\"@type\":\"ListItem\",\"@id\":\"http:\\\/\\\/blog.proofs.de\\\/da#listItem\",\"name\":\"Home\"}},{\"@type\":\"ListItem\",\"@id\":\"http:\\\/\\\/blog.proofs.de\\\/da\\\/thema\\\/proof-wissen\\\/kategorie-proof-gmbh\\\/#listItem\",\"position\":3,\"name\":\"Proof GmbH\",\"item\":\"http:\\\/\\\/blog.proofs.de\\\/da\\\/thema\\\/proof-wissen\\\/kategorie-proof-gmbh\\\/\",\"nextItem\":{\"@type\":\"ListItem\",\"@id\":\"http:\\\/\\\/blog.proofs.de\\\/da\\\/schoen-wars-die-mitgliederversammlung-2019-von-freiefarbe-e-v-in-der-schweiz\\\/#listItem\",\"name\":\"Sch\\u00f6n war&#8217;s: Die Mitgliederversammlung 2019 von freieFarbe e.V. in der Schweiz\"},\"previousItem\":{\"@type\":\"ListItem\",\"@id\":\"http:\\\/\\\/blog.proofs.de\\\/da\\\/thema\\\/proof-wissen\\\/#listItem\",\"name\":\"Proof Wissen\"}},{\"@type\":\"ListItem\",\"@id\":\"http:\\\/\\\/blog.proofs.de\\\/da\\\/schoen-wars-die-mitgliederversammlung-2019-von-freiefarbe-e-v-in-der-schweiz\\\/#listItem\",\"position\":4,\"name\":\"Sch\\u00f6n war&#8217;s: Die Mitgliederversammlung 2019 von freieFarbe e.V. in der Schweiz\",\"previousItem\":{\"@type\":\"ListItem\",\"@id\":\"http:\\\/\\\/blog.proofs.de\\\/da\\\/thema\\\/proof-wissen\\\/kategorie-proof-gmbh\\\/#listItem\",\"name\":\"Proof GmbH\"}}]},{\"@type\":\"Organization\",\"@id\":\"http:\\\/\\\/blog.proofs.de\\\/da\\\/#organization\",\"name\":\"Proof GmbH\",\"description\":\"Farbverbindlicher Proof, Farbproof, Digitalproof und Online-Proof.\",\"url\":\"http:\\\/\\\/blog.proofs.de\\\/da\\\/\",\"telephone\":\"+4970717952740\",\"logo\":{\"@type\":\"ImageObject\",\"url\":\"https:\\\/\\\/blog1.proofen.de\\\/wp-content\\\/uploads\\\/2019\\\/09\\\/logo_proof_rgb_mit_balken_250px.png\",\"@id\":\"http:\\\/\\\/blog.proofs.de\\\/da\\\/schoen-wars-die-mitgliederversammlung-2019-von-freiefarbe-e-v-in-der-schweiz\\\/#organizationLogo\"},\"image\":{\"@id\":\"http:\\\/\\\/blog.proofs.de\\\/da\\\/schoen-wars-die-mitgliederversammlung-2019-von-freiefarbe-e-v-in-der-schweiz\\\/#organizationLogo\"},\"sameAs\":[\"https:\\\/\\\/www.facebook.com\\\/Proof.de\\\/\",\"https:\\\/\\\/www.instagram.com\\\/proof.de\\\/\",\"https:\\\/\\\/www.tiktok.com\\\/@proof_de\",\"https:\\\/\\\/www.youtube.com\\\/channel\\\/UCk80fQVQ25wC9wu3SywB-Nw\",\"https:\\\/\\\/www.linkedin.com\\\/company\\\/proof-de\"]},{\"@type\":\"Person\",\"@id\":\"http:\\\/\\\/blog.proofs.de\\\/da\\\/author\\\/mbetz\\\/#author\",\"url\":\"http:\\\/\\\/blog.proofs.de\\\/da\\\/author\\\/mbetz\\\/\",\"name\":\"Matthias Betz\",\"image\":{\"@type\":\"ImageObject\",\"@id\":\"http:\\\/\\\/blog.proofs.de\\\/da\\\/schoen-wars-die-mitgliederversammlung-2019-von-freiefarbe-e-v-in-der-schweiz\\\/#authorImage\",\"url\":\"https:\\\/\\\/blog.proofs.de\\\/wp-content\\\/uploads\\\/2020\\\/10\\\/matthias-betz-e1603934518350-150x150.png\",\"width\":96,\"height\":96,\"caption\":\"Matthias Betz\"}},{\"@type\":\"WebPage\",\"@id\":\"http:\\\/\\\/blog.proofs.de\\\/da\\\/schoen-wars-die-mitgliederversammlung-2019-von-freiefarbe-e-v-in-der-schweiz\\\/#webpage\",\"url\":\"http:\\\/\\\/blog.proofs.de\\\/da\\\/schoen-wars-die-mitgliederversammlung-2019-von-freiefarbe-e-v-in-der-schweiz\\\/\",\"name\":\"Mitgliederversammlung 2019 freieFarbe e.V. | proof.de\",\"description\":\"Nachdem sich freieFarbe im letzten Jahr in T\\u00fcbingen bei bei proof.de zur Mitgliederversammlung getroffen hatte, waren wir 2019 in St. Gallen zusammen\",\"inLanguage\":\"da-DK\",\"isPartOf\":{\"@id\":\"http:\\\/\\\/blog.proofs.de\\\/da\\\/#website\"},\"breadcrumb\":{\"@id\":\"http:\\\/\\\/blog.proofs.de\\\/da\\\/schoen-wars-die-mitgliederversammlung-2019-von-freiefarbe-e-v-in-der-schweiz\\\/#breadcrumblist\"},\"author\":{\"@id\":\"http:\\\/\\\/blog.proofs.de\\\/da\\\/author\\\/mbetz\\\/#author\"},\"creator\":{\"@id\":\"http:\\\/\\\/blog.proofs.de\\\/da\\\/author\\\/mbetz\\\/#author\"},\"image\":{\"@type\":\"ImageObject\",\"url\":\"https:\\\/\\\/blog.proofs.de\\\/wp-content\\\/uploads\\\/2019\\\/10\\\/jhv2019-1140x550.jpg\",\"@id\":\"http:\\\/\\\/blog.proofs.de\\\/da\\\/schoen-wars-die-mitgliederversammlung-2019-von-freiefarbe-e-v-in-der-schweiz\\\/#mainImage\",\"width\":1140,\"height\":550,\"caption\":\"von links nach rechts: Matteo Baschera, Jan-Peter Homann, Matthias Betz, Holger Everding, Eric A. Soder, Martin Spaar, Peter J\\u00e4ger, Michael Jakobi. Es fehlen: Kai-Uwe Behrmann, Jan Seguda, Guy Fl\\u00fceli (Foto)\"},\"primaryImageOfPage\":{\"@id\":\"http:\\\/\\\/blog.proofs.de\\\/da\\\/schoen-wars-die-mitgliederversammlung-2019-von-freiefarbe-e-v-in-der-schweiz\\\/#mainImage\"},\"datePublished\":\"2019-10-11T01:48:02+02:00\",\"dateModified\":\"2023-07-20T09:26:34+02:00\"},{\"@type\":\"WebSite\",\"@id\":\"http:\\\/\\\/blog.proofs.de\\\/da\\\/#website\",\"url\":\"http:\\\/\\\/blog.proofs.de\\\/da\\\/\",\"name\":\"Proof.de\",\"description\":\"Farbverbindlicher Proof, Farbproof, Digitalproof und Online-Proof.\",\"inLanguage\":\"da-DK\",\"publisher\":{\"@id\":\"http:\\\/\\\/blog.proofs.de\\\/da\\\/#organization\"}}]}\n\t\t<\/script>\n\t\t<!-- All in One SEO -->\n\n","aioseo_head_json":{"title":"Generalforsamling 2019 freieFarbe e.V. | proof.de","description":"Efter at freieFarbe sidste \u00e5r m\u00f8dtes i T\u00fcbingen p\u00e5 proof.de til generalforsamlingen, var vi sammen i St. Gallen i 2019.","canonical_url":"http:\/\/blog.proofs.de\/da\/schoen-wars-die-mitgliederversammlung-2019-von-freiefarbe-e-v-in-der-schweiz\/","robots":"max-image-preview:large","keywords":"freie farbe,freiefarbe,proof gmbh,mitgliederversammlung,schweiz,peter j\u00e4ger,jan-peter homann,holger everding,matthias betz,kai-uwe behrmann,matteo baschera,martin spaar,jan seguda,michael jakobi,guy fl\u00fceli,freie farbe,freiefarbe,holger everding,jan seguda,jan-peter homann,kai-uwe behrmann,martin spaar,matteo baschera,matthias betz,michael jakobi,mitgliederversammlung,peter j\u00e4ger,proof gmbh,schweiz","webmasterTools":{"google-site-verification":"TuXxyRwxcEg2-WfOaQ8vScWQh3-uBAnxXmY7g3GT90A","miscellaneous":"&lt;meta name=\"seobility\" content=\"593a8578143db71543f014978c690d47\"&gt;"},"schema":{"@context":"https:\/\/schema.org","@graph":[{"@type":"Article","@id":"http:\/\/blog.proofs.de\/da\/schoen-wars-die-mitgliederversammlung-2019-von-freiefarbe-e-v-in-der-schweiz\/#article","name":"Mitgliederversammlung 2019 freieFarbe e.V. | proof.de","headline":"Sch\u00f6n war&#8217;s: Die Mitgliederversammlung 2019 von freieFarbe e.V. in der Schweiz","author":{"@id":"http:\/\/blog.proofs.de\/da\/author\/mbetz\/#author"},"publisher":{"@id":"http:\/\/blog.proofs.de\/da\/#organization"},"image":{"@type":"ImageObject","url":"https:\/\/blog.proofs.de\/wp-content\/uploads\/2019\/10\/jhv2019-1140x550.jpg","width":1140,"height":550,"caption":"von links nach rechts: Matteo Baschera, Jan-Peter Homann, Matthias Betz, Holger Everding, Eric A. Soder, Martin Spaar, Peter J\u00e4ger, Michael Jakobi. Es fehlen: Kai-Uwe Behrmann, Jan Seguda, Guy Fl\u00fceli (Foto)"},"datePublished":"2019-10-11T01:48:02+02:00","dateModified":"2023-07-20T09:26:34+02:00","inLanguage":"da-DK","mainEntityOfPage":{"@id":"http:\/\/blog.proofs.de\/da\/schoen-wars-die-mitgliederversammlung-2019-von-freiefarbe-e-v-in-der-schweiz\/#webpage"},"isPartOf":{"@id":"http:\/\/blog.proofs.de\/da\/schoen-wars-die-mitgliederversammlung-2019-von-freiefarbe-e-v-in-der-schweiz\/#webpage"},"articleSection":"Allgemein, Farbr\u00e4ume und Farbprofile, Proof GmbH, freie Farbe, freieFarbe, Holger Everding, Jan Seguda, Jan-Peter Homann, Kai-Uwe Behrmann, Martin Spaar, Matteo Baschera, Matthias Betz, Michael Jakobi, Mitgliederversammlung, Peter J\u00e4ger, Proof GmbH, Schweiz"},{"@type":"BreadcrumbList","@id":"http:\/\/blog.proofs.de\/da\/schoen-wars-die-mitgliederversammlung-2019-von-freiefarbe-e-v-in-der-schweiz\/#breadcrumblist","itemListElement":[{"@type":"ListItem","@id":"http:\/\/blog.proofs.de\/da#listItem","position":1,"name":"Home","item":"http:\/\/blog.proofs.de\/da","nextItem":{"@type":"ListItem","@id":"http:\/\/blog.proofs.de\/da\/thema\/proof-wissen\/#listItem","name":"Proof Wissen"}},{"@type":"ListItem","@id":"http:\/\/blog.proofs.de\/da\/thema\/proof-wissen\/#listItem","position":2,"name":"Proof Wissen","item":"http:\/\/blog.proofs.de\/da\/thema\/proof-wissen\/","nextItem":{"@type":"ListItem","@id":"http:\/\/blog.proofs.de\/da\/thema\/proof-wissen\/kategorie-proof-gmbh\/#listItem","name":"Proof GmbH"},"previousItem":{"@type":"ListItem","@id":"http:\/\/blog.proofs.de\/da#listItem","name":"Home"}},{"@type":"ListItem","@id":"http:\/\/blog.proofs.de\/da\/thema\/proof-wissen\/kategorie-proof-gmbh\/#listItem","position":3,"name":"Proof GmbH","item":"http:\/\/blog.proofs.de\/da\/thema\/proof-wissen\/kategorie-proof-gmbh\/","nextItem":{"@type":"ListItem","@id":"http:\/\/blog.proofs.de\/da\/schoen-wars-die-mitgliederversammlung-2019-von-freiefarbe-e-v-in-der-schweiz\/#listItem","name":"Sch\u00f6n war&#8217;s: Die Mitgliederversammlung 2019 von freieFarbe e.V. in der Schweiz"},"previousItem":{"@type":"ListItem","@id":"http:\/\/blog.proofs.de\/da\/thema\/proof-wissen\/#listItem","name":"Proof Wissen"}},{"@type":"ListItem","@id":"http:\/\/blog.proofs.de\/da\/schoen-wars-die-mitgliederversammlung-2019-von-freiefarbe-e-v-in-der-schweiz\/#listItem","position":4,"name":"Sch\u00f6n war&#8217;s: Die Mitgliederversammlung 2019 von freieFarbe e.V. in der Schweiz","previousItem":{"@type":"ListItem","@id":"http:\/\/blog.proofs.de\/da\/thema\/proof-wissen\/kategorie-proof-gmbh\/#listItem","name":"Proof GmbH"}}]},{"@type":"Organization","@id":"http:\/\/blog.proofs.de\/da\/#organization","name":"Proof GmbH","description":"Farbverbindlicher Proof, Farbproof, Digitalproof und Online-Proof.","url":"http:\/\/blog.proofs.de\/da\/","telephone":"+4970717952740","logo":{"@type":"ImageObject","url":"https:\/\/blog1.proofen.de\/wp-content\/uploads\/2019\/09\/logo_proof_rgb_mit_balken_250px.png","@id":"http:\/\/blog.proofs.de\/da\/schoen-wars-die-mitgliederversammlung-2019-von-freiefarbe-e-v-in-der-schweiz\/#organizationLogo"},"image":{"@id":"http:\/\/blog.proofs.de\/da\/schoen-wars-die-mitgliederversammlung-2019-von-freiefarbe-e-v-in-der-schweiz\/#organizationLogo"},"sameAs":["https:\/\/www.facebook.com\/Proof.de\/","https:\/\/www.instagram.com\/proof.de\/","https:\/\/www.tiktok.com\/@proof_de","https:\/\/www.youtube.com\/channel\/UCk80fQVQ25wC9wu3SywB-Nw","https:\/\/www.linkedin.com\/company\/proof-de"]},{"@type":"Person","@id":"http:\/\/blog.proofs.de\/da\/author\/mbetz\/#author","url":"http:\/\/blog.proofs.de\/da\/author\/mbetz\/","name":"Matthias Betz","image":{"@type":"ImageObject","@id":"http:\/\/blog.proofs.de\/da\/schoen-wars-die-mitgliederversammlung-2019-von-freiefarbe-e-v-in-der-schweiz\/#authorImage","url":"https:\/\/blog.proofs.de\/wp-content\/uploads\/2020\/10\/matthias-betz-e1603934518350-150x150.png","width":96,"height":96,"caption":"Matthias Betz"}},{"@type":"WebPage","@id":"http:\/\/blog.proofs.de\/da\/schoen-wars-die-mitgliederversammlung-2019-von-freiefarbe-e-v-in-der-schweiz\/#webpage","url":"http:\/\/blog.proofs.de\/da\/schoen-wars-die-mitgliederversammlung-2019-von-freiefarbe-e-v-in-der-schweiz\/","name":"Mitgliederversammlung 2019 freieFarbe e.V. | proof.de","description":"Nachdem sich freieFarbe im letzten Jahr in T\u00fcbingen bei bei proof.de zur Mitgliederversammlung getroffen hatte, waren wir 2019 in St. Gallen zusammen","inLanguage":"da-DK","isPartOf":{"@id":"http:\/\/blog.proofs.de\/da\/#website"},"breadcrumb":{"@id":"http:\/\/blog.proofs.de\/da\/schoen-wars-die-mitgliederversammlung-2019-von-freiefarbe-e-v-in-der-schweiz\/#breadcrumblist"},"author":{"@id":"http:\/\/blog.proofs.de\/da\/author\/mbetz\/#author"},"creator":{"@id":"http:\/\/blog.proofs.de\/da\/author\/mbetz\/#author"},"image":{"@type":"ImageObject","url":"https:\/\/blog.proofs.de\/wp-content\/uploads\/2019\/10\/jhv2019-1140x550.jpg","@id":"http:\/\/blog.proofs.de\/da\/schoen-wars-die-mitgliederversammlung-2019-von-freiefarbe-e-v-in-der-schweiz\/#mainImage","width":1140,"height":550,"caption":"von links nach rechts: Matteo Baschera, Jan-Peter Homann, Matthias Betz, Holger Everding, Eric A. Soder, Martin Spaar, Peter J\u00e4ger, Michael Jakobi. Es fehlen: Kai-Uwe Behrmann, Jan Seguda, Guy Fl\u00fceli (Foto)"},"primaryImageOfPage":{"@id":"http:\/\/blog.proofs.de\/da\/schoen-wars-die-mitgliederversammlung-2019-von-freiefarbe-e-v-in-der-schweiz\/#mainImage"},"datePublished":"2019-10-11T01:48:02+02:00","dateModified":"2023-07-20T09:26:34+02:00"},{"@type":"WebSite","@id":"http:\/\/blog.proofs.de\/da\/#website","url":"http:\/\/blog.proofs.de\/da\/","name":"Proof.de","description":"Farbverbindlicher Proof, Farbproof, Digitalproof und Online-Proof.","inLanguage":"da-DK","publisher":{"@id":"http:\/\/blog.proofs.de\/da\/#organization"}}]},"og:locale":"da_DK","og:site_name":"Proof.de | Alles zu Proof, Farbmanagement, Grafik, Messtechnik &amp; Co.","og:type":"article","og:title":"Mitgliederversammlung 2019 freieFarbe e.V. | proof.de","og:description":"Nachdem sich freieFarbe im letzten Jahr in T\u00fcbingen bei bei proof.de zur Mitgliederversammlung getroffen hatte, waren wir 2019 in St. Gallen zusammen","og:url":"http:\/\/blog.proofs.de\/da\/schoen-wars-die-mitgliederversammlung-2019-von-freiefarbe-e-v-in-der-schweiz\/","og:image":"http:\/\/blog.proofs.de\/wp-content\/uploads\/2019\/10\/jhv2019-1140x550.jpg","og:image:width":1140,"og:image:height":550,"article:published_time":"2019-10-10T23:48:02+00:00","article:modified_time":"2023-07-20T07:26:34+00:00","article:publisher":"https:\/\/www.facebook.com\/Proof.de\/","twitter:card":"summary","twitter:title":"Mitgliederversammlung 2019 freieFarbe e.V. | proof.de","twitter:description":"Nachdem sich freieFarbe im letzten Jahr in T\u00fcbingen bei bei proof.de zur Mitgliederversammlung getroffen hatte, waren wir 2019 in St. Gallen zusammen","twitter:image":"https:\/\/blog1.proofen.de\/wp-content\/uploads\/2020\/04\/proof_background.jpg"},"aioseo_meta_data":{"post_id":"2496","title":"Generalforsamling 2019 i freieFarbe e.V. | proof.de","description":"Efter at freieFarbe sidste \u00e5r m\u00f8dtes i T\u00fcbingen p\u00e5 proof.de til generalforsamlingen, var vi sammen i St. Gallen i 2019.","keywords":[{"label":"freie Farbe,freieFarbe,Proof GmbH,Mitgliederversammlung,Schweiz,Peter J\u00e4ger,Jan-Peter Homann,Holger Everding,Matthias Betz,Kai-Uwe Behrmann,Matteo Baschera,Martin Spaar,Jan Seguda,Michael Jakobi,Guy Fl\u00fceli","value":"freie Farbe,freieFarbe,Proof GmbH,Mitgliederversammlung,Schweiz,Peter J\u00e4ger,Jan-Peter Homann,Holger Everding,Matthias Betz,Kai-Uwe Behrmann,Matteo Baschera,Martin Spaar,Jan Seguda,Michael Jakobi,Guy Fl\u00fceli"}],"keyphrases":{"focus":{"keyphrase":"freieFarbe","score":100,"analysis":{"keyphraseInTitle":{"score":9,"maxScore":9,"error":0},"keyphraseInDescription":{"score":9,"maxScore":9,"error":0},"keyphraseLength":{"score":9,"maxScore":9,"error":0,"length":1},"keyphraseInURL":{"score":5,"maxScore":5,"error":0},"keyphraseInIntroduction":{"score":9,"maxScore":9,"error":0},"keyphraseInSubHeadings":[],"keyphraseInImageAlt":{"score":9,"maxScore":9,"error":0}}},"additional":[]},"primary_term":null,"canonical_url":null,"og_title":null,"og_description":null,"og_object_type":"default","og_image_type":"default","og_image_url":null,"og_image_width":null,"og_image_height":null,"og_image_custom_url":null,"og_image_custom_fields":null,"og_video":"","og_custom_url":null,"og_article_section":null,"og_article_tags":[],"twitter_use_og":false,"twitter_card":"default","twitter_image_type":"default","twitter_image_url":null,"twitter_image_custom_url":null,"twitter_image_custom_fields":null,"twitter_title":null,"twitter_description":null,"schema":{"blockGraphs":[],"customGraphs":[],"default":{"data":{"Article":[],"Course":[],"Dataset":[],"FAQPage":[],"Movie":[],"Person":[],"Product":[],"ProductReview":[],"Car":[],"Recipe":[],"Service":[],"SoftwareApplication":[],"WebPage":[]},"graphName":"Article","isEnabled":true},"graphs":[],"defaultGraph":"","defaultPostTypeGraph":""},"schema_type":null,"schema_type_options":null,"pillar_content":false,"robots_default":true,"robots_noindex":false,"robots_noarchive":false,"robots_nosnippet":false,"robots_nofollow":false,"robots_noimageindex":false,"robots_noodp":false,"robots_notranslate":false,"robots_max_snippet":"-1","robots_max_videopreview":"-1","robots_max_imagepreview":"large","priority":null,"frequency":"default","local_seo":null,"breadcrumb_settings":null,"limit_modified_date":false,"ai":null,"created":"2020-12-21 00:33:58","updated":"2025-06-04 14:25:05","seo_analyzer_scan_date":null,"focus_keyword":"freieFarbe","additional_keywords":null,"truseo_locale":null},"_links":{"self":[{"href":"http:\/\/blog.proofs.de\/da\/wp-json\/wp\/v2\/posts\/2496","targetHints":{"allow":["GET"]}}],"collection":[{"href":"http:\/\/blog.proofs.de\/da\/wp-json\/wp\/v2\/posts"}],"about":[{"href":"http:\/\/blog.proofs.de\/da\/wp-json\/wp\/v2\/types\/post"}],"author":[{"embeddable":true,"href":"http:\/\/blog.proofs.de\/da\/wp-json\/wp\/v2\/users\/2"}],"replies":[{"embeddable":true,"href":"http:\/\/blog.proofs.de\/da\/wp-json\/wp\/v2\/comments?post=2496"}],"version-history":[{"count":11,"href":"http:\/\/blog.proofs.de\/da\/wp-json\/wp\/v2\/posts\/2496\/revisions"}],"predecessor-version":[{"id":5458,"href":"http:\/\/blog.proofs.de\/da\/wp-json\/wp\/v2\/posts\/2496\/revisions\/5458"}],"wp:featuredmedia":[{"embeddable":true,"href":"http:\/\/blog.proofs.de\/da\/wp-json\/wp\/v2\/media\/2500"}],"wp:attachment":[{"href":"http:\/\/blog.proofs.de\/da\/wp-json\/wp\/v2\/media?parent=2496"}],"wp:term":[{"taxonomy":"category","embeddable":true,"href":"http:\/\/blog.proofs.de\/da\/wp-json\/wp\/v2\/categories?post=2496"},{"taxonomy":"post_tag","embeddable":true,"href":"http:\/\/blog.proofs.de\/da\/wp-json\/wp\/v2\/tags?post=2496"}],"curies":[{"name":"wp","href":"https:\/\/api.w.org\/{rel}","templated":true}]}}