{"id":6127,"date":"2025-08-01T12:15:43","date_gmt":"2025-08-01T10:15:43","guid":{"rendered":"https:\/\/www.proof.de\/?p=6127"},"modified":"2025-08-04T17:36:35","modified_gmt":"2025-08-04T15:36:35","slug":"x-rite-i1profiler-understotter-ikke-laengere-i1pro2-og-i1display","status":"publish","type":"post","link":"http:\/\/blog.proofs.de\/da\/x-rite-i1profiler-unterstuetzt-i1pro2-und-i1display-nicht-mehr\/","title":{"rendered":"X-Rite i1Profiler underst\u00f8tter ikke l\u00e6ngere i1Pro2 og i1iO 2"},"content":{"rendered":"<div class=\"kk-star-ratings kksr-auto kksr-align-right kksr-valign-top\" data-payload='{\"align\":\"right\",\"id\":\"6127\",\"slug\":\"default\",\"valign\":\"top\",\"ignore\":\"\",\"reference\":\"auto\",\"class\":\"\",\"count\":\"2\",\"legendonly\":\"\",\"readonly\":\"\",\"score\":\"5\",\"starsonly\":\"\",\"best\":\"5\",\"gap\":\"5\",\"greet\":\"Jetzt bewerten\",\"legend\":\"5\\\/5 - (2 votes)\",\"size\":\"24\",\"title\":\"X-Rite i1Profiler unterst&uuml;tzt i1Pro2 und und i1iO 2 nicht mehr\",\"width\":\"142.5\",\"_legend\":\"{score}\\\/{best} - ({count} {votes})\",\"font_factor\":\"1.25\"}'>\n            \n<div class=\"kksr-stars\">\n    \n<div class=\"kksr-stars-inactive\">\n            <div class=\"kksr-star\" data-star=\"1\" style=\"padding-right: 5px\">\n            \n\n<div class=\"kksr-icon\" style=\"width: 24px; height: 24px;\"><\/div>\n        <\/div>\n            <div class=\"kksr-star\" data-star=\"2\" style=\"padding-right: 5px\">\n            \n\n<div class=\"kksr-icon\" style=\"width: 24px; height: 24px;\"><\/div>\n        <\/div>\n            <div class=\"kksr-star\" data-star=\"3\" style=\"padding-right: 5px\">\n            \n\n<div class=\"kksr-icon\" style=\"width: 24px; height: 24px;\"><\/div>\n        <\/div>\n            <div class=\"kksr-star\" data-star=\"4\" style=\"padding-right: 5px\">\n            \n\n<div class=\"kksr-icon\" style=\"width: 24px; height: 24px;\"><\/div>\n        <\/div>\n            <div class=\"kksr-star\" data-star=\"5\" style=\"padding-right: 5px\">\n            \n\n<div class=\"kksr-icon\" style=\"width: 24px; height: 24px;\"><\/div>\n        <\/div>\n    <\/div>\n    \n<div class=\"kksr-stars-active\" style=\"width: 142.5px;\">\n            <div class=\"kksr-star\" style=\"padding-right: 5px\">\n            \n\n<div class=\"kksr-icon\" style=\"width: 24px; height: 24px;\"><\/div>\n        <\/div>\n            <div class=\"kksr-star\" style=\"padding-right: 5px\">\n            \n\n<div class=\"kksr-icon\" style=\"width: 24px; height: 24px;\"><\/div>\n        <\/div>\n            <div class=\"kksr-star\" style=\"padding-right: 5px\">\n            \n\n<div class=\"kksr-icon\" style=\"width: 24px; height: 24px;\"><\/div>\n        <\/div>\n            <div class=\"kksr-star\" style=\"padding-right: 5px\">\n            \n\n<div class=\"kksr-icon\" style=\"width: 24px; height: 24px;\"><\/div>\n        <\/div>\n            <div class=\"kksr-star\" style=\"padding-right: 5px\">\n            \n\n<div class=\"kksr-icon\" style=\"width: 24px; height: 24px;\"><\/div>\n        <\/div>\n    <\/div>\n<\/div>\n                \n\n<div class=\"kksr-legend\" style=\"font-size: 19.2px;\">\n            5\/5 - (2 stemmer)    <\/div>\n    <\/div>\n\n<p class=\"wp-block-paragraph\">Alle, der har geninstalleret eller opdateret deres i1 Profiler-app inden for de sidste par uger, er blevet konfronteret med foruroligende nyheder: X-Rite meddelte direkte i startvinduet, at de ikke l\u00e6ngere ville underst\u00f8tte deres enormt popul\u00e6re i1Display- og i1Pro2-enheder. <\/p>\n\n\n<div class=\"wp-block-image\">\n<figure class=\"alignright size-large is-resized\"><a href=\"http:\/\/blog.proofs.de\/wp-content\/uploads\/2025\/08\/X-Rite_Meldung_i1_Profiler_wegen_i1Pro2_und_i1iO2.png\"><img loading=\"lazy\" decoding=\"async\" width=\"1024\" height=\"697\" src=\"http:\/\/blog.proofs.de\/wp-content\/uploads\/2025\/08\/X-Rite_Meldung_i1_Profiler_wegen_i1Pro2_und_i1iO2-1024x697.png\" alt=\"X-Rite-meddelelse i i1 Profiler om afslutningen af i1Pro 2 og i1iO 2\" class=\"wp-image-6140\" style=\"width:483px;height:auto\" srcset=\"https:\/\/blog.proofs.de\/wp-content\/uploads\/2025\/08\/X-Rite_Meldung_i1_Profiler_wegen_i1Pro2_und_i1iO2-1024x697.png 1024w, https:\/\/blog.proofs.de\/wp-content\/uploads\/2025\/08\/X-Rite_Meldung_i1_Profiler_wegen_i1Pro2_und_i1iO2-300x204.png 300w, https:\/\/blog.proofs.de\/wp-content\/uploads\/2025\/08\/X-Rite_Meldung_i1_Profiler_wegen_i1Pro2_und_i1iO2-768x523.png 768w, https:\/\/blog.proofs.de\/wp-content\/uploads\/2025\/08\/X-Rite_Meldung_i1_Profiler_wegen_i1Pro2_und_i1iO2-18x12.png 18w, https:\/\/blog.proofs.de\/wp-content\/uploads\/2025\/08\/X-Rite_Meldung_i1_Profiler_wegen_i1Pro2_und_i1iO2.png 1128w\" sizes=\"auto, (max-width: 1024px) 100vw, 1024px\"><\/a><\/figure>\n<\/div>\n\n\n<blockquote class=\"wp-block-quote is-layout-flow wp-block-quote-is-layout-flow\">\n<p class=\"wp-block-paragraph\">\"<strong>Vigtig bem\u00e6rkning<\/strong><\/p>\n\n\n\n<p class=\"wp-block-paragraph\">Enhedsserien i1Pro 2 udl\u00f8b den 1. januar 2025. i1Pro 2 og i1iO 2 vil ikke l\u00e6ngere blive underst\u00f8ttet af i1Profiler fra den 1. januar 2026. Kontakt venligst X-Rite Sales for at opgradere til i1Pro 3. <\/p>\n\n\n\n<p class=\"wp-block-paragraph\">i1Profiler underst\u00f8tter ikke l\u00e6ngere X-Rite-enhederne i1Display Pro og i1Display Pro Plus. Disse underst\u00f8ttes dog af softwaren fra Calibrite, en X-Rite-partner. Bes\u00f8g venligst <a href=\"https:\/\/www.xrite.com\/contact-us\/contact-us-form\" title=\"\">X-Rite i1Display-opgraderinger<\/a>for at finde ud af mere.\"&nbsp;<\/p>\n<\/blockquote>\n\n\n\n<p class=\"wp-block-paragraph\">Frem for alt skal brugere af print- og <a href=\"http:\/\/blog.proofs.de\/da\/lexikon\/farbmanagement\/\" target=\"_self\" title=\"Form\u00e5let med farvestyring er at sikre, at farverne gengives s\u00e5 ens som muligt p\u00e5 tv\u00e6rs af de forskellige enheder som f.eks. kameraer, scannere, sk\u00e6rme, laser-, inkjet- og offsetprintere og mange flere.\" class=\"encyclopedia\">Farvestyring<\/a> De enormt popul\u00e6re i1Pro 2-apparater og i1iO 2-borde vil blive h\u00e5rdt ramt af meddelelsen: En investering p\u00e5 6.000 euro bliver hurtigt skubbet til den elektroniske skrotbunke. Men hvad kan man g\u00f8re, hvis man ejer s\u00e5dan en kombination eller har mange i1Pro 2-m\u00e5leapparater i sin virksomhed?<\/p>\n\n\n\n<figure class=\"wp-block-gallery has-nested-images columns-default is-cropped wp-block-gallery-2 is-layout-flex wp-block-gallery-is-layout-flex\">\n<figure class=\"wp-block-image size-large\"><a href=\"http:\/\/blog.proofs.de\/wp-content\/uploads\/2025\/07\/Proof_de_X-Rite_i1Pro_2_produktbild_web.jpg\"><img loading=\"lazy\" decoding=\"async\" width=\"1024\" height=\"683\" data-id=\"6136\" src=\"http:\/\/blog.proofs.de\/wp-content\/uploads\/2025\/07\/Proof_de_X-Rite_i1Pro_2_produktbild_web-1024x683.jpg\" alt=\"Proof.de: X-Rite i1iPro 2 produktbillede\" class=\"wp-image-6136\" srcset=\"https:\/\/blog.proofs.de\/wp-content\/uploads\/2025\/07\/Proof_de_X-Rite_i1Pro_2_produktbild_web-1024x683.jpg 1024w, https:\/\/blog.proofs.de\/wp-content\/uploads\/2025\/07\/Proof_de_X-Rite_i1Pro_2_produktbild_web-300x200.jpg 300w, https:\/\/blog.proofs.de\/wp-content\/uploads\/2025\/07\/Proof_de_X-Rite_i1Pro_2_produktbild_web-768x512.jpg 768w, https:\/\/blog.proofs.de\/wp-content\/uploads\/2025\/07\/Proof_de_X-Rite_i1Pro_2_produktbild_web-1536x1024.jpg 1536w, https:\/\/blog.proofs.de\/wp-content\/uploads\/2025\/07\/Proof_de_X-Rite_i1Pro_2_produktbild_web-18x12.jpg 18w, https:\/\/blog.proofs.de\/wp-content\/uploads\/2025\/07\/Proof_de_X-Rite_i1Pro_2_produktbild_web.jpg 1800w\" sizes=\"auto, (max-width: 1024px) 100vw, 1024px\"><\/a><figcaption class=\"wp-element-caption\"><a href=\"http:\/\/blog.proofs.de\/da\/lexikon\/proof\/\" target=\"_self\" title=\"Et proof (korrekt: kontraktproof) er en ISO 12647-7-certificeret proofinganordning til den grafiske industri. Et korrekturtryk simulerer farven ved offset- eller dybtryk p\u00e5 en farve- og juridisk bindende m\u00e5de inden for de sn\u00e6vre tolerancer i ISO-standarden.\" class=\"encyclopedia\">Bevis<\/a>.de: X-Rite i1iPro 2 produktbillede<\/figcaption><\/figure>\n\n\n\n<figure class=\"wp-block-image size-large\"><a href=\"http:\/\/blog.proofs.de\/wp-content\/uploads\/2025\/07\/Proof_de_X-Rite_i1iO_2_produktbild_web.jpg\"><img loading=\"lazy\" decoding=\"async\" width=\"1024\" height=\"683\" data-id=\"6135\" src=\"http:\/\/blog.proofs.de\/wp-content\/uploads\/2025\/07\/Proof_de_X-Rite_i1iO_2_produktbild_web-1024x683.jpg\" alt=\"Proof.de: X-Rite i1iO 2 produktbillede\" class=\"wp-image-6135\" srcset=\"https:\/\/blog.proofs.de\/wp-content\/uploads\/2025\/07\/Proof_de_X-Rite_i1iO_2_produktbild_web-1024x683.jpg 1024w, https:\/\/blog.proofs.de\/wp-content\/uploads\/2025\/07\/Proof_de_X-Rite_i1iO_2_produktbild_web-300x200.jpg 300w, https:\/\/blog.proofs.de\/wp-content\/uploads\/2025\/07\/Proof_de_X-Rite_i1iO_2_produktbild_web-768x512.jpg 768w, https:\/\/blog.proofs.de\/wp-content\/uploads\/2025\/07\/Proof_de_X-Rite_i1iO_2_produktbild_web-1536x1024.jpg 1536w, https:\/\/blog.proofs.de\/wp-content\/uploads\/2025\/07\/Proof_de_X-Rite_i1iO_2_produktbild_web-18x12.jpg 18w, https:\/\/blog.proofs.de\/wp-content\/uploads\/2025\/07\/Proof_de_X-Rite_i1iO_2_produktbild_web.jpg 1800w\" sizes=\"auto, (max-width: 1024px) 100vw, 1024px\"><\/a><figcaption class=\"wp-element-caption\">Proof.de: X-Rite i1iO 2 produktbillede<\/figcaption><\/figure>\n<\/figure>\n\n\n\n<h2 class=\"wp-block-heading\">Hvad skal man g\u00f8re? Mulighed 1: Forts\u00e6t med at bruge computeren med den \"gamle\" i1 Profiler-software<\/h2>\n\n\n\n<p class=\"wp-block-paragraph\">Hav en computer klar, hvor du kan holde liv i den sidste software, der stadig underst\u00f8tter disse enheder. For som X-Rite-supportteamet lader os vide: <\/p>\n\n\n\n<blockquote class=\"wp-block-quote is-layout-flow wp-block-quote-is-layout-flow\">\n<p class=\"wp-block-paragraph\">\"... s\u00e5 l\u00e6nge en version, der stadig har i1Pro 2 i sig, stadig k\u00f8rer p\u00e5 de nuv\u00e6rende Mac\/Windows-operativsystemer (dvs. selv efter januar 2026), kan du forts\u00e6tte med at bruge den. <a href=\"http:\/\/blog.proofs.de\/da\/lexikon\/nutzen\/\" target=\"_self\" title=\"Antallet af paneler angiver, hvor mange sider der kan placeres (og dermed udskrives) p\u00e5 et udskriftsark.\" class=\"encyclopedia\">bruge<\/a>.\" <\/p>\n<\/blockquote>\n\n\n\n<p class=\"wp-block-paragraph\">S\u00e5 v\u00e6r forberedt p\u00e5 at parkere en \u00e6ldre Mac Mini med den nyeste i1 Profiler-software, som stadig underst\u00f8tter i1Pro 2, et sted i et hj\u00f8rne af kontoret, s\u00e5 du kan forts\u00e6tte med at betjene iO-bordet og i1. Er der et andet alternativ? X-Rite Support kan ogs\u00e5 give dig et tip her:<\/p>\n\n\n\n<h2 class=\"wp-block-heading\">Mulighed 2: K\u00f8b en ny i1Pro 3 og overf\u00f8r i1 Profiler-licensen til den nye enhed<\/h2>\n\n\n\n<p class=\"wp-block-paragraph\">Det skriver X-Rite: <\/p>\n\n\n\n<blockquote class=\"wp-block-quote is-layout-flow wp-block-quote-is-layout-flow\">\n<p class=\"wp-block-paragraph\">\"I den nuv\u00e6rende version af i1Profiler (og en anden version forventes at f\u00f8lge i efter\u00e5ret 2025, som ogs\u00e5 vil omfatte i1Pro 2) kan du overf\u00f8re licenser fra i1Pro 2 til i1Pro 3 ved hj\u00e6lp af funktionen 'Licensoverf\u00f8rsel' (valgmulighed i i1Profiler-hovedvinduet).<\/p>\n<\/blockquote>\n\n\n\n<p class=\"wp-block-paragraph\">Dette kan ogs\u00e5 findes direkte i softwaren:<\/p>\n\n\n\n<figure class=\"wp-block-image size-large\"><a href=\"http:\/\/blog.proofs.de\/wp-content\/uploads\/2025\/07\/x-rite_i1Pro_2_Lizenzuebertragung_auf_i1Pro_3-scaled.jpg\"><img loading=\"lazy\" decoding=\"async\" width=\"1024\" height=\"639\" src=\"http:\/\/blog.proofs.de\/wp-content\/uploads\/2025\/07\/x-rite_i1Pro_2_Lizenzuebertragung_auf_i1Pro_3-1024x639.jpg\" alt=\"Licensoverf\u00f8rselsdialog i X-Rite i1 Profiler fra i1Pro 2 til i1Pro 3 eller i1Pro 3 PLUS\" class=\"wp-image-6129\" srcset=\"https:\/\/blog.proofs.de\/wp-content\/uploads\/2025\/07\/x-rite_i1Pro_2_Lizenzuebertragung_auf_i1Pro_3-1024x639.jpg 1024w, https:\/\/blog.proofs.de\/wp-content\/uploads\/2025\/07\/x-rite_i1Pro_2_Lizenzuebertragung_auf_i1Pro_3-300x187.jpg 300w, https:\/\/blog.proofs.de\/wp-content\/uploads\/2025\/07\/x-rite_i1Pro_2_Lizenzuebertragung_auf_i1Pro_3-768x480.jpg 768w, https:\/\/blog.proofs.de\/wp-content\/uploads\/2025\/07\/x-rite_i1Pro_2_Lizenzuebertragung_auf_i1Pro_3-1536x959.jpg 1536w, https:\/\/blog.proofs.de\/wp-content\/uploads\/2025\/07\/x-rite_i1Pro_2_Lizenzuebertragung_auf_i1Pro_3-2048x1279.jpg 2048w, https:\/\/blog.proofs.de\/wp-content\/uploads\/2025\/07\/x-rite_i1Pro_2_Lizenzuebertragung_auf_i1Pro_3-18x12.jpg 18w\" sizes=\"auto, (max-width: 1024px) 100vw, 1024px\"><\/a><figcaption class=\"wp-element-caption\">Licensoverf\u00f8rselsdialog i X-Rite i1 Profiler fra i1Pro 2 til i1Pro 3 eller i1Pro 3 PLUS<\/figcaption><\/figure>\n\n\n\n<p class=\"wp-block-paragraph\">Selvf\u00f8lgelig opfylder Proof GmbH ogs\u00e5 dette krav: Vi har i \u00f8jeblikket to X-Rite i1Pro 2 og et i1iO 2-bord i brug. Vi havde k\u00f8bt iO-bordet for at kunne bruge freecolour <a href=\"http:\/\/blog.proofs.de\/da\/lexikon\/cielab\/\" target=\"_self\" title=\"CIELAB-farvemodellen blev defineret i 1976 af Commission Internationale de l&#039;Eclairage og beskriver alle opfattelige farver. Det er en videreudvikling af Hunter-LAB-farveskalaen fra 1966 og en matematisk farvemodel, hvor et objekts spektrale egenskaber og vores visuelle systems perceptuelle egenskaber opvejes mod hinanden. CIELAB, eller kort sagt LAB, bruges stadig i vid udstr\u00e6kning i dag...\" class=\"encyclopedia\">CIELAB<\/a> <a href=\"http:\/\/blog.proofs.de\/da\/lexikon\/hlc\/\" target=\"_self\" title=\"HLC er en velforst\u00e5elig repr\u00e6sentation af CIELAB-farverummet. Den lodrette L-akse er identisk her. Den horisontale position af en farveposition bestemmes af vinklen H i forhold til den positive a-akse (mod uret og i grader) og radius C, dvs. afstanden til L-aksen.\" class=\"encyclopedia\">HLC<\/a> Colour Atlas, hvilket n\u00e6ppe ville have v\u00e6ret muligt p\u00e5 nogen anden m\u00e5de dengang. Vi k\u00f8bte iO 2, som var ret dyr: I dag tilbyder 3D-printere p\u00e5 Ebay ogs\u00e5 at printe holdere til i1Pro 2 til iO 1-bordet for kun 90 euro, da det s\u00e5 kan bruges sammen med en i1Pro 2. X-Rite havde allerede sat sit eget marked under pres. Og X-Rite plejede at tilbyde en opgradering af i1-bordet til i1Pro 2, som kostede omkring \u20ac350 direkte fra X-Rite, s\u00e5 det var en ret fair pris.<\/p>\n\n\n\n<h2 class=\"wp-block-heading\">X-Rite tilbyder en r\u00e6kke indbytningskampagner for at kompensere for dette <\/h2>\n\n\n\n<p class=\"wp-block-paragraph\">For ikke at skr\u00e6mme sine kunder for meget tilbyder X-Rite i \u00f8jeblikket 9 indbytningskampagner, hvor gamle m\u00e5leinstrumenter, hardware og software kan byttes til nye versioner og spare op til 35% p\u00e5 k\u00f8bsprisen for den nye l\u00f8sning. Alle, der \u00f8nsker det, kan spare penge p\u00e5 b\u00e5de i1Pro 3 og eXact 2, n\u00e5r de k\u00f8ber en ny, hvis de indleverer eller destruerer deres gamle enhed til geng\u00e6ld. Det vil helt sikkert g\u00f8re en eller to kunder glade og tilfredse.<\/p>\n\n\n\n<p class=\"wp-block-paragraph\"><a href=\"https:\/\/www.xrite.com\/de\/promotions\">https:\/\/www.xrite.com\/de\/promotions<\/a><\/p>\n\n\n\n<p class=\"wp-block-paragraph\">Men X-Rite er ikke den eneste virksomhed, der i \u00f8jeblikket skiller sig af med kunder: KonicaMinolta har ogs\u00e5 udfaset alle sine MYIRO-m\u00e5leapparater og software, hvilket efterlader et stort hul. Vi ejer f.eks. ogs\u00e5 en MYIRO-9, som ikke l\u00e6ngere s\u00e6lges af KonicaMinolta, og hvis dage er talte med hensyn til support. <\/p>\n\n\n\n<h2 class=\"wp-block-heading\">Datacolor lancerer nye m\u00e5leinstrumenter til sf\u00e6riske hoveder<\/h2>\n\n\n<div class=\"wp-block-image\">\n<figure class=\"alignright size-full\"><a href=\"https:\/\/www.datacolor.com\/wp-content\/uploads\/2025\/03\/PSeries-specsheet-DE.pdf\"><img loading=\"lazy\" decoding=\"async\" width=\"337\" height=\"800\" src=\"http:\/\/blog.proofs.de\/wp-content\/uploads\/2025\/08\/Datacolor_Spectro_P300.jpg\" alt=\"Datacolor Spectro P300\" class=\"wp-image-6143\" srcset=\"https:\/\/blog.proofs.de\/wp-content\/uploads\/2025\/08\/Datacolor_Spectro_P300.jpg 337w, https:\/\/blog.proofs.de\/wp-content\/uploads\/2025\/08\/Datacolor_Spectro_P300-126x300.jpg 126w, https:\/\/blog.proofs.de\/wp-content\/uploads\/2025\/08\/Datacolor_Spectro_P300-5x12.jpg 5w\" sizes=\"auto, (max-width: 337px) 100vw, 337px\"><\/a><\/figure>\n<\/div>\n\n\n<p class=\"wp-block-paragraph\">Det har i nogen tid v\u00e6ret rygtet i baggrunden, at Datacolor er ved at positionere sig og forberede nye produkter med nye softwarel\u00f8sninger. Efter k\u00f8bet af Matchmycolor fra Basel med Colibri-softwareserien k\u00f8bte virksomheden Techkon Tyskland og USA og fik dermed en h\u00f8jkvalitetsl\u00f8sning med SpectroDens, hvor der ogs\u00e5 blev rapporteret om problemer her i serien, s\u00e5 der ikke kunne leveres enheder i flere uger. <\/p>\n\n\n\n<p class=\"wp-block-paragraph\">Datacolor har ogs\u00e5 styrket sine udviklingsaktiviteter i de seneste m\u00e5neder og retter sig mod nye softwarel\u00f8sninger p\u00e5 markedet. <\/p>\n\n\n\n<p class=\"wp-block-paragraph\">Og Datacolor tilbyder i \u00f8jeblikket ogs\u00e5 en ny b\u00e6rbar <a href=\"http:\/\/blog.proofs.de\/da\/lexikon\/spektralphotometer\/\" target=\"_self\" title=\"Spektrofotometre er farvem\u00e5leinstrumenter af h\u00f8j kvalitet, der kan m\u00e5le og pr\u00e6cist beskrive enhver farve. M\u00e5leapparatet opn\u00e5r dette ved at belyse m\u00e5lefladen med hele spektret af synligt lys. Refleksionsv\u00e6rdierne for bestemte b\u00f8lgel\u00e6ngder giver tilsammen den m\u00e5lte v\u00e6rdi, som ofte udgives i Lab (m\u00e5letilstand frit valgbar fra M0 til M2). De spektrale m\u00e5lev\u00e6rdier kan dog ogs\u00e5 lagres direkte. Proofprintere af h\u00f8j kvalitet har deres egne spektrofotometre til direkte kontrol af printet.\" class=\"encyclopedia\">Spektrofotometer<\/a> - sandsynligvis i kuglehovedgeometri, s\u00e5 ikke noget for trykomr\u00e5det - i Spectro-P-serien:<\/p>\n\n\n\n<p class=\"wp-block-paragraph\"><a href=\"https:\/\/www.datacolor.com\/de\/news-press\/press-release\/datacolor-announces-launch-of-next-generation-of-precision-portable-spectrophotometers-spectro-p-series\">https:\/\/www.datacolor.com\/de\/news-press\/press-release\/datacolor-announces-launch-of-next-generation-of-precision-portable-spectrophotometers-spectro-p-series<\/a><\/p>\n\n\n\n<p class=\"wp-block-paragraph\"><a href=\"https:\/\/www.datacolor.com\/de\/business-solutions\/product\/spectrop300\">https:\/\/www.datacolor.com\/de\/business-solutions\/product\/spectrop300<\/a><\/p>\n\n\n\n<p class=\"wp-block-paragraph\"><a href=\"https:\/\/www.datacolor.com\/de\/business-solutions\/product\/spectrop200\">https:\/\/www.datacolor.com\/de\/business-solutions\/product\/spectrop200<\/a><\/p>\n\n\n\n<p class=\"wp-block-paragraph\">Vi ved endnu ikke noget om priserne, men to tilbuds-PDF'er for Abu Dhabi, som kan findes p\u00e5 internettet, n\u00e6vner en pris p\u00e5 USD 13.500 for Datacolor Spectro P300, som blev tilbudt fra Tyskland til Abu Dhabi i juni 2025. Det ville v\u00e6re en lignende prisklasse som CM26d fra KonicaMinolta, hvis \"Sensing\"-serie med <a href=\"http:\/\/blog.proofs.de\/da\/lexikon\/kugelkopfmessgeraet\/\" target=\"_self\" title=\"Spektrofotometre med sf\u00e6risk hoved som KonicaMinolta CM-26d er en klasse af farvem\u00e5leinstrumenter, der kan m\u00e5le med en d:8\u00b0 sf\u00e6risk hovedgeometri i m\u00e5letilstanden SCI - &quot;Specular Component Included&quot; (Specul\u00e6r komponent inkluderet) s\u00e5vel som SCE - &quot;Specular Component Excluded&quot; (Specul\u00e6r komponent ekskluderet).\" class=\"encyclopedia\">M\u00e5ler med sf\u00e6risk hoved<\/a>er udtrykkeligt bevaret. <\/p>\n\n\n\n<p class=\"wp-block-paragraph\"><a href=\"https:\/\/de.scribd.com\/document\/885818385\/Quotation-for-Sobha-Furniture-Industries-LLC-Spectro-P300-QC-Software-DC-Tools-Basic-V1\">https:\/\/de.scribd.com\/document\/885818385\/Quotation-for-Sobha-Furniture-Industries-LLC-Spectro-P300-QC-Software-DC-Tools-Basic-V1<\/a><\/p>\n\n\n\n<p class=\"wp-block-paragraph\"><a href=\"https:\/\/de.scribd.com\/document\/885818040\/Datacolor-P300-offer-for-Sobha-furniture\">https:\/\/de.scribd.com\/document\/885818040\/Datacolor-P300-offer-for-Sobha-furniture<\/a><\/p>","protected":false},"excerpt":{"rendered":"<p>Alle, der har geninstalleret eller opdateret deres i1 Profiler-app inden for de sidste par uger, er blevet konfronteret med foruroligende nyheder: X-Rite meddelte direkte i startvinduet, at de ikke l\u00e6ngere ville underst\u00f8tte deres enormt popul\u00e6re i1Display- og i1Pro2-enheder. \"Vigtig meddelelse i1Pro 2-enhedsserien udl\u00f8b den 1. januar 2025. i1Pro 2 og i1iO 2 vil ikke l\u00e6ngere blive underst\u00f8ttet af i1Profiler fra den 1. januar 2026. Kontakt venligst X-Rite Sales for at opgradere til i1Pro 3. i1Profiler underst\u00f8tter ikke X-Rite-enhederne i1Display Pro og i1Display Pro Plus ... <\/p>\n<p class=\"read-more-container\"><a title=\"X-Rite i1Profiler underst\u00f8tter ikke l\u00e6ngere i1Pro2 og i1iO 2\" class=\"read-more button\" href=\"http:\/\/blog.proofs.de\/da\/x-rite-i1profiler-unterstuetzt-i1pro2-und-i1display-nicht-mehr\/#more-6127\" aria-label=\"L\u00e6s mere om X-Rite i1Profiler underst\u00f8tter ikke l\u00e6ngere i1Pro2 og i1iO 2\">L\u00e6s mere her<\/a><\/p>","protected":false},"author":2,"featured_media":6140,"comment_status":"open","ping_status":"open","sticky":false,"template":"","format":"standard","meta":{"om_disable_all_campaigns":false,"inline_featured_image":false,"_monsterinsights_skip_tracking":false,"footnotes":""},"categories":[1,437],"tags":[1428,1432,1423,1424,1425,1422,1426,806,1427,1229,1336,1335,1433,1334,1431,1430,1429,479],"class_list":["post-6127","post","type-post","status-publish","format-standard","has-post-thumbnail","hentry","category-allgemein","category-proof-software-und-technik","tag-datacolor","tag-datacolor-spectro-p","tag-i1io","tag-i1io-2","tag-i1io2","tag-i1pro-2","tag-i1pro-3","tag-i1pro2","tag-i1pro3","tag-konicaminolta","tag-konicaminolta-sensing","tag-myiro","tag-myiro-tools","tag-myiro-9","tag-spectro-p","tag-spectro-p200","tag-spectro-p300","tag-x-rite","generate-columns","tablet-grid-50","mobile-grid-100","grid-parent","grid-50","no-featured-image-padding","resize-featured-image"],"aioseo_notices":[],"aioseo_head":"\n\t\t<!-- All in One SEO 5.0.1.1 - aioseo.com -->\n\t<meta name=\"description\" content=\"X-Rite schockt seine Kunden: &quot;i1Pro 2 und i1iO 2 werden ab 2026 nicht mehr von i1Profiler unterst\u00fctzt.&quot; Was sollten X-Rite Anwender tun? Wer f\u00fcllt die L\u00fccke?\" \/>\n\t<meta name=\"robots\" content=\"max-image-preview:large\" \/>\n\t<meta name=\"author\" content=\"Matthias Betz\"\/>\n\t<meta name=\"google-site-verification\" content=\"TuXxyRwxcEg2-WfOaQ8vScWQh3-uBAnxXmY7g3GT90A\" \/>\n\t<meta name=\"keywords\" content=\"datacolor,datacolor spectro p,i1io,i1io 2,i1io2,i1pro 2,i1pro 3,i1pro2,i1pro3,konicaminolta,konicaminolta sensing,myiro,myiro tools,myiro-9,spectro p,spectro p200,spectro p300,x-rite\" \/>\n\t<link rel=\"canonical\" href=\"http:\/\/blog.proofs.de\/da\/x-rite-i1profiler-unterstuetzt-i1pro2-und-i1display-nicht-mehr\/\" \/>\n\t<meta name=\"generator\" content=\"All in One SEO (AIOSEO) 5.0.1.1\" \/>\n\n\t\t<meta name=\"seobility\" content=\"593a8578143db71543f014978c690d47\">\n\t\t<meta property=\"og:locale\" content=\"da_DK\" \/>\n\t\t<meta property=\"og:site_name\" content=\"Proof.de | Alles zu Proof, Farbmanagement, Grafik, Messtechnik &amp; Co.\" \/>\n\t\t<meta property=\"og:type\" content=\"article\" \/>\n\t\t<meta property=\"og:title\" content=\"X-Rite unterst\u00fctzt 1Pro2 \/ i1iO Ger\u00e4te nicht mehr | proof.de\" \/>\n\t\t<meta property=\"og:description\" content=\"X-Rite schockt seine Kunden: &quot;i1Pro 2 und i1iO 2 werden ab 2026 nicht mehr von i1Profiler unterst\u00fctzt.&quot; Was sollten X-Rite Anwender tun? Wer f\u00fcllt die L\u00fccke?\" \/>\n\t\t<meta property=\"og:url\" content=\"http:\/\/blog.proofs.de\/da\/x-rite-i1profiler-unterstuetzt-i1pro2-und-i1display-nicht-mehr\/\" \/>\n\t\t<meta property=\"og:image\" content=\"http:\/\/blog.proofs.de\/wp-content\/uploads\/2025\/08\/X-Rite_Meldung_i1_Profiler_wegen_i1Pro2_und_i1iO2.png\" \/>\n\t\t<meta property=\"og:image:width\" content=\"1128\" \/>\n\t\t<meta property=\"og:image:height\" content=\"768\" \/>\n\t\t<meta property=\"article:published_time\" content=\"2025-08-01T10:15:43+00:00\" \/>\n\t\t<meta property=\"article:modified_time\" content=\"2025-08-04T15:36:35+00:00\" \/>\n\t\t<meta property=\"article:publisher\" content=\"https:\/\/www.facebook.com\/Proof.de\/\" \/>\n\t\t<meta name=\"twitter:card\" content=\"summary\" \/>\n\t\t<meta name=\"twitter:title\" content=\"X-Rite unterst\u00fctzt 1Pro2 \/ i1iO Ger\u00e4te nicht mehr | proof.de\" \/>\n\t\t<meta name=\"twitter:description\" content=\"X-Rite schockt seine Kunden: &quot;i1Pro 2 und i1iO 2 werden ab 2026 nicht mehr von i1Profiler unterst\u00fctzt.&quot; Was sollten X-Rite Anwender tun? Wer f\u00fcllt die L\u00fccke?\" \/>\n\t\t<meta name=\"twitter:image\" content=\"https:\/\/blog.proofs.de\/wp-content\/uploads\/2025\/08\/X-Rite_Meldung_i1_Profiler_wegen_i1Pro2_und_i1iO2.png\" \/>\n\t\t<script type=\"application\/ld+json\" class=\"aioseo-schema\">\n\t\t\t{\"@context\":\"https:\\\/\\\/schema.org\",\"@graph\":[{\"@type\":\"Article\",\"@id\":\"http:\\\/\\\/blog.proofs.de\\\/da\\\/x-rite-i1profiler-unterstuetzt-i1pro2-und-i1display-nicht-mehr\\\/#article\",\"name\":\"X-Rite unterst\\u00fctzt 1Pro2 \\\/ i1iO Ger\\u00e4te nicht mehr | proof.de\",\"headline\":\"X-Rite i1Profiler unterst\\u00fctzt i1Pro2 und und i1iO 2 nicht mehr\",\"author\":{\"@id\":\"http:\\\/\\\/blog.proofs.de\\\/da\\\/author\\\/mbetz\\\/#author\"},\"publisher\":{\"@id\":\"http:\\\/\\\/blog.proofs.de\\\/da\\\/#organization\"},\"image\":{\"@type\":\"ImageObject\",\"url\":\"https:\\\/\\\/blog.proofs.de\\\/wp-content\\\/uploads\\\/2025\\\/08\\\/X-Rite_Meldung_i1_Profiler_wegen_i1Pro2_und_i1iO2.png\",\"width\":1128,\"height\":768,\"caption\":\"X-Rite Meldung in i1 Profiler zum Ende von i1Pro 2 und i1iO 2\"},\"datePublished\":\"2025-08-01T12:15:43+02:00\",\"dateModified\":\"2025-08-04T17:36:35+02:00\",\"inLanguage\":\"da-DK\",\"commentCount\":3,\"mainEntityOfPage\":{\"@id\":\"http:\\\/\\\/blog.proofs.de\\\/da\\\/x-rite-i1profiler-unterstuetzt-i1pro2-und-i1display-nicht-mehr\\\/#webpage\"},\"isPartOf\":{\"@id\":\"http:\\\/\\\/blog.proofs.de\\\/da\\\/x-rite-i1profiler-unterstuetzt-i1pro2-und-i1display-nicht-mehr\\\/#webpage\"},\"articleSection\":\"Allgemein, Proof Software &amp; Technik, Datacolor, Datacolor Spectro P, i1iO, i1iO 2, i1iO2, i1Pro 2, i1Pro 3, I1Pro2, i1Pro3, KonicaMinolta, KonicaMinolta Sensing, MYIRO, MYIRO Tools, MYIRO-9, Spectro P, Spectro P200, Spectro P300, X-Rite\"},{\"@type\":\"BreadcrumbList\",\"@id\":\"http:\\\/\\\/blog.proofs.de\\\/da\\\/x-rite-i1profiler-unterstuetzt-i1pro2-und-i1display-nicht-mehr\\\/#breadcrumblist\",\"itemListElement\":[{\"@type\":\"ListItem\",\"@id\":\"http:\\\/\\\/blog.proofs.de\\\/da#listItem\",\"position\":1,\"name\":\"Home\",\"item\":\"http:\\\/\\\/blog.proofs.de\\\/da\",\"nextItem\":{\"@type\":\"ListItem\",\"@id\":\"http:\\\/\\\/blog.proofs.de\\\/da\\\/thema\\\/proof-wissen\\\/#listItem\",\"name\":\"Proof Wissen\"}},{\"@type\":\"ListItem\",\"@id\":\"http:\\\/\\\/blog.proofs.de\\\/da\\\/thema\\\/proof-wissen\\\/#listItem\",\"position\":2,\"name\":\"Proof Wissen\",\"item\":\"http:\\\/\\\/blog.proofs.de\\\/da\\\/thema\\\/proof-wissen\\\/\",\"nextItem\":{\"@type\":\"ListItem\",\"@id\":\"http:\\\/\\\/blog.proofs.de\\\/da\\\/thema\\\/proof-wissen\\\/proof-software-und-technik\\\/#listItem\",\"name\":\"Proof Software &amp; Technik\"},\"previousItem\":{\"@type\":\"ListItem\",\"@id\":\"http:\\\/\\\/blog.proofs.de\\\/da#listItem\",\"name\":\"Home\"}},{\"@type\":\"ListItem\",\"@id\":\"http:\\\/\\\/blog.proofs.de\\\/da\\\/thema\\\/proof-wissen\\\/proof-software-und-technik\\\/#listItem\",\"position\":3,\"name\":\"Proof Software &amp; Technik\",\"item\":\"http:\\\/\\\/blog.proofs.de\\\/da\\\/thema\\\/proof-wissen\\\/proof-software-und-technik\\\/\",\"nextItem\":{\"@type\":\"ListItem\",\"@id\":\"http:\\\/\\\/blog.proofs.de\\\/da\\\/x-rite-i1profiler-unterstuetzt-i1pro2-und-i1display-nicht-mehr\\\/#listItem\",\"name\":\"X-Rite i1Profiler unterst\\u00fctzt i1Pro2 und und i1iO 2 nicht mehr\"},\"previousItem\":{\"@type\":\"ListItem\",\"@id\":\"http:\\\/\\\/blog.proofs.de\\\/da\\\/thema\\\/proof-wissen\\\/#listItem\",\"name\":\"Proof Wissen\"}},{\"@type\":\"ListItem\",\"@id\":\"http:\\\/\\\/blog.proofs.de\\\/da\\\/x-rite-i1profiler-unterstuetzt-i1pro2-und-i1display-nicht-mehr\\\/#listItem\",\"position\":4,\"name\":\"X-Rite i1Profiler unterst\\u00fctzt i1Pro2 und und i1iO 2 nicht mehr\",\"previousItem\":{\"@type\":\"ListItem\",\"@id\":\"http:\\\/\\\/blog.proofs.de\\\/da\\\/thema\\\/proof-wissen\\\/proof-software-und-technik\\\/#listItem\",\"name\":\"Proof Software &amp; Technik\"}}]},{\"@type\":\"Organization\",\"@id\":\"http:\\\/\\\/blog.proofs.de\\\/da\\\/#organization\",\"name\":\"Proof GmbH\",\"description\":\"Farbverbindlicher Proof, Farbproof, Digitalproof und Online-Proof.\",\"url\":\"http:\\\/\\\/blog.proofs.de\\\/da\\\/\",\"telephone\":\"+4970717952740\",\"logo\":{\"@type\":\"ImageObject\",\"url\":\"https:\\\/\\\/blog1.proofen.de\\\/wp-content\\\/uploads\\\/2019\\\/09\\\/logo_proof_rgb_mit_balken_250px.png\",\"@id\":\"http:\\\/\\\/blog.proofs.de\\\/da\\\/x-rite-i1profiler-unterstuetzt-i1pro2-und-i1display-nicht-mehr\\\/#organizationLogo\"},\"image\":{\"@id\":\"http:\\\/\\\/blog.proofs.de\\\/da\\\/x-rite-i1profiler-unterstuetzt-i1pro2-und-i1display-nicht-mehr\\\/#organizationLogo\"},\"sameAs\":[\"https:\\\/\\\/www.facebook.com\\\/Proof.de\\\/\",\"https:\\\/\\\/www.instagram.com\\\/proof.de\\\/\",\"https:\\\/\\\/www.tiktok.com\\\/@proof_de\",\"https:\\\/\\\/www.youtube.com\\\/channel\\\/UCk80fQVQ25wC9wu3SywB-Nw\",\"https:\\\/\\\/www.linkedin.com\\\/company\\\/proof-de\"]},{\"@type\":\"Person\",\"@id\":\"http:\\\/\\\/blog.proofs.de\\\/da\\\/author\\\/mbetz\\\/#author\",\"url\":\"http:\\\/\\\/blog.proofs.de\\\/da\\\/author\\\/mbetz\\\/\",\"name\":\"Matthias Betz\",\"image\":{\"@type\":\"ImageObject\",\"@id\":\"http:\\\/\\\/blog.proofs.de\\\/da\\\/x-rite-i1profiler-unterstuetzt-i1pro2-und-i1display-nicht-mehr\\\/#authorImage\",\"url\":\"https:\\\/\\\/blog.proofs.de\\\/wp-content\\\/uploads\\\/2020\\\/10\\\/matthias-betz-e1603934518350-150x150.png\",\"width\":96,\"height\":96,\"caption\":\"Matthias Betz\"}},{\"@type\":\"WebPage\",\"@id\":\"http:\\\/\\\/blog.proofs.de\\\/da\\\/x-rite-i1profiler-unterstuetzt-i1pro2-und-i1display-nicht-mehr\\\/#webpage\",\"url\":\"http:\\\/\\\/blog.proofs.de\\\/da\\\/x-rite-i1profiler-unterstuetzt-i1pro2-und-i1display-nicht-mehr\\\/\",\"name\":\"X-Rite unterst\\u00fctzt 1Pro2 \\\/ i1iO Ger\\u00e4te nicht mehr | proof.de\",\"description\":\"X-Rite schockt seine Kunden: \\\"i1Pro 2 und i1iO 2 werden ab 2026 nicht mehr von i1Profiler unterst\\u00fctzt.\\\" Was sollten X-Rite Anwender tun? Wer f\\u00fcllt die L\\u00fccke?\",\"inLanguage\":\"da-DK\",\"isPartOf\":{\"@id\":\"http:\\\/\\\/blog.proofs.de\\\/da\\\/#website\"},\"breadcrumb\":{\"@id\":\"http:\\\/\\\/blog.proofs.de\\\/da\\\/x-rite-i1profiler-unterstuetzt-i1pro2-und-i1display-nicht-mehr\\\/#breadcrumblist\"},\"author\":{\"@id\":\"http:\\\/\\\/blog.proofs.de\\\/da\\\/author\\\/mbetz\\\/#author\"},\"creator\":{\"@id\":\"http:\\\/\\\/blog.proofs.de\\\/da\\\/author\\\/mbetz\\\/#author\"},\"image\":{\"@type\":\"ImageObject\",\"url\":\"https:\\\/\\\/blog.proofs.de\\\/wp-content\\\/uploads\\\/2025\\\/08\\\/X-Rite_Meldung_i1_Profiler_wegen_i1Pro2_und_i1iO2.png\",\"@id\":\"http:\\\/\\\/blog.proofs.de\\\/da\\\/x-rite-i1profiler-unterstuetzt-i1pro2-und-i1display-nicht-mehr\\\/#mainImage\",\"width\":1128,\"height\":768,\"caption\":\"X-Rite Meldung in i1 Profiler zum Ende von i1Pro 2 und i1iO 2\"},\"primaryImageOfPage\":{\"@id\":\"http:\\\/\\\/blog.proofs.de\\\/da\\\/x-rite-i1profiler-unterstuetzt-i1pro2-und-i1display-nicht-mehr\\\/#mainImage\"},\"datePublished\":\"2025-08-01T12:15:43+02:00\",\"dateModified\":\"2025-08-04T17:36:35+02:00\"},{\"@type\":\"WebSite\",\"@id\":\"http:\\\/\\\/blog.proofs.de\\\/da\\\/#website\",\"url\":\"http:\\\/\\\/blog.proofs.de\\\/da\\\/\",\"name\":\"Proof.de\",\"description\":\"Farbverbindlicher Proof, Farbproof, Digitalproof und Online-Proof.\",\"inLanguage\":\"da-DK\",\"publisher\":{\"@id\":\"http:\\\/\\\/blog.proofs.de\\\/da\\\/#organization\"}}]}\n\t\t<\/script>\n\t\t<!-- All in One SEO -->\n\n","aioseo_head_json":{"title":"X-Rite underst\u00f8tter ikke l\u00e6ngere 1Pro2 \/ i1iO-enheder | proof.de","description":"X-Rite chokerer sine kunder: \"i1Pro 2 og i1iO 2 vil ikke l\u00e6ngere blive underst\u00f8ttet af i1Profiler fra 2026.\" Hvad skal X-Rite-brugere g\u00f8re? Hvem skal udfylde hullet?","canonical_url":"http:\/\/blog.proofs.de\/da\/x-rite-i1profiler-unterstuetzt-i1pro2-und-i1display-nicht-mehr\/","robots":"max-image-preview:large","keywords":"datacolor,datacolor spectro p,i1io,i1io 2,i1io2,i1pro 2,i1pro 3,i1pro2,i1pro3,konicaminolta,konicaminolta sensing,myiro,myiro tools,myiro-9,spectro p,spectro p200,spectro p300,x-rite","webmasterTools":{"google-site-verification":"TuXxyRwxcEg2-WfOaQ8vScWQh3-uBAnxXmY7g3GT90A","miscellaneous":"&lt;meta name=\"seobility\" content=\"593a8578143db71543f014978c690d47\"&gt;"},"schema":{"@context":"https:\/\/schema.org","@graph":[{"@type":"Article","@id":"http:\/\/blog.proofs.de\/da\/x-rite-i1profiler-unterstuetzt-i1pro2-und-i1display-nicht-mehr\/#article","name":"X-Rite unterst\u00fctzt 1Pro2 \/ i1iO Ger\u00e4te nicht mehr | proof.de","headline":"X-Rite i1Profiler unterst\u00fctzt i1Pro2 und und i1iO 2 nicht mehr","author":{"@id":"http:\/\/blog.proofs.de\/da\/author\/mbetz\/#author"},"publisher":{"@id":"http:\/\/blog.proofs.de\/da\/#organization"},"image":{"@type":"ImageObject","url":"https:\/\/blog.proofs.de\/wp-content\/uploads\/2025\/08\/X-Rite_Meldung_i1_Profiler_wegen_i1Pro2_und_i1iO2.png","width":1128,"height":768,"caption":"X-Rite Meldung in i1 Profiler zum Ende von i1Pro 2 und i1iO 2"},"datePublished":"2025-08-01T12:15:43+02:00","dateModified":"2025-08-04T17:36:35+02:00","inLanguage":"da-DK","commentCount":3,"mainEntityOfPage":{"@id":"http:\/\/blog.proofs.de\/da\/x-rite-i1profiler-unterstuetzt-i1pro2-und-i1display-nicht-mehr\/#webpage"},"isPartOf":{"@id":"http:\/\/blog.proofs.de\/da\/x-rite-i1profiler-unterstuetzt-i1pro2-und-i1display-nicht-mehr\/#webpage"},"articleSection":"Allgemein, Proof Software &amp; Technik, Datacolor, Datacolor Spectro P, i1iO, i1iO 2, i1iO2, i1Pro 2, i1Pro 3, I1Pro2, i1Pro3, KonicaMinolta, KonicaMinolta Sensing, MYIRO, MYIRO Tools, MYIRO-9, Spectro P, Spectro P200, Spectro P300, X-Rite"},{"@type":"BreadcrumbList","@id":"http:\/\/blog.proofs.de\/da\/x-rite-i1profiler-unterstuetzt-i1pro2-und-i1display-nicht-mehr\/#breadcrumblist","itemListElement":[{"@type":"ListItem","@id":"http:\/\/blog.proofs.de\/da#listItem","position":1,"name":"Home","item":"http:\/\/blog.proofs.de\/da","nextItem":{"@type":"ListItem","@id":"http:\/\/blog.proofs.de\/da\/thema\/proof-wissen\/#listItem","name":"Proof Wissen"}},{"@type":"ListItem","@id":"http:\/\/blog.proofs.de\/da\/thema\/proof-wissen\/#listItem","position":2,"name":"Proof Wissen","item":"http:\/\/blog.proofs.de\/da\/thema\/proof-wissen\/","nextItem":{"@type":"ListItem","@id":"http:\/\/blog.proofs.de\/da\/thema\/proof-wissen\/proof-software-und-technik\/#listItem","name":"Proof Software &amp; Technik"},"previousItem":{"@type":"ListItem","@id":"http:\/\/blog.proofs.de\/da#listItem","name":"Home"}},{"@type":"ListItem","@id":"http:\/\/blog.proofs.de\/da\/thema\/proof-wissen\/proof-software-und-technik\/#listItem","position":3,"name":"Proof Software &amp; Technik","item":"http:\/\/blog.proofs.de\/da\/thema\/proof-wissen\/proof-software-und-technik\/","nextItem":{"@type":"ListItem","@id":"http:\/\/blog.proofs.de\/da\/x-rite-i1profiler-unterstuetzt-i1pro2-und-i1display-nicht-mehr\/#listItem","name":"X-Rite i1Profiler unterst\u00fctzt i1Pro2 und und i1iO 2 nicht mehr"},"previousItem":{"@type":"ListItem","@id":"http:\/\/blog.proofs.de\/da\/thema\/proof-wissen\/#listItem","name":"Proof Wissen"}},{"@type":"ListItem","@id":"http:\/\/blog.proofs.de\/da\/x-rite-i1profiler-unterstuetzt-i1pro2-und-i1display-nicht-mehr\/#listItem","position":4,"name":"X-Rite i1Profiler unterst\u00fctzt i1Pro2 und und i1iO 2 nicht mehr","previousItem":{"@type":"ListItem","@id":"http:\/\/blog.proofs.de\/da\/thema\/proof-wissen\/proof-software-und-technik\/#listItem","name":"Proof Software &amp; Technik"}}]},{"@type":"Organization","@id":"http:\/\/blog.proofs.de\/da\/#organization","name":"Proof GmbH","description":"Farbverbindlicher Proof, Farbproof, Digitalproof und Online-Proof.","url":"http:\/\/blog.proofs.de\/da\/","telephone":"+4970717952740","logo":{"@type":"ImageObject","url":"https:\/\/blog1.proofen.de\/wp-content\/uploads\/2019\/09\/logo_proof_rgb_mit_balken_250px.png","@id":"http:\/\/blog.proofs.de\/da\/x-rite-i1profiler-unterstuetzt-i1pro2-und-i1display-nicht-mehr\/#organizationLogo"},"image":{"@id":"http:\/\/blog.proofs.de\/da\/x-rite-i1profiler-unterstuetzt-i1pro2-und-i1display-nicht-mehr\/#organizationLogo"},"sameAs":["https:\/\/www.facebook.com\/Proof.de\/","https:\/\/www.instagram.com\/proof.de\/","https:\/\/www.tiktok.com\/@proof_de","https:\/\/www.youtube.com\/channel\/UCk80fQVQ25wC9wu3SywB-Nw","https:\/\/www.linkedin.com\/company\/proof-de"]},{"@type":"Person","@id":"http:\/\/blog.proofs.de\/da\/author\/mbetz\/#author","url":"http:\/\/blog.proofs.de\/da\/author\/mbetz\/","name":"Matthias Betz","image":{"@type":"ImageObject","@id":"http:\/\/blog.proofs.de\/da\/x-rite-i1profiler-unterstuetzt-i1pro2-und-i1display-nicht-mehr\/#authorImage","url":"https:\/\/blog.proofs.de\/wp-content\/uploads\/2020\/10\/matthias-betz-e1603934518350-150x150.png","width":96,"height":96,"caption":"Matthias Betz"}},{"@type":"WebPage","@id":"http:\/\/blog.proofs.de\/da\/x-rite-i1profiler-unterstuetzt-i1pro2-und-i1display-nicht-mehr\/#webpage","url":"http:\/\/blog.proofs.de\/da\/x-rite-i1profiler-unterstuetzt-i1pro2-und-i1display-nicht-mehr\/","name":"X-Rite unterst\u00fctzt 1Pro2 \/ i1iO Ger\u00e4te nicht mehr | proof.de","description":"X-Rite schockt seine Kunden: \"i1Pro 2 und i1iO 2 werden ab 2026 nicht mehr von i1Profiler unterst\u00fctzt.\" Was sollten X-Rite Anwender tun? Wer f\u00fcllt die L\u00fccke?","inLanguage":"da-DK","isPartOf":{"@id":"http:\/\/blog.proofs.de\/da\/#website"},"breadcrumb":{"@id":"http:\/\/blog.proofs.de\/da\/x-rite-i1profiler-unterstuetzt-i1pro2-und-i1display-nicht-mehr\/#breadcrumblist"},"author":{"@id":"http:\/\/blog.proofs.de\/da\/author\/mbetz\/#author"},"creator":{"@id":"http:\/\/blog.proofs.de\/da\/author\/mbetz\/#author"},"image":{"@type":"ImageObject","url":"https:\/\/blog.proofs.de\/wp-content\/uploads\/2025\/08\/X-Rite_Meldung_i1_Profiler_wegen_i1Pro2_und_i1iO2.png","@id":"http:\/\/blog.proofs.de\/da\/x-rite-i1profiler-unterstuetzt-i1pro2-und-i1display-nicht-mehr\/#mainImage","width":1128,"height":768,"caption":"X-Rite Meldung in i1 Profiler zum Ende von i1Pro 2 und i1iO 2"},"primaryImageOfPage":{"@id":"http:\/\/blog.proofs.de\/da\/x-rite-i1profiler-unterstuetzt-i1pro2-und-i1display-nicht-mehr\/#mainImage"},"datePublished":"2025-08-01T12:15:43+02:00","dateModified":"2025-08-04T17:36:35+02:00"},{"@type":"WebSite","@id":"http:\/\/blog.proofs.de\/da\/#website","url":"http:\/\/blog.proofs.de\/da\/","name":"Proof.de","description":"Farbverbindlicher Proof, Farbproof, Digitalproof und Online-Proof.","inLanguage":"da-DK","publisher":{"@id":"http:\/\/blog.proofs.de\/da\/#organization"}}]},"og:locale":"da_DK","og:site_name":"Proof.de | Alles zu Proof, Farbmanagement, Grafik, Messtechnik &amp; Co.","og:type":"article","og:title":"X-Rite unterst\u00fctzt 1Pro2 \/ i1iO Ger\u00e4te nicht mehr | proof.de","og:description":"X-Rite schockt seine Kunden: &quot;i1Pro 2 und i1iO 2 werden ab 2026 nicht mehr von i1Profiler unterst\u00fctzt.&quot; Was sollten X-Rite Anwender tun? Wer f\u00fcllt die L\u00fccke?","og:url":"http:\/\/blog.proofs.de\/da\/x-rite-i1profiler-unterstuetzt-i1pro2-und-i1display-nicht-mehr\/","og:image":"http:\/\/blog.proofs.de\/wp-content\/uploads\/2025\/08\/X-Rite_Meldung_i1_Profiler_wegen_i1Pro2_und_i1iO2.png","og:image:width":1128,"og:image:height":768,"article:published_time":"2025-08-01T10:15:43+00:00","article:modified_time":"2025-08-04T15:36:35+00:00","article:publisher":"https:\/\/www.facebook.com\/Proof.de\/","twitter:card":"summary","twitter:title":"X-Rite unterst\u00fctzt 1Pro2 \/ i1iO Ger\u00e4te nicht mehr | proof.de","twitter:description":"X-Rite schockt seine Kunden: &quot;i1Pro 2 und i1iO 2 werden ab 2026 nicht mehr von i1Profiler unterst\u00fctzt.&quot; Was sollten X-Rite Anwender tun? Wer f\u00fcllt die L\u00fccke?","twitter:image":"https:\/\/blog.proofs.de\/wp-content\/uploads\/2025\/08\/X-Rite_Meldung_i1_Profiler_wegen_i1Pro2_und_i1iO2.png"},"aioseo_meta_data":{"post_id":"6127","title":"X-Rite underst\u00f8tter ikke l\u00e6ngere 1Pro2 \/ i1iO-enheder | proof.de","description":"X-Rite chokerer sine kunder: \"i1Pro 2 og i1iO 2 vil ikke l\u00e6ngere blive underst\u00f8ttet af i1Profiler fra 2026.\" Hvad skal X-Rite-brugere g\u00f8re? Hvem skal udfylde hullet?","keywords":null,"keyphrases":{"focus":{"keyphrase":"","score":0,"analysis":{"keyphraseInTitle":{"score":0,"maxScore":9,"error":1}}},"additional":[]},"primary_term":null,"canonical_url":null,"og_title":null,"og_description":null,"og_object_type":"default","og_image_type":"default","og_image_url":null,"og_image_width":null,"og_image_height":null,"og_image_custom_url":null,"og_image_custom_fields":null,"og_video":"","og_custom_url":null,"og_article_section":null,"og_article_tags":null,"twitter_use_og":true,"twitter_card":"default","twitter_image_type":"default","twitter_image_url":null,"twitter_image_custom_url":null,"twitter_image_custom_fields":null,"twitter_title":null,"twitter_description":null,"schema":{"blockGraphs":[],"customGraphs":[],"default":{"data":{"Article":[],"Course":[],"Dataset":[],"FAQPage":[],"Movie":[],"Person":[],"Product":[],"ProductReview":[],"Car":[],"Recipe":[],"Service":[],"SoftwareApplication":[],"WebPage":[]},"graphName":"Article","isEnabled":true},"graphs":[]},"schema_type":"default","schema_type_options":null,"pillar_content":false,"robots_default":true,"robots_noindex":false,"robots_noarchive":false,"robots_nosnippet":false,"robots_nofollow":false,"robots_noimageindex":false,"robots_noodp":false,"robots_notranslate":false,"robots_max_snippet":"-1","robots_max_videopreview":"-1","robots_max_imagepreview":"large","priority":null,"frequency":"default","local_seo":null,"breadcrumb_settings":null,"limit_modified_date":false,"ai":{"faqs":[],"keyPoints":[],"titles":[],"descriptions":[],"socialPosts":{"email":[],"linkedin":[],"twitter":[],"facebook":[],"instagram":[]}},"created":"2025-07-30 22:39:15","updated":"2025-08-04 15:45:24","seo_analyzer_scan_date":null,"focus_keyword":null,"additional_keywords":null,"truseo_locale":null},"_links":{"self":[{"href":"http:\/\/blog.proofs.de\/da\/wp-json\/wp\/v2\/posts\/6127","targetHints":{"allow":["GET"]}}],"collection":[{"href":"http:\/\/blog.proofs.de\/da\/wp-json\/wp\/v2\/posts"}],"about":[{"href":"http:\/\/blog.proofs.de\/da\/wp-json\/wp\/v2\/types\/post"}],"author":[{"embeddable":true,"href":"http:\/\/blog.proofs.de\/da\/wp-json\/wp\/v2\/users\/2"}],"replies":[{"embeddable":true,"href":"http:\/\/blog.proofs.de\/da\/wp-json\/wp\/v2\/comments?post=6127"}],"version-history":[{"count":9,"href":"http:\/\/blog.proofs.de\/da\/wp-json\/wp\/v2\/posts\/6127\/revisions"}],"predecessor-version":[{"id":6157,"href":"http:\/\/blog.proofs.de\/da\/wp-json\/wp\/v2\/posts\/6127\/revisions\/6157"}],"wp:featuredmedia":[{"embeddable":true,"href":"http:\/\/blog.proofs.de\/da\/wp-json\/wp\/v2\/media\/6140"}],"wp:attachment":[{"href":"http:\/\/blog.proofs.de\/da\/wp-json\/wp\/v2\/media?parent=6127"}],"wp:term":[{"taxonomy":"category","embeddable":true,"href":"http:\/\/blog.proofs.de\/da\/wp-json\/wp\/v2\/categories?post=6127"},{"taxonomy":"post_tag","embeddable":true,"href":"http:\/\/blog.proofs.de\/da\/wp-json\/wp\/v2\/tags?post=6127"}],"curies":[{"name":"wp","href":"https:\/\/api.w.org\/{rel}","templated":true}]}}