{"id":3981,"date":"2020-07-01T09:06:24","date_gmt":"2020-07-01T07:06:24","guid":{"rendered":"https:\/\/www.proof.de\/?p=3981"},"modified":"2020-07-29T00:36:47","modified_gmt":"2020-07-28T22:36:47","slug":"ajuste-de-la-tienda-de-pruebas-al-16-iva-aplicado","status":"publish","type":"post","link":"http:\/\/blog.proofs.de\/es\/proof-shop-anpassung-auf-16-mehrwertsteuer-umgesetzt\/","title":{"rendered":"Ajuste de la tienda de pruebas al 16% IVA aplicado"},"content":{"rendered":"<div class=\"kk-star-ratings kksr-auto kksr-align-right kksr-valign-top\" data-payload='{\"align\":\"right\",\"id\":\"3981\",\"slug\":\"default\",\"valign\":\"top\",\"ignore\":\"\",\"reference\":\"auto\",\"class\":\"\",\"count\":\"0\",\"legendonly\":\"\",\"readonly\":\"\",\"score\":\"0\",\"starsonly\":\"\",\"best\":\"5\",\"gap\":\"5\",\"greet\":\"Jetzt bewerten\",\"legend\":\"0\\\/5 - (0 votos)\",\"size\":\"24\",\"title\":\"Proof Shop Anpassung auf 16% Mehrwertsteuer umgesetzt\",\"width\":\"0\",\"_legend\":\"{score}\\\/{best} - ({count} {votes})\",\"font_factor\":\"1.25\"}'>\n            \n<div class=\"kksr-stars\">\n    \n<div class=\"kksr-stars-inactive\">\n            <div class=\"kksr-star\" data-star=\"1\" style=\"padding-right: 5px\">\n            \n\n<div class=\"kksr-icon\" style=\"width: 24px; height: 24px;\"><\/div>\n        <\/div>\n            <div class=\"kksr-star\" data-star=\"2\" style=\"padding-right: 5px\">\n            \n\n<div class=\"kksr-icon\" style=\"width: 24px; height: 24px;\"><\/div>\n        <\/div>\n            <div class=\"kksr-star\" data-star=\"3\" style=\"padding-right: 5px\">\n            \n\n<div class=\"kksr-icon\" style=\"width: 24px; height: 24px;\"><\/div>\n        <\/div>\n            <div class=\"kksr-star\" data-star=\"4\" style=\"padding-right: 5px\">\n            \n\n<div class=\"kksr-icon\" style=\"width: 24px; height: 24px;\"><\/div>\n        <\/div>\n            <div class=\"kksr-star\" data-star=\"5\" style=\"padding-right: 5px\">\n            \n\n<div class=\"kksr-icon\" style=\"width: 24px; height: 24px;\"><\/div>\n        <\/div>\n    <\/div>\n    \n<div class=\"kksr-stars-active\" style=\"width: 0px;\">\n            <div class=\"kksr-star\" style=\"padding-right: 5px\">\n            \n\n<div class=\"kksr-icon\" style=\"width: 24px; height: 24px;\"><\/div>\n        <\/div>\n            <div class=\"kksr-star\" style=\"padding-right: 5px\">\n            \n\n<div class=\"kksr-icon\" style=\"width: 24px; height: 24px;\"><\/div>\n        <\/div>\n            <div class=\"kksr-star\" style=\"padding-right: 5px\">\n            \n\n<div class=\"kksr-icon\" style=\"width: 24px; height: 24px;\"><\/div>\n        <\/div>\n            <div class=\"kksr-star\" style=\"padding-right: 5px\">\n            \n\n<div class=\"kksr-icon\" style=\"width: 24px; height: 24px;\"><\/div>\n        <\/div>\n            <div class=\"kksr-star\" style=\"padding-right: 5px\">\n            \n\n<div class=\"kksr-icon\" style=\"width: 24px; height: 24px;\"><\/div>\n        <\/div>\n    <\/div>\n<\/div>\n                \n\n<div class=\"kksr-legend\" style=\"font-size: 19.2px;\">\n            <span class=\"kksr-muted\">Valore ahora<\/span>\n    <\/div>\n    <\/div>\n<p class=\"translation-block\">A las 0.05 horas de hoy, hemos cambiado con \u00e9xito el tipo de IVA en <a href=\"https:\/\/shop.proof.de\" target=\"_blank\" rel=\"noopener\">shop.proof.de<\/a> al nuevo tipo de IVA reducido que se aplicar\u00e1 hasta finales de diciembre de 2020. Esto significa que todas las <a href=\"https:\/\/blog1.proofen.de\/es\/lexico-2\/pruebas\/\" target=\"_self\" class=\"encyclopedia tooltipstered\">pruebas<\/a> ser\u00e1n un 3% m\u00e1s baratas en bruto que antes, ya que calculamos en neto y, por tanto, repercutimos la reducci\u00f3n directamente a nuestros clientes.<\/p>\n<p>Hasta ahora, seg\u00fan nuestras pruebas iniciales, el cambio ha ido bien. Si, en contra de lo esperado, sigue observando incoherencias en alg\u00fan punto, le rogamos que nos lo comunique para que podamos corregirlo.<\/p>","protected":false},"excerpt":{"rendered":"<p>El shop.proof.de de hoy a las 0.05am hemos cambiado con \u00e9xito el IVA al nuevo tipo de IVA reducido v\u00e1lido hasta finales de diciembre de 2020. Esto significa que todas las pruebas ser\u00e1n 3% m\u00e1s baratas que antes, ya que calculamos en neto y por tanto repercutimos la reducci\u00f3n directamente a nuestros clientes. Hasta ahora, seg\u00fan nuestras pruebas iniciales, el cambio ha ido bien. Si, en contra de lo esperado, notara alguna incoherencia, le rogamos que nos lo comunique para que podamos ...<\/p>","protected":false},"author":2,"featured_media":3993,"comment_status":"open","ping_status":"open","sticky":false,"template":"","format":"standard","meta":{"om_disable_all_campaigns":false,"inline_featured_image":false,"_monsterinsights_skip_tracking":false,"footnotes":""},"categories":[1],"tags":[1122,1121,1124,1120,519,539,1123],"class_list":["post-3981","post","type-post","status-publish","format-standard","has-post-thumbnail","hentry","category-allgemein","tag-1122","tag-1121","tag-anpassung","tag-mehrwertsteuer","tag-proof","tag-proof-gmbh","tag-umsatzsteuer","generate-columns","tablet-grid-50","mobile-grid-100","grid-parent","grid-50","no-featured-image-padding","resize-featured-image"],"aioseo_notices":[],"aioseo_head":"\n\t\t<!-- All in One SEO 5.0.1.1 - aioseo.com -->\n\t<meta name=\"description\" content=\"Auf shop.proof.de haben wir heute um 0.05 Uhr erfolgreich die MwSt. auf den neuen, bis Ende Dezember 2020 g\u00fcltigen, verg\u00fcnstigten Mehrwertsteuersatz umgestellt.\" \/>\n\t<meta name=\"robots\" content=\"max-image-preview:large\" \/>\n\t<meta name=\"author\" content=\"Matthias Betz\"\/>\n\t<meta name=\"google-site-verification\" content=\"TuXxyRwxcEg2-WfOaQ8vScWQh3-uBAnxXmY7g3GT90A\" \/>\n\t<meta name=\"keywords\" content=\"proof,proof gmbh,mehrwertsteuer,19%,16%,umsatzsteuer,anpassung,16%,19%,anpassung,mehrwertsteuer,proof,proof gmbh,umsatzsteuer\" \/>\n\t<link rel=\"canonical\" href=\"http:\/\/blog.proofs.de\/es\/proof-shop-anpassung-auf-16-mehrwertsteuer-umgesetzt\/\" \/>\n\t<meta name=\"generator\" content=\"All in One SEO (AIOSEO) 5.0.1.1\" \/>\n\n\t\t<meta name=\"seobility\" content=\"593a8578143db71543f014978c690d47\">\n\t\t<meta property=\"og:locale\" content=\"es_ES\" \/>\n\t\t<meta property=\"og:site_name\" content=\"Proof.de | Alles zu Proof, Farbmanagement, Grafik, Messtechnik &amp; Co.\" \/>\n\t\t<meta property=\"og:type\" content=\"article\" \/>\n\t\t<meta property=\"og:title\" content=\"Proof Shop Anpassung auf 16% Mehrwertsteuer | proof.de\" \/>\n\t\t<meta property=\"og:description\" content=\"Auf shop.proof.de haben wir heute um 0.05 Uhr erfolgreich die MwSt. auf den neuen, bis Ende Dezember 2020 g\u00fcltigen, verg\u00fcnstigten Mehrwertsteuersatz umgestellt.\" \/>\n\t\t<meta property=\"og:url\" content=\"http:\/\/blog.proofs.de\/es\/proof-shop-anpassung-auf-16-mehrwertsteuer-umgesetzt\/\" \/>\n\t\t<meta property=\"og:image\" content=\"http:\/\/blog.proofs.de\/wp-content\/uploads\/2020\/07\/Bildschirmfoto-2020-07-29-um-00.35.43.png\" \/>\n\t\t<meta property=\"og:image:width\" content=\"852\" \/>\n\t\t<meta property=\"og:image:height\" content=\"812\" \/>\n\t\t<meta property=\"article:published_time\" content=\"2020-07-01T07:06:24+00:00\" \/>\n\t\t<meta property=\"article:modified_time\" content=\"2020-07-28T22:36:47+00:00\" \/>\n\t\t<meta property=\"article:publisher\" content=\"https:\/\/www.facebook.com\/Proof.de\/\" \/>\n\t\t<meta name=\"twitter:card\" content=\"summary\" \/>\n\t\t<meta name=\"twitter:title\" content=\"Proof Shop Anpassung auf 16% Mehrwertsteuer | proof.de\" \/>\n\t\t<meta name=\"twitter:description\" content=\"Auf shop.proof.de haben wir heute um 0.05 Uhr erfolgreich die MwSt. auf den neuen, bis Ende Dezember 2020 g\u00fcltigen, verg\u00fcnstigten Mehrwertsteuersatz umgestellt.\" \/>\n\t\t<meta name=\"twitter:image\" content=\"https:\/\/blog1.proofen.de\/wp-content\/uploads\/2020\/04\/proof_background.jpg\" \/>\n\t\t<script type=\"application\/ld+json\" class=\"aioseo-schema\">\n\t\t\t{\"@context\":\"https:\\\/\\\/schema.org\",\"@graph\":[{\"@type\":\"Article\",\"@id\":\"http:\\\/\\\/blog.proofs.de\\\/es\\\/proof-shop-anpassung-auf-16-mehrwertsteuer-umgesetzt\\\/#article\",\"name\":\"Proof Shop Anpassung auf 16% Mehrwertsteuer | proof.de\",\"headline\":\"Proof Shop Anpassung auf 16% Mehrwertsteuer umgesetzt\",\"author\":{\"@id\":\"http:\\\/\\\/blog.proofs.de\\\/es\\\/author\\\/mbetz\\\/#author\"},\"publisher\":{\"@id\":\"http:\\\/\\\/blog.proofs.de\\\/es\\\/#organization\"},\"image\":{\"@type\":\"ImageObject\",\"url\":\"https:\\\/\\\/blog.proofs.de\\\/wp-content\\\/uploads\\\/2020\\\/07\\\/Bildschirmfoto-2020-07-29-um-00.35.43.png\",\"width\":852,\"height\":812,\"caption\":\"Proof.de: 16% MwSt. implementiert\"},\"datePublished\":\"2020-07-01T09:06:24+02:00\",\"dateModified\":\"2020-07-29T00:36:47+02:00\",\"inLanguage\":\"es-ES\",\"mainEntityOfPage\":{\"@id\":\"http:\\\/\\\/blog.proofs.de\\\/es\\\/proof-shop-anpassung-auf-16-mehrwertsteuer-umgesetzt\\\/#webpage\"},\"isPartOf\":{\"@id\":\"http:\\\/\\\/blog.proofs.de\\\/es\\\/proof-shop-anpassung-auf-16-mehrwertsteuer-umgesetzt\\\/#webpage\"},\"articleSection\":\"Allgemein, 16%, 19%, Anpassung, Mehrwertsteuer, Proof, Proof GmbH, Umsatzsteuer\"},{\"@type\":\"BreadcrumbList\",\"@id\":\"http:\\\/\\\/blog.proofs.de\\\/es\\\/proof-shop-anpassung-auf-16-mehrwertsteuer-umgesetzt\\\/#breadcrumblist\",\"itemListElement\":[{\"@type\":\"ListItem\",\"@id\":\"http:\\\/\\\/blog.proofs.de\\\/es#listItem\",\"position\":1,\"name\":\"Home\",\"item\":\"http:\\\/\\\/blog.proofs.de\\\/es\",\"nextItem\":{\"@type\":\"ListItem\",\"@id\":\"http:\\\/\\\/blog.proofs.de\\\/es\\\/thema\\\/allgemein\\\/#listItem\",\"name\":\"Allgemein\"}},{\"@type\":\"ListItem\",\"@id\":\"http:\\\/\\\/blog.proofs.de\\\/es\\\/thema\\\/allgemein\\\/#listItem\",\"position\":2,\"name\":\"Allgemein\",\"item\":\"http:\\\/\\\/blog.proofs.de\\\/es\\\/thema\\\/allgemein\\\/\",\"nextItem\":{\"@type\":\"ListItem\",\"@id\":\"http:\\\/\\\/blog.proofs.de\\\/es\\\/proof-shop-anpassung-auf-16-mehrwertsteuer-umgesetzt\\\/#listItem\",\"name\":\"Proof Shop Anpassung auf 16% Mehrwertsteuer umgesetzt\"},\"previousItem\":{\"@type\":\"ListItem\",\"@id\":\"http:\\\/\\\/blog.proofs.de\\\/es#listItem\",\"name\":\"Home\"}},{\"@type\":\"ListItem\",\"@id\":\"http:\\\/\\\/blog.proofs.de\\\/es\\\/proof-shop-anpassung-auf-16-mehrwertsteuer-umgesetzt\\\/#listItem\",\"position\":3,\"name\":\"Proof Shop Anpassung auf 16% Mehrwertsteuer umgesetzt\",\"previousItem\":{\"@type\":\"ListItem\",\"@id\":\"http:\\\/\\\/blog.proofs.de\\\/es\\\/thema\\\/allgemein\\\/#listItem\",\"name\":\"Allgemein\"}}]},{\"@type\":\"Organization\",\"@id\":\"http:\\\/\\\/blog.proofs.de\\\/es\\\/#organization\",\"name\":\"Proof GmbH\",\"description\":\"Farbverbindlicher Proof, Farbproof, Digitalproof und Online-Proof.\",\"url\":\"http:\\\/\\\/blog.proofs.de\\\/es\\\/\",\"telephone\":\"+4970717952740\",\"logo\":{\"@type\":\"ImageObject\",\"url\":\"https:\\\/\\\/blog1.proofen.de\\\/wp-content\\\/uploads\\\/2019\\\/09\\\/logo_proof_rgb_mit_balken_250px.png\",\"@id\":\"http:\\\/\\\/blog.proofs.de\\\/es\\\/proof-shop-anpassung-auf-16-mehrwertsteuer-umgesetzt\\\/#organizationLogo\"},\"image\":{\"@id\":\"http:\\\/\\\/blog.proofs.de\\\/es\\\/proof-shop-anpassung-auf-16-mehrwertsteuer-umgesetzt\\\/#organizationLogo\"},\"sameAs\":[\"https:\\\/\\\/www.facebook.com\\\/Proof.de\\\/\",\"https:\\\/\\\/www.instagram.com\\\/proof.de\\\/\",\"https:\\\/\\\/www.tiktok.com\\\/@proof_de\",\"https:\\\/\\\/www.youtube.com\\\/channel\\\/UCk80fQVQ25wC9wu3SywB-Nw\",\"https:\\\/\\\/www.linkedin.com\\\/company\\\/proof-de\"]},{\"@type\":\"Person\",\"@id\":\"http:\\\/\\\/blog.proofs.de\\\/es\\\/author\\\/mbetz\\\/#author\",\"url\":\"http:\\\/\\\/blog.proofs.de\\\/es\\\/author\\\/mbetz\\\/\",\"name\":\"Matthias Betz\",\"image\":{\"@type\":\"ImageObject\",\"@id\":\"http:\\\/\\\/blog.proofs.de\\\/es\\\/proof-shop-anpassung-auf-16-mehrwertsteuer-umgesetzt\\\/#authorImage\",\"url\":\"https:\\\/\\\/blog.proofs.de\\\/wp-content\\\/uploads\\\/2020\\\/10\\\/matthias-betz-e1603934518350-150x150.png\",\"width\":96,\"height\":96,\"caption\":\"Matthias Betz\"}},{\"@type\":\"WebPage\",\"@id\":\"http:\\\/\\\/blog.proofs.de\\\/es\\\/proof-shop-anpassung-auf-16-mehrwertsteuer-umgesetzt\\\/#webpage\",\"url\":\"http:\\\/\\\/blog.proofs.de\\\/es\\\/proof-shop-anpassung-auf-16-mehrwertsteuer-umgesetzt\\\/\",\"name\":\"Proof Shop Anpassung auf 16% Mehrwertsteuer | proof.de\",\"description\":\"Auf shop.proof.de haben wir heute um 0.05 Uhr erfolgreich die MwSt. auf den neuen, bis Ende Dezember 2020 g\\u00fcltigen, verg\\u00fcnstigten Mehrwertsteuersatz umgestellt.\",\"inLanguage\":\"es-ES\",\"isPartOf\":{\"@id\":\"http:\\\/\\\/blog.proofs.de\\\/es\\\/#website\"},\"breadcrumb\":{\"@id\":\"http:\\\/\\\/blog.proofs.de\\\/es\\\/proof-shop-anpassung-auf-16-mehrwertsteuer-umgesetzt\\\/#breadcrumblist\"},\"author\":{\"@id\":\"http:\\\/\\\/blog.proofs.de\\\/es\\\/author\\\/mbetz\\\/#author\"},\"creator\":{\"@id\":\"http:\\\/\\\/blog.proofs.de\\\/es\\\/author\\\/mbetz\\\/#author\"},\"image\":{\"@type\":\"ImageObject\",\"url\":\"https:\\\/\\\/blog.proofs.de\\\/wp-content\\\/uploads\\\/2020\\\/07\\\/Bildschirmfoto-2020-07-29-um-00.35.43.png\",\"@id\":\"http:\\\/\\\/blog.proofs.de\\\/es\\\/proof-shop-anpassung-auf-16-mehrwertsteuer-umgesetzt\\\/#mainImage\",\"width\":852,\"height\":812,\"caption\":\"Proof.de: 16% MwSt. implementiert\"},\"primaryImageOfPage\":{\"@id\":\"http:\\\/\\\/blog.proofs.de\\\/es\\\/proof-shop-anpassung-auf-16-mehrwertsteuer-umgesetzt\\\/#mainImage\"},\"datePublished\":\"2020-07-01T09:06:24+02:00\",\"dateModified\":\"2020-07-29T00:36:47+02:00\"},{\"@type\":\"WebSite\",\"@id\":\"http:\\\/\\\/blog.proofs.de\\\/es\\\/#website\",\"url\":\"http:\\\/\\\/blog.proofs.de\\\/es\\\/\",\"name\":\"Proof.de\",\"description\":\"Farbverbindlicher Proof, Farbproof, Digitalproof und Online-Proof.\",\"inLanguage\":\"es-ES\",\"publisher\":{\"@id\":\"http:\\\/\\\/blog.proofs.de\\\/es\\\/#organization\"}}]}\n\t\t<\/script>\n\t\t<!-- All in One SEO -->\n\n","aioseo_head_json":{"title":"Ajuste de la tienda de pruebas a 16% IVA | proof.de","description":"En shop.proof.de, a las 0.05 horas de hoy, hemos cambiado con \u00e9xito el IVA al nuevo tipo de IVA reducido v\u00e1lido hasta finales de diciembre de 2020.","canonical_url":"http:\/\/blog.proofs.de\/es\/proof-shop-anpassung-auf-16-mehrwertsteuer-umgesetzt\/","robots":"max-image-preview:large","keywords":"proof,proof gmbh,mehrwertsteuer,19%,16%,umsatzsteuer,anpassung,16%,19%,anpassung,mehrwertsteuer,proof,proof gmbh,umsatzsteuer","webmasterTools":{"google-site-verification":"TuXxyRwxcEg2-WfOaQ8vScWQh3-uBAnxXmY7g3GT90A","miscellaneous":"&lt;meta name=\"seobility\" content=\"593a8578143db71543f014978c690d47\"&gt;"},"schema":{"@context":"https:\/\/schema.org","@graph":[{"@type":"Article","@id":"http:\/\/blog.proofs.de\/es\/proof-shop-anpassung-auf-16-mehrwertsteuer-umgesetzt\/#article","name":"Proof Shop Anpassung auf 16% Mehrwertsteuer | proof.de","headline":"Proof Shop Anpassung auf 16% Mehrwertsteuer umgesetzt","author":{"@id":"http:\/\/blog.proofs.de\/es\/author\/mbetz\/#author"},"publisher":{"@id":"http:\/\/blog.proofs.de\/es\/#organization"},"image":{"@type":"ImageObject","url":"https:\/\/blog.proofs.de\/wp-content\/uploads\/2020\/07\/Bildschirmfoto-2020-07-29-um-00.35.43.png","width":852,"height":812,"caption":"Proof.de: 16% MwSt. implementiert"},"datePublished":"2020-07-01T09:06:24+02:00","dateModified":"2020-07-29T00:36:47+02:00","inLanguage":"es-ES","mainEntityOfPage":{"@id":"http:\/\/blog.proofs.de\/es\/proof-shop-anpassung-auf-16-mehrwertsteuer-umgesetzt\/#webpage"},"isPartOf":{"@id":"http:\/\/blog.proofs.de\/es\/proof-shop-anpassung-auf-16-mehrwertsteuer-umgesetzt\/#webpage"},"articleSection":"Allgemein, 16%, 19%, Anpassung, Mehrwertsteuer, Proof, Proof GmbH, Umsatzsteuer"},{"@type":"BreadcrumbList","@id":"http:\/\/blog.proofs.de\/es\/proof-shop-anpassung-auf-16-mehrwertsteuer-umgesetzt\/#breadcrumblist","itemListElement":[{"@type":"ListItem","@id":"http:\/\/blog.proofs.de\/es#listItem","position":1,"name":"Home","item":"http:\/\/blog.proofs.de\/es","nextItem":{"@type":"ListItem","@id":"http:\/\/blog.proofs.de\/es\/thema\/allgemein\/#listItem","name":"Allgemein"}},{"@type":"ListItem","@id":"http:\/\/blog.proofs.de\/es\/thema\/allgemein\/#listItem","position":2,"name":"Allgemein","item":"http:\/\/blog.proofs.de\/es\/thema\/allgemein\/","nextItem":{"@type":"ListItem","@id":"http:\/\/blog.proofs.de\/es\/proof-shop-anpassung-auf-16-mehrwertsteuer-umgesetzt\/#listItem","name":"Proof Shop Anpassung auf 16% Mehrwertsteuer umgesetzt"},"previousItem":{"@type":"ListItem","@id":"http:\/\/blog.proofs.de\/es#listItem","name":"Home"}},{"@type":"ListItem","@id":"http:\/\/blog.proofs.de\/es\/proof-shop-anpassung-auf-16-mehrwertsteuer-umgesetzt\/#listItem","position":3,"name":"Proof Shop Anpassung auf 16% Mehrwertsteuer umgesetzt","previousItem":{"@type":"ListItem","@id":"http:\/\/blog.proofs.de\/es\/thema\/allgemein\/#listItem","name":"Allgemein"}}]},{"@type":"Organization","@id":"http:\/\/blog.proofs.de\/es\/#organization","name":"Proof GmbH","description":"Farbverbindlicher Proof, Farbproof, Digitalproof und Online-Proof.","url":"http:\/\/blog.proofs.de\/es\/","telephone":"+4970717952740","logo":{"@type":"ImageObject","url":"https:\/\/blog1.proofen.de\/wp-content\/uploads\/2019\/09\/logo_proof_rgb_mit_balken_250px.png","@id":"http:\/\/blog.proofs.de\/es\/proof-shop-anpassung-auf-16-mehrwertsteuer-umgesetzt\/#organizationLogo"},"image":{"@id":"http:\/\/blog.proofs.de\/es\/proof-shop-anpassung-auf-16-mehrwertsteuer-umgesetzt\/#organizationLogo"},"sameAs":["https:\/\/www.facebook.com\/Proof.de\/","https:\/\/www.instagram.com\/proof.de\/","https:\/\/www.tiktok.com\/@proof_de","https:\/\/www.youtube.com\/channel\/UCk80fQVQ25wC9wu3SywB-Nw","https:\/\/www.linkedin.com\/company\/proof-de"]},{"@type":"Person","@id":"http:\/\/blog.proofs.de\/es\/author\/mbetz\/#author","url":"http:\/\/blog.proofs.de\/es\/author\/mbetz\/","name":"Matthias Betz","image":{"@type":"ImageObject","@id":"http:\/\/blog.proofs.de\/es\/proof-shop-anpassung-auf-16-mehrwertsteuer-umgesetzt\/#authorImage","url":"https:\/\/blog.proofs.de\/wp-content\/uploads\/2020\/10\/matthias-betz-e1603934518350-150x150.png","width":96,"height":96,"caption":"Matthias Betz"}},{"@type":"WebPage","@id":"http:\/\/blog.proofs.de\/es\/proof-shop-anpassung-auf-16-mehrwertsteuer-umgesetzt\/#webpage","url":"http:\/\/blog.proofs.de\/es\/proof-shop-anpassung-auf-16-mehrwertsteuer-umgesetzt\/","name":"Proof Shop Anpassung auf 16% Mehrwertsteuer | proof.de","description":"Auf shop.proof.de haben wir heute um 0.05 Uhr erfolgreich die MwSt. auf den neuen, bis Ende Dezember 2020 g\u00fcltigen, verg\u00fcnstigten Mehrwertsteuersatz umgestellt.","inLanguage":"es-ES","isPartOf":{"@id":"http:\/\/blog.proofs.de\/es\/#website"},"breadcrumb":{"@id":"http:\/\/blog.proofs.de\/es\/proof-shop-anpassung-auf-16-mehrwertsteuer-umgesetzt\/#breadcrumblist"},"author":{"@id":"http:\/\/blog.proofs.de\/es\/author\/mbetz\/#author"},"creator":{"@id":"http:\/\/blog.proofs.de\/es\/author\/mbetz\/#author"},"image":{"@type":"ImageObject","url":"https:\/\/blog.proofs.de\/wp-content\/uploads\/2020\/07\/Bildschirmfoto-2020-07-29-um-00.35.43.png","@id":"http:\/\/blog.proofs.de\/es\/proof-shop-anpassung-auf-16-mehrwertsteuer-umgesetzt\/#mainImage","width":852,"height":812,"caption":"Proof.de: 16% MwSt. implementiert"},"primaryImageOfPage":{"@id":"http:\/\/blog.proofs.de\/es\/proof-shop-anpassung-auf-16-mehrwertsteuer-umgesetzt\/#mainImage"},"datePublished":"2020-07-01T09:06:24+02:00","dateModified":"2020-07-29T00:36:47+02:00"},{"@type":"WebSite","@id":"http:\/\/blog.proofs.de\/es\/#website","url":"http:\/\/blog.proofs.de\/es\/","name":"Proof.de","description":"Farbverbindlicher Proof, Farbproof, Digitalproof und Online-Proof.","inLanguage":"es-ES","publisher":{"@id":"http:\/\/blog.proofs.de\/es\/#organization"}}]},"og:locale":"es_ES","og:site_name":"Proof.de | Alles zu Proof, Farbmanagement, Grafik, Messtechnik &amp; Co.","og:type":"article","og:title":"Proof Shop Anpassung auf 16% Mehrwertsteuer | proof.de","og:description":"Auf shop.proof.de haben wir heute um 0.05 Uhr erfolgreich die MwSt. auf den neuen, bis Ende Dezember 2020 g\u00fcltigen, verg\u00fcnstigten Mehrwertsteuersatz umgestellt.","og:url":"http:\/\/blog.proofs.de\/es\/proof-shop-anpassung-auf-16-mehrwertsteuer-umgesetzt\/","og:image":"http:\/\/blog.proofs.de\/wp-content\/uploads\/2020\/07\/Bildschirmfoto-2020-07-29-um-00.35.43.png","og:image:width":852,"og:image:height":812,"article:published_time":"2020-07-01T07:06:24+00:00","article:modified_time":"2020-07-28T22:36:47+00:00","article:publisher":"https:\/\/www.facebook.com\/Proof.de\/","twitter:card":"summary","twitter:title":"Proof Shop Anpassung auf 16% Mehrwertsteuer | proof.de","twitter:description":"Auf shop.proof.de haben wir heute um 0.05 Uhr erfolgreich die MwSt. auf den neuen, bis Ende Dezember 2020 g\u00fcltigen, verg\u00fcnstigten Mehrwertsteuersatz umgestellt.","twitter:image":"https:\/\/blog1.proofen.de\/wp-content\/uploads\/2020\/04\/proof_background.jpg"},"aioseo_meta_data":{"post_id":"3981","title":"Adaptaci\u00f3n de Proof Shop a 16% IVA | proof.de","description":"En shop.proof.de, a las 0.05 horas de hoy, hemos cambiado con \u00e9xito el IVA al nuevo tipo de IVA reducido v\u00e1lido hasta finales de diciembre de 2020.","keywords":[{"label":"Proof,Proof GmbH,Mehrwertsteuer,19%,16%,Umsatzsteuer,Anpassung","value":"Proof,Proof GmbH,Mehrwertsteuer,19%,16%,Umsatzsteuer,Anpassung"}],"keyphrases":{"focus":{"keyphrase":"shop","score":100,"analysis":{"keyphraseInTitle":{"title":"Focus keyphrase in SEO title","description":"Focus keyphrase found in SEO title.","score":9,"maxScore":9,"error":0},"keyphraseInDescription":{"title":"Focus keyphrase in meta description","description":"Focus keyphrase found in meta description.","score":9,"maxScore":9,"error":0},"keyphraseLength":{"title":"Focus keyphrase length","description":"Good job!","score":9,"maxScore":9,"error":0,"length":1},"keyphraseInURL":[],"keyphraseInIntroduction":{"title":"Focus keyphrase in introduction","description":"Your Focus keyphrase appears in the first paragraph. Well done!","score":9,"maxScore":9,"error":0},"keyphraseInSubHeadings":[],"keyphraseInImageAlt":[]}},"additional":[]},"primary_term":null,"canonical_url":null,"og_title":null,"og_description":null,"og_object_type":"default","og_image_type":"default","og_image_url":null,"og_image_width":null,"og_image_height":null,"og_image_custom_url":null,"og_image_custom_fields":null,"og_video":"","og_custom_url":null,"og_article_section":null,"og_article_tags":[],"twitter_use_og":false,"twitter_card":"default","twitter_image_type":"default","twitter_image_url":null,"twitter_image_custom_url":null,"twitter_image_custom_fields":null,"twitter_title":null,"twitter_description":null,"schema":{"blockGraphs":[],"customGraphs":[],"default":{"data":{"Article":[],"Course":[],"Dataset":[],"FAQPage":[],"Movie":[],"Person":[],"Product":[],"ProductReview":[],"Car":[],"Recipe":[],"Service":[],"SoftwareApplication":[],"WebPage":[]},"graphName":"","isEnabled":true},"graphs":[],"defaultGraph":"Article","defaultPostTypeGraph":""},"schema_type":"default","schema_type_options":"{\"article\":{\"articleType\":\"BlogPosting\"},\"course\":{\"name\":\"\",\"description\":\"\",\"provider\":\"\"},\"faq\":{\"pages\":[]},\"product\":{\"reviews\":[]},\"recipe\":{\"ingredients\":[],\"instructions\":[],\"keywords\":[]},\"software\":{\"reviews\":[],\"operatingSystems\":[]},\"webPage\":{\"webPageType\":\"WebPage\"}}","pillar_content":false,"robots_default":true,"robots_noindex":false,"robots_noarchive":false,"robots_nosnippet":false,"robots_nofollow":false,"robots_noimageindex":false,"robots_noodp":false,"robots_notranslate":false,"robots_max_snippet":"-1","robots_max_videopreview":"-1","robots_max_imagepreview":"large","priority":null,"frequency":"default","local_seo":null,"breadcrumb_settings":null,"limit_modified_date":true,"ai":null,"created":"2020-12-21 00:31:56","updated":"2025-06-04 14:26:05","seo_analyzer_scan_date":null,"focus_keyword":"shop","additional_keywords":null,"truseo_locale":null},"_links":{"self":[{"href":"http:\/\/blog.proofs.de\/es\/wp-json\/wp\/v2\/posts\/3981","targetHints":{"allow":["GET"]}}],"collection":[{"href":"http:\/\/blog.proofs.de\/es\/wp-json\/wp\/v2\/posts"}],"about":[{"href":"http:\/\/blog.proofs.de\/es\/wp-json\/wp\/v2\/types\/post"}],"author":[{"embeddable":true,"href":"http:\/\/blog.proofs.de\/es\/wp-json\/wp\/v2\/users\/2"}],"replies":[{"embeddable":true,"href":"http:\/\/blog.proofs.de\/es\/wp-json\/wp\/v2\/comments?post=3981"}],"version-history":[{"count":1,"href":"http:\/\/blog.proofs.de\/es\/wp-json\/wp\/v2\/posts\/3981\/revisions"}],"predecessor-version":[{"id":3982,"href":"http:\/\/blog.proofs.de\/es\/wp-json\/wp\/v2\/posts\/3981\/revisions\/3982"}],"wp:featuredmedia":[{"embeddable":true,"href":"http:\/\/blog.proofs.de\/es\/wp-json\/wp\/v2\/media\/3993"}],"wp:attachment":[{"href":"http:\/\/blog.proofs.de\/es\/wp-json\/wp\/v2\/media?parent=3981"}],"wp:term":[{"taxonomy":"category","embeddable":true,"href":"http:\/\/blog.proofs.de\/es\/wp-json\/wp\/v2\/categories?post=3981"},{"taxonomy":"post_tag","embeddable":true,"href":"http:\/\/blog.proofs.de\/es\/wp-json\/wp\/v2\/tags?post=3981"}],"curies":[{"name":"wp","href":"https:\/\/api.w.org\/{rel}","templated":true}]}}