{"id":5759,"date":"2024-09-19T17:08:01","date_gmt":"2024-09-19T15:08:01","guid":{"rendered":"https:\/\/www.proof.de\/?p=5759"},"modified":"2024-09-27T10:17:29","modified_gmt":"2024-09-27T08:17:29","slug":"rgb-fabraeume-explicado","status":"publish","type":"post","link":"http:\/\/blog.proofs.de\/es\/rgb-fabraeume-erklaert\/","title":{"rendered":"Explicaci\u00f3n de los espacios de color RGB"},"content":{"rendered":"<div class=\"kk-star-ratings kksr-auto kksr-align-right kksr-valign-top\" data-payload='{\"align\":\"right\",\"id\":\"5759\",\"slug\":\"default\",\"valign\":\"top\",\"ignore\":\"\",\"reference\":\"auto\",\"class\":\"\",\"count\":\"2\",\"legendonly\":\"\",\"readonly\":\"\",\"score\":\"5\",\"starsonly\":\"\",\"best\":\"5\",\"gap\":\"5\",\"greet\":\"Jetzt bewerten\",\"legend\":\"5\\\/5 - (2 votos)\",\"size\":\"24\",\"title\":\"RGB Farbr&auml;ume erkl&auml;rt\",\"width\":\"142.5\",\"_legend\":\"{score}\\\/{best} - ({count} {votes})\",\"font_factor\":\"1.25\"}'>\n            \n<div class=\"kksr-stars\">\n    \n<div class=\"kksr-stars-inactive\">\n            <div class=\"kksr-star\" data-star=\"1\" style=\"padding-right: 5px\">\n            \n\n<div class=\"kksr-icon\" style=\"width: 24px; height: 24px;\"><\/div>\n        <\/div>\n            <div class=\"kksr-star\" data-star=\"2\" style=\"padding-right: 5px\">\n            \n\n<div class=\"kksr-icon\" style=\"width: 24px; height: 24px;\"><\/div>\n        <\/div>\n            <div class=\"kksr-star\" data-star=\"3\" style=\"padding-right: 5px\">\n            \n\n<div class=\"kksr-icon\" style=\"width: 24px; height: 24px;\"><\/div>\n        <\/div>\n            <div class=\"kksr-star\" data-star=\"4\" style=\"padding-right: 5px\">\n            \n\n<div class=\"kksr-icon\" style=\"width: 24px; height: 24px;\"><\/div>\n        <\/div>\n            <div class=\"kksr-star\" data-star=\"5\" style=\"padding-right: 5px\">\n            \n\n<div class=\"kksr-icon\" style=\"width: 24px; height: 24px;\"><\/div>\n        <\/div>\n    <\/div>\n    \n<div class=\"kksr-stars-active\" style=\"width: 142.5px;\">\n            <div class=\"kksr-star\" style=\"padding-right: 5px\">\n            \n\n<div class=\"kksr-icon\" style=\"width: 24px; height: 24px;\"><\/div>\n        <\/div>\n            <div class=\"kksr-star\" style=\"padding-right: 5px\">\n            \n\n<div class=\"kksr-icon\" style=\"width: 24px; height: 24px;\"><\/div>\n        <\/div>\n            <div class=\"kksr-star\" style=\"padding-right: 5px\">\n            \n\n<div class=\"kksr-icon\" style=\"width: 24px; height: 24px;\"><\/div>\n        <\/div>\n            <div class=\"kksr-star\" style=\"padding-right: 5px\">\n            \n\n<div class=\"kksr-icon\" style=\"width: 24px; height: 24px;\"><\/div>\n        <\/div>\n            <div class=\"kksr-star\" style=\"padding-right: 5px\">\n            \n\n<div class=\"kksr-icon\" style=\"width: 24px; height: 24px;\"><\/div>\n        <\/div>\n    <\/div>\n<\/div>\n                \n\n<div class=\"kksr-legend\" style=\"font-size: 19.2px;\">\n            5\/5 - (2 votos)    <\/div>\n    <\/div>\n\n<p class=\"wp-block-paragraph\"><a href=\"http:\/\/blog.proofs.de\/es\/lexikon\/rgb\/\" target=\"_self\" title=\"RGB son las siglas de los colores rojo, verde y azul. La visi\u00f3n humana del color se basa en estos colores.\" class=\"encyclopedia\">RGB<\/a>-los espacios de color son <a href=\"http:\/\/blog.proofs.de\/es\/lexikon\/farbsystem\/\" target=\"_self\" title=\"Un sistema de color (o modelo de color) es un m\u00e9todo matem\u00e1tico abstracto para determinar y especificar los colores, as\u00ed como su relaci\u00f3n entre s\u00ed. A menudo se equipara con el espacio de color, que, sin embargo, es la aplicaci\u00f3n concreta de un sistema de color a un m\u00e9todo proveedor de color (impresora, pantalla, etc.).\" class=\"encyclopedia\">Sistema de color<\/a>e que representan diferentes tonos de color con los tres colores primarios rojo, verde y azul. Los espacios de color RGB se utilizan en el procesamiento digital de im\u00e1genes, la fotograf\u00eda y la tecnolog\u00eda inform\u00e1tica para representar con precisi\u00f3n los colores.<a href=\"http:\/\/blog.proofs.de\/es\/lexikon\/efi\/\" target=\"_self\" title=\"Electronics For Imaging Inc., EFI para abreviar, es una empresa estadounidense y fabricante de uno de los principales sistemas de pruebas del mundo: EFI Colorproof XF, desde 2013: Fiery XF. EFI es un proveedor de soluciones para grandes sistemas de impresi\u00f3n, RIP y soluciones de gesti\u00f3n del color como las pruebas.\" class=\"encyclopedia\">efi<\/a>espacios de color. Los espacios de color RGB m\u00e1s importantes y sus caracter\u00edsticas especiales son:<\/p>\n\n\n\n<h3 class=\"wp-block-heading\">sRGB<\/h3>\n\n\n\n<p class=\"wp-block-paragraph\"><a href=\"http:\/\/blog.proofs.de\/es\/lexikon\/srgb\/\" target=\"_self\" title=\"sRGB es el espacio de color RGB m\u00e1s utilizado. sRGB es el espacio de color est\u00e1ndar de todas las c\u00e1maras digitales y esc\u00e1neres econ\u00f3micos. Casi todos los archivos RGB de 8 bits sin etiqueta de perfil corresponden a sRGB.\" class=\"encyclopedia\">sRGB<\/a> es el RGB m\u00e1s utilizado<a href=\"http:\/\/blog.proofs.de\/es\/lexikon\/farbraum\/\" target=\"_self\" title=\"El espacio de color se basa en un modelo de color y es su aplicaci\u00f3n concreta a un m\u00e9todo de coloraci\u00f3n (impresora, pantalla, etc.). Por tanto, contiene todos los colores que pueden representarse realmente con este m\u00e9todo y los materiales correspondientes.\" class=\"encyclopedia\">Espacio de color<\/a> y es utilizado por la mayor\u00eda de monitores, impresoras y c\u00e1maras digitales. Fue desarrollado por HP y Microsoft en la d\u00e9cada de 1990 para crear un est\u00e1ndar de visualizaci\u00f3n en color en Internet y en diversos dispositivos.<\/p>\n\n\n\n<p class=\"wp-block-paragraph\"><strong>Propiedades de sRGB:<\/strong><\/p>\n\n\n\n<ul class=\"wp-block-list\">\n<li><strong><a href=\"http:\/\/blog.proofs.de\/es\/lexikon\/gamut\/\" target=\"_self\" title=\"La gama (tambi\u00e9n: rango de color) comprende el conjunto de todos los colores de un espacio de color que pueden ser reconocidos (c\u00e1mara, esc\u00e1ner) o reproducidos (impresora, monitor) por un dispositivo. Se ilustra en forma de cuerpo de color.\" class=\"encyclopedia\">Gama<\/a> (gama de colores):<\/strong>&nbsp;Relativamente peque\u00f1o en comparaci\u00f3n con otros espacios de color RGB, pero cubre la mayor\u00eda de los colores que pueden visualizarse en monitores est\u00e1ndar.<\/li>\n\n\n\n<li><strong>\u00c1mbito de aplicaci\u00f3n:<\/strong>&nbsp;Ideal para gr\u00e1ficos web, fotograf\u00eda en general y aplicaciones de impresi\u00f3n en las que es importante una reproducci\u00f3n del color uniforme en distintos dispositivos.<\/li>\n\n\n\n<li><strong>Calibraci\u00f3n:<\/strong>&nbsp;F\u00e1cil de calibrar y ampliamente compatible.<\/li>\n\n\n\n<li><strong>Debilidad:<\/strong> En la gama cian en particular, el sRGB es significativamente menor que el cl\u00e1sico <a href=\"http:\/\/blog.proofs.de\/es\/lexikon\/cmyk\/\" target=\"_self\" title='CMYK son las siglas de los cuatro colores de impresi\u00f3n: cian, magenta, amarillo (yellow) y &quot;key&quot; (negro o parte negra).' class=\"encyclopedia\">CMYK<\/a>-espacio de color <a href=\"http:\/\/blog.proofs.de\/es\/lexikon\/isocoatedv2\/\" target=\"_self\" title=\"ISOCoatedV2 es el perfil m\u00e1s utilizado en la industria de la impresi\u00f3n en Europa. Representa el proceso de impresi\u00f3n m\u00e1s com\u00fan: Impresi\u00f3n offset sobre papel de impresi\u00f3n de imagen mate o brillante.\" class=\"encyclopedia\">ISOCoatedV2<\/a>. El cian m\u00e1s azul en sRGB es alrededor de 80% cian en ISOCoatedV2. As\u00ed que faltan muchas cosas en sRGB.<\/li>\n\n\n\n<li><strong>Mi Be<a href=\"http:\/\/blog.proofs.de\/es\/lexikon\/oba\/\" target=\"_self\" title='OBA es la abreviatura de &quot;Optical Brightning Agents&quot; (agentes \u00f3pticos abrillantadores) o &quot;Optical Brightners&quot; (abrillantadores \u00f3pticos).' class=\"encyclopedia\">OBA<\/a>ci\u00f3n: <\/strong>Aunque muchos monitores econ\u00f3micos a\u00fan no son capaces de mostrar de forma completa el espacio de color sRGB, los monitores ligeramente mejores no son capaces de hacerlo. <a href=\"http:\/\/blog.proofs.de\/es\/lexikon\/farbmanagement\/\" target=\"_self\" title=\"El objetivo de la gesti\u00f3n del color es garantizar que los colores se reproduzcan de la forma m\u00e1s similar posible en los distintos dispositivos, como c\u00e1maras, esc\u00e1neres, monitores, impresoras l\u00e1ser, de inyecci\u00f3n de tinta, offset y muchos m\u00e1s.\" class=\"encyclopedia\">gesti\u00f3n del color<\/a>-Sin embargo, sRGB es la norma de calibraci\u00f3n actual para los monitores que son capaces de ello. No obstante, hace unos a\u00f1os le compr\u00e9 a mi mujer un port\u00e1til que ten\u00eda una bater\u00eda de muy larga duraci\u00f3n y una pantalla muy eficiente energ\u00e9ticamente. Una vez med\u00ed all\u00ed el espacio de color: S\u00f3lo ten\u00eda una cobertura sRGB de 49%... es decir: del espacio de color RGB \"m\u00e1s peque\u00f1o\", incluso este monitor s\u00f3lo pod\u00eda mostrar menos de la mitad de los colores. \"No me extra\u00f1a que mi mujer no pida nada por Internet\", pens\u00e9 tras la medici\u00f3n, \"todo le parece gris...\" \ud83d\ude42 Por decirlo sin rodeos, pero todos los que nos dedicamos al dise\u00f1o del color deber\u00edamos recordarlo: hay muchas personas que simplemente no pueden ver nuestro color dise\u00f1ado y definido. Ya sea en pantallas malas o en proyectores: sRGB est\u00e1 lejos de ser la norma en el mundo de las pantallas.<\/li>\n<\/ul>\n\n\n\n<h3 class=\"wp-block-heading\">Adobe RGB<\/h3>\n\n\n\n<div style=\"padding-bottom: 75%; max-width: 100%; position: relative;\"><iframe src=\"https:\/\/www.youtube.com\/embed\/m7Q_z-uI8V0?autoplay=1&amp;loop=1&amp;modestbranding=1&amp;rel=0\" style=\"position: absolute; top: 0px; left: 0px; width: 100%; height: 95%;\" frameborder=\"0\"><\/iframe><\/div>\n\n\n\n<p class=\"wp-block-paragraph\">Adobe RGB fue desarrollado por Adobe Systems en 1998 para abarcar un espacio de color m\u00e1s amplio, sobre todo en el campo de la preimpresi\u00f3n y la fotograf\u00eda profesional. Este espacio de color incluye m\u00e1s matices verdes y azules que el sRGB.<\/p>\n\n\n\n<p class=\"wp-block-paragraph\"><strong>Propiedades de Adobe RGB:<\/strong><\/p>\n\n\n\n<ul class=\"wp-block-list\">\n<li><strong>Gama:<\/strong>&nbsp;Mayor que el sRGB, especialmente en la gama de colores verde y cian.<\/li>\n\n\n\n<li><strong>\u00c1mbito de aplicaci\u00f3n:<\/strong>&nbsp;Se utiliza a menudo en fotograf\u00eda profesional y dise\u00f1o gr\u00e1fico, donde es importante una reproducci\u00f3n precisa del color. Las c\u00e1maras modernas, en particular, tambi\u00e9n ofrecen AdobeRGB como espacio de color alternativo en lugar de sRGB para poder guardar las im\u00e1genes directamente en la tarjeta SD en AdobeRGB.<\/li>\n\n\n\n<li><strong>Calibraci\u00f3n:<\/strong>&nbsp;Requiere una calibraci\u00f3n cuidadosa y dispositivos de salida adecuados para aprovechar plenamente el espacio de color ampliado. <a href=\"http:\/\/blog.proofs.de\/es\/lexikon\/nutzen\/\" target=\"_self\" title=\"El n\u00famero de paneles indica cu\u00e1ntas p\u00e1ginas pueden colocarse (y por tanto imprimirse) en una hoja impresa.\" class=\"encyclopedia\">\u200e utilizar<\/a> para poder hacerlo.<\/li>\n\n\n\n<li><strong>Mi observaci\u00f3n: <\/strong>Hoy en d\u00eda, casi todos los monitores buenos de gama ancha que se pueden calibrar por hardware tienen o bien todo el espacio de color Adobe RGB, o al menos 99% del espacio de color en la pantalla. \u00bfPor qu\u00e9 Adobe RGB se ha hecho tan popular en el mundo en comparaci\u00f3n con <a href=\"http:\/\/blog.proofs.de\/es\/lexikon\/eci\/\" target=\"_self\" title=\"La Iniciativa Europea del Color (ICE) es un grupo de expertos que se ocupa del tratamiento de los datos de color en los sistemas de publicaci\u00f3n.\" class=\"encyclopedia\">ECI<\/a> \u00bfRGB V2? Porque este espacio de color fue simplemente preinstalado en todas partes por Adobe... pero no porque sea mejor o significativamente diferente. Pero si usted tiene un monitor que tiene Adobe RGB y puede mostrar este espacio de color, todav\u00eda hoy ha comprado un monitor caro.<br>Muchas c\u00e1maras r\u00e9flex tambi\u00e9n ofrecen fotograf\u00eda en sRGB y Adobe RGB. <\/li>\n<\/ul>\n\n\n\n<h3 class=\"wp-block-heading\">ProPhoto RGB<\/h3>\n\n\n\n<div style=\"padding-bottom: 75%; max-width: 100%; position: relative;\"><iframe src=\"https:\/\/www.youtube.com\/embed\/1CrmEJakifs?autoplay=1&amp;loop=1&amp;modestbranding=1&amp;rel=0\" style=\"position: absolute; top: 0px; left: 0px; width: 100%; height: 95%;\" frameborder=\"0\"><\/iframe><\/div>\n\n\n\n<p class=\"wp-block-paragraph\">ProPhoto RGB, tambi\u00e9n conocido como ROMM RGB (Reference Output Medium Metric RGB), fue desarrollado por Kodak y ofrece la gama m\u00e1s amplia de colores RGB. <a href=\"http:\/\/blog.proofs.de\/es\/lexikon\/farbumfang\/\" target=\"_self\" title=\"La gama de colores (tambi\u00e9n: gamut) comprende el conjunto de todos los colores de un espacio de color que pueden ser reconocidos (c\u00e1mara, esc\u00e1ner) o reproducidos (impresora, monitor) por un dispositivo. Se ilustra en forma de cuerpo de color.\" class=\"encyclopedia\">Gama de colores<\/a> entre los espacios de color RGB comunes. Se desarroll\u00f3 especialmente para el tratamiento y archivo profesional de im\u00e1genes.<\/p>\n\n\n\n<p class=\"wp-block-paragraph\"><strong>Propiedades de ProPhoto RGB:<\/strong><\/p>\n\n\n\n<ul class=\"wp-block-list\">\n<li><strong>Gama:<\/strong>&nbsp;Abarca casi todo el espacio crom\u00e1tico visible, incluidos muchos colores apenas perceptibles para el ojo humano.<\/li>\n\n\n\n<li><strong>\u00c1mbito de aplicaci\u00f3n:<\/strong>&nbsp;Ideal para la fotograf\u00eda profesional y el procesamiento de im\u00e1genes, especialmente cuando se trabaja con archivos RAW para obtener la m\u00e1xima gama crom\u00e1tica.<\/li>\n\n\n\n<li><strong>Calibraci\u00f3n:<\/strong>&nbsp;Es muy exigente en t\u00e9rminos de calibraci\u00f3n y requiere dispositivos de salida de alta calidad que puedan mostrar el gran espacio de color.<\/li>\n\n\n\n<li><strong>Mi observaci\u00f3n: <\/strong>ProPhoto RGB apenas es utilizado por los fot\u00f3grafos hoy en d\u00eda, pero sigue siendo muy utilizado debido a su gran tama\u00f1o. En el <a href=\"http:\/\/blog.proofs.de\/es\/lexikon\/softproof\/\" target=\"_self\" title='A diferencia de la cl\u00e1sica &quot;prueba dura&quot; sobre papel, una prueba blanda es una prueba que se visualiza en un monitor con precisi\u00f3n crom\u00e1tica.' class=\"encyclopedia\">Softproof<\/a> Sistema <a href=\"http:\/\/blog.proofs.de\/es\/lexikon\/spectraproof\/\" target=\"_self\" title=\"Spectraproof es un sistema de softproof de Lacunasolutions: un nuevo software de softproof espectralmente estructurado se combina aqu\u00ed con una sofisticada iluminaci\u00f3n de luz est\u00e1ndar de Alexander Demmler. De este modo, el monitor, el softproof y la luz ambiente se pueden validar de forma f\u00e1cil e intuitiva en el software, y se puede generar un informe de prueba del softproof, tambi\u00e9n con colores planos. Todas las opciones de ICC est\u00e1ndar,...\" class=\"encyclopedia\">Spectraproof<\/a> Por ejemplo, ProPhoto RGB se utiliza para crear texturas de papel y hot<a href=\"http:\/\/blog.proofs.de\/es\/lexikon\/folienkaschierung\/\" target=\"_self\" title=\"El plastificado es una cubierta protectora hecha de pel\u00edcula que ayuda a proteger el producto (por ejemplo, un libro) de la suciedad y los signos de uso.\" class=\"encyclopedia\">\u200e laminaci\u00f3n posterior en pel\u00edcula<\/a>en plata y oro en el suave<a href=\"http:\/\/blog.proofs.de\/es\/lexikon\/proof\/\" target=\"_self\" title=\"Una prueba (correctamente: prueba de contrato) es un dispositivo de pruebas certificado por la norma ISO 12647-7 para la industria de las artes gr\u00e1ficas. Una prueba simula el colorido de la impresi\u00f3n offset o del huecograbado de una forma jur\u00eddicamente vinculante dentro de las estrechas tolerancias de la norma ISO.\" class=\"encyclopedia\">prueba<\/a> con Spectraproof.<\/li>\n<\/ul>\n\n\n\n<h3 class=\"wp-block-heading\">DCI-P3<\/h3>\n\n\n\n<div style=\"padding-bottom: 75%; max-width: 100%; position: relative;\"><iframe src=\"https:\/\/www.youtube.com\/embed\/Dc9oEbsSTuo?autoplay=1&amp;loop=1&amp;modestbranding=1&amp;rel=0\" style=\"position: absolute; top: 0px; left: 0px; width: 100%; height: 95%;\" frameborder=\"0\"><\/iframe><\/div>\n\n\n\n<p class=\"wp-block-paragraph\">DCI-P3 es un espacio de color RGB desarrollado por la Digital Cinema Initiatives (DCI) y se utiliza principalmente en la industria cinematogr\u00e1fica y en las pantallas modernas de gama alta, como los televisores y monitores 4K.<\/p>\n\n\n\n<p class=\"wp-block-paragraph\"><strong>Propiedades del DCI-P3:<\/strong><\/p>\n\n\n\n<ul class=\"wp-block-list\">\n<li><strong>Gama:<\/strong>&nbsp;Mayor que sRGB, pero menor que Adobe RGB y ProPhoto RGB, pero ofrece una mejor reproducci\u00f3n del color para las pel\u00edculas digitales.<\/li>\n\n\n\n<li><strong>\u00c1mbito de aplicaci\u00f3n:<\/strong>&nbsp;Se utiliza con frecuencia en la producci\u00f3n de cine y televisi\u00f3n y para pantallas de alta calidad.<\/li>\n\n\n\n<li><strong>Calibraci\u00f3n:<\/strong>&nbsp;Cada vez m\u00e1s compatible con los dispositivos modernos, pero a\u00fan no tan utilizado como sRGB.<\/li>\n\n\n\n<li><strong>Mi observaci\u00f3n: <\/strong>Apple ha contribuido a la generalizaci\u00f3n de P3, ya que todos los tel\u00e9fonos m\u00f3viles de Apple se suministran con el espacio de color P3. Debido a las graves limitaciones de sRGB, es de esperar que P3 se convierta en el nuevo est\u00e1ndar para Internet.<\/li>\n<\/ul>\n\n\n\n<h3 class=\"wp-block-heading\">eciRGB_V2<\/h3>\n\n\n\n<div style=\"padding-bottom: 75%; max-width: 100%; position: relative;\"><iframe src=\"https:\/\/www.youtube.com\/embed\/NhxVfbAAjt0?autoplay=1&amp;loop=1&amp;modestbranding=1&amp;rel=0\" style=\"position: absolute; top: 0px; left: 0px; width: 100%; height: 95%;\" frameborder=\"0\"><\/iframe><\/div>\n\n\n\n<p class=\"wp-block-paragraph\">eciRGB_V2 fue desarrollado por la Europ<a href=\"http:\/\/blog.proofs.de\/es\/lexikon\/ean\/\" target=\"_self\" title=\"EAN = N\u00famero de Art\u00edculo Europeo. El EAN fue sustituido por el GTIN = N\u00famero Global de Identificaci\u00f3n Comercial en 2009.\" class=\"encyclopedia\">EAN<\/a> Colour Initiative (ECI) y est\u00e1 especialmente dise\u00f1ado para la norma de impresi\u00f3n europea ISOcoated V2. Este espacio de color est\u00e1 dise\u00f1ado para garantizar una reproducci\u00f3n \u00f3ptima del color de las ilustraciones.<\/p>\n\n\n\n<p class=\"wp-block-paragraph\"><strong>Propiedades de eciRGB_V2:<\/strong><\/p>\n\n\n\n<ul class=\"wp-block-list\">\n<li><strong>Gama:<\/strong>&nbsp;Es m\u00e1s amplio que sRGB, pero no tanto como Adobe RGB o ProPhoto RGB. Sin embargo, se adapta perfectamente a los requisitos de la impresi\u00f3n offset cl\u00e1sica.<\/li>\n\n\n\n<li><strong>\u00c1mbito de aplicaci\u00f3n:<\/strong>&nbsp;Se utiliza principalmente en la impresi\u00f3n europea y en la creaci\u00f3n de material gr\u00e1fico para garantizar una reproducci\u00f3n precisa del color. Las agencias de publicidad y los dise\u00f1adores orientados a la impresi\u00f3n suelen trabajar con ECI-RGB V2 como espacio de color.<\/li>\n\n\n\n<li><strong>Calibraci\u00f3n:<\/strong>&nbsp;Importante para los proveedores de servicios de impresi\u00f3n profesionales que deseen cumplir la norma ISOCoatedV2.<\/li>\n\n\n\n<li><strong>Mi observaci\u00f3n: <\/strong>Muchos proveedores de servicios de impresi\u00f3n tradicionales, editores de libros de arte y estudios de reprograf\u00eda utilizan eciRGB_V2. Sin embargo, este espacio de color no est\u00e1 muy extendido fuera del mundo de la preimpresi\u00f3n. En realidad, eciRGB_V2 s\u00f3lo lo utilizan las empresas que preparan y producen datos optimizados para la industria de la impresi\u00f3n.<\/li>\n<\/ul>\n\n\n\n<h3 class=\"wp-block-heading\">Diferencias y aplicaciones<\/h3>\n\n\n\n<p class=\"wp-block-paragraph\">Las principales diferencias entre estos espacios de color radican en su gama crom\u00e1tica y su \u00e1mbito de aplicaci\u00f3n. sRGB es el est\u00e1ndar para la mayor\u00eda de dispositivos de consumo y aplicaciones web, mientras que Adobe RGB y ProPhoto RGB son los preferidos en fotograf\u00eda profesional y edici\u00f3n de im\u00e1genes para cubrir una gama crom\u00e1tica m\u00e1s amplia y obtener m\u00e1s detalle en los colores. DCI-P3 se adapta espec\u00edficamente a las necesidades de la industria cinematogr\u00e1fica y las pantallas modernas. eciRGB_V2 es especialmente relevante para la industria gr\u00e1fica europea y ofrece una representaci\u00f3n equilibrada del color para los productos impresos.<\/p>\n\n\n\n<p class=\"wp-block-paragraph\">En la pr\u00e1ctica, es importante elegir el espacio de color adecuado para cada aplicaci\u00f3n. Para los gr\u00e1ficos web y las aplicaciones cotidianas, sRGB es suficiente, mientras que Adobe RGB o ProPhoto RGB ofrecen mejores resultados para la fotograf\u00eda profesional y la preimpresi\u00f3n. DCI-P3 se utiliza para la producci\u00f3n de pel\u00edculas y en las pantallas modernas de gama alta. Para la norma europea de impresi\u00f3n, eciRGB_V2 o Adobe RGB son muy adecuados. La elecci\u00f3n del espacio de color tiene un gran impacto en la precisi\u00f3n del color y en la calidad de los resultados finales, por lo que una calibraci\u00f3n competente y un hardware de alta calidad, como monitores y c\u00e1maras, son cruciales para la captura del color RGB y la reproducci\u00f3n del color RGB.<\/p>","protected":false},"excerpt":{"rendered":"<p>Los espacios de color RGB son sistemas de color que representan distintas tonalidades con los tres colores primarios rojo, verde y azul. Los espacios de color RGB se utilizan en el procesamiento digital de im\u00e1genes, la fotograf\u00eda y la tecnolog\u00eda inform\u00e1tica para definir con precisi\u00f3n los colores. Los espacios de color RGB m\u00e1s importantes y sus caracter\u00edsticas especiales son: sRGB sRGB es el espacio de color RGB m\u00e1s utilizado y lo emplean la mayor\u00eda de monitores, impresoras y c\u00e1maras digitales. Fue desarrollado por HP y Microsoft en la d\u00e9cada de 1990 para crear un est\u00e1ndar de representaci\u00f3n del color en Internet y en diversos dispositivos. Propiedades de sRGB: Adobe RGB Adobe RGB se cre\u00f3 en 1998 ... <\/p>\n<p class=\"read-more-container\"><a title=\"Explicaci\u00f3n de los espacios de color RGB\" class=\"read-more button\" href=\"http:\/\/blog.proofs.de\/es\/rgb-fabraeume-erklaert\/#more-5759\" aria-label=\"Leer m\u00e1s sobre Explicaci\u00f3n de los espacios de color RGB\">Leer m\u00e1s<\/a><\/p>","protected":false},"author":2,"featured_media":5847,"comment_status":"open","ping_status":"open","sticky":false,"template":"","format":"standard","meta":{"om_disable_all_campaigns":false,"inline_featured_image":false,"_monsterinsights_skip_tracking":false,"footnotes":""},"categories":[1,435],"tags":[828,259,1406,829,1407,258,1404,541,1402,1403,549],"class_list":["post-5759","post","type-post","status-publish","format-standard","has-post-thumbnail","hentry","category-allgemein","category-farbraeume-und-farbprofile","tag-adobergb","tag-adobergb-1998","tag-dci-p3","tag-eci-rgb","tag-eci-rgb-v2","tag-ecirgb_v2","tag-prophotorgb","tag-rgb","tag-rgb-farbraum","tag-rgb-farbraeume","tag-srgb","generate-columns","tablet-grid-50","mobile-grid-100","grid-parent","grid-50","no-featured-image-padding","resize-featured-image"],"aioseo_notices":[],"aioseo_head":"\n\t\t<!-- All in One SEO 5.0.1.1 - aioseo.com -->\n\t<meta name=\"description\" content=\"RGB-Farbr\u00e4ume werden in der Bildbearbeitung verwendet. Wichtige RGB-Farbr\u00e4ume werden hier einfach erkl\u00e4rt: sRGB, Adobe-RGB, ProPhotoRGB, DCI-P3, ECI-RGB-V2.\" \/>\n\t<meta name=\"robots\" content=\"max-image-preview:large\" \/>\n\t<meta name=\"author\" content=\"Matthias Betz\"\/>\n\t<meta name=\"google-site-verification\" content=\"TuXxyRwxcEg2-WfOaQ8vScWQh3-uBAnxXmY7g3GT90A\" \/>\n\t<meta name=\"keywords\" content=\"adobergb,adobergb 1998,dci-p3,eci-rgb,eci-rgb-v2,ecirgb_v2,prophotorgb,rgb,rgb farbraum,rgb farbr\u00e4ume,srgb\" \/>\n\t<link rel=\"canonical\" href=\"http:\/\/blog.proofs.de\/es\/rgb-fabraeume-erklaert\/\" \/>\n\t<meta name=\"generator\" content=\"All in One SEO (AIOSEO) 5.0.1.1\" \/>\n\n\t\t<meta name=\"seobility\" content=\"593a8578143db71543f014978c690d47\">\n\t\t<meta property=\"og:locale\" content=\"es_ES\" \/>\n\t\t<meta property=\"og:site_name\" content=\"Proof.de | Alles zu Proof, Farbmanagement, Grafik, Messtechnik &amp; Co.\" \/>\n\t\t<meta property=\"og:type\" content=\"article\" \/>\n\t\t<meta property=\"og:title\" content=\"RGB Farbr\u00e4ume erkl\u00e4rt:sRGB, AdobeRGB, DCI-P3 etc. | proof.de\" \/>\n\t\t<meta property=\"og:description\" content=\"RGB-Farbr\u00e4ume werden in der Bildbearbeitung verwendet. Wichtige RGB-Farbr\u00e4ume werden hier einfach erkl\u00e4rt: sRGB, Adobe-RGB, ProPhotoRGB, DCI-P3, ECI-RGB-V2.\" \/>\n\t\t<meta property=\"og:url\" content=\"http:\/\/blog.proofs.de\/es\/rgb-fabraeume-erklaert\/\" \/>\n\t\t<meta property=\"og:image\" content=\"http:\/\/blog.proofs.de\/wp-content\/uploads\/2024\/09\/proof-de-farbraum-vergleich-sRGB-AdobeRGB.png\" \/>\n\t\t<meta property=\"og:image:width\" content=\"935\" \/>\n\t\t<meta property=\"og:image:height\" content=\"619\" \/>\n\t\t<meta property=\"article:published_time\" content=\"2024-09-19T15:08:01+00:00\" \/>\n\t\t<meta property=\"article:modified_time\" content=\"2024-09-27T08:17:29+00:00\" \/>\n\t\t<meta property=\"article:publisher\" content=\"https:\/\/www.facebook.com\/Proof.de\/\" \/>\n\t\t<meta name=\"twitter:card\" content=\"summary\" \/>\n\t\t<meta name=\"twitter:title\" content=\"RGB Farbr\u00e4ume erkl\u00e4rt:sRGB, AdobeRGB, DCI-P3 etc. | proof.de\" \/>\n\t\t<meta name=\"twitter:description\" content=\"RGB-Farbr\u00e4ume werden in der Bildbearbeitung verwendet. Wichtige RGB-Farbr\u00e4ume werden hier einfach erkl\u00e4rt: sRGB, Adobe-RGB, ProPhotoRGB, DCI-P3, ECI-RGB-V2.\" \/>\n\t\t<meta name=\"twitter:image\" content=\"https:\/\/blog.proofs.de\/wp-content\/uploads\/2024\/09\/proof-de-farbraum-vergleich-sRGB-AdobeRGB.png\" \/>\n\t\t<script type=\"application\/ld+json\" class=\"aioseo-schema\">\n\t\t\t{\"@context\":\"https:\\\/\\\/schema.org\",\"@graph\":[{\"@type\":\"Article\",\"@id\":\"http:\\\/\\\/blog.proofs.de\\\/es\\\/rgb-fabraeume-erklaert\\\/#article\",\"name\":\"RGB Farbr\\u00e4ume erkl\\u00e4rt:sRGB, AdobeRGB, DCI-P3 etc. | proof.de\",\"headline\":\"RGB Farbr\\u00e4ume erkl\\u00e4rt\",\"author\":{\"@id\":\"http:\\\/\\\/blog.proofs.de\\\/es\\\/author\\\/mbetz\\\/#author\"},\"publisher\":{\"@id\":\"http:\\\/\\\/blog.proofs.de\\\/es\\\/#organization\"},\"image\":{\"@type\":\"ImageObject\",\"url\":\"https:\\\/\\\/blog.proofs.de\\\/wp-content\\\/uploads\\\/2024\\\/09\\\/proof-de-farbraum-vergleich-sRGB-AdobeRGB.png\",\"width\":935,\"height\":619,\"caption\":\"Proof.de: Animierter Farbraumvergleich zwischen sRGB und AdobeRGB\"},\"datePublished\":\"2024-09-19T17:08:01+02:00\",\"dateModified\":\"2024-09-27T10:17:29+02:00\",\"inLanguage\":\"es-ES\",\"mainEntityOfPage\":{\"@id\":\"http:\\\/\\\/blog.proofs.de\\\/es\\\/rgb-fabraeume-erklaert\\\/#webpage\"},\"isPartOf\":{\"@id\":\"http:\\\/\\\/blog.proofs.de\\\/es\\\/rgb-fabraeume-erklaert\\\/#webpage\"},\"articleSection\":\"Allgemein, Farbr\\u00e4ume und Farbprofile, AdobeRGB, AdobeRGB 1998, DCI-P3, ECI-RGB, ECi-RGB-V2, eciRGB_v2, ProPhotoRGB, RGB, RGB Farbraum, RGB Farbr\\u00e4ume, sRGB\"},{\"@type\":\"BreadcrumbList\",\"@id\":\"http:\\\/\\\/blog.proofs.de\\\/es\\\/rgb-fabraeume-erklaert\\\/#breadcrumblist\",\"itemListElement\":[{\"@type\":\"ListItem\",\"@id\":\"http:\\\/\\\/blog.proofs.de\\\/es#listItem\",\"position\":1,\"name\":\"Home\",\"item\":\"http:\\\/\\\/blog.proofs.de\\\/es\",\"nextItem\":{\"@type\":\"ListItem\",\"@id\":\"http:\\\/\\\/blog.proofs.de\\\/es\\\/thema\\\/proof-wissen\\\/#listItem\",\"name\":\"Proof Wissen\"}},{\"@type\":\"ListItem\",\"@id\":\"http:\\\/\\\/blog.proofs.de\\\/es\\\/thema\\\/proof-wissen\\\/#listItem\",\"position\":2,\"name\":\"Proof Wissen\",\"item\":\"http:\\\/\\\/blog.proofs.de\\\/es\\\/thema\\\/proof-wissen\\\/\",\"nextItem\":{\"@type\":\"ListItem\",\"@id\":\"http:\\\/\\\/blog.proofs.de\\\/es\\\/thema\\\/proof-wissen\\\/farbraeume-und-farbprofile\\\/#listItem\",\"name\":\"Farbr\\u00e4ume und Farbprofile\"},\"previousItem\":{\"@type\":\"ListItem\",\"@id\":\"http:\\\/\\\/blog.proofs.de\\\/es#listItem\",\"name\":\"Home\"}},{\"@type\":\"ListItem\",\"@id\":\"http:\\\/\\\/blog.proofs.de\\\/es\\\/thema\\\/proof-wissen\\\/farbraeume-und-farbprofile\\\/#listItem\",\"position\":3,\"name\":\"Farbr\\u00e4ume und Farbprofile\",\"item\":\"http:\\\/\\\/blog.proofs.de\\\/es\\\/thema\\\/proof-wissen\\\/farbraeume-und-farbprofile\\\/\",\"nextItem\":{\"@type\":\"ListItem\",\"@id\":\"http:\\\/\\\/blog.proofs.de\\\/es\\\/rgb-fabraeume-erklaert\\\/#listItem\",\"name\":\"RGB Farbr\\u00e4ume erkl\\u00e4rt\"},\"previousItem\":{\"@type\":\"ListItem\",\"@id\":\"http:\\\/\\\/blog.proofs.de\\\/es\\\/thema\\\/proof-wissen\\\/#listItem\",\"name\":\"Proof Wissen\"}},{\"@type\":\"ListItem\",\"@id\":\"http:\\\/\\\/blog.proofs.de\\\/es\\\/rgb-fabraeume-erklaert\\\/#listItem\",\"position\":4,\"name\":\"RGB Farbr\\u00e4ume erkl\\u00e4rt\",\"previousItem\":{\"@type\":\"ListItem\",\"@id\":\"http:\\\/\\\/blog.proofs.de\\\/es\\\/thema\\\/proof-wissen\\\/farbraeume-und-farbprofile\\\/#listItem\",\"name\":\"Farbr\\u00e4ume und Farbprofile\"}}]},{\"@type\":\"Organization\",\"@id\":\"http:\\\/\\\/blog.proofs.de\\\/es\\\/#organization\",\"name\":\"Proof GmbH\",\"description\":\"Farbverbindlicher Proof, Farbproof, Digitalproof und Online-Proof.\",\"url\":\"http:\\\/\\\/blog.proofs.de\\\/es\\\/\",\"telephone\":\"+4970717952740\",\"logo\":{\"@type\":\"ImageObject\",\"url\":\"https:\\\/\\\/blog1.proofen.de\\\/wp-content\\\/uploads\\\/2019\\\/09\\\/logo_proof_rgb_mit_balken_250px.png\",\"@id\":\"http:\\\/\\\/blog.proofs.de\\\/es\\\/rgb-fabraeume-erklaert\\\/#organizationLogo\"},\"image\":{\"@id\":\"http:\\\/\\\/blog.proofs.de\\\/es\\\/rgb-fabraeume-erklaert\\\/#organizationLogo\"},\"sameAs\":[\"https:\\\/\\\/www.facebook.com\\\/Proof.de\\\/\",\"https:\\\/\\\/www.instagram.com\\\/proof.de\\\/\",\"https:\\\/\\\/www.tiktok.com\\\/@proof_de\",\"https:\\\/\\\/www.youtube.com\\\/channel\\\/UCk80fQVQ25wC9wu3SywB-Nw\",\"https:\\\/\\\/www.linkedin.com\\\/company\\\/proof-de\"]},{\"@type\":\"Person\",\"@id\":\"http:\\\/\\\/blog.proofs.de\\\/es\\\/author\\\/mbetz\\\/#author\",\"url\":\"http:\\\/\\\/blog.proofs.de\\\/es\\\/author\\\/mbetz\\\/\",\"name\":\"Matthias Betz\",\"image\":{\"@type\":\"ImageObject\",\"@id\":\"http:\\\/\\\/blog.proofs.de\\\/es\\\/rgb-fabraeume-erklaert\\\/#authorImage\",\"url\":\"https:\\\/\\\/blog.proofs.de\\\/wp-content\\\/uploads\\\/2020\\\/10\\\/matthias-betz-e1603934518350-150x150.png\",\"width\":96,\"height\":96,\"caption\":\"Matthias Betz\"}},{\"@type\":\"WebPage\",\"@id\":\"http:\\\/\\\/blog.proofs.de\\\/es\\\/rgb-fabraeume-erklaert\\\/#webpage\",\"url\":\"http:\\\/\\\/blog.proofs.de\\\/es\\\/rgb-fabraeume-erklaert\\\/\",\"name\":\"RGB Farbr\\u00e4ume erkl\\u00e4rt:sRGB, AdobeRGB, DCI-P3 etc. | proof.de\",\"description\":\"RGB-Farbr\\u00e4ume werden in der Bildbearbeitung verwendet. Wichtige RGB-Farbr\\u00e4ume werden hier einfach erkl\\u00e4rt: sRGB, Adobe-RGB, ProPhotoRGB, DCI-P3, ECI-RGB-V2.\",\"inLanguage\":\"es-ES\",\"isPartOf\":{\"@id\":\"http:\\\/\\\/blog.proofs.de\\\/es\\\/#website\"},\"breadcrumb\":{\"@id\":\"http:\\\/\\\/blog.proofs.de\\\/es\\\/rgb-fabraeume-erklaert\\\/#breadcrumblist\"},\"author\":{\"@id\":\"http:\\\/\\\/blog.proofs.de\\\/es\\\/author\\\/mbetz\\\/#author\"},\"creator\":{\"@id\":\"http:\\\/\\\/blog.proofs.de\\\/es\\\/author\\\/mbetz\\\/#author\"},\"image\":{\"@type\":\"ImageObject\",\"url\":\"https:\\\/\\\/blog.proofs.de\\\/wp-content\\\/uploads\\\/2024\\\/09\\\/proof-de-farbraum-vergleich-sRGB-AdobeRGB.png\",\"@id\":\"http:\\\/\\\/blog.proofs.de\\\/es\\\/rgb-fabraeume-erklaert\\\/#mainImage\",\"width\":935,\"height\":619,\"caption\":\"Proof.de: Animierter Farbraumvergleich zwischen sRGB und AdobeRGB\"},\"primaryImageOfPage\":{\"@id\":\"http:\\\/\\\/blog.proofs.de\\\/es\\\/rgb-fabraeume-erklaert\\\/#mainImage\"},\"datePublished\":\"2024-09-19T17:08:01+02:00\",\"dateModified\":\"2024-09-27T10:17:29+02:00\"},{\"@type\":\"WebSite\",\"@id\":\"http:\\\/\\\/blog.proofs.de\\\/es\\\/#website\",\"url\":\"http:\\\/\\\/blog.proofs.de\\\/es\\\/\",\"name\":\"Proof.de\",\"description\":\"Farbverbindlicher Proof, Farbproof, Digitalproof und Online-Proof.\",\"inLanguage\":\"es-ES\",\"publisher\":{\"@id\":\"http:\\\/\\\/blog.proofs.de\\\/es\\\/#organization\"}}]}\n\t\t<\/script>\n\t\t<!-- All in One SEO -->\n\n","aioseo_head_json":{"title":"Explicaci\u00f3n de los espacios de color RGB:sRGB, AdobeRGB, DCI-P3, etc. | proof.de","description":"Los espacios de color RGB se utilizan en el procesamiento de im\u00e1genes. Aqu\u00ed se explican de forma sencilla los espacios de color RGB m\u00e1s importantes: sRGB, Adobe-RGB, ProPhotoRGB, DCI-P3, ECI-RGB-V2.","canonical_url":"http:\/\/blog.proofs.de\/es\/rgb-fabraeume-erklaert\/","robots":"max-image-preview:large","keywords":"adobergb,adobergb 1998,dci-p3,eci-rgb,eci-rgb-v2,ecirgb_v2,prophotorgb,rgb,rgb farbraum,rgb farbr\u00e4ume,srgb","webmasterTools":{"google-site-verification":"TuXxyRwxcEg2-WfOaQ8vScWQh3-uBAnxXmY7g3GT90A","miscellaneous":"&lt;meta name=\"seobility\" content=\"593a8578143db71543f014978c690d47\"&gt;"},"schema":{"@context":"https:\/\/schema.org","@graph":[{"@type":"Article","@id":"http:\/\/blog.proofs.de\/es\/rgb-fabraeume-erklaert\/#article","name":"RGB Farbr\u00e4ume erkl\u00e4rt:sRGB, AdobeRGB, DCI-P3 etc. | proof.de","headline":"RGB Farbr\u00e4ume erkl\u00e4rt","author":{"@id":"http:\/\/blog.proofs.de\/es\/author\/mbetz\/#author"},"publisher":{"@id":"http:\/\/blog.proofs.de\/es\/#organization"},"image":{"@type":"ImageObject","url":"https:\/\/blog.proofs.de\/wp-content\/uploads\/2024\/09\/proof-de-farbraum-vergleich-sRGB-AdobeRGB.png","width":935,"height":619,"caption":"Proof.de: Animierter Farbraumvergleich zwischen sRGB und AdobeRGB"},"datePublished":"2024-09-19T17:08:01+02:00","dateModified":"2024-09-27T10:17:29+02:00","inLanguage":"es-ES","mainEntityOfPage":{"@id":"http:\/\/blog.proofs.de\/es\/rgb-fabraeume-erklaert\/#webpage"},"isPartOf":{"@id":"http:\/\/blog.proofs.de\/es\/rgb-fabraeume-erklaert\/#webpage"},"articleSection":"Allgemein, Farbr\u00e4ume und Farbprofile, AdobeRGB, AdobeRGB 1998, DCI-P3, ECI-RGB, ECi-RGB-V2, eciRGB_v2, ProPhotoRGB, RGB, RGB Farbraum, RGB Farbr\u00e4ume, sRGB"},{"@type":"BreadcrumbList","@id":"http:\/\/blog.proofs.de\/es\/rgb-fabraeume-erklaert\/#breadcrumblist","itemListElement":[{"@type":"ListItem","@id":"http:\/\/blog.proofs.de\/es#listItem","position":1,"name":"Home","item":"http:\/\/blog.proofs.de\/es","nextItem":{"@type":"ListItem","@id":"http:\/\/blog.proofs.de\/es\/thema\/proof-wissen\/#listItem","name":"Proof Wissen"}},{"@type":"ListItem","@id":"http:\/\/blog.proofs.de\/es\/thema\/proof-wissen\/#listItem","position":2,"name":"Proof Wissen","item":"http:\/\/blog.proofs.de\/es\/thema\/proof-wissen\/","nextItem":{"@type":"ListItem","@id":"http:\/\/blog.proofs.de\/es\/thema\/proof-wissen\/farbraeume-und-farbprofile\/#listItem","name":"Farbr\u00e4ume und Farbprofile"},"previousItem":{"@type":"ListItem","@id":"http:\/\/blog.proofs.de\/es#listItem","name":"Home"}},{"@type":"ListItem","@id":"http:\/\/blog.proofs.de\/es\/thema\/proof-wissen\/farbraeume-und-farbprofile\/#listItem","position":3,"name":"Farbr\u00e4ume und Farbprofile","item":"http:\/\/blog.proofs.de\/es\/thema\/proof-wissen\/farbraeume-und-farbprofile\/","nextItem":{"@type":"ListItem","@id":"http:\/\/blog.proofs.de\/es\/rgb-fabraeume-erklaert\/#listItem","name":"RGB Farbr\u00e4ume erkl\u00e4rt"},"previousItem":{"@type":"ListItem","@id":"http:\/\/blog.proofs.de\/es\/thema\/proof-wissen\/#listItem","name":"Proof Wissen"}},{"@type":"ListItem","@id":"http:\/\/blog.proofs.de\/es\/rgb-fabraeume-erklaert\/#listItem","position":4,"name":"RGB Farbr\u00e4ume erkl\u00e4rt","previousItem":{"@type":"ListItem","@id":"http:\/\/blog.proofs.de\/es\/thema\/proof-wissen\/farbraeume-und-farbprofile\/#listItem","name":"Farbr\u00e4ume und Farbprofile"}}]},{"@type":"Organization","@id":"http:\/\/blog.proofs.de\/es\/#organization","name":"Proof GmbH","description":"Farbverbindlicher Proof, Farbproof, Digitalproof und Online-Proof.","url":"http:\/\/blog.proofs.de\/es\/","telephone":"+4970717952740","logo":{"@type":"ImageObject","url":"https:\/\/blog1.proofen.de\/wp-content\/uploads\/2019\/09\/logo_proof_rgb_mit_balken_250px.png","@id":"http:\/\/blog.proofs.de\/es\/rgb-fabraeume-erklaert\/#organizationLogo"},"image":{"@id":"http:\/\/blog.proofs.de\/es\/rgb-fabraeume-erklaert\/#organizationLogo"},"sameAs":["https:\/\/www.facebook.com\/Proof.de\/","https:\/\/www.instagram.com\/proof.de\/","https:\/\/www.tiktok.com\/@proof_de","https:\/\/www.youtube.com\/channel\/UCk80fQVQ25wC9wu3SywB-Nw","https:\/\/www.linkedin.com\/company\/proof-de"]},{"@type":"Person","@id":"http:\/\/blog.proofs.de\/es\/author\/mbetz\/#author","url":"http:\/\/blog.proofs.de\/es\/author\/mbetz\/","name":"Matthias Betz","image":{"@type":"ImageObject","@id":"http:\/\/blog.proofs.de\/es\/rgb-fabraeume-erklaert\/#authorImage","url":"https:\/\/blog.proofs.de\/wp-content\/uploads\/2020\/10\/matthias-betz-e1603934518350-150x150.png","width":96,"height":96,"caption":"Matthias Betz"}},{"@type":"WebPage","@id":"http:\/\/blog.proofs.de\/es\/rgb-fabraeume-erklaert\/#webpage","url":"http:\/\/blog.proofs.de\/es\/rgb-fabraeume-erklaert\/","name":"RGB Farbr\u00e4ume erkl\u00e4rt:sRGB, AdobeRGB, DCI-P3 etc. | proof.de","description":"RGB-Farbr\u00e4ume werden in der Bildbearbeitung verwendet. Wichtige RGB-Farbr\u00e4ume werden hier einfach erkl\u00e4rt: sRGB, Adobe-RGB, ProPhotoRGB, DCI-P3, ECI-RGB-V2.","inLanguage":"es-ES","isPartOf":{"@id":"http:\/\/blog.proofs.de\/es\/#website"},"breadcrumb":{"@id":"http:\/\/blog.proofs.de\/es\/rgb-fabraeume-erklaert\/#breadcrumblist"},"author":{"@id":"http:\/\/blog.proofs.de\/es\/author\/mbetz\/#author"},"creator":{"@id":"http:\/\/blog.proofs.de\/es\/author\/mbetz\/#author"},"image":{"@type":"ImageObject","url":"https:\/\/blog.proofs.de\/wp-content\/uploads\/2024\/09\/proof-de-farbraum-vergleich-sRGB-AdobeRGB.png","@id":"http:\/\/blog.proofs.de\/es\/rgb-fabraeume-erklaert\/#mainImage","width":935,"height":619,"caption":"Proof.de: Animierter Farbraumvergleich zwischen sRGB und AdobeRGB"},"primaryImageOfPage":{"@id":"http:\/\/blog.proofs.de\/es\/rgb-fabraeume-erklaert\/#mainImage"},"datePublished":"2024-09-19T17:08:01+02:00","dateModified":"2024-09-27T10:17:29+02:00"},{"@type":"WebSite","@id":"http:\/\/blog.proofs.de\/es\/#website","url":"http:\/\/blog.proofs.de\/es\/","name":"Proof.de","description":"Farbverbindlicher Proof, Farbproof, Digitalproof und Online-Proof.","inLanguage":"es-ES","publisher":{"@id":"http:\/\/blog.proofs.de\/es\/#organization"}}]},"og:locale":"es_ES","og:site_name":"Proof.de | Alles zu Proof, Farbmanagement, Grafik, Messtechnik &amp; Co.","og:type":"article","og:title":"RGB Farbr\u00e4ume erkl\u00e4rt:sRGB, AdobeRGB, DCI-P3 etc. | proof.de","og:description":"RGB-Farbr\u00e4ume werden in der Bildbearbeitung verwendet. Wichtige RGB-Farbr\u00e4ume werden hier einfach erkl\u00e4rt: sRGB, Adobe-RGB, ProPhotoRGB, DCI-P3, ECI-RGB-V2.","og:url":"http:\/\/blog.proofs.de\/es\/rgb-fabraeume-erklaert\/","og:image":"http:\/\/blog.proofs.de\/wp-content\/uploads\/2024\/09\/proof-de-farbraum-vergleich-sRGB-AdobeRGB.png","og:image:width":935,"og:image:height":619,"article:published_time":"2024-09-19T15:08:01+00:00","article:modified_time":"2024-09-27T08:17:29+00:00","article:publisher":"https:\/\/www.facebook.com\/Proof.de\/","twitter:card":"summary","twitter:title":"RGB Farbr\u00e4ume erkl\u00e4rt:sRGB, AdobeRGB, DCI-P3 etc. | proof.de","twitter:description":"RGB-Farbr\u00e4ume werden in der Bildbearbeitung verwendet. Wichtige RGB-Farbr\u00e4ume werden hier einfach erkl\u00e4rt: sRGB, Adobe-RGB, ProPhotoRGB, DCI-P3, ECI-RGB-V2.","twitter:image":"https:\/\/blog.proofs.de\/wp-content\/uploads\/2024\/09\/proof-de-farbraum-vergleich-sRGB-AdobeRGB.png"},"aioseo_meta_data":{"post_id":"5759","title":"Explicaci\u00f3n de los espacios de color RGB:sRGB, AdobeRGB, DCI-P3, etc. | proof.de","description":"Los espacios de color RGB se utilizan en el procesamiento de im\u00e1genes. Aqu\u00ed se explican de forma sencilla los espacios de color RGB m\u00e1s importantes: sRGB, Adobe-RGB, ProPhotoRGB, DCI-P3, ECI-RGB-V2.","keywords":null,"keyphrases":{"focus":{"keyphrase":"","score":0,"analysis":{"keyphraseInTitle":{"score":0,"maxScore":9,"error":1}}},"additional":[]},"primary_term":null,"canonical_url":null,"og_title":null,"og_description":null,"og_object_type":"default","og_image_type":"default","og_image_url":null,"og_image_width":null,"og_image_height":null,"og_image_custom_url":null,"og_image_custom_fields":null,"og_video":"","og_custom_url":null,"og_article_section":null,"og_article_tags":null,"twitter_use_og":true,"twitter_card":"default","twitter_image_type":"default","twitter_image_url":null,"twitter_image_custom_url":null,"twitter_image_custom_fields":null,"twitter_title":null,"twitter_description":null,"schema":{"blockGraphs":[],"customGraphs":[],"default":{"data":{"Article":[],"Course":[],"Dataset":[],"FAQPage":[],"Movie":[],"Person":[],"Product":[],"ProductReview":[],"Car":[],"Recipe":[],"Service":[],"SoftwareApplication":[],"WebPage":[]},"graphName":"Article","isEnabled":true},"graphs":[]},"schema_type":"default","schema_type_options":null,"pillar_content":false,"robots_default":true,"robots_noindex":false,"robots_noarchive":false,"robots_nosnippet":false,"robots_nofollow":false,"robots_noimageindex":false,"robots_noodp":false,"robots_notranslate":false,"robots_max_snippet":"-1","robots_max_videopreview":"-1","robots_max_imagepreview":"large","priority":null,"frequency":"default","local_seo":null,"breadcrumb_settings":null,"limit_modified_date":false,"ai":null,"created":"2024-06-22 00:11:48","updated":"2025-06-04 14:29:05","seo_analyzer_scan_date":null,"focus_keyword":null,"additional_keywords":null,"truseo_locale":null},"_links":{"self":[{"href":"http:\/\/blog.proofs.de\/es\/wp-json\/wp\/v2\/posts\/5759","targetHints":{"allow":["GET"]}}],"collection":[{"href":"http:\/\/blog.proofs.de\/es\/wp-json\/wp\/v2\/posts"}],"about":[{"href":"http:\/\/blog.proofs.de\/es\/wp-json\/wp\/v2\/types\/post"}],"author":[{"embeddable":true,"href":"http:\/\/blog.proofs.de\/es\/wp-json\/wp\/v2\/users\/2"}],"replies":[{"embeddable":true,"href":"http:\/\/blog.proofs.de\/es\/wp-json\/wp\/v2\/comments?post=5759"}],"version-history":[{"count":12,"href":"http:\/\/blog.proofs.de\/es\/wp-json\/wp\/v2\/posts\/5759\/revisions"}],"predecessor-version":[{"id":5849,"href":"http:\/\/blog.proofs.de\/es\/wp-json\/wp\/v2\/posts\/5759\/revisions\/5849"}],"wp:featuredmedia":[{"embeddable":true,"href":"http:\/\/blog.proofs.de\/es\/wp-json\/wp\/v2\/media\/5847"}],"wp:attachment":[{"href":"http:\/\/blog.proofs.de\/es\/wp-json\/wp\/v2\/media?parent=5759"}],"wp:term":[{"taxonomy":"category","embeddable":true,"href":"http:\/\/blog.proofs.de\/es\/wp-json\/wp\/v2\/categories?post=5759"},{"taxonomy":"post_tag","embeddable":true,"href":"http:\/\/blog.proofs.de\/es\/wp-json\/wp\/v2\/tags?post=5759"}],"curies":[{"name":"wp","href":"https:\/\/api.w.org\/{rel}","templated":true}]}}