{"id":236,"date":"2012-08-23T02:38:19","date_gmt":"2012-08-23T00:38:19","guid":{"rendered":"http:\/\/www.proof.de\/?p=236"},"modified":"2020-04-20T14:16:38","modified_gmt":"2020-04-20T12:16:38","slug":"toend-ilma-profiilita-on-voimalik","status":"publish","type":"post","link":"http:\/\/blog.proofs.de\/et\/ein-proof-ohne-profil-geht-das\/","title":{"rendered":"T\u00f5end ilma profiilita. Kas see on v\u00f5imalik?"},"content":{"rendered":"<div class=\"kk-star-ratings kksr-auto kksr-align-right kksr-valign-top\" data-payload='{\"align\":\"right\",\"id\":\"236\",\"slug\":\"default\",\"valign\":\"top\",\"ignore\":\"\",\"reference\":\"auto\",\"class\":\"\",\"count\":\"0\",\"legendonly\":\"\",\"readonly\":\"\",\"score\":\"0\",\"starsonly\":\"\",\"best\":\"5\",\"gap\":\"5\",\"greet\":\"Jetzt bewerten\",\"legend\":\"0\\\/5 - (0 votes)\",\"size\":\"24\",\"title\":\"Ein Proof ohne Profil. Geht das?\",\"width\":\"0\",\"_legend\":\"{score}\\\/{best} - ({count} {votes})\",\"font_factor\":\"1.25\"}'>\n            \n<div class=\"kksr-stars\">\n    \n<div class=\"kksr-stars-inactive\">\n            <div class=\"kksr-star\" data-star=\"1\" style=\"padding-right: 5px\">\n            \n\n<div class=\"kksr-icon\" style=\"width: 24px; height: 24px;\"><\/div>\n        <\/div>\n            <div class=\"kksr-star\" data-star=\"2\" style=\"padding-right: 5px\">\n            \n\n<div class=\"kksr-icon\" style=\"width: 24px; height: 24px;\"><\/div>\n        <\/div>\n            <div class=\"kksr-star\" data-star=\"3\" style=\"padding-right: 5px\">\n            \n\n<div class=\"kksr-icon\" style=\"width: 24px; height: 24px;\"><\/div>\n        <\/div>\n            <div class=\"kksr-star\" data-star=\"4\" style=\"padding-right: 5px\">\n            \n\n<div class=\"kksr-icon\" style=\"width: 24px; height: 24px;\"><\/div>\n        <\/div>\n            <div class=\"kksr-star\" data-star=\"5\" style=\"padding-right: 5px\">\n            \n\n<div class=\"kksr-icon\" style=\"width: 24px; height: 24px;\"><\/div>\n        <\/div>\n    <\/div>\n    \n<div class=\"kksr-stars-active\" style=\"width: 0px;\">\n            <div class=\"kksr-star\" style=\"padding-right: 5px\">\n            \n\n<div class=\"kksr-icon\" style=\"width: 24px; height: 24px;\"><\/div>\n        <\/div>\n            <div class=\"kksr-star\" style=\"padding-right: 5px\">\n            \n\n<div class=\"kksr-icon\" style=\"width: 24px; height: 24px;\"><\/div>\n        <\/div>\n            <div class=\"kksr-star\" style=\"padding-right: 5px\">\n            \n\n<div class=\"kksr-icon\" style=\"width: 24px; height: 24px;\"><\/div>\n        <\/div>\n            <div class=\"kksr-star\" style=\"padding-right: 5px\">\n            \n\n<div class=\"kksr-icon\" style=\"width: 24px; height: 24px;\"><\/div>\n        <\/div>\n            <div class=\"kksr-star\" style=\"padding-right: 5px\">\n            \n\n<div class=\"kksr-icon\" style=\"width: 24px; height: 24px;\"><\/div>\n        <\/div>\n    <\/div>\n<\/div>\n                \n\n<div class=\"kksr-legend\" style=\"font-size: 19.2px;\">\n            <span class=\"kksr-muted\">Hinda n\u00fc\u00fcd<\/span>\n    <\/div>\n    <\/div>\n<p>aadressile <a href=\"http:\/\/blog.proofs.de\/et\/lexikon\/proof\/\" target=\"_self\" title=\"Proof (korrektselt: lepinguline proof) on ISO 12647-7 sertifitseeritud proof-seade graafilise kunsti t\u00f6\u00f6stusele. Proof simuleerib offset- v\u00f5i s\u00fcgavtr\u00fckkimise v\u00e4rvilisust v\u00e4rviliselt ja \u00f5iguslikult siduvalt ISO-standardi kitsaste lubatud h\u00e4lvete piires.\" class=\"encyclopedia\">Proof<\/a>Teenusepakkujatele esitatakse sageli k\u00fcsimus: \"Mul on vaja teha t\u00f5end, kuid ma ei tea, millise profiili jaoks. Kas ma v\u00f5in lasta teha t\u00f5endi ka ilma profiilita?\"<\/p>\n<p><a href=\"http:\/\/blog.proofs.de\/et\/lexikon\/proofs\/\" target=\"_self\" title=\"Tr\u00fckisektoris t\u00e4histab proof (v\u00f5i proovitr\u00fckk) tr\u00fckitulemuse v\u00e4rvipidamise ja \u00f5iguslikult siduvat simulatsiooni kontrolli eesm\u00e4rgil. Proovide eest vastutav standard on ISO 12647-7:2016, st praegune, 2016. aasta redaktsioon.\" class=\"encyclopedia\">T\u00f5endid<\/a> T\u00f5endid on standardiseeritud tooted, mis on loodud ja kontrollitud vastavalt konkreetsele v\u00e4\u00e4rtuste kogumile. Just see eristab neid mis tahes \"v\u00e4rvilistest v\u00e4ljatr\u00fckkidest\".<br>\nT\u00e4psemalt: A <strong>T\u00f5endid <a href=\"http:\/\/blog.proofs.de\/et\/lexikon\/bilderdruckpapier\/\" target=\"_self\" title=\"Pilditr\u00fcki paber (v\u00f5i: kunsttr\u00fckipaber) on m\u00f5lemalt poolt kaetud paber, mis on v\u00e4ga levinud. Seda on saadaval eri grammatika, kas matt-, satiin- v\u00f5i l\u00e4ikiva kattega, ja see sobib k\u00f5ikide tr\u00fckiprotsesside jaoks.\" class=\"encyclopedia\">Pildi tr\u00fckipaber<\/a><\/strong> toodetakse vastavalt standardv\u00e4\u00e4rtustele ISOCoated V2 (paberit\u00fc\u00fcp 1 ja 2, l\u00e4ikiv ja matt kattega pilditr\u00fckk), <a href=\"http:\/\/blog.proofs.de\/et\/lexikon\/tonwertzunahme\/\" target=\"_self\" title=\"Toonusv\u00e4\u00e4rtuse suurenemine (TWZ) on termin tr\u00fckitehnoloogiast ja kirjeldab tr\u00fckimudeli toonusv\u00e4\u00e4rtuste muutumist tr\u00fckiprotsessi k\u00e4igus. Ruutpunkte, millest tr\u00fckitud kujutis koosneb, suurendatakse tr\u00fckiprotsessi k\u00e4igus, mille tulemuseks on tumedam tr\u00fckitud kujutis. Punktide suurenemise suurus s\u00f5ltub erinevatest teguritest, n\u00e4iteks kasutatavast tr\u00fckiprotsessist, paberi t\u00fc\u00fcbist...\" class=\"encyclopedia\">Tooni v\u00e4\u00e4rtuse suurenemine<\/a>k\u00f5verad A (CMY) ja B (K) alates <a href=\"http:\/\/blog.proofs.de\/et\/lexikon\/iso-12647\/\" target=\"_self\" title=\"ISO 12647 on ISO standard, mis vastutab tr\u00fckkimise eest. See m\u00e4\u00e4ratleb k\u00f5ige olulisemad p\u00f5hipunktid standardiseeritud, v\u00e4rvik\u00f5lbliku tr\u00fckkimise jaoks.\" class=\"encyclopedia\">ISO 12647<\/a>-2:2004) ja kontrollitakse vastavalt v\u00e4\u00e4rtuste kogumile (<a href=\"http:\/\/blog.proofs.de\/et\/lexikon\/fogra\/\" target=\"_self\" title=\"Fogra Forschungsgesellschaft Druck e.V., asukohaga M\u00fcnchenis.\" class=\"encyclopedia\">FOGRA<\/a>39L). A <strong>T\u00f5endid <a href=\"http:\/\/blog.proofs.de\/et\/lexikon\/naturpapier\/\" target=\"_self\" title=\"Viitab k\u00f5igile paberitele, mis ei ole viimistletud pinnakattega. Pinnakatteta paberit nimetatakse ka pinnakatteta paberiks.\" class=\"encyclopedia\">Looduslik paber<\/a><\/strong> (nt. <a href=\"http:\/\/blog.proofs.de\/et\/lexikon\/pso\/\" target=\"_self\" title='PSO t\u00e4hendab &quot;ProcessStandard Offset&quot;, mis on Fogra ja Saksamaa tr\u00fcki- ja meediat\u00f6\u00f6stuse liidu poolt \u00fchiselt v\u00e4lja t\u00f6\u00f6tatud standard. ProtsessStandard Offset on ofsettr\u00fckkimise normide ja standardite kogumik.' class=\"encyclopedia\">PSO<\/a>Uncoated v\u00f5i ISOUncoated) toodetakse ja kontrollitakse t\u00e4iesti erinevate v\u00e4\u00e4rtuste alusel. See on loogiline, sest katmata paberile tr\u00fckitud tr\u00fckis n\u00e4eb v\u00e4rvi ja valge v\u00e4\u00e4rtuse poolest arusaadavalt erinev v\u00e4lja.<a href=\"http:\/\/blog.proofs.de\/et\/lexikon\/efi\/\" target=\"_self\" title=\"Electronics For Imaging Inc., l\u00fchendatult EFI, on Ameerika ettev\u00f5te ja maailma \u00fche juhtiva proofing-s\u00fcsteemi tootja: EFI Colorproof XF, alates 2013. aastast Fiery XF. EFI on suurte tr\u00fckis\u00fcsteemide, RIPide ja v\u00e4rvihalduslahenduste, n\u00e4iteks proofimise lahenduste pakkuja.\" class=\"encyclopedia\">efi<\/a>Tulemus erineb kindlasti pildipaberile tr\u00fckkimisest.<\/p>\n<p>Seega peab t\u00f5end olema alati loodud standardi j\u00e4rgi ja kontrollitav kontrollv\u00e4\u00e4rtuste kogumi j\u00e4rgi. <a title=\"Praegused t\u00f5endusprofiilid (2012. aasta seisuga)\" href=\"https:\/\/shop.proof.de\/de\/info\/Proof-Profile.html\" target=\"_blank\" rel=\"noopener noreferrer\">Praeguste t\u00f5endusprofiilide loetelu (2012. aasta seisuga) on esitatud siin.<\/a>.<\/p>\n<p>Probleem: paljud tr\u00fckiprotsessid, nagu n\u00e4iteks digitaalne tr\u00fckkimine v\u00e4rvilaseril v\u00f5i tr\u00fckkimine suurformaatpaberi (LFP) abil, ei ole standardiseeritud ja seet\u00f5ttu puuduvad nende jaoks kehtivad profiilid ja spetsifikatsioonid.<\/p>\n<p><strong>Mida siis teha? K\u00f5ige sagedamini kasutatav standard on end \"de facto alusena\" kehtestanud: ISOCoated V2.<\/strong><\/p>\n<p>See on arusaadav, sest v\u00e4rvikriitilised tr\u00fckised, kataloogid jne tr\u00fckitakse valdavalt <a href=\"http:\/\/blog.proofs.de\/et\/lexikon\/offsetdruck\/\" target=\"_self\" title=\"Offsettr\u00fckk on kaudne tr\u00fckiprotsess. Kaudne t\u00e4hendab, et tr\u00fckivorm ja tr\u00fckimaterjal ei puutu omavahel otseselt kokku, vaid vahepeal kasutatakse \u00fclekandevahendina tr\u00fckikandjat. See on k\u00f5ige levinum tr\u00fckiprotsess. On olemas: - lehtedega ofsettr\u00fckipressid ja - rotatsiooniga ofsettr\u00fckipressid.\" class=\"encyclopedia\">Offset tr\u00fckkimine<\/a> on toodetud kunstpaberile ja seega kohaldatakse seda standardit. Seet\u00f5ttu eeldatakse \u00fcldiselt, et n\u00e4iteks digiprinter v\u00f5i LFP-printer peaks l\u00e4htuma sellest standardist ja saavutama v\u00e4hemalt selle v\u00e4rvitulemuse.<\/p>\n<p>Nii et kui teil on <a href=\"http:\/\/blog.proofs.de\/et\/lexikon\/proof-erstellen\/\" target=\"_self\" title='&quot;Proovi tegemine&quot; t\u00e4hendab digitaalse t\u00f5estuse tegemist v\u00f5i t\u00f5estuse tegemisega tegelemist. Termin on s\u00fcnon\u00fc\u00fcmne s\u00f5naga &quot;proofing&quot;.' class=\"encyclopedia\">T\u00f5endi loomine<\/a> kuid neil ei ole t\u00e4pseid andmeid n\u00f5utava profiili kohta, siis <a href=\"http:\/\/blog.proofs.de\/et\/lexikon\/proofen\/\" target=\"_self\" title='&quot;T\u00f5estamine&quot; t\u00e4hendab t\u00f5estuse tegemist v\u00f5i t\u00f5estuse tegemist. &quot;Ma pean ikka veel laskma bro\u0161\u00fc\u00fcri t\u00f5estada&quot; on t\u00fc\u00fcpiline s\u00f5nastus s\u00f5nale &quot;proofing&quot;. Seega t\u00e4hendab proofimine v\u00e4rvilise ja \u00f5iguslikult siduva proofi valmistamist vastavalt kehtivale ISO 12647-7 standardile.' class=\"encyclopedia\">proofen<\/a> Kahtluse korral kasutage ISOCoated V2. See standard on ennast t\u00f6\u00f6stuses k\u00f5ige sagedamini kasutatavaks standardiks kehtestanud ja seet\u00f5ttu aktsepteeritakse seda alati p\u00f5hit\u00f5endina.<\/p>\n<p>Kahjuks ei saa esitada profiilita proofi, sest see oleks lihtsalt \"proofis\u00fcsteemi v\u00e4rviline paber\", kuid mitte kehtiv ISO-konformne proof.<\/p>","protected":false},"excerpt":{"rendered":"<p>Proofimisteenuse pakkujatele esitatakse sageli k\u00fcsimus: \"Mul on vaja teha proof, kuid ma ei tea, millise profiili jaoks. Kas ma v\u00f5in lasta teha proofi ka ilma profiilita?\" Proofid on standardiseeritud tooted, mis koostatakse ja kontrollitakse konkreetsete v\u00e4\u00e4rtuste alusel. Just see eristab neid mis tahes \"v\u00e4rvilistest v\u00e4ljatr\u00fckkidest\". Konkreetsemalt: pilditr\u00fckipaberi proof valmistatakse vastavalt standardv\u00e4\u00e4rtustele ISOCoated V2 (paberit\u00fc\u00fcp 1 ja 2, l\u00e4ikiv ja matt kattega pilditr\u00fckk, punktitugevuse k\u00f5verad A (CMY) ja B (K) standardist ISO 12647-2:2004) ja vastavalt ... <\/p>\n<p class=\"read-more-container\"><a title=\"T\u00f5end ilma profiilita. Kas see on v\u00f5imalik?\" class=\"read-more button\" href=\"http:\/\/blog.proofs.de\/et\/ein-proof-ohne-profil-geht-das\/#more-236\" aria-label=\"Lisateave profiilist ilma profiilita t\u00f5endi kohta. Kas see on v\u00f5imalik?\">Loe edasi<\/a><\/p>","protected":false},"author":2,"featured_media":0,"comment_status":"open","ping_status":"open","sticky":false,"template":"","format":"standard","meta":{"om_disable_all_campaigns":false,"inline_featured_image":false,"_monsterinsights_skip_tracking":false,"footnotes":""},"categories":[1,435,18,443,7],"tags":[544,42,241,519,240,239],"class_list":["post-236","post","type-post","status-publish","format-standard","hentry","category-allgemein","category-farbraeume-und-farbprofile","category-haufige-fragen","category-haeufige-fragen-zu-proofs","category-proof-wissen","tag-iso-12647","tag-isocoated-v2","tag-normierung","tag-proof","tag-proof-ohne-profil","tag-proof-profil","generate-columns","tablet-grid-50","mobile-grid-100","grid-parent","grid-50","no-featured-image-padding"],"aioseo_notices":[],"aioseo_head":"\n\t\t<!-- All in One SEO 5.0.1.1 - aioseo.com -->\n\t<meta name=\"description\" content=\"Der Artikel beleuchtet die h\u00e4ufige Frage, ob ein Proof auch ohne ein Proof Profil hergestellt werden kann, und ob das sinnvoll ist.\" \/>\n\t<meta name=\"robots\" content=\"max-image-preview:large\" \/>\n\t<meta name=\"author\" content=\"Matthias Betz\"\/>\n\t<meta name=\"google-site-verification\" content=\"TuXxyRwxcEg2-WfOaQ8vScWQh3-uBAnxXmY7g3GT90A\" \/>\n\t<meta name=\"keywords\" content=\"proof profil,proof,isocoated v2,proof ohne profil,normierung,iso 12647\" \/>\n\t<link rel=\"canonical\" href=\"http:\/\/blog.proofs.de\/et\/ein-proof-ohne-profil-geht-das\/\" \/>\n\t<meta name=\"generator\" content=\"All in One SEO (AIOSEO) 5.0.1.1\" \/>\n\n\t\t<meta name=\"seobility\" content=\"593a8578143db71543f014978c690d47\">\n\t\t<meta property=\"og:locale\" content=\"et_EE\" \/>\n\t\t<meta property=\"og:site_name\" content=\"Proof.de | Alles zu Proof, Farbmanagement, Grafik, Messtechnik &amp; Co.\" \/>\n\t\t<meta property=\"og:type\" content=\"article\" \/>\n\t\t<meta property=\"og:title\" content=\"Ein Proof ohne Profil? Geht das? | proof.de\" \/>\n\t\t<meta property=\"og:description\" content=\"Der Artikel beleuchtet die h\u00e4ufige Frage, ob ein Proof auch ohne ein Proof Profil hergestellt werden kann, und ob das sinnvoll ist.\" \/>\n\t\t<meta property=\"og:url\" content=\"http:\/\/blog.proofs.de\/et\/ein-proof-ohne-profil-geht-das\/\" \/>\n\t\t<meta property=\"og:image\" content=\"http:\/\/blog1.proofen.de\/wp-content\/uploads\/2020\/04\/proof_background.jpg\" \/>\n\t\t<meta property=\"article:published_time\" content=\"2012-08-23T00:38:19+00:00\" \/>\n\t\t<meta property=\"article:modified_time\" content=\"2020-04-20T12:16:38+00:00\" \/>\n\t\t<meta property=\"article:publisher\" content=\"https:\/\/www.facebook.com\/Proof.de\/\" \/>\n\t\t<meta name=\"twitter:card\" content=\"summary\" \/>\n\t\t<meta name=\"twitter:title\" content=\"Ein Proof ohne Profil? Geht das? | proof.de\" \/>\n\t\t<meta name=\"twitter:description\" content=\"Der Artikel beleuchtet die h\u00e4ufige Frage, ob ein Proof auch ohne ein Proof Profil hergestellt werden kann, und ob das sinnvoll ist.\" \/>\n\t\t<meta name=\"twitter:image\" content=\"https:\/\/blog1.proofen.de\/wp-content\/uploads\/2020\/04\/proof_background.jpg\" \/>\n\t\t<script type=\"application\/ld+json\" class=\"aioseo-schema\">\n\t\t\t{\"@context\":\"https:\\\/\\\/schema.org\",\"@graph\":[{\"@type\":\"Article\",\"@id\":\"http:\\\/\\\/blog.proofs.de\\\/et\\\/ein-proof-ohne-profil-geht-das\\\/#article\",\"name\":\"Ein Proof ohne Profil? Geht das? | proof.de\",\"headline\":\"Ein Proof ohne Profil. Geht das?\",\"author\":{\"@id\":\"http:\\\/\\\/blog.proofs.de\\\/et\\\/author\\\/mbetz\\\/#author\"},\"publisher\":{\"@id\":\"http:\\\/\\\/blog.proofs.de\\\/et\\\/#organization\"},\"image\":{\"@type\":\"ImageObject\",\"url\":\"https:\\\/\\\/blog1.proofen.de\\\/wp-content\\\/uploads\\\/2019\\\/09\\\/logo_proof_rgb_mit_balken_250px.png\",\"@id\":\"http:\\\/\\\/blog.proofs.de\\\/et\\\/#articleImage\"},\"datePublished\":\"2012-08-23T02:38:19+02:00\",\"dateModified\":\"2020-04-20T14:16:38+02:00\",\"inLanguage\":\"et\",\"mainEntityOfPage\":{\"@id\":\"http:\\\/\\\/blog.proofs.de\\\/et\\\/ein-proof-ohne-profil-geht-das\\\/#webpage\"},\"isPartOf\":{\"@id\":\"http:\\\/\\\/blog.proofs.de\\\/et\\\/ein-proof-ohne-profil-geht-das\\\/#webpage\"},\"articleSection\":\"Allgemein, Farbr\\u00e4ume und Farbprofile, H\\u00e4ufige Fragen, H\\u00e4ufige Fragen zu Proofs, Proof Wissen, ISO 12647, ISOCoated V2, Normierung, Proof, Proof ohne Profil, Proof Profil\"},{\"@type\":\"BreadcrumbList\",\"@id\":\"http:\\\/\\\/blog.proofs.de\\\/et\\\/ein-proof-ohne-profil-geht-das\\\/#breadcrumblist\",\"itemListElement\":[{\"@type\":\"ListItem\",\"@id\":\"http:\\\/\\\/blog.proofs.de\\\/et#listItem\",\"position\":1,\"name\":\"Home\",\"item\":\"http:\\\/\\\/blog.proofs.de\\\/et\",\"nextItem\":{\"@type\":\"ListItem\",\"@id\":\"http:\\\/\\\/blog.proofs.de\\\/et\\\/thema\\\/proof-wissen\\\/#listItem\",\"name\":\"Proof Wissen\"}},{\"@type\":\"ListItem\",\"@id\":\"http:\\\/\\\/blog.proofs.de\\\/et\\\/thema\\\/proof-wissen\\\/#listItem\",\"position\":2,\"name\":\"Proof Wissen\",\"item\":\"http:\\\/\\\/blog.proofs.de\\\/et\\\/thema\\\/proof-wissen\\\/\",\"nextItem\":{\"@type\":\"ListItem\",\"@id\":\"http:\\\/\\\/blog.proofs.de\\\/et\\\/thema\\\/proof-wissen\\\/farbraeume-und-farbprofile\\\/#listItem\",\"name\":\"Farbr\\u00e4ume und Farbprofile\"},\"previousItem\":{\"@type\":\"ListItem\",\"@id\":\"http:\\\/\\\/blog.proofs.de\\\/et#listItem\",\"name\":\"Home\"}},{\"@type\":\"ListItem\",\"@id\":\"http:\\\/\\\/blog.proofs.de\\\/et\\\/thema\\\/proof-wissen\\\/farbraeume-und-farbprofile\\\/#listItem\",\"position\":3,\"name\":\"Farbr\\u00e4ume und Farbprofile\",\"item\":\"http:\\\/\\\/blog.proofs.de\\\/et\\\/thema\\\/proof-wissen\\\/farbraeume-und-farbprofile\\\/\",\"nextItem\":{\"@type\":\"ListItem\",\"@id\":\"http:\\\/\\\/blog.proofs.de\\\/et\\\/ein-proof-ohne-profil-geht-das\\\/#listItem\",\"name\":\"Ein Proof ohne Profil. Geht das?\"},\"previousItem\":{\"@type\":\"ListItem\",\"@id\":\"http:\\\/\\\/blog.proofs.de\\\/et\\\/thema\\\/proof-wissen\\\/#listItem\",\"name\":\"Proof Wissen\"}},{\"@type\":\"ListItem\",\"@id\":\"http:\\\/\\\/blog.proofs.de\\\/et\\\/ein-proof-ohne-profil-geht-das\\\/#listItem\",\"position\":4,\"name\":\"Ein Proof ohne Profil. Geht das?\",\"previousItem\":{\"@type\":\"ListItem\",\"@id\":\"http:\\\/\\\/blog.proofs.de\\\/et\\\/thema\\\/proof-wissen\\\/farbraeume-und-farbprofile\\\/#listItem\",\"name\":\"Farbr\\u00e4ume und Farbprofile\"}}]},{\"@type\":\"Organization\",\"@id\":\"http:\\\/\\\/blog.proofs.de\\\/et\\\/#organization\",\"name\":\"Proof GmbH\",\"description\":\"Farbverbindlicher Proof, Farbproof, Digitalproof und Online-Proof.\",\"url\":\"http:\\\/\\\/blog.proofs.de\\\/et\\\/\",\"telephone\":\"+4970717952740\",\"logo\":{\"@type\":\"ImageObject\",\"url\":\"https:\\\/\\\/blog1.proofen.de\\\/wp-content\\\/uploads\\\/2019\\\/09\\\/logo_proof_rgb_mit_balken_250px.png\",\"@id\":\"http:\\\/\\\/blog.proofs.de\\\/et\\\/ein-proof-ohne-profil-geht-das\\\/#organizationLogo\"},\"image\":{\"@id\":\"http:\\\/\\\/blog.proofs.de\\\/et\\\/ein-proof-ohne-profil-geht-das\\\/#organizationLogo\"},\"sameAs\":[\"https:\\\/\\\/www.facebook.com\\\/Proof.de\\\/\",\"https:\\\/\\\/www.instagram.com\\\/proof.de\\\/\",\"https:\\\/\\\/www.tiktok.com\\\/@proof_de\",\"https:\\\/\\\/www.youtube.com\\\/channel\\\/UCk80fQVQ25wC9wu3SywB-Nw\",\"https:\\\/\\\/www.linkedin.com\\\/company\\\/proof-de\"]},{\"@type\":\"Person\",\"@id\":\"http:\\\/\\\/blog.proofs.de\\\/et\\\/author\\\/mbetz\\\/#author\",\"url\":\"http:\\\/\\\/blog.proofs.de\\\/et\\\/author\\\/mbetz\\\/\",\"name\":\"Matthias Betz\",\"image\":{\"@type\":\"ImageObject\",\"@id\":\"http:\\\/\\\/blog.proofs.de\\\/et\\\/ein-proof-ohne-profil-geht-das\\\/#authorImage\",\"url\":\"https:\\\/\\\/blog.proofs.de\\\/wp-content\\\/uploads\\\/2020\\\/10\\\/matthias-betz-e1603934518350-150x150.png\",\"width\":96,\"height\":96,\"caption\":\"Matthias Betz\"}},{\"@type\":\"WebPage\",\"@id\":\"http:\\\/\\\/blog.proofs.de\\\/et\\\/ein-proof-ohne-profil-geht-das\\\/#webpage\",\"url\":\"http:\\\/\\\/blog.proofs.de\\\/et\\\/ein-proof-ohne-profil-geht-das\\\/\",\"name\":\"Ein Proof ohne Profil? Geht das? | proof.de\",\"description\":\"Der Artikel beleuchtet die h\\u00e4ufige Frage, ob ein Proof auch ohne ein Proof Profil hergestellt werden kann, und ob das sinnvoll ist.\",\"inLanguage\":\"et\",\"isPartOf\":{\"@id\":\"http:\\\/\\\/blog.proofs.de\\\/et\\\/#website\"},\"breadcrumb\":{\"@id\":\"http:\\\/\\\/blog.proofs.de\\\/et\\\/ein-proof-ohne-profil-geht-das\\\/#breadcrumblist\"},\"author\":{\"@id\":\"http:\\\/\\\/blog.proofs.de\\\/et\\\/author\\\/mbetz\\\/#author\"},\"creator\":{\"@id\":\"http:\\\/\\\/blog.proofs.de\\\/et\\\/author\\\/mbetz\\\/#author\"},\"datePublished\":\"2012-08-23T02:38:19+02:00\",\"dateModified\":\"2020-04-20T14:16:38+02:00\"},{\"@type\":\"WebSite\",\"@id\":\"http:\\\/\\\/blog.proofs.de\\\/et\\\/#website\",\"url\":\"http:\\\/\\\/blog.proofs.de\\\/et\\\/\",\"name\":\"Proof.de\",\"description\":\"Farbverbindlicher Proof, Farbproof, Digitalproof und Online-Proof.\",\"inLanguage\":\"et\",\"publisher\":{\"@id\":\"http:\\\/\\\/blog.proofs.de\\\/et\\\/#organization\"}}]}\n\t\t<\/script>\n\t\t<!-- All in One SEO -->\n\n","aioseo_head_json":{"title":"T\u00f5end ilma profiilita? Kas see on v\u00f5imalik? | proof.de","description":"Artikkel heidab valgust sagedasele k\u00fcsimusele, kas t\u00f5estust saab esitada ka ilma t\u00f5estusprofiilita ja kas see on m\u00f5istlik.","canonical_url":"http:\/\/blog.proofs.de\/et\/ein-proof-ohne-profil-geht-das\/","robots":"max-image-preview:large","keywords":"proof profil,proof,isocoated v2,proof ohne profil,normierung,iso 12647","webmasterTools":{"google-site-verification":"TuXxyRwxcEg2-WfOaQ8vScWQh3-uBAnxXmY7g3GT90A","miscellaneous":"&lt;meta name=\"seobility\" content=\"593a8578143db71543f014978c690d47\"&gt;"},"schema":{"@context":"https:\/\/schema.org","@graph":[{"@type":"Article","@id":"http:\/\/blog.proofs.de\/et\/ein-proof-ohne-profil-geht-das\/#article","name":"Ein Proof ohne Profil? Geht das? | proof.de","headline":"Ein Proof ohne Profil. Geht das?","author":{"@id":"http:\/\/blog.proofs.de\/et\/author\/mbetz\/#author"},"publisher":{"@id":"http:\/\/blog.proofs.de\/et\/#organization"},"image":{"@type":"ImageObject","url":"https:\/\/blog1.proofen.de\/wp-content\/uploads\/2019\/09\/logo_proof_rgb_mit_balken_250px.png","@id":"http:\/\/blog.proofs.de\/et\/#articleImage"},"datePublished":"2012-08-23T02:38:19+02:00","dateModified":"2020-04-20T14:16:38+02:00","inLanguage":"et","mainEntityOfPage":{"@id":"http:\/\/blog.proofs.de\/et\/ein-proof-ohne-profil-geht-das\/#webpage"},"isPartOf":{"@id":"http:\/\/blog.proofs.de\/et\/ein-proof-ohne-profil-geht-das\/#webpage"},"articleSection":"Allgemein, Farbr\u00e4ume und Farbprofile, H\u00e4ufige Fragen, H\u00e4ufige Fragen zu Proofs, Proof Wissen, ISO 12647, ISOCoated V2, Normierung, Proof, Proof ohne Profil, Proof Profil"},{"@type":"BreadcrumbList","@id":"http:\/\/blog.proofs.de\/et\/ein-proof-ohne-profil-geht-das\/#breadcrumblist","itemListElement":[{"@type":"ListItem","@id":"http:\/\/blog.proofs.de\/et#listItem","position":1,"name":"Home","item":"http:\/\/blog.proofs.de\/et","nextItem":{"@type":"ListItem","@id":"http:\/\/blog.proofs.de\/et\/thema\/proof-wissen\/#listItem","name":"Proof Wissen"}},{"@type":"ListItem","@id":"http:\/\/blog.proofs.de\/et\/thema\/proof-wissen\/#listItem","position":2,"name":"Proof Wissen","item":"http:\/\/blog.proofs.de\/et\/thema\/proof-wissen\/","nextItem":{"@type":"ListItem","@id":"http:\/\/blog.proofs.de\/et\/thema\/proof-wissen\/farbraeume-und-farbprofile\/#listItem","name":"Farbr\u00e4ume und Farbprofile"},"previousItem":{"@type":"ListItem","@id":"http:\/\/blog.proofs.de\/et#listItem","name":"Home"}},{"@type":"ListItem","@id":"http:\/\/blog.proofs.de\/et\/thema\/proof-wissen\/farbraeume-und-farbprofile\/#listItem","position":3,"name":"Farbr\u00e4ume und Farbprofile","item":"http:\/\/blog.proofs.de\/et\/thema\/proof-wissen\/farbraeume-und-farbprofile\/","nextItem":{"@type":"ListItem","@id":"http:\/\/blog.proofs.de\/et\/ein-proof-ohne-profil-geht-das\/#listItem","name":"Ein Proof ohne Profil. Geht das?"},"previousItem":{"@type":"ListItem","@id":"http:\/\/blog.proofs.de\/et\/thema\/proof-wissen\/#listItem","name":"Proof Wissen"}},{"@type":"ListItem","@id":"http:\/\/blog.proofs.de\/et\/ein-proof-ohne-profil-geht-das\/#listItem","position":4,"name":"Ein Proof ohne Profil. Geht das?","previousItem":{"@type":"ListItem","@id":"http:\/\/blog.proofs.de\/et\/thema\/proof-wissen\/farbraeume-und-farbprofile\/#listItem","name":"Farbr\u00e4ume und Farbprofile"}}]},{"@type":"Organization","@id":"http:\/\/blog.proofs.de\/et\/#organization","name":"Proof GmbH","description":"Farbverbindlicher Proof, Farbproof, Digitalproof und Online-Proof.","url":"http:\/\/blog.proofs.de\/et\/","telephone":"+4970717952740","logo":{"@type":"ImageObject","url":"https:\/\/blog1.proofen.de\/wp-content\/uploads\/2019\/09\/logo_proof_rgb_mit_balken_250px.png","@id":"http:\/\/blog.proofs.de\/et\/ein-proof-ohne-profil-geht-das\/#organizationLogo"},"image":{"@id":"http:\/\/blog.proofs.de\/et\/ein-proof-ohne-profil-geht-das\/#organizationLogo"},"sameAs":["https:\/\/www.facebook.com\/Proof.de\/","https:\/\/www.instagram.com\/proof.de\/","https:\/\/www.tiktok.com\/@proof_de","https:\/\/www.youtube.com\/channel\/UCk80fQVQ25wC9wu3SywB-Nw","https:\/\/www.linkedin.com\/company\/proof-de"]},{"@type":"Person","@id":"http:\/\/blog.proofs.de\/et\/author\/mbetz\/#author","url":"http:\/\/blog.proofs.de\/et\/author\/mbetz\/","name":"Matthias Betz","image":{"@type":"ImageObject","@id":"http:\/\/blog.proofs.de\/et\/ein-proof-ohne-profil-geht-das\/#authorImage","url":"https:\/\/blog.proofs.de\/wp-content\/uploads\/2020\/10\/matthias-betz-e1603934518350-150x150.png","width":96,"height":96,"caption":"Matthias Betz"}},{"@type":"WebPage","@id":"http:\/\/blog.proofs.de\/et\/ein-proof-ohne-profil-geht-das\/#webpage","url":"http:\/\/blog.proofs.de\/et\/ein-proof-ohne-profil-geht-das\/","name":"Ein Proof ohne Profil? Geht das? | proof.de","description":"Der Artikel beleuchtet die h\u00e4ufige Frage, ob ein Proof auch ohne ein Proof Profil hergestellt werden kann, und ob das sinnvoll ist.","inLanguage":"et","isPartOf":{"@id":"http:\/\/blog.proofs.de\/et\/#website"},"breadcrumb":{"@id":"http:\/\/blog.proofs.de\/et\/ein-proof-ohne-profil-geht-das\/#breadcrumblist"},"author":{"@id":"http:\/\/blog.proofs.de\/et\/author\/mbetz\/#author"},"creator":{"@id":"http:\/\/blog.proofs.de\/et\/author\/mbetz\/#author"},"datePublished":"2012-08-23T02:38:19+02:00","dateModified":"2020-04-20T14:16:38+02:00"},{"@type":"WebSite","@id":"http:\/\/blog.proofs.de\/et\/#website","url":"http:\/\/blog.proofs.de\/et\/","name":"Proof.de","description":"Farbverbindlicher Proof, Farbproof, Digitalproof und Online-Proof.","inLanguage":"et","publisher":{"@id":"http:\/\/blog.proofs.de\/et\/#organization"}}]},"og:locale":"et_EE","og:site_name":"Proof.de | Alles zu Proof, Farbmanagement, Grafik, Messtechnik &amp; Co.","og:type":"article","og:title":"Ein Proof ohne Profil? Geht das? | proof.de","og:description":"Der Artikel beleuchtet die h\u00e4ufige Frage, ob ein Proof auch ohne ein Proof Profil hergestellt werden kann, und ob das sinnvoll ist.","og:url":"http:\/\/blog.proofs.de\/et\/ein-proof-ohne-profil-geht-das\/","og:image":"http:\/\/blog1.proofen.de\/wp-content\/uploads\/2020\/04\/proof_background.jpg","article:published_time":"2012-08-23T00:38:19+00:00","article:modified_time":"2020-04-20T12:16:38+00:00","article:publisher":"https:\/\/www.facebook.com\/Proof.de\/","twitter:card":"summary","twitter:title":"Ein Proof ohne Profil? Geht das? | proof.de","twitter:description":"Der Artikel beleuchtet die h\u00e4ufige Frage, ob ein Proof auch ohne ein Proof Profil hergestellt werden kann, und ob das sinnvoll ist.","twitter:image":"https:\/\/blog1.proofen.de\/wp-content\/uploads\/2020\/04\/proof_background.jpg"},"aioseo_meta_data":{"post_id":"236","title":"Proov ilma profiilita? Kas see on v\u00f5imalik? | proof.de","description":"Artikkel heidab valgust sagedasele k\u00fcsimusele, kas t\u00f5estust saab esitada ka ilma t\u00f5estusprofiilita ja kas see on m\u00f5istlik.","keywords":[{"label":"Proof Profil","value":"Proof Profil"},{"label":"Proof","value":"Proof"},{"label":"ISOCoated V2","value":"ISOCoated V2"},{"label":"Proof ohne Profil","value":"Proof ohne Profil"},{"label":"Normierung","value":"Normierung"},{"label":"ISO 12647","value":"ISO 12647"}],"keyphrases":null,"primary_term":null,"canonical_url":null,"og_title":null,"og_description":null,"og_object_type":"default","og_image_type":"default","og_image_url":null,"og_image_width":null,"og_image_height":null,"og_image_custom_url":null,"og_image_custom_fields":null,"og_video":null,"og_custom_url":null,"og_article_section":null,"og_article_tags":null,"twitter_use_og":false,"twitter_card":"default","twitter_image_type":"default","twitter_image_url":null,"twitter_image_custom_url":null,"twitter_image_custom_fields":null,"twitter_title":null,"twitter_description":null,"schema":{"blockGraphs":[],"customGraphs":[],"default":{"data":{"Article":[],"Course":[],"Dataset":[],"FAQPage":[],"Movie":[],"Person":[],"Product":[],"ProductReview":[],"Car":[],"Recipe":[],"Service":[],"SoftwareApplication":[],"WebPage":[]},"graphName":"","isEnabled":true},"graphs":[]},"schema_type":null,"schema_type_options":null,"pillar_content":false,"robots_default":true,"robots_noindex":false,"robots_noarchive":false,"robots_nosnippet":false,"robots_nofollow":false,"robots_noimageindex":false,"robots_noodp":false,"robots_notranslate":false,"robots_max_snippet":null,"robots_max_videopreview":null,"robots_max_imagepreview":"large","priority":null,"frequency":null,"local_seo":null,"breadcrumb_settings":null,"limit_modified_date":false,"ai":null,"created":"2020-12-21 00:36:00","updated":"2025-06-04 14:11:56","seo_analyzer_scan_date":null,"focus_keyword":null,"additional_keywords":null,"truseo_locale":null},"_links":{"self":[{"href":"http:\/\/blog.proofs.de\/et\/wp-json\/wp\/v2\/posts\/236","targetHints":{"allow":["GET"]}}],"collection":[{"href":"http:\/\/blog.proofs.de\/et\/wp-json\/wp\/v2\/posts"}],"about":[{"href":"http:\/\/blog.proofs.de\/et\/wp-json\/wp\/v2\/types\/post"}],"author":[{"embeddable":true,"href":"http:\/\/blog.proofs.de\/et\/wp-json\/wp\/v2\/users\/2"}],"replies":[{"embeddable":true,"href":"http:\/\/blog.proofs.de\/et\/wp-json\/wp\/v2\/comments?post=236"}],"version-history":[{"count":8,"href":"http:\/\/blog.proofs.de\/et\/wp-json\/wp\/v2\/posts\/236\/revisions"}],"predecessor-version":[{"id":6000,"href":"http:\/\/blog.proofs.de\/et\/wp-json\/wp\/v2\/posts\/236\/revisions\/6000"}],"wp:attachment":[{"href":"http:\/\/blog.proofs.de\/et\/wp-json\/wp\/v2\/media?parent=236"}],"wp:term":[{"taxonomy":"category","embeddable":true,"href":"http:\/\/blog.proofs.de\/et\/wp-json\/wp\/v2\/categories?post=236"},{"taxonomy":"post_tag","embeddable":true,"href":"http:\/\/blog.proofs.de\/et\/wp-json\/wp\/v2\/tags?post=236"}],"curies":[{"name":"wp","href":"https:\/\/api.w.org\/{rel}","templated":true}]}}