{"id":4991,"date":"2022-08-05T01:56:05","date_gmt":"2022-08-04T23:56:05","guid":{"rendered":"https:\/\/www.proof.de\/?p=4991"},"modified":"2022-08-05T01:59:08","modified_gmt":"2022-08-04T23:59:08","slug":"digital-first-often-means-colour-probleems-second","status":"publish","type":"post","link":"http:\/\/blog.proofs.de\/et\/digital-first-heisst-oft-farbprobleme-second\/","title":{"rendered":"\"Digital First\" t\u00e4hendab sageli \"Colour Problems Second!\""},"content":{"rendered":"<div class=\"kk-star-ratings kksr-auto kksr-align-right kksr-valign-top\" data-payload='{\"align\":\"right\",\"id\":\"4991\",\"slug\":\"default\",\"valign\":\"top\",\"ignore\":\"\",\"reference\":\"auto\",\"class\":\"\",\"count\":\"4\",\"legendonly\":\"\",\"readonly\":\"\",\"score\":\"4\",\"starsonly\":\"\",\"best\":\"5\",\"gap\":\"5\",\"greet\":\"Jetzt bewerten\",\"legend\":\"4\\\/5 - (4 votes)\",\"size\":\"24\",\"title\":\"\\u0026quot;Digital First\\u0026quot; hei&szlig;t oft: \\u0026quot;Farbprobleme Second!\\u0026quot;\",\"width\":\"113.5\",\"_legend\":\"{score}\\\/{best} - ({count} {votes})\",\"font_factor\":\"1.25\"}'>\n            \n<div class=\"kksr-stars\">\n    \n<div class=\"kksr-stars-inactive\">\n            <div class=\"kksr-star\" data-star=\"1\" style=\"padding-right: 5px\">\n            \n\n<div class=\"kksr-icon\" style=\"width: 24px; height: 24px;\"><\/div>\n        <\/div>\n            <div class=\"kksr-star\" data-star=\"2\" style=\"padding-right: 5px\">\n            \n\n<div class=\"kksr-icon\" style=\"width: 24px; height: 24px;\"><\/div>\n        <\/div>\n            <div class=\"kksr-star\" data-star=\"3\" style=\"padding-right: 5px\">\n            \n\n<div class=\"kksr-icon\" style=\"width: 24px; height: 24px;\"><\/div>\n        <\/div>\n            <div class=\"kksr-star\" data-star=\"4\" style=\"padding-right: 5px\">\n            \n\n<div class=\"kksr-icon\" style=\"width: 24px; height: 24px;\"><\/div>\n        <\/div>\n            <div class=\"kksr-star\" data-star=\"5\" style=\"padding-right: 5px\">\n            \n\n<div class=\"kksr-icon\" style=\"width: 24px; height: 24px;\"><\/div>\n        <\/div>\n    <\/div>\n    \n<div class=\"kksr-stars-active\" style=\"width: 113.5px;\">\n            <div class=\"kksr-star\" style=\"padding-right: 5px\">\n            \n\n<div class=\"kksr-icon\" style=\"width: 24px; height: 24px;\"><\/div>\n        <\/div>\n            <div class=\"kksr-star\" style=\"padding-right: 5px\">\n            \n\n<div class=\"kksr-icon\" style=\"width: 24px; height: 24px;\"><\/div>\n        <\/div>\n            <div class=\"kksr-star\" style=\"padding-right: 5px\">\n            \n\n<div class=\"kksr-icon\" style=\"width: 24px; height: 24px;\"><\/div>\n        <\/div>\n            <div class=\"kksr-star\" style=\"padding-right: 5px\">\n            \n\n<div class=\"kksr-icon\" style=\"width: 24px; height: 24px;\"><\/div>\n        <\/div>\n            <div class=\"kksr-star\" style=\"padding-right: 5px\">\n            \n\n<div class=\"kksr-icon\" style=\"width: 24px; height: 24px;\"><\/div>\n        <\/div>\n    <\/div>\n<\/div>\n                \n\n<div class=\"kksr-legend\" style=\"font-size: 19.2px;\">\n            4\/5 - (4 h\u00e4\u00e4lt)    <\/div>\n    <\/div>\n\n<p class=\"wp-block-paragraph translation-block\">Viimasel ajal on \u00fcha sagedamini laekunud <a href=\"https:\/\/blog1.proofen.de\/es\/lexico-2\/gestion-del-color\/\" target=\"_self\" class=\"encyclopedia tooltipstered\">v\u00e4rvihalduse<\/a> konsultatsioonip\u00e4ringuid, kus \"digital first\" disainid on j\u00f5udnud oma piiridesse: Nimelt alati, kui m\u00f5ne kuu v\u00f5i aasta p\u00e4rast on oodata esimest messiesitlust, esimest aastaaruannet v\u00f5i esimest kataloogi klassikalises online-tr\u00fckis. Ja just sel hetkel saavad k\u00f5ik asjaosalised aru, et nad ei tea isegi, kuidas nende \"digital first\" v\u00e4rvistrateegia peaks tr\u00fckis v\u00e4lja n\u00e4gema. Aga vaatame probleemi algusest peale:<\/p>\n\n\n\n<h2 class=\"wp-block-heading\">Digital First = esimene prioriteet digitaalsele online-meediale. Aga mis siis, kui surve tuleb?<\/h2>\n\n\n\n<p class=\"wp-block-paragraph translation-block\">Isegi suurte \u00fclemaailmsete korporatsioonide ja v\u00e4ikeettev\u00f5tete puhul kehtib sageli j\u00e4rgmine kujunduse v\u00f5i \u00fcmberkujundamise kohta: me arendame k\u00f5igepealt k\u00f5ik digitaalseks. Seep\u00e4rast loovad agentuurid <a href=\"https:\/\/blog1.proofen.de\/es\/lexico-2\/diseno-corporativo\/\" target=\"_self\" class=\"encyclopedia tooltipstered\">korporatiivsed kujundused<\/a> uue <a href=\"https:\/\/blog1.proofen.de\/es\/lexico-2\/rgb\/\" target=\"_self\" class=\"encyclopedia tooltipstered\">RGB<\/a> v\u00e4rvimaailma jaoks, sageli teravate, k\u00fcllastunud ekraaniv\u00e4rvide ja tugevate pastelsete toonidega. Ja kui v\u00e4rve kasutatakse erinevate toodete v\u00f5i kommunikatsiooniliinide jaoks, siis luuakse, esitatakse ja kiidetakse heaks t\u00e4ielik ettev\u00f5tte v\u00e4rvimaailm paljude RGB-v\u00e4rvidega ettev\u00f5tte kujunduse v\u00e4rvidega, k\u00e4ivitatakse veebip\u00f5hine esitlusportfoolio ja esitletakse ettev\u00f5tet digitaalselt uues ettev\u00f5tte kujunduse valguses.<\/p>\n\n\n\n<p class=\"wp-block-paragraph\">Kogu asi t\u00f6\u00f6tab alguses h\u00e4sti ja k\u00f5ik vaatavad seda oma monitorilt ja on rahul. Aga siis, aasta p\u00e4rast, saabub esimene mess ja esimene tr\u00fckitud aastaaruanne. Hea k\u00fcll, m\u00f5tle agentuur ja klient, me v\u00f5tame oma \"digitaalsed esimesed\" v\u00e4rvid ja tr\u00fckime need ofsetina oma aastaaruandesse ning digitaaltr\u00fckisena messiseinale ja plakatitele. Aga hiljemalt siis, kui esimene kujunduse kavand tuleb laserprinterist v\u00e4lja ja printer on tr\u00fckkinud esimesed kataloogi lehek\u00fcljed, on aeg v\u00e4rvikangestuse hommikus\u00f6\u00f6giks. <\/p>\n\n\n\n<ul class=\"wp-block-list\"><li><strong>\"Oh pask, see n\u00e4eb t\u00e4iesti teistsugune v\u00e4lja kui see, mida ma internetis oma monitoril n\u00e4en.\"<\/strong><\/li><li><strong>\"See sinine on n\u00fc\u00fcd kuidagi liiga lilla, kas pole? V\u00f5i on lilla n\u00fc\u00fcd sinine?<\/strong><\/li><li><strong>\"See n\u00e4gi kuidagi teistsugune ja parem v\u00e4lja esitluses suurel ekraanil teleril, eks ole?\"<\/strong><\/li><li class=\"translation-block\"><strong>\"Karge ultramariin on <a href=\"https:\/\/blog1.proofen.de\/es\/lexico-2\/papel-natural\/\" target=\"_self\" class=\"encyclopedia tooltipstered\">looduslikul paberil<\/a> \u00fcsna pestud ja kahvatu...\"<\/strong>.<\/li><li class=\"translation-block\"><strong>\"Idee: tr\u00fckime <a href=\"https:\/\/blog1.proofen.de\/es\/lexico-2\/pantone\/\" target=\"_self\" class=\"encyclopedia tooltipstered\">PANTONE<\/a> v\u00e4rvidega, siis muutub see v\u00e4rvilisemaks. Aga milliseid? <\/strong><\/li><li><strong>\"Heineri puhul sobis PANTONE'i f\u00e4nn suurep\u00e4raselt ekraanile, kuid Ingridi puhul \u00fcldse mitte.\"<\/strong><\/li><li class=\"translation-block\">\"<strong> Ja kuidas, kolm PANTONE-v\u00e4rvi ja <a href=\"https:\/\/blog1.proofen.de\/es\/lexico-2\/cmyk\/\" target=\"_self\" class=\"encyclopedia tooltipstered\">CMYK<\/a> tr\u00fckis <\/strong><strong>maksab<\/strong> <strong>kordades rohkem?\"<\/strong>.<\/li><\/ul>\n\n\n\n<p class=\"wp-block-paragraph translation-block\">Hiljemalt sel hetkel m\u00f5istavad k\u00f5ik asjaosalised, et asjad muutuvad keeruliseks ja et neil on palju t\u00f6\u00f6d ees. V\u00f5tame konkreetse n\u00e4ite minevikust: \u00dcle 10 <a href=\"https:\/\/blog1.proofen.de\/es\/lexico-2\/srgb\/\" target=\"_self\" class=\"encyclopedia tooltipstered\">sRGB<\/a> v\u00e4rvitooni jaoks tuleb kiiresti leida ekvivalendid <a href=\"https:\/\/blog1.proofen.de\/es\/lexico-2\/color-especial\/\" target=\"_self\" class=\"encyclopedia tooltipstered\">spetsiv\u00e4rvi<\/a>n ja CMYK jaoks pilditr\u00fcki ja katmata paberi jaoks. Siin tekivad olulised k\u00fcsimused:<\/p>\n\n\n\n<ul class=\"wp-block-list\"><li>Kes otsustas aasta tagasi millise vaate p\u00f5hjal v\u00e4rvidisaini?<\/li><li>Kas nad n\u00e4gid v\u00e4rvid monitoril? Beameril? iPadil? Suure ekraaniga teleril? Kas asjad olid kalibreeritud? <\/li><li>Kas peaksite printima PANTONE v\u00f5i CMYK v\u00f5i m\u00f5lemat? Coated? Uncoated?<\/li><li>\"Tr\u00fckikoda oli nii lahke, et valis k\u00f5igi meie toonide jaoks PANTONE'i v\u00e4rvi.\"<\/li><li>PANTONE-v\u00e4rv? Coated ja Uncoated puhul? Millest need algasid? Ja kuidas nad m\u00e4\u00e4rasid k\u00f5ige paremini sobiva PANTONE-v\u00e4rvi? Silmaga? M\u00f5\u00f5tmise teel? Arvutamise teel?<\/li><\/ul>\n\n\n\n<h3 class=\"wp-block-heading\">Proof.de muudab \"digital first\" v\u00e4rvimaailmad tr\u00fckitavaks.<\/h3>\n\n\n<div class=\"wp-block-image\">\n<figure class=\"alignright size-full\"><a href=\"https:\/\/blog1.proofen.de\/wp-content\/uploads\/2022\/07\/proof_de_PANTONE_CMYK.jpg\"><img loading=\"lazy\" decoding=\"async\" width=\"550\" height=\"550\" src=\"https:\/\/blog1.proofen.de\/wp-content\/uploads\/2022\/07\/proof_de_PANTONE_CMYK.jpg\" alt=\"\" class=\"wp-image-4997\" srcset=\"https:\/\/blog.proofs.de\/wp-content\/uploads\/2022\/07\/proof_de_PANTONE_CMYK.jpg 550w, https:\/\/blog.proofs.de\/wp-content\/uploads\/2022\/07\/proof_de_PANTONE_CMYK-300x300.jpg 300w, https:\/\/blog.proofs.de\/wp-content\/uploads\/2022\/07\/proof_de_PANTONE_CMYK-150x150.jpg 150w, https:\/\/blog.proofs.de\/wp-content\/uploads\/2022\/07\/proof_de_PANTONE_CMYK-80x80.jpg 80w, https:\/\/blog.proofs.de\/wp-content\/uploads\/2022\/07\/proof_de_PANTONE_CMYK-60x60.jpg 60w\" sizes=\"auto, (max-width: 550px) 100vw, 550px\"><\/a><\/figure>\n<\/div>\n\n\n<p class=\"wp-block-paragraph translation-block\">Oleme juba saanud toetada paljusid kliente otsuste tegemisel ja \"Digital First\" sRGB-v\u00e4rvimaailmade teisendamisel tr\u00fckitavateks v\u00e4rvideks. See ei t\u00e4henda, et me oleme suutnud leida optimaalse konverteerimise CMYK- v\u00f5i PANTONE-punktv\u00e4rvides k\u00f5ikidele veebiv\u00e4rvidele. Kuid see t\u00e4hendab, et me suutsime k\u00f5igi v\u00e4rvide jaoks kindlaks m\u00e4\u00e4rata head konverteerimisv\u00e4\u00e4rtused ja tugevate k\u00f5rvalekallete puhul suutsime selgitada, miks need tekkisid ja milliste kriteeriumide alusel me otsustasime, millised on parimad kehvad konverteerimised. Kuiv\u00f5rd oli algne v\u00e4rv \"Out of <a href=\"https:\/\/blog1.proofen.de\/es\/lexico-2\/gama\/\" target=\"_self\" class=\"encyclopedia tooltipstered\">Gamut<\/a>\"? Kas meil on parem p\u00fc\u00fcda v\u00f5imalikult suurt v\u00e4rvilisust v\u00f5i v\u00f5imalikult head heleduse ekvivalenti, mis on siis ehk v\u00e4hem v\u00e4rviline? Kas me saame kasutada sama PANTONE-punktv\u00e4rvi pilditr\u00fckkimiseks ja katmata paberile v\u00f5i kasutame Coated ja Uncoated puhul erinevaid v\u00e4rve?<\/p>\n\n\n\n<h3 class=\"wp-block-heading\">Selliste v\u00e4rvikonsultatsioonide puhul ei toetu me mumbo jumbole, vaid m\u00f5\u00f5dame, m\u00e4\u00e4rame ja arvutame v\u00e4rvide vahemaad. <\/h3>\n\n\n\n<p class=\"wp-block-paragraph translation-block\">V\u00e4rvidest on sageli lihtsam r\u00e4\u00e4kida, kui r\u00e4\u00e4gite pigem m\u00f5\u00f5tmetest kui tunnetest. V\u00e4rvimaatriksit saab sageli kasutada selleks, et n\u00e4idata, milline oleks rohkem v\u00f5i v\u00e4hem ts\u00fcaani ja magenta v\u00e4rvisegu. Kui v\u00f5rdluseks on n\u00e4idis v\u00f5i f\u00e4nn, saab v\u00e4rve lihtsamalt proovida ja on lihtsam m\u00f5ista, kus on CMYK-konversiooni ja <a href=\"https:\/\/blog1.proofen.de\/es\/lexico-2\/espacio-cromatico\/\" target=\"_self\" class=\"encyclopedia tooltipstered\">v\u00e4rviruumi<\/a> piirangud.<\/p>\n\n\n<div class=\"wp-block-image\">\n<figure class=\"alignleft size-large\"><a href=\"https:\/\/blog1.proofen.de\/wp-content\/uploads\/2022\/07\/PANTONE_zu_CMYK_Optimierung_Farbmatrix_Magenta_Cyan_Proof_de.jpg\"><img loading=\"lazy\" decoding=\"async\" width=\"1004\" height=\"1024\" src=\"https:\/\/blog1.proofen.de\/wp-content\/uploads\/2022\/07\/PANTONE_zu_CMYK_Optimierung_Farbmatrix_Magenta_Cyan_Proof_de-1004x1024.jpg\" alt=\"PANTONE to CMYK optimeerimine Proof.de: V\u00e4rvimaatriks olemasolevate tr\u00fckiste ja v\u00e4rvimallide, n\u00e4iteks PANTONE-f\u00e4nnide v\u00f5i v\u00e4rvitud referentside sobitamiseks.\" class=\"wp-image-4994\" title=\"PANTONE kuni CMYK optimeerimine Proof.de jaoks\" srcset=\"https:\/\/blog.proofs.de\/wp-content\/uploads\/2022\/07\/PANTONE_zu_CMYK_Optimierung_Farbmatrix_Magenta_Cyan_Proof_de-1004x1024.jpg 1004w, https:\/\/blog.proofs.de\/wp-content\/uploads\/2022\/07\/PANTONE_zu_CMYK_Optimierung_Farbmatrix_Magenta_Cyan_Proof_de-294x300.jpg 294w, https:\/\/blog.proofs.de\/wp-content\/uploads\/2022\/07\/PANTONE_zu_CMYK_Optimierung_Farbmatrix_Magenta_Cyan_Proof_de-768x783.jpg 768w, https:\/\/blog.proofs.de\/wp-content\/uploads\/2022\/07\/PANTONE_zu_CMYK_Optimierung_Farbmatrix_Magenta_Cyan_Proof_de-1506x1536.jpg 1506w, https:\/\/blog.proofs.de\/wp-content\/uploads\/2022\/07\/PANTONE_zu_CMYK_Optimierung_Farbmatrix_Magenta_Cyan_Proof_de-60x60.jpg 60w, https:\/\/blog.proofs.de\/wp-content\/uploads\/2022\/07\/PANTONE_zu_CMYK_Optimierung_Farbmatrix_Magenta_Cyan_Proof_de.jpg 1882w\" sizes=\"auto, (max-width: 1004px) 100vw, 1004px\"><\/a><\/figure>\n<\/div>\n\n\n<p class=\"wp-block-paragraph translation-block\">L\u00f5ppkokkuv\u00f5ttes otsustame koos kliendiga, milline on tema rakenduse jaoks parim v\u00e4rvitulemus: kui kujundus on kirjutatud v\u00e4rvilisele sRGB-v\u00e4rviv\u00e4ljale valge kirjaga, on t\u00f5en\u00e4oliselt kasulikum kasutada k\u00fcllastunumat ja veidi tumedamat v\u00e4rviv\u00e4\u00e4rtust, mis suurendab valge kirja kontrasti ja loetavust v\u00e4rvilise tausta taustal. Kui seevastu kirjutatakse mustal pinnal, on sageli kasulik hoida heledus l\u00e4hedane sRGB v\u00f5i PANTONE originaalile ja loobuda \"suuremast\" v\u00e4rvilisusest. D<a href=\"https:\/\/blog1.proofen.de\/es\/lexico-2\/efi\/\" target=\"_self\" class=\"encyclopedia tooltipstered\">efi<\/a> Kas me kasutame Coated ja Uncoated puhul erinevaid PANTONE-v\u00e4rve v\u00f5i kasutame \u00fchtsuse ja lihtsa suhtlemise huvides ainult \u00fchte v\u00e4rvi? Ja kas me kasutame samadel p\u00f5hjustel samu CMYK-v\u00e4\u00e4rtusi pilditr\u00fckile ja katmata paberile v\u00f5i erinevaid?<\/p>\n\n\n\n<h3 class=\"wp-block-heading\">Teil on vaja sRGB konverteerimist CMYK-ks? Palun v\u00f5tke meiega \u00fchendust.<\/h3>\n\n\n\n<p class=\"wp-block-paragraph\">Kui teil on vajadus konverteerida RGB-v\u00e4rvid \"Digital First\" koproprate'i kujundustest CMYK-v\u00e4rvideks, siis v\u00f5tke meiega igal ajal \u00fchendust. N\u00f5ustame ja aitame teid l\u00e4bipaistvalt ja asjatundlikult, et saavutada teie jaoks ja koos teiega parim v\u00f5imalik lahendus.<\/p>","protected":false},"excerpt":{"rendered":"<p>Viimasel ajal oleme saanud \u00fcha rohkem v\u00e4rvihalduse konsultatsioonip\u00e4ringuid, kus \"digitaalne esimene\" kujundus on j\u00f5udnud oma piiridesse: Nimelt siis, kui m\u00f5ne kuu v\u00f5i aasta p\u00e4rast on oodata esimest messiesitlust, esimest aastaaruannet v\u00f5i esimest kataloogi klassikalises online-tr\u00fckis. Ja just sel hetkel m\u00f5istavad k\u00f5ik asjaosalised, et nad ei tea isegi, kuidas nende \"digital first\" v\u00e4rvistrateegia peaks tr\u00fckis v\u00e4lja n\u00e4gema. Aga vaatame probleemi algusest peale: digital first = esimene prioriteet digitaalsele online-meediale. Aga mis siis, kui tuleb print? Isegi suurte globaalsete korporatsioonide puhul v\u00e4ikestele ... <\/p>\n<p class=\"read-more-container\"><a title=\"&quot;Digital First&quot; t\u00e4hendab sageli &quot;Colour Problems Second!&quot;\" class=\"read-more button\" href=\"http:\/\/blog.proofs.de\/et\/digital-first-heisst-oft-farbprobleme-second\/#more-4991\" aria-label=\"Lisateave teemal &quot;Digital First&quot; t\u00e4hendab sageli: &quot;V\u00e4rviprobleemid teisel kohal!&quot;\">Loe edasi<\/a><\/p>","protected":false},"author":2,"featured_media":4994,"comment_status":"open","ping_status":"open","sticky":false,"template":"","format":"standard","meta":{"om_disable_all_campaigns":false,"inline_featured_image":false,"_monsterinsights_skip_tracking":false,"footnotes":""},"categories":[1,436],"tags":[1200,1328,690,1330,1332,526,541,549,1331],"class_list":["post-4991","post","type-post","status-publish","format-standard","has-post-thumbnail","hentry","category-allgemein","category-pantone-und-hks","tag-corporate-design","tag-digital-first","tag-farbmanagement","tag-farbmanagement-beratung","tag-farbmanagement-consulting","tag-pantone","tag-rgb","tag-srgb","tag-srgb-farben","generate-columns","tablet-grid-50","mobile-grid-100","grid-parent","grid-50","no-featured-image-padding","resize-featured-image"],"aioseo_notices":[],"aioseo_head":"\n\t\t<!-- All in One SEO 5.0.1.1 - aioseo.com -->\n\t<meta name=\"description\" content=\"Immer \u00f6fter erreichen uns in letzter Zeit Farbmanagement-Anfragen, bei denen &quot;Digital First&quot;-Designs an ihre Grenzen geraten. Hier k\u00f6nnen wir gezielt helfen.\" \/>\n\t<meta name=\"robots\" content=\"max-image-preview:large\" \/>\n\t<meta name=\"author\" content=\"Matthias Betz\"\/>\n\t<meta name=\"google-site-verification\" content=\"TuXxyRwxcEg2-WfOaQ8vScWQh3-uBAnxXmY7g3GT90A\" \/>\n\t<meta name=\"keywords\" content=\"corporate design,digital first,farbmanagement,farbmanagement beratung,farbmanagement consulting,pantone,rgb,srgb,srgb farben\" \/>\n\t<link rel=\"canonical\" href=\"http:\/\/blog.proofs.de\/et\/digital-first-heisst-oft-farbprobleme-second\/\" \/>\n\t<meta name=\"generator\" content=\"All in One SEO (AIOSEO) 5.0.1.1\" \/>\n\n\t\t<meta name=\"seobility\" content=\"593a8578143db71543f014978c690d47\">\n\t\t<meta property=\"og:locale\" content=\"et_EE\" \/>\n\t\t<meta property=\"og:site_name\" content=\"Proof.de | Alles zu Proof, Farbmanagement, Grafik, Messtechnik &amp; Co.\" \/>\n\t\t<meta property=\"og:type\" content=\"article\" \/>\n\t\t<meta property=\"og:title\" content=\"\u201eDigital First\u201c hei\u00dft oft: \u201eFarbprobleme Second!\u201c | proof.de\" \/>\n\t\t<meta property=\"og:description\" content=\"Immer \u00f6fter erreichen uns in letzter Zeit Farbmanagement-Anfragen, bei denen &quot;Digital First&quot;-Designs an ihre Grenzen geraten. Hier k\u00f6nnen wir gezielt helfen.\" \/>\n\t\t<meta property=\"og:url\" content=\"http:\/\/blog.proofs.de\/et\/digital-first-heisst-oft-farbprobleme-second\/\" \/>\n\t\t<meta property=\"og:image\" content=\"http:\/\/blog.proofs.de\/wp-content\/uploads\/2022\/07\/PANTONE_zu_CMYK_Optimierung_Farbmatrix_Magenta_Cyan_Proof_de.jpg\" \/>\n\t\t<meta property=\"og:image:width\" content=\"1882\" \/>\n\t\t<meta property=\"og:image:height\" content=\"1919\" \/>\n\t\t<meta property=\"article:published_time\" content=\"2022-08-04T23:56:05+00:00\" \/>\n\t\t<meta property=\"article:modified_time\" content=\"2022-08-04T23:59:08+00:00\" \/>\n\t\t<meta property=\"article:publisher\" content=\"https:\/\/www.facebook.com\/Proof.de\/\" \/>\n\t\t<meta name=\"twitter:card\" content=\"summary\" \/>\n\t\t<meta name=\"twitter:title\" content=\"\u201eDigital First\u201c hei\u00dft oft: \u201eFarbprobleme Second!\u201c | proof.de\" \/>\n\t\t<meta name=\"twitter:description\" content=\"Immer \u00f6fter erreichen uns in letzter Zeit Farbmanagement-Anfragen, bei denen &quot;Digital First&quot;-Designs an ihre Grenzen geraten. Hier k\u00f6nnen wir gezielt helfen.\" \/>\n\t\t<meta name=\"twitter:image\" content=\"https:\/\/blog.proofs.de\/wp-content\/uploads\/2022\/07\/PANTONE_zu_CMYK_Optimierung_Farbmatrix_Magenta_Cyan_Proof_de.jpg\" \/>\n\t\t<script type=\"application\/ld+json\" class=\"aioseo-schema\">\n\t\t\t{\"@context\":\"https:\\\/\\\/schema.org\",\"@graph\":[{\"@type\":\"Article\",\"@id\":\"http:\\\/\\\/blog.proofs.de\\\/et\\\/digital-first-heisst-oft-farbprobleme-second\\\/#article\",\"name\":\"\\u201eDigital First\\u201c hei\\u00dft oft: \\u201eFarbprobleme Second!\\u201c | proof.de\",\"headline\":\"&#8222;Digital First&#8220; hei\\u00dft oft: &#8222;Farbprobleme Second!&#8220;\",\"author\":{\"@id\":\"http:\\\/\\\/blog.proofs.de\\\/et\\\/author\\\/mbetz\\\/#author\"},\"publisher\":{\"@id\":\"http:\\\/\\\/blog.proofs.de\\\/et\\\/#organization\"},\"image\":{\"@type\":\"ImageObject\",\"url\":\"https:\\\/\\\/blog.proofs.de\\\/wp-content\\\/uploads\\\/2022\\\/07\\\/PANTONE_zu_CMYK_Optimierung_Farbmatrix_Magenta_Cyan_Proof_de.jpg\",\"width\":1882,\"height\":1919,\"caption\":\"PANTONE oder sRGB zu CMYK Optimierung\"},\"datePublished\":\"2022-08-05T01:56:05+02:00\",\"dateModified\":\"2022-08-05T01:59:08+02:00\",\"inLanguage\":\"et\",\"commentCount\":2,\"mainEntityOfPage\":{\"@id\":\"http:\\\/\\\/blog.proofs.de\\\/et\\\/digital-first-heisst-oft-farbprobleme-second\\\/#webpage\"},\"isPartOf\":{\"@id\":\"http:\\\/\\\/blog.proofs.de\\\/et\\\/digital-first-heisst-oft-farbprobleme-second\\\/#webpage\"},\"articleSection\":\"Allgemein, Pantone und HKS, Corporate Design, Digital First, Farbmanagement, Farbmanagement Beratung, Farbmanagement Consulting, Pantone, RGB, sRGB, sRGB Farben\"},{\"@type\":\"BreadcrumbList\",\"@id\":\"http:\\\/\\\/blog.proofs.de\\\/et\\\/digital-first-heisst-oft-farbprobleme-second\\\/#breadcrumblist\",\"itemListElement\":[{\"@type\":\"ListItem\",\"@id\":\"http:\\\/\\\/blog.proofs.de\\\/et#listItem\",\"position\":1,\"name\":\"Home\",\"item\":\"http:\\\/\\\/blog.proofs.de\\\/et\",\"nextItem\":{\"@type\":\"ListItem\",\"@id\":\"http:\\\/\\\/blog.proofs.de\\\/et\\\/thema\\\/proof-wissen\\\/#listItem\",\"name\":\"Proof Wissen\"}},{\"@type\":\"ListItem\",\"@id\":\"http:\\\/\\\/blog.proofs.de\\\/et\\\/thema\\\/proof-wissen\\\/#listItem\",\"position\":2,\"name\":\"Proof Wissen\",\"item\":\"http:\\\/\\\/blog.proofs.de\\\/et\\\/thema\\\/proof-wissen\\\/\",\"nextItem\":{\"@type\":\"ListItem\",\"@id\":\"http:\\\/\\\/blog.proofs.de\\\/et\\\/thema\\\/proof-wissen\\\/pantone-und-hks\\\/#listItem\",\"name\":\"Pantone und HKS\"},\"previousItem\":{\"@type\":\"ListItem\",\"@id\":\"http:\\\/\\\/blog.proofs.de\\\/et#listItem\",\"name\":\"Home\"}},{\"@type\":\"ListItem\",\"@id\":\"http:\\\/\\\/blog.proofs.de\\\/et\\\/thema\\\/proof-wissen\\\/pantone-und-hks\\\/#listItem\",\"position\":3,\"name\":\"Pantone und HKS\",\"item\":\"http:\\\/\\\/blog.proofs.de\\\/et\\\/thema\\\/proof-wissen\\\/pantone-und-hks\\\/\",\"nextItem\":{\"@type\":\"ListItem\",\"@id\":\"http:\\\/\\\/blog.proofs.de\\\/et\\\/digital-first-heisst-oft-farbprobleme-second\\\/#listItem\",\"name\":\"&#8222;Digital First&#8220; hei\\u00dft oft: &#8222;Farbprobleme Second!&#8220;\"},\"previousItem\":{\"@type\":\"ListItem\",\"@id\":\"http:\\\/\\\/blog.proofs.de\\\/et\\\/thema\\\/proof-wissen\\\/#listItem\",\"name\":\"Proof Wissen\"}},{\"@type\":\"ListItem\",\"@id\":\"http:\\\/\\\/blog.proofs.de\\\/et\\\/digital-first-heisst-oft-farbprobleme-second\\\/#listItem\",\"position\":4,\"name\":\"&#8222;Digital First&#8220; hei\\u00dft oft: &#8222;Farbprobleme Second!&#8220;\",\"previousItem\":{\"@type\":\"ListItem\",\"@id\":\"http:\\\/\\\/blog.proofs.de\\\/et\\\/thema\\\/proof-wissen\\\/pantone-und-hks\\\/#listItem\",\"name\":\"Pantone und HKS\"}}]},{\"@type\":\"Organization\",\"@id\":\"http:\\\/\\\/blog.proofs.de\\\/et\\\/#organization\",\"name\":\"Proof GmbH\",\"description\":\"Farbverbindlicher Proof, Farbproof, Digitalproof und Online-Proof.\",\"url\":\"http:\\\/\\\/blog.proofs.de\\\/et\\\/\",\"telephone\":\"+4970717952740\",\"logo\":{\"@type\":\"ImageObject\",\"url\":\"https:\\\/\\\/blog1.proofen.de\\\/wp-content\\\/uploads\\\/2019\\\/09\\\/logo_proof_rgb_mit_balken_250px.png\",\"@id\":\"http:\\\/\\\/blog.proofs.de\\\/et\\\/digital-first-heisst-oft-farbprobleme-second\\\/#organizationLogo\"},\"image\":{\"@id\":\"http:\\\/\\\/blog.proofs.de\\\/et\\\/digital-first-heisst-oft-farbprobleme-second\\\/#organizationLogo\"},\"sameAs\":[\"https:\\\/\\\/www.facebook.com\\\/Proof.de\\\/\",\"https:\\\/\\\/www.instagram.com\\\/proof.de\\\/\",\"https:\\\/\\\/www.tiktok.com\\\/@proof_de\",\"https:\\\/\\\/www.youtube.com\\\/channel\\\/UCk80fQVQ25wC9wu3SywB-Nw\",\"https:\\\/\\\/www.linkedin.com\\\/company\\\/proof-de\"]},{\"@type\":\"Person\",\"@id\":\"http:\\\/\\\/blog.proofs.de\\\/et\\\/author\\\/mbetz\\\/#author\",\"url\":\"http:\\\/\\\/blog.proofs.de\\\/et\\\/author\\\/mbetz\\\/\",\"name\":\"Matthias Betz\",\"image\":{\"@type\":\"ImageObject\",\"@id\":\"http:\\\/\\\/blog.proofs.de\\\/et\\\/digital-first-heisst-oft-farbprobleme-second\\\/#authorImage\",\"url\":\"https:\\\/\\\/blog.proofs.de\\\/wp-content\\\/uploads\\\/2020\\\/10\\\/matthias-betz-e1603934518350-150x150.png\",\"width\":96,\"height\":96,\"caption\":\"Matthias Betz\"}},{\"@type\":\"WebPage\",\"@id\":\"http:\\\/\\\/blog.proofs.de\\\/et\\\/digital-first-heisst-oft-farbprobleme-second\\\/#webpage\",\"url\":\"http:\\\/\\\/blog.proofs.de\\\/et\\\/digital-first-heisst-oft-farbprobleme-second\\\/\",\"name\":\"\\u201eDigital First\\u201c hei\\u00dft oft: \\u201eFarbprobleme Second!\\u201c | proof.de\",\"description\":\"Immer \\u00f6fter erreichen uns in letzter Zeit Farbmanagement-Anfragen, bei denen \\\"Digital First\\\"-Designs an ihre Grenzen geraten. Hier k\\u00f6nnen wir gezielt helfen.\",\"inLanguage\":\"et\",\"isPartOf\":{\"@id\":\"http:\\\/\\\/blog.proofs.de\\\/et\\\/#website\"},\"breadcrumb\":{\"@id\":\"http:\\\/\\\/blog.proofs.de\\\/et\\\/digital-first-heisst-oft-farbprobleme-second\\\/#breadcrumblist\"},\"author\":{\"@id\":\"http:\\\/\\\/blog.proofs.de\\\/et\\\/author\\\/mbetz\\\/#author\"},\"creator\":{\"@id\":\"http:\\\/\\\/blog.proofs.de\\\/et\\\/author\\\/mbetz\\\/#author\"},\"image\":{\"@type\":\"ImageObject\",\"url\":\"https:\\\/\\\/blog.proofs.de\\\/wp-content\\\/uploads\\\/2022\\\/07\\\/PANTONE_zu_CMYK_Optimierung_Farbmatrix_Magenta_Cyan_Proof_de.jpg\",\"@id\":\"http:\\\/\\\/blog.proofs.de\\\/et\\\/digital-first-heisst-oft-farbprobleme-second\\\/#mainImage\",\"width\":1882,\"height\":1919,\"caption\":\"PANTONE oder sRGB zu CMYK Optimierung\"},\"primaryImageOfPage\":{\"@id\":\"http:\\\/\\\/blog.proofs.de\\\/et\\\/digital-first-heisst-oft-farbprobleme-second\\\/#mainImage\"},\"datePublished\":\"2022-08-05T01:56:05+02:00\",\"dateModified\":\"2022-08-05T01:59:08+02:00\"},{\"@type\":\"WebSite\",\"@id\":\"http:\\\/\\\/blog.proofs.de\\\/et\\\/#website\",\"url\":\"http:\\\/\\\/blog.proofs.de\\\/et\\\/\",\"name\":\"Proof.de\",\"description\":\"Farbverbindlicher Proof, Farbproof, Digitalproof und Online-Proof.\",\"inLanguage\":\"et\",\"publisher\":{\"@id\":\"http:\\\/\\\/blog.proofs.de\\\/et\\\/#organization\"}}]}\n\t\t<\/script>\n\t\t<!-- All in One SEO -->\n\n","aioseo_head_json":{"title":"\"Digital First\" t\u00e4hendab sageli \"Colour Problems Second!\" | proof.de","description":"Viimasel ajal oleme saanud \u00fcha enam p\u00e4ringuid v\u00e4rvihalduse kohta, kus \"digital first\" disainilahendused on j\u00f5udnud oma piiridesse. Siin saame pakkuda sihip\u00e4rast abi.","canonical_url":"http:\/\/blog.proofs.de\/et\/digital-first-heisst-oft-farbprobleme-second\/","robots":"max-image-preview:large","keywords":"corporate design,digital first,farbmanagement,farbmanagement beratung,farbmanagement consulting,pantone,rgb,srgb,srgb farben","webmasterTools":{"google-site-verification":"TuXxyRwxcEg2-WfOaQ8vScWQh3-uBAnxXmY7g3GT90A","miscellaneous":"&lt;meta name=\"seobility\" content=\"593a8578143db71543f014978c690d47\"&gt;"},"schema":{"@context":"https:\/\/schema.org","@graph":[{"@type":"Article","@id":"http:\/\/blog.proofs.de\/et\/digital-first-heisst-oft-farbprobleme-second\/#article","name":"\u201eDigital First\u201c hei\u00dft oft: \u201eFarbprobleme Second!\u201c | proof.de","headline":"&#8222;Digital First&#8220; hei\u00dft oft: &#8222;Farbprobleme Second!&#8220;","author":{"@id":"http:\/\/blog.proofs.de\/et\/author\/mbetz\/#author"},"publisher":{"@id":"http:\/\/blog.proofs.de\/et\/#organization"},"image":{"@type":"ImageObject","url":"https:\/\/blog.proofs.de\/wp-content\/uploads\/2022\/07\/PANTONE_zu_CMYK_Optimierung_Farbmatrix_Magenta_Cyan_Proof_de.jpg","width":1882,"height":1919,"caption":"PANTONE oder sRGB zu CMYK Optimierung"},"datePublished":"2022-08-05T01:56:05+02:00","dateModified":"2022-08-05T01:59:08+02:00","inLanguage":"et","commentCount":2,"mainEntityOfPage":{"@id":"http:\/\/blog.proofs.de\/et\/digital-first-heisst-oft-farbprobleme-second\/#webpage"},"isPartOf":{"@id":"http:\/\/blog.proofs.de\/et\/digital-first-heisst-oft-farbprobleme-second\/#webpage"},"articleSection":"Allgemein, Pantone und HKS, Corporate Design, Digital First, Farbmanagement, Farbmanagement Beratung, Farbmanagement Consulting, Pantone, RGB, sRGB, sRGB Farben"},{"@type":"BreadcrumbList","@id":"http:\/\/blog.proofs.de\/et\/digital-first-heisst-oft-farbprobleme-second\/#breadcrumblist","itemListElement":[{"@type":"ListItem","@id":"http:\/\/blog.proofs.de\/et#listItem","position":1,"name":"Home","item":"http:\/\/blog.proofs.de\/et","nextItem":{"@type":"ListItem","@id":"http:\/\/blog.proofs.de\/et\/thema\/proof-wissen\/#listItem","name":"Proof Wissen"}},{"@type":"ListItem","@id":"http:\/\/blog.proofs.de\/et\/thema\/proof-wissen\/#listItem","position":2,"name":"Proof Wissen","item":"http:\/\/blog.proofs.de\/et\/thema\/proof-wissen\/","nextItem":{"@type":"ListItem","@id":"http:\/\/blog.proofs.de\/et\/thema\/proof-wissen\/pantone-und-hks\/#listItem","name":"Pantone und HKS"},"previousItem":{"@type":"ListItem","@id":"http:\/\/blog.proofs.de\/et#listItem","name":"Home"}},{"@type":"ListItem","@id":"http:\/\/blog.proofs.de\/et\/thema\/proof-wissen\/pantone-und-hks\/#listItem","position":3,"name":"Pantone und HKS","item":"http:\/\/blog.proofs.de\/et\/thema\/proof-wissen\/pantone-und-hks\/","nextItem":{"@type":"ListItem","@id":"http:\/\/blog.proofs.de\/et\/digital-first-heisst-oft-farbprobleme-second\/#listItem","name":"&#8222;Digital First&#8220; hei\u00dft oft: &#8222;Farbprobleme Second!&#8220;"},"previousItem":{"@type":"ListItem","@id":"http:\/\/blog.proofs.de\/et\/thema\/proof-wissen\/#listItem","name":"Proof Wissen"}},{"@type":"ListItem","@id":"http:\/\/blog.proofs.de\/et\/digital-first-heisst-oft-farbprobleme-second\/#listItem","position":4,"name":"&#8222;Digital First&#8220; hei\u00dft oft: &#8222;Farbprobleme Second!&#8220;","previousItem":{"@type":"ListItem","@id":"http:\/\/blog.proofs.de\/et\/thema\/proof-wissen\/pantone-und-hks\/#listItem","name":"Pantone und HKS"}}]},{"@type":"Organization","@id":"http:\/\/blog.proofs.de\/et\/#organization","name":"Proof GmbH","description":"Farbverbindlicher Proof, Farbproof, Digitalproof und Online-Proof.","url":"http:\/\/blog.proofs.de\/et\/","telephone":"+4970717952740","logo":{"@type":"ImageObject","url":"https:\/\/blog1.proofen.de\/wp-content\/uploads\/2019\/09\/logo_proof_rgb_mit_balken_250px.png","@id":"http:\/\/blog.proofs.de\/et\/digital-first-heisst-oft-farbprobleme-second\/#organizationLogo"},"image":{"@id":"http:\/\/blog.proofs.de\/et\/digital-first-heisst-oft-farbprobleme-second\/#organizationLogo"},"sameAs":["https:\/\/www.facebook.com\/Proof.de\/","https:\/\/www.instagram.com\/proof.de\/","https:\/\/www.tiktok.com\/@proof_de","https:\/\/www.youtube.com\/channel\/UCk80fQVQ25wC9wu3SywB-Nw","https:\/\/www.linkedin.com\/company\/proof-de"]},{"@type":"Person","@id":"http:\/\/blog.proofs.de\/et\/author\/mbetz\/#author","url":"http:\/\/blog.proofs.de\/et\/author\/mbetz\/","name":"Matthias Betz","image":{"@type":"ImageObject","@id":"http:\/\/blog.proofs.de\/et\/digital-first-heisst-oft-farbprobleme-second\/#authorImage","url":"https:\/\/blog.proofs.de\/wp-content\/uploads\/2020\/10\/matthias-betz-e1603934518350-150x150.png","width":96,"height":96,"caption":"Matthias Betz"}},{"@type":"WebPage","@id":"http:\/\/blog.proofs.de\/et\/digital-first-heisst-oft-farbprobleme-second\/#webpage","url":"http:\/\/blog.proofs.de\/et\/digital-first-heisst-oft-farbprobleme-second\/","name":"\u201eDigital First\u201c hei\u00dft oft: \u201eFarbprobleme Second!\u201c | proof.de","description":"Immer \u00f6fter erreichen uns in letzter Zeit Farbmanagement-Anfragen, bei denen \"Digital First\"-Designs an ihre Grenzen geraten. Hier k\u00f6nnen wir gezielt helfen.","inLanguage":"et","isPartOf":{"@id":"http:\/\/blog.proofs.de\/et\/#website"},"breadcrumb":{"@id":"http:\/\/blog.proofs.de\/et\/digital-first-heisst-oft-farbprobleme-second\/#breadcrumblist"},"author":{"@id":"http:\/\/blog.proofs.de\/et\/author\/mbetz\/#author"},"creator":{"@id":"http:\/\/blog.proofs.de\/et\/author\/mbetz\/#author"},"image":{"@type":"ImageObject","url":"https:\/\/blog.proofs.de\/wp-content\/uploads\/2022\/07\/PANTONE_zu_CMYK_Optimierung_Farbmatrix_Magenta_Cyan_Proof_de.jpg","@id":"http:\/\/blog.proofs.de\/et\/digital-first-heisst-oft-farbprobleme-second\/#mainImage","width":1882,"height":1919,"caption":"PANTONE oder sRGB zu CMYK Optimierung"},"primaryImageOfPage":{"@id":"http:\/\/blog.proofs.de\/et\/digital-first-heisst-oft-farbprobleme-second\/#mainImage"},"datePublished":"2022-08-05T01:56:05+02:00","dateModified":"2022-08-05T01:59:08+02:00"},{"@type":"WebSite","@id":"http:\/\/blog.proofs.de\/et\/#website","url":"http:\/\/blog.proofs.de\/et\/","name":"Proof.de","description":"Farbverbindlicher Proof, Farbproof, Digitalproof und Online-Proof.","inLanguage":"et","publisher":{"@id":"http:\/\/blog.proofs.de\/et\/#organization"}}]},"og:locale":"et_EE","og:site_name":"Proof.de | Alles zu Proof, Farbmanagement, Grafik, Messtechnik &amp; Co.","og:type":"article","og:title":"\u201eDigital First\u201c hei\u00dft oft: \u201eFarbprobleme Second!\u201c | proof.de","og:description":"Immer \u00f6fter erreichen uns in letzter Zeit Farbmanagement-Anfragen, bei denen &quot;Digital First&quot;-Designs an ihre Grenzen geraten. Hier k\u00f6nnen wir gezielt helfen.","og:url":"http:\/\/blog.proofs.de\/et\/digital-first-heisst-oft-farbprobleme-second\/","og:image":"http:\/\/blog.proofs.de\/wp-content\/uploads\/2022\/07\/PANTONE_zu_CMYK_Optimierung_Farbmatrix_Magenta_Cyan_Proof_de.jpg","og:image:width":1882,"og:image:height":1919,"article:published_time":"2022-08-04T23:56:05+00:00","article:modified_time":"2022-08-04T23:59:08+00:00","article:publisher":"https:\/\/www.facebook.com\/Proof.de\/","twitter:card":"summary","twitter:title":"\u201eDigital First\u201c hei\u00dft oft: \u201eFarbprobleme Second!\u201c | proof.de","twitter:description":"Immer \u00f6fter erreichen uns in letzter Zeit Farbmanagement-Anfragen, bei denen &quot;Digital First&quot;-Designs an ihre Grenzen geraten. Hier k\u00f6nnen wir gezielt helfen.","twitter:image":"https:\/\/blog.proofs.de\/wp-content\/uploads\/2022\/07\/PANTONE_zu_CMYK_Optimierung_Farbmatrix_Magenta_Cyan_Proof_de.jpg"},"aioseo_meta_data":{"post_id":"4991","title":null,"description":"Viimasel ajal oleme saanud \u00fcha enam p\u00e4ringuid v\u00e4rvihalduse kohta, kus \"digital first\" disainilahendused on j\u00f5udnud oma piiridesse. Siin saame pakkuda sihip\u00e4rast abi.","keywords":[],"keyphrases":{"focus":{"keyphrase":"Digital First","score":90,"analysis":{"keyphraseInTitle":{"title":"Focus keyphrase in SEO title","description":"Focus keyphrase found in SEO title.","score":9,"maxScore":9,"error":0},"keyphraseInDescription":{"title":"Focus keyphrase in meta description","description":"Focus keyphrase found in meta description.","score":9,"maxScore":9,"error":0},"keyphraseLength":{"title":"Focus keyphrase length","description":"Good job!","score":9,"maxScore":9,"error":0,"length":2},"keyphraseInURL":{"title":"Focus keyphrase in URL","description":"Focus keyphrase used in the URL.","score":5,"maxScore":5,"error":0},"keyphraseInIntroduction":{"title":"Focus keyphrase in introduction","description":"Your Focus keyphrase appears in the first paragraph. Well done!","score":9,"maxScore":9,"error":0},"keyphraseInSubHeadings":{"title":"Focus keyphrase in Subheadings","description":"Your H2 and H3 subheadings reflects the topic of your copy. Good job!","score":9,"maxScore":9,"error":0},"keyphraseInImageAlt":{"title":"Focus keyphrase in image alt attributes","description":"Focus keyphrase not found in image alt attribute(s). Add an image with your Focus keyphrase as alt text.","score":3,"maxScore":9,"error":1}}},"additional":[]},"primary_term":null,"canonical_url":null,"og_title":null,"og_description":null,"og_object_type":"default","og_image_type":"default","og_image_url":null,"og_image_width":null,"og_image_height":null,"og_image_custom_url":null,"og_image_custom_fields":null,"og_video":"","og_custom_url":null,"og_article_section":null,"og_article_tags":[],"twitter_use_og":true,"twitter_card":"default","twitter_image_type":"default","twitter_image_url":null,"twitter_image_custom_url":null,"twitter_image_custom_fields":null,"twitter_title":null,"twitter_description":null,"schema":{"blockGraphs":[],"customGraphs":[],"default":{"data":{"Article":[],"Course":[],"Dataset":[],"FAQPage":[],"Movie":[],"Person":[],"Product":[],"ProductReview":[],"Car":[],"Recipe":[],"Service":[],"SoftwareApplication":[],"WebPage":[]},"graphName":"","isEnabled":true},"graphs":[],"defaultGraph":"Article","defaultPostTypeGraph":""},"schema_type":"default","schema_type_options":"{\"article\":{\"articleType\":\"BlogPosting\"},\"course\":{\"name\":\"\",\"description\":\"\",\"provider\":\"\"},\"faq\":{\"pages\":[]},\"product\":{\"reviews\":[]},\"recipe\":{\"ingredients\":[],\"instructions\":[],\"keywords\":[]},\"software\":{\"reviews\":[],\"operatingSystems\":[]},\"webPage\":{\"webPageType\":\"WebPage\"},\"blockGraphs\":[]}","pillar_content":false,"robots_default":true,"robots_noindex":false,"robots_noarchive":false,"robots_nosnippet":false,"robots_nofollow":false,"robots_noimageindex":false,"robots_noodp":false,"robots_notranslate":false,"robots_max_snippet":"-1","robots_max_videopreview":"-1","robots_max_imagepreview":"large","priority":null,"frequency":"default","local_seo":null,"breadcrumb_settings":null,"limit_modified_date":false,"ai":null,"created":"2022-07-13 21:28:33","updated":"2025-06-04 14:28:05","seo_analyzer_scan_date":null,"focus_keyword":"Digital First","additional_keywords":null,"truseo_locale":null},"_links":{"self":[{"href":"http:\/\/blog.proofs.de\/et\/wp-json\/wp\/v2\/posts\/4991","targetHints":{"allow":["GET"]}}],"collection":[{"href":"http:\/\/blog.proofs.de\/et\/wp-json\/wp\/v2\/posts"}],"about":[{"href":"http:\/\/blog.proofs.de\/et\/wp-json\/wp\/v2\/types\/post"}],"author":[{"embeddable":true,"href":"http:\/\/blog.proofs.de\/et\/wp-json\/wp\/v2\/users\/2"}],"replies":[{"embeddable":true,"href":"http:\/\/blog.proofs.de\/et\/wp-json\/wp\/v2\/comments?post=4991"}],"version-history":[{"count":7,"href":"http:\/\/blog.proofs.de\/et\/wp-json\/wp\/v2\/posts\/4991\/revisions"}],"predecessor-version":[{"id":5004,"href":"http:\/\/blog.proofs.de\/et\/wp-json\/wp\/v2\/posts\/4991\/revisions\/5004"}],"wp:featuredmedia":[{"embeddable":true,"href":"http:\/\/blog.proofs.de\/et\/wp-json\/wp\/v2\/media\/4994"}],"wp:attachment":[{"href":"http:\/\/blog.proofs.de\/et\/wp-json\/wp\/v2\/media?parent=4991"}],"wp:term":[{"taxonomy":"category","embeddable":true,"href":"http:\/\/blog.proofs.de\/et\/wp-json\/wp\/v2\/categories?post=4991"},{"taxonomy":"post_tag","embeddable":true,"href":"http:\/\/blog.proofs.de\/et\/wp-json\/wp\/v2\/tags?post=4991"}],"curies":[{"name":"wp","href":"https:\/\/api.w.org\/{rel}","templated":true}]}}