{"id":5023,"date":"2022-11-08T13:53:19","date_gmt":"2022-11-08T12:53:19","guid":{"rendered":"https:\/\/www.proof.de\/?p=5023"},"modified":"2023-07-20T09:16:32","modified_gmt":"2023-07-20T07:16:32","slug":"myiro-9","status":"publish","type":"post","link":"http:\/\/blog.proofs.de\/et\/myiro-9\/","title":{"rendered":"MYIRO-9: KonicaMinolta uus kolorimeeter kasutusel"},"content":{"rendered":"<div class=\"kk-star-ratings kksr-auto kksr-align-right kksr-valign-top\" data-payload='{\"align\":\"right\",\"id\":\"5023\",\"slug\":\"default\",\"valign\":\"top\",\"ignore\":\"\",\"reference\":\"auto\",\"class\":\"\",\"count\":\"1\",\"legendonly\":\"\",\"readonly\":\"\",\"score\":\"5\",\"starsonly\":\"\",\"best\":\"5\",\"gap\":\"5\",\"greet\":\"Jetzt bewerten\",\"legend\":\"5\\\/5 - (1 vote)\",\"size\":\"24\",\"title\":\"MYIRO-9: Neues Farbmessger&auml;t von KonicaMinolta im Einsatz\",\"width\":\"142.5\",\"_legend\":\"{score}\\\/{best} - ({count} {votes})\",\"font_factor\":\"1.25\"}'>\n            \n<div class=\"kksr-stars\">\n    \n<div class=\"kksr-stars-inactive\">\n            <div class=\"kksr-star\" data-star=\"1\" style=\"padding-right: 5px\">\n            \n\n<div class=\"kksr-icon\" style=\"width: 24px; height: 24px;\"><\/div>\n        <\/div>\n            <div class=\"kksr-star\" data-star=\"2\" style=\"padding-right: 5px\">\n            \n\n<div class=\"kksr-icon\" style=\"width: 24px; height: 24px;\"><\/div>\n        <\/div>\n            <div class=\"kksr-star\" data-star=\"3\" style=\"padding-right: 5px\">\n            \n\n<div class=\"kksr-icon\" style=\"width: 24px; height: 24px;\"><\/div>\n        <\/div>\n            <div class=\"kksr-star\" data-star=\"4\" style=\"padding-right: 5px\">\n            \n\n<div class=\"kksr-icon\" style=\"width: 24px; height: 24px;\"><\/div>\n        <\/div>\n            <div class=\"kksr-star\" data-star=\"5\" style=\"padding-right: 5px\">\n            \n\n<div class=\"kksr-icon\" style=\"width: 24px; height: 24px;\"><\/div>\n        <\/div>\n    <\/div>\n    \n<div class=\"kksr-stars-active\" style=\"width: 142.5px;\">\n            <div class=\"kksr-star\" style=\"padding-right: 5px\">\n            \n\n<div class=\"kksr-icon\" style=\"width: 24px; height: 24px;\"><\/div>\n        <\/div>\n            <div class=\"kksr-star\" style=\"padding-right: 5px\">\n            \n\n<div class=\"kksr-icon\" style=\"width: 24px; height: 24px;\"><\/div>\n        <\/div>\n            <div class=\"kksr-star\" style=\"padding-right: 5px\">\n            \n\n<div class=\"kksr-icon\" style=\"width: 24px; height: 24px;\"><\/div>\n        <\/div>\n            <div class=\"kksr-star\" style=\"padding-right: 5px\">\n            \n\n<div class=\"kksr-icon\" style=\"width: 24px; height: 24px;\"><\/div>\n        <\/div>\n            <div class=\"kksr-star\" style=\"padding-right: 5px\">\n            \n\n<div class=\"kksr-icon\" style=\"width: 24px; height: 24px;\"><\/div>\n        <\/div>\n    <\/div>\n<\/div>\n                \n\n<div class=\"kksr-legend\" style=\"font-size: 19.2px;\">\n            5\/5 - (1 h\u00e4\u00e4l)    <\/div>\n    <\/div>\n\n<p class=\"wp-block-paragraph translation-block\">Viimastel kuudel oleme me <a href=\"https:\/\/blog1.proofen.de\/es\/lexico-2\/prueba\/\" target=\"_self\" class=\"encyclopedia tooltipstered\">Proof<\/a>.de juures m\u00f5elnud selle \u00fcle, kuidas parandada veelgi meie niigi v\u00e4ga head v\u00e4rvim\u00f5\u00f5tmistehnoloogiat kiiruse ja m\u00f5\u00f5tmise t\u00e4psuse osas. Kiiresti sai selgeks, et selleks sobivad ainult kaks seadet: KonicaMinolta MYIRO-9, endise FD-9 j\u00e4reltulija, v\u00f5i X-Rite ISIS 2 XL.<\/p>\n\n\n\n<p class=\"wp-block-paragraph translation-block\">L\u00e4htekoht: Kuna meil on Proof GmbHs 5 t\u00f5estusseadet, on profiili optimeerimiseks vajalike sihtm\u00e4rkide m\u00f5\u00f5tmine meie jaoks ajakriitiline ettev\u00f5tmine. Seep\u00e4rast olime viimastel kuudel otsinud uuendust meie eelmisele X-Rite i1-iO tabelile, sest meil oli alati j\u00e4rgmine probleem: kui me alustasime iteratiivset <a href=\"https:\/\/blog1.proofen.de\/es\/lexico-2\/medicion-del-color\/\" target=\"_self\" class=\"encyclopedia tooltipstered\">v\u00e4rvim\u00f5\u00f5tmist<\/a> profiili optimeerimiseks, pidime alati m\u00f5\u00f5tma kaks sihtm\u00e4rki \u00fche m\u00f5\u00f5tmisvooru kohta. Ja kalibreerimine i1-iO tabelis t\u00e4hendab, et me peame kolm korda sihtm\u00e4rgile kl\u00f5psama ja seej\u00e4rel uuesti kl\u00f5psama, et alustada m\u00f5\u00f5tmist. M\u00f5ne minuti p\u00e4rast kalibreeriti esimene sihtm\u00e4rk, mis tuli seej\u00e4rel m\u00f5\u00f5tetabelist eemaldada, paigutada uus sihtm\u00e4rk, kl\u00f5psata uuesti kolm korda, seej\u00e4rel kl\u00f5psata \"Measure\" ja siis mingil hetkel kalibreeriti <a href=\"https:\/\/blog1.proofen.de\/es\/lexico-2\/grafico-de-control-it8\/\" target=\"_self\" class=\"encyclopedia tooltipstered\">IT8<\/a> diagramm 1617 v\u00f5i muudetud sihtm\u00e4rgi puhul \u00fcle 1800 m\u00f5\u00f5tmisv\u00e4lja. Seej\u00e4rel optimeeriti kogu asi ja seej\u00e4rel mindi tagasi j\u00e4rgmise tr\u00fckkimise, m\u00f5\u00f5tmise ja optimeerimise vooru juurde ning - s\u00f5ltuvalt optimeerimise tulemusest - korrati seda 3-4 korda \u00fche printeri ja <a href=\"https:\/\/blog1.proofen.de\/es\/lexico-2\/pruebas\/\" target=\"_self\" class=\"encyclopedia tooltipstered\">proovide<\/a> substraadi kohta. Kuna iO tabelis tuleb iga rida M1 m\u00f5\u00f5tmiste jaoks ka kaks korda l\u00e4bida, v\u00e4hendati m\u00f5\u00f5tmise kiirust veelgi k\u00f5igi <a href=\"https:\/\/blog1.proofen.de\/es\/lexico-2\/oba\/\" target=\"_self\" class=\"encyclopedia tooltipstered\">OBA<\/a> sisaldavate proof-substraatide puhul.<\/p>\n\n\n\n<p class=\"wp-block-paragraph\"><\/p>\n\n\n\n<h2 class=\"wp-block-heading\">Meie valik: KonicaMinolta MYIRO-9<\/h2>\n\n\n\n<figure class=\"wp-block-embed is-type-video is-provider-youtube wp-block-embed-youtube wp-embed-aspect-16-9 wp-has-aspect-ratio\"><div class=\"wp-block-embed__wrapper\">\n<iframe loading=\"lazy\" hcb-fetch-image-from=\"https:\/\/youtu.be\/yGk9G4yxHbU?rel=0\" title=\"Proof.de: KonicaMinolta uus MYIRO-9 kolorimeeter kasutuses\" width=\"1200\" height=\"675\" src=\"https:\/\/www.youtube.com\/embed\/yGk9G4yxHbU?feature=oembed\" frameborder=\"0\" allow=\"accelerometer; autoplay; clipboard-write; encrypted-media; gyroscope; picture-in-picture; web-share\" allowfullscreen><\/iframe>\n<\/div><\/figure>\n\n\n\n<p class=\"wp-block-paragraph\">P\u00e4rast m\u00f5ningast kaalumist otsustasime KonicaMinolta MYIRO-9 kasuks, miks? X-Rite ISIS 2 XL-i kasuks oli m\u00f5ned selged p\u00f5hjused: Oleksime j\u00e4\u00e4nud edasi X-Rite'i maailma, seade on kiire ja tal on v\u00e4ike k\u00f5rvalekalle m\u00f5\u00f5teriistalt m\u00f5\u00f5teriistale ja m\u00f5\u00f5tmisest m\u00f5\u00f5tmiseni ... ja t\u00e4nu heale h\u00e4\u00e4lestusele X-Rite'i perekonnas oleksime kindlasti j\u00f5udnud v\u00e4ga heade tulemusteni. Kuid MYIRO-9 on lihtsalt kiiruse ja m\u00f5\u00f5tet\u00e4psuse poolest X-Rite'i konkureerivast seadmest veel \u00fche astme v\u00f5rra parem. <\/p>\n\n\n<div class=\"wp-block-image\">\n<figure class=\"alignright size-large is-resized\"><a href=\"https:\/\/blog1.proofen.de\/wp-content\/uploads\/2022\/10\/Bildschirmfoto-2022-10-20-um-01.50.09.png\"><img loading=\"lazy\" decoding=\"async\" src=\"https:\/\/blog1.proofen.de\/wp-content\/uploads\/2022\/10\/Bildschirmfoto-2022-10-20-um-01.50.09-1024x526.png\" alt=\"KonicaMinolta uus MYIRO-9 kasutusel Proof GmbH messil T\u00fcbingenis, Saksamaal.\" class=\"wp-image-5051\" width=\"439\" height=\"226\" srcset=\"https:\/\/blog.proofs.de\/wp-content\/uploads\/2022\/10\/Bildschirmfoto-2022-10-20-um-01.50.09-1024x526.png 1024w, https:\/\/blog.proofs.de\/wp-content\/uploads\/2022\/10\/Bildschirmfoto-2022-10-20-um-01.50.09-300x154.png 300w, https:\/\/blog.proofs.de\/wp-content\/uploads\/2022\/10\/Bildschirmfoto-2022-10-20-um-01.50.09-768x394.png 768w, https:\/\/blog.proofs.de\/wp-content\/uploads\/2022\/10\/Bildschirmfoto-2022-10-20-um-01.50.09.png 1336w\" sizes=\"auto, (max-width: 439px) 100vw, 439px\"><\/a><\/figure>\n<\/div>\n\n\n<p class=\"wp-block-paragraph\">See m\u00f5\u00f5dab umbes 1500 v\u00e4rvilaiku vaid 4 minutiga, ja seda M0\/M1\/M2-s\u00fcsteemis \u00fche m\u00f5\u00f5tmisvooru jooksul. Praktikas saab 1617 laiguga sihtm\u00e4rgi t\u00e4ielikult m\u00f5\u00f5ta umbes 5 minutiga. L\u00fchiajalise korratavuse \u0394E00 0,05 ja seadme vastavuse \u0394E00 0,3 juures m\u00f5\u00f5dab see ka \u00e4\u00e4rmiselt t\u00e4pselt. <\/p>\n\n\n\n<p class=\"wp-block-paragraph translation-block\">P\u00f5nev: MYIRO-9 mitte ainult ei liigu m\u00f6\u00f6da m\u00f5\u00f5tejoont, vaid ka<a href=\"https:\/\/blog1.proofen.de\/es\/lexico-2\/opp\/\" target=\"_self\" class=\"encyclopedia tooltipstered\">opp<\/a> l\u00e4bib \u00e4\u00e4rmiselt l\u00fchidalt iga v\u00e4lja, m\u00f5\u00f5dab ja liigub seej\u00e4rel edasi j\u00e4rgmisele v\u00e4ljale ja j\u00e4rgmisele m\u00f5\u00f5tmisele - ja teeb seda \u00e4\u00e4rmise kiirusega. Ja kuigi me olime alguses veidi skeptilised: Isegi tekstuursete pindade, n\u00e4iteks l\u00f5uendi puhul on see seni k\u00f5ik m\u00f5\u00f5tmised t\u00e4pselt ja h\u00e4sti tabanud ning andnud kiireid m\u00f5\u00f5tmistulemusi.<\/p>\n\n\n\n<p class=\"wp-block-paragraph\">Ja sellel on veel \u00fcks eelis: sellel on temperatuurikompensatsioon, mis kompenseerib m\u00f5\u00f5teseadme kuumenemise, eriti pikemate rakenduste ajal. Kuna me peame ainu\u00fcksi meie tavaliste proof-printeritega \u00fche m\u00f5\u00f5tmisringi jooksul m\u00f5\u00f5tma umbes 100 000 v\u00e4lju, on temperatuuri nihkumise kompenseerimine siinkohal m\u00f5istetavaks argumendiks.&nbsp;<\/p>\n\n\n\n<p class=\"wp-block-paragraph\"><a href=\"https:\/\/www.myiro.com\" target=\"_blank\" rel=\"noopener\" title=\"MYIRO.com KonicaMinolta veebisait, kus on rohkem teavet MYIRO-9 ja MYIRO-1 kohta.\">Lisateavet MYIRO-9 kohta leiate ka MYIRO veebilehelt: MYIRO.com<\/a><\/p>\n\n\n\n<p class=\"wp-block-paragraph\">P\u00e4rast m\u00f5ningaid arutelusid Claas Bickeb\u00f6lleriga KonicaMinoltast ja Jan-Peter Homanniga Homann Colormanagementist otsustasime seadme osta, vaatamata m\u00f5nele kirjeldatud ebakindlusele: T\u00e4iendav kiirus ja t\u00e4psus olid lihtsalt liiga ahvatlevad.&nbsp;<\/p>\n\n\n\n<h2 class=\"wp-block-heading\">MYIRO-9: Sobib ideaalselt meie t\u00f5estusm\u00f5\u00f5tmise maailma<\/h2>\n\n\n\n<p class=\"wp-block-paragraph translation-block\">Meie MYIRO-9 on n\u00fc\u00fcdseks kasutusel olnud paar n\u00e4dalat ja l\u00e4binud juba mitmeid teste. K\u00f5igepealt kontrollisime sobivuse t\u00e4psust meie varasemate i1-iO m\u00f5\u00f5tmistega, kasutades meie kahte X-Rite i1 Pro-2 ja viit X-Rite ILS-30 m\u00f5\u00f5tmisseadet, et anal\u00fc\u00fcsida, kui h\u00e4sti KonicaMinolta seade meie m\u00f5\u00f5tekeskkonda sobib. Kuna k\u00f5ik meie proof-printerid on varustatud Spectroprooferiga, siis teostatakse \u00fcksikute proof-seadmete kalibreerimised ja lineaarsused alati proof-printeritesse sisseehitatud ILS-30 m\u00f5\u00f5teseadmete abil ning iga proof-substraadi <a href=\"https:\/\/blog1.proofen.de\/es\/lexico-2\/icc\/\" target=\"_self\" class=\"encyclopedia tooltipstered\">ICC<\/a> profiilid luuakse samuti ILS-30 abil.<\/p>\n\n\n\n<p class=\"wp-block-paragraph\">Seej\u00e4rel alustasime profiili optimeerimisega igal t\u00f5endajal ja v\u00f5rdlesime uue optimeerimise t\u00f5endamistulemusi visuaalselt ja metroloogiliselt eelnevate t\u00f5endamistulemustega, kasutades meie katsevorme. Kui oli selge, et me v\u00f5isime probleemideta \u00fcle minna, tegime l\u00f5puks k\u00f5igil proof-materjalidel MYIRO-9 abil mitme p\u00e4eva jooksul profiilide optimeerimise ja seej\u00e4rel kontrollisime tulemusi uuesti. Ja kui me ei leidnud ka seal mingeid raskusi, l\u00e4ksime oktoobri alguses k\u00f5ik t\u00f6\u00f6v\u00f5tted \u00fcle uuele MYIRO-9 profiilide optimeerimisele.<\/p>\n\n\n\n<p class=\"wp-block-paragraph translation-block\">Ainu\u00fcksi esimese s\u00f5idu ajal pidi MYIRO-9 m\u00f5\u00f5tma peaaegu 200 000 v\u00e4lja, et konverteerida k\u00f5ik t\u00f6\u00f6vood uutele profiilide optimeerimistele, mida seade tegi edukalt<a href=\"https:\/\/blog1.proofen.de\/es\/lexico-2\/led\/\" target=\"_self\" class=\"encyclopedia tooltipstered\">led<\/a>. L\u00e4hin\u00e4dalatel j\u00e4tkame klientide ja projektide jaoks rohkemate spetsialiseeritud t\u00f6\u00f6voogude teisendamist. Kuid juba praegu on selge, et meie uus m\u00f5\u00f5tmisseade oli meie jaoks \u00f5ige valik.<\/p>\n\n\n\n<h2 class=\"wp-block-heading\">V\u00f5rgustiku meeskonnam\u00e4ngija<\/h2>\n\n\n\n<p class=\"wp-block-paragraph\">Teine oluline kriteerium, mille alusel me otsustasime MYIRO-9 kasuks, oli selle v\u00f5rguv\u00f5imekus. <\/p>\n\n\n\n<p class=\"wp-block-paragraph translation-block\">Kuna m\u00f5\u00f5tmine MYIRO-9-ga on valjem kui X-Rite'i ventilaatorita iO tabelitega, mis on tingitud \u00fchev\u00e4ljalisest m\u00f5\u00f5tmisest tingitud \"rammestavast\" m\u00f5\u00f5tepeast, siis seadsime m\u00f5\u00f5tmisseadme prooviruumi, kus see on meie <a href=\"https:\/\/www.1\">EFI<\/a> ja <a href=\"https:\/\/blog1.proofen.de\/es\/lexico-2\/gmg\/\" target=\"_self\" class=\"encyclopedia tooltipstered\">GMG<\/a> serveritest. Kuna MYIRO-9 saab aga lihtsalt Etherneti kaudu v\u00f5rku dokkida, on see k\u00e4ttesaadav k\u00f5igile meie rakendustele s\u00f5ltumata asukohast. Kas <a href=\"https:\/\/blog1.proofen.de\/es\/lexico-2\/ardiente\/\" target=\"_self\" class=\"encyclopedia tooltipstered\">Fiery<\/a> XF, GMG Colorproof v\u00f5i Colorlogic'i tooted, millest m\u00f5ned me kasutame <a href=\"https:\/\/blog1.proofen.de\/es\/lexico-2\/utilice\/\" target=\"_self\" class=\"encyclopedia tooltipstered\">t\u00f6\u00f6keskusest<\/a>, need k\u00f5ik saavad juurdep\u00e4\u00e4su MYIRO-9-le, sest USB-\u00fchendust ei ole vaja.<\/p>\n\n\n\n<h2 class=\"wp-block-heading\">MYIRO-9: Kokkuv\u00f5te<\/h2>\n\n\n\n<p class=\"wp-block-paragraph\">Meie jaoks olid ostu puhul otsustavad j\u00e4rgmised asjaolud: <\/p>\n\n\n\n<ul class=\"wp-block-list\">\n<li><strong>Kiirus<\/strong>Meie k\u00f5ige olulisemate t\u00f5estussubstraatide optimeerimine v\u00f5tab n\u00fc\u00fcd n\u00e4dalate asemel vaid p\u00e4evi. \u00dchest k\u00fcljest on MYIRO-9 palju kiirem ja teisest k\u00fcljest vajame v\u00e4hem sihtm\u00e4rke, sest MYIRO-9 suudab \u00fche p\u00fchkimisega m\u00f5\u00f5ta rohkem m\u00f5\u00f5tmisv\u00e4lju \u00fche sihtm\u00e4rgi kohta. <\/li>\n\n\n\n<li><strong>T\u00e4psus<\/strong>: L\u00fchiajaline korratavus ja m\u00f5\u00f5tmistevaheline k\u00f5rvalekalle on MYIRO-9 puhul palju parem kui meie eelmise m\u00f5\u00f5tmislahenduse puhul. K\u00f5ik meie kliendid saavad sellest suuremast t\u00e4psusest kasu, sest me saame valmistada t\u00f5estusi veelgi v\u00e4iksemate tolerantside piires.<\/li>\n\n\n\n<li><strong>\u00dchendatavus:<\/strong> V\u00f5rk\u00fchendus v\u00f5imaldab meil h\u00f5lpsasti \u00fchendada k\u00f5ik meie proofing-tarkvarad ja profileerimislahendused MYIRO-9-ga, kuna see ei n\u00f5ua USB-\u00fchendust \u00fchegi serveri v\u00f5i t\u00f6\u00f6jaamaga.<\/li>\n<\/ul>\n\n\n\n<p class=\"wp-block-paragraph\">MYIRO-9 on t\u00f5esti t\u00e4itnud meie ootused. Meie saame kasu eelk\u00f5ige suuremast kiirusest, meie kliendid eelk\u00f5ige MYIRO-9 suuremast t\u00e4psusest v\u00f5rreldes meie eelmise m\u00f5\u00f5tmislahendusega. <\/p>\n\n\n\n<p class=\"wp-block-paragraph translation-block\">Kas on mingeid puudusi? V\u00e4ikesed: MYIRO-9 ei ole k\u00fcll odav. Kuid loomulikult on see ka tehniliselt keerukam kui paljud teised seadmed. Teine puudus on see, et KonicaMinolta MYIRO Tools'i tasuta tarkvarakomponentide funktsioonid ei ole nii rikkalikud: Aga v\u00e4hemalt toovad nad kaasa ekraani kalibreerimise (mis muidugi ei t\u00f6\u00f6ta MYIRO-9-ga, vaid ainult MYIRO-1-ga), on <a href=\"https:\/\/blog1.proofen.de\/es\/lexico-2\/fogra\/\" target=\"_self\" class=\"encyclopedia tooltipstered\">Fogra<\/a> <a href=\"https:\/\/blog1.proofen.de\/es\/lexico-2\/cuna-mediatica\/\" target=\"_self\" class=\"encyclopedia tooltipstered\">meedia kiil<\/a> litsentsiga kaasas ja saab m\u00f5\u00f5ta graafikuid, v\u00f5rrelda m\u00f5\u00f5tmisi ja teha homogeensuse hindamist. Kui teil on vaja rohkem funktsioone ja teil ei ole Fiery, GMG ja Colorlogic tarkvara, mis t\u00f6\u00f6tab koos MYIRO-9-ga, nagu meil, siis peate lisaks MYIRO-9-ile eelarvesse lisama ka MYIRO Tools \"Basic\" ja \"Advanced\" tarkvara funktsioonid, nagu see on ka teiste tootjate puhul.<\/p>\n\n\n\n<p class=\"wp-block-paragraph\">Meie jaoks oleme teinud v\u00e4ga positiivse j\u00e4relduse: KonicaMinolta MYIRO-9 oli meie jaoks kindlasti \u00f5ige investeering ja toetab meid oma kiiruse ja t\u00e4psusega. Selles osas sobib MYIRO-9 v\u00e4ga h\u00e4sti kokku Proof GmbH v\u00e4itega ... \ud83d\ude42 ...<\/p>\n\n\n\n<p class=\"wp-block-paragraph\"> <\/p>","protected":false},"excerpt":{"rendered":"<p>Viimaste kuude jooksul oleme Proof.des kaalunud, kuidas veelgi parandada meie niigi v\u00e4ga head v\u00e4rvim\u00f5\u00f5tmise tehnoloogiat kiiruse ja m\u00f5\u00f5tmise t\u00e4psuse osas. Kiiresti sai selgeks, et k\u00f5ne alla tulevad ainult kaks seadet: KonicaMinolta MYIRO-9, varasema FD-9 j\u00e4reltulija, v\u00f5i X-Rite ISIS 2 XL.  L\u00e4htekoht: Kuna meil on Proof GmbHs 5 proofing-seadet, on sihtm\u00e4rkide kalibreerimine profiili optimeerimiseks meie jaoks ajakriitiline ettev\u00f5tmine. Seet\u00f5ttu olime viimaste kuude jooksul uurinud, kas meie eelmisele X-Rite i1-iO lauale saaks uuendada ... <\/p>\n<p class=\"read-more-container\"><a title=\"MYIRO-9: KonicaMinolta uus kolorimeeter kasutusel\" class=\"read-more button\" href=\"http:\/\/blog.proofs.de\/et\/myiro-9\/#more-5023\" aria-label=\"Lisateave MYIRO-9 kohta: KonicaMinolta uus v\u00e4rvim\u00f5\u00f5tmisseade kasutusel\">Loe edasi<\/a><\/p>","protected":false},"author":2,"featured_media":5113,"comment_status":"open","ping_status":"open","sticky":false,"template":"","format":"standard","meta":{"om_disable_all_campaigns":false,"inline_featured_image":false,"_monsterinsights_skip_tracking":false,"footnotes":""},"categories":[1,437],"tags":[1337,1346,1345,1338,475,167,561,1344,1033,806,1336,1341,423,1342,1340,1335,1334,1339,1343,479],"class_list":["post-5023","post","type-post","status-publish","format-standard","has-post-thumbnail","hentry","category-allgemein","category-proof-software-und-technik","tag-claas-bickeboeller","tag-colorlogic","tag-colorproof","tag-farbmessgeraet","tag-fiery","tag-fiery-xf","tag-gmg","tag-gmg-colorproof","tag-i1","tag-i1pro2","tag-konicaminolta-sensing","tag-m0","tag-m1","tag-m2","tag-messgeraet","tag-myiro","tag-myiro-9","tag-spektralmessgeraet","tag-streifenmessung","tag-x-rite","generate-columns","tablet-grid-50","mobile-grid-100","grid-parent","grid-50","no-featured-image-padding","resize-featured-image"],"aioseo_notices":[],"aioseo_head":"\n\t\t<!-- All in One SEO 5.0.1.1 - aioseo.com -->\n\t<meta name=\"description\" content=\"Bei Proof.de haben wir unser neues Farbmessger\u00e4t MYIRO-9 von KonicaMinolta in Betrieb genommen und k\u00f6nnen jetzt noch schneller und pr\u00e4ziser messen.\" \/>\n\t<meta name=\"robots\" content=\"max-image-preview:large\" \/>\n\t<meta name=\"author\" content=\"Matthias Betz\"\/>\n\t<meta name=\"google-site-verification\" content=\"TuXxyRwxcEg2-WfOaQ8vScWQh3-uBAnxXmY7g3GT90A\" \/>\n\t<meta name=\"keywords\" content=\"claas bickeb\u00f6ller,colorlogic,colorproof,farbmessger\u00e4t,fiery,fiery xf,gmg,gmg colorproof,i1,i1pro2,konicaminolta sensing,m0,m1,m2,messger\u00e4t,myiro,myiro-9,spektralmessger\u00e4t,streifenmessung,x-rite\" \/>\n\t<link rel=\"canonical\" href=\"http:\/\/blog.proofs.de\/et\/myiro-9\/\" \/>\n\t<meta name=\"generator\" content=\"All in One SEO (AIOSEO) 5.0.1.1\" \/>\n\n\t\t<meta name=\"seobility\" content=\"593a8578143db71543f014978c690d47\">\n\t\t<meta property=\"og:locale\" content=\"et_EE\" \/>\n\t\t<meta property=\"og:site_name\" content=\"Proof.de | Alles zu Proof, Farbmanagement, Grafik, Messtechnik &amp; Co.\" \/>\n\t\t<meta property=\"og:type\" content=\"article\" \/>\n\t\t<meta property=\"og:title\" content=\"MYIRO-9: Neues Farbmessger\u00e4t von KonicaMinolta im Einsatz | Proof.de\" \/>\n\t\t<meta property=\"og:description\" content=\"In den letzten Monaten haben wir bei Proof.de \u00fcberlegt, unsere bereits sehr gute Farbmesstechnik in Sachen Geschwindigkeit und Messpr\u00e4zision weiter zu verbessern. Relativ schnell war klar, da\u00df daf\u00fcr nur zwei Ger\u00e4te in Frage kommen: Das KonicaMinolta MYIRO-9, der Nachfolger des fr\u00fcheren FD-9 oder das X-Rite ISIS 2 XL. Der Ausgangspunkt: Da wir bei der Proof GmbH\" \/>\n\t\t<meta property=\"og:url\" content=\"http:\/\/blog.proofs.de\/et\/myiro-9\/\" \/>\n\t\t<meta property=\"og:image\" content=\"http:\/\/blog1.proofen.de\/wp-content\/uploads\/2022\/11\/Bildschirm\u00adfoto-2022-11-08-um-17.50.36.jpg\" \/>\n\t\t<meta property=\"og:image:width\" content=\"2239\" \/>\n\t\t<meta property=\"og:image:height\" content=\"1202\" \/>\n\t\t<meta property=\"og:video\" content=\"http:\/\/www.youtube.com\/watch?v=yGk9G4yxHbU\" \/>\n\t\t<meta property=\"article:published_time\" content=\"2022-11-08T12:53:19+00:00\" \/>\n\t\t<meta property=\"article:modified_time\" content=\"2023-07-20T07:16:32+00:00\" \/>\n\t\t<meta property=\"article:publisher\" content=\"https:\/\/www.facebook.com\/Proof.de\/\" \/>\n\t\t<meta name=\"twitter:card\" content=\"summary\" \/>\n\t\t<meta name=\"twitter:title\" content=\"MYIRO-9: Neues Farbmessger\u00e4t von KonicaMinolta im Einsatz | Proof.de\" \/>\n\t\t<meta name=\"twitter:description\" content=\"In den letzten Monaten haben wir bei Proof.de \u00fcberlegt, unsere bereits sehr gute Farbmesstechnik in Sachen Geschwindigkeit und Messpr\u00e4zision weiter zu verbessern. Relativ schnell war klar, da\u00df daf\u00fcr nur zwei Ger\u00e4te in Frage kommen: Das KonicaMinolta MYIRO-9, der Nachfolger des fr\u00fcheren FD-9 oder das X-Rite ISIS 2 XL. Der Ausgangspunkt: Da wir bei der Proof GmbH\" \/>\n\t\t<meta name=\"twitter:image\" content=\"https:\/\/blog1.proofen.de\/wp-content\/uploads\/2022\/11\/Bildschirm\u00adfoto-2022-11-08-um-17.50.36.jpg\" \/>\n\t\t<script type=\"application\/ld+json\" class=\"aioseo-schema\">\n\t\t\t{\"@context\":\"https:\\\/\\\/schema.org\",\"@graph\":[{\"@type\":\"Article\",\"@id\":\"http:\\\/\\\/blog.proofs.de\\\/et\\\/myiro-9\\\/#article\",\"name\":\"MYIRO-9: Neues Farbmessger\\u00e4t im Einsatz | proof.de\",\"headline\":\"MYIRO-9: Neues Farbmessger\\u00e4t von KonicaMinolta im Einsatz\",\"author\":{\"@id\":\"http:\\\/\\\/blog.proofs.de\\\/et\\\/author\\\/mbetz\\\/#author\"},\"publisher\":{\"@id\":\"http:\\\/\\\/blog.proofs.de\\\/et\\\/#organization\"},\"image\":{\"@type\":\"ImageObject\",\"url\":\"https:\\\/\\\/blog.proofs.de\\\/wp-content\\\/uploads\\\/2022\\\/11\\\/Bildschirm\\u00adfoto-2022-11-08-um-17.50.36.jpg\",\"width\":2239,\"height\":1202,\"caption\":\"MYIRO-9: Neues Messger\\u00e4t von KonicaMinolta im Einsatz bei Proof.de. Inhaber Matthias Betz erl\\u00e4utert die wichtigsten Vorteile des neuen Auto-Spektralfotometers.\"},\"datePublished\":\"2022-11-08T13:53:19+01:00\",\"dateModified\":\"2023-07-20T09:16:32+02:00\",\"inLanguage\":\"et\",\"mainEntityOfPage\":{\"@id\":\"http:\\\/\\\/blog.proofs.de\\\/et\\\/myiro-9\\\/#webpage\"},\"isPartOf\":{\"@id\":\"http:\\\/\\\/blog.proofs.de\\\/et\\\/myiro-9\\\/#webpage\"},\"articleSection\":\"Allgemein, Proof Software &amp; Technik, Claas Bickeb\\u00f6ller, Colorlogic, ColorProof, Farbmessger\\u00e4t, Fiery, Fiery XF, GMG, GMG ColorProof, i1, I1Pro2, KonicaMinolta Sensing, M0, M1, M2, Messger\\u00e4t, MYIRO, MYIRO-9, Spektralmessger\\u00e4t, Streifenmessung, X-Rite\"},{\"@type\":\"BreadcrumbList\",\"@id\":\"http:\\\/\\\/blog.proofs.de\\\/et\\\/myiro-9\\\/#breadcrumblist\",\"itemListElement\":[{\"@type\":\"ListItem\",\"@id\":\"http:\\\/\\\/blog.proofs.de\\\/et#listItem\",\"position\":1,\"name\":\"Home\",\"item\":\"http:\\\/\\\/blog.proofs.de\\\/et\",\"nextItem\":{\"@type\":\"ListItem\",\"@id\":\"http:\\\/\\\/blog.proofs.de\\\/et\\\/thema\\\/proof-wissen\\\/#listItem\",\"name\":\"Proof Wissen\"}},{\"@type\":\"ListItem\",\"@id\":\"http:\\\/\\\/blog.proofs.de\\\/et\\\/thema\\\/proof-wissen\\\/#listItem\",\"position\":2,\"name\":\"Proof Wissen\",\"item\":\"http:\\\/\\\/blog.proofs.de\\\/et\\\/thema\\\/proof-wissen\\\/\",\"nextItem\":{\"@type\":\"ListItem\",\"@id\":\"http:\\\/\\\/blog.proofs.de\\\/et\\\/thema\\\/proof-wissen\\\/proof-software-und-technik\\\/#listItem\",\"name\":\"Proof Software &amp; Technik\"},\"previousItem\":{\"@type\":\"ListItem\",\"@id\":\"http:\\\/\\\/blog.proofs.de\\\/et#listItem\",\"name\":\"Home\"}},{\"@type\":\"ListItem\",\"@id\":\"http:\\\/\\\/blog.proofs.de\\\/et\\\/thema\\\/proof-wissen\\\/proof-software-und-technik\\\/#listItem\",\"position\":3,\"name\":\"Proof Software &amp; Technik\",\"item\":\"http:\\\/\\\/blog.proofs.de\\\/et\\\/thema\\\/proof-wissen\\\/proof-software-und-technik\\\/\",\"nextItem\":{\"@type\":\"ListItem\",\"@id\":\"http:\\\/\\\/blog.proofs.de\\\/et\\\/myiro-9\\\/#listItem\",\"name\":\"MYIRO-9: Neues Farbmessger\\u00e4t von KonicaMinolta im Einsatz\"},\"previousItem\":{\"@type\":\"ListItem\",\"@id\":\"http:\\\/\\\/blog.proofs.de\\\/et\\\/thema\\\/proof-wissen\\\/#listItem\",\"name\":\"Proof Wissen\"}},{\"@type\":\"ListItem\",\"@id\":\"http:\\\/\\\/blog.proofs.de\\\/et\\\/myiro-9\\\/#listItem\",\"position\":4,\"name\":\"MYIRO-9: Neues Farbmessger\\u00e4t von KonicaMinolta im Einsatz\",\"previousItem\":{\"@type\":\"ListItem\",\"@id\":\"http:\\\/\\\/blog.proofs.de\\\/et\\\/thema\\\/proof-wissen\\\/proof-software-und-technik\\\/#listItem\",\"name\":\"Proof Software &amp; Technik\"}}]},{\"@type\":\"Organization\",\"@id\":\"http:\\\/\\\/blog.proofs.de\\\/et\\\/#organization\",\"name\":\"Proof GmbH\",\"description\":\"Farbverbindlicher Proof, Farbproof, Digitalproof und Online-Proof.\",\"url\":\"http:\\\/\\\/blog.proofs.de\\\/et\\\/\",\"telephone\":\"+4970717952740\",\"logo\":{\"@type\":\"ImageObject\",\"url\":\"https:\\\/\\\/blog1.proofen.de\\\/wp-content\\\/uploads\\\/2019\\\/09\\\/logo_proof_rgb_mit_balken_250px.png\",\"@id\":\"http:\\\/\\\/blog.proofs.de\\\/et\\\/myiro-9\\\/#organizationLogo\"},\"image\":{\"@id\":\"http:\\\/\\\/blog.proofs.de\\\/et\\\/myiro-9\\\/#organizationLogo\"},\"sameAs\":[\"https:\\\/\\\/www.facebook.com\\\/Proof.de\\\/\",\"https:\\\/\\\/www.instagram.com\\\/proof.de\\\/\",\"https:\\\/\\\/www.tiktok.com\\\/@proof_de\",\"https:\\\/\\\/www.youtube.com\\\/channel\\\/UCk80fQVQ25wC9wu3SywB-Nw\",\"https:\\\/\\\/www.linkedin.com\\\/company\\\/proof-de\"]},{\"@type\":\"Person\",\"@id\":\"http:\\\/\\\/blog.proofs.de\\\/et\\\/author\\\/mbetz\\\/#author\",\"url\":\"http:\\\/\\\/blog.proofs.de\\\/et\\\/author\\\/mbetz\\\/\",\"name\":\"Matthias Betz\",\"image\":{\"@type\":\"ImageObject\",\"@id\":\"http:\\\/\\\/blog.proofs.de\\\/et\\\/myiro-9\\\/#authorImage\",\"url\":\"https:\\\/\\\/blog.proofs.de\\\/wp-content\\\/uploads\\\/2020\\\/10\\\/matthias-betz-e1603934518350-150x150.png\",\"width\":96,\"height\":96,\"caption\":\"Matthias Betz\"}},{\"@type\":\"WebPage\",\"@id\":\"http:\\\/\\\/blog.proofs.de\\\/et\\\/myiro-9\\\/#webpage\",\"url\":\"http:\\\/\\\/blog.proofs.de\\\/et\\\/myiro-9\\\/\",\"name\":\"MYIRO-9: Neues Farbmessger\\u00e4t im Einsatz | proof.de\",\"description\":\"Bei Proof.de haben wir unser neues Farbmessger\\u00e4t MYIRO-9 von KonicaMinolta in Betrieb genommen und k\\u00f6nnen jetzt noch schneller und pr\\u00e4ziser messen.\",\"inLanguage\":\"et\",\"isPartOf\":{\"@id\":\"http:\\\/\\\/blog.proofs.de\\\/et\\\/#website\"},\"breadcrumb\":{\"@id\":\"http:\\\/\\\/blog.proofs.de\\\/et\\\/myiro-9\\\/#breadcrumblist\"},\"author\":{\"@id\":\"http:\\\/\\\/blog.proofs.de\\\/et\\\/author\\\/mbetz\\\/#author\"},\"creator\":{\"@id\":\"http:\\\/\\\/blog.proofs.de\\\/et\\\/author\\\/mbetz\\\/#author\"},\"image\":{\"@type\":\"ImageObject\",\"url\":\"https:\\\/\\\/blog.proofs.de\\\/wp-content\\\/uploads\\\/2022\\\/11\\\/Bildschirm\\u00adfoto-2022-11-08-um-17.50.36.jpg\",\"@id\":\"http:\\\/\\\/blog.proofs.de\\\/et\\\/myiro-9\\\/#mainImage\",\"width\":2239,\"height\":1202,\"caption\":\"MYIRO-9: Neues Messger\\u00e4t von KonicaMinolta im Einsatz bei Proof.de. Inhaber Matthias Betz erl\\u00e4utert die wichtigsten Vorteile des neuen Auto-Spektralfotometers.\"},\"primaryImageOfPage\":{\"@id\":\"http:\\\/\\\/blog.proofs.de\\\/et\\\/myiro-9\\\/#mainImage\"},\"datePublished\":\"2022-11-08T13:53:19+01:00\",\"dateModified\":\"2023-07-20T09:16:32+02:00\"},{\"@type\":\"WebSite\",\"@id\":\"http:\\\/\\\/blog.proofs.de\\\/et\\\/#website\",\"url\":\"http:\\\/\\\/blog.proofs.de\\\/et\\\/\",\"name\":\"Proof.de\",\"description\":\"Farbverbindlicher Proof, Farbproof, Digitalproof und Online-Proof.\",\"inLanguage\":\"et\",\"publisher\":{\"@id\":\"http:\\\/\\\/blog.proofs.de\\\/et\\\/#organization\"}}]}\n\t\t<\/script>\n\t\t<!-- All in One SEO -->\n\n","aioseo_head_json":{"title":"MYIRO-9: Uus kolorimeeter kasutusel | proof.de","description":"Proof.de-s oleme v\u00f5tnud kasutusele KonicaMinolta uue MYIRO-9 kolorimeetriga ja saame n\u00fc\u00fcd veelgi kiiremini ja t\u00e4psemalt m\u00f5\u00f5ta.","canonical_url":"http:\/\/blog.proofs.de\/et\/myiro-9\/","robots":"max-image-preview:large","keywords":"claas bickeb\u00f6ller,colorlogic,colorproof,farbmessger\u00e4t,fiery,fiery xf,gmg,gmg colorproof,i1,i1pro2,konicaminolta sensing,m0,m1,m2,messger\u00e4t,myiro,myiro-9,spektralmessger\u00e4t,streifenmessung,x-rite","webmasterTools":{"google-site-verification":"TuXxyRwxcEg2-WfOaQ8vScWQh3-uBAnxXmY7g3GT90A","miscellaneous":"&lt;meta name=\"seobility\" content=\"593a8578143db71543f014978c690d47\"&gt;"},"schema":{"@context":"https:\/\/schema.org","@graph":[{"@type":"Article","@id":"http:\/\/blog.proofs.de\/et\/myiro-9\/#article","name":"MYIRO-9: Neues Farbmessger\u00e4t im Einsatz | proof.de","headline":"MYIRO-9: Neues Farbmessger\u00e4t von KonicaMinolta im Einsatz","author":{"@id":"http:\/\/blog.proofs.de\/et\/author\/mbetz\/#author"},"publisher":{"@id":"http:\/\/blog.proofs.de\/et\/#organization"},"image":{"@type":"ImageObject","url":"https:\/\/blog.proofs.de\/wp-content\/uploads\/2022\/11\/Bildschirm\u00adfoto-2022-11-08-um-17.50.36.jpg","width":2239,"height":1202,"caption":"MYIRO-9: Neues Messger\u00e4t von KonicaMinolta im Einsatz bei Proof.de. Inhaber Matthias Betz erl\u00e4utert die wichtigsten Vorteile des neuen Auto-Spektralfotometers."},"datePublished":"2022-11-08T13:53:19+01:00","dateModified":"2023-07-20T09:16:32+02:00","inLanguage":"et","mainEntityOfPage":{"@id":"http:\/\/blog.proofs.de\/et\/myiro-9\/#webpage"},"isPartOf":{"@id":"http:\/\/blog.proofs.de\/et\/myiro-9\/#webpage"},"articleSection":"Allgemein, Proof Software &amp; Technik, Claas Bickeb\u00f6ller, Colorlogic, ColorProof, Farbmessger\u00e4t, Fiery, Fiery XF, GMG, GMG ColorProof, i1, I1Pro2, KonicaMinolta Sensing, M0, M1, M2, Messger\u00e4t, MYIRO, MYIRO-9, Spektralmessger\u00e4t, Streifenmessung, X-Rite"},{"@type":"BreadcrumbList","@id":"http:\/\/blog.proofs.de\/et\/myiro-9\/#breadcrumblist","itemListElement":[{"@type":"ListItem","@id":"http:\/\/blog.proofs.de\/et#listItem","position":1,"name":"Home","item":"http:\/\/blog.proofs.de\/et","nextItem":{"@type":"ListItem","@id":"http:\/\/blog.proofs.de\/et\/thema\/proof-wissen\/#listItem","name":"Proof Wissen"}},{"@type":"ListItem","@id":"http:\/\/blog.proofs.de\/et\/thema\/proof-wissen\/#listItem","position":2,"name":"Proof Wissen","item":"http:\/\/blog.proofs.de\/et\/thema\/proof-wissen\/","nextItem":{"@type":"ListItem","@id":"http:\/\/blog.proofs.de\/et\/thema\/proof-wissen\/proof-software-und-technik\/#listItem","name":"Proof Software &amp; Technik"},"previousItem":{"@type":"ListItem","@id":"http:\/\/blog.proofs.de\/et#listItem","name":"Home"}},{"@type":"ListItem","@id":"http:\/\/blog.proofs.de\/et\/thema\/proof-wissen\/proof-software-und-technik\/#listItem","position":3,"name":"Proof Software &amp; Technik","item":"http:\/\/blog.proofs.de\/et\/thema\/proof-wissen\/proof-software-und-technik\/","nextItem":{"@type":"ListItem","@id":"http:\/\/blog.proofs.de\/et\/myiro-9\/#listItem","name":"MYIRO-9: Neues Farbmessger\u00e4t von KonicaMinolta im Einsatz"},"previousItem":{"@type":"ListItem","@id":"http:\/\/blog.proofs.de\/et\/thema\/proof-wissen\/#listItem","name":"Proof Wissen"}},{"@type":"ListItem","@id":"http:\/\/blog.proofs.de\/et\/myiro-9\/#listItem","position":4,"name":"MYIRO-9: Neues Farbmessger\u00e4t von KonicaMinolta im Einsatz","previousItem":{"@type":"ListItem","@id":"http:\/\/blog.proofs.de\/et\/thema\/proof-wissen\/proof-software-und-technik\/#listItem","name":"Proof Software &amp; Technik"}}]},{"@type":"Organization","@id":"http:\/\/blog.proofs.de\/et\/#organization","name":"Proof GmbH","description":"Farbverbindlicher Proof, Farbproof, Digitalproof und Online-Proof.","url":"http:\/\/blog.proofs.de\/et\/","telephone":"+4970717952740","logo":{"@type":"ImageObject","url":"https:\/\/blog1.proofen.de\/wp-content\/uploads\/2019\/09\/logo_proof_rgb_mit_balken_250px.png","@id":"http:\/\/blog.proofs.de\/et\/myiro-9\/#organizationLogo"},"image":{"@id":"http:\/\/blog.proofs.de\/et\/myiro-9\/#organizationLogo"},"sameAs":["https:\/\/www.facebook.com\/Proof.de\/","https:\/\/www.instagram.com\/proof.de\/","https:\/\/www.tiktok.com\/@proof_de","https:\/\/www.youtube.com\/channel\/UCk80fQVQ25wC9wu3SywB-Nw","https:\/\/www.linkedin.com\/company\/proof-de"]},{"@type":"Person","@id":"http:\/\/blog.proofs.de\/et\/author\/mbetz\/#author","url":"http:\/\/blog.proofs.de\/et\/author\/mbetz\/","name":"Matthias Betz","image":{"@type":"ImageObject","@id":"http:\/\/blog.proofs.de\/et\/myiro-9\/#authorImage","url":"https:\/\/blog.proofs.de\/wp-content\/uploads\/2020\/10\/matthias-betz-e1603934518350-150x150.png","width":96,"height":96,"caption":"Matthias Betz"}},{"@type":"WebPage","@id":"http:\/\/blog.proofs.de\/et\/myiro-9\/#webpage","url":"http:\/\/blog.proofs.de\/et\/myiro-9\/","name":"MYIRO-9: Neues Farbmessger\u00e4t im Einsatz | proof.de","description":"Bei Proof.de haben wir unser neues Farbmessger\u00e4t MYIRO-9 von KonicaMinolta in Betrieb genommen und k\u00f6nnen jetzt noch schneller und pr\u00e4ziser messen.","inLanguage":"et","isPartOf":{"@id":"http:\/\/blog.proofs.de\/et\/#website"},"breadcrumb":{"@id":"http:\/\/blog.proofs.de\/et\/myiro-9\/#breadcrumblist"},"author":{"@id":"http:\/\/blog.proofs.de\/et\/author\/mbetz\/#author"},"creator":{"@id":"http:\/\/blog.proofs.de\/et\/author\/mbetz\/#author"},"image":{"@type":"ImageObject","url":"https:\/\/blog.proofs.de\/wp-content\/uploads\/2022\/11\/Bildschirm\u00adfoto-2022-11-08-um-17.50.36.jpg","@id":"http:\/\/blog.proofs.de\/et\/myiro-9\/#mainImage","width":2239,"height":1202,"caption":"MYIRO-9: Neues Messger\u00e4t von KonicaMinolta im Einsatz bei Proof.de. Inhaber Matthias Betz erl\u00e4utert die wichtigsten Vorteile des neuen Auto-Spektralfotometers."},"primaryImageOfPage":{"@id":"http:\/\/blog.proofs.de\/et\/myiro-9\/#mainImage"},"datePublished":"2022-11-08T13:53:19+01:00","dateModified":"2023-07-20T09:16:32+02:00"},{"@type":"WebSite","@id":"http:\/\/blog.proofs.de\/et\/#website","url":"http:\/\/blog.proofs.de\/et\/","name":"Proof.de","description":"Farbverbindlicher Proof, Farbproof, Digitalproof und Online-Proof.","inLanguage":"et","publisher":{"@id":"http:\/\/blog.proofs.de\/et\/#organization"}}]},"og:locale":"et_EE","og:site_name":"Proof.de | Alles zu Proof, Farbmanagement, Grafik, Messtechnik &amp; Co.","og:type":"article","og:title":"MYIRO-9: Neues Farbmessger\u00e4t von KonicaMinolta im Einsatz | Proof.de","og:description":"In den letzten Monaten haben wir bei Proof.de \u00fcberlegt, unsere bereits sehr gute Farbmesstechnik in Sachen Geschwindigkeit und Messpr\u00e4zision weiter zu verbessern. Relativ schnell war klar, da\u00df daf\u00fcr nur zwei Ger\u00e4te in Frage kommen: Das KonicaMinolta MYIRO-9, der Nachfolger des fr\u00fcheren FD-9 oder das X-Rite ISIS 2 XL. Der Ausgangspunkt: Da wir bei der Proof GmbH","og:url":"http:\/\/blog.proofs.de\/et\/myiro-9\/","og:image":"http:\/\/blog1.proofen.de\/wp-content\/uploads\/2022\/11\/Bildschirm\u00adfoto-2022-11-08-um-17.50.36.jpg","og:image:width":"2239","og:image:height":"1202","og:video":"http:\/\/www.youtube.com\/watch?v=yGk9G4yxHbU","article:published_time":"2022-11-08T12:53:19+00:00","article:modified_time":"2023-07-20T07:16:32+00:00","article:publisher":"https:\/\/www.facebook.com\/Proof.de\/","twitter:card":"summary","twitter:title":"MYIRO-9: Neues Farbmessger\u00e4t von KonicaMinolta im Einsatz | Proof.de","twitter:description":"In den letzten Monaten haben wir bei Proof.de \u00fcberlegt, unsere bereits sehr gute Farbmesstechnik in Sachen Geschwindigkeit und Messpr\u00e4zision weiter zu verbessern. Relativ schnell war klar, da\u00df daf\u00fcr nur zwei Ger\u00e4te in Frage kommen: Das KonicaMinolta MYIRO-9, der Nachfolger des fr\u00fcheren FD-9 oder das X-Rite ISIS 2 XL. Der Ausgangspunkt: Da wir bei der Proof GmbH","twitter:image":"https:\/\/blog1.proofen.de\/wp-content\/uploads\/2022\/11\/Bildschirm\u00adfoto-2022-11-08-um-17.50.36.jpg"},"aioseo_meta_data":{"post_id":"5023","title":"MYIRO-9: Uus kolorimeeter kasutusel | proof.de","description":"Proof.de-s oleme v\u00f5tnud kasutusele KonicaMinolta uue MYIRO-9 kolorimeetriga ja saame n\u00fc\u00fcd veelgi kiiremini ja t\u00e4psemalt m\u00f5\u00f5ta.","keywords":[],"keyphrases":{"focus":{"keyphrase":"MYIRO-9","score":100,"analysis":{"keyphraseInTitle":{"score":9,"maxScore":9,"error":0},"keyphraseInDescription":{"score":9,"maxScore":9,"error":0},"keyphraseLength":{"score":9,"maxScore":9,"error":0,"length":1},"keyphraseInURL":{"score":5,"maxScore":5,"error":0},"keyphraseInIntroduction":{"score":9,"maxScore":9,"error":0},"keyphraseInSubHeadings":{"score":9,"maxScore":9,"error":0},"keyphraseInImageAlt":{"score":9,"maxScore":9,"error":0}}},"additional":[]},"primary_term":null,"canonical_url":null,"og_title":"#post_title #separator_sa #site_title","og_description":"#post_excerpt","og_object_type":"default","og_image_type":"featured","og_image_url":"https:\/\/blog1.proofen.de\/wp-content\/uploads\/2022\/11\/Bildschirm\u00adfoto-2022-11-08-um-17.50.36.jpg","og_image_width":"2239","og_image_height":"1202","og_image_custom_url":null,"og_image_custom_fields":null,"og_video":"https:\/\/www.youtube.com\/watch?v=yGk9G4yxHbU","og_custom_url":null,"og_article_section":null,"og_article_tags":[],"twitter_use_og":true,"twitter_card":"default","twitter_image_type":"default","twitter_image_url":null,"twitter_image_custom_url":null,"twitter_image_custom_fields":null,"twitter_title":null,"twitter_description":null,"schema":{"blockGraphs":[],"customGraphs":[],"default":{"data":{"Article":[],"Course":[],"Dataset":[],"FAQPage":[],"Movie":[],"Person":[],"Product":[],"ProductReview":[],"Car":[],"Recipe":[],"Service":[],"SoftwareApplication":[],"WebPage":[]},"graphName":"Article","isEnabled":true},"graphs":[]},"schema_type":"default","schema_type_options":null,"pillar_content":false,"robots_default":true,"robots_noindex":false,"robots_noarchive":false,"robots_nosnippet":false,"robots_nofollow":false,"robots_noimageindex":false,"robots_noodp":false,"robots_notranslate":false,"robots_max_snippet":"-1","robots_max_videopreview":"-1","robots_max_imagepreview":"large","priority":null,"frequency":"default","local_seo":null,"breadcrumb_settings":null,"limit_modified_date":false,"ai":null,"created":"2022-10-07 21:52:37","updated":"2025-06-04 14:28:05","seo_analyzer_scan_date":null,"focus_keyword":"MYIRO-9","additional_keywords":null,"truseo_locale":null},"_links":{"self":[{"href":"http:\/\/blog.proofs.de\/et\/wp-json\/wp\/v2\/posts\/5023","targetHints":{"allow":["GET"]}}],"collection":[{"href":"http:\/\/blog.proofs.de\/et\/wp-json\/wp\/v2\/posts"}],"about":[{"href":"http:\/\/blog.proofs.de\/et\/wp-json\/wp\/v2\/types\/post"}],"author":[{"embeddable":true,"href":"http:\/\/blog.proofs.de\/et\/wp-json\/wp\/v2\/users\/2"}],"replies":[{"embeddable":true,"href":"http:\/\/blog.proofs.de\/et\/wp-json\/wp\/v2\/comments?post=5023"}],"version-history":[{"count":39,"href":"http:\/\/blog.proofs.de\/et\/wp-json\/wp\/v2\/posts\/5023\/revisions"}],"predecessor-version":[{"id":5441,"href":"http:\/\/blog.proofs.de\/et\/wp-json\/wp\/v2\/posts\/5023\/revisions\/5441"}],"wp:featuredmedia":[{"embeddable":true,"href":"http:\/\/blog.proofs.de\/et\/wp-json\/wp\/v2\/media\/5113"}],"wp:attachment":[{"href":"http:\/\/blog.proofs.de\/et\/wp-json\/wp\/v2\/media?parent=5023"}],"wp:term":[{"taxonomy":"category","embeddable":true,"href":"http:\/\/blog.proofs.de\/et\/wp-json\/wp\/v2\/categories?post=5023"},{"taxonomy":"post_tag","embeddable":true,"href":"http:\/\/blog.proofs.de\/et\/wp-json\/wp\/v2\/tags?post=5023"}],"curies":[{"name":"wp","href":"https:\/\/api.w.org\/{rel}","templated":true}]}}