{"id":6180,"date":"2025-08-19T11:11:52","date_gmt":"2025-08-19T09:11:52","guid":{"rendered":"https:\/\/www.proof.de\/?p=6180"},"modified":"2025-09-19T11:13:54","modified_gmt":"2025-09-19T09:13:54","slug":"saksa-vaerviteaduse-seltsi-aastakonverents-7-9-oktoobrini-tu-dresdenis","status":"publish","type":"post","link":"http:\/\/blog.proofs.de\/et\/jahrestagung-deutsche-farbwissenschaftliche-gesellschaft-vom-7-9-oktober-an-der-tu-dresden\/","title":{"rendered":"Saksa V\u00e4rviteaduse Seltsi aastakonverents 7.-9. oktoobrini Dresdeni Tehnika\u00fclikoolis."},"content":{"rendered":"<div class=\"kk-star-ratings kksr-auto kksr-align-right kksr-valign-top\" data-payload='{\"align\":\"right\",\"id\":\"6180\",\"slug\":\"default\",\"valign\":\"top\",\"ignore\":\"\",\"reference\":\"auto\",\"class\":\"\",\"count\":\"1\",\"legendonly\":\"\",\"readonly\":\"\",\"score\":\"5\",\"starsonly\":\"\",\"best\":\"5\",\"gap\":\"5\",\"greet\":\"Jetzt bewerten\",\"legend\":\"5\\\/5 - (1 vote)\",\"size\":\"24\",\"title\":\"Jahrestagung Deutsche farbwissenschaftliche Gesellschaft vom 7.-9. Oktober an der TU Dresden\",\"width\":\"142.5\",\"_legend\":\"{score}\\\/{best} - ({count} {votes})\",\"font_factor\":\"1.25\"}'>\n            \n<div class=\"kksr-stars\">\n    \n<div class=\"kksr-stars-inactive\">\n            <div class=\"kksr-star\" data-star=\"1\" style=\"padding-right: 5px\">\n            \n\n<div class=\"kksr-icon\" style=\"width: 24px; height: 24px;\"><\/div>\n        <\/div>\n            <div class=\"kksr-star\" data-star=\"2\" style=\"padding-right: 5px\">\n            \n\n<div class=\"kksr-icon\" style=\"width: 24px; height: 24px;\"><\/div>\n        <\/div>\n            <div class=\"kksr-star\" data-star=\"3\" style=\"padding-right: 5px\">\n            \n\n<div class=\"kksr-icon\" style=\"width: 24px; height: 24px;\"><\/div>\n        <\/div>\n            <div class=\"kksr-star\" data-star=\"4\" style=\"padding-right: 5px\">\n            \n\n<div class=\"kksr-icon\" style=\"width: 24px; height: 24px;\"><\/div>\n        <\/div>\n            <div class=\"kksr-star\" data-star=\"5\" style=\"padding-right: 5px\">\n            \n\n<div class=\"kksr-icon\" style=\"width: 24px; height: 24px;\"><\/div>\n        <\/div>\n    <\/div>\n    \n<div class=\"kksr-stars-active\" style=\"width: 142.5px;\">\n            <div class=\"kksr-star\" style=\"padding-right: 5px\">\n            \n\n<div class=\"kksr-icon\" style=\"width: 24px; height: 24px;\"><\/div>\n        <\/div>\n            <div class=\"kksr-star\" style=\"padding-right: 5px\">\n            \n\n<div class=\"kksr-icon\" style=\"width: 24px; height: 24px;\"><\/div>\n        <\/div>\n            <div class=\"kksr-star\" style=\"padding-right: 5px\">\n            \n\n<div class=\"kksr-icon\" style=\"width: 24px; height: 24px;\"><\/div>\n        <\/div>\n            <div class=\"kksr-star\" style=\"padding-right: 5px\">\n            \n\n<div class=\"kksr-icon\" style=\"width: 24px; height: 24px;\"><\/div>\n        <\/div>\n            <div class=\"kksr-star\" style=\"padding-right: 5px\">\n            \n\n<div class=\"kksr-icon\" style=\"width: 24px; height: 24px;\"><\/div>\n        <\/div>\n    <\/div>\n<\/div>\n                \n\n<div class=\"kksr-legend\" style=\"font-size: 19.2px;\">\n            5\/5 - (1 h\u00e4\u00e4l)    <\/div>\n    <\/div>\n\n<p class=\"wp-block-paragraph\">Sel aastal toimub Saksa V\u00e4rviteaduse Seltsi aastakonverents oktoobris Dresdenis, Dresdeni Tehnika\u00fclikooli v\u00e4rviteooria kollektsioonis. <\/p>\n\n\n\n<p class=\"wp-block-paragraph\">Saksa v\u00e4rviteaduse \u00fchinguna vaatleme v\u00e4rvi teemat erinevatest vaatenurkadest. T\u00e4navune konverents keskendub v\u00e4rvile arhitektuuris ja kunstis ning v\u00e4rvile valgustustehnikas, <a href=\"http:\/\/blog.proofs.de\/et\/lexikon\/appearance\/\" target=\"_self\" title='Praegustes v\u00e4rvusuuringutes viitab m\u00f5iste &quot;v\u00e4limus&quot; eseme v\u00f5i pinna tajutavale v\u00e4rvusele erinevates valgustustingimustes ja erinevates keskkondades. V\u00e4limus t\u00e4hendab seda, kuidas inimesed v\u00e4rve visuaalselt tajuvad ja kuidas neid m\u00f5jutavad valguse omadused, pinna tekstuur ja muud keskkonnategurid. 1....' class=\"encyclopedia\">V\u00e4limus<\/a> - rohkem kui v\u00e4rvid, v\u00e4rvid HDR- ja printimises ning v\u00e4rvidistsipliinide vahel.<\/p>\n\n\n\n<p class=\"wp-block-paragraph\">Konverentsiprogrammis osalema on kutsutud k\u00f5nelejad teadusest, teadusuuringutest ja t\u00f6\u00f6stusest. Konverentsi eel toimub seminar j\u00e4rgmistel teemadel: (1) V\u00f5rdne v\u00e4rvigradatsioon ekraanidel; (2) <a href=\"http:\/\/blog.proofs.de\/et\/lexikon\/farbsystem\/\" target=\"_self\" title=\"V\u00e4rvis\u00fcsteem (v\u00f5i v\u00e4rvimudel) on abstraktne matemaatiline meetod v\u00e4rvide ja nende omavahelise suhte m\u00e4\u00e4ramiseks ja t\u00e4psustamiseks. Seda v\u00f5rdsustatakse sageli v\u00e4rviruumiga, mis on aga v\u00e4rvis\u00fcsteemi konkreetne rakendus v\u00e4rvit\u00f6\u00f6tlusmeetodile (printer, ekraan jne).\" class=\"encyclopedia\">V\u00e4rvis\u00fcsteem<\/a>e arhitektuuris, kunstis ja aiandusdisainis. See h\u00f5lmab nii praktilisi katseid ja m\u00f5\u00f5tmisi kui ka sissevaateid v\u00e4rviteooria kollektsiooni eksponaatidesse.<\/p>\n\n\n\n<figure class=\"wp-block-image size-large\"><a href=\"https:\/\/dfwg.de\/wp-content\/uploads\/2025\/07\/Flyer-DfwG-JT2025_Programm.pdf\"><img loading=\"lazy\" decoding=\"async\" width=\"1024\" height=\"715\" src=\"http:\/\/blog.proofs.de\/wp-content\/uploads\/2025\/09\/Tagungsprogramm_Deutsche_farbwissenschaftliche_Gesellschaft_2025_Dresden-1024x715.png\" alt=\"Saksa V\u00e4rviteaduse Seltsi aastakonverentsi 2025 programm Dresdeni Tehnika\u00fclikoolis.\" class=\"wp-image-6181\" srcset=\"https:\/\/blog.proofs.de\/wp-content\/uploads\/2025\/09\/Tagungsprogramm_Deutsche_farbwissenschaftliche_Gesellschaft_2025_Dresden-1024x715.png 1024w, https:\/\/blog.proofs.de\/wp-content\/uploads\/2025\/09\/Tagungsprogramm_Deutsche_farbwissenschaftliche_Gesellschaft_2025_Dresden-300x210.png 300w, https:\/\/blog.proofs.de\/wp-content\/uploads\/2025\/09\/Tagungsprogramm_Deutsche_farbwissenschaftliche_Gesellschaft_2025_Dresden-768x536.png 768w, https:\/\/blog.proofs.de\/wp-content\/uploads\/2025\/09\/Tagungsprogramm_Deutsche_farbwissenschaftliche_Gesellschaft_2025_Dresden-18x12.png 18w, https:\/\/blog.proofs.de\/wp-content\/uploads\/2025\/09\/Tagungsprogramm_Deutsche_farbwissenschaftliche_Gesellschaft_2025_Dresden.png 1519w\" sizes=\"auto, (max-width: 1024px) 100vw, 1024px\"><\/a><\/figure>\n\n\n\n<p class=\"wp-block-paragraph\">Sel aastal on <a href=\"http:\/\/blog.proofs.de\/et\/lexikon\/proof\/\" target=\"_self\" title=\"Proof (korrektselt: lepinguline proof) on ISO 12647-7 sertifitseeritud proof-seade graafilise kunsti t\u00f6\u00f6stusele. Proof simuleerib offset- v\u00f5i s\u00fcgavtr\u00fckkimise v\u00e4rvilisust v\u00e4rviliselt ja \u00f5iguslikult siduvalt ISO-standardi kitsaste lubatud h\u00e4lvete piires.\" class=\"encyclopedia\">Proof<\/a> GmbH sponsoreerib iga-aastase konverentsi \u00f5pilast, v\u00f5imaldades noorele inimesele tasuta osalemist Dresdenis toimuval konverentsil. <\/p>\n\n\n\n<p class=\"wp-block-paragraph\">Kas ka teie tahaksite saada sponsoriks ja toetada algatust? On veel \u00fcks kandidaat teise \u00f5pilase sponsorluseks. Seega, kui te saaksite v\u00f5imaldada m\u00f5nele noorele inimesele konverentsil osalemist, v\u00f5tke palun igal ajal \u00fchendust DfwG sekretariaadiga. <\/p>\n\n\n\n<p class=\"wp-block-paragraph\"><a href=\"https:\/\/dfwg.de\/dfwg-jahrestagungen\/dfwg-jahrestagung-2025-3\/\" title=\"\">Lisateavet aastakonverentsi ja registreerimise kohta leiate siit DfwG veebilehelt.<\/a>.<\/p>\n\n\n\n<p class=\"wp-block-paragraph\"><\/p>","protected":false},"excerpt":{"rendered":"<p>Sel aastal toimub Saksa V\u00e4rviteaduse Seltsi aastakonverents oktoobris Dresdenis, Dresdeni Tehnika\u00fclikooli v\u00e4rviteooria kollektsioonis. Saksa v\u00e4rviteaduse seltsina vaatleme v\u00e4rvi teemat eri vaatenurkadest. T\u00e4navune konverents keskendub v\u00e4rvile arhitektuuris ja kunstis, v\u00e4rvile valgustustehnoloogias, v\u00e4limusele - rohkem kui lihtsalt v\u00e4rv, v\u00e4rvile HDR-is ja printimises ning interdistsiplinaarsele v\u00e4rvile. Konverentsiprogrammi on kutsutud esinejad teadusest, teadusuuringutest ja t\u00f6\u00f6stusest. Konverentsi eel toimub t\u00f6\u00f6tuba j\u00e4rgmistel teemadel: 1) ekvivalentne v\u00e4rvigradatsioon ekraanidel; 2) v\u00e4rvis\u00fcsteemid ... <\/p>\n<p class=\"read-more-container\"><a title=\"Saksa V\u00e4rviteaduse Seltsi aastakonverents 7.-9. oktoobrini Dresdeni Tehnika\u00fclikoolis.\" class=\"read-more button\" href=\"http:\/\/blog.proofs.de\/et\/jahrestagung-deutsche-farbwissenschaftliche-gesellschaft-vom-7-9-oktober-an-der-tu-dresden\/#more-6180\" aria-label=\"Lisateave Saksa v\u00e4rviteaduse \u00fchingu aastakonverentsi kohta, mis toimub 7.\u20139. oktoobril Dresdeni Tehnika\u00fclikoolis\">Loe edasi<\/a><\/p>","protected":false},"author":2,"featured_media":6182,"comment_status":"open","ping_status":"open","sticky":false,"template":"","format":"standard","meta":{"om_disable_all_campaigns":false,"inline_featured_image":false,"_monsterinsights_skip_tracking":false,"footnotes":""},"categories":[1],"tags":[1449,1448,1450],"class_list":["post-6180","post","type-post","status-publish","format-standard","has-post-thumbnail","hentry","category-allgemein","tag-deutsche-farbwissenschaftliche-gesellschaft","tag-dfwg","tag-farbwissenschaftliche-gesellschaft","generate-columns","tablet-grid-50","mobile-grid-100","grid-parent","grid-50","no-featured-image-padding","resize-featured-image"],"aioseo_notices":[],"aioseo_head":"\n\t\t<!-- All in One SEO 5.0.1.1 - aioseo.com -->\n\t<meta name=\"description\" content=\"Die Jahrestagung der Deutschen farbwissenschaftlichen Gesellschaft 2025 in Dresden wird vom der Proof GmbH mit einer Studierendenpatenschaft unterst\u00fctzt.\" \/>\n\t<meta name=\"robots\" content=\"max-image-preview:large\" \/>\n\t<meta name=\"author\" content=\"Matthias Betz\"\/>\n\t<meta name=\"google-site-verification\" content=\"TuXxyRwxcEg2-WfOaQ8vScWQh3-uBAnxXmY7g3GT90A\" \/>\n\t<meta name=\"keywords\" content=\"deutsche farbwissenschaftliche gesellschaft,dfwg,farbwissenschaftliche gesellschaft\" \/>\n\t<link rel=\"canonical\" href=\"http:\/\/blog.proofs.de\/et\/jahrestagung-deutsche-farbwissenschaftliche-gesellschaft-vom-7-9-oktober-an-der-tu-dresden\/\" \/>\n\t<meta name=\"generator\" content=\"All in One SEO (AIOSEO) 5.0.1.1\" \/>\n\n\t\t<meta name=\"seobility\" content=\"593a8578143db71543f014978c690d47\">\n\t\t<meta property=\"og:locale\" content=\"et_EE\" \/>\n\t\t<meta property=\"og:site_name\" content=\"Proof.de | Alles zu Proof, Farbmanagement, Grafik, Messtechnik &amp; Co.\" \/>\n\t\t<meta property=\"og:type\" content=\"article\" \/>\n\t\t<meta property=\"og:title\" content=\"Jahrestagung Deutsche farbwissenschaftliche Gesellschaft 2025 | proof.de\" \/>\n\t\t<meta property=\"og:description\" content=\"Die Jahrestagung der Deutschen farbwissenschaftlichen Gesellschaft 2025 in Dresden wird vom der Proof GmbH mit einer Studierendenpatenschaft unterst\u00fctzt.\" \/>\n\t\t<meta property=\"og:url\" content=\"http:\/\/blog.proofs.de\/et\/jahrestagung-deutsche-farbwissenschaftliche-gesellschaft-vom-7-9-oktober-an-der-tu-dresden\/\" \/>\n\t\t<meta property=\"og:image\" content=\"http:\/\/blog.proofs.de\/wp-content\/uploads\/2025\/09\/DfwG_logo_2023-1.png\" \/>\n\t\t<meta property=\"og:image:width\" content=\"994\" \/>\n\t\t<meta property=\"og:image:height\" content=\"600\" \/>\n\t\t<meta property=\"article:published_time\" content=\"2025-08-19T09:11:52+00:00\" \/>\n\t\t<meta property=\"article:modified_time\" content=\"2025-09-19T09:13:54+00:00\" \/>\n\t\t<meta property=\"article:publisher\" content=\"https:\/\/www.facebook.com\/Proof.de\/\" \/>\n\t\t<meta name=\"twitter:card\" content=\"summary\" \/>\n\t\t<meta name=\"twitter:title\" content=\"Jahrestagung Deutsche farbwissenschaftliche Gesellschaft 2025 | proof.de\" \/>\n\t\t<meta name=\"twitter:description\" content=\"Die Jahrestagung der Deutschen farbwissenschaftlichen Gesellschaft 2025 in Dresden wird vom der Proof GmbH mit einer Studierendenpatenschaft unterst\u00fctzt.\" \/>\n\t\t<meta name=\"twitter:image\" content=\"https:\/\/blog.proofs.de\/wp-content\/uploads\/2025\/09\/DfwG_logo_2023-1.png\" \/>\n\t\t<script type=\"application\/ld+json\" class=\"aioseo-schema\">\n\t\t\t{\"@context\":\"https:\\\/\\\/schema.org\",\"@graph\":[{\"@type\":\"Article\",\"@id\":\"http:\\\/\\\/blog.proofs.de\\\/et\\\/jahrestagung-deutsche-farbwissenschaftliche-gesellschaft-vom-7-9-oktober-an-der-tu-dresden\\\/#article\",\"name\":\"Jahrestagung Deutsche farbwissenschaftliche Gesellschaft 2025 | proof.de\",\"headline\":\"Jahrestagung Deutsche farbwissenschaftliche Gesellschaft vom 7.-9. Oktober an der TU Dresden\",\"author\":{\"@id\":\"http:\\\/\\\/blog.proofs.de\\\/et\\\/author\\\/mbetz\\\/#author\"},\"publisher\":{\"@id\":\"http:\\\/\\\/blog.proofs.de\\\/et\\\/#organization\"},\"image\":{\"@type\":\"ImageObject\",\"url\":\"https:\\\/\\\/blog.proofs.de\\\/wp-content\\\/uploads\\\/2025\\\/09\\\/DfwG_logo_2023-1.png\",\"width\":994,\"height\":600},\"datePublished\":\"2025-08-19T11:11:52+02:00\",\"dateModified\":\"2025-09-19T11:13:54+02:00\",\"inLanguage\":\"et\",\"mainEntityOfPage\":{\"@id\":\"http:\\\/\\\/blog.proofs.de\\\/et\\\/jahrestagung-deutsche-farbwissenschaftliche-gesellschaft-vom-7-9-oktober-an-der-tu-dresden\\\/#webpage\"},\"isPartOf\":{\"@id\":\"http:\\\/\\\/blog.proofs.de\\\/et\\\/jahrestagung-deutsche-farbwissenschaftliche-gesellschaft-vom-7-9-oktober-an-der-tu-dresden\\\/#webpage\"},\"articleSection\":\"Allgemein, Deutsche farbwissenschaftliche Gesellschaft, DfwG, farbwissenschaftliche Gesellschaft\"},{\"@type\":\"BreadcrumbList\",\"@id\":\"http:\\\/\\\/blog.proofs.de\\\/et\\\/jahrestagung-deutsche-farbwissenschaftliche-gesellschaft-vom-7-9-oktober-an-der-tu-dresden\\\/#breadcrumblist\",\"itemListElement\":[{\"@type\":\"ListItem\",\"@id\":\"http:\\\/\\\/blog.proofs.de\\\/et#listItem\",\"position\":1,\"name\":\"Home\",\"item\":\"http:\\\/\\\/blog.proofs.de\\\/et\",\"nextItem\":{\"@type\":\"ListItem\",\"@id\":\"http:\\\/\\\/blog.proofs.de\\\/et\\\/thema\\\/allgemein\\\/#listItem\",\"name\":\"Allgemein\"}},{\"@type\":\"ListItem\",\"@id\":\"http:\\\/\\\/blog.proofs.de\\\/et\\\/thema\\\/allgemein\\\/#listItem\",\"position\":2,\"name\":\"Allgemein\",\"item\":\"http:\\\/\\\/blog.proofs.de\\\/et\\\/thema\\\/allgemein\\\/\",\"nextItem\":{\"@type\":\"ListItem\",\"@id\":\"http:\\\/\\\/blog.proofs.de\\\/et\\\/jahrestagung-deutsche-farbwissenschaftliche-gesellschaft-vom-7-9-oktober-an-der-tu-dresden\\\/#listItem\",\"name\":\"Jahrestagung Deutsche farbwissenschaftliche Gesellschaft vom 7.-9. Oktober an der TU Dresden\"},\"previousItem\":{\"@type\":\"ListItem\",\"@id\":\"http:\\\/\\\/blog.proofs.de\\\/et#listItem\",\"name\":\"Home\"}},{\"@type\":\"ListItem\",\"@id\":\"http:\\\/\\\/blog.proofs.de\\\/et\\\/jahrestagung-deutsche-farbwissenschaftliche-gesellschaft-vom-7-9-oktober-an-der-tu-dresden\\\/#listItem\",\"position\":3,\"name\":\"Jahrestagung Deutsche farbwissenschaftliche Gesellschaft vom 7.-9. Oktober an der TU Dresden\",\"previousItem\":{\"@type\":\"ListItem\",\"@id\":\"http:\\\/\\\/blog.proofs.de\\\/et\\\/thema\\\/allgemein\\\/#listItem\",\"name\":\"Allgemein\"}}]},{\"@type\":\"Organization\",\"@id\":\"http:\\\/\\\/blog.proofs.de\\\/et\\\/#organization\",\"name\":\"Proof GmbH\",\"description\":\"Farbverbindlicher Proof, Farbproof, Digitalproof und Online-Proof.\",\"url\":\"http:\\\/\\\/blog.proofs.de\\\/et\\\/\",\"telephone\":\"+4970717952740\",\"logo\":{\"@type\":\"ImageObject\",\"url\":\"https:\\\/\\\/blog1.proofen.de\\\/wp-content\\\/uploads\\\/2019\\\/09\\\/logo_proof_rgb_mit_balken_250px.png\",\"@id\":\"http:\\\/\\\/blog.proofs.de\\\/et\\\/jahrestagung-deutsche-farbwissenschaftliche-gesellschaft-vom-7-9-oktober-an-der-tu-dresden\\\/#organizationLogo\"},\"image\":{\"@id\":\"http:\\\/\\\/blog.proofs.de\\\/et\\\/jahrestagung-deutsche-farbwissenschaftliche-gesellschaft-vom-7-9-oktober-an-der-tu-dresden\\\/#organizationLogo\"},\"sameAs\":[\"https:\\\/\\\/www.facebook.com\\\/Proof.de\\\/\",\"https:\\\/\\\/www.instagram.com\\\/proof.de\\\/\",\"https:\\\/\\\/www.tiktok.com\\\/@proof_de\",\"https:\\\/\\\/www.youtube.com\\\/channel\\\/UCk80fQVQ25wC9wu3SywB-Nw\",\"https:\\\/\\\/www.linkedin.com\\\/company\\\/proof-de\"]},{\"@type\":\"Person\",\"@id\":\"http:\\\/\\\/blog.proofs.de\\\/et\\\/author\\\/mbetz\\\/#author\",\"url\":\"http:\\\/\\\/blog.proofs.de\\\/et\\\/author\\\/mbetz\\\/\",\"name\":\"Matthias Betz\",\"image\":{\"@type\":\"ImageObject\",\"@id\":\"http:\\\/\\\/blog.proofs.de\\\/et\\\/jahrestagung-deutsche-farbwissenschaftliche-gesellschaft-vom-7-9-oktober-an-der-tu-dresden\\\/#authorImage\",\"url\":\"https:\\\/\\\/blog.proofs.de\\\/wp-content\\\/uploads\\\/2020\\\/10\\\/matthias-betz-e1603934518350-150x150.png\",\"width\":96,\"height\":96,\"caption\":\"Matthias Betz\"}},{\"@type\":\"WebPage\",\"@id\":\"http:\\\/\\\/blog.proofs.de\\\/et\\\/jahrestagung-deutsche-farbwissenschaftliche-gesellschaft-vom-7-9-oktober-an-der-tu-dresden\\\/#webpage\",\"url\":\"http:\\\/\\\/blog.proofs.de\\\/et\\\/jahrestagung-deutsche-farbwissenschaftliche-gesellschaft-vom-7-9-oktober-an-der-tu-dresden\\\/\",\"name\":\"Jahrestagung Deutsche farbwissenschaftliche Gesellschaft 2025 | proof.de\",\"description\":\"Die Jahrestagung der Deutschen farbwissenschaftlichen Gesellschaft 2025 in Dresden wird vom der Proof GmbH mit einer Studierendenpatenschaft unterst\\u00fctzt.\",\"inLanguage\":\"et\",\"isPartOf\":{\"@id\":\"http:\\\/\\\/blog.proofs.de\\\/et\\\/#website\"},\"breadcrumb\":{\"@id\":\"http:\\\/\\\/blog.proofs.de\\\/et\\\/jahrestagung-deutsche-farbwissenschaftliche-gesellschaft-vom-7-9-oktober-an-der-tu-dresden\\\/#breadcrumblist\"},\"author\":{\"@id\":\"http:\\\/\\\/blog.proofs.de\\\/et\\\/author\\\/mbetz\\\/#author\"},\"creator\":{\"@id\":\"http:\\\/\\\/blog.proofs.de\\\/et\\\/author\\\/mbetz\\\/#author\"},\"image\":{\"@type\":\"ImageObject\",\"url\":\"https:\\\/\\\/blog.proofs.de\\\/wp-content\\\/uploads\\\/2025\\\/09\\\/DfwG_logo_2023-1.png\",\"@id\":\"http:\\\/\\\/blog.proofs.de\\\/et\\\/jahrestagung-deutsche-farbwissenschaftliche-gesellschaft-vom-7-9-oktober-an-der-tu-dresden\\\/#mainImage\",\"width\":994,\"height\":600},\"primaryImageOfPage\":{\"@id\":\"http:\\\/\\\/blog.proofs.de\\\/et\\\/jahrestagung-deutsche-farbwissenschaftliche-gesellschaft-vom-7-9-oktober-an-der-tu-dresden\\\/#mainImage\"},\"datePublished\":\"2025-08-19T11:11:52+02:00\",\"dateModified\":\"2025-09-19T11:13:54+02:00\"},{\"@type\":\"WebSite\",\"@id\":\"http:\\\/\\\/blog.proofs.de\\\/et\\\/#website\",\"url\":\"http:\\\/\\\/blog.proofs.de\\\/et\\\/\",\"name\":\"Proof.de\",\"description\":\"Farbverbindlicher Proof, Farbproof, Digitalproof und Online-Proof.\",\"inLanguage\":\"et\",\"publisher\":{\"@id\":\"http:\\\/\\\/blog.proofs.de\\\/et\\\/#organization\"}}]}\n\t\t<\/script>\n\t\t<!-- All in One SEO -->\n\n","aioseo_head_json":{"title":"Saksa V\u00e4rviteaduse Seltsi aastakonverents 2025 | proof.de","description":"Saksa V\u00e4rviteaduse Seltsi aastakonverentsi 2025 Dresdenis toetab Proof GmbH \u00fcli\u00f5pilaste sponsorlusega.","canonical_url":"http:\/\/blog.proofs.de\/et\/jahrestagung-deutsche-farbwissenschaftliche-gesellschaft-vom-7-9-oktober-an-der-tu-dresden\/","robots":"max-image-preview:large","keywords":"deutsche farbwissenschaftliche gesellschaft,dfwg,farbwissenschaftliche gesellschaft","webmasterTools":{"google-site-verification":"TuXxyRwxcEg2-WfOaQ8vScWQh3-uBAnxXmY7g3GT90A","miscellaneous":"&lt;meta name=\"seobility\" content=\"593a8578143db71543f014978c690d47\"&gt;"},"schema":{"@context":"https:\/\/schema.org","@graph":[{"@type":"Article","@id":"http:\/\/blog.proofs.de\/et\/jahrestagung-deutsche-farbwissenschaftliche-gesellschaft-vom-7-9-oktober-an-der-tu-dresden\/#article","name":"Jahrestagung Deutsche farbwissenschaftliche Gesellschaft 2025 | proof.de","headline":"Jahrestagung Deutsche farbwissenschaftliche Gesellschaft vom 7.-9. Oktober an der TU Dresden","author":{"@id":"http:\/\/blog.proofs.de\/et\/author\/mbetz\/#author"},"publisher":{"@id":"http:\/\/blog.proofs.de\/et\/#organization"},"image":{"@type":"ImageObject","url":"https:\/\/blog.proofs.de\/wp-content\/uploads\/2025\/09\/DfwG_logo_2023-1.png","width":994,"height":600},"datePublished":"2025-08-19T11:11:52+02:00","dateModified":"2025-09-19T11:13:54+02:00","inLanguage":"et","mainEntityOfPage":{"@id":"http:\/\/blog.proofs.de\/et\/jahrestagung-deutsche-farbwissenschaftliche-gesellschaft-vom-7-9-oktober-an-der-tu-dresden\/#webpage"},"isPartOf":{"@id":"http:\/\/blog.proofs.de\/et\/jahrestagung-deutsche-farbwissenschaftliche-gesellschaft-vom-7-9-oktober-an-der-tu-dresden\/#webpage"},"articleSection":"Allgemein, Deutsche farbwissenschaftliche Gesellschaft, DfwG, farbwissenschaftliche Gesellschaft"},{"@type":"BreadcrumbList","@id":"http:\/\/blog.proofs.de\/et\/jahrestagung-deutsche-farbwissenschaftliche-gesellschaft-vom-7-9-oktober-an-der-tu-dresden\/#breadcrumblist","itemListElement":[{"@type":"ListItem","@id":"http:\/\/blog.proofs.de\/et#listItem","position":1,"name":"Home","item":"http:\/\/blog.proofs.de\/et","nextItem":{"@type":"ListItem","@id":"http:\/\/blog.proofs.de\/et\/thema\/allgemein\/#listItem","name":"Allgemein"}},{"@type":"ListItem","@id":"http:\/\/blog.proofs.de\/et\/thema\/allgemein\/#listItem","position":2,"name":"Allgemein","item":"http:\/\/blog.proofs.de\/et\/thema\/allgemein\/","nextItem":{"@type":"ListItem","@id":"http:\/\/blog.proofs.de\/et\/jahrestagung-deutsche-farbwissenschaftliche-gesellschaft-vom-7-9-oktober-an-der-tu-dresden\/#listItem","name":"Jahrestagung Deutsche farbwissenschaftliche Gesellschaft vom 7.-9. Oktober an der TU Dresden"},"previousItem":{"@type":"ListItem","@id":"http:\/\/blog.proofs.de\/et#listItem","name":"Home"}},{"@type":"ListItem","@id":"http:\/\/blog.proofs.de\/et\/jahrestagung-deutsche-farbwissenschaftliche-gesellschaft-vom-7-9-oktober-an-der-tu-dresden\/#listItem","position":3,"name":"Jahrestagung Deutsche farbwissenschaftliche Gesellschaft vom 7.-9. Oktober an der TU Dresden","previousItem":{"@type":"ListItem","@id":"http:\/\/blog.proofs.de\/et\/thema\/allgemein\/#listItem","name":"Allgemein"}}]},{"@type":"Organization","@id":"http:\/\/blog.proofs.de\/et\/#organization","name":"Proof GmbH","description":"Farbverbindlicher Proof, Farbproof, Digitalproof und Online-Proof.","url":"http:\/\/blog.proofs.de\/et\/","telephone":"+4970717952740","logo":{"@type":"ImageObject","url":"https:\/\/blog1.proofen.de\/wp-content\/uploads\/2019\/09\/logo_proof_rgb_mit_balken_250px.png","@id":"http:\/\/blog.proofs.de\/et\/jahrestagung-deutsche-farbwissenschaftliche-gesellschaft-vom-7-9-oktober-an-der-tu-dresden\/#organizationLogo"},"image":{"@id":"http:\/\/blog.proofs.de\/et\/jahrestagung-deutsche-farbwissenschaftliche-gesellschaft-vom-7-9-oktober-an-der-tu-dresden\/#organizationLogo"},"sameAs":["https:\/\/www.facebook.com\/Proof.de\/","https:\/\/www.instagram.com\/proof.de\/","https:\/\/www.tiktok.com\/@proof_de","https:\/\/www.youtube.com\/channel\/UCk80fQVQ25wC9wu3SywB-Nw","https:\/\/www.linkedin.com\/company\/proof-de"]},{"@type":"Person","@id":"http:\/\/blog.proofs.de\/et\/author\/mbetz\/#author","url":"http:\/\/blog.proofs.de\/et\/author\/mbetz\/","name":"Matthias Betz","image":{"@type":"ImageObject","@id":"http:\/\/blog.proofs.de\/et\/jahrestagung-deutsche-farbwissenschaftliche-gesellschaft-vom-7-9-oktober-an-der-tu-dresden\/#authorImage","url":"https:\/\/blog.proofs.de\/wp-content\/uploads\/2020\/10\/matthias-betz-e1603934518350-150x150.png","width":96,"height":96,"caption":"Matthias Betz"}},{"@type":"WebPage","@id":"http:\/\/blog.proofs.de\/et\/jahrestagung-deutsche-farbwissenschaftliche-gesellschaft-vom-7-9-oktober-an-der-tu-dresden\/#webpage","url":"http:\/\/blog.proofs.de\/et\/jahrestagung-deutsche-farbwissenschaftliche-gesellschaft-vom-7-9-oktober-an-der-tu-dresden\/","name":"Jahrestagung Deutsche farbwissenschaftliche Gesellschaft 2025 | proof.de","description":"Die Jahrestagung der Deutschen farbwissenschaftlichen Gesellschaft 2025 in Dresden wird vom der Proof GmbH mit einer Studierendenpatenschaft unterst\u00fctzt.","inLanguage":"et","isPartOf":{"@id":"http:\/\/blog.proofs.de\/et\/#website"},"breadcrumb":{"@id":"http:\/\/blog.proofs.de\/et\/jahrestagung-deutsche-farbwissenschaftliche-gesellschaft-vom-7-9-oktober-an-der-tu-dresden\/#breadcrumblist"},"author":{"@id":"http:\/\/blog.proofs.de\/et\/author\/mbetz\/#author"},"creator":{"@id":"http:\/\/blog.proofs.de\/et\/author\/mbetz\/#author"},"image":{"@type":"ImageObject","url":"https:\/\/blog.proofs.de\/wp-content\/uploads\/2025\/09\/DfwG_logo_2023-1.png","@id":"http:\/\/blog.proofs.de\/et\/jahrestagung-deutsche-farbwissenschaftliche-gesellschaft-vom-7-9-oktober-an-der-tu-dresden\/#mainImage","width":994,"height":600},"primaryImageOfPage":{"@id":"http:\/\/blog.proofs.de\/et\/jahrestagung-deutsche-farbwissenschaftliche-gesellschaft-vom-7-9-oktober-an-der-tu-dresden\/#mainImage"},"datePublished":"2025-08-19T11:11:52+02:00","dateModified":"2025-09-19T11:13:54+02:00"},{"@type":"WebSite","@id":"http:\/\/blog.proofs.de\/et\/#website","url":"http:\/\/blog.proofs.de\/et\/","name":"Proof.de","description":"Farbverbindlicher Proof, Farbproof, Digitalproof und Online-Proof.","inLanguage":"et","publisher":{"@id":"http:\/\/blog.proofs.de\/et\/#organization"}}]},"og:locale":"et_EE","og:site_name":"Proof.de | Alles zu Proof, Farbmanagement, Grafik, Messtechnik &amp; Co.","og:type":"article","og:title":"Jahrestagung Deutsche farbwissenschaftliche Gesellschaft 2025 | proof.de","og:description":"Die Jahrestagung der Deutschen farbwissenschaftlichen Gesellschaft 2025 in Dresden wird vom der Proof GmbH mit einer Studierendenpatenschaft unterst\u00fctzt.","og:url":"http:\/\/blog.proofs.de\/et\/jahrestagung-deutsche-farbwissenschaftliche-gesellschaft-vom-7-9-oktober-an-der-tu-dresden\/","og:image":"http:\/\/blog.proofs.de\/wp-content\/uploads\/2025\/09\/DfwG_logo_2023-1.png","og:image:width":994,"og:image:height":600,"article:published_time":"2025-08-19T09:11:52+00:00","article:modified_time":"2025-09-19T09:13:54+00:00","article:publisher":"https:\/\/www.facebook.com\/Proof.de\/","twitter:card":"summary","twitter:title":"Jahrestagung Deutsche farbwissenschaftliche Gesellschaft 2025 | proof.de","twitter:description":"Die Jahrestagung der Deutschen farbwissenschaftlichen Gesellschaft 2025 in Dresden wird vom der Proof GmbH mit einer Studierendenpatenschaft unterst\u00fctzt.","twitter:image":"https:\/\/blog.proofs.de\/wp-content\/uploads\/2025\/09\/DfwG_logo_2023-1.png"},"aioseo_meta_data":{"post_id":"6180","title":"Saksa V\u00e4rviteaduse Seltsi aastakonverents 2025 | proof.de","description":"Saksa V\u00e4rviteaduse Seltsi aastakonverentsi 2025 Dresdenis toetab Proof GmbH \u00fcli\u00f5pilaste sponsorlusega.","keywords":null,"keyphrases":{"focus":{"keyphrase":"","score":0,"analysis":{"keyphraseInTitle":{"score":0,"maxScore":9,"error":1}}},"additional":[]},"primary_term":null,"canonical_url":null,"og_title":null,"og_description":null,"og_object_type":"default","og_image_type":"default","og_image_url":null,"og_image_width":null,"og_image_height":null,"og_image_custom_url":null,"og_image_custom_fields":null,"og_video":"","og_custom_url":null,"og_article_section":null,"og_article_tags":null,"twitter_use_og":true,"twitter_card":"default","twitter_image_type":"default","twitter_image_url":null,"twitter_image_custom_url":null,"twitter_image_custom_fields":null,"twitter_title":null,"twitter_description":null,"schema":{"blockGraphs":[],"customGraphs":[],"default":{"data":{"Article":[],"Course":[],"Dataset":[],"FAQPage":[],"Movie":[],"Person":[],"Product":[],"ProductReview":[],"Car":[],"Recipe":[],"Service":[],"SoftwareApplication":[],"WebPage":[]},"graphName":"Article","isEnabled":true},"graphs":[]},"schema_type":"default","schema_type_options":null,"pillar_content":false,"robots_default":true,"robots_noindex":false,"robots_noarchive":false,"robots_nosnippet":false,"robots_nofollow":false,"robots_noimageindex":false,"robots_noodp":false,"robots_notranslate":false,"robots_max_snippet":"-1","robots_max_videopreview":"-1","robots_max_imagepreview":"large","priority":null,"frequency":"default","local_seo":null,"breadcrumb_settings":null,"limit_modified_date":false,"ai":{"faqs":[],"keyPoints":[],"titles":[],"descriptions":[],"socialPosts":{"email":[],"linkedin":[],"twitter":[],"facebook":[],"instagram":[]}},"created":"2025-09-19 08:41:45","updated":"2025-09-19 09:22:08","seo_analyzer_scan_date":null,"focus_keyword":null,"additional_keywords":null,"truseo_locale":null},"_links":{"self":[{"href":"http:\/\/blog.proofs.de\/et\/wp-json\/wp\/v2\/posts\/6180","targetHints":{"allow":["GET"]}}],"collection":[{"href":"http:\/\/blog.proofs.de\/et\/wp-json\/wp\/v2\/posts"}],"about":[{"href":"http:\/\/blog.proofs.de\/et\/wp-json\/wp\/v2\/types\/post"}],"author":[{"embeddable":true,"href":"http:\/\/blog.proofs.de\/et\/wp-json\/wp\/v2\/users\/2"}],"replies":[{"embeddable":true,"href":"http:\/\/blog.proofs.de\/et\/wp-json\/wp\/v2\/comments?post=6180"}],"version-history":[{"count":3,"href":"http:\/\/blog.proofs.de\/et\/wp-json\/wp\/v2\/posts\/6180\/revisions"}],"predecessor-version":[{"id":6185,"href":"http:\/\/blog.proofs.de\/et\/wp-json\/wp\/v2\/posts\/6180\/revisions\/6185"}],"wp:featuredmedia":[{"embeddable":true,"href":"http:\/\/blog.proofs.de\/et\/wp-json\/wp\/v2\/media\/6182"}],"wp:attachment":[{"href":"http:\/\/blog.proofs.de\/et\/wp-json\/wp\/v2\/media?parent=6180"}],"wp:term":[{"taxonomy":"category","embeddable":true,"href":"http:\/\/blog.proofs.de\/et\/wp-json\/wp\/v2\/categories?post=6180"},{"taxonomy":"post_tag","embeddable":true,"href":"http:\/\/blog.proofs.de\/et\/wp-json\/wp\/v2\/tags?post=6180"}],"curies":[{"name":"wp","href":"https:\/\/api.w.org\/{rel}","templated":true}]}}