{"id":2220,"date":"2018-11-12T01:15:25","date_gmt":"2018-11-12T00:15:25","guid":{"rendered":"http:\/\/www.proof.de\/?p=2220"},"modified":"2023-07-20T09:24:31","modified_gmt":"2023-07-20T07:24:31","slug":"adobe-vaeri-waehler-2019-desimaali-asemat-suunnittelussa-ja-kuvaajassa-mahdollinen","status":"publish","type":"post","link":"http:\/\/blog.proofs.de\/fi\/adobe-farbwaehler-2019-nachkommastellen-in-indesign-und-illustrator-moeglich\/","title":{"rendered":"Adobe Colour Picker 2019: Desimaalipaikat mahdollisia InDesignissa ja Illustratorissa"},"content":{"rendered":"<div class=\"kk-star-ratings kksr-auto kksr-align-right kksr-valign-top\" data-payload='{\"align\":\"right\",\"id\":\"2220\",\"slug\":\"default\",\"valign\":\"top\",\"ignore\":\"\",\"reference\":\"auto\",\"class\":\"\",\"count\":\"1\",\"legendonly\":\"\",\"readonly\":\"\",\"score\":\"3\",\"starsonly\":\"\",\"best\":\"5\",\"gap\":\"5\",\"greet\":\"Jetzt bewerten\",\"legend\":\"3\\\/5 - (1 vote)\",\"size\":\"24\",\"title\":\"Adobe Farbw&auml;hler 2019: Nachkommastellen in InDesign und Illustrator m&ouml;glich\",\"width\":\"84.5\",\"_legend\":\"{score}\\\/{best} - ({count} {votes})\",\"font_factor\":\"1.25\"}'>\n            \n<div class=\"kksr-stars\">\n    \n<div class=\"kksr-stars-inactive\">\n            <div class=\"kksr-star\" data-star=\"1\" style=\"padding-right: 5px\">\n            \n\n<div class=\"kksr-icon\" style=\"width: 24px; height: 24px;\"><\/div>\n        <\/div>\n            <div class=\"kksr-star\" data-star=\"2\" style=\"padding-right: 5px\">\n            \n\n<div class=\"kksr-icon\" style=\"width: 24px; height: 24px;\"><\/div>\n        <\/div>\n            <div class=\"kksr-star\" data-star=\"3\" style=\"padding-right: 5px\">\n            \n\n<div class=\"kksr-icon\" style=\"width: 24px; height: 24px;\"><\/div>\n        <\/div>\n            <div class=\"kksr-star\" data-star=\"4\" style=\"padding-right: 5px\">\n            \n\n<div class=\"kksr-icon\" style=\"width: 24px; height: 24px;\"><\/div>\n        <\/div>\n            <div class=\"kksr-star\" data-star=\"5\" style=\"padding-right: 5px\">\n            \n\n<div class=\"kksr-icon\" style=\"width: 24px; height: 24px;\"><\/div>\n        <\/div>\n    <\/div>\n    \n<div class=\"kksr-stars-active\" style=\"width: 84.5px;\">\n            <div class=\"kksr-star\" style=\"padding-right: 5px\">\n            \n\n<div class=\"kksr-icon\" style=\"width: 24px; height: 24px;\"><\/div>\n        <\/div>\n            <div class=\"kksr-star\" style=\"padding-right: 5px\">\n            \n\n<div class=\"kksr-icon\" style=\"width: 24px; height: 24px;\"><\/div>\n        <\/div>\n            <div class=\"kksr-star\" style=\"padding-right: 5px\">\n            \n\n<div class=\"kksr-icon\" style=\"width: 24px; height: 24px;\"><\/div>\n        <\/div>\n            <div class=\"kksr-star\" style=\"padding-right: 5px\">\n            \n\n<div class=\"kksr-icon\" style=\"width: 24px; height: 24px;\"><\/div>\n        <\/div>\n            <div class=\"kksr-star\" style=\"padding-right: 5px\">\n            \n\n<div class=\"kksr-icon\" style=\"width: 24px; height: 24px;\"><\/div>\n        <\/div>\n    <\/div>\n<\/div>\n                \n\n<div class=\"kksr-legend\" style=\"font-size: 19.2px;\">\n            3\/5 - (1 \u00e4\u00e4nestys)    <\/div>\n    <\/div>\n\n<p class=\"wp-block-paragraph\">Adobe on p\u00e4ivitt\u00e4nyt v\u00e4rivalitsimensa vuoden 2019 versiossa. Erityisesti Adobe InDesign 2019:ss\u00e4 v\u00e4rit ovat nyt saatavilla seuraaville asetuksille <a href=\"http:\/\/blog.proofs.de\/fi\/lexikon\/lab\/\" target=\"_self\" title=\"CIELAB tai LAB on matemaattinen v\u00e4rimalli, joka on vakiintunut kaikkialle, miss\u00e4 tarvitaan tarkkaa v\u00e4rilaskentaa. Tietokoneen v\u00e4rinhallinta toimii yleens\u00e4 CIELAB-mallin avulla.\" class=\"encyclopedia\">LAB<\/a> ja <a href=\"http:\/\/blog.proofs.de\/fi\/lexikon\/cmyk\/\" target=\"_self\" title='CMYK tarkoittaa nelj\u00e4\u00e4 painov\u00e4ri\u00e4: syaania, magentaa, keltaista (keltainen) ja &quot;avainta&quot; (musta tai musta osa).' class=\"encyclopedia\">CMYK<\/a> T\u00e4m\u00e4 on ominaisuus, jota on toivottu jo pitk\u00e4\u00e4n, erityisesti huippuluokan v\u00e4risektorilla. T\u00e4h\u00e4n asti Adobe InDesignissa on jo ollut mahdollista sy\u00f6tt\u00e4\u00e4 v\u00e4riarvoja, esimerkiksi CMYK:ssa, desimaaliarvoineen ja kirjoittaa ne PDF-tiedostoon PDF-viennin aikana, mutta vain kokonaislukuarvot n\u00e4ytettiin.<\/p>\n\n\n\n<p class=\"wp-block-paragraph\">Adobe InDesign 2019:ss\u00e4 voidaan nyt sy\u00f6tt\u00e4\u00e4 ja lukea kolme desimaalia LAB- ja CMYK-malleille. N\u00e4it\u00e4 arvoja ei kuitenkaan oteta k\u00e4ytt\u00f6\u00f6n v\u00e4rikenttien automaattisessa merkinn\u00e4ss\u00e4, vaikka sit\u00e4 voi aina s\u00e4\u00e4t\u00e4\u00e4 manuaalisesti.<\/p>\n\n\n<div class=\"wp-block-image\">\n<figure class=\"alignleft is-resized\"><a href=\"https:\/\/blog1.proofen.de\/wp-content\/uploads\/2018\/11\/Adobe_InDesign_2019_Farbw%C3%A4hler_CMYK_LAB_Eingabe_mit_Nachkommastellen.png\"><img loading=\"lazy\" decoding=\"async\" src=\"https:\/\/blog1.proofen.de\/wp-content\/uploads\/2018\/11\/Adobe_InDesign_2019_Farbw%C3%A4hler_CMYK_LAB_Eingabe_mit_Nachkommastellen-1024x557.png\" alt=\"Adobe InDesign 2019:ss\u00e4 CMYK- ja LAB-arvot voidaan nyt sy\u00f6tt\u00e4\u00e4 enint\u00e4\u00e4n kolmen desimaalin tarkkuudella.\" class=\"wp-image-2221\" width=\"512\" height=\"279\" srcset=\"https:\/\/blog.proofs.de\/wp-content\/uploads\/2018\/11\/Adobe_InDesign_2019_Farbw&auml;hler_CMYK_LAB_Eingabe_mit_Nachkommastellen-1024x557.png 1024w, https:\/\/blog.proofs.de\/wp-content\/uploads\/2018\/11\/Adobe_InDesign_2019_Farbw&auml;hler_CMYK_LAB_Eingabe_mit_Nachkommastellen-300x163.png 300w, https:\/\/blog.proofs.de\/wp-content\/uploads\/2018\/11\/Adobe_InDesign_2019_Farbw&auml;hler_CMYK_LAB_Eingabe_mit_Nachkommastellen-768x417.png 768w, https:\/\/blog.proofs.de\/wp-content\/uploads\/2018\/11\/Adobe_InDesign_2019_Farbw&auml;hler_CMYK_LAB_Eingabe_mit_Nachkommastellen-500x272.png 500w, https:\/\/blog.proofs.de\/wp-content\/uploads\/2018\/11\/Adobe_InDesign_2019_Farbw&auml;hler_CMYK_LAB_Eingabe_mit_Nachkommastellen.png 1560w\" sizes=\"auto, (max-width: 512px) 100vw, 512px\"><\/a><figcaption class=\"wp-element-caption\">Adobe InDesign 2019:ss\u00e4 CMYK- ja LAB-arvot voidaan nyt sy\u00f6tt\u00e4\u00e4 enint\u00e4\u00e4n kolmen desimaalin tarkkuudella.<\/figcaption><\/figure>\n<\/div>\n\n\n<p class=\"wp-block-paragraph\">Adobe Illustrator 2019:ss\u00e4 CMYK-merkinn\u00e4t, joissa on desimaalit, ovat nyt my\u00f6s mahdollisia, vaikka t\u00e4ss\u00e4 tapauksessa vain kaksi desimaalia on mahdollista. LAB:n osalta vain yksi kokonaislukumerkint\u00e4 on edelleen mahdollinen.<\/p>\n\n\n<div class=\"wp-block-image\">\n<figure class=\"alignleft is-resized\"><a href=\"https:\/\/blog1.proofen.de\/wp-content\/uploads\/2018\/11\/Adobe_Illustrator_2019_Farbw%C3%A4hler_CMYK_Eingabe_mit_Nachkommastellen.png\"><img loading=\"lazy\" decoding=\"async\" src=\"https:\/\/blog1.proofen.de\/wp-content\/uploads\/2018\/11\/Adobe_Illustrator_2019_Farbw%C3%A4hler_CMYK_Eingabe_mit_Nachkommastellen-1024x614.png\" alt=\"Adobe Illustrator 2019 -v\u00e4rinvalitsin CMYK-sy\u00f6tt\u00f6 kahdella desimaalilla\" class=\"wp-image-2223\" width=\"512\" height=\"307\" srcset=\"https:\/\/blog.proofs.de\/wp-content\/uploads\/2018\/11\/Adobe_Illustrator_2019_Farbw&auml;hler_CMYK_Eingabe_mit_Nachkommastellen-1024x614.png 1024w, https:\/\/blog.proofs.de\/wp-content\/uploads\/2018\/11\/Adobe_Illustrator_2019_Farbw&auml;hler_CMYK_Eingabe_mit_Nachkommastellen-300x180.png 300w, https:\/\/blog.proofs.de\/wp-content\/uploads\/2018\/11\/Adobe_Illustrator_2019_Farbw&auml;hler_CMYK_Eingabe_mit_Nachkommastellen-768x460.png 768w, https:\/\/blog.proofs.de\/wp-content\/uploads\/2018\/11\/Adobe_Illustrator_2019_Farbw&auml;hler_CMYK_Eingabe_mit_Nachkommastellen-500x300.png 500w, https:\/\/blog.proofs.de\/wp-content\/uploads\/2018\/11\/Adobe_Illustrator_2019_Farbw&auml;hler_CMYK_Eingabe_mit_Nachkommastellen.png 1468w\" sizes=\"auto, (max-width: 512px) 100vw, 512px\"><\/a><figcaption class=\"wp-element-caption\">Adobe Illustrator 2019 -v\u00e4rinvalitsin CMYK-sy\u00f6tt\u00f6 kahdella desimaalilla<\/figcaption><\/figure>\n<\/div>\n\n<div class=\"wp-block-image\">\n<figure class=\"alignleft is-resized\"><a href=\"https:\/\/blog1.proofen.de\/wp-content\/uploads\/2018\/11\/Adobe_Illustrator_2019_Farbw%C3%A4hler_LAB_Eingabe_ohne_Nachkommastellen.png\"><img loading=\"lazy\" decoding=\"async\" src=\"https:\/\/blog1.proofen.de\/wp-content\/uploads\/2018\/11\/Adobe_Illustrator_2019_Farbw%C3%A4hler_LAB_Eingabe_ohne_Nachkommastellen-1024x612.png\" alt=\"Adobe Illustrator 2019 -v\u00e4rinvalitsin LAB Sy\u00f6tt\u00f6 on mahdollista vain ilman desimaaleja\" class=\"wp-image-2222\" width=\"512\" height=\"306\" srcset=\"https:\/\/blog.proofs.de\/wp-content\/uploads\/2018\/11\/Adobe_Illustrator_2019_Farbw&auml;hler_LAB_Eingabe_ohne_Nachkommastellen-1024x612.png 1024w, https:\/\/blog.proofs.de\/wp-content\/uploads\/2018\/11\/Adobe_Illustrator_2019_Farbw&auml;hler_LAB_Eingabe_ohne_Nachkommastellen-300x179.png 300w, https:\/\/blog.proofs.de\/wp-content\/uploads\/2018\/11\/Adobe_Illustrator_2019_Farbw&auml;hler_LAB_Eingabe_ohne_Nachkommastellen-768x459.png 768w, https:\/\/blog.proofs.de\/wp-content\/uploads\/2018\/11\/Adobe_Illustrator_2019_Farbw&auml;hler_LAB_Eingabe_ohne_Nachkommastellen-500x300.png 500w, https:\/\/blog.proofs.de\/wp-content\/uploads\/2018\/11\/Adobe_Illustrator_2019_Farbw&auml;hler_LAB_Eingabe_ohne_Nachkommastellen.png 1460w\" sizes=\"auto, (max-width: 512px) 100vw, 512px\"><\/a><figcaption class=\"wp-element-caption\">Adobe Illustrator 2019 -v\u00e4rinvalitsin LAB Sy\u00f6tt\u00f6 mahdollista vain ilman desimaaleja.<\/figcaption><\/figure>\n<\/div>\n\n\n<p class=\"wp-block-paragraph\"><a href=\"http:\/\/blog.proofs.de\/fi\/lexikon\/led\/\" target=\"_self\" title='LED tarkoittaa &quot;valoa s\u00e4teilev\u00e4\u00e4 diodia&quot;, ja grafiikkateollisuudessa se tarkoittaa uutta &quot;LED&quot;-valoa, joka on korvannut vanhemmat valonl\u00e4hteet, kuten neonputket ja volframilamput. Neonputket tunnetaan p\u00e4\u00e4asiassa D50- tai D65-standardivaloalueelta, kun taas volframivalonl\u00e4hteit\u00e4 k\u00e4ytettiin p\u00e4\u00e4asiassa v\u00e4rinmittauslaitteissa, kuten spektrofotometreiss\u00e4 ja kolorimetreiss\u00e4.....' class=\"encyclopedia\">Led<\/a>Ainoastaan Adobe Photoshop ei edelleenk\u00e4\u00e4n salli desimaalilukuja, vaan ainoastaan kokonaislukuja riippumatta siit\u00e4, onko tiedosto luotu 8- vai 16-bittisen\u00e4. T\u00e4m\u00e4 koskee my\u00f6s LAB:ia, <a href=\"http:\/\/blog.proofs.de\/fi\/lexikon\/rgb\/\" target=\"_self\" title=\"RGB tarkoittaa v\u00e4rej\u00e4 punainen, vihre\u00e4 ja sininen. Ihmisen v\u00e4rin\u00e4k\u00f6 perustuu n\u00e4ihin v\u00e4reihin.\" class=\"encyclopedia\">RGB<\/a>CMYK- ja harmaas\u00e4vyj\u00e4 yht\u00e4 lailla: Ei <a href=\"http:\/\/blog.proofs.de\/fi\/lexikon\/farbsystem\/\" target=\"_self\" title=\"V\u00e4rij\u00e4rjestelm\u00e4 (tai v\u00e4rimalli) on abstrakti matemaattinen menetelm\u00e4 v\u00e4rien ja niiden keskin\u00e4isten suhteiden m\u00e4\u00e4ritt\u00e4miseksi ja m\u00e4\u00e4rittelemiseksi. Se rinnastetaan usein v\u00e4riavaruuteen, joka on kuitenkin v\u00e4rij\u00e4rjestelm\u00e4n konkreettinen sovellus v\u00e4rej\u00e4 tuottavaan menetelm\u00e4\u00e4n (tulostimeen, n\u00e4ytt\u00f6\u00f6n jne.).\" class=\"encyclopedia\">V\u00e4rij\u00e4rjestelm\u00e4<\/a> merkint\u00e4, jossa on desimaaleja, on sallittu.<\/p>\n\n\n\n<p class=\"wp-block-paragraph\">Miksi Adobe k\u00e4ytt\u00e4\u00e4 joissakin ohjelmistoratkaisuissa vain desimaalipisteit\u00e4 v\u00e4ripisteille?<a href=\"http:\/\/blog.proofs.de\/fi\/lexikon\/efi\/\" target=\"_self\" title=\"Electronics For Imaging Inc., lyhyesti EFI, on yhdysvaltalainen yritys, joka valmistaa yht\u00e4 maailman johtavista proofausj\u00e4rjestelmist\u00e4: EFI Colorproof XF, vuodesta 2013 alkaen Fiery XF. EFI on suurten tulostusj\u00e4rjestelmien, RIP:ien ja v\u00e4rinhallintaratkaisujen, kuten vedostuksen, ratkaisutoimittaja.\" class=\"encyclopedia\">efi<\/a>nitions ei ole aivan selv\u00e4\u00e4. InDesign on kuitenkin selv\u00e4sti vahvemmassa asemassa kuin Photoshop ja Illustrator; mahdollisesti siksi, ett\u00e4 se on viimeinen ohjelmisto tuotantoketjussa, jonka on koottava tietoja monista eri l\u00e4hteist\u00e4, joten siihen sovelletaan korkeimpia vaatimuksia.<\/p>\n\n\n\n<p class=\"wp-block-paragraph\">ASE-v\u00e4rikentt\u00e4tietojen tuontia ei nopeutettu freieFarbe e.V.:n 2040-v\u00e4rikentti\u00e4. <a href=\"http:\/\/blog.proofs.de\/fi\/lexikon\/cielab\/\" target=\"_self\" title=\"CIELAB-v\u00e4rimalli m\u00e4\u00e4riteltiin vuonna 1976 Commission Internationale de l&#039;Eclairage -j\u00e4rjest\u00f6n toimesta, ja se kuvaa kaikkia havaittavia v\u00e4rej\u00e4. Se on jatkokehitys Hunter-LAB-v\u00e4riasteikosta vuodelta 1966 ja matemaattinen v\u00e4rimalli, jossa kohteen spektriominaisuudet ja n\u00e4k\u00f6j\u00e4rjestelm\u00e4mme havainto-ominaisuudet on suhteutettu toisiinsa. CIELAB, tai lyhyesti LAB, on edelleen laajalti k\u00e4yt\u00f6ss\u00e4....\" class=\"encyclopedia\">CIELAB<\/a> <a href=\"http:\/\/blog.proofs.de\/fi\/lexikon\/hlc\/\" target=\"_self\" title=\"HLC on hyvin ymm\u00e4rrett\u00e4v\u00e4 CIELAB-v\u00e4riavaruuden esitys. Pystysuora L-akseli on t\u00e4ss\u00e4 sama. V\u00e4ripaikan vaakasuora sijainti m\u00e4\u00e4r\u00e4ytyy positiiviseen a-akseliin n\u00e4hden kulman H (vastap\u00e4iv\u00e4\u00e4n ja asteina) ja s\u00e4teen C eli et\u00e4isyyden L-akseliin mukaan.\" class=\"encyclopedia\">HLC<\/a> v\u00e4riatlas kest\u00e4\u00e4 l\u00e4hes 2 minuuttia jopa nykyisell\u00e4 Macbook Prolla. V\u00e4rilaatat n\u00e4ytet\u00e4\u00e4n nyt kuitenkin t\u00e4ydellisin\u00e4 desimaaliarvoina, mik\u00e4 on todellinen parannus k\u00e4ytt\u00e4j\u00e4lle, joka on riippuvainen my\u00f6s eritt\u00e4in tarkoista v\u00e4ritiedoista.<\/p>\n\n\n<div class=\"wp-block-image\">\n<figure class=\"alignleft\"><a href=\"https:\/\/blog1.proofen.de\/wp-content\/uploads\/2018\/11\/Adobe_Photoshop_2019_Farbw%C3%A4hler_CMYK_LAB_Eingabe_ohne_Nachkommastellen.png\"><img loading=\"lazy\" decoding=\"async\" width=\"1024\" height=\"788\" src=\"https:\/\/blog1.proofen.de\/wp-content\/uploads\/2018\/11\/Adobe_Photoshop_2019_Farbw%C3%A4hler_CMYK_LAB_Eingabe_ohne_Nachkommastellen-1024x788.png\" alt=\"Adobe Photoshop 2019 -v\u00e4rinvalitsin CMYK LAB-sy\u00f6tt\u00f6 ilman desimaaleja\" class=\"wp-image-2224\" srcset=\"https:\/\/blog.proofs.de\/wp-content\/uploads\/2018\/11\/Adobe_Photoshop_2019_Farbw&auml;hler_CMYK_LAB_Eingabe_ohne_Nachkommastellen-1024x788.png 1024w, https:\/\/blog.proofs.de\/wp-content\/uploads\/2018\/11\/Adobe_Photoshop_2019_Farbw&auml;hler_CMYK_LAB_Eingabe_ohne_Nachkommastellen-300x231.png 300w, https:\/\/blog.proofs.de\/wp-content\/uploads\/2018\/11\/Adobe_Photoshop_2019_Farbw&auml;hler_CMYK_LAB_Eingabe_ohne_Nachkommastellen-768x591.png 768w, https:\/\/blog.proofs.de\/wp-content\/uploads\/2018\/11\/Adobe_Photoshop_2019_Farbw&auml;hler_CMYK_LAB_Eingabe_ohne_Nachkommastellen-390x300.png 390w, https:\/\/blog.proofs.de\/wp-content\/uploads\/2018\/11\/Adobe_Photoshop_2019_Farbw&auml;hler_CMYK_LAB_Eingabe_ohne_Nachkommastellen.png 1258w\" sizes=\"auto, (max-width: 1024px) 100vw, 1024px\"><\/a><figcaption class=\"wp-element-caption\">Adobe Photoshop 2019 -v\u00e4rinvalitsin CMYK LAB-sy\u00f6tt\u00f6 ilman desimaaleja<\/figcaption><\/figure>\n<\/div>\n\n<div class=\"wp-block-image\">\n<figure class=\"alignleft\"><a href=\"https:\/\/blog1.proofen.de\/wp-content\/uploads\/2018\/11\/Adobe_InDesign_2019_Import_von_freieFarbe_CIELAB_HLC_Farbatlas_ASE_Farbwerten_in_LAB.png\"><img loading=\"lazy\" decoding=\"async\" width=\"1024\" height=\"589\" src=\"https:\/\/blog1.proofen.de\/wp-content\/uploads\/2018\/11\/Adobe_InDesign_2019_Import_von_freieFarbe_CIELAB_HLC_Farbatlas_ASE_Farbwerten_in_LAB-1024x589.png\" alt=\"Adobe InDesign 2019 Tuo freeColour CIELAB HLC-v\u00e4riatlas ASE-v\u00e4riarvot LAB:iin.\" class=\"wp-image-2226\" srcset=\"https:\/\/blog.proofs.de\/wp-content\/uploads\/2018\/11\/Adobe_InDesign_2019_Import_von_freieFarbe_CIELAB_HLC_Farbatlas_ASE_Farbwerten_in_LAB-1024x589.png 1024w, https:\/\/blog.proofs.de\/wp-content\/uploads\/2018\/11\/Adobe_InDesign_2019_Import_von_freieFarbe_CIELAB_HLC_Farbatlas_ASE_Farbwerten_in_LAB-300x173.png 300w, https:\/\/blog.proofs.de\/wp-content\/uploads\/2018\/11\/Adobe_InDesign_2019_Import_von_freieFarbe_CIELAB_HLC_Farbatlas_ASE_Farbwerten_in_LAB-768x442.png 768w, https:\/\/blog.proofs.de\/wp-content\/uploads\/2018\/11\/Adobe_InDesign_2019_Import_von_freieFarbe_CIELAB_HLC_Farbatlas_ASE_Farbwerten_in_LAB-500x288.png 500w, https:\/\/blog.proofs.de\/wp-content\/uploads\/2018\/11\/Adobe_InDesign_2019_Import_von_freieFarbe_CIELAB_HLC_Farbatlas_ASE_Farbwerten_in_LAB.png 1546w\" sizes=\"auto, (max-width: 1024px) 100vw, 1024px\"><\/a><figcaption class=\"wp-element-caption\">Adobe InDesign 2019 Tuo freeColour CIELAB HLC-v\u00e4riatlas ASE-v\u00e4riarvot LAB:iin.<\/figcaption><\/figure>\n<\/div>","protected":false},"excerpt":{"rendered":"<p>Adobe on p\u00e4ivitt\u00e4nyt v\u00e4rivalitsimensa vuoden 2019 versiossa. Erityisesti Adobe InDesign 2019:ss\u00e4 LAB- ja CMYK-v\u00e4rien sy\u00f6tt\u00e4misess\u00e4 on nyt mahdollista k\u00e4ytt\u00e4\u00e4 desimaalipisteit\u00e4, mik\u00e4 on ollut pitk\u00e4\u00e4n toivottu ominaisuus erityisesti korkealuokkaisilla v\u00e4risektoreilla. Aiemmin Adobe InDesignissa oli jo mahdollista sy\u00f6tt\u00e4\u00e4 v\u00e4riarvoja, esimerkiksi CMYK:ssa, desimaaleilla ja kirjoittaa ne PDF-tiedostoon PDF-viennin aikana, mutta n\u00e4yt\u00f6lle tuli aina vain kokonaislukuarvoja. Adobe InDesign 2019:ss\u00e4 voidaan nyt sy\u00f6tt\u00e4\u00e4 kolme desimaalia LAB- ja CMYK-arvoille ja my\u00f6s lukea ne uudelleen. Automaattisen ... <\/p>\n<p class=\"read-more-container\"><a title=\"Adobe Colour Picker 2019: Desimaalipaikat mahdollisia InDesignissa ja Illustratorissa\" class=\"read-more button\" href=\"http:\/\/blog.proofs.de\/fi\/adobe-farbwaehler-2019-nachkommastellen-in-indesign-und-illustrator-moeglich\/#more-2220\" aria-label=\"Lue lis\u00e4\u00e4 aiheesta Adobe Colour Picker 2019: Desimaalipaikat mahdollisia InDesignissa ja Illustratorissa\">Lue lis\u00e4\u00e4<\/a><\/p>","protected":false},"author":2,"featured_media":2223,"comment_status":"open","ping_status":"open","sticky":false,"template":"","format":"standard","meta":{"om_disable_all_campaigns":false,"inline_featured_image":false,"_monsterinsights_skip_tracking":false,"footnotes":""},"categories":[1,441],"tags":[553,706,529,825,824,709,708,820,823,819,822,230,826,821],"class_list":["post-2220","post","type-post","status-publish","format-standard","has-post-thumbnail","hentry","category-allgemein","category-layout-tipps-und-tricks","tag-adobe","tag-cielab","tag-cmyk","tag-dezimalstellen","tag-farbwaehler","tag-hlc-colour-atlas","tag-hlc-farbatlas","tag-illustator","tag-illustrator-2019","tag-indesign","tag-indesign-2019","tag-lab","tag-nachkommastellen","tag-photoshop","generate-columns","tablet-grid-50","mobile-grid-100","grid-parent","grid-50","no-featured-image-padding","resize-featured-image"],"aioseo_notices":[],"aioseo_head":"\n\t\t<!-- All in One SEO 5.0.1.1 - aioseo.com -->\n\t<meta name=\"description\" content=\"Adobe aktualisiert in der 2019er Version den Farbw\u00e4hler. In InDesign sind jetzt f\u00fcr LAB und CMYK Nachkommastellen m\u00f6glich, wichtig f\u00fcr den HighEnd Farbbereich.\" \/>\n\t<meta name=\"robots\" content=\"max-image-preview:large\" \/>\n\t<meta name=\"author\" content=\"Matthias Betz\"\/>\n\t<meta name=\"google-site-verification\" content=\"TuXxyRwxcEg2-WfOaQ8vScWQh3-uBAnxXmY7g3GT90A\" \/>\n\t<meta name=\"keywords\" content=\"adobe,indesign,illustator,photoshop,indesign 2019,illustrator 2019,indesign 2019,farbw\u00e4hler,lab,cmyk,dezimalstellen,nachkommastellen,cielab,hlc farbatlas,hlc colour atlas,adobe,cielab,cmyk,dezimalstellen,farbw\u00e4hler,hlc colour atlas,hlc farbatlas,illustator,illustrator 2019,indesign,indesign 2019,lab,nachkommastellen,photoshop\" \/>\n\t<link rel=\"canonical\" href=\"http:\/\/blog.proofs.de\/fi\/adobe-farbwaehler-2019-nachkommastellen-in-indesign-und-illustrator-moeglich\/\" \/>\n\t<meta name=\"generator\" content=\"All in One SEO (AIOSEO) 5.0.1.1\" \/>\n\n\t\t<meta name=\"seobility\" content=\"593a8578143db71543f014978c690d47\">\n\t\t<meta property=\"og:locale\" content=\"fi_FI\" \/>\n\t\t<meta property=\"og:site_name\" content=\"Proof.de | Alles zu Proof, Farbmanagement, Grafik, Messtechnik &amp; Co.\" \/>\n\t\t<meta property=\"og:type\" content=\"article\" \/>\n\t\t<meta property=\"og:title\" content=\"Adobe Farbw\u00e4hler: Komma in InDesign\/Illustrator | proof.de\" \/>\n\t\t<meta property=\"og:description\" content=\"Adobe aktualisiert in der 2019er Version den Farbw\u00e4hler. In InDesign sind jetzt f\u00fcr LAB und CMYK Nachkommastellen m\u00f6glich, wichtig f\u00fcr den HighEnd Farbbereich.\" \/>\n\t\t<meta property=\"og:url\" content=\"http:\/\/blog.proofs.de\/fi\/adobe-farbwaehler-2019-nachkommastellen-in-indesign-und-illustrator-moeglich\/\" \/>\n\t\t<meta property=\"og:image\" content=\"http:\/\/blog.proofs.de\/wp-content\/uploads\/2018\/11\/Adobe_Illustrator_2019_Farbw\u00e4hler_CMYK_Eingabe_mit_Nachkommastellen.png\" \/>\n\t\t<meta property=\"og:image:width\" content=\"1468\" \/>\n\t\t<meta property=\"og:image:height\" content=\"880\" \/>\n\t\t<meta property=\"article:published_time\" content=\"2018-11-12T00:15:25+00:00\" \/>\n\t\t<meta property=\"article:modified_time\" content=\"2023-07-20T07:24:31+00:00\" \/>\n\t\t<meta property=\"article:publisher\" content=\"https:\/\/www.facebook.com\/Proof.de\/\" \/>\n\t\t<meta name=\"twitter:card\" content=\"summary\" \/>\n\t\t<meta name=\"twitter:title\" content=\"Adobe Farbw\u00e4hler: Komma in InDesign\/Illustrator | proof.de\" \/>\n\t\t<meta name=\"twitter:description\" content=\"Adobe aktualisiert in der 2019er Version den Farbw\u00e4hler. In InDesign sind jetzt f\u00fcr LAB und CMYK Nachkommastellen m\u00f6glich, wichtig f\u00fcr den HighEnd Farbbereich.\" \/>\n\t\t<meta name=\"twitter:image\" content=\"https:\/\/blog1.proofen.de\/wp-content\/uploads\/2020\/04\/proof_background.jpg\" \/>\n\t\t<script type=\"application\/ld+json\" class=\"aioseo-schema\">\n\t\t\t{\"@context\":\"https:\\\/\\\/schema.org\",\"@graph\":[{\"@type\":\"Article\",\"@id\":\"http:\\\/\\\/blog.proofs.de\\\/fi\\\/adobe-farbwaehler-2019-nachkommastellen-in-indesign-und-illustrator-moeglich\\\/#article\",\"name\":\"Adobe Farbw\\u00e4hler: Komma in InDesign\\\/Illustrator | proof.de\",\"headline\":\"Adobe Farbw\\u00e4hler 2019: Nachkommastellen in InDesign und Illustrator m\\u00f6glich\",\"author\":{\"@id\":\"http:\\\/\\\/blog.proofs.de\\\/fi\\\/author\\\/mbetz\\\/#author\"},\"publisher\":{\"@id\":\"http:\\\/\\\/blog.proofs.de\\\/fi\\\/#organization\"},\"image\":{\"@type\":\"ImageObject\",\"url\":\"https:\\\/\\\/blog.proofs.de\\\/wp-content\\\/uploads\\\/2018\\\/11\\\/Adobe_Illustrator_2019_Farbw\\u00e4hler_CMYK_Eingabe_mit_Nachkommastellen.png\",\"width\":1468,\"height\":880,\"caption\":\"Adobe Illustrator 2019 Farbw\\u00e4hler CMYK Eingabe mit zwei Nachkommastellen\"},\"datePublished\":\"2018-11-12T01:15:25+01:00\",\"dateModified\":\"2023-07-20T09:24:31+02:00\",\"inLanguage\":\"fi\",\"mainEntityOfPage\":{\"@id\":\"http:\\\/\\\/blog.proofs.de\\\/fi\\\/adobe-farbwaehler-2019-nachkommastellen-in-indesign-und-illustrator-moeglich\\\/#webpage\"},\"isPartOf\":{\"@id\":\"http:\\\/\\\/blog.proofs.de\\\/fi\\\/adobe-farbwaehler-2019-nachkommastellen-in-indesign-und-illustrator-moeglich\\\/#webpage\"},\"articleSection\":\"Allgemein, Layout Tipps, Adobe, CIELAB, CMYK, Dezimalstellen, Farbw\\u00e4hler, HLC Colour Atlas, HLC Farbatlas, Illustator, Illustrator 2019, InDesign, InDesign 2019, LAB, Nachkommastellen, Photoshop\"},{\"@type\":\"BreadcrumbList\",\"@id\":\"http:\\\/\\\/blog.proofs.de\\\/fi\\\/adobe-farbwaehler-2019-nachkommastellen-in-indesign-und-illustrator-moeglich\\\/#breadcrumblist\",\"itemListElement\":[{\"@type\":\"ListItem\",\"@id\":\"http:\\\/\\\/blog.proofs.de\\\/fi#listItem\",\"position\":1,\"name\":\"Home\",\"item\":\"http:\\\/\\\/blog.proofs.de\\\/fi\",\"nextItem\":{\"@type\":\"ListItem\",\"@id\":\"http:\\\/\\\/blog.proofs.de\\\/fi\\\/thema\\\/proof-wissen\\\/#listItem\",\"name\":\"Proof Wissen\"}},{\"@type\":\"ListItem\",\"@id\":\"http:\\\/\\\/blog.proofs.de\\\/fi\\\/thema\\\/proof-wissen\\\/#listItem\",\"position\":2,\"name\":\"Proof Wissen\",\"item\":\"http:\\\/\\\/blog.proofs.de\\\/fi\\\/thema\\\/proof-wissen\\\/\",\"nextItem\":{\"@type\":\"ListItem\",\"@id\":\"http:\\\/\\\/blog.proofs.de\\\/fi\\\/thema\\\/proof-wissen\\\/layout-tipps-und-tricks\\\/#listItem\",\"name\":\"Layout Tipps\"},\"previousItem\":{\"@type\":\"ListItem\",\"@id\":\"http:\\\/\\\/blog.proofs.de\\\/fi#listItem\",\"name\":\"Home\"}},{\"@type\":\"ListItem\",\"@id\":\"http:\\\/\\\/blog.proofs.de\\\/fi\\\/thema\\\/proof-wissen\\\/layout-tipps-und-tricks\\\/#listItem\",\"position\":3,\"name\":\"Layout Tipps\",\"item\":\"http:\\\/\\\/blog.proofs.de\\\/fi\\\/thema\\\/proof-wissen\\\/layout-tipps-und-tricks\\\/\",\"nextItem\":{\"@type\":\"ListItem\",\"@id\":\"http:\\\/\\\/blog.proofs.de\\\/fi\\\/adobe-farbwaehler-2019-nachkommastellen-in-indesign-und-illustrator-moeglich\\\/#listItem\",\"name\":\"Adobe Farbw\\u00e4hler 2019: Nachkommastellen in InDesign und Illustrator m\\u00f6glich\"},\"previousItem\":{\"@type\":\"ListItem\",\"@id\":\"http:\\\/\\\/blog.proofs.de\\\/fi\\\/thema\\\/proof-wissen\\\/#listItem\",\"name\":\"Proof Wissen\"}},{\"@type\":\"ListItem\",\"@id\":\"http:\\\/\\\/blog.proofs.de\\\/fi\\\/adobe-farbwaehler-2019-nachkommastellen-in-indesign-und-illustrator-moeglich\\\/#listItem\",\"position\":4,\"name\":\"Adobe Farbw\\u00e4hler 2019: Nachkommastellen in InDesign und Illustrator m\\u00f6glich\",\"previousItem\":{\"@type\":\"ListItem\",\"@id\":\"http:\\\/\\\/blog.proofs.de\\\/fi\\\/thema\\\/proof-wissen\\\/layout-tipps-und-tricks\\\/#listItem\",\"name\":\"Layout Tipps\"}}]},{\"@type\":\"Organization\",\"@id\":\"http:\\\/\\\/blog.proofs.de\\\/fi\\\/#organization\",\"name\":\"Proof GmbH\",\"description\":\"Farbverbindlicher Proof, Farbproof, Digitalproof und Online-Proof.\",\"url\":\"http:\\\/\\\/blog.proofs.de\\\/fi\\\/\",\"telephone\":\"+4970717952740\",\"logo\":{\"@type\":\"ImageObject\",\"url\":\"https:\\\/\\\/blog1.proofen.de\\\/wp-content\\\/uploads\\\/2019\\\/09\\\/logo_proof_rgb_mit_balken_250px.png\",\"@id\":\"http:\\\/\\\/blog.proofs.de\\\/fi\\\/adobe-farbwaehler-2019-nachkommastellen-in-indesign-und-illustrator-moeglich\\\/#organizationLogo\"},\"image\":{\"@id\":\"http:\\\/\\\/blog.proofs.de\\\/fi\\\/adobe-farbwaehler-2019-nachkommastellen-in-indesign-und-illustrator-moeglich\\\/#organizationLogo\"},\"sameAs\":[\"https:\\\/\\\/www.facebook.com\\\/Proof.de\\\/\",\"https:\\\/\\\/www.instagram.com\\\/proof.de\\\/\",\"https:\\\/\\\/www.tiktok.com\\\/@proof_de\",\"https:\\\/\\\/www.youtube.com\\\/channel\\\/UCk80fQVQ25wC9wu3SywB-Nw\",\"https:\\\/\\\/www.linkedin.com\\\/company\\\/proof-de\"]},{\"@type\":\"Person\",\"@id\":\"http:\\\/\\\/blog.proofs.de\\\/fi\\\/author\\\/mbetz\\\/#author\",\"url\":\"http:\\\/\\\/blog.proofs.de\\\/fi\\\/author\\\/mbetz\\\/\",\"name\":\"Matthias Betz\",\"image\":{\"@type\":\"ImageObject\",\"@id\":\"http:\\\/\\\/blog.proofs.de\\\/fi\\\/adobe-farbwaehler-2019-nachkommastellen-in-indesign-und-illustrator-moeglich\\\/#authorImage\",\"url\":\"https:\\\/\\\/blog.proofs.de\\\/wp-content\\\/uploads\\\/2020\\\/10\\\/matthias-betz-e1603934518350-150x150.png\",\"width\":96,\"height\":96,\"caption\":\"Matthias Betz\"}},{\"@type\":\"WebPage\",\"@id\":\"http:\\\/\\\/blog.proofs.de\\\/fi\\\/adobe-farbwaehler-2019-nachkommastellen-in-indesign-und-illustrator-moeglich\\\/#webpage\",\"url\":\"http:\\\/\\\/blog.proofs.de\\\/fi\\\/adobe-farbwaehler-2019-nachkommastellen-in-indesign-und-illustrator-moeglich\\\/\",\"name\":\"Adobe Farbw\\u00e4hler: Komma in InDesign\\\/Illustrator | proof.de\",\"description\":\"Adobe aktualisiert in der 2019er Version den Farbw\\u00e4hler. In InDesign sind jetzt f\\u00fcr LAB und CMYK Nachkommastellen m\\u00f6glich, wichtig f\\u00fcr den HighEnd Farbbereich.\",\"inLanguage\":\"fi\",\"isPartOf\":{\"@id\":\"http:\\\/\\\/blog.proofs.de\\\/fi\\\/#website\"},\"breadcrumb\":{\"@id\":\"http:\\\/\\\/blog.proofs.de\\\/fi\\\/adobe-farbwaehler-2019-nachkommastellen-in-indesign-und-illustrator-moeglich\\\/#breadcrumblist\"},\"author\":{\"@id\":\"http:\\\/\\\/blog.proofs.de\\\/fi\\\/author\\\/mbetz\\\/#author\"},\"creator\":{\"@id\":\"http:\\\/\\\/blog.proofs.de\\\/fi\\\/author\\\/mbetz\\\/#author\"},\"image\":{\"@type\":\"ImageObject\",\"url\":\"https:\\\/\\\/blog.proofs.de\\\/wp-content\\\/uploads\\\/2018\\\/11\\\/Adobe_Illustrator_2019_Farbw\\u00e4hler_CMYK_Eingabe_mit_Nachkommastellen.png\",\"@id\":\"http:\\\/\\\/blog.proofs.de\\\/fi\\\/adobe-farbwaehler-2019-nachkommastellen-in-indesign-und-illustrator-moeglich\\\/#mainImage\",\"width\":1468,\"height\":880,\"caption\":\"Adobe Illustrator 2019 Farbw\\u00e4hler CMYK Eingabe mit zwei Nachkommastellen\"},\"primaryImageOfPage\":{\"@id\":\"http:\\\/\\\/blog.proofs.de\\\/fi\\\/adobe-farbwaehler-2019-nachkommastellen-in-indesign-und-illustrator-moeglich\\\/#mainImage\"},\"datePublished\":\"2018-11-12T01:15:25+01:00\",\"dateModified\":\"2023-07-20T09:24:31+02:00\"},{\"@type\":\"WebSite\",\"@id\":\"http:\\\/\\\/blog.proofs.de\\\/fi\\\/#website\",\"url\":\"http:\\\/\\\/blog.proofs.de\\\/fi\\\/\",\"name\":\"Proof.de\",\"description\":\"Farbverbindlicher Proof, Farbproof, Digitalproof und Online-Proof.\",\"inLanguage\":\"fi\",\"publisher\":{\"@id\":\"http:\\\/\\\/blog.proofs.de\\\/fi\\\/#organization\"}}]}\n\t\t<\/script>\n\t\t<!-- All in One SEO -->\n\n","aioseo_head_json":{"title":"Adobe Colour Picker: pilkku InDesignissa\/Illustratorissa | proof.de","description":"Adobe p\u00e4ivitt\u00e4\u00e4 v\u00e4rivalitsimen vuoden 2019 versiossa. InDesignissa on nyt mahdollista k\u00e4ytt\u00e4\u00e4 desimaaleja LAB- ja CMYK-v\u00e4reiss\u00e4, mik\u00e4 on t\u00e4rke\u00e4\u00e4 huippuluokan v\u00e4rivalikoiman kannalta.","canonical_url":"http:\/\/blog.proofs.de\/fi\/adobe-farbwaehler-2019-nachkommastellen-in-indesign-und-illustrator-moeglich\/","robots":"max-image-preview:large","keywords":"adobe,indesign,illustator,photoshop,indesign 2019,illustrator 2019,indesign 2019,farbw\u00e4hler,lab,cmyk,dezimalstellen,nachkommastellen,cielab,hlc farbatlas,hlc colour atlas,adobe,cielab,cmyk,dezimalstellen,farbw\u00e4hler,hlc colour atlas,hlc farbatlas,illustator,illustrator 2019,indesign,indesign 2019,lab,nachkommastellen,photoshop","webmasterTools":{"google-site-verification":"TuXxyRwxcEg2-WfOaQ8vScWQh3-uBAnxXmY7g3GT90A","miscellaneous":"&lt;meta name=\"seobility\" content=\"593a8578143db71543f014978c690d47\"&gt;"},"schema":{"@context":"https:\/\/schema.org","@graph":[{"@type":"Article","@id":"http:\/\/blog.proofs.de\/fi\/adobe-farbwaehler-2019-nachkommastellen-in-indesign-und-illustrator-moeglich\/#article","name":"Adobe Farbw\u00e4hler: Komma in InDesign\/Illustrator | proof.de","headline":"Adobe Farbw\u00e4hler 2019: Nachkommastellen in InDesign und Illustrator m\u00f6glich","author":{"@id":"http:\/\/blog.proofs.de\/fi\/author\/mbetz\/#author"},"publisher":{"@id":"http:\/\/blog.proofs.de\/fi\/#organization"},"image":{"@type":"ImageObject","url":"https:\/\/blog.proofs.de\/wp-content\/uploads\/2018\/11\/Adobe_Illustrator_2019_Farbw\u00e4hler_CMYK_Eingabe_mit_Nachkommastellen.png","width":1468,"height":880,"caption":"Adobe Illustrator 2019 Farbw\u00e4hler CMYK Eingabe mit zwei Nachkommastellen"},"datePublished":"2018-11-12T01:15:25+01:00","dateModified":"2023-07-20T09:24:31+02:00","inLanguage":"fi","mainEntityOfPage":{"@id":"http:\/\/blog.proofs.de\/fi\/adobe-farbwaehler-2019-nachkommastellen-in-indesign-und-illustrator-moeglich\/#webpage"},"isPartOf":{"@id":"http:\/\/blog.proofs.de\/fi\/adobe-farbwaehler-2019-nachkommastellen-in-indesign-und-illustrator-moeglich\/#webpage"},"articleSection":"Allgemein, Layout Tipps, Adobe, CIELAB, CMYK, Dezimalstellen, Farbw\u00e4hler, HLC Colour Atlas, HLC Farbatlas, Illustator, Illustrator 2019, InDesign, InDesign 2019, LAB, Nachkommastellen, Photoshop"},{"@type":"BreadcrumbList","@id":"http:\/\/blog.proofs.de\/fi\/adobe-farbwaehler-2019-nachkommastellen-in-indesign-und-illustrator-moeglich\/#breadcrumblist","itemListElement":[{"@type":"ListItem","@id":"http:\/\/blog.proofs.de\/fi#listItem","position":1,"name":"Home","item":"http:\/\/blog.proofs.de\/fi","nextItem":{"@type":"ListItem","@id":"http:\/\/blog.proofs.de\/fi\/thema\/proof-wissen\/#listItem","name":"Proof Wissen"}},{"@type":"ListItem","@id":"http:\/\/blog.proofs.de\/fi\/thema\/proof-wissen\/#listItem","position":2,"name":"Proof Wissen","item":"http:\/\/blog.proofs.de\/fi\/thema\/proof-wissen\/","nextItem":{"@type":"ListItem","@id":"http:\/\/blog.proofs.de\/fi\/thema\/proof-wissen\/layout-tipps-und-tricks\/#listItem","name":"Layout Tipps"},"previousItem":{"@type":"ListItem","@id":"http:\/\/blog.proofs.de\/fi#listItem","name":"Home"}},{"@type":"ListItem","@id":"http:\/\/blog.proofs.de\/fi\/thema\/proof-wissen\/layout-tipps-und-tricks\/#listItem","position":3,"name":"Layout Tipps","item":"http:\/\/blog.proofs.de\/fi\/thema\/proof-wissen\/layout-tipps-und-tricks\/","nextItem":{"@type":"ListItem","@id":"http:\/\/blog.proofs.de\/fi\/adobe-farbwaehler-2019-nachkommastellen-in-indesign-und-illustrator-moeglich\/#listItem","name":"Adobe Farbw\u00e4hler 2019: Nachkommastellen in InDesign und Illustrator m\u00f6glich"},"previousItem":{"@type":"ListItem","@id":"http:\/\/blog.proofs.de\/fi\/thema\/proof-wissen\/#listItem","name":"Proof Wissen"}},{"@type":"ListItem","@id":"http:\/\/blog.proofs.de\/fi\/adobe-farbwaehler-2019-nachkommastellen-in-indesign-und-illustrator-moeglich\/#listItem","position":4,"name":"Adobe Farbw\u00e4hler 2019: Nachkommastellen in InDesign und Illustrator m\u00f6glich","previousItem":{"@type":"ListItem","@id":"http:\/\/blog.proofs.de\/fi\/thema\/proof-wissen\/layout-tipps-und-tricks\/#listItem","name":"Layout Tipps"}}]},{"@type":"Organization","@id":"http:\/\/blog.proofs.de\/fi\/#organization","name":"Proof GmbH","description":"Farbverbindlicher Proof, Farbproof, Digitalproof und Online-Proof.","url":"http:\/\/blog.proofs.de\/fi\/","telephone":"+4970717952740","logo":{"@type":"ImageObject","url":"https:\/\/blog1.proofen.de\/wp-content\/uploads\/2019\/09\/logo_proof_rgb_mit_balken_250px.png","@id":"http:\/\/blog.proofs.de\/fi\/adobe-farbwaehler-2019-nachkommastellen-in-indesign-und-illustrator-moeglich\/#organizationLogo"},"image":{"@id":"http:\/\/blog.proofs.de\/fi\/adobe-farbwaehler-2019-nachkommastellen-in-indesign-und-illustrator-moeglich\/#organizationLogo"},"sameAs":["https:\/\/www.facebook.com\/Proof.de\/","https:\/\/www.instagram.com\/proof.de\/","https:\/\/www.tiktok.com\/@proof_de","https:\/\/www.youtube.com\/channel\/UCk80fQVQ25wC9wu3SywB-Nw","https:\/\/www.linkedin.com\/company\/proof-de"]},{"@type":"Person","@id":"http:\/\/blog.proofs.de\/fi\/author\/mbetz\/#author","url":"http:\/\/blog.proofs.de\/fi\/author\/mbetz\/","name":"Matthias Betz","image":{"@type":"ImageObject","@id":"http:\/\/blog.proofs.de\/fi\/adobe-farbwaehler-2019-nachkommastellen-in-indesign-und-illustrator-moeglich\/#authorImage","url":"https:\/\/blog.proofs.de\/wp-content\/uploads\/2020\/10\/matthias-betz-e1603934518350-150x150.png","width":96,"height":96,"caption":"Matthias Betz"}},{"@type":"WebPage","@id":"http:\/\/blog.proofs.de\/fi\/adobe-farbwaehler-2019-nachkommastellen-in-indesign-und-illustrator-moeglich\/#webpage","url":"http:\/\/blog.proofs.de\/fi\/adobe-farbwaehler-2019-nachkommastellen-in-indesign-und-illustrator-moeglich\/","name":"Adobe Farbw\u00e4hler: Komma in InDesign\/Illustrator | proof.de","description":"Adobe aktualisiert in der 2019er Version den Farbw\u00e4hler. In InDesign sind jetzt f\u00fcr LAB und CMYK Nachkommastellen m\u00f6glich, wichtig f\u00fcr den HighEnd Farbbereich.","inLanguage":"fi","isPartOf":{"@id":"http:\/\/blog.proofs.de\/fi\/#website"},"breadcrumb":{"@id":"http:\/\/blog.proofs.de\/fi\/adobe-farbwaehler-2019-nachkommastellen-in-indesign-und-illustrator-moeglich\/#breadcrumblist"},"author":{"@id":"http:\/\/blog.proofs.de\/fi\/author\/mbetz\/#author"},"creator":{"@id":"http:\/\/blog.proofs.de\/fi\/author\/mbetz\/#author"},"image":{"@type":"ImageObject","url":"https:\/\/blog.proofs.de\/wp-content\/uploads\/2018\/11\/Adobe_Illustrator_2019_Farbw\u00e4hler_CMYK_Eingabe_mit_Nachkommastellen.png","@id":"http:\/\/blog.proofs.de\/fi\/adobe-farbwaehler-2019-nachkommastellen-in-indesign-und-illustrator-moeglich\/#mainImage","width":1468,"height":880,"caption":"Adobe Illustrator 2019 Farbw\u00e4hler CMYK Eingabe mit zwei Nachkommastellen"},"primaryImageOfPage":{"@id":"http:\/\/blog.proofs.de\/fi\/adobe-farbwaehler-2019-nachkommastellen-in-indesign-und-illustrator-moeglich\/#mainImage"},"datePublished":"2018-11-12T01:15:25+01:00","dateModified":"2023-07-20T09:24:31+02:00"},{"@type":"WebSite","@id":"http:\/\/blog.proofs.de\/fi\/#website","url":"http:\/\/blog.proofs.de\/fi\/","name":"Proof.de","description":"Farbverbindlicher Proof, Farbproof, Digitalproof und Online-Proof.","inLanguage":"fi","publisher":{"@id":"http:\/\/blog.proofs.de\/fi\/#organization"}}]},"og:locale":"fi_FI","og:site_name":"Proof.de | Alles zu Proof, Farbmanagement, Grafik, Messtechnik &amp; Co.","og:type":"article","og:title":"Adobe Farbw\u00e4hler: Komma in InDesign\/Illustrator | proof.de","og:description":"Adobe aktualisiert in der 2019er Version den Farbw\u00e4hler. In InDesign sind jetzt f\u00fcr LAB und CMYK Nachkommastellen m\u00f6glich, wichtig f\u00fcr den HighEnd Farbbereich.","og:url":"http:\/\/blog.proofs.de\/fi\/adobe-farbwaehler-2019-nachkommastellen-in-indesign-und-illustrator-moeglich\/","og:image":"http:\/\/blog.proofs.de\/wp-content\/uploads\/2018\/11\/Adobe_Illustrator_2019_Farbw\u00e4hler_CMYK_Eingabe_mit_Nachkommastellen.png","og:image:width":1468,"og:image:height":880,"article:published_time":"2018-11-12T00:15:25+00:00","article:modified_time":"2023-07-20T07:24:31+00:00","article:publisher":"https:\/\/www.facebook.com\/Proof.de\/","twitter:card":"summary","twitter:title":"Adobe Farbw\u00e4hler: Komma in InDesign\/Illustrator | proof.de","twitter:description":"Adobe aktualisiert in der 2019er Version den Farbw\u00e4hler. In InDesign sind jetzt f\u00fcr LAB und CMYK Nachkommastellen m\u00f6glich, wichtig f\u00fcr den HighEnd Farbbereich.","twitter:image":"https:\/\/blog1.proofen.de\/wp-content\/uploads\/2020\/04\/proof_background.jpg"},"aioseo_meta_data":{"post_id":"2220","title":"Adobe Farbw\u00e4hler: Komma in InDesign\/Illustrator |\u00a0proof.de","description":"Adobe p\u00e4ivitt\u00e4\u00e4 v\u00e4rivalitsimen vuoden 2019 versiossa. InDesignissa on nyt mahdollista k\u00e4ytt\u00e4\u00e4 desimaaleja LAB- ja CMYK-v\u00e4reiss\u00e4, mik\u00e4 on t\u00e4rke\u00e4\u00e4 huippuluokan v\u00e4rivalikoiman kannalta.","keywords":[{"label":"Adobe,InDesign,Illustator,Photoshop,InDesign 2019,Illustrator 2019,InDesign 2019,Farbw\u00e4hler,LAB,CMYK,Dezimalstellen,Nachkommastellen,CIELAB,HLC Farbatlas,HLC Colour Atlas","value":"Adobe,InDesign,Illustator,Photoshop,InDesign 2019,Illustrator 2019,InDesign 2019,Farbw\u00e4hler,LAB,CMYK,Dezimalstellen,Nachkommastellen,CIELAB,HLC Farbatlas,HLC Colour Atlas"}],"keyphrases":{"focus":{"keyphrase":"","score":0,"analysis":{"keyphraseInTitle":{"score":0,"maxScore":9,"error":1}}},"additional":[]},"primary_term":null,"canonical_url":null,"og_title":null,"og_description":null,"og_object_type":"default","og_image_type":"default","og_image_url":null,"og_image_width":null,"og_image_height":null,"og_image_custom_url":null,"og_image_custom_fields":null,"og_video":"","og_custom_url":null,"og_article_section":null,"og_article_tags":[],"twitter_use_og":false,"twitter_card":"default","twitter_image_type":"default","twitter_image_url":null,"twitter_image_custom_url":null,"twitter_image_custom_fields":null,"twitter_title":null,"twitter_description":null,"schema":{"blockGraphs":[],"customGraphs":[],"default":{"data":{"Article":[],"Course":[],"Dataset":[],"FAQPage":[],"Movie":[],"Person":[],"Product":[],"ProductReview":[],"Car":[],"Recipe":[],"Service":[],"SoftwareApplication":[],"WebPage":[]},"graphName":"Article","isEnabled":true},"graphs":[],"defaultGraph":"","defaultPostTypeGraph":""},"schema_type":null,"schema_type_options":null,"pillar_content":false,"robots_default":true,"robots_noindex":false,"robots_noarchive":false,"robots_nosnippet":false,"robots_nofollow":false,"robots_noimageindex":false,"robots_noodp":false,"robots_notranslate":false,"robots_max_snippet":"-1","robots_max_videopreview":"-1","robots_max_imagepreview":"large","priority":null,"frequency":"default","local_seo":null,"breadcrumb_settings":null,"limit_modified_date":false,"ai":null,"created":"2020-12-21 00:33:58","updated":"2025-06-04 14:23:05","seo_analyzer_scan_date":null,"focus_keyword":null,"additional_keywords":null,"truseo_locale":null},"_links":{"self":[{"href":"http:\/\/blog.proofs.de\/fi\/wp-json\/wp\/v2\/posts\/2220","targetHints":{"allow":["GET"]}}],"collection":[{"href":"http:\/\/blog.proofs.de\/fi\/wp-json\/wp\/v2\/posts"}],"about":[{"href":"http:\/\/blog.proofs.de\/fi\/wp-json\/wp\/v2\/types\/post"}],"author":[{"embeddable":true,"href":"http:\/\/blog.proofs.de\/fi\/wp-json\/wp\/v2\/users\/2"}],"replies":[{"embeddable":true,"href":"http:\/\/blog.proofs.de\/fi\/wp-json\/wp\/v2\/comments?post=2220"}],"version-history":[{"count":7,"href":"http:\/\/blog.proofs.de\/fi\/wp-json\/wp\/v2\/posts\/2220\/revisions"}],"predecessor-version":[{"id":5455,"href":"http:\/\/blog.proofs.de\/fi\/wp-json\/wp\/v2\/posts\/2220\/revisions\/5455"}],"wp:featuredmedia":[{"embeddable":true,"href":"http:\/\/blog.proofs.de\/fi\/wp-json\/wp\/v2\/media\/2223"}],"wp:attachment":[{"href":"http:\/\/blog.proofs.de\/fi\/wp-json\/wp\/v2\/media?parent=2220"}],"wp:term":[{"taxonomy":"category","embeddable":true,"href":"http:\/\/blog.proofs.de\/fi\/wp-json\/wp\/v2\/categories?post=2220"},{"taxonomy":"post_tag","embeddable":true,"href":"http:\/\/blog.proofs.de\/fi\/wp-json\/wp\/v2\/tags?post=2220"}],"curies":[{"name":"wp","href":"https:\/\/api.w.org\/{rel}","templated":true}]}}