{"id":4598,"date":"2021-12-19T02:42:10","date_gmt":"2021-12-19T01:42:10","guid":{"rendered":"https:\/\/www.proof.de\/?p=4598"},"modified":"2021-12-19T02:43:47","modified_gmt":"2021-12-19T01:43:47","slug":"adobe-ohjelmisto-ilman-pantone-vaerejae","status":"publish","type":"post","link":"http:\/\/blog.proofs.de\/fi\/adobe-software-ohne-pantone-farben\/","title":{"rendered":"Adobe-ohjelmisto ilman PANTONE-v\u00e4rej\u00e4"},"content":{"rendered":"<div class=\"kk-star-ratings kksr-auto kksr-align-right kksr-valign-top\" data-payload='{\"align\":\"right\",\"id\":\"4598\",\"slug\":\"default\",\"valign\":\"top\",\"ignore\":\"\",\"reference\":\"auto\",\"class\":\"\",\"count\":\"2\",\"legendonly\":\"\",\"readonly\":\"\",\"score\":\"3.5\",\"starsonly\":\"\",\"best\":\"5\",\"gap\":\"5\",\"greet\":\"Jetzt bewerten\",\"legend\":\"3.5\\\/5 - (2 votes)\",\"size\":\"24\",\"title\":\"Adobe Software ohne PANTONE Farben\",\"width\":\"99\",\"_legend\":\"{score}\\\/{best} - ({count} {votes})\",\"font_factor\":\"1.25\"}'>\n            \n<div class=\"kksr-stars\">\n    \n<div class=\"kksr-stars-inactive\">\n            <div class=\"kksr-star\" data-star=\"1\" style=\"padding-right: 5px\">\n            \n\n<div class=\"kksr-icon\" style=\"width: 24px; height: 24px;\"><\/div>\n        <\/div>\n            <div class=\"kksr-star\" data-star=\"2\" style=\"padding-right: 5px\">\n            \n\n<div class=\"kksr-icon\" style=\"width: 24px; height: 24px;\"><\/div>\n        <\/div>\n            <div class=\"kksr-star\" data-star=\"3\" style=\"padding-right: 5px\">\n            \n\n<div class=\"kksr-icon\" style=\"width: 24px; height: 24px;\"><\/div>\n        <\/div>\n            <div class=\"kksr-star\" data-star=\"4\" style=\"padding-right: 5px\">\n            \n\n<div class=\"kksr-icon\" style=\"width: 24px; height: 24px;\"><\/div>\n        <\/div>\n            <div class=\"kksr-star\" data-star=\"5\" style=\"padding-right: 5px\">\n            \n\n<div class=\"kksr-icon\" style=\"width: 24px; height: 24px;\"><\/div>\n        <\/div>\n    <\/div>\n    \n<div class=\"kksr-stars-active\" style=\"width: 99px;\">\n            <div class=\"kksr-star\" style=\"padding-right: 5px\">\n            \n\n<div class=\"kksr-icon\" style=\"width: 24px; height: 24px;\"><\/div>\n        <\/div>\n            <div class=\"kksr-star\" style=\"padding-right: 5px\">\n            \n\n<div class=\"kksr-icon\" style=\"width: 24px; height: 24px;\"><\/div>\n        <\/div>\n            <div class=\"kksr-star\" style=\"padding-right: 5px\">\n            \n\n<div class=\"kksr-icon\" style=\"width: 24px; height: 24px;\"><\/div>\n        <\/div>\n            <div class=\"kksr-star\" style=\"padding-right: 5px\">\n            \n\n<div class=\"kksr-icon\" style=\"width: 24px; height: 24px;\"><\/div>\n        <\/div>\n            <div class=\"kksr-star\" style=\"padding-right: 5px\">\n            \n\n<div class=\"kksr-icon\" style=\"width: 24px; height: 24px;\"><\/div>\n        <\/div>\n    <\/div>\n<\/div>\n                \n\n<div class=\"kksr-legend\" style=\"font-size: 19.2px;\">\n            3.5\/5 - (2 \u00e4\u00e4nt\u00e4)    <\/div>\n    <\/div>\n<p class=\"translation-block\">Ilmoitusta ei odotettu: Maaliskuusta 2022 alkaen Adoben uudet ohjelmistotuotteet eiv\u00e4t en\u00e4\u00e4 sis\u00e4ll\u00e4 <a href=\"https:\/\/blog1.proofen.de\/es\/lexico-2\/pantone\/\" target=\"_self\" class=\"encyclopedia tooltipstered\">PANTONE<\/a>-v\u00e4rikirjastoja. Adobe ilmoitti: \"Maaliskuussa 2022 Adobe Photoshopiin, Illustratoriin, InDesigniin, Adobe Coloriin ja Adobe Captureen esiasennetut Pantone-v\u00e4rikirjastot poistetaan tulevista ohjelmistop\u00e4ivityksist\u00e4.\"<\/p>\n<p><a title=\"Adobe-ohjelmistot maaliskuusta 2022 alkaen ilman PANTONE-v\u00e4rej\u00e4\" href=\"https:\/\/helpx.adobe.com\/creative-cloud\/adobe-color.html\" target=\"_blank\" rel=\"noopener\">https:\/\/helpx.adobe.com\/creative-cloud\/adobe-color.html<\/a><\/p>\n<h2>Adoben ja PANTONE:n viime vuosien aikana tapahtuneen vieraantumisen on ollut havaittavissa jo jonkin aikaa.<\/h2>\n<p>Nykyisten PANTONE-kirjastojen integrointi oli hidasta tai viime aikoina sit\u00e4 ei en\u00e4\u00e4 suoritettu automaattisesti, vaan kaikkien, jotka halusivat k\u00e4ytt\u00e4\u00e4 nykyisi\u00e4 kirjastoja, oli viet\u00e4v\u00e4 ne PANTONE Color Managerin kautta ja tuotava ne Adobe-ohjelmistoon ... ty\u00f6l\u00e4s ja virhealtis j\u00e4rjestelm\u00e4. Oletettavasti lisenssikustannukset olivat kuitenkin syyn\u00e4 siihen, ett\u00e4 Adobe otti viimeisen askeleen. Ylivoimaisesti johtava ohjelmistovalmistaja oli luultavasti yksinkertaisesti kyll\u00e4stynyt siihen, ett\u00e4 PANTONE kiusasi sit\u00e4 lisenssilains\u00e4\u00e4d\u00e4nn\u00f6n osalta, ja otti loogisen askeleen: PANTONE-paletit eiv\u00e4t en\u00e4\u00e4 ole Adobe-tuotteissa.<\/p>\n<p class=\"translation-block\">V\u00e4litt\u00e4v\u00e4tk\u00f6 k\u00e4ytt\u00e4j\u00e4t? Kaikilla, joilla on tietokoneessaan PANTONE-v\u00e4reill\u00e4 suunniteltuja malleja, on edelleen kaikki v\u00e4rit k\u00e4ytett\u00e4viss\u00e4 ohjelmistossaan, ja jokaisessa InDesigniin sijoitetussa Illustratorin AI- tai EPS-tiedostossa PANTONE- <a href=\"https:\/\/blog1.proofen.de\/es\/lexico-2\/color-especial\/\" target=\"_self\" class=\"encyclopedia tooltipstered\">erikoisv\u00e4ri<\/a> tuodaan suoraan takaisin InDesigniin. Ja toinen v\u00e4ri on my\u00f6s nopeasti luotu k\u00e4sin - no, ei ehk\u00e4 ihan uusimmilla <a href=\"https:\/\/blog1.proofen.de\/es\/lexico-2\/laboratorio\/\" target=\"_self\" class=\"encyclopedia tooltipstered\">LAB<\/a>-arvoilla PANTONEsta, mutta <a href=\"https:\/\/blog1.proofen.de\/es\/lexico-2\/cmyk\/\" target=\"_self\" class=\"encyclopedia tooltipstered\">CMYK<\/a> vastaava v\u00e4ri suolesta tekee tepposet, jotta v\u00e4ri n\u00e4kyy edes puoliksi ruudulla. En siis usko, ett\u00e4 puhelinlinjamme k\u00e4yv\u00e4t kuumina, koska asiakkaamme eiv\u00e4t en\u00e4\u00e4 l\u00f6yd\u00e4 PANTONE-v\u00e4rej\u00e4\u00e4n.<\/p>\n<h2>Mutta siit\u00e4 huolimatta: Adobe toteuttaa t\u00e4ss\u00e4 yhteydess\u00e4 paradigmanvaihdoksen:<\/h2>\n<p>PANTONE ei ole kyennyt parantamaan toimintaansa vuosien mittaan alan toivomalla tavalla. <a title=\"Holger Everding freieFarbe-sivustolta on selitt\u00e4nyt t\u00e4m\u00e4n blogikirjoituksessaan.\" href=\"https:\/\/www.freiefarbe.de\/adobe-produkte-demnaechst-ohne-pantone-farben\/\" target=\"_blank\" rel=\"noopener\">Holger Everding freieFarbe-sivustolta on selitt\u00e4nyt t\u00e4m\u00e4n blogikirjoituksessaan.<\/a> osuvasti tiivistettyn\u00e4. H\u00e4n kirjoittaa:<\/p>\n<p>\"J\u00e4rjestelm\u00e4n laadun puute pit\u00e4isi olla tiedossa useimmille n\u00e4iden rivien lukijoille:<\/p>\n<ul>\n<li>h\u00e4mment\u00e4v\u00e4 valikoima v\u00e4rioppaita ja niiden sis\u00e4lt\u00e4m\u00e4t v\u00e4ris\u00e4vyt.<\/li>\n<li>siihen liittyv\u00e4 ohjelmistojen hajanainen integrointi<\/li>\n<li class=\"translation-block\">V\u00e4riviuhkojen ja -s\u00e4vyjen ep\u00e4tarkkuus ja suuri <a href=\"https:\/\/blog1.proofen.de\/es\/lexico-2\/metamerismo\/\" target=\"_self\" class=\"encyclopedia tooltipstered\">metamerismi<\/a>, joka johtuu siit\u00e4, ett\u00e4 eri valmistajat k\u00e4ytt\u00e4v\u00e4t erilaisia papereita ja <a href=\"https:\/\/blog1.proofen.de\/es\/lexico-2\/pigmento\/\" target=\"_self\" class=\"encyclopedia tooltipstered\">pigmenttej\u00e4<\/a>.<\/li>\n<li>Eritt\u00e4in rajoittava lisenssik\u00e4yt\u00e4nt\u00f6, ei vapaasti saatavilla olevaa l\u00e4hdett\u00e4 v\u00e4riarvoille\".<\/li>\n<\/ul>\n<h2>Mutta haittaako erimielisyys PANTONEa vai Adobea?<\/h2>\n<p class=\"translation-block\">Olen eri mielt\u00e4 t\u00e4st\u00e4 asiasta. Molemmat kumppanit tulevat luultavasti nopeasti j\u00e4rkiins\u00e4: PANTONE l\u00e4htee varmasti ymm\u00e4rrett\u00e4v\u00e4lle tielle muuttamalla ja lievent\u00e4m\u00e4ll\u00e4 viime vuosien rajoittavaa lisenssipolitiikkaa: sen on tarjottava enemm\u00e4n vakio-ominaisuuksia ilmaiseksi kaikille k\u00e4ytt\u00e4jille. Erityisesti pienet yritykset ja suunnittelijat eiv\u00e4t halua eiv\u00e4tk\u00e4 voi maksaa kuukausittaisia tilausmaksuja Adobe Con<a href=\"https:\/\/blog1.proofen.de\/es\/lexico-2\/nec\/\" target=\"_self\" class=\"encyclopedia tooltipstered\">nec<\/a>t:n ei-kevennetyst\u00e4 versiosta. Loppujen lopuksi Pantone on vain opas, on monia muitakin tapoja m\u00e4\u00e4ritt\u00e4\u00e4 v\u00e4rej\u00e4. Ja Adobe? Adobe k\u00e4ytt\u00e4\u00e4 varmasti tilaisuutta hyv\u00e4kseen <a href=\"https:\/\/blog1.proofen.de\/es\/lexico-2\/utilice\/\" target=\"_self\" class=\"encyclopedia tooltipstered\">kutsuilla<\/a> k\u00e4yt\u00e4nn\u00f6n vaihtoehdoista PANTONElle ja ottaa ne vapaaehtoisesti k\u00e4ytt\u00f6\u00f6n Adobessa vapautuakseen PANTONEn lisenssipaineista. Kilpailunhan tiedet\u00e4\u00e4n pirist\u00e4v\u00e4n liiketoimintaa. Ja kun vapaat <a href=\"https:\/\/blog1.proofen.de\/es\/lexico-2\/sistema-de-colores\/\" target=\"_self\" class=\"encyclopedia tooltipstered\">v\u00e4rij\u00e4rjestelm\u00e4t<\/a>, kuten vapaat v\u00e4ri- <a href=\"https:\/\/blog1.proofen.de\/es\/lexico-2\/cielab\/\" target=\"_self\" class=\"encyclopedia tooltipstered\">CIELAB<\/a> <a href=\"https:\/\/blog1.proofen.de\/es\/lexico-2\/hlc\/\" target=\"_self\" class=\"encyclopedia tooltipstered\">HLC<\/a> j\u00e4rjestelm\u00e4 integroitaisiin Adobeen, niin PANTONE ymm\u00e4rt\u00e4isi varmasti nopeasti, ett\u00e4 heill\u00e4 ei ole \"monopolia\" spottiv\u00e4reihin, p\u00e4invastoin:<\/p>\n<p>Jos Adobe integroisi vapaasti saatavilla olevat, tarkat ja l\u00e4pin\u00e4kyv\u00e4t v\u00e4rij\u00e4rjestelm\u00e4t ohjelmistoihinsa, PANTONEn olisi vihdoinkin ryhdytt\u00e4v\u00e4 tarpeellisiin toimenpiteisiin paremman ja johdonmukaisemman aseman saavuttamiseksi, jotta se voisi palata takaisin Adoben ohjelmistoihin. Jos n\u00e4in ei tapahdu, PANTONEsta tulee nopeasti yksi niist\u00e4 dinosaurusv\u00e4rij\u00e4rjestelmist\u00e4, jotka eiv\u00e4t ole selvinneet vaikutuksesta. Paremmat, avoimemmat ja l\u00e4pin\u00e4kyv\u00e4mm\u00e4t j\u00e4rjestelm\u00e4t eiv\u00e4t nimitt\u00e4in ole vain odottamassa: ne ovat jo nyt olemassa.<\/p>","protected":false},"excerpt":{"rendered":"<p>Ilmoitusta ei odotettu: Maaliskuusta 2022 alkaen Adoben uudet ohjelmistotuotteet eiv\u00e4t en\u00e4\u00e4 sis\u00e4ll\u00e4 PANTONE-v\u00e4rikirjastoja. Adobe selitti: \"Maaliskuussa 2022 Adobe Photoshopiin, Illustratoriin, InDesigniin, Adobe Coloriin ja Adobe Captureen esiasennetut Pantone-v\u00e4rikirjastot poistetaan tulevista ohjelmistop\u00e4ivityksist\u00e4.\" https:\/\/helpx.adobe.com\/creative-cloud\/adobe-color.html Se, ett\u00e4 Adobe ja PANTONE ovat vieraantuneet toisistaan yh\u00e4 enemm\u00e4n viime vuosina, on ollut ilmeist\u00e4 jo jonkin aikaa. Nykyisten PANTONE-kirjastojen integrointi on ollut hidasta tai viime aikoina ei en\u00e4\u00e4 automaattista; kaikkien, jotka halusivat uusimmat kirjastot, oli ostettava ne ... <\/p>\n<p class=\"read-more-container\"><a title=\"Adobe-ohjelmisto ilman PANTONE-v\u00e4rej\u00e4\" class=\"read-more button\" href=\"http:\/\/blog.proofs.de\/fi\/adobe-software-ohne-pantone-farben\/#more-4598\" aria-label=\"Lue lis\u00e4\u00e4 aiheesta Adobe-ohjelmistot ilman PANTONE-v\u00e4rej\u00e4\">Lue lis\u00e4\u00e4<\/a><\/p>","protected":false},"author":2,"featured_media":2202,"comment_status":"open","ping_status":"open","sticky":false,"template":"","format":"standard","meta":{"om_disable_all_campaigns":false,"inline_featured_image":false,"_monsterinsights_skip_tracking":false,"footnotes":""},"categories":[1,436],"tags":[553,1052,819,526,1276,1275],"class_list":["post-4598","post","type-post","status-publish","format-standard","has-post-thumbnail","hentry","category-allgemein","category-pantone-und-hks","tag-adobe","tag-illustrator","tag-indesign","tag-pantone","tag-pantone-farben","tag-pantone-pms","generate-columns","tablet-grid-50","mobile-grid-100","grid-parent","grid-50","no-featured-image-padding","resize-featured-image"],"aioseo_notices":[],"aioseo_head":"\n\t\t<!-- All in One SEO 5.0.1.1 - aioseo.com -->\n\t<meta name=\"description\" content=\"Die Ank\u00fcndigung war hei\u00df: Ab M\u00e4rz 2022 werden Adobe Software Produkte keine PANTONE Farbbibliotheken mehr enthalten. Was folgt jetzt? Wer verliert, wer gewinnt?\" \/>\n\t<meta name=\"robots\" content=\"max-image-preview:large\" \/>\n\t<meta name=\"author\" content=\"Matthias Betz\"\/>\n\t<meta name=\"google-site-verification\" content=\"TuXxyRwxcEg2-WfOaQ8vScWQh3-uBAnxXmY7g3GT90A\" \/>\n\t<meta name=\"keywords\" content=\"adobe,illustrator,indesign,pantone,pantone farben,pantone pms\" \/>\n\t<link rel=\"canonical\" href=\"http:\/\/blog.proofs.de\/fi\/adobe-software-ohne-pantone-farben\/\" \/>\n\t<meta name=\"generator\" content=\"All in One SEO (AIOSEO) 5.0.1.1\" \/>\n\n\t\t<meta name=\"seobility\" content=\"593a8578143db71543f014978c690d47\">\n\t\t<meta property=\"og:locale\" content=\"fi_FI\" \/>\n\t\t<meta property=\"og:site_name\" content=\"Proof.de | Alles zu Proof, Farbmanagement, Grafik, Messtechnik &amp; Co.\" \/>\n\t\t<meta property=\"og:type\" content=\"article\" \/>\n\t\t<meta property=\"og:title\" content=\"Adobe Software ab M\u00e4rz 2022 ohne PANTONE Farben | proof.de\" \/>\n\t\t<meta property=\"og:description\" content=\"Die Ank\u00fcndigung war hei\u00df: Ab M\u00e4rz 2022 werden Adobe Software Produkte keine PANTONE Farbbibliotheken mehr enthalten. Was folgt jetzt? Wer verliert, wer gewinnt?\" \/>\n\t\t<meta property=\"og:url\" content=\"http:\/\/blog.proofs.de\/fi\/adobe-software-ohne-pantone-farben\/\" \/>\n\t\t<meta property=\"og:image\" content=\"http:\/\/blog.proofs.de\/wp-content\/uploads\/2018\/11\/CIELAB_HLC_Colour_Atlas_XL_Farbkreis_v1.jpg\" \/>\n\t\t<meta property=\"og:image:width\" content=\"3000\" \/>\n\t\t<meta property=\"og:image:height\" content=\"3000\" \/>\n\t\t<meta property=\"article:published_time\" content=\"2021-12-19T01:42:10+00:00\" \/>\n\t\t<meta property=\"article:modified_time\" content=\"2021-12-19T01:43:47+00:00\" \/>\n\t\t<meta property=\"article:publisher\" content=\"https:\/\/www.facebook.com\/Proof.de\/\" \/>\n\t\t<meta name=\"twitter:card\" content=\"summary\" \/>\n\t\t<meta name=\"twitter:title\" content=\"Adobe Software ab M\u00e4rz 2022 ohne PANTONE Farben | proof.de\" \/>\n\t\t<meta name=\"twitter:description\" content=\"Die Ank\u00fcndigung war hei\u00df: Ab M\u00e4rz 2022 werden Adobe Software Produkte keine PANTONE Farbbibliotheken mehr enthalten. Was folgt jetzt? Wer verliert, wer gewinnt?\" \/>\n\t\t<meta name=\"twitter:image\" content=\"https:\/\/blog1.proofen.de\/wp-content\/uploads\/2020\/04\/proof_background.jpg\" \/>\n\t\t<script type=\"application\/ld+json\" class=\"aioseo-schema\">\n\t\t\t{\"@context\":\"https:\\\/\\\/schema.org\",\"@graph\":[{\"@type\":\"Article\",\"@id\":\"http:\\\/\\\/blog.proofs.de\\\/fi\\\/adobe-software-ohne-pantone-farben\\\/#article\",\"name\":\"Adobe Software ab M\\u00e4rz 2022 ohne PANTONE Farben | proof.de\",\"headline\":\"Adobe Software ohne PANTONE Farben\",\"author\":{\"@id\":\"http:\\\/\\\/blog.proofs.de\\\/fi\\\/author\\\/mbetz\\\/#author\"},\"publisher\":{\"@id\":\"http:\\\/\\\/blog.proofs.de\\\/fi\\\/#organization\"},\"image\":{\"@type\":\"ImageObject\",\"url\":\"https:\\\/\\\/blog.proofs.de\\\/wp-content\\\/uploads\\\/2018\\\/11\\\/CIELAB_HLC_Colour_Atlas_XL_Farbkreis_v1.jpg\",\"width\":3000,\"height\":3000,\"caption\":\"CIELAB HLC Colour Atlas XL Farbkreis\"},\"datePublished\":\"2021-12-19T02:42:10+01:00\",\"dateModified\":\"2021-12-19T02:43:47+01:00\",\"inLanguage\":\"fi\",\"commentCount\":3,\"mainEntityOfPage\":{\"@id\":\"http:\\\/\\\/blog.proofs.de\\\/fi\\\/adobe-software-ohne-pantone-farben\\\/#webpage\"},\"isPartOf\":{\"@id\":\"http:\\\/\\\/blog.proofs.de\\\/fi\\\/adobe-software-ohne-pantone-farben\\\/#webpage\"},\"articleSection\":\"Allgemein, Pantone und HKS, Adobe, Illustrator, InDesign, Pantone, PANTONE Farben, PANTONE PMS\"},{\"@type\":\"BreadcrumbList\",\"@id\":\"http:\\\/\\\/blog.proofs.de\\\/fi\\\/adobe-software-ohne-pantone-farben\\\/#breadcrumblist\",\"itemListElement\":[{\"@type\":\"ListItem\",\"@id\":\"http:\\\/\\\/blog.proofs.de\\\/fi#listItem\",\"position\":1,\"name\":\"Home\",\"item\":\"http:\\\/\\\/blog.proofs.de\\\/fi\",\"nextItem\":{\"@type\":\"ListItem\",\"@id\":\"http:\\\/\\\/blog.proofs.de\\\/fi\\\/thema\\\/proof-wissen\\\/#listItem\",\"name\":\"Proof Wissen\"}},{\"@type\":\"ListItem\",\"@id\":\"http:\\\/\\\/blog.proofs.de\\\/fi\\\/thema\\\/proof-wissen\\\/#listItem\",\"position\":2,\"name\":\"Proof Wissen\",\"item\":\"http:\\\/\\\/blog.proofs.de\\\/fi\\\/thema\\\/proof-wissen\\\/\",\"nextItem\":{\"@type\":\"ListItem\",\"@id\":\"http:\\\/\\\/blog.proofs.de\\\/fi\\\/thema\\\/proof-wissen\\\/pantone-und-hks\\\/#listItem\",\"name\":\"Pantone und HKS\"},\"previousItem\":{\"@type\":\"ListItem\",\"@id\":\"http:\\\/\\\/blog.proofs.de\\\/fi#listItem\",\"name\":\"Home\"}},{\"@type\":\"ListItem\",\"@id\":\"http:\\\/\\\/blog.proofs.de\\\/fi\\\/thema\\\/proof-wissen\\\/pantone-und-hks\\\/#listItem\",\"position\":3,\"name\":\"Pantone und HKS\",\"item\":\"http:\\\/\\\/blog.proofs.de\\\/fi\\\/thema\\\/proof-wissen\\\/pantone-und-hks\\\/\",\"nextItem\":{\"@type\":\"ListItem\",\"@id\":\"http:\\\/\\\/blog.proofs.de\\\/fi\\\/adobe-software-ohne-pantone-farben\\\/#listItem\",\"name\":\"Adobe Software ohne PANTONE Farben\"},\"previousItem\":{\"@type\":\"ListItem\",\"@id\":\"http:\\\/\\\/blog.proofs.de\\\/fi\\\/thema\\\/proof-wissen\\\/#listItem\",\"name\":\"Proof Wissen\"}},{\"@type\":\"ListItem\",\"@id\":\"http:\\\/\\\/blog.proofs.de\\\/fi\\\/adobe-software-ohne-pantone-farben\\\/#listItem\",\"position\":4,\"name\":\"Adobe Software ohne PANTONE Farben\",\"previousItem\":{\"@type\":\"ListItem\",\"@id\":\"http:\\\/\\\/blog.proofs.de\\\/fi\\\/thema\\\/proof-wissen\\\/pantone-und-hks\\\/#listItem\",\"name\":\"Pantone und HKS\"}}]},{\"@type\":\"Organization\",\"@id\":\"http:\\\/\\\/blog.proofs.de\\\/fi\\\/#organization\",\"name\":\"Proof GmbH\",\"description\":\"Farbverbindlicher Proof, Farbproof, Digitalproof und Online-Proof.\",\"url\":\"http:\\\/\\\/blog.proofs.de\\\/fi\\\/\",\"telephone\":\"+4970717952740\",\"logo\":{\"@type\":\"ImageObject\",\"url\":\"https:\\\/\\\/blog1.proofen.de\\\/wp-content\\\/uploads\\\/2019\\\/09\\\/logo_proof_rgb_mit_balken_250px.png\",\"@id\":\"http:\\\/\\\/blog.proofs.de\\\/fi\\\/adobe-software-ohne-pantone-farben\\\/#organizationLogo\"},\"image\":{\"@id\":\"http:\\\/\\\/blog.proofs.de\\\/fi\\\/adobe-software-ohne-pantone-farben\\\/#organizationLogo\"},\"sameAs\":[\"https:\\\/\\\/www.facebook.com\\\/Proof.de\\\/\",\"https:\\\/\\\/www.instagram.com\\\/proof.de\\\/\",\"https:\\\/\\\/www.tiktok.com\\\/@proof_de\",\"https:\\\/\\\/www.youtube.com\\\/channel\\\/UCk80fQVQ25wC9wu3SywB-Nw\",\"https:\\\/\\\/www.linkedin.com\\\/company\\\/proof-de\"]},{\"@type\":\"Person\",\"@id\":\"http:\\\/\\\/blog.proofs.de\\\/fi\\\/author\\\/mbetz\\\/#author\",\"url\":\"http:\\\/\\\/blog.proofs.de\\\/fi\\\/author\\\/mbetz\\\/\",\"name\":\"Matthias Betz\",\"image\":{\"@type\":\"ImageObject\",\"@id\":\"http:\\\/\\\/blog.proofs.de\\\/fi\\\/adobe-software-ohne-pantone-farben\\\/#authorImage\",\"url\":\"https:\\\/\\\/blog.proofs.de\\\/wp-content\\\/uploads\\\/2020\\\/10\\\/matthias-betz-e1603934518350-150x150.png\",\"width\":96,\"height\":96,\"caption\":\"Matthias Betz\"}},{\"@type\":\"WebPage\",\"@id\":\"http:\\\/\\\/blog.proofs.de\\\/fi\\\/adobe-software-ohne-pantone-farben\\\/#webpage\",\"url\":\"http:\\\/\\\/blog.proofs.de\\\/fi\\\/adobe-software-ohne-pantone-farben\\\/\",\"name\":\"Adobe Software ab M\\u00e4rz 2022 ohne PANTONE Farben | proof.de\",\"description\":\"Die Ank\\u00fcndigung war hei\\u00df: Ab M\\u00e4rz 2022 werden Adobe Software Produkte keine PANTONE Farbbibliotheken mehr enthalten. Was folgt jetzt? Wer verliert, wer gewinnt?\",\"inLanguage\":\"fi\",\"isPartOf\":{\"@id\":\"http:\\\/\\\/blog.proofs.de\\\/fi\\\/#website\"},\"breadcrumb\":{\"@id\":\"http:\\\/\\\/blog.proofs.de\\\/fi\\\/adobe-software-ohne-pantone-farben\\\/#breadcrumblist\"},\"author\":{\"@id\":\"http:\\\/\\\/blog.proofs.de\\\/fi\\\/author\\\/mbetz\\\/#author\"},\"creator\":{\"@id\":\"http:\\\/\\\/blog.proofs.de\\\/fi\\\/author\\\/mbetz\\\/#author\"},\"image\":{\"@type\":\"ImageObject\",\"url\":\"https:\\\/\\\/blog.proofs.de\\\/wp-content\\\/uploads\\\/2018\\\/11\\\/CIELAB_HLC_Colour_Atlas_XL_Farbkreis_v1.jpg\",\"@id\":\"http:\\\/\\\/blog.proofs.de\\\/fi\\\/adobe-software-ohne-pantone-farben\\\/#mainImage\",\"width\":3000,\"height\":3000,\"caption\":\"CIELAB HLC Colour Atlas XL Farbkreis\"},\"primaryImageOfPage\":{\"@id\":\"http:\\\/\\\/blog.proofs.de\\\/fi\\\/adobe-software-ohne-pantone-farben\\\/#mainImage\"},\"datePublished\":\"2021-12-19T02:42:10+01:00\",\"dateModified\":\"2021-12-19T02:43:47+01:00\"},{\"@type\":\"WebSite\",\"@id\":\"http:\\\/\\\/blog.proofs.de\\\/fi\\\/#website\",\"url\":\"http:\\\/\\\/blog.proofs.de\\\/fi\\\/\",\"name\":\"Proof.de\",\"description\":\"Farbverbindlicher Proof, Farbproof, Digitalproof und Online-Proof.\",\"inLanguage\":\"fi\",\"publisher\":{\"@id\":\"http:\\\/\\\/blog.proofs.de\\\/fi\\\/#organization\"}}]}\n\t\t<\/script>\n\t\t<!-- All in One SEO -->\n\n","aioseo_head_json":{"title":"Adobe-ohjelmisto maaliskuusta 2022 alkaen ilman PANTONE-v\u00e4rej\u00e4 | proof.de","description":"Ilmoitus oli kuuma: maaliskuusta 2022 alkaen Adoben ohjelmistotuotteet eiv\u00e4t en\u00e4\u00e4 sis\u00e4ll\u00e4 PANTONE-v\u00e4rikirjastoja. Mit\u00e4 t\u00e4st\u00e4 seuraa? Kuka h\u00e4vi\u00e4\u00e4, kuka voittaa?","canonical_url":"http:\/\/blog.proofs.de\/fi\/adobe-software-ohne-pantone-farben\/","robots":"max-image-preview:large","keywords":"adobe,illustrator,indesign,pantone,pantone farben,pantone pms","webmasterTools":{"google-site-verification":"TuXxyRwxcEg2-WfOaQ8vScWQh3-uBAnxXmY7g3GT90A","miscellaneous":"&lt;meta name=\"seobility\" content=\"593a8578143db71543f014978c690d47\"&gt;"},"schema":{"@context":"https:\/\/schema.org","@graph":[{"@type":"Article","@id":"http:\/\/blog.proofs.de\/fi\/adobe-software-ohne-pantone-farben\/#article","name":"Adobe Software ab M\u00e4rz 2022 ohne PANTONE Farben | proof.de","headline":"Adobe Software ohne PANTONE Farben","author":{"@id":"http:\/\/blog.proofs.de\/fi\/author\/mbetz\/#author"},"publisher":{"@id":"http:\/\/blog.proofs.de\/fi\/#organization"},"image":{"@type":"ImageObject","url":"https:\/\/blog.proofs.de\/wp-content\/uploads\/2018\/11\/CIELAB_HLC_Colour_Atlas_XL_Farbkreis_v1.jpg","width":3000,"height":3000,"caption":"CIELAB HLC Colour Atlas XL Farbkreis"},"datePublished":"2021-12-19T02:42:10+01:00","dateModified":"2021-12-19T02:43:47+01:00","inLanguage":"fi","commentCount":3,"mainEntityOfPage":{"@id":"http:\/\/blog.proofs.de\/fi\/adobe-software-ohne-pantone-farben\/#webpage"},"isPartOf":{"@id":"http:\/\/blog.proofs.de\/fi\/adobe-software-ohne-pantone-farben\/#webpage"},"articleSection":"Allgemein, Pantone und HKS, Adobe, Illustrator, InDesign, Pantone, PANTONE Farben, PANTONE PMS"},{"@type":"BreadcrumbList","@id":"http:\/\/blog.proofs.de\/fi\/adobe-software-ohne-pantone-farben\/#breadcrumblist","itemListElement":[{"@type":"ListItem","@id":"http:\/\/blog.proofs.de\/fi#listItem","position":1,"name":"Home","item":"http:\/\/blog.proofs.de\/fi","nextItem":{"@type":"ListItem","@id":"http:\/\/blog.proofs.de\/fi\/thema\/proof-wissen\/#listItem","name":"Proof Wissen"}},{"@type":"ListItem","@id":"http:\/\/blog.proofs.de\/fi\/thema\/proof-wissen\/#listItem","position":2,"name":"Proof Wissen","item":"http:\/\/blog.proofs.de\/fi\/thema\/proof-wissen\/","nextItem":{"@type":"ListItem","@id":"http:\/\/blog.proofs.de\/fi\/thema\/proof-wissen\/pantone-und-hks\/#listItem","name":"Pantone und HKS"},"previousItem":{"@type":"ListItem","@id":"http:\/\/blog.proofs.de\/fi#listItem","name":"Home"}},{"@type":"ListItem","@id":"http:\/\/blog.proofs.de\/fi\/thema\/proof-wissen\/pantone-und-hks\/#listItem","position":3,"name":"Pantone und HKS","item":"http:\/\/blog.proofs.de\/fi\/thema\/proof-wissen\/pantone-und-hks\/","nextItem":{"@type":"ListItem","@id":"http:\/\/blog.proofs.de\/fi\/adobe-software-ohne-pantone-farben\/#listItem","name":"Adobe Software ohne PANTONE Farben"},"previousItem":{"@type":"ListItem","@id":"http:\/\/blog.proofs.de\/fi\/thema\/proof-wissen\/#listItem","name":"Proof Wissen"}},{"@type":"ListItem","@id":"http:\/\/blog.proofs.de\/fi\/adobe-software-ohne-pantone-farben\/#listItem","position":4,"name":"Adobe Software ohne PANTONE Farben","previousItem":{"@type":"ListItem","@id":"http:\/\/blog.proofs.de\/fi\/thema\/proof-wissen\/pantone-und-hks\/#listItem","name":"Pantone und HKS"}}]},{"@type":"Organization","@id":"http:\/\/blog.proofs.de\/fi\/#organization","name":"Proof GmbH","description":"Farbverbindlicher Proof, Farbproof, Digitalproof und Online-Proof.","url":"http:\/\/blog.proofs.de\/fi\/","telephone":"+4970717952740","logo":{"@type":"ImageObject","url":"https:\/\/blog1.proofen.de\/wp-content\/uploads\/2019\/09\/logo_proof_rgb_mit_balken_250px.png","@id":"http:\/\/blog.proofs.de\/fi\/adobe-software-ohne-pantone-farben\/#organizationLogo"},"image":{"@id":"http:\/\/blog.proofs.de\/fi\/adobe-software-ohne-pantone-farben\/#organizationLogo"},"sameAs":["https:\/\/www.facebook.com\/Proof.de\/","https:\/\/www.instagram.com\/proof.de\/","https:\/\/www.tiktok.com\/@proof_de","https:\/\/www.youtube.com\/channel\/UCk80fQVQ25wC9wu3SywB-Nw","https:\/\/www.linkedin.com\/company\/proof-de"]},{"@type":"Person","@id":"http:\/\/blog.proofs.de\/fi\/author\/mbetz\/#author","url":"http:\/\/blog.proofs.de\/fi\/author\/mbetz\/","name":"Matthias Betz","image":{"@type":"ImageObject","@id":"http:\/\/blog.proofs.de\/fi\/adobe-software-ohne-pantone-farben\/#authorImage","url":"https:\/\/blog.proofs.de\/wp-content\/uploads\/2020\/10\/matthias-betz-e1603934518350-150x150.png","width":96,"height":96,"caption":"Matthias Betz"}},{"@type":"WebPage","@id":"http:\/\/blog.proofs.de\/fi\/adobe-software-ohne-pantone-farben\/#webpage","url":"http:\/\/blog.proofs.de\/fi\/adobe-software-ohne-pantone-farben\/","name":"Adobe Software ab M\u00e4rz 2022 ohne PANTONE Farben | proof.de","description":"Die Ank\u00fcndigung war hei\u00df: Ab M\u00e4rz 2022 werden Adobe Software Produkte keine PANTONE Farbbibliotheken mehr enthalten. Was folgt jetzt? Wer verliert, wer gewinnt?","inLanguage":"fi","isPartOf":{"@id":"http:\/\/blog.proofs.de\/fi\/#website"},"breadcrumb":{"@id":"http:\/\/blog.proofs.de\/fi\/adobe-software-ohne-pantone-farben\/#breadcrumblist"},"author":{"@id":"http:\/\/blog.proofs.de\/fi\/author\/mbetz\/#author"},"creator":{"@id":"http:\/\/blog.proofs.de\/fi\/author\/mbetz\/#author"},"image":{"@type":"ImageObject","url":"https:\/\/blog.proofs.de\/wp-content\/uploads\/2018\/11\/CIELAB_HLC_Colour_Atlas_XL_Farbkreis_v1.jpg","@id":"http:\/\/blog.proofs.de\/fi\/adobe-software-ohne-pantone-farben\/#mainImage","width":3000,"height":3000,"caption":"CIELAB HLC Colour Atlas XL Farbkreis"},"primaryImageOfPage":{"@id":"http:\/\/blog.proofs.de\/fi\/adobe-software-ohne-pantone-farben\/#mainImage"},"datePublished":"2021-12-19T02:42:10+01:00","dateModified":"2021-12-19T02:43:47+01:00"},{"@type":"WebSite","@id":"http:\/\/blog.proofs.de\/fi\/#website","url":"http:\/\/blog.proofs.de\/fi\/","name":"Proof.de","description":"Farbverbindlicher Proof, Farbproof, Digitalproof und Online-Proof.","inLanguage":"fi","publisher":{"@id":"http:\/\/blog.proofs.de\/fi\/#organization"}}]},"og:locale":"fi_FI","og:site_name":"Proof.de | Alles zu Proof, Farbmanagement, Grafik, Messtechnik &amp; Co.","og:type":"article","og:title":"Adobe Software ab M\u00e4rz 2022 ohne PANTONE Farben | proof.de","og:description":"Die Ank\u00fcndigung war hei\u00df: Ab M\u00e4rz 2022 werden Adobe Software Produkte keine PANTONE Farbbibliotheken mehr enthalten. Was folgt jetzt? Wer verliert, wer gewinnt?","og:url":"http:\/\/blog.proofs.de\/fi\/adobe-software-ohne-pantone-farben\/","og:image":"http:\/\/blog.proofs.de\/wp-content\/uploads\/2018\/11\/CIELAB_HLC_Colour_Atlas_XL_Farbkreis_v1.jpg","og:image:width":3000,"og:image:height":3000,"article:published_time":"2021-12-19T01:42:10+00:00","article:modified_time":"2021-12-19T01:43:47+00:00","article:publisher":"https:\/\/www.facebook.com\/Proof.de\/","twitter:card":"summary","twitter:title":"Adobe Software ab M\u00e4rz 2022 ohne PANTONE Farben | proof.de","twitter:description":"Die Ank\u00fcndigung war hei\u00df: Ab M\u00e4rz 2022 werden Adobe Software Produkte keine PANTONE Farbbibliotheken mehr enthalten. Was folgt jetzt? Wer verliert, wer gewinnt?","twitter:image":"https:\/\/blog1.proofen.de\/wp-content\/uploads\/2020\/04\/proof_background.jpg"},"aioseo_meta_data":{"post_id":"4598","title":"Adobe-ohjelmisto maaliskuusta 2022 alkaen ilman PANTONE-v\u00e4rej\u00e4 | proof.de&nbsp;","description":"Ilmoitus oli kuuma: maaliskuusta 2022 alkaen Adoben ohjelmistotuotteet eiv\u00e4t en\u00e4\u00e4 sis\u00e4ll\u00e4 PANTONE-v\u00e4rikirjastoja. Mit\u00e4 t\u00e4st\u00e4 seuraa? Kuka h\u00e4vi\u00e4\u00e4, kuka voittaa?","keywords":[],"keyphrases":{"focus":{"keyphrase":"PANTONE","score":85,"analysis":{"keyphraseInTitle":{"score":9,"maxScore":9,"error":0},"keyphraseInDescription":{"score":9,"maxScore":9,"error":0},"keyphraseLength":{"score":9,"maxScore":9,"error":0,"length":1},"keyphraseInURL":{"score":5,"maxScore":5,"error":0},"keyphraseInIntroduction":{"score":9,"maxScore":9,"error":0},"keyphraseInSubHeadings":{"score":9,"maxScore":9,"error":0},"keyphraseInImageAlt":[],"keywordDensity":{"type":"high","score":0,"maxScore":9,"error":1}}},"additional":[]},"primary_term":null,"canonical_url":null,"og_title":null,"og_description":null,"og_object_type":"default","og_image_type":"default","og_image_url":null,"og_image_width":null,"og_image_height":null,"og_image_custom_url":null,"og_image_custom_fields":null,"og_video":"","og_custom_url":null,"og_article_section":null,"og_article_tags":[],"twitter_use_og":false,"twitter_card":"default","twitter_image_type":"default","twitter_image_url":null,"twitter_image_custom_url":null,"twitter_image_custom_fields":null,"twitter_title":null,"twitter_description":null,"schema":{"blockGraphs":[],"customGraphs":[],"default":{"data":{"Article":[],"Course":[],"Dataset":[],"FAQPage":[],"Movie":[],"Person":[],"Product":[],"ProductReview":[],"Car":[],"Recipe":[],"Service":[],"SoftwareApplication":[],"WebPage":[]},"graphName":"Article","isEnabled":true},"graphs":[],"defaultGraph":"Article","defaultPostTypeGraph":""},"schema_type":"default","schema_type_options":"{\"article\":{\"articleType\":\"BlogPosting\"},\"course\":{\"name\":\"\",\"description\":\"\",\"provider\":\"\"},\"faq\":{\"pages\":[]},\"product\":{\"reviews\":[]},\"recipe\":{\"ingredients\":[],\"instructions\":[],\"keywords\":[]},\"software\":{\"reviews\":[],\"operatingSystems\":[]},\"webPage\":{\"webPageType\":\"WebPage\"}}","pillar_content":false,"robots_default":true,"robots_noindex":false,"robots_noarchive":false,"robots_nosnippet":false,"robots_nofollow":false,"robots_noimageindex":false,"robots_noodp":false,"robots_notranslate":false,"robots_max_snippet":"-1","robots_max_videopreview":"-1","robots_max_imagepreview":"large","priority":null,"frequency":"default","local_seo":null,"breadcrumb_settings":null,"limit_modified_date":true,"ai":null,"created":"2021-12-19 00:58:31","updated":"2025-06-04 14:27:05","seo_analyzer_scan_date":null,"focus_keyword":"PANTONE","additional_keywords":null,"truseo_locale":null},"_links":{"self":[{"href":"http:\/\/blog.proofs.de\/fi\/wp-json\/wp\/v2\/posts\/4598","targetHints":{"allow":["GET"]}}],"collection":[{"href":"http:\/\/blog.proofs.de\/fi\/wp-json\/wp\/v2\/posts"}],"about":[{"href":"http:\/\/blog.proofs.de\/fi\/wp-json\/wp\/v2\/types\/post"}],"author":[{"embeddable":true,"href":"http:\/\/blog.proofs.de\/fi\/wp-json\/wp\/v2\/users\/2"}],"replies":[{"embeddable":true,"href":"http:\/\/blog.proofs.de\/fi\/wp-json\/wp\/v2\/comments?post=4598"}],"version-history":[{"count":6,"href":"http:\/\/blog.proofs.de\/fi\/wp-json\/wp\/v2\/posts\/4598\/revisions"}],"predecessor-version":[{"id":5567,"href":"http:\/\/blog.proofs.de\/fi\/wp-json\/wp\/v2\/posts\/4598\/revisions\/5567"}],"wp:featuredmedia":[{"embeddable":true,"href":"http:\/\/blog.proofs.de\/fi\/wp-json\/wp\/v2\/media\/2202"}],"wp:attachment":[{"href":"http:\/\/blog.proofs.de\/fi\/wp-json\/wp\/v2\/media?parent=4598"}],"wp:term":[{"taxonomy":"category","embeddable":true,"href":"http:\/\/blog.proofs.de\/fi\/wp-json\/wp\/v2\/categories?post=4598"},{"taxonomy":"post_tag","embeddable":true,"href":"http:\/\/blog.proofs.de\/fi\/wp-json\/wp\/v2\/tags?post=4598"}],"curies":[{"name":"wp","href":"https:\/\/api.w.org\/{rel}","templated":true}]}}