{"id":5604,"date":"2024-02-19T01:13:56","date_gmt":"2024-02-19T00:13:56","guid":{"rendered":"https:\/\/www.proof.de\/?p=5604"},"modified":"2024-02-19T01:13:59","modified_gmt":"2024-02-19T00:13:59","slug":"fogran-vaerinhallintasymposium-2024-muenchenissae-alkaa","status":"publish","type":"post","link":"http:\/\/blog.proofs.de\/fi\/das-fogra-colormanagement-symposium-2024-in-muenchen-startet\/","title":{"rendered":"Fogra Colour Management Symposium 2024 alkaa M\u00fcncheniss\u00e4"},"content":{"rendered":"<div class=\"kk-star-ratings kksr-auto kksr-align-right kksr-valign-top\" data-payload='{\"align\":\"right\",\"id\":\"5604\",\"slug\":\"default\",\"valign\":\"top\",\"ignore\":\"\",\"reference\":\"auto\",\"class\":\"\",\"count\":\"0\",\"legendonly\":\"\",\"readonly\":\"\",\"score\":\"0\",\"starsonly\":\"\",\"best\":\"5\",\"gap\":\"5\",\"greet\":\"Jetzt bewerten\",\"legend\":\"0\\\/5 - (0 votes)\",\"size\":\"24\",\"title\":\"Das Fogra Colormanagement Symposium 2024 in M&uuml;nchen startet\",\"width\":\"0\",\"_legend\":\"{score}\\\/{best} - ({count} {votes})\",\"font_factor\":\"1.25\"}'>\n            \n<div class=\"kksr-stars\">\n    \n<div class=\"kksr-stars-inactive\">\n            <div class=\"kksr-star\" data-star=\"1\" style=\"padding-right: 5px\">\n            \n\n<div class=\"kksr-icon\" style=\"width: 24px; height: 24px;\"><\/div>\n        <\/div>\n            <div class=\"kksr-star\" data-star=\"2\" style=\"padding-right: 5px\">\n            \n\n<div class=\"kksr-icon\" style=\"width: 24px; height: 24px;\"><\/div>\n        <\/div>\n            <div class=\"kksr-star\" data-star=\"3\" style=\"padding-right: 5px\">\n            \n\n<div class=\"kksr-icon\" style=\"width: 24px; height: 24px;\"><\/div>\n        <\/div>\n            <div class=\"kksr-star\" data-star=\"4\" style=\"padding-right: 5px\">\n            \n\n<div class=\"kksr-icon\" style=\"width: 24px; height: 24px;\"><\/div>\n        <\/div>\n            <div class=\"kksr-star\" data-star=\"5\" style=\"padding-right: 5px\">\n            \n\n<div class=\"kksr-icon\" style=\"width: 24px; height: 24px;\"><\/div>\n        <\/div>\n    <\/div>\n    \n<div class=\"kksr-stars-active\" style=\"width: 0px;\">\n            <div class=\"kksr-star\" style=\"padding-right: 5px\">\n            \n\n<div class=\"kksr-icon\" style=\"width: 24px; height: 24px;\"><\/div>\n        <\/div>\n            <div class=\"kksr-star\" style=\"padding-right: 5px\">\n            \n\n<div class=\"kksr-icon\" style=\"width: 24px; height: 24px;\"><\/div>\n        <\/div>\n            <div class=\"kksr-star\" style=\"padding-right: 5px\">\n            \n\n<div class=\"kksr-icon\" style=\"width: 24px; height: 24px;\"><\/div>\n        <\/div>\n            <div class=\"kksr-star\" style=\"padding-right: 5px\">\n            \n\n<div class=\"kksr-icon\" style=\"width: 24px; height: 24px;\"><\/div>\n        <\/div>\n            <div class=\"kksr-star\" style=\"padding-right: 5px\">\n            \n\n<div class=\"kksr-icon\" style=\"width: 24px; height: 24px;\"><\/div>\n        <\/div>\n    <\/div>\n<\/div>\n                \n\n<div class=\"kksr-legend\" style=\"font-size: 19.2px;\">\n            <span class=\"kksr-muted\">Arvioi nyt<\/span>\n    <\/div>\n    <\/div>\n<div class=\"wp-block-image\">\n<figure class=\"alignright size-medium\"><a href=\"https:\/\/blog1.proofen.de\/wp-content\/uploads\/2024\/02\/Fogra_Colormanagement_Symposium_2024.png\"><img loading=\"lazy\" decoding=\"async\" width=\"263\" height=\"300\" src=\"https:\/\/blog1.proofen.de\/wp-content\/uploads\/2024\/02\/Fogra_Colormanagement_Symposium_2024-263x300.png\" alt=\"Fogra Colour Management Symposium 2024 M\u00fcnchenin logo\" class=\"wp-image-5605\" srcset=\"https:\/\/blog.proofs.de\/wp-content\/uploads\/2024\/02\/Fogra_Colormanagement_Symposium_2024-263x300.png 263w, https:\/\/blog.proofs.de\/wp-content\/uploads\/2024\/02\/Fogra_Colormanagement_Symposium_2024-899x1024.png 899w, https:\/\/blog.proofs.de\/wp-content\/uploads\/2024\/02\/Fogra_Colormanagement_Symposium_2024-768x875.png 768w, https:\/\/blog.proofs.de\/wp-content\/uploads\/2024\/02\/Fogra_Colormanagement_Symposium_2024-1348x1536.png 1348w, https:\/\/blog.proofs.de\/wp-content\/uploads\/2024\/02\/Fogra_Colormanagement_Symposium_2024-11x12.png 11w, https:\/\/blog.proofs.de\/wp-content\/uploads\/2024\/02\/Fogra_Colormanagement_Symposium_2024.png 1678w\" sizes=\"auto, (max-width: 263px) 100vw, 263px\"><\/a><\/figure>\n<\/div>\n\n\n<p class=\"wp-block-paragraph\">Keskiviikkona 21.2.2024 j\u00e4rjestet\u00e4\u00e4n j\u00e4lleen kaksip\u00e4iv\u00e4inen tapahtuma. <a href=\"https:\/\/fogra.org\/fileadmin\/files\/4_veranstaltungen\/symposien\/Fogra_CMS_Programm_2024_DE.pdf\" target=\"_blank\" rel=\"noopener\" title=\"\">Fogra Colour Management Symposium<\/a> M\u00fcncheniss\u00e4. Toisaalta <a href=\"http:\/\/blog.proofs.de\/fi\/lexikon\/farbmanagement\/\" target=\"_self\" title=\"V\u00e4rinhallinnan tavoitteena on varmistaa, ett\u00e4 v\u00e4rit toistuvat mahdollisimman samanlaisina eri laitteissa, kuten kameroissa, skannerissa, n\u00e4yt\u00f6iss\u00e4, laser-, mustesuihku- ja offset-tulostimissa ja monissa muissa laitteissa.\" class=\"encyclopedia\">V\u00e4rien hallinta<\/a>tuotantoteollisuuden ja pk-yritysten asiantuntijat raportoivat v\u00e4rinhallinnan toteutuksen ja toteutuksen nykytilasta, t\u00e4n\u00e4 vuonna muun muassa Proctor &amp; Gamble, L'Or\u00e9al ja K\u00e4rcher, sek\u00e4 ECG:n kaltaisten alojen nykyisest\u00e4 kehityksest\u00e4, <a href=\"http:\/\/blog.proofs.de\/fi\/lexikon\/softproof\/\" target=\"_self\" title='Toisin kuin perinteinen paperilla oleva &quot;hard proof&quot;, soft proof on proof, joka n\u00e4ytet\u00e4\u00e4n monitorilla v\u00e4ritarkasti.' class=\"encyclopedia\">Softproof<\/a> ja paperiversio <a href=\"http:\/\/blog.proofs.de\/fi\/lexikon\/proof\/\" target=\"_self\" title=\"Proof (oikein: sopimusproof) on ISO 12647-7 -sertifioitu graafisen alan proof-laite. Proof simuloi offset- tai syv\u00e4painon v\u00e4rillisyytt\u00e4 v\u00e4ris\u00e4vyjen ja oikeudellisesti sitovalla tavalla ISO-standardin kapeiden toleranssien rajoissa.\" class=\"encyclopedia\">Todiste<\/a> esitell\u00e4\u00e4n ja niist\u00e4 keskustellaan. <\/p>\n\n\n\n<p class=\"wp-block-paragraph\">Koristeiden vedostus on saanut oman painopisteen, ja siin\u00e4 n\u00e4ytet\u00e4\u00e4n, miten hienostuneet koristepinnat voidaan kuvata, n\u00e4ytt\u00e4\u00e4 oikein soft proofissa ja painaa sitten oikein.<\/p>\n\n\n\n<p class=\"wp-block-paragraph translation-block\">Meille <a href=\"https:\/\/blog1.proofen.de\/es\/lexico-2\/fogra\/\" target=\"_self\" class=\"encyclopedia tooltipstered\">Fogra<\/a>:n j\u00e4senen\u00e4 on tietenkin mielenkiintoista n\u00e4hd\u00e4, miten nykyiset kehityssuuntaukset, kuten seitsenv\u00e4rinen painatus ja seitsenv\u00e4rinen<a href=\"https:\/\/blog1.proofen.de\/es\/lexico-2\/a-prueba-de-colores\/\" target=\"_self\" class=\"encyclopedia tooltipstered\">v\u00e4ritarkistus<\/a>, kehittyv\u00e4t jokaisessa CMS2024-tapahtumassa. Olimme ensimm\u00e4inen yritys, joka sai yli vuosi sitten Fogra55:n mukaan ensimm\u00e4isen\u00e4 sertifioidun ECG-vedosj\u00e4ljenn\u00f6ksen <a href=\"https:\/\/blog1.proofen.de\/es\/lexico-2\/cmyk\/\" target=\"_self\" class=\"encyclopedia tooltipstered\">CMYK<\/a>OGV:lle, mutta vasta nyt ensimm\u00e4iset ty\u00f6t tulevat ja n\u00e4emme, millaisia vaatimuksia asiakkaamme asettavat meille CMYKOGV-vedosj\u00e4ljenn\u00f6ksen osalta ja miten voimme vastata n\u00e4ihin haasteisiin nykyisell\u00e4 <a href=\"https:\/\/blog1.proofen.de\/es\/lexico-2\/ardiente\/\" target=\"_self\" class=\"encyclopedia tooltipstered\">Fiery<\/a> ja <a href=\"https:\/\/blog1.proofen.de\/es\/lexico-2\/gmg\/\" target=\"_self\" class=\"encyclopedia tooltipstered\">GMG<\/a> -proofausohjelmistoilla. On tietysti aina j\u00e4nnitt\u00e4v\u00e4\u00e4 n\u00e4hd\u00e4, miten pakkausteollisuus ja suuret painopalveluntarjoajat k\u00e4sittelev\u00e4t t\u00e4ll\u00e4 hetkell\u00e4 t\u00e4llaisia kysymyksi\u00e4. Ty\u00f6skentelen t\u00e4ll\u00e4 hetkell\u00e4 laajasti uusien teknologioiden ja ohjelmistojen, kuten <a href=\"https:\/\/softproof.com\" target=\"_blank\" rel=\"noopener\" title=\"\">Softproof-ohjelmiston Spectraproof<\/a>, parissa, ja olen eritt\u00e4in iloinen voidessani tavata valmistajan johtajan <a href=\"https:\/\/blog1.proofen.de\/es\/lexico-2\/lacunasolutions\/\" target=\"_self\" class=\"encyclopedia tooltipstered\">Lacunasolutions<\/a> Alexander Demmlerin j\u00e4lleen M\u00fcnchenin Fogra-symposiumissa. Paikan p\u00e4\u00e4ll\u00e4 on aina mukavampaa kuin netiss\u00e4, ja yhdess\u00e4 paahtaminen \"baijerilaisessa illassa\" on yksinkertaisesti mukavampaa kuin virtuaalisesti kahvikupin kanssa paahtaminen Zoomissa tai Signalissa. T\u00e4m\u00e4n illan p\u00e4\u00e4puhuja on muuten Hanno Hoffstadt GMG:lt\u00e4, joka puhuu el\u00e4m\u00e4ss\u00e4mme esiintyv\u00e4st\u00e4 fluoresenssista ... katsotaan, saako h\u00e4n siirretty\u00e4 jokap\u00e4iv\u00e4isen toimistov\u00e4rini hieman kohti <a href=\"https:\/\/blog1.proofen.de\/es\/lexico-2\/oba\/\" target=\"_self\" class=\"encyclopedia tooltipstered\">OBA<\/a> sinist\u00e4.<\/p>\n\n\n\n<p class=\"wp-block-paragraph\">Odotan innolla CMS2024-konferenssia M\u00fcncheniss\u00e4, pakkaan laukkuni, lataan kannettavan tietokoneeni ja etsin uutta muistiinpanov\u00e4linett\u00e4 uusille oivalluksilleni ja uusille testi-ideoilleni.<\/p>","protected":false},"excerpt":{"rendered":"<p>Keskiviikkona 21.2.2024 alkaen Fogra j\u00e4rjest\u00e4\u00e4 j\u00e4lleen kaksip\u00e4iv\u00e4isen v\u00e4rinhallintasymposiumin M\u00fcncheniss\u00e4. Yht\u00e4\u00e4lt\u00e4 tuotantoteollisuuden ja pk-yritysten v\u00e4rinhallinta-asiantuntijat raportoivat v\u00e4rinhallinnan k\u00e4ytt\u00f6\u00f6noton ja toteutuksen tilanteesta, t\u00e4n\u00e4 vuonna muun muassa Proctor &amp; Gamble, L'Or\u00e9al ja K\u00e4rcher, mutta my\u00f6s ECG:n, soft proofin ja hardcopy proofin kaltaisten alojen t\u00e4m\u00e4nhetkinen kehitys esitell\u00e4\u00e4n ja siit\u00e4 keskustellaan. Decoration Proofing -teema on saanut oman painopisteens\u00e4, ja siin\u00e4 n\u00e4ytet\u00e4\u00e4n, miten hienostuneet koristepinnat voidaan kuvata, n\u00e4ytt\u00e4\u00e4 oikein soft proofissa ja painaa sitten oikein. Meille Fogran j\u00e4senen\u00e4 ... <\/p>\n<p class=\"read-more-container\"><a title=\"Fogra Colour Management Symposium 2024 alkaa M\u00fcncheniss\u00e4\" class=\"read-more button\" href=\"http:\/\/blog.proofs.de\/fi\/das-fogra-colormanagement-symposium-2024-in-muenchen-startet\/#more-5604\" aria-label=\"Lue lis\u00e4\u00e4 aiheesta Fogra Colormanagement Symposium 2024 M\u00fcncheniss\u00e4 alkaa!\">Lue lis\u00e4\u00e4<\/a><\/p>","protected":false},"author":2,"featured_media":5605,"comment_status":"open","ping_status":"open","sticky":false,"template":"","format":"standard","meta":{"om_disable_all_campaigns":false,"inline_featured_image":false,"_monsterinsights_skip_tracking":false,"footnotes":""},"categories":[1],"tags":[1374,1371,1376,522,1210,561,1373,1375,568,543,1372],"class_list":["post-5604","post","type-post","status-publish","format-standard","has-post-thumbnail","hentry","category-allgemein","tag-alexander-demmler","tag-cms2024","tag-fluoreszenz","tag-fogra","tag-fogra-mitglied","tag-gmg","tag-hanno-hoffstadt","tag-lacunasolutions","tag-oba","tag-softproof","tag-spectraproof","generate-columns","tablet-grid-50","mobile-grid-100","grid-parent","grid-50","no-featured-image-padding","resize-featured-image"],"aioseo_notices":[],"aioseo_head":"\n\t\t<!-- All in One SEO 5.0.1.1 - aioseo.com -->\n\t<meta name=\"description\" content=\"Ab Mittwoch, dem 21.2.2024 findet wieder das zweit\u00e4tige Farbmanagement-Symposium der Fogra in M\u00fcnchen statt.\" \/>\n\t<meta name=\"robots\" content=\"max-image-preview:large\" \/>\n\t<meta name=\"author\" content=\"Matthias Betz\"\/>\n\t<meta name=\"google-site-verification\" content=\"TuXxyRwxcEg2-WfOaQ8vScWQh3-uBAnxXmY7g3GT90A\" \/>\n\t<meta name=\"keywords\" content=\"alexander demmler,cms2024,fluoreszenz,fogra,fogra mitglied,gmg,hanno hoffstadt,lacunasolutions,oba,softproof,spectraproof\" \/>\n\t<link rel=\"canonical\" href=\"http:\/\/blog.proofs.de\/fi\/das-fogra-colormanagement-symposium-2024-in-muenchen-startet\/\" \/>\n\t<meta name=\"generator\" content=\"All in One SEO (AIOSEO) 5.0.1.1\" \/>\n\n\t\t<meta name=\"seobility\" content=\"593a8578143db71543f014978c690d47\">\n\t\t<meta property=\"og:locale\" content=\"fi_FI\" \/>\n\t\t<meta property=\"og:site_name\" content=\"Proof.de | Alles zu Proof, Farbmanagement, Grafik, Messtechnik &amp; Co.\" \/>\n\t\t<meta property=\"og:type\" content=\"article\" \/>\n\t\t<meta property=\"og:title\" content=\"Das Colormanagement Symposium 2024 startet | proof.de\" \/>\n\t\t<meta property=\"og:description\" content=\"Ab Mittwoch, dem 21.2.2024 findet wieder das zweit\u00e4tige Farbmanagement-Symposium der Fogra in M\u00fcnchen statt.\" \/>\n\t\t<meta property=\"og:url\" content=\"http:\/\/blog.proofs.de\/fi\/das-fogra-colormanagement-symposium-2024-in-muenchen-startet\/\" \/>\n\t\t<meta property=\"og:image\" content=\"http:\/\/blog.proofs.de\/wp-content\/uploads\/2024\/02\/Fogra_Colormanagement_Symposium_2024.png\" \/>\n\t\t<meta property=\"og:image:width\" content=\"1678\" \/>\n\t\t<meta property=\"og:image:height\" content=\"1912\" \/>\n\t\t<meta property=\"article:published_time\" content=\"2024-02-19T00:13:56+00:00\" \/>\n\t\t<meta property=\"article:modified_time\" content=\"2024-02-19T00:13:59+00:00\" \/>\n\t\t<meta property=\"article:publisher\" content=\"https:\/\/www.facebook.com\/Proof.de\/\" \/>\n\t\t<meta name=\"twitter:card\" content=\"summary\" \/>\n\t\t<meta name=\"twitter:title\" content=\"Das Colormanagement Symposium 2024 startet | proof.de\" \/>\n\t\t<meta name=\"twitter:description\" content=\"Ab Mittwoch, dem 21.2.2024 findet wieder das zweit\u00e4tige Farbmanagement-Symposium der Fogra in M\u00fcnchen statt.\" \/>\n\t\t<meta name=\"twitter:image\" content=\"https:\/\/blog.proofs.de\/wp-content\/uploads\/2024\/02\/Fogra_Colormanagement_Symposium_2024.png\" \/>\n\t\t<script type=\"application\/ld+json\" class=\"aioseo-schema\">\n\t\t\t{\"@context\":\"https:\\\/\\\/schema.org\",\"@graph\":[{\"@type\":\"Article\",\"@id\":\"http:\\\/\\\/blog.proofs.de\\\/fi\\\/das-fogra-colormanagement-symposium-2024-in-muenchen-startet\\\/#article\",\"name\":\"Das Colormanagement Symposium 2024 startet | proof.de\",\"headline\":\"Das Fogra Colormanagement Symposium 2024 in M\\u00fcnchen startet\",\"author\":{\"@id\":\"http:\\\/\\\/blog.proofs.de\\\/fi\\\/author\\\/mbetz\\\/#author\"},\"publisher\":{\"@id\":\"http:\\\/\\\/blog.proofs.de\\\/fi\\\/#organization\"},\"image\":{\"@type\":\"ImageObject\",\"url\":\"https:\\\/\\\/blog.proofs.de\\\/wp-content\\\/uploads\\\/2024\\\/02\\\/Fogra_Colormanagement_Symposium_2024.png\",\"width\":1678,\"height\":1912,\"caption\":\"Logo des Fogra Colour Management Symposium 2024 M\\u00fcnchen\"},\"datePublished\":\"2024-02-19T01:13:56+01:00\",\"dateModified\":\"2024-02-19T01:13:59+01:00\",\"inLanguage\":\"fi\",\"mainEntityOfPage\":{\"@id\":\"http:\\\/\\\/blog.proofs.de\\\/fi\\\/das-fogra-colormanagement-symposium-2024-in-muenchen-startet\\\/#webpage\"},\"isPartOf\":{\"@id\":\"http:\\\/\\\/blog.proofs.de\\\/fi\\\/das-fogra-colormanagement-symposium-2024-in-muenchen-startet\\\/#webpage\"},\"articleSection\":\"Allgemein, Alexander Demmler, CMS2024, Fluoreszenz, Fogra, Fogra Mitglied, GMG, Hanno Hoffstadt, Lacunasolutions, OBA, Softproof, Spectraproof\"},{\"@type\":\"BreadcrumbList\",\"@id\":\"http:\\\/\\\/blog.proofs.de\\\/fi\\\/das-fogra-colormanagement-symposium-2024-in-muenchen-startet\\\/#breadcrumblist\",\"itemListElement\":[{\"@type\":\"ListItem\",\"@id\":\"http:\\\/\\\/blog.proofs.de\\\/fi#listItem\",\"position\":1,\"name\":\"Home\",\"item\":\"http:\\\/\\\/blog.proofs.de\\\/fi\",\"nextItem\":{\"@type\":\"ListItem\",\"@id\":\"http:\\\/\\\/blog.proofs.de\\\/fi\\\/thema\\\/allgemein\\\/#listItem\",\"name\":\"Allgemein\"}},{\"@type\":\"ListItem\",\"@id\":\"http:\\\/\\\/blog.proofs.de\\\/fi\\\/thema\\\/allgemein\\\/#listItem\",\"position\":2,\"name\":\"Allgemein\",\"item\":\"http:\\\/\\\/blog.proofs.de\\\/fi\\\/thema\\\/allgemein\\\/\",\"nextItem\":{\"@type\":\"ListItem\",\"@id\":\"http:\\\/\\\/blog.proofs.de\\\/fi\\\/das-fogra-colormanagement-symposium-2024-in-muenchen-startet\\\/#listItem\",\"name\":\"Das Fogra Colormanagement Symposium 2024 in M\\u00fcnchen startet\"},\"previousItem\":{\"@type\":\"ListItem\",\"@id\":\"http:\\\/\\\/blog.proofs.de\\\/fi#listItem\",\"name\":\"Home\"}},{\"@type\":\"ListItem\",\"@id\":\"http:\\\/\\\/blog.proofs.de\\\/fi\\\/das-fogra-colormanagement-symposium-2024-in-muenchen-startet\\\/#listItem\",\"position\":3,\"name\":\"Das Fogra Colormanagement Symposium 2024 in M\\u00fcnchen startet\",\"previousItem\":{\"@type\":\"ListItem\",\"@id\":\"http:\\\/\\\/blog.proofs.de\\\/fi\\\/thema\\\/allgemein\\\/#listItem\",\"name\":\"Allgemein\"}}]},{\"@type\":\"Organization\",\"@id\":\"http:\\\/\\\/blog.proofs.de\\\/fi\\\/#organization\",\"name\":\"Proof GmbH\",\"description\":\"Farbverbindlicher Proof, Farbproof, Digitalproof und Online-Proof.\",\"url\":\"http:\\\/\\\/blog.proofs.de\\\/fi\\\/\",\"telephone\":\"+4970717952740\",\"logo\":{\"@type\":\"ImageObject\",\"url\":\"https:\\\/\\\/blog1.proofen.de\\\/wp-content\\\/uploads\\\/2019\\\/09\\\/logo_proof_rgb_mit_balken_250px.png\",\"@id\":\"http:\\\/\\\/blog.proofs.de\\\/fi\\\/das-fogra-colormanagement-symposium-2024-in-muenchen-startet\\\/#organizationLogo\"},\"image\":{\"@id\":\"http:\\\/\\\/blog.proofs.de\\\/fi\\\/das-fogra-colormanagement-symposium-2024-in-muenchen-startet\\\/#organizationLogo\"},\"sameAs\":[\"https:\\\/\\\/www.facebook.com\\\/Proof.de\\\/\",\"https:\\\/\\\/www.instagram.com\\\/proof.de\\\/\",\"https:\\\/\\\/www.tiktok.com\\\/@proof_de\",\"https:\\\/\\\/www.youtube.com\\\/channel\\\/UCk80fQVQ25wC9wu3SywB-Nw\",\"https:\\\/\\\/www.linkedin.com\\\/company\\\/proof-de\"]},{\"@type\":\"Person\",\"@id\":\"http:\\\/\\\/blog.proofs.de\\\/fi\\\/author\\\/mbetz\\\/#author\",\"url\":\"http:\\\/\\\/blog.proofs.de\\\/fi\\\/author\\\/mbetz\\\/\",\"name\":\"Matthias Betz\",\"image\":{\"@type\":\"ImageObject\",\"@id\":\"http:\\\/\\\/blog.proofs.de\\\/fi\\\/das-fogra-colormanagement-symposium-2024-in-muenchen-startet\\\/#authorImage\",\"url\":\"https:\\\/\\\/blog.proofs.de\\\/wp-content\\\/uploads\\\/2020\\\/10\\\/matthias-betz-e1603934518350-150x150.png\",\"width\":96,\"height\":96,\"caption\":\"Matthias Betz\"}},{\"@type\":\"WebPage\",\"@id\":\"http:\\\/\\\/blog.proofs.de\\\/fi\\\/das-fogra-colormanagement-symposium-2024-in-muenchen-startet\\\/#webpage\",\"url\":\"http:\\\/\\\/blog.proofs.de\\\/fi\\\/das-fogra-colormanagement-symposium-2024-in-muenchen-startet\\\/\",\"name\":\"Das Colormanagement Symposium 2024 startet | proof.de\",\"description\":\"Ab Mittwoch, dem 21.2.2024 findet wieder das zweit\\u00e4tige Farbmanagement-Symposium der Fogra in M\\u00fcnchen statt.\",\"inLanguage\":\"fi\",\"isPartOf\":{\"@id\":\"http:\\\/\\\/blog.proofs.de\\\/fi\\\/#website\"},\"breadcrumb\":{\"@id\":\"http:\\\/\\\/blog.proofs.de\\\/fi\\\/das-fogra-colormanagement-symposium-2024-in-muenchen-startet\\\/#breadcrumblist\"},\"author\":{\"@id\":\"http:\\\/\\\/blog.proofs.de\\\/fi\\\/author\\\/mbetz\\\/#author\"},\"creator\":{\"@id\":\"http:\\\/\\\/blog.proofs.de\\\/fi\\\/author\\\/mbetz\\\/#author\"},\"image\":{\"@type\":\"ImageObject\",\"url\":\"https:\\\/\\\/blog.proofs.de\\\/wp-content\\\/uploads\\\/2024\\\/02\\\/Fogra_Colormanagement_Symposium_2024.png\",\"@id\":\"http:\\\/\\\/blog.proofs.de\\\/fi\\\/das-fogra-colormanagement-symposium-2024-in-muenchen-startet\\\/#mainImage\",\"width\":1678,\"height\":1912,\"caption\":\"Logo des Fogra Colour Management Symposium 2024 M\\u00fcnchen\"},\"primaryImageOfPage\":{\"@id\":\"http:\\\/\\\/blog.proofs.de\\\/fi\\\/das-fogra-colormanagement-symposium-2024-in-muenchen-startet\\\/#mainImage\"},\"datePublished\":\"2024-02-19T01:13:56+01:00\",\"dateModified\":\"2024-02-19T01:13:59+01:00\"},{\"@type\":\"WebSite\",\"@id\":\"http:\\\/\\\/blog.proofs.de\\\/fi\\\/#website\",\"url\":\"http:\\\/\\\/blog.proofs.de\\\/fi\\\/\",\"name\":\"Proof.de\",\"description\":\"Farbverbindlicher Proof, Farbproof, Digitalproof und Online-Proof.\",\"inLanguage\":\"fi\",\"publisher\":{\"@id\":\"http:\\\/\\\/blog.proofs.de\\\/fi\\\/#organization\"}}]}\n\t\t<\/script>\n\t\t<!-- All in One SEO -->\n\n","aioseo_head_json":{"title":"Colour Management Symposium 2024 alkaa | proof.de","description":"Fogran kaksip\u00e4iv\u00e4inen v\u00e4rinhallintasymposium j\u00e4rjestet\u00e4\u00e4n j\u00e4lleen M\u00fcncheniss\u00e4 keskiviikkona 21.2.2024.","canonical_url":"http:\/\/blog.proofs.de\/fi\/das-fogra-colormanagement-symposium-2024-in-muenchen-startet\/","robots":"max-image-preview:large","keywords":"alexander demmler,cms2024,fluoreszenz,fogra,fogra mitglied,gmg,hanno hoffstadt,lacunasolutions,oba,softproof,spectraproof","webmasterTools":{"google-site-verification":"TuXxyRwxcEg2-WfOaQ8vScWQh3-uBAnxXmY7g3GT90A","miscellaneous":"&lt;meta name=\"seobility\" content=\"593a8578143db71543f014978c690d47\"&gt;"},"schema":{"@context":"https:\/\/schema.org","@graph":[{"@type":"Article","@id":"http:\/\/blog.proofs.de\/fi\/das-fogra-colormanagement-symposium-2024-in-muenchen-startet\/#article","name":"Das Colormanagement Symposium 2024 startet | proof.de","headline":"Das Fogra Colormanagement Symposium 2024 in M\u00fcnchen startet","author":{"@id":"http:\/\/blog.proofs.de\/fi\/author\/mbetz\/#author"},"publisher":{"@id":"http:\/\/blog.proofs.de\/fi\/#organization"},"image":{"@type":"ImageObject","url":"https:\/\/blog.proofs.de\/wp-content\/uploads\/2024\/02\/Fogra_Colormanagement_Symposium_2024.png","width":1678,"height":1912,"caption":"Logo des Fogra Colour Management Symposium 2024 M\u00fcnchen"},"datePublished":"2024-02-19T01:13:56+01:00","dateModified":"2024-02-19T01:13:59+01:00","inLanguage":"fi","mainEntityOfPage":{"@id":"http:\/\/blog.proofs.de\/fi\/das-fogra-colormanagement-symposium-2024-in-muenchen-startet\/#webpage"},"isPartOf":{"@id":"http:\/\/blog.proofs.de\/fi\/das-fogra-colormanagement-symposium-2024-in-muenchen-startet\/#webpage"},"articleSection":"Allgemein, Alexander Demmler, CMS2024, Fluoreszenz, Fogra, Fogra Mitglied, GMG, Hanno Hoffstadt, Lacunasolutions, OBA, Softproof, Spectraproof"},{"@type":"BreadcrumbList","@id":"http:\/\/blog.proofs.de\/fi\/das-fogra-colormanagement-symposium-2024-in-muenchen-startet\/#breadcrumblist","itemListElement":[{"@type":"ListItem","@id":"http:\/\/blog.proofs.de\/fi#listItem","position":1,"name":"Home","item":"http:\/\/blog.proofs.de\/fi","nextItem":{"@type":"ListItem","@id":"http:\/\/blog.proofs.de\/fi\/thema\/allgemein\/#listItem","name":"Allgemein"}},{"@type":"ListItem","@id":"http:\/\/blog.proofs.de\/fi\/thema\/allgemein\/#listItem","position":2,"name":"Allgemein","item":"http:\/\/blog.proofs.de\/fi\/thema\/allgemein\/","nextItem":{"@type":"ListItem","@id":"http:\/\/blog.proofs.de\/fi\/das-fogra-colormanagement-symposium-2024-in-muenchen-startet\/#listItem","name":"Das Fogra Colormanagement Symposium 2024 in M\u00fcnchen startet"},"previousItem":{"@type":"ListItem","@id":"http:\/\/blog.proofs.de\/fi#listItem","name":"Home"}},{"@type":"ListItem","@id":"http:\/\/blog.proofs.de\/fi\/das-fogra-colormanagement-symposium-2024-in-muenchen-startet\/#listItem","position":3,"name":"Das Fogra Colormanagement Symposium 2024 in M\u00fcnchen startet","previousItem":{"@type":"ListItem","@id":"http:\/\/blog.proofs.de\/fi\/thema\/allgemein\/#listItem","name":"Allgemein"}}]},{"@type":"Organization","@id":"http:\/\/blog.proofs.de\/fi\/#organization","name":"Proof GmbH","description":"Farbverbindlicher Proof, Farbproof, Digitalproof und Online-Proof.","url":"http:\/\/blog.proofs.de\/fi\/","telephone":"+4970717952740","logo":{"@type":"ImageObject","url":"https:\/\/blog1.proofen.de\/wp-content\/uploads\/2019\/09\/logo_proof_rgb_mit_balken_250px.png","@id":"http:\/\/blog.proofs.de\/fi\/das-fogra-colormanagement-symposium-2024-in-muenchen-startet\/#organizationLogo"},"image":{"@id":"http:\/\/blog.proofs.de\/fi\/das-fogra-colormanagement-symposium-2024-in-muenchen-startet\/#organizationLogo"},"sameAs":["https:\/\/www.facebook.com\/Proof.de\/","https:\/\/www.instagram.com\/proof.de\/","https:\/\/www.tiktok.com\/@proof_de","https:\/\/www.youtube.com\/channel\/UCk80fQVQ25wC9wu3SywB-Nw","https:\/\/www.linkedin.com\/company\/proof-de"]},{"@type":"Person","@id":"http:\/\/blog.proofs.de\/fi\/author\/mbetz\/#author","url":"http:\/\/blog.proofs.de\/fi\/author\/mbetz\/","name":"Matthias Betz","image":{"@type":"ImageObject","@id":"http:\/\/blog.proofs.de\/fi\/das-fogra-colormanagement-symposium-2024-in-muenchen-startet\/#authorImage","url":"https:\/\/blog.proofs.de\/wp-content\/uploads\/2020\/10\/matthias-betz-e1603934518350-150x150.png","width":96,"height":96,"caption":"Matthias Betz"}},{"@type":"WebPage","@id":"http:\/\/blog.proofs.de\/fi\/das-fogra-colormanagement-symposium-2024-in-muenchen-startet\/#webpage","url":"http:\/\/blog.proofs.de\/fi\/das-fogra-colormanagement-symposium-2024-in-muenchen-startet\/","name":"Das Colormanagement Symposium 2024 startet | proof.de","description":"Ab Mittwoch, dem 21.2.2024 findet wieder das zweit\u00e4tige Farbmanagement-Symposium der Fogra in M\u00fcnchen statt.","inLanguage":"fi","isPartOf":{"@id":"http:\/\/blog.proofs.de\/fi\/#website"},"breadcrumb":{"@id":"http:\/\/blog.proofs.de\/fi\/das-fogra-colormanagement-symposium-2024-in-muenchen-startet\/#breadcrumblist"},"author":{"@id":"http:\/\/blog.proofs.de\/fi\/author\/mbetz\/#author"},"creator":{"@id":"http:\/\/blog.proofs.de\/fi\/author\/mbetz\/#author"},"image":{"@type":"ImageObject","url":"https:\/\/blog.proofs.de\/wp-content\/uploads\/2024\/02\/Fogra_Colormanagement_Symposium_2024.png","@id":"http:\/\/blog.proofs.de\/fi\/das-fogra-colormanagement-symposium-2024-in-muenchen-startet\/#mainImage","width":1678,"height":1912,"caption":"Logo des Fogra Colour Management Symposium 2024 M\u00fcnchen"},"primaryImageOfPage":{"@id":"http:\/\/blog.proofs.de\/fi\/das-fogra-colormanagement-symposium-2024-in-muenchen-startet\/#mainImage"},"datePublished":"2024-02-19T01:13:56+01:00","dateModified":"2024-02-19T01:13:59+01:00"},{"@type":"WebSite","@id":"http:\/\/blog.proofs.de\/fi\/#website","url":"http:\/\/blog.proofs.de\/fi\/","name":"Proof.de","description":"Farbverbindlicher Proof, Farbproof, Digitalproof und Online-Proof.","inLanguage":"fi","publisher":{"@id":"http:\/\/blog.proofs.de\/fi\/#organization"}}]},"og:locale":"fi_FI","og:site_name":"Proof.de | Alles zu Proof, Farbmanagement, Grafik, Messtechnik &amp; Co.","og:type":"article","og:title":"Das Colormanagement Symposium 2024 startet | proof.de","og:description":"Ab Mittwoch, dem 21.2.2024 findet wieder das zweit\u00e4tige Farbmanagement-Symposium der Fogra in M\u00fcnchen statt.","og:url":"http:\/\/blog.proofs.de\/fi\/das-fogra-colormanagement-symposium-2024-in-muenchen-startet\/","og:image":"http:\/\/blog.proofs.de\/wp-content\/uploads\/2024\/02\/Fogra_Colormanagement_Symposium_2024.png","og:image:width":1678,"og:image:height":1912,"article:published_time":"2024-02-19T00:13:56+00:00","article:modified_time":"2024-02-19T00:13:59+00:00","article:publisher":"https:\/\/www.facebook.com\/Proof.de\/","twitter:card":"summary","twitter:title":"Das Colormanagement Symposium 2024 startet | proof.de","twitter:description":"Ab Mittwoch, dem 21.2.2024 findet wieder das zweit\u00e4tige Farbmanagement-Symposium der Fogra in M\u00fcnchen statt.","twitter:image":"https:\/\/blog.proofs.de\/wp-content\/uploads\/2024\/02\/Fogra_Colormanagement_Symposium_2024.png"},"aioseo_meta_data":{"post_id":"5604","title":"Colour Management Symposium 2024 alkaa | proof.de","description":"Fogran kaksip\u00e4iv\u00e4inen v\u00e4rinhallintasymposium j\u00e4rjestet\u00e4\u00e4n j\u00e4lleen M\u00fcncheniss\u00e4 keskiviikkona 21.2.2024.","keywords":[],"keyphrases":{"focus":{"keyphrase":"","score":0,"analysis":{"keyphraseInTitle":{"score":0,"maxScore":9,"error":1}}},"additional":[]},"primary_term":null,"canonical_url":null,"og_title":null,"og_description":null,"og_object_type":"default","og_image_type":"default","og_image_url":null,"og_image_width":null,"og_image_height":null,"og_image_custom_url":null,"og_image_custom_fields":null,"og_video":"","og_custom_url":null,"og_article_section":null,"og_article_tags":[],"twitter_use_og":true,"twitter_card":"default","twitter_image_type":"default","twitter_image_url":null,"twitter_image_custom_url":null,"twitter_image_custom_fields":null,"twitter_title":null,"twitter_description":null,"schema":{"blockGraphs":[],"customGraphs":[],"default":{"data":{"Article":[],"Course":[],"Dataset":[],"FAQPage":[],"Movie":[],"Person":[],"Product":[],"ProductReview":[],"Car":[],"Recipe":[],"Service":[],"SoftwareApplication":[],"WebPage":[]},"graphName":"Article","isEnabled":true},"graphs":[]},"schema_type":"default","schema_type_options":null,"pillar_content":false,"robots_default":true,"robots_noindex":false,"robots_noarchive":false,"robots_nosnippet":false,"robots_nofollow":false,"robots_noimageindex":false,"robots_noodp":false,"robots_notranslate":false,"robots_max_snippet":"-1","robots_max_videopreview":"-1","robots_max_imagepreview":"large","priority":null,"frequency":"default","local_seo":null,"breadcrumb_settings":null,"limit_modified_date":false,"ai":null,"created":"2024-02-18 23:38:52","updated":"2025-06-04 14:29:05","seo_analyzer_scan_date":null,"focus_keyword":null,"additional_keywords":null,"truseo_locale":null},"_links":{"self":[{"href":"http:\/\/blog.proofs.de\/fi\/wp-json\/wp\/v2\/posts\/5604","targetHints":{"allow":["GET"]}}],"collection":[{"href":"http:\/\/blog.proofs.de\/fi\/wp-json\/wp\/v2\/posts"}],"about":[{"href":"http:\/\/blog.proofs.de\/fi\/wp-json\/wp\/v2\/types\/post"}],"author":[{"embeddable":true,"href":"http:\/\/blog.proofs.de\/fi\/wp-json\/wp\/v2\/users\/2"}],"replies":[{"embeddable":true,"href":"http:\/\/blog.proofs.de\/fi\/wp-json\/wp\/v2\/comments?post=5604"}],"version-history":[{"count":1,"href":"http:\/\/blog.proofs.de\/fi\/wp-json\/wp\/v2\/posts\/5604\/revisions"}],"predecessor-version":[{"id":5606,"href":"http:\/\/blog.proofs.de\/fi\/wp-json\/wp\/v2\/posts\/5604\/revisions\/5606"}],"wp:featuredmedia":[{"embeddable":true,"href":"http:\/\/blog.proofs.de\/fi\/wp-json\/wp\/v2\/media\/5605"}],"wp:attachment":[{"href":"http:\/\/blog.proofs.de\/fi\/wp-json\/wp\/v2\/media?parent=5604"}],"wp:term":[{"taxonomy":"category","embeddable":true,"href":"http:\/\/blog.proofs.de\/fi\/wp-json\/wp\/v2\/categories?post=5604"},{"taxonomy":"post_tag","embeddable":true,"href":"http:\/\/blog.proofs.de\/fi\/wp-json\/wp\/v2\/tags?post=5604"}],"curies":[{"name":"wp","href":"https:\/\/api.w.org\/{rel}","templated":true}]}}