{"id":5023,"date":"2022-11-08T13:53:19","date_gmt":"2022-11-08T12:53:19","guid":{"rendered":"https:\/\/www.proof.de\/?p=5023"},"modified":"2023-07-20T09:16:32","modified_gmt":"2023-07-20T07:16:32","slug":"myiro-9","status":"publish","type":"post","link":"http:\/\/blog.proofs.de\/fr\/myiro-9\/","title":{"rendered":"MYIRO-9 : le nouveau colorim\u00e8tre de KonicaMinolta en action"},"content":{"rendered":"<div class=\"kk-star-ratings kksr-auto kksr-align-right kksr-valign-top\" data-payload='{\"align\":\"right\",\"id\":\"5023\",\"slug\":\"default\",\"valign\":\"top\",\"ignore\":\"\",\"reference\":\"auto\",\"class\":\"\",\"count\":\"1\",\"legendonly\":\"\",\"readonly\":\"\",\"score\":\"5\",\"starsonly\":\"\",\"best\":\"5\",\"gap\":\"5\",\"greet\":\"Jetzt bewerten\",\"legend\":\"5\\\/5 - (1 vote)\",\"size\":\"24\",\"title\":\"MYIRO-9: Neues Farbmessger&auml;t von KonicaMinolta im Einsatz\",\"width\":\"142.5\",\"_legend\":\"{score}\\\/{best} - ({count} {votes})\",\"font_factor\":\"1.25\"}'>\n            \n<div class=\"kksr-stars\">\n    \n<div class=\"kksr-stars-inactive\">\n            <div class=\"kksr-star\" data-star=\"1\" style=\"padding-right: 5px\">\n            \n\n<div class=\"kksr-icon\" style=\"width: 24px; height: 24px;\"><\/div>\n        <\/div>\n            <div class=\"kksr-star\" data-star=\"2\" style=\"padding-right: 5px\">\n            \n\n<div class=\"kksr-icon\" style=\"width: 24px; height: 24px;\"><\/div>\n        <\/div>\n            <div class=\"kksr-star\" data-star=\"3\" style=\"padding-right: 5px\">\n            \n\n<div class=\"kksr-icon\" style=\"width: 24px; height: 24px;\"><\/div>\n        <\/div>\n            <div class=\"kksr-star\" data-star=\"4\" style=\"padding-right: 5px\">\n            \n\n<div class=\"kksr-icon\" style=\"width: 24px; height: 24px;\"><\/div>\n        <\/div>\n            <div class=\"kksr-star\" data-star=\"5\" style=\"padding-right: 5px\">\n            \n\n<div class=\"kksr-icon\" style=\"width: 24px; height: 24px;\"><\/div>\n        <\/div>\n    <\/div>\n    \n<div class=\"kksr-stars-active\" style=\"width: 142.5px;\">\n            <div class=\"kksr-star\" style=\"padding-right: 5px\">\n            \n\n<div class=\"kksr-icon\" style=\"width: 24px; height: 24px;\"><\/div>\n        <\/div>\n            <div class=\"kksr-star\" style=\"padding-right: 5px\">\n            \n\n<div class=\"kksr-icon\" style=\"width: 24px; height: 24px;\"><\/div>\n        <\/div>\n            <div class=\"kksr-star\" style=\"padding-right: 5px\">\n            \n\n<div class=\"kksr-icon\" style=\"width: 24px; height: 24px;\"><\/div>\n        <\/div>\n            <div class=\"kksr-star\" style=\"padding-right: 5px\">\n            \n\n<div class=\"kksr-icon\" style=\"width: 24px; height: 24px;\"><\/div>\n        <\/div>\n            <div class=\"kksr-star\" style=\"padding-right: 5px\">\n            \n\n<div class=\"kksr-icon\" style=\"width: 24px; height: 24px;\"><\/div>\n        <\/div>\n    <\/div>\n<\/div>\n                \n\n<div class=\"kksr-legend\" style=\"font-size: 19.2px;\">\n            5\/5 - (1 vote)    <\/div>\n    <\/div>\n\n<p class=\"wp-block-paragraph translation-block\">Ces derniers mois, chez <a href=\"https:\/\/blog1.proofen.de\/es\/lexico-2\/prueba\/\" target=\"_self\" class=\"encyclopedia tooltipstered\">Proof<\/a>.fr, nous avons envisag\u00e9 d'am\u00e9liorer encore notre technique de mesure des couleurs, d\u00e9j\u00e0 tr\u00e8s bonne, en termes de vitesse et de pr\u00e9cision de mesure. Assez rapidement, il est devenu \u00e9vident que seuls deux appareils pouvaient \u00eatre utilis\u00e9s \u00e0 cette fin : Le KonicaMinolta MYIRO-9, le successeur de l'ancien FD-9, ou le X-Rite ISIS 2 XL.<\/p>\n\n\n\n<p class=\"wp-block-paragraph translation-block\">Le point de d\u00e9part : comme nous disposons de 5 appareils d'\u00e9preuvage \u00e0 la Proof GmbH, la mesure des cibles pour l'optimisation des profils est une t\u00e2che critique pour nous en termes de temps. C'est pourquoi nous avons cherch\u00e9 \u00e0 mettre \u00e0 niveau notre table X-Rite i1-iO au cours des derniers mois, car nous avons toujours \u00e9t\u00e9 confront\u00e9s \u00e0 la difficult\u00e9 suivante : lorsque nous lancions une <a href=\"https:\/\/blog1.proofen.de\/es\/lexico-2\/medicion-del-color\/\" target=\"_self\" class=\"encyclopedia tooltipstered\">mesure de la couleur pour l'optimisation du profil, nous devions toujours mesurer deux cibles par cycle de mesure. Et la mesure sur la table i1-iO consiste \u00e0 cliquer trois fois sur la cible, puis \u00e0 cliquer \u00e0 nouveau pour lancer la mesure. Apr\u00e8s quelques minutes, la premi\u00e8re cible \u00e9tait mesur\u00e9e, elle devait \u00eatre retir\u00e9e de la table de mesure, la nouvelle cible \u00e9tait pos\u00e9e, on cliquait \u00e0 nouveau trois fois, puis on cliquait sur \"Mesurer\" et \u00e0 un moment donn\u00e9, un graphique <a href=\"https:\/\/blog1.proofen.de\/es\/lexico-2\/grafico-de-control-it8\/\" target=\"_self\" class=\"encyclopedia tooltipstered\">IT8<\/a> avec 1.617 champs de mesure \u00e9tait mesur\u00e9, voire plus de 1.800 pour une cible modifi\u00e9e. Le tout a ensuite \u00e9t\u00e9 optimis\u00e9, puis est pass\u00e9 \u00e0 la phase suivante d'impression, de mesure et d'optimisation, et - en fonction du r\u00e9sultat de l'optimisation - a \u00e9t\u00e9 r\u00e9p\u00e9t\u00e9 3 \u00e0 4 fois par imprimante et par <a href=\"https:\/\/blog1.proofen.de\/es\/lexico-2\/pruebas\/\" target=\"_self\" class=\"encyclopedia tooltipstered\">substrat d'\u00e9preuve<\/a>. Comme la table iO doit \u00e9galement parcourir chaque ligne deux fois lors des mesures M1, la vitesse de mesure \u00e9tait encore plus r\u00e9duite pour tous les substrats d'\u00e9preuves contenant <a href=\"https:\/\/blog1.proofen.de\/es\/lexico-2\/oba\/\" target=\"_self\" class=\"encyclopedia tooltipstered\">OBA<\/a>.<\/p>\n\n\n\n<p class=\"wp-block-paragraph\"><\/p>\n\n\n\n<h2 class=\"wp-block-heading\">Notre choix : le KonicaMinolta MYIRO-9<\/h2>\n\n\n\n<figure class=\"wp-block-embed is-type-video is-provider-youtube wp-block-embed-youtube wp-embed-aspect-16-9 wp-has-aspect-ratio\"><div class=\"wp-block-embed__wrapper\">\n<iframe loading=\"lazy\" hcb-fetch-image-from=\"https:\/\/youtu.be\/yGk9G4yxHbU?rel=0\" title=\"Proof.fr : Le nouveau colorim\u00e8tre MYIRO-9 de KonicaMinolta en action\" width=\"1200\" height=\"675\" src=\"https:\/\/www.youtube.com\/embed\/yGk9G4yxHbU?feature=oembed\" frameborder=\"0\" allow=\"accelerometer; autoplay; clipboard-write; encrypted-media; gyroscope; picture-in-picture; web-share\" allowfullscreen><\/iframe>\n<\/div><\/figure>\n\n\n\n<p class=\"wp-block-paragraph\">Apr\u00e8s r\u00e9flexion, nous avons opt\u00e9 pour le KonicaMinolta MYIRO-9, pourquoi ? Le X-Rite ISIS 2 XL a \u00e9t\u00e9 choisi pour plusieurs raisons : Nous serions rest\u00e9s dans l'univers X-Rite, l'appareil est rapide et pr\u00e9sente une faible variation d'un appareil de mesure \u00e0 l'autre et d'une mesure \u00e0 l'autre... et gr\u00e2ce \u00e0 la bonne harmonisation au sein de la famille X-Rite, nous aurions certainement obtenu de tr\u00e8s bons r\u00e9sultats. Mais le MYIRO-9 est tout simplement un cran au-dessus de ses concurrents de X-Rite en termes de vitesse et de pr\u00e9cision de mesure. <\/p>\n\n\n<div class=\"wp-block-image\">\n<figure class=\"alignright size-large is-resized\"><a href=\"https:\/\/blog1.proofen.de\/wp-content\/uploads\/2022\/10\/Bildschirmfoto-2022-10-20-um-01.50.09.png\"><img loading=\"lazy\" decoding=\"async\" src=\"https:\/\/blog1.proofen.de\/wp-content\/uploads\/2022\/10\/Bildschirmfoto-2022-10-20-um-01.50.09-1024x526.png\" alt=\"La nouvelle MYIRO-9 de KonicaMinolta en action au Proof GmbH \u00e0 T\u00fcbingen\" class=\"wp-image-5051\" width=\"439\" height=\"226\" srcset=\"https:\/\/blog.proofs.de\/wp-content\/uploads\/2022\/10\/Bildschirmfoto-2022-10-20-um-01.50.09-1024x526.png 1024w, https:\/\/blog.proofs.de\/wp-content\/uploads\/2022\/10\/Bildschirmfoto-2022-10-20-um-01.50.09-300x154.png 300w, https:\/\/blog.proofs.de\/wp-content\/uploads\/2022\/10\/Bildschirmfoto-2022-10-20-um-01.50.09-768x394.png 768w, https:\/\/blog.proofs.de\/wp-content\/uploads\/2022\/10\/Bildschirmfoto-2022-10-20-um-01.50.09.png 1336w\" sizes=\"auto, (max-width: 439px) 100vw, 439px\"><\/a><\/figure>\n<\/div>\n\n\n<p class=\"wp-block-paragraph\">Il mesure environ 1500 champs de couleur en seulement 4 minutes, et ce en M0\/M1\/M2 en un seul passage de mesure. Dans notre pratique, une cible de 1617 champs est donc enti\u00e8rement mesur\u00e9e en 5 minutes environ. Avec une r\u00e9p\u00e9tabilit\u00e9 \u00e0 court terme de \u0394E00 0,05 et une concordance d'appareil de \u0394E00 0,3, il mesure en outre avec une extr\u00eame pr\u00e9cision. <\/p>\n\n\n\n<p class=\"wp-block-paragraph translation-block\">Passionnant : le MYIRO-9 ne se contente pas de parcourir la ligne de mesure, il s'arr\u00eate<a href=\"https:\/\/blog1.proofen.de\/es\/lexico-2\/opp\/\" target=\"_self\" class=\"encyclopedia tooltipstered\">opp<\/a> extr\u00eamement bri\u00e8vement au-dessus de chaque champ, mesure, puis passe au champ suivant et \u00e0 la mesure suivante - et ce \u00e0 une vitesse extr\u00eame. Et m\u00eame si nous \u00e9tions un peu sceptiques au d\u00e9but : M\u00eame sur des surfaces textur\u00e9es comme la toile, il a jusqu'\u00e0 pr\u00e9sent pris toutes les mesures avec pr\u00e9cision et bien, et a fourni des r\u00e9sultats de mesure rapides.<\/p>\n\n\n\n<p class=\"wp-block-paragraph\">Et il a un autre avantage : il poss\u00e8de une compensation de temp\u00e9rature qui compense l'\u00e9chauffement de l'appareil de mesure, en particulier lors d'utilisations prolong\u00e9es. Comme nous devons mesurer environ 100.000 champs lors d'une tourn\u00e9e de mesure de nos seuls papiers d'\u00e9preuves courants sur nos imprimantes d'\u00e9preuves, une compensation de la d\u00e9rive thermique est ici un argument compr\u00e9hensible.&nbsp;<\/p>\n\n\n\n<p class=\"wp-block-paragraph\"><a href=\"https:\/\/www.myiro.com\" target=\"_blank\" rel=\"noopener\" title=\"MYIRO.com Site web de KonicaMinolta avec plus d&#039;informations sur MYIRO-9 et MYIRO-1\">Vous trouverez \u00e9galement de plus amples informations sur MYIRO-9 sur le site web de MYIRO : MYIRO.com<\/a><\/p>\n\n\n\n<p class=\"wp-block-paragraph\">Apr\u00e8s quelques discussions avec Claas Bickeb\u00f6ller de KonicaMinolta et Jan-Peter Homann de Homann Colormanagement, nous avons d\u00e9cid\u00e9 d'acheter l'appareil malgr\u00e9 les incertitudes que nous avons d\u00e9crites : Le gain de vitesse et de pr\u00e9cision \u00e9tait tout simplement trop tentant.&nbsp;<\/p>\n\n\n\n<h2 class=\"wp-block-heading\">Le MYIRO-9 : il s'int\u00e8gre parfaitement dans notre univers de mesure des \u00e9preuves<\/h2>\n\n\n\n<p class=\"wp-block-paragraph translation-block\">Notre MYIRO-9 est maintenant en service depuis quelques semaines et a d\u00e9j\u00e0 subi plusieurs tests. Tout d'abord, nous avons v\u00e9rifi\u00e9 la pr\u00e9cision de nos mesures i1-iO pr\u00e9c\u00e9dentes avec nos deux X-Rite i1 Pro-2 et cinq X-Rite ILS-30 afin d'analyser dans quelle mesure l'appareil KonicaMinolta s'int\u00e9grerait dans notre univers de mesure. Comme toutes nos imprimantes d'\u00e9preuves sont \u00e9quip\u00e9es de Spectroproofer, les calibrages et lin\u00e9arisations de chaque appareil d'\u00e9preuvage sont toujours effectu\u00e9s par les appareils de mesure ILS-30 int\u00e9gr\u00e9s dans les imprimantes d'\u00e9preuves, et les profils <a href=\"https:\/\/blog1.proofen.de\/es\/lexico-2\/icc\/\" target=\"_self\" class=\"encyclopedia tooltipstered\">ICC<\/a> de chaque support d'\u00e9preuve sont \u00e9galement cr\u00e9\u00e9s par l'ILS-30.<\/p>\n\n\n\n<p class=\"wp-block-paragraph\">Nous avons ensuite commenc\u00e9 par optimiser le profil de chaque \u00e9preuve et avons compar\u00e9 les r\u00e9sultats d'\u00e9preuves de la nouvelle optimisation avec les r\u00e9sultats d'\u00e9preuves pr\u00e9c\u00e9dents, visuellement et par des mesures sur nos plateformes de test. Une fois qu'il \u00e9tait clair que nous pouvions changer sans probl\u00e8me, nous avons fini par optimiser le profil de tous les substrats d'\u00e9preuves sur toutes les \u00e9preuves avec le MYIRO-9 pendant plusieurs jours, puis nous avons \u00e0 nouveau compar\u00e9 les r\u00e9sultats. Et comme nous n'avons pas rencontr\u00e9 de difficult\u00e9s, nous avons mis en \u0153uvre les nouvelles optimisations de profil MYIRO-9 dans tous les flux de production d\u00e9but octobre.<\/p>\n\n\n\n<p class=\"wp-block-paragraph translation-block\">Rien qu'au cours de la premi\u00e8re ex\u00e9cution, le MYIRO-9 a d\u00fb mesurer pr\u00e8s de 200 000 champs pour adapter tous les flux de travail aux nouvelles optimisations de profil, ce qu'il a fait avec brio<a href=\"https:\/\/blog1.proofen.de\/es\/lexico-2\/led\/\" target=\"_self\" class=\"encyclopedia tooltipstered\">led<\/a>. Nous continuerons \u00e0 mettre en place des flux de travail plus sp\u00e9cifiques pour les clients et les projets dans les semaines \u00e0 venir. Mais il est d\u00e9j\u00e0 clair que notre nouvel instrument de mesure \u00e9tait le bon choix pour nous.<\/p>\n\n\n\n<h2 class=\"wp-block-heading\">Le joueur d'\u00e9quipe en r\u00e9seau<\/h2>\n\n\n\n<p class=\"wp-block-paragraph\">La capacit\u00e9 de mise en r\u00e9seau a \u00e9galement \u00e9t\u00e9 un crit\u00e8re important dans notre d\u00e9cision en faveur du MYIRO-9. <\/p>\n\n\n\n<p class=\"wp-block-paragraph translation-block\">Comme la mesure par le MYIRO-9 est plus bruyante qu'avec les tables iO de X-Rite, qui sont en outre sans ventilateur, en raison des \"\u00e0-coups\" de la t\u00eate de mesure dus \u00e0 la mesure d'un seul champ, nous avons plac\u00e9 l'appareil de mesure dans la salle d'\u00e9preuves, loin de nos <a href=\"https:\/\/blog1.proofen.de\/es\/lexico-2\/efi\/\" target=\"_self\" class=\"encyclopedia tooltipstered\">EFI<\/a> et <a href=\"https:\/\/blog1.proofen.de\/es\/lexico-2\/gmg\/\" target=\"_self\" class=\"encyclopedia tooltipstered\">GMG<\/a> serveurs. Mais comme le MYIRO-9 peut \u00eatre facilement connect\u00e9 au r\u00e9seau via Ethernet, il est disponible pour toutes nos applications, quel que soit leur emplacement. Qu'il s'agisse de <a href=\"https:\/\/blog1.proofen.de\/es\/lexico-2\/ardiente\/\" target=\"_self\" class=\"encyclopedia tooltipstered\">Fiery<\/a> XF, de GMG Colorproof ou des produits Colorlogic que nous utilisons en partie depuis notre poste de travail <a href=\"https:\/\/blog1.proofen.de\/es\/lexico-2\/utilice\/\" target=\"_self\" class=\"encyclopedia tooltipstered\">, tous peuvent acc\u00e9der au MYIRO-9, car aucune connexion USB n'est n\u00e9cessaire.<\/p>\n\n\n\n<h2 class=\"wp-block-heading\">MYIRO-9 : Conclusion<\/h2>\n\n\n\n<p class=\"wp-block-paragraph\">Pour nous, les \u00e9l\u00e9ments suivants ont \u00e9t\u00e9 d\u00e9cisifs pour l'achat : <\/p>\n\n\n\n<ul class=\"wp-block-list\">\n<li><strong>Vitesse<\/strong>Un cycle d'optimisation de nos principaux substrats d'\u00e9preuves ne prend plus que quelques jours au lieu de quelques semaines. D'une part, le MYIRO-9 est beaucoup plus rapide et d'autre part, nous avons besoin de moins de cibles, car le MYIRO-9 peut mesurer plus de champs de mesure par cible en un seul balayage. <\/li>\n\n\n\n<li><strong>Pr\u00e9cision<\/strong>La r\u00e9p\u00e9tabilit\u00e9 \u00e0 court terme et l'\u00e9cart inter-instrument du MYIRO-9 sont bien meilleurs que ceux de notre solution de mesure pr\u00e9c\u00e9dente. Tous nos clients b\u00e9n\u00e9ficient de cette pr\u00e9cision accrue, car nous pouvons produire des \u00e9preuves avec des tol\u00e9rances encore plus faibles.<\/li>\n\n\n\n<li><strong>la connectivit\u00e9 :<\/strong> Gr\u00e2ce \u00e0 la connexion r\u00e9seau, nous pouvons facilement connecter tous nos logiciels d'\u00e9preuvage et solutions de profilage au MYIRO-9, car il n'a pas besoin de connexion USB \u00e0 un seul serveur ou poste de travail.<\/li>\n<\/ul>\n\n\n\n<p class=\"wp-block-paragraph\">Le MYIRO-9 a vraiment r\u00e9pondu \u00e0 nos attentes. Nous profitons en premier lieu de la vitesse accrue, et nos clients profitent en premier lieu de la pr\u00e9cision accrue du MYIRO-9 par rapport \u00e0 notre solution de mesure actuelle. <\/p>\n\n\n\n<p class=\"wp-block-paragraph translation-block\">Y a-t-il des points n\u00e9gatifs ? Des petits : Il est vrai que le MYIRO-9 n'est pas bon march\u00e9. Mais il est clair qu'il est tout simplement de meilleure qualit\u00e9 technique que de nombreux autres appareils. Un autre b\u00e9mol est que les fonctions des logiciels gratuits de KonicaMinolta MYIRO Tools ne sont pas tr\u00e8s nombreuses : Ils apportent tout de m\u00eame un \u00e9talonnage de l'\u00e9cran (qui ne fonctionne \u00e9videmment pas avec le MYIRO-9, mais seulement avec le MYIRO-1), ont une licence <a href=\"https:\/\/blog1.proofen.de\/es\/lexico-2\/fogra\/\" target=\"_self\" class=\"encyclopedia tooltipstered\">Fogra<\/a> <a href=\"https:\/\/blog1.proofen.de\/es\/lexico-2\/cuna-mediatica\/\" target=\"_self\" class=\"encyclopedia tooltipstered\">Coin m\u00e9dia<\/a> incluse et peuvent mesurer les mires, comparer les mesures et effectuer une \u00e9valuation de l'homog\u00e9n\u00e9it\u00e9. Si vous avez besoin de plus de fonctionnalit\u00e9s et que vous ne disposez pas, comme nous, des logiciels Fiery, GMG et Colorlogic qui fonctionnent avec le MYIRO-9, vous devez - comme chez d'autres fabricants - pr\u00e9voir un peu d'argent en plus du MYIRO-9 pour les fonctionnalit\u00e9s logicielles des outils MYIRO \"Basic\" et \"Advanced\".<\/p>\n\n\n\n<p class=\"wp-block-paragraph\">Pour nous, le bilan est tr\u00e8s positif : la MYIRO-9 de KonicaMinolta \u00e9tait d\u00e9finitivement le bon investissement pour nous et nous soutient par sa rapidit\u00e9 et sa pr\u00e9cision. En ce sens, la MYIRO-9 correspond tr\u00e8s bien aux exigences de la Proof GmbH ... \ud83d\ude42<\/p>\n\n\n\n<p class=\"wp-block-paragraph\"> <\/p>","protected":false},"excerpt":{"rendered":"<p>Ces derniers mois, chez Proof.de, nous avons envisag\u00e9 d'am\u00e9liorer encore notre technique de mesure des couleurs, d\u00e9j\u00e0 tr\u00e8s bonne, en termes de vitesse et de pr\u00e9cision de mesure. Assez rapidement, il est apparu que seuls deux appareils pouvaient \u00eatre utilis\u00e9s \u00e0 cette fin : Le KonicaMinolta MYIRO-9, le successeur de l'ancien FD-9, ou le X-Rite ISIS 2 XL.  Le point de d\u00e9part : comme nous disposons de 5 appareils d'\u00e9preuvage \u00e0 la Proof GmbH, la mesure des cibles pour l'optimisation des profils est une op\u00e9ration critique pour nous. C'est pourquoi nous avons cherch\u00e9 \u00e0 mettre \u00e0 niveau notre table X-Rite i1-iO au cours des derniers mois, car ... <\/p>\n<p class=\"read-more-container\"><a title=\"MYIRO-9 : le nouveau colorim\u00e8tre de KonicaMinolta en action\" class=\"read-more button\" href=\"http:\/\/blog.proofs.de\/fr\/myiro-9\/#more-5023\" aria-label=\"En savoir plus sur MYIRO-9 : le nouveau colorim\u00e8tre de KonicaMinolta en action\">Lire la suite<\/a><\/p>","protected":false},"author":2,"featured_media":5113,"comment_status":"open","ping_status":"open","sticky":false,"template":"","format":"standard","meta":{"om_disable_all_campaigns":false,"inline_featured_image":false,"_monsterinsights_skip_tracking":false,"footnotes":""},"categories":[1,437],"tags":[1337,1346,1345,1338,475,167,561,1344,1033,806,1336,1341,423,1342,1340,1335,1334,1339,1343,479],"class_list":["post-5023","post","type-post","status-publish","format-standard","has-post-thumbnail","hentry","category-allgemein","category-proof-software-und-technik","tag-claas-bickeboeller","tag-colorlogic","tag-colorproof","tag-farbmessgeraet","tag-fiery","tag-fiery-xf","tag-gmg","tag-gmg-colorproof","tag-i1","tag-i1pro2","tag-konicaminolta-sensing","tag-m0","tag-m1","tag-m2","tag-messgeraet","tag-myiro","tag-myiro-9","tag-spektralmessgeraet","tag-streifenmessung","tag-x-rite","generate-columns","tablet-grid-50","mobile-grid-100","grid-parent","grid-50","no-featured-image-padding","resize-featured-image"],"aioseo_notices":[],"aioseo_head":"\n\t\t<!-- All in One SEO 5.0.1.1 - aioseo.com -->\n\t<meta name=\"description\" content=\"Bei Proof.de haben wir unser neues Farbmessger\u00e4t MYIRO-9 von KonicaMinolta in Betrieb genommen und k\u00f6nnen jetzt noch schneller und pr\u00e4ziser messen.\" \/>\n\t<meta name=\"robots\" content=\"max-image-preview:large\" \/>\n\t<meta name=\"author\" content=\"Matthias Betz\"\/>\n\t<meta name=\"google-site-verification\" content=\"TuXxyRwxcEg2-WfOaQ8vScWQh3-uBAnxXmY7g3GT90A\" \/>\n\t<meta name=\"keywords\" content=\"claas bickeb\u00f6ller,colorlogic,colorproof,farbmessger\u00e4t,fiery,fiery xf,gmg,gmg colorproof,i1,i1pro2,konicaminolta sensing,m0,m1,m2,messger\u00e4t,myiro,myiro-9,spektralmessger\u00e4t,streifenmessung,x-rite\" \/>\n\t<link rel=\"canonical\" href=\"http:\/\/blog.proofs.de\/fr\/myiro-9\/\" \/>\n\t<meta name=\"generator\" content=\"All in One SEO (AIOSEO) 5.0.1.1\" \/>\n\n\t\t<meta name=\"seobility\" content=\"593a8578143db71543f014978c690d47\">\n\t\t<meta property=\"og:locale\" content=\"fr_FR\" \/>\n\t\t<meta property=\"og:site_name\" content=\"Proof.de | Alles zu Proof, Farbmanagement, Grafik, Messtechnik &amp; Co.\" \/>\n\t\t<meta property=\"og:type\" content=\"article\" \/>\n\t\t<meta property=\"og:title\" content=\"MYIRO-9: Neues Farbmessger\u00e4t von KonicaMinolta im Einsatz | Proof.de\" \/>\n\t\t<meta property=\"og:description\" content=\"In den letzten Monaten haben wir bei Proof.de \u00fcberlegt, unsere bereits sehr gute Farbmesstechnik in Sachen Geschwindigkeit und Messpr\u00e4zision weiter zu verbessern. Relativ schnell war klar, da\u00df daf\u00fcr nur zwei Ger\u00e4te in Frage kommen: Das KonicaMinolta MYIRO-9, der Nachfolger des fr\u00fcheren FD-9 oder das X-Rite ISIS 2 XL. Der Ausgangspunkt: Da wir bei der Proof GmbH\" \/>\n\t\t<meta property=\"og:url\" content=\"http:\/\/blog.proofs.de\/fr\/myiro-9\/\" \/>\n\t\t<meta property=\"og:image\" content=\"http:\/\/blog1.proofen.de\/wp-content\/uploads\/2022\/11\/Bildschirm\u00adfoto-2022-11-08-um-17.50.36.jpg\" \/>\n\t\t<meta property=\"og:image:width\" content=\"2239\" \/>\n\t\t<meta property=\"og:image:height\" content=\"1202\" \/>\n\t\t<meta property=\"og:video\" content=\"http:\/\/www.youtube.com\/watch?v=yGk9G4yxHbU\" \/>\n\t\t<meta property=\"article:published_time\" content=\"2022-11-08T12:53:19+00:00\" \/>\n\t\t<meta property=\"article:modified_time\" content=\"2023-07-20T07:16:32+00:00\" \/>\n\t\t<meta property=\"article:publisher\" content=\"https:\/\/www.facebook.com\/Proof.de\/\" \/>\n\t\t<meta name=\"twitter:card\" content=\"summary\" \/>\n\t\t<meta name=\"twitter:title\" content=\"MYIRO-9: Neues Farbmessger\u00e4t von KonicaMinolta im Einsatz | Proof.de\" \/>\n\t\t<meta name=\"twitter:description\" content=\"In den letzten Monaten haben wir bei Proof.de \u00fcberlegt, unsere bereits sehr gute Farbmesstechnik in Sachen Geschwindigkeit und Messpr\u00e4zision weiter zu verbessern. Relativ schnell war klar, da\u00df daf\u00fcr nur zwei Ger\u00e4te in Frage kommen: Das KonicaMinolta MYIRO-9, der Nachfolger des fr\u00fcheren FD-9 oder das X-Rite ISIS 2 XL. Der Ausgangspunkt: Da wir bei der Proof GmbH\" \/>\n\t\t<meta name=\"twitter:image\" content=\"https:\/\/blog1.proofen.de\/wp-content\/uploads\/2022\/11\/Bildschirm\u00adfoto-2022-11-08-um-17.50.36.jpg\" \/>\n\t\t<script type=\"application\/ld+json\" class=\"aioseo-schema\">\n\t\t\t{\"@context\":\"https:\\\/\\\/schema.org\",\"@graph\":[{\"@type\":\"Article\",\"@id\":\"http:\\\/\\\/blog.proofs.de\\\/fr\\\/myiro-9\\\/#article\",\"name\":\"MYIRO-9: Neues Farbmessger\\u00e4t im Einsatz | proof.de\",\"headline\":\"MYIRO-9: Neues Farbmessger\\u00e4t von KonicaMinolta im Einsatz\",\"author\":{\"@id\":\"http:\\\/\\\/blog.proofs.de\\\/fr\\\/author\\\/mbetz\\\/#author\"},\"publisher\":{\"@id\":\"http:\\\/\\\/blog.proofs.de\\\/fr\\\/#organization\"},\"image\":{\"@type\":\"ImageObject\",\"url\":\"https:\\\/\\\/blog.proofs.de\\\/wp-content\\\/uploads\\\/2022\\\/11\\\/Bildschirm\\u00adfoto-2022-11-08-um-17.50.36.jpg\",\"width\":2239,\"height\":1202,\"caption\":\"MYIRO-9: Neues Messger\\u00e4t von KonicaMinolta im Einsatz bei Proof.de. Inhaber Matthias Betz erl\\u00e4utert die wichtigsten Vorteile des neuen Auto-Spektralfotometers.\"},\"datePublished\":\"2022-11-08T13:53:19+01:00\",\"dateModified\":\"2023-07-20T09:16:32+02:00\",\"inLanguage\":\"fr-FR\",\"mainEntityOfPage\":{\"@id\":\"http:\\\/\\\/blog.proofs.de\\\/fr\\\/myiro-9\\\/#webpage\"},\"isPartOf\":{\"@id\":\"http:\\\/\\\/blog.proofs.de\\\/fr\\\/myiro-9\\\/#webpage\"},\"articleSection\":\"Allgemein, Proof Software &amp; Technik, Claas Bickeb\\u00f6ller, Colorlogic, ColorProof, Farbmessger\\u00e4t, Fiery, Fiery XF, GMG, GMG ColorProof, i1, I1Pro2, KonicaMinolta Sensing, M0, M1, M2, Messger\\u00e4t, MYIRO, MYIRO-9, Spektralmessger\\u00e4t, Streifenmessung, X-Rite\"},{\"@type\":\"BreadcrumbList\",\"@id\":\"http:\\\/\\\/blog.proofs.de\\\/fr\\\/myiro-9\\\/#breadcrumblist\",\"itemListElement\":[{\"@type\":\"ListItem\",\"@id\":\"http:\\\/\\\/blog.proofs.de\\\/fr#listItem\",\"position\":1,\"name\":\"Home\",\"item\":\"http:\\\/\\\/blog.proofs.de\\\/fr\",\"nextItem\":{\"@type\":\"ListItem\",\"@id\":\"http:\\\/\\\/blog.proofs.de\\\/fr\\\/thema\\\/proof-wissen\\\/#listItem\",\"name\":\"Proof Wissen\"}},{\"@type\":\"ListItem\",\"@id\":\"http:\\\/\\\/blog.proofs.de\\\/fr\\\/thema\\\/proof-wissen\\\/#listItem\",\"position\":2,\"name\":\"Proof Wissen\",\"item\":\"http:\\\/\\\/blog.proofs.de\\\/fr\\\/thema\\\/proof-wissen\\\/\",\"nextItem\":{\"@type\":\"ListItem\",\"@id\":\"http:\\\/\\\/blog.proofs.de\\\/fr\\\/thema\\\/proof-wissen\\\/proof-software-und-technik\\\/#listItem\",\"name\":\"Proof Software &amp; Technik\"},\"previousItem\":{\"@type\":\"ListItem\",\"@id\":\"http:\\\/\\\/blog.proofs.de\\\/fr#listItem\",\"name\":\"Home\"}},{\"@type\":\"ListItem\",\"@id\":\"http:\\\/\\\/blog.proofs.de\\\/fr\\\/thema\\\/proof-wissen\\\/proof-software-und-technik\\\/#listItem\",\"position\":3,\"name\":\"Proof Software &amp; Technik\",\"item\":\"http:\\\/\\\/blog.proofs.de\\\/fr\\\/thema\\\/proof-wissen\\\/proof-software-und-technik\\\/\",\"nextItem\":{\"@type\":\"ListItem\",\"@id\":\"http:\\\/\\\/blog.proofs.de\\\/fr\\\/myiro-9\\\/#listItem\",\"name\":\"MYIRO-9: Neues Farbmessger\\u00e4t von KonicaMinolta im Einsatz\"},\"previousItem\":{\"@type\":\"ListItem\",\"@id\":\"http:\\\/\\\/blog.proofs.de\\\/fr\\\/thema\\\/proof-wissen\\\/#listItem\",\"name\":\"Proof Wissen\"}},{\"@type\":\"ListItem\",\"@id\":\"http:\\\/\\\/blog.proofs.de\\\/fr\\\/myiro-9\\\/#listItem\",\"position\":4,\"name\":\"MYIRO-9: Neues Farbmessger\\u00e4t von KonicaMinolta im Einsatz\",\"previousItem\":{\"@type\":\"ListItem\",\"@id\":\"http:\\\/\\\/blog.proofs.de\\\/fr\\\/thema\\\/proof-wissen\\\/proof-software-und-technik\\\/#listItem\",\"name\":\"Proof Software &amp; Technik\"}}]},{\"@type\":\"Organization\",\"@id\":\"http:\\\/\\\/blog.proofs.de\\\/fr\\\/#organization\",\"name\":\"Proof GmbH\",\"description\":\"Farbverbindlicher Proof, Farbproof, Digitalproof und Online-Proof.\",\"url\":\"http:\\\/\\\/blog.proofs.de\\\/fr\\\/\",\"telephone\":\"+4970717952740\",\"logo\":{\"@type\":\"ImageObject\",\"url\":\"https:\\\/\\\/blog1.proofen.de\\\/wp-content\\\/uploads\\\/2019\\\/09\\\/logo_proof_rgb_mit_balken_250px.png\",\"@id\":\"http:\\\/\\\/blog.proofs.de\\\/fr\\\/myiro-9\\\/#organizationLogo\"},\"image\":{\"@id\":\"http:\\\/\\\/blog.proofs.de\\\/fr\\\/myiro-9\\\/#organizationLogo\"},\"sameAs\":[\"https:\\\/\\\/www.facebook.com\\\/Proof.de\\\/\",\"https:\\\/\\\/www.instagram.com\\\/proof.de\\\/\",\"https:\\\/\\\/www.tiktok.com\\\/@proof_de\",\"https:\\\/\\\/www.youtube.com\\\/channel\\\/UCk80fQVQ25wC9wu3SywB-Nw\",\"https:\\\/\\\/www.linkedin.com\\\/company\\\/proof-de\"]},{\"@type\":\"Person\",\"@id\":\"http:\\\/\\\/blog.proofs.de\\\/fr\\\/author\\\/mbetz\\\/#author\",\"url\":\"http:\\\/\\\/blog.proofs.de\\\/fr\\\/author\\\/mbetz\\\/\",\"name\":\"Matthias Betz\",\"image\":{\"@type\":\"ImageObject\",\"@id\":\"http:\\\/\\\/blog.proofs.de\\\/fr\\\/myiro-9\\\/#authorImage\",\"url\":\"https:\\\/\\\/blog.proofs.de\\\/wp-content\\\/uploads\\\/2020\\\/10\\\/matthias-betz-e1603934518350-150x150.png\",\"width\":96,\"height\":96,\"caption\":\"Matthias Betz\"}},{\"@type\":\"WebPage\",\"@id\":\"http:\\\/\\\/blog.proofs.de\\\/fr\\\/myiro-9\\\/#webpage\",\"url\":\"http:\\\/\\\/blog.proofs.de\\\/fr\\\/myiro-9\\\/\",\"name\":\"MYIRO-9: Neues Farbmessger\\u00e4t im Einsatz | proof.de\",\"description\":\"Bei Proof.de haben wir unser neues Farbmessger\\u00e4t MYIRO-9 von KonicaMinolta in Betrieb genommen und k\\u00f6nnen jetzt noch schneller und pr\\u00e4ziser messen.\",\"inLanguage\":\"fr-FR\",\"isPartOf\":{\"@id\":\"http:\\\/\\\/blog.proofs.de\\\/fr\\\/#website\"},\"breadcrumb\":{\"@id\":\"http:\\\/\\\/blog.proofs.de\\\/fr\\\/myiro-9\\\/#breadcrumblist\"},\"author\":{\"@id\":\"http:\\\/\\\/blog.proofs.de\\\/fr\\\/author\\\/mbetz\\\/#author\"},\"creator\":{\"@id\":\"http:\\\/\\\/blog.proofs.de\\\/fr\\\/author\\\/mbetz\\\/#author\"},\"image\":{\"@type\":\"ImageObject\",\"url\":\"https:\\\/\\\/blog.proofs.de\\\/wp-content\\\/uploads\\\/2022\\\/11\\\/Bildschirm\\u00adfoto-2022-11-08-um-17.50.36.jpg\",\"@id\":\"http:\\\/\\\/blog.proofs.de\\\/fr\\\/myiro-9\\\/#mainImage\",\"width\":2239,\"height\":1202,\"caption\":\"MYIRO-9: Neues Messger\\u00e4t von KonicaMinolta im Einsatz bei Proof.de. Inhaber Matthias Betz erl\\u00e4utert die wichtigsten Vorteile des neuen Auto-Spektralfotometers.\"},\"primaryImageOfPage\":{\"@id\":\"http:\\\/\\\/blog.proofs.de\\\/fr\\\/myiro-9\\\/#mainImage\"},\"datePublished\":\"2022-11-08T13:53:19+01:00\",\"dateModified\":\"2023-07-20T09:16:32+02:00\"},{\"@type\":\"WebSite\",\"@id\":\"http:\\\/\\\/blog.proofs.de\\\/fr\\\/#website\",\"url\":\"http:\\\/\\\/blog.proofs.de\\\/fr\\\/\",\"name\":\"Proof.de\",\"description\":\"Farbverbindlicher Proof, Farbproof, Digitalproof und Online-Proof.\",\"inLanguage\":\"fr-FR\",\"publisher\":{\"@id\":\"http:\\\/\\\/blog.proofs.de\\\/fr\\\/#organization\"}}]}\n\t\t<\/script>\n\t\t<!-- All in One SEO -->\n\n","aioseo_head_json":{"title":"MYIRO-9 : un nouveau colorim\u00e8tre en action | proof.de","description":"Chez Proof.de, nous avons mis en service notre nouveau colorim\u00e8tre MYIRO-9 de KonicaMinolta et pouvons d\u00e9sormais effectuer des mesures encore plus rapides et plus pr\u00e9cises.","canonical_url":"http:\/\/blog.proofs.de\/fr\/myiro-9\/","robots":"max-image-preview:large","keywords":"claas bickeb\u00f6ller,colorlogic,colorproof,farbmessger\u00e4t,fiery,fiery xf,gmg,gmg colorproof,i1,i1pro2,konicaminolta sensing,m0,m1,m2,messger\u00e4t,myiro,myiro-9,spektralmessger\u00e4t,streifenmessung,x-rite","webmasterTools":{"google-site-verification":"TuXxyRwxcEg2-WfOaQ8vScWQh3-uBAnxXmY7g3GT90A","miscellaneous":"&lt;meta name=\"seobility\" content=\"593a8578143db71543f014978c690d47\"&gt;"},"schema":{"@context":"https:\/\/schema.org","@graph":[{"@type":"Article","@id":"http:\/\/blog.proofs.de\/fr\/myiro-9\/#article","name":"MYIRO-9: Neues Farbmessger\u00e4t im Einsatz | proof.de","headline":"MYIRO-9: Neues Farbmessger\u00e4t von KonicaMinolta im Einsatz","author":{"@id":"http:\/\/blog.proofs.de\/fr\/author\/mbetz\/#author"},"publisher":{"@id":"http:\/\/blog.proofs.de\/fr\/#organization"},"image":{"@type":"ImageObject","url":"https:\/\/blog.proofs.de\/wp-content\/uploads\/2022\/11\/Bildschirm\u00adfoto-2022-11-08-um-17.50.36.jpg","width":2239,"height":1202,"caption":"MYIRO-9: Neues Messger\u00e4t von KonicaMinolta im Einsatz bei Proof.de. Inhaber Matthias Betz erl\u00e4utert die wichtigsten Vorteile des neuen Auto-Spektralfotometers."},"datePublished":"2022-11-08T13:53:19+01:00","dateModified":"2023-07-20T09:16:32+02:00","inLanguage":"fr-FR","mainEntityOfPage":{"@id":"http:\/\/blog.proofs.de\/fr\/myiro-9\/#webpage"},"isPartOf":{"@id":"http:\/\/blog.proofs.de\/fr\/myiro-9\/#webpage"},"articleSection":"Allgemein, Proof Software &amp; Technik, Claas Bickeb\u00f6ller, Colorlogic, ColorProof, Farbmessger\u00e4t, Fiery, Fiery XF, GMG, GMG ColorProof, i1, I1Pro2, KonicaMinolta Sensing, M0, M1, M2, Messger\u00e4t, MYIRO, MYIRO-9, Spektralmessger\u00e4t, Streifenmessung, X-Rite"},{"@type":"BreadcrumbList","@id":"http:\/\/blog.proofs.de\/fr\/myiro-9\/#breadcrumblist","itemListElement":[{"@type":"ListItem","@id":"http:\/\/blog.proofs.de\/fr#listItem","position":1,"name":"Home","item":"http:\/\/blog.proofs.de\/fr","nextItem":{"@type":"ListItem","@id":"http:\/\/blog.proofs.de\/fr\/thema\/proof-wissen\/#listItem","name":"Proof Wissen"}},{"@type":"ListItem","@id":"http:\/\/blog.proofs.de\/fr\/thema\/proof-wissen\/#listItem","position":2,"name":"Proof Wissen","item":"http:\/\/blog.proofs.de\/fr\/thema\/proof-wissen\/","nextItem":{"@type":"ListItem","@id":"http:\/\/blog.proofs.de\/fr\/thema\/proof-wissen\/proof-software-und-technik\/#listItem","name":"Proof Software &amp; Technik"},"previousItem":{"@type":"ListItem","@id":"http:\/\/blog.proofs.de\/fr#listItem","name":"Home"}},{"@type":"ListItem","@id":"http:\/\/blog.proofs.de\/fr\/thema\/proof-wissen\/proof-software-und-technik\/#listItem","position":3,"name":"Proof Software &amp; Technik","item":"http:\/\/blog.proofs.de\/fr\/thema\/proof-wissen\/proof-software-und-technik\/","nextItem":{"@type":"ListItem","@id":"http:\/\/blog.proofs.de\/fr\/myiro-9\/#listItem","name":"MYIRO-9: Neues Farbmessger\u00e4t von KonicaMinolta im Einsatz"},"previousItem":{"@type":"ListItem","@id":"http:\/\/blog.proofs.de\/fr\/thema\/proof-wissen\/#listItem","name":"Proof Wissen"}},{"@type":"ListItem","@id":"http:\/\/blog.proofs.de\/fr\/myiro-9\/#listItem","position":4,"name":"MYIRO-9: Neues Farbmessger\u00e4t von KonicaMinolta im Einsatz","previousItem":{"@type":"ListItem","@id":"http:\/\/blog.proofs.de\/fr\/thema\/proof-wissen\/proof-software-und-technik\/#listItem","name":"Proof Software &amp; Technik"}}]},{"@type":"Organization","@id":"http:\/\/blog.proofs.de\/fr\/#organization","name":"Proof GmbH","description":"Farbverbindlicher Proof, Farbproof, Digitalproof und Online-Proof.","url":"http:\/\/blog.proofs.de\/fr\/","telephone":"+4970717952740","logo":{"@type":"ImageObject","url":"https:\/\/blog1.proofen.de\/wp-content\/uploads\/2019\/09\/logo_proof_rgb_mit_balken_250px.png","@id":"http:\/\/blog.proofs.de\/fr\/myiro-9\/#organizationLogo"},"image":{"@id":"http:\/\/blog.proofs.de\/fr\/myiro-9\/#organizationLogo"},"sameAs":["https:\/\/www.facebook.com\/Proof.de\/","https:\/\/www.instagram.com\/proof.de\/","https:\/\/www.tiktok.com\/@proof_de","https:\/\/www.youtube.com\/channel\/UCk80fQVQ25wC9wu3SywB-Nw","https:\/\/www.linkedin.com\/company\/proof-de"]},{"@type":"Person","@id":"http:\/\/blog.proofs.de\/fr\/author\/mbetz\/#author","url":"http:\/\/blog.proofs.de\/fr\/author\/mbetz\/","name":"Matthias Betz","image":{"@type":"ImageObject","@id":"http:\/\/blog.proofs.de\/fr\/myiro-9\/#authorImage","url":"https:\/\/blog.proofs.de\/wp-content\/uploads\/2020\/10\/matthias-betz-e1603934518350-150x150.png","width":96,"height":96,"caption":"Matthias Betz"}},{"@type":"WebPage","@id":"http:\/\/blog.proofs.de\/fr\/myiro-9\/#webpage","url":"http:\/\/blog.proofs.de\/fr\/myiro-9\/","name":"MYIRO-9: Neues Farbmessger\u00e4t im Einsatz | proof.de","description":"Bei Proof.de haben wir unser neues Farbmessger\u00e4t MYIRO-9 von KonicaMinolta in Betrieb genommen und k\u00f6nnen jetzt noch schneller und pr\u00e4ziser messen.","inLanguage":"fr-FR","isPartOf":{"@id":"http:\/\/blog.proofs.de\/fr\/#website"},"breadcrumb":{"@id":"http:\/\/blog.proofs.de\/fr\/myiro-9\/#breadcrumblist"},"author":{"@id":"http:\/\/blog.proofs.de\/fr\/author\/mbetz\/#author"},"creator":{"@id":"http:\/\/blog.proofs.de\/fr\/author\/mbetz\/#author"},"image":{"@type":"ImageObject","url":"https:\/\/blog.proofs.de\/wp-content\/uploads\/2022\/11\/Bildschirm\u00adfoto-2022-11-08-um-17.50.36.jpg","@id":"http:\/\/blog.proofs.de\/fr\/myiro-9\/#mainImage","width":2239,"height":1202,"caption":"MYIRO-9: Neues Messger\u00e4t von KonicaMinolta im Einsatz bei Proof.de. Inhaber Matthias Betz erl\u00e4utert die wichtigsten Vorteile des neuen Auto-Spektralfotometers."},"primaryImageOfPage":{"@id":"http:\/\/blog.proofs.de\/fr\/myiro-9\/#mainImage"},"datePublished":"2022-11-08T13:53:19+01:00","dateModified":"2023-07-20T09:16:32+02:00"},{"@type":"WebSite","@id":"http:\/\/blog.proofs.de\/fr\/#website","url":"http:\/\/blog.proofs.de\/fr\/","name":"Proof.de","description":"Farbverbindlicher Proof, Farbproof, Digitalproof und Online-Proof.","inLanguage":"fr-FR","publisher":{"@id":"http:\/\/blog.proofs.de\/fr\/#organization"}}]},"og:locale":"fr_FR","og:site_name":"Proof.de | Alles zu Proof, Farbmanagement, Grafik, Messtechnik &amp; Co.","og:type":"article","og:title":"MYIRO-9: Neues Farbmessger\u00e4t von KonicaMinolta im Einsatz | Proof.de","og:description":"In den letzten Monaten haben wir bei Proof.de \u00fcberlegt, unsere bereits sehr gute Farbmesstechnik in Sachen Geschwindigkeit und Messpr\u00e4zision weiter zu verbessern. Relativ schnell war klar, da\u00df daf\u00fcr nur zwei Ger\u00e4te in Frage kommen: Das KonicaMinolta MYIRO-9, der Nachfolger des fr\u00fcheren FD-9 oder das X-Rite ISIS 2 XL. Der Ausgangspunkt: Da wir bei der Proof GmbH","og:url":"http:\/\/blog.proofs.de\/fr\/myiro-9\/","og:image":"http:\/\/blog1.proofen.de\/wp-content\/uploads\/2022\/11\/Bildschirm\u00adfoto-2022-11-08-um-17.50.36.jpg","og:image:width":"2239","og:image:height":"1202","og:video":"http:\/\/www.youtube.com\/watch?v=yGk9G4yxHbU","article:published_time":"2022-11-08T12:53:19+00:00","article:modified_time":"2023-07-20T07:16:32+00:00","article:publisher":"https:\/\/www.facebook.com\/Proof.de\/","twitter:card":"summary","twitter:title":"MYIRO-9: Neues Farbmessger\u00e4t von KonicaMinolta im Einsatz | Proof.de","twitter:description":"In den letzten Monaten haben wir bei Proof.de \u00fcberlegt, unsere bereits sehr gute Farbmesstechnik in Sachen Geschwindigkeit und Messpr\u00e4zision weiter zu verbessern. Relativ schnell war klar, da\u00df daf\u00fcr nur zwei Ger\u00e4te in Frage kommen: Das KonicaMinolta MYIRO-9, der Nachfolger des fr\u00fcheren FD-9 oder das X-Rite ISIS 2 XL. Der Ausgangspunkt: Da wir bei der Proof GmbH","twitter:image":"https:\/\/blog1.proofen.de\/wp-content\/uploads\/2022\/11\/Bildschirm\u00adfoto-2022-11-08-um-17.50.36.jpg"},"aioseo_meta_data":{"post_id":"5023","title":"MYIRO-9 : un nouveau colorim\u00e8tre en action | proof.de","description":"Chez Proof.de, nous avons mis en service notre nouveau colorim\u00e8tre MYIRO-9 de KonicaMinolta et pouvons d\u00e9sormais effectuer des mesures encore plus rapides et plus pr\u00e9cises.","keywords":[],"keyphrases":{"focus":{"keyphrase":"MYIRO-9","score":100,"analysis":{"keyphraseInTitle":{"score":9,"maxScore":9,"error":0},"keyphraseInDescription":{"score":9,"maxScore":9,"error":0},"keyphraseLength":{"score":9,"maxScore":9,"error":0,"length":1},"keyphraseInURL":{"score":5,"maxScore":5,"error":0},"keyphraseInIntroduction":{"score":9,"maxScore":9,"error":0},"keyphraseInSubHeadings":{"score":9,"maxScore":9,"error":0},"keyphraseInImageAlt":{"score":9,"maxScore":9,"error":0}}},"additional":[]},"primary_term":null,"canonical_url":null,"og_title":"#post_title #separator_sa #site_title","og_description":"#post_excerpt","og_object_type":"default","og_image_type":"featured","og_image_url":"https:\/\/blog1.proofen.de\/wp-content\/uploads\/2022\/11\/Bildschirm\u00adfoto-2022-11-08-um-17.50.36.jpg","og_image_width":"2239","og_image_height":"1202","og_image_custom_url":null,"og_image_custom_fields":null,"og_video":"https:\/\/www.youtube.com\/watch?v=yGk9G4yxHbU","og_custom_url":null,"og_article_section":null,"og_article_tags":[],"twitter_use_og":true,"twitter_card":"default","twitter_image_type":"default","twitter_image_url":null,"twitter_image_custom_url":null,"twitter_image_custom_fields":null,"twitter_title":null,"twitter_description":null,"schema":{"blockGraphs":[],"customGraphs":[],"default":{"data":{"Article":[],"Course":[],"Dataset":[],"FAQPage":[],"Movie":[],"Person":[],"Product":[],"ProductReview":[],"Car":[],"Recipe":[],"Service":[],"SoftwareApplication":[],"WebPage":[]},"graphName":"Article","isEnabled":true},"graphs":[]},"schema_type":"default","schema_type_options":null,"pillar_content":false,"robots_default":true,"robots_noindex":false,"robots_noarchive":false,"robots_nosnippet":false,"robots_nofollow":false,"robots_noimageindex":false,"robots_noodp":false,"robots_notranslate":false,"robots_max_snippet":"-1","robots_max_videopreview":"-1","robots_max_imagepreview":"large","priority":null,"frequency":"default","local_seo":null,"breadcrumb_settings":null,"limit_modified_date":false,"ai":null,"created":"2022-10-07 21:52:37","updated":"2025-06-04 14:28:05","seo_analyzer_scan_date":null,"focus_keyword":"MYIRO-9","additional_keywords":null,"truseo_locale":null},"_links":{"self":[{"href":"http:\/\/blog.proofs.de\/fr\/wp-json\/wp\/v2\/posts\/5023","targetHints":{"allow":["GET"]}}],"collection":[{"href":"http:\/\/blog.proofs.de\/fr\/wp-json\/wp\/v2\/posts"}],"about":[{"href":"http:\/\/blog.proofs.de\/fr\/wp-json\/wp\/v2\/types\/post"}],"author":[{"embeddable":true,"href":"http:\/\/blog.proofs.de\/fr\/wp-json\/wp\/v2\/users\/2"}],"replies":[{"embeddable":true,"href":"http:\/\/blog.proofs.de\/fr\/wp-json\/wp\/v2\/comments?post=5023"}],"version-history":[{"count":39,"href":"http:\/\/blog.proofs.de\/fr\/wp-json\/wp\/v2\/posts\/5023\/revisions"}],"predecessor-version":[{"id":5441,"href":"http:\/\/blog.proofs.de\/fr\/wp-json\/wp\/v2\/posts\/5023\/revisions\/5441"}],"wp:featuredmedia":[{"embeddable":true,"href":"http:\/\/blog.proofs.de\/fr\/wp-json\/wp\/v2\/media\/5113"}],"wp:attachment":[{"href":"http:\/\/blog.proofs.de\/fr\/wp-json\/wp\/v2\/media?parent=5023"}],"wp:term":[{"taxonomy":"category","embeddable":true,"href":"http:\/\/blog.proofs.de\/fr\/wp-json\/wp\/v2\/categories?post=5023"},{"taxonomy":"post_tag","embeddable":true,"href":"http:\/\/blog.proofs.de\/fr\/wp-json\/wp\/v2\/tags?post=5023"}],"curies":[{"name":"wp","href":"https:\/\/api.w.org\/{rel}","templated":true}]}}