{"id":6180,"date":"2025-08-19T11:11:52","date_gmt":"2025-08-19T09:11:52","guid":{"rendered":"https:\/\/www.proof.de\/?p=6180"},"modified":"2025-09-19T11:13:54","modified_gmt":"2025-09-19T09:13:54","slug":"reunion-annuelle-de-la-societe-allemande-des-sciences-de-la-couleur-du-7-au-9-octobre-a-la-tu-dresden","status":"publish","type":"post","link":"http:\/\/blog.proofs.de\/fr\/jahrestagung-deutsche-farbwissenschaftliche-gesellschaft-vom-7-9-oktober-an-der-tu-dresden\/","title":{"rendered":"R\u00e9union annuelle de la Soci\u00e9t\u00e9 allemande des sciences de la couleur du 7 au 9 octobre \u00e0 l'Universit\u00e9 technique de Dresde"},"content":{"rendered":"<div class=\"kk-star-ratings kksr-auto kksr-align-right kksr-valign-top\" data-payload='{\"align\":\"right\",\"id\":\"6180\",\"slug\":\"default\",\"valign\":\"top\",\"ignore\":\"\",\"reference\":\"auto\",\"class\":\"\",\"count\":\"1\",\"legendonly\":\"\",\"readonly\":\"\",\"score\":\"5\",\"starsonly\":\"\",\"best\":\"5\",\"gap\":\"5\",\"greet\":\"Jetzt bewerten\",\"legend\":\"5\\\/5 - (1 vote)\",\"size\":\"24\",\"title\":\"Jahrestagung Deutsche farbwissenschaftliche Gesellschaft vom 7.-9. Oktober an der TU Dresden\",\"width\":\"142.5\",\"_legend\":\"{score}\\\/{best} - ({count} {votes})\",\"font_factor\":\"1.25\"}'>\n            \n<div class=\"kksr-stars\">\n    \n<div class=\"kksr-stars-inactive\">\n            <div class=\"kksr-star\" data-star=\"1\" style=\"padding-right: 5px\">\n            \n\n<div class=\"kksr-icon\" style=\"width: 24px; height: 24px;\"><\/div>\n        <\/div>\n            <div class=\"kksr-star\" data-star=\"2\" style=\"padding-right: 5px\">\n            \n\n<div class=\"kksr-icon\" style=\"width: 24px; height: 24px;\"><\/div>\n        <\/div>\n            <div class=\"kksr-star\" data-star=\"3\" style=\"padding-right: 5px\">\n            \n\n<div class=\"kksr-icon\" style=\"width: 24px; height: 24px;\"><\/div>\n        <\/div>\n            <div class=\"kksr-star\" data-star=\"4\" style=\"padding-right: 5px\">\n            \n\n<div class=\"kksr-icon\" style=\"width: 24px; height: 24px;\"><\/div>\n        <\/div>\n            <div class=\"kksr-star\" data-star=\"5\" style=\"padding-right: 5px\">\n            \n\n<div class=\"kksr-icon\" style=\"width: 24px; height: 24px;\"><\/div>\n        <\/div>\n    <\/div>\n    \n<div class=\"kksr-stars-active\" style=\"width: 142.5px;\">\n            <div class=\"kksr-star\" style=\"padding-right: 5px\">\n            \n\n<div class=\"kksr-icon\" style=\"width: 24px; height: 24px;\"><\/div>\n        <\/div>\n            <div class=\"kksr-star\" style=\"padding-right: 5px\">\n            \n\n<div class=\"kksr-icon\" style=\"width: 24px; height: 24px;\"><\/div>\n        <\/div>\n            <div class=\"kksr-star\" style=\"padding-right: 5px\">\n            \n\n<div class=\"kksr-icon\" style=\"width: 24px; height: 24px;\"><\/div>\n        <\/div>\n            <div class=\"kksr-star\" style=\"padding-right: 5px\">\n            \n\n<div class=\"kksr-icon\" style=\"width: 24px; height: 24px;\"><\/div>\n        <\/div>\n            <div class=\"kksr-star\" style=\"padding-right: 5px\">\n            \n\n<div class=\"kksr-icon\" style=\"width: 24px; height: 24px;\"><\/div>\n        <\/div>\n    <\/div>\n<\/div>\n                \n\n<div class=\"kksr-legend\" style=\"font-size: 19.2px;\">\n            5\/5 - (1 vote)    <\/div>\n    <\/div>\n\n<p class=\"wp-block-paragraph\">Cette ann\u00e9e, la r\u00e9union annuelle de la Soci\u00e9t\u00e9 allemande des sciences de la couleur aura lieu en octobre \u00e0 Dresde, dans la collection de la th\u00e9orie des couleurs de l'Universit\u00e9 technique de Dresde. <\/p>\n\n\n\n<p class=\"wp-block-paragraph\">En tant que soci\u00e9t\u00e9 allemande des sciences de la couleur, nous abordons le th\u00e8me de la couleur sous diff\u00e9rents aspects. Les points forts de notre congr\u00e8s de cette ann\u00e9e sont la couleur dans l'architecture et l'art, la couleur dans la technique d'\u00e9clairage, <a href=\"http:\/\/blog.proofs.de\/fr\/lexikon\/appearance\/\" target=\"_self\" title='Dans la recherche actuelle sur la couleur, le terme &quot;appearance&quot; (apparence) fait r\u00e9f\u00e9rence \u00e0 la couleur per\u00e7ue d&#039;un objet ou d&#039;une surface sous diff\u00e9rentes conditions d&#039;\u00e9clairage et dans diff\u00e9rents environnements. L&#039;apparence concerne la mani\u00e8re dont les couleurs sont per\u00e7ues visuellement par les personnes et comment elles sont influenc\u00e9es par les propri\u00e9t\u00e9s de la lumi\u00e8re, la texture de la surface et d&#039;autres facteurs environnementaux. 1....' class=\"encyclopedia\">Apparence<\/a> - plus que la couleur, la couleur en HDR et l'impression et la couleur interdisciplinaire.<\/p>\n\n\n\n<p class=\"wp-block-paragraph\">Des conf\u00e9renciers issus du monde universitaire, de la recherche et de l'industrie ont \u00e9t\u00e9 invit\u00e9s \u00e0 participer au programme de la conf\u00e9rence. Le congr\u00e8s sera pr\u00e9c\u00e9d\u00e9 d'un atelier sur : (1) l'uniformit\u00e9 de la gradation des couleurs sur les \u00e9crans ; (2) l'utilisation de la couleur dans l'image ; (3) l'utilisation de la couleur dans l'image. <a href=\"http:\/\/blog.proofs.de\/fr\/lexikon\/farbsystem\/\" target=\"_self\" title=\"Un syst\u00e8me de couleurs (ou mod\u00e8le de couleurs) est une m\u00e9thode math\u00e9matique abstraite permettant de d\u00e9terminer et de sp\u00e9cifier les couleurs, ainsi que les relations entre elles. Il est souvent assimil\u00e9 \u00e0 l&#039;espace colorim\u00e9trique, qui est pourtant l&#039;application concr\u00e8te d&#039;un syst\u00e8me de couleurs \u00e0 une m\u00e9thode colorim\u00e9trique (imprimante, \u00e9cran, etc.).\" class=\"encyclopedia\">Syst\u00e8me de couleurs<\/a>e dans l'architecture, l'art et le jardinage. Il s'agit notamment d'exp\u00e9riences et de mesures pratiques, ainsi que d'un aper\u00e7u des objets expos\u00e9s dans la collection de la th\u00e9orie des couleurs.<\/p>\n\n\n\n<figure class=\"wp-block-image size-large\"><a href=\"https:\/\/dfwg.de\/wp-content\/uploads\/2025\/07\/Flyer-DfwG-JT2025_Programm.pdf\"><img loading=\"lazy\" decoding=\"async\" width=\"1024\" height=\"715\" src=\"http:\/\/blog.proofs.de\/wp-content\/uploads\/2025\/09\/Tagungsprogramm_Deutsche_farbwissenschaftliche_Gesellschaft_2025_Dresden-1024x715.png\" alt=\"Programme de la r\u00e9union annuelle de la soci\u00e9t\u00e9 allemande des sciences de la couleur 2025 \u00e0 l&#039;universit\u00e9 technique de Dresde.\" class=\"wp-image-6181\" srcset=\"https:\/\/blog.proofs.de\/wp-content\/uploads\/2025\/09\/Tagungsprogramm_Deutsche_farbwissenschaftliche_Gesellschaft_2025_Dresden-1024x715.png 1024w, https:\/\/blog.proofs.de\/wp-content\/uploads\/2025\/09\/Tagungsprogramm_Deutsche_farbwissenschaftliche_Gesellschaft_2025_Dresden-300x210.png 300w, https:\/\/blog.proofs.de\/wp-content\/uploads\/2025\/09\/Tagungsprogramm_Deutsche_farbwissenschaftliche_Gesellschaft_2025_Dresden-768x536.png 768w, https:\/\/blog.proofs.de\/wp-content\/uploads\/2025\/09\/Tagungsprogramm_Deutsche_farbwissenschaftliche_Gesellschaft_2025_Dresden-18x12.png 18w, https:\/\/blog.proofs.de\/wp-content\/uploads\/2025\/09\/Tagungsprogramm_Deutsche_farbwissenschaftliche_Gesellschaft_2025_Dresden.png 1519w\" sizes=\"auto, (max-width: 1024px) 100vw, 1024px\"><\/a><\/figure>\n\n\n\n<p class=\"wp-block-paragraph\">Cette ann\u00e9e, la <a href=\"http:\/\/blog.proofs.de\/fr\/lexikon\/proof\/\" target=\"_self\" title=\"Une \u00e9preuve (correctement appel\u00e9e \u00e9preuve contractuelle ou en anglais Contract Proof) est un moyen de contr\u00f4le certifi\u00e9 selon la norme ISO 12647-7 pour l&#039;industrie graphique. Une \u00e9preuve simule la colorim\u00e9trie de l&#039;impression offset ou de l&#039;h\u00e9liogravure en respectant les couleurs et les tol\u00e9rances \u00e9troites de la norme ISO.\" class=\"encyclopedia\">Proof<\/a> GmbH offre un parrainage \u00e9tudiant pour la conf\u00e9rence annuelle et permet ainsi \u00e0 un jeune de participer gratuitement \u00e0 la conf\u00e9rence \u00e0 Dresde. <\/p>\n\n\n\n<p class=\"wp-block-paragraph\">Vous souhaitez \u00e9galement devenir parrain et soutenir l'initiative ? Il y a encore un candidat pour un autre parrainage d'\u00e9tudiant. Si vous souhaitez aider un jeune \u00e0 participer au congr\u00e8s, n'h\u00e9sitez pas \u00e0 contacter le secr\u00e9tariat du DfwG. <\/p>\n\n\n\n<p class=\"wp-block-paragraph\"><a href=\"https:\/\/dfwg.de\/dfwg-jahrestagungen\/dfwg-jahrestagung-2025-3\/\" title=\"\">Pour plus d'informations sur la conf\u00e9rence annuelle et l'inscription, veuillez consulter le site web de la DfwG ici<\/a>.<\/p>\n\n\n\n<p class=\"wp-block-paragraph\"><\/p>","protected":false},"excerpt":{"rendered":"<p>Cette ann\u00e9e, la r\u00e9union annuelle de la Soci\u00e9t\u00e9 allemande des sciences de la couleur aura lieu en octobre \u00e0 Dresde, dans la collection \"Farbenlehre\" de l'universit\u00e9 technique de Dresde. En tant que soci\u00e9t\u00e9 allemande des sciences de la couleur, nous abordons le th\u00e8me de la couleur sous diff\u00e9rents aspects. Cette ann\u00e9e, nous nous concentrerons sur la couleur dans l'architecture et l'art, la couleur dans la technique d'\u00e9clairage, l'apparence - plus que la couleur, la couleur dans le HDR et l'impression et la couleur interdisciplinaire. Des intervenants issus de la science, de la recherche et de l'industrie ont \u00e9t\u00e9 invit\u00e9s \u00e0 participer au programme de la conf\u00e9rence. Le congr\u00e8s sera pr\u00e9c\u00e9d\u00e9 d'un atelier sur : (1) la gradation des couleurs sur les \u00e9crans ; (2) les syst\u00e8mes de couleurs ... <\/p>\n<p class=\"read-more-container\"><a title=\"R\u00e9union annuelle de la Soci\u00e9t\u00e9 allemande des sciences de la couleur du 7 au 9 octobre \u00e0 l&#039;Universit\u00e9 technique de Dresde\" class=\"read-more button\" href=\"http:\/\/blog.proofs.de\/fr\/jahrestagung-deutsche-farbwissenschaftliche-gesellschaft-vom-7-9-oktober-an-der-tu-dresden\/#more-6180\" aria-label=\"En savoir plus sur R\u00e9union annuelle de la Soci\u00e9t\u00e9 allemande des sciences de la couleur du 7 au 9 octobre \u00e0 l&#039;Universit\u00e9 technique de Dresde\">Lire la suite<\/a><\/p>","protected":false},"author":2,"featured_media":6182,"comment_status":"open","ping_status":"open","sticky":false,"template":"","format":"standard","meta":{"om_disable_all_campaigns":false,"inline_featured_image":false,"_monsterinsights_skip_tracking":false,"footnotes":""},"categories":[1],"tags":[1449,1448,1450],"class_list":["post-6180","post","type-post","status-publish","format-standard","has-post-thumbnail","hentry","category-allgemein","tag-deutsche-farbwissenschaftliche-gesellschaft","tag-dfwg","tag-farbwissenschaftliche-gesellschaft","generate-columns","tablet-grid-50","mobile-grid-100","grid-parent","grid-50","no-featured-image-padding","resize-featured-image"],"aioseo_notices":[],"aioseo_head":"\n\t\t<!-- All in One SEO 5.0.1.1 - aioseo.com -->\n\t<meta name=\"description\" content=\"Die Jahrestagung der Deutschen farbwissenschaftlichen Gesellschaft 2025 in Dresden wird vom der Proof GmbH mit einer Studierendenpatenschaft unterst\u00fctzt.\" \/>\n\t<meta name=\"robots\" content=\"max-image-preview:large\" \/>\n\t<meta name=\"author\" content=\"Matthias Betz\"\/>\n\t<meta name=\"google-site-verification\" content=\"TuXxyRwxcEg2-WfOaQ8vScWQh3-uBAnxXmY7g3GT90A\" \/>\n\t<meta name=\"keywords\" content=\"deutsche farbwissenschaftliche gesellschaft,dfwg,farbwissenschaftliche gesellschaft\" \/>\n\t<link rel=\"canonical\" href=\"http:\/\/blog.proofs.de\/fr\/jahrestagung-deutsche-farbwissenschaftliche-gesellschaft-vom-7-9-oktober-an-der-tu-dresden\/\" \/>\n\t<meta name=\"generator\" content=\"All in One SEO (AIOSEO) 5.0.1.1\" \/>\n\n\t\t<meta name=\"seobility\" content=\"593a8578143db71543f014978c690d47\">\n\t\t<meta property=\"og:locale\" content=\"fr_FR\" \/>\n\t\t<meta property=\"og:site_name\" content=\"Proof.de | Alles zu Proof, Farbmanagement, Grafik, Messtechnik &amp; Co.\" \/>\n\t\t<meta property=\"og:type\" content=\"article\" \/>\n\t\t<meta property=\"og:title\" content=\"Jahrestagung Deutsche farbwissenschaftliche Gesellschaft 2025 | proof.de\" \/>\n\t\t<meta property=\"og:description\" content=\"Die Jahrestagung der Deutschen farbwissenschaftlichen Gesellschaft 2025 in Dresden wird vom der Proof GmbH mit einer Studierendenpatenschaft unterst\u00fctzt.\" \/>\n\t\t<meta property=\"og:url\" content=\"http:\/\/blog.proofs.de\/fr\/jahrestagung-deutsche-farbwissenschaftliche-gesellschaft-vom-7-9-oktober-an-der-tu-dresden\/\" \/>\n\t\t<meta property=\"og:image\" content=\"http:\/\/blog.proofs.de\/wp-content\/uploads\/2025\/09\/DfwG_logo_2023-1.png\" \/>\n\t\t<meta property=\"og:image:width\" content=\"994\" \/>\n\t\t<meta property=\"og:image:height\" content=\"600\" \/>\n\t\t<meta property=\"article:published_time\" content=\"2025-08-19T09:11:52+00:00\" \/>\n\t\t<meta property=\"article:modified_time\" content=\"2025-09-19T09:13:54+00:00\" \/>\n\t\t<meta property=\"article:publisher\" content=\"https:\/\/www.facebook.com\/Proof.de\/\" \/>\n\t\t<meta name=\"twitter:card\" content=\"summary\" \/>\n\t\t<meta name=\"twitter:title\" content=\"Jahrestagung Deutsche farbwissenschaftliche Gesellschaft 2025 | proof.de\" \/>\n\t\t<meta name=\"twitter:description\" content=\"Die Jahrestagung der Deutschen farbwissenschaftlichen Gesellschaft 2025 in Dresden wird vom der Proof GmbH mit einer Studierendenpatenschaft unterst\u00fctzt.\" \/>\n\t\t<meta name=\"twitter:image\" content=\"https:\/\/blog.proofs.de\/wp-content\/uploads\/2025\/09\/DfwG_logo_2023-1.png\" \/>\n\t\t<script type=\"application\/ld+json\" class=\"aioseo-schema\">\n\t\t\t{\"@context\":\"https:\\\/\\\/schema.org\",\"@graph\":[{\"@type\":\"Article\",\"@id\":\"http:\\\/\\\/blog.proofs.de\\\/fr\\\/jahrestagung-deutsche-farbwissenschaftliche-gesellschaft-vom-7-9-oktober-an-der-tu-dresden\\\/#article\",\"name\":\"Jahrestagung Deutsche farbwissenschaftliche Gesellschaft 2025 | proof.de\",\"headline\":\"Jahrestagung Deutsche farbwissenschaftliche Gesellschaft vom 7.-9. Oktober an der TU Dresden\",\"author\":{\"@id\":\"http:\\\/\\\/blog.proofs.de\\\/fr\\\/author\\\/mbetz\\\/#author\"},\"publisher\":{\"@id\":\"http:\\\/\\\/blog.proofs.de\\\/fr\\\/#organization\"},\"image\":{\"@type\":\"ImageObject\",\"url\":\"https:\\\/\\\/blog.proofs.de\\\/wp-content\\\/uploads\\\/2025\\\/09\\\/DfwG_logo_2023-1.png\",\"width\":994,\"height\":600},\"datePublished\":\"2025-08-19T11:11:52+02:00\",\"dateModified\":\"2025-09-19T11:13:54+02:00\",\"inLanguage\":\"fr-FR\",\"mainEntityOfPage\":{\"@id\":\"http:\\\/\\\/blog.proofs.de\\\/fr\\\/jahrestagung-deutsche-farbwissenschaftliche-gesellschaft-vom-7-9-oktober-an-der-tu-dresden\\\/#webpage\"},\"isPartOf\":{\"@id\":\"http:\\\/\\\/blog.proofs.de\\\/fr\\\/jahrestagung-deutsche-farbwissenschaftliche-gesellschaft-vom-7-9-oktober-an-der-tu-dresden\\\/#webpage\"},\"articleSection\":\"Allgemein, Deutsche farbwissenschaftliche Gesellschaft, DfwG, farbwissenschaftliche Gesellschaft\"},{\"@type\":\"BreadcrumbList\",\"@id\":\"http:\\\/\\\/blog.proofs.de\\\/fr\\\/jahrestagung-deutsche-farbwissenschaftliche-gesellschaft-vom-7-9-oktober-an-der-tu-dresden\\\/#breadcrumblist\",\"itemListElement\":[{\"@type\":\"ListItem\",\"@id\":\"http:\\\/\\\/blog.proofs.de\\\/fr#listItem\",\"position\":1,\"name\":\"Home\",\"item\":\"http:\\\/\\\/blog.proofs.de\\\/fr\",\"nextItem\":{\"@type\":\"ListItem\",\"@id\":\"http:\\\/\\\/blog.proofs.de\\\/fr\\\/thema\\\/allgemein\\\/#listItem\",\"name\":\"Allgemein\"}},{\"@type\":\"ListItem\",\"@id\":\"http:\\\/\\\/blog.proofs.de\\\/fr\\\/thema\\\/allgemein\\\/#listItem\",\"position\":2,\"name\":\"Allgemein\",\"item\":\"http:\\\/\\\/blog.proofs.de\\\/fr\\\/thema\\\/allgemein\\\/\",\"nextItem\":{\"@type\":\"ListItem\",\"@id\":\"http:\\\/\\\/blog.proofs.de\\\/fr\\\/jahrestagung-deutsche-farbwissenschaftliche-gesellschaft-vom-7-9-oktober-an-der-tu-dresden\\\/#listItem\",\"name\":\"Jahrestagung Deutsche farbwissenschaftliche Gesellschaft vom 7.-9. Oktober an der TU Dresden\"},\"previousItem\":{\"@type\":\"ListItem\",\"@id\":\"http:\\\/\\\/blog.proofs.de\\\/fr#listItem\",\"name\":\"Home\"}},{\"@type\":\"ListItem\",\"@id\":\"http:\\\/\\\/blog.proofs.de\\\/fr\\\/jahrestagung-deutsche-farbwissenschaftliche-gesellschaft-vom-7-9-oktober-an-der-tu-dresden\\\/#listItem\",\"position\":3,\"name\":\"Jahrestagung Deutsche farbwissenschaftliche Gesellschaft vom 7.-9. Oktober an der TU Dresden\",\"previousItem\":{\"@type\":\"ListItem\",\"@id\":\"http:\\\/\\\/blog.proofs.de\\\/fr\\\/thema\\\/allgemein\\\/#listItem\",\"name\":\"Allgemein\"}}]},{\"@type\":\"Organization\",\"@id\":\"http:\\\/\\\/blog.proofs.de\\\/fr\\\/#organization\",\"name\":\"Proof GmbH\",\"description\":\"Farbverbindlicher Proof, Farbproof, Digitalproof und Online-Proof.\",\"url\":\"http:\\\/\\\/blog.proofs.de\\\/fr\\\/\",\"telephone\":\"+4970717952740\",\"logo\":{\"@type\":\"ImageObject\",\"url\":\"https:\\\/\\\/blog1.proofen.de\\\/wp-content\\\/uploads\\\/2019\\\/09\\\/logo_proof_rgb_mit_balken_250px.png\",\"@id\":\"http:\\\/\\\/blog.proofs.de\\\/fr\\\/jahrestagung-deutsche-farbwissenschaftliche-gesellschaft-vom-7-9-oktober-an-der-tu-dresden\\\/#organizationLogo\"},\"image\":{\"@id\":\"http:\\\/\\\/blog.proofs.de\\\/fr\\\/jahrestagung-deutsche-farbwissenschaftliche-gesellschaft-vom-7-9-oktober-an-der-tu-dresden\\\/#organizationLogo\"},\"sameAs\":[\"https:\\\/\\\/www.facebook.com\\\/Proof.de\\\/\",\"https:\\\/\\\/www.instagram.com\\\/proof.de\\\/\",\"https:\\\/\\\/www.tiktok.com\\\/@proof_de\",\"https:\\\/\\\/www.youtube.com\\\/channel\\\/UCk80fQVQ25wC9wu3SywB-Nw\",\"https:\\\/\\\/www.linkedin.com\\\/company\\\/proof-de\"]},{\"@type\":\"Person\",\"@id\":\"http:\\\/\\\/blog.proofs.de\\\/fr\\\/author\\\/mbetz\\\/#author\",\"url\":\"http:\\\/\\\/blog.proofs.de\\\/fr\\\/author\\\/mbetz\\\/\",\"name\":\"Matthias Betz\",\"image\":{\"@type\":\"ImageObject\",\"@id\":\"http:\\\/\\\/blog.proofs.de\\\/fr\\\/jahrestagung-deutsche-farbwissenschaftliche-gesellschaft-vom-7-9-oktober-an-der-tu-dresden\\\/#authorImage\",\"url\":\"https:\\\/\\\/blog.proofs.de\\\/wp-content\\\/uploads\\\/2020\\\/10\\\/matthias-betz-e1603934518350-150x150.png\",\"width\":96,\"height\":96,\"caption\":\"Matthias Betz\"}},{\"@type\":\"WebPage\",\"@id\":\"http:\\\/\\\/blog.proofs.de\\\/fr\\\/jahrestagung-deutsche-farbwissenschaftliche-gesellschaft-vom-7-9-oktober-an-der-tu-dresden\\\/#webpage\",\"url\":\"http:\\\/\\\/blog.proofs.de\\\/fr\\\/jahrestagung-deutsche-farbwissenschaftliche-gesellschaft-vom-7-9-oktober-an-der-tu-dresden\\\/\",\"name\":\"Jahrestagung Deutsche farbwissenschaftliche Gesellschaft 2025 | proof.de\",\"description\":\"Die Jahrestagung der Deutschen farbwissenschaftlichen Gesellschaft 2025 in Dresden wird vom der Proof GmbH mit einer Studierendenpatenschaft unterst\\u00fctzt.\",\"inLanguage\":\"fr-FR\",\"isPartOf\":{\"@id\":\"http:\\\/\\\/blog.proofs.de\\\/fr\\\/#website\"},\"breadcrumb\":{\"@id\":\"http:\\\/\\\/blog.proofs.de\\\/fr\\\/jahrestagung-deutsche-farbwissenschaftliche-gesellschaft-vom-7-9-oktober-an-der-tu-dresden\\\/#breadcrumblist\"},\"author\":{\"@id\":\"http:\\\/\\\/blog.proofs.de\\\/fr\\\/author\\\/mbetz\\\/#author\"},\"creator\":{\"@id\":\"http:\\\/\\\/blog.proofs.de\\\/fr\\\/author\\\/mbetz\\\/#author\"},\"image\":{\"@type\":\"ImageObject\",\"url\":\"https:\\\/\\\/blog.proofs.de\\\/wp-content\\\/uploads\\\/2025\\\/09\\\/DfwG_logo_2023-1.png\",\"@id\":\"http:\\\/\\\/blog.proofs.de\\\/fr\\\/jahrestagung-deutsche-farbwissenschaftliche-gesellschaft-vom-7-9-oktober-an-der-tu-dresden\\\/#mainImage\",\"width\":994,\"height\":600},\"primaryImageOfPage\":{\"@id\":\"http:\\\/\\\/blog.proofs.de\\\/fr\\\/jahrestagung-deutsche-farbwissenschaftliche-gesellschaft-vom-7-9-oktober-an-der-tu-dresden\\\/#mainImage\"},\"datePublished\":\"2025-08-19T11:11:52+02:00\",\"dateModified\":\"2025-09-19T11:13:54+02:00\"},{\"@type\":\"WebSite\",\"@id\":\"http:\\\/\\\/blog.proofs.de\\\/fr\\\/#website\",\"url\":\"http:\\\/\\\/blog.proofs.de\\\/fr\\\/\",\"name\":\"Proof.de\",\"description\":\"Farbverbindlicher Proof, Farbproof, Digitalproof und Online-Proof.\",\"inLanguage\":\"fr-FR\",\"publisher\":{\"@id\":\"http:\\\/\\\/blog.proofs.de\\\/fr\\\/#organization\"}}]}\n\t\t<\/script>\n\t\t<!-- All in One SEO -->\n\n","aioseo_head_json":{"title":"R\u00e9union annuelle de la Soci\u00e9t\u00e9 allemande des sciences de la couleur 2025 | proof.de","description":"La r\u00e9union annuelle de la Soci\u00e9t\u00e9 allemande des sciences de la couleur qui se tiendra \u00e0 Dresde en 2025 sera soutenue par le Proof GmbH par le biais d'un parrainage \u00e9tudiant.","canonical_url":"http:\/\/blog.proofs.de\/fr\/jahrestagung-deutsche-farbwissenschaftliche-gesellschaft-vom-7-9-oktober-an-der-tu-dresden\/","robots":"max-image-preview:large","keywords":"deutsche farbwissenschaftliche gesellschaft,dfwg,farbwissenschaftliche gesellschaft","webmasterTools":{"google-site-verification":"TuXxyRwxcEg2-WfOaQ8vScWQh3-uBAnxXmY7g3GT90A","miscellaneous":"&lt;meta name=\"seobility\" content=\"593a8578143db71543f014978c690d47\"&gt;"},"schema":{"@context":"https:\/\/schema.org","@graph":[{"@type":"Article","@id":"http:\/\/blog.proofs.de\/fr\/jahrestagung-deutsche-farbwissenschaftliche-gesellschaft-vom-7-9-oktober-an-der-tu-dresden\/#article","name":"Jahrestagung Deutsche farbwissenschaftliche Gesellschaft 2025 | proof.de","headline":"Jahrestagung Deutsche farbwissenschaftliche Gesellschaft vom 7.-9. Oktober an der TU Dresden","author":{"@id":"http:\/\/blog.proofs.de\/fr\/author\/mbetz\/#author"},"publisher":{"@id":"http:\/\/blog.proofs.de\/fr\/#organization"},"image":{"@type":"ImageObject","url":"https:\/\/blog.proofs.de\/wp-content\/uploads\/2025\/09\/DfwG_logo_2023-1.png","width":994,"height":600},"datePublished":"2025-08-19T11:11:52+02:00","dateModified":"2025-09-19T11:13:54+02:00","inLanguage":"fr-FR","mainEntityOfPage":{"@id":"http:\/\/blog.proofs.de\/fr\/jahrestagung-deutsche-farbwissenschaftliche-gesellschaft-vom-7-9-oktober-an-der-tu-dresden\/#webpage"},"isPartOf":{"@id":"http:\/\/blog.proofs.de\/fr\/jahrestagung-deutsche-farbwissenschaftliche-gesellschaft-vom-7-9-oktober-an-der-tu-dresden\/#webpage"},"articleSection":"Allgemein, Deutsche farbwissenschaftliche Gesellschaft, DfwG, farbwissenschaftliche Gesellschaft"},{"@type":"BreadcrumbList","@id":"http:\/\/blog.proofs.de\/fr\/jahrestagung-deutsche-farbwissenschaftliche-gesellschaft-vom-7-9-oktober-an-der-tu-dresden\/#breadcrumblist","itemListElement":[{"@type":"ListItem","@id":"http:\/\/blog.proofs.de\/fr#listItem","position":1,"name":"Home","item":"http:\/\/blog.proofs.de\/fr","nextItem":{"@type":"ListItem","@id":"http:\/\/blog.proofs.de\/fr\/thema\/allgemein\/#listItem","name":"Allgemein"}},{"@type":"ListItem","@id":"http:\/\/blog.proofs.de\/fr\/thema\/allgemein\/#listItem","position":2,"name":"Allgemein","item":"http:\/\/blog.proofs.de\/fr\/thema\/allgemein\/","nextItem":{"@type":"ListItem","@id":"http:\/\/blog.proofs.de\/fr\/jahrestagung-deutsche-farbwissenschaftliche-gesellschaft-vom-7-9-oktober-an-der-tu-dresden\/#listItem","name":"Jahrestagung Deutsche farbwissenschaftliche Gesellschaft vom 7.-9. Oktober an der TU Dresden"},"previousItem":{"@type":"ListItem","@id":"http:\/\/blog.proofs.de\/fr#listItem","name":"Home"}},{"@type":"ListItem","@id":"http:\/\/blog.proofs.de\/fr\/jahrestagung-deutsche-farbwissenschaftliche-gesellschaft-vom-7-9-oktober-an-der-tu-dresden\/#listItem","position":3,"name":"Jahrestagung Deutsche farbwissenschaftliche Gesellschaft vom 7.-9. Oktober an der TU Dresden","previousItem":{"@type":"ListItem","@id":"http:\/\/blog.proofs.de\/fr\/thema\/allgemein\/#listItem","name":"Allgemein"}}]},{"@type":"Organization","@id":"http:\/\/blog.proofs.de\/fr\/#organization","name":"Proof GmbH","description":"Farbverbindlicher Proof, Farbproof, Digitalproof und Online-Proof.","url":"http:\/\/blog.proofs.de\/fr\/","telephone":"+4970717952740","logo":{"@type":"ImageObject","url":"https:\/\/blog1.proofen.de\/wp-content\/uploads\/2019\/09\/logo_proof_rgb_mit_balken_250px.png","@id":"http:\/\/blog.proofs.de\/fr\/jahrestagung-deutsche-farbwissenschaftliche-gesellschaft-vom-7-9-oktober-an-der-tu-dresden\/#organizationLogo"},"image":{"@id":"http:\/\/blog.proofs.de\/fr\/jahrestagung-deutsche-farbwissenschaftliche-gesellschaft-vom-7-9-oktober-an-der-tu-dresden\/#organizationLogo"},"sameAs":["https:\/\/www.facebook.com\/Proof.de\/","https:\/\/www.instagram.com\/proof.de\/","https:\/\/www.tiktok.com\/@proof_de","https:\/\/www.youtube.com\/channel\/UCk80fQVQ25wC9wu3SywB-Nw","https:\/\/www.linkedin.com\/company\/proof-de"]},{"@type":"Person","@id":"http:\/\/blog.proofs.de\/fr\/author\/mbetz\/#author","url":"http:\/\/blog.proofs.de\/fr\/author\/mbetz\/","name":"Matthias Betz","image":{"@type":"ImageObject","@id":"http:\/\/blog.proofs.de\/fr\/jahrestagung-deutsche-farbwissenschaftliche-gesellschaft-vom-7-9-oktober-an-der-tu-dresden\/#authorImage","url":"https:\/\/blog.proofs.de\/wp-content\/uploads\/2020\/10\/matthias-betz-e1603934518350-150x150.png","width":96,"height":96,"caption":"Matthias Betz"}},{"@type":"WebPage","@id":"http:\/\/blog.proofs.de\/fr\/jahrestagung-deutsche-farbwissenschaftliche-gesellschaft-vom-7-9-oktober-an-der-tu-dresden\/#webpage","url":"http:\/\/blog.proofs.de\/fr\/jahrestagung-deutsche-farbwissenschaftliche-gesellschaft-vom-7-9-oktober-an-der-tu-dresden\/","name":"Jahrestagung Deutsche farbwissenschaftliche Gesellschaft 2025 | proof.de","description":"Die Jahrestagung der Deutschen farbwissenschaftlichen Gesellschaft 2025 in Dresden wird vom der Proof GmbH mit einer Studierendenpatenschaft unterst\u00fctzt.","inLanguage":"fr-FR","isPartOf":{"@id":"http:\/\/blog.proofs.de\/fr\/#website"},"breadcrumb":{"@id":"http:\/\/blog.proofs.de\/fr\/jahrestagung-deutsche-farbwissenschaftliche-gesellschaft-vom-7-9-oktober-an-der-tu-dresden\/#breadcrumblist"},"author":{"@id":"http:\/\/blog.proofs.de\/fr\/author\/mbetz\/#author"},"creator":{"@id":"http:\/\/blog.proofs.de\/fr\/author\/mbetz\/#author"},"image":{"@type":"ImageObject","url":"https:\/\/blog.proofs.de\/wp-content\/uploads\/2025\/09\/DfwG_logo_2023-1.png","@id":"http:\/\/blog.proofs.de\/fr\/jahrestagung-deutsche-farbwissenschaftliche-gesellschaft-vom-7-9-oktober-an-der-tu-dresden\/#mainImage","width":994,"height":600},"primaryImageOfPage":{"@id":"http:\/\/blog.proofs.de\/fr\/jahrestagung-deutsche-farbwissenschaftliche-gesellschaft-vom-7-9-oktober-an-der-tu-dresden\/#mainImage"},"datePublished":"2025-08-19T11:11:52+02:00","dateModified":"2025-09-19T11:13:54+02:00"},{"@type":"WebSite","@id":"http:\/\/blog.proofs.de\/fr\/#website","url":"http:\/\/blog.proofs.de\/fr\/","name":"Proof.de","description":"Farbverbindlicher Proof, Farbproof, Digitalproof und Online-Proof.","inLanguage":"fr-FR","publisher":{"@id":"http:\/\/blog.proofs.de\/fr\/#organization"}}]},"og:locale":"fr_FR","og:site_name":"Proof.de | Alles zu Proof, Farbmanagement, Grafik, Messtechnik &amp; Co.","og:type":"article","og:title":"Jahrestagung Deutsche farbwissenschaftliche Gesellschaft 2025 | proof.de","og:description":"Die Jahrestagung der Deutschen farbwissenschaftlichen Gesellschaft 2025 in Dresden wird vom der Proof GmbH mit einer Studierendenpatenschaft unterst\u00fctzt.","og:url":"http:\/\/blog.proofs.de\/fr\/jahrestagung-deutsche-farbwissenschaftliche-gesellschaft-vom-7-9-oktober-an-der-tu-dresden\/","og:image":"http:\/\/blog.proofs.de\/wp-content\/uploads\/2025\/09\/DfwG_logo_2023-1.png","og:image:width":994,"og:image:height":600,"article:published_time":"2025-08-19T09:11:52+00:00","article:modified_time":"2025-09-19T09:13:54+00:00","article:publisher":"https:\/\/www.facebook.com\/Proof.de\/","twitter:card":"summary","twitter:title":"Jahrestagung Deutsche farbwissenschaftliche Gesellschaft 2025 | proof.de","twitter:description":"Die Jahrestagung der Deutschen farbwissenschaftlichen Gesellschaft 2025 in Dresden wird vom der Proof GmbH mit einer Studierendenpatenschaft unterst\u00fctzt.","twitter:image":"https:\/\/blog.proofs.de\/wp-content\/uploads\/2025\/09\/DfwG_logo_2023-1.png"},"aioseo_meta_data":{"post_id":"6180","title":"R\u00e9union annuelle de la Soci\u00e9t\u00e9 allemande des sciences de la couleur 2025 | proof.de","description":"La r\u00e9union annuelle de la Soci\u00e9t\u00e9 allemande des sciences de la couleur qui se tiendra \u00e0 Dresde en 2025 sera soutenue par le Proof GmbH par le biais d'un parrainage \u00e9tudiant.","keywords":null,"keyphrases":{"focus":{"keyphrase":"","score":0,"analysis":{"keyphraseInTitle":{"score":0,"maxScore":9,"error":1}}},"additional":[]},"primary_term":null,"canonical_url":null,"og_title":null,"og_description":null,"og_object_type":"default","og_image_type":"default","og_image_url":null,"og_image_width":null,"og_image_height":null,"og_image_custom_url":null,"og_image_custom_fields":null,"og_video":"","og_custom_url":null,"og_article_section":null,"og_article_tags":null,"twitter_use_og":true,"twitter_card":"default","twitter_image_type":"default","twitter_image_url":null,"twitter_image_custom_url":null,"twitter_image_custom_fields":null,"twitter_title":null,"twitter_description":null,"schema":{"blockGraphs":[],"customGraphs":[],"default":{"data":{"Article":[],"Course":[],"Dataset":[],"FAQPage":[],"Movie":[],"Person":[],"Product":[],"ProductReview":[],"Car":[],"Recipe":[],"Service":[],"SoftwareApplication":[],"WebPage":[]},"graphName":"Article","isEnabled":true},"graphs":[]},"schema_type":"default","schema_type_options":null,"pillar_content":false,"robots_default":true,"robots_noindex":false,"robots_noarchive":false,"robots_nosnippet":false,"robots_nofollow":false,"robots_noimageindex":false,"robots_noodp":false,"robots_notranslate":false,"robots_max_snippet":"-1","robots_max_videopreview":"-1","robots_max_imagepreview":"large","priority":null,"frequency":"default","local_seo":null,"breadcrumb_settings":null,"limit_modified_date":false,"ai":{"faqs":[],"keyPoints":[],"titles":[],"descriptions":[],"socialPosts":{"email":[],"linkedin":[],"twitter":[],"facebook":[],"instagram":[]}},"created":"2025-09-19 08:41:45","updated":"2025-09-19 09:22:08","seo_analyzer_scan_date":null,"focus_keyword":null,"additional_keywords":null,"truseo_locale":null},"_links":{"self":[{"href":"http:\/\/blog.proofs.de\/fr\/wp-json\/wp\/v2\/posts\/6180","targetHints":{"allow":["GET"]}}],"collection":[{"href":"http:\/\/blog.proofs.de\/fr\/wp-json\/wp\/v2\/posts"}],"about":[{"href":"http:\/\/blog.proofs.de\/fr\/wp-json\/wp\/v2\/types\/post"}],"author":[{"embeddable":true,"href":"http:\/\/blog.proofs.de\/fr\/wp-json\/wp\/v2\/users\/2"}],"replies":[{"embeddable":true,"href":"http:\/\/blog.proofs.de\/fr\/wp-json\/wp\/v2\/comments?post=6180"}],"version-history":[{"count":3,"href":"http:\/\/blog.proofs.de\/fr\/wp-json\/wp\/v2\/posts\/6180\/revisions"}],"predecessor-version":[{"id":6185,"href":"http:\/\/blog.proofs.de\/fr\/wp-json\/wp\/v2\/posts\/6180\/revisions\/6185"}],"wp:featuredmedia":[{"embeddable":true,"href":"http:\/\/blog.proofs.de\/fr\/wp-json\/wp\/v2\/media\/6182"}],"wp:attachment":[{"href":"http:\/\/blog.proofs.de\/fr\/wp-json\/wp\/v2\/media?parent=6180"}],"wp:term":[{"taxonomy":"category","embeddable":true,"href":"http:\/\/blog.proofs.de\/fr\/wp-json\/wp\/v2\/categories?post=6180"},{"taxonomy":"post_tag","embeddable":true,"href":"http:\/\/blog.proofs.de\/fr\/wp-json\/wp\/v2\/tags?post=6180"}],"curies":[{"name":"wp","href":"https:\/\/api.w.org\/{rel}","templated":true}]}}