{"id":69,"date":"2012-01-25T10:21:52","date_gmt":"2012-01-25T09:21:52","guid":{"rendered":"http:\/\/www.proof.de\/?p=69"},"modified":"2020-05-08T11:50:00","modified_gmt":"2020-05-08T09:50:00","slug":"comment-sur-couleur-sont-proofs","status":"publish","type":"post","link":"http:\/\/blog.proofs.de\/fr\/wie-farbverbindlich-sind-proofs\/","title":{"rendered":"Quelle est la fiabilit\u00e9 des couleurs des \u00e9preuves ?"},"content":{"rendered":"<div class=\"kk-star-ratings kksr-auto kksr-align-right kksr-valign-top\" data-payload='{\"align\":\"right\",\"id\":\"69\",\"slug\":\"default\",\"valign\":\"top\",\"ignore\":\"\",\"reference\":\"auto\",\"class\":\"\",\"count\":\"0\",\"legendonly\":\"\",\"readonly\":\"\",\"score\":\"0\",\"starsonly\":\"\",\"best\":\"5\",\"gap\":\"5\",\"greet\":\"Jetzt bewerten\",\"legend\":\"0\\\/5 - (0 vote)\",\"size\":\"24\",\"title\":\"Wie farbverbindlich sind Proofs?\",\"width\":\"0\",\"_legend\":\"{score}\\\/{best} - ({count} {votes})\",\"font_factor\":\"1.25\"}'>\n            \n<div class=\"kksr-stars\">\n    \n<div class=\"kksr-stars-inactive\">\n            <div class=\"kksr-star\" data-star=\"1\" style=\"padding-right: 5px\">\n            \n\n<div class=\"kksr-icon\" style=\"width: 24px; height: 24px;\"><\/div>\n        <\/div>\n            <div class=\"kksr-star\" data-star=\"2\" style=\"padding-right: 5px\">\n            \n\n<div class=\"kksr-icon\" style=\"width: 24px; height: 24px;\"><\/div>\n        <\/div>\n            <div class=\"kksr-star\" data-star=\"3\" style=\"padding-right: 5px\">\n            \n\n<div class=\"kksr-icon\" style=\"width: 24px; height: 24px;\"><\/div>\n        <\/div>\n            <div class=\"kksr-star\" data-star=\"4\" style=\"padding-right: 5px\">\n            \n\n<div class=\"kksr-icon\" style=\"width: 24px; height: 24px;\"><\/div>\n        <\/div>\n            <div class=\"kksr-star\" data-star=\"5\" style=\"padding-right: 5px\">\n            \n\n<div class=\"kksr-icon\" style=\"width: 24px; height: 24px;\"><\/div>\n        <\/div>\n    <\/div>\n    \n<div class=\"kksr-stars-active\" style=\"width: 0px;\">\n            <div class=\"kksr-star\" style=\"padding-right: 5px\">\n            \n\n<div class=\"kksr-icon\" style=\"width: 24px; height: 24px;\"><\/div>\n        <\/div>\n            <div class=\"kksr-star\" style=\"padding-right: 5px\">\n            \n\n<div class=\"kksr-icon\" style=\"width: 24px; height: 24px;\"><\/div>\n        <\/div>\n            <div class=\"kksr-star\" style=\"padding-right: 5px\">\n            \n\n<div class=\"kksr-icon\" style=\"width: 24px; height: 24px;\"><\/div>\n        <\/div>\n            <div class=\"kksr-star\" style=\"padding-right: 5px\">\n            \n\n<div class=\"kksr-icon\" style=\"width: 24px; height: 24px;\"><\/div>\n        <\/div>\n            <div class=\"kksr-star\" style=\"padding-right: 5px\">\n            \n\n<div class=\"kksr-icon\" style=\"width: 24px; height: 24px;\"><\/div>\n        <\/div>\n    <\/div>\n<\/div>\n                \n\n<div class=\"kksr-legend\" style=\"font-size: 19.2px;\">\n            <span class=\"kksr-muted\">\u00c9valuer maintenant<\/span>\n    <\/div>\n    <\/div>\n<p><strong>Un <a href=\"http:\/\/blog.proofs.de\/fr\/lexikon\/proof\/\" target=\"_self\" title=\"Une \u00e9preuve (correctement appel\u00e9e \u00e9preuve contractuelle ou en anglais Contract Proof) est un moyen de contr\u00f4le certifi\u00e9 selon la norme ISO 12647-7 pour l&#039;industrie graphique. Une \u00e9preuve simule la colorim\u00e9trie de l&#039;impression offset ou de l&#039;h\u00e9liogravure en respectant les couleurs et les tol\u00e9rances \u00e9troites de la norme ISO.\" class=\"encyclopedia\">Proof<\/a> est \u00e9tabli conform\u00e9ment \u00e0 la norme ISO 12647-7 actuellement en vigueur et est <a href=\"http:\/\/blog.proofs.de\/fr\/lexikon\/ugra\/\" target=\"_self\" title=\"L&#039;UGRA est le centre de comp\u00e9tence pour les m\u00e9dias et les technologies d&#039;impression.\" class=\"encyclopedia\">UGRA<\/a>-<a href=\"http:\/\/blog.proofs.de\/fr\/lexikon\/fogra\/\" target=\"_self\" title=\"Fogra Forschungsgesellschaft Druck e.V., dont le si\u00e8ge est \u00e0 Munich.\" class=\"encyclopedia\">Fogra<\/a> <a href=\"http:\/\/blog.proofs.de\/fr\/lexikon\/medienkeil\/\" target=\"_self\" title=\"Une cale m\u00e9dia est un motif de test standardis\u00e9 utilis\u00e9 dans l&#039;industrie de l&#039;impression et de la gestion des couleurs. La cale m\u00e9dia est constitu\u00e9e d&#039;une s\u00e9rie de plages de couleurs avec des valeurs et des intensit\u00e9s de couleurs connues. Il est utilis\u00e9 pour v\u00e9rifier la pr\u00e9cision et la reproduction des couleurs des impressions, notamment lors de l&#039;\u00e9talonnage des syst\u00e8mes de gestion des couleurs. La cale m\u00e9dia contient une s\u00e9rie de plages de couleurs diff\u00e9rentes, dont...\" class=\"encyclopedia\">Cale m\u00e9dia<\/a> et le proc\u00e8s-verbal d'essai, dont la couleur est obligatoire et qui est juridiquement contraignant.<\/strong><\/p>\n<p><strong>Comment fonctionne cette v\u00e9rification ?<\/strong><\/p>\n<p>Vous avez besoin d'une \u00e9preuve avec une bande de contr\u00f4le UGRA\/Fogra ? <a href=\"http:\/\/blog.proofs.de\/fr\/lexikon\/cmyk\/\" target=\"_self\" title='CMYK d\u00e9signe les quatre couleurs d&#039;impression cyan, magenta, jaune et &quot;key&quot; (noir ou partie noire).' class=\"encyclopedia\">CMYK<\/a> V3.0, il y a deux fa\u00e7ons de placer le protocole de contr\u00f4le sous vos donn\u00e9es.<\/p>\n<ol>\n<li>Dans les appareils d'\u00e9preuvage qui int\u00e8grent un appareil de mesure, la gamme de supports avec 3\u00d724 plages de couleurs standardis\u00e9es est imprim\u00e9e directement sous les donn\u00e9es d'\u00e9preuvage. Cette cale de support est d\u00e9plac\u00e9e directement dans l'appareil d'\u00e9preuvage vers une sorte de \"s\u00e8che-cheveux\" dans l'appareil de mesure et y est s\u00e9ch\u00e9e. Apr\u00e8s quelques minutes de s\u00e9chage, la cale m\u00e9dia se d\u00e9place et est mesur\u00e9e directement dans l'imprimante d'\u00e9preuves. Cela prend quelques minutes. Les valeurs de mesure ainsi obtenues sont envoy\u00e9es au <a href=\"http:\/\/blog.proofs.de\/fr\/lexikon\/proofs\/\" target=\"_self\" title=\"Dans le domaine de l&#039;impression, les \u00e9preuves d\u00e9signent la simulation d&#039;un r\u00e9sultat d&#039;impression en couleurs et juridiquement contraignante \u00e0 des fins de contr\u00f4le. La norme responsable des \u00e9preuves est la norme ISO 12647-7:2016, donc dans sa r\u00e9vision actuelle de 2016.\" class=\"encyclopedia\">\u00c9preuves<\/a>et \u00e9valu\u00e9es par le serveur. Si les valeurs colorim\u00e9triques sont correctes et se situent dans les tol\u00e9rances de la stricte norme ISO, un rapport de contr\u00f4le de la mesure est ensuite imprim\u00e9 directement sous la cale du support, ce qui vous permet de v\u00e9rifier la fiabilit\u00e9 des couleurs conform\u00e9ment au ProcessStandard <a href=\"http:\/\/blog.proofs.de\/fr\/lexikon\/offsetdruck\/\" target=\"_self\" title=\"L&#039;impression offset est un proc\u00e9d\u00e9 d&#039;impression indirect. Indirecte signifie que la forme d&#039;impression et le support d&#039;impression ne sont pas en contact direct l&#039;un avec l&#039;autre, mais qu&#039;un m\u00e9dia est utilis\u00e9 entre les deux comme moyen de transmission. C&#039;est le proc\u00e9d\u00e9 d&#039;impression le plus r\u00e9pandu. Il existe : - des presses offset \u00e0 feuilles et - des presses offset \u00e0 bobines.\" class=\"encyclopedia\">Impression offset<\/a> garanti.<\/li>\n<li>Pour les appareils d'\u00e9preuvage sans instrument de mesure int\u00e9gr\u00e9, il est <a href=\"http:\/\/blog.proofs.de\/fr\/lexikon\/led\/\" target=\"_self\" title='Une LED est une &quot;diode \u00e9lectroluminescente&quot; et repr\u00e9sente, dans l&#039;industrie graphique, la nouvelle lumi\u00e8re &quot;LED&quot; qui a remplac\u00e9 les anciennes sources lumineuses telles que les tubes n\u00e9on et les lampes tungst\u00e8ne. Les tubes n\u00e9on sont surtout connus dans le domaine de la lumi\u00e8re standard D50 ou D65, les sources de lumi\u00e8re tungst\u00e8ne ont surtout \u00e9t\u00e9 utilis\u00e9es dans les appareils de mesure des couleurs comme les spectrophotom\u00e8tres et les colorim\u00e8tres....' class=\"encyclopedia\">led<\/a>Seule la bande de support standardis\u00e9e est imprim\u00e9e sous les donn\u00e9es d'\u00e9preuve. Une v\u00e9rification a lieu ult\u00e9rieurement et en dehors de l'imprimante d'\u00e9preuves. Un appareil de mesure externe mesure alors la cale de support et d\u00e9termine les valeurs de consigne et de tol\u00e9rance par <a href=\"http:\/\/blog.proofs.de\/fr\/lexikon\/lab\/\" target=\"_self\" title=\"CIELAB ou LAB est un mod\u00e8le math\u00e9matique de couleurs qui s&#039;est impos\u00e9 partout o\u00f9 il est question de calculer les couleurs avec pr\u00e9cision. La gestion informatique des couleurs fonctionne g\u00e9n\u00e9ralement via CIELAB.\" class=\"encyclopedia\">Lab<\/a>l'imprimante. Cette \u00e9tiquette est ensuite coll\u00e9e directement sous la bande de support.<\/li>\n<\/ol>\n<p><strong>Quel est l'avantage de la cr\u00e9ation et de la v\u00e9rification automatis\u00e9es du coin m\u00e9dia directement dans l'appareil d'\u00e9preuvage ?<br>\n<\/strong><\/p>\n<ul>\n<li>La mesure est automatis\u00e9e directement apr\u00e8s l'impression de l'\u00e9preuve, les erreurs de mesure dues \u00e0 une mauvaise manipulation manuelle sont exclues. Comme le protocole de contr\u00f4le n'est pas \"coll\u00e9\" apr\u00e8s coup, comme c'est encore souvent le cas, toute manipulation est exclue.<\/li>\n<\/ul>\n<p>Pour plus d'informations sur le protocole de contr\u00f4le, la bande de contr\u00f4le et le travail et la responsabilit\u00e9 de l'UGRA\/Fogra, veuillez consulter le site suivant <a href=\"http:\/\/www.ugra.ch\/\" target=\"_blank\" rel=\"noopener noreferrer\">www.ugra.ch<\/a> et <a href=\"http:\/\/www.fogra.org\/\" target=\"_blank\" rel=\"noopener noreferrer\">www.fogra.org<\/a>.<\/p>","protected":false},"excerpt":{"rendered":"<p>Une \u00e9preuve est r\u00e9alis\u00e9e conform\u00e9ment \u00e0 la norme ISO 12647-7 actuellement en vigueur et, avec une cale m\u00e9dia UGRA-Fogra et un rapport de contr\u00f4le, ses couleurs sont contractuelles et juridiquement valables. Comment fonctionne cette v\u00e9rification ? Si vous avez besoin d'une \u00e9preuve avec une gamme de contr\u00f4le m\u00e9dia CMJN UGRA\/Fogra V3.0, il y a deux fa\u00e7ons d'obtenir le rapport de contr\u00f4le sous vos donn\u00e9es. Pour les appareils d'\u00e9preuvage dans lesquels un appareil de mesure est int\u00e9gr\u00e9, la bande de contr\u00f4le est imprim\u00e9e directement sous les donn\u00e9es d'\u00e9preuvage avec 3\u00d724 zones de couleur standardis\u00e9es. Cette cale de support est amen\u00e9e directement dans l'appareil d'\u00e9preuvage \u00e0 une sorte de \"s\u00e8che-cheveux\" dans l'appareil de mesure et y est s\u00e9ch\u00e9e. Apr\u00e8s quelques minutes de s\u00e9chage, la cale m\u00e9dia se d\u00e9place et ... <\/p>\n<p class=\"read-more-container\"><a title=\"Quelle est la fiabilit\u00e9 des couleurs des \u00e9preuves ?\" class=\"read-more button\" href=\"http:\/\/blog.proofs.de\/fr\/wie-farbverbindlich-sind-proofs\/#more-69\" aria-label=\"En savoir plus sur Quelle est la fiabilit\u00e9 des couleurs des \u00e9preuves ?\">Lire la suite<\/a><\/p>","protected":false},"author":2,"featured_media":881,"comment_status":"open","ping_status":"open","sticky":false,"template":"","format":"standard","meta":{"om_disable_all_campaigns":false,"inline_featured_image":false,"_monsterinsights_skip_tracking":false,"footnotes":""},"categories":[18,443,120,438,437,7,442],"tags":[520,521,21,67,522,19,519,525],"class_list":["post-69","post","type-post","status-publish","format-standard","has-post-thumbnail","hentry","category-haufige-fragen","category-haeufige-fragen-zu-proofs","category-kategorie-proof-gmbh","category-proof-papiere","category-proof-software-und-technik","category-proof-wissen","category-prozessstandard-offsetdruck-proof-wissen","tag-digitalproof","tag-farbproof","tag-farbverbindlich","tag-farbverbindlichkeit","tag-fogra","tag-medienkeil","tag-proof","tag-ugra","generate-columns","tablet-grid-50","mobile-grid-100","grid-parent","grid-50","no-featured-image-padding","resize-featured-image"],"aioseo_notices":[],"aioseo_head":"\n\t\t<!-- All in One SEO 5.0.1.1 - aioseo.com -->\n\t<meta name=\"description\" content=\"In dem Artikel wird erkl\u00e4rt, wie ein Proof farbverbindlich und rechtsverbindlich wird: Mit Medienkeil und Pr\u00fcfprotokoll nach ISO 12647-7 kein Thema!\" \/>\n\t<meta name=\"robots\" content=\"max-image-preview:large\" \/>\n\t<meta name=\"author\" content=\"Matthias Betz\"\/>\n\t<meta name=\"google-site-verification\" content=\"TuXxyRwxcEg2-WfOaQ8vScWQh3-uBAnxXmY7g3GT90A\" \/>\n\t<meta name=\"keywords\" content=\"proof,farbverbindlich,rechtsverbindlich,pr\u00fcfprotokoll,iso12647-7,digitalproof,farbproof,farbverbindlich,farbverbindlichkeit,fogra,medienkeil,proof,ugra\" \/>\n\t<link rel=\"canonical\" href=\"http:\/\/blog.proofs.de\/fr\/wie-farbverbindlich-sind-proofs\/\" \/>\n\t<meta name=\"generator\" content=\"All in One SEO (AIOSEO) 5.0.1.1\" \/>\n\n\t\t<meta name=\"seobility\" content=\"593a8578143db71543f014978c690d47\">\n\t\t<meta property=\"og:locale\" content=\"fr_FR\" \/>\n\t\t<meta property=\"og:site_name\" content=\"Proof.de | Alles zu Proof, Farbmanagement, Grafik, Messtechnik &amp; Co.\" \/>\n\t\t<meta property=\"og:type\" content=\"article\" \/>\n\t\t<meta property=\"og:title\" content=\"Wie farbverbindlich sind Proofs? | proof.de\" \/>\n\t\t<meta property=\"og:description\" content=\"In dem Artikel wird erkl\u00e4rt, wie ein Proof farbverbindlich und rechtsverbindlich wird: Mit Medienkeil und Pr\u00fcfprotokoll nach ISO 12647-7 kein Thema!\" \/>\n\t\t<meta property=\"og:url\" content=\"http:\/\/blog.proofs.de\/fr\/wie-farbverbindlich-sind-proofs\/\" \/>\n\t\t<meta property=\"og:image\" content=\"http:\/\/blog.proofs.de\/wp-content\/uploads\/2014\/02\/medienkeil_mit_pruefprotokoll.jpg\" \/>\n\t\t<meta property=\"og:image:width\" content=\"540\" \/>\n\t\t<meta property=\"og:image:height\" content=\"315\" \/>\n\t\t<meta property=\"article:published_time\" content=\"2012-01-25T09:21:52+00:00\" \/>\n\t\t<meta property=\"article:modified_time\" content=\"2020-05-08T09:50:00+00:00\" \/>\n\t\t<meta property=\"article:publisher\" content=\"https:\/\/www.facebook.com\/Proof.de\/\" \/>\n\t\t<meta name=\"twitter:card\" content=\"summary\" \/>\n\t\t<meta name=\"twitter:title\" content=\"Wie farbverbindlich sind Proofs? | proof.de\" \/>\n\t\t<meta name=\"twitter:description\" content=\"In dem Artikel wird erkl\u00e4rt, wie ein Proof farbverbindlich und rechtsverbindlich wird: Mit Medienkeil und Pr\u00fcfprotokoll nach ISO 12647-7 kein Thema!\" \/>\n\t\t<meta name=\"twitter:image\" content=\"https:\/\/blog1.proofen.de\/wp-content\/uploads\/2020\/04\/proof_background.jpg\" \/>\n\t\t<script type=\"application\/ld+json\" class=\"aioseo-schema\">\n\t\t\t{\"@context\":\"https:\\\/\\\/schema.org\",\"@graph\":[{\"@type\":\"Article\",\"@id\":\"http:\\\/\\\/blog.proofs.de\\\/fr\\\/wie-farbverbindlich-sind-proofs\\\/#article\",\"name\":\"Wie farbverbindlich sind Proofs? | proof.de\",\"headline\":\"Wie farbverbindlich sind Proofs?\",\"author\":{\"@id\":\"http:\\\/\\\/blog.proofs.de\\\/fr\\\/author\\\/mbetz\\\/#author\"},\"publisher\":{\"@id\":\"http:\\\/\\\/blog.proofs.de\\\/fr\\\/#organization\"},\"image\":{\"@type\":\"ImageObject\",\"url\":\"https:\\\/\\\/blog.proofs.de\\\/wp-content\\\/uploads\\\/2014\\\/02\\\/medienkeil_mit_pruefprotokoll.jpg\",\"width\":540,\"height\":315,\"caption\":\"Ugra\\\/Fogra-Medienkeil V3.0 mit Pr\\u00fcfprotokoll\"},\"datePublished\":\"2012-01-25T10:21:52+01:00\",\"dateModified\":\"2020-05-08T11:50:00+02:00\",\"inLanguage\":\"fr-FR\",\"mainEntityOfPage\":{\"@id\":\"http:\\\/\\\/blog.proofs.de\\\/fr\\\/wie-farbverbindlich-sind-proofs\\\/#webpage\"},\"isPartOf\":{\"@id\":\"http:\\\/\\\/blog.proofs.de\\\/fr\\\/wie-farbverbindlich-sind-proofs\\\/#webpage\"},\"articleSection\":\"H\\u00e4ufige Fragen, H\\u00e4ufige Fragen zu Proofs, Proof GmbH, Proof Papiere, Proof Software &amp; Technik, Proof Wissen, Prozessstandard Offsetdruck, Digitalproof, Farbproof, farbverbindlich, Farbverbindlichkeit, Fogra, Medienkeil, Proof, UGRA\"},{\"@type\":\"BreadcrumbList\",\"@id\":\"http:\\\/\\\/blog.proofs.de\\\/fr\\\/wie-farbverbindlich-sind-proofs\\\/#breadcrumblist\",\"itemListElement\":[{\"@type\":\"ListItem\",\"@id\":\"http:\\\/\\\/blog.proofs.de\\\/fr#listItem\",\"position\":1,\"name\":\"Home\",\"item\":\"http:\\\/\\\/blog.proofs.de\\\/fr\",\"nextItem\":{\"@type\":\"ListItem\",\"@id\":\"http:\\\/\\\/blog.proofs.de\\\/fr\\\/thema\\\/proof-wissen\\\/#listItem\",\"name\":\"Proof Wissen\"}},{\"@type\":\"ListItem\",\"@id\":\"http:\\\/\\\/blog.proofs.de\\\/fr\\\/thema\\\/proof-wissen\\\/#listItem\",\"position\":2,\"name\":\"Proof Wissen\",\"item\":\"http:\\\/\\\/blog.proofs.de\\\/fr\\\/thema\\\/proof-wissen\\\/\",\"nextItem\":{\"@type\":\"ListItem\",\"@id\":\"http:\\\/\\\/blog.proofs.de\\\/fr\\\/thema\\\/proof-wissen\\\/kategorie-proof-gmbh\\\/#listItem\",\"name\":\"Proof GmbH\"},\"previousItem\":{\"@type\":\"ListItem\",\"@id\":\"http:\\\/\\\/blog.proofs.de\\\/fr#listItem\",\"name\":\"Home\"}},{\"@type\":\"ListItem\",\"@id\":\"http:\\\/\\\/blog.proofs.de\\\/fr\\\/thema\\\/proof-wissen\\\/kategorie-proof-gmbh\\\/#listItem\",\"position\":3,\"name\":\"Proof GmbH\",\"item\":\"http:\\\/\\\/blog.proofs.de\\\/fr\\\/thema\\\/proof-wissen\\\/kategorie-proof-gmbh\\\/\",\"nextItem\":{\"@type\":\"ListItem\",\"@id\":\"http:\\\/\\\/blog.proofs.de\\\/fr\\\/wie-farbverbindlich-sind-proofs\\\/#listItem\",\"name\":\"Wie farbverbindlich sind Proofs?\"},\"previousItem\":{\"@type\":\"ListItem\",\"@id\":\"http:\\\/\\\/blog.proofs.de\\\/fr\\\/thema\\\/proof-wissen\\\/#listItem\",\"name\":\"Proof Wissen\"}},{\"@type\":\"ListItem\",\"@id\":\"http:\\\/\\\/blog.proofs.de\\\/fr\\\/wie-farbverbindlich-sind-proofs\\\/#listItem\",\"position\":4,\"name\":\"Wie farbverbindlich sind Proofs?\",\"previousItem\":{\"@type\":\"ListItem\",\"@id\":\"http:\\\/\\\/blog.proofs.de\\\/fr\\\/thema\\\/proof-wissen\\\/kategorie-proof-gmbh\\\/#listItem\",\"name\":\"Proof GmbH\"}}]},{\"@type\":\"Organization\",\"@id\":\"http:\\\/\\\/blog.proofs.de\\\/fr\\\/#organization\",\"name\":\"Proof GmbH\",\"description\":\"Farbverbindlicher Proof, Farbproof, Digitalproof und Online-Proof.\",\"url\":\"http:\\\/\\\/blog.proofs.de\\\/fr\\\/\",\"telephone\":\"+4970717952740\",\"logo\":{\"@type\":\"ImageObject\",\"url\":\"https:\\\/\\\/blog1.proofen.de\\\/wp-content\\\/uploads\\\/2019\\\/09\\\/logo_proof_rgb_mit_balken_250px.png\",\"@id\":\"http:\\\/\\\/blog.proofs.de\\\/fr\\\/wie-farbverbindlich-sind-proofs\\\/#organizationLogo\"},\"image\":{\"@id\":\"http:\\\/\\\/blog.proofs.de\\\/fr\\\/wie-farbverbindlich-sind-proofs\\\/#organizationLogo\"},\"sameAs\":[\"https:\\\/\\\/www.facebook.com\\\/Proof.de\\\/\",\"https:\\\/\\\/www.instagram.com\\\/proof.de\\\/\",\"https:\\\/\\\/www.tiktok.com\\\/@proof_de\",\"https:\\\/\\\/www.youtube.com\\\/channel\\\/UCk80fQVQ25wC9wu3SywB-Nw\",\"https:\\\/\\\/www.linkedin.com\\\/company\\\/proof-de\"]},{\"@type\":\"Person\",\"@id\":\"http:\\\/\\\/blog.proofs.de\\\/fr\\\/author\\\/mbetz\\\/#author\",\"url\":\"http:\\\/\\\/blog.proofs.de\\\/fr\\\/author\\\/mbetz\\\/\",\"name\":\"Matthias Betz\",\"image\":{\"@type\":\"ImageObject\",\"@id\":\"http:\\\/\\\/blog.proofs.de\\\/fr\\\/wie-farbverbindlich-sind-proofs\\\/#authorImage\",\"url\":\"https:\\\/\\\/blog.proofs.de\\\/wp-content\\\/uploads\\\/2020\\\/10\\\/matthias-betz-e1603934518350-150x150.png\",\"width\":96,\"height\":96,\"caption\":\"Matthias Betz\"}},{\"@type\":\"WebPage\",\"@id\":\"http:\\\/\\\/blog.proofs.de\\\/fr\\\/wie-farbverbindlich-sind-proofs\\\/#webpage\",\"url\":\"http:\\\/\\\/blog.proofs.de\\\/fr\\\/wie-farbverbindlich-sind-proofs\\\/\",\"name\":\"Wie farbverbindlich sind Proofs? | proof.de\",\"description\":\"In dem Artikel wird erkl\\u00e4rt, wie ein Proof farbverbindlich und rechtsverbindlich wird: Mit Medienkeil und Pr\\u00fcfprotokoll nach ISO 12647-7 kein Thema!\",\"inLanguage\":\"fr-FR\",\"isPartOf\":{\"@id\":\"http:\\\/\\\/blog.proofs.de\\\/fr\\\/#website\"},\"breadcrumb\":{\"@id\":\"http:\\\/\\\/blog.proofs.de\\\/fr\\\/wie-farbverbindlich-sind-proofs\\\/#breadcrumblist\"},\"author\":{\"@id\":\"http:\\\/\\\/blog.proofs.de\\\/fr\\\/author\\\/mbetz\\\/#author\"},\"creator\":{\"@id\":\"http:\\\/\\\/blog.proofs.de\\\/fr\\\/author\\\/mbetz\\\/#author\"},\"image\":{\"@type\":\"ImageObject\",\"url\":\"https:\\\/\\\/blog.proofs.de\\\/wp-content\\\/uploads\\\/2014\\\/02\\\/medienkeil_mit_pruefprotokoll.jpg\",\"@id\":\"http:\\\/\\\/blog.proofs.de\\\/fr\\\/wie-farbverbindlich-sind-proofs\\\/#mainImage\",\"width\":540,\"height\":315,\"caption\":\"Ugra\\\/Fogra-Medienkeil V3.0 mit Pr\\u00fcfprotokoll\"},\"primaryImageOfPage\":{\"@id\":\"http:\\\/\\\/blog.proofs.de\\\/fr\\\/wie-farbverbindlich-sind-proofs\\\/#mainImage\"},\"datePublished\":\"2012-01-25T10:21:52+01:00\",\"dateModified\":\"2020-05-08T11:50:00+02:00\"},{\"@type\":\"WebSite\",\"@id\":\"http:\\\/\\\/blog.proofs.de\\\/fr\\\/#website\",\"url\":\"http:\\\/\\\/blog.proofs.de\\\/fr\\\/\",\"name\":\"Proof.de\",\"description\":\"Farbverbindlicher Proof, Farbproof, Digitalproof und Online-Proof.\",\"inLanguage\":\"fr-FR\",\"publisher\":{\"@id\":\"http:\\\/\\\/blog.proofs.de\\\/fr\\\/#organization\"}}]}\n\t\t<\/script>\n\t\t<!-- All in One SEO -->\n\n","aioseo_head_json":{"title":"Quelle est la fiabilit\u00e9 des couleurs des \u00e9preuves ? | proof.de","description":"Cet article explique comment obtenir une \u00e9preuve aux couleurs fid\u00e8les et juridiquement contraignantes : Avec une cale m\u00e9dia et un rapport de contr\u00f4le selon la norme ISO 12647-7, ce n'est pas un probl\u00e8me !","canonical_url":"http:\/\/blog.proofs.de\/fr\/wie-farbverbindlich-sind-proofs\/","robots":"max-image-preview:large","keywords":"proof,farbverbindlich,rechtsverbindlich,pr\u00fcfprotokoll,iso12647-7,digitalproof,farbproof,farbverbindlich,farbverbindlichkeit,fogra,medienkeil,proof,ugra","webmasterTools":{"google-site-verification":"TuXxyRwxcEg2-WfOaQ8vScWQh3-uBAnxXmY7g3GT90A","miscellaneous":"&lt;meta name=\"seobility\" content=\"593a8578143db71543f014978c690d47\"&gt;"},"schema":{"@context":"https:\/\/schema.org","@graph":[{"@type":"Article","@id":"http:\/\/blog.proofs.de\/fr\/wie-farbverbindlich-sind-proofs\/#article","name":"Wie farbverbindlich sind Proofs? | proof.de","headline":"Wie farbverbindlich sind Proofs?","author":{"@id":"http:\/\/blog.proofs.de\/fr\/author\/mbetz\/#author"},"publisher":{"@id":"http:\/\/blog.proofs.de\/fr\/#organization"},"image":{"@type":"ImageObject","url":"https:\/\/blog.proofs.de\/wp-content\/uploads\/2014\/02\/medienkeil_mit_pruefprotokoll.jpg","width":540,"height":315,"caption":"Ugra\/Fogra-Medienkeil V3.0 mit Pr\u00fcfprotokoll"},"datePublished":"2012-01-25T10:21:52+01:00","dateModified":"2020-05-08T11:50:00+02:00","inLanguage":"fr-FR","mainEntityOfPage":{"@id":"http:\/\/blog.proofs.de\/fr\/wie-farbverbindlich-sind-proofs\/#webpage"},"isPartOf":{"@id":"http:\/\/blog.proofs.de\/fr\/wie-farbverbindlich-sind-proofs\/#webpage"},"articleSection":"H\u00e4ufige Fragen, H\u00e4ufige Fragen zu Proofs, Proof GmbH, Proof Papiere, Proof Software &amp; Technik, Proof Wissen, Prozessstandard Offsetdruck, Digitalproof, Farbproof, farbverbindlich, Farbverbindlichkeit, Fogra, Medienkeil, Proof, UGRA"},{"@type":"BreadcrumbList","@id":"http:\/\/blog.proofs.de\/fr\/wie-farbverbindlich-sind-proofs\/#breadcrumblist","itemListElement":[{"@type":"ListItem","@id":"http:\/\/blog.proofs.de\/fr#listItem","position":1,"name":"Home","item":"http:\/\/blog.proofs.de\/fr","nextItem":{"@type":"ListItem","@id":"http:\/\/blog.proofs.de\/fr\/thema\/proof-wissen\/#listItem","name":"Proof Wissen"}},{"@type":"ListItem","@id":"http:\/\/blog.proofs.de\/fr\/thema\/proof-wissen\/#listItem","position":2,"name":"Proof Wissen","item":"http:\/\/blog.proofs.de\/fr\/thema\/proof-wissen\/","nextItem":{"@type":"ListItem","@id":"http:\/\/blog.proofs.de\/fr\/thema\/proof-wissen\/kategorie-proof-gmbh\/#listItem","name":"Proof GmbH"},"previousItem":{"@type":"ListItem","@id":"http:\/\/blog.proofs.de\/fr#listItem","name":"Home"}},{"@type":"ListItem","@id":"http:\/\/blog.proofs.de\/fr\/thema\/proof-wissen\/kategorie-proof-gmbh\/#listItem","position":3,"name":"Proof GmbH","item":"http:\/\/blog.proofs.de\/fr\/thema\/proof-wissen\/kategorie-proof-gmbh\/","nextItem":{"@type":"ListItem","@id":"http:\/\/blog.proofs.de\/fr\/wie-farbverbindlich-sind-proofs\/#listItem","name":"Wie farbverbindlich sind Proofs?"},"previousItem":{"@type":"ListItem","@id":"http:\/\/blog.proofs.de\/fr\/thema\/proof-wissen\/#listItem","name":"Proof Wissen"}},{"@type":"ListItem","@id":"http:\/\/blog.proofs.de\/fr\/wie-farbverbindlich-sind-proofs\/#listItem","position":4,"name":"Wie farbverbindlich sind Proofs?","previousItem":{"@type":"ListItem","@id":"http:\/\/blog.proofs.de\/fr\/thema\/proof-wissen\/kategorie-proof-gmbh\/#listItem","name":"Proof GmbH"}}]},{"@type":"Organization","@id":"http:\/\/blog.proofs.de\/fr\/#organization","name":"Proof GmbH","description":"Farbverbindlicher Proof, Farbproof, Digitalproof und Online-Proof.","url":"http:\/\/blog.proofs.de\/fr\/","telephone":"+4970717952740","logo":{"@type":"ImageObject","url":"https:\/\/blog1.proofen.de\/wp-content\/uploads\/2019\/09\/logo_proof_rgb_mit_balken_250px.png","@id":"http:\/\/blog.proofs.de\/fr\/wie-farbverbindlich-sind-proofs\/#organizationLogo"},"image":{"@id":"http:\/\/blog.proofs.de\/fr\/wie-farbverbindlich-sind-proofs\/#organizationLogo"},"sameAs":["https:\/\/www.facebook.com\/Proof.de\/","https:\/\/www.instagram.com\/proof.de\/","https:\/\/www.tiktok.com\/@proof_de","https:\/\/www.youtube.com\/channel\/UCk80fQVQ25wC9wu3SywB-Nw","https:\/\/www.linkedin.com\/company\/proof-de"]},{"@type":"Person","@id":"http:\/\/blog.proofs.de\/fr\/author\/mbetz\/#author","url":"http:\/\/blog.proofs.de\/fr\/author\/mbetz\/","name":"Matthias Betz","image":{"@type":"ImageObject","@id":"http:\/\/blog.proofs.de\/fr\/wie-farbverbindlich-sind-proofs\/#authorImage","url":"https:\/\/blog.proofs.de\/wp-content\/uploads\/2020\/10\/matthias-betz-e1603934518350-150x150.png","width":96,"height":96,"caption":"Matthias Betz"}},{"@type":"WebPage","@id":"http:\/\/blog.proofs.de\/fr\/wie-farbverbindlich-sind-proofs\/#webpage","url":"http:\/\/blog.proofs.de\/fr\/wie-farbverbindlich-sind-proofs\/","name":"Wie farbverbindlich sind Proofs? | proof.de","description":"In dem Artikel wird erkl\u00e4rt, wie ein Proof farbverbindlich und rechtsverbindlich wird: Mit Medienkeil und Pr\u00fcfprotokoll nach ISO 12647-7 kein Thema!","inLanguage":"fr-FR","isPartOf":{"@id":"http:\/\/blog.proofs.de\/fr\/#website"},"breadcrumb":{"@id":"http:\/\/blog.proofs.de\/fr\/wie-farbverbindlich-sind-proofs\/#breadcrumblist"},"author":{"@id":"http:\/\/blog.proofs.de\/fr\/author\/mbetz\/#author"},"creator":{"@id":"http:\/\/blog.proofs.de\/fr\/author\/mbetz\/#author"},"image":{"@type":"ImageObject","url":"https:\/\/blog.proofs.de\/wp-content\/uploads\/2014\/02\/medienkeil_mit_pruefprotokoll.jpg","@id":"http:\/\/blog.proofs.de\/fr\/wie-farbverbindlich-sind-proofs\/#mainImage","width":540,"height":315,"caption":"Ugra\/Fogra-Medienkeil V3.0 mit Pr\u00fcfprotokoll"},"primaryImageOfPage":{"@id":"http:\/\/blog.proofs.de\/fr\/wie-farbverbindlich-sind-proofs\/#mainImage"},"datePublished":"2012-01-25T10:21:52+01:00","dateModified":"2020-05-08T11:50:00+02:00"},{"@type":"WebSite","@id":"http:\/\/blog.proofs.de\/fr\/#website","url":"http:\/\/blog.proofs.de\/fr\/","name":"Proof.de","description":"Farbverbindlicher Proof, Farbproof, Digitalproof und Online-Proof.","inLanguage":"fr-FR","publisher":{"@id":"http:\/\/blog.proofs.de\/fr\/#organization"}}]},"og:locale":"fr_FR","og:site_name":"Proof.de | Alles zu Proof, Farbmanagement, Grafik, Messtechnik &amp; Co.","og:type":"article","og:title":"Wie farbverbindlich sind Proofs? | proof.de","og:description":"In dem Artikel wird erkl\u00e4rt, wie ein Proof farbverbindlich und rechtsverbindlich wird: Mit Medienkeil und Pr\u00fcfprotokoll nach ISO 12647-7 kein Thema!","og:url":"http:\/\/blog.proofs.de\/fr\/wie-farbverbindlich-sind-proofs\/","og:image":"http:\/\/blog.proofs.de\/wp-content\/uploads\/2014\/02\/medienkeil_mit_pruefprotokoll.jpg","og:image:width":540,"og:image:height":315,"article:published_time":"2012-01-25T09:21:52+00:00","article:modified_time":"2020-05-08T09:50:00+00:00","article:publisher":"https:\/\/www.facebook.com\/Proof.de\/","twitter:card":"summary","twitter:title":"Wie farbverbindlich sind Proofs? | proof.de","twitter:description":"In dem Artikel wird erkl\u00e4rt, wie ein Proof farbverbindlich und rechtsverbindlich wird: Mit Medienkeil und Pr\u00fcfprotokoll nach ISO 12647-7 kein Thema!","twitter:image":"https:\/\/blog1.proofen.de\/wp-content\/uploads\/2020\/04\/proof_background.jpg"},"aioseo_meta_data":{"post_id":"69","title":"Wie farbverbindlich sind Proofs? |\u00a0proof.de","description":"Cet article explique comment obtenir une \u00e9preuve aux couleurs fid\u00e8les et juridiquement contraignantes : Avec une cale m\u00e9dia et un rapport de contr\u00f4le selon la norme ISO 12647-7, ce n'est pas un probl\u00e8me !","keywords":[{"label":"Proof,Farbverbindlich,rechtsverbindlich,Pr\u00fcfprotokoll,ISO12647-7","value":"Proof,Farbverbindlich,rechtsverbindlich,Pr\u00fcfprotokoll,ISO12647-7"}],"keyphrases":null,"primary_term":null,"canonical_url":null,"og_title":null,"og_description":null,"og_object_type":"default","og_image_type":"default","og_image_url":null,"og_image_width":null,"og_image_height":null,"og_image_custom_url":null,"og_image_custom_fields":null,"og_video":null,"og_custom_url":null,"og_article_section":null,"og_article_tags":null,"twitter_use_og":false,"twitter_card":"default","twitter_image_type":"default","twitter_image_url":null,"twitter_image_custom_url":null,"twitter_image_custom_fields":null,"twitter_title":null,"twitter_description":null,"schema":{"blockGraphs":[],"customGraphs":[],"default":{"data":{"Article":[],"Course":[],"Dataset":[],"FAQPage":[],"Movie":[],"Person":[],"Product":[],"ProductReview":[],"Car":[],"Recipe":[],"Service":[],"SoftwareApplication":[],"WebPage":[]},"graphName":"","isEnabled":true},"graphs":[]},"schema_type":null,"schema_type_options":null,"pillar_content":false,"robots_default":true,"robots_noindex":false,"robots_noarchive":false,"robots_nosnippet":false,"robots_nofollow":false,"robots_noimageindex":false,"robots_noodp":false,"robots_notranslate":false,"robots_max_snippet":null,"robots_max_videopreview":null,"robots_max_imagepreview":"large","priority":null,"frequency":null,"local_seo":null,"breadcrumb_settings":null,"limit_modified_date":false,"ai":null,"created":"2020-12-21 00:35:00","updated":"2025-06-04 14:10:54","seo_analyzer_scan_date":null,"focus_keyword":null,"additional_keywords":null,"truseo_locale":null},"_links":{"self":[{"href":"http:\/\/blog.proofs.de\/fr\/wp-json\/wp\/v2\/posts\/69","targetHints":{"allow":["GET"]}}],"collection":[{"href":"http:\/\/blog.proofs.de\/fr\/wp-json\/wp\/v2\/posts"}],"about":[{"href":"http:\/\/blog.proofs.de\/fr\/wp-json\/wp\/v2\/types\/post"}],"author":[{"embeddable":true,"href":"http:\/\/blog.proofs.de\/fr\/wp-json\/wp\/v2\/users\/2"}],"replies":[{"embeddable":true,"href":"http:\/\/blog.proofs.de\/fr\/wp-json\/wp\/v2\/comments?post=69"}],"version-history":[{"count":11,"href":"http:\/\/blog.proofs.de\/fr\/wp-json\/wp\/v2\/posts\/69\/revisions"}],"predecessor-version":[{"id":3417,"href":"http:\/\/blog.proofs.de\/fr\/wp-json\/wp\/v2\/posts\/69\/revisions\/3417"}],"wp:featuredmedia":[{"embeddable":true,"href":"http:\/\/blog.proofs.de\/fr\/wp-json\/wp\/v2\/media\/881"}],"wp:attachment":[{"href":"http:\/\/blog.proofs.de\/fr\/wp-json\/wp\/v2\/media?parent=69"}],"wp:term":[{"taxonomy":"category","embeddable":true,"href":"http:\/\/blog.proofs.de\/fr\/wp-json\/wp\/v2\/categories?post=69"},{"taxonomy":"post_tag","embeddable":true,"href":"http:\/\/blog.proofs.de\/fr\/wp-json\/wp\/v2\/tags?post=69"}],"curies":[{"name":"wp","href":"https:\/\/api.w.org\/{rel}","templated":true}]}}