{"id":767,"date":"2014-02-04T00:30:58","date_gmt":"2014-02-03T23:30:58","guid":{"rendered":"http:\/\/www.proof.de\/?p=767"},"modified":"2020-05-08T13:01:26","modified_gmt":"2020-05-08T11:01:26","slug":"proof-gmbh-au-forum-de-limpression-2014-de-verband-druck-und-medien","status":"publish","type":"post","link":"http:\/\/blog.proofs.de\/fr\/proof-gmbh-auf-dem-druckforum-2014-des-verbandes-druck-und-medien\/","title":{"rendered":"Proof GmbH au forum de l'impression 2014 de Verband Druck und Medien"},"content":{"rendered":"<div class=\"kk-star-ratings kksr-auto kksr-align-right kksr-valign-top\" data-payload='{\"align\":\"right\",\"id\":\"767\",\"slug\":\"default\",\"valign\":\"top\",\"ignore\":\"\",\"reference\":\"auto\",\"class\":\"\",\"count\":\"0\",\"legendonly\":\"\",\"readonly\":\"\",\"score\":\"0\",\"starsonly\":\"\",\"best\":\"5\",\"gap\":\"5\",\"greet\":\"Jetzt bewerten\",\"legend\":\"0\\\/5 - (0 vote)\",\"size\":\"24\",\"title\":\"Proof GmbH auf dem Druckforum 2014 des Verbandes Druck und Medien\",\"width\":\"0\",\"_legend\":\"{score}\\\/{best} - ({count} {votes})\",\"font_factor\":\"1.25\"}'>\n            \n<div class=\"kksr-stars\">\n    \n<div class=\"kksr-stars-inactive\">\n            <div class=\"kksr-star\" data-star=\"1\" style=\"padding-right: 5px\">\n            \n\n<div class=\"kksr-icon\" style=\"width: 24px; height: 24px;\"><\/div>\n        <\/div>\n            <div class=\"kksr-star\" data-star=\"2\" style=\"padding-right: 5px\">\n            \n\n<div class=\"kksr-icon\" style=\"width: 24px; height: 24px;\"><\/div>\n        <\/div>\n            <div class=\"kksr-star\" data-star=\"3\" style=\"padding-right: 5px\">\n            \n\n<div class=\"kksr-icon\" style=\"width: 24px; height: 24px;\"><\/div>\n        <\/div>\n            <div class=\"kksr-star\" data-star=\"4\" style=\"padding-right: 5px\">\n            \n\n<div class=\"kksr-icon\" style=\"width: 24px; height: 24px;\"><\/div>\n        <\/div>\n            <div class=\"kksr-star\" data-star=\"5\" style=\"padding-right: 5px\">\n            \n\n<div class=\"kksr-icon\" style=\"width: 24px; height: 24px;\"><\/div>\n        <\/div>\n    <\/div>\n    \n<div class=\"kksr-stars-active\" style=\"width: 0px;\">\n            <div class=\"kksr-star\" style=\"padding-right: 5px\">\n            \n\n<div class=\"kksr-icon\" style=\"width: 24px; height: 24px;\"><\/div>\n        <\/div>\n            <div class=\"kksr-star\" style=\"padding-right: 5px\">\n            \n\n<div class=\"kksr-icon\" style=\"width: 24px; height: 24px;\"><\/div>\n        <\/div>\n            <div class=\"kksr-star\" style=\"padding-right: 5px\">\n            \n\n<div class=\"kksr-icon\" style=\"width: 24px; height: 24px;\"><\/div>\n        <\/div>\n            <div class=\"kksr-star\" style=\"padding-right: 5px\">\n            \n\n<div class=\"kksr-icon\" style=\"width: 24px; height: 24px;\"><\/div>\n        <\/div>\n            <div class=\"kksr-star\" style=\"padding-right: 5px\">\n            \n\n<div class=\"kksr-icon\" style=\"width: 24px; height: 24px;\"><\/div>\n        <\/div>\n    <\/div>\n<\/div>\n                \n\n<div class=\"kksr-legend\" style=\"font-size: 19.2px;\">\n            <span class=\"kksr-muted\">\u00c9valuer maintenant<\/span>\n    <\/div>\n    <\/div>\n<p><a href=\"https:\/\/blog1.proofen.de\/wp-content\/uploads\/2014\/01\/Unknown.jpg\"><img loading=\"lazy\" decoding=\"async\" class=\"alignright size-medium wp-image-769\" src=\"https:\/\/blog1.proofen.de\/wp-content\/uploads\/2014\/01\/Unknown-300x62.jpg\" alt=\"La Proof GmbH au Forum de l&#039;impression 2014\" width=\"300\" height=\"62\" srcset=\"https:\/\/blog.proofs.de\/wp-content\/uploads\/2014\/01\/Unknown-300x62.jpg 300w, https:\/\/blog.proofs.de\/wp-content\/uploads\/2014\/01\/Unknown.jpg 400w\" sizes=\"auto, (max-width: 300px) 100vw, 300px\"><\/a>Le 29 janvier, Matthias Betz de la <a href=\"http:\/\/blog.proofs.de\/fr\/lexikon\/proof\/\" target=\"_self\" title=\"Une \u00e9preuve (correctement appel\u00e9e \u00e9preuve contractuelle ou en anglais Contract Proof) est un moyen de contr\u00f4le certifi\u00e9 selon la norme ISO 12647-7 pour l&#039;industrie graphique. Une \u00e9preuve simule la colorim\u00e9trie de l&#039;impression offset ou de l&#039;h\u00e9liogravure en respectant les couleurs et les tol\u00e9rances \u00e9troites de la norme ISO.\" class=\"encyclopedia\">Proof<\/a> GmbH \u00e0 T\u00fcbingen, est mont\u00e9 sur sc\u00e8ne lors du Forum de l'impression 2014 de l'Association de l'impression et des m\u00e9dias du Bade-Wurtemberg \u00e0 Filderstadt en tant que conf\u00e9rencier invit\u00e9 de Caddon GmbH Leinfelden.<\/p>\n<p>L'\u00e9v\u00e9nement sur le th\u00e8me <a href=\"http:\/\/blog.proofs.de\/fr\/lexikon\/softproof\/\" target=\"_self\" title='Contrairement \u00e0 l&#039;&quot;\u00e9preuve papier&quot; classique, une \u00e9preuve logicielle est une \u00e9preuve qui est affich\u00e9e sur un \u00e9cran et dont les couleurs sont fid\u00e8les.' class=\"encyclopedia\">\u00c9preuve logicielle<\/a> avec le titre&nbsp;<strong>virtuel <a href=\"http:\/\/blog.proofs.de\/fr\/lexikon\/andruck\/\" target=\"_self\" title=\"Contrairement \u00e0 l&#039;\u00e9preuve, l&#039;\u00e9preuve est r\u00e9alis\u00e9e \u00e0 l&#039;aide de films ou de plaques d&#039;impression CTP sur des machines d&#039;\u00e9preuves sp\u00e9ciales, avec les m\u00eames couleurs et les m\u00eames param\u00e8tres que l&#039;impression ult\u00e9rieure. Pour des raisons de co\u00fbts, les \u00e9preuves ne sont plus gu\u00e8re utilis\u00e9es aujourd&#039;hui.\" class=\"encyclopedia\">Impression<\/a> - de la couleur \u00e0 l'exactitude des couleurs&nbsp;<\/strong>a montr\u00e9 clairement pourquoi le sujet de l'\u00e9preuve logicielle est actuellement incontournable dans le d\u00e9bat sur le vote couleur.<\/p>\n<p>La pr\u00e9sentation du Dr Patrick Herzog, qui a abord\u00e9 le sujet de mani\u00e8re scientifique, a \u00e9t\u00e9 compl\u00e9t\u00e9e de mani\u00e8re claire par Matthias Betz avec l'exemple \"hands-on\" d'un cas de r\u00e9clamation classique datant de janvier 2014 de la Proof GmbH.<\/p>\n<p>Une agence web berlinoise avait cr\u00e9\u00e9 un logo, du papier \u00e0 lettres et des cartes de visite pour une cliente, en utilisant la couleur du <a href=\"http:\/\/blog.proofs.de\/fr\/lexikon\/pantone\/\" target=\"_self\" title='Pantone est le fabricant du Pantone Matching System, un syst\u00e8me de couleurs tr\u00e8s populaire dans le monde de l&#039;impression, rebaptis\u00e9 &quot;Pantone Plus Series&quot; en 2010 et \u00e9tendu depuis \u00e0 1755 couleurs.' class=\"encyclopedia\">Pantone<\/a> 50e anniversaire <a href=\"http:\/\/blog.proofs.de\/fr\/lexikon\/cmyk\/\" target=\"_self\" title='CMYK d\u00e9signe les quatre couleurs d&#039;impression cyan, magenta, jaune et &quot;key&quot; (noir ou partie noire).' class=\"encyclopedia\">CMYK<\/a> Coated (Pantone P124-3 C) et les papiers \u00e0 en-t\u00eate et les cartes de visite finaux ont \u00e9t\u00e9 imprim\u00e9s \u00e0 la Proof GmbH selon la m\u00e9thode de l'impression en quadrichromie. <a href=\"http:\/\/blog.proofs.de\/fr\/lexikon\/isocoatedv2\/\" target=\"_self\" title=\"ISOCoatedV2 est le profil le plus utilis\u00e9 dans l&#039;industrie de l&#039;impression en Europe. Il repr\u00e9sente le proc\u00e9d\u00e9 d&#039;impression le plus courant : Impression offset sur papier couch\u00e9 mat ou brillant.\" class=\"encyclopedia\">ISOCoatedV2<\/a> Standard <a href=\"http:\/\/blog.proofs.de\/fr\/lexikon\/proofen\/\" target=\"_self\" title='&quot;Eprouver&quot; signifie produire ou faire produire une \u00e9preuve. &quot;Il faut que je fasse encore \u00e9preuver la brochure&quot; est la formulation typique du mot &quot;proof&quot;. Proofing signifie donc faire r\u00e9aliser une \u00e9preuve en couleurs et juridiquement valable selon la norme ISO 12647-7 en vigueur.' class=\"encyclopedia\">proofen<\/a> de la couleur. R\u00e9sultat : la couleur dans l'\u00e9ventail Pantone CMYK Coated : plut\u00f4t vert clair. L'\u00e9preuve : plut\u00f4t bleu clair.<\/p>\n<p>Matthias Betz a montr\u00e9 les difficult\u00e9s et les tol\u00e9rances des \u00e9ventails Pantone CMYK, du livre DCS et de la copie papier. <a href=\"http:\/\/blog.proofs.de\/fr\/lexikon\/proofs\/\" target=\"_self\" title=\"Dans le domaine de l&#039;impression, les \u00e9preuves d\u00e9signent la simulation d&#039;un r\u00e9sultat d&#039;impression en couleurs et juridiquement contraignante \u00e0 des fins de contr\u00f4le. La norme responsable des \u00e9preuves est la norme ISO 12647-7:2016, donc dans sa r\u00e9vision actuelle de 2016.\" class=\"encyclopedia\">\u00c9preuves<\/a> de <a href=\"http:\/\/blog.proofs.de\/fr\/lexikon\/fiery\/\" target=\"_self\" title=\"Fiery est une gamme de produits de la soci\u00e9t\u00e9 EFI - Electronics for Imaging. Alors que l&#039;on ne connaissait autrefois le nom de Fiery que pour les contr\u00f4leurs d&#039;imprimantes, le nom Fiery est aujourd&#039;hui \u00e9galement commercialis\u00e9 pour les syst\u00e8mes d&#039;\u00e9preuves et de production.\" class=\"encyclopedia\">Fiery<\/a> XF 5.2 sur le syst\u00e8me d'\u00e9preuves logicielles Caddon Can:view.<\/p>\n<p>En utilisant deux syst\u00e8mes Can:View, les participants ont ensuite pu \u00e9tudier le cas concret et d'autres applications directement sur Fiery XF et Creo <a href=\"http:\/\/blog.proofs.de\/fr\/lexikon\/rip\/\" target=\"_self\" title='Un RIP est un processeur d&#039;images tram\u00e9es, c&#039;est-\u00e0-dire un &quot;processeur d&#039;images tram\u00e9es&quot;. Il traite les donn\u00e9es PDF ou Postscript et les envoie aux flasheuses ou aux imprimantes d&#039;\u00e9preuves connect\u00e9es.' class=\"encyclopedia\">Rip<\/a> de la gestion des flux de travail.<\/p>\n<p>&nbsp;<\/p>","protected":false},"excerpt":{"rendered":"<p>Le 29 janvier, Matthias Betz de Proof GmbH \u00e0 T\u00fcbingen \u00e9tait l'orateur invit\u00e9 de Caddon GmbH Leinfelden lors du Forum de l'impression 2014 organis\u00e9 par l'Association de l'impression et des m\u00e9dias du Bade-Wurtemberg \u00e0 Filderstadt. L'\u00e9v\u00e9nement sur l'\u00e9preuve virtuelle, intitul\u00e9 \"Virtueller Andruck - von bunt zu farbrichtig\" (de la couleur \u00e0 l'exactitude des couleurs), a montr\u00e9 clairement pourquoi le sujet de l'\u00e9preuve virtuelle est actuellement incontournable dans le d\u00e9bat sur l'harmonisation des couleurs. La pr\u00e9sentation du Dr Patrick Herzog, qui a abord\u00e9 le sujet d'un point de vue scientifique, a \u00e9t\u00e9 compl\u00e9t\u00e9e par Matthias Betz avec l'exemple \"hands-on\" d'un cas de r\u00e9clamation classique datant de janvier 2014 de la Proof GmbH ... <\/p>\n<p class=\"read-more-container\"><a title=\"Proof GmbH au forum de l&#039;impression 2014 de Verband Druck und Medien\" class=\"read-more button\" href=\"http:\/\/blog.proofs.de\/fr\/proof-gmbh-auf-dem-druckforum-2014-des-verbandes-druck-und-medien\/#more-767\" aria-label=\"En savoir plus sur Proof GmbH au Forum de l&#039;impression 2014 de l&#039;Association Imprimerie et M\u00e9dias\">Lire la suite<\/a><\/p>","protected":false},"author":2,"featured_media":769,"comment_status":"open","ping_status":"open","sticky":false,"template":"","format":"standard","meta":{"om_disable_all_campaigns":false,"inline_featured_image":false,"_monsterinsights_skip_tracking":false,"footnotes":""},"categories":[1,120],"tags":[199,200,201,198,539,543],"class_list":["post-767","post","type-post","status-publish","format-standard","has-post-thumbnail","hentry","category-allgemein","category-kategorie-proof-gmbh","tag-caddon","tag-canview","tag-dr-patrick-herzog","tag-druckforum","tag-proof-gmbh","tag-softproof","generate-columns","tablet-grid-50","mobile-grid-100","grid-parent","grid-50","no-featured-image-padding","resize-featured-image"],"aioseo_notices":[],"aioseo_head":"\n\t\t<!-- All in One SEO 5.0.1.1 - aioseo.com -->\n\t<meta name=\"description\" content=\"Matthias Betz von der Proof GmbH war mit Dr. Patrick Herzog auf Einladung der Caddon GmbH Referent auf dem Druckforum 2014 des Verbandes Druck und Medien.\" \/>\n\t<meta name=\"robots\" content=\"max-image-preview:large\" \/>\n\t<meta name=\"author\" content=\"Matthias Betz\"\/>\n\t<meta name=\"google-site-verification\" content=\"TuXxyRwxcEg2-WfOaQ8vScWQh3-uBAnxXmY7g3GT90A\" \/>\n\t<meta name=\"keywords\" content=\"druckforum,softproof,proof gmbh,caddon,canview,dr. patrick herzog\" \/>\n\t<link rel=\"canonical\" href=\"http:\/\/blog.proofs.de\/fr\/proof-gmbh-auf-dem-druckforum-2014-des-verbandes-druck-und-medien\/\" \/>\n\t<meta name=\"generator\" content=\"All in One SEO (AIOSEO) 5.0.1.1\" \/>\n\n\t\t<meta name=\"seobility\" content=\"593a8578143db71543f014978c690d47\">\n\t\t<meta property=\"og:locale\" content=\"fr_FR\" \/>\n\t\t<meta property=\"og:site_name\" content=\"Proof.de | Alles zu Proof, Farbmanagement, Grafik, Messtechnik &amp; Co.\" \/>\n\t\t<meta property=\"og:type\" content=\"article\" \/>\n\t\t<meta property=\"og:title\" content=\"Proof GmbH auf dem Druckforum 2014 | proof.de\" \/>\n\t\t<meta property=\"og:description\" content=\"Matthias Betz von der Proof GmbH war mit Dr. Patrick Herzog auf Einladung der Caddon GmbH Referent auf dem Druckforum 2014 des Verbandes Druck und Medien.\" \/>\n\t\t<meta property=\"og:url\" content=\"http:\/\/blog.proofs.de\/fr\/proof-gmbh-auf-dem-druckforum-2014-des-verbandes-druck-und-medien\/\" \/>\n\t\t<meta property=\"og:image\" content=\"http:\/\/blog.proofs.de\/wp-content\/uploads\/2014\/01\/Unknown.jpg\" \/>\n\t\t<meta property=\"og:image:width\" content=\"400\" \/>\n\t\t<meta property=\"og:image:height\" content=\"83\" \/>\n\t\t<meta property=\"article:published_time\" content=\"2014-02-03T23:30:58+00:00\" \/>\n\t\t<meta property=\"article:modified_time\" content=\"2020-05-08T11:01:26+00:00\" \/>\n\t\t<meta property=\"article:publisher\" content=\"https:\/\/www.facebook.com\/Proof.de\/\" \/>\n\t\t<meta name=\"twitter:card\" content=\"summary\" \/>\n\t\t<meta name=\"twitter:title\" content=\"Proof GmbH auf dem Druckforum 2014 | proof.de\" \/>\n\t\t<meta name=\"twitter:description\" content=\"Matthias Betz von der Proof GmbH war mit Dr. Patrick Herzog auf Einladung der Caddon GmbH Referent auf dem Druckforum 2014 des Verbandes Druck und Medien.\" \/>\n\t\t<meta name=\"twitter:image\" content=\"https:\/\/blog1.proofen.de\/wp-content\/uploads\/2020\/04\/proof_background.jpg\" \/>\n\t\t<script type=\"application\/ld+json\" class=\"aioseo-schema\">\n\t\t\t{\"@context\":\"https:\\\/\\\/schema.org\",\"@graph\":[{\"@type\":\"Article\",\"@id\":\"http:\\\/\\\/blog.proofs.de\\\/fr\\\/proof-gmbh-auf-dem-druckforum-2014-des-verbandes-druck-und-medien\\\/#article\",\"name\":\"Proof GmbH auf dem Druckforum 2014 | proof.de\",\"headline\":\"Proof GmbH auf dem Druckforum 2014 des Verbandes Druck und Medien\",\"author\":{\"@id\":\"http:\\\/\\\/blog.proofs.de\\\/fr\\\/author\\\/mbetz\\\/#author\"},\"publisher\":{\"@id\":\"http:\\\/\\\/blog.proofs.de\\\/fr\\\/#organization\"},\"image\":{\"@type\":\"ImageObject\",\"url\":\"https:\\\/\\\/blog.proofs.de\\\/wp-content\\\/uploads\\\/2014\\\/01\\\/Unknown.jpg\",\"width\":400,\"height\":83,\"caption\":\"Die Proof GmbH auf dem Druckforum 2014\"},\"datePublished\":\"2014-02-04T00:30:58+01:00\",\"dateModified\":\"2020-05-08T13:01:26+02:00\",\"inLanguage\":\"fr-FR\",\"mainEntityOfPage\":{\"@id\":\"http:\\\/\\\/blog.proofs.de\\\/fr\\\/proof-gmbh-auf-dem-druckforum-2014-des-verbandes-druck-und-medien\\\/#webpage\"},\"isPartOf\":{\"@id\":\"http:\\\/\\\/blog.proofs.de\\\/fr\\\/proof-gmbh-auf-dem-druckforum-2014-des-verbandes-druck-und-medien\\\/#webpage\"},\"articleSection\":\"Allgemein, Proof GmbH, Caddon, CanView, Dr. Patrick Herzog, Druckforum, Proof GmbH, Softproof\"},{\"@type\":\"BreadcrumbList\",\"@id\":\"http:\\\/\\\/blog.proofs.de\\\/fr\\\/proof-gmbh-auf-dem-druckforum-2014-des-verbandes-druck-und-medien\\\/#breadcrumblist\",\"itemListElement\":[{\"@type\":\"ListItem\",\"@id\":\"http:\\\/\\\/blog.proofs.de\\\/fr#listItem\",\"position\":1,\"name\":\"Home\",\"item\":\"http:\\\/\\\/blog.proofs.de\\\/fr\",\"nextItem\":{\"@type\":\"ListItem\",\"@id\":\"http:\\\/\\\/blog.proofs.de\\\/fr\\\/thema\\\/proof-wissen\\\/#listItem\",\"name\":\"Proof Wissen\"}},{\"@type\":\"ListItem\",\"@id\":\"http:\\\/\\\/blog.proofs.de\\\/fr\\\/thema\\\/proof-wissen\\\/#listItem\",\"position\":2,\"name\":\"Proof Wissen\",\"item\":\"http:\\\/\\\/blog.proofs.de\\\/fr\\\/thema\\\/proof-wissen\\\/\",\"nextItem\":{\"@type\":\"ListItem\",\"@id\":\"http:\\\/\\\/blog.proofs.de\\\/fr\\\/thema\\\/proof-wissen\\\/kategorie-proof-gmbh\\\/#listItem\",\"name\":\"Proof GmbH\"},\"previousItem\":{\"@type\":\"ListItem\",\"@id\":\"http:\\\/\\\/blog.proofs.de\\\/fr#listItem\",\"name\":\"Home\"}},{\"@type\":\"ListItem\",\"@id\":\"http:\\\/\\\/blog.proofs.de\\\/fr\\\/thema\\\/proof-wissen\\\/kategorie-proof-gmbh\\\/#listItem\",\"position\":3,\"name\":\"Proof GmbH\",\"item\":\"http:\\\/\\\/blog.proofs.de\\\/fr\\\/thema\\\/proof-wissen\\\/kategorie-proof-gmbh\\\/\",\"nextItem\":{\"@type\":\"ListItem\",\"@id\":\"http:\\\/\\\/blog.proofs.de\\\/fr\\\/proof-gmbh-auf-dem-druckforum-2014-des-verbandes-druck-und-medien\\\/#listItem\",\"name\":\"Proof GmbH auf dem Druckforum 2014 des Verbandes Druck und Medien\"},\"previousItem\":{\"@type\":\"ListItem\",\"@id\":\"http:\\\/\\\/blog.proofs.de\\\/fr\\\/thema\\\/proof-wissen\\\/#listItem\",\"name\":\"Proof Wissen\"}},{\"@type\":\"ListItem\",\"@id\":\"http:\\\/\\\/blog.proofs.de\\\/fr\\\/proof-gmbh-auf-dem-druckforum-2014-des-verbandes-druck-und-medien\\\/#listItem\",\"position\":4,\"name\":\"Proof GmbH auf dem Druckforum 2014 des Verbandes Druck und Medien\",\"previousItem\":{\"@type\":\"ListItem\",\"@id\":\"http:\\\/\\\/blog.proofs.de\\\/fr\\\/thema\\\/proof-wissen\\\/kategorie-proof-gmbh\\\/#listItem\",\"name\":\"Proof GmbH\"}}]},{\"@type\":\"Organization\",\"@id\":\"http:\\\/\\\/blog.proofs.de\\\/fr\\\/#organization\",\"name\":\"Proof GmbH\",\"description\":\"Farbverbindlicher Proof, Farbproof, Digitalproof und Online-Proof.\",\"url\":\"http:\\\/\\\/blog.proofs.de\\\/fr\\\/\",\"telephone\":\"+4970717952740\",\"logo\":{\"@type\":\"ImageObject\",\"url\":\"https:\\\/\\\/blog1.proofen.de\\\/wp-content\\\/uploads\\\/2019\\\/09\\\/logo_proof_rgb_mit_balken_250px.png\",\"@id\":\"http:\\\/\\\/blog.proofs.de\\\/fr\\\/proof-gmbh-auf-dem-druckforum-2014-des-verbandes-druck-und-medien\\\/#organizationLogo\"},\"image\":{\"@id\":\"http:\\\/\\\/blog.proofs.de\\\/fr\\\/proof-gmbh-auf-dem-druckforum-2014-des-verbandes-druck-und-medien\\\/#organizationLogo\"},\"sameAs\":[\"https:\\\/\\\/www.facebook.com\\\/Proof.de\\\/\",\"https:\\\/\\\/www.instagram.com\\\/proof.de\\\/\",\"https:\\\/\\\/www.tiktok.com\\\/@proof_de\",\"https:\\\/\\\/www.youtube.com\\\/channel\\\/UCk80fQVQ25wC9wu3SywB-Nw\",\"https:\\\/\\\/www.linkedin.com\\\/company\\\/proof-de\"]},{\"@type\":\"Person\",\"@id\":\"http:\\\/\\\/blog.proofs.de\\\/fr\\\/author\\\/mbetz\\\/#author\",\"url\":\"http:\\\/\\\/blog.proofs.de\\\/fr\\\/author\\\/mbetz\\\/\",\"name\":\"Matthias Betz\",\"image\":{\"@type\":\"ImageObject\",\"@id\":\"http:\\\/\\\/blog.proofs.de\\\/fr\\\/proof-gmbh-auf-dem-druckforum-2014-des-verbandes-druck-und-medien\\\/#authorImage\",\"url\":\"https:\\\/\\\/blog.proofs.de\\\/wp-content\\\/uploads\\\/2020\\\/10\\\/matthias-betz-e1603934518350-150x150.png\",\"width\":96,\"height\":96,\"caption\":\"Matthias Betz\"}},{\"@type\":\"WebPage\",\"@id\":\"http:\\\/\\\/blog.proofs.de\\\/fr\\\/proof-gmbh-auf-dem-druckforum-2014-des-verbandes-druck-und-medien\\\/#webpage\",\"url\":\"http:\\\/\\\/blog.proofs.de\\\/fr\\\/proof-gmbh-auf-dem-druckforum-2014-des-verbandes-druck-und-medien\\\/\",\"name\":\"Proof GmbH auf dem Druckforum 2014 | proof.de\",\"description\":\"Matthias Betz von der Proof GmbH war mit Dr. Patrick Herzog auf Einladung der Caddon GmbH Referent auf dem Druckforum 2014 des Verbandes Druck und Medien.\",\"inLanguage\":\"fr-FR\",\"isPartOf\":{\"@id\":\"http:\\\/\\\/blog.proofs.de\\\/fr\\\/#website\"},\"breadcrumb\":{\"@id\":\"http:\\\/\\\/blog.proofs.de\\\/fr\\\/proof-gmbh-auf-dem-druckforum-2014-des-verbandes-druck-und-medien\\\/#breadcrumblist\"},\"author\":{\"@id\":\"http:\\\/\\\/blog.proofs.de\\\/fr\\\/author\\\/mbetz\\\/#author\"},\"creator\":{\"@id\":\"http:\\\/\\\/blog.proofs.de\\\/fr\\\/author\\\/mbetz\\\/#author\"},\"image\":{\"@type\":\"ImageObject\",\"url\":\"https:\\\/\\\/blog.proofs.de\\\/wp-content\\\/uploads\\\/2014\\\/01\\\/Unknown.jpg\",\"@id\":\"http:\\\/\\\/blog.proofs.de\\\/fr\\\/proof-gmbh-auf-dem-druckforum-2014-des-verbandes-druck-und-medien\\\/#mainImage\",\"width\":400,\"height\":83,\"caption\":\"Die Proof GmbH auf dem Druckforum 2014\"},\"primaryImageOfPage\":{\"@id\":\"http:\\\/\\\/blog.proofs.de\\\/fr\\\/proof-gmbh-auf-dem-druckforum-2014-des-verbandes-druck-und-medien\\\/#mainImage\"},\"datePublished\":\"2014-02-04T00:30:58+01:00\",\"dateModified\":\"2020-05-08T13:01:26+02:00\"},{\"@type\":\"WebSite\",\"@id\":\"http:\\\/\\\/blog.proofs.de\\\/fr\\\/#website\",\"url\":\"http:\\\/\\\/blog.proofs.de\\\/fr\\\/\",\"name\":\"Proof.de\",\"description\":\"Farbverbindlicher Proof, Farbproof, Digitalproof und Online-Proof.\",\"inLanguage\":\"fr-FR\",\"publisher\":{\"@id\":\"http:\\\/\\\/blog.proofs.de\\\/fr\\\/#organization\"}}]}\n\t\t<\/script>\n\t\t<!-- All in One SEO -->\n\n","aioseo_head_json":{"title":"Proof GmbH au Forum de l'impression 2014 | proof.de","description":"Matthias Betz de Proof GmbH \u00e9tait, avec le Dr Patrick Herzog, conf\u00e9rencier au Druckforum 2014 de l'association allemande de l'impression et des m\u00e9dias, \u00e0 l'invitation de Caddon GmbH.","canonical_url":"http:\/\/blog.proofs.de\/fr\/proof-gmbh-auf-dem-druckforum-2014-des-verbandes-druck-und-medien\/","robots":"max-image-preview:large","keywords":"druckforum,softproof,proof gmbh,caddon,canview,dr. patrick herzog","webmasterTools":{"google-site-verification":"TuXxyRwxcEg2-WfOaQ8vScWQh3-uBAnxXmY7g3GT90A","miscellaneous":"&lt;meta name=\"seobility\" content=\"593a8578143db71543f014978c690d47\"&gt;"},"schema":{"@context":"https:\/\/schema.org","@graph":[{"@type":"Article","@id":"http:\/\/blog.proofs.de\/fr\/proof-gmbh-auf-dem-druckforum-2014-des-verbandes-druck-und-medien\/#article","name":"Proof GmbH auf dem Druckforum 2014 | proof.de","headline":"Proof GmbH auf dem Druckforum 2014 des Verbandes Druck und Medien","author":{"@id":"http:\/\/blog.proofs.de\/fr\/author\/mbetz\/#author"},"publisher":{"@id":"http:\/\/blog.proofs.de\/fr\/#organization"},"image":{"@type":"ImageObject","url":"https:\/\/blog.proofs.de\/wp-content\/uploads\/2014\/01\/Unknown.jpg","width":400,"height":83,"caption":"Die Proof GmbH auf dem Druckforum 2014"},"datePublished":"2014-02-04T00:30:58+01:00","dateModified":"2020-05-08T13:01:26+02:00","inLanguage":"fr-FR","mainEntityOfPage":{"@id":"http:\/\/blog.proofs.de\/fr\/proof-gmbh-auf-dem-druckforum-2014-des-verbandes-druck-und-medien\/#webpage"},"isPartOf":{"@id":"http:\/\/blog.proofs.de\/fr\/proof-gmbh-auf-dem-druckforum-2014-des-verbandes-druck-und-medien\/#webpage"},"articleSection":"Allgemein, Proof GmbH, Caddon, CanView, Dr. Patrick Herzog, Druckforum, Proof GmbH, Softproof"},{"@type":"BreadcrumbList","@id":"http:\/\/blog.proofs.de\/fr\/proof-gmbh-auf-dem-druckforum-2014-des-verbandes-druck-und-medien\/#breadcrumblist","itemListElement":[{"@type":"ListItem","@id":"http:\/\/blog.proofs.de\/fr#listItem","position":1,"name":"Home","item":"http:\/\/blog.proofs.de\/fr","nextItem":{"@type":"ListItem","@id":"http:\/\/blog.proofs.de\/fr\/thema\/proof-wissen\/#listItem","name":"Proof Wissen"}},{"@type":"ListItem","@id":"http:\/\/blog.proofs.de\/fr\/thema\/proof-wissen\/#listItem","position":2,"name":"Proof Wissen","item":"http:\/\/blog.proofs.de\/fr\/thema\/proof-wissen\/","nextItem":{"@type":"ListItem","@id":"http:\/\/blog.proofs.de\/fr\/thema\/proof-wissen\/kategorie-proof-gmbh\/#listItem","name":"Proof GmbH"},"previousItem":{"@type":"ListItem","@id":"http:\/\/blog.proofs.de\/fr#listItem","name":"Home"}},{"@type":"ListItem","@id":"http:\/\/blog.proofs.de\/fr\/thema\/proof-wissen\/kategorie-proof-gmbh\/#listItem","position":3,"name":"Proof GmbH","item":"http:\/\/blog.proofs.de\/fr\/thema\/proof-wissen\/kategorie-proof-gmbh\/","nextItem":{"@type":"ListItem","@id":"http:\/\/blog.proofs.de\/fr\/proof-gmbh-auf-dem-druckforum-2014-des-verbandes-druck-und-medien\/#listItem","name":"Proof GmbH auf dem Druckforum 2014 des Verbandes Druck und Medien"},"previousItem":{"@type":"ListItem","@id":"http:\/\/blog.proofs.de\/fr\/thema\/proof-wissen\/#listItem","name":"Proof Wissen"}},{"@type":"ListItem","@id":"http:\/\/blog.proofs.de\/fr\/proof-gmbh-auf-dem-druckforum-2014-des-verbandes-druck-und-medien\/#listItem","position":4,"name":"Proof GmbH auf dem Druckforum 2014 des Verbandes Druck und Medien","previousItem":{"@type":"ListItem","@id":"http:\/\/blog.proofs.de\/fr\/thema\/proof-wissen\/kategorie-proof-gmbh\/#listItem","name":"Proof GmbH"}}]},{"@type":"Organization","@id":"http:\/\/blog.proofs.de\/fr\/#organization","name":"Proof GmbH","description":"Farbverbindlicher Proof, Farbproof, Digitalproof und Online-Proof.","url":"http:\/\/blog.proofs.de\/fr\/","telephone":"+4970717952740","logo":{"@type":"ImageObject","url":"https:\/\/blog1.proofen.de\/wp-content\/uploads\/2019\/09\/logo_proof_rgb_mit_balken_250px.png","@id":"http:\/\/blog.proofs.de\/fr\/proof-gmbh-auf-dem-druckforum-2014-des-verbandes-druck-und-medien\/#organizationLogo"},"image":{"@id":"http:\/\/blog.proofs.de\/fr\/proof-gmbh-auf-dem-druckforum-2014-des-verbandes-druck-und-medien\/#organizationLogo"},"sameAs":["https:\/\/www.facebook.com\/Proof.de\/","https:\/\/www.instagram.com\/proof.de\/","https:\/\/www.tiktok.com\/@proof_de","https:\/\/www.youtube.com\/channel\/UCk80fQVQ25wC9wu3SywB-Nw","https:\/\/www.linkedin.com\/company\/proof-de"]},{"@type":"Person","@id":"http:\/\/blog.proofs.de\/fr\/author\/mbetz\/#author","url":"http:\/\/blog.proofs.de\/fr\/author\/mbetz\/","name":"Matthias Betz","image":{"@type":"ImageObject","@id":"http:\/\/blog.proofs.de\/fr\/proof-gmbh-auf-dem-druckforum-2014-des-verbandes-druck-und-medien\/#authorImage","url":"https:\/\/blog.proofs.de\/wp-content\/uploads\/2020\/10\/matthias-betz-e1603934518350-150x150.png","width":96,"height":96,"caption":"Matthias Betz"}},{"@type":"WebPage","@id":"http:\/\/blog.proofs.de\/fr\/proof-gmbh-auf-dem-druckforum-2014-des-verbandes-druck-und-medien\/#webpage","url":"http:\/\/blog.proofs.de\/fr\/proof-gmbh-auf-dem-druckforum-2014-des-verbandes-druck-und-medien\/","name":"Proof GmbH auf dem Druckforum 2014 | proof.de","description":"Matthias Betz von der Proof GmbH war mit Dr. Patrick Herzog auf Einladung der Caddon GmbH Referent auf dem Druckforum 2014 des Verbandes Druck und Medien.","inLanguage":"fr-FR","isPartOf":{"@id":"http:\/\/blog.proofs.de\/fr\/#website"},"breadcrumb":{"@id":"http:\/\/blog.proofs.de\/fr\/proof-gmbh-auf-dem-druckforum-2014-des-verbandes-druck-und-medien\/#breadcrumblist"},"author":{"@id":"http:\/\/blog.proofs.de\/fr\/author\/mbetz\/#author"},"creator":{"@id":"http:\/\/blog.proofs.de\/fr\/author\/mbetz\/#author"},"image":{"@type":"ImageObject","url":"https:\/\/blog.proofs.de\/wp-content\/uploads\/2014\/01\/Unknown.jpg","@id":"http:\/\/blog.proofs.de\/fr\/proof-gmbh-auf-dem-druckforum-2014-des-verbandes-druck-und-medien\/#mainImage","width":400,"height":83,"caption":"Die Proof GmbH auf dem Druckforum 2014"},"primaryImageOfPage":{"@id":"http:\/\/blog.proofs.de\/fr\/proof-gmbh-auf-dem-druckforum-2014-des-verbandes-druck-und-medien\/#mainImage"},"datePublished":"2014-02-04T00:30:58+01:00","dateModified":"2020-05-08T13:01:26+02:00"},{"@type":"WebSite","@id":"http:\/\/blog.proofs.de\/fr\/#website","url":"http:\/\/blog.proofs.de\/fr\/","name":"Proof.de","description":"Farbverbindlicher Proof, Farbproof, Digitalproof und Online-Proof.","inLanguage":"fr-FR","publisher":{"@id":"http:\/\/blog.proofs.de\/fr\/#organization"}}]},"og:locale":"fr_FR","og:site_name":"Proof.de | Alles zu Proof, Farbmanagement, Grafik, Messtechnik &amp; Co.","og:type":"article","og:title":"Proof GmbH auf dem Druckforum 2014 | proof.de","og:description":"Matthias Betz von der Proof GmbH war mit Dr. Patrick Herzog auf Einladung der Caddon GmbH Referent auf dem Druckforum 2014 des Verbandes Druck und Medien.","og:url":"http:\/\/blog.proofs.de\/fr\/proof-gmbh-auf-dem-druckforum-2014-des-verbandes-druck-und-medien\/","og:image":"http:\/\/blog.proofs.de\/wp-content\/uploads\/2014\/01\/Unknown.jpg","og:image:width":400,"og:image:height":83,"article:published_time":"2014-02-03T23:30:58+00:00","article:modified_time":"2020-05-08T11:01:26+00:00","article:publisher":"https:\/\/www.facebook.com\/Proof.de\/","twitter:card":"summary","twitter:title":"Proof GmbH auf dem Druckforum 2014 | proof.de","twitter:description":"Matthias Betz von der Proof GmbH war mit Dr. Patrick Herzog auf Einladung der Caddon GmbH Referent auf dem Druckforum 2014 des Verbandes Druck und Medien.","twitter:image":"https:\/\/blog1.proofen.de\/wp-content\/uploads\/2020\/04\/proof_background.jpg"},"aioseo_meta_data":{"post_id":"767","title":"Proof GmbH au salon Druckforum 2014  | proof.de","description":"Matthias Betz de Proof GmbH \u00e9tait, avec le Dr Patrick Herzog, conf\u00e9rencier au Druckforum 2014 de l'association allemande de l'impression et des m\u00e9dias, \u00e0 l'invitation de Caddon GmbH.","keywords":[{"label":"Druckforum","value":"Druckforum"},{"label":"Softproof","value":"Softproof"},{"label":"Proof GmbH","value":"Proof GmbH"},{"label":"Caddon","value":"Caddon"},{"label":"CanView","value":"CanView"},{"label":"Dr. Patrick Herzog","value":"Dr. Patrick Herzog"}],"keyphrases":null,"primary_term":null,"canonical_url":null,"og_title":null,"og_description":null,"og_object_type":"default","og_image_type":"default","og_image_url":null,"og_image_width":null,"og_image_height":null,"og_image_custom_url":null,"og_image_custom_fields":null,"og_video":null,"og_custom_url":null,"og_article_section":null,"og_article_tags":null,"twitter_use_og":false,"twitter_card":"default","twitter_image_type":"default","twitter_image_url":null,"twitter_image_custom_url":null,"twitter_image_custom_fields":null,"twitter_title":null,"twitter_description":null,"schema":{"blockGraphs":[],"customGraphs":[],"default":{"data":{"Article":[],"Course":[],"Dataset":[],"FAQPage":[],"Movie":[],"Person":[],"Product":[],"ProductReview":[],"Car":[],"Recipe":[],"Service":[],"SoftwareApplication":[],"WebPage":[]},"graphName":"","isEnabled":true},"graphs":[],"defaultGraph":"","defaultPostTypeGraph":""},"schema_type":null,"schema_type_options":null,"pillar_content":false,"robots_default":true,"robots_noindex":false,"robots_noarchive":false,"robots_nosnippet":false,"robots_nofollow":false,"robots_noimageindex":false,"robots_noodp":false,"robots_notranslate":false,"robots_max_snippet":null,"robots_max_videopreview":null,"robots_max_imagepreview":"large","priority":null,"frequency":null,"local_seo":null,"breadcrumb_settings":null,"limit_modified_date":false,"ai":null,"created":"2020-12-21 00:36:00","updated":"2025-06-04 14:14:59","seo_analyzer_scan_date":null,"focus_keyword":null,"additional_keywords":null,"truseo_locale":null},"_links":{"self":[{"href":"http:\/\/blog.proofs.de\/fr\/wp-json\/wp\/v2\/posts\/767","targetHints":{"allow":["GET"]}}],"collection":[{"href":"http:\/\/blog.proofs.de\/fr\/wp-json\/wp\/v2\/posts"}],"about":[{"href":"http:\/\/blog.proofs.de\/fr\/wp-json\/wp\/v2\/types\/post"}],"author":[{"embeddable":true,"href":"http:\/\/blog.proofs.de\/fr\/wp-json\/wp\/v2\/users\/2"}],"replies":[{"embeddable":true,"href":"http:\/\/blog.proofs.de\/fr\/wp-json\/wp\/v2\/comments?post=767"}],"version-history":[{"count":8,"href":"http:\/\/blog.proofs.de\/fr\/wp-json\/wp\/v2\/posts\/767\/revisions"}],"predecessor-version":[{"id":3469,"href":"http:\/\/blog.proofs.de\/fr\/wp-json\/wp\/v2\/posts\/767\/revisions\/3469"}],"wp:featuredmedia":[{"embeddable":true,"href":"http:\/\/blog.proofs.de\/fr\/wp-json\/wp\/v2\/media\/769"}],"wp:attachment":[{"href":"http:\/\/blog.proofs.de\/fr\/wp-json\/wp\/v2\/media?parent=767"}],"wp:term":[{"taxonomy":"category","embeddable":true,"href":"http:\/\/blog.proofs.de\/fr\/wp-json\/wp\/v2\/categories?post=767"},{"taxonomy":"post_tag","embeddable":true,"href":"http:\/\/blog.proofs.de\/fr\/wp-json\/wp\/v2\/tags?post=767"}],"curies":[{"name":"wp","href":"https:\/\/api.w.org\/{rel}","templated":true}]}}