{"id":4598,"date":"2021-12-19T02:42:10","date_gmt":"2021-12-19T01:42:10","guid":{"rendered":"https:\/\/www.proof.de\/?p=4598"},"modified":"2021-12-19T02:43:47","modified_gmt":"2021-12-19T01:43:47","slug":"adobe-szoftverek-pantone-szinek-nelkuel","status":"publish","type":"post","link":"http:\/\/blog.proofs.de\/hu\/adobe-software-ohne-pantone-farben\/","title":{"rendered":"Adobe szoftver PANTONE sz\u00ednek n\u00e9lk\u00fcl"},"content":{"rendered":"<div class=\"kk-star-ratings kksr-auto kksr-align-right kksr-valign-top\" data-payload='{\"align\":\"right\",\"id\":\"4598\",\"slug\":\"default\",\"valign\":\"top\",\"ignore\":\"\",\"reference\":\"auto\",\"class\":\"\",\"count\":\"2\",\"legendonly\":\"\",\"readonly\":\"\",\"score\":\"3.5\",\"starsonly\":\"\",\"best\":\"5\",\"gap\":\"5\",\"greet\":\"Jetzt bewerten\",\"legend\":\"3.5\\\/5 - (2 votes)\",\"size\":\"24\",\"title\":\"Adobe Software ohne PANTONE Farben\",\"width\":\"99\",\"_legend\":\"{score}\\\/{best} - ({count} {votes})\",\"font_factor\":\"1.25\"}'>\n            \n<div class=\"kksr-stars\">\n    \n<div class=\"kksr-stars-inactive\">\n            <div class=\"kksr-star\" data-star=\"1\" style=\"padding-right: 5px\">\n            \n\n<div class=\"kksr-icon\" style=\"width: 24px; height: 24px;\"><\/div>\n        <\/div>\n            <div class=\"kksr-star\" data-star=\"2\" style=\"padding-right: 5px\">\n            \n\n<div class=\"kksr-icon\" style=\"width: 24px; height: 24px;\"><\/div>\n        <\/div>\n            <div class=\"kksr-star\" data-star=\"3\" style=\"padding-right: 5px\">\n            \n\n<div class=\"kksr-icon\" style=\"width: 24px; height: 24px;\"><\/div>\n        <\/div>\n            <div class=\"kksr-star\" data-star=\"4\" style=\"padding-right: 5px\">\n            \n\n<div class=\"kksr-icon\" style=\"width: 24px; height: 24px;\"><\/div>\n        <\/div>\n            <div class=\"kksr-star\" data-star=\"5\" style=\"padding-right: 5px\">\n            \n\n<div class=\"kksr-icon\" style=\"width: 24px; height: 24px;\"><\/div>\n        <\/div>\n    <\/div>\n    \n<div class=\"kksr-stars-active\" style=\"width: 99px;\">\n            <div class=\"kksr-star\" style=\"padding-right: 5px\">\n            \n\n<div class=\"kksr-icon\" style=\"width: 24px; height: 24px;\"><\/div>\n        <\/div>\n            <div class=\"kksr-star\" style=\"padding-right: 5px\">\n            \n\n<div class=\"kksr-icon\" style=\"width: 24px; height: 24px;\"><\/div>\n        <\/div>\n            <div class=\"kksr-star\" style=\"padding-right: 5px\">\n            \n\n<div class=\"kksr-icon\" style=\"width: 24px; height: 24px;\"><\/div>\n        <\/div>\n            <div class=\"kksr-star\" style=\"padding-right: 5px\">\n            \n\n<div class=\"kksr-icon\" style=\"width: 24px; height: 24px;\"><\/div>\n        <\/div>\n            <div class=\"kksr-star\" style=\"padding-right: 5px\">\n            \n\n<div class=\"kksr-icon\" style=\"width: 24px; height: 24px;\"><\/div>\n        <\/div>\n    <\/div>\n<\/div>\n                \n\n<div class=\"kksr-legend\" style=\"font-size: 19.2px;\">\n            3.5\/5 - (2 szavazat)    <\/div>\n    <\/div>\n<p class=\"translation-block\">A bejelent\u00e9sre nem sz\u00e1m\u00edtottak: 2022 m\u00e1rcius\u00e1t\u00f3l az \u00faj Adobe szoftverterm\u00e9kek m\u00e1r nem tartalmaznak <a href=\"https:\/\/blog1.proofen.de\/es\/lexico-2\/pantone\/\" target=\"_self\" class=\"encyclopedia tooltipstered\">PANTONE<\/a> sz\u00ednk\u00f6nyvt\u00e1rakat. Az Adobe k\u00f6z\u00f6lte: \"2022 m\u00e1rcius\u00e1ban az Adobe Photoshop, Illustrator, InDesign, Adobe Color \u00e9s Adobe Capture szoftverekbe el\u0151re telep\u00edtett Pantone sz\u00ednk\u00f6nyvt\u00e1rakat elt\u00e1vol\u00edtj\u00e1k a j\u00f6v\u0151beni szoftverfriss\u00edt\u00e9sekb\u0151l\".<\/p>\n<p><a title=\"Adobe szoftverek 2022 m\u00e1rcius\u00e1t\u00f3l PANTONE sz\u00ednek n\u00e9lk\u00fcl\" href=\"https:\/\/helpx.adobe.com\/creative-cloud\/adobe-color.html\" target=\"_blank\" rel=\"noopener\">https:\/\/helpx.adobe.com\/creative-cloud\/adobe-color.html<\/a><\/p>\n<h2>Az a t\u00e9ny, hogy az Adobe \u00e9s a PANTONE az elm\u00falt \u00e9vekben egyre ink\u00e1bb elhideg\u00fclt egym\u00e1st\u00f3l, m\u00e1r egy ideje nyilv\u00e1nval\u00f3 volt.<\/h2>\n<p>Az aktu\u00e1lis PANTONE-k\u00f6nyvt\u00e1rak integr\u00e1l\u00e1sa lass\u00fa volt, illetve \u00fajabban m\u00e1r nem t\u00f6rt\u00e9nt automatikusan; aki aktu\u00e1lis k\u00f6nyvt\u00e1rakat akart, annak a PANTONE Colour Managerrel kellett export\u00e1lnia, majd az Adobe szoftverbe import\u00e1lnia... ez egy neh\u00e9zkes \u00e9s hibak\u00e9nyes rendszer. Feltehet\u0151en azonban a licenck\u00f6lts\u00e9gek gy\u0151zt\u00e9k meg az Adobe-ot a v\u00e9gs\u0151 l\u00e9p\u00e9sre. A messze vezet\u0151 szoftvergy\u00e1rt\u00f3 val\u00f3sz\u00edn\u0171leg egyszer\u0171en belef\u00e1radt abba, hogy a PANTONE a licencjog alapj\u00e1n v\u00e1lts\u00e1gd\u00edjat k\u00f6vetel t\u0151le, \u00e9s a logikus l\u00e9p\u00e9st a v\u00e9gs\u0151kig megtette: nincs t\u00f6bb\u00e9 PANTONE-paletta az Adobe-term\u00e9kekhez.<\/p>\n<p class=\"translation-block\">\u00c9rdekli majd a felhaszn\u00e1l\u00f3kat? Mindenki, akinek a sz\u00e1m\u00edt\u00f3g\u00e9p\u00e9n PANTONE-sz\u00ednekben k\u00e9sz\u00fclt tervei vannak, tov\u00e1bbra is rendelkezik az \u00f6sszes sz\u00ednnel a szoftver\u00e9ben, az Illustratorb\u00f3l az InDesignba helyezett minden AI vagy EPS sz\u00ednt az ott l\u00e9trehozott PANTONE <a href=\"https:\/\/blog1.proofen.de\/es\/lexico-2\/color-especial\/\" target=\"_self\" class=\"encyclopedia tooltipstered\">speci\u00e1lis sz\u00edn<\/a> k\u00f6zvetlen\u00fcl visszaimport\u00e1lja az InDesignba. \u00c9s egy m\u00e1sik sz\u00edn is gyorsan l\u00e9trej\u00f6n k\u00e9zzel - na j\u00f3, tal\u00e1n nem a PANTONE leg\u00fajabb <a href=\"https:\/\/blog1.proofen.de\/es\/lexico-2\/laboratorio\/\" target=\"_self\" class=\"encyclopedia tooltipstered\">LAB<\/a> \u00e9rt\u00e9keivel, de egy <a href=\"https:\/\/blog1.proofen.de\/es\/lexico-2\/cmyk\/\" target=\"_self\" class=\"encyclopedia tooltipstered\">CMYK<\/a> megfelel\u0151je a zsigerb\u0151l megteszi a hat\u00e1s\u00e1t, hogy legal\u00e1bb f\u00e9lig-meddig l\u00e1tni lehessen a sz\u00ednt a k\u00e9perny\u0151n. Sz\u00f3val nem hiszem, hogy a telefonvonalaink az\u00e9rt fognak forrongani, mert az \u00fcgyfeleink nem fogj\u00e1k tudni t\u00f6bb\u00e9 megtal\u00e1lni a PANTONE sz\u00edneket.<\/p>\n<h2>De ett\u0151l f\u00fcggetlen\u00fcl ez egy paradigmav\u00e1lt\u00e1s, amit az Adobe itt v\u00e9grehajt:<\/h2>\n<p>Az \u00e9vek sor\u00e1n a PANTONE nem tudott annyit fejl\u0151dni, amennyit az ipar\u00e1g rem\u00e9lt. <a title=\"Holger Everding a freieFarbe-t\u0151l ezt a blogbejegyz\u00e9s\u00e9ben magyar\u00e1zta el\" href=\"https:\/\/www.freiefarbe.de\/adobe-produkte-demnaechst-ohne-pantone-farben\/\" target=\"_blank\" rel=\"noopener\">Holger Everding a freieFarbe-t\u0151l ezt a blogbejegyz\u00e9s\u00e9ben magyar\u00e1zta el<\/a> megfelel\u0151en \u00f6sszefoglalt\u00e1k. Azt \u00edrja:<\/p>\n<p>\"E sorok legt\u00f6bb olvas\u00f3ja tiszt\u00e1ban van a rendszer rossz min\u0151s\u00e9g\u00e9vel:<\/p>\n<ul>\n<li>a sz\u00ednes ventil\u00e1torok \u00e9s a benn\u00fck l\u00e9v\u0151 sz\u00ednek zavarba ejt\u0151 v\u00e1ltozatoss\u00e1ga<\/li>\n<li>kapcsol\u00f3d\u00f3 hi\u00e1nyos szoftverintegr\u00e1ci\u00f3<\/li>\n<li class=\"translation-block\">A sz\u00ednrajzok \u00e9s \u00e1rnyalatok pontoss\u00e1g\u00e1nak hi\u00e1nya \u00e9s nagyfok\u00fa <a href=\"https:\/\/blog1.proofen.de\/es\/lexico-2\/metamerismo\/\" target=\"_self\" class=\"encyclopedia tooltipstered\">metamerizmusa<\/a>, mivel a k\u00fcl\u00f6nb\u00f6z\u0151 gy\u00e1rt\u00f3k k\u00fcl\u00f6nb\u00f6z\u0151 pap\u00edrokat \u00e9s <a href=\"https:\/\/blog1.proofen.de\/es\/lexico-2\/pigmento\/\" target=\"_self\" class=\"encyclopedia tooltipstered\">pigmenteket<\/a> haszn\u00e1lnak.<\/li>\n<li>Nagyon korl\u00e1toz\u00f3 licencpolitika, nincs szabadon hozz\u00e1f\u00e9rhet\u0151 forr\u00e1s a sz\u00edn\u00e9rt\u00e9kekhez\"<\/li>\n<\/ul>\n<h2>De vajon a szak\u00edt\u00e1s a PANTONE-nak vagy az Adobe-nak \u00e1rt jobban?<\/h2>\n<p class=\"translation-block\">Ebben a k\u00e9rd\u00e9sben megosztott vagyok. V\u00e9lhet\u0151en mindk\u00e9t partner gyorsan \u00e9szhez t\u00e9r: a PANTONE minden bizonnyal a k\u00f6z\u00e9rthet\u0151 utat v\u00e1lasztja, \u00e9s megv\u00e1ltoztatja \u00e9s enyh\u00edti az elm\u00falt \u00e9vek korl\u00e1toz\u00f3 licencpolitik\u00e1j\u00e1t: t\u00f6bb szabv\u00e1nyos funkci\u00f3t kell ingyenesen felaj\u00e1nlaniuk minden felhaszn\u00e1l\u00f3 sz\u00e1m\u00e1ra. K\u00fcl\u00f6n\u00f6sen a kisv\u00e1llalkoz\u00e1sok \u00e9s a tervez\u0151k nem akarnak \u00e9s nem is tudnak havi el\u0151fizet\u00e9si k\u00f6lts\u00e9geket fizetni az Adobe Con<a href=\"https:\/\/blog1.proofen.de\/es\/lexico-2\/nec\/\" target=\"_self\" class=\"encyclopedia tooltipstered\">nec<\/a>t nem karcs\u00fas\u00edtott v\u00e1ltozat\u00e1\u00e9rt. Elv\u00e9gre a Pantone csak egy \u00fatmutat\u00f3, a sz\u00ednek meghat\u00e1roz\u00e1s\u00e1ra sz\u00e1mos m\u00e1s m\u00f3dszer is l\u00e9tezik. \u00c9s az Adobe? Az Adobe minden bizonnyal \u00e9lni fog a <a href=\"https:\/\/blog1.proofen.de\/es\/lexico-2\/utilice\/\" target=\"_self\" class=\"encyclopedia tooltipstered\">lehet\u0151s\u00e9ggel<\/a>, hogy a PANTONE helyett gyakorlati alternat\u00edv\u00e1kat keressen, \u00e9s ezeket \u00f6nk\u00e9nt implement\u00e1lja az Adobe-ban, hogy megszabaduljon a PANTONE licencnyom\u00e1s\u00e1t\u00f3l. V\u00e9g\u00fcl is a verseny k\u00f6ztudottan \u00e9l\u00e9nk\u00edti az \u00fczletet. \u00c9s ha egyszer az olyan szabad <a href=\"https:\/\/blog1.proofen.de\/es\/lexico-2\/sistema-de-colores\/\" target=\"_self\" class=\"encyclopedia tooltipstered\">sz\u00ednrendszerek<\/a>, mint az ingyenes <a href=\"https:\/\/blog1.proofen.de\/es\/lexico-2\/cielab\/\" target=\"_self\" class=\"encyclopedia tooltipstered\">CIELAB<\/a> <a href=\"https:\/\/www.1\" target=\"_self\" class=\"encyclopedia tooltipstered\">sz\u00ednek <a href=\"https:\/\/blog1.proofen.de\/es\/lexico-2\/hlc\/\" target=\"_self\" class=\"encyclopedia tooltipstered\">HLC<\/a> rendszer integr\u00e1l\u00f3dna az Adobe-ba, akkor a PANTONE bizony\u00e1ra hamar r\u00e1j\u00f6nne, hogy nincs \"monop\u00f3liumuk\" a spot sz\u00ednekre, ellenkez\u0151leg:<\/p>\n<p>Ha az Adobe szabadon hozz\u00e1f\u00e9rhet\u0151, pontos \u00e9s \u00e1tl\u00e1that\u00f3 sz\u00ednrendszereket integr\u00e1lna a szoftver\u00e9be, akkor a PANTONE-nak v\u00e9gre meg kellene tennie az esed\u00e9kes l\u00e9p\u00e9seket, hogy jobban \u00e9s k\u00f6vetkezetesebben poz\u00edcion\u00e1lja mag\u00e1t ahhoz, hogy valaha is visszaker\u00fclhessen az Adobe szoftver\u00e9be. Ha ez nem t\u00f6rt\u00e9nik meg, a PANTONE gyorsan a dinoszaurusz sz\u00ednrendszerek k\u00f6z\u00e9 fog tartozni, amelyek nem \u00e9lt\u00e9k t\u00fal a hat\u00e1st. V\u00e9gt\u00e9re is, a jobb, nyitottabb \u00e9s \u00e1tl\u00e1that\u00f3bb rendszerek nem csak v\u00e1rakoznak: m\u00e1r ma is l\u00e9teznek.<\/p>","protected":false},"excerpt":{"rendered":"<p>A bejelent\u00e9sre nem sz\u00e1m\u00edtottak: 2022 m\u00e1rcius\u00e1t\u00f3l az \u00faj Adobe szoftverterm\u00e9kek m\u00e1r nem tartalmazz\u00e1k a PANTONE sz\u00ednk\u00f6nyvt\u00e1rakat. Az Adobe kifejtette: \"2022 m\u00e1rcius\u00e1ban az Adobe Photoshop, Illustrator, InDesign, Adobe Color \u00e9s Adobe Capture szoftverekben el\u0151re telep\u00edtett Pantone sz\u00ednk\u00f6nyvt\u00e1rak elt\u00e1vol\u00edt\u00e1sra ker\u00fclnek a j\u00f6v\u0151beni szoftverfriss\u00edt\u00e9sekb\u0151l\". https:\/\/helpx.adobe.com\/creative-cloud\/adobe-color.html Az, hogy az Adobe \u00e9s a PANTONE az elm\u00falt \u00e9vekben egyre ink\u00e1bb elt\u00e1volodott egym\u00e1st\u00f3l, m\u00e1r egy ideje nyilv\u00e1nval\u00f3 volt. Az aktu\u00e1lis PANTONE-k\u00f6nyvt\u00e1rak integr\u00e1l\u00e1sa lassan, illetve \u00fajabban m\u00e1r nem automatikusan t\u00f6rt\u00e9nt; aki a leg\u00fajabb k\u00f6nyvt\u00e1rakat akarta, annak meg kellett v\u00e1s\u00e1rolnia azokat a ... <\/p>\n<p class=\"read-more-container\"><a title=\"Adobe szoftver PANTONE sz\u00ednek n\u00e9lk\u00fcl\" class=\"read-more button\" href=\"http:\/\/blog.proofs.de\/hu\/adobe-software-ohne-pantone-farben\/#more-4598\" aria-label=\"Tov\u00e1bbi inform\u00e1ci\u00f3 err\u0151l: Adobe szoftver PANTONE sz\u00ednek n\u00e9lk\u00fcl\">B\u0151vebben<\/a><\/p>","protected":false},"author":2,"featured_media":2202,"comment_status":"open","ping_status":"open","sticky":false,"template":"","format":"standard","meta":{"om_disable_all_campaigns":false,"inline_featured_image":false,"_monsterinsights_skip_tracking":false,"footnotes":""},"categories":[1,436],"tags":[553,1052,819,526,1276,1275],"class_list":["post-4598","post","type-post","status-publish","format-standard","has-post-thumbnail","hentry","category-allgemein","category-pantone-und-hks","tag-adobe","tag-illustrator","tag-indesign","tag-pantone","tag-pantone-farben","tag-pantone-pms","generate-columns","tablet-grid-50","mobile-grid-100","grid-parent","grid-50","no-featured-image-padding","resize-featured-image"],"aioseo_notices":[],"aioseo_head":"\n\t\t<!-- All in One SEO 5.0.1.1 - aioseo.com -->\n\t<meta name=\"description\" content=\"Die Ank\u00fcndigung war hei\u00df: Ab M\u00e4rz 2022 werden Adobe Software Produkte keine PANTONE Farbbibliotheken mehr enthalten. Was folgt jetzt? Wer verliert, wer gewinnt?\" \/>\n\t<meta name=\"robots\" content=\"max-image-preview:large\" \/>\n\t<meta name=\"author\" content=\"Matthias Betz\"\/>\n\t<meta name=\"google-site-verification\" content=\"TuXxyRwxcEg2-WfOaQ8vScWQh3-uBAnxXmY7g3GT90A\" \/>\n\t<meta name=\"keywords\" content=\"adobe,illustrator,indesign,pantone,pantone farben,pantone pms\" \/>\n\t<link rel=\"canonical\" href=\"http:\/\/blog.proofs.de\/hu\/adobe-software-ohne-pantone-farben\/\" \/>\n\t<meta name=\"generator\" content=\"All in One SEO (AIOSEO) 5.0.1.1\" \/>\n\n\t\t<meta name=\"seobility\" content=\"593a8578143db71543f014978c690d47\">\n\t\t<meta property=\"og:locale\" content=\"hu_HU\" \/>\n\t\t<meta property=\"og:site_name\" content=\"Proof.de | Alles zu Proof, Farbmanagement, Grafik, Messtechnik &amp; Co.\" \/>\n\t\t<meta property=\"og:type\" content=\"article\" \/>\n\t\t<meta property=\"og:title\" content=\"Adobe Software ab M\u00e4rz 2022 ohne PANTONE Farben | proof.de\" \/>\n\t\t<meta property=\"og:description\" content=\"Die Ank\u00fcndigung war hei\u00df: Ab M\u00e4rz 2022 werden Adobe Software Produkte keine PANTONE Farbbibliotheken mehr enthalten. Was folgt jetzt? Wer verliert, wer gewinnt?\" \/>\n\t\t<meta property=\"og:url\" content=\"http:\/\/blog.proofs.de\/hu\/adobe-software-ohne-pantone-farben\/\" \/>\n\t\t<meta property=\"og:image\" content=\"http:\/\/blog.proofs.de\/wp-content\/uploads\/2018\/11\/CIELAB_HLC_Colour_Atlas_XL_Farbkreis_v1.jpg\" \/>\n\t\t<meta property=\"og:image:width\" content=\"3000\" \/>\n\t\t<meta property=\"og:image:height\" content=\"3000\" \/>\n\t\t<meta property=\"article:published_time\" content=\"2021-12-19T01:42:10+00:00\" \/>\n\t\t<meta property=\"article:modified_time\" content=\"2021-12-19T01:43:47+00:00\" \/>\n\t\t<meta property=\"article:publisher\" content=\"https:\/\/www.facebook.com\/Proof.de\/\" \/>\n\t\t<meta name=\"twitter:card\" content=\"summary\" \/>\n\t\t<meta name=\"twitter:title\" content=\"Adobe Software ab M\u00e4rz 2022 ohne PANTONE Farben | proof.de\" \/>\n\t\t<meta name=\"twitter:description\" content=\"Die Ank\u00fcndigung war hei\u00df: Ab M\u00e4rz 2022 werden Adobe Software Produkte keine PANTONE Farbbibliotheken mehr enthalten. Was folgt jetzt? Wer verliert, wer gewinnt?\" \/>\n\t\t<meta name=\"twitter:image\" content=\"https:\/\/blog1.proofen.de\/wp-content\/uploads\/2020\/04\/proof_background.jpg\" \/>\n\t\t<script type=\"application\/ld+json\" class=\"aioseo-schema\">\n\t\t\t{\"@context\":\"https:\\\/\\\/schema.org\",\"@graph\":[{\"@type\":\"Article\",\"@id\":\"http:\\\/\\\/blog.proofs.de\\\/hu\\\/adobe-software-ohne-pantone-farben\\\/#article\",\"name\":\"Adobe Software ab M\\u00e4rz 2022 ohne PANTONE Farben | proof.de\",\"headline\":\"Adobe Software ohne PANTONE Farben\",\"author\":{\"@id\":\"http:\\\/\\\/blog.proofs.de\\\/hu\\\/author\\\/mbetz\\\/#author\"},\"publisher\":{\"@id\":\"http:\\\/\\\/blog.proofs.de\\\/hu\\\/#organization\"},\"image\":{\"@type\":\"ImageObject\",\"url\":\"https:\\\/\\\/blog.proofs.de\\\/wp-content\\\/uploads\\\/2018\\\/11\\\/CIELAB_HLC_Colour_Atlas_XL_Farbkreis_v1.jpg\",\"width\":3000,\"height\":3000,\"caption\":\"CIELAB HLC Colour Atlas XL Farbkreis\"},\"datePublished\":\"2021-12-19T02:42:10+01:00\",\"dateModified\":\"2021-12-19T02:43:47+01:00\",\"inLanguage\":\"hu-HU\",\"commentCount\":3,\"mainEntityOfPage\":{\"@id\":\"http:\\\/\\\/blog.proofs.de\\\/hu\\\/adobe-software-ohne-pantone-farben\\\/#webpage\"},\"isPartOf\":{\"@id\":\"http:\\\/\\\/blog.proofs.de\\\/hu\\\/adobe-software-ohne-pantone-farben\\\/#webpage\"},\"articleSection\":\"Allgemein, Pantone und HKS, Adobe, Illustrator, InDesign, Pantone, PANTONE Farben, PANTONE PMS\"},{\"@type\":\"BreadcrumbList\",\"@id\":\"http:\\\/\\\/blog.proofs.de\\\/hu\\\/adobe-software-ohne-pantone-farben\\\/#breadcrumblist\",\"itemListElement\":[{\"@type\":\"ListItem\",\"@id\":\"http:\\\/\\\/blog.proofs.de\\\/hu#listItem\",\"position\":1,\"name\":\"Home\",\"item\":\"http:\\\/\\\/blog.proofs.de\\\/hu\",\"nextItem\":{\"@type\":\"ListItem\",\"@id\":\"http:\\\/\\\/blog.proofs.de\\\/hu\\\/thema\\\/proof-wissen\\\/#listItem\",\"name\":\"Proof Wissen\"}},{\"@type\":\"ListItem\",\"@id\":\"http:\\\/\\\/blog.proofs.de\\\/hu\\\/thema\\\/proof-wissen\\\/#listItem\",\"position\":2,\"name\":\"Proof Wissen\",\"item\":\"http:\\\/\\\/blog.proofs.de\\\/hu\\\/thema\\\/proof-wissen\\\/\",\"nextItem\":{\"@type\":\"ListItem\",\"@id\":\"http:\\\/\\\/blog.proofs.de\\\/hu\\\/thema\\\/proof-wissen\\\/pantone-und-hks\\\/#listItem\",\"name\":\"Pantone und HKS\"},\"previousItem\":{\"@type\":\"ListItem\",\"@id\":\"http:\\\/\\\/blog.proofs.de\\\/hu#listItem\",\"name\":\"Home\"}},{\"@type\":\"ListItem\",\"@id\":\"http:\\\/\\\/blog.proofs.de\\\/hu\\\/thema\\\/proof-wissen\\\/pantone-und-hks\\\/#listItem\",\"position\":3,\"name\":\"Pantone und HKS\",\"item\":\"http:\\\/\\\/blog.proofs.de\\\/hu\\\/thema\\\/proof-wissen\\\/pantone-und-hks\\\/\",\"nextItem\":{\"@type\":\"ListItem\",\"@id\":\"http:\\\/\\\/blog.proofs.de\\\/hu\\\/adobe-software-ohne-pantone-farben\\\/#listItem\",\"name\":\"Adobe Software ohne PANTONE Farben\"},\"previousItem\":{\"@type\":\"ListItem\",\"@id\":\"http:\\\/\\\/blog.proofs.de\\\/hu\\\/thema\\\/proof-wissen\\\/#listItem\",\"name\":\"Proof Wissen\"}},{\"@type\":\"ListItem\",\"@id\":\"http:\\\/\\\/blog.proofs.de\\\/hu\\\/adobe-software-ohne-pantone-farben\\\/#listItem\",\"position\":4,\"name\":\"Adobe Software ohne PANTONE Farben\",\"previousItem\":{\"@type\":\"ListItem\",\"@id\":\"http:\\\/\\\/blog.proofs.de\\\/hu\\\/thema\\\/proof-wissen\\\/pantone-und-hks\\\/#listItem\",\"name\":\"Pantone und HKS\"}}]},{\"@type\":\"Organization\",\"@id\":\"http:\\\/\\\/blog.proofs.de\\\/hu\\\/#organization\",\"name\":\"Proof GmbH\",\"description\":\"Farbverbindlicher Proof, Farbproof, Digitalproof und Online-Proof.\",\"url\":\"http:\\\/\\\/blog.proofs.de\\\/hu\\\/\",\"telephone\":\"+4970717952740\",\"logo\":{\"@type\":\"ImageObject\",\"url\":\"https:\\\/\\\/blog1.proofen.de\\\/wp-content\\\/uploads\\\/2019\\\/09\\\/logo_proof_rgb_mit_balken_250px.png\",\"@id\":\"http:\\\/\\\/blog.proofs.de\\\/hu\\\/adobe-software-ohne-pantone-farben\\\/#organizationLogo\"},\"image\":{\"@id\":\"http:\\\/\\\/blog.proofs.de\\\/hu\\\/adobe-software-ohne-pantone-farben\\\/#organizationLogo\"},\"sameAs\":[\"https:\\\/\\\/www.facebook.com\\\/Proof.de\\\/\",\"https:\\\/\\\/www.instagram.com\\\/proof.de\\\/\",\"https:\\\/\\\/www.tiktok.com\\\/@proof_de\",\"https:\\\/\\\/www.youtube.com\\\/channel\\\/UCk80fQVQ25wC9wu3SywB-Nw\",\"https:\\\/\\\/www.linkedin.com\\\/company\\\/proof-de\"]},{\"@type\":\"Person\",\"@id\":\"http:\\\/\\\/blog.proofs.de\\\/hu\\\/author\\\/mbetz\\\/#author\",\"url\":\"http:\\\/\\\/blog.proofs.de\\\/hu\\\/author\\\/mbetz\\\/\",\"name\":\"Matthias Betz\",\"image\":{\"@type\":\"ImageObject\",\"@id\":\"http:\\\/\\\/blog.proofs.de\\\/hu\\\/adobe-software-ohne-pantone-farben\\\/#authorImage\",\"url\":\"https:\\\/\\\/blog.proofs.de\\\/wp-content\\\/uploads\\\/2020\\\/10\\\/matthias-betz-e1603934518350-150x150.png\",\"width\":96,\"height\":96,\"caption\":\"Matthias Betz\"}},{\"@type\":\"WebPage\",\"@id\":\"http:\\\/\\\/blog.proofs.de\\\/hu\\\/adobe-software-ohne-pantone-farben\\\/#webpage\",\"url\":\"http:\\\/\\\/blog.proofs.de\\\/hu\\\/adobe-software-ohne-pantone-farben\\\/\",\"name\":\"Adobe Software ab M\\u00e4rz 2022 ohne PANTONE Farben | proof.de\",\"description\":\"Die Ank\\u00fcndigung war hei\\u00df: Ab M\\u00e4rz 2022 werden Adobe Software Produkte keine PANTONE Farbbibliotheken mehr enthalten. Was folgt jetzt? Wer verliert, wer gewinnt?\",\"inLanguage\":\"hu-HU\",\"isPartOf\":{\"@id\":\"http:\\\/\\\/blog.proofs.de\\\/hu\\\/#website\"},\"breadcrumb\":{\"@id\":\"http:\\\/\\\/blog.proofs.de\\\/hu\\\/adobe-software-ohne-pantone-farben\\\/#breadcrumblist\"},\"author\":{\"@id\":\"http:\\\/\\\/blog.proofs.de\\\/hu\\\/author\\\/mbetz\\\/#author\"},\"creator\":{\"@id\":\"http:\\\/\\\/blog.proofs.de\\\/hu\\\/author\\\/mbetz\\\/#author\"},\"image\":{\"@type\":\"ImageObject\",\"url\":\"https:\\\/\\\/blog.proofs.de\\\/wp-content\\\/uploads\\\/2018\\\/11\\\/CIELAB_HLC_Colour_Atlas_XL_Farbkreis_v1.jpg\",\"@id\":\"http:\\\/\\\/blog.proofs.de\\\/hu\\\/adobe-software-ohne-pantone-farben\\\/#mainImage\",\"width\":3000,\"height\":3000,\"caption\":\"CIELAB HLC Colour Atlas XL Farbkreis\"},\"primaryImageOfPage\":{\"@id\":\"http:\\\/\\\/blog.proofs.de\\\/hu\\\/adobe-software-ohne-pantone-farben\\\/#mainImage\"},\"datePublished\":\"2021-12-19T02:42:10+01:00\",\"dateModified\":\"2021-12-19T02:43:47+01:00\"},{\"@type\":\"WebSite\",\"@id\":\"http:\\\/\\\/blog.proofs.de\\\/hu\\\/#website\",\"url\":\"http:\\\/\\\/blog.proofs.de\\\/hu\\\/\",\"name\":\"Proof.de\",\"description\":\"Farbverbindlicher Proof, Farbproof, Digitalproof und Online-Proof.\",\"inLanguage\":\"hu-HU\",\"publisher\":{\"@id\":\"http:\\\/\\\/blog.proofs.de\\\/hu\\\/#organization\"}}]}\n\t\t<\/script>\n\t\t<!-- All in One SEO -->\n\n","aioseo_head_json":{"title":"Adobe szoftver 2022 m\u00e1rcius\u00e1t\u00f3l PANTONE sz\u00ednek n\u00e9lk\u00fcl | proof.de","description":"A bejelent\u00e9s forr\u00f3 volt: 2022 m\u00e1rcius\u00e1t\u00f3l az Adobe szoftverterm\u00e9kei m\u00e1r nem tartalmaznak PANTONE sz\u00ednk\u00f6nyvt\u00e1rakat. Mi t\u00f6rt\u00e9nik most? Ki vesz\u00edt, ki nyer?","canonical_url":"http:\/\/blog.proofs.de\/hu\/adobe-software-ohne-pantone-farben\/","robots":"max-image-preview:large","keywords":"adobe,illustrator,indesign,pantone,pantone farben,pantone pms","webmasterTools":{"google-site-verification":"TuXxyRwxcEg2-WfOaQ8vScWQh3-uBAnxXmY7g3GT90A","miscellaneous":"&lt;meta name=\"seobility\" content=\"593a8578143db71543f014978c690d47\"&gt;"},"schema":{"@context":"https:\/\/schema.org","@graph":[{"@type":"Article","@id":"http:\/\/blog.proofs.de\/hu\/adobe-software-ohne-pantone-farben\/#article","name":"Adobe Software ab M\u00e4rz 2022 ohne PANTONE Farben | proof.de","headline":"Adobe Software ohne PANTONE Farben","author":{"@id":"http:\/\/blog.proofs.de\/hu\/author\/mbetz\/#author"},"publisher":{"@id":"http:\/\/blog.proofs.de\/hu\/#organization"},"image":{"@type":"ImageObject","url":"https:\/\/blog.proofs.de\/wp-content\/uploads\/2018\/11\/CIELAB_HLC_Colour_Atlas_XL_Farbkreis_v1.jpg","width":3000,"height":3000,"caption":"CIELAB HLC Colour Atlas XL Farbkreis"},"datePublished":"2021-12-19T02:42:10+01:00","dateModified":"2021-12-19T02:43:47+01:00","inLanguage":"hu-HU","commentCount":3,"mainEntityOfPage":{"@id":"http:\/\/blog.proofs.de\/hu\/adobe-software-ohne-pantone-farben\/#webpage"},"isPartOf":{"@id":"http:\/\/blog.proofs.de\/hu\/adobe-software-ohne-pantone-farben\/#webpage"},"articleSection":"Allgemein, Pantone und HKS, Adobe, Illustrator, InDesign, Pantone, PANTONE Farben, PANTONE PMS"},{"@type":"BreadcrumbList","@id":"http:\/\/blog.proofs.de\/hu\/adobe-software-ohne-pantone-farben\/#breadcrumblist","itemListElement":[{"@type":"ListItem","@id":"http:\/\/blog.proofs.de\/hu#listItem","position":1,"name":"Home","item":"http:\/\/blog.proofs.de\/hu","nextItem":{"@type":"ListItem","@id":"http:\/\/blog.proofs.de\/hu\/thema\/proof-wissen\/#listItem","name":"Proof Wissen"}},{"@type":"ListItem","@id":"http:\/\/blog.proofs.de\/hu\/thema\/proof-wissen\/#listItem","position":2,"name":"Proof Wissen","item":"http:\/\/blog.proofs.de\/hu\/thema\/proof-wissen\/","nextItem":{"@type":"ListItem","@id":"http:\/\/blog.proofs.de\/hu\/thema\/proof-wissen\/pantone-und-hks\/#listItem","name":"Pantone und HKS"},"previousItem":{"@type":"ListItem","@id":"http:\/\/blog.proofs.de\/hu#listItem","name":"Home"}},{"@type":"ListItem","@id":"http:\/\/blog.proofs.de\/hu\/thema\/proof-wissen\/pantone-und-hks\/#listItem","position":3,"name":"Pantone und HKS","item":"http:\/\/blog.proofs.de\/hu\/thema\/proof-wissen\/pantone-und-hks\/","nextItem":{"@type":"ListItem","@id":"http:\/\/blog.proofs.de\/hu\/adobe-software-ohne-pantone-farben\/#listItem","name":"Adobe Software ohne PANTONE Farben"},"previousItem":{"@type":"ListItem","@id":"http:\/\/blog.proofs.de\/hu\/thema\/proof-wissen\/#listItem","name":"Proof Wissen"}},{"@type":"ListItem","@id":"http:\/\/blog.proofs.de\/hu\/adobe-software-ohne-pantone-farben\/#listItem","position":4,"name":"Adobe Software ohne PANTONE Farben","previousItem":{"@type":"ListItem","@id":"http:\/\/blog.proofs.de\/hu\/thema\/proof-wissen\/pantone-und-hks\/#listItem","name":"Pantone und HKS"}}]},{"@type":"Organization","@id":"http:\/\/blog.proofs.de\/hu\/#organization","name":"Proof GmbH","description":"Farbverbindlicher Proof, Farbproof, Digitalproof und Online-Proof.","url":"http:\/\/blog.proofs.de\/hu\/","telephone":"+4970717952740","logo":{"@type":"ImageObject","url":"https:\/\/blog1.proofen.de\/wp-content\/uploads\/2019\/09\/logo_proof_rgb_mit_balken_250px.png","@id":"http:\/\/blog.proofs.de\/hu\/adobe-software-ohne-pantone-farben\/#organizationLogo"},"image":{"@id":"http:\/\/blog.proofs.de\/hu\/adobe-software-ohne-pantone-farben\/#organizationLogo"},"sameAs":["https:\/\/www.facebook.com\/Proof.de\/","https:\/\/www.instagram.com\/proof.de\/","https:\/\/www.tiktok.com\/@proof_de","https:\/\/www.youtube.com\/channel\/UCk80fQVQ25wC9wu3SywB-Nw","https:\/\/www.linkedin.com\/company\/proof-de"]},{"@type":"Person","@id":"http:\/\/blog.proofs.de\/hu\/author\/mbetz\/#author","url":"http:\/\/blog.proofs.de\/hu\/author\/mbetz\/","name":"Matthias Betz","image":{"@type":"ImageObject","@id":"http:\/\/blog.proofs.de\/hu\/adobe-software-ohne-pantone-farben\/#authorImage","url":"https:\/\/blog.proofs.de\/wp-content\/uploads\/2020\/10\/matthias-betz-e1603934518350-150x150.png","width":96,"height":96,"caption":"Matthias Betz"}},{"@type":"WebPage","@id":"http:\/\/blog.proofs.de\/hu\/adobe-software-ohne-pantone-farben\/#webpage","url":"http:\/\/blog.proofs.de\/hu\/adobe-software-ohne-pantone-farben\/","name":"Adobe Software ab M\u00e4rz 2022 ohne PANTONE Farben | proof.de","description":"Die Ank\u00fcndigung war hei\u00df: Ab M\u00e4rz 2022 werden Adobe Software Produkte keine PANTONE Farbbibliotheken mehr enthalten. Was folgt jetzt? Wer verliert, wer gewinnt?","inLanguage":"hu-HU","isPartOf":{"@id":"http:\/\/blog.proofs.de\/hu\/#website"},"breadcrumb":{"@id":"http:\/\/blog.proofs.de\/hu\/adobe-software-ohne-pantone-farben\/#breadcrumblist"},"author":{"@id":"http:\/\/blog.proofs.de\/hu\/author\/mbetz\/#author"},"creator":{"@id":"http:\/\/blog.proofs.de\/hu\/author\/mbetz\/#author"},"image":{"@type":"ImageObject","url":"https:\/\/blog.proofs.de\/wp-content\/uploads\/2018\/11\/CIELAB_HLC_Colour_Atlas_XL_Farbkreis_v1.jpg","@id":"http:\/\/blog.proofs.de\/hu\/adobe-software-ohne-pantone-farben\/#mainImage","width":3000,"height":3000,"caption":"CIELAB HLC Colour Atlas XL Farbkreis"},"primaryImageOfPage":{"@id":"http:\/\/blog.proofs.de\/hu\/adobe-software-ohne-pantone-farben\/#mainImage"},"datePublished":"2021-12-19T02:42:10+01:00","dateModified":"2021-12-19T02:43:47+01:00"},{"@type":"WebSite","@id":"http:\/\/blog.proofs.de\/hu\/#website","url":"http:\/\/blog.proofs.de\/hu\/","name":"Proof.de","description":"Farbverbindlicher Proof, Farbproof, Digitalproof und Online-Proof.","inLanguage":"hu-HU","publisher":{"@id":"http:\/\/blog.proofs.de\/hu\/#organization"}}]},"og:locale":"hu_HU","og:site_name":"Proof.de | Alles zu Proof, Farbmanagement, Grafik, Messtechnik &amp; Co.","og:type":"article","og:title":"Adobe Software ab M\u00e4rz 2022 ohne PANTONE Farben | proof.de","og:description":"Die Ank\u00fcndigung war hei\u00df: Ab M\u00e4rz 2022 werden Adobe Software Produkte keine PANTONE Farbbibliotheken mehr enthalten. Was folgt jetzt? Wer verliert, wer gewinnt?","og:url":"http:\/\/blog.proofs.de\/hu\/adobe-software-ohne-pantone-farben\/","og:image":"http:\/\/blog.proofs.de\/wp-content\/uploads\/2018\/11\/CIELAB_HLC_Colour_Atlas_XL_Farbkreis_v1.jpg","og:image:width":3000,"og:image:height":3000,"article:published_time":"2021-12-19T01:42:10+00:00","article:modified_time":"2021-12-19T01:43:47+00:00","article:publisher":"https:\/\/www.facebook.com\/Proof.de\/","twitter:card":"summary","twitter:title":"Adobe Software ab M\u00e4rz 2022 ohne PANTONE Farben | proof.de","twitter:description":"Die Ank\u00fcndigung war hei\u00df: Ab M\u00e4rz 2022 werden Adobe Software Produkte keine PANTONE Farbbibliotheken mehr enthalten. Was folgt jetzt? Wer verliert, wer gewinnt?","twitter:image":"https:\/\/blog1.proofen.de\/wp-content\/uploads\/2020\/04\/proof_background.jpg"},"aioseo_meta_data":{"post_id":"4598","title":"Adobe szoftver 2022 m\u00e1rcius\u00e1t\u00f3l PANTONE sz\u00ednek n\u00e9lk\u00fcl | proof.de&nbsp;","description":"A bejelent\u00e9s forr\u00f3 volt: 2022 m\u00e1rcius\u00e1t\u00f3l az Adobe szoftverterm\u00e9kei m\u00e1r nem tartalmaznak PANTONE sz\u00ednk\u00f6nyvt\u00e1rakat. Mi t\u00f6rt\u00e9nik most? Ki vesz\u00edt, ki nyer?","keywords":[],"keyphrases":{"focus":{"keyphrase":"PANTONE","score":85,"analysis":{"keyphraseInTitle":{"score":9,"maxScore":9,"error":0},"keyphraseInDescription":{"score":9,"maxScore":9,"error":0},"keyphraseLength":{"score":9,"maxScore":9,"error":0,"length":1},"keyphraseInURL":{"score":5,"maxScore":5,"error":0},"keyphraseInIntroduction":{"score":9,"maxScore":9,"error":0},"keyphraseInSubHeadings":{"score":9,"maxScore":9,"error":0},"keyphraseInImageAlt":[],"keywordDensity":{"type":"high","score":0,"maxScore":9,"error":1}}},"additional":[]},"primary_term":null,"canonical_url":null,"og_title":null,"og_description":null,"og_object_type":"default","og_image_type":"default","og_image_url":null,"og_image_width":null,"og_image_height":null,"og_image_custom_url":null,"og_image_custom_fields":null,"og_video":"","og_custom_url":null,"og_article_section":null,"og_article_tags":[],"twitter_use_og":false,"twitter_card":"default","twitter_image_type":"default","twitter_image_url":null,"twitter_image_custom_url":null,"twitter_image_custom_fields":null,"twitter_title":null,"twitter_description":null,"schema":{"blockGraphs":[],"customGraphs":[],"default":{"data":{"Article":[],"Course":[],"Dataset":[],"FAQPage":[],"Movie":[],"Person":[],"Product":[],"ProductReview":[],"Car":[],"Recipe":[],"Service":[],"SoftwareApplication":[],"WebPage":[]},"graphName":"Article","isEnabled":true},"graphs":[],"defaultGraph":"Article","defaultPostTypeGraph":""},"schema_type":"default","schema_type_options":"{\"article\":{\"articleType\":\"BlogPosting\"},\"course\":{\"name\":\"\",\"description\":\"\",\"provider\":\"\"},\"faq\":{\"pages\":[]},\"product\":{\"reviews\":[]},\"recipe\":{\"ingredients\":[],\"instructions\":[],\"keywords\":[]},\"software\":{\"reviews\":[],\"operatingSystems\":[]},\"webPage\":{\"webPageType\":\"WebPage\"}}","pillar_content":false,"robots_default":true,"robots_noindex":false,"robots_noarchive":false,"robots_nosnippet":false,"robots_nofollow":false,"robots_noimageindex":false,"robots_noodp":false,"robots_notranslate":false,"robots_max_snippet":"-1","robots_max_videopreview":"-1","robots_max_imagepreview":"large","priority":null,"frequency":"default","local_seo":null,"breadcrumb_settings":null,"limit_modified_date":true,"ai":null,"created":"2021-12-19 00:58:31","updated":"2025-06-04 14:27:05","seo_analyzer_scan_date":null,"focus_keyword":"PANTONE","additional_keywords":null,"truseo_locale":null},"_links":{"self":[{"href":"http:\/\/blog.proofs.de\/hu\/wp-json\/wp\/v2\/posts\/4598","targetHints":{"allow":["GET"]}}],"collection":[{"href":"http:\/\/blog.proofs.de\/hu\/wp-json\/wp\/v2\/posts"}],"about":[{"href":"http:\/\/blog.proofs.de\/hu\/wp-json\/wp\/v2\/types\/post"}],"author":[{"embeddable":true,"href":"http:\/\/blog.proofs.de\/hu\/wp-json\/wp\/v2\/users\/2"}],"replies":[{"embeddable":true,"href":"http:\/\/blog.proofs.de\/hu\/wp-json\/wp\/v2\/comments?post=4598"}],"version-history":[{"count":6,"href":"http:\/\/blog.proofs.de\/hu\/wp-json\/wp\/v2\/posts\/4598\/revisions"}],"predecessor-version":[{"id":5567,"href":"http:\/\/blog.proofs.de\/hu\/wp-json\/wp\/v2\/posts\/4598\/revisions\/5567"}],"wp:featuredmedia":[{"embeddable":true,"href":"http:\/\/blog.proofs.de\/hu\/wp-json\/wp\/v2\/media\/2202"}],"wp:attachment":[{"href":"http:\/\/blog.proofs.de\/hu\/wp-json\/wp\/v2\/media?parent=4598"}],"wp:term":[{"taxonomy":"category","embeddable":true,"href":"http:\/\/blog.proofs.de\/hu\/wp-json\/wp\/v2\/categories?post=4598"},{"taxonomy":"post_tag","embeddable":true,"href":"http:\/\/blog.proofs.de\/hu\/wp-json\/wp\/v2\/tags?post=4598"}],"curies":[{"name":"wp","href":"https:\/\/api.w.org\/{rel}","templated":true}]}}