{"id":5629,"date":"2024-03-11T23:51:19","date_gmt":"2024-03-11T22:51:19","guid":{"rendered":"https:\/\/www.proof.de\/?p=5629"},"modified":"2024-04-09T15:50:35","modified_gmt":"2024-04-09T13:50:35","slug":"uj-kiadasu-isocoatedv2-az-m1-ben-a-lathataron","status":"publish","type":"post","link":"http:\/\/blog.proofs.de\/hu\/neuauflage-von-isocoatedv2-in-m1-in-sicht\/","title":{"rendered":"Az ISOCoatedV2 \u00faj kiad\u00e1sa az M1-ben a l\u00e1that\u00e1ron?"},"content":{"rendered":"<div class=\"kk-star-ratings kksr-auto kksr-align-right kksr-valign-top\" data-payload='{\"align\":\"right\",\"id\":\"5629\",\"slug\":\"default\",\"valign\":\"top\",\"ignore\":\"\",\"reference\":\"auto\",\"class\":\"\",\"count\":\"3\",\"legendonly\":\"\",\"readonly\":\"\",\"score\":\"4.7\",\"starsonly\":\"\",\"best\":\"5\",\"gap\":\"5\",\"greet\":\"Jetzt bewerten\",\"legend\":\"4.7\\\/5 - (3 votes)\",\"size\":\"24\",\"title\":\"Neuauflage von ISOCoatedV2 in M1 in Sicht?\",\"width\":\"133.8\",\"_legend\":\"{score}\\\/{best} - ({count} {votes})\",\"font_factor\":\"1.25\"}'>\n            \n<div class=\"kksr-stars\">\n    \n<div class=\"kksr-stars-inactive\">\n            <div class=\"kksr-star\" data-star=\"1\" style=\"padding-right: 5px\">\n            \n\n<div class=\"kksr-icon\" style=\"width: 24px; height: 24px;\"><\/div>\n        <\/div>\n            <div class=\"kksr-star\" data-star=\"2\" style=\"padding-right: 5px\">\n            \n\n<div class=\"kksr-icon\" style=\"width: 24px; height: 24px;\"><\/div>\n        <\/div>\n            <div class=\"kksr-star\" data-star=\"3\" style=\"padding-right: 5px\">\n            \n\n<div class=\"kksr-icon\" style=\"width: 24px; height: 24px;\"><\/div>\n        <\/div>\n            <div class=\"kksr-star\" data-star=\"4\" style=\"padding-right: 5px\">\n            \n\n<div class=\"kksr-icon\" style=\"width: 24px; height: 24px;\"><\/div>\n        <\/div>\n            <div class=\"kksr-star\" data-star=\"5\" style=\"padding-right: 5px\">\n            \n\n<div class=\"kksr-icon\" style=\"width: 24px; height: 24px;\"><\/div>\n        <\/div>\n    <\/div>\n    \n<div class=\"kksr-stars-active\" style=\"width: 133.8px;\">\n            <div class=\"kksr-star\" style=\"padding-right: 5px\">\n            \n\n<div class=\"kksr-icon\" style=\"width: 24px; height: 24px;\"><\/div>\n        <\/div>\n            <div class=\"kksr-star\" style=\"padding-right: 5px\">\n            \n\n<div class=\"kksr-icon\" style=\"width: 24px; height: 24px;\"><\/div>\n        <\/div>\n            <div class=\"kksr-star\" style=\"padding-right: 5px\">\n            \n\n<div class=\"kksr-icon\" style=\"width: 24px; height: 24px;\"><\/div>\n        <\/div>\n            <div class=\"kksr-star\" style=\"padding-right: 5px\">\n            \n\n<div class=\"kksr-icon\" style=\"width: 24px; height: 24px;\"><\/div>\n        <\/div>\n            <div class=\"kksr-star\" style=\"padding-right: 5px\">\n            \n\n<div class=\"kksr-icon\" style=\"width: 24px; height: 24px;\"><\/div>\n        <\/div>\n    <\/div>\n<\/div>\n                \n\n<div class=\"kksr-legend\" style=\"font-size: 19.2px;\">\n            4.7\/5 - (3 szavazat)    <\/div>\n    <\/div>\n\n<p class=\"wp-block-paragraph translation-block\">M\u00e9g majdnem 9 \u00e9vvel az ut\u00f3d <a href=\"https:\/\/blog1.proofen.de\/es\/lexico-2\/espacio-cromatico\/\" target=\"_self\" class=\"encyclopedia tooltipstered\">sz\u00ednt\u00e9r<\/a>es <a href=\"https:\/\/blog1.proofen.de\/es\/lexico-2\/pso\/\" target=\"_self\" class=\"encyclopedia tooltipstered\">PSO<\/a>CoatedV3 ind\u00edt\u00e1sa ut\u00e1n is <a href=\"https:\/\/blog1.proofen.de\/es\/lexico-2\/isocoatedv2\/\" target=\"_self\" class=\"encyclopedia tooltipstered\">ISOCoatedV2<\/a> \/ <a href=\"https:\/\/blog1.proofen.de\/es\/lexico-2\/fogra\/\" target=\"_self\" class=\"encyclopedia tooltipstered\">FOGRA<\/a>39 m\u00e9g mindig a legelterjedtebb sz\u00ednt\u00e9r Eur\u00f3p\u00e1ban. Mi a <a href=\"https:\/\/blog1.proofen.de\/es\/lexico-2\/prueba\/\" target=\"_self\" class=\"encyclopedia tooltipstered\">Proof<\/a> GmbH-n\u00e1l mintegy 200 munk\u00e1t sz\u00e1molunk, t\u00f6bbek k\u00f6z\u00f6tt a N\u00e9met Nyomdaipari \u00e9s M\u00e9diaipari Sz\u00f6vets\u00e9gnek; a legut\u00f3bbi sz\u00e1ml\u00e1l\u00e1skor a <a href=\"https:\/\/blog1.proofen.de\/es\/lexico-2\/pruebas\/\" target=\"_self\" class=\"encyclopedia tooltipstered\">Proofok<\/a> ISOCoatedV2-ben v\u00e9gzett munk\u00e1k mintegy 68%-\u00e1t tett\u00e9k ki a n\u00e1lunk v\u00e9gzett \u00f6sszes proof-munk\u00e1nak. Ez egy\u00e9rtelm\u0171 jele a sz\u00ednt\u00e9r folyamatos, sz\u00e9les k\u00f6r\u0171 haszn\u00e1lat\u00e1nak.<\/p>\n\n\n\n<h2 class=\"wp-block-heading\">ISOCoatedV2: A klasszikus sz\u00ednt\u00e9rb\u0151l az ipar\u00e1g jelz\u0151f\u00e9ny\u00e9v\u00e9 v\u00e1lik<\/h2>\n\n\n\n<p class=\"wp-block-paragraph translation-block\">A <a href=\"https:\/\/blog1.proofen.de\/es\/lexico-2\/impresion-offset\/\" target=\"_self\" class=\"encyclopedia tooltipstered\">offszet nyomtat\u00e1s<\/a> a <a href=\"https:\/\/blog1.proofen.de\/es\/lexico-2\/papel-para-impresion-de-imagenes\/\" target=\"_self\" class=\"encyclopedia tooltipstered\">k\u00e9pes nyomtat\u00f3pap\u00edrra<\/a> t\u00f6rt\u00e9n\u0151 nyomtat\u00e1si pr\u00f3b\u00e1k mellett sz\u00e1mos m\u00e1s alkalmaz\u00e1s is sz\u00f3ba j\u00f6het: Az ISOCoatedV2-t sz\u00e1mos m\u00e1s, nem szabv\u00e1nyos\u00edtott vagy kev\u00e9sb\u00e9 szabv\u00e1nyos\u00edtott nyomtat\u00e1si elj\u00e1r\u00e1shoz is haszn\u00e1lj\u00e1k, cseresz\u00ednt\u00e9rk\u00e9nt haszn\u00e1lva azt: A digit\u00e1lis nyomtat\u00e1st\u00f3l a ki\u00e1ll\u00edt\u00e1si stand\u00e9p\u00edt\u00e9sben a flexo- \u00e9s <a href=\"https:\/\/blog1.proofen.de\/es\/lexico-2\/baja-presion\/\" target=\"_self\" class=\"encyclopedia tooltipstered\">grav\u00farnyomtat\u00e1sban<\/a> alkalmazott csomagol\u00e1si nyomtat\u00e1sig: a piac szinte minden jelent\u0151s szerepl\u0151je sz\u00e1m\u00edt az ISOCoatedV2 erej\u00e9re.<\/p>\n\n\n\n<p class=\"wp-block-paragraph\">A m\u00fcncheni Fogra 2024 sz\u00ednmenedzsment szimp\u00f3ziumon sokat hallottunk arr\u00f3l, hogy az ofszetnyomtat\u00e1st\u00f3l elt\u00e9r\u0151 nyomtat\u00e1si elj\u00e1r\u00e1sokkal foglalkoz\u00f3 v\u00e1llalatok \u00e9s nagy nyomdai szolg\u00e1ltat\u00f3k is az ISOCoatedV2 sz\u00ednt\u00e9rre t\u00e1maszkodnak alkalmaz\u00e1saikban. Gyakorlatilag az ISOCoatedV2-re \u00e9p\u00edtenek a \"f\u0151szabv\u00e1nyb\u00f3l\", \u00e9s egyszer\u0171en a \"sz\u00ednt\u00e9r tenger\u00e9nek legnagyobb haj\u00f3ja: az ISOCoatedV2\" alapj\u00e1n t\u00e1j\u00e9koz\u00f3dnak, amely a piac minden szerepl\u0151je, p\u00e9ld\u00e1ul az \u00fcgyn\u00f6ks\u00e9gek \u00e9s a tervez\u0151k k\u00f6r\u00e9ben j\u00f3l bev\u00e1lt. Az elm\u00falt n\u00e9h\u00e1ny \u00e9vben ez egy sikeres sz\u00ednteret de facto szabv\u00e1nynak min\u0151s\u00edtett.<\/p>\n\n\n\n<h2 class=\"wp-block-heading\">Naprak\u00e9sz \u00e9s j\u00f6v\u0151biztos? ISOCoatedV2 \"feln\u0151\"<\/h2>\n\n\n\n<p class=\"wp-block-paragraph\">Ez\u00e9rt nem meglep\u0151, hogy a kev\u00e9sb\u00e9 n\u00e9pszer\u0171 PSOCoatedV3-nak egy moderniz\u00e1lt id\u0151sebb testv\u00e9rt kellene kapnia: Egy friss\u00edtett FOGRA39\/ ISOCoatedV2, amely k\u00f6zel 18 \u00e9ves kor\u00e1ban maga m\u00f6g\u00f6tt hagyhatta a legfontosabb r\u00e9gi terheket, hogy meg\u00fajult csere sz\u00ednt\u00e9rk\u00e9nt m\u00e9g jobban bet\u00f6lthesse vil\u00e1g\u00edt\u00f3torony funkci\u00f3j\u00e1t. <\/p>\n\n\n\n<h3 class=\"wp-block-heading\">Az \u00faj ISOCoatedV2 el\u0151nyei az M1-ben:<\/h3>\n\n\n\n<ul class=\"wp-block-list\">\n<li class=\"translation-block\">A 2015 \u00f3ta hat\u00e1lyos \u00faj M1 m\u00e9r\u00e9si felt\u00e9telhez \u00e9s az \u00faj <a href=\"https:\/\/blog1.proofen.de\/es\/lexico-2\/luz-normal\/\" target=\"_self\" class=\"encyclopedia tooltipstered\">szabv\u00e1nyos f\u00e9ny<\/a> <a href=\"https:\/\/blog1.proofen.de\/es\/lexico-2\/d50\/\" target=\"_self\" class=\"encyclopedia tooltipstered\">D50<\/a> szerinti <a href=\"https:\/\/blog1.proofen.de\/es\/lexico-2\/iso-36642009\/\" target=\"_self\" class=\"encyclopedia tooltipstered\">ISO 3664:2009<\/a> szabv\u00e1nyhoz val\u00f3 igazod\u00e1s.<\/li>\n\n\n\n<li>A r\u00e9gi GDMI Gretag-Macbeth m\u00e9r\u0151b\u00e1zis \u00e1talak\u00edt\u00e1sa az \u00faj XRGA-ra a m\u00e9r\u00e9si \u00e9rt\u00e9kek jobb \u00f6sszehasonl\u00edthat\u00f3s\u00e1ga \u00e9s a nagyobb pontoss\u00e1g \u00e9rdek\u00e9ben.<\/li>\n\n\n\n<li>Ez jav\u00edtja a folyamatvez\u00e9rl\u00e9st a teljes t\u00f3nus\u00fa ci\u00e1n \u00e9s magenta sz\u00ednt\u00edpusok friss\u00edtett H-\u00e9rt\u00e9keinek k\u00f6sz\u00f6nhet\u0151en.<\/li>\n\n\n\n<li>A feh\u00e9r pont fenntart\u00e1sa <a href=\"http:\/\/blog.proofs.de\/hu\/lexikon\/lab\/\" target=\"_self\" title=\"A CIELAB vagy LAB egy matematikai sz\u00ednmodell, amely minden\u00fctt meghonosodott, ahol pontos sz\u00ednsz\u00e1m\u00edt\u00e1sra van sz\u00fcks\u00e9g. A sz\u00e1m\u00edt\u00f3g\u00e9pes sz\u00ednkezel\u00e9s \u00e1ltal\u00e1ban a CIELAB seg\u00edts\u00e9g\u00e9vel m\u0171k\u00f6dik.\" class=\"encyclopedia\">LAB<\/a> 95\/0\/-2 \u00e9s a kev\u00e9s optikai anyagot tartalmaz\u00f3 pap\u00edrokon t\u00f6rt\u00e9n\u0151 bizony\u00edt\u00e1s. <a href=\"http:\/\/blog.proofs.de\/hu\/lexikon\/aufheller\/\" target=\"_self\" title=\"A f\u00e9nyes\u00edt\u0151k (m\u00e1s n\u00e9ven optikai f\u00e9nyes\u00edt\u0151k vagy OBA-k) a nyomdaiparban a pap\u00edr f\u00e9nyess\u00e9g\u00e9nek \u00e9s feh\u00e9rs\u00e9g\u00e9nek jav\u00edt\u00e1s\u00e1ra haszn\u00e1lt k\u00e9miai vegy\u00fcletek. Elnyelik az UV-f\u00e9nyt, \u00e9s l\u00e1that\u00f3 k\u00e9k f\u00e9ny form\u00e1j\u00e1ban bocs\u00e1tj\u00e1k ki, \u00edgy a pap\u00edr &quot;f\u00e9nyesebb&quot; \u00e9s &quot;frissebb&quot; feh\u00e9r t\u00f3nust kap. Ez a hat\u00e1s n\u00f6veli a...\" class=\"encyclopedia\">Vil\u00e1gos\u00edt\u00f3<\/a>n (<a href=\"http:\/\/blog.proofs.de\/hu\/lexikon\/oba\/\" target=\"_self\" title='Az OBA az &quot;Optical Brightning Agents&quot; vagy &quot;Optical Brightners&quot; r\u00f6vid\u00edt\u00e9se.' class=\"encyclopedia\">OBA<\/a>) <\/li>\n\n\n\n<li>Az ISOCoatedV2 szerinti klasszikus pr\u00f3banyomatok tov\u00e1bbra is \u00e9rv\u00e9nyesek lenn\u00e9nek, de az \u00faj ISOCoatedV2 M1 nyomtat\u00e1si felt\u00e9telekkel az \"\u00faj\" pr\u00f3banyomatok k\u00f6vetkezetesebb \u00e9s jobb eredm\u00e9nyeket hozhatnak.<\/li>\n<\/ul>\n\n\n<div class=\"wp-block-image\">\n<figure class=\"alignright size-large is-resized\"><a href=\"https:\/\/blog1.proofen.de\/wp-content\/uploads\/2024\/03\/proof_de_ISOCoatedV2_M1-scaled.jpg\"><img loading=\"lazy\" decoding=\"async\" width=\"1024\" height=\"768\" src=\"https:\/\/blog1.proofen.de\/wp-content\/uploads\/2024\/03\/proof_de_ISOCoatedV2_M1-1024x768.jpg\" alt=\"proof.de ISOCoatedV2 \/ FOGRA39 \u00dajraind\u00edt\u00e1s az M1-en?\" class=\"wp-image-5636\" style=\"width:521px;height:auto\" srcset=\"https:\/\/blog.proofs.de\/wp-content\/uploads\/2024\/03\/proof_de_ISOCoatedV2_M1-1024x768.jpg 1024w, https:\/\/blog.proofs.de\/wp-content\/uploads\/2024\/03\/proof_de_ISOCoatedV2_M1-300x225.jpg 300w, https:\/\/blog.proofs.de\/wp-content\/uploads\/2024\/03\/proof_de_ISOCoatedV2_M1-768x576.jpg 768w, https:\/\/blog.proofs.de\/wp-content\/uploads\/2024\/03\/proof_de_ISOCoatedV2_M1-1536x1152.jpg 1536w, https:\/\/blog.proofs.de\/wp-content\/uploads\/2024\/03\/proof_de_ISOCoatedV2_M1-2048x1536.jpg 2048w, https:\/\/blog.proofs.de\/wp-content\/uploads\/2024\/03\/proof_de_ISOCoatedV2_M1-16x12.jpg 16w\" sizes=\"auto, (max-width: 1024px) 100vw, 1024px\"><\/a><figcaption class=\"wp-element-caption\">ISOCoatedV2 \/ FOGRA39 \u00dajraind\u00edt\u00e1s az M1-en?<\/figcaption><\/figure>\n<\/div>\n\n\n<p class=\"wp-block-paragraph\">J\u00fcrgen Seitz a k\u00f6vetkez\u0151 helyr\u0151l <a href=\"http:\/\/blog.proofs.de\/hu\/lexikon\/gmg\/\" target=\"_self\" title=\"A GMG Color egy t\u00fcbingeni sz\u00e9khely\u0171 v\u00e1llalat, amely sz\u00ednkezel\u0151 szoftverek fejleszt\u00e9s\u00e9vel szerzett mag\u00e1nak nevet. A GMG Color t\u00f6bb mint 25 \u00e9ve sz\u00e1mos term\u00e9ket fejleszt kereskedelmi felhaszn\u00e1l\u00f3k sz\u00e1m\u00e1ra, a nyomtat\u00f3illeszt\u0151programokt\u00f3l kezdve a komplex proofing szoftverekig.\" class=\"encyclopedia\">GMG<\/a> m\u00e1r bemutatta ezt a kil\u00e1t\u00e1st a Fogra legut\u00f3bbi DPWG-\u00fcl\u00e9s\u00e9n Aschheimben, \u00e9s m\u00e1r bemutatott egy \u00faj FOGRA39-adatk\u00e9szletet az XRGA M1-ben megvitat\u00e1sra. Mi, a korrekt\u00far\u00e1z\u00e1si \u00e1gazatban ezut\u00e1n egy klasszikus FOGRA39 korrekt\u00far\u00e1t nyomtathatn\u00e1nk alacsony f\u00e9nyerej\u0171 korrekt\u00far\u00e1z\u00e1si pap\u00edrra, \u00e9s M1-gyel m\u00e9rhetn\u00e9nk (mint minden \u00faj szabv\u00e1nyt) - a legjobb eredm\u00e9nyekkel. Az els\u0151dleges c\u00e9l azonban itt nem annyira egy megl\u00e9v\u0151 nyomtat\u00e1si felt\u00e9tel friss\u00edt\u00e9se, hanem ink\u00e1bb egy cseresz\u00ednt\u00e9r j\u00f6v\u0151re val\u00f3 alkalmass\u00e1 t\u00e9tele. A profil nev\u00e9re vonatkoz\u00f3 javaslat a <a href=\"http:\/\/blog.proofs.de\/hu\/lexikon\/icc\/\" target=\"_self\" title=\"A Nemzetk\u00f6zi Sz\u00ednkonzorcium, r\u00f6viden ICC, a sz\u00ednprofilok szabv\u00e1nyos\u00edt\u00e1s\u00e1\u00e9rt felel\u0151s nemzetk\u00f6zi bizotts\u00e1g.&nbsp;\" class=\"encyclopedia\">ICC<\/a> Profil a <a href=\"http:\/\/blog.proofs.de\/hu\/lexikon\/eci\/\" target=\"_self\" title=\"Az ECI - az Eur\u00f3pai Sz\u00ednkezel\u00e9si Kezdem\u00e9nyez\u00e9s egy olyan szak\u00e9rt\u0151i csoport, amely a sz\u00ednes adatoknak a kiadv\u00e1nyrendszerekben t\u00f6rt\u00e9n\u0151 feldolgoz\u00e1s\u00e1val foglalkozik.\" class=\"encyclopedia\">ECI<\/a>ISOCoated_v2_M1.icc.<\/p>\n\n\n\n<h2 class=\"wp-block-heading\">Mi sz\u00f3l egy friss\u00edtett ISOCoatedV2 ellen?<\/h2>\n\n\n\n<p class=\"wp-block-paragraph translation-block\">A <a href=\"https:\/\/blog1.proofen.de\/es\/lexico-2\/gestion-del-color\/\" target=\"_self\" class=\"encyclopedia tooltipstered\">sz\u00ednkezel\u00e9s<\/a> szak\u00e9rt\u0151 <a href=\"https:\/\/www.colormanagement.de\" target=\"_blank\" rel=\"noopener\" title=\"\">Jan-Peter Homann<\/a> Berlinb\u0151l r\u00e1mutat: A felhaszn\u00e1l\u00f3k <a href=\"https:\/\/blog1.proofen.de\/es\/lexico-2\/utilice\/\" target=\"_self\" class=\"encyclopedia tooltipstered\">felhaszn\u00e1lj\u00e1k<\/a> a karakteriz\u00e1l\u00e1si adatokat a sz\u00e9tv\u00e1laszt\u00e1shoz, a proofol\u00e1shoz \u00e9s a nyomtat\u00e1si folyamat ellen\u0151rz\u00e9s\u00e9hez. Egy \u00faj jellemz\u00e9si adatk\u00e9szlet azonban nem lenne alkalmas a nyomtat\u00e1si folyamat ellen\u0151rz\u00e9s\u00e9re az M1-gyel val\u00f3 feh\u00e9r pont miatt. A klasszikus ISOCoatedV2 FOGRA39 adatk\u00e9szlett\u0151l val\u00f3 apr\u00f3, de m\u00e9gis megl\u00e9v\u0151 elt\u00e9r\u00e9sek elbizonytalan\u00edthatj\u00e1k a felhaszn\u00e1l\u00f3kat, \u00e9s bonyolultabb\u00e1 tehetik a kommunik\u00e1ci\u00f3t az el\u0151-, a proof \u00e9s a nyomtat\u00e1s k\u00f6z\u00f6tt, valamint f\u00e9lre\u00e9rt\u00e9seket okozhatnak. Jan-Peter Homann ez\u00e9rt att\u00f3l tart, hogy egy friss\u00edtett ISOCoatedV2-t a piac figyelmen k\u00edv\u00fcl hagyna.<\/p>\n\n\n\n<p class=\"wp-block-paragraph\"><\/p>\n\n\n\n<p class=\"wp-block-paragraph\"><\/p>\n\n\n\n<p class=\"wp-block-paragraph\"><\/p>\n\n\n\n<p class=\"wp-block-paragraph\"><\/p>\n\n\n\n<p class=\"wp-block-paragraph\"><\/p>","protected":false},"excerpt":{"rendered":"<p>M\u00e9g k\u00f6zel 9 \u00e9vvel az PSOCoatedV3 ut\u00f3d sz\u00ednt\u00e9r bevezet\u00e9se ut\u00e1n is az ISOCoatedV2 \/ FOGRA39 a legelterjedtebb sz\u00ednt\u00e9r Eur\u00f3p\u00e1ban. Mi az Proof GmbH-n\u00e9l id\u0151r\u0151l id\u0151re mintegy 200 munk\u00e1t sz\u00e1molunk, t\u00f6bbek k\u00f6z\u00f6tt a N\u00e9met Nyomdaipari \u00e9s M\u00e9diaipari Sz\u00f6vets\u00e9g sz\u00e1m\u00e1ra. A legut\u00f3bbi sz\u00e1ml\u00e1l\u00e1skor az ISOCoatedV2-ben k\u00e9sz\u00fclt pr\u00f3banyomatok a v\u00e1llalatunkn\u00e1l v\u00e9gzett \u00f6sszes pr\u00f3banyomatb\u00f3l mintegy 68%-t tettek ki. Ez egy\u00e9rtelm\u0171en jelzi a sz\u00ednt\u00e9r folyamatos, sz\u00e9les k\u00f6r\u0171 haszn\u00e1lat\u00e1t. ISOCoatedV2: A klasszikus sz\u00ednt\u00e9rb\u0151l az ipar\u00e1g jelz\u0151f\u00e9nye Az ofszetnyomtat\u00e1shoz k\u00e9pnyom\u00f3pap\u00edrra nyomtatott proofok mellett sz\u00e1mos m\u00e1s alkalmaz\u00e1s is l\u00e9tezik a ... <\/p>\n<p class=\"read-more-container\"><a title=\"Az ISOCoatedV2 \u00faj kiad\u00e1sa az M1-ben a l\u00e1that\u00e1ron?\" class=\"read-more button\" href=\"http:\/\/blog.proofs.de\/hu\/neuauflage-von-isocoatedv2-in-m1-in-sicht\/#more-5629\" aria-label=\"Tov\u00e1bbi inform\u00e1ci\u00f3 err\u0151l: Az ISOCoatedV2 \u00faj kiad\u00e1sa az M1-en l\u00e1that\u00f3?\">B\u0151vebben<\/a><\/p>","protected":false},"author":2,"featured_media":5636,"comment_status":"open","ping_status":"open","sticky":false,"template":"","format":"standard","meta":{"om_disable_all_campaigns":false,"inline_featured_image":false,"_monsterinsights_skip_tracking":false,"footnotes":""},"categories":[1,435,25,442],"tags":[1371,522,122,46,562,423,484],"class_list":["post-5629","post","type-post","status-publish","format-standard","has-post-thumbnail","hentry","category-allgemein","category-farbraeume-und-farbprofile","category-licht-und-normlicht","category-prozessstandard-offsetdruck-proof-wissen","tag-cms2024","tag-fogra","tag-fogra39","tag-iso36642009","tag-isocoatedv2","tag-m1","tag-psocoatedv3","generate-columns","tablet-grid-50","mobile-grid-100","grid-parent","grid-50","no-featured-image-padding","resize-featured-image"],"aioseo_notices":[],"aioseo_head":"\n\t\t<!-- All in One SEO 5.0.1.1 - aioseo.com -->\n\t<meta name=\"description\" content=\"Ist nach fast 18 Jahren ISOCoatedV2 eine aktualisierte Neuauflage in Sicht? Was sind die Vorteile eines modernen Austauschfarbraums FOGRA39 \/ ISOCoatedV2_M1.\" \/>\n\t<meta name=\"robots\" content=\"max-image-preview:large\" \/>\n\t<meta name=\"author\" content=\"Matthias Betz\"\/>\n\t<meta name=\"google-site-verification\" content=\"TuXxyRwxcEg2-WfOaQ8vScWQh3-uBAnxXmY7g3GT90A\" \/>\n\t<meta name=\"keywords\" content=\"cms2024,fogra,fogra39,iso3664:2009,isocoatedv2,m1,psocoatedv3\" \/>\n\t<link rel=\"canonical\" href=\"http:\/\/blog.proofs.de\/hu\/neuauflage-von-isocoatedv2-in-m1-in-sicht\/\" \/>\n\t<meta name=\"generator\" content=\"All in One SEO (AIOSEO) 5.0.1.1\" \/>\n\n\t\t<meta name=\"seobility\" content=\"593a8578143db71543f014978c690d47\">\n\t\t<meta property=\"og:locale\" content=\"hu_HU\" \/>\n\t\t<meta property=\"og:site_name\" content=\"Proof.de | Alles zu Proof, Farbmanagement, Grafik, Messtechnik &amp; Co.\" \/>\n\t\t<meta property=\"og:type\" content=\"article\" \/>\n\t\t<meta property=\"og:title\" content=\"Neuauflage von ISOCoatedV2 in M1 geplant | proof.de\" \/>\n\t\t<meta property=\"og:description\" content=\"Ist nach fast 18 Jahren ISOCoatedV2 eine aktualisierte Neuauflage in Sicht? Was sind die Vorteile eines modernen Austauschfarbraums FOGRA39 \/ ISOCoatedV2_M1.\" \/>\n\t\t<meta property=\"og:url\" content=\"http:\/\/blog.proofs.de\/hu\/neuauflage-von-isocoatedv2-in-m1-in-sicht\/\" \/>\n\t\t<meta property=\"og:image\" content=\"http:\/\/blog.proofs.de\/wp-content\/uploads\/2024\/03\/proof_de_ISOCoatedV2_M1-scaled.jpg\" \/>\n\t\t<meta property=\"og:image:width\" content=\"2560\" \/>\n\t\t<meta property=\"og:image:height\" content=\"1920\" \/>\n\t\t<meta property=\"article:published_time\" content=\"2024-03-11T22:51:19+00:00\" \/>\n\t\t<meta property=\"article:modified_time\" content=\"2024-04-09T13:50:35+00:00\" \/>\n\t\t<meta property=\"article:publisher\" content=\"https:\/\/www.facebook.com\/Proof.de\/\" \/>\n\t\t<meta name=\"twitter:card\" content=\"summary\" \/>\n\t\t<meta name=\"twitter:title\" content=\"Neuauflage von ISOCoatedV2 in M1 geplant | proof.de\" \/>\n\t\t<meta name=\"twitter:description\" content=\"Ist nach fast 18 Jahren ISOCoatedV2 eine aktualisierte Neuauflage in Sicht? Was sind die Vorteile eines modernen Austauschfarbraums FOGRA39 \/ ISOCoatedV2_M1.\" \/>\n\t\t<meta name=\"twitter:image\" content=\"https:\/\/blog.proofs.de\/wp-content\/uploads\/2024\/03\/proof_de_ISOCoatedV2_M1-scaled.jpg\" \/>\n\t\t<script type=\"application\/ld+json\" class=\"aioseo-schema\">\n\t\t\t{\"@context\":\"https:\\\/\\\/schema.org\",\"@graph\":[{\"@type\":\"Article\",\"@id\":\"http:\\\/\\\/blog.proofs.de\\\/hu\\\/neuauflage-von-isocoatedv2-in-m1-in-sicht\\\/#article\",\"name\":\"Neuauflage von ISOCoatedV2 in M1 geplant | proof.de\",\"headline\":\"Neuauflage von ISOCoatedV2 in M1 in Sicht?\",\"author\":{\"@id\":\"http:\\\/\\\/blog.proofs.de\\\/hu\\\/author\\\/mbetz\\\/#author\"},\"publisher\":{\"@id\":\"http:\\\/\\\/blog.proofs.de\\\/hu\\\/#organization\"},\"image\":{\"@type\":\"ImageObject\",\"url\":\"https:\\\/\\\/blog.proofs.de\\\/wp-content\\\/uploads\\\/2024\\\/03\\\/proof_de_ISOCoatedV2_M1-scaled.jpg\",\"width\":2560,\"height\":1920,\"caption\":\"proof.de ISOCoatedV2 \\\/ FOGRA39 Relaunch in M1?\"},\"datePublished\":\"2024-03-11T23:51:19+01:00\",\"dateModified\":\"2024-04-09T15:50:35+02:00\",\"inLanguage\":\"hu-HU\",\"mainEntityOfPage\":{\"@id\":\"http:\\\/\\\/blog.proofs.de\\\/hu\\\/neuauflage-von-isocoatedv2-in-m1-in-sicht\\\/#webpage\"},\"isPartOf\":{\"@id\":\"http:\\\/\\\/blog.proofs.de\\\/hu\\\/neuauflage-von-isocoatedv2-in-m1-in-sicht\\\/#webpage\"},\"articleSection\":\"Allgemein, Farbr\\u00e4ume und Farbprofile, Licht und Normlicht, Prozessstandard Offsetdruck, CMS2024, Fogra, Fogra39, ISO3664:2009, ISOCoatedV2, M1, PSOcoatedV3\"},{\"@type\":\"BreadcrumbList\",\"@id\":\"http:\\\/\\\/blog.proofs.de\\\/hu\\\/neuauflage-von-isocoatedv2-in-m1-in-sicht\\\/#breadcrumblist\",\"itemListElement\":[{\"@type\":\"ListItem\",\"@id\":\"http:\\\/\\\/blog.proofs.de\\\/hu#listItem\",\"position\":1,\"name\":\"Home\",\"item\":\"http:\\\/\\\/blog.proofs.de\\\/hu\",\"nextItem\":{\"@type\":\"ListItem\",\"@id\":\"http:\\\/\\\/blog.proofs.de\\\/hu\\\/thema\\\/proof-wissen\\\/#listItem\",\"name\":\"Proof Wissen\"}},{\"@type\":\"ListItem\",\"@id\":\"http:\\\/\\\/blog.proofs.de\\\/hu\\\/thema\\\/proof-wissen\\\/#listItem\",\"position\":2,\"name\":\"Proof Wissen\",\"item\":\"http:\\\/\\\/blog.proofs.de\\\/hu\\\/thema\\\/proof-wissen\\\/\",\"nextItem\":{\"@type\":\"ListItem\",\"@id\":\"http:\\\/\\\/blog.proofs.de\\\/hu\\\/thema\\\/proof-wissen\\\/licht-und-normlicht\\\/#listItem\",\"name\":\"Licht und Normlicht\"},\"previousItem\":{\"@type\":\"ListItem\",\"@id\":\"http:\\\/\\\/blog.proofs.de\\\/hu#listItem\",\"name\":\"Home\"}},{\"@type\":\"ListItem\",\"@id\":\"http:\\\/\\\/blog.proofs.de\\\/hu\\\/thema\\\/proof-wissen\\\/licht-und-normlicht\\\/#listItem\",\"position\":3,\"name\":\"Licht und Normlicht\",\"item\":\"http:\\\/\\\/blog.proofs.de\\\/hu\\\/thema\\\/proof-wissen\\\/licht-und-normlicht\\\/\",\"nextItem\":{\"@type\":\"ListItem\",\"@id\":\"http:\\\/\\\/blog.proofs.de\\\/hu\\\/neuauflage-von-isocoatedv2-in-m1-in-sicht\\\/#listItem\",\"name\":\"Neuauflage von ISOCoatedV2 in M1 in Sicht?\"},\"previousItem\":{\"@type\":\"ListItem\",\"@id\":\"http:\\\/\\\/blog.proofs.de\\\/hu\\\/thema\\\/proof-wissen\\\/#listItem\",\"name\":\"Proof Wissen\"}},{\"@type\":\"ListItem\",\"@id\":\"http:\\\/\\\/blog.proofs.de\\\/hu\\\/neuauflage-von-isocoatedv2-in-m1-in-sicht\\\/#listItem\",\"position\":4,\"name\":\"Neuauflage von ISOCoatedV2 in M1 in Sicht?\",\"previousItem\":{\"@type\":\"ListItem\",\"@id\":\"http:\\\/\\\/blog.proofs.de\\\/hu\\\/thema\\\/proof-wissen\\\/licht-und-normlicht\\\/#listItem\",\"name\":\"Licht und Normlicht\"}}]},{\"@type\":\"Organization\",\"@id\":\"http:\\\/\\\/blog.proofs.de\\\/hu\\\/#organization\",\"name\":\"Proof GmbH\",\"description\":\"Farbverbindlicher Proof, Farbproof, Digitalproof und Online-Proof.\",\"url\":\"http:\\\/\\\/blog.proofs.de\\\/hu\\\/\",\"telephone\":\"+4970717952740\",\"logo\":{\"@type\":\"ImageObject\",\"url\":\"https:\\\/\\\/blog1.proofen.de\\\/wp-content\\\/uploads\\\/2019\\\/09\\\/logo_proof_rgb_mit_balken_250px.png\",\"@id\":\"http:\\\/\\\/blog.proofs.de\\\/hu\\\/neuauflage-von-isocoatedv2-in-m1-in-sicht\\\/#organizationLogo\"},\"image\":{\"@id\":\"http:\\\/\\\/blog.proofs.de\\\/hu\\\/neuauflage-von-isocoatedv2-in-m1-in-sicht\\\/#organizationLogo\"},\"sameAs\":[\"https:\\\/\\\/www.facebook.com\\\/Proof.de\\\/\",\"https:\\\/\\\/www.instagram.com\\\/proof.de\\\/\",\"https:\\\/\\\/www.tiktok.com\\\/@proof_de\",\"https:\\\/\\\/www.youtube.com\\\/channel\\\/UCk80fQVQ25wC9wu3SywB-Nw\",\"https:\\\/\\\/www.linkedin.com\\\/company\\\/proof-de\"]},{\"@type\":\"Person\",\"@id\":\"http:\\\/\\\/blog.proofs.de\\\/hu\\\/author\\\/mbetz\\\/#author\",\"url\":\"http:\\\/\\\/blog.proofs.de\\\/hu\\\/author\\\/mbetz\\\/\",\"name\":\"Matthias Betz\",\"image\":{\"@type\":\"ImageObject\",\"@id\":\"http:\\\/\\\/blog.proofs.de\\\/hu\\\/neuauflage-von-isocoatedv2-in-m1-in-sicht\\\/#authorImage\",\"url\":\"https:\\\/\\\/blog.proofs.de\\\/wp-content\\\/uploads\\\/2020\\\/10\\\/matthias-betz-e1603934518350-150x150.png\",\"width\":96,\"height\":96,\"caption\":\"Matthias Betz\"}},{\"@type\":\"WebPage\",\"@id\":\"http:\\\/\\\/blog.proofs.de\\\/hu\\\/neuauflage-von-isocoatedv2-in-m1-in-sicht\\\/#webpage\",\"url\":\"http:\\\/\\\/blog.proofs.de\\\/hu\\\/neuauflage-von-isocoatedv2-in-m1-in-sicht\\\/\",\"name\":\"Neuauflage von ISOCoatedV2 in M1 geplant | proof.de\",\"description\":\"Ist nach fast 18 Jahren ISOCoatedV2 eine aktualisierte Neuauflage in Sicht? Was sind die Vorteile eines modernen Austauschfarbraums FOGRA39 \\\/ ISOCoatedV2_M1.\",\"inLanguage\":\"hu-HU\",\"isPartOf\":{\"@id\":\"http:\\\/\\\/blog.proofs.de\\\/hu\\\/#website\"},\"breadcrumb\":{\"@id\":\"http:\\\/\\\/blog.proofs.de\\\/hu\\\/neuauflage-von-isocoatedv2-in-m1-in-sicht\\\/#breadcrumblist\"},\"author\":{\"@id\":\"http:\\\/\\\/blog.proofs.de\\\/hu\\\/author\\\/mbetz\\\/#author\"},\"creator\":{\"@id\":\"http:\\\/\\\/blog.proofs.de\\\/hu\\\/author\\\/mbetz\\\/#author\"},\"image\":{\"@type\":\"ImageObject\",\"url\":\"https:\\\/\\\/blog.proofs.de\\\/wp-content\\\/uploads\\\/2024\\\/03\\\/proof_de_ISOCoatedV2_M1-scaled.jpg\",\"@id\":\"http:\\\/\\\/blog.proofs.de\\\/hu\\\/neuauflage-von-isocoatedv2-in-m1-in-sicht\\\/#mainImage\",\"width\":2560,\"height\":1920,\"caption\":\"proof.de ISOCoatedV2 \\\/ FOGRA39 Relaunch in M1?\"},\"primaryImageOfPage\":{\"@id\":\"http:\\\/\\\/blog.proofs.de\\\/hu\\\/neuauflage-von-isocoatedv2-in-m1-in-sicht\\\/#mainImage\"},\"datePublished\":\"2024-03-11T23:51:19+01:00\",\"dateModified\":\"2024-04-09T15:50:35+02:00\"},{\"@type\":\"WebSite\",\"@id\":\"http:\\\/\\\/blog.proofs.de\\\/hu\\\/#website\",\"url\":\"http:\\\/\\\/blog.proofs.de\\\/hu\\\/\",\"name\":\"Proof.de\",\"description\":\"Farbverbindlicher Proof, Farbproof, Digitalproof und Online-Proof.\",\"inLanguage\":\"hu-HU\",\"publisher\":{\"@id\":\"http:\\\/\\\/blog.proofs.de\\\/hu\\\/#organization\"}}]}\n\t\t<\/script>\n\t\t<!-- All in One SEO -->\n\n","aioseo_head_json":{"title":"Az ISOCoatedV2 \u00faj kiad\u00e1s\u00e1t tervezik az M1-ben | proof.de","description":"Az ISOCoatedV2 majdnem 18 \u00e9v ut\u00e1n, vajon egy friss\u00edtett \u00faj kiad\u00e1s van kil\u00e1t\u00e1sban? Milyen el\u0151nyei vannak a modern FOGRA39 \/ ISOCoatedV2_M1 cseresz\u00ednt\u00e9rnek.","canonical_url":"http:\/\/blog.proofs.de\/hu\/neuauflage-von-isocoatedv2-in-m1-in-sicht\/","robots":"max-image-preview:large","keywords":"cms2024,fogra,fogra39,iso3664:2009,isocoatedv2,m1,psocoatedv3","webmasterTools":{"google-site-verification":"TuXxyRwxcEg2-WfOaQ8vScWQh3-uBAnxXmY7g3GT90A","miscellaneous":"&lt;meta name=\"seobility\" content=\"593a8578143db71543f014978c690d47\"&gt;"},"schema":{"@context":"https:\/\/schema.org","@graph":[{"@type":"Article","@id":"http:\/\/blog.proofs.de\/hu\/neuauflage-von-isocoatedv2-in-m1-in-sicht\/#article","name":"Neuauflage von ISOCoatedV2 in M1 geplant | proof.de","headline":"Neuauflage von ISOCoatedV2 in M1 in Sicht?","author":{"@id":"http:\/\/blog.proofs.de\/hu\/author\/mbetz\/#author"},"publisher":{"@id":"http:\/\/blog.proofs.de\/hu\/#organization"},"image":{"@type":"ImageObject","url":"https:\/\/blog.proofs.de\/wp-content\/uploads\/2024\/03\/proof_de_ISOCoatedV2_M1-scaled.jpg","width":2560,"height":1920,"caption":"proof.de ISOCoatedV2 \/ FOGRA39 Relaunch in M1?"},"datePublished":"2024-03-11T23:51:19+01:00","dateModified":"2024-04-09T15:50:35+02:00","inLanguage":"hu-HU","mainEntityOfPage":{"@id":"http:\/\/blog.proofs.de\/hu\/neuauflage-von-isocoatedv2-in-m1-in-sicht\/#webpage"},"isPartOf":{"@id":"http:\/\/blog.proofs.de\/hu\/neuauflage-von-isocoatedv2-in-m1-in-sicht\/#webpage"},"articleSection":"Allgemein, Farbr\u00e4ume und Farbprofile, Licht und Normlicht, Prozessstandard Offsetdruck, CMS2024, Fogra, Fogra39, ISO3664:2009, ISOCoatedV2, M1, PSOcoatedV3"},{"@type":"BreadcrumbList","@id":"http:\/\/blog.proofs.de\/hu\/neuauflage-von-isocoatedv2-in-m1-in-sicht\/#breadcrumblist","itemListElement":[{"@type":"ListItem","@id":"http:\/\/blog.proofs.de\/hu#listItem","position":1,"name":"Home","item":"http:\/\/blog.proofs.de\/hu","nextItem":{"@type":"ListItem","@id":"http:\/\/blog.proofs.de\/hu\/thema\/proof-wissen\/#listItem","name":"Proof Wissen"}},{"@type":"ListItem","@id":"http:\/\/blog.proofs.de\/hu\/thema\/proof-wissen\/#listItem","position":2,"name":"Proof Wissen","item":"http:\/\/blog.proofs.de\/hu\/thema\/proof-wissen\/","nextItem":{"@type":"ListItem","@id":"http:\/\/blog.proofs.de\/hu\/thema\/proof-wissen\/licht-und-normlicht\/#listItem","name":"Licht und Normlicht"},"previousItem":{"@type":"ListItem","@id":"http:\/\/blog.proofs.de\/hu#listItem","name":"Home"}},{"@type":"ListItem","@id":"http:\/\/blog.proofs.de\/hu\/thema\/proof-wissen\/licht-und-normlicht\/#listItem","position":3,"name":"Licht und Normlicht","item":"http:\/\/blog.proofs.de\/hu\/thema\/proof-wissen\/licht-und-normlicht\/","nextItem":{"@type":"ListItem","@id":"http:\/\/blog.proofs.de\/hu\/neuauflage-von-isocoatedv2-in-m1-in-sicht\/#listItem","name":"Neuauflage von ISOCoatedV2 in M1 in Sicht?"},"previousItem":{"@type":"ListItem","@id":"http:\/\/blog.proofs.de\/hu\/thema\/proof-wissen\/#listItem","name":"Proof Wissen"}},{"@type":"ListItem","@id":"http:\/\/blog.proofs.de\/hu\/neuauflage-von-isocoatedv2-in-m1-in-sicht\/#listItem","position":4,"name":"Neuauflage von ISOCoatedV2 in M1 in Sicht?","previousItem":{"@type":"ListItem","@id":"http:\/\/blog.proofs.de\/hu\/thema\/proof-wissen\/licht-und-normlicht\/#listItem","name":"Licht und Normlicht"}}]},{"@type":"Organization","@id":"http:\/\/blog.proofs.de\/hu\/#organization","name":"Proof GmbH","description":"Farbverbindlicher Proof, Farbproof, Digitalproof und Online-Proof.","url":"http:\/\/blog.proofs.de\/hu\/","telephone":"+4970717952740","logo":{"@type":"ImageObject","url":"https:\/\/blog1.proofen.de\/wp-content\/uploads\/2019\/09\/logo_proof_rgb_mit_balken_250px.png","@id":"http:\/\/blog.proofs.de\/hu\/neuauflage-von-isocoatedv2-in-m1-in-sicht\/#organizationLogo"},"image":{"@id":"http:\/\/blog.proofs.de\/hu\/neuauflage-von-isocoatedv2-in-m1-in-sicht\/#organizationLogo"},"sameAs":["https:\/\/www.facebook.com\/Proof.de\/","https:\/\/www.instagram.com\/proof.de\/","https:\/\/www.tiktok.com\/@proof_de","https:\/\/www.youtube.com\/channel\/UCk80fQVQ25wC9wu3SywB-Nw","https:\/\/www.linkedin.com\/company\/proof-de"]},{"@type":"Person","@id":"http:\/\/blog.proofs.de\/hu\/author\/mbetz\/#author","url":"http:\/\/blog.proofs.de\/hu\/author\/mbetz\/","name":"Matthias Betz","image":{"@type":"ImageObject","@id":"http:\/\/blog.proofs.de\/hu\/neuauflage-von-isocoatedv2-in-m1-in-sicht\/#authorImage","url":"https:\/\/blog.proofs.de\/wp-content\/uploads\/2020\/10\/matthias-betz-e1603934518350-150x150.png","width":96,"height":96,"caption":"Matthias Betz"}},{"@type":"WebPage","@id":"http:\/\/blog.proofs.de\/hu\/neuauflage-von-isocoatedv2-in-m1-in-sicht\/#webpage","url":"http:\/\/blog.proofs.de\/hu\/neuauflage-von-isocoatedv2-in-m1-in-sicht\/","name":"Neuauflage von ISOCoatedV2 in M1 geplant | proof.de","description":"Ist nach fast 18 Jahren ISOCoatedV2 eine aktualisierte Neuauflage in Sicht? Was sind die Vorteile eines modernen Austauschfarbraums FOGRA39 \/ ISOCoatedV2_M1.","inLanguage":"hu-HU","isPartOf":{"@id":"http:\/\/blog.proofs.de\/hu\/#website"},"breadcrumb":{"@id":"http:\/\/blog.proofs.de\/hu\/neuauflage-von-isocoatedv2-in-m1-in-sicht\/#breadcrumblist"},"author":{"@id":"http:\/\/blog.proofs.de\/hu\/author\/mbetz\/#author"},"creator":{"@id":"http:\/\/blog.proofs.de\/hu\/author\/mbetz\/#author"},"image":{"@type":"ImageObject","url":"https:\/\/blog.proofs.de\/wp-content\/uploads\/2024\/03\/proof_de_ISOCoatedV2_M1-scaled.jpg","@id":"http:\/\/blog.proofs.de\/hu\/neuauflage-von-isocoatedv2-in-m1-in-sicht\/#mainImage","width":2560,"height":1920,"caption":"proof.de ISOCoatedV2 \/ FOGRA39 Relaunch in M1?"},"primaryImageOfPage":{"@id":"http:\/\/blog.proofs.de\/hu\/neuauflage-von-isocoatedv2-in-m1-in-sicht\/#mainImage"},"datePublished":"2024-03-11T23:51:19+01:00","dateModified":"2024-04-09T15:50:35+02:00"},{"@type":"WebSite","@id":"http:\/\/blog.proofs.de\/hu\/#website","url":"http:\/\/blog.proofs.de\/hu\/","name":"Proof.de","description":"Farbverbindlicher Proof, Farbproof, Digitalproof und Online-Proof.","inLanguage":"hu-HU","publisher":{"@id":"http:\/\/blog.proofs.de\/hu\/#organization"}}]},"og:locale":"hu_HU","og:site_name":"Proof.de | Alles zu Proof, Farbmanagement, Grafik, Messtechnik &amp; Co.","og:type":"article","og:title":"Neuauflage von ISOCoatedV2 in M1 geplant | proof.de","og:description":"Ist nach fast 18 Jahren ISOCoatedV2 eine aktualisierte Neuauflage in Sicht? Was sind die Vorteile eines modernen Austauschfarbraums FOGRA39 \/ ISOCoatedV2_M1.","og:url":"http:\/\/blog.proofs.de\/hu\/neuauflage-von-isocoatedv2-in-m1-in-sicht\/","og:image":"http:\/\/blog.proofs.de\/wp-content\/uploads\/2024\/03\/proof_de_ISOCoatedV2_M1-scaled.jpg","og:image:width":2560,"og:image:height":1920,"article:published_time":"2024-03-11T22:51:19+00:00","article:modified_time":"2024-04-09T13:50:35+00:00","article:publisher":"https:\/\/www.facebook.com\/Proof.de\/","twitter:card":"summary","twitter:title":"Neuauflage von ISOCoatedV2 in M1 geplant | proof.de","twitter:description":"Ist nach fast 18 Jahren ISOCoatedV2 eine aktualisierte Neuauflage in Sicht? Was sind die Vorteile eines modernen Austauschfarbraums FOGRA39 \/ ISOCoatedV2_M1.","twitter:image":"https:\/\/blog.proofs.de\/wp-content\/uploads\/2024\/03\/proof_de_ISOCoatedV2_M1-scaled.jpg"},"aioseo_meta_data":{"post_id":"5629","title":"Az ISOCoatedV2 \u00faj kiad\u00e1s\u00e1t tervezik az M1-ben | proof.de","description":"Az ISOCoatedV2 majdnem 18 \u00e9v ut\u00e1n, vajon egy friss\u00edtett \u00faj kiad\u00e1s van kil\u00e1t\u00e1sban? Milyen el\u0151nyei vannak a modern FOGRA39 \/ ISOCoatedV2_M1 cseresz\u00ednt\u00e9rnek.","keywords":[],"keyphrases":{"focus":{"keyphrase":"ISOCotedV2","score":37,"analysis":{"keyphraseInTitle":{"score":3,"maxScore":9,"error":1},"keyphraseInDescription":{"score":3,"maxScore":9,"error":1},"keyphraseLength":{"score":9,"maxScore":9,"error":0,"length":1},"keyphraseInURL":{"score":1,"maxScore":5,"error":1},"keyphraseInIntroduction":{"score":3,"maxScore":9,"error":1},"keyphraseInSubHeadings":{"score":3,"maxScore":9,"error":1},"keyphraseInImageAlt":{"score":3,"maxScore":9,"error":1},"keywordDensity":{"score":0,"type":"low","maxScore":9,"error":1}}},"additional":[]},"primary_term":null,"canonical_url":null,"og_title":null,"og_description":null,"og_object_type":"default","og_image_type":"default","og_image_url":null,"og_image_width":null,"og_image_height":null,"og_image_custom_url":null,"og_image_custom_fields":null,"og_video":"","og_custom_url":null,"og_article_section":null,"og_article_tags":[],"twitter_use_og":true,"twitter_card":"default","twitter_image_type":"default","twitter_image_url":null,"twitter_image_custom_url":null,"twitter_image_custom_fields":null,"twitter_title":null,"twitter_description":null,"schema":{"blockGraphs":[],"customGraphs":[],"default":{"data":{"Article":[],"Course":[],"Dataset":[],"FAQPage":[],"Movie":[],"Person":[],"Product":[],"ProductReview":[],"Car":[],"Recipe":[],"Service":[],"SoftwareApplication":[],"WebPage":[]},"graphName":"Article","isEnabled":true},"graphs":[]},"schema_type":"default","schema_type_options":null,"pillar_content":false,"robots_default":true,"robots_noindex":false,"robots_noarchive":false,"robots_nosnippet":false,"robots_nofollow":false,"robots_noimageindex":false,"robots_noodp":false,"robots_notranslate":false,"robots_max_snippet":"-1","robots_max_videopreview":"-1","robots_max_imagepreview":"large","priority":null,"frequency":"default","local_seo":null,"breadcrumb_settings":null,"limit_modified_date":false,"ai":null,"created":"2024-03-10 18:28:40","updated":"2025-06-04 14:29:05","seo_analyzer_scan_date":null,"focus_keyword":"ISOCotedV2","additional_keywords":null,"truseo_locale":null},"_links":{"self":[{"href":"http:\/\/blog.proofs.de\/hu\/wp-json\/wp\/v2\/posts\/5629","targetHints":{"allow":["GET"]}}],"collection":[{"href":"http:\/\/blog.proofs.de\/hu\/wp-json\/wp\/v2\/posts"}],"about":[{"href":"http:\/\/blog.proofs.de\/hu\/wp-json\/wp\/v2\/types\/post"}],"author":[{"embeddable":true,"href":"http:\/\/blog.proofs.de\/hu\/wp-json\/wp\/v2\/users\/2"}],"replies":[{"embeddable":true,"href":"http:\/\/blog.proofs.de\/hu\/wp-json\/wp\/v2\/comments?post=5629"}],"version-history":[{"count":8,"href":"http:\/\/blog.proofs.de\/hu\/wp-json\/wp\/v2\/posts\/5629\/revisions"}],"predecessor-version":[{"id":5718,"href":"http:\/\/blog.proofs.de\/hu\/wp-json\/wp\/v2\/posts\/5629\/revisions\/5718"}],"wp:featuredmedia":[{"embeddable":true,"href":"http:\/\/blog.proofs.de\/hu\/wp-json\/wp\/v2\/media\/5636"}],"wp:attachment":[{"href":"http:\/\/blog.proofs.de\/hu\/wp-json\/wp\/v2\/media?parent=5629"}],"wp:term":[{"taxonomy":"category","embeddable":true,"href":"http:\/\/blog.proofs.de\/hu\/wp-json\/wp\/v2\/categories?post=5629"},{"taxonomy":"post_tag","embeddable":true,"href":"http:\/\/blog.proofs.de\/hu\/wp-json\/wp\/v2\/tags?post=5629"}],"curies":[{"name":"wp","href":"https:\/\/api.w.org\/{rel}","templated":true}]}}