{"id":4991,"date":"2022-08-05T01:56:05","date_gmt":"2022-08-04T23:56:05","guid":{"rendered":"https:\/\/www.proof.de\/?p=4991"},"modified":"2022-08-05T01:59:08","modified_gmt":"2022-08-04T23:59:08","slug":"digitale-primo-significa-spesso-problemi-di-colore-secondo","status":"publish","type":"post","link":"http:\/\/blog.proofs.de\/it\/digital-first-heisst-oft-farbprobleme-second\/","title":{"rendered":"\"Digital First\" spesso significa \"Problemi di colore in secondo luogo!\"."},"content":{"rendered":"<div class=\"kk-star-ratings kksr-auto kksr-align-right kksr-valign-top\" data-payload='{\"align\":\"right\",\"id\":\"4991\",\"slug\":\"default\",\"valign\":\"top\",\"ignore\":\"\",\"reference\":\"auto\",\"class\":\"\",\"count\":\"4\",\"legendonly\":\"\",\"readonly\":\"\",\"score\":\"4\",\"starsonly\":\"\",\"best\":\"5\",\"gap\":\"5\",\"greet\":\"Jetzt bewerten\",\"legend\":\"4\\\/5 - (4 votes)\",\"size\":\"24\",\"title\":\"\\u0026quot;Digital First\\u0026quot; hei&szlig;t oft: \\u0026quot;Farbprobleme Second!\\u0026quot;\",\"width\":\"113.5\",\"_legend\":\"{score}\\\/{best} - ({count} {votes})\",\"font_factor\":\"1.25\"}'>\n            \n<div class=\"kksr-stars\">\n    \n<div class=\"kksr-stars-inactive\">\n            <div class=\"kksr-star\" data-star=\"1\" style=\"padding-right: 5px\">\n            \n\n<div class=\"kksr-icon\" style=\"width: 24px; height: 24px;\"><\/div>\n        <\/div>\n            <div class=\"kksr-star\" data-star=\"2\" style=\"padding-right: 5px\">\n            \n\n<div class=\"kksr-icon\" style=\"width: 24px; height: 24px;\"><\/div>\n        <\/div>\n            <div class=\"kksr-star\" data-star=\"3\" style=\"padding-right: 5px\">\n            \n\n<div class=\"kksr-icon\" style=\"width: 24px; height: 24px;\"><\/div>\n        <\/div>\n            <div class=\"kksr-star\" data-star=\"4\" style=\"padding-right: 5px\">\n            \n\n<div class=\"kksr-icon\" style=\"width: 24px; height: 24px;\"><\/div>\n        <\/div>\n            <div class=\"kksr-star\" data-star=\"5\" style=\"padding-right: 5px\">\n            \n\n<div class=\"kksr-icon\" style=\"width: 24px; height: 24px;\"><\/div>\n        <\/div>\n    <\/div>\n    \n<div class=\"kksr-stars-active\" style=\"width: 113.5px;\">\n            <div class=\"kksr-star\" style=\"padding-right: 5px\">\n            \n\n<div class=\"kksr-icon\" style=\"width: 24px; height: 24px;\"><\/div>\n        <\/div>\n            <div class=\"kksr-star\" style=\"padding-right: 5px\">\n            \n\n<div class=\"kksr-icon\" style=\"width: 24px; height: 24px;\"><\/div>\n        <\/div>\n            <div class=\"kksr-star\" style=\"padding-right: 5px\">\n            \n\n<div class=\"kksr-icon\" style=\"width: 24px; height: 24px;\"><\/div>\n        <\/div>\n            <div class=\"kksr-star\" style=\"padding-right: 5px\">\n            \n\n<div class=\"kksr-icon\" style=\"width: 24px; height: 24px;\"><\/div>\n        <\/div>\n            <div class=\"kksr-star\" style=\"padding-right: 5px\">\n            \n\n<div class=\"kksr-icon\" style=\"width: 24px; height: 24px;\"><\/div>\n        <\/div>\n    <\/div>\n<\/div>\n                \n\n<div class=\"kksr-legend\" style=\"font-size: 19.2px;\">\n            4\/5 - (4 voti)    <\/div>\n    <\/div>\n\n<p class=\"wp-block-paragraph translation-block\">Ultimamente riceviamo con sempre maggiore frequenza richieste di consulenza <a href=\"https:\/\/blog1.proofen.de\/es\/lexico-2\/gestion-del-color\/\" target=\"_self\" class=\"enciclopedia tooltipstered\">per la gestione del colore<\/a>, dove i progetti \"digital first\" stanno raggiungendo i loro limiti: Vale a dire, quando la prima apparizione in una fiera, il primo rapporto annuale o il primo catalogo nella classica stampa online sono previsti dopo alcuni mesi o anni. Ed \u00e8 proprio in questo momento che tutti gli interessati si rendono conto di non sapere nemmeno come dovrebbe apparire in stampa la loro strategia del colore \"digital first\". Ma analizziamo il problema dall'inizio:<\/p>\n\n\n\n<h2 class=\"wp-block-heading\">Digital First = priorit\u00e0 assoluta per i media digitali online. Ma cosa succede quando arriva la pressione?<\/h2>\n\n\n\n<p class=\"wp-block-paragraph translation-block\">Anche per le grandi aziende globali e le piccole imprese, spesso si applica quanto segue ai design o alle riprogettazioni: sviluppiamo tutto prima per il digitale. Le agenzie creano quindi <a href=\"https:\/\/blog1.proofen.de\/es\/lexico-2\/diseno-corporativo\/\" target=\"_self\" class=\"enciclopedia tooltipstered\">design aziendali<\/a> per i nuovi <a href=\"https:\/\/blog1.proofen.de\/es\/lexico-2\/rgb\/\" target=\"_self\" class=\"enciclopedia tooltipstered\">mondi cromatici RGB<\/a>, spesso con colori dello schermo nitidi e saturi e forti tonalit\u00e0 pastello. E se i colori sono utilizzati per diversi prodotti o linee di comunicazione, viene creato, presentato e approvato un mondo dei colori aziendale completo con molti colori di corporate design in RGB, viene lanciato il portfolio di presentazione online e l'azienda viene presentata digitalmente sotto una nuova luce di corporate design.<\/p>\n\n\n\n<p class=\"wp-block-paragraph\">All'inizio tutto funziona bene, e tutti lo guardano sul proprio monitor e sono soddisfatti. Ma poi, dopo un anno, arrivano la prima fiera e la prima relazione annuale stampata. Va bene, pensano agenzia e cliente, prendiamo i nostri colori \"digital-first\" e li stampiamo in offset nella relazione annuale e in stampa digitale sulla parete della fiera e sui poster. Ma al pi\u00f9 tardi, quando la prima bozza di design esce dalla stampante laser e la tipografia ha stampato le prime pagine del catalogo, \u00e8 il momento di fare colazione con i postumi del colore. <\/p>\n\n\n\n<ul class=\"wp-block-list\"><li><strong>\"Oh merda, sembra completamente diverso da quello che vedo online sul mio monitor\".<\/strong><\/li><li><strong>\"Il blu \u00e8 un po' troppo viola ora, non \u00e8 vero? O il viola ora \u00e8 blu?<\/strong><\/li><li><strong>\"Sembrava diverso e migliore nella presentazione sul grande schermo della TV, vero?\".<\/strong><\/li><li class=\"translation-block\"><strong>\"L'ultramarino nitido \u00e8 piuttosto sbiadito e pallido sulla <a href=\"https:\/\/blog1.proofen.de\/es\/lexico-2\/papel-natural\/\" target=\"_self\" class=\"enciclopedia tooltipstered\">carta naturale<\/a>...\"<\/strong>.<\/li><li class=\"translation-block\"><strong>\"Idea: stampiamo con i colori <a href=\"https:\/\/blog1.proofen.de\/es\/lexico-2\/pantone\/\" target=\"_self\" class=\"enciclopedia tooltipstered\">PANTONE<\/a>, quindi diventa pi\u00f9 colorato. Ma quali? <\/strong>.<\/li><li><strong>\"Con Heiner, il ventaglio PANTONE si abbinava perfettamente allo schermo, ma con Ingrid no\".<\/strong><\/li><li class=\"translation-block\">\"<strong>E come, tre colori PANTONE e <a href=\"https:\/\/blog1.proofen.de\/es\/lexico-2\/cmyk\/\" target=\"_self\" class=\"enciclopedia tooltipstered\">CMYK<\/a> in stampa <\/strong><strong>costano<\/strong> <strong>molto di pi\u00f9?\"<\/strong>.<\/li><\/ul>\n\n\n\n<p class=\"wp-block-paragraph translation-block\">Al pi\u00f9 tardi a questo punto, tutte le persone coinvolte si rendono conto che le cose stanno diventando difficili e che hanno molto lavoro davanti a loro. Prendiamo un esempio concreto dal passato: Per oltre 10 toni di colore <a href=\"https:\/\/blog1.proofen.de\/es\/lexico-2\/srgb\/\" target=\"_self\" class=\"enciclopedia tooltipstered\">sRGB<\/a>, occorre trovare rapidamente gli equivalenti per <a href=\"https:\/\/blog1.proofen.de\/es\/lexico-2\/color-especial\/\" target=\"_self\" class=\"enciclopedia tooltipstered\">colori speciali<\/a>n e CMYK per la stampa di immagini e la carta non patinata. Qui sorgono questioni importanti:<\/p>\n\n\n\n<ul class=\"wp-block-list\"><li>Chi ha deciso il design del colore in base a quale visione un anno fa?<\/li><li>Hanno visto i colori sul monitor? Sul beamer? Sull'iPad? Sul televisore a grande schermo? Gli oggetti erano calibrati? <\/li><li>Deve stampare con PANTONE o CMYK o entrambi? Coated? Uncoated?<\/li><li>\"Il tipografo \u00e8 stato cos\u00ec gentile da scegliere un colore PANTONE per tutte le nostre tonalit\u00e0\".<\/li><li>Un colore PANTONE? Per Coated e Uncoated? Da cosa sono partiti? E come hanno determinato il colore PANTONE pi\u00f9 adatto? A occhio? Misurando? Calcolo?<\/li><\/ul>\n\n\n\n<h3 class=\"wp-block-heading\">Proof.de rende stampabili i mondi a colori \"digital first\".<\/h3>\n\n\n<div class=\"wp-block-image\">\n<figure class=\"alignright size-full\"><a href=\"https:\/\/blog1.proofen.de\/wp-content\/uploads\/2022\/07\/proof_de_PANTONE_CMYK.jpg\"><img loading=\"lazy\" decoding=\"async\" width=\"550\" height=\"550\" src=\"https:\/\/blog1.proofen.de\/wp-content\/uploads\/2022\/07\/proof_de_PANTONE_CMYK.jpg\" alt=\"\" class=\"wp-image-4997\" srcset=\"https:\/\/blog.proofs.de\/wp-content\/uploads\/2022\/07\/proof_de_PANTONE_CMYK.jpg 550w, https:\/\/blog.proofs.de\/wp-content\/uploads\/2022\/07\/proof_de_PANTONE_CMYK-300x300.jpg 300w, https:\/\/blog.proofs.de\/wp-content\/uploads\/2022\/07\/proof_de_PANTONE_CMYK-150x150.jpg 150w, https:\/\/blog.proofs.de\/wp-content\/uploads\/2022\/07\/proof_de_PANTONE_CMYK-80x80.jpg 80w, https:\/\/blog.proofs.de\/wp-content\/uploads\/2022\/07\/proof_de_PANTONE_CMYK-60x60.jpg 60w\" sizes=\"auto, (max-width: 550px) 100vw, 550px\"><\/a><\/figure>\n<\/div>\n\n\n<p class=\"wp-block-paragraph translation-block\">Siamo gi\u00e0 stati in grado di assistere molti clienti nel processo decisionale e nella conversione dei mondi colore online sRGB \"Digital First\" in colori stampabili. Questo non significa che siamo riusciti a trovare conversioni ottimali in CMYK o nelle tinte piatte PANTONE per tutti i colori online. Ma significa che siamo stati in grado di determinare buoni valori di conversione per tutti i colori e, in caso di forti deviazioni, siamo stati in grado di spiegare perch\u00e9 si sono verificate e in base a quali criteri abbiamo deciso la migliore delle conversioni scadenti. Quanto era lontano il colore originale \"Fuori da <a href=\"https:\/\/blog1.proofen.de\/es\/lexico-2\/gama\/\" target=\"_self\" class=\"enciclopedia tooltipstered\">Gamut<\/a>\"? \u00c8 meglio puntare alla massima colorazione possibile, o alla migliore luminosit\u00e0 equivalente, che forse \u00e8 meno colorata? Possiamo utilizzare lo stesso colore spot PANTONE per la stampa di immagini e per la carta non patinata, o dobbiamo utilizzare colori diversi per Coated e Uncoated?<\/p>\n\n\n\n<h3 class=\"wp-block-heading\">Per questi lavori di consulenza sul colore, non ci affidiamo a mumbo jumbo, ma alla misurazione, alla determinazione e al calcolo delle distanze cromatiche. <\/h3>\n\n\n\n<p class=\"wp-block-paragraph translation-block\">Spesso \u00e8 pi\u00f9 facile parlare di colori se si parla di misure piuttosto che di sensazioni. Spesso si pu\u00f2 utilizzare una matrice di colori per mostrare l'aspetto di una quantit\u00e0 maggiore o minore di ciano e magenta in una miscela di colori. Con un campione o un ventaglio come riferimento, i colori possono essere campionati pi\u00f9 facilmente ed \u00e8 pi\u00f9 facile capire dove si trovano i limiti di una conversione CMYK e di uno <a href=\"https:\/\/blog1.proofen.de\/es\/lexico-2\/espacio-cromatico\/\" target=\"_self\" class=\"enciclopedia tooltipstered\">spazio colore<\/a>.<\/p>\n\n\n<div class=\"wp-block-image\">\n<figure class=\"alignleft size-large\"><a href=\"https:\/\/blog1.proofen.de\/wp-content\/uploads\/2022\/07\/PANTONE_zu_CMYK_Optimierung_Farbmatrix_Magenta_Cyan_Proof_de.jpg\"><img loading=\"lazy\" decoding=\"async\" width=\"1004\" height=\"1024\" src=\"https:\/\/blog1.proofen.de\/wp-content\/uploads\/2022\/07\/PANTONE_zu_CMYK_Optimierung_Farbmatrix_Magenta_Cyan_Proof_de-1004x1024.jpg\" alt=\"Ottimizzazione da PANTONE a CMYK di Proof.de: matrice di colore per abbinare le stampe esistenti e i modelli di colore come i ventagli PANTONE o i riferimenti dipinti.\" class=\"wp-image-4994\" title=\"Ottimizzazione da PANTONE a CMYK di Proof.de\" srcset=\"https:\/\/blog.proofs.de\/wp-content\/uploads\/2022\/07\/PANTONE_zu_CMYK_Optimierung_Farbmatrix_Magenta_Cyan_Proof_de-1004x1024.jpg 1004w, https:\/\/blog.proofs.de\/wp-content\/uploads\/2022\/07\/PANTONE_zu_CMYK_Optimierung_Farbmatrix_Magenta_Cyan_Proof_de-294x300.jpg 294w, https:\/\/blog.proofs.de\/wp-content\/uploads\/2022\/07\/PANTONE_zu_CMYK_Optimierung_Farbmatrix_Magenta_Cyan_Proof_de-768x783.jpg 768w, https:\/\/blog.proofs.de\/wp-content\/uploads\/2022\/07\/PANTONE_zu_CMYK_Optimierung_Farbmatrix_Magenta_Cyan_Proof_de-1506x1536.jpg 1506w, https:\/\/blog.proofs.de\/wp-content\/uploads\/2022\/07\/PANTONE_zu_CMYK_Optimierung_Farbmatrix_Magenta_Cyan_Proof_de-60x60.jpg 60w, https:\/\/blog.proofs.de\/wp-content\/uploads\/2022\/07\/PANTONE_zu_CMYK_Optimierung_Farbmatrix_Magenta_Cyan_Proof_de.jpg 1882w\" sizes=\"auto, (max-width: 1004px) 100vw, 1004px\"><\/a><\/figure>\n<\/div>\n\n\n<p class=\"wp-block-paragraph translation-block\">Alla fine, lavoriamo con il cliente per determinare la migliore implementazione del colore per la sua applicazione: se il layout \u00e8 scritto su un campo di colore sRGB colorato con scritte bianche, \u00e8 probabilmente pi\u00f9 utile utilizzare un valore di colore pi\u00f9 saturo e leggermente pi\u00f9 scuro, che aumenta il contrasto e la leggibilit\u00e0 delle scritte bianche sullo sfondo colorato. Se invece sta scrivendo in nero sulla superficie, spesso \u00e8 utile mantenere la luminosit\u00e0 vicina all'originale sRGB o PANTONE e fare a meno di una maggiore colorazione. D<a href=\"https:\/\/blog1.proofen.de\/es\/lexico-2\/efi\/\" target=\"_self\" class=\"enciclopedia tooltipstered\">efi<\/a>utilizziamo colori PANTONE diversi per Coated e Uncoated, oppure utilizziamo un solo colore per motivi di uniformit\u00e0 e facilit\u00e0 di comunicazione? E utilizziamo gli stessi valori CMYK per la stampa di immagini e per la carta non patinata per gli stessi motivi o per motivi diversi?<\/p>\n\n\n\n<h3 class=\"wp-block-heading\">Ha bisogno di una conversione da sRGB a CMYK? Ci contatti.<\/h3>\n\n\n\n<p class=\"wp-block-paragraph\">Se ha bisogno di una conversione dei colori RGB da disegni coproprati \"Digital First\" a CMYK, non esiti a contattarci in qualsiasi momento. La consiglieremo e la aiuteremo in modo trasparente e competente per ottenere la migliore soluzione possibile per lei e con lei.<\/p>","protected":false},"excerpt":{"rendered":"<p>Ultimamente, riceviamo sempre pi\u00f9 richieste di consulenza sulla gestione del colore, quando i progetti \"digital first\" stanno raggiungendo i loro limiti: Vale a dire, quando la prima apparizione in una fiera, il primo rapporto annuale o il primo catalogo nella classica stampa online sono previsti dopo alcuni mesi o anni. Ed \u00e8 proprio in questo momento che tutti gli interessati si rendono conto di non sapere nemmeno come dovrebbe apparire in stampa la loro strategia del colore \"digital first\". Ma affrontiamo il problema dall'inizio: digital first = priorit\u00e0 assoluta per i media digitali online. Ma cosa succede se arriva la stampa? Anche per le grandi aziende globali e le piccole ... <\/p>\n<p class=\"read-more-container\"><a title=\"&quot;Digital First&quot; spesso significa &quot;Problemi di colore in secondo luogo!&quot;.\" class=\"read-more button\" href=\"http:\/\/blog.proofs.de\/it\/digital-first-heisst-oft-farbprobleme-second\/#more-4991\" aria-label=\"Per saperne di pi\u00f9 su &quot;Digital First&quot; spesso significa: &quot;Problemi di colore in secondo luogo!&quot;.\">Leggi di pi\u00f9<\/a><\/p>","protected":false},"author":2,"featured_media":4994,"comment_status":"open","ping_status":"open","sticky":false,"template":"","format":"standard","meta":{"om_disable_all_campaigns":false,"inline_featured_image":false,"_monsterinsights_skip_tracking":false,"footnotes":""},"categories":[1,436],"tags":[1200,1328,690,1330,1332,526,541,549,1331],"class_list":["post-4991","post","type-post","status-publish","format-standard","has-post-thumbnail","hentry","category-allgemein","category-pantone-und-hks","tag-corporate-design","tag-digital-first","tag-farbmanagement","tag-farbmanagement-beratung","tag-farbmanagement-consulting","tag-pantone","tag-rgb","tag-srgb","tag-srgb-farben","generate-columns","tablet-grid-50","mobile-grid-100","grid-parent","grid-50","no-featured-image-padding","resize-featured-image"],"aioseo_notices":[],"aioseo_head":"\n\t\t<!-- All in One SEO 5.0.1.1 - aioseo.com -->\n\t<meta name=\"description\" content=\"Immer \u00f6fter erreichen uns in letzter Zeit Farbmanagement-Anfragen, bei denen &quot;Digital First&quot;-Designs an ihre Grenzen geraten. Hier k\u00f6nnen wir gezielt helfen.\" \/>\n\t<meta name=\"robots\" content=\"max-image-preview:large\" \/>\n\t<meta name=\"author\" content=\"Matthias Betz\"\/>\n\t<meta name=\"google-site-verification\" content=\"TuXxyRwxcEg2-WfOaQ8vScWQh3-uBAnxXmY7g3GT90A\" \/>\n\t<meta name=\"keywords\" content=\"corporate design,digital first,farbmanagement,farbmanagement beratung,farbmanagement consulting,pantone,rgb,srgb,srgb farben\" \/>\n\t<link rel=\"canonical\" href=\"http:\/\/blog.proofs.de\/it\/digital-first-heisst-oft-farbprobleme-second\/\" \/>\n\t<meta name=\"generator\" content=\"All in One SEO (AIOSEO) 5.0.1.1\" \/>\n\n\t\t<meta name=\"seobility\" content=\"593a8578143db71543f014978c690d47\">\n\t\t<meta property=\"og:locale\" content=\"it_IT\" \/>\n\t\t<meta property=\"og:site_name\" content=\"Proof.de | Alles zu Proof, Farbmanagement, Grafik, Messtechnik &amp; Co.\" \/>\n\t\t<meta property=\"og:type\" content=\"article\" \/>\n\t\t<meta property=\"og:title\" content=\"\u201eDigital First\u201c hei\u00dft oft: \u201eFarbprobleme Second!\u201c | proof.de\" \/>\n\t\t<meta property=\"og:description\" content=\"Immer \u00f6fter erreichen uns in letzter Zeit Farbmanagement-Anfragen, bei denen &quot;Digital First&quot;-Designs an ihre Grenzen geraten. Hier k\u00f6nnen wir gezielt helfen.\" \/>\n\t\t<meta property=\"og:url\" content=\"http:\/\/blog.proofs.de\/it\/digital-first-heisst-oft-farbprobleme-second\/\" \/>\n\t\t<meta property=\"og:image\" content=\"http:\/\/blog.proofs.de\/wp-content\/uploads\/2022\/07\/PANTONE_zu_CMYK_Optimierung_Farbmatrix_Magenta_Cyan_Proof_de.jpg\" \/>\n\t\t<meta property=\"og:image:width\" content=\"1882\" \/>\n\t\t<meta property=\"og:image:height\" content=\"1919\" \/>\n\t\t<meta property=\"article:published_time\" content=\"2022-08-04T23:56:05+00:00\" \/>\n\t\t<meta property=\"article:modified_time\" content=\"2022-08-04T23:59:08+00:00\" \/>\n\t\t<meta property=\"article:publisher\" content=\"https:\/\/www.facebook.com\/Proof.de\/\" \/>\n\t\t<meta name=\"twitter:card\" content=\"summary\" \/>\n\t\t<meta name=\"twitter:title\" content=\"\u201eDigital First\u201c hei\u00dft oft: \u201eFarbprobleme Second!\u201c | proof.de\" \/>\n\t\t<meta name=\"twitter:description\" content=\"Immer \u00f6fter erreichen uns in letzter Zeit Farbmanagement-Anfragen, bei denen &quot;Digital First&quot;-Designs an ihre Grenzen geraten. Hier k\u00f6nnen wir gezielt helfen.\" \/>\n\t\t<meta name=\"twitter:image\" content=\"https:\/\/blog.proofs.de\/wp-content\/uploads\/2022\/07\/PANTONE_zu_CMYK_Optimierung_Farbmatrix_Magenta_Cyan_Proof_de.jpg\" \/>\n\t\t<script type=\"application\/ld+json\" class=\"aioseo-schema\">\n\t\t\t{\"@context\":\"https:\\\/\\\/schema.org\",\"@graph\":[{\"@type\":\"Article\",\"@id\":\"http:\\\/\\\/blog.proofs.de\\\/it\\\/digital-first-heisst-oft-farbprobleme-second\\\/#article\",\"name\":\"\\u201eDigital First\\u201c hei\\u00dft oft: \\u201eFarbprobleme Second!\\u201c | proof.de\",\"headline\":\"&#8222;Digital First&#8220; hei\\u00dft oft: &#8222;Farbprobleme Second!&#8220;\",\"author\":{\"@id\":\"http:\\\/\\\/blog.proofs.de\\\/it\\\/author\\\/mbetz\\\/#author\"},\"publisher\":{\"@id\":\"http:\\\/\\\/blog.proofs.de\\\/it\\\/#organization\"},\"image\":{\"@type\":\"ImageObject\",\"url\":\"https:\\\/\\\/blog.proofs.de\\\/wp-content\\\/uploads\\\/2022\\\/07\\\/PANTONE_zu_CMYK_Optimierung_Farbmatrix_Magenta_Cyan_Proof_de.jpg\",\"width\":1882,\"height\":1919,\"caption\":\"PANTONE oder sRGB zu CMYK Optimierung\"},\"datePublished\":\"2022-08-05T01:56:05+02:00\",\"dateModified\":\"2022-08-05T01:59:08+02:00\",\"inLanguage\":\"it-IT\",\"commentCount\":2,\"mainEntityOfPage\":{\"@id\":\"http:\\\/\\\/blog.proofs.de\\\/it\\\/digital-first-heisst-oft-farbprobleme-second\\\/#webpage\"},\"isPartOf\":{\"@id\":\"http:\\\/\\\/blog.proofs.de\\\/it\\\/digital-first-heisst-oft-farbprobleme-second\\\/#webpage\"},\"articleSection\":\"Allgemein, Pantone und HKS, Corporate Design, Digital First, Farbmanagement, Farbmanagement Beratung, Farbmanagement Consulting, Pantone, RGB, sRGB, sRGB Farben\"},{\"@type\":\"BreadcrumbList\",\"@id\":\"http:\\\/\\\/blog.proofs.de\\\/it\\\/digital-first-heisst-oft-farbprobleme-second\\\/#breadcrumblist\",\"itemListElement\":[{\"@type\":\"ListItem\",\"@id\":\"http:\\\/\\\/blog.proofs.de\\\/it#listItem\",\"position\":1,\"name\":\"Home\",\"item\":\"http:\\\/\\\/blog.proofs.de\\\/it\",\"nextItem\":{\"@type\":\"ListItem\",\"@id\":\"http:\\\/\\\/blog.proofs.de\\\/it\\\/thema\\\/proof-wissen\\\/#listItem\",\"name\":\"Proof Wissen\"}},{\"@type\":\"ListItem\",\"@id\":\"http:\\\/\\\/blog.proofs.de\\\/it\\\/thema\\\/proof-wissen\\\/#listItem\",\"position\":2,\"name\":\"Proof Wissen\",\"item\":\"http:\\\/\\\/blog.proofs.de\\\/it\\\/thema\\\/proof-wissen\\\/\",\"nextItem\":{\"@type\":\"ListItem\",\"@id\":\"http:\\\/\\\/blog.proofs.de\\\/it\\\/thema\\\/proof-wissen\\\/pantone-und-hks\\\/#listItem\",\"name\":\"Pantone und HKS\"},\"previousItem\":{\"@type\":\"ListItem\",\"@id\":\"http:\\\/\\\/blog.proofs.de\\\/it#listItem\",\"name\":\"Home\"}},{\"@type\":\"ListItem\",\"@id\":\"http:\\\/\\\/blog.proofs.de\\\/it\\\/thema\\\/proof-wissen\\\/pantone-und-hks\\\/#listItem\",\"position\":3,\"name\":\"Pantone und HKS\",\"item\":\"http:\\\/\\\/blog.proofs.de\\\/it\\\/thema\\\/proof-wissen\\\/pantone-und-hks\\\/\",\"nextItem\":{\"@type\":\"ListItem\",\"@id\":\"http:\\\/\\\/blog.proofs.de\\\/it\\\/digital-first-heisst-oft-farbprobleme-second\\\/#listItem\",\"name\":\"&#8222;Digital First&#8220; hei\\u00dft oft: &#8222;Farbprobleme Second!&#8220;\"},\"previousItem\":{\"@type\":\"ListItem\",\"@id\":\"http:\\\/\\\/blog.proofs.de\\\/it\\\/thema\\\/proof-wissen\\\/#listItem\",\"name\":\"Proof Wissen\"}},{\"@type\":\"ListItem\",\"@id\":\"http:\\\/\\\/blog.proofs.de\\\/it\\\/digital-first-heisst-oft-farbprobleme-second\\\/#listItem\",\"position\":4,\"name\":\"&#8222;Digital First&#8220; hei\\u00dft oft: &#8222;Farbprobleme Second!&#8220;\",\"previousItem\":{\"@type\":\"ListItem\",\"@id\":\"http:\\\/\\\/blog.proofs.de\\\/it\\\/thema\\\/proof-wissen\\\/pantone-und-hks\\\/#listItem\",\"name\":\"Pantone und HKS\"}}]},{\"@type\":\"Organization\",\"@id\":\"http:\\\/\\\/blog.proofs.de\\\/it\\\/#organization\",\"name\":\"Proof GmbH\",\"description\":\"Farbverbindlicher Proof, Farbproof, Digitalproof und Online-Proof.\",\"url\":\"http:\\\/\\\/blog.proofs.de\\\/it\\\/\",\"telephone\":\"+4970717952740\",\"logo\":{\"@type\":\"ImageObject\",\"url\":\"https:\\\/\\\/blog1.proofen.de\\\/wp-content\\\/uploads\\\/2019\\\/09\\\/logo_proof_rgb_mit_balken_250px.png\",\"@id\":\"http:\\\/\\\/blog.proofs.de\\\/it\\\/digital-first-heisst-oft-farbprobleme-second\\\/#organizationLogo\"},\"image\":{\"@id\":\"http:\\\/\\\/blog.proofs.de\\\/it\\\/digital-first-heisst-oft-farbprobleme-second\\\/#organizationLogo\"},\"sameAs\":[\"https:\\\/\\\/www.facebook.com\\\/Proof.de\\\/\",\"https:\\\/\\\/www.instagram.com\\\/proof.de\\\/\",\"https:\\\/\\\/www.tiktok.com\\\/@proof_de\",\"https:\\\/\\\/www.youtube.com\\\/channel\\\/UCk80fQVQ25wC9wu3SywB-Nw\",\"https:\\\/\\\/www.linkedin.com\\\/company\\\/proof-de\"]},{\"@type\":\"Person\",\"@id\":\"http:\\\/\\\/blog.proofs.de\\\/it\\\/author\\\/mbetz\\\/#author\",\"url\":\"http:\\\/\\\/blog.proofs.de\\\/it\\\/author\\\/mbetz\\\/\",\"name\":\"Matthias Betz\",\"image\":{\"@type\":\"ImageObject\",\"@id\":\"http:\\\/\\\/blog.proofs.de\\\/it\\\/digital-first-heisst-oft-farbprobleme-second\\\/#authorImage\",\"url\":\"https:\\\/\\\/blog.proofs.de\\\/wp-content\\\/uploads\\\/2020\\\/10\\\/matthias-betz-e1603934518350-150x150.png\",\"width\":96,\"height\":96,\"caption\":\"Matthias Betz\"}},{\"@type\":\"WebPage\",\"@id\":\"http:\\\/\\\/blog.proofs.de\\\/it\\\/digital-first-heisst-oft-farbprobleme-second\\\/#webpage\",\"url\":\"http:\\\/\\\/blog.proofs.de\\\/it\\\/digital-first-heisst-oft-farbprobleme-second\\\/\",\"name\":\"\\u201eDigital First\\u201c hei\\u00dft oft: \\u201eFarbprobleme Second!\\u201c | proof.de\",\"description\":\"Immer \\u00f6fter erreichen uns in letzter Zeit Farbmanagement-Anfragen, bei denen \\\"Digital First\\\"-Designs an ihre Grenzen geraten. Hier k\\u00f6nnen wir gezielt helfen.\",\"inLanguage\":\"it-IT\",\"isPartOf\":{\"@id\":\"http:\\\/\\\/blog.proofs.de\\\/it\\\/#website\"},\"breadcrumb\":{\"@id\":\"http:\\\/\\\/blog.proofs.de\\\/it\\\/digital-first-heisst-oft-farbprobleme-second\\\/#breadcrumblist\"},\"author\":{\"@id\":\"http:\\\/\\\/blog.proofs.de\\\/it\\\/author\\\/mbetz\\\/#author\"},\"creator\":{\"@id\":\"http:\\\/\\\/blog.proofs.de\\\/it\\\/author\\\/mbetz\\\/#author\"},\"image\":{\"@type\":\"ImageObject\",\"url\":\"https:\\\/\\\/blog.proofs.de\\\/wp-content\\\/uploads\\\/2022\\\/07\\\/PANTONE_zu_CMYK_Optimierung_Farbmatrix_Magenta_Cyan_Proof_de.jpg\",\"@id\":\"http:\\\/\\\/blog.proofs.de\\\/it\\\/digital-first-heisst-oft-farbprobleme-second\\\/#mainImage\",\"width\":1882,\"height\":1919,\"caption\":\"PANTONE oder sRGB zu CMYK Optimierung\"},\"primaryImageOfPage\":{\"@id\":\"http:\\\/\\\/blog.proofs.de\\\/it\\\/digital-first-heisst-oft-farbprobleme-second\\\/#mainImage\"},\"datePublished\":\"2022-08-05T01:56:05+02:00\",\"dateModified\":\"2022-08-05T01:59:08+02:00\"},{\"@type\":\"WebSite\",\"@id\":\"http:\\\/\\\/blog.proofs.de\\\/it\\\/#website\",\"url\":\"http:\\\/\\\/blog.proofs.de\\\/it\\\/\",\"name\":\"Proof.de\",\"description\":\"Farbverbindlicher Proof, Farbproof, Digitalproof und Online-Proof.\",\"inLanguage\":\"it-IT\",\"publisher\":{\"@id\":\"http:\\\/\\\/blog.proofs.de\\\/it\\\/#organization\"}}]}\n\t\t<\/script>\n\t\t<!-- All in One SEO -->\n\n","aioseo_head_json":{"title":"\"Digital First\" spesso significa \"Problemi di colore in secondo luogo!\". | proof.de","description":"Di recente, abbiamo ricevuto sempre pi\u00f9 richieste di gestione del colore, dove i progetti \"digital first\" stanno raggiungendo i loro limiti. In questo caso possiamo fornire un aiuto mirato.","canonical_url":"http:\/\/blog.proofs.de\/it\/digital-first-heisst-oft-farbprobleme-second\/","robots":"max-image-preview:large","keywords":"corporate design,digital first,farbmanagement,farbmanagement beratung,farbmanagement consulting,pantone,rgb,srgb,srgb farben","webmasterTools":{"google-site-verification":"TuXxyRwxcEg2-WfOaQ8vScWQh3-uBAnxXmY7g3GT90A","miscellaneous":"&lt;meta name=\"seobility\" content=\"593a8578143db71543f014978c690d47\"&gt;"},"schema":{"@context":"https:\/\/schema.org","@graph":[{"@type":"Article","@id":"http:\/\/blog.proofs.de\/it\/digital-first-heisst-oft-farbprobleme-second\/#article","name":"\u201eDigital First\u201c hei\u00dft oft: \u201eFarbprobleme Second!\u201c | proof.de","headline":"&#8222;Digital First&#8220; hei\u00dft oft: &#8222;Farbprobleme Second!&#8220;","author":{"@id":"http:\/\/blog.proofs.de\/it\/author\/mbetz\/#author"},"publisher":{"@id":"http:\/\/blog.proofs.de\/it\/#organization"},"image":{"@type":"ImageObject","url":"https:\/\/blog.proofs.de\/wp-content\/uploads\/2022\/07\/PANTONE_zu_CMYK_Optimierung_Farbmatrix_Magenta_Cyan_Proof_de.jpg","width":1882,"height":1919,"caption":"PANTONE oder sRGB zu CMYK Optimierung"},"datePublished":"2022-08-05T01:56:05+02:00","dateModified":"2022-08-05T01:59:08+02:00","inLanguage":"it-IT","commentCount":2,"mainEntityOfPage":{"@id":"http:\/\/blog.proofs.de\/it\/digital-first-heisst-oft-farbprobleme-second\/#webpage"},"isPartOf":{"@id":"http:\/\/blog.proofs.de\/it\/digital-first-heisst-oft-farbprobleme-second\/#webpage"},"articleSection":"Allgemein, Pantone und HKS, Corporate Design, Digital First, Farbmanagement, Farbmanagement Beratung, Farbmanagement Consulting, Pantone, RGB, sRGB, sRGB Farben"},{"@type":"BreadcrumbList","@id":"http:\/\/blog.proofs.de\/it\/digital-first-heisst-oft-farbprobleme-second\/#breadcrumblist","itemListElement":[{"@type":"ListItem","@id":"http:\/\/blog.proofs.de\/it#listItem","position":1,"name":"Home","item":"http:\/\/blog.proofs.de\/it","nextItem":{"@type":"ListItem","@id":"http:\/\/blog.proofs.de\/it\/thema\/proof-wissen\/#listItem","name":"Proof Wissen"}},{"@type":"ListItem","@id":"http:\/\/blog.proofs.de\/it\/thema\/proof-wissen\/#listItem","position":2,"name":"Proof Wissen","item":"http:\/\/blog.proofs.de\/it\/thema\/proof-wissen\/","nextItem":{"@type":"ListItem","@id":"http:\/\/blog.proofs.de\/it\/thema\/proof-wissen\/pantone-und-hks\/#listItem","name":"Pantone und HKS"},"previousItem":{"@type":"ListItem","@id":"http:\/\/blog.proofs.de\/it#listItem","name":"Home"}},{"@type":"ListItem","@id":"http:\/\/blog.proofs.de\/it\/thema\/proof-wissen\/pantone-und-hks\/#listItem","position":3,"name":"Pantone und HKS","item":"http:\/\/blog.proofs.de\/it\/thema\/proof-wissen\/pantone-und-hks\/","nextItem":{"@type":"ListItem","@id":"http:\/\/blog.proofs.de\/it\/digital-first-heisst-oft-farbprobleme-second\/#listItem","name":"&#8222;Digital First&#8220; hei\u00dft oft: &#8222;Farbprobleme Second!&#8220;"},"previousItem":{"@type":"ListItem","@id":"http:\/\/blog.proofs.de\/it\/thema\/proof-wissen\/#listItem","name":"Proof Wissen"}},{"@type":"ListItem","@id":"http:\/\/blog.proofs.de\/it\/digital-first-heisst-oft-farbprobleme-second\/#listItem","position":4,"name":"&#8222;Digital First&#8220; hei\u00dft oft: &#8222;Farbprobleme Second!&#8220;","previousItem":{"@type":"ListItem","@id":"http:\/\/blog.proofs.de\/it\/thema\/proof-wissen\/pantone-und-hks\/#listItem","name":"Pantone und HKS"}}]},{"@type":"Organization","@id":"http:\/\/blog.proofs.de\/it\/#organization","name":"Proof GmbH","description":"Farbverbindlicher Proof, Farbproof, Digitalproof und Online-Proof.","url":"http:\/\/blog.proofs.de\/it\/","telephone":"+4970717952740","logo":{"@type":"ImageObject","url":"https:\/\/blog1.proofen.de\/wp-content\/uploads\/2019\/09\/logo_proof_rgb_mit_balken_250px.png","@id":"http:\/\/blog.proofs.de\/it\/digital-first-heisst-oft-farbprobleme-second\/#organizationLogo"},"image":{"@id":"http:\/\/blog.proofs.de\/it\/digital-first-heisst-oft-farbprobleme-second\/#organizationLogo"},"sameAs":["https:\/\/www.facebook.com\/Proof.de\/","https:\/\/www.instagram.com\/proof.de\/","https:\/\/www.tiktok.com\/@proof_de","https:\/\/www.youtube.com\/channel\/UCk80fQVQ25wC9wu3SywB-Nw","https:\/\/www.linkedin.com\/company\/proof-de"]},{"@type":"Person","@id":"http:\/\/blog.proofs.de\/it\/author\/mbetz\/#author","url":"http:\/\/blog.proofs.de\/it\/author\/mbetz\/","name":"Matthias Betz","image":{"@type":"ImageObject","@id":"http:\/\/blog.proofs.de\/it\/digital-first-heisst-oft-farbprobleme-second\/#authorImage","url":"https:\/\/blog.proofs.de\/wp-content\/uploads\/2020\/10\/matthias-betz-e1603934518350-150x150.png","width":96,"height":96,"caption":"Matthias Betz"}},{"@type":"WebPage","@id":"http:\/\/blog.proofs.de\/it\/digital-first-heisst-oft-farbprobleme-second\/#webpage","url":"http:\/\/blog.proofs.de\/it\/digital-first-heisst-oft-farbprobleme-second\/","name":"\u201eDigital First\u201c hei\u00dft oft: \u201eFarbprobleme Second!\u201c | proof.de","description":"Immer \u00f6fter erreichen uns in letzter Zeit Farbmanagement-Anfragen, bei denen \"Digital First\"-Designs an ihre Grenzen geraten. Hier k\u00f6nnen wir gezielt helfen.","inLanguage":"it-IT","isPartOf":{"@id":"http:\/\/blog.proofs.de\/it\/#website"},"breadcrumb":{"@id":"http:\/\/blog.proofs.de\/it\/digital-first-heisst-oft-farbprobleme-second\/#breadcrumblist"},"author":{"@id":"http:\/\/blog.proofs.de\/it\/author\/mbetz\/#author"},"creator":{"@id":"http:\/\/blog.proofs.de\/it\/author\/mbetz\/#author"},"image":{"@type":"ImageObject","url":"https:\/\/blog.proofs.de\/wp-content\/uploads\/2022\/07\/PANTONE_zu_CMYK_Optimierung_Farbmatrix_Magenta_Cyan_Proof_de.jpg","@id":"http:\/\/blog.proofs.de\/it\/digital-first-heisst-oft-farbprobleme-second\/#mainImage","width":1882,"height":1919,"caption":"PANTONE oder sRGB zu CMYK Optimierung"},"primaryImageOfPage":{"@id":"http:\/\/blog.proofs.de\/it\/digital-first-heisst-oft-farbprobleme-second\/#mainImage"},"datePublished":"2022-08-05T01:56:05+02:00","dateModified":"2022-08-05T01:59:08+02:00"},{"@type":"WebSite","@id":"http:\/\/blog.proofs.de\/it\/#website","url":"http:\/\/blog.proofs.de\/it\/","name":"Proof.de","description":"Farbverbindlicher Proof, Farbproof, Digitalproof und Online-Proof.","inLanguage":"it-IT","publisher":{"@id":"http:\/\/blog.proofs.de\/it\/#organization"}}]},"og:locale":"it_IT","og:site_name":"Proof.de | Alles zu Proof, Farbmanagement, Grafik, Messtechnik &amp; Co.","og:type":"article","og:title":"\u201eDigital First\u201c hei\u00dft oft: \u201eFarbprobleme Second!\u201c | proof.de","og:description":"Immer \u00f6fter erreichen uns in letzter Zeit Farbmanagement-Anfragen, bei denen &quot;Digital First&quot;-Designs an ihre Grenzen geraten. Hier k\u00f6nnen wir gezielt helfen.","og:url":"http:\/\/blog.proofs.de\/it\/digital-first-heisst-oft-farbprobleme-second\/","og:image":"http:\/\/blog.proofs.de\/wp-content\/uploads\/2022\/07\/PANTONE_zu_CMYK_Optimierung_Farbmatrix_Magenta_Cyan_Proof_de.jpg","og:image:width":1882,"og:image:height":1919,"article:published_time":"2022-08-04T23:56:05+00:00","article:modified_time":"2022-08-04T23:59:08+00:00","article:publisher":"https:\/\/www.facebook.com\/Proof.de\/","twitter:card":"summary","twitter:title":"\u201eDigital First\u201c hei\u00dft oft: \u201eFarbprobleme Second!\u201c | proof.de","twitter:description":"Immer \u00f6fter erreichen uns in letzter Zeit Farbmanagement-Anfragen, bei denen &quot;Digital First&quot;-Designs an ihre Grenzen geraten. Hier k\u00f6nnen wir gezielt helfen.","twitter:image":"https:\/\/blog.proofs.de\/wp-content\/uploads\/2022\/07\/PANTONE_zu_CMYK_Optimierung_Farbmatrix_Magenta_Cyan_Proof_de.jpg"},"aioseo_meta_data":{"post_id":"4991","title":null,"description":"Di recente, abbiamo ricevuto sempre pi\u00f9 richieste di gestione del colore, dove i progetti \"digital first\" stanno raggiungendo i loro limiti. In questo caso possiamo fornire un aiuto mirato.","keywords":[],"keyphrases":{"focus":{"keyphrase":"Digital First","score":90,"analysis":{"keyphraseInTitle":{"title":"Focus keyphrase in SEO title","description":"Focus keyphrase found in SEO title.","score":9,"maxScore":9,"error":0},"keyphraseInDescription":{"title":"Focus keyphrase in meta description","description":"Focus keyphrase found in meta description.","score":9,"maxScore":9,"error":0},"keyphraseLength":{"title":"Focus keyphrase length","description":"Good job!","score":9,"maxScore":9,"error":0,"length":2},"keyphraseInURL":{"title":"Focus keyphrase in URL","description":"Focus keyphrase used in the URL.","score":5,"maxScore":5,"error":0},"keyphraseInIntroduction":{"title":"Focus keyphrase in introduction","description":"Your Focus keyphrase appears in the first paragraph. Well done!","score":9,"maxScore":9,"error":0},"keyphraseInSubHeadings":{"title":"Focus keyphrase in Subheadings","description":"Your H2 and H3 subheadings reflects the topic of your copy. Good job!","score":9,"maxScore":9,"error":0},"keyphraseInImageAlt":{"title":"Focus keyphrase in image alt attributes","description":"Focus keyphrase not found in image alt attribute(s). Add an image with your Focus keyphrase as alt text.","score":3,"maxScore":9,"error":1}}},"additional":[]},"primary_term":null,"canonical_url":null,"og_title":null,"og_description":null,"og_object_type":"default","og_image_type":"default","og_image_url":null,"og_image_width":null,"og_image_height":null,"og_image_custom_url":null,"og_image_custom_fields":null,"og_video":"","og_custom_url":null,"og_article_section":null,"og_article_tags":[],"twitter_use_og":true,"twitter_card":"default","twitter_image_type":"default","twitter_image_url":null,"twitter_image_custom_url":null,"twitter_image_custom_fields":null,"twitter_title":null,"twitter_description":null,"schema":{"blockGraphs":[],"customGraphs":[],"default":{"data":{"Article":[],"Course":[],"Dataset":[],"FAQPage":[],"Movie":[],"Person":[],"Product":[],"ProductReview":[],"Car":[],"Recipe":[],"Service":[],"SoftwareApplication":[],"WebPage":[]},"graphName":"","isEnabled":true},"graphs":[],"defaultGraph":"Article","defaultPostTypeGraph":""},"schema_type":"default","schema_type_options":"{\"article\":{\"articleType\":\"BlogPosting\"},\"course\":{\"name\":\"\",\"description\":\"\",\"provider\":\"\"},\"faq\":{\"pages\":[]},\"product\":{\"reviews\":[]},\"recipe\":{\"ingredients\":[],\"instructions\":[],\"keywords\":[]},\"software\":{\"reviews\":[],\"operatingSystems\":[]},\"webPage\":{\"webPageType\":\"WebPage\"},\"blockGraphs\":[]}","pillar_content":false,"robots_default":true,"robots_noindex":false,"robots_noarchive":false,"robots_nosnippet":false,"robots_nofollow":false,"robots_noimageindex":false,"robots_noodp":false,"robots_notranslate":false,"robots_max_snippet":"-1","robots_max_videopreview":"-1","robots_max_imagepreview":"large","priority":null,"frequency":"default","local_seo":null,"breadcrumb_settings":null,"limit_modified_date":false,"ai":null,"created":"2022-07-13 21:28:33","updated":"2025-06-04 14:28:05","seo_analyzer_scan_date":null,"focus_keyword":"Digital First","additional_keywords":null,"truseo_locale":null},"_links":{"self":[{"href":"http:\/\/blog.proofs.de\/it\/wp-json\/wp\/v2\/posts\/4991","targetHints":{"allow":["GET"]}}],"collection":[{"href":"http:\/\/blog.proofs.de\/it\/wp-json\/wp\/v2\/posts"}],"about":[{"href":"http:\/\/blog.proofs.de\/it\/wp-json\/wp\/v2\/types\/post"}],"author":[{"embeddable":true,"href":"http:\/\/blog.proofs.de\/it\/wp-json\/wp\/v2\/users\/2"}],"replies":[{"embeddable":true,"href":"http:\/\/blog.proofs.de\/it\/wp-json\/wp\/v2\/comments?post=4991"}],"version-history":[{"count":7,"href":"http:\/\/blog.proofs.de\/it\/wp-json\/wp\/v2\/posts\/4991\/revisions"}],"predecessor-version":[{"id":5004,"href":"http:\/\/blog.proofs.de\/it\/wp-json\/wp\/v2\/posts\/4991\/revisions\/5004"}],"wp:featuredmedia":[{"embeddable":true,"href":"http:\/\/blog.proofs.de\/it\/wp-json\/wp\/v2\/media\/4994"}],"wp:attachment":[{"href":"http:\/\/blog.proofs.de\/it\/wp-json\/wp\/v2\/media?parent=4991"}],"wp:term":[{"taxonomy":"category","embeddable":true,"href":"http:\/\/blog.proofs.de\/it\/wp-json\/wp\/v2\/categories?post=4991"},{"taxonomy":"post_tag","embeddable":true,"href":"http:\/\/blog.proofs.de\/it\/wp-json\/wp\/v2\/tags?post=4991"}],"curies":[{"name":"wp","href":"https:\/\/api.w.org\/{rel}","templated":true}]}}