{"id":6127,"date":"2025-08-01T12:15:43","date_gmt":"2025-08-01T10:15:43","guid":{"rendered":"https:\/\/www.proof.de\/?p=6127"},"modified":"2025-08-04T17:36:35","modified_gmt":"2025-08-04T15:36:35","slug":"x-rite-i1profiler-non-supporta-piu-i1pro2-e-i1display","status":"publish","type":"post","link":"http:\/\/blog.proofs.de\/it\/x-rite-i1profiler-unterstuetzt-i1pro2-und-i1display-nicht-mehr\/","title":{"rendered":"X-Rite i1Profiler non supporta pi\u00f9 i1Pro2 e i1iO 2"},"content":{"rendered":"<div class=\"kk-star-ratings kksr-auto kksr-align-right kksr-valign-top\" data-payload='{\"align\":\"right\",\"id\":\"6127\",\"slug\":\"default\",\"valign\":\"top\",\"ignore\":\"\",\"reference\":\"auto\",\"class\":\"\",\"count\":\"2\",\"legendonly\":\"\",\"readonly\":\"\",\"score\":\"5\",\"starsonly\":\"\",\"best\":\"5\",\"gap\":\"5\",\"greet\":\"Jetzt bewerten\",\"legend\":\"5\\\/5 - (2 votes)\",\"size\":\"24\",\"title\":\"X-Rite i1Profiler unterst&uuml;tzt i1Pro2 und und i1iO 2 nicht mehr\",\"width\":\"142.5\",\"_legend\":\"{score}\\\/{best} - ({count} {votes})\",\"font_factor\":\"1.25\"}'>\n            \n<div class=\"kksr-stars\">\n    \n<div class=\"kksr-stars-inactive\">\n            <div class=\"kksr-star\" data-star=\"1\" style=\"padding-right: 5px\">\n            \n\n<div class=\"kksr-icon\" style=\"width: 24px; height: 24px;\"><\/div>\n        <\/div>\n            <div class=\"kksr-star\" data-star=\"2\" style=\"padding-right: 5px\">\n            \n\n<div class=\"kksr-icon\" style=\"width: 24px; height: 24px;\"><\/div>\n        <\/div>\n            <div class=\"kksr-star\" data-star=\"3\" style=\"padding-right: 5px\">\n            \n\n<div class=\"kksr-icon\" style=\"width: 24px; height: 24px;\"><\/div>\n        <\/div>\n            <div class=\"kksr-star\" data-star=\"4\" style=\"padding-right: 5px\">\n            \n\n<div class=\"kksr-icon\" style=\"width: 24px; height: 24px;\"><\/div>\n        <\/div>\n            <div class=\"kksr-star\" data-star=\"5\" style=\"padding-right: 5px\">\n            \n\n<div class=\"kksr-icon\" style=\"width: 24px; height: 24px;\"><\/div>\n        <\/div>\n    <\/div>\n    \n<div class=\"kksr-stars-active\" style=\"width: 142.5px;\">\n            <div class=\"kksr-star\" style=\"padding-right: 5px\">\n            \n\n<div class=\"kksr-icon\" style=\"width: 24px; height: 24px;\"><\/div>\n        <\/div>\n            <div class=\"kksr-star\" style=\"padding-right: 5px\">\n            \n\n<div class=\"kksr-icon\" style=\"width: 24px; height: 24px;\"><\/div>\n        <\/div>\n            <div class=\"kksr-star\" style=\"padding-right: 5px\">\n            \n\n<div class=\"kksr-icon\" style=\"width: 24px; height: 24px;\"><\/div>\n        <\/div>\n            <div class=\"kksr-star\" style=\"padding-right: 5px\">\n            \n\n<div class=\"kksr-icon\" style=\"width: 24px; height: 24px;\"><\/div>\n        <\/div>\n            <div class=\"kksr-star\" style=\"padding-right: 5px\">\n            \n\n<div class=\"kksr-icon\" style=\"width: 24px; height: 24px;\"><\/div>\n        <\/div>\n    <\/div>\n<\/div>\n                \n\n<div class=\"kksr-legend\" style=\"font-size: 19.2px;\">\n            5\/5 - (2 voti)    <\/div>\n    <\/div>\n\n<p class=\"wp-block-paragraph\">Chiunque abbia reinstallato o aggiornato l'applicazione i1 Profiler nelle ultime settimane si \u00e8 trovato di fronte a una notizia sconvolgente: X-Rite ha annunciato direttamente nella finestra iniziale che non avrebbe pi\u00f9 supportato i suoi dispositivi i1Display e i1Pro2, estremamente popolari. <\/p>\n\n\n<div class=\"wp-block-image\">\n<figure class=\"alignright size-large is-resized\"><a href=\"http:\/\/blog.proofs.de\/wp-content\/uploads\/2025\/08\/X-Rite_Meldung_i1_Profiler_wegen_i1Pro2_und_i1iO2.png\"><img loading=\"lazy\" decoding=\"async\" width=\"1024\" height=\"697\" src=\"http:\/\/blog.proofs.de\/wp-content\/uploads\/2025\/08\/X-Rite_Meldung_i1_Profiler_wegen_i1Pro2_und_i1iO2-1024x697.png\" alt=\"Messaggio X-Rite in i1 Profiler sulla fine di i1Pro 2 e i1iO 2\" class=\"wp-image-6140\" style=\"width:483px;height:auto\" srcset=\"https:\/\/blog.proofs.de\/wp-content\/uploads\/2025\/08\/X-Rite_Meldung_i1_Profiler_wegen_i1Pro2_und_i1iO2-1024x697.png 1024w, https:\/\/blog.proofs.de\/wp-content\/uploads\/2025\/08\/X-Rite_Meldung_i1_Profiler_wegen_i1Pro2_und_i1iO2-300x204.png 300w, https:\/\/blog.proofs.de\/wp-content\/uploads\/2025\/08\/X-Rite_Meldung_i1_Profiler_wegen_i1Pro2_und_i1iO2-768x523.png 768w, https:\/\/blog.proofs.de\/wp-content\/uploads\/2025\/08\/X-Rite_Meldung_i1_Profiler_wegen_i1Pro2_und_i1iO2-18x12.png 18w, https:\/\/blog.proofs.de\/wp-content\/uploads\/2025\/08\/X-Rite_Meldung_i1_Profiler_wegen_i1Pro2_und_i1iO2.png 1128w\" sizes=\"auto, (max-width: 1024px) 100vw, 1024px\"><\/a><\/figure>\n<\/div>\n\n\n<blockquote class=\"wp-block-quote is-layout-flow wp-block-quote-is-layout-flow\">\n<p class=\"wp-block-paragraph\">\"<strong>Nota importante<\/strong><\/p>\n\n\n\n<p class=\"wp-block-paragraph\">La serie di dispositivi i1Pro 2 \u00e8 scaduta il 1\u00b0 gennaio 2025. i1Pro 2 e i1iO 2 non saranno pi\u00f9 supportati da i1Profiler dal 1\u00b0 gennaio 2026. Si rivolga alle vendite X-Rite per effettuare l'aggiornamento a i1Pro 3. <\/p>\n\n\n\n<p class=\"wp-block-paragraph\">i1Profiler non supporta pi\u00f9 i dispositivi X-Rite i1Display Pro e i1Display Pro Plus. Tuttavia, questi sono supportati dal software di Calibrite, un partner di X-Rite. Visiti il sito <a href=\"https:\/\/www.xrite.com\/contact-us\/contact-us-form\" title=\"\">Aggiornamenti X-Rite i1Display<\/a>per saperne di pi\u00f9\".&nbsp;<\/p>\n<\/blockquote>\n\n\n\n<p class=\"wp-block-paragraph\">Soprattutto, gli utenti della stampa e <a href=\"http:\/\/blog.proofs.de\/it\/lexikon\/farbmanagement\/\" target=\"_self\" title=\"L&#039;obiettivo della gestione del colore \u00e8 garantire che i colori siano riprodotti nel modo pi\u00f9 simile possibile tra i vari dispositivi, come fotocamere, scanner, monitor, stampanti laser, a getto d&#039;inchiostro, offset e molti altri.\" class=\"encyclopedia\">Gestione del colore<\/a> I dispositivi i1Pro 2 e i tavoli i1iO 2, estremamente popolari, saranno duramente colpiti dall'annuncio: Un investimento di 6.000 euro viene rapidamente gettato nella spazzatura elettronica. Ma cosa pu\u00f2 fare se possiede una combinazione di questo tipo o se ha molti dispositivi di misurazione i1Pro 2 nella sua azienda?<\/p>\n\n\n\n<figure class=\"wp-block-gallery has-nested-images columns-default is-cropped wp-block-gallery-2 is-layout-flex wp-block-gallery-is-layout-flex\">\n<figure class=\"wp-block-image size-large\"><a href=\"http:\/\/blog.proofs.de\/wp-content\/uploads\/2025\/07\/Proof_de_X-Rite_i1Pro_2_produktbild_web.jpg\"><img loading=\"lazy\" decoding=\"async\" width=\"1024\" height=\"683\" data-id=\"6136\" src=\"http:\/\/blog.proofs.de\/wp-content\/uploads\/2025\/07\/Proof_de_X-Rite_i1Pro_2_produktbild_web-1024x683.jpg\" alt=\"Proof.de: Immagine del prodotto X-Rite i1iPro 2\" class=\"wp-image-6136\" srcset=\"https:\/\/blog.proofs.de\/wp-content\/uploads\/2025\/07\/Proof_de_X-Rite_i1Pro_2_produktbild_web-1024x683.jpg 1024w, https:\/\/blog.proofs.de\/wp-content\/uploads\/2025\/07\/Proof_de_X-Rite_i1Pro_2_produktbild_web-300x200.jpg 300w, https:\/\/blog.proofs.de\/wp-content\/uploads\/2025\/07\/Proof_de_X-Rite_i1Pro_2_produktbild_web-768x512.jpg 768w, https:\/\/blog.proofs.de\/wp-content\/uploads\/2025\/07\/Proof_de_X-Rite_i1Pro_2_produktbild_web-1536x1024.jpg 1536w, https:\/\/blog.proofs.de\/wp-content\/uploads\/2025\/07\/Proof_de_X-Rite_i1Pro_2_produktbild_web-18x12.jpg 18w, https:\/\/blog.proofs.de\/wp-content\/uploads\/2025\/07\/Proof_de_X-Rite_i1Pro_2_produktbild_web.jpg 1800w\" sizes=\"auto, (max-width: 1024px) 100vw, 1024px\"><\/a><figcaption class=\"wp-element-caption\"><a href=\"http:\/\/blog.proofs.de\/it\/lexikon\/proof\/\" target=\"_self\" title=\"Una prova di stampa (correttamente: prova contrattuale) \u00e8 un dispositivo di prova certificato ISO 12647-7 per l&#039;industria delle arti grafiche. Una prova di stampa simula la colorazione della stampa offset o della stampa rotocalco in modo vincolante dal punto di vista cromatico e legale, entro le strette tolleranze dello standard ISO.\" class=\"encyclopedia\">Prova<\/a>.de: Immagine del prodotto X-Rite i1iPro 2<\/figcaption><\/figure>\n\n\n\n<figure class=\"wp-block-image size-large\"><a href=\"http:\/\/blog.proofs.de\/wp-content\/uploads\/2025\/07\/Proof_de_X-Rite_i1iO_2_produktbild_web.jpg\"><img loading=\"lazy\" decoding=\"async\" width=\"1024\" height=\"683\" data-id=\"6135\" src=\"http:\/\/blog.proofs.de\/wp-content\/uploads\/2025\/07\/Proof_de_X-Rite_i1iO_2_produktbild_web-1024x683.jpg\" alt=\"Proof.de: Immagine del prodotto X-Rite i1iO 2\" class=\"wp-image-6135\" srcset=\"https:\/\/blog.proofs.de\/wp-content\/uploads\/2025\/07\/Proof_de_X-Rite_i1iO_2_produktbild_web-1024x683.jpg 1024w, https:\/\/blog.proofs.de\/wp-content\/uploads\/2025\/07\/Proof_de_X-Rite_i1iO_2_produktbild_web-300x200.jpg 300w, https:\/\/blog.proofs.de\/wp-content\/uploads\/2025\/07\/Proof_de_X-Rite_i1iO_2_produktbild_web-768x512.jpg 768w, https:\/\/blog.proofs.de\/wp-content\/uploads\/2025\/07\/Proof_de_X-Rite_i1iO_2_produktbild_web-1536x1024.jpg 1536w, https:\/\/blog.proofs.de\/wp-content\/uploads\/2025\/07\/Proof_de_X-Rite_i1iO_2_produktbild_web-18x12.jpg 18w, https:\/\/blog.proofs.de\/wp-content\/uploads\/2025\/07\/Proof_de_X-Rite_i1iO_2_produktbild_web.jpg 1800w\" sizes=\"auto, (max-width: 1024px) 100vw, 1024px\"><\/a><figcaption class=\"wp-element-caption\">Proof.de: Immagine del prodotto X-Rite i1iO 2<\/figcaption><\/figure>\n<\/figure>\n\n\n\n<h2 class=\"wp-block-heading\">Cosa fare? Opzione 1: continuare a utilizzare il computer con il \"vecchio\" software i1 Profiler.<\/h2>\n\n\n\n<p class=\"wp-block-paragraph\">Tenga pronto un computer su cui mantenere in vita l'ultimo software che supporta ancora questi dispositivi. Perch\u00e9, come ci fa sapere il team di assistenza X-Rite: <\/p>\n\n\n\n<blockquote class=\"wp-block-quote is-layout-flow wp-block-quote-is-layout-flow\">\n<p class=\"wp-block-paragraph\">\"... finch\u00e9 una versione che contiene ancora l'i1Pro 2 funziona sui sistemi operativi Mac \/ Windows attuali (quindi anche dopo il gennaio 2026), pu\u00f2 continuare a usarla. <a href=\"http:\/\/blog.proofs.de\/it\/lexikon\/nutzen\/\" target=\"_self\" title=\"Il numero di pannelli indica quante pagine possono essere collocate (e quindi stampate) su un foglio stampato.\" class=\"encyclopedia\">utilizzare<\/a>.\" <\/p>\n<\/blockquote>\n\n\n\n<p class=\"wp-block-paragraph\">Quindi, si prepari a parcheggiare un vecchio Mac Mini con l'ultimo software i1 Profiler, che supporta ancora l'i1Pro 2, da qualche parte in un angolo dell'ufficio, in modo da poter continuare a utilizzare il tavolo iO e l'i1. Esiste un'altra alternativa? L'assistenza X-Rite pu\u00f2 darle un suggerimento anche qui:<\/p>\n\n\n\n<h2 class=\"wp-block-heading\">Opzione 2: Acquistare un nuovo i1Pro 3 e trasferire la licenza di i1 Profiler al nuovo dispositivo.<\/h2>\n\n\n\n<p class=\"wp-block-paragraph\">X-Rite scrive: <\/p>\n\n\n\n<blockquote class=\"wp-block-quote is-layout-flow wp-block-quote-is-layout-flow\">\n<p class=\"wp-block-paragraph\">\"Nella versione attuale di i1Profiler (e si prevede che seguir\u00e0 un'altra versione nell'autunno 2025, che includer\u00e0 anche i1Pro 2), pu\u00f2 trasferire le licenze da i1Pro 2 a i1Pro 3 utilizzando la funzione 'Trasferimento di licenza' (opzione nella finestra principale di i1Profiler).<\/p>\n<\/blockquote>\n\n\n\n<p class=\"wp-block-paragraph\">Questo pu\u00f2 essere trovato anche direttamente nel software:<\/p>\n\n\n\n<figure class=\"wp-block-image size-large\"><a href=\"http:\/\/blog.proofs.de\/wp-content\/uploads\/2025\/07\/x-rite_i1Pro_2_Lizenzuebertragung_auf_i1Pro_3-scaled.jpg\"><img loading=\"lazy\" decoding=\"async\" width=\"1024\" height=\"639\" src=\"http:\/\/blog.proofs.de\/wp-content\/uploads\/2025\/07\/x-rite_i1Pro_2_Lizenzuebertragung_auf_i1Pro_3-1024x639.jpg\" alt=\"Dialogo per il trasferimento della licenza in X-Rite i1 Profiler da i1Pro 2 a i1Pro 3 o i1Pro 3 PLUS\" class=\"wp-image-6129\" srcset=\"https:\/\/blog.proofs.de\/wp-content\/uploads\/2025\/07\/x-rite_i1Pro_2_Lizenzuebertragung_auf_i1Pro_3-1024x639.jpg 1024w, https:\/\/blog.proofs.de\/wp-content\/uploads\/2025\/07\/x-rite_i1Pro_2_Lizenzuebertragung_auf_i1Pro_3-300x187.jpg 300w, https:\/\/blog.proofs.de\/wp-content\/uploads\/2025\/07\/x-rite_i1Pro_2_Lizenzuebertragung_auf_i1Pro_3-768x480.jpg 768w, https:\/\/blog.proofs.de\/wp-content\/uploads\/2025\/07\/x-rite_i1Pro_2_Lizenzuebertragung_auf_i1Pro_3-1536x959.jpg 1536w, https:\/\/blog.proofs.de\/wp-content\/uploads\/2025\/07\/x-rite_i1Pro_2_Lizenzuebertragung_auf_i1Pro_3-2048x1279.jpg 2048w, https:\/\/blog.proofs.de\/wp-content\/uploads\/2025\/07\/x-rite_i1Pro_2_Lizenzuebertragung_auf_i1Pro_3-18x12.jpg 18w\" sizes=\"auto, (max-width: 1024px) 100vw, 1024px\"><\/a><figcaption class=\"wp-element-caption\">Dialogo per il trasferimento della licenza in X-Rite i1 Profiler da i1Pro 2 a i1Pro 3 o i1Pro 3 PLUS<\/figcaption><\/figure>\n\n\n\n<p class=\"wp-block-paragraph\">Naturalmente, l'Proof GmbH soddisfa anche questo requisito: attualmente utilizziamo due tavoli X-Rite i1Pro 2 e un tavolo i1iO 2. Abbiamo acquistato un tavolo iO per utilizzare il colore gratuito. Abbiamo acquistato il tavolo iO per poter utilizzare il colore gratuito. <a href=\"http:\/\/blog.proofs.de\/it\/lexikon\/cielab\/\" target=\"_self\" title=\"Il modello di colore CIELAB \u00e8 stato definito nel 1976 dalla Commission Internationale de l&#039;Eclairage e descrive tutti i colori percepibili. Si tratta di un ulteriore sviluppo della scala cromatica Hunter-LAB del 1966 e di un modello matematico di colore in cui le propriet\u00e0 spettrali di un oggetto e le propriet\u00e0 percettive del nostro sistema visivo sono compensate tra loro. La CIELAB, o LAB in breve, \u00e8 ancora oggi ampiamente utilizzata...\" class=\"encyclopedia\">CIELAB<\/a> <a href=\"http:\/\/blog.proofs.de\/it\/lexikon\/hlc\/\" target=\"_self\" title=\"HLC \u00e8 una rappresentazione ben comprensibile dello spazio colore CIELAB. L&#039;asse verticale L \u00e8 identico in questo caso. La posizione orizzontale di una posizione di colore \u00e8 determinata dall&#039;angolo H rispetto all&#039;asse a positivo (in senso antiorario e in gradi) e dal raggio C, la distanza rispetto all&#039;asse L.\" class=\"encyclopedia\">HLC<\/a> Atlante a colori, che difficilmente sarebbe stato possibile in altro modo all'epoca. Abbiamo acquistato l'iO 2, che era piuttosto costoso: oggi, le stampanti 3D su Ebay offrono anche la stampa di supporti per l'i1Pro 2 per il tavolo iO 1 per soli 90 euro, in quanto questo pu\u00f2 essere utilizzato con un i1Pro 2. X-Rite aveva gi\u00e0 messo sotto pressione il proprio mercato. X-Rite offriva un aggiornamento del tavolo i1 per l'i1Pro 2, che costava circa 350 euro direttamente da X-Rite, quindi era un prezzo abbastanza equo.<\/p>\n\n\n\n<h2 class=\"wp-block-heading\">X-Rite offre una serie di promozioni di permuta per compensare questa situazione. <\/h2>\n\n\n\n<p class=\"wp-block-paragraph\">Per non spaventare troppo i suoi clienti, X-Rite offre attualmente 9 promozioni di permuta in cui i vecchi dispositivi di misurazione, hardware e software possono essere scambiati con le nuove versioni, risparmiando fino a 35% sul prezzo di acquisto della nuova soluzione. Chiunque lo desideri pu\u00f2 risparmiare sia sull'i1Pro 3 che sull'eXact 2 al momento dell'acquisto di un nuovo dispositivo, se in cambio consegna o distrugge il suo vecchio dispositivo. Questo sicuramente conforter\u00e0 e tranquillizzer\u00e0 uno o due clienti.<\/p>\n\n\n\n<p class=\"wp-block-paragraph\"><a href=\"https:\/\/www.xrite.com\/de\/promotions\">https:\/\/www.xrite.com\/de\/promotions<\/a><\/p>\n\n\n\n<p class=\"wp-block-paragraph\">Ma X-Rite non \u00e8 l'unica azienda che si sta liberando dei clienti: Anche KonicaMinolta ha dismesso tutti i suoi dispositivi di misurazione MYIRO e il software, il che lascia un grande vuoto. Anche noi possediamo un MYIRO-9, ad esempio, che non viene pi\u00f9 venduto da KonicaMinolta e i cui giorni sono contati in termini di assistenza. <\/p>\n\n\n\n<h2 class=\"wp-block-heading\">Datacolor lancia i nuovi dispositivi di misurazione a testa sferica<\/h2>\n\n\n<div class=\"wp-block-image\">\n<figure class=\"alignright size-full\"><a href=\"https:\/\/www.datacolor.com\/wp-content\/uploads\/2025\/03\/PSeries-specsheet-DE.pdf\"><img loading=\"lazy\" decoding=\"async\" width=\"337\" height=\"800\" src=\"http:\/\/blog.proofs.de\/wp-content\/uploads\/2025\/08\/Datacolor_Spectro_P300.jpg\" alt=\"Datacolor Spectro P300\" class=\"wp-image-6143\" srcset=\"https:\/\/blog.proofs.de\/wp-content\/uploads\/2025\/08\/Datacolor_Spectro_P300.jpg 337w, https:\/\/blog.proofs.de\/wp-content\/uploads\/2025\/08\/Datacolor_Spectro_P300-126x300.jpg 126w, https:\/\/blog.proofs.de\/wp-content\/uploads\/2025\/08\/Datacolor_Spectro_P300-5x12.jpg 5w\" sizes=\"auto, (max-width: 337px) 100vw, 337px\"><\/a><\/figure>\n<\/div>\n\n\n<p class=\"wp-block-paragraph\">Da qualche tempo si vocifera che Datacolor si stia posizionando e stia preparando nuovi prodotti con nuove soluzioni software. Dopo l'acquisto di Matchmycolor da Basilea con la serie di software Colibri, l'azienda ha acquistato Techkon Germania e USA e ha quindi acquisito una soluzione di alta qualit\u00e0 con gli SpectroDens, per cui anche qui sono stati segnalati problemi nella produzione di serie, tanto che per settimane non \u00e8 stato possibile consegnare alcun dispositivo. <\/p>\n\n\n\n<p class=\"wp-block-paragraph\">Datacolor ha anche rafforzato le sue attivit\u00e0 di sviluppo negli ultimi mesi e sta puntando a nuove soluzioni software sul mercato. <\/p>\n\n\n\n<p class=\"wp-block-paragraph\">E Datacolor sta attualmente offrendo anche un nuovo portatile <a href=\"http:\/\/blog.proofs.de\/it\/lexikon\/spektralphotometer\/\" target=\"_self\" title=\"Gli spettrofotometri sono strumenti di misurazione del colore di alta qualit\u00e0, in grado di misurare e descrivere con precisione qualsiasi colore. Il dispositivo di misurazione ottiene questo risultato illuminando la superficie di misurazione con l&#039;intero spettro della luce visibile. I valori di riflettanza di determinate lunghezze d&#039;onda insieme danno origine al valore misurato, che spesso viene emesso in Lab (modalit\u00e0 di misurazione liberamente selezionabile da M0 a M2). Tuttavia, i valori di misurazione spettrale possono anche essere memorizzati direttamente. Le stampanti di prova di alta qualit\u00e0 hanno i loro spettrofotometri per verificare direttamente la stampa.\" class=\"encyclopedia\">Spettrofotometro<\/a> - probabilmente con geometria a testa sferica, quindi niente per la gamma di pressione - della serie Spectro-P:<\/p>\n\n\n\n<p class=\"wp-block-paragraph\"><a href=\"https:\/\/www.datacolor.com\/de\/news-press\/press-release\/datacolor-announces-launch-of-next-generation-of-precision-portable-spectrophotometers-spectro-p-series\">https:\/\/www.datacolor.com\/de\/news-press\/press-release\/datacolor-announces-launch-of-next-generation-of-precision-portable-spectrophotometers-spectro-p-series<\/a><\/p>\n\n\n\n<p class=\"wp-block-paragraph\"><a href=\"https:\/\/www.datacolor.com\/de\/business-solutions\/product\/spectrop300\">https:\/\/www.datacolor.com\/de\/business-solutions\/product\/spectrop300<\/a><\/p>\n\n\n\n<p class=\"wp-block-paragraph\"><a href=\"https:\/\/www.datacolor.com\/de\/business-solutions\/product\/spectrop200\">https:\/\/www.datacolor.com\/de\/business-solutions\/product\/spectrop200<\/a><\/p>\n\n\n\n<p class=\"wp-block-paragraph\">Non si sa ancora nulla sui prezzi, anche se due PDF di offerta per Abu Dhabi, che si possono trovare su Internet, menzionano un prezzo di 13.500 dollari per la Datacolor Spectro P300, che \u00e8 stata offerta dalla Germania ad Abu Dhabi nel giugno 2025. Si tratterebbe di una fascia di prezzo simile a quella della CM26d di KonicaMinolta, la cui gamma 'Sensing' con il modello <a href=\"http:\/\/blog.proofs.de\/it\/lexikon\/kugelkopfmessgeraet\/\" target=\"_self\" title=\"Gli spettrofotometri a testa sferica come il KonicaMinolta CM-26d sono una classe di strumenti di misurazione del colore che possono misurare con una geometria a testa sferica d:8\u00b0 nella modalit\u00e0 di misurazione SCI - &quot;Componente Speculare Inclusa&quot; e SCE - &quot;Componente Speculare Esclusa&quot;.\" class=\"encyclopedia\">Misuratore a testa sferica<\/a>viene mantenuto esplicitamente. <\/p>\n\n\n\n<p class=\"wp-block-paragraph\"><a href=\"https:\/\/de.scribd.com\/document\/885818385\/Quotation-for-Sobha-Furniture-Industries-LLC-Spectro-P300-QC-Software-DC-Tools-Basic-V1\">https:\/\/de.scribd.com\/document\/885818385\/Quotation-for-Sobha-Furniture-Industries-LLC-Spectro-P300-QC-Software-DC-Tools-Basic-V1<\/a><\/p>\n\n\n\n<p class=\"wp-block-paragraph\"><a href=\"https:\/\/de.scribd.com\/document\/885818040\/Datacolor-P300-offer-for-Sobha-furniture\">https:\/\/de.scribd.com\/document\/885818040\/Datacolor-P300-offer-for-Sobha-furniture<\/a><\/p>","protected":false},"excerpt":{"rendered":"<p>Chiunque abbia reinstallato o aggiornato l'applicazione i1 Profiler nelle ultime settimane si \u00e8 trovato di fronte a una notizia sconvolgente: X-Rite ha annunciato direttamente nella finestra di avvio che non supporter\u00e0 pi\u00f9 i suoi dispositivi i1Display e i1Pro2, estremamente popolari. \"Avviso importante La serie di dispositivi i1Pro 2 \u00e8 scaduta il 1\u00b0 gennaio 2025. i1Pro 2 e i1iO 2 non saranno pi\u00f9 supportati da i1Profiler a partire dal 1\u00b0 gennaio 2026. La preghiamo di contattare le vendite X-Rite per effettuare l'aggiornamento a i1Pro 3. i1Profiler non supporta i dispositivi X-Rite i1Display Pro e i1Display Pro Plus ... <\/p>\n<p class=\"read-more-container\"><a title=\"X-Rite i1Profiler non supporta pi\u00f9 i1Pro2 e i1iO 2\" class=\"read-more button\" href=\"http:\/\/blog.proofs.de\/it\/x-rite-i1profiler-unterstuetzt-i1pro2-und-i1display-nicht-mehr\/#more-6127\" aria-label=\"Per saperne di pi\u00f9 su X-Rite i1Profiler non supporta pi\u00f9 i1Pro2 e e i1iO 2\">Leggi di pi\u00f9<\/a><\/p>","protected":false},"author":2,"featured_media":6140,"comment_status":"open","ping_status":"open","sticky":false,"template":"","format":"standard","meta":{"om_disable_all_campaigns":false,"inline_featured_image":false,"_monsterinsights_skip_tracking":false,"footnotes":""},"categories":[1,437],"tags":[1428,1432,1423,1424,1425,1422,1426,806,1427,1229,1336,1335,1433,1334,1431,1430,1429,479],"class_list":["post-6127","post","type-post","status-publish","format-standard","has-post-thumbnail","hentry","category-allgemein","category-proof-software-und-technik","tag-datacolor","tag-datacolor-spectro-p","tag-i1io","tag-i1io-2","tag-i1io2","tag-i1pro-2","tag-i1pro-3","tag-i1pro2","tag-i1pro3","tag-konicaminolta","tag-konicaminolta-sensing","tag-myiro","tag-myiro-tools","tag-myiro-9","tag-spectro-p","tag-spectro-p200","tag-spectro-p300","tag-x-rite","generate-columns","tablet-grid-50","mobile-grid-100","grid-parent","grid-50","no-featured-image-padding","resize-featured-image"],"aioseo_notices":[],"aioseo_head":"\n\t\t<!-- All in One SEO 5.0.1.1 - aioseo.com -->\n\t<meta name=\"description\" content=\"X-Rite schockt seine Kunden: &quot;i1Pro 2 und i1iO 2 werden ab 2026 nicht mehr von i1Profiler unterst\u00fctzt.&quot; Was sollten X-Rite Anwender tun? Wer f\u00fcllt die L\u00fccke?\" \/>\n\t<meta name=\"robots\" content=\"max-image-preview:large\" \/>\n\t<meta name=\"author\" content=\"Matthias Betz\"\/>\n\t<meta name=\"google-site-verification\" content=\"TuXxyRwxcEg2-WfOaQ8vScWQh3-uBAnxXmY7g3GT90A\" \/>\n\t<meta name=\"keywords\" content=\"datacolor,datacolor spectro p,i1io,i1io 2,i1io2,i1pro 2,i1pro 3,i1pro2,i1pro3,konicaminolta,konicaminolta sensing,myiro,myiro tools,myiro-9,spectro p,spectro p200,spectro p300,x-rite\" \/>\n\t<link rel=\"canonical\" href=\"http:\/\/blog.proofs.de\/it\/x-rite-i1profiler-unterstuetzt-i1pro2-und-i1display-nicht-mehr\/\" \/>\n\t<meta name=\"generator\" content=\"All in One SEO (AIOSEO) 5.0.1.1\" \/>\n\n\t\t<meta name=\"seobility\" content=\"593a8578143db71543f014978c690d47\">\n\t\t<meta property=\"og:locale\" content=\"it_IT\" \/>\n\t\t<meta property=\"og:site_name\" content=\"Proof.de | Alles zu Proof, Farbmanagement, Grafik, Messtechnik &amp; Co.\" \/>\n\t\t<meta property=\"og:type\" content=\"article\" \/>\n\t\t<meta property=\"og:title\" content=\"X-Rite unterst\u00fctzt 1Pro2 \/ i1iO Ger\u00e4te nicht mehr | proof.de\" \/>\n\t\t<meta property=\"og:description\" content=\"X-Rite schockt seine Kunden: &quot;i1Pro 2 und i1iO 2 werden ab 2026 nicht mehr von i1Profiler unterst\u00fctzt.&quot; Was sollten X-Rite Anwender tun? Wer f\u00fcllt die L\u00fccke?\" \/>\n\t\t<meta property=\"og:url\" content=\"http:\/\/blog.proofs.de\/it\/x-rite-i1profiler-unterstuetzt-i1pro2-und-i1display-nicht-mehr\/\" \/>\n\t\t<meta property=\"og:image\" content=\"http:\/\/blog.proofs.de\/wp-content\/uploads\/2025\/08\/X-Rite_Meldung_i1_Profiler_wegen_i1Pro2_und_i1iO2.png\" \/>\n\t\t<meta property=\"og:image:width\" content=\"1128\" \/>\n\t\t<meta property=\"og:image:height\" content=\"768\" \/>\n\t\t<meta property=\"article:published_time\" content=\"2025-08-01T10:15:43+00:00\" \/>\n\t\t<meta property=\"article:modified_time\" content=\"2025-08-04T15:36:35+00:00\" \/>\n\t\t<meta property=\"article:publisher\" content=\"https:\/\/www.facebook.com\/Proof.de\/\" \/>\n\t\t<meta name=\"twitter:card\" content=\"summary\" \/>\n\t\t<meta name=\"twitter:title\" content=\"X-Rite unterst\u00fctzt 1Pro2 \/ i1iO Ger\u00e4te nicht mehr | proof.de\" \/>\n\t\t<meta name=\"twitter:description\" content=\"X-Rite schockt seine Kunden: &quot;i1Pro 2 und i1iO 2 werden ab 2026 nicht mehr von i1Profiler unterst\u00fctzt.&quot; Was sollten X-Rite Anwender tun? Wer f\u00fcllt die L\u00fccke?\" \/>\n\t\t<meta name=\"twitter:image\" content=\"https:\/\/blog.proofs.de\/wp-content\/uploads\/2025\/08\/X-Rite_Meldung_i1_Profiler_wegen_i1Pro2_und_i1iO2.png\" \/>\n\t\t<script type=\"application\/ld+json\" class=\"aioseo-schema\">\n\t\t\t{\"@context\":\"https:\\\/\\\/schema.org\",\"@graph\":[{\"@type\":\"Article\",\"@id\":\"http:\\\/\\\/blog.proofs.de\\\/it\\\/x-rite-i1profiler-unterstuetzt-i1pro2-und-i1display-nicht-mehr\\\/#article\",\"name\":\"X-Rite unterst\\u00fctzt 1Pro2 \\\/ i1iO Ger\\u00e4te nicht mehr | proof.de\",\"headline\":\"X-Rite i1Profiler unterst\\u00fctzt i1Pro2 und und i1iO 2 nicht mehr\",\"author\":{\"@id\":\"http:\\\/\\\/blog.proofs.de\\\/it\\\/author\\\/mbetz\\\/#author\"},\"publisher\":{\"@id\":\"http:\\\/\\\/blog.proofs.de\\\/it\\\/#organization\"},\"image\":{\"@type\":\"ImageObject\",\"url\":\"https:\\\/\\\/blog.proofs.de\\\/wp-content\\\/uploads\\\/2025\\\/08\\\/X-Rite_Meldung_i1_Profiler_wegen_i1Pro2_und_i1iO2.png\",\"width\":1128,\"height\":768,\"caption\":\"X-Rite Meldung in i1 Profiler zum Ende von i1Pro 2 und i1iO 2\"},\"datePublished\":\"2025-08-01T12:15:43+02:00\",\"dateModified\":\"2025-08-04T17:36:35+02:00\",\"inLanguage\":\"it-IT\",\"commentCount\":3,\"mainEntityOfPage\":{\"@id\":\"http:\\\/\\\/blog.proofs.de\\\/it\\\/x-rite-i1profiler-unterstuetzt-i1pro2-und-i1display-nicht-mehr\\\/#webpage\"},\"isPartOf\":{\"@id\":\"http:\\\/\\\/blog.proofs.de\\\/it\\\/x-rite-i1profiler-unterstuetzt-i1pro2-und-i1display-nicht-mehr\\\/#webpage\"},\"articleSection\":\"Allgemein, Proof Software &amp; Technik, Datacolor, Datacolor Spectro P, i1iO, i1iO 2, i1iO2, i1Pro 2, i1Pro 3, I1Pro2, i1Pro3, KonicaMinolta, KonicaMinolta Sensing, MYIRO, MYIRO Tools, MYIRO-9, Spectro P, Spectro P200, Spectro P300, X-Rite\"},{\"@type\":\"BreadcrumbList\",\"@id\":\"http:\\\/\\\/blog.proofs.de\\\/it\\\/x-rite-i1profiler-unterstuetzt-i1pro2-und-i1display-nicht-mehr\\\/#breadcrumblist\",\"itemListElement\":[{\"@type\":\"ListItem\",\"@id\":\"http:\\\/\\\/blog.proofs.de\\\/it#listItem\",\"position\":1,\"name\":\"Home\",\"item\":\"http:\\\/\\\/blog.proofs.de\\\/it\",\"nextItem\":{\"@type\":\"ListItem\",\"@id\":\"http:\\\/\\\/blog.proofs.de\\\/it\\\/thema\\\/proof-wissen\\\/#listItem\",\"name\":\"Proof Wissen\"}},{\"@type\":\"ListItem\",\"@id\":\"http:\\\/\\\/blog.proofs.de\\\/it\\\/thema\\\/proof-wissen\\\/#listItem\",\"position\":2,\"name\":\"Proof Wissen\",\"item\":\"http:\\\/\\\/blog.proofs.de\\\/it\\\/thema\\\/proof-wissen\\\/\",\"nextItem\":{\"@type\":\"ListItem\",\"@id\":\"http:\\\/\\\/blog.proofs.de\\\/it\\\/thema\\\/proof-wissen\\\/proof-software-und-technik\\\/#listItem\",\"name\":\"Proof Software &amp; Technik\"},\"previousItem\":{\"@type\":\"ListItem\",\"@id\":\"http:\\\/\\\/blog.proofs.de\\\/it#listItem\",\"name\":\"Home\"}},{\"@type\":\"ListItem\",\"@id\":\"http:\\\/\\\/blog.proofs.de\\\/it\\\/thema\\\/proof-wissen\\\/proof-software-und-technik\\\/#listItem\",\"position\":3,\"name\":\"Proof Software &amp; Technik\",\"item\":\"http:\\\/\\\/blog.proofs.de\\\/it\\\/thema\\\/proof-wissen\\\/proof-software-und-technik\\\/\",\"nextItem\":{\"@type\":\"ListItem\",\"@id\":\"http:\\\/\\\/blog.proofs.de\\\/it\\\/x-rite-i1profiler-unterstuetzt-i1pro2-und-i1display-nicht-mehr\\\/#listItem\",\"name\":\"X-Rite i1Profiler unterst\\u00fctzt i1Pro2 und und i1iO 2 nicht mehr\"},\"previousItem\":{\"@type\":\"ListItem\",\"@id\":\"http:\\\/\\\/blog.proofs.de\\\/it\\\/thema\\\/proof-wissen\\\/#listItem\",\"name\":\"Proof Wissen\"}},{\"@type\":\"ListItem\",\"@id\":\"http:\\\/\\\/blog.proofs.de\\\/it\\\/x-rite-i1profiler-unterstuetzt-i1pro2-und-i1display-nicht-mehr\\\/#listItem\",\"position\":4,\"name\":\"X-Rite i1Profiler unterst\\u00fctzt i1Pro2 und und i1iO 2 nicht mehr\",\"previousItem\":{\"@type\":\"ListItem\",\"@id\":\"http:\\\/\\\/blog.proofs.de\\\/it\\\/thema\\\/proof-wissen\\\/proof-software-und-technik\\\/#listItem\",\"name\":\"Proof Software &amp; Technik\"}}]},{\"@type\":\"Organization\",\"@id\":\"http:\\\/\\\/blog.proofs.de\\\/it\\\/#organization\",\"name\":\"Proof GmbH\",\"description\":\"Farbverbindlicher Proof, Farbproof, Digitalproof und Online-Proof.\",\"url\":\"http:\\\/\\\/blog.proofs.de\\\/it\\\/\",\"telephone\":\"+4970717952740\",\"logo\":{\"@type\":\"ImageObject\",\"url\":\"https:\\\/\\\/blog1.proofen.de\\\/wp-content\\\/uploads\\\/2019\\\/09\\\/logo_proof_rgb_mit_balken_250px.png\",\"@id\":\"http:\\\/\\\/blog.proofs.de\\\/it\\\/x-rite-i1profiler-unterstuetzt-i1pro2-und-i1display-nicht-mehr\\\/#organizationLogo\"},\"image\":{\"@id\":\"http:\\\/\\\/blog.proofs.de\\\/it\\\/x-rite-i1profiler-unterstuetzt-i1pro2-und-i1display-nicht-mehr\\\/#organizationLogo\"},\"sameAs\":[\"https:\\\/\\\/www.facebook.com\\\/Proof.de\\\/\",\"https:\\\/\\\/www.instagram.com\\\/proof.de\\\/\",\"https:\\\/\\\/www.tiktok.com\\\/@proof_de\",\"https:\\\/\\\/www.youtube.com\\\/channel\\\/UCk80fQVQ25wC9wu3SywB-Nw\",\"https:\\\/\\\/www.linkedin.com\\\/company\\\/proof-de\"]},{\"@type\":\"Person\",\"@id\":\"http:\\\/\\\/blog.proofs.de\\\/it\\\/author\\\/mbetz\\\/#author\",\"url\":\"http:\\\/\\\/blog.proofs.de\\\/it\\\/author\\\/mbetz\\\/\",\"name\":\"Matthias Betz\",\"image\":{\"@type\":\"ImageObject\",\"@id\":\"http:\\\/\\\/blog.proofs.de\\\/it\\\/x-rite-i1profiler-unterstuetzt-i1pro2-und-i1display-nicht-mehr\\\/#authorImage\",\"url\":\"https:\\\/\\\/blog.proofs.de\\\/wp-content\\\/uploads\\\/2020\\\/10\\\/matthias-betz-e1603934518350-150x150.png\",\"width\":96,\"height\":96,\"caption\":\"Matthias Betz\"}},{\"@type\":\"WebPage\",\"@id\":\"http:\\\/\\\/blog.proofs.de\\\/it\\\/x-rite-i1profiler-unterstuetzt-i1pro2-und-i1display-nicht-mehr\\\/#webpage\",\"url\":\"http:\\\/\\\/blog.proofs.de\\\/it\\\/x-rite-i1profiler-unterstuetzt-i1pro2-und-i1display-nicht-mehr\\\/\",\"name\":\"X-Rite unterst\\u00fctzt 1Pro2 \\\/ i1iO Ger\\u00e4te nicht mehr | proof.de\",\"description\":\"X-Rite schockt seine Kunden: \\\"i1Pro 2 und i1iO 2 werden ab 2026 nicht mehr von i1Profiler unterst\\u00fctzt.\\\" Was sollten X-Rite Anwender tun? Wer f\\u00fcllt die L\\u00fccke?\",\"inLanguage\":\"it-IT\",\"isPartOf\":{\"@id\":\"http:\\\/\\\/blog.proofs.de\\\/it\\\/#website\"},\"breadcrumb\":{\"@id\":\"http:\\\/\\\/blog.proofs.de\\\/it\\\/x-rite-i1profiler-unterstuetzt-i1pro2-und-i1display-nicht-mehr\\\/#breadcrumblist\"},\"author\":{\"@id\":\"http:\\\/\\\/blog.proofs.de\\\/it\\\/author\\\/mbetz\\\/#author\"},\"creator\":{\"@id\":\"http:\\\/\\\/blog.proofs.de\\\/it\\\/author\\\/mbetz\\\/#author\"},\"image\":{\"@type\":\"ImageObject\",\"url\":\"https:\\\/\\\/blog.proofs.de\\\/wp-content\\\/uploads\\\/2025\\\/08\\\/X-Rite_Meldung_i1_Profiler_wegen_i1Pro2_und_i1iO2.png\",\"@id\":\"http:\\\/\\\/blog.proofs.de\\\/it\\\/x-rite-i1profiler-unterstuetzt-i1pro2-und-i1display-nicht-mehr\\\/#mainImage\",\"width\":1128,\"height\":768,\"caption\":\"X-Rite Meldung in i1 Profiler zum Ende von i1Pro 2 und i1iO 2\"},\"primaryImageOfPage\":{\"@id\":\"http:\\\/\\\/blog.proofs.de\\\/it\\\/x-rite-i1profiler-unterstuetzt-i1pro2-und-i1display-nicht-mehr\\\/#mainImage\"},\"datePublished\":\"2025-08-01T12:15:43+02:00\",\"dateModified\":\"2025-08-04T17:36:35+02:00\"},{\"@type\":\"WebSite\",\"@id\":\"http:\\\/\\\/blog.proofs.de\\\/it\\\/#website\",\"url\":\"http:\\\/\\\/blog.proofs.de\\\/it\\\/\",\"name\":\"Proof.de\",\"description\":\"Farbverbindlicher Proof, Farbproof, Digitalproof und Online-Proof.\",\"inLanguage\":\"it-IT\",\"publisher\":{\"@id\":\"http:\\\/\\\/blog.proofs.de\\\/it\\\/#organization\"}}]}\n\t\t<\/script>\n\t\t<!-- All in One SEO -->\n\n","aioseo_head_json":{"title":"X-Rite non supporta pi\u00f9 i dispositivi 1Pro2 \/ i1iO | proof.de","description":"X-Rite sciocca i suoi clienti: \"i1Pro 2 e i1iO 2 non saranno pi\u00f9 supportati da i1Profiler a partire dal 2026\". Cosa devono fare gli utenti X-Rite? Chi colmer\u00e0 il vuoto?","canonical_url":"http:\/\/blog.proofs.de\/it\/x-rite-i1profiler-unterstuetzt-i1pro2-und-i1display-nicht-mehr\/","robots":"max-image-preview:large","keywords":"datacolor,datacolor spectro p,i1io,i1io 2,i1io2,i1pro 2,i1pro 3,i1pro2,i1pro3,konicaminolta,konicaminolta sensing,myiro,myiro tools,myiro-9,spectro p,spectro p200,spectro p300,x-rite","webmasterTools":{"google-site-verification":"TuXxyRwxcEg2-WfOaQ8vScWQh3-uBAnxXmY7g3GT90A","miscellaneous":"&lt;meta name=\"seobility\" content=\"593a8578143db71543f014978c690d47\"&gt;"},"schema":{"@context":"https:\/\/schema.org","@graph":[{"@type":"Article","@id":"http:\/\/blog.proofs.de\/it\/x-rite-i1profiler-unterstuetzt-i1pro2-und-i1display-nicht-mehr\/#article","name":"X-Rite unterst\u00fctzt 1Pro2 \/ i1iO Ger\u00e4te nicht mehr | proof.de","headline":"X-Rite i1Profiler unterst\u00fctzt i1Pro2 und und i1iO 2 nicht mehr","author":{"@id":"http:\/\/blog.proofs.de\/it\/author\/mbetz\/#author"},"publisher":{"@id":"http:\/\/blog.proofs.de\/it\/#organization"},"image":{"@type":"ImageObject","url":"https:\/\/blog.proofs.de\/wp-content\/uploads\/2025\/08\/X-Rite_Meldung_i1_Profiler_wegen_i1Pro2_und_i1iO2.png","width":1128,"height":768,"caption":"X-Rite Meldung in i1 Profiler zum Ende von i1Pro 2 und i1iO 2"},"datePublished":"2025-08-01T12:15:43+02:00","dateModified":"2025-08-04T17:36:35+02:00","inLanguage":"it-IT","commentCount":3,"mainEntityOfPage":{"@id":"http:\/\/blog.proofs.de\/it\/x-rite-i1profiler-unterstuetzt-i1pro2-und-i1display-nicht-mehr\/#webpage"},"isPartOf":{"@id":"http:\/\/blog.proofs.de\/it\/x-rite-i1profiler-unterstuetzt-i1pro2-und-i1display-nicht-mehr\/#webpage"},"articleSection":"Allgemein, Proof Software &amp; Technik, Datacolor, Datacolor Spectro P, i1iO, i1iO 2, i1iO2, i1Pro 2, i1Pro 3, I1Pro2, i1Pro3, KonicaMinolta, KonicaMinolta Sensing, MYIRO, MYIRO Tools, MYIRO-9, Spectro P, Spectro P200, Spectro P300, X-Rite"},{"@type":"BreadcrumbList","@id":"http:\/\/blog.proofs.de\/it\/x-rite-i1profiler-unterstuetzt-i1pro2-und-i1display-nicht-mehr\/#breadcrumblist","itemListElement":[{"@type":"ListItem","@id":"http:\/\/blog.proofs.de\/it#listItem","position":1,"name":"Home","item":"http:\/\/blog.proofs.de\/it","nextItem":{"@type":"ListItem","@id":"http:\/\/blog.proofs.de\/it\/thema\/proof-wissen\/#listItem","name":"Proof Wissen"}},{"@type":"ListItem","@id":"http:\/\/blog.proofs.de\/it\/thema\/proof-wissen\/#listItem","position":2,"name":"Proof Wissen","item":"http:\/\/blog.proofs.de\/it\/thema\/proof-wissen\/","nextItem":{"@type":"ListItem","@id":"http:\/\/blog.proofs.de\/it\/thema\/proof-wissen\/proof-software-und-technik\/#listItem","name":"Proof Software &amp; Technik"},"previousItem":{"@type":"ListItem","@id":"http:\/\/blog.proofs.de\/it#listItem","name":"Home"}},{"@type":"ListItem","@id":"http:\/\/blog.proofs.de\/it\/thema\/proof-wissen\/proof-software-und-technik\/#listItem","position":3,"name":"Proof Software &amp; Technik","item":"http:\/\/blog.proofs.de\/it\/thema\/proof-wissen\/proof-software-und-technik\/","nextItem":{"@type":"ListItem","@id":"http:\/\/blog.proofs.de\/it\/x-rite-i1profiler-unterstuetzt-i1pro2-und-i1display-nicht-mehr\/#listItem","name":"X-Rite i1Profiler unterst\u00fctzt i1Pro2 und und i1iO 2 nicht mehr"},"previousItem":{"@type":"ListItem","@id":"http:\/\/blog.proofs.de\/it\/thema\/proof-wissen\/#listItem","name":"Proof Wissen"}},{"@type":"ListItem","@id":"http:\/\/blog.proofs.de\/it\/x-rite-i1profiler-unterstuetzt-i1pro2-und-i1display-nicht-mehr\/#listItem","position":4,"name":"X-Rite i1Profiler unterst\u00fctzt i1Pro2 und und i1iO 2 nicht mehr","previousItem":{"@type":"ListItem","@id":"http:\/\/blog.proofs.de\/it\/thema\/proof-wissen\/proof-software-und-technik\/#listItem","name":"Proof Software &amp; Technik"}}]},{"@type":"Organization","@id":"http:\/\/blog.proofs.de\/it\/#organization","name":"Proof GmbH","description":"Farbverbindlicher Proof, Farbproof, Digitalproof und Online-Proof.","url":"http:\/\/blog.proofs.de\/it\/","telephone":"+4970717952740","logo":{"@type":"ImageObject","url":"https:\/\/blog1.proofen.de\/wp-content\/uploads\/2019\/09\/logo_proof_rgb_mit_balken_250px.png","@id":"http:\/\/blog.proofs.de\/it\/x-rite-i1profiler-unterstuetzt-i1pro2-und-i1display-nicht-mehr\/#organizationLogo"},"image":{"@id":"http:\/\/blog.proofs.de\/it\/x-rite-i1profiler-unterstuetzt-i1pro2-und-i1display-nicht-mehr\/#organizationLogo"},"sameAs":["https:\/\/www.facebook.com\/Proof.de\/","https:\/\/www.instagram.com\/proof.de\/","https:\/\/www.tiktok.com\/@proof_de","https:\/\/www.youtube.com\/channel\/UCk80fQVQ25wC9wu3SywB-Nw","https:\/\/www.linkedin.com\/company\/proof-de"]},{"@type":"Person","@id":"http:\/\/blog.proofs.de\/it\/author\/mbetz\/#author","url":"http:\/\/blog.proofs.de\/it\/author\/mbetz\/","name":"Matthias Betz","image":{"@type":"ImageObject","@id":"http:\/\/blog.proofs.de\/it\/x-rite-i1profiler-unterstuetzt-i1pro2-und-i1display-nicht-mehr\/#authorImage","url":"https:\/\/blog.proofs.de\/wp-content\/uploads\/2020\/10\/matthias-betz-e1603934518350-150x150.png","width":96,"height":96,"caption":"Matthias Betz"}},{"@type":"WebPage","@id":"http:\/\/blog.proofs.de\/it\/x-rite-i1profiler-unterstuetzt-i1pro2-und-i1display-nicht-mehr\/#webpage","url":"http:\/\/blog.proofs.de\/it\/x-rite-i1profiler-unterstuetzt-i1pro2-und-i1display-nicht-mehr\/","name":"X-Rite unterst\u00fctzt 1Pro2 \/ i1iO Ger\u00e4te nicht mehr | proof.de","description":"X-Rite schockt seine Kunden: \"i1Pro 2 und i1iO 2 werden ab 2026 nicht mehr von i1Profiler unterst\u00fctzt.\" Was sollten X-Rite Anwender tun? Wer f\u00fcllt die L\u00fccke?","inLanguage":"it-IT","isPartOf":{"@id":"http:\/\/blog.proofs.de\/it\/#website"},"breadcrumb":{"@id":"http:\/\/blog.proofs.de\/it\/x-rite-i1profiler-unterstuetzt-i1pro2-und-i1display-nicht-mehr\/#breadcrumblist"},"author":{"@id":"http:\/\/blog.proofs.de\/it\/author\/mbetz\/#author"},"creator":{"@id":"http:\/\/blog.proofs.de\/it\/author\/mbetz\/#author"},"image":{"@type":"ImageObject","url":"https:\/\/blog.proofs.de\/wp-content\/uploads\/2025\/08\/X-Rite_Meldung_i1_Profiler_wegen_i1Pro2_und_i1iO2.png","@id":"http:\/\/blog.proofs.de\/it\/x-rite-i1profiler-unterstuetzt-i1pro2-und-i1display-nicht-mehr\/#mainImage","width":1128,"height":768,"caption":"X-Rite Meldung in i1 Profiler zum Ende von i1Pro 2 und i1iO 2"},"primaryImageOfPage":{"@id":"http:\/\/blog.proofs.de\/it\/x-rite-i1profiler-unterstuetzt-i1pro2-und-i1display-nicht-mehr\/#mainImage"},"datePublished":"2025-08-01T12:15:43+02:00","dateModified":"2025-08-04T17:36:35+02:00"},{"@type":"WebSite","@id":"http:\/\/blog.proofs.de\/it\/#website","url":"http:\/\/blog.proofs.de\/it\/","name":"Proof.de","description":"Farbverbindlicher Proof, Farbproof, Digitalproof und Online-Proof.","inLanguage":"it-IT","publisher":{"@id":"http:\/\/blog.proofs.de\/it\/#organization"}}]},"og:locale":"it_IT","og:site_name":"Proof.de | Alles zu Proof, Farbmanagement, Grafik, Messtechnik &amp; Co.","og:type":"article","og:title":"X-Rite unterst\u00fctzt 1Pro2 \/ i1iO Ger\u00e4te nicht mehr | proof.de","og:description":"X-Rite schockt seine Kunden: &quot;i1Pro 2 und i1iO 2 werden ab 2026 nicht mehr von i1Profiler unterst\u00fctzt.&quot; Was sollten X-Rite Anwender tun? Wer f\u00fcllt die L\u00fccke?","og:url":"http:\/\/blog.proofs.de\/it\/x-rite-i1profiler-unterstuetzt-i1pro2-und-i1display-nicht-mehr\/","og:image":"http:\/\/blog.proofs.de\/wp-content\/uploads\/2025\/08\/X-Rite_Meldung_i1_Profiler_wegen_i1Pro2_und_i1iO2.png","og:image:width":1128,"og:image:height":768,"article:published_time":"2025-08-01T10:15:43+00:00","article:modified_time":"2025-08-04T15:36:35+00:00","article:publisher":"https:\/\/www.facebook.com\/Proof.de\/","twitter:card":"summary","twitter:title":"X-Rite unterst\u00fctzt 1Pro2 \/ i1iO Ger\u00e4te nicht mehr | proof.de","twitter:description":"X-Rite schockt seine Kunden: &quot;i1Pro 2 und i1iO 2 werden ab 2026 nicht mehr von i1Profiler unterst\u00fctzt.&quot; Was sollten X-Rite Anwender tun? Wer f\u00fcllt die L\u00fccke?","twitter:image":"https:\/\/blog.proofs.de\/wp-content\/uploads\/2025\/08\/X-Rite_Meldung_i1_Profiler_wegen_i1Pro2_und_i1iO2.png"},"aioseo_meta_data":{"post_id":"6127","title":"X-Rite non supporta pi\u00f9 i dispositivi 1Pro2 \/ i1iO | proof.de","description":"X-Rite sciocca i suoi clienti: \"i1Pro 2 e i1iO 2 non saranno pi\u00f9 supportati da i1Profiler a partire dal 2026\". Cosa devono fare gli utenti X-Rite? Chi colmer\u00e0 il vuoto?","keywords":null,"keyphrases":{"focus":{"keyphrase":"","score":0,"analysis":{"keyphraseInTitle":{"score":0,"maxScore":9,"error":1}}},"additional":[]},"primary_term":null,"canonical_url":null,"og_title":null,"og_description":null,"og_object_type":"default","og_image_type":"default","og_image_url":null,"og_image_width":null,"og_image_height":null,"og_image_custom_url":null,"og_image_custom_fields":null,"og_video":"","og_custom_url":null,"og_article_section":null,"og_article_tags":null,"twitter_use_og":true,"twitter_card":"default","twitter_image_type":"default","twitter_image_url":null,"twitter_image_custom_url":null,"twitter_image_custom_fields":null,"twitter_title":null,"twitter_description":null,"schema":{"blockGraphs":[],"customGraphs":[],"default":{"data":{"Article":[],"Course":[],"Dataset":[],"FAQPage":[],"Movie":[],"Person":[],"Product":[],"ProductReview":[],"Car":[],"Recipe":[],"Service":[],"SoftwareApplication":[],"WebPage":[]},"graphName":"Article","isEnabled":true},"graphs":[]},"schema_type":"default","schema_type_options":null,"pillar_content":false,"robots_default":true,"robots_noindex":false,"robots_noarchive":false,"robots_nosnippet":false,"robots_nofollow":false,"robots_noimageindex":false,"robots_noodp":false,"robots_notranslate":false,"robots_max_snippet":"-1","robots_max_videopreview":"-1","robots_max_imagepreview":"large","priority":null,"frequency":"default","local_seo":null,"breadcrumb_settings":null,"limit_modified_date":false,"ai":{"faqs":[],"keyPoints":[],"titles":[],"descriptions":[],"socialPosts":{"email":[],"linkedin":[],"twitter":[],"facebook":[],"instagram":[]}},"created":"2025-07-30 22:39:15","updated":"2025-08-04 15:45:24","seo_analyzer_scan_date":null,"focus_keyword":null,"additional_keywords":null,"truseo_locale":null},"_links":{"self":[{"href":"http:\/\/blog.proofs.de\/it\/wp-json\/wp\/v2\/posts\/6127","targetHints":{"allow":["GET"]}}],"collection":[{"href":"http:\/\/blog.proofs.de\/it\/wp-json\/wp\/v2\/posts"}],"about":[{"href":"http:\/\/blog.proofs.de\/it\/wp-json\/wp\/v2\/types\/post"}],"author":[{"embeddable":true,"href":"http:\/\/blog.proofs.de\/it\/wp-json\/wp\/v2\/users\/2"}],"replies":[{"embeddable":true,"href":"http:\/\/blog.proofs.de\/it\/wp-json\/wp\/v2\/comments?post=6127"}],"version-history":[{"count":9,"href":"http:\/\/blog.proofs.de\/it\/wp-json\/wp\/v2\/posts\/6127\/revisions"}],"predecessor-version":[{"id":6157,"href":"http:\/\/blog.proofs.de\/it\/wp-json\/wp\/v2\/posts\/6127\/revisions\/6157"}],"wp:featuredmedia":[{"embeddable":true,"href":"http:\/\/blog.proofs.de\/it\/wp-json\/wp\/v2\/media\/6140"}],"wp:attachment":[{"href":"http:\/\/blog.proofs.de\/it\/wp-json\/wp\/v2\/media?parent=6127"}],"wp:term":[{"taxonomy":"category","embeddable":true,"href":"http:\/\/blog.proofs.de\/it\/wp-json\/wp\/v2\/categories?post=6127"},{"taxonomy":"post_tag","embeddable":true,"href":"http:\/\/blog.proofs.de\/it\/wp-json\/wp\/v2\/tags?post=6127"}],"curies":[{"name":"wp","href":"https:\/\/api.w.org\/{rel}","templated":true}]}}