{"id":157,"date":"2012-02-15T01:15:25","date_gmt":"2012-02-15T00:15:25","guid":{"rendered":"http:\/\/www.proof.de\/?p=157"},"modified":"2020-04-16T01:40:50","modified_gmt":"2020-04-15T23:40:50","slug":"profiliai-prie-irodymo-idiegimo-taip-ar-ne-2","status":"publish","type":"post","link":"http:\/\/blog.proofs.de\/lt\/profile-fur-den-proof-einbetten-ja-oder-nein\/","title":{"rendered":"\u012eterpti profiliai \u012frodymui? Taip ar ne?"},"content":{"rendered":"<div class=\"kk-star-ratings kksr-auto kksr-align-right kksr-valign-top\" data-payload='{\"align\":\"right\",\"id\":\"157\",\"slug\":\"default\",\"valign\":\"top\",\"ignore\":\"\",\"reference\":\"auto\",\"class\":\"\",\"count\":\"0\",\"legendonly\":\"\",\"readonly\":\"\",\"score\":\"0\",\"starsonly\":\"\",\"best\":\"5\",\"gap\":\"5\",\"greet\":\"Jetzt bewerten\",\"legend\":\"0\\\/5 - (0 votes)\",\"size\":\"24\",\"title\":\"Profile f&uuml;r den Proof einbetten? Ja oder Nein?\",\"width\":\"0\",\"_legend\":\"{score}\\\/{best} - ({count} {votes})\",\"font_factor\":\"1.25\"}'>\n            \n<div class=\"kksr-stars\">\n    \n<div class=\"kksr-stars-inactive\">\n            <div class=\"kksr-star\" data-star=\"1\" style=\"padding-right: 5px\">\n            \n\n<div class=\"kksr-icon\" style=\"width: 24px; height: 24px;\"><\/div>\n        <\/div>\n            <div class=\"kksr-star\" data-star=\"2\" style=\"padding-right: 5px\">\n            \n\n<div class=\"kksr-icon\" style=\"width: 24px; height: 24px;\"><\/div>\n        <\/div>\n            <div class=\"kksr-star\" data-star=\"3\" style=\"padding-right: 5px\">\n            \n\n<div class=\"kksr-icon\" style=\"width: 24px; height: 24px;\"><\/div>\n        <\/div>\n            <div class=\"kksr-star\" data-star=\"4\" style=\"padding-right: 5px\">\n            \n\n<div class=\"kksr-icon\" style=\"width: 24px; height: 24px;\"><\/div>\n        <\/div>\n            <div class=\"kksr-star\" data-star=\"5\" style=\"padding-right: 5px\">\n            \n\n<div class=\"kksr-icon\" style=\"width: 24px; height: 24px;\"><\/div>\n        <\/div>\n    <\/div>\n    \n<div class=\"kksr-stars-active\" style=\"width: 0px;\">\n            <div class=\"kksr-star\" style=\"padding-right: 5px\">\n            \n\n<div class=\"kksr-icon\" style=\"width: 24px; height: 24px;\"><\/div>\n        <\/div>\n            <div class=\"kksr-star\" style=\"padding-right: 5px\">\n            \n\n<div class=\"kksr-icon\" style=\"width: 24px; height: 24px;\"><\/div>\n        <\/div>\n            <div class=\"kksr-star\" style=\"padding-right: 5px\">\n            \n\n<div class=\"kksr-icon\" style=\"width: 24px; height: 24px;\"><\/div>\n        <\/div>\n            <div class=\"kksr-star\" style=\"padding-right: 5px\">\n            \n\n<div class=\"kksr-icon\" style=\"width: 24px; height: 24px;\"><\/div>\n        <\/div>\n            <div class=\"kksr-star\" style=\"padding-right: 5px\">\n            \n\n<div class=\"kksr-icon\" style=\"width: 24px; height: 24px;\"><\/div>\n        <\/div>\n    <\/div>\n<\/div>\n                \n\n<div class=\"kksr-legend\" style=\"font-size: 19.2px;\">\n            <span class=\"kksr-muted\">\u012evertinkite dabar<\/span>\n    <\/div>\n    <\/div>\n<p>Da\u017enai kyla klausimas, ar <a href=\"http:\/\/blog.proofs.de\/lt\/lexikon\/farbprofil\/\" target=\"_self\" title=\"Spalv\u0173 apdorojimo \u012frenginiui b\u016bdingos savyb\u0117s saugomos spalv\u0173 profilyje.  Tokie \u012frenginiai gali b\u016bti skeneriai, spausdintuvai ir monitoriai.  Naudojant spalv\u0173 profilius galima su\u017einoti, koki\u0105 spalv\u0173 gam\u0105 gali rodyti prietaisas.&nbsp;\" class=\"encyclopedia\">Spalv\u0173 profilis<\/a>e PDF failuose, skirtuose <a href=\"http:\/\/blog.proofs.de\/lt\/lexikon\/proof\/\" target=\"_self\" title=\"Bandomasis atspaudas (teisingai: sutartinis atspaudas) - tai ISO 12647-7 sertifikuotas bandomasis \u012ftaisas grafikos pramon\u0117je. Bandomasis atspaudas imituoja ofsetin\u0117s arba giliaspaud\u0117s spaudos spalvingum\u0105 spalvi\u0161kai ir teisi\u0161kai privalomai, laikantis siaur\u0173 ISO standarto leistin\u0173 nuokrypi\u0173.\" class=\"encyclopedia\">\u012erodymas<\/a> tur\u0117t\u0173 b\u016bti \u012fterptas.<\/p>\n<p>Atsakyti \u012f klausim\u0105 b<a href=\"http:\/\/blog.proofs.de\/lt\/lexikon\/ean\/\" target=\"_self\" title=\"EAN = Europos prek\u0117s numeris. 2009 m. EAN buvo pakeistas GTIN = pasauliniu prekybos identifikavimo numeriu.\" class=\"encyclopedia\">ean<\/a>Kad gautume teisingus atsakymus, turime \u0161iek tiek atsitraukti: \u012erodymas yra skirtas <a href=\"http:\/\/blog.proofs.de\/lt\/lexikon\/offsetdruck\/\" target=\"_self\" title=\"Ofsetin\u0117 spauda yra netiesioginis spausdinimo procesas. Netiesioginis spausdinimas rei\u0161kia, kad spausdinimo forma ir substratas tiesiogiai nesilie\u010dia vienas su kitu, bet tarp j\u0173 naudojama terp\u0117, kuri yra perdavimo priemon\u0117. Tai labiausiai paplit\u0119s spausdinimo procesas. Yra: - lak\u0161tin\u0117s ofsetin\u0117s spaudos ma\u0161inos ir - rulonin\u0117s ofsetin\u0117s spaudos ma\u0161inos.\" class=\"encyclopedia\">Ofsetin\u0117 spauda<\/a> imituoti. Ofsetinei spaudai, i\u0161skyrus kelias i\u0161imtis, vaizd\u0173 rinkikliai iki \u0161iol buvo sukonfig\u016bruoti taip, kad 70% juoda spalva faile atrodyt\u0173 kaip 70% juoda spalva ant <a href=\"http:\/\/blog.proofs.de\/lt\/lexikon\/druckplatte\/\" target=\"_self\" title=\"Spausdinimo plok\u0161t\u0117 yra svarbus spausdinimo technologijos elementas, da\u017eniausiai naudojamas plok\u0161\u010diajai spaudai, pavyzd\u017eiui, ofsetinei spaudai. Joje yra spausdinimo ir nespausdinimo sritys, o spausdinimo informacija perkeliama \u012f pagrind\u0105. Paprastai tai atliekama netiesiogiai, t. y. da\u017eniausiai per blanketin\u012f cilindr\u0105. Spausdinimo motyvas i\u0161lyginamas ant spausdinimo plok\u0161t\u0117s, ant antklod\u0117s...\" class=\"encyclopedia\">Sl\u0117gin\u0117 plok\u0161tel\u0117<\/a> atkuriamas, neatsi\u017evelgiant \u012f faile nurodyt\u0105 profil\u012f. Taip pat, ar spausdinti vaizd\u0105, ar <a href=\"http:\/\/blog.proofs.de\/lt\/lexikon\/naturpapier\/\" target=\"_self\" title=\"Tai visi popieriai, kurie nebuvo padengti danga. Nedengtas popierius dar vadinamas nepadengtu popieriumi.\" class=\"encyclopedia\">Nat\u016bralus popierius<\/a> tai netur\u0117jo reik\u0161m\u0117s: 70% faile atitiko 70% plok\u0161tel\u0117je, o parinktas popierius atspind\u0117jo spalv\u0105.<\/p>\n<p>\u012erodymas taip pat prie to prisitaik\u0117: Dauguma \u012frodym\u0173 paslaug\u0173 teik\u0117j\u0173 ignoruoja \u012fterpt\u0105 <a href=\"http:\/\/blog.proofs.de\/lt\/lexikon\/cmyk\/\" target=\"_self\" title='CMYK rei\u0161kia keturias spausdinimo spalvas - \u017eydr\u0105, purpurin\u0119, gelton\u0105 (gelton\u0105) ir &quot;rakt\u0105&quot; (juod\u0105 arba juod\u0105 dal\u012f).' class=\"encyclopedia\">CMYK<\/a> profilius ir tokiu b\u016bdu padaryti t\u0105 pat\u012f su savo kolegomis i\u0161 spaudos leidini\u0173. Netgi naudojant pilkos spalvos skal\u0119, paprastai profili\u0173 nepaisoma ir pilkos spalvos skal\u0117 papras\u010diausiai priskiriama CMYK juodai spalvai. Taigi visi CMYK ir pilkumo skal\u0117s duomenys papras\u010diausiai interpretuojami taip, tarsi jie b\u016bt\u0173 i\u0161vestyje.<a href=\"http:\/\/blog.proofs.de\/lt\/lexikon\/farbraum\/\" target=\"_self\" title=\"Spalv\u0173 erdv\u0117 yra pagr\u012fsta spalv\u0173 modeliu ir yra jo konkretus pritaikymas spalvinimo metodui (spausdintuvui, ekranui ir t. t.). Tod\u0117l joje pateikiamos visos spalvos, kurias i\u0161 tikr\u0173j\u0173 galima atvaizduoti \u0161iuo metodu, ir atitinkamos med\u017eiagos.\" class=\"encyclopedia\">spalv\u0173 erdv\u0117<\/a> sukurta. Jei korekt\u016bra atliekama po \"ISOCoated V2\", visi vaizdai laikomi tokiais, o jei korekt\u016bra atliekama po \"<a href=\"http:\/\/blog.proofs.de\/lt\/lexikon\/pso\/\" target=\"_self\" title='PSO rei\u0161kia &quot;ProcessStandard Offset&quot; (proceso standartas ofsetui), standart\u0105, kur\u012f kartu suk\u016br\u0117 &quot;Fogra&quot; ir Vokietijos spaudos ir \u017einiasklaidos pramon\u0117s federacija. &quot;ProcessStandard Offset&quot; yra ofsetin\u0117s spaudos norm\u0173 ir standartizacijos rinkinys.' class=\"encyclopedia\">PSO<\/a>Uncoated\", tada CMYK vaizdai kuriami \u0161ioje spalv\u0173 erdv\u0117je.<\/p>\n<p>Tai n\u0117ra b\u016bdinga daugumai <a href=\"http:\/\/blog.proofs.de\/lt\/lexikon\/proofen\/\" target=\"_self\" title='&quot;\u012erodymas&quot; - tai \u012frodymo atlikimas arba \u012frodymo u\u017esakymas. &quot;A\u0161 vis dar turiu patikrinti bro\u0161i\u016br\u0105&quot; - tai tipi\u0161ka \u017eod\u017eio &quot;tikrinimas&quot; formuluot\u0117. Taigi korekt\u016bra rei\u0161kia, kad spalvota ir teisi\u0161kai privaloma korekt\u016bra pagaminama pagal dabartin\u012f ISO 12647-7 standart\u0105.' class=\"encyclopedia\">proofen<\/a>failai puikias paslaugas. Problem\u0173 kelia tik \u0161ie dalykai <a href=\"http:\/\/blog.proofs.de\/lt\/lexikon\/rgb\/\" target=\"_self\" title=\"RGB rei\u0161kia raudon\u0105, \u017eali\u0105 ir m\u0117lyn\u0105 spalvas. \u017dmogaus spalvinis matymas pagr\u012fstas \u0161iomis spalvomis.\" class=\"encyclopedia\">RGB<\/a> \u012e duomenis \u012ftrauktos spalvos.<br>\nKadangi RGB spalv\u0173 erdv\u0117 yra gerokai didesn\u0117 u\u017e daugum\u0105 CMYK spalv\u0173 erdvi\u0173, turi b\u016bti ai\u0161ku, i\u0161 kurios spalv\u0173 erdv\u0117s ir pagal kokius kriterijus ji turi b\u016bti konvertuojama \u012f CMYK. Dauguma korekt\u016bros paslaug\u0173 teik\u0117j\u0173 nurodo spalv\u0173 erdv\u0119, i\u0161 kurios konvertuoja pagal nutyl\u0117jim\u0105, jei n\u0117ra RGB spalv\u0173 erdv\u0117s.<a href=\"http:\/\/blog.proofs.de\/lt\/lexikon\/efi\/\" target=\"_self\" title=\"&quot;Electronics For Imaging Inc.&quot;, sutrumpintai EFI, yra JAV bendrov\u0117, gaminanti vien\u0105 i\u0161 pirmaujan\u010di\u0173 pasaulyje korekt\u016bros sistem\u0173: EFI Colorproof XF, nuo 2013 m. - Fiery XF. EFI yra dideli\u0173 spausdinimo sistem\u0173, RIP&#039;\u0173 ir spalv\u0173 valdymo sprendim\u0173, pavyzd\u017eiui, korekt\u016bros, tiek\u0117ja.\" class=\"encyclopedia\">efi<\/a>nizuotas. D\u0117l to gali kilti sunkum\u0173: Daugelis \u012frodym\u0173 studij\u0173, pvz. <a href=\"http:\/\/blog.proofs.de\/lt\/lexikon\/eci\/\" target=\"_self\" title=\"ECI - Europos spalv\u0173 iniciatyva - tai ekspert\u0173 grup\u0117, kuri r\u016bpinasi spalv\u0173 duomen\u0173 apdorojimu leidybos sistemose.\" class=\"encyclopedia\">ECI<\/a>-RGB kaip spalv\u0173 erdv\u0119, nes ji yra didel\u0117 ir optimizuota ofsetinei spaudai; ta\u010diau dauguma skaitmeniniais fotoaparatais gaut\u0173 vaizd\u0173 gaunami i\u0161 <a href=\"http:\/\/blog.proofs.de\/lt\/lexikon\/srgb\/\" target=\"_self\" title=\"sRGB yra pla\u010diausiai naudojama RGB spalv\u0173 erdv\u0117. sRGB yra standartin\u0117 vis\u0173 nebrangi\u0173 skaitmenini\u0173 fotoaparat\u0173 ir skeneri\u0173 spalv\u0173 erdv\u0117. Beveik kiekvienas 8 bit\u0173 RGB failas be profilio \u017eymos atitinka sRGB.\" class=\"encyclopedia\">sRGB<\/a> ir \u0161ios spalv\u0173 erdv\u0117s labai skiriasi. Tod\u0117l svarbu, kad \u012f \u012frodym\u0105 b\u016bt\u0173 \u012fterpta RGB spalv\u0173 erdv\u0117, nes prie\u0161ingu atveju paprastai <a href=\"http:\/\/blog.proofs.de\/lt\/lexikon\/proofs\/\" target=\"_self\" title=\"Poligrafijos sektoriuje bandomieji atspaudai (arba bandomieji atspaudai) rei\u0161kia spalvot\u0105 ir teisi\u0161kai \u012fpareigojan\u010di\u0105 spaudos rezultato imitacij\u0105 kontrol\u0117s tikslais. U\u017e bandomuosius atspaudus atsakingas standartas yra ISO 12647-7:2016, t. y. dabartin\u0117 2016 m. redakcija.\" class=\"encyclopedia\">\u012erodymai<\/a>Programin\u0117s \u012frangos pasirinkta spalv\u0173 erdv\u0117, kuri\u0105 reikia konvertuoti \u012f tikrinam\u0105 CMYK spalv\u0173 erdv\u0119, paprastai n\u0117ra ta spalv\u0173 erdv\u0117, kurioje b\u016bt\u0173 sukurti duomenys.<\/p>","protected":false},"excerpt":{"rendered":"<p>Da\u017enai kyla klausimas, ar spalv\u0173 profiliai tur\u0117t\u0173 b\u016bti \u012fterpti \u012f bandomuosius PDF failus. Norint atsakyti \u012f \u0161\u012f klausim\u0105, reikia \u0161iek tiek i\u0161sipl\u0117sti: Bandomoji versija tur\u0117t\u0173 imituoti v\u0117lesn\u012f ofsetin\u012f spausdinim\u0105. I\u0161skyrus kelias i\u0161imtis, iki \u0161iol ofsetinei spaudai skirti vaizd\u0173 rinkikliai buvo sukonfig\u016bruoti taip, kad 70% juoda spalva faile atkuriama kaip 70% juoda spalva spaudos plok\u0161t\u0117je, neatsi\u017evelgiant \u012f faile nurodyt\u0105 profil\u012f. Taip pat nebuvo svarbu, ar buvo naudojamas vaizd\u0173 spausdinimas, ar nedengtas popierius: 70% faile atitiko 70% ant spausdinimo plok\u0161t\u0117s, pasirinkus popieri\u0173 buvo ... <\/p>\n<p class=\"read-more-container\"><a title=\"\u012eterpti profiliai \u012frodymui? Taip ar ne?\" class=\"read-more button\" href=\"http:\/\/blog.proofs.de\/lt\/profile-fur-den-proof-einbetten-ja-oder-nein\/#more-157\" aria-label=\"Skaityti daugiau apie \u201e\u012eterpti profil\u012f \u012f \u012frodym\u0105? Taip ar ne?\u201c\">Skaityti daugiau<\/a><\/p>","protected":false},"author":2,"featured_media":0,"comment_status":"open","ping_status":"open","sticky":false,"template":"","format":"standard","meta":{"om_disable_all_campaigns":false,"inline_featured_image":false,"_monsterinsights_skip_tracking":false,"footnotes":""},"categories":[1,443,441,442],"tags":[529,33,34,32,519],"class_list":["post-157","post","type-post","status-publish","format-standard","hentry","category-allgemein","category-haeufige-fragen-zu-proofs","category-layout-tipps-und-tricks","category-prozessstandard-offsetdruck-proof-wissen","tag-cmyk","tag-einbetten","tag-eingebettet","tag-farbraum","tag-proof","generate-columns","tablet-grid-50","mobile-grid-100","grid-parent","grid-50","no-featured-image-padding"],"aioseo_notices":[],"aioseo_head":"\n\t\t<!-- All in One SEO 5.0.1.1 - aioseo.com -->\n\t<meta name=\"description\" content=\"Sollen in den Druckdaten, die an die Druckerei bzw. an das Proofstudio geschickt werden, Farbprofile eingebettet werden?\" \/>\n\t<meta name=\"robots\" content=\"max-image-preview:large\" \/>\n\t<meta name=\"author\" content=\"Matthias Betz\"\/>\n\t<meta name=\"google-site-verification\" content=\"TuXxyRwxcEg2-WfOaQ8vScWQh3-uBAnxXmY7g3GT90A\" \/>\n\t<meta name=\"keywords\" content=\"proof,farbraum,einbetten,pdf,cmyk,eingebettet\" \/>\n\t<link rel=\"canonical\" href=\"http:\/\/blog.proofs.de\/lt\/profile-fur-den-proof-einbetten-ja-oder-nein\/\" \/>\n\t<meta name=\"generator\" content=\"All in One SEO (AIOSEO) 5.0.1.1\" \/>\n\n\t\t<meta name=\"seobility\" content=\"593a8578143db71543f014978c690d47\">\n\t\t<meta property=\"og:locale\" content=\"lt_LT\" \/>\n\t\t<meta property=\"og:site_name\" content=\"Proof.de | Alles zu Proof, Farbmanagement, Grafik, Messtechnik &amp; Co.\" \/>\n\t\t<meta property=\"og:type\" content=\"article\" \/>\n\t\t<meta property=\"og:title\" content=\"Farbprofile f\u00fcr den Proof einbetten? | proof.de\" \/>\n\t\t<meta property=\"og:description\" content=\"Sollen in den Druckdaten, die an die Druckerei bzw. an das Proofstudio geschickt werden, Farbprofile eingebettet werden?\" \/>\n\t\t<meta property=\"og:url\" content=\"http:\/\/blog.proofs.de\/lt\/profile-fur-den-proof-einbetten-ja-oder-nein\/\" \/>\n\t\t<meta property=\"og:image\" content=\"http:\/\/blog1.proofen.de\/wp-content\/uploads\/2020\/04\/proof_background.jpg\" \/>\n\t\t<meta property=\"article:published_time\" content=\"2012-02-15T00:15:25+00:00\" \/>\n\t\t<meta property=\"article:modified_time\" content=\"2020-04-15T23:40:50+00:00\" \/>\n\t\t<meta property=\"article:publisher\" content=\"https:\/\/www.facebook.com\/Proof.de\/\" \/>\n\t\t<meta name=\"twitter:card\" content=\"summary\" \/>\n\t\t<meta name=\"twitter:title\" content=\"Farbprofile f\u00fcr den Proof einbetten? | proof.de\" \/>\n\t\t<meta name=\"twitter:description\" content=\"Sollen in den Druckdaten, die an die Druckerei bzw. an das Proofstudio geschickt werden, Farbprofile eingebettet werden?\" \/>\n\t\t<meta name=\"twitter:image\" content=\"https:\/\/blog1.proofen.de\/wp-content\/uploads\/2020\/04\/proof_background.jpg\" \/>\n\t\t<script type=\"application\/ld+json\" class=\"aioseo-schema\">\n\t\t\t{\"@context\":\"https:\\\/\\\/schema.org\",\"@graph\":[{\"@type\":\"Article\",\"@id\":\"http:\\\/\\\/blog.proofs.de\\\/lt\\\/profile-fur-den-proof-einbetten-ja-oder-nein\\\/#article\",\"name\":\"Farbprofile f\\u00fcr den Proof einbetten? | proof.de\",\"headline\":\"Profile f\\u00fcr den Proof einbetten? Ja oder Nein?\",\"author\":{\"@id\":\"http:\\\/\\\/blog.proofs.de\\\/lt\\\/author\\\/mbetz\\\/#author\"},\"publisher\":{\"@id\":\"http:\\\/\\\/blog.proofs.de\\\/lt\\\/#organization\"},\"image\":{\"@type\":\"ImageObject\",\"url\":\"https:\\\/\\\/blog1.proofen.de\\\/wp-content\\\/uploads\\\/2019\\\/09\\\/logo_proof_rgb_mit_balken_250px.png\",\"@id\":\"http:\\\/\\\/blog.proofs.de\\\/lt\\\/#articleImage\"},\"datePublished\":\"2012-02-15T01:15:25+01:00\",\"dateModified\":\"2020-04-16T01:40:50+02:00\",\"inLanguage\":\"lt-LT\",\"mainEntityOfPage\":{\"@id\":\"http:\\\/\\\/blog.proofs.de\\\/lt\\\/profile-fur-den-proof-einbetten-ja-oder-nein\\\/#webpage\"},\"isPartOf\":{\"@id\":\"http:\\\/\\\/blog.proofs.de\\\/lt\\\/profile-fur-den-proof-einbetten-ja-oder-nein\\\/#webpage\"},\"articleSection\":\"Allgemein, H\\u00e4ufige Fragen zu Proofs, Layout Tipps, Prozessstandard Offsetdruck, CMYK, einbetten, eingebettet, Farbraum, Proof\"},{\"@type\":\"BreadcrumbList\",\"@id\":\"http:\\\/\\\/blog.proofs.de\\\/lt\\\/profile-fur-den-proof-einbetten-ja-oder-nein\\\/#breadcrumblist\",\"itemListElement\":[{\"@type\":\"ListItem\",\"@id\":\"http:\\\/\\\/blog.proofs.de\\\/lt#listItem\",\"position\":1,\"name\":\"Home\",\"item\":\"http:\\\/\\\/blog.proofs.de\\\/lt\",\"nextItem\":{\"@type\":\"ListItem\",\"@id\":\"http:\\\/\\\/blog.proofs.de\\\/lt\\\/thema\\\/proof-wissen\\\/#listItem\",\"name\":\"Proof Wissen\"}},{\"@type\":\"ListItem\",\"@id\":\"http:\\\/\\\/blog.proofs.de\\\/lt\\\/thema\\\/proof-wissen\\\/#listItem\",\"position\":2,\"name\":\"Proof Wissen\",\"item\":\"http:\\\/\\\/blog.proofs.de\\\/lt\\\/thema\\\/proof-wissen\\\/\",\"nextItem\":{\"@type\":\"ListItem\",\"@id\":\"http:\\\/\\\/blog.proofs.de\\\/lt\\\/thema\\\/proof-wissen\\\/layout-tipps-und-tricks\\\/#listItem\",\"name\":\"Layout Tipps\"},\"previousItem\":{\"@type\":\"ListItem\",\"@id\":\"http:\\\/\\\/blog.proofs.de\\\/lt#listItem\",\"name\":\"Home\"}},{\"@type\":\"ListItem\",\"@id\":\"http:\\\/\\\/blog.proofs.de\\\/lt\\\/thema\\\/proof-wissen\\\/layout-tipps-und-tricks\\\/#listItem\",\"position\":3,\"name\":\"Layout Tipps\",\"item\":\"http:\\\/\\\/blog.proofs.de\\\/lt\\\/thema\\\/proof-wissen\\\/layout-tipps-und-tricks\\\/\",\"nextItem\":{\"@type\":\"ListItem\",\"@id\":\"http:\\\/\\\/blog.proofs.de\\\/lt\\\/profile-fur-den-proof-einbetten-ja-oder-nein\\\/#listItem\",\"name\":\"Profile f\\u00fcr den Proof einbetten? Ja oder Nein?\"},\"previousItem\":{\"@type\":\"ListItem\",\"@id\":\"http:\\\/\\\/blog.proofs.de\\\/lt\\\/thema\\\/proof-wissen\\\/#listItem\",\"name\":\"Proof Wissen\"}},{\"@type\":\"ListItem\",\"@id\":\"http:\\\/\\\/blog.proofs.de\\\/lt\\\/profile-fur-den-proof-einbetten-ja-oder-nein\\\/#listItem\",\"position\":4,\"name\":\"Profile f\\u00fcr den Proof einbetten? Ja oder Nein?\",\"previousItem\":{\"@type\":\"ListItem\",\"@id\":\"http:\\\/\\\/blog.proofs.de\\\/lt\\\/thema\\\/proof-wissen\\\/layout-tipps-und-tricks\\\/#listItem\",\"name\":\"Layout Tipps\"}}]},{\"@type\":\"Organization\",\"@id\":\"http:\\\/\\\/blog.proofs.de\\\/lt\\\/#organization\",\"name\":\"Proof GmbH\",\"description\":\"Farbverbindlicher Proof, Farbproof, Digitalproof und Online-Proof.\",\"url\":\"http:\\\/\\\/blog.proofs.de\\\/lt\\\/\",\"telephone\":\"+4970717952740\",\"logo\":{\"@type\":\"ImageObject\",\"url\":\"https:\\\/\\\/blog1.proofen.de\\\/wp-content\\\/uploads\\\/2019\\\/09\\\/logo_proof_rgb_mit_balken_250px.png\",\"@id\":\"http:\\\/\\\/blog.proofs.de\\\/lt\\\/profile-fur-den-proof-einbetten-ja-oder-nein\\\/#organizationLogo\"},\"image\":{\"@id\":\"http:\\\/\\\/blog.proofs.de\\\/lt\\\/profile-fur-den-proof-einbetten-ja-oder-nein\\\/#organizationLogo\"},\"sameAs\":[\"https:\\\/\\\/www.facebook.com\\\/Proof.de\\\/\",\"https:\\\/\\\/www.instagram.com\\\/proof.de\\\/\",\"https:\\\/\\\/www.tiktok.com\\\/@proof_de\",\"https:\\\/\\\/www.youtube.com\\\/channel\\\/UCk80fQVQ25wC9wu3SywB-Nw\",\"https:\\\/\\\/www.linkedin.com\\\/company\\\/proof-de\"]},{\"@type\":\"Person\",\"@id\":\"http:\\\/\\\/blog.proofs.de\\\/lt\\\/author\\\/mbetz\\\/#author\",\"url\":\"http:\\\/\\\/blog.proofs.de\\\/lt\\\/author\\\/mbetz\\\/\",\"name\":\"Matthias Betz\",\"image\":{\"@type\":\"ImageObject\",\"@id\":\"http:\\\/\\\/blog.proofs.de\\\/lt\\\/profile-fur-den-proof-einbetten-ja-oder-nein\\\/#authorImage\",\"url\":\"https:\\\/\\\/blog.proofs.de\\\/wp-content\\\/uploads\\\/2020\\\/10\\\/matthias-betz-e1603934518350-150x150.png\",\"width\":96,\"height\":96,\"caption\":\"Matthias Betz\"}},{\"@type\":\"WebPage\",\"@id\":\"http:\\\/\\\/blog.proofs.de\\\/lt\\\/profile-fur-den-proof-einbetten-ja-oder-nein\\\/#webpage\",\"url\":\"http:\\\/\\\/blog.proofs.de\\\/lt\\\/profile-fur-den-proof-einbetten-ja-oder-nein\\\/\",\"name\":\"Farbprofile f\\u00fcr den Proof einbetten? | proof.de\",\"description\":\"Sollen in den Druckdaten, die an die Druckerei bzw. an das Proofstudio geschickt werden, Farbprofile eingebettet werden?\",\"inLanguage\":\"lt-LT\",\"isPartOf\":{\"@id\":\"http:\\\/\\\/blog.proofs.de\\\/lt\\\/#website\"},\"breadcrumb\":{\"@id\":\"http:\\\/\\\/blog.proofs.de\\\/lt\\\/profile-fur-den-proof-einbetten-ja-oder-nein\\\/#breadcrumblist\"},\"author\":{\"@id\":\"http:\\\/\\\/blog.proofs.de\\\/lt\\\/author\\\/mbetz\\\/#author\"},\"creator\":{\"@id\":\"http:\\\/\\\/blog.proofs.de\\\/lt\\\/author\\\/mbetz\\\/#author\"},\"datePublished\":\"2012-02-15T01:15:25+01:00\",\"dateModified\":\"2020-04-16T01:40:50+02:00\"},{\"@type\":\"WebSite\",\"@id\":\"http:\\\/\\\/blog.proofs.de\\\/lt\\\/#website\",\"url\":\"http:\\\/\\\/blog.proofs.de\\\/lt\\\/\",\"name\":\"Proof.de\",\"description\":\"Farbverbindlicher Proof, Farbproof, Digitalproof und Online-Proof.\",\"inLanguage\":\"lt-LT\",\"publisher\":{\"@id\":\"http:\\\/\\\/blog.proofs.de\\\/lt\\\/#organization\"}}]}\n\t\t<\/script>\n\t\t<!-- All in One SEO -->\n\n","aioseo_head_json":{"title":"\u012ediegti spalv\u0173 profilius bandymui? | proof.de","description":"Ar spalv\u0173 profiliai tur\u0117t\u0173 b\u016bti \u012fterpti \u012f spausdinimo duomenis, siun\u010diamus \u012f spausdintuv\u0105 arba korekt\u016bros studij\u0105?","canonical_url":"http:\/\/blog.proofs.de\/lt\/profile-fur-den-proof-einbetten-ja-oder-nein\/","robots":"max-image-preview:large","keywords":"proof,farbraum,einbetten,pdf,cmyk,eingebettet","webmasterTools":{"google-site-verification":"TuXxyRwxcEg2-WfOaQ8vScWQh3-uBAnxXmY7g3GT90A","miscellaneous":"&lt;meta name=\"seobility\" content=\"593a8578143db71543f014978c690d47\"&gt;"},"schema":{"@context":"https:\/\/schema.org","@graph":[{"@type":"Article","@id":"http:\/\/blog.proofs.de\/lt\/profile-fur-den-proof-einbetten-ja-oder-nein\/#article","name":"Farbprofile f\u00fcr den Proof einbetten? | proof.de","headline":"Profile f\u00fcr den Proof einbetten? Ja oder Nein?","author":{"@id":"http:\/\/blog.proofs.de\/lt\/author\/mbetz\/#author"},"publisher":{"@id":"http:\/\/blog.proofs.de\/lt\/#organization"},"image":{"@type":"ImageObject","url":"https:\/\/blog1.proofen.de\/wp-content\/uploads\/2019\/09\/logo_proof_rgb_mit_balken_250px.png","@id":"http:\/\/blog.proofs.de\/lt\/#articleImage"},"datePublished":"2012-02-15T01:15:25+01:00","dateModified":"2020-04-16T01:40:50+02:00","inLanguage":"lt-LT","mainEntityOfPage":{"@id":"http:\/\/blog.proofs.de\/lt\/profile-fur-den-proof-einbetten-ja-oder-nein\/#webpage"},"isPartOf":{"@id":"http:\/\/blog.proofs.de\/lt\/profile-fur-den-proof-einbetten-ja-oder-nein\/#webpage"},"articleSection":"Allgemein, H\u00e4ufige Fragen zu Proofs, Layout Tipps, Prozessstandard Offsetdruck, CMYK, einbetten, eingebettet, Farbraum, Proof"},{"@type":"BreadcrumbList","@id":"http:\/\/blog.proofs.de\/lt\/profile-fur-den-proof-einbetten-ja-oder-nein\/#breadcrumblist","itemListElement":[{"@type":"ListItem","@id":"http:\/\/blog.proofs.de\/lt#listItem","position":1,"name":"Home","item":"http:\/\/blog.proofs.de\/lt","nextItem":{"@type":"ListItem","@id":"http:\/\/blog.proofs.de\/lt\/thema\/proof-wissen\/#listItem","name":"Proof Wissen"}},{"@type":"ListItem","@id":"http:\/\/blog.proofs.de\/lt\/thema\/proof-wissen\/#listItem","position":2,"name":"Proof Wissen","item":"http:\/\/blog.proofs.de\/lt\/thema\/proof-wissen\/","nextItem":{"@type":"ListItem","@id":"http:\/\/blog.proofs.de\/lt\/thema\/proof-wissen\/layout-tipps-und-tricks\/#listItem","name":"Layout Tipps"},"previousItem":{"@type":"ListItem","@id":"http:\/\/blog.proofs.de\/lt#listItem","name":"Home"}},{"@type":"ListItem","@id":"http:\/\/blog.proofs.de\/lt\/thema\/proof-wissen\/layout-tipps-und-tricks\/#listItem","position":3,"name":"Layout Tipps","item":"http:\/\/blog.proofs.de\/lt\/thema\/proof-wissen\/layout-tipps-und-tricks\/","nextItem":{"@type":"ListItem","@id":"http:\/\/blog.proofs.de\/lt\/profile-fur-den-proof-einbetten-ja-oder-nein\/#listItem","name":"Profile f\u00fcr den Proof einbetten? Ja oder Nein?"},"previousItem":{"@type":"ListItem","@id":"http:\/\/blog.proofs.de\/lt\/thema\/proof-wissen\/#listItem","name":"Proof Wissen"}},{"@type":"ListItem","@id":"http:\/\/blog.proofs.de\/lt\/profile-fur-den-proof-einbetten-ja-oder-nein\/#listItem","position":4,"name":"Profile f\u00fcr den Proof einbetten? Ja oder Nein?","previousItem":{"@type":"ListItem","@id":"http:\/\/blog.proofs.de\/lt\/thema\/proof-wissen\/layout-tipps-und-tricks\/#listItem","name":"Layout Tipps"}}]},{"@type":"Organization","@id":"http:\/\/blog.proofs.de\/lt\/#organization","name":"Proof GmbH","description":"Farbverbindlicher Proof, Farbproof, Digitalproof und Online-Proof.","url":"http:\/\/blog.proofs.de\/lt\/","telephone":"+4970717952740","logo":{"@type":"ImageObject","url":"https:\/\/blog1.proofen.de\/wp-content\/uploads\/2019\/09\/logo_proof_rgb_mit_balken_250px.png","@id":"http:\/\/blog.proofs.de\/lt\/profile-fur-den-proof-einbetten-ja-oder-nein\/#organizationLogo"},"image":{"@id":"http:\/\/blog.proofs.de\/lt\/profile-fur-den-proof-einbetten-ja-oder-nein\/#organizationLogo"},"sameAs":["https:\/\/www.facebook.com\/Proof.de\/","https:\/\/www.instagram.com\/proof.de\/","https:\/\/www.tiktok.com\/@proof_de","https:\/\/www.youtube.com\/channel\/UCk80fQVQ25wC9wu3SywB-Nw","https:\/\/www.linkedin.com\/company\/proof-de"]},{"@type":"Person","@id":"http:\/\/blog.proofs.de\/lt\/author\/mbetz\/#author","url":"http:\/\/blog.proofs.de\/lt\/author\/mbetz\/","name":"Matthias Betz","image":{"@type":"ImageObject","@id":"http:\/\/blog.proofs.de\/lt\/profile-fur-den-proof-einbetten-ja-oder-nein\/#authorImage","url":"https:\/\/blog.proofs.de\/wp-content\/uploads\/2020\/10\/matthias-betz-e1603934518350-150x150.png","width":96,"height":96,"caption":"Matthias Betz"}},{"@type":"WebPage","@id":"http:\/\/blog.proofs.de\/lt\/profile-fur-den-proof-einbetten-ja-oder-nein\/#webpage","url":"http:\/\/blog.proofs.de\/lt\/profile-fur-den-proof-einbetten-ja-oder-nein\/","name":"Farbprofile f\u00fcr den Proof einbetten? | proof.de","description":"Sollen in den Druckdaten, die an die Druckerei bzw. an das Proofstudio geschickt werden, Farbprofile eingebettet werden?","inLanguage":"lt-LT","isPartOf":{"@id":"http:\/\/blog.proofs.de\/lt\/#website"},"breadcrumb":{"@id":"http:\/\/blog.proofs.de\/lt\/profile-fur-den-proof-einbetten-ja-oder-nein\/#breadcrumblist"},"author":{"@id":"http:\/\/blog.proofs.de\/lt\/author\/mbetz\/#author"},"creator":{"@id":"http:\/\/blog.proofs.de\/lt\/author\/mbetz\/#author"},"datePublished":"2012-02-15T01:15:25+01:00","dateModified":"2020-04-16T01:40:50+02:00"},{"@type":"WebSite","@id":"http:\/\/blog.proofs.de\/lt\/#website","url":"http:\/\/blog.proofs.de\/lt\/","name":"Proof.de","description":"Farbverbindlicher Proof, Farbproof, Digitalproof und Online-Proof.","inLanguage":"lt-LT","publisher":{"@id":"http:\/\/blog.proofs.de\/lt\/#organization"}}]},"og:locale":"lt_LT","og:site_name":"Proof.de | Alles zu Proof, Farbmanagement, Grafik, Messtechnik &amp; Co.","og:type":"article","og:title":"Farbprofile f\u00fcr den Proof einbetten? | proof.de","og:description":"Sollen in den Druckdaten, die an die Druckerei bzw. an das Proofstudio geschickt werden, Farbprofile eingebettet werden?","og:url":"http:\/\/blog.proofs.de\/lt\/profile-fur-den-proof-einbetten-ja-oder-nein\/","og:image":"http:\/\/blog1.proofen.de\/wp-content\/uploads\/2020\/04\/proof_background.jpg","article:published_time":"2012-02-15T00:15:25+00:00","article:modified_time":"2020-04-15T23:40:50+00:00","article:publisher":"https:\/\/www.facebook.com\/Proof.de\/","twitter:card":"summary","twitter:title":"Farbprofile f\u00fcr den Proof einbetten? | proof.de","twitter:description":"Sollen in den Druckdaten, die an die Druckerei bzw. an das Proofstudio geschickt werden, Farbprofile eingebettet werden?","twitter:image":"https:\/\/blog1.proofen.de\/wp-content\/uploads\/2020\/04\/proof_background.jpg"},"aioseo_meta_data":{"post_id":"157","title":"\u012eterpti spalv\u0173 profilius \u012f bandom\u0105j\u012f spaudin\u012f? | proof.de","description":"Ar spalv\u0173 profiliai tur\u0117t\u0173 b\u016bti \u012fterpti \u012f spausdinimo duomenis, siun\u010diamus \u012f spausdintuv\u0105 arba korekt\u016bros studij\u0105?","keywords":[{"label":"proof","value":"proof"},{"label":"farbraum","value":"farbraum"},{"label":"einbetten","value":"einbetten"},{"label":"PDF","value":"PDF"},{"label":"CMYK","value":"CMYK"}],"keyphrases":null,"primary_term":null,"canonical_url":null,"og_title":null,"og_description":null,"og_object_type":"default","og_image_type":"default","og_image_url":null,"og_image_width":null,"og_image_height":null,"og_image_custom_url":null,"og_image_custom_fields":null,"og_video":null,"og_custom_url":null,"og_article_section":null,"og_article_tags":null,"twitter_use_og":false,"twitter_card":"default","twitter_image_type":"default","twitter_image_url":null,"twitter_image_custom_url":null,"twitter_image_custom_fields":null,"twitter_title":null,"twitter_description":null,"schema":{"blockGraphs":[],"customGraphs":[],"default":{"data":{"Article":[],"Course":[],"Dataset":[],"FAQPage":[],"Movie":[],"Person":[],"Product":[],"ProductReview":[],"Car":[],"Recipe":[],"Service":[],"SoftwareApplication":[],"WebPage":[]},"graphName":"","isEnabled":true},"graphs":[],"defaultGraph":"","defaultPostTypeGraph":""},"schema_type":null,"schema_type_options":null,"pillar_content":false,"robots_default":true,"robots_noindex":false,"robots_noarchive":false,"robots_nosnippet":false,"robots_nofollow":false,"robots_noimageindex":false,"robots_noodp":false,"robots_notranslate":false,"robots_max_snippet":null,"robots_max_videopreview":null,"robots_max_imagepreview":"large","priority":null,"frequency":null,"local_seo":null,"breadcrumb_settings":null,"limit_modified_date":false,"ai":null,"created":"2020-12-21 00:36:00","updated":"2025-06-04 14:11:56","seo_analyzer_scan_date":null,"focus_keyword":null,"additional_keywords":null,"truseo_locale":null},"_links":{"self":[{"href":"http:\/\/blog.proofs.de\/lt\/wp-json\/wp\/v2\/posts\/157","targetHints":{"allow":["GET"]}}],"collection":[{"href":"http:\/\/blog.proofs.de\/lt\/wp-json\/wp\/v2\/posts"}],"about":[{"href":"http:\/\/blog.proofs.de\/lt\/wp-json\/wp\/v2\/types\/post"}],"author":[{"embeddable":true,"href":"http:\/\/blog.proofs.de\/lt\/wp-json\/wp\/v2\/users\/2"}],"replies":[{"embeddable":true,"href":"http:\/\/blog.proofs.de\/lt\/wp-json\/wp\/v2\/comments?post=157"}],"version-history":[{"count":8,"href":"http:\/\/blog.proofs.de\/lt\/wp-json\/wp\/v2\/posts\/157\/revisions"}],"predecessor-version":[{"id":3431,"href":"http:\/\/blog.proofs.de\/lt\/wp-json\/wp\/v2\/posts\/157\/revisions\/3431"}],"wp:attachment":[{"href":"http:\/\/blog.proofs.de\/lt\/wp-json\/wp\/v2\/media?parent=157"}],"wp:term":[{"taxonomy":"category","embeddable":true,"href":"http:\/\/blog.proofs.de\/lt\/wp-json\/wp\/v2\/categories?post=157"},{"taxonomy":"post_tag","embeddable":true,"href":"http:\/\/blog.proofs.de\/lt\/wp-json\/wp\/v2\/tags?post=157"}],"curies":[{"name":"wp","href":"https:\/\/api.w.org\/{rel}","templated":true}]}}