{"id":5023,"date":"2022-11-08T13:53:19","date_gmt":"2022-11-08T12:53:19","guid":{"rendered":"https:\/\/www.proof.de\/?p=5023"},"modified":"2023-07-20T09:16:32","modified_gmt":"2023-07-20T07:16:32","slug":"myiro-9","status":"publish","type":"post","link":"http:\/\/blog.proofs.de\/lt\/myiro-9\/","title":{"rendered":"MYIRO-9: naudojamas naujas \"KonicaMinolta\" kolorimetras"},"content":{"rendered":"<div class=\"kk-star-ratings kksr-auto kksr-align-right kksr-valign-top\" data-payload='{\"align\":\"right\",\"id\":\"5023\",\"slug\":\"default\",\"valign\":\"top\",\"ignore\":\"\",\"reference\":\"auto\",\"class\":\"\",\"count\":\"1\",\"legendonly\":\"\",\"readonly\":\"\",\"score\":\"5\",\"starsonly\":\"\",\"best\":\"5\",\"gap\":\"5\",\"greet\":\"Jetzt bewerten\",\"legend\":\"5\\\/5 - (1 vote)\",\"size\":\"24\",\"title\":\"MYIRO-9: Neues Farbmessger&auml;t von KonicaMinolta im Einsatz\",\"width\":\"142.5\",\"_legend\":\"{score}\\\/{best} - ({count} {votes})\",\"font_factor\":\"1.25\"}'>\n            \n<div class=\"kksr-stars\">\n    \n<div class=\"kksr-stars-inactive\">\n            <div class=\"kksr-star\" data-star=\"1\" style=\"padding-right: 5px\">\n            \n\n<div class=\"kksr-icon\" style=\"width: 24px; height: 24px;\"><\/div>\n        <\/div>\n            <div class=\"kksr-star\" data-star=\"2\" style=\"padding-right: 5px\">\n            \n\n<div class=\"kksr-icon\" style=\"width: 24px; height: 24px;\"><\/div>\n        <\/div>\n            <div class=\"kksr-star\" data-star=\"3\" style=\"padding-right: 5px\">\n            \n\n<div class=\"kksr-icon\" style=\"width: 24px; height: 24px;\"><\/div>\n        <\/div>\n            <div class=\"kksr-star\" data-star=\"4\" style=\"padding-right: 5px\">\n            \n\n<div class=\"kksr-icon\" style=\"width: 24px; height: 24px;\"><\/div>\n        <\/div>\n            <div class=\"kksr-star\" data-star=\"5\" style=\"padding-right: 5px\">\n            \n\n<div class=\"kksr-icon\" style=\"width: 24px; height: 24px;\"><\/div>\n        <\/div>\n    <\/div>\n    \n<div class=\"kksr-stars-active\" style=\"width: 142.5px;\">\n            <div class=\"kksr-star\" style=\"padding-right: 5px\">\n            \n\n<div class=\"kksr-icon\" style=\"width: 24px; height: 24px;\"><\/div>\n        <\/div>\n            <div class=\"kksr-star\" style=\"padding-right: 5px\">\n            \n\n<div class=\"kksr-icon\" style=\"width: 24px; height: 24px;\"><\/div>\n        <\/div>\n            <div class=\"kksr-star\" style=\"padding-right: 5px\">\n            \n\n<div class=\"kksr-icon\" style=\"width: 24px; height: 24px;\"><\/div>\n        <\/div>\n            <div class=\"kksr-star\" style=\"padding-right: 5px\">\n            \n\n<div class=\"kksr-icon\" style=\"width: 24px; height: 24px;\"><\/div>\n        <\/div>\n            <div class=\"kksr-star\" style=\"padding-right: 5px\">\n            \n\n<div class=\"kksr-icon\" style=\"width: 24px; height: 24px;\"><\/div>\n        <\/div>\n    <\/div>\n<\/div>\n                \n\n<div class=\"kksr-legend\" style=\"font-size: 19.2px;\">\n            5\/5 - (1 balsas)    <\/div>\n    <\/div>\n\n<p class=\"wp-block-paragraph translation-block\">Pastaruosius kelis m\u0117nesius mes, <a href=\"https:\/\/blog1.proofen.de\/es\/lexico-2\/prueba\/\" target=\"_self\" class=\"encyclopedia tooltipstered\">Proof<\/a>.de, galvojome, kaip dar labiau patobulinti m\u016bs\u0173 ir taip labai ger\u0105 spalv\u0173 matavimo technologij\u0105 grei\u010dio ir matavimo tikslumo po\u017ei\u016briu. Greitai tapo ai\u0161ku, kad tinkami bus tik du prietaisai: KonicaMinolta MYIRO-9, buvusio FD-9 \u012fp\u0117dinis, arba X-Rite ISIS 2 XL.<\/p>\n\n\n\n<p class=\"wp-block-paragraph translation-block\">Atskaitos ta\u0161kas: Kadangi Proof GmbH turime 5 bandym\u0173 \u012frenginius, profilio optimizavimo tiksl\u0173 matavimas mums reikalauja daug laiko. \u0160tai kod\u0117l pastaruosius kelis m\u0117nesius ie\u0161kojome, kaip patobulinti ankstesn\u012f \"X-Rite i1-iO\" stal\u0105, nes visuomet susidurdavome su tokia problema: prad\u0117j\u0119 iteracin\u012f <a href=\"https:\/\/blog1.proofen.de\/es\/lexico-2\/medicion-del-color\/\" target=\"_self\" class=\"encyclopedia tooltipstered\">spalv\u0173 matavim\u0105<\/a> profiliui optimizuoti, visuomet tur\u0117davome i\u0161matuoti du taikinius per vien\u0105 matavimo serij\u0105. O kalibruoti i1-iO lentel\u0117je rei\u0161kia tris kartus spustel\u0117ti taikin\u012f ir dar kart\u0105 spustel\u0117ti, kad b\u016bt\u0173 prad\u0117tas matavimas. Po keli\u0173 minu\u010di\u0173 buvo sukalibruotas pirmasis taikinys, kur\u012f reik\u0117jo nuimti nuo matavimo stalo, u\u017ed\u0117ti nauj\u0105 taikin\u012f, dar kart\u0105 spustel\u0117ti tris kartus, tada spustel\u0117ti \"Matuoti\" ir tada tam tikru momentu buvo sukalibruota <a href=\"https:\/\/blog1.proofen.de\/es\/lexico-2\/grafico-de-control-it8\/\" target=\"_self\" class=\"encyclopedia tooltipstered\">IT8<\/a> diagrama su 1 617 arba, modifikuoto taikinio atveju, daugiau kaip 1 800 matavimo lauk\u0173. Po to visa tai buvo optimizuota, o tada gr\u012f\u017eta prie kito spausdinimo, matavimo ir optimizavimo rato, ir - priklausomai nuo optimizavimo rezultat\u0173 - tai kartojama 3-4 kartus kiekvienam spausdintuvui ir kiekvienam <a href=\"https:\/\/blog1.proofen.de\/es\/lexico-2\/pruebas\/\" target=\"_self\" class=\"encyclopedia tooltipstered\">pavir\u0161iui<\/a>. Kadangi atliekant M1 matavimus iO lentel\u0117 taip pat turi paleisti kiekvien\u0105 eilut\u0119 du kartus, matavimo greitis buvo dar labiau suma\u017eintas visiems <a href=\"https:\/\/blog1.proofen.de\/es\/lexico-2\/oba\/\" target=\"_self\" class=\"encyclopedia tooltipstered\">OBA<\/a> turintiems bandomiesiems substratams.<\/p>\n\n\n\n<p class=\"wp-block-paragraph\"><\/p>\n\n\n\n<h2 class=\"wp-block-heading\">M\u016bs\u0173 pasirinkimas: \"KonicaMinolta MYIRO-9<\/h2>\n\n\n\n<figure class=\"wp-block-embed is-type-video is-provider-youtube wp-block-embed-youtube wp-embed-aspect-16-9 wp-has-aspect-ratio\"><div class=\"wp-block-embed__wrapper\">\n<iframe loading=\"lazy\" hcb-fetch-image-from=\"https:\/\/youtu.be\/yGk9G4yxHbU?rel=0\" title=\"Proof.de: Naudojamas naujas &quot;KonicaMinolta&quot; spalvinis matuoklis MYIRO-9\" width=\"1200\" height=\"675\" src=\"https:\/\/www.youtube.com\/embed\/yGk9G4yxHbU?feature=oembed\" frameborder=\"0\" allow=\"accelerometer; autoplay; clipboard-write; encrypted-media; gyroscope; picture-in-picture; web-share\" allowfullscreen><\/iframe>\n<\/div><\/figure>\n\n\n\n<p class=\"wp-block-paragraph\">Po tam tikr\u0173 svarstym\u0173 nusprend\u0117me pasirinkti \"KonicaMinolta MYIRO-9\", kod\u0117l? Buvo kelios ai\u0161kios prie\u017eastys, kod\u0117l pasirinkome \"X-Rite ISIS 2 XL\": D\u0117l gero suderinimo \"X-Rite\" \u0161eimoje b\u016btume lik\u0119 toliau \"X-Rite\" pasaulyje, prietaisas yra greitas ir turi ma\u017e\u0105 nuokryp\u012f nuo matuoklio iki matuoklio ir nuo matavimo iki matavimo... ir d\u0117l gero suderinimo \"X-Rite\" \u0161eimoje tikrai b\u016btume pasiek\u0119 labai ger\u0173 rezultat\u0173. Ta\u010diau MYIRO-9 yra tiesiog laipteliu geresnis pagal greit\u012f ir matavimo tikslum\u0105 nei konkuruojantis \"X-Rite\" prietaisas. <\/p>\n\n\n<div class=\"wp-block-image\">\n<figure class=\"alignright size-large is-resized\"><a href=\"https:\/\/blog1.proofen.de\/wp-content\/uploads\/2022\/10\/Bildschirmfoto-2022-10-20-um-01.50.09.png\"><img loading=\"lazy\" decoding=\"async\" src=\"https:\/\/blog1.proofen.de\/wp-content\/uploads\/2022\/10\/Bildschirmfoto-2022-10-20-um-01.50.09-1024x526.png\" alt=\"Naujasis &quot;KonicaMinolta&quot; MYIRO-9 naudojamas parodoje Proof GmbH Tiubingene, Vokietijoje.\" class=\"wp-image-5051\" width=\"439\" height=\"226\" srcset=\"https:\/\/blog.proofs.de\/wp-content\/uploads\/2022\/10\/Bildschirmfoto-2022-10-20-um-01.50.09-1024x526.png 1024w, https:\/\/blog.proofs.de\/wp-content\/uploads\/2022\/10\/Bildschirmfoto-2022-10-20-um-01.50.09-300x154.png 300w, https:\/\/blog.proofs.de\/wp-content\/uploads\/2022\/10\/Bildschirmfoto-2022-10-20-um-01.50.09-768x394.png 768w, https:\/\/blog.proofs.de\/wp-content\/uploads\/2022\/10\/Bildschirmfoto-2022-10-20-um-01.50.09.png 1336w\" sizes=\"auto, (max-width: 439px) 100vw, 439px\"><\/a><\/figure>\n<\/div>\n\n\n<p class=\"wp-block-paragraph\">Vos per 4 minutes galima i\u0161matuoti apie 1 500 spalvini\u0173 d\u0117mi\u0173, o per vien\u0105 matavimo cikl\u0105 - M0\/M1\/M2. Prakti\u0161kai taikin\u012f su 1617 d\u0117mi\u0173 galima visi\u0161kai i\u0161matuoti per ma\u017edaug 5 minutes. Trumpalaikis pasikartojamumas yra \u0394E00 0,05, o prietaiso suderinamumas - \u0394E00 0,3, tod\u0117l jis taip pat matuoja itin tiksliai. <\/p>\n\n\n\n<p class=\"wp-block-paragraph translation-block\">\u012esp\u016bdinga: MYIRO-9 ne tik keliauja i\u0161ilgai matavimo linijos, bet ir<a href=\"https:\/\/blog1.proofen.de\/es\/lexico-2\/opp\/\" target=\"_self\" class=\"encyclopedia tooltipstered\">opp<\/a> itin trumpai aplanko kiekvien\u0105 lauk\u0105, i\u0161matuoja, o tada pereina prie kito lauko ir kito matavimo - ir tai daro itin dideliu grei\u010diu. Ir nors i\u0161 prad\u017ei\u0173 buvome \u0161iek tiek skepti\u0161ki: Net ir su tekst\u016briniais pavir\u0161iais, tokiais kaip drob\u0117, iki \u0161iol jis tiksliai ir gerai u\u017efiksavo visus matavimus ir pateik\u0117 greitus matavimo rezultatus.<\/p>\n\n\n\n<p class=\"wp-block-paragraph\">Be to, jis turi dar vien\u0105 privalum\u0105: jis turi temperat\u016bros kompensavimo funkcij\u0105, kuri kompensuoja matavimo prietaiso \u012fkaitim\u0105, ypa\u010d ilgesnio naudojimo metu. Kadangi vien per vien\u0105 \u012fprast\u0173 kontrolini\u0173 dokument\u0173 matavimo cikl\u0105 savo kontroliniais spausdintuvais turime i\u0161matuoti apie 100 000 lauk\u0173, temperat\u016bros svyravimo kompensavimas \u010dia yra suprantamas argumentas.&nbsp;<\/p>\n\n\n\n<p class=\"wp-block-paragraph\"><a href=\"https:\/\/www.myiro.com\" target=\"_blank\" rel=\"noopener\" title=\"MYIRO.com KonicaMinolta svetain\u0117, kurioje pateikiama daugiau informacijos apie MYIRO-9 ir MYIRO-1\">Daugiau informacijos apie MYIRO-9 rasite MYIRO svetain\u0117je: MYIRO.com<\/a><\/p>\n\n\n\n<p class=\"wp-block-paragraph\">Po diskusij\u0173 su Claasu Bickeb\u00f6lleriu i\u0161 \"KonicaMinolta\" ir Jan-Peteriu Homannu i\u0161 \"Homann Colormanagement\" nusprend\u0117me \u012fsigyti \u012frengin\u012f, nepaisant kai kuri\u0173 apra\u0161yt\u0173 neai\u0161kum\u0173: Papildomas greitis ir tikslumas buvo tiesiog per daug viliojantys.&nbsp;<\/p>\n\n\n\n<h2 class=\"wp-block-heading\">MYIRO-9: puikiai tinka m\u016bs\u0173 \u012frodym\u0173 matavimo pasaulyje<\/h2>\n\n\n\n<p class=\"wp-block-paragraph translation-block\">M\u016bs\u0173 MYIRO-9 naudojamas jau kelias savaites ir jau buvo atliktas ne vienas bandymas. Pirmiausia patikrinome atitikimo tikslum\u0105 su ankstesniais i1-iO matavimais, naudodami du X-Rite i1 Pro-2 ir penkis X-Rite ILS-30 matavimo prietaisus, kad i\u0161analizuotume, kaip KonicaMinolta prietaisas tiks m\u016bs\u0173 matavimo aplinkoje. Kadangi visuose m\u016bs\u0173 bandomuosiuose spausdintuvuose \u012fdiegta \"Spectroproofer\", atskir\u0173 bandom\u0173j\u0173 prietais\u0173 kalibravim\u0105 ir linijin\u012f suderinim\u0105 visada atlieka bandomuosiuose spausdintuvuose \u012fmontuoti ILS-30 matavimo prietaisai, o kiekvieno bandomojo substrato <a href=\"https:\/\/blog1.proofen.de\/es\/lexico-2\/icc\/\" target=\"_self\" class=\"encyclopedia tooltipstered\">ICC<\/a> profiliai taip pat sukuriami naudojant ILS-30.<\/p>\n\n\n\n<p class=\"wp-block-paragraph\">Tuomet prad\u0117jome profilio optimizavim\u0105 kiekvienoje bandym\u0173 formoje ir vizualiai bei metrologi\u0161kai palyginome naujojo optimizavimo rezultatus su ankstesniais bandym\u0173 rezultatais, naudodami m\u016bs\u0173 bandym\u0173 formas. Kai buvo ai\u0161ku, kad galime be problem\u0173 pereiti prie kito modelio, galiausiai kelias dienas su MYIRO-9 optimizavome profil\u012f ant vis\u0173 bandom\u0173j\u0173 substrat\u0173 ir dar kart\u0105 sutikrinome rezultatus. Nerad\u0119 joki\u0173 sunkum\u0173 ir \u010dia, spalio prad\u017eioje visus darbo srautus perjung\u0117me \u012f nauj\u0105j\u012f MYIRO-9 profili\u0173 optimizavim\u0105.<\/p>\n\n\n\n<p class=\"wp-block-paragraph translation-block\">Vien per pirm\u0105j\u012f bandym\u0105 MYIRO-9 tur\u0117jo i\u0161matuoti beveik 200 000 lauk\u0173, kad visas darbo eigas b\u016bt\u0173 galima pertvarkyti \u012f nauj\u0105j\u012f profilio optimizavim\u0105, o prietaisas tai padar\u0117 puikiai<a href=\"https:\/\/blog1.proofen.de\/es\/lexico-2\/led\/\" target=\"_self\" class=\"encyclopedia tooltipstered\">led<\/a>. Artimiausiomis savait\u0117mis toliau konvertuosime daugiau specializuot\u0173 klientams ir projektams skirt\u0173 darbo sraut\u0173. Ta\u010diau jau dabar ai\u0161ku, kad m\u016bs\u0173 naujasis matavimo prietaisas buvo teisingas pasirinkimas.<\/p>\n\n\n\n<h2 class=\"wp-block-heading\">Tinklo komandos \u017eaid\u0117jas<\/h2>\n\n\n\n<p class=\"wp-block-paragraph\">Kitas svarbus kriterijus, l\u0117m\u0119s m\u016bs\u0173 sprendim\u0105 pasirinkti MYIRO-9, buvo jo tinklo galimyb\u0117s. <\/p>\n\n\n\n<p class=\"wp-block-paragraph translation-block\">Kadangi d\u0117l \"tr\u016bk\u010diojan\u010dios\" matavimo galvut\u0117s, kuri\u0105 sukelia vieno lauko matavimas, matavimas MYIRO-9 yra garsesnis nei naudojant \"X-Rite\" iO lenteles be ventiliatoriaus, matavimo prietais\u0105 \u012freng\u0117me bandym\u0173 kambaryje, kur jis yra toli nuo m\u016bs\u0173 <a href=\"https:\/\/blog1.proofen.de\/es\/lexico-2\/efi\/\" target=\"_self\" class=\"encyclopedia tooltipstered\">EFI<\/a> ir <a href=\"https:\/\/blog1.proofen.de\/es\/lexico-2\/gmg\/\" target=\"_self\" class=\"encyclopedia tooltipstered\">GMG<\/a> serveri\u0173. Ta\u010diau kadangi MYIRO-9 galima tiesiog prijungti prie tinklo per Ethernet, jis prieinamas visoms m\u016bs\u0173 programoms nepriklausomai nuo j\u0173 buvimo vietos. Nesvarbu, ar <a href=\"https:\/\/blog1.proofen.de\/es\/lexico-2\/ardiente\/\" target=\"_self\" class=\"encyclopedia tooltipstered\">Fiery<\/a> XF, GMG Colorproof, ar \"Colorlogic\" produktai, kuri\u0173 kai kuriuos naudojame <a href=\"https:\/\/blog1.proofen.de\/es\/lexico-2\/utilice\/\" target=\"_self\" class=\"encyclopedia tooltipstered\">i\u0161 darbo vietos<\/a>, visi jie gali pasiekti MYIRO-9, nes nereikia USB jungties.<\/p>\n\n\n\n<h2 class=\"wp-block-heading\">MYIRO-9: I\u0161vada<\/h2>\n\n\n\n<p class=\"wp-block-paragraph\">Pirkim\u0105 l\u0117m\u0117 \u0161ie dalykai: <\/p>\n\n\n\n<ul class=\"wp-block-list\">\n<li><strong>Greitis<\/strong>Dabar svarbiausi\u0173 m\u016bs\u0173 bandom\u0173j\u0173 substrat\u0173 optimizavimas trunka ne savaites, o tik kelias dienas. Viena vertus, MYIRO-9 yra daug greitesnis, kita vertus, mums reikia ma\u017eiau taikini\u0173, nes MYIRO-9 gali i\u0161matuoti daugiau matavimo lauk\u0173 viename taikinyje vienu \u0161\u016bviu. <\/li>\n\n\n\n<li><strong>Tikslumas<\/strong>: Trumpalaikis pakartojamumas ir nuokrypis tarp matavim\u0173 naudojant MYIRO-9 yra daug geresni nei naudojant ankstesn\u012f matavimo sprendim\u0105. \u0160is didesnis tikslumas naudingas visiems m\u016bs\u0173 klientams, nes mes galime gaminti bandomuosius dokumentus su dar ma\u017eesniais leistinais nuokrypiais.<\/li>\n\n\n\n<li><strong>Ry\u0161iai:<\/strong> Tinklo jungtis leid\u017eia lengvai prijungti prie MYIRO-9 vis\u0105 m\u016bs\u0173 tikrinimo programin\u0119 \u012frang\u0105 ir profiliavimo sprendimus, nes nereikia USB jungties prie vieno serverio ar darbo vietos.<\/li>\n<\/ul>\n\n\n\n<p class=\"wp-block-paragraph\">MYIRO-9 tikrai pateisino m\u016bs\u0173 l\u016bkes\u010dius. Mums vis\u0173 pirma naudingas didesnis greitis, o m\u016bs\u0173 klientams - didesnis MYIRO-9 tikslumas, palyginti su ankstesniu matavimo sprendimu. <\/p>\n\n\n\n<p class=\"wp-block-paragraph translation-block\">Ar yra koki\u0173 nors tr\u016bkum\u0173? Nedideli: MYIRO-9 n\u0117ra pigus. Ta\u010diau, \u017einoma, jis taip pat yra techni\u0161kai sud\u0117tingesnis u\u017e daugel\u012f kit\u0173 prietais\u0173. Dar vienas tr\u016bkumas yra tas, kad \"KonicaMinolta MYIRO Tools\" nemokam\u0173 programin\u0117s \u012frangos komponent\u0173 funkcijos n\u0117ra tokios gausios: Ta\u010diau jie bent jau pateikia ekrano kalibravim\u0105 (kuris, \u017einoma, neveikia su MYIRO-9, o tik su MYIRO-1), turi <a href=\"https:\/\/blog1.proofen.de\/es\/lexico-2\/fogra\/\" target=\"_self\" class=\"encyclopedia tooltipstered\">Fogra<\/a> <a href=\"https:\/\/blog1.proofen.de\/es\/lexico-2\/cuna-mediatica\/\" target=\"_self\" class=\"encyclopedia tooltipstered\">media wedge<\/a> licencij\u0105 ir gali matuoti diagramas, lyginti matavimus ir atlikti homogeni\u0161kumo vertinim\u0105. Jei jums reikia daugiau funkcij\u0173 ir neturite \"Fiery\", GMG ir \"Colorlogic\" programin\u0117s \u012frangos, kuri veikt\u0173 su MYIRO-9, kaip mes, tur\u0117site skirti biud\u017eet\u0105 ne tik MYIRO-9, bet ir MYIRO Tools \"Basic\" ir \"Advanced\" programin\u0117s \u012frangos funkcijoms, kaip ir kiti gamintojai.<\/p>\n\n\n\n<p class=\"wp-block-paragraph\">Padar\u0117me labai teigiam\u0105 i\u0161vad\u0105: \"KonicaMinolta MYIRO-9\" mums tikrai buvo tinkama investicija ir padeda mums savo grei\u010diu ir tikslumu. \u0160iuo po\u017ei\u016briu MYIRO-9 labai gerai dera su Proof GmbH ... \ud83d\ude42<\/p>\n\n\n\n<p class=\"wp-block-paragraph\"> <\/p>","protected":false},"excerpt":{"rendered":"<p>Pastaruosius kelis m\u0117nesius Proof.de svarst\u0117me, kaip dar labiau patobulinti m\u016bs\u0173 ir taip labai ger\u0105 spalv\u0173 matavimo technologij\u0105, kad ji b\u016bt\u0173 greitesn\u0117 ir tikslesn\u0117. Greitai tapo ai\u0161ku, kad galima svarstyti tik apie du prietaisus: KonicaMinolta MYIRO-9, ankstesnio FD-9 \u012fp\u0117dinis, arba X-Rite ISIS 2 XL.  Atskaitos ta\u0161kas: Kadangi Proof GmbH turime 5 bandomuosius prietaisus, taikini\u0173 kalibravimas profiliams optimizuoti mums yra labai svarbus laiko at\u017evilgiu. \u0160tai kod\u0117l pastaruosius kelis m\u0117nesius ie\u0161kojome, kuo patobulinti ankstesn\u012f \"X-Rite i1-iO\" stal\u0105, nes ... <\/p>\n<p class=\"read-more-container\"><a title=\"MYIRO-9: naudojamas naujas &quot;KonicaMinolta&quot; kolorimetras\" class=\"read-more button\" href=\"http:\/\/blog.proofs.de\/lt\/myiro-9\/#more-5023\" aria-label=\"Skaityti daugiau apie MYIRO-9: naudojamas naujas &quot;KonicaMinolta&quot; spalv\u0173 matavimo prietaisas\">Skaityti daugiau<\/a><\/p>","protected":false},"author":2,"featured_media":5113,"comment_status":"open","ping_status":"open","sticky":false,"template":"","format":"standard","meta":{"om_disable_all_campaigns":false,"inline_featured_image":false,"_monsterinsights_skip_tracking":false,"footnotes":""},"categories":[1,437],"tags":[1337,1346,1345,1338,475,167,561,1344,1033,806,1336,1341,423,1342,1340,1335,1334,1339,1343,479],"class_list":["post-5023","post","type-post","status-publish","format-standard","has-post-thumbnail","hentry","category-allgemein","category-proof-software-und-technik","tag-claas-bickeboeller","tag-colorlogic","tag-colorproof","tag-farbmessgeraet","tag-fiery","tag-fiery-xf","tag-gmg","tag-gmg-colorproof","tag-i1","tag-i1pro2","tag-konicaminolta-sensing","tag-m0","tag-m1","tag-m2","tag-messgeraet","tag-myiro","tag-myiro-9","tag-spektralmessgeraet","tag-streifenmessung","tag-x-rite","generate-columns","tablet-grid-50","mobile-grid-100","grid-parent","grid-50","no-featured-image-padding","resize-featured-image"],"aioseo_notices":[],"aioseo_head":"\n\t\t<!-- All in One SEO 5.0.1.1 - aioseo.com -->\n\t<meta name=\"description\" content=\"Bei Proof.de haben wir unser neues Farbmessger\u00e4t MYIRO-9 von KonicaMinolta in Betrieb genommen und k\u00f6nnen jetzt noch schneller und pr\u00e4ziser messen.\" \/>\n\t<meta name=\"robots\" content=\"max-image-preview:large\" \/>\n\t<meta name=\"author\" content=\"Matthias Betz\"\/>\n\t<meta name=\"google-site-verification\" content=\"TuXxyRwxcEg2-WfOaQ8vScWQh3-uBAnxXmY7g3GT90A\" \/>\n\t<meta name=\"keywords\" content=\"claas bickeb\u00f6ller,colorlogic,colorproof,farbmessger\u00e4t,fiery,fiery xf,gmg,gmg colorproof,i1,i1pro2,konicaminolta sensing,m0,m1,m2,messger\u00e4t,myiro,myiro-9,spektralmessger\u00e4t,streifenmessung,x-rite\" \/>\n\t<link rel=\"canonical\" href=\"http:\/\/blog.proofs.de\/lt\/myiro-9\/\" \/>\n\t<meta name=\"generator\" content=\"All in One SEO (AIOSEO) 5.0.1.1\" \/>\n\n\t\t<meta name=\"seobility\" content=\"593a8578143db71543f014978c690d47\">\n\t\t<meta property=\"og:locale\" content=\"lt_LT\" \/>\n\t\t<meta property=\"og:site_name\" content=\"Proof.de | Alles zu Proof, Farbmanagement, Grafik, Messtechnik &amp; Co.\" \/>\n\t\t<meta property=\"og:type\" content=\"article\" \/>\n\t\t<meta property=\"og:title\" content=\"MYIRO-9: Neues Farbmessger\u00e4t von KonicaMinolta im Einsatz | Proof.de\" \/>\n\t\t<meta property=\"og:description\" content=\"In den letzten Monaten haben wir bei Proof.de \u00fcberlegt, unsere bereits sehr gute Farbmesstechnik in Sachen Geschwindigkeit und Messpr\u00e4zision weiter zu verbessern. Relativ schnell war klar, da\u00df daf\u00fcr nur zwei Ger\u00e4te in Frage kommen: Das KonicaMinolta MYIRO-9, der Nachfolger des fr\u00fcheren FD-9 oder das X-Rite ISIS 2 XL. Der Ausgangspunkt: Da wir bei der Proof GmbH\" \/>\n\t\t<meta property=\"og:url\" content=\"http:\/\/blog.proofs.de\/lt\/myiro-9\/\" \/>\n\t\t<meta property=\"og:image\" content=\"http:\/\/blog1.proofen.de\/wp-content\/uploads\/2022\/11\/Bildschirm\u00adfoto-2022-11-08-um-17.50.36.jpg\" \/>\n\t\t<meta property=\"og:image:width\" content=\"2239\" \/>\n\t\t<meta property=\"og:image:height\" content=\"1202\" \/>\n\t\t<meta property=\"og:video\" content=\"http:\/\/www.youtube.com\/watch?v=yGk9G4yxHbU\" \/>\n\t\t<meta property=\"article:published_time\" content=\"2022-11-08T12:53:19+00:00\" \/>\n\t\t<meta property=\"article:modified_time\" content=\"2023-07-20T07:16:32+00:00\" \/>\n\t\t<meta property=\"article:publisher\" content=\"https:\/\/www.facebook.com\/Proof.de\/\" \/>\n\t\t<meta name=\"twitter:card\" content=\"summary\" \/>\n\t\t<meta name=\"twitter:title\" content=\"MYIRO-9: Neues Farbmessger\u00e4t von KonicaMinolta im Einsatz | Proof.de\" \/>\n\t\t<meta name=\"twitter:description\" content=\"In den letzten Monaten haben wir bei Proof.de \u00fcberlegt, unsere bereits sehr gute Farbmesstechnik in Sachen Geschwindigkeit und Messpr\u00e4zision weiter zu verbessern. Relativ schnell war klar, da\u00df daf\u00fcr nur zwei Ger\u00e4te in Frage kommen: Das KonicaMinolta MYIRO-9, der Nachfolger des fr\u00fcheren FD-9 oder das X-Rite ISIS 2 XL. Der Ausgangspunkt: Da wir bei der Proof GmbH\" \/>\n\t\t<meta name=\"twitter:image\" content=\"https:\/\/blog1.proofen.de\/wp-content\/uploads\/2022\/11\/Bildschirm\u00adfoto-2022-11-08-um-17.50.36.jpg\" \/>\n\t\t<script type=\"application\/ld+json\" class=\"aioseo-schema\">\n\t\t\t{\"@context\":\"https:\\\/\\\/schema.org\",\"@graph\":[{\"@type\":\"Article\",\"@id\":\"http:\\\/\\\/blog.proofs.de\\\/lt\\\/myiro-9\\\/#article\",\"name\":\"MYIRO-9: Neues Farbmessger\\u00e4t im Einsatz | proof.de\",\"headline\":\"MYIRO-9: Neues Farbmessger\\u00e4t von KonicaMinolta im Einsatz\",\"author\":{\"@id\":\"http:\\\/\\\/blog.proofs.de\\\/lt\\\/author\\\/mbetz\\\/#author\"},\"publisher\":{\"@id\":\"http:\\\/\\\/blog.proofs.de\\\/lt\\\/#organization\"},\"image\":{\"@type\":\"ImageObject\",\"url\":\"https:\\\/\\\/blog.proofs.de\\\/wp-content\\\/uploads\\\/2022\\\/11\\\/Bildschirm\\u00adfoto-2022-11-08-um-17.50.36.jpg\",\"width\":2239,\"height\":1202,\"caption\":\"MYIRO-9: Neues Messger\\u00e4t von KonicaMinolta im Einsatz bei Proof.de. Inhaber Matthias Betz erl\\u00e4utert die wichtigsten Vorteile des neuen Auto-Spektralfotometers.\"},\"datePublished\":\"2022-11-08T13:53:19+01:00\",\"dateModified\":\"2023-07-20T09:16:32+02:00\",\"inLanguage\":\"lt-LT\",\"mainEntityOfPage\":{\"@id\":\"http:\\\/\\\/blog.proofs.de\\\/lt\\\/myiro-9\\\/#webpage\"},\"isPartOf\":{\"@id\":\"http:\\\/\\\/blog.proofs.de\\\/lt\\\/myiro-9\\\/#webpage\"},\"articleSection\":\"Allgemein, Proof Software &amp; Technik, Claas Bickeb\\u00f6ller, Colorlogic, ColorProof, Farbmessger\\u00e4t, Fiery, Fiery XF, GMG, GMG ColorProof, i1, I1Pro2, KonicaMinolta Sensing, M0, M1, M2, Messger\\u00e4t, MYIRO, MYIRO-9, Spektralmessger\\u00e4t, Streifenmessung, X-Rite\"},{\"@type\":\"BreadcrumbList\",\"@id\":\"http:\\\/\\\/blog.proofs.de\\\/lt\\\/myiro-9\\\/#breadcrumblist\",\"itemListElement\":[{\"@type\":\"ListItem\",\"@id\":\"http:\\\/\\\/blog.proofs.de\\\/lt#listItem\",\"position\":1,\"name\":\"Home\",\"item\":\"http:\\\/\\\/blog.proofs.de\\\/lt\",\"nextItem\":{\"@type\":\"ListItem\",\"@id\":\"http:\\\/\\\/blog.proofs.de\\\/lt\\\/thema\\\/proof-wissen\\\/#listItem\",\"name\":\"Proof Wissen\"}},{\"@type\":\"ListItem\",\"@id\":\"http:\\\/\\\/blog.proofs.de\\\/lt\\\/thema\\\/proof-wissen\\\/#listItem\",\"position\":2,\"name\":\"Proof Wissen\",\"item\":\"http:\\\/\\\/blog.proofs.de\\\/lt\\\/thema\\\/proof-wissen\\\/\",\"nextItem\":{\"@type\":\"ListItem\",\"@id\":\"http:\\\/\\\/blog.proofs.de\\\/lt\\\/thema\\\/proof-wissen\\\/proof-software-und-technik\\\/#listItem\",\"name\":\"Proof Software &amp; Technik\"},\"previousItem\":{\"@type\":\"ListItem\",\"@id\":\"http:\\\/\\\/blog.proofs.de\\\/lt#listItem\",\"name\":\"Home\"}},{\"@type\":\"ListItem\",\"@id\":\"http:\\\/\\\/blog.proofs.de\\\/lt\\\/thema\\\/proof-wissen\\\/proof-software-und-technik\\\/#listItem\",\"position\":3,\"name\":\"Proof Software &amp; Technik\",\"item\":\"http:\\\/\\\/blog.proofs.de\\\/lt\\\/thema\\\/proof-wissen\\\/proof-software-und-technik\\\/\",\"nextItem\":{\"@type\":\"ListItem\",\"@id\":\"http:\\\/\\\/blog.proofs.de\\\/lt\\\/myiro-9\\\/#listItem\",\"name\":\"MYIRO-9: Neues Farbmessger\\u00e4t von KonicaMinolta im Einsatz\"},\"previousItem\":{\"@type\":\"ListItem\",\"@id\":\"http:\\\/\\\/blog.proofs.de\\\/lt\\\/thema\\\/proof-wissen\\\/#listItem\",\"name\":\"Proof Wissen\"}},{\"@type\":\"ListItem\",\"@id\":\"http:\\\/\\\/blog.proofs.de\\\/lt\\\/myiro-9\\\/#listItem\",\"position\":4,\"name\":\"MYIRO-9: Neues Farbmessger\\u00e4t von KonicaMinolta im Einsatz\",\"previousItem\":{\"@type\":\"ListItem\",\"@id\":\"http:\\\/\\\/blog.proofs.de\\\/lt\\\/thema\\\/proof-wissen\\\/proof-software-und-technik\\\/#listItem\",\"name\":\"Proof Software &amp; Technik\"}}]},{\"@type\":\"Organization\",\"@id\":\"http:\\\/\\\/blog.proofs.de\\\/lt\\\/#organization\",\"name\":\"Proof GmbH\",\"description\":\"Farbverbindlicher Proof, Farbproof, Digitalproof und Online-Proof.\",\"url\":\"http:\\\/\\\/blog.proofs.de\\\/lt\\\/\",\"telephone\":\"+4970717952740\",\"logo\":{\"@type\":\"ImageObject\",\"url\":\"https:\\\/\\\/blog1.proofen.de\\\/wp-content\\\/uploads\\\/2019\\\/09\\\/logo_proof_rgb_mit_balken_250px.png\",\"@id\":\"http:\\\/\\\/blog.proofs.de\\\/lt\\\/myiro-9\\\/#organizationLogo\"},\"image\":{\"@id\":\"http:\\\/\\\/blog.proofs.de\\\/lt\\\/myiro-9\\\/#organizationLogo\"},\"sameAs\":[\"https:\\\/\\\/www.facebook.com\\\/Proof.de\\\/\",\"https:\\\/\\\/www.instagram.com\\\/proof.de\\\/\",\"https:\\\/\\\/www.tiktok.com\\\/@proof_de\",\"https:\\\/\\\/www.youtube.com\\\/channel\\\/UCk80fQVQ25wC9wu3SywB-Nw\",\"https:\\\/\\\/www.linkedin.com\\\/company\\\/proof-de\"]},{\"@type\":\"Person\",\"@id\":\"http:\\\/\\\/blog.proofs.de\\\/lt\\\/author\\\/mbetz\\\/#author\",\"url\":\"http:\\\/\\\/blog.proofs.de\\\/lt\\\/author\\\/mbetz\\\/\",\"name\":\"Matthias Betz\",\"image\":{\"@type\":\"ImageObject\",\"@id\":\"http:\\\/\\\/blog.proofs.de\\\/lt\\\/myiro-9\\\/#authorImage\",\"url\":\"https:\\\/\\\/blog.proofs.de\\\/wp-content\\\/uploads\\\/2020\\\/10\\\/matthias-betz-e1603934518350-150x150.png\",\"width\":96,\"height\":96,\"caption\":\"Matthias Betz\"}},{\"@type\":\"WebPage\",\"@id\":\"http:\\\/\\\/blog.proofs.de\\\/lt\\\/myiro-9\\\/#webpage\",\"url\":\"http:\\\/\\\/blog.proofs.de\\\/lt\\\/myiro-9\\\/\",\"name\":\"MYIRO-9: Neues Farbmessger\\u00e4t im Einsatz | proof.de\",\"description\":\"Bei Proof.de haben wir unser neues Farbmessger\\u00e4t MYIRO-9 von KonicaMinolta in Betrieb genommen und k\\u00f6nnen jetzt noch schneller und pr\\u00e4ziser messen.\",\"inLanguage\":\"lt-LT\",\"isPartOf\":{\"@id\":\"http:\\\/\\\/blog.proofs.de\\\/lt\\\/#website\"},\"breadcrumb\":{\"@id\":\"http:\\\/\\\/blog.proofs.de\\\/lt\\\/myiro-9\\\/#breadcrumblist\"},\"author\":{\"@id\":\"http:\\\/\\\/blog.proofs.de\\\/lt\\\/author\\\/mbetz\\\/#author\"},\"creator\":{\"@id\":\"http:\\\/\\\/blog.proofs.de\\\/lt\\\/author\\\/mbetz\\\/#author\"},\"image\":{\"@type\":\"ImageObject\",\"url\":\"https:\\\/\\\/blog.proofs.de\\\/wp-content\\\/uploads\\\/2022\\\/11\\\/Bildschirm\\u00adfoto-2022-11-08-um-17.50.36.jpg\",\"@id\":\"http:\\\/\\\/blog.proofs.de\\\/lt\\\/myiro-9\\\/#mainImage\",\"width\":2239,\"height\":1202,\"caption\":\"MYIRO-9: Neues Messger\\u00e4t von KonicaMinolta im Einsatz bei Proof.de. Inhaber Matthias Betz erl\\u00e4utert die wichtigsten Vorteile des neuen Auto-Spektralfotometers.\"},\"primaryImageOfPage\":{\"@id\":\"http:\\\/\\\/blog.proofs.de\\\/lt\\\/myiro-9\\\/#mainImage\"},\"datePublished\":\"2022-11-08T13:53:19+01:00\",\"dateModified\":\"2023-07-20T09:16:32+02:00\"},{\"@type\":\"WebSite\",\"@id\":\"http:\\\/\\\/blog.proofs.de\\\/lt\\\/#website\",\"url\":\"http:\\\/\\\/blog.proofs.de\\\/lt\\\/\",\"name\":\"Proof.de\",\"description\":\"Farbverbindlicher Proof, Farbproof, Digitalproof und Online-Proof.\",\"inLanguage\":\"lt-LT\",\"publisher\":{\"@id\":\"http:\\\/\\\/blog.proofs.de\\\/lt\\\/#organization\"}}]}\n\t\t<\/script>\n\t\t<!-- All in One SEO -->\n\n","aioseo_head_json":{"title":"MYIRO-9: naudojamas naujas kolorimetras | proof.de","description":"Proof.de u\u017esak\u0117me nauj\u0105j\u012f \"KonicaMinolta\" spalvometr\u0105 MYIRO-9 ir dabar galime matuoti dar grei\u010diau ir tiksliau.","canonical_url":"http:\/\/blog.proofs.de\/lt\/myiro-9\/","robots":"max-image-preview:large","keywords":"claas bickeb\u00f6ller,colorlogic,colorproof,farbmessger\u00e4t,fiery,fiery xf,gmg,gmg colorproof,i1,i1pro2,konicaminolta sensing,m0,m1,m2,messger\u00e4t,myiro,myiro-9,spektralmessger\u00e4t,streifenmessung,x-rite","webmasterTools":{"google-site-verification":"TuXxyRwxcEg2-WfOaQ8vScWQh3-uBAnxXmY7g3GT90A","miscellaneous":"&lt;meta name=\"seobility\" content=\"593a8578143db71543f014978c690d47\"&gt;"},"schema":{"@context":"https:\/\/schema.org","@graph":[{"@type":"Article","@id":"http:\/\/blog.proofs.de\/lt\/myiro-9\/#article","name":"MYIRO-9: Neues Farbmessger\u00e4t im Einsatz | proof.de","headline":"MYIRO-9: Neues Farbmessger\u00e4t von KonicaMinolta im Einsatz","author":{"@id":"http:\/\/blog.proofs.de\/lt\/author\/mbetz\/#author"},"publisher":{"@id":"http:\/\/blog.proofs.de\/lt\/#organization"},"image":{"@type":"ImageObject","url":"https:\/\/blog.proofs.de\/wp-content\/uploads\/2022\/11\/Bildschirm\u00adfoto-2022-11-08-um-17.50.36.jpg","width":2239,"height":1202,"caption":"MYIRO-9: Neues Messger\u00e4t von KonicaMinolta im Einsatz bei Proof.de. Inhaber Matthias Betz erl\u00e4utert die wichtigsten Vorteile des neuen Auto-Spektralfotometers."},"datePublished":"2022-11-08T13:53:19+01:00","dateModified":"2023-07-20T09:16:32+02:00","inLanguage":"lt-LT","mainEntityOfPage":{"@id":"http:\/\/blog.proofs.de\/lt\/myiro-9\/#webpage"},"isPartOf":{"@id":"http:\/\/blog.proofs.de\/lt\/myiro-9\/#webpage"},"articleSection":"Allgemein, Proof Software &amp; Technik, Claas Bickeb\u00f6ller, Colorlogic, ColorProof, Farbmessger\u00e4t, Fiery, Fiery XF, GMG, GMG ColorProof, i1, I1Pro2, KonicaMinolta Sensing, M0, M1, M2, Messger\u00e4t, MYIRO, MYIRO-9, Spektralmessger\u00e4t, Streifenmessung, X-Rite"},{"@type":"BreadcrumbList","@id":"http:\/\/blog.proofs.de\/lt\/myiro-9\/#breadcrumblist","itemListElement":[{"@type":"ListItem","@id":"http:\/\/blog.proofs.de\/lt#listItem","position":1,"name":"Home","item":"http:\/\/blog.proofs.de\/lt","nextItem":{"@type":"ListItem","@id":"http:\/\/blog.proofs.de\/lt\/thema\/proof-wissen\/#listItem","name":"Proof Wissen"}},{"@type":"ListItem","@id":"http:\/\/blog.proofs.de\/lt\/thema\/proof-wissen\/#listItem","position":2,"name":"Proof Wissen","item":"http:\/\/blog.proofs.de\/lt\/thema\/proof-wissen\/","nextItem":{"@type":"ListItem","@id":"http:\/\/blog.proofs.de\/lt\/thema\/proof-wissen\/proof-software-und-technik\/#listItem","name":"Proof Software &amp; Technik"},"previousItem":{"@type":"ListItem","@id":"http:\/\/blog.proofs.de\/lt#listItem","name":"Home"}},{"@type":"ListItem","@id":"http:\/\/blog.proofs.de\/lt\/thema\/proof-wissen\/proof-software-und-technik\/#listItem","position":3,"name":"Proof Software &amp; Technik","item":"http:\/\/blog.proofs.de\/lt\/thema\/proof-wissen\/proof-software-und-technik\/","nextItem":{"@type":"ListItem","@id":"http:\/\/blog.proofs.de\/lt\/myiro-9\/#listItem","name":"MYIRO-9: Neues Farbmessger\u00e4t von KonicaMinolta im Einsatz"},"previousItem":{"@type":"ListItem","@id":"http:\/\/blog.proofs.de\/lt\/thema\/proof-wissen\/#listItem","name":"Proof Wissen"}},{"@type":"ListItem","@id":"http:\/\/blog.proofs.de\/lt\/myiro-9\/#listItem","position":4,"name":"MYIRO-9: Neues Farbmessger\u00e4t von KonicaMinolta im Einsatz","previousItem":{"@type":"ListItem","@id":"http:\/\/blog.proofs.de\/lt\/thema\/proof-wissen\/proof-software-und-technik\/#listItem","name":"Proof Software &amp; Technik"}}]},{"@type":"Organization","@id":"http:\/\/blog.proofs.de\/lt\/#organization","name":"Proof GmbH","description":"Farbverbindlicher Proof, Farbproof, Digitalproof und Online-Proof.","url":"http:\/\/blog.proofs.de\/lt\/","telephone":"+4970717952740","logo":{"@type":"ImageObject","url":"https:\/\/blog1.proofen.de\/wp-content\/uploads\/2019\/09\/logo_proof_rgb_mit_balken_250px.png","@id":"http:\/\/blog.proofs.de\/lt\/myiro-9\/#organizationLogo"},"image":{"@id":"http:\/\/blog.proofs.de\/lt\/myiro-9\/#organizationLogo"},"sameAs":["https:\/\/www.facebook.com\/Proof.de\/","https:\/\/www.instagram.com\/proof.de\/","https:\/\/www.tiktok.com\/@proof_de","https:\/\/www.youtube.com\/channel\/UCk80fQVQ25wC9wu3SywB-Nw","https:\/\/www.linkedin.com\/company\/proof-de"]},{"@type":"Person","@id":"http:\/\/blog.proofs.de\/lt\/author\/mbetz\/#author","url":"http:\/\/blog.proofs.de\/lt\/author\/mbetz\/","name":"Matthias Betz","image":{"@type":"ImageObject","@id":"http:\/\/blog.proofs.de\/lt\/myiro-9\/#authorImage","url":"https:\/\/blog.proofs.de\/wp-content\/uploads\/2020\/10\/matthias-betz-e1603934518350-150x150.png","width":96,"height":96,"caption":"Matthias Betz"}},{"@type":"WebPage","@id":"http:\/\/blog.proofs.de\/lt\/myiro-9\/#webpage","url":"http:\/\/blog.proofs.de\/lt\/myiro-9\/","name":"MYIRO-9: Neues Farbmessger\u00e4t im Einsatz | proof.de","description":"Bei Proof.de haben wir unser neues Farbmessger\u00e4t MYIRO-9 von KonicaMinolta in Betrieb genommen und k\u00f6nnen jetzt noch schneller und pr\u00e4ziser messen.","inLanguage":"lt-LT","isPartOf":{"@id":"http:\/\/blog.proofs.de\/lt\/#website"},"breadcrumb":{"@id":"http:\/\/blog.proofs.de\/lt\/myiro-9\/#breadcrumblist"},"author":{"@id":"http:\/\/blog.proofs.de\/lt\/author\/mbetz\/#author"},"creator":{"@id":"http:\/\/blog.proofs.de\/lt\/author\/mbetz\/#author"},"image":{"@type":"ImageObject","url":"https:\/\/blog.proofs.de\/wp-content\/uploads\/2022\/11\/Bildschirm\u00adfoto-2022-11-08-um-17.50.36.jpg","@id":"http:\/\/blog.proofs.de\/lt\/myiro-9\/#mainImage","width":2239,"height":1202,"caption":"MYIRO-9: Neues Messger\u00e4t von KonicaMinolta im Einsatz bei Proof.de. Inhaber Matthias Betz erl\u00e4utert die wichtigsten Vorteile des neuen Auto-Spektralfotometers."},"primaryImageOfPage":{"@id":"http:\/\/blog.proofs.de\/lt\/myiro-9\/#mainImage"},"datePublished":"2022-11-08T13:53:19+01:00","dateModified":"2023-07-20T09:16:32+02:00"},{"@type":"WebSite","@id":"http:\/\/blog.proofs.de\/lt\/#website","url":"http:\/\/blog.proofs.de\/lt\/","name":"Proof.de","description":"Farbverbindlicher Proof, Farbproof, Digitalproof und Online-Proof.","inLanguage":"lt-LT","publisher":{"@id":"http:\/\/blog.proofs.de\/lt\/#organization"}}]},"og:locale":"lt_LT","og:site_name":"Proof.de | Alles zu Proof, Farbmanagement, Grafik, Messtechnik &amp; Co.","og:type":"article","og:title":"MYIRO-9: Neues Farbmessger\u00e4t von KonicaMinolta im Einsatz | Proof.de","og:description":"In den letzten Monaten haben wir bei Proof.de \u00fcberlegt, unsere bereits sehr gute Farbmesstechnik in Sachen Geschwindigkeit und Messpr\u00e4zision weiter zu verbessern. Relativ schnell war klar, da\u00df daf\u00fcr nur zwei Ger\u00e4te in Frage kommen: Das KonicaMinolta MYIRO-9, der Nachfolger des fr\u00fcheren FD-9 oder das X-Rite ISIS 2 XL. Der Ausgangspunkt: Da wir bei der Proof GmbH","og:url":"http:\/\/blog.proofs.de\/lt\/myiro-9\/","og:image":"http:\/\/blog1.proofen.de\/wp-content\/uploads\/2022\/11\/Bildschirm\u00adfoto-2022-11-08-um-17.50.36.jpg","og:image:width":"2239","og:image:height":"1202","og:video":"http:\/\/www.youtube.com\/watch?v=yGk9G4yxHbU","article:published_time":"2022-11-08T12:53:19+00:00","article:modified_time":"2023-07-20T07:16:32+00:00","article:publisher":"https:\/\/www.facebook.com\/Proof.de\/","twitter:card":"summary","twitter:title":"MYIRO-9: Neues Farbmessger\u00e4t von KonicaMinolta im Einsatz | Proof.de","twitter:description":"In den letzten Monaten haben wir bei Proof.de \u00fcberlegt, unsere bereits sehr gute Farbmesstechnik in Sachen Geschwindigkeit und Messpr\u00e4zision weiter zu verbessern. Relativ schnell war klar, da\u00df daf\u00fcr nur zwei Ger\u00e4te in Frage kommen: Das KonicaMinolta MYIRO-9, der Nachfolger des fr\u00fcheren FD-9 oder das X-Rite ISIS 2 XL. Der Ausgangspunkt: Da wir bei der Proof GmbH","twitter:image":"https:\/\/blog1.proofen.de\/wp-content\/uploads\/2022\/11\/Bildschirm\u00adfoto-2022-11-08-um-17.50.36.jpg"},"aioseo_meta_data":{"post_id":"5023","title":"MYIRO-9: naudojamas naujas kolorimetras | proof.de","description":"Proof.de u\u017esak\u0117me nauj\u0105j\u012f \"KonicaMinolta\" spalvometr\u0105 MYIRO-9 ir dabar galime matuoti dar grei\u010diau ir tiksliau.","keywords":[],"keyphrases":{"focus":{"keyphrase":"MYIRO-9","score":100,"analysis":{"keyphraseInTitle":{"score":9,"maxScore":9,"error":0},"keyphraseInDescription":{"score":9,"maxScore":9,"error":0},"keyphraseLength":{"score":9,"maxScore":9,"error":0,"length":1},"keyphraseInURL":{"score":5,"maxScore":5,"error":0},"keyphraseInIntroduction":{"score":9,"maxScore":9,"error":0},"keyphraseInSubHeadings":{"score":9,"maxScore":9,"error":0},"keyphraseInImageAlt":{"score":9,"maxScore":9,"error":0}}},"additional":[]},"primary_term":null,"canonical_url":null,"og_title":"#post_title #separator_sa #site_title","og_description":"#post_excerpt","og_object_type":"default","og_image_type":"featured","og_image_url":"https:\/\/blog1.proofen.de\/wp-content\/uploads\/2022\/11\/Bildschirm\u00adfoto-2022-11-08-um-17.50.36.jpg","og_image_width":"2239","og_image_height":"1202","og_image_custom_url":null,"og_image_custom_fields":null,"og_video":"https:\/\/www.youtube.com\/watch?v=yGk9G4yxHbU","og_custom_url":null,"og_article_section":null,"og_article_tags":[],"twitter_use_og":true,"twitter_card":"default","twitter_image_type":"default","twitter_image_url":null,"twitter_image_custom_url":null,"twitter_image_custom_fields":null,"twitter_title":null,"twitter_description":null,"schema":{"blockGraphs":[],"customGraphs":[],"default":{"data":{"Article":[],"Course":[],"Dataset":[],"FAQPage":[],"Movie":[],"Person":[],"Product":[],"ProductReview":[],"Car":[],"Recipe":[],"Service":[],"SoftwareApplication":[],"WebPage":[]},"graphName":"Article","isEnabled":true},"graphs":[]},"schema_type":"default","schema_type_options":null,"pillar_content":false,"robots_default":true,"robots_noindex":false,"robots_noarchive":false,"robots_nosnippet":false,"robots_nofollow":false,"robots_noimageindex":false,"robots_noodp":false,"robots_notranslate":false,"robots_max_snippet":"-1","robots_max_videopreview":"-1","robots_max_imagepreview":"large","priority":null,"frequency":"default","local_seo":null,"breadcrumb_settings":null,"limit_modified_date":false,"ai":null,"created":"2022-10-07 21:52:37","updated":"2025-06-04 14:28:05","seo_analyzer_scan_date":null,"focus_keyword":"MYIRO-9","additional_keywords":null,"truseo_locale":null},"_links":{"self":[{"href":"http:\/\/blog.proofs.de\/lt\/wp-json\/wp\/v2\/posts\/5023","targetHints":{"allow":["GET"]}}],"collection":[{"href":"http:\/\/blog.proofs.de\/lt\/wp-json\/wp\/v2\/posts"}],"about":[{"href":"http:\/\/blog.proofs.de\/lt\/wp-json\/wp\/v2\/types\/post"}],"author":[{"embeddable":true,"href":"http:\/\/blog.proofs.de\/lt\/wp-json\/wp\/v2\/users\/2"}],"replies":[{"embeddable":true,"href":"http:\/\/blog.proofs.de\/lt\/wp-json\/wp\/v2\/comments?post=5023"}],"version-history":[{"count":39,"href":"http:\/\/blog.proofs.de\/lt\/wp-json\/wp\/v2\/posts\/5023\/revisions"}],"predecessor-version":[{"id":5441,"href":"http:\/\/blog.proofs.de\/lt\/wp-json\/wp\/v2\/posts\/5023\/revisions\/5441"}],"wp:featuredmedia":[{"embeddable":true,"href":"http:\/\/blog.proofs.de\/lt\/wp-json\/wp\/v2\/media\/5113"}],"wp:attachment":[{"href":"http:\/\/blog.proofs.de\/lt\/wp-json\/wp\/v2\/media?parent=5023"}],"wp:term":[{"taxonomy":"category","embeddable":true,"href":"http:\/\/blog.proofs.de\/lt\/wp-json\/wp\/v2\/categories?post=5023"},{"taxonomy":"post_tag","embeddable":true,"href":"http:\/\/blog.proofs.de\/lt\/wp-json\/wp\/v2\/tags?post=5023"}],"curies":[{"name":"wp","href":"https:\/\/api.w.org\/{rel}","templated":true}]}}