{"id":69,"date":"2012-01-25T10:21:52","date_gmt":"2012-01-25T09:21:52","guid":{"rendered":"http:\/\/www.proof.de\/?p=69"},"modified":"2020-05-08T11:50:00","modified_gmt":"2020-05-08T09:50:00","slug":"kaip-spalvu-irisimas-yra-atsparus","status":"publish","type":"post","link":"http:\/\/blog.proofs.de\/lt\/wie-farbverbindlich-sind-proofs\/","title":{"rendered":"Kiek tikslios spalvos yra bandomosios versijos?"},"content":{"rendered":"<div class=\"kk-star-ratings kksr-auto kksr-align-right kksr-valign-top\" data-payload='{\"align\":\"right\",\"id\":\"69\",\"slug\":\"default\",\"valign\":\"top\",\"ignore\":\"\",\"reference\":\"auto\",\"class\":\"\",\"count\":\"0\",\"legendonly\":\"\",\"readonly\":\"\",\"score\":\"0\",\"starsonly\":\"\",\"best\":\"5\",\"gap\":\"5\",\"greet\":\"Jetzt bewerten\",\"legend\":\"0\\\/5 - (0 votes)\",\"size\":\"24\",\"title\":\"Wie farbverbindlich sind Proofs?\",\"width\":\"0\",\"_legend\":\"{score}\\\/{best} - ({count} {votes})\",\"font_factor\":\"1.25\"}'>\n            \n<div class=\"kksr-stars\">\n    \n<div class=\"kksr-stars-inactive\">\n            <div class=\"kksr-star\" data-star=\"1\" style=\"padding-right: 5px\">\n            \n\n<div class=\"kksr-icon\" style=\"width: 24px; height: 24px;\"><\/div>\n        <\/div>\n            <div class=\"kksr-star\" data-star=\"2\" style=\"padding-right: 5px\">\n            \n\n<div class=\"kksr-icon\" style=\"width: 24px; height: 24px;\"><\/div>\n        <\/div>\n            <div class=\"kksr-star\" data-star=\"3\" style=\"padding-right: 5px\">\n            \n\n<div class=\"kksr-icon\" style=\"width: 24px; height: 24px;\"><\/div>\n        <\/div>\n            <div class=\"kksr-star\" data-star=\"4\" style=\"padding-right: 5px\">\n            \n\n<div class=\"kksr-icon\" style=\"width: 24px; height: 24px;\"><\/div>\n        <\/div>\n            <div class=\"kksr-star\" data-star=\"5\" style=\"padding-right: 5px\">\n            \n\n<div class=\"kksr-icon\" style=\"width: 24px; height: 24px;\"><\/div>\n        <\/div>\n    <\/div>\n    \n<div class=\"kksr-stars-active\" style=\"width: 0px;\">\n            <div class=\"kksr-star\" style=\"padding-right: 5px\">\n            \n\n<div class=\"kksr-icon\" style=\"width: 24px; height: 24px;\"><\/div>\n        <\/div>\n            <div class=\"kksr-star\" style=\"padding-right: 5px\">\n            \n\n<div class=\"kksr-icon\" style=\"width: 24px; height: 24px;\"><\/div>\n        <\/div>\n            <div class=\"kksr-star\" style=\"padding-right: 5px\">\n            \n\n<div class=\"kksr-icon\" style=\"width: 24px; height: 24px;\"><\/div>\n        <\/div>\n            <div class=\"kksr-star\" style=\"padding-right: 5px\">\n            \n\n<div class=\"kksr-icon\" style=\"width: 24px; height: 24px;\"><\/div>\n        <\/div>\n            <div class=\"kksr-star\" style=\"padding-right: 5px\">\n            \n\n<div class=\"kksr-icon\" style=\"width: 24px; height: 24px;\"><\/div>\n        <\/div>\n    <\/div>\n<\/div>\n                \n\n<div class=\"kksr-legend\" style=\"font-size: 19.2px;\">\n            <span class=\"kksr-muted\">\u012evertinkite dabar<\/span>\n    <\/div>\n    <\/div>\n<p><strong>A <a href=\"http:\/\/blog.proofs.de\/lt\/lexikon\/proof\/\" target=\"_self\" title=\"Bandomasis atspaudas (teisingai: sutartinis atspaudas) - tai ISO 12647-7 sertifikuotas bandomasis \u012ftaisas grafikos pramon\u0117je. Bandomasis atspaudas imituoja ofsetin\u0117s arba giliaspaud\u0117s spaudos spalvingum\u0105 spalvi\u0161kai ir teisi\u0161kai privalomai, laikantis siaur\u0173 ISO standarto leistin\u0173 nuokrypi\u0173.\" class=\"encyclopedia\">\u012erodymas<\/a> parengtas pagal \u0161iuo metu galiojant\u012f ISO standart\u0105 12647-7 ir yra <a href=\"http:\/\/blog.proofs.de\/lt\/lexikon\/ugra\/\" target=\"_self\" title=\"UGRA yra \u017einiasklaidos ir spausdinimo technologij\u0173 kompetencijos centras.\" class=\"encyclopedia\">UGRA<\/a>-<a href=\"http:\/\/blog.proofs.de\/lt\/lexikon\/fogra\/\" target=\"_self\" title=\"Fogra Forschungsgesellschaft Druck e.V., \u012fsik\u016brusi Miunchene.\" class=\"encyclopedia\">Fogra<\/a> <a href=\"http:\/\/blog.proofs.de\/lt\/lexikon\/medienkeil\/\" target=\"_self\" title=\"Laikmenos plei\u0161tas - tai standartizuotas bandym\u0173 modelis, naudojamas spaudos pramon\u0117je ir spalv\u0173 valdyme. Laikmenos plei\u0161t\u0105 sudaro keletas spalvot\u0173 d\u0117mi\u0173 su \u017einomomis spalv\u0173 vert\u0117mis ir spalv\u0173 intensyvumu. Jis naudojamas spaudini\u0173 spalv\u0173 tikslumui ir spalv\u0173 atk\u016brimui tikrinti, ypa\u010d kalibruojant spalv\u0173 valdymo sistemas. \u017diniasklaidos plei\u0161t\u0105 sudaro keletas skirting\u0173 spalv\u0173 d\u0117mi\u0173, \u012fskaitant...\" class=\"encyclopedia\">\u017diniasklaidos plei\u0161tas<\/a> ir bandym\u0173 ataskait\u0105, pa\u017eym\u0117t\u0105 spalvotais kodais ir teisi\u0161kai privalom\u0105.<\/strong><\/p>\n<p><strong>Kaip veikia \u0161i per\u017ei\u016bra?<\/strong><\/p>\n<p>Ar jums reikia \u012frodymo su UGRA\/Fogra \u017einiasklaidos plei\u0161tu <a href=\"http:\/\/blog.proofs.de\/lt\/lexikon\/cmyk\/\" target=\"_self\" title='CMYK rei\u0161kia keturias spausdinimo spalvas - \u017eydr\u0105, purpurin\u0119, gelton\u0105 (gelton\u0105) ir &quot;rakt\u0105&quot; (juod\u0105 arba juod\u0105 dal\u012f).' class=\"encyclopedia\">CMYK<\/a> V3.0, yra du b\u016bdai, kaip audito seka patenka \u012f j\u016bs\u0173 duomenis.<\/p>\n<ol>\n<li>Bandomuosiuose \u012frenginiuose, kuriuose yra integruotas matavimo \u012ftaisas, laikmenos plei\u0161tas su 3 \u00d7 24 standartizuotomis spalvotomis d\u0117m\u0117mis spausdinamas tiesiai po bandomaisiais duomenimis. \u0160is laikmenos plei\u0161tas tiesiogiai korekt\u016bros \u012frenginyje perkeliamas \u012f savoti\u0161k\u0105 matavimo \u012frenginio \"d\u017eiovintuv\u0105\" ir ten i\u0161d\u017eiovinamas. Po keli\u0173 minu\u010di\u0173 d\u017eiovinimo laikmenos plei\u0161tas perkeliamas toliau ir matuojamas tiesiai bandomajame \u012frenginyje. Tai u\u017etrunka kelias minutes. Tokiu b\u016bdu nustatytos i\u0161matuotos vert\u0117s siun\u010diamos \u012f <a href=\"http:\/\/blog.proofs.de\/lt\/lexikon\/proofs\/\" target=\"_self\" title=\"Poligrafijos sektoriuje bandomieji atspaudai (arba bandomieji atspaudai) rei\u0161kia spalvot\u0105 ir teisi\u0161kai \u012fpareigojan\u010di\u0105 spaudos rezultato imitacij\u0105 kontrol\u0117s tikslais. U\u017e bandomuosius atspaudus atsakingas standartas yra ISO 12647-7:2016, t. y. dabartin\u0117 2016 m. redakcija.\" class=\"encyclopedia\">\u012erodymai<\/a>erveris ir ten \u012fvertintas. Jei spalv\u0173 vert\u0117s yra teisingos ir nevir\u0161ija grie\u017eto ISO standarto leistin\u0173 nuokrypi\u0173, tiesiai po laikmenos plei\u0161tu i\u0161spausdinama matavimo ataskaita, kurioje nurodomas spalv\u0173 tikslumas pagal \"ProcessStandard\". <a href=\"http:\/\/blog.proofs.de\/lt\/lexikon\/offsetdruck\/\" target=\"_self\" title=\"Ofsetin\u0117 spauda yra netiesioginis spausdinimo procesas. Netiesioginis spausdinimas rei\u0161kia, kad spausdinimo forma ir substratas tiesiogiai nesilie\u010dia vienas su kitu, bet tarp j\u0173 naudojama terp\u0117, kuri yra perdavimo priemon\u0117. Tai labiausiai paplit\u0119s spausdinimo procesas. Yra: - lak\u0161tin\u0117s ofsetin\u0117s spaudos ma\u0161inos ir - rulonin\u0117s ofsetin\u0117s spaudos ma\u0161inos.\" class=\"encyclopedia\">Ofsetin\u0117 spauda<\/a> garantuotas.<\/li>\n<li>Jei bandym\u0173 prietaisai neturi integruoto matavimo \u012ftaiso, tai <a href=\"http:\/\/blog.proofs.de\/lt\/lexikon\/led\/\" target=\"_self\" title='\u0160viesos diodas - tai \u0161viesos diodas, grafikos pramon\u0117je rei\u0161kiantis nauj\u0105j\u0105 &quot;LED&quot; \u0161vies\u0105, kuri pakeit\u0117 senesnius \u0161viesos \u0161altinius, pavyzd\u017eiui, neono vamzd\u017eius ir volframo lempas. Neonin\u0117s lempos daugiausia \u017einomos i\u0161 D50 arba D65 standartin\u0117s \u0161viesos diapazono, o volframo \u0161viesos \u0161altiniai daugiausia buvo naudojami spalv\u0173 matavimo prietaisuose, pavyzd\u017eiui, spektrofotometruose ir kolorimetruose.....' class=\"encyclopedia\">vadovaujama<\/a>Po bandomaisiais duomenimis spausdinamas tik standartizuotos laikmenos plei\u0161tas. V\u0117liau tikrinama ir u\u017e bandom\u0173j\u0173 duomen\u0173 spausdintuvo rib\u0173. Tada laikmenos plei\u0161tas i\u0161matuojamas i\u0161oriniu matavimo prietaisu, o tikslin\u0117s ir leistinosios nuokrypos vert\u0117s patikrinamos <a href=\"http:\/\/blog.proofs.de\/lt\/lexikon\/lab\/\" target=\"_self\" title=\"CIELAB arba LAB - tai matematinis spalv\u0173 modelis, nusistov\u0117j\u0119s visur, kur reikia tiksliai apskai\u010diuoti spalv\u0105. Kompiuterinis spalv\u0173 valdymas paprastai veikia pagal CIELAB.\" class=\"encyclopedia\">Laboratorija<\/a>eld spausdintuvas. \u0160i etiket\u0117 klijuojama tiesiai po laikmenos plei\u0161tu.<\/li>\n<\/ol>\n<p><strong>Koks yra automatinio laikmenos plei\u0161to suk\u016brimo ir patikrinimo tiesiogiai korekt\u016bros \u012frenginyje privalumas?<br>\n<\/strong><\/p>\n<ul>\n<li>Matavimas atliekamas automati\u0161kai i\u0161 karto po kontrolinio spaudinio, tod\u0117l matavimo paklaidos d\u0117l rankinio valdymo klaid\u0173 ne\u012ftraukiamos. Kadangi bandymo protokolas po to n\u0117ra \"u\u017eklijuojamas\", kaip vis dar da\u017enai pasitaiko, manipuliacijos yra ne\u012fmanomos.<\/li>\n<\/ul>\n<p>Daugiau informacijos apie bandymo protokol\u0105, \u017einiasklaidos plei\u0161t\u0105 ir UGRA\/Fogra darb\u0105 bei atsakomyb\u0119 \u017er. <a href=\"http:\/\/www.ugra.ch\/\" target=\"_blank\" rel=\"noopener noreferrer\">www.ugra.ch<\/a> ir <a href=\"http:\/\/www.fogra.org\/\" target=\"_blank\" rel=\"noopener noreferrer\">www.fogra.org<\/a>.<\/p>","protected":false},"excerpt":{"rendered":"<p>Atspaudas sukuriamas pagal \u0161iuo metu galiojant\u012f ISO 12647-7 standart\u0105, jis yra spalvotas ir teisi\u0161kai privalomas su UGRA-Fogra laikmenos plei\u0161tu ir bandymo ataskaita. Kaip veikia \u0161i patikra? Jei jums reikalingas patvirtinimas su UGRA\/Fogra CMYK V3.0 laikmenos plei\u0161tu, yra du b\u016bdai, kaip bandymo ataskait\u0105 galima prid\u0117ti prie duomen\u0173. Naudojant bandomuosius \u012frenginius su integruotu matavimo \u012ftaisu, laikmenos plei\u0161tas su 3 \u00d7 24 standartizuotais spalvotais lopais spausdinamas tiesiai po bandomaisiais duomenimis. \u0160is laikmenos plei\u0161tas tiesiogiai korekt\u016bros \u012frenginyje perkeliamas \u012f savoti\u0161k\u0105 \"plauk\u0173 d\u017eiovintuv\u0105\" matavimo \u012frenginyje ir ten i\u0161d\u017eiovinamas. Po keli\u0173 minu\u010di\u0173 d\u017eiovinimo laikmenos plei\u0161tas perkeliamas toliau ir ... <\/p>\n<p class=\"read-more-container\"><a title=\"Kiek tikslios spalvos yra bandomosios versijos?\" class=\"read-more button\" href=\"http:\/\/blog.proofs.de\/lt\/wie-farbverbindlich-sind-proofs\/#more-69\" aria-label=\"Skaityti daugiau apie \u201eKiek spalvos atitinka tikrov\u0119?\">Skaityti daugiau<\/a><\/p>","protected":false},"author":2,"featured_media":881,"comment_status":"open","ping_status":"open","sticky":false,"template":"","format":"standard","meta":{"om_disable_all_campaigns":false,"inline_featured_image":false,"_monsterinsights_skip_tracking":false,"footnotes":""},"categories":[18,443,120,438,437,7,442],"tags":[520,521,21,67,522,19,519,525],"class_list":["post-69","post","type-post","status-publish","format-standard","has-post-thumbnail","hentry","category-haufige-fragen","category-haeufige-fragen-zu-proofs","category-kategorie-proof-gmbh","category-proof-papiere","category-proof-software-und-technik","category-proof-wissen","category-prozessstandard-offsetdruck-proof-wissen","tag-digitalproof","tag-farbproof","tag-farbverbindlich","tag-farbverbindlichkeit","tag-fogra","tag-medienkeil","tag-proof","tag-ugra","generate-columns","tablet-grid-50","mobile-grid-100","grid-parent","grid-50","no-featured-image-padding","resize-featured-image"],"aioseo_notices":[],"aioseo_head":"\n\t\t<!-- All in One SEO 5.0.1.1 - aioseo.com -->\n\t<meta name=\"description\" content=\"In dem Artikel wird erkl\u00e4rt, wie ein Proof farbverbindlich und rechtsverbindlich wird: Mit Medienkeil und Pr\u00fcfprotokoll nach ISO 12647-7 kein Thema!\" \/>\n\t<meta name=\"robots\" content=\"max-image-preview:large\" \/>\n\t<meta name=\"author\" content=\"Matthias Betz\"\/>\n\t<meta name=\"google-site-verification\" content=\"TuXxyRwxcEg2-WfOaQ8vScWQh3-uBAnxXmY7g3GT90A\" \/>\n\t<meta name=\"keywords\" content=\"proof,farbverbindlich,rechtsverbindlich,pr\u00fcfprotokoll,iso12647-7,digitalproof,farbproof,farbverbindlich,farbverbindlichkeit,fogra,medienkeil,proof,ugra\" \/>\n\t<link rel=\"canonical\" href=\"http:\/\/blog.proofs.de\/lt\/wie-farbverbindlich-sind-proofs\/\" \/>\n\t<meta name=\"generator\" content=\"All in One SEO (AIOSEO) 5.0.1.1\" \/>\n\n\t\t<meta name=\"seobility\" content=\"593a8578143db71543f014978c690d47\">\n\t\t<meta property=\"og:locale\" content=\"lt_LT\" \/>\n\t\t<meta property=\"og:site_name\" content=\"Proof.de | Alles zu Proof, Farbmanagement, Grafik, Messtechnik &amp; Co.\" \/>\n\t\t<meta property=\"og:type\" content=\"article\" \/>\n\t\t<meta property=\"og:title\" content=\"Wie farbverbindlich sind Proofs? | proof.de\" \/>\n\t\t<meta property=\"og:description\" content=\"In dem Artikel wird erkl\u00e4rt, wie ein Proof farbverbindlich und rechtsverbindlich wird: Mit Medienkeil und Pr\u00fcfprotokoll nach ISO 12647-7 kein Thema!\" \/>\n\t\t<meta property=\"og:url\" content=\"http:\/\/blog.proofs.de\/lt\/wie-farbverbindlich-sind-proofs\/\" \/>\n\t\t<meta property=\"og:image\" content=\"http:\/\/blog.proofs.de\/wp-content\/uploads\/2014\/02\/medienkeil_mit_pruefprotokoll.jpg\" \/>\n\t\t<meta property=\"og:image:width\" content=\"540\" \/>\n\t\t<meta property=\"og:image:height\" content=\"315\" \/>\n\t\t<meta property=\"article:published_time\" content=\"2012-01-25T09:21:52+00:00\" \/>\n\t\t<meta property=\"article:modified_time\" content=\"2020-05-08T09:50:00+00:00\" \/>\n\t\t<meta property=\"article:publisher\" content=\"https:\/\/www.facebook.com\/Proof.de\/\" \/>\n\t\t<meta name=\"twitter:card\" content=\"summary\" \/>\n\t\t<meta name=\"twitter:title\" content=\"Wie farbverbindlich sind Proofs? | proof.de\" \/>\n\t\t<meta name=\"twitter:description\" content=\"In dem Artikel wird erkl\u00e4rt, wie ein Proof farbverbindlich und rechtsverbindlich wird: Mit Medienkeil und Pr\u00fcfprotokoll nach ISO 12647-7 kein Thema!\" \/>\n\t\t<meta name=\"twitter:image\" content=\"https:\/\/blog1.proofen.de\/wp-content\/uploads\/2020\/04\/proof_background.jpg\" \/>\n\t\t<script type=\"application\/ld+json\" class=\"aioseo-schema\">\n\t\t\t{\"@context\":\"https:\\\/\\\/schema.org\",\"@graph\":[{\"@type\":\"Article\",\"@id\":\"http:\\\/\\\/blog.proofs.de\\\/lt\\\/wie-farbverbindlich-sind-proofs\\\/#article\",\"name\":\"Wie farbverbindlich sind Proofs? | proof.de\",\"headline\":\"Wie farbverbindlich sind Proofs?\",\"author\":{\"@id\":\"http:\\\/\\\/blog.proofs.de\\\/lt\\\/author\\\/mbetz\\\/#author\"},\"publisher\":{\"@id\":\"http:\\\/\\\/blog.proofs.de\\\/lt\\\/#organization\"},\"image\":{\"@type\":\"ImageObject\",\"url\":\"https:\\\/\\\/blog.proofs.de\\\/wp-content\\\/uploads\\\/2014\\\/02\\\/medienkeil_mit_pruefprotokoll.jpg\",\"width\":540,\"height\":315,\"caption\":\"Ugra\\\/Fogra-Medienkeil V3.0 mit Pr\\u00fcfprotokoll\"},\"datePublished\":\"2012-01-25T10:21:52+01:00\",\"dateModified\":\"2020-05-08T11:50:00+02:00\",\"inLanguage\":\"lt-LT\",\"mainEntityOfPage\":{\"@id\":\"http:\\\/\\\/blog.proofs.de\\\/lt\\\/wie-farbverbindlich-sind-proofs\\\/#webpage\"},\"isPartOf\":{\"@id\":\"http:\\\/\\\/blog.proofs.de\\\/lt\\\/wie-farbverbindlich-sind-proofs\\\/#webpage\"},\"articleSection\":\"H\\u00e4ufige Fragen, H\\u00e4ufige Fragen zu Proofs, Proof GmbH, Proof Papiere, Proof Software &amp; Technik, Proof Wissen, Prozessstandard Offsetdruck, Digitalproof, Farbproof, farbverbindlich, Farbverbindlichkeit, Fogra, Medienkeil, Proof, UGRA\"},{\"@type\":\"BreadcrumbList\",\"@id\":\"http:\\\/\\\/blog.proofs.de\\\/lt\\\/wie-farbverbindlich-sind-proofs\\\/#breadcrumblist\",\"itemListElement\":[{\"@type\":\"ListItem\",\"@id\":\"http:\\\/\\\/blog.proofs.de\\\/lt#listItem\",\"position\":1,\"name\":\"Home\",\"item\":\"http:\\\/\\\/blog.proofs.de\\\/lt\",\"nextItem\":{\"@type\":\"ListItem\",\"@id\":\"http:\\\/\\\/blog.proofs.de\\\/lt\\\/thema\\\/proof-wissen\\\/#listItem\",\"name\":\"Proof Wissen\"}},{\"@type\":\"ListItem\",\"@id\":\"http:\\\/\\\/blog.proofs.de\\\/lt\\\/thema\\\/proof-wissen\\\/#listItem\",\"position\":2,\"name\":\"Proof Wissen\",\"item\":\"http:\\\/\\\/blog.proofs.de\\\/lt\\\/thema\\\/proof-wissen\\\/\",\"nextItem\":{\"@type\":\"ListItem\",\"@id\":\"http:\\\/\\\/blog.proofs.de\\\/lt\\\/thema\\\/proof-wissen\\\/kategorie-proof-gmbh\\\/#listItem\",\"name\":\"Proof GmbH\"},\"previousItem\":{\"@type\":\"ListItem\",\"@id\":\"http:\\\/\\\/blog.proofs.de\\\/lt#listItem\",\"name\":\"Home\"}},{\"@type\":\"ListItem\",\"@id\":\"http:\\\/\\\/blog.proofs.de\\\/lt\\\/thema\\\/proof-wissen\\\/kategorie-proof-gmbh\\\/#listItem\",\"position\":3,\"name\":\"Proof GmbH\",\"item\":\"http:\\\/\\\/blog.proofs.de\\\/lt\\\/thema\\\/proof-wissen\\\/kategorie-proof-gmbh\\\/\",\"nextItem\":{\"@type\":\"ListItem\",\"@id\":\"http:\\\/\\\/blog.proofs.de\\\/lt\\\/wie-farbverbindlich-sind-proofs\\\/#listItem\",\"name\":\"Wie farbverbindlich sind Proofs?\"},\"previousItem\":{\"@type\":\"ListItem\",\"@id\":\"http:\\\/\\\/blog.proofs.de\\\/lt\\\/thema\\\/proof-wissen\\\/#listItem\",\"name\":\"Proof Wissen\"}},{\"@type\":\"ListItem\",\"@id\":\"http:\\\/\\\/blog.proofs.de\\\/lt\\\/wie-farbverbindlich-sind-proofs\\\/#listItem\",\"position\":4,\"name\":\"Wie farbverbindlich sind Proofs?\",\"previousItem\":{\"@type\":\"ListItem\",\"@id\":\"http:\\\/\\\/blog.proofs.de\\\/lt\\\/thema\\\/proof-wissen\\\/kategorie-proof-gmbh\\\/#listItem\",\"name\":\"Proof GmbH\"}}]},{\"@type\":\"Organization\",\"@id\":\"http:\\\/\\\/blog.proofs.de\\\/lt\\\/#organization\",\"name\":\"Proof GmbH\",\"description\":\"Farbverbindlicher Proof, Farbproof, Digitalproof und Online-Proof.\",\"url\":\"http:\\\/\\\/blog.proofs.de\\\/lt\\\/\",\"telephone\":\"+4970717952740\",\"logo\":{\"@type\":\"ImageObject\",\"url\":\"https:\\\/\\\/blog1.proofen.de\\\/wp-content\\\/uploads\\\/2019\\\/09\\\/logo_proof_rgb_mit_balken_250px.png\",\"@id\":\"http:\\\/\\\/blog.proofs.de\\\/lt\\\/wie-farbverbindlich-sind-proofs\\\/#organizationLogo\"},\"image\":{\"@id\":\"http:\\\/\\\/blog.proofs.de\\\/lt\\\/wie-farbverbindlich-sind-proofs\\\/#organizationLogo\"},\"sameAs\":[\"https:\\\/\\\/www.facebook.com\\\/Proof.de\\\/\",\"https:\\\/\\\/www.instagram.com\\\/proof.de\\\/\",\"https:\\\/\\\/www.tiktok.com\\\/@proof_de\",\"https:\\\/\\\/www.youtube.com\\\/channel\\\/UCk80fQVQ25wC9wu3SywB-Nw\",\"https:\\\/\\\/www.linkedin.com\\\/company\\\/proof-de\"]},{\"@type\":\"Person\",\"@id\":\"http:\\\/\\\/blog.proofs.de\\\/lt\\\/author\\\/mbetz\\\/#author\",\"url\":\"http:\\\/\\\/blog.proofs.de\\\/lt\\\/author\\\/mbetz\\\/\",\"name\":\"Matthias Betz\",\"image\":{\"@type\":\"ImageObject\",\"@id\":\"http:\\\/\\\/blog.proofs.de\\\/lt\\\/wie-farbverbindlich-sind-proofs\\\/#authorImage\",\"url\":\"https:\\\/\\\/blog.proofs.de\\\/wp-content\\\/uploads\\\/2020\\\/10\\\/matthias-betz-e1603934518350-150x150.png\",\"width\":96,\"height\":96,\"caption\":\"Matthias Betz\"}},{\"@type\":\"WebPage\",\"@id\":\"http:\\\/\\\/blog.proofs.de\\\/lt\\\/wie-farbverbindlich-sind-proofs\\\/#webpage\",\"url\":\"http:\\\/\\\/blog.proofs.de\\\/lt\\\/wie-farbverbindlich-sind-proofs\\\/\",\"name\":\"Wie farbverbindlich sind Proofs? | proof.de\",\"description\":\"In dem Artikel wird erkl\\u00e4rt, wie ein Proof farbverbindlich und rechtsverbindlich wird: Mit Medienkeil und Pr\\u00fcfprotokoll nach ISO 12647-7 kein Thema!\",\"inLanguage\":\"lt-LT\",\"isPartOf\":{\"@id\":\"http:\\\/\\\/blog.proofs.de\\\/lt\\\/#website\"},\"breadcrumb\":{\"@id\":\"http:\\\/\\\/blog.proofs.de\\\/lt\\\/wie-farbverbindlich-sind-proofs\\\/#breadcrumblist\"},\"author\":{\"@id\":\"http:\\\/\\\/blog.proofs.de\\\/lt\\\/author\\\/mbetz\\\/#author\"},\"creator\":{\"@id\":\"http:\\\/\\\/blog.proofs.de\\\/lt\\\/author\\\/mbetz\\\/#author\"},\"image\":{\"@type\":\"ImageObject\",\"url\":\"https:\\\/\\\/blog.proofs.de\\\/wp-content\\\/uploads\\\/2014\\\/02\\\/medienkeil_mit_pruefprotokoll.jpg\",\"@id\":\"http:\\\/\\\/blog.proofs.de\\\/lt\\\/wie-farbverbindlich-sind-proofs\\\/#mainImage\",\"width\":540,\"height\":315,\"caption\":\"Ugra\\\/Fogra-Medienkeil V3.0 mit Pr\\u00fcfprotokoll\"},\"primaryImageOfPage\":{\"@id\":\"http:\\\/\\\/blog.proofs.de\\\/lt\\\/wie-farbverbindlich-sind-proofs\\\/#mainImage\"},\"datePublished\":\"2012-01-25T10:21:52+01:00\",\"dateModified\":\"2020-05-08T11:50:00+02:00\"},{\"@type\":\"WebSite\",\"@id\":\"http:\\\/\\\/blog.proofs.de\\\/lt\\\/#website\",\"url\":\"http:\\\/\\\/blog.proofs.de\\\/lt\\\/\",\"name\":\"Proof.de\",\"description\":\"Farbverbindlicher Proof, Farbproof, Digitalproof und Online-Proof.\",\"inLanguage\":\"lt-LT\",\"publisher\":{\"@id\":\"http:\\\/\\\/blog.proofs.de\\\/lt\\\/#organization\"}}]}\n\t\t<\/script>\n\t\t<!-- All in One SEO -->\n\n","aioseo_head_json":{"title":"Kiek tikslios spalvos yra bandomosios versijos? | proof.de","description":"Straipsnyje paai\u0161kinama, kaip padaryti spalvi\u0161kai tiksli\u0105 ir teisi\u0161kai privalom\u0105 bandom\u0105j\u0105 kopij\u0105: Naudojant laikmenos plei\u0161t\u0105 ir kontrolin\u012f protokol\u0105 pagal ISO 12647-7 joki\u0173 problem\u0173!","canonical_url":"http:\/\/blog.proofs.de\/lt\/wie-farbverbindlich-sind-proofs\/","robots":"max-image-preview:large","keywords":"proof,farbverbindlich,rechtsverbindlich,pr\u00fcfprotokoll,iso12647-7,digitalproof,farbproof,farbverbindlich,farbverbindlichkeit,fogra,medienkeil,proof,ugra","webmasterTools":{"google-site-verification":"TuXxyRwxcEg2-WfOaQ8vScWQh3-uBAnxXmY7g3GT90A","miscellaneous":"&lt;meta name=\"seobility\" content=\"593a8578143db71543f014978c690d47\"&gt;"},"schema":{"@context":"https:\/\/schema.org","@graph":[{"@type":"Article","@id":"http:\/\/blog.proofs.de\/lt\/wie-farbverbindlich-sind-proofs\/#article","name":"Wie farbverbindlich sind Proofs? | proof.de","headline":"Wie farbverbindlich sind Proofs?","author":{"@id":"http:\/\/blog.proofs.de\/lt\/author\/mbetz\/#author"},"publisher":{"@id":"http:\/\/blog.proofs.de\/lt\/#organization"},"image":{"@type":"ImageObject","url":"https:\/\/blog.proofs.de\/wp-content\/uploads\/2014\/02\/medienkeil_mit_pruefprotokoll.jpg","width":540,"height":315,"caption":"Ugra\/Fogra-Medienkeil V3.0 mit Pr\u00fcfprotokoll"},"datePublished":"2012-01-25T10:21:52+01:00","dateModified":"2020-05-08T11:50:00+02:00","inLanguage":"lt-LT","mainEntityOfPage":{"@id":"http:\/\/blog.proofs.de\/lt\/wie-farbverbindlich-sind-proofs\/#webpage"},"isPartOf":{"@id":"http:\/\/blog.proofs.de\/lt\/wie-farbverbindlich-sind-proofs\/#webpage"},"articleSection":"H\u00e4ufige Fragen, H\u00e4ufige Fragen zu Proofs, Proof GmbH, Proof Papiere, Proof Software &amp; Technik, Proof Wissen, Prozessstandard Offsetdruck, Digitalproof, Farbproof, farbverbindlich, Farbverbindlichkeit, Fogra, Medienkeil, Proof, UGRA"},{"@type":"BreadcrumbList","@id":"http:\/\/blog.proofs.de\/lt\/wie-farbverbindlich-sind-proofs\/#breadcrumblist","itemListElement":[{"@type":"ListItem","@id":"http:\/\/blog.proofs.de\/lt#listItem","position":1,"name":"Home","item":"http:\/\/blog.proofs.de\/lt","nextItem":{"@type":"ListItem","@id":"http:\/\/blog.proofs.de\/lt\/thema\/proof-wissen\/#listItem","name":"Proof Wissen"}},{"@type":"ListItem","@id":"http:\/\/blog.proofs.de\/lt\/thema\/proof-wissen\/#listItem","position":2,"name":"Proof Wissen","item":"http:\/\/blog.proofs.de\/lt\/thema\/proof-wissen\/","nextItem":{"@type":"ListItem","@id":"http:\/\/blog.proofs.de\/lt\/thema\/proof-wissen\/kategorie-proof-gmbh\/#listItem","name":"Proof GmbH"},"previousItem":{"@type":"ListItem","@id":"http:\/\/blog.proofs.de\/lt#listItem","name":"Home"}},{"@type":"ListItem","@id":"http:\/\/blog.proofs.de\/lt\/thema\/proof-wissen\/kategorie-proof-gmbh\/#listItem","position":3,"name":"Proof GmbH","item":"http:\/\/blog.proofs.de\/lt\/thema\/proof-wissen\/kategorie-proof-gmbh\/","nextItem":{"@type":"ListItem","@id":"http:\/\/blog.proofs.de\/lt\/wie-farbverbindlich-sind-proofs\/#listItem","name":"Wie farbverbindlich sind Proofs?"},"previousItem":{"@type":"ListItem","@id":"http:\/\/blog.proofs.de\/lt\/thema\/proof-wissen\/#listItem","name":"Proof Wissen"}},{"@type":"ListItem","@id":"http:\/\/blog.proofs.de\/lt\/wie-farbverbindlich-sind-proofs\/#listItem","position":4,"name":"Wie farbverbindlich sind Proofs?","previousItem":{"@type":"ListItem","@id":"http:\/\/blog.proofs.de\/lt\/thema\/proof-wissen\/kategorie-proof-gmbh\/#listItem","name":"Proof GmbH"}}]},{"@type":"Organization","@id":"http:\/\/blog.proofs.de\/lt\/#organization","name":"Proof GmbH","description":"Farbverbindlicher Proof, Farbproof, Digitalproof und Online-Proof.","url":"http:\/\/blog.proofs.de\/lt\/","telephone":"+4970717952740","logo":{"@type":"ImageObject","url":"https:\/\/blog1.proofen.de\/wp-content\/uploads\/2019\/09\/logo_proof_rgb_mit_balken_250px.png","@id":"http:\/\/blog.proofs.de\/lt\/wie-farbverbindlich-sind-proofs\/#organizationLogo"},"image":{"@id":"http:\/\/blog.proofs.de\/lt\/wie-farbverbindlich-sind-proofs\/#organizationLogo"},"sameAs":["https:\/\/www.facebook.com\/Proof.de\/","https:\/\/www.instagram.com\/proof.de\/","https:\/\/www.tiktok.com\/@proof_de","https:\/\/www.youtube.com\/channel\/UCk80fQVQ25wC9wu3SywB-Nw","https:\/\/www.linkedin.com\/company\/proof-de"]},{"@type":"Person","@id":"http:\/\/blog.proofs.de\/lt\/author\/mbetz\/#author","url":"http:\/\/blog.proofs.de\/lt\/author\/mbetz\/","name":"Matthias Betz","image":{"@type":"ImageObject","@id":"http:\/\/blog.proofs.de\/lt\/wie-farbverbindlich-sind-proofs\/#authorImage","url":"https:\/\/blog.proofs.de\/wp-content\/uploads\/2020\/10\/matthias-betz-e1603934518350-150x150.png","width":96,"height":96,"caption":"Matthias Betz"}},{"@type":"WebPage","@id":"http:\/\/blog.proofs.de\/lt\/wie-farbverbindlich-sind-proofs\/#webpage","url":"http:\/\/blog.proofs.de\/lt\/wie-farbverbindlich-sind-proofs\/","name":"Wie farbverbindlich sind Proofs? | proof.de","description":"In dem Artikel wird erkl\u00e4rt, wie ein Proof farbverbindlich und rechtsverbindlich wird: Mit Medienkeil und Pr\u00fcfprotokoll nach ISO 12647-7 kein Thema!","inLanguage":"lt-LT","isPartOf":{"@id":"http:\/\/blog.proofs.de\/lt\/#website"},"breadcrumb":{"@id":"http:\/\/blog.proofs.de\/lt\/wie-farbverbindlich-sind-proofs\/#breadcrumblist"},"author":{"@id":"http:\/\/blog.proofs.de\/lt\/author\/mbetz\/#author"},"creator":{"@id":"http:\/\/blog.proofs.de\/lt\/author\/mbetz\/#author"},"image":{"@type":"ImageObject","url":"https:\/\/blog.proofs.de\/wp-content\/uploads\/2014\/02\/medienkeil_mit_pruefprotokoll.jpg","@id":"http:\/\/blog.proofs.de\/lt\/wie-farbverbindlich-sind-proofs\/#mainImage","width":540,"height":315,"caption":"Ugra\/Fogra-Medienkeil V3.0 mit Pr\u00fcfprotokoll"},"primaryImageOfPage":{"@id":"http:\/\/blog.proofs.de\/lt\/wie-farbverbindlich-sind-proofs\/#mainImage"},"datePublished":"2012-01-25T10:21:52+01:00","dateModified":"2020-05-08T11:50:00+02:00"},{"@type":"WebSite","@id":"http:\/\/blog.proofs.de\/lt\/#website","url":"http:\/\/blog.proofs.de\/lt\/","name":"Proof.de","description":"Farbverbindlicher Proof, Farbproof, Digitalproof und Online-Proof.","inLanguage":"lt-LT","publisher":{"@id":"http:\/\/blog.proofs.de\/lt\/#organization"}}]},"og:locale":"lt_LT","og:site_name":"Proof.de | Alles zu Proof, Farbmanagement, Grafik, Messtechnik &amp; Co.","og:type":"article","og:title":"Wie farbverbindlich sind Proofs? | proof.de","og:description":"In dem Artikel wird erkl\u00e4rt, wie ein Proof farbverbindlich und rechtsverbindlich wird: Mit Medienkeil und Pr\u00fcfprotokoll nach ISO 12647-7 kein Thema!","og:url":"http:\/\/blog.proofs.de\/lt\/wie-farbverbindlich-sind-proofs\/","og:image":"http:\/\/blog.proofs.de\/wp-content\/uploads\/2014\/02\/medienkeil_mit_pruefprotokoll.jpg","og:image:width":540,"og:image:height":315,"article:published_time":"2012-01-25T09:21:52+00:00","article:modified_time":"2020-05-08T09:50:00+00:00","article:publisher":"https:\/\/www.facebook.com\/Proof.de\/","twitter:card":"summary","twitter:title":"Wie farbverbindlich sind Proofs? | proof.de","twitter:description":"In dem Artikel wird erkl\u00e4rt, wie ein Proof farbverbindlich und rechtsverbindlich wird: Mit Medienkeil und Pr\u00fcfprotokoll nach ISO 12647-7 kein Thema!","twitter:image":"https:\/\/blog1.proofen.de\/wp-content\/uploads\/2020\/04\/proof_background.jpg"},"aioseo_meta_data":{"post_id":"69","title":"Kiek tiksliai atkuriamos spalvos spausdinimo pavyzd\u017eiuose? | proof.de","description":"Straipsnyje paai\u0161kinama, kaip padaryti spalvi\u0161kai tiksli\u0105 ir teisi\u0161kai privalom\u0105 bandom\u0105j\u0105 kopij\u0105: Naudojant laikmenos plei\u0161t\u0105 ir kontrolin\u012f protokol\u0105 pagal ISO 12647-7 joki\u0173 problem\u0173!","keywords":[{"label":"Proof,Farbverbindlich,rechtsverbindlich,Pr\u00fcfprotokoll,ISO12647-7","value":"Proof,Farbverbindlich,rechtsverbindlich,Pr\u00fcfprotokoll,ISO12647-7"}],"keyphrases":null,"primary_term":null,"canonical_url":null,"og_title":null,"og_description":null,"og_object_type":"default","og_image_type":"default","og_image_url":null,"og_image_width":null,"og_image_height":null,"og_image_custom_url":null,"og_image_custom_fields":null,"og_video":null,"og_custom_url":null,"og_article_section":null,"og_article_tags":null,"twitter_use_og":false,"twitter_card":"default","twitter_image_type":"default","twitter_image_url":null,"twitter_image_custom_url":null,"twitter_image_custom_fields":null,"twitter_title":null,"twitter_description":null,"schema":{"blockGraphs":[],"customGraphs":[],"default":{"data":{"Article":[],"Course":[],"Dataset":[],"FAQPage":[],"Movie":[],"Person":[],"Product":[],"ProductReview":[],"Car":[],"Recipe":[],"Service":[],"SoftwareApplication":[],"WebPage":[]},"graphName":"","isEnabled":true},"graphs":[]},"schema_type":null,"schema_type_options":null,"pillar_content":false,"robots_default":true,"robots_noindex":false,"robots_noarchive":false,"robots_nosnippet":false,"robots_nofollow":false,"robots_noimageindex":false,"robots_noodp":false,"robots_notranslate":false,"robots_max_snippet":null,"robots_max_videopreview":null,"robots_max_imagepreview":"large","priority":null,"frequency":null,"local_seo":null,"breadcrumb_settings":null,"limit_modified_date":false,"ai":null,"created":"2020-12-21 00:35:00","updated":"2025-06-04 14:10:54","seo_analyzer_scan_date":null,"focus_keyword":null,"additional_keywords":null,"truseo_locale":null},"_links":{"self":[{"href":"http:\/\/blog.proofs.de\/lt\/wp-json\/wp\/v2\/posts\/69","targetHints":{"allow":["GET"]}}],"collection":[{"href":"http:\/\/blog.proofs.de\/lt\/wp-json\/wp\/v2\/posts"}],"about":[{"href":"http:\/\/blog.proofs.de\/lt\/wp-json\/wp\/v2\/types\/post"}],"author":[{"embeddable":true,"href":"http:\/\/blog.proofs.de\/lt\/wp-json\/wp\/v2\/users\/2"}],"replies":[{"embeddable":true,"href":"http:\/\/blog.proofs.de\/lt\/wp-json\/wp\/v2\/comments?post=69"}],"version-history":[{"count":11,"href":"http:\/\/blog.proofs.de\/lt\/wp-json\/wp\/v2\/posts\/69\/revisions"}],"predecessor-version":[{"id":3417,"href":"http:\/\/blog.proofs.de\/lt\/wp-json\/wp\/v2\/posts\/69\/revisions\/3417"}],"wp:featuredmedia":[{"embeddable":true,"href":"http:\/\/blog.proofs.de\/lt\/wp-json\/wp\/v2\/media\/881"}],"wp:attachment":[{"href":"http:\/\/blog.proofs.de\/lt\/wp-json\/wp\/v2\/media?parent=69"}],"wp:term":[{"taxonomy":"category","embeddable":true,"href":"http:\/\/blog.proofs.de\/lt\/wp-json\/wp\/v2\/categories?post=69"},{"taxonomy":"post_tag","embeddable":true,"href":"http:\/\/blog.proofs.de\/lt\/wp-json\/wp\/v2\/tags?post=69"}],"curies":[{"name":"wp","href":"https:\/\/api.w.org\/{rel}","templated":true}]}}