{"id":1075,"date":"2014-09-30T23:06:21","date_gmt":"2014-09-30T21:06:21","guid":{"rendered":"http:\/\/www.proof.de\/?p=1075"},"modified":"2020-05-08T13:18:10","modified_gmt":"2020-05-08T11:18:10","slug":"jauns-iepakojums-pie-proof-de","status":"publish","type":"post","link":"http:\/\/blog.proofs.de\/lv\/neue-verpackungen-bei-proof-de\/","title":{"rendered":"Jauns Proof.de iepakojums"},"content":{"rendered":"<div class=\"kk-star-ratings kksr-auto kksr-align-right kksr-valign-top\" data-payload='{\"align\":\"right\",\"id\":\"1075\",\"slug\":\"default\",\"valign\":\"top\",\"ignore\":\"\",\"reference\":\"auto\",\"class\":\"\",\"count\":\"0\",\"legendonly\":\"\",\"readonly\":\"\",\"score\":\"0\",\"starsonly\":\"\",\"best\":\"5\",\"gap\":\"5\",\"greet\":\"Jetzt bewerten\",\"legend\":\"0\\\/5 - (0 votes)\",\"size\":\"24\",\"title\":\"Neue Verpackungen bei Proof.de\",\"width\":\"0\",\"_legend\":\"{score}\\\/{best} - ({count} {votes})\",\"font_factor\":\"1.25\"}'>\n            \n<div class=\"kksr-stars\">\n    \n<div class=\"kksr-stars-inactive\">\n            <div class=\"kksr-star\" data-star=\"1\" style=\"padding-right: 5px\">\n            \n\n<div class=\"kksr-icon\" style=\"width: 24px; height: 24px;\"><\/div>\n        <\/div>\n            <div class=\"kksr-star\" data-star=\"2\" style=\"padding-right: 5px\">\n            \n\n<div class=\"kksr-icon\" style=\"width: 24px; height: 24px;\"><\/div>\n        <\/div>\n            <div class=\"kksr-star\" data-star=\"3\" style=\"padding-right: 5px\">\n            \n\n<div class=\"kksr-icon\" style=\"width: 24px; height: 24px;\"><\/div>\n        <\/div>\n            <div class=\"kksr-star\" data-star=\"4\" style=\"padding-right: 5px\">\n            \n\n<div class=\"kksr-icon\" style=\"width: 24px; height: 24px;\"><\/div>\n        <\/div>\n            <div class=\"kksr-star\" data-star=\"5\" style=\"padding-right: 5px\">\n            \n\n<div class=\"kksr-icon\" style=\"width: 24px; height: 24px;\"><\/div>\n        <\/div>\n    <\/div>\n    \n<div class=\"kksr-stars-active\" style=\"width: 0px;\">\n            <div class=\"kksr-star\" style=\"padding-right: 5px\">\n            \n\n<div class=\"kksr-icon\" style=\"width: 24px; height: 24px;\"><\/div>\n        <\/div>\n            <div class=\"kksr-star\" style=\"padding-right: 5px\">\n            \n\n<div class=\"kksr-icon\" style=\"width: 24px; height: 24px;\"><\/div>\n        <\/div>\n            <div class=\"kksr-star\" style=\"padding-right: 5px\">\n            \n\n<div class=\"kksr-icon\" style=\"width: 24px; height: 24px;\"><\/div>\n        <\/div>\n            <div class=\"kksr-star\" style=\"padding-right: 5px\">\n            \n\n<div class=\"kksr-icon\" style=\"width: 24px; height: 24px;\"><\/div>\n        <\/div>\n            <div class=\"kksr-star\" style=\"padding-right: 5px\">\n            \n\n<div class=\"kksr-icon\" style=\"width: 24px; height: 24px;\"><\/div>\n        <\/div>\n    <\/div>\n<\/div>\n                \n\n<div class=\"kksr-legend\" style=\"font-size: 19.2px;\">\n            <span class=\"kksr-muted\">Nov\u0113rt\u0113jiet tagad<\/span>\n    <\/div>\n    <\/div>\n<p><a href=\"http:\/\/blog.proofs.de\/lv\/lexikon\/proof\/\" target=\"_self\" title=\"Korekt\u016bra (pareizi: l\u012bgumkorekt\u016bra) ir ISO 12647-7 sertific\u0113ta korekt\u016bras ier\u012bce grafikas m\u0101kslas nozar\u0113. Proba imit\u0113 ofseta drukas vai dobspiedes kr\u0101sain\u012bbu kr\u0101su un juridiski saisto\u0161\u0101 veid\u0101, iev\u0113rojot ISO standart\u0101 noteikt\u0101s \u0161aur\u0101s pielaides.\" class=\"encyclopedia\">Pier\u0101d\u012bjums<\/a>.de ir jauns iepakojums <a href=\"http:\/\/blog.proofs.de\/lv\/lexikon\/proofs\/\" target=\"_self\" title=\"Poligr\u0101fijas nozar\u0113 p\u0101rbaudes izdrukas (vai p\u0101rbaudes izdrukas) attiecas uz drukas rezult\u0101ta kr\u0101su iesie\u0161anu un juridiski saisto\u0161u simul\u0101ciju kontroles nol\u016bkos. Standarts, kas attiecas uz p\u0101rbaudes izdruk\u0101m, ir ISO 12647-7:2016, t. i., 2016. gada pa\u0161reiz\u0113j\u0101 redakcija.\" class=\"encyclopedia\">Pier\u0101d\u012bjumi<\/a> l\u012bdz DIN A4+ un no DIN A3 form\u0101ta.<\/p>\n<p>Jaunais DIN A4+ iepakojums ir izgatavots no augstas kvalit\u0101tes 450 g\/m\u00b2 hromosulf\u0101ta kartona, un tam ir pl\u012bsto\u0161a atloka. To priek\u0161pus\u0113 var mar\u0137\u0113t ar adreses eti\u0137eti un z\u012bmogu pasta s\u016bt\u012bjumiem vai ar DHL Express uzl\u012bmi ekspress s\u016bt\u012bjumiem. Starptautiskai pieg\u0101dei <a href=\"http:\/\/blog.proofs.de\/lv\/lexikon\/nutzen\/\" target=\"_self\" title=\"Pane\u013cu skaits nor\u0101da, cik lapas var izvietot (un t\u0101d\u0113j\u0101di izdruk\u0101t) uz druk\u0101t\u0101s lapas.\" class=\"encyclopedia\">izmantot<\/a> m\u0113s nos\u016bt\u0101m ar pasaules v\u0113stuli lielu v\u0113stuli ar ierakst\u012btu s\u016bt\u012bjumu, kas tagad tiek druk\u0101ts tie\u0161i k\u0101 interneta z\u012bmogs.<\/p>\n<p><img loading=\"lazy\" decoding=\"async\" class=\"alignleft size-large wp-image-1091\" src=\"https:\/\/blog1.proofen.de\/wp-content\/uploads\/2014\/09\/proof_de_verpackungen_alle-816x1024.jpg\" alt=\"Jaunais Proof.de proof iepakojums: no \u0161\u012b br\u012b\u017ea j\u016bsu proof ir v\u0113l lab\u0101k aizsarg\u0101ts.\" width=\"584\" height=\"732\" srcset=\"https:\/\/blog.proofs.de\/wp-content\/uploads\/2014\/09\/proof_de_verpackungen_alle-816x1024.jpg 816w, https:\/\/blog.proofs.de\/wp-content\/uploads\/2014\/09\/proof_de_verpackungen_alle-239x300.jpg 239w, https:\/\/blog.proofs.de\/wp-content\/uploads\/2014\/09\/proof_de_verpackungen_alle.jpg 1000w\" sizes=\"auto, (max-width: 584px) 100vw, 584px\"><\/p>\n<p>Jaun\u0101s pastkast\u012btes ir nedaudz pl\u0101n\u0101kas nek\u0101 l\u012bdz \u0161im, un t\u0101m ir ar\u012b \u0113rts atpl\u0113\u0161ams atv\u0101kojums. Jaun\u0101s adreses eti\u0137etes \u013cauj viegli atpaz\u012bt, ka t\u0101s ir s\u016bt\u012bjums no Proof.de. T\u0101s ir pieejamas da\u017e\u0101da garuma, lai piem\u0113rotu da\u017e\u0101diem p\u0101rbaudes form\u0101tiem no DIN A3 l\u012bdz DIN A0+, un tiek izmantotas atbilsto\u0161i p\u0101rbaudes form\u0101tam. T\u0101s tiek izmantotas kop\u0101 ar DHL nos\u016bt\u012b\u0161anas eti\u0137et\u0113m parastai nos\u016bt\u012b\u0161anai un eksprespasta nos\u016bt\u012b\u0161anai.<\/p>\n<p><!--more-->Lai optim\u0101li pasarg\u0101tu izdrukas no laikapst\u0101k\u013cu iedarb\u012bbas, papildus iztur\u012bgajam iepakojumam t\u0101s tiek ievietotas polipropil\u0113na maisos. \u0160ie p\u0101rstr\u0101d\u0101jamie maisi\u0146i aizsarg\u0101 proofus gan no mitruma, gan no meh\u0101niskas nodiluma.<\/p>\n<figure id=\"attachment_1081\" aria-describedby=\"caption-attachment-1081\" style=\"width: 574px\" class=\"wp-caption alignleft\"><a href=\"https:\/\/blog1.proofen.de\/wp-content\/uploads\/2014\/09\/proof_de_proof_schneiden_2.jpg\"><img loading=\"lazy\" decoding=\"async\" class=\"wp-image-1081 size-large\" src=\"https:\/\/blog1.proofen.de\/wp-content\/uploads\/2014\/09\/proof_de_proof_schneiden_2-1024x693.jpg\" alt=\"Atkar\u012bb\u0101 no daudzuma paraugi tiek izgriezti p\u0113c izm\u0113ra ar rok\u0101m vai ar Fotoba Digitrim autom\u0101tisko izgrie\u0161anas iek\u0101rtu.\" width=\"584\" height=\"395\" srcset=\"https:\/\/blog.proofs.de\/wp-content\/uploads\/2014\/09\/proof_de_proof_schneiden_2-1024x693.jpg 1024w, https:\/\/blog.proofs.de\/wp-content\/uploads\/2014\/09\/proof_de_proof_schneiden_2-300x203.jpg 300w, https:\/\/blog.proofs.de\/wp-content\/uploads\/2014\/09\/proof_de_proof_schneiden_2-442x300.jpg 442w\" sizes=\"auto, (max-width: 584px) 100vw, 584px\"><\/a><figcaption id=\"caption-attachment-1081\" class=\"wp-caption-text\">Atkar\u012bb\u0101 no form\u0101ta un tir\u0101\u017eas izdrukas izdrukas tiek izgatavotas ar rok\u0101m vai ar autom\u0101tisko fotogriez\u0113ju.<a href=\"http:\/\/blog.proofs.de\/lv\/lexikon\/oba\/\" target=\"_self\" title='OBA ir sa\u012bsin\u0101jums no &quot;Optical Brightning Agents&quot; vai &quot;Optical Brightners&quot;.' class=\"encyclopedia\">abi<\/a> Digitrim sagriezts p\u0113c izm\u0113ra.<\/figcaption><\/figure>\n<p><img loading=\"lazy\" decoding=\"async\" class=\"alignleft size-large wp-image-1082\" src=\"https:\/\/blog1.proofen.de\/wp-content\/uploads\/2014\/09\/proof_de_proof_schneiden-1024x682.jpg\" alt=\"proof_en_proof_cutting\" width=\"584\" height=\"388\" srcset=\"https:\/\/blog.proofs.de\/wp-content\/uploads\/2014\/09\/proof_de_proof_schneiden-1024x682.jpg 1024w, https:\/\/blog.proofs.de\/wp-content\/uploads\/2014\/09\/proof_de_proof_schneiden-300x200.jpg 300w, https:\/\/blog.proofs.de\/wp-content\/uploads\/2014\/09\/proof_de_proof_schneiden-450x300.jpg 450w\" sizes=\"auto, (max-width: 584px) 100vw, 584px\"><\/p>\n<figure id=\"attachment_1080\" aria-describedby=\"caption-attachment-1080\" style=\"width: 574px\" class=\"wp-caption alignleft\"><a href=\"https:\/\/blog1.proofen.de\/wp-content\/uploads\/2014\/09\/proof_de_proof_adressdruck.jpg\"><img loading=\"lazy\" decoding=\"async\" class=\"wp-image-1080 size-large\" src=\"https:\/\/blog1.proofen.de\/wp-content\/uploads\/2014\/09\/proof_de_proof_adressdruck-1024x682.jpg\" alt=\"Tiek iespiestas adreses eti\u0137etes, kas paredz\u0113tas p\u0101rbaudes pasta caurul\u0113m un aploksn\u0113m.\" width=\"584\" height=\"388\" srcset=\"https:\/\/blog.proofs.de\/wp-content\/uploads\/2014\/09\/proof_de_proof_adressdruck-1024x682.jpg 1024w, https:\/\/blog.proofs.de\/wp-content\/uploads\/2014\/09\/proof_de_proof_adressdruck-300x200.jpg 300w, https:\/\/blog.proofs.de\/wp-content\/uploads\/2014\/09\/proof_de_proof_adressdruck-450x300.jpg 450w\" sizes=\"auto, (max-width: 584px) 100vw, 584px\"><\/a><figcaption id=\"caption-attachment-1080\" class=\"wp-caption-text\">Adreses eti\u0137etes tiek druk\u0101tas p\u0101rbaudes s\u016bt\u012bjumu caurul\u0113m un aploksn\u0113m.<\/figcaption><\/figure>\n<p>&nbsp;<\/p>\n<figure id=\"attachment_1088\" aria-describedby=\"caption-attachment-1088\" style=\"width: 574px\" class=\"wp-caption alignleft\"><a href=\"https:\/\/blog1.proofen.de\/wp-content\/uploads\/2014\/09\/proof_de_verpackung_pp_folie.jpg\"><img loading=\"lazy\" decoding=\"async\" class=\"wp-image-1088 size-large\" src=\"https:\/\/blog1.proofen.de\/wp-content\/uploads\/2014\/09\/proof_de_verpackung_pp_folie-1024x682.jpg\" alt=\"P\u0101rbaudes tiek ievietotas p\u0101rstr\u0101d\u0101jamos polipropil\u0113na maisos, lai pasarg\u0101tu t\u0101s no laikapst\u0101k\u013ciem.\" width=\"584\" height=\"388\" srcset=\"https:\/\/blog.proofs.de\/wp-content\/uploads\/2014\/09\/proof_de_verpackung_pp_folie-1024x682.jpg 1024w, https:\/\/blog.proofs.de\/wp-content\/uploads\/2014\/09\/proof_de_verpackung_pp_folie-300x200.jpg 300w, https:\/\/blog.proofs.de\/wp-content\/uploads\/2014\/09\/proof_de_verpackung_pp_folie-450x300.jpg 450w\" sizes=\"auto, (max-width: 584px) 100vw, 584px\"><\/a><figcaption id=\"caption-attachment-1088\" class=\"wp-caption-text\">Visi Proof.de paraugi tiek ievietoti p\u0101rstr\u0101d\u0101jamos polipropil\u0113na maisos, lai tos pasarg\u0101tu no laikapst\u0101k\u013ciem.<\/figcaption><\/figure>\n<p><a href=\"https:\/\/blog1.proofen.de\/wp-content\/uploads\/2014\/09\/proof_de_verpackung_einlegen.jpg\"><img loading=\"lazy\" decoding=\"async\" class=\"alignleft size-large wp-image-1085\" src=\"https:\/\/blog1.proofen.de\/wp-content\/uploads\/2014\/09\/proof_de_verpackung_einlegen-1024x682.jpg\" alt=\"proof_en_packaging_insert\" width=\"584\" height=\"388\" srcset=\"https:\/\/blog.proofs.de\/wp-content\/uploads\/2014\/09\/proof_de_verpackung_einlegen-1024x682.jpg 1024w, https:\/\/blog.proofs.de\/wp-content\/uploads\/2014\/09\/proof_de_verpackung_einlegen-300x200.jpg 300w, https:\/\/blog.proofs.de\/wp-content\/uploads\/2014\/09\/proof_de_verpackung_einlegen-450x300.jpg 450w\" sizes=\"auto, (max-width: 584px) 100vw, 584px\"><\/a> <a href=\"https:\/\/blog1.proofen.de\/wp-content\/uploads\/2014\/09\/proof_de_verpackung_schliessen.jpg\"><img loading=\"lazy\" decoding=\"async\" class=\"alignleft size-large wp-image-1089\" src=\"https:\/\/blog1.proofen.de\/wp-content\/uploads\/2014\/09\/proof_de_verpackung_schliessen-1024x682.jpg\" alt=\"proof_en_packaging_close\" width=\"584\" height=\"388\" srcset=\"https:\/\/blog.proofs.de\/wp-content\/uploads\/2014\/09\/proof_de_verpackung_schliessen-1024x682.jpg 1024w, https:\/\/blog.proofs.de\/wp-content\/uploads\/2014\/09\/proof_de_verpackung_schliessen-300x200.jpg 300w, https:\/\/blog.proofs.de\/wp-content\/uploads\/2014\/09\/proof_de_verpackung_schliessen-450x300.jpg 450w\" sizes=\"auto, (max-width: 584px) 100vw, 584px\"><\/a><\/p>\n<figure id=\"attachment_1092\" aria-describedby=\"caption-attachment-1092\" style=\"width: 574px\" class=\"wp-caption alignleft\"><a href=\"https:\/\/blog1.proofen.de\/wp-content\/uploads\/2014\/09\/proof_de_verpackungen_aufreissen.jpg\"><img loading=\"lazy\" decoding=\"async\" class=\"wp-image-1092 size-large\" src=\"https:\/\/blog1.proofen.de\/wp-content\/uploads\/2014\/09\/proof_de_verpackungen_aufreissen-1024x722.jpg\" alt=\"Jaunajam Proof iepakojumam ir pl\u012bsto\u0161as cilnes, kas \u013cauj iepakojumu viegli atv\u0113rt p\u0113c nos\u016bt\u012b\u0161anas pa pastu.\" width=\"584\" height=\"411\" srcset=\"https:\/\/blog.proofs.de\/wp-content\/uploads\/2014\/09\/proof_de_verpackungen_aufreissen-1024x722.jpg 1024w, https:\/\/blog.proofs.de\/wp-content\/uploads\/2014\/09\/proof_de_verpackungen_aufreissen-300x211.jpg 300w, https:\/\/blog.proofs.de\/wp-content\/uploads\/2014\/09\/proof_de_verpackungen_aufreissen-425x300.jpg 425w\" sizes=\"auto, (max-width: 584px) 100vw, 584px\"><\/a><figcaption id=\"caption-attachment-1092\" class=\"wp-caption-text\">Jaunajam Proof iepakojumam ir pl\u012bsto\u0161as cilnes, kas \u013cauj iepakojumu viegli atv\u0113rt p\u0113c nos\u016bt\u012b\u0161anas pa pastu.<\/figcaption><\/figure>\n<p>&nbsp;<\/p>","protected":false},"excerpt":{"rendered":"<p>Proof.de ir ieviesis jaunu iepakojumu paraugdruk\u0101m l\u012bdz DIN A4+ un no DIN A3 form\u0101ta. Jaunais A4+ iepakojums ir izgatavots no augstas kvalit\u0101tes 450 g\/m\u00b2 hromosulf\u0101ta kartona, un tam ir atpl\u0113\u0161ama atloka. To priek\u0161pus\u0113 var mar\u0137\u0113t ar adreses eti\u0137eti un z\u012bmogu pasta s\u016bt\u012bjumiem vai ar DHL Express uzl\u012bmi ekspress s\u016bt\u012bjumiem. Starptautiskajiem s\u016bt\u012bjumiem m\u0113s izmantojam pasaules v\u0113stu\u013cu korespondences s\u016bt\u012bjumus ar ierakst\u012btu s\u016bt\u012bjumu, kas tagad tiek druk\u0101ts tie\u0161i k\u0101 interneta z\u012bmogs. Jaun\u0101s aploksnes ir nedaudz pl\u0101n\u0101kas nek\u0101 l\u012bdz \u0161im, un t\u0101m ir ar\u012b \u0113rta nopl\u0113\u0161anas cilne. Pateicoties ... <\/p>\n<p class=\"read-more-container\"><a title=\"Jauns Proof.de iepakojums\" class=\"read-more button\" href=\"http:\/\/blog.proofs.de\/lv\/neue-verpackungen-bei-proof-de\/#more-1075\" aria-label=\"Uzzin\u0101t vair\u0101k par jauno iepakojumu Proof.de veikal\u0101\">Las\u012bt vair\u0101k<\/a><\/p>","protected":false},"author":2,"featured_media":1091,"comment_status":"open","ping_status":"open","sticky":false,"template":"","format":"standard","meta":{"om_disable_all_campaigns":false,"inline_featured_image":false,"_monsterinsights_skip_tracking":false,"footnotes":""},"categories":[1,18,120],"tags":[388,389,390,386,387],"class_list":["post-1075","post","type-post","status-publish","format-standard","has-post-thumbnail","hentry","category-allgemein","category-haufige-fragen","category-kategorie-proof-gmbh","tag-chromosulfatkarton","tag-dhl","tag-dhl-express","tag-proof-verpackung","tag-versandhuelse","generate-columns","tablet-grid-50","mobile-grid-100","grid-parent","grid-50","no-featured-image-padding","resize-featured-image"],"aioseo_notices":[],"aioseo_head":"\n\t\t<!-- All in One SEO 5.0.1.1 - aioseo.com -->\n\t<meta name=\"description\" content=\"Proof.de hat neue Verpackungen f\u00fcr Proofs bis DIN A4+ und ab Format DIN A3 eingef\u00fchrt. Dadurch werden die Proofs beim Versand jetzt noch optimaler gesch\u00fctzt.\" \/>\n\t<meta name=\"robots\" content=\"max-image-preview:large\" \/>\n\t<meta name=\"author\" content=\"Matthias Betz\"\/>\n\t<meta name=\"google-site-verification\" content=\"TuXxyRwxcEg2-WfOaQ8vScWQh3-uBAnxXmY7g3GT90A\" \/>\n\t<meta name=\"keywords\" content=\"proof,proof.de,verpackung,versandtasche,versandh\u00fclse,polypropylentasche,pp,,chromosulfatkarton,dhl,dhl express,proof verpackung,versandh\u00fclse\" \/>\n\t<link rel=\"canonical\" href=\"http:\/\/blog.proofs.de\/lv\/neue-verpackungen-bei-proof-de\/\" \/>\n\t<meta name=\"generator\" content=\"All in One SEO (AIOSEO) 5.0.1.1\" \/>\n\n\t\t<meta name=\"seobility\" content=\"593a8578143db71543f014978c690d47\">\n\t\t<meta property=\"og:locale\" content=\"lv_LV\" \/>\n\t\t<meta property=\"og:site_name\" content=\"Proof.de | Alles zu Proof, Farbmanagement, Grafik, Messtechnik &amp; Co.\" \/>\n\t\t<meta property=\"og:type\" content=\"article\" \/>\n\t\t<meta property=\"og:title\" content=\"Neue Proof Verpackungen bei Proof.de | proof.de\" \/>\n\t\t<meta property=\"og:description\" content=\"Proof.de hat neue Verpackungen f\u00fcr Proofs bis DIN A4+ und ab Format DIN A3 eingef\u00fchrt. Dadurch werden die Proofs beim Versand jetzt noch optimaler gesch\u00fctzt.\" \/>\n\t\t<meta property=\"og:url\" content=\"http:\/\/blog.proofs.de\/lv\/neue-verpackungen-bei-proof-de\/\" \/>\n\t\t<meta property=\"og:image\" content=\"http:\/\/blog.proofs.de\/wp-content\/uploads\/2014\/09\/proof_de_verpackungen_alle.jpg\" \/>\n\t\t<meta property=\"og:image:width\" content=\"1000\" \/>\n\t\t<meta property=\"og:image:height\" content=\"1254\" \/>\n\t\t<meta property=\"article:published_time\" content=\"2014-09-30T21:06:21+00:00\" \/>\n\t\t<meta property=\"article:modified_time\" content=\"2020-05-08T11:18:10+00:00\" \/>\n\t\t<meta property=\"article:publisher\" content=\"https:\/\/www.facebook.com\/Proof.de\/\" \/>\n\t\t<meta name=\"twitter:card\" content=\"summary\" \/>\n\t\t<meta name=\"twitter:title\" content=\"Neue Proof Verpackungen bei Proof.de | proof.de\" \/>\n\t\t<meta name=\"twitter:description\" content=\"Proof.de hat neue Verpackungen f\u00fcr Proofs bis DIN A4+ und ab Format DIN A3 eingef\u00fchrt. Dadurch werden die Proofs beim Versand jetzt noch optimaler gesch\u00fctzt.\" \/>\n\t\t<meta name=\"twitter:image\" content=\"https:\/\/blog1.proofen.de\/wp-content\/uploads\/2020\/04\/proof_background.jpg\" \/>\n\t\t<script type=\"application\/ld+json\" class=\"aioseo-schema\">\n\t\t\t{\"@context\":\"https:\\\/\\\/schema.org\",\"@graph\":[{\"@type\":\"Article\",\"@id\":\"http:\\\/\\\/blog.proofs.de\\\/lv\\\/neue-verpackungen-bei-proof-de\\\/#article\",\"name\":\"Neue Proof Verpackungen bei Proof.de | proof.de\",\"headline\":\"Neue Verpackungen bei Proof.de\",\"author\":{\"@id\":\"http:\\\/\\\/blog.proofs.de\\\/lv\\\/author\\\/mbetz\\\/#author\"},\"publisher\":{\"@id\":\"http:\\\/\\\/blog.proofs.de\\\/lv\\\/#organization\"},\"image\":{\"@type\":\"ImageObject\",\"url\":\"https:\\\/\\\/blog.proofs.de\\\/wp-content\\\/uploads\\\/2014\\\/09\\\/proof_de_verpackungen_alle.jpg\",\"width\":1000,\"height\":1254,\"caption\":\"Die neuen Proof Verpackungen von Proof.de: Ab sofort sind Ihre Proofs noch besser gesch\\u00fctzt.\"},\"datePublished\":\"2014-09-30T23:06:21+02:00\",\"dateModified\":\"2020-05-08T13:18:10+02:00\",\"inLanguage\":\"lv\",\"mainEntityOfPage\":{\"@id\":\"http:\\\/\\\/blog.proofs.de\\\/lv\\\/neue-verpackungen-bei-proof-de\\\/#webpage\"},\"isPartOf\":{\"@id\":\"http:\\\/\\\/blog.proofs.de\\\/lv\\\/neue-verpackungen-bei-proof-de\\\/#webpage\"},\"articleSection\":\"Allgemein, H\\u00e4ufige Fragen, Proof GmbH, Chromosulfatkarton, DHL, DHL Express, Proof Verpackung, Versandh\\u00fclse\"},{\"@type\":\"BreadcrumbList\",\"@id\":\"http:\\\/\\\/blog.proofs.de\\\/lv\\\/neue-verpackungen-bei-proof-de\\\/#breadcrumblist\",\"itemListElement\":[{\"@type\":\"ListItem\",\"@id\":\"http:\\\/\\\/blog.proofs.de\\\/lv#listItem\",\"position\":1,\"name\":\"Home\",\"item\":\"http:\\\/\\\/blog.proofs.de\\\/lv\",\"nextItem\":{\"@type\":\"ListItem\",\"@id\":\"http:\\\/\\\/blog.proofs.de\\\/lv\\\/thema\\\/proof-wissen\\\/#listItem\",\"name\":\"Proof Wissen\"}},{\"@type\":\"ListItem\",\"@id\":\"http:\\\/\\\/blog.proofs.de\\\/lv\\\/thema\\\/proof-wissen\\\/#listItem\",\"position\":2,\"name\":\"Proof Wissen\",\"item\":\"http:\\\/\\\/blog.proofs.de\\\/lv\\\/thema\\\/proof-wissen\\\/\",\"nextItem\":{\"@type\":\"ListItem\",\"@id\":\"http:\\\/\\\/blog.proofs.de\\\/lv\\\/thema\\\/proof-wissen\\\/kategorie-proof-gmbh\\\/#listItem\",\"name\":\"Proof GmbH\"},\"previousItem\":{\"@type\":\"ListItem\",\"@id\":\"http:\\\/\\\/blog.proofs.de\\\/lv#listItem\",\"name\":\"Home\"}},{\"@type\":\"ListItem\",\"@id\":\"http:\\\/\\\/blog.proofs.de\\\/lv\\\/thema\\\/proof-wissen\\\/kategorie-proof-gmbh\\\/#listItem\",\"position\":3,\"name\":\"Proof GmbH\",\"item\":\"http:\\\/\\\/blog.proofs.de\\\/lv\\\/thema\\\/proof-wissen\\\/kategorie-proof-gmbh\\\/\",\"nextItem\":{\"@type\":\"ListItem\",\"@id\":\"http:\\\/\\\/blog.proofs.de\\\/lv\\\/neue-verpackungen-bei-proof-de\\\/#listItem\",\"name\":\"Neue Verpackungen bei Proof.de\"},\"previousItem\":{\"@type\":\"ListItem\",\"@id\":\"http:\\\/\\\/blog.proofs.de\\\/lv\\\/thema\\\/proof-wissen\\\/#listItem\",\"name\":\"Proof Wissen\"}},{\"@type\":\"ListItem\",\"@id\":\"http:\\\/\\\/blog.proofs.de\\\/lv\\\/neue-verpackungen-bei-proof-de\\\/#listItem\",\"position\":4,\"name\":\"Neue Verpackungen bei Proof.de\",\"previousItem\":{\"@type\":\"ListItem\",\"@id\":\"http:\\\/\\\/blog.proofs.de\\\/lv\\\/thema\\\/proof-wissen\\\/kategorie-proof-gmbh\\\/#listItem\",\"name\":\"Proof GmbH\"}}]},{\"@type\":\"Organization\",\"@id\":\"http:\\\/\\\/blog.proofs.de\\\/lv\\\/#organization\",\"name\":\"Proof GmbH\",\"description\":\"Farbverbindlicher Proof, Farbproof, Digitalproof und Online-Proof.\",\"url\":\"http:\\\/\\\/blog.proofs.de\\\/lv\\\/\",\"telephone\":\"+4970717952740\",\"logo\":{\"@type\":\"ImageObject\",\"url\":\"https:\\\/\\\/blog1.proofen.de\\\/wp-content\\\/uploads\\\/2019\\\/09\\\/logo_proof_rgb_mit_balken_250px.png\",\"@id\":\"http:\\\/\\\/blog.proofs.de\\\/lv\\\/neue-verpackungen-bei-proof-de\\\/#organizationLogo\"},\"image\":{\"@id\":\"http:\\\/\\\/blog.proofs.de\\\/lv\\\/neue-verpackungen-bei-proof-de\\\/#organizationLogo\"},\"sameAs\":[\"https:\\\/\\\/www.facebook.com\\\/Proof.de\\\/\",\"https:\\\/\\\/www.instagram.com\\\/proof.de\\\/\",\"https:\\\/\\\/www.tiktok.com\\\/@proof_de\",\"https:\\\/\\\/www.youtube.com\\\/channel\\\/UCk80fQVQ25wC9wu3SywB-Nw\",\"https:\\\/\\\/www.linkedin.com\\\/company\\\/proof-de\"]},{\"@type\":\"Person\",\"@id\":\"http:\\\/\\\/blog.proofs.de\\\/lv\\\/author\\\/mbetz\\\/#author\",\"url\":\"http:\\\/\\\/blog.proofs.de\\\/lv\\\/author\\\/mbetz\\\/\",\"name\":\"Matthias Betz\",\"image\":{\"@type\":\"ImageObject\",\"@id\":\"http:\\\/\\\/blog.proofs.de\\\/lv\\\/neue-verpackungen-bei-proof-de\\\/#authorImage\",\"url\":\"https:\\\/\\\/blog.proofs.de\\\/wp-content\\\/uploads\\\/2020\\\/10\\\/matthias-betz-e1603934518350-150x150.png\",\"width\":96,\"height\":96,\"caption\":\"Matthias Betz\"}},{\"@type\":\"WebPage\",\"@id\":\"http:\\\/\\\/blog.proofs.de\\\/lv\\\/neue-verpackungen-bei-proof-de\\\/#webpage\",\"url\":\"http:\\\/\\\/blog.proofs.de\\\/lv\\\/neue-verpackungen-bei-proof-de\\\/\",\"name\":\"Neue Proof Verpackungen bei Proof.de | proof.de\",\"description\":\"Proof.de hat neue Verpackungen f\\u00fcr Proofs bis DIN A4+ und ab Format DIN A3 eingef\\u00fchrt. Dadurch werden die Proofs beim Versand jetzt noch optimaler gesch\\u00fctzt.\",\"inLanguage\":\"lv\",\"isPartOf\":{\"@id\":\"http:\\\/\\\/blog.proofs.de\\\/lv\\\/#website\"},\"breadcrumb\":{\"@id\":\"http:\\\/\\\/blog.proofs.de\\\/lv\\\/neue-verpackungen-bei-proof-de\\\/#breadcrumblist\"},\"author\":{\"@id\":\"http:\\\/\\\/blog.proofs.de\\\/lv\\\/author\\\/mbetz\\\/#author\"},\"creator\":{\"@id\":\"http:\\\/\\\/blog.proofs.de\\\/lv\\\/author\\\/mbetz\\\/#author\"},\"image\":{\"@type\":\"ImageObject\",\"url\":\"https:\\\/\\\/blog.proofs.de\\\/wp-content\\\/uploads\\\/2014\\\/09\\\/proof_de_verpackungen_alle.jpg\",\"@id\":\"http:\\\/\\\/blog.proofs.de\\\/lv\\\/neue-verpackungen-bei-proof-de\\\/#mainImage\",\"width\":1000,\"height\":1254,\"caption\":\"Die neuen Proof Verpackungen von Proof.de: Ab sofort sind Ihre Proofs noch besser gesch\\u00fctzt.\"},\"primaryImageOfPage\":{\"@id\":\"http:\\\/\\\/blog.proofs.de\\\/lv\\\/neue-verpackungen-bei-proof-de\\\/#mainImage\"},\"datePublished\":\"2014-09-30T23:06:21+02:00\",\"dateModified\":\"2020-05-08T13:18:10+02:00\"},{\"@type\":\"WebSite\",\"@id\":\"http:\\\/\\\/blog.proofs.de\\\/lv\\\/#website\",\"url\":\"http:\\\/\\\/blog.proofs.de\\\/lv\\\/\",\"name\":\"Proof.de\",\"description\":\"Farbverbindlicher Proof, Farbproof, Digitalproof und Online-Proof.\",\"inLanguage\":\"lv\",\"publisher\":{\"@id\":\"http:\\\/\\\/blog.proofs.de\\\/lv\\\/#organization\"}}]}\n\t\t<\/script>\n\t\t<!-- All in One SEO -->\n\n","aioseo_head_json":{"title":"Jauns Proof.de iepakojums | proof.de","description":"Proof.de ir ieviesis jaunu iepakojumu paraugdruk\u0101m l\u012bdz DIN A4+ un no DIN A3 form\u0101ta. Tas noz\u012bm\u0113, ka tagad izdrukas nos\u016bt\u012b\u0161anas laik\u0101 ir v\u0113l lab\u0101k aizsarg\u0101tas.","canonical_url":"http:\/\/blog.proofs.de\/lv\/neue-verpackungen-bei-proof-de\/","robots":"max-image-preview:large","keywords":"proof,proof.de,verpackung,versandtasche,versandh\u00fclse,polypropylentasche,pp,,chromosulfatkarton,dhl,dhl express,proof verpackung,versandh\u00fclse","webmasterTools":{"google-site-verification":"TuXxyRwxcEg2-WfOaQ8vScWQh3-uBAnxXmY7g3GT90A","miscellaneous":"&lt;meta name=\"seobility\" content=\"593a8578143db71543f014978c690d47\"&gt;"},"schema":{"@context":"https:\/\/schema.org","@graph":[{"@type":"Article","@id":"http:\/\/blog.proofs.de\/lv\/neue-verpackungen-bei-proof-de\/#article","name":"Neue Proof Verpackungen bei Proof.de | proof.de","headline":"Neue Verpackungen bei Proof.de","author":{"@id":"http:\/\/blog.proofs.de\/lv\/author\/mbetz\/#author"},"publisher":{"@id":"http:\/\/blog.proofs.de\/lv\/#organization"},"image":{"@type":"ImageObject","url":"https:\/\/blog.proofs.de\/wp-content\/uploads\/2014\/09\/proof_de_verpackungen_alle.jpg","width":1000,"height":1254,"caption":"Die neuen Proof Verpackungen von Proof.de: Ab sofort sind Ihre Proofs noch besser gesch\u00fctzt."},"datePublished":"2014-09-30T23:06:21+02:00","dateModified":"2020-05-08T13:18:10+02:00","inLanguage":"lv","mainEntityOfPage":{"@id":"http:\/\/blog.proofs.de\/lv\/neue-verpackungen-bei-proof-de\/#webpage"},"isPartOf":{"@id":"http:\/\/blog.proofs.de\/lv\/neue-verpackungen-bei-proof-de\/#webpage"},"articleSection":"Allgemein, H\u00e4ufige Fragen, Proof GmbH, Chromosulfatkarton, DHL, DHL Express, Proof Verpackung, Versandh\u00fclse"},{"@type":"BreadcrumbList","@id":"http:\/\/blog.proofs.de\/lv\/neue-verpackungen-bei-proof-de\/#breadcrumblist","itemListElement":[{"@type":"ListItem","@id":"http:\/\/blog.proofs.de\/lv#listItem","position":1,"name":"Home","item":"http:\/\/blog.proofs.de\/lv","nextItem":{"@type":"ListItem","@id":"http:\/\/blog.proofs.de\/lv\/thema\/proof-wissen\/#listItem","name":"Proof Wissen"}},{"@type":"ListItem","@id":"http:\/\/blog.proofs.de\/lv\/thema\/proof-wissen\/#listItem","position":2,"name":"Proof Wissen","item":"http:\/\/blog.proofs.de\/lv\/thema\/proof-wissen\/","nextItem":{"@type":"ListItem","@id":"http:\/\/blog.proofs.de\/lv\/thema\/proof-wissen\/kategorie-proof-gmbh\/#listItem","name":"Proof GmbH"},"previousItem":{"@type":"ListItem","@id":"http:\/\/blog.proofs.de\/lv#listItem","name":"Home"}},{"@type":"ListItem","@id":"http:\/\/blog.proofs.de\/lv\/thema\/proof-wissen\/kategorie-proof-gmbh\/#listItem","position":3,"name":"Proof GmbH","item":"http:\/\/blog.proofs.de\/lv\/thema\/proof-wissen\/kategorie-proof-gmbh\/","nextItem":{"@type":"ListItem","@id":"http:\/\/blog.proofs.de\/lv\/neue-verpackungen-bei-proof-de\/#listItem","name":"Neue Verpackungen bei Proof.de"},"previousItem":{"@type":"ListItem","@id":"http:\/\/blog.proofs.de\/lv\/thema\/proof-wissen\/#listItem","name":"Proof Wissen"}},{"@type":"ListItem","@id":"http:\/\/blog.proofs.de\/lv\/neue-verpackungen-bei-proof-de\/#listItem","position":4,"name":"Neue Verpackungen bei Proof.de","previousItem":{"@type":"ListItem","@id":"http:\/\/blog.proofs.de\/lv\/thema\/proof-wissen\/kategorie-proof-gmbh\/#listItem","name":"Proof GmbH"}}]},{"@type":"Organization","@id":"http:\/\/blog.proofs.de\/lv\/#organization","name":"Proof GmbH","description":"Farbverbindlicher Proof, Farbproof, Digitalproof und Online-Proof.","url":"http:\/\/blog.proofs.de\/lv\/","telephone":"+4970717952740","logo":{"@type":"ImageObject","url":"https:\/\/blog1.proofen.de\/wp-content\/uploads\/2019\/09\/logo_proof_rgb_mit_balken_250px.png","@id":"http:\/\/blog.proofs.de\/lv\/neue-verpackungen-bei-proof-de\/#organizationLogo"},"image":{"@id":"http:\/\/blog.proofs.de\/lv\/neue-verpackungen-bei-proof-de\/#organizationLogo"},"sameAs":["https:\/\/www.facebook.com\/Proof.de\/","https:\/\/www.instagram.com\/proof.de\/","https:\/\/www.tiktok.com\/@proof_de","https:\/\/www.youtube.com\/channel\/UCk80fQVQ25wC9wu3SywB-Nw","https:\/\/www.linkedin.com\/company\/proof-de"]},{"@type":"Person","@id":"http:\/\/blog.proofs.de\/lv\/author\/mbetz\/#author","url":"http:\/\/blog.proofs.de\/lv\/author\/mbetz\/","name":"Matthias Betz","image":{"@type":"ImageObject","@id":"http:\/\/blog.proofs.de\/lv\/neue-verpackungen-bei-proof-de\/#authorImage","url":"https:\/\/blog.proofs.de\/wp-content\/uploads\/2020\/10\/matthias-betz-e1603934518350-150x150.png","width":96,"height":96,"caption":"Matthias Betz"}},{"@type":"WebPage","@id":"http:\/\/blog.proofs.de\/lv\/neue-verpackungen-bei-proof-de\/#webpage","url":"http:\/\/blog.proofs.de\/lv\/neue-verpackungen-bei-proof-de\/","name":"Neue Proof Verpackungen bei Proof.de | proof.de","description":"Proof.de hat neue Verpackungen f\u00fcr Proofs bis DIN A4+ und ab Format DIN A3 eingef\u00fchrt. Dadurch werden die Proofs beim Versand jetzt noch optimaler gesch\u00fctzt.","inLanguage":"lv","isPartOf":{"@id":"http:\/\/blog.proofs.de\/lv\/#website"},"breadcrumb":{"@id":"http:\/\/blog.proofs.de\/lv\/neue-verpackungen-bei-proof-de\/#breadcrumblist"},"author":{"@id":"http:\/\/blog.proofs.de\/lv\/author\/mbetz\/#author"},"creator":{"@id":"http:\/\/blog.proofs.de\/lv\/author\/mbetz\/#author"},"image":{"@type":"ImageObject","url":"https:\/\/blog.proofs.de\/wp-content\/uploads\/2014\/09\/proof_de_verpackungen_alle.jpg","@id":"http:\/\/blog.proofs.de\/lv\/neue-verpackungen-bei-proof-de\/#mainImage","width":1000,"height":1254,"caption":"Die neuen Proof Verpackungen von Proof.de: Ab sofort sind Ihre Proofs noch besser gesch\u00fctzt."},"primaryImageOfPage":{"@id":"http:\/\/blog.proofs.de\/lv\/neue-verpackungen-bei-proof-de\/#mainImage"},"datePublished":"2014-09-30T23:06:21+02:00","dateModified":"2020-05-08T13:18:10+02:00"},{"@type":"WebSite","@id":"http:\/\/blog.proofs.de\/lv\/#website","url":"http:\/\/blog.proofs.de\/lv\/","name":"Proof.de","description":"Farbverbindlicher Proof, Farbproof, Digitalproof und Online-Proof.","inLanguage":"lv","publisher":{"@id":"http:\/\/blog.proofs.de\/lv\/#organization"}}]},"og:locale":"lv_LV","og:site_name":"Proof.de | Alles zu Proof, Farbmanagement, Grafik, Messtechnik &amp; Co.","og:type":"article","og:title":"Neue Proof Verpackungen bei Proof.de | proof.de","og:description":"Proof.de hat neue Verpackungen f\u00fcr Proofs bis DIN A4+ und ab Format DIN A3 eingef\u00fchrt. Dadurch werden die Proofs beim Versand jetzt noch optimaler gesch\u00fctzt.","og:url":"http:\/\/blog.proofs.de\/lv\/neue-verpackungen-bei-proof-de\/","og:image":"http:\/\/blog.proofs.de\/wp-content\/uploads\/2014\/09\/proof_de_verpackungen_alle.jpg","og:image:width":1000,"og:image:height":1254,"article:published_time":"2014-09-30T21:06:21+00:00","article:modified_time":"2020-05-08T11:18:10+00:00","article:publisher":"https:\/\/www.facebook.com\/Proof.de\/","twitter:card":"summary","twitter:title":"Neue Proof Verpackungen bei Proof.de | proof.de","twitter:description":"Proof.de hat neue Verpackungen f\u00fcr Proofs bis DIN A4+ und ab Format DIN A3 eingef\u00fchrt. Dadurch werden die Proofs beim Versand jetzt noch optimaler gesch\u00fctzt.","twitter:image":"https:\/\/blog1.proofen.de\/wp-content\/uploads\/2020\/04\/proof_background.jpg"},"aioseo_meta_data":{"post_id":"1075","title":"Neue Proof Verpackungen bei Proof.de |\u00a0proof.de","description":"Proof.de ir ieviesis jaunu iepakojumu paraugdruk\u0101m l\u012bdz DIN A4+ un no DIN A3 form\u0101ta. Tas noz\u012bm\u0113, ka tagad izdrukas nos\u016bt\u012b\u0161anas laik\u0101 ir v\u0113l lab\u0101k aizsarg\u0101tas.","keywords":[{"label":"Proof,Proof.de,Verpackung,Versandtasche,Versandh\u00fclse,Polypropylentasche,PP,","value":"Proof,Proof.de,Verpackung,Versandtasche,Versandh\u00fclse,Polypropylentasche,PP,"}],"keyphrases":null,"primary_term":null,"canonical_url":null,"og_title":null,"og_description":null,"og_object_type":"default","og_image_type":"default","og_image_url":null,"og_image_width":null,"og_image_height":null,"og_image_custom_url":null,"og_image_custom_fields":null,"og_video":null,"og_custom_url":null,"og_article_section":null,"og_article_tags":null,"twitter_use_og":false,"twitter_card":"default","twitter_image_type":"default","twitter_image_url":null,"twitter_image_custom_url":null,"twitter_image_custom_fields":null,"twitter_title":null,"twitter_description":null,"schema":{"blockGraphs":[],"customGraphs":[],"default":{"data":{"Article":[],"Course":[],"Dataset":[],"FAQPage":[],"Movie":[],"Person":[],"Product":[],"ProductReview":[],"Car":[],"Recipe":[],"Service":[],"SoftwareApplication":[],"WebPage":[]},"graphName":"","isEnabled":true},"graphs":[],"defaultGraph":"","defaultPostTypeGraph":""},"schema_type":null,"schema_type_options":null,"pillar_content":false,"robots_default":true,"robots_noindex":false,"robots_noarchive":false,"robots_nosnippet":false,"robots_nofollow":false,"robots_noimageindex":false,"robots_noodp":false,"robots_notranslate":false,"robots_max_snippet":null,"robots_max_videopreview":null,"robots_max_imagepreview":"large","priority":null,"frequency":null,"local_seo":null,"breadcrumb_settings":null,"limit_modified_date":false,"ai":null,"created":"2020-12-21 00:36:59","updated":"2025-06-04 14:17:01","seo_analyzer_scan_date":null,"focus_keyword":null,"additional_keywords":null,"truseo_locale":null},"_links":{"self":[{"href":"http:\/\/blog.proofs.de\/lv\/wp-json\/wp\/v2\/posts\/1075","targetHints":{"allow":["GET"]}}],"collection":[{"href":"http:\/\/blog.proofs.de\/lv\/wp-json\/wp\/v2\/posts"}],"about":[{"href":"http:\/\/blog.proofs.de\/lv\/wp-json\/wp\/v2\/types\/post"}],"author":[{"embeddable":true,"href":"http:\/\/blog.proofs.de\/lv\/wp-json\/wp\/v2\/users\/2"}],"replies":[{"embeddable":true,"href":"http:\/\/blog.proofs.de\/lv\/wp-json\/wp\/v2\/comments?post=1075"}],"version-history":[{"count":5,"href":"http:\/\/blog.proofs.de\/lv\/wp-json\/wp\/v2\/posts\/1075\/revisions"}],"predecessor-version":[{"id":3406,"href":"http:\/\/blog.proofs.de\/lv\/wp-json\/wp\/v2\/posts\/1075\/revisions\/3406"}],"wp:featuredmedia":[{"embeddable":true,"href":"http:\/\/blog.proofs.de\/lv\/wp-json\/wp\/v2\/media\/1091"}],"wp:attachment":[{"href":"http:\/\/blog.proofs.de\/lv\/wp-json\/wp\/v2\/media?parent=1075"}],"wp:term":[{"taxonomy":"category","embeddable":true,"href":"http:\/\/blog.proofs.de\/lv\/wp-json\/wp\/v2\/categories?post=1075"},{"taxonomy":"post_tag","embeddable":true,"href":"http:\/\/blog.proofs.de\/lv\/wp-json\/wp\/v2\/tags?post=1075"}],"curies":[{"name":"wp","href":"https:\/\/api.w.org\/{rel}","templated":true}]}}