{"id":2345,"date":"2019-04-06T02:51:14","date_gmt":"2019-04-06T00:51:14","guid":{"rendered":"http:\/\/www.proof.de\/?p=2345"},"modified":"2020-05-08T02:24:41","modified_gmt":"2020-05-08T00:24:41","slug":"kurs-izturigs-profils-caurspidigiem-kameru-posteriem-un-velesanu-posteriem","status":"publish","type":"post","link":"http:\/\/blog.proofs.de\/lv\/welches-proofprofil-fuer-hohlkammerplakate-und-wahlplakate\/","title":{"rendered":"K\u0101ds pier\u0101d\u012bjuma profils ir dobiem kameras plak\u0101tiem un v\u0113l\u0113\u0161anu plak\u0101tiem?"},"content":{"rendered":"<div class=\"kk-star-ratings kksr-auto kksr-align-right kksr-valign-top\" data-payload='{\"align\":\"right\",\"id\":\"2345\",\"slug\":\"default\",\"valign\":\"top\",\"ignore\":\"\",\"reference\":\"auto\",\"class\":\"\",\"count\":\"0\",\"legendonly\":\"\",\"readonly\":\"\",\"score\":\"0\",\"starsonly\":\"\",\"best\":\"5\",\"gap\":\"5\",\"greet\":\"Jetzt bewerten\",\"legend\":\"0\\\/5 - (0 votes)\",\"size\":\"24\",\"title\":\"Welches Proofprofil f&uuml;r Hohlkammerplakate und Wahlplakate?\",\"width\":\"0\",\"_legend\":\"{score}\\\/{best} - ({count} {votes})\",\"font_factor\":\"1.25\"}'>\n            \n<div class=\"kksr-stars\">\n    \n<div class=\"kksr-stars-inactive\">\n            <div class=\"kksr-star\" data-star=\"1\" style=\"padding-right: 5px\">\n            \n\n<div class=\"kksr-icon\" style=\"width: 24px; height: 24px;\"><\/div>\n        <\/div>\n            <div class=\"kksr-star\" data-star=\"2\" style=\"padding-right: 5px\">\n            \n\n<div class=\"kksr-icon\" style=\"width: 24px; height: 24px;\"><\/div>\n        <\/div>\n            <div class=\"kksr-star\" data-star=\"3\" style=\"padding-right: 5px\">\n            \n\n<div class=\"kksr-icon\" style=\"width: 24px; height: 24px;\"><\/div>\n        <\/div>\n            <div class=\"kksr-star\" data-star=\"4\" style=\"padding-right: 5px\">\n            \n\n<div class=\"kksr-icon\" style=\"width: 24px; height: 24px;\"><\/div>\n        <\/div>\n            <div class=\"kksr-star\" data-star=\"5\" style=\"padding-right: 5px\">\n            \n\n<div class=\"kksr-icon\" style=\"width: 24px; height: 24px;\"><\/div>\n        <\/div>\n    <\/div>\n    \n<div class=\"kksr-stars-active\" style=\"width: 0px;\">\n            <div class=\"kksr-star\" style=\"padding-right: 5px\">\n            \n\n<div class=\"kksr-icon\" style=\"width: 24px; height: 24px;\"><\/div>\n        <\/div>\n            <div class=\"kksr-star\" style=\"padding-right: 5px\">\n            \n\n<div class=\"kksr-icon\" style=\"width: 24px; height: 24px;\"><\/div>\n        <\/div>\n            <div class=\"kksr-star\" style=\"padding-right: 5px\">\n            \n\n<div class=\"kksr-icon\" style=\"width: 24px; height: 24px;\"><\/div>\n        <\/div>\n            <div class=\"kksr-star\" style=\"padding-right: 5px\">\n            \n\n<div class=\"kksr-icon\" style=\"width: 24px; height: 24px;\"><\/div>\n        <\/div>\n            <div class=\"kksr-star\" style=\"padding-right: 5px\">\n            \n\n<div class=\"kksr-icon\" style=\"width: 24px; height: 24px;\"><\/div>\n        <\/div>\n    <\/div>\n<\/div>\n                \n\n<div class=\"kksr-legend\" style=\"font-size: 19.2px;\">\n            <span class=\"kksr-muted\">Nov\u0113rt\u0113jiet tagad<\/span>\n    <\/div>\n    <\/div>\n\r\n<p class=\"wp-block-paragraph\">K\u0101 m\u0113s visi zin\u0101m, v\u0113l\u0113\u0161anas vienm\u0113r ir aiz st\u016bra, un tendence veidot arvien liel\u0101kus un daudzskaitl\u012bg\u0101kus v\u0113l\u0113\u0161anu plak\u0101tus ir nep\u0101rtraukta. Ja agr\u0101k tikai m\u0101te daba pavasar\u012b m\u0113dza padar\u012bt ainavu kr\u0101sainu, tad \u0161odien to bez gr\u016bt\u012bb\u0101m var dar\u012bt ikvienas viet\u0113j\u0101s, valsts, feder\u0101l\u0101s un Eiropas v\u0113l\u0113\u0161anas. \u0160odien katram kandid\u0101tam, katrai lielai vai mazai partijai ir tehniskie un finansi\u0101lie l\u012bdzek\u013ci, lai veselas ielas p\u0101rv\u0113rstu kr\u0101sain\u0101 v\u0113st\u012bjumu un seju j\u016br\u0101. Kad fotogr\u0101fs studij\u0101 ir nofotograf\u0113jis v\u0113l\u0113\u0161anu kandid\u0101tus, bildes tiek nos\u016bt\u012btas retu\u0161\u0113\u0161anai un p\u0113c tam maket\u0113\u0161anai.<\/p>\r\n\r\n\r\n\r\n<p class=\"wp-block-paragraph\">V\u0113l pirms da\u017eiem gadiem priek\u0161v\u0113l\u0113\u0161anu plak\u0101ti liel\u0101koties tika veidoti klasisk\u0101 form\u0101t\u0101. <a href=\"http:\/\/blog.proofs.de\/lv\/lexikon\/offsetdruck\/\" target=\"_self\" title=\"Ofseta druka ir netie\u0161\u0101s drukas process. Netie\u0161\u0101 noz\u012bm\u0113, ka drukas forma un substr\u0101ts nenon\u0101k tie\u0161\u0101 saskar\u0113, bet k\u0101 p\u0101rneses l\u012bdzeklis tiek izmantots starpposms. Tas ir visizplat\u012bt\u0101kais drukas process. Past\u0101v: - lok\u0161\u0146u ofseta iespiedma\u0161\u012bnas un - ru\u013c\u013cu ofseta iespiedma\u0161\u012bnas.\" class=\"encyclopedia\">Ofseta druka<\/a> un p\u0113c tam ar pastu tika piel\u012bm\u0113tas uz ciet\u0101 kartona, kas p\u0113c tam tika ieurbts vai pieskr\u016bv\u0113ts pie jumta l\u012bstes stat\u0146iem un t\u0101d\u0113j\u0101di ar stiepli piestiprin\u0101ts pie ielu lukturiem. Ja v\u0113l\u0113\u0161anas notika vasar\u0101, plak\u0101tus izvietoja vasar\u0101, un, ja v\u0113l\u0113\u0161anas notika vasar\u0101, tos izvietoja vasar\u0101.<a href=\"http:\/\/blog.proofs.de\/lv\/lexikon\/opp\/\" target=\"_self\" title='&quot;OPP&quot; noz\u012bm\u0113 &quot;orient\u0113ts polipropil\u0113ns&quot;, kas ir plastmasas pl\u0113ves veids. OPP pl\u0113ve ir izgatavota no polipropil\u0113na, un to raksturo orient\u0101cija. Materi\u0101la orient\u0101ciju pan\u0101k \u012bpa\u0161\u0101 ra\u017eo\u0161anas proces\u0101, kur\u0101 pl\u0113vi izstiepj, lai uzlabotu t\u0101s fizik\u0101l\u0101s \u012bpa\u0161\u012bbas. OPP pl\u0113ves ir caursp\u012bd\u012bgas, sp\u012bd\u012bgas un ar gludu virsmu. T\u0101s ir \u013coti caursp\u012bd\u012bgas, iztur\u012bgas pret pl\u012bsumiem, \u016bdensnecaurlaid\u012bgas un ar labu barjeras efektu pret mitrumu, e\u013c\u013c\u0101m un g\u0101z\u0113m. \u0160\u012bs \u012bpa\u0161\u012bbas padara OPP pl\u0113ves univers\u0101las, un t\u0101s var izmantot da\u017e\u0101d\u0101s jom\u0101s, jo \u012bpa\u0161i iepakojuma r\u016bpniec\u012bb\u0101. Pl\u0113ves lamin\u0113\u0161anai ar OPP mat\u0113t\u0101m pl\u0113v\u0113m un OPP glanc\u0113t\u0101m pl\u0113v\u0113m ir \u010detri t\u0101 sauktie Fogra &quot;apdares apliecin\u0101juma&quot; standarti: Fogra49 un Fogra50 ar OPP pl\u0113v\u0113m saist\u012btiem pap\u012briem klasiskajos standartos ISOCoatedV2 300% un Fogra56 un Fogra57 OPP apdruku PSOCoatedV3 apdrukai.' class=\"encyclopedia\">opp<\/a>Pirmais izdevums tika iespiests ierobe\u017eot\u0101 skait\u0101 eksempl\u0101ru, lai \u0101rk\u0101rtas gad\u012bjum\u0101 izbal\u0113ju\u0161\u0101s izdrukas var\u0113tu p\u0101rl\u012bm\u0113t ar jaun\u0101m un p\u0113c m\u0113ne\u0161a atsvaidzin\u0101t, lai p\u0113c m\u0113ne\u0161a t\u0101s var\u0113tu izn\u0101kt gal\u012bgaj\u0101 tir\u0101\u017e\u0101.<\/p>\r\n\r\n\r\n\r\n<p class=\"wp-block-paragraph\">Tom\u0113r m\u016bsdien\u0101s aizvien vair\u0101k priek\u0161roku tiek dota plak\u0101tu ar dob\u0101m kamer\u0101m, kas tiek pieg\u0101d\u0101ti jau gatavi ar urbumiem, saglab\u0101 kr\u0101sas stabilit\u0101ti vair\u0101kus m\u0113ne\u0161us un var tikt piestiprin\u0101ti pie ielu lamp\u0101m ar kabe\u013cu sait\u0113m. Bet k\u0101 \u0161im nol\u016bkam ir j\u0101veido drukas dati un k\u0101 dati ir j\u0101sagatavo un j\u0101apstr\u0101d\u0101?<a href=\"http:\/\/blog.proofs.de\/lv\/lexikon\/proof\/\" target=\"_self\" title=\"Korekt\u016bra (pareizi: l\u012bgumkorekt\u016bra) ir ISO 12647-7 sertific\u0113ta korekt\u016bras ier\u012bce grafikas m\u0101kslas nozar\u0113. Proba imit\u0113 ofseta drukas vai dobspiedes kr\u0101sain\u012bbu kr\u0101su un juridiski saisto\u0161\u0101 veid\u0101, iev\u0113rojot ISO standart\u0101 noteikt\u0101s \u0161aur\u0101s pielaides.\" class=\"encyclopedia\">pier\u0101d\u012bjums<\/a>k\u013c\u016bt par?<\/p>\r\n\r\n\r\n\r\n<h2 class=\"wp-block-heading\">Visi mums zin\u0101mie tuk\u0161o kameru plak\u0101tu un v\u0113l\u0113\u0161anu plak\u0101tu ra\u017eot\u0101ji v\u0113las, lai tiem b\u016btu attiec\u012bgi ISOCoatedV2 un ISOCoatedV2 300% paraugi.<\/h2>\r\n\r\n\r\n\r\n<p class=\"wp-block-paragraph\">Plak\u0101ti ar dob\u0101m kamer\u0101m tiek izgatavoti da\u017e\u0101d\u0101s sist\u0113m\u0101s. Da\u017ereiz tiek izmantotas \u010detras kr\u0101sas, da\u017ereiz se\u0161as, da\u017ereiz vair\u0101k. T\u0101p\u0113c liel\u0101kajai da\u013cai \u0161\u0101d\u0101 veid\u0101 izgatavoto digit\u0101l\u0101s drukas produktu nav \u012bpa\u0161u iesie\u0161anas specifik\u0101ciju. <a href=\"http:\/\/blog.proofs.de\/lv\/lexikon\/proofs\/\" target=\"_self\" title=\"Poligr\u0101fijas nozar\u0113 p\u0101rbaudes izdrukas (vai p\u0101rbaudes izdrukas) attiecas uz drukas rezult\u0101ta kr\u0101su iesie\u0161anu un juridiski saisto\u0161u simul\u0101ciju kontroles nol\u016bkos. Standarts, kas attiecas uz p\u0101rbaudes izdruk\u0101m, ir ISO 12647-7:2016, t. i., 2016. gada pa\u0161reiz\u0113j\u0101 redakcija.\" class=\"encyclopedia\">Pier\u0101d\u012bjumi<\/a>tandartus.<\/p>\r\n\r\n\r\n\r\n<p class=\"wp-block-paragraph\">T\u0101 viet\u0101 tas darbojas otr\u0101di: t\u0101 k\u0101 liel\u0101kajai da\u013cai \u0161o digit\u0101lo drukas sist\u0113mu ir vismaz <a href=\"http:\/\/blog.proofs.de\/lv\/lexikon\/farbraum\/\" target=\"_self\" title=\"Kr\u0101su telpa ir balst\u012bta uz kr\u0101su modeli un ir t\u0101 konkr\u0113ts pielietojums kr\u0101so\u0161anas metodei (printerim, ekr\u0101nam utt.). T\u0101p\u0113c taj\u0101 ir iek\u013cautas visas kr\u0101sas, ko faktiski var att\u0113lot ar \u0161o metodi, un attiec\u012bgie materi\u0101li.\" class=\"encyclopedia\">Kr\u0101su telpa<\/a> no ofseta drukas uz <a href=\"http:\/\/blog.proofs.de\/lv\/lexikon\/bilderdruckpapier\/\" target=\"_self\" title=\"Att\u0113lu druk\u0101\u0161anas pap\u012brs (vai ar\u012b m\u0101kslas druk\u0101\u0161anas pap\u012brs) ir abpus\u0113ji p\u0101rkl\u0101ts pap\u012bra veids, kas ir \u013coti izplat\u012bts. Tas ir pieejams da\u017e\u0101d\u0101s gramat\u016br\u0101s, ar mat\u0113tu, sat\u012bna vai sp\u012bd\u012bgu p\u0101rkl\u0101jumu, un ir piem\u0113rots visiem drukas procesiem.\" class=\"encyclopedia\">Att\u0113lu druk\u0101\u0161anas pap\u012brs<\/a> \u0160\u012bs drukas sist\u0113mas ir balst\u012btas uz iedibin\u0101to kr\u0101sain\u012bbu. <a href=\"http:\/\/blog.proofs.de\/lv\/lexikon\/isocoatedv2\/\" target=\"_self\" title=\"ISOCoatedV2 ir vispla\u0161\u0101k izmantotais profils poligr\u0101fijas nozar\u0113 Eirop\u0101. Tas apz\u012bm\u0113 visizplat\u012bt\u0101ko drukas procesu: Ofseta druka uz mat\u0113ta vai glanc\u0113ta att\u0113lu drukas pap\u012bra.\" class=\"encyclopedia\">ISOCoatedV2<\/a>.<\/p>\r\n\r\n\r\n\r\n<p class=\"wp-block-paragraph\">Piem\u0113ram, Printpartner-XXL raksta: \"T\u0101p\u0113c attiec\u012bb\u0101 uz kr\u0101su kritiskiem mot\u012bviem m\u0113s iesak\u0101m izmantot <a href=\"http:\/\/blog.proofs.de\/lv\/lexikon\/andruck\/\" target=\"_self\" title=\"At\u0161\u0137ir\u012bb\u0101 no p\u0101rbaudes izdrukas preses izdruka tiek veidota, izmantojot filmas vai CTP iespiedplates uz speci\u0101l\u0101m preses izdrukas form\u0101m ar t\u0101d\u0101m pa\u0161\u0101m kr\u0101s\u0101m un parametriem k\u0101 n\u0101kam\u0101 produkcijas izdruka. Izmaksu apsv\u0113rumu d\u0113\u013c m\u016bsdien\u0101s preses izdrukas gandr\u012bz nekad netiek izmantotas.\" class=\"encyclopedia\">Pier\u0101d\u012bjums<\/a> uz ori\u0123in\u0101l\u0101 materi\u0101la vai par kr\u0101su zi\u0146\u0101 prec\u012bza parauga pieg\u0101di (ar testa \u0137\u012bli un datumu). Dati, kas pieg\u0101d\u0101ti bez kr\u0101su inform\u0101cijas, tiks pieg\u0101d\u0101ti un sagatavoti ar standarta profilu \"ISO Coated v2 \".<br>\u0160\u0101d\u0101 gad\u012bjum\u0101 s\u016bdz\u012bbu par kr\u0101su nevar pie\u0146emt.<\/p>\r\n\r\n\r\n\r\n<p class=\"wp-block-paragraph\">No m\u016bsu viedok\u013ca liel\u0101k\u0101 da\u013ca drukas speci\u0101listu pieprasa ISOCoatedV2, da\u017ei, piem\u0113ram, flyeralarm un wir-machen-druck ISOCoatedV2 300%. Da\u017ei v\u0113las melno tikai k\u0101 t\u012bri melnu, da\u017ei tikai k\u0101 kr\u0101sainu melnu ar <a href=\"http:\/\/blog.proofs.de\/lv\/lexikon\/cmyk\/\" target=\"_self\" title='CMYK apz\u012bm\u0113 \u010detras drukas kr\u0101sas - ci\u0101na, purpura, dzelteno (dzelteno) un &quot;atsl\u0113gu&quot; (melno vai melno da\u013cu).' class=\"encyclopedia\">CMYK<\/a> 50\/50\/50\/50\/100 ... un da\u017ei nesniedz nek\u0101du inform\u0101ciju par nepiecie\u0161amo <a href=\"http:\/\/blog.proofs.de\/lv\/lexikon\/farbprofil\/\" target=\"_self\" title=\"Kr\u0101su apstr\u0101des ier\u012bces rakstur\u012bg\u0101s iez\u012bmes tiek saglab\u0101tas kr\u0101su profil\u0101.  \u0160\u0101das ier\u012bces var b\u016bt skeneri, printeri un monitori.  Izmantojot kr\u0101su profilus, ir iesp\u0113jams redz\u0113t, k\u0101du kr\u0101su diapazonu ier\u012bce var att\u0113lot.&nbsp;\" class=\"encyclopedia\">Kr\u0101su profils<\/a>... bet, ja j\u016bs necen\u0161aties neko dar\u012bt, j\u016bs, visticam\u0101k, neko nepielipsiet... t\u0101p\u0113c, ja v\u0113laties b\u016bt dro\u0161\u0101 pus\u0113, jums vajadz\u0113tu doties pie pakalpojuma sniedz\u0113ja ar darbojo\u0161os <a href=\"http:\/\/blog.proofs.de\/lv\/lexikon\/farbmanagement\/\" target=\"_self\" title=\"Kr\u0101su p\u0101rvald\u012bbas m\u0113r\u0137is ir nodro\u0161in\u0101t, lai da\u017e\u0101d\u0101s ier\u012bc\u0113s, piem\u0113ram, kamer\u0101s, skeneros, monitoros, l\u0101zerprinteros, tintes, ofseta printeros un daudz\u0101s cit\u0101s, kr\u0101sas tiktu atveidotas p\u0113c iesp\u0113jas l\u012bdz\u012bgi.\" class=\"encyclopedia\">Kr\u0101su p\u0101rvald\u012bba<\/a> un kr\u0101su profila specifik\u0101cijas.<\/p>","protected":false},"excerpt":{"rendered":"<p>K\u0101 m\u0113s visi zin\u0101m, v\u0113l\u0113\u0161anas vienm\u0113r tuvojas ap st\u016bri, un tendence veidot arvien liel\u0101kus un daudzskaitl\u012bg\u0101kus v\u0113l\u0113\u0161anu plak\u0101tus nemazin\u0101s. Agr\u0101k tikai m\u0101te daba pavasar\u012b padar\u012bja ainavas kr\u0101sainas, bet m\u016bsdien\u0101s to ar vieglumu var izdar\u012bt ikvienas viet\u0113j\u0101s, valsts, valsts un Eiropas v\u0113l\u0113\u0161anas. \u0160odien katram kandid\u0101tam, katrai lielai vai mazai partijai ir tehniskie un finansi\u0101lie l\u012bdzek\u013ci, lai p\u0101rv\u0113rstu veselas ielas kr\u0101sain\u0101 v\u0113st\u012bjumu un seju j\u016br\u0101. Kad fotogr\u0101fs studij\u0101 ir uz\u0146\u0113mis labus v\u0113l\u0113\u0161anu kandid\u0101tu att\u0113lus, tie tiek retu\u0161\u0113ti un p\u0113c tam nos\u016bt\u012bti maket\u0113\u0161anai. V\u0113l pirms da\u017eiem gadiem ... <\/p>\n<p class=\"read-more-container\"><a title=\"K\u0101ds pier\u0101d\u012bjuma profils ir dobiem kameras plak\u0101tiem un v\u0113l\u0113\u0161anu plak\u0101tiem?\" class=\"read-more button\" href=\"http:\/\/blog.proofs.de\/lv\/welches-proofprofil-fuer-hohlkammerplakate-und-wahlplakate\/#more-2345\" aria-label=\"Las\u012bt vair\u0101k par K\u0101ds apliecin\u0101juma profils ir dobiem kameras plak\u0101tiem un v\u0113l\u0113\u0161anu plak\u0101tiem?\">Las\u012bt vair\u0101k<\/a><\/p>","protected":false},"author":2,"featured_media":2175,"comment_status":"open","ping_status":"open","sticky":false,"template":"","format":"standard","meta":{"om_disable_all_campaigns":false,"inline_featured_image":false,"_monsterinsights_skip_tracking":false,"footnotes":""},"categories":[435,18,443],"tags":[868,869,865,122,862,870,562,866,867,519,872,864,863,871],"class_list":["post-2345","post","type-post","status-publish","format-standard","has-post-thumbnail","hentry","category-farbraeume-und-farbprofile","category-haufige-fragen","category-haeufige-fragen-zu-proofs","tag-bundestagswahl","tag-buergermeisterwahl","tag-europawahl","tag-fogra39","tag-hohlkammerplakat","tag-hohlkammerplakate","tag-isocoatedv2","tag-kommunalwahl","tag-landtagswahl","tag-proof","tag-proof-hohlkammerplakat","tag-proof-wahlplakat","tag-wahlplakat","tag-wahlplakate","generate-columns","tablet-grid-50","mobile-grid-100","grid-parent","grid-50","no-featured-image-padding","resize-featured-image"],"aioseo_notices":[],"aioseo_head":"\n\t\t<!-- All in One SEO 5.0.1.1 - aioseo.com -->\n\t<meta name=\"description\" content=\"Bei Proofs f\u00fcr Hohlkammerplakate und Wahlplakate sollte f\u00fcr die klassischen Hersteller das Proofprofil ISOCoatedV2 bzw. ISOCoatedV2 300% verwendet werden.\" \/>\n\t<meta name=\"robots\" content=\"max-image-preview:large\" \/>\n\t<meta name=\"author\" content=\"Matthias Betz\"\/>\n\t<meta name=\"google-site-verification\" content=\"TuXxyRwxcEg2-WfOaQ8vScWQh3-uBAnxXmY7g3GT90A\" \/>\n\t<meta name=\"keywords\" content=\"hohlkammerplakat,wahlplakat,hohlkammerplakate,wahlplakate,proof,proof hohlkammerplakat,proof wahlplakat,europawahl,kommunalwahl,landtagswahl,bundestagswahl,b\u00fcrgermeisterwahl,isocoatedv2,fogra39,proof,bundestagswahl,b\u00fcrgermeisterwahl,europawahl,fogra39,hohlkammerplakat,hohlkammerplakate,isocoatedv2,kommunalwahl,landtagswahl,proof,proof hohlkammerplakat,proof wahlplakat,wahlplakat,wahlplakate\" \/>\n\t<link rel=\"canonical\" href=\"http:\/\/blog.proofs.de\/lv\/welches-proofprofil-fuer-hohlkammerplakate-und-wahlplakate\/\" \/>\n\t<meta name=\"generator\" content=\"All in One SEO (AIOSEO) 5.0.1.1\" \/>\n\n\t\t<meta name=\"seobility\" content=\"593a8578143db71543f014978c690d47\">\n\t\t<meta property=\"og:locale\" content=\"lv_LV\" \/>\n\t\t<meta property=\"og:site_name\" content=\"Proof.de | Alles zu Proof, Farbmanagement, Grafik, Messtechnik &amp; Co.\" \/>\n\t\t<meta property=\"og:type\" content=\"article\" \/>\n\t\t<meta property=\"og:title\" content=\"Proofprofil f\u00fcr Hohlkammerplakate \/ Wahlplakate? | proof.de\" \/>\n\t\t<meta property=\"og:description\" content=\"Bei Proofs f\u00fcr Hohlkammerplakate und Wahlplakate sollte f\u00fcr die klassischen Hersteller das Proofprofil ISOCoatedV2 bzw. ISOCoatedV2 300% verwendet werden.\" \/>\n\t\t<meta property=\"og:url\" content=\"http:\/\/blog.proofs.de\/lv\/welches-proofprofil-fuer-hohlkammerplakate-und-wahlplakate\/\" \/>\n\t\t<meta property=\"og:image\" content=\"http:\/\/blog.proofs.de\/wp-content\/uploads\/2018\/10\/fiery_xf_7.jpg\" \/>\n\t\t<meta property=\"og:image:width\" content=\"425\" \/>\n\t\t<meta property=\"og:image:height\" content=\"401\" \/>\n\t\t<meta property=\"article:published_time\" content=\"2019-04-06T00:51:14+00:00\" \/>\n\t\t<meta property=\"article:modified_time\" content=\"2020-05-08T00:24:41+00:00\" \/>\n\t\t<meta property=\"article:publisher\" content=\"https:\/\/www.facebook.com\/Proof.de\/\" \/>\n\t\t<meta name=\"twitter:card\" content=\"summary\" \/>\n\t\t<meta name=\"twitter:title\" content=\"Proofprofil f\u00fcr Hohlkammerplakate \/ Wahlplakate? | proof.de\" \/>\n\t\t<meta name=\"twitter:description\" content=\"Bei Proofs f\u00fcr Hohlkammerplakate und Wahlplakate sollte f\u00fcr die klassischen Hersteller das Proofprofil ISOCoatedV2 bzw. ISOCoatedV2 300% verwendet werden.\" \/>\n\t\t<meta name=\"twitter:image\" content=\"https:\/\/blog1.proofen.de\/wp-content\/uploads\/2020\/04\/proof_background.jpg\" \/>\n\t\t<script type=\"application\/ld+json\" class=\"aioseo-schema\">\n\t\t\t{\"@context\":\"https:\\\/\\\/schema.org\",\"@graph\":[{\"@type\":\"Article\",\"@id\":\"http:\\\/\\\/blog.proofs.de\\\/lv\\\/welches-proofprofil-fuer-hohlkammerplakate-und-wahlplakate\\\/#article\",\"name\":\"Proofprofil f\\u00fcr Hohlkammerplakate \\\/ Wahlplakate? | proof.de\",\"headline\":\"Welches Proofprofil f\\u00fcr Hohlkammerplakate und Wahlplakate?\",\"author\":{\"@id\":\"http:\\\/\\\/blog.proofs.de\\\/lv\\\/author\\\/mbetz\\\/#author\"},\"publisher\":{\"@id\":\"http:\\\/\\\/blog.proofs.de\\\/lv\\\/#organization\"},\"image\":{\"@type\":\"ImageObject\",\"url\":\"https:\\\/\\\/blog.proofs.de\\\/wp-content\\\/uploads\\\/2018\\\/10\\\/fiery_xf_7.jpg\",\"width\":425,\"height\":401,\"caption\":\"Fiery XF Version 7\"},\"datePublished\":\"2019-04-06T02:51:14+02:00\",\"dateModified\":\"2020-05-08T02:24:41+02:00\",\"inLanguage\":\"lv\",\"mainEntityOfPage\":{\"@id\":\"http:\\\/\\\/blog.proofs.de\\\/lv\\\/welches-proofprofil-fuer-hohlkammerplakate-und-wahlplakate\\\/#webpage\"},\"isPartOf\":{\"@id\":\"http:\\\/\\\/blog.proofs.de\\\/lv\\\/welches-proofprofil-fuer-hohlkammerplakate-und-wahlplakate\\\/#webpage\"},\"articleSection\":\"Farbr\\u00e4ume und Farbprofile, H\\u00e4ufige Fragen, H\\u00e4ufige Fragen zu Proofs, Bundestagswahl, B\\u00fcrgermeisterwahl, Europawahl, Fogra39, Hohlkammerplakat, Hohlkammerplakate, ISOCoatedV2, Kommunalwahl, Landtagswahl, Proof, Proof Hohlkammerplakat, Proof Wahlplakat, Wahlplakat, Wahlplakate\"},{\"@type\":\"BreadcrumbList\",\"@id\":\"http:\\\/\\\/blog.proofs.de\\\/lv\\\/welches-proofprofil-fuer-hohlkammerplakate-und-wahlplakate\\\/#breadcrumblist\",\"itemListElement\":[{\"@type\":\"ListItem\",\"@id\":\"http:\\\/\\\/blog.proofs.de\\\/lv#listItem\",\"position\":1,\"name\":\"Home\",\"item\":\"http:\\\/\\\/blog.proofs.de\\\/lv\",\"nextItem\":{\"@type\":\"ListItem\",\"@id\":\"http:\\\/\\\/blog.proofs.de\\\/lv\\\/thema\\\/proof-wissen\\\/#listItem\",\"name\":\"Proof Wissen\"}},{\"@type\":\"ListItem\",\"@id\":\"http:\\\/\\\/blog.proofs.de\\\/lv\\\/thema\\\/proof-wissen\\\/#listItem\",\"position\":2,\"name\":\"Proof Wissen\",\"item\":\"http:\\\/\\\/blog.proofs.de\\\/lv\\\/thema\\\/proof-wissen\\\/\",\"nextItem\":{\"@type\":\"ListItem\",\"@id\":\"http:\\\/\\\/blog.proofs.de\\\/lv\\\/thema\\\/proof-wissen\\\/farbraeume-und-farbprofile\\\/#listItem\",\"name\":\"Farbr\\u00e4ume und Farbprofile\"},\"previousItem\":{\"@type\":\"ListItem\",\"@id\":\"http:\\\/\\\/blog.proofs.de\\\/lv#listItem\",\"name\":\"Home\"}},{\"@type\":\"ListItem\",\"@id\":\"http:\\\/\\\/blog.proofs.de\\\/lv\\\/thema\\\/proof-wissen\\\/farbraeume-und-farbprofile\\\/#listItem\",\"position\":3,\"name\":\"Farbr\\u00e4ume und Farbprofile\",\"item\":\"http:\\\/\\\/blog.proofs.de\\\/lv\\\/thema\\\/proof-wissen\\\/farbraeume-und-farbprofile\\\/\",\"nextItem\":{\"@type\":\"ListItem\",\"@id\":\"http:\\\/\\\/blog.proofs.de\\\/lv\\\/welches-proofprofil-fuer-hohlkammerplakate-und-wahlplakate\\\/#listItem\",\"name\":\"Welches Proofprofil f\\u00fcr Hohlkammerplakate und Wahlplakate?\"},\"previousItem\":{\"@type\":\"ListItem\",\"@id\":\"http:\\\/\\\/blog.proofs.de\\\/lv\\\/thema\\\/proof-wissen\\\/#listItem\",\"name\":\"Proof Wissen\"}},{\"@type\":\"ListItem\",\"@id\":\"http:\\\/\\\/blog.proofs.de\\\/lv\\\/welches-proofprofil-fuer-hohlkammerplakate-und-wahlplakate\\\/#listItem\",\"position\":4,\"name\":\"Welches Proofprofil f\\u00fcr Hohlkammerplakate und Wahlplakate?\",\"previousItem\":{\"@type\":\"ListItem\",\"@id\":\"http:\\\/\\\/blog.proofs.de\\\/lv\\\/thema\\\/proof-wissen\\\/farbraeume-und-farbprofile\\\/#listItem\",\"name\":\"Farbr\\u00e4ume und Farbprofile\"}}]},{\"@type\":\"Organization\",\"@id\":\"http:\\\/\\\/blog.proofs.de\\\/lv\\\/#organization\",\"name\":\"Proof GmbH\",\"description\":\"Farbverbindlicher Proof, Farbproof, Digitalproof und Online-Proof.\",\"url\":\"http:\\\/\\\/blog.proofs.de\\\/lv\\\/\",\"telephone\":\"+4970717952740\",\"logo\":{\"@type\":\"ImageObject\",\"url\":\"https:\\\/\\\/blog1.proofen.de\\\/wp-content\\\/uploads\\\/2019\\\/09\\\/logo_proof_rgb_mit_balken_250px.png\",\"@id\":\"http:\\\/\\\/blog.proofs.de\\\/lv\\\/welches-proofprofil-fuer-hohlkammerplakate-und-wahlplakate\\\/#organizationLogo\"},\"image\":{\"@id\":\"http:\\\/\\\/blog.proofs.de\\\/lv\\\/welches-proofprofil-fuer-hohlkammerplakate-und-wahlplakate\\\/#organizationLogo\"},\"sameAs\":[\"https:\\\/\\\/www.facebook.com\\\/Proof.de\\\/\",\"https:\\\/\\\/www.instagram.com\\\/proof.de\\\/\",\"https:\\\/\\\/www.tiktok.com\\\/@proof_de\",\"https:\\\/\\\/www.youtube.com\\\/channel\\\/UCk80fQVQ25wC9wu3SywB-Nw\",\"https:\\\/\\\/www.linkedin.com\\\/company\\\/proof-de\"]},{\"@type\":\"Person\",\"@id\":\"http:\\\/\\\/blog.proofs.de\\\/lv\\\/author\\\/mbetz\\\/#author\",\"url\":\"http:\\\/\\\/blog.proofs.de\\\/lv\\\/author\\\/mbetz\\\/\",\"name\":\"Matthias Betz\",\"image\":{\"@type\":\"ImageObject\",\"@id\":\"http:\\\/\\\/blog.proofs.de\\\/lv\\\/welches-proofprofil-fuer-hohlkammerplakate-und-wahlplakate\\\/#authorImage\",\"url\":\"https:\\\/\\\/blog.proofs.de\\\/wp-content\\\/uploads\\\/2020\\\/10\\\/matthias-betz-e1603934518350-150x150.png\",\"width\":96,\"height\":96,\"caption\":\"Matthias Betz\"}},{\"@type\":\"WebPage\",\"@id\":\"http:\\\/\\\/blog.proofs.de\\\/lv\\\/welches-proofprofil-fuer-hohlkammerplakate-und-wahlplakate\\\/#webpage\",\"url\":\"http:\\\/\\\/blog.proofs.de\\\/lv\\\/welches-proofprofil-fuer-hohlkammerplakate-und-wahlplakate\\\/\",\"name\":\"Proofprofil f\\u00fcr Hohlkammerplakate \\\/ Wahlplakate? | proof.de\",\"description\":\"Bei Proofs f\\u00fcr Hohlkammerplakate und Wahlplakate sollte f\\u00fcr die klassischen Hersteller das Proofprofil ISOCoatedV2 bzw. ISOCoatedV2 300% verwendet werden.\",\"inLanguage\":\"lv\",\"isPartOf\":{\"@id\":\"http:\\\/\\\/blog.proofs.de\\\/lv\\\/#website\"},\"breadcrumb\":{\"@id\":\"http:\\\/\\\/blog.proofs.de\\\/lv\\\/welches-proofprofil-fuer-hohlkammerplakate-und-wahlplakate\\\/#breadcrumblist\"},\"author\":{\"@id\":\"http:\\\/\\\/blog.proofs.de\\\/lv\\\/author\\\/mbetz\\\/#author\"},\"creator\":{\"@id\":\"http:\\\/\\\/blog.proofs.de\\\/lv\\\/author\\\/mbetz\\\/#author\"},\"image\":{\"@type\":\"ImageObject\",\"url\":\"https:\\\/\\\/blog.proofs.de\\\/wp-content\\\/uploads\\\/2018\\\/10\\\/fiery_xf_7.jpg\",\"@id\":\"http:\\\/\\\/blog.proofs.de\\\/lv\\\/welches-proofprofil-fuer-hohlkammerplakate-und-wahlplakate\\\/#mainImage\",\"width\":425,\"height\":401,\"caption\":\"Fiery XF Version 7\"},\"primaryImageOfPage\":{\"@id\":\"http:\\\/\\\/blog.proofs.de\\\/lv\\\/welches-proofprofil-fuer-hohlkammerplakate-und-wahlplakate\\\/#mainImage\"},\"datePublished\":\"2019-04-06T02:51:14+02:00\",\"dateModified\":\"2020-05-08T02:24:41+02:00\"},{\"@type\":\"WebSite\",\"@id\":\"http:\\\/\\\/blog.proofs.de\\\/lv\\\/#website\",\"url\":\"http:\\\/\\\/blog.proofs.de\\\/lv\\\/\",\"name\":\"Proof.de\",\"description\":\"Farbverbindlicher Proof, Farbproof, Digitalproof und Online-Proof.\",\"inLanguage\":\"lv\",\"publisher\":{\"@id\":\"http:\\\/\\\/blog.proofs.de\\\/lv\\\/#organization\"}}]}\n\t\t<\/script>\n\t\t<!-- All in One SEO -->\n\n","aioseo_head_json":{"title":"Apliecin\u0101juma profils dobiem kameras plak\u0101tiem \/ v\u0113l\u0113\u0161anu plak\u0101tiem? | proof.de","description":"Klasisko ra\u017eot\u0101ju plak\u0101tu un priek\u0161v\u0113l\u0113\u0161anu plak\u0101tu iespiedposte\u0146iem j\u0101izmanto ISOCoatedV2 vai ISOCoatedV2 300% profils, kas paredz\u0113ts klasiskajiem ra\u017eot\u0101jiem.","canonical_url":"http:\/\/blog.proofs.de\/lv\/welches-proofprofil-fuer-hohlkammerplakate-und-wahlplakate\/","robots":"max-image-preview:large","keywords":"hohlkammerplakat,wahlplakat,hohlkammerplakate,wahlplakate,proof,proof hohlkammerplakat,proof wahlplakat,europawahl,kommunalwahl,landtagswahl,bundestagswahl,b\u00fcrgermeisterwahl,isocoatedv2,fogra39,proof,bundestagswahl,b\u00fcrgermeisterwahl,europawahl,fogra39,hohlkammerplakat,hohlkammerplakate,isocoatedv2,kommunalwahl,landtagswahl,proof,proof hohlkammerplakat,proof wahlplakat,wahlplakat,wahlplakate","webmasterTools":{"google-site-verification":"TuXxyRwxcEg2-WfOaQ8vScWQh3-uBAnxXmY7g3GT90A","miscellaneous":"&lt;meta name=\"seobility\" content=\"593a8578143db71543f014978c690d47\"&gt;"},"schema":{"@context":"https:\/\/schema.org","@graph":[{"@type":"Article","@id":"http:\/\/blog.proofs.de\/lv\/welches-proofprofil-fuer-hohlkammerplakate-und-wahlplakate\/#article","name":"Proofprofil f\u00fcr Hohlkammerplakate \/ Wahlplakate? | proof.de","headline":"Welches Proofprofil f\u00fcr Hohlkammerplakate und Wahlplakate?","author":{"@id":"http:\/\/blog.proofs.de\/lv\/author\/mbetz\/#author"},"publisher":{"@id":"http:\/\/blog.proofs.de\/lv\/#organization"},"image":{"@type":"ImageObject","url":"https:\/\/blog.proofs.de\/wp-content\/uploads\/2018\/10\/fiery_xf_7.jpg","width":425,"height":401,"caption":"Fiery XF Version 7"},"datePublished":"2019-04-06T02:51:14+02:00","dateModified":"2020-05-08T02:24:41+02:00","inLanguage":"lv","mainEntityOfPage":{"@id":"http:\/\/blog.proofs.de\/lv\/welches-proofprofil-fuer-hohlkammerplakate-und-wahlplakate\/#webpage"},"isPartOf":{"@id":"http:\/\/blog.proofs.de\/lv\/welches-proofprofil-fuer-hohlkammerplakate-und-wahlplakate\/#webpage"},"articleSection":"Farbr\u00e4ume und Farbprofile, H\u00e4ufige Fragen, H\u00e4ufige Fragen zu Proofs, Bundestagswahl, B\u00fcrgermeisterwahl, Europawahl, Fogra39, Hohlkammerplakat, Hohlkammerplakate, ISOCoatedV2, Kommunalwahl, Landtagswahl, Proof, Proof Hohlkammerplakat, Proof Wahlplakat, Wahlplakat, Wahlplakate"},{"@type":"BreadcrumbList","@id":"http:\/\/blog.proofs.de\/lv\/welches-proofprofil-fuer-hohlkammerplakate-und-wahlplakate\/#breadcrumblist","itemListElement":[{"@type":"ListItem","@id":"http:\/\/blog.proofs.de\/lv#listItem","position":1,"name":"Home","item":"http:\/\/blog.proofs.de\/lv","nextItem":{"@type":"ListItem","@id":"http:\/\/blog.proofs.de\/lv\/thema\/proof-wissen\/#listItem","name":"Proof Wissen"}},{"@type":"ListItem","@id":"http:\/\/blog.proofs.de\/lv\/thema\/proof-wissen\/#listItem","position":2,"name":"Proof Wissen","item":"http:\/\/blog.proofs.de\/lv\/thema\/proof-wissen\/","nextItem":{"@type":"ListItem","@id":"http:\/\/blog.proofs.de\/lv\/thema\/proof-wissen\/farbraeume-und-farbprofile\/#listItem","name":"Farbr\u00e4ume und Farbprofile"},"previousItem":{"@type":"ListItem","@id":"http:\/\/blog.proofs.de\/lv#listItem","name":"Home"}},{"@type":"ListItem","@id":"http:\/\/blog.proofs.de\/lv\/thema\/proof-wissen\/farbraeume-und-farbprofile\/#listItem","position":3,"name":"Farbr\u00e4ume und Farbprofile","item":"http:\/\/blog.proofs.de\/lv\/thema\/proof-wissen\/farbraeume-und-farbprofile\/","nextItem":{"@type":"ListItem","@id":"http:\/\/blog.proofs.de\/lv\/welches-proofprofil-fuer-hohlkammerplakate-und-wahlplakate\/#listItem","name":"Welches Proofprofil f\u00fcr Hohlkammerplakate und Wahlplakate?"},"previousItem":{"@type":"ListItem","@id":"http:\/\/blog.proofs.de\/lv\/thema\/proof-wissen\/#listItem","name":"Proof Wissen"}},{"@type":"ListItem","@id":"http:\/\/blog.proofs.de\/lv\/welches-proofprofil-fuer-hohlkammerplakate-und-wahlplakate\/#listItem","position":4,"name":"Welches Proofprofil f\u00fcr Hohlkammerplakate und Wahlplakate?","previousItem":{"@type":"ListItem","@id":"http:\/\/blog.proofs.de\/lv\/thema\/proof-wissen\/farbraeume-und-farbprofile\/#listItem","name":"Farbr\u00e4ume und Farbprofile"}}]},{"@type":"Organization","@id":"http:\/\/blog.proofs.de\/lv\/#organization","name":"Proof GmbH","description":"Farbverbindlicher Proof, Farbproof, Digitalproof und Online-Proof.","url":"http:\/\/blog.proofs.de\/lv\/","telephone":"+4970717952740","logo":{"@type":"ImageObject","url":"https:\/\/blog1.proofen.de\/wp-content\/uploads\/2019\/09\/logo_proof_rgb_mit_balken_250px.png","@id":"http:\/\/blog.proofs.de\/lv\/welches-proofprofil-fuer-hohlkammerplakate-und-wahlplakate\/#organizationLogo"},"image":{"@id":"http:\/\/blog.proofs.de\/lv\/welches-proofprofil-fuer-hohlkammerplakate-und-wahlplakate\/#organizationLogo"},"sameAs":["https:\/\/www.facebook.com\/Proof.de\/","https:\/\/www.instagram.com\/proof.de\/","https:\/\/www.tiktok.com\/@proof_de","https:\/\/www.youtube.com\/channel\/UCk80fQVQ25wC9wu3SywB-Nw","https:\/\/www.linkedin.com\/company\/proof-de"]},{"@type":"Person","@id":"http:\/\/blog.proofs.de\/lv\/author\/mbetz\/#author","url":"http:\/\/blog.proofs.de\/lv\/author\/mbetz\/","name":"Matthias Betz","image":{"@type":"ImageObject","@id":"http:\/\/blog.proofs.de\/lv\/welches-proofprofil-fuer-hohlkammerplakate-und-wahlplakate\/#authorImage","url":"https:\/\/blog.proofs.de\/wp-content\/uploads\/2020\/10\/matthias-betz-e1603934518350-150x150.png","width":96,"height":96,"caption":"Matthias Betz"}},{"@type":"WebPage","@id":"http:\/\/blog.proofs.de\/lv\/welches-proofprofil-fuer-hohlkammerplakate-und-wahlplakate\/#webpage","url":"http:\/\/blog.proofs.de\/lv\/welches-proofprofil-fuer-hohlkammerplakate-und-wahlplakate\/","name":"Proofprofil f\u00fcr Hohlkammerplakate \/ Wahlplakate? | proof.de","description":"Bei Proofs f\u00fcr Hohlkammerplakate und Wahlplakate sollte f\u00fcr die klassischen Hersteller das Proofprofil ISOCoatedV2 bzw. ISOCoatedV2 300% verwendet werden.","inLanguage":"lv","isPartOf":{"@id":"http:\/\/blog.proofs.de\/lv\/#website"},"breadcrumb":{"@id":"http:\/\/blog.proofs.de\/lv\/welches-proofprofil-fuer-hohlkammerplakate-und-wahlplakate\/#breadcrumblist"},"author":{"@id":"http:\/\/blog.proofs.de\/lv\/author\/mbetz\/#author"},"creator":{"@id":"http:\/\/blog.proofs.de\/lv\/author\/mbetz\/#author"},"image":{"@type":"ImageObject","url":"https:\/\/blog.proofs.de\/wp-content\/uploads\/2018\/10\/fiery_xf_7.jpg","@id":"http:\/\/blog.proofs.de\/lv\/welches-proofprofil-fuer-hohlkammerplakate-und-wahlplakate\/#mainImage","width":425,"height":401,"caption":"Fiery XF Version 7"},"primaryImageOfPage":{"@id":"http:\/\/blog.proofs.de\/lv\/welches-proofprofil-fuer-hohlkammerplakate-und-wahlplakate\/#mainImage"},"datePublished":"2019-04-06T02:51:14+02:00","dateModified":"2020-05-08T02:24:41+02:00"},{"@type":"WebSite","@id":"http:\/\/blog.proofs.de\/lv\/#website","url":"http:\/\/blog.proofs.de\/lv\/","name":"Proof.de","description":"Farbverbindlicher Proof, Farbproof, Digitalproof und Online-Proof.","inLanguage":"lv","publisher":{"@id":"http:\/\/blog.proofs.de\/lv\/#organization"}}]},"og:locale":"lv_LV","og:site_name":"Proof.de | Alles zu Proof, Farbmanagement, Grafik, Messtechnik &amp; Co.","og:type":"article","og:title":"Proofprofil f\u00fcr Hohlkammerplakate \/ Wahlplakate? | proof.de","og:description":"Bei Proofs f\u00fcr Hohlkammerplakate und Wahlplakate sollte f\u00fcr die klassischen Hersteller das Proofprofil ISOCoatedV2 bzw. ISOCoatedV2 300% verwendet werden.","og:url":"http:\/\/blog.proofs.de\/lv\/welches-proofprofil-fuer-hohlkammerplakate-und-wahlplakate\/","og:image":"http:\/\/blog.proofs.de\/wp-content\/uploads\/2018\/10\/fiery_xf_7.jpg","og:image:width":425,"og:image:height":401,"article:published_time":"2019-04-06T00:51:14+00:00","article:modified_time":"2020-05-08T00:24:41+00:00","article:publisher":"https:\/\/www.facebook.com\/Proof.de\/","twitter:card":"summary","twitter:title":"Proofprofil f\u00fcr Hohlkammerplakate \/ Wahlplakate? | proof.de","twitter:description":"Bei Proofs f\u00fcr Hohlkammerplakate und Wahlplakate sollte f\u00fcr die klassischen Hersteller das Proofprofil ISOCoatedV2 bzw. ISOCoatedV2 300% verwendet werden.","twitter:image":"https:\/\/blog1.proofen.de\/wp-content\/uploads\/2020\/04\/proof_background.jpg"},"aioseo_meta_data":{"post_id":"2345","title":"Proofprofil f\u00fcr Hohlkammerplakate \/ Wahlplakate? |\u00a0proof.de","description":"Klasisko ra\u017eot\u0101ju plak\u0101tu un priek\u0161v\u0113l\u0113\u0161anu plak\u0101tu iespiedposte\u0146iem j\u0101izmanto ISOCoatedV2 vai ISOCoatedV2 300% profils, kas paredz\u0113ts klasiskajiem ra\u017eot\u0101jiem.","keywords":[{"label":"Hohlkammerplakat,Wahlplakat,Hohlkammerplakate,Wahlplakate,Proof,Proof Hohlkammerplakat,Proof Wahlplakat,Europawahl,Kommunalwahl,Landtagswahl,Bundestagswahl,B\u00fcrgermeisterwahl,ISOCoatedV2,Fogra39,Proof","value":"Hohlkammerplakat,Wahlplakat,Hohlkammerplakate,Wahlplakate,Proof,Proof Hohlkammerplakat,Proof Wahlplakat,Europawahl,Kommunalwahl,Landtagswahl,Bundestagswahl,B\u00fcrgermeisterwahl,ISOCoatedV2,Fogra39,Proof"}],"keyphrases":null,"primary_term":null,"canonical_url":null,"og_title":null,"og_description":null,"og_object_type":"default","og_image_type":"default","og_image_url":null,"og_image_width":null,"og_image_height":null,"og_image_custom_url":null,"og_image_custom_fields":null,"og_video":null,"og_custom_url":null,"og_article_section":null,"og_article_tags":null,"twitter_use_og":false,"twitter_card":"default","twitter_image_type":"default","twitter_image_url":null,"twitter_image_custom_url":null,"twitter_image_custom_fields":null,"twitter_title":null,"twitter_description":null,"schema":{"blockGraphs":[],"customGraphs":[],"default":{"data":{"Article":[],"Course":[],"Dataset":[],"FAQPage":[],"Movie":[],"Person":[],"Product":[],"ProductReview":[],"Car":[],"Recipe":[],"Service":[],"SoftwareApplication":[],"WebPage":[]},"graphName":"","isEnabled":true},"graphs":[],"defaultGraph":"","defaultPostTypeGraph":""},"schema_type":null,"schema_type_options":null,"pillar_content":false,"robots_default":true,"robots_noindex":false,"robots_noarchive":false,"robots_nosnippet":false,"robots_nofollow":false,"robots_noimageindex":false,"robots_noodp":false,"robots_notranslate":false,"robots_max_snippet":null,"robots_max_videopreview":null,"robots_max_imagepreview":"large","priority":null,"frequency":null,"local_seo":null,"breadcrumb_settings":null,"limit_modified_date":false,"ai":null,"created":"2020-12-21 00:33:58","updated":"2025-06-04 14:24:05","seo_analyzer_scan_date":null,"focus_keyword":null,"additional_keywords":null,"truseo_locale":null},"_links":{"self":[{"href":"http:\/\/blog.proofs.de\/lv\/wp-json\/wp\/v2\/posts\/2345","targetHints":{"allow":["GET"]}}],"collection":[{"href":"http:\/\/blog.proofs.de\/lv\/wp-json\/wp\/v2\/posts"}],"about":[{"href":"http:\/\/blog.proofs.de\/lv\/wp-json\/wp\/v2\/types\/post"}],"author":[{"embeddable":true,"href":"http:\/\/blog.proofs.de\/lv\/wp-json\/wp\/v2\/users\/2"}],"replies":[{"embeddable":true,"href":"http:\/\/blog.proofs.de\/lv\/wp-json\/wp\/v2\/comments?post=2345"}],"version-history":[{"count":4,"href":"http:\/\/blog.proofs.de\/lv\/wp-json\/wp\/v2\/posts\/2345\/revisions"}],"predecessor-version":[{"id":3944,"href":"http:\/\/blog.proofs.de\/lv\/wp-json\/wp\/v2\/posts\/2345\/revisions\/3944"}],"wp:featuredmedia":[{"embeddable":true,"href":"http:\/\/blog.proofs.de\/lv\/wp-json\/wp\/v2\/media\/2175"}],"wp:attachment":[{"href":"http:\/\/blog.proofs.de\/lv\/wp-json\/wp\/v2\/media?parent=2345"}],"wp:term":[{"taxonomy":"category","embeddable":true,"href":"http:\/\/blog.proofs.de\/lv\/wp-json\/wp\/v2\/categories?post=2345"},{"taxonomy":"post_tag","embeddable":true,"href":"http:\/\/blog.proofs.de\/lv\/wp-json\/wp\/v2\/tags?post=2345"}],"curies":[{"name":"wp","href":"https:\/\/api.w.org\/{rel}","templated":true}]}}