{"id":243,"date":"2012-09-20T01:35:33","date_gmt":"2012-09-19T23:35:33","guid":{"rendered":"http:\/\/www.proof.de\/?p=243"},"modified":"2020-05-08T12:46:49","modified_gmt":"2020-05-08T10:46:49","slug":"white-lines-with-printing-pdfs-in-adobe-acrobat","status":"publish","type":"post","link":"http:\/\/blog.proofs.de\/lv\/weisse-linien-bei-druck-pdfs-in-adobe-acrobat\/","title":{"rendered":"Baltas l\u012bnijas, druk\u0101jot PDF failus programm\u0101 Adobe Acrobat"},"content":{"rendered":"<div class=\"kk-star-ratings kksr-auto kksr-align-right kksr-valign-top\" data-payload='{\"align\":\"right\",\"id\":\"243\",\"slug\":\"default\",\"valign\":\"top\",\"ignore\":\"\",\"reference\":\"auto\",\"class\":\"\",\"count\":\"0\",\"legendonly\":\"\",\"readonly\":\"\",\"score\":\"0\",\"starsonly\":\"\",\"best\":\"5\",\"gap\":\"5\",\"greet\":\"Jetzt bewerten\",\"legend\":\"0\\\/5 - (0 votes)\",\"size\":\"24\",\"title\":\"Wei&szlig;e Linien bei Druck PDFs in Adobe Acrobat\",\"width\":\"0\",\"_legend\":\"{score}\\\/{best} - ({count} {votes})\",\"font_factor\":\"1.25\"}'>\n            \n<div class=\"kksr-stars\">\n    \n<div class=\"kksr-stars-inactive\">\n            <div class=\"kksr-star\" data-star=\"1\" style=\"padding-right: 5px\">\n            \n\n<div class=\"kksr-icon\" style=\"width: 24px; height: 24px;\"><\/div>\n        <\/div>\n            <div class=\"kksr-star\" data-star=\"2\" style=\"padding-right: 5px\">\n            \n\n<div class=\"kksr-icon\" style=\"width: 24px; height: 24px;\"><\/div>\n        <\/div>\n            <div class=\"kksr-star\" data-star=\"3\" style=\"padding-right: 5px\">\n            \n\n<div class=\"kksr-icon\" style=\"width: 24px; height: 24px;\"><\/div>\n        <\/div>\n            <div class=\"kksr-star\" data-star=\"4\" style=\"padding-right: 5px\">\n            \n\n<div class=\"kksr-icon\" style=\"width: 24px; height: 24px;\"><\/div>\n        <\/div>\n            <div class=\"kksr-star\" data-star=\"5\" style=\"padding-right: 5px\">\n            \n\n<div class=\"kksr-icon\" style=\"width: 24px; height: 24px;\"><\/div>\n        <\/div>\n    <\/div>\n    \n<div class=\"kksr-stars-active\" style=\"width: 0px;\">\n            <div class=\"kksr-star\" style=\"padding-right: 5px\">\n            \n\n<div class=\"kksr-icon\" style=\"width: 24px; height: 24px;\"><\/div>\n        <\/div>\n            <div class=\"kksr-star\" style=\"padding-right: 5px\">\n            \n\n<div class=\"kksr-icon\" style=\"width: 24px; height: 24px;\"><\/div>\n        <\/div>\n            <div class=\"kksr-star\" style=\"padding-right: 5px\">\n            \n\n<div class=\"kksr-icon\" style=\"width: 24px; height: 24px;\"><\/div>\n        <\/div>\n            <div class=\"kksr-star\" style=\"padding-right: 5px\">\n            \n\n<div class=\"kksr-icon\" style=\"width: 24px; height: 24px;\"><\/div>\n        <\/div>\n            <div class=\"kksr-star\" style=\"padding-right: 5px\">\n            \n\n<div class=\"kksr-icon\" style=\"width: 24px; height: 24px;\"><\/div>\n        <\/div>\n    <\/div>\n<\/div>\n                \n\n<div class=\"kksr-legend\" style=\"font-size: 19.2px;\">\n            <span class=\"kksr-muted\">Nov\u0113rt\u0113jiet tagad<\/span>\n    <\/div>\n    <\/div>\n<p>Bie\u017ei rodas jaut\u0101jums, k\u0101p\u0113c, veidojot PDF-X\/3:2002 failu priek\u0161skat\u012bjum\u0101 programm\u0101 Adobe Acr.<a href=\"http:\/\/blog.proofs.de\/lv\/lexikon\/oba\/\" target=\"_self\" title='OBA ir sa\u012bsin\u0101jums no &quot;Optical Brightning Agents&quot; vai &quot;Optical Brightners&quot;.' class=\"encyclopedia\">abi<\/a>t, balt\u0101s l\u012bnijas bie\u017ei par\u0101d\u0101s tur, kur fail\u0101 paties\u012bb\u0101 nav l\u012bniju.<\/p>\n<p>Atbilde ir pavisam vienk\u0101r\u0161a: at\u0161\u0137ir\u012bb\u0101 no pa\u0161reiz\u0113jiem PDF druk\u0101\u0161anas standartiem, piem\u0113ram, PDF\/X-4:2010, kas tiek eksport\u0113ts k\u0101 PDF 1.6 standarts, PDF-X\/3:2002 standart\u0101, ko bie\u017ei pieprasa printeri, tiek izmantots PDF 1.3 form\u0101ts, kur\u0101 caursp\u012bd\u012bgie materi\u0101li ir aizliegti. Sekas: ja, piem\u0113ram, programm\u0101 Adobe InDesign tiek izveidotas pilienu \u0113nas, t\u0101s tiek p\u0101rveidotas par taisnst\u016bra att\u0113liem. Ja \u0161\u0101das pilienu \u0113nas joproj\u0101m tiek izmantotas fona att\u0113liem, par\u0101d\u0101s baltas l\u012bnijas, kas iet horizont\u0101li un vertik\u0101li caur PDF dokumentu \u0113nu viet\u0101s. Bet k\u0101p\u0113c \u0161\u012bs l\u012bnijas paz\u016bd druk\u0101jot un nav redzamas ar\u012b cit\u0101s programm\u0101s, piem\u0113ram, MacOS Preview?<\/p>\n<p>Acrobat ir priek\u0161skat\u012bjums, kas piem\u0113ro izl\u012bdzin\u0101\u0161anas nov\u0113r\u0161anu vektoru elementiem, lai p\u0113c iesp\u0113jas maig\u0101k par\u0101d\u012btu malas. Tom\u0113r \u0161is iestat\u012bjums ietekm\u0113 ar\u012b ce\u013cus un maskas, kas faktiski nav redzamas. T\u0101d\u0113j\u0101di samazin\u0101to caursp\u012bd\u012bgo att\u0113lu pikse\u013ci tiek \u013coti nedaudz m\u012bkstin\u0101ti. Un tie\u0161i \u0161aj\u0101 proces\u0101 tiek izveidotas baltas izpl\u016b\u0161anas l\u012bnijas, kur\u0101m faktiski ir nulles lielums, t\u0101p\u0113c t\u0101s ir redzamas ar\u012b druk\u0101t\u0101 veid\u0101 uz plak\u0101tiem.<a href=\"http:\/\/blog.proofs.de\/lv\/lexikon\/cri\/\" target=\"_self\" title=\"CRI (kr\u0101su atveido\u0161anas indekss) ir gaismas avota kr\u0101su atveido\u0161anas kvalit\u0101tes r\u0101d\u012bt\u0101js. Tas nor\u0101da, cik labi gaismas avots atveido objektu kr\u0101sas, sal\u012bdzinot ar standarta gaismas avotu, piem\u0113ram, dienas gaismas spektru.\" class=\"encyclopedia\">cri<\/a>paz\u016bd printeri, kas atbalsta pt. printeri, kas nesp\u0113j izmantot pt, da\u013c\u0113ji izdruk\u0101 ekr\u0101na ekr\u0101nu, trauc\u0113jo\u0161i saglab\u0101jot l\u012bnijas.<\/p>\n<p>Liel\u0101k\u0101 da\u013ca grafikas dizaineru zina efektu, ir postsk<a href=\"http:\/\/blog.proofs.de\/lv\/lexikon\/rip\/\" target=\"_self\" title='RIP ir rastra att\u0113lu procesors. Tas apstr\u0101d\u0101 PDF vai Postscript datus un nos\u016bta tos uz piesl\u0113gtajiem att\u0113lu sast\u0101d\u012bt\u0101jiem vai proof printeriem.' class=\"encyclopedia\">rip<\/a>t printeri un vienk\u0101r\u0161i sadz\u012bvo ar to. Tom\u0113r, ja balt\u0101s l\u012bnijas \u013coti trauc\u0113 vai ja t\u0101s par\u0101d\u0101s ar\u012b izdruk\u0101, varat vienk\u0101r\u0161i izsl\u0113gt izl\u012bdzin\u0101\u0161anas nov\u0113r\u0161anu Acrobat preferenc\u0113s. Sada\u013c\u0101 Acrobat &gt; Preferences &gt; Page Display (Acrobat &gt; Preferences &gt; Page Display) varat vienk\u0101r\u0161i atcelt izv\u0113les r\u016bti\u0146u \"Izl\u012bdzin\u0101t vektorgrafiku\". T\u0101d\u0113j\u0101di vektoru datu malas k\u013c\u016bst nedaudz pikse\u013cveid\u012bg\u0101kas, bet baltas izl\u012bdzin\u0101\u0161anas nov\u0113r\u0161anas l\u012bnijas uzreiz paz\u016bd.<\/p>\n<figure id=\"attachment_244\" aria-describedby=\"caption-attachment-244\" style=\"width: 1014px\" class=\"wp-caption alignleft\"><a href=\"https:\/\/blog1.proofen.de\/wp-content\/uploads\/2012\/09\/Bildschirmfoto-2012-09-20-um-01.29.02.png\"><img loading=\"lazy\" decoding=\"async\" class=\"wp-image-244\" title='\u0160eit varat vienk\u0101r\u0161i atcelt opcijas &quot;Izl\u012bdzin\u0101t vektorgrafiku&quot; atz\u012bm\u0113\u0161anu.' src=\"https:\/\/blog1.proofen.de\/wp-content\/uploads\/2012\/09\/Bildschirmfoto-2012-09-20-um-01.29.02-1024x548.png\" alt='\u0160eit varat vienk\u0101r\u0161i atcelt opcijas &quot;Izl\u012bdzin\u0101t vektorgrafiku&quot; atz\u012bm\u0113\u0161anu.' width=\"1024\" height=\"548\" srcset=\"https:\/\/blog.proofs.de\/wp-content\/uploads\/2012\/09\/Bildschirmfoto-2012-09-20-um-01.29.02-1024x548.png 1024w, https:\/\/blog.proofs.de\/wp-content\/uploads\/2012\/09\/Bildschirmfoto-2012-09-20-um-01.29.02-300x161.png 300w, https:\/\/blog.proofs.de\/wp-content\/uploads\/2012\/09\/Bildschirmfoto-2012-09-20-um-01.29.02-768x411.png 768w, https:\/\/blog.proofs.de\/wp-content\/uploads\/2012\/09\/Bildschirmfoto-2012-09-20-um-01.29.02.png 1212w\" sizes=\"auto, (max-width: 1024px) 100vw, 1024px\"><\/a><figcaption id=\"caption-attachment-244\" class=\"wp-caption-text\">Ekr\u0101n\u0161\u0101vi\u0146\u0161 no Adobe Acrobat lapas skat\u012b\u0161anas preferenc\u0113m<\/figcaption><\/figure>\n<p>&nbsp;<\/p>","protected":false},"excerpt":{"rendered":"<p>Bie\u017ei rodas jaut\u0101jums, k\u0101p\u0113c, veidojot PDF-X\/3:2002 failu, Adobe Acrobat priek\u0161skat\u012bjum\u0101 bie\u017ei par\u0101d\u0101s baltas l\u012bnijas, lai gan fail\u0101 paties\u012bb\u0101 l\u012bniju nav. Atbilde ir pavisam vienk\u0101r\u0161a: at\u0161\u0137ir\u012bb\u0101 no pa\u0161reiz\u0113jiem PDF druk\u0101\u0161anas standartiem, piem\u0113ram, PDF\/X-4:2010, kas tiek eksport\u0113ts k\u0101 PDF 1.6 standarts, PDF-X\/3:2002 standart\u0101, ko bie\u017ei pieprasa printeri, tiek izmantots PDF 1.3 form\u0101ts, kur\u0101 caursp\u012bd\u012bg\u0101s l\u012bnijas ir aizliegtas. Sekas: ja, piem\u0113ram, programm\u0101 Adobe InDesign tiek izveidotas pilienu \u0113nas, t\u0101s tiek p\u0101rveidotas par taisnst\u016brveida att\u0113liem. Ja \u0161\u0101das pilienu \u0113nas joproj\u0101m tiek izmantotas fona att\u0113liem, ... <\/p>\n<p class=\"read-more-container\"><a title=\"Baltas l\u012bnijas, druk\u0101jot PDF failus programm\u0101 Adobe Acrobat\" class=\"read-more button\" href=\"http:\/\/blog.proofs.de\/lv\/weisse-linien-bei-druck-pdfs-in-adobe-acrobat\/#more-243\" aria-label=\"Uzzin\u0101t vair\u0101k par Balt\u0101s l\u012bnijas, druk\u0101jot PDF failus programm\u0101 Adobe Acrobat\">Las\u012bt vair\u0101k<\/a><\/p>","protected":false},"author":2,"featured_media":244,"comment_status":"open","ping_status":"open","sticky":false,"template":"","format":"standard","meta":{"om_disable_all_campaigns":false,"inline_featured_image":false,"_monsterinsights_skip_tracking":false,"footnotes":""},"categories":[18,443,441],"tags":[50,54,51,52,53,49],"class_list":["post-243","post","type-post","status-publish","format-standard","has-post-thumbnail","hentry","category-haufige-fragen","category-haeufige-fragen-zu-proofs","category-layout-tipps-und-tricks","tag-adobe-acrobat","tag-anti-aliasing","tag-druck-pdf","tag-pdf-1-3","tag-pdfx-32002","tag-weisse-linien","generate-columns","tablet-grid-50","mobile-grid-100","grid-parent","grid-50","no-featured-image-padding","resize-featured-image"],"aioseo_notices":[],"aioseo_head":"\n\t\t<!-- All in One SEO 5.0.1.1 - aioseo.com -->\n\t<meta name=\"description\" content=\"Wodurch entstehen die weissen Linien bei der Anzeige in Adobe Acrobat in Druck PDFs nach Standard PDF\/X-3:2002? Kann ich die Anzeige in Acrobat \u00e4ndern?\" \/>\n\t<meta name=\"robots\" content=\"max-image-preview:large\" \/>\n\t<meta name=\"author\" content=\"Matthias Betz\"\/>\n\t<meta name=\"google-site-verification\" content=\"TuXxyRwxcEg2-WfOaQ8vScWQh3-uBAnxXmY7g3GT90A\" \/>\n\t<meta name=\"keywords\" content=\"adobe acrobat,weisse linien,pdf 1.3,pdf\/x-3:2002,anti-aliasing,adobe acrobat,anti-aliasing,druck pdf,pdf 1.3,pdf\/x-3:2002,weisse linien\" \/>\n\t<link rel=\"canonical\" href=\"http:\/\/blog.proofs.de\/lv\/weisse-linien-bei-druck-pdfs-in-adobe-acrobat\/\" \/>\n\t<meta name=\"generator\" content=\"All in One SEO (AIOSEO) 5.0.1.1\" \/>\n\n\t\t<meta name=\"seobility\" content=\"593a8578143db71543f014978c690d47\">\n\t\t<meta property=\"og:locale\" content=\"lv_LV\" \/>\n\t\t<meta property=\"og:site_name\" content=\"Proof.de | Alles zu Proof, Farbmanagement, Grafik, Messtechnik &amp; Co.\" \/>\n\t\t<meta property=\"og:type\" content=\"article\" \/>\n\t\t<meta property=\"og:title\" content=\"Wei\u00dfe Linien in Adobe Acrobat in Druck PDFs? | proof.de\" \/>\n\t\t<meta property=\"og:description\" content=\"Wodurch entstehen die weissen Linien bei der Anzeige in Adobe Acrobat in Druck PDFs nach Standard PDF\/X-3:2002? Kann ich die Anzeige in Acrobat \u00e4ndern?\" \/>\n\t\t<meta property=\"og:url\" content=\"http:\/\/blog.proofs.de\/lv\/weisse-linien-bei-druck-pdfs-in-adobe-acrobat\/\" \/>\n\t\t<meta property=\"og:image\" content=\"http:\/\/blog.proofs.de\/wp-content\/uploads\/2012\/09\/Bildschirmfoto-2012-09-20-um-01.29.02.png\" \/>\n\t\t<meta property=\"og:image:width\" content=\"1212\" \/>\n\t\t<meta property=\"og:image:height\" content=\"649\" \/>\n\t\t<meta property=\"article:published_time\" content=\"2012-09-19T23:35:33+00:00\" \/>\n\t\t<meta property=\"article:modified_time\" content=\"2020-05-08T10:46:49+00:00\" \/>\n\t\t<meta property=\"article:publisher\" content=\"https:\/\/www.facebook.com\/Proof.de\/\" \/>\n\t\t<meta name=\"twitter:card\" content=\"summary\" \/>\n\t\t<meta name=\"twitter:title\" content=\"Wei\u00dfe Linien in Adobe Acrobat in Druck PDFs? | proof.de\" \/>\n\t\t<meta name=\"twitter:description\" content=\"Wodurch entstehen die weissen Linien bei der Anzeige in Adobe Acrobat in Druck PDFs nach Standard PDF\/X-3:2002? Kann ich die Anzeige in Acrobat \u00e4ndern?\" \/>\n\t\t<meta name=\"twitter:image\" content=\"https:\/\/blog1.proofen.de\/wp-content\/uploads\/2020\/04\/proof_background.jpg\" \/>\n\t\t<script type=\"application\/ld+json\" class=\"aioseo-schema\">\n\t\t\t{\"@context\":\"https:\\\/\\\/schema.org\",\"@graph\":[{\"@type\":\"Article\",\"@id\":\"http:\\\/\\\/blog.proofs.de\\\/lv\\\/weisse-linien-bei-druck-pdfs-in-adobe-acrobat\\\/#article\",\"name\":\"Wei\\u00dfe Linien in Adobe Acrobat in Druck PDFs? | proof.de\",\"headline\":\"Wei\\u00dfe Linien bei Druck PDFs in Adobe Acrobat\",\"author\":{\"@id\":\"http:\\\/\\\/blog.proofs.de\\\/lv\\\/author\\\/mbetz\\\/#author\"},\"publisher\":{\"@id\":\"http:\\\/\\\/blog.proofs.de\\\/lv\\\/#organization\"},\"image\":{\"@type\":\"ImageObject\",\"url\":\"https:\\\/\\\/blog.proofs.de\\\/wp-content\\\/uploads\\\/2012\\\/09\\\/Bildschirmfoto-2012-09-20-um-01.29.02.png\",\"width\":1212,\"height\":649,\"caption\":\"Screenshot aus den Voreinstellungen der Seitenansicht in Adobe Acrobat\"},\"datePublished\":\"2012-09-20T01:35:33+02:00\",\"dateModified\":\"2020-05-08T12:46:49+02:00\",\"inLanguage\":\"lv\",\"commentCount\":8,\"mainEntityOfPage\":{\"@id\":\"http:\\\/\\\/blog.proofs.de\\\/lv\\\/weisse-linien-bei-druck-pdfs-in-adobe-acrobat\\\/#webpage\"},\"isPartOf\":{\"@id\":\"http:\\\/\\\/blog.proofs.de\\\/lv\\\/weisse-linien-bei-druck-pdfs-in-adobe-acrobat\\\/#webpage\"},\"articleSection\":\"H\\u00e4ufige Fragen, H\\u00e4ufige Fragen zu Proofs, Layout Tipps, Adobe Acrobat, Anti-Aliasing, Druck PDF, PDF 1.3, PDF\\\/X-3:2002, Weisse Linien\"},{\"@type\":\"BreadcrumbList\",\"@id\":\"http:\\\/\\\/blog.proofs.de\\\/lv\\\/weisse-linien-bei-druck-pdfs-in-adobe-acrobat\\\/#breadcrumblist\",\"itemListElement\":[{\"@type\":\"ListItem\",\"@id\":\"http:\\\/\\\/blog.proofs.de\\\/lv#listItem\",\"position\":1,\"name\":\"Home\",\"item\":\"http:\\\/\\\/blog.proofs.de\\\/lv\",\"nextItem\":{\"@type\":\"ListItem\",\"@id\":\"http:\\\/\\\/blog.proofs.de\\\/lv\\\/thema\\\/proof-wissen\\\/#listItem\",\"name\":\"Proof Wissen\"}},{\"@type\":\"ListItem\",\"@id\":\"http:\\\/\\\/blog.proofs.de\\\/lv\\\/thema\\\/proof-wissen\\\/#listItem\",\"position\":2,\"name\":\"Proof Wissen\",\"item\":\"http:\\\/\\\/blog.proofs.de\\\/lv\\\/thema\\\/proof-wissen\\\/\",\"nextItem\":{\"@type\":\"ListItem\",\"@id\":\"http:\\\/\\\/blog.proofs.de\\\/lv\\\/thema\\\/proof-wissen\\\/layout-tipps-und-tricks\\\/#listItem\",\"name\":\"Layout Tipps\"},\"previousItem\":{\"@type\":\"ListItem\",\"@id\":\"http:\\\/\\\/blog.proofs.de\\\/lv#listItem\",\"name\":\"Home\"}},{\"@type\":\"ListItem\",\"@id\":\"http:\\\/\\\/blog.proofs.de\\\/lv\\\/thema\\\/proof-wissen\\\/layout-tipps-und-tricks\\\/#listItem\",\"position\":3,\"name\":\"Layout Tipps\",\"item\":\"http:\\\/\\\/blog.proofs.de\\\/lv\\\/thema\\\/proof-wissen\\\/layout-tipps-und-tricks\\\/\",\"nextItem\":{\"@type\":\"ListItem\",\"@id\":\"http:\\\/\\\/blog.proofs.de\\\/lv\\\/weisse-linien-bei-druck-pdfs-in-adobe-acrobat\\\/#listItem\",\"name\":\"Wei\\u00dfe Linien bei Druck PDFs in Adobe Acrobat\"},\"previousItem\":{\"@type\":\"ListItem\",\"@id\":\"http:\\\/\\\/blog.proofs.de\\\/lv\\\/thema\\\/proof-wissen\\\/#listItem\",\"name\":\"Proof Wissen\"}},{\"@type\":\"ListItem\",\"@id\":\"http:\\\/\\\/blog.proofs.de\\\/lv\\\/weisse-linien-bei-druck-pdfs-in-adobe-acrobat\\\/#listItem\",\"position\":4,\"name\":\"Wei\\u00dfe Linien bei Druck PDFs in Adobe Acrobat\",\"previousItem\":{\"@type\":\"ListItem\",\"@id\":\"http:\\\/\\\/blog.proofs.de\\\/lv\\\/thema\\\/proof-wissen\\\/layout-tipps-und-tricks\\\/#listItem\",\"name\":\"Layout Tipps\"}}]},{\"@type\":\"Organization\",\"@id\":\"http:\\\/\\\/blog.proofs.de\\\/lv\\\/#organization\",\"name\":\"Proof GmbH\",\"description\":\"Farbverbindlicher Proof, Farbproof, Digitalproof und Online-Proof.\",\"url\":\"http:\\\/\\\/blog.proofs.de\\\/lv\\\/\",\"telephone\":\"+4970717952740\",\"logo\":{\"@type\":\"ImageObject\",\"url\":\"https:\\\/\\\/blog1.proofen.de\\\/wp-content\\\/uploads\\\/2019\\\/09\\\/logo_proof_rgb_mit_balken_250px.png\",\"@id\":\"http:\\\/\\\/blog.proofs.de\\\/lv\\\/weisse-linien-bei-druck-pdfs-in-adobe-acrobat\\\/#organizationLogo\"},\"image\":{\"@id\":\"http:\\\/\\\/blog.proofs.de\\\/lv\\\/weisse-linien-bei-druck-pdfs-in-adobe-acrobat\\\/#organizationLogo\"},\"sameAs\":[\"https:\\\/\\\/www.facebook.com\\\/Proof.de\\\/\",\"https:\\\/\\\/www.instagram.com\\\/proof.de\\\/\",\"https:\\\/\\\/www.tiktok.com\\\/@proof_de\",\"https:\\\/\\\/www.youtube.com\\\/channel\\\/UCk80fQVQ25wC9wu3SywB-Nw\",\"https:\\\/\\\/www.linkedin.com\\\/company\\\/proof-de\"]},{\"@type\":\"Person\",\"@id\":\"http:\\\/\\\/blog.proofs.de\\\/lv\\\/author\\\/mbetz\\\/#author\",\"url\":\"http:\\\/\\\/blog.proofs.de\\\/lv\\\/author\\\/mbetz\\\/\",\"name\":\"Matthias Betz\",\"image\":{\"@type\":\"ImageObject\",\"@id\":\"http:\\\/\\\/blog.proofs.de\\\/lv\\\/weisse-linien-bei-druck-pdfs-in-adobe-acrobat\\\/#authorImage\",\"url\":\"https:\\\/\\\/blog.proofs.de\\\/wp-content\\\/uploads\\\/2020\\\/10\\\/matthias-betz-e1603934518350-150x150.png\",\"width\":96,\"height\":96,\"caption\":\"Matthias Betz\"}},{\"@type\":\"WebPage\",\"@id\":\"http:\\\/\\\/blog.proofs.de\\\/lv\\\/weisse-linien-bei-druck-pdfs-in-adobe-acrobat\\\/#webpage\",\"url\":\"http:\\\/\\\/blog.proofs.de\\\/lv\\\/weisse-linien-bei-druck-pdfs-in-adobe-acrobat\\\/\",\"name\":\"Wei\\u00dfe Linien in Adobe Acrobat in Druck PDFs? | proof.de\",\"description\":\"Wodurch entstehen die weissen Linien bei der Anzeige in Adobe Acrobat in Druck PDFs nach Standard PDF\\\/X-3:2002? Kann ich die Anzeige in Acrobat \\u00e4ndern?\",\"inLanguage\":\"lv\",\"isPartOf\":{\"@id\":\"http:\\\/\\\/blog.proofs.de\\\/lv\\\/#website\"},\"breadcrumb\":{\"@id\":\"http:\\\/\\\/blog.proofs.de\\\/lv\\\/weisse-linien-bei-druck-pdfs-in-adobe-acrobat\\\/#breadcrumblist\"},\"author\":{\"@id\":\"http:\\\/\\\/blog.proofs.de\\\/lv\\\/author\\\/mbetz\\\/#author\"},\"creator\":{\"@id\":\"http:\\\/\\\/blog.proofs.de\\\/lv\\\/author\\\/mbetz\\\/#author\"},\"image\":{\"@type\":\"ImageObject\",\"url\":\"https:\\\/\\\/blog.proofs.de\\\/wp-content\\\/uploads\\\/2012\\\/09\\\/Bildschirmfoto-2012-09-20-um-01.29.02.png\",\"@id\":\"http:\\\/\\\/blog.proofs.de\\\/lv\\\/weisse-linien-bei-druck-pdfs-in-adobe-acrobat\\\/#mainImage\",\"width\":1212,\"height\":649,\"caption\":\"Screenshot aus den Voreinstellungen der Seitenansicht in Adobe Acrobat\"},\"primaryImageOfPage\":{\"@id\":\"http:\\\/\\\/blog.proofs.de\\\/lv\\\/weisse-linien-bei-druck-pdfs-in-adobe-acrobat\\\/#mainImage\"},\"datePublished\":\"2012-09-20T01:35:33+02:00\",\"dateModified\":\"2020-05-08T12:46:49+02:00\"},{\"@type\":\"WebSite\",\"@id\":\"http:\\\/\\\/blog.proofs.de\\\/lv\\\/#website\",\"url\":\"http:\\\/\\\/blog.proofs.de\\\/lv\\\/\",\"name\":\"Proof.de\",\"description\":\"Farbverbindlicher Proof, Farbproof, Digitalproof und Online-Proof.\",\"inLanguage\":\"lv\",\"publisher\":{\"@id\":\"http:\\\/\\\/blog.proofs.de\\\/lv\\\/#organization\"}}]}\n\t\t<\/script>\n\t\t<!-- All in One SEO -->\n\n","aioseo_head_json":{"title":"Baltas l\u012bnijas Adobe Acrobat druk\u0101tajos PDF failos? | proof.de","description":"Kas izraisa baltas l\u012bnijas, kad t\u0101s tiek par\u0101d\u012btas Adobe Acrobat drukas PDF form\u0101t\u0101 saska\u0146\u0101 ar standartu PDF\/X-3:2002? Vai es varu main\u012bt att\u0113lojumu programm\u0101 Acrobat?","canonical_url":"http:\/\/blog.proofs.de\/lv\/weisse-linien-bei-druck-pdfs-in-adobe-acrobat\/","robots":"max-image-preview:large","keywords":"adobe acrobat,weisse linien,pdf 1.3,pdf\/x-3:2002,anti-aliasing,adobe acrobat,anti-aliasing,druck pdf,pdf 1.3,pdf\/x-3:2002,weisse linien","webmasterTools":{"google-site-verification":"TuXxyRwxcEg2-WfOaQ8vScWQh3-uBAnxXmY7g3GT90A","miscellaneous":"&lt;meta name=\"seobility\" content=\"593a8578143db71543f014978c690d47\"&gt;"},"schema":{"@context":"https:\/\/schema.org","@graph":[{"@type":"Article","@id":"http:\/\/blog.proofs.de\/lv\/weisse-linien-bei-druck-pdfs-in-adobe-acrobat\/#article","name":"Wei\u00dfe Linien in Adobe Acrobat in Druck PDFs? | proof.de","headline":"Wei\u00dfe Linien bei Druck PDFs in Adobe Acrobat","author":{"@id":"http:\/\/blog.proofs.de\/lv\/author\/mbetz\/#author"},"publisher":{"@id":"http:\/\/blog.proofs.de\/lv\/#organization"},"image":{"@type":"ImageObject","url":"https:\/\/blog.proofs.de\/wp-content\/uploads\/2012\/09\/Bildschirmfoto-2012-09-20-um-01.29.02.png","width":1212,"height":649,"caption":"Screenshot aus den Voreinstellungen der Seitenansicht in Adobe Acrobat"},"datePublished":"2012-09-20T01:35:33+02:00","dateModified":"2020-05-08T12:46:49+02:00","inLanguage":"lv","commentCount":8,"mainEntityOfPage":{"@id":"http:\/\/blog.proofs.de\/lv\/weisse-linien-bei-druck-pdfs-in-adobe-acrobat\/#webpage"},"isPartOf":{"@id":"http:\/\/blog.proofs.de\/lv\/weisse-linien-bei-druck-pdfs-in-adobe-acrobat\/#webpage"},"articleSection":"H\u00e4ufige Fragen, H\u00e4ufige Fragen zu Proofs, Layout Tipps, Adobe Acrobat, Anti-Aliasing, Druck PDF, PDF 1.3, PDF\/X-3:2002, Weisse Linien"},{"@type":"BreadcrumbList","@id":"http:\/\/blog.proofs.de\/lv\/weisse-linien-bei-druck-pdfs-in-adobe-acrobat\/#breadcrumblist","itemListElement":[{"@type":"ListItem","@id":"http:\/\/blog.proofs.de\/lv#listItem","position":1,"name":"Home","item":"http:\/\/blog.proofs.de\/lv","nextItem":{"@type":"ListItem","@id":"http:\/\/blog.proofs.de\/lv\/thema\/proof-wissen\/#listItem","name":"Proof Wissen"}},{"@type":"ListItem","@id":"http:\/\/blog.proofs.de\/lv\/thema\/proof-wissen\/#listItem","position":2,"name":"Proof Wissen","item":"http:\/\/blog.proofs.de\/lv\/thema\/proof-wissen\/","nextItem":{"@type":"ListItem","@id":"http:\/\/blog.proofs.de\/lv\/thema\/proof-wissen\/layout-tipps-und-tricks\/#listItem","name":"Layout Tipps"},"previousItem":{"@type":"ListItem","@id":"http:\/\/blog.proofs.de\/lv#listItem","name":"Home"}},{"@type":"ListItem","@id":"http:\/\/blog.proofs.de\/lv\/thema\/proof-wissen\/layout-tipps-und-tricks\/#listItem","position":3,"name":"Layout Tipps","item":"http:\/\/blog.proofs.de\/lv\/thema\/proof-wissen\/layout-tipps-und-tricks\/","nextItem":{"@type":"ListItem","@id":"http:\/\/blog.proofs.de\/lv\/weisse-linien-bei-druck-pdfs-in-adobe-acrobat\/#listItem","name":"Wei\u00dfe Linien bei Druck PDFs in Adobe Acrobat"},"previousItem":{"@type":"ListItem","@id":"http:\/\/blog.proofs.de\/lv\/thema\/proof-wissen\/#listItem","name":"Proof Wissen"}},{"@type":"ListItem","@id":"http:\/\/blog.proofs.de\/lv\/weisse-linien-bei-druck-pdfs-in-adobe-acrobat\/#listItem","position":4,"name":"Wei\u00dfe Linien bei Druck PDFs in Adobe Acrobat","previousItem":{"@type":"ListItem","@id":"http:\/\/blog.proofs.de\/lv\/thema\/proof-wissen\/layout-tipps-und-tricks\/#listItem","name":"Layout Tipps"}}]},{"@type":"Organization","@id":"http:\/\/blog.proofs.de\/lv\/#organization","name":"Proof GmbH","description":"Farbverbindlicher Proof, Farbproof, Digitalproof und Online-Proof.","url":"http:\/\/blog.proofs.de\/lv\/","telephone":"+4970717952740","logo":{"@type":"ImageObject","url":"https:\/\/blog1.proofen.de\/wp-content\/uploads\/2019\/09\/logo_proof_rgb_mit_balken_250px.png","@id":"http:\/\/blog.proofs.de\/lv\/weisse-linien-bei-druck-pdfs-in-adobe-acrobat\/#organizationLogo"},"image":{"@id":"http:\/\/blog.proofs.de\/lv\/weisse-linien-bei-druck-pdfs-in-adobe-acrobat\/#organizationLogo"},"sameAs":["https:\/\/www.facebook.com\/Proof.de\/","https:\/\/www.instagram.com\/proof.de\/","https:\/\/www.tiktok.com\/@proof_de","https:\/\/www.youtube.com\/channel\/UCk80fQVQ25wC9wu3SywB-Nw","https:\/\/www.linkedin.com\/company\/proof-de"]},{"@type":"Person","@id":"http:\/\/blog.proofs.de\/lv\/author\/mbetz\/#author","url":"http:\/\/blog.proofs.de\/lv\/author\/mbetz\/","name":"Matthias Betz","image":{"@type":"ImageObject","@id":"http:\/\/blog.proofs.de\/lv\/weisse-linien-bei-druck-pdfs-in-adobe-acrobat\/#authorImage","url":"https:\/\/blog.proofs.de\/wp-content\/uploads\/2020\/10\/matthias-betz-e1603934518350-150x150.png","width":96,"height":96,"caption":"Matthias Betz"}},{"@type":"WebPage","@id":"http:\/\/blog.proofs.de\/lv\/weisse-linien-bei-druck-pdfs-in-adobe-acrobat\/#webpage","url":"http:\/\/blog.proofs.de\/lv\/weisse-linien-bei-druck-pdfs-in-adobe-acrobat\/","name":"Wei\u00dfe Linien in Adobe Acrobat in Druck PDFs? | proof.de","description":"Wodurch entstehen die weissen Linien bei der Anzeige in Adobe Acrobat in Druck PDFs nach Standard PDF\/X-3:2002? Kann ich die Anzeige in Acrobat \u00e4ndern?","inLanguage":"lv","isPartOf":{"@id":"http:\/\/blog.proofs.de\/lv\/#website"},"breadcrumb":{"@id":"http:\/\/blog.proofs.de\/lv\/weisse-linien-bei-druck-pdfs-in-adobe-acrobat\/#breadcrumblist"},"author":{"@id":"http:\/\/blog.proofs.de\/lv\/author\/mbetz\/#author"},"creator":{"@id":"http:\/\/blog.proofs.de\/lv\/author\/mbetz\/#author"},"image":{"@type":"ImageObject","url":"https:\/\/blog.proofs.de\/wp-content\/uploads\/2012\/09\/Bildschirmfoto-2012-09-20-um-01.29.02.png","@id":"http:\/\/blog.proofs.de\/lv\/weisse-linien-bei-druck-pdfs-in-adobe-acrobat\/#mainImage","width":1212,"height":649,"caption":"Screenshot aus den Voreinstellungen der Seitenansicht in Adobe Acrobat"},"primaryImageOfPage":{"@id":"http:\/\/blog.proofs.de\/lv\/weisse-linien-bei-druck-pdfs-in-adobe-acrobat\/#mainImage"},"datePublished":"2012-09-20T01:35:33+02:00","dateModified":"2020-05-08T12:46:49+02:00"},{"@type":"WebSite","@id":"http:\/\/blog.proofs.de\/lv\/#website","url":"http:\/\/blog.proofs.de\/lv\/","name":"Proof.de","description":"Farbverbindlicher Proof, Farbproof, Digitalproof und Online-Proof.","inLanguage":"lv","publisher":{"@id":"http:\/\/blog.proofs.de\/lv\/#organization"}}]},"og:locale":"lv_LV","og:site_name":"Proof.de | Alles zu Proof, Farbmanagement, Grafik, Messtechnik &amp; Co.","og:type":"article","og:title":"Wei\u00dfe Linien in Adobe Acrobat in Druck PDFs? | proof.de","og:description":"Wodurch entstehen die weissen Linien bei der Anzeige in Adobe Acrobat in Druck PDFs nach Standard PDF\/X-3:2002? Kann ich die Anzeige in Acrobat \u00e4ndern?","og:url":"http:\/\/blog.proofs.de\/lv\/weisse-linien-bei-druck-pdfs-in-adobe-acrobat\/","og:image":"http:\/\/blog.proofs.de\/wp-content\/uploads\/2012\/09\/Bildschirmfoto-2012-09-20-um-01.29.02.png","og:image:width":1212,"og:image:height":649,"article:published_time":"2012-09-19T23:35:33+00:00","article:modified_time":"2020-05-08T10:46:49+00:00","article:publisher":"https:\/\/www.facebook.com\/Proof.de\/","twitter:card":"summary","twitter:title":"Wei\u00dfe Linien in Adobe Acrobat in Druck PDFs? | proof.de","twitter:description":"Wodurch entstehen die weissen Linien bei der Anzeige in Adobe Acrobat in Druck PDFs nach Standard PDF\/X-3:2002? Kann ich die Anzeige in Acrobat \u00e4ndern?","twitter:image":"https:\/\/blog1.proofen.de\/wp-content\/uploads\/2020\/04\/proof_background.jpg"},"aioseo_meta_data":{"post_id":"243","title":"Baltas l\u012bnijas programm\u0101 \u201eAdobe Acrobat\u201c PDF failos, kas paredz\u0113ti druk\u0101\u0161anai? | proof.de","description":"Kas izraisa baltas l\u012bnijas, kad t\u0101s tiek par\u0101d\u012btas Adobe Acrobat drukas PDF form\u0101t\u0101 saska\u0146\u0101 ar standartu PDF\/X-3:2002? Vai es varu main\u012bt att\u0113lojumu programm\u0101 Acrobat?","keywords":[{"label":"Adobe Acrobat,Weisse Linien,PDF 1.3,PDF\/X-3:2002,Anti-Aliasing","value":"Adobe Acrobat,Weisse Linien,PDF 1.3,PDF\/X-3:2002,Anti-Aliasing"}],"keyphrases":null,"primary_term":null,"canonical_url":null,"og_title":null,"og_description":null,"og_object_type":"default","og_image_type":"default","og_image_url":null,"og_image_width":null,"og_image_height":null,"og_image_custom_url":null,"og_image_custom_fields":null,"og_video":null,"og_custom_url":null,"og_article_section":null,"og_article_tags":null,"twitter_use_og":false,"twitter_card":"default","twitter_image_type":"default","twitter_image_url":null,"twitter_image_custom_url":null,"twitter_image_custom_fields":null,"twitter_title":null,"twitter_description":null,"schema":{"blockGraphs":[],"customGraphs":[],"default":{"data":{"Article":[],"Course":[],"Dataset":[],"FAQPage":[],"Movie":[],"Person":[],"Product":[],"ProductReview":[],"Car":[],"Recipe":[],"Service":[],"SoftwareApplication":[],"WebPage":[]},"graphName":"","isEnabled":true},"graphs":[]},"schema_type":null,"schema_type_options":null,"pillar_content":false,"robots_default":true,"robots_noindex":false,"robots_noarchive":false,"robots_nosnippet":false,"robots_nofollow":false,"robots_noimageindex":false,"robots_noodp":false,"robots_notranslate":false,"robots_max_snippet":null,"robots_max_videopreview":null,"robots_max_imagepreview":"large","priority":null,"frequency":null,"local_seo":null,"breadcrumb_settings":null,"limit_modified_date":false,"ai":null,"created":"2020-12-21 00:36:00","updated":"2025-06-04 14:11:56","seo_analyzer_scan_date":null,"focus_keyword":null,"additional_keywords":null,"truseo_locale":null},"_links":{"self":[{"href":"http:\/\/blog.proofs.de\/lv\/wp-json\/wp\/v2\/posts\/243","targetHints":{"allow":["GET"]}}],"collection":[{"href":"http:\/\/blog.proofs.de\/lv\/wp-json\/wp\/v2\/posts"}],"about":[{"href":"http:\/\/blog.proofs.de\/lv\/wp-json\/wp\/v2\/types\/post"}],"author":[{"embeddable":true,"href":"http:\/\/blog.proofs.de\/lv\/wp-json\/wp\/v2\/users\/2"}],"replies":[{"embeddable":true,"href":"http:\/\/blog.proofs.de\/lv\/wp-json\/wp\/v2\/comments?post=243"}],"version-history":[{"count":8,"href":"http:\/\/blog.proofs.de\/lv\/wp-json\/wp\/v2\/posts\/243\/revisions"}],"predecessor-version":[{"id":3725,"href":"http:\/\/blog.proofs.de\/lv\/wp-json\/wp\/v2\/posts\/243\/revisions\/3725"}],"wp:featuredmedia":[{"embeddable":true,"href":"http:\/\/blog.proofs.de\/lv\/wp-json\/wp\/v2\/media\/244"}],"wp:attachment":[{"href":"http:\/\/blog.proofs.de\/lv\/wp-json\/wp\/v2\/media?parent=243"}],"wp:term":[{"taxonomy":"category","embeddable":true,"href":"http:\/\/blog.proofs.de\/lv\/wp-json\/wp\/v2\/categories?post=243"},{"taxonomy":"post_tag","embeddable":true,"href":"http:\/\/blog.proofs.de\/lv\/wp-json\/wp\/v2\/tags?post=243"}],"curies":[{"name":"wp","href":"https:\/\/api.w.org\/{rel}","templated":true}]}}