{"id":397,"date":"2013-03-19T01:03:23","date_gmt":"2013-03-19T00:03:23","guid":{"rendered":"http:\/\/www.proof.de\/?p=397"},"modified":"2020-04-20T14:17:40","modified_gmt":"2020-04-20T12:17:40","slug":"ka-precizi-var-izmerit","status":"publish","type":"post","link":"http:\/\/blog.proofs.de\/lv\/wie-genau-kann-druckfarbe-denn-gemessen-werden\/","title":{"rendered":"Cik prec\u012bzi var izm\u0113r\u012bt tinti?"},"content":{"rendered":"<div class=\"kk-star-ratings kksr-auto kksr-align-right kksr-valign-top\" data-payload='{\"align\":\"right\",\"id\":\"397\",\"slug\":\"default\",\"valign\":\"top\",\"ignore\":\"\",\"reference\":\"auto\",\"class\":\"\",\"count\":\"0\",\"legendonly\":\"\",\"readonly\":\"\",\"score\":\"0\",\"starsonly\":\"\",\"best\":\"5\",\"gap\":\"5\",\"greet\":\"Jetzt bewerten\",\"legend\":\"0\\\/5 - (0 votes)\",\"size\":\"24\",\"title\":\"Wie genau kann Druckfarbe denn gemessen werden?\",\"width\":\"0\",\"_legend\":\"{score}\\\/{best} - ({count} {votes})\",\"font_factor\":\"1.25\"}'>\n            \n<div class=\"kksr-stars\">\n    \n<div class=\"kksr-stars-inactive\">\n            <div class=\"kksr-star\" data-star=\"1\" style=\"padding-right: 5px\">\n            \n\n<div class=\"kksr-icon\" style=\"width: 24px; height: 24px;\"><\/div>\n        <\/div>\n            <div class=\"kksr-star\" data-star=\"2\" style=\"padding-right: 5px\">\n            \n\n<div class=\"kksr-icon\" style=\"width: 24px; height: 24px;\"><\/div>\n        <\/div>\n            <div class=\"kksr-star\" data-star=\"3\" style=\"padding-right: 5px\">\n            \n\n<div class=\"kksr-icon\" style=\"width: 24px; height: 24px;\"><\/div>\n        <\/div>\n            <div class=\"kksr-star\" data-star=\"4\" style=\"padding-right: 5px\">\n            \n\n<div class=\"kksr-icon\" style=\"width: 24px; height: 24px;\"><\/div>\n        <\/div>\n            <div class=\"kksr-star\" data-star=\"5\" style=\"padding-right: 5px\">\n            \n\n<div class=\"kksr-icon\" style=\"width: 24px; height: 24px;\"><\/div>\n        <\/div>\n    <\/div>\n    \n<div class=\"kksr-stars-active\" style=\"width: 0px;\">\n            <div class=\"kksr-star\" style=\"padding-right: 5px\">\n            \n\n<div class=\"kksr-icon\" style=\"width: 24px; height: 24px;\"><\/div>\n        <\/div>\n            <div class=\"kksr-star\" style=\"padding-right: 5px\">\n            \n\n<div class=\"kksr-icon\" style=\"width: 24px; height: 24px;\"><\/div>\n        <\/div>\n            <div class=\"kksr-star\" style=\"padding-right: 5px\">\n            \n\n<div class=\"kksr-icon\" style=\"width: 24px; height: 24px;\"><\/div>\n        <\/div>\n            <div class=\"kksr-star\" style=\"padding-right: 5px\">\n            \n\n<div class=\"kksr-icon\" style=\"width: 24px; height: 24px;\"><\/div>\n        <\/div>\n            <div class=\"kksr-star\" style=\"padding-right: 5px\">\n            \n\n<div class=\"kksr-icon\" style=\"width: 24px; height: 24px;\"><\/div>\n        <\/div>\n    <\/div>\n<\/div>\n                \n\n<div class=\"kksr-legend\" style=\"font-size: 19.2px;\">\n            <span class=\"kksr-muted\">Nov\u0113rt\u0113jiet tagad<\/span>\n    <\/div>\n    <\/div>\n<p><strong>Jau vair\u0101kus gadus drukas kr\u0101su m\u0113r\u012b\u0161anas iesp\u0113jas ir k\u013cuvu\u0161as vienk\u0101r\u0161\u0101kas un l\u0113t\u0101kas. T\u0101p\u0113c bie\u017ei tiek uzskat\u012bts, ka iespiedkr\u0101su m\u0113r\u012b\u0161ana ir vienk\u0101r\u0161a, l\u0113ta un, galvenais, \u013coti prec\u012bza. Un tas attiecas pat uz da\u017e\u0101du z\u012bmolu un paaud\u017eu m\u0113rier\u012bc\u0113m. Vai t\u0101 ir taisn\u012bba?<\/strong><\/p>\n<p>Apskatot da\u017eus p\u0113t\u012bjumus, \u0161\u0137iet, ka tas ne vienm\u0113r t\u0101 ir. Piem\u0113ram, IFRA pieprasa, lai, m\u0113rot BCRA keramikas fl\u012bzes, kr\u0101su at\u0161\u0137ir\u012bbas starp da\u017e\u0101d\u0101m m\u0113rier\u012bc\u0113m, kas ir zem\u0101kas par 1,5 %, b\u016btu maz\u0101kas par 1,5 %. <a href=\"http:\/\/blog.proofs.de\/lv\/lexikon\/delta-e\/\" target=\"_self\" title='Delta-E ir divu kr\u0101su att\u0101luma vien\u012bba. Jo liel\u0101ks skaitlis, jo liel\u0101ks &quot;att\u0101lums&quot; starp kr\u0101s\u0101m. Ideja ir t\u0101da, ka Delta-E kr\u0101su at\u0161\u0137ir\u012bba - neatkar\u012bgi no virziena - cilv\u0113ka acij izskat\u0101s vien\u0101da. T\u0101tad, ja viena kr\u0101sa ir par 5 delta-E gai\u0161\u0101ka nek\u0101 cita, cilv\u0113kam t\u0101 izskat\u0101s tikpat &quot;t\u0101lu&quot; k\u0101 kr\u0101sa, kas ir par 5 delta-E sarkan\u0101ka vai zil\u0101ka.' class=\"encyclopedia\">Delta-E<\/a> 0,3 j\u0101b\u016bt. Tom\u0113r realit\u0101t\u0113 viss izskat\u012bj\u0101s cit\u0101di. Nussbauma p\u0113t\u012bjum\u0101 8 no 9 m\u0113r\u012bjumiem Delta-E bija liel\u0101ka par 2,0; Wyble &amp; Rich p\u0113t\u012bjum\u0101 novirzes bija no Delta-E 0,76 l\u012bdz 1,68. Bet k\u0101p\u0113c novirzes ir tik lielas?<\/p>\n<p>No vienas puses, m\u0113rinstrumenti at\u0161\u0137iras ar to, k\u0101 tie izgaismo m\u0113r\u0101m\u0101s virsmas. Tas ir svar\u012bgi divos aspektos: no vienas puses, atkar\u012bb\u0101 no materi\u0101la m\u0113r\u012bjumi var iev\u0113rojami at\u0161\u0137irties, ja, piem\u0113ram, gaisma uz m\u0113r\u0101m\u0101s virsmas tiek izstarota tikai no viena gaismas avota un tiek m\u0113r\u012bta. Ja, piem\u0113ram, m\u0113rier\u012bcei ir tikai viena lampa, kas uz m\u0113r\u0101m\u0101s virsmas sp\u012bd 45 gr\u0101du le\u0146\u0137\u012b, un tiek m\u0113r\u012bts t\u0101s atsp\u012bdums, tad m\u0113r\u012bjums var at\u0161\u0137irties l\u012bdz pat Delta-E 3,0, ja m\u0113rier\u012bci pagrie\u017e tikai ap savu asi. Ja ar vienu un to pa\u0161u m\u0113rier\u012bci vienu un to pa\u0161u pl\u0101ksni m\u0113ra kreis\u0101s un lab\u0101s rokas cilv\u0113ks, tad m\u0113r\u012bjums var b\u016bt piln\u012bgi at\u0161\u0137ir\u012bgs tikai t\u0101p\u0113c, ka m\u0113rier\u012bce tiek tur\u0113ta at\u0161\u0137ir\u012bg\u0101 veid\u0101 un pl\u0101ksnes tiek izgaismotas at\u0161\u0137ir\u012bg\u0101 le\u0146\u0137\u012b.<\/p>\n<p>Risin\u0101jums: Risin\u0101jums: m\u0113rier\u012bc\u0113 ir izvietoti vair\u0101ki gaismas avoti vai, lab\u0101kaj\u0101 gad\u012bjum\u0101, apgaismojums tiek izstarots tie\u0161i pa apli 45 gr\u0101du le\u0146\u0137\u012b, lai l\u012bdz minimumam samazin\u0101tu \u0161\u0101du ietekmi.<!--more--><\/p>\n<p><strong>Apgaismot\u0101ji<\/strong><\/p>\n<p>Ta\u010du liela noz\u012bme ir ar\u012b apgaismojuma veidam. Agr\u0101k apgaismojumam p\u0101rsvar\u0101 tika izmantotas volframa lampas, kas, lai gan bija labs apgaismojuma veids, tom\u0113r <a href=\"http:\/\/blog.proofs.de\/lv\/lexikon\/spektrum\/\" target=\"_self\" title='Kolorimetrij\u0101 termins &quot;spektrs&quot; attiecas uz kr\u0101su kopumu redzam\u0101s gaismas diapazon\u0101. Redzam\u0101s gaismas spektrs ir no aptuveni 380 nanometriem (nm) l\u012bdz 750 nm. Tas ietver da\u017e\u0101das nokr\u0101sas, ko m\u0113s varam uztvert, kad gaisma tiek lauzta caur prizmu vai atstarota no optisk\u0101s vides, piem\u0113ram, ekr\u0101na.....' class=\"encyclopedia\">Spektrs<\/a> Tom\u0113r to spektrs lampas darb\u012bbas laik\u0101 iev\u0113rojami main\u012bj\u0101s, jo \u012bpa\u0161i UV diapazon\u0101, un t\u0101p\u0113c m\u0113r\u012bjumi var\u0113ja b\u016bt nepareizi. Turkl\u0101t past\u0101v ar\u012b probl\u0113ma, ka svaigai izdrukai no iespiedma\u0161\u012bnas ar v\u0113l mitr\u0101m kr\u0101s\u0101m ir iev\u0113rojami augst\u0101ks kr\u0101su spektrs. <a href=\"http:\/\/blog.proofs.de\/lv\/lexikon\/glanz\/\" target=\"_self\" title=\"Sp\u012bdums raksturo virsmas \u012bpa\u0161\u012bbu atstarot gaismu virziena virzien\u0101. Ja gaisma uz pap\u012bra kr\u012bt 75 gr\u0101du le\u0146\u0137\u012b, \u013coti mat\u0113ts pap\u012brs bez p\u0101rkl\u0101juma neatstaros gaismu virziena virzien\u0101, bet gan \u013coti izklied\u0113ti, savuk\u0101rt \u013coti glanc\u0113ts pap\u012brs pret\u0113j\u0101 75 gr\u0101du le\u0146\u0137\u012b atstaros daudz vair\u0101k gaismas virzien\u0101 nek\u0101 izklied\u0113ti. Tas...\" class=\"encyclopedia\">Glam\u016brs<\/a>- un atstaro\u0161anas faktors, t. i., tas pats izdruka, kad to p\u0113c ned\u0113\u013cas pieg\u0101d\u0101 klientam. \u0160\u012bs sp\u012bduma at\u0161\u0137ir\u012bbas l\u012bdz \u0161im iesp\u0113ju robe\u017e\u0101s ir nov\u0113rstas, izmantojot polariz\u0101cijas filtrus.<\/p>\n<p>T\u0101 k\u0101 jaunais <a href=\"http:\/\/blog.proofs.de\/lv\/lexikon\/d50\/\" target=\"_self\" title=\"D50 ir tipogr\u0101fijas nozares standarta gaisma. Proofus var sal\u012bdzin\u0101t tikai ar D50 standarta gaismu,\" class=\"encyclopedia\">D50<\/a> Apgaismojuma standarts ISO 13655:2009 paredz apgaismojumu ar D50 neona lamp\u0101m, ta\u010du t\u0101s nav \u012bsti piem\u0113rotas paroc\u012bg\u0101m m\u0113rier\u012bc\u0113m. T\u0101p\u0113c da\u017e\u0101di apgaismojuma apst\u0101k\u013ci d<a href=\"http:\/\/blog.proofs.de\/lv\/lexikon\/efi\/\" target=\"_self\" title=\"Electronics For Imaging Inc., sa\u012bsin\u0101jum\u0101 EFI, ir amerik\u0101\u0146u uz\u0146\u0113mums un vienas no pasaul\u0113 vado\u0161aj\u0101m kop\u0113\u0161anas sist\u0113m\u0101m: EFI Colorproof XF, kop\u0161 2013. gada - Fiery XF. EFI ir risin\u0101jumu pieg\u0101d\u0101t\u0101js lielaj\u0101m drukas sist\u0113m\u0101m, RIP un kr\u0101su p\u0101rvald\u012bbas risin\u0101jumiem, piem\u0113ram, proofing.\" class=\"encyclopedia\">efi<\/a>nised: M0, M1, M2 un M3.<\/p>\n<p>M0 ir tradicion\u0101lais volframa apgaismojums k\u0101, piem\u0113ram, I1 Pro vai DTP 41 vai DTP 70 bez UV filtra un bez polariz\u0101cijas filtra.<\/p>\n<p>M2 apraksta to pa\u0161u, bet ar UV-Cut filtru, kas izmantots, piem\u0113ram, I1 Pro UV-Cut. UV filtra priek\u0161roc\u012bbas: harmoniski rezult\u0101ti pat ar pap\u012briem ar optisku <a href=\"http:\/\/blog.proofs.de\/lv\/lexikon\/aufheller\/\" target=\"_self\" title=\"Izgaismot\u0101ji (paz\u012bstami ar\u012b k\u0101 optiskie balin\u0101t\u0101ji jeb OBA) ir \u0137\u012bmiski savienojumi, ko izmanto poligr\u0101fijas nozar\u0113, lai uzlabotu pap\u012bra spilgtumu un baltumu. Tie absorb\u0113 UV gaismu un izstaro to k\u0101 redzamu zilu gaismu, pie\u0161\u0137irot pap\u012bram &quot;spilgt\u0101ku&quot; un &quot;svaig\u0101ku&quot; balto toni. \u0160is efekts palielina...\" class=\"encyclopedia\">Izgaismot\u0101js<\/a>. Tr\u016bkums: Tipiski ra\u017eo\u0161anas dokumenti \u0161odien da\u017ek\u0101rt satur daudz <a href=\"http:\/\/blog.proofs.de\/lv\/lexikon\/optische-aufheller\/\" target=\"_self\" title=\"Optiskie balin\u0101t\u0101ji ir piedevas, ko pap\u012bra ra\u017eot\u0101ji izmanto, lai padar\u012btu pap\u012bru balt\u0101ku un gai\u0161\u0101ku.\" class=\"encyclopedia\">optiskie balin\u0101t\u0101ji<\/a>kas padara pap\u012bru balt\u0101ku, absorb\u0113jot UV gaismu un atstarojot to k\u0101 zilu gaismu. T\u0101d\u0113j\u0101di pap\u012brs var izskat\u012bties piln\u012bgi vien\u0101ds, ja tas tiek griezts UV gaism\u0101, bet \u013coti at\u0161\u0137ir\u012bgs dienas gaism\u0101 vai pie D50. Praks\u0113 druk\u0101tos produktus gandr\u012bz nekad neapskata UV griezuma apst\u0101k\u013cos.<\/p>\n<p>M3 m\u0113r\u012bt\u0101jiem ir gan UV filtrs, gan polariz\u0101cijas filtrs.<\/p>\n<p>M1: M1 re\u017e\u012bmu nodro\u0161ina, izmantojot D50 gaismas avotu saska\u0146\u0101 ar specifik\u0101cij\u0101m. <a href=\"http:\/\/blog.proofs.de\/lv\/lexikon\/iso-36642009\/\" target=\"_self\" title=\"ISO 3664:2009 ir ISO standarts, kas nosaka apgaismojuma nosac\u012bjumus kr\u0101su un iespieddarbu vizu\u0101lai nov\u0113rt\u0113\u0161anai pirmsdrukas sagatavo\u0161anas un cit\u0101s jom\u0101s. Lai nodro\u0161in\u0101tu, ka kr\u0101su uztvere notiek standartiz\u0113tos apst\u0101k\u013cos, standart\u0101 defin\u0113ti daudzi apgaismojuma aspekti un aprakst\u012bti \u0161\u0101di aspekti: Apgaismojuma apst\u0101k\u013ci: Standart\u0101 noteiktas \u012bpa\u0161as pras\u012bbas apgaismojumam. Tas ietver...\" class=\"encyclopedia\">ISO 3664:2009<\/a> tiek izmantots. T\u0101 k\u0101 m\u0113rier\u012bces, ko izmanto <a href=\"http:\/\/blog.proofs.de\/lv\/lexikon\/led\/\" target=\"_self\" title='LED ir &quot;gaismu izstarojo\u0161a diode&quot;, un grafikas nozar\u0113 t\u0101 apz\u012bm\u0113 jauno &quot;LED&quot; gaismu, kas ir aizst\u0101jusi vec\u0101kos gaismas avotus, piem\u0113ram, neona lampas un volframa lampas. Neona lampas galvenok\u0101rt paz\u012bstamas no D50 vai D65 standarta gaismas diapazona, savuk\u0101rt volframa gaismas avoti galvenok\u0101rt tika izmantoti kr\u0101su m\u0113r\u012b\u0161anas ier\u012bc\u0113s, piem\u0113ram, spektrofotometros un kolorimetros.....' class=\"encyclopedia\">LED<\/a>s v\u0113l nesp\u0113j visaptvero\u0161i atveidot D50 spektru, un neona lampas ir vienk\u0101r\u0161i p\u0101r\u0101k lielas, da\u017ei m\u0113rier\u012b\u010du ra\u017eot\u0101ji izmanto triku, lai sev pal\u012bdz\u0113tu: no vienas puses, tie izstaro D50 gaismu bez UV komponentiem, lai pan\u0101ktu p\u0113c iesp\u0113jas harmonisk\u0101ku m\u0113r\u012bjumu. No otras puses, tie izstaro tikai UV gaismu, lai m\u0113r\u012btu optisko balin\u0101t\u0101ju iedarb\u012bbu. T\u0101 k\u0101 pa\u0161laik neviena LED nesp\u0113j izstarot t\u012bru UV gaismu, bet pap\u012bru joproj\u0101m izstaro apk\u0101rt\u0113j\u0101 gaisma, kas rezult\u0101tu falsific\u0113tu, da\u017ei izmanto triku: tie liel\u0101 \u0101trum\u0101 kvazi mirgojo\u0161\u0101 veid\u0101 m\u0113ra UV griezumu un slikto UV variantu un apr\u0113\u0137ina rezult\u0101tu, kas atbilstu izgaismo\u0161anai ar D50 gaismu.<\/p>\n<p><strong>Secin\u0101jums:<\/strong> M\u0113r\u012bjumi ar da\u017e\u0101diem m\u0113rinstrumentiem pa\u0161laik joproj\u0101m ir \u013coti neuzticami un neatbilst nepiecie\u0161amaj\u0101m zemaj\u0101m pielaid\u0113m, jo gr\u016bt\u012bbas rada sp\u012bdums, UV komponenti un apgaismot\u0101ju spektr\u0101l\u0101s nepiln\u012bbas un de\u0123ener\u0101cija. Tom\u0113r ir daudzsolo\u0161as pieejas, lai var\u0113tu kompens\u0113t \u0161\u012bs gr\u016bt\u012bbas, ja ne pat nov\u0113rst t\u0101s turpm\u0101kaj\u0101s m\u0113rinstrumentu paaudz\u0113s.<\/p>\n<p>&nbsp;<\/p>","protected":false},"excerpt":{"rendered":"<p>Jau vair\u0101kus gadus iespiedkr\u0101su kr\u0101su m\u0113r\u012b\u0161anas iesp\u0113jas ir k\u013cuvu\u0161as arvien vienk\u0101r\u0161\u0101kas un l\u0113t\u0101kas. T\u0101p\u0113c bie\u017ei tiek uzskat\u012bts, ka iespiedkr\u0101su m\u0113r\u012b\u0161ana ir vienk\u0101r\u0161a, l\u0113ta un, galvenais, \u013coti prec\u012bza. Un t\u0101 tas ir taisn\u012bba attiec\u012bb\u0101 uz da\u017e\u0101du z\u012bmolu un paaud\u017eu m\u0113rier\u012bc\u0113m. Vai t\u0101 ir taisn\u012bba? Ja apl\u016bkojat da\u017eus p\u0113t\u012bjumus, \u0161\u0137iet, ka tas ne vienm\u0113r t\u0101 ir. Piem\u0113ram, IFRA apgalvo, ka, m\u0113rot BCRA keramikas fl\u012bzes, kr\u0101su at\u0161\u0137ir\u012bb\u0101m starp da\u017e\u0101d\u0101m m\u0113rier\u012bc\u0113m j\u0101b\u016bt maz\u0101k\u0101m par 0,3 delta-E. Paties\u012bb\u0101 ... <\/p>\n<p class=\"read-more-container\"><a title=\"Cik prec\u012bzi var izm\u0113r\u012bt tinti?\" class=\"read-more button\" href=\"http:\/\/blog.proofs.de\/lv\/wie-genau-kann-druckfarbe-denn-gemessen-werden\/#more-397\" aria-label=\"Las\u012bt vair\u0101k par K\u0101 prec\u012bzi var izm\u0113r\u012bt iespiedkr\u0101su?\">Las\u012bt vair\u0101k<\/a><\/p>","protected":false},"author":2,"featured_media":0,"comment_status":"open","ping_status":"open","sticky":false,"template":"","format":"standard","meta":{"om_disable_all_campaigns":false,"inline_featured_image":false,"_monsterinsights_skip_tracking":false,"footnotes":""},"categories":[1,443,25,437,7],"tags":[77,533,78,80,536],"class_list":["post-397","post","type-post","status-publish","format-standard","hentry","category-allgemein","category-haeufige-fragen-zu-proofs","category-licht-und-normlicht","category-proof-software-und-technik","category-proof-wissen","tag-colorimetrik","tag-d50","tag-farbcolorimeter","tag-farbmessgerate","tag-iso-36642009","generate-columns","tablet-grid-50","mobile-grid-100","grid-parent","grid-50","no-featured-image-padding"],"aioseo_notices":[],"aioseo_head":"\n\t\t<!-- All in One SEO 5.0.1.1 - aioseo.com -->\n\t<meta name=\"description\" content=\"Auch heute ist es schwierig, Farbe zuverl\u00e4ssig colorimetrisch zu messen. Der Artikel behandelt die H\u00fcrden auch in der Umsetzung von ISO 3664:2009 und L\u00f6sungen.\" \/>\n\t<meta name=\"robots\" content=\"max-image-preview:large\" \/>\n\t<meta name=\"author\" content=\"Matthias Betz\"\/>\n\t<meta name=\"google-site-verification\" content=\"TuXxyRwxcEg2-WfOaQ8vScWQh3-uBAnxXmY7g3GT90A\" \/>\n\t<meta name=\"keywords\" content=\"iso 3664:2009,d50,normlicht,farbcolorimeter,proof,colorimetrik,farbmessger\u00e4te\" \/>\n\t<link rel=\"canonical\" href=\"http:\/\/blog.proofs.de\/lv\/wie-genau-kann-druckfarbe-denn-gemessen-werden\/\" \/>\n\t<meta name=\"generator\" content=\"All in One SEO (AIOSEO) 5.0.1.1\" \/>\n\n\t\t<meta name=\"seobility\" content=\"593a8578143db71543f014978c690d47\">\n\t\t<meta property=\"og:locale\" content=\"lv_LV\" \/>\n\t\t<meta property=\"og:site_name\" content=\"Proof.de | Alles zu Proof, Farbmanagement, Grafik, Messtechnik &amp; Co.\" \/>\n\t\t<meta property=\"og:type\" content=\"article\" \/>\n\t\t<meta property=\"og:title\" content=\"Wird Farbe colorimetrisch sauber gemessen werden | proof.de\" \/>\n\t\t<meta property=\"og:description\" content=\"Auch heute ist es schwierig, Farbe zuverl\u00e4ssig colorimetrisch zu messen. Der Artikel behandelt die H\u00fcrden auch in der Umsetzung von ISO 3664:2009 und L\u00f6sungen.\" \/>\n\t\t<meta property=\"og:url\" content=\"http:\/\/blog.proofs.de\/lv\/wie-genau-kann-druckfarbe-denn-gemessen-werden\/\" \/>\n\t\t<meta property=\"og:image\" content=\"http:\/\/blog1.proofen.de\/wp-content\/uploads\/2020\/04\/proof_background.jpg\" \/>\n\t\t<meta property=\"article:published_time\" content=\"2013-03-19T00:03:23+00:00\" \/>\n\t\t<meta property=\"article:modified_time\" content=\"2020-04-20T12:17:40+00:00\" \/>\n\t\t<meta property=\"article:publisher\" content=\"https:\/\/www.facebook.com\/Proof.de\/\" \/>\n\t\t<meta name=\"twitter:card\" content=\"summary\" \/>\n\t\t<meta name=\"twitter:title\" content=\"Wird Farbe colorimetrisch sauber gemessen werden | proof.de\" \/>\n\t\t<meta name=\"twitter:description\" content=\"Auch heute ist es schwierig, Farbe zuverl\u00e4ssig colorimetrisch zu messen. Der Artikel behandelt die H\u00fcrden auch in der Umsetzung von ISO 3664:2009 und L\u00f6sungen.\" \/>\n\t\t<meta name=\"twitter:image\" content=\"https:\/\/blog1.proofen.de\/wp-content\/uploads\/2020\/04\/proof_background.jpg\" \/>\n\t\t<script type=\"application\/ld+json\" class=\"aioseo-schema\">\n\t\t\t{\"@context\":\"https:\\\/\\\/schema.org\",\"@graph\":[{\"@type\":\"Article\",\"@id\":\"http:\\\/\\\/blog.proofs.de\\\/lv\\\/wie-genau-kann-druckfarbe-denn-gemessen-werden\\\/#article\",\"name\":\"Wird Farbe colorimetrisch sauber gemessen werden | proof.de\",\"headline\":\"Wie genau kann Druckfarbe denn gemessen werden?\",\"author\":{\"@id\":\"http:\\\/\\\/blog.proofs.de\\\/lv\\\/author\\\/mbetz\\\/#author\"},\"publisher\":{\"@id\":\"http:\\\/\\\/blog.proofs.de\\\/lv\\\/#organization\"},\"image\":{\"@type\":\"ImageObject\",\"url\":\"https:\\\/\\\/blog1.proofen.de\\\/wp-content\\\/uploads\\\/2019\\\/09\\\/logo_proof_rgb_mit_balken_250px.png\",\"@id\":\"http:\\\/\\\/blog.proofs.de\\\/lv\\\/#articleImage\"},\"datePublished\":\"2013-03-19T01:03:23+01:00\",\"dateModified\":\"2020-04-20T14:17:40+02:00\",\"inLanguage\":\"lv\",\"commentCount\":1,\"mainEntityOfPage\":{\"@id\":\"http:\\\/\\\/blog.proofs.de\\\/lv\\\/wie-genau-kann-druckfarbe-denn-gemessen-werden\\\/#webpage\"},\"isPartOf\":{\"@id\":\"http:\\\/\\\/blog.proofs.de\\\/lv\\\/wie-genau-kann-druckfarbe-denn-gemessen-werden\\\/#webpage\"},\"articleSection\":\"Allgemein, H\\u00e4ufige Fragen zu Proofs, Licht und Normlicht, Proof Software &amp; Technik, Proof Wissen, Colorimetrik, D50, Farbcolorimeter, Farbmessger\\u00e4te, ISO 3664:2009\"},{\"@type\":\"BreadcrumbList\",\"@id\":\"http:\\\/\\\/blog.proofs.de\\\/lv\\\/wie-genau-kann-druckfarbe-denn-gemessen-werden\\\/#breadcrumblist\",\"itemListElement\":[{\"@type\":\"ListItem\",\"@id\":\"http:\\\/\\\/blog.proofs.de\\\/lv#listItem\",\"position\":1,\"name\":\"Home\",\"item\":\"http:\\\/\\\/blog.proofs.de\\\/lv\",\"nextItem\":{\"@type\":\"ListItem\",\"@id\":\"http:\\\/\\\/blog.proofs.de\\\/lv\\\/thema\\\/proof-wissen\\\/#listItem\",\"name\":\"Proof Wissen\"}},{\"@type\":\"ListItem\",\"@id\":\"http:\\\/\\\/blog.proofs.de\\\/lv\\\/thema\\\/proof-wissen\\\/#listItem\",\"position\":2,\"name\":\"Proof Wissen\",\"item\":\"http:\\\/\\\/blog.proofs.de\\\/lv\\\/thema\\\/proof-wissen\\\/\",\"nextItem\":{\"@type\":\"ListItem\",\"@id\":\"http:\\\/\\\/blog.proofs.de\\\/lv\\\/thema\\\/proof-wissen\\\/licht-und-normlicht\\\/#listItem\",\"name\":\"Licht und Normlicht\"},\"previousItem\":{\"@type\":\"ListItem\",\"@id\":\"http:\\\/\\\/blog.proofs.de\\\/lv#listItem\",\"name\":\"Home\"}},{\"@type\":\"ListItem\",\"@id\":\"http:\\\/\\\/blog.proofs.de\\\/lv\\\/thema\\\/proof-wissen\\\/licht-und-normlicht\\\/#listItem\",\"position\":3,\"name\":\"Licht und Normlicht\",\"item\":\"http:\\\/\\\/blog.proofs.de\\\/lv\\\/thema\\\/proof-wissen\\\/licht-und-normlicht\\\/\",\"nextItem\":{\"@type\":\"ListItem\",\"@id\":\"http:\\\/\\\/blog.proofs.de\\\/lv\\\/wie-genau-kann-druckfarbe-denn-gemessen-werden\\\/#listItem\",\"name\":\"Wie genau kann Druckfarbe denn gemessen werden?\"},\"previousItem\":{\"@type\":\"ListItem\",\"@id\":\"http:\\\/\\\/blog.proofs.de\\\/lv\\\/thema\\\/proof-wissen\\\/#listItem\",\"name\":\"Proof Wissen\"}},{\"@type\":\"ListItem\",\"@id\":\"http:\\\/\\\/blog.proofs.de\\\/lv\\\/wie-genau-kann-druckfarbe-denn-gemessen-werden\\\/#listItem\",\"position\":4,\"name\":\"Wie genau kann Druckfarbe denn gemessen werden?\",\"previousItem\":{\"@type\":\"ListItem\",\"@id\":\"http:\\\/\\\/blog.proofs.de\\\/lv\\\/thema\\\/proof-wissen\\\/licht-und-normlicht\\\/#listItem\",\"name\":\"Licht und Normlicht\"}}]},{\"@type\":\"Organization\",\"@id\":\"http:\\\/\\\/blog.proofs.de\\\/lv\\\/#organization\",\"name\":\"Proof GmbH\",\"description\":\"Farbverbindlicher Proof, Farbproof, Digitalproof und Online-Proof.\",\"url\":\"http:\\\/\\\/blog.proofs.de\\\/lv\\\/\",\"telephone\":\"+4970717952740\",\"logo\":{\"@type\":\"ImageObject\",\"url\":\"https:\\\/\\\/blog1.proofen.de\\\/wp-content\\\/uploads\\\/2019\\\/09\\\/logo_proof_rgb_mit_balken_250px.png\",\"@id\":\"http:\\\/\\\/blog.proofs.de\\\/lv\\\/wie-genau-kann-druckfarbe-denn-gemessen-werden\\\/#organizationLogo\"},\"image\":{\"@id\":\"http:\\\/\\\/blog.proofs.de\\\/lv\\\/wie-genau-kann-druckfarbe-denn-gemessen-werden\\\/#organizationLogo\"},\"sameAs\":[\"https:\\\/\\\/www.facebook.com\\\/Proof.de\\\/\",\"https:\\\/\\\/www.instagram.com\\\/proof.de\\\/\",\"https:\\\/\\\/www.tiktok.com\\\/@proof_de\",\"https:\\\/\\\/www.youtube.com\\\/channel\\\/UCk80fQVQ25wC9wu3SywB-Nw\",\"https:\\\/\\\/www.linkedin.com\\\/company\\\/proof-de\"]},{\"@type\":\"Person\",\"@id\":\"http:\\\/\\\/blog.proofs.de\\\/lv\\\/author\\\/mbetz\\\/#author\",\"url\":\"http:\\\/\\\/blog.proofs.de\\\/lv\\\/author\\\/mbetz\\\/\",\"name\":\"Matthias Betz\",\"image\":{\"@type\":\"ImageObject\",\"@id\":\"http:\\\/\\\/blog.proofs.de\\\/lv\\\/wie-genau-kann-druckfarbe-denn-gemessen-werden\\\/#authorImage\",\"url\":\"https:\\\/\\\/blog.proofs.de\\\/wp-content\\\/uploads\\\/2020\\\/10\\\/matthias-betz-e1603934518350-150x150.png\",\"width\":96,\"height\":96,\"caption\":\"Matthias Betz\"}},{\"@type\":\"WebPage\",\"@id\":\"http:\\\/\\\/blog.proofs.de\\\/lv\\\/wie-genau-kann-druckfarbe-denn-gemessen-werden\\\/#webpage\",\"url\":\"http:\\\/\\\/blog.proofs.de\\\/lv\\\/wie-genau-kann-druckfarbe-denn-gemessen-werden\\\/\",\"name\":\"Wird Farbe colorimetrisch sauber gemessen werden | proof.de\",\"description\":\"Auch heute ist es schwierig, Farbe zuverl\\u00e4ssig colorimetrisch zu messen. Der Artikel behandelt die H\\u00fcrden auch in der Umsetzung von ISO 3664:2009 und L\\u00f6sungen.\",\"inLanguage\":\"lv\",\"isPartOf\":{\"@id\":\"http:\\\/\\\/blog.proofs.de\\\/lv\\\/#website\"},\"breadcrumb\":{\"@id\":\"http:\\\/\\\/blog.proofs.de\\\/lv\\\/wie-genau-kann-druckfarbe-denn-gemessen-werden\\\/#breadcrumblist\"},\"author\":{\"@id\":\"http:\\\/\\\/blog.proofs.de\\\/lv\\\/author\\\/mbetz\\\/#author\"},\"creator\":{\"@id\":\"http:\\\/\\\/blog.proofs.de\\\/lv\\\/author\\\/mbetz\\\/#author\"},\"datePublished\":\"2013-03-19T01:03:23+01:00\",\"dateModified\":\"2020-04-20T14:17:40+02:00\"},{\"@type\":\"WebSite\",\"@id\":\"http:\\\/\\\/blog.proofs.de\\\/lv\\\/#website\",\"url\":\"http:\\\/\\\/blog.proofs.de\\\/lv\\\/\",\"name\":\"Proof.de\",\"description\":\"Farbverbindlicher Proof, Farbproof, Digitalproof und Online-Proof.\",\"inLanguage\":\"lv\",\"publisher\":{\"@id\":\"http:\\\/\\\/blog.proofs.de\\\/lv\\\/#organization\"}}]}\n\t\t<\/script>\n\t\t<!-- All in One SEO -->\n\n","aioseo_head_json":{"title":"Vai kr\u0101su m\u0113r\u012bs kolorimetriski t\u012brs | proof.de","description":"Pat m\u016bsdien\u0101s ir gr\u016bti ticami kolorimetriski izm\u0113r\u012bt kr\u0101su. Rakst\u0101 apl\u016bkotas ar\u012b ISO 3664:2009 ievie\u0161anas gr\u016bt\u012bbas un risin\u0101jumi.","canonical_url":"http:\/\/blog.proofs.de\/lv\/wie-genau-kann-druckfarbe-denn-gemessen-werden\/","robots":"max-image-preview:large","keywords":"iso 3664:2009,d50,normlicht,farbcolorimeter,proof,colorimetrik,farbmessger\u00e4te","webmasterTools":{"google-site-verification":"TuXxyRwxcEg2-WfOaQ8vScWQh3-uBAnxXmY7g3GT90A","miscellaneous":"&lt;meta name=\"seobility\" content=\"593a8578143db71543f014978c690d47\"&gt;"},"schema":{"@context":"https:\/\/schema.org","@graph":[{"@type":"Article","@id":"http:\/\/blog.proofs.de\/lv\/wie-genau-kann-druckfarbe-denn-gemessen-werden\/#article","name":"Wird Farbe colorimetrisch sauber gemessen werden | proof.de","headline":"Wie genau kann Druckfarbe denn gemessen werden?","author":{"@id":"http:\/\/blog.proofs.de\/lv\/author\/mbetz\/#author"},"publisher":{"@id":"http:\/\/blog.proofs.de\/lv\/#organization"},"image":{"@type":"ImageObject","url":"https:\/\/blog1.proofen.de\/wp-content\/uploads\/2019\/09\/logo_proof_rgb_mit_balken_250px.png","@id":"http:\/\/blog.proofs.de\/lv\/#articleImage"},"datePublished":"2013-03-19T01:03:23+01:00","dateModified":"2020-04-20T14:17:40+02:00","inLanguage":"lv","commentCount":1,"mainEntityOfPage":{"@id":"http:\/\/blog.proofs.de\/lv\/wie-genau-kann-druckfarbe-denn-gemessen-werden\/#webpage"},"isPartOf":{"@id":"http:\/\/blog.proofs.de\/lv\/wie-genau-kann-druckfarbe-denn-gemessen-werden\/#webpage"},"articleSection":"Allgemein, H\u00e4ufige Fragen zu Proofs, Licht und Normlicht, Proof Software &amp; Technik, Proof Wissen, Colorimetrik, D50, Farbcolorimeter, Farbmessger\u00e4te, ISO 3664:2009"},{"@type":"BreadcrumbList","@id":"http:\/\/blog.proofs.de\/lv\/wie-genau-kann-druckfarbe-denn-gemessen-werden\/#breadcrumblist","itemListElement":[{"@type":"ListItem","@id":"http:\/\/blog.proofs.de\/lv#listItem","position":1,"name":"Home","item":"http:\/\/blog.proofs.de\/lv","nextItem":{"@type":"ListItem","@id":"http:\/\/blog.proofs.de\/lv\/thema\/proof-wissen\/#listItem","name":"Proof Wissen"}},{"@type":"ListItem","@id":"http:\/\/blog.proofs.de\/lv\/thema\/proof-wissen\/#listItem","position":2,"name":"Proof Wissen","item":"http:\/\/blog.proofs.de\/lv\/thema\/proof-wissen\/","nextItem":{"@type":"ListItem","@id":"http:\/\/blog.proofs.de\/lv\/thema\/proof-wissen\/licht-und-normlicht\/#listItem","name":"Licht und Normlicht"},"previousItem":{"@type":"ListItem","@id":"http:\/\/blog.proofs.de\/lv#listItem","name":"Home"}},{"@type":"ListItem","@id":"http:\/\/blog.proofs.de\/lv\/thema\/proof-wissen\/licht-und-normlicht\/#listItem","position":3,"name":"Licht und Normlicht","item":"http:\/\/blog.proofs.de\/lv\/thema\/proof-wissen\/licht-und-normlicht\/","nextItem":{"@type":"ListItem","@id":"http:\/\/blog.proofs.de\/lv\/wie-genau-kann-druckfarbe-denn-gemessen-werden\/#listItem","name":"Wie genau kann Druckfarbe denn gemessen werden?"},"previousItem":{"@type":"ListItem","@id":"http:\/\/blog.proofs.de\/lv\/thema\/proof-wissen\/#listItem","name":"Proof Wissen"}},{"@type":"ListItem","@id":"http:\/\/blog.proofs.de\/lv\/wie-genau-kann-druckfarbe-denn-gemessen-werden\/#listItem","position":4,"name":"Wie genau kann Druckfarbe denn gemessen werden?","previousItem":{"@type":"ListItem","@id":"http:\/\/blog.proofs.de\/lv\/thema\/proof-wissen\/licht-und-normlicht\/#listItem","name":"Licht und Normlicht"}}]},{"@type":"Organization","@id":"http:\/\/blog.proofs.de\/lv\/#organization","name":"Proof GmbH","description":"Farbverbindlicher Proof, Farbproof, Digitalproof und Online-Proof.","url":"http:\/\/blog.proofs.de\/lv\/","telephone":"+4970717952740","logo":{"@type":"ImageObject","url":"https:\/\/blog1.proofen.de\/wp-content\/uploads\/2019\/09\/logo_proof_rgb_mit_balken_250px.png","@id":"http:\/\/blog.proofs.de\/lv\/wie-genau-kann-druckfarbe-denn-gemessen-werden\/#organizationLogo"},"image":{"@id":"http:\/\/blog.proofs.de\/lv\/wie-genau-kann-druckfarbe-denn-gemessen-werden\/#organizationLogo"},"sameAs":["https:\/\/www.facebook.com\/Proof.de\/","https:\/\/www.instagram.com\/proof.de\/","https:\/\/www.tiktok.com\/@proof_de","https:\/\/www.youtube.com\/channel\/UCk80fQVQ25wC9wu3SywB-Nw","https:\/\/www.linkedin.com\/company\/proof-de"]},{"@type":"Person","@id":"http:\/\/blog.proofs.de\/lv\/author\/mbetz\/#author","url":"http:\/\/blog.proofs.de\/lv\/author\/mbetz\/","name":"Matthias Betz","image":{"@type":"ImageObject","@id":"http:\/\/blog.proofs.de\/lv\/wie-genau-kann-druckfarbe-denn-gemessen-werden\/#authorImage","url":"https:\/\/blog.proofs.de\/wp-content\/uploads\/2020\/10\/matthias-betz-e1603934518350-150x150.png","width":96,"height":96,"caption":"Matthias Betz"}},{"@type":"WebPage","@id":"http:\/\/blog.proofs.de\/lv\/wie-genau-kann-druckfarbe-denn-gemessen-werden\/#webpage","url":"http:\/\/blog.proofs.de\/lv\/wie-genau-kann-druckfarbe-denn-gemessen-werden\/","name":"Wird Farbe colorimetrisch sauber gemessen werden | proof.de","description":"Auch heute ist es schwierig, Farbe zuverl\u00e4ssig colorimetrisch zu messen. Der Artikel behandelt die H\u00fcrden auch in der Umsetzung von ISO 3664:2009 und L\u00f6sungen.","inLanguage":"lv","isPartOf":{"@id":"http:\/\/blog.proofs.de\/lv\/#website"},"breadcrumb":{"@id":"http:\/\/blog.proofs.de\/lv\/wie-genau-kann-druckfarbe-denn-gemessen-werden\/#breadcrumblist"},"author":{"@id":"http:\/\/blog.proofs.de\/lv\/author\/mbetz\/#author"},"creator":{"@id":"http:\/\/blog.proofs.de\/lv\/author\/mbetz\/#author"},"datePublished":"2013-03-19T01:03:23+01:00","dateModified":"2020-04-20T14:17:40+02:00"},{"@type":"WebSite","@id":"http:\/\/blog.proofs.de\/lv\/#website","url":"http:\/\/blog.proofs.de\/lv\/","name":"Proof.de","description":"Farbverbindlicher Proof, Farbproof, Digitalproof und Online-Proof.","inLanguage":"lv","publisher":{"@id":"http:\/\/blog.proofs.de\/lv\/#organization"}}]},"og:locale":"lv_LV","og:site_name":"Proof.de | Alles zu Proof, Farbmanagement, Grafik, Messtechnik &amp; Co.","og:type":"article","og:title":"Wird Farbe colorimetrisch sauber gemessen werden | proof.de","og:description":"Auch heute ist es schwierig, Farbe zuverl\u00e4ssig colorimetrisch zu messen. Der Artikel behandelt die H\u00fcrden auch in der Umsetzung von ISO 3664:2009 und L\u00f6sungen.","og:url":"http:\/\/blog.proofs.de\/lv\/wie-genau-kann-druckfarbe-denn-gemessen-werden\/","og:image":"http:\/\/blog1.proofen.de\/wp-content\/uploads\/2020\/04\/proof_background.jpg","article:published_time":"2013-03-19T00:03:23+00:00","article:modified_time":"2020-04-20T12:17:40+00:00","article:publisher":"https:\/\/www.facebook.com\/Proof.de\/","twitter:card":"summary","twitter:title":"Wird Farbe colorimetrisch sauber gemessen werden | proof.de","twitter:description":"Auch heute ist es schwierig, Farbe zuverl\u00e4ssig colorimetrisch zu messen. Der Artikel behandelt die H\u00fcrden auch in der Umsetzung von ISO 3664:2009 und L\u00f6sungen.","twitter:image":"https:\/\/blog1.proofen.de\/wp-content\/uploads\/2020\/04\/proof_background.jpg"},"aioseo_meta_data":{"post_id":"397","title":"Vai kr\u0101su var prec\u012bzi izm\u0113r\u012bt kolorimetriski | proof.de","description":"Pat m\u016bsdien\u0101s ir gr\u016bti ticami kolorimetriski izm\u0113r\u012bt kr\u0101su. Rakst\u0101 apl\u016bkotas ar\u012b ISO 3664:2009 ievie\u0161anas gr\u016bt\u012bbas un risin\u0101jumi.","keywords":[{"label":"ISO 3664:2009","value":"ISO 3664:2009"},{"label":"D50","value":"D50"},{"label":"Normlicht","value":"Normlicht"},{"label":"Farbcolorimeter","value":"Farbcolorimeter"},{"label":"Proof","value":"Proof"}],"keyphrases":null,"primary_term":null,"canonical_url":null,"og_title":null,"og_description":null,"og_object_type":"default","og_image_type":"default","og_image_url":null,"og_image_width":null,"og_image_height":null,"og_image_custom_url":null,"og_image_custom_fields":null,"og_video":null,"og_custom_url":null,"og_article_section":null,"og_article_tags":null,"twitter_use_og":false,"twitter_card":"default","twitter_image_type":"default","twitter_image_url":null,"twitter_image_custom_url":null,"twitter_image_custom_fields":null,"twitter_title":null,"twitter_description":null,"schema":{"blockGraphs":[],"customGraphs":[],"default":{"data":{"Article":[],"Course":[],"Dataset":[],"FAQPage":[],"Movie":[],"Person":[],"Product":[],"ProductReview":[],"Car":[],"Recipe":[],"Service":[],"SoftwareApplication":[],"WebPage":[]},"graphName":"","isEnabled":true},"graphs":[],"defaultGraph":"","defaultPostTypeGraph":""},"schema_type":null,"schema_type_options":null,"pillar_content":false,"robots_default":true,"robots_noindex":false,"robots_noarchive":false,"robots_nosnippet":false,"robots_nofollow":false,"robots_noimageindex":false,"robots_noodp":false,"robots_notranslate":false,"robots_max_snippet":null,"robots_max_videopreview":null,"robots_max_imagepreview":"large","priority":null,"frequency":null,"local_seo":null,"breadcrumb_settings":null,"limit_modified_date":false,"ai":null,"created":"2020-12-21 00:36:00","updated":"2025-06-04 14:12:57","seo_analyzer_scan_date":null,"focus_keyword":null,"additional_keywords":null,"truseo_locale":null},"_links":{"self":[{"href":"http:\/\/blog.proofs.de\/lv\/wp-json\/wp\/v2\/posts\/397","targetHints":{"allow":["GET"]}}],"collection":[{"href":"http:\/\/blog.proofs.de\/lv\/wp-json\/wp\/v2\/posts"}],"about":[{"href":"http:\/\/blog.proofs.de\/lv\/wp-json\/wp\/v2\/types\/post"}],"author":[{"embeddable":true,"href":"http:\/\/blog.proofs.de\/lv\/wp-json\/wp\/v2\/users\/2"}],"replies":[{"embeddable":true,"href":"http:\/\/blog.proofs.de\/lv\/wp-json\/wp\/v2\/comments?post=397"}],"version-history":[{"count":10,"href":"http:\/\/blog.proofs.de\/lv\/wp-json\/wp\/v2\/posts\/397\/revisions"}],"predecessor-version":[{"id":3738,"href":"http:\/\/blog.proofs.de\/lv\/wp-json\/wp\/v2\/posts\/397\/revisions\/3738"}],"wp:attachment":[{"href":"http:\/\/blog.proofs.de\/lv\/wp-json\/wp\/v2\/media?parent=397"}],"wp:term":[{"taxonomy":"category","embeddable":true,"href":"http:\/\/blog.proofs.de\/lv\/wp-json\/wp\/v2\/categories?post=397"},{"taxonomy":"post_tag","embeddable":true,"href":"http:\/\/blog.proofs.de\/lv\/wp-json\/wp\/v2\/tags?post=397"}],"curies":[{"name":"wp","href":"https:\/\/api.w.org\/{rel}","templated":true}]}}