{"id":3970,"date":"2020-06-18T12:53:54","date_gmt":"2020-06-18T10:53:54","guid":{"rendered":"https:\/\/www.proof.de\/?p=3970"},"modified":"2020-10-29T13:02:50","modified_gmt":"2020-10-29T12:02:50","slug":"ecicmyk_v2-fogra-59-for-den-proof-available-2","status":"publish","type":"post","link":"http:\/\/blog.proofs.de\/lv\/ecicmyk_v2-fogra-59-fuer-den-proof-verfuegbar\/","title":{"rendered":"eciCMYK_v2 \/ Fogra 59 pieejams pier\u0101d\u012bjums"},"content":{"rendered":"<div class=\"kk-star-ratings kksr-auto kksr-align-right kksr-valign-top\" data-payload='{\"align\":\"right\",\"id\":\"3970\",\"slug\":\"default\",\"valign\":\"top\",\"ignore\":\"\",\"reference\":\"auto\",\"class\":\"\",\"count\":\"0\",\"legendonly\":\"\",\"readonly\":\"\",\"score\":\"0\",\"starsonly\":\"\",\"best\":\"5\",\"gap\":\"5\",\"greet\":\"Jetzt bewerten\",\"legend\":\"0\\\/5 - (0 votes)\",\"size\":\"24\",\"title\":\"eciCMYK_v2 \\\/ Fogra 59 f&uuml;r den Proof verf&uuml;gbar\",\"width\":\"0\",\"_legend\":\"{score}\\\/{best} - ({count} {votes})\",\"font_factor\":\"1.25\"}'>\n            \n<div class=\"kksr-stars\">\n    \n<div class=\"kksr-stars-inactive\">\n            <div class=\"kksr-star\" data-star=\"1\" style=\"padding-right: 5px\">\n            \n\n<div class=\"kksr-icon\" style=\"width: 24px; height: 24px;\"><\/div>\n        <\/div>\n            <div class=\"kksr-star\" data-star=\"2\" style=\"padding-right: 5px\">\n            \n\n<div class=\"kksr-icon\" style=\"width: 24px; height: 24px;\"><\/div>\n        <\/div>\n            <div class=\"kksr-star\" data-star=\"3\" style=\"padding-right: 5px\">\n            \n\n<div class=\"kksr-icon\" style=\"width: 24px; height: 24px;\"><\/div>\n        <\/div>\n            <div class=\"kksr-star\" data-star=\"4\" style=\"padding-right: 5px\">\n            \n\n<div class=\"kksr-icon\" style=\"width: 24px; height: 24px;\"><\/div>\n        <\/div>\n            <div class=\"kksr-star\" data-star=\"5\" style=\"padding-right: 5px\">\n            \n\n<div class=\"kksr-icon\" style=\"width: 24px; height: 24px;\"><\/div>\n        <\/div>\n    <\/div>\n    \n<div class=\"kksr-stars-active\" style=\"width: 0px;\">\n            <div class=\"kksr-star\" style=\"padding-right: 5px\">\n            \n\n<div class=\"kksr-icon\" style=\"width: 24px; height: 24px;\"><\/div>\n        <\/div>\n            <div class=\"kksr-star\" style=\"padding-right: 5px\">\n            \n\n<div class=\"kksr-icon\" style=\"width: 24px; height: 24px;\"><\/div>\n        <\/div>\n            <div class=\"kksr-star\" style=\"padding-right: 5px\">\n            \n\n<div class=\"kksr-icon\" style=\"width: 24px; height: 24px;\"><\/div>\n        <\/div>\n            <div class=\"kksr-star\" style=\"padding-right: 5px\">\n            \n\n<div class=\"kksr-icon\" style=\"width: 24px; height: 24px;\"><\/div>\n        <\/div>\n            <div class=\"kksr-star\" style=\"padding-right: 5px\">\n            \n\n<div class=\"kksr-icon\" style=\"width: 24px; height: 24px;\"><\/div>\n        <\/div>\n    <\/div>\n<\/div>\n                \n\n<div class=\"kksr-legend\" style=\"font-size: 19.2px;\">\n            <span class=\"kksr-muted\">Nov\u0113rt\u0113jiet tagad<\/span>\n    <\/div>\n    <\/div>\n<p class=\"translation-block\">Jaun\u0101 <a href=\"https:\/\/blog1.proofen.de\/es\/lexico-2\/cmyk\/\" target=\"_self\" class=\"encyclopedia tooltipstered\">CMYK<\/a> bir\u017ea<a href=\"https:\/\/blog1.proofen.de\/es\/lexico-2\/espacio-cromatico\/\" target=\"_self\" class=\"encyclopedia tooltipstered\">kr\u0101su telpa<\/a> <a href=\"https:\/\/blog1.proofen.de\/es\/lexico-2\/eci\/\" target=\"_self\" class=\"encyclopedia tooltipstered\">eci<\/a>CMYK v2 (<a href=\"https:\/\/blog1.proofen.de\/es\/lexico-2\/fogra\/\" target=\"_self\" class=\"encyclopedia tooltipstered\">FOGRA<\/a>59) ir eciCMYK (FOGRA53) p\u0113ctece no 2017. gada. Jaunais \"V2\" profils ir balst\u012bts uz p\u0101rskat\u012bto FOGRA59 raksturojuma failu. Ar to pa\u0161u kr\u0101su telpu jaunais profils pied\u0101v\u0101 iev\u0113rojami p\u0101rveidotu un uzlabotu pel\u0113ko asi, kas tagad satur klasiskajos drukas procesos ierast\u0101s ci\u0101na, purpura un dzelten\u0101s kr\u0101sas sast\u0101vda\u013cas. L\u012bdztekus lielai kr\u0101su telpai un <a href=\"https:\/\/blog1.proofen.de\/es\/lexico-2\/prueba\/\" target=\"_self\" class=\"encyclopedia tooltipstered\">iztur\u012bbas iesp\u0113jai<\/a> eciCMYK v2 t\u0101d\u0113j\u0101di pied\u0101v\u0101 v\u0113l vienu priek\u0161roc\u012bbu. Praktiskie testi ar da\u017e\u0101d\u0101m digit\u0101l\u0101s drukas sist\u0113m\u0101m ir par\u0101d\u012bju\u0161i, ka papildus \"ISO Coated v2\" datu konvert\u0113\u0161anai uz \"<a href=\"https:\/\/blog1.proofen.de\/es\/lexico-2\/pso\/\" target=\"_self\" class=\"encyclopedia tooltipstered\">PSO<\/a> Coated v3\" datiem jaun\u0101 CMYK main\u0101m\u0101s kr\u0101su telpas profila pie\u0161\u0137ir\u0161ana \u013cauj ar\u012b uzlabot produkciju digit\u0101l\u0101s drukas sist\u0113m\u0101s ar liel\u0101ku kr\u0101su telpu: izdruk\u0101tais att\u0113ls izskat\u0101s kontrastain\u0101ks, ar spilgt\u0101k\u0101m kr\u0101s\u0101m. <a href=\"https:\/\/blog1.proofen.de\/es\/lexico-2\/icc\/\" target=\"_self\" class=\"encyclopedia tooltipstered\">icc<\/a> profilu \"<a href=\"http:\/\/www.eci.org\/_media\/downloads\/icc_profiles_from_eci\/eci_cmyk_v2.zip\" target=\"_blank\" rel=\"noopener noreferrer\">eciCMYK_v2.icc<\/a>\" tagad var lejupiel\u0101d\u0113t no ECI lejupiel\u0101des sada\u013c\u0101.<\/p>\n<p><a title=\"Pas\u016bt\u012bt eciCMYK_v2 Pier\u0101d\u012bjums\" href=\"https:\/\/shop.proof.de\" target=\"_blank\" rel=\"noopener noreferrer\">Tagad veikal\u0101 Proof.de var pas\u016bt\u012bt paraugus eciCMYK_v2 kr\u0101su telp\u0101.<\/a><\/p>","protected":false},"excerpt":{"rendered":"<p>Jaun\u0101 CMYK apmai\u0146as kr\u0101su telpa eciCMYK v2 (FOGRA59) ir eciCMYK (FOGRA53) p\u0113ctece no 2017. gada. Jaunais \"V2\" profils ir balst\u012bts uz p\u0101rskat\u012bto FOGRA59 raksturojuma failu. Izmantojot to pa\u0161u kr\u0101su telpu, jaunais profils pied\u0101v\u0101 iev\u0113rojami p\u0101rveidotu un uzlabotu pel\u0113ko asi, kas tagad satur klasiskajos drukas procesos ierast\u0101s ci\u0101na, purpura un dzelten\u0101s kr\u0101sas sast\u0101vda\u013cas. Tas noz\u012bm\u0113, ka eciCMYK v2 papildus pla\u0161ai kr\u0101su telpai un p\u0101rbaudes iesp\u0113jai pied\u0101v\u0101 v\u0113l vienu priek\u0161roc\u012bbu. Praktiskie testi ar da\u017e\u0101d\u0101m digit\u0101l\u0101s drukas sist\u0113m\u0101m ir par\u0101d\u012bju\u0161i, ka papildus \"ISO Coated v2\" datu konvert\u0113\u0161anai uz \"PSO Coated v3\" datiem jaun\u0101 CMYK apmai\u0146as kr\u0101su telpas profila pie\u0161\u0137ir\u0161ana nodro\u0161ina ar\u012b uzlabotu ... <\/p>\n<p class=\"read-more-container\"><a title=\"eciCMYK_v2 \/ Fogra 59 pieejams pier\u0101d\u012bjums\" class=\"read-more button\" href=\"http:\/\/blog.proofs.de\/lv\/ecicmyk_v2-fogra-59-fuer-den-proof-verfuegbar\/#more-3970\" aria-label=\"Las\u012bt vair\u0101k par eciCMYK_v2 \/ Fogra 59 pieejams p\u0101rbaudei\">Las\u012bt vair\u0101k<\/a><\/p>","protected":false},"author":2,"featured_media":0,"comment_status":"open","ping_status":"open","sticky":false,"template":"","format":"standard","meta":{"om_disable_all_campaigns":false,"inline_featured_image":false,"_monsterinsights_skip_tracking":false,"footnotes":""},"categories":[1],"tags":[860,529,530,861,1117,522,1119,1116,1118],"class_list":["post-3970","post","type-post","status-publish","format-standard","hentry","category-allgemein","tag-austauschfarbraum","tag-cmyk","tag-eci","tag-ecicmyk","tag-ecicmyk_v2","tag-fogra","tag-fogra-59","tag-fogra5","tag-fogra59","generate-columns","tablet-grid-50","mobile-grid-100","grid-parent","grid-50","no-featured-image-padding"],"aioseo_notices":[],"aioseo_head":"\n\t\t<!-- All in One SEO 5.0.1.1 - aioseo.com -->\n\t<meta name=\"description\" content=\"Ab sofort sind Proofs mit dem neuen Austauschfarbraum eciCMYK_v2 im Shop bei Proof.de erh\u00e4ltlich. eciCMYK_v2 ist der Nachfolger des 2017 eingef\u00fchrten eciCMYK.\" \/>\n\t<meta name=\"robots\" content=\"max-image-preview:large\" \/>\n\t<meta name=\"author\" content=\"Matthias Betz\"\/>\n\t<meta name=\"google-site-verification\" content=\"TuXxyRwxcEg2-WfOaQ8vScWQh3-uBAnxXmY7g3GT90A\" \/>\n\t<meta name=\"keywords\" content=\"ecicmyk,fogra5,cmyk,,austauschfarbraum,ecicmyk_v2,fogra59,fogra 59,fogra,eci,austauschfarbraum,cmyk,eci,ecicmyk,ecicmyk_v2,fogra,fogra 59,fogra5,fogra59\" \/>\n\t<link rel=\"canonical\" href=\"http:\/\/blog.proofs.de\/lv\/ecicmyk_v2-fogra-59-fuer-den-proof-verfuegbar\/\" \/>\n\t<meta name=\"generator\" content=\"All in One SEO (AIOSEO) 5.0.1.1\" \/>\n\n\t\t<meta name=\"seobility\" content=\"593a8578143db71543f014978c690d47\">\n\t\t<meta property=\"og:locale\" content=\"lv_LV\" \/>\n\t\t<meta property=\"og:site_name\" content=\"Proof.de | Alles zu Proof, Farbmanagement, Grafik, Messtechnik &amp; Co.\" \/>\n\t\t<meta property=\"og:type\" content=\"article\" \/>\n\t\t<meta property=\"og:title\" content=\"eciCMYK_v2 \/ Fogra 59 f\u00fcr den Proof verf\u00fcgbar | proof.de\" \/>\n\t\t<meta property=\"og:description\" content=\"Ab sofort sind Proofs mit dem neuen Austauschfarbraum eciCMYK_v2 im Shop bei Proof.de erh\u00e4ltlich. eciCMYK_v2 ist der Nachfolger des 2017 eingef\u00fchrten eciCMYK.\" \/>\n\t\t<meta property=\"og:url\" content=\"http:\/\/blog.proofs.de\/lv\/ecicmyk_v2-fogra-59-fuer-den-proof-verfuegbar\/\" \/>\n\t\t<meta property=\"og:image\" content=\"http:\/\/blog1.proofen.de\/wp-content\/uploads\/2020\/04\/proof_background.jpg\" \/>\n\t\t<meta property=\"article:published_time\" content=\"2020-06-18T10:53:54+00:00\" \/>\n\t\t<meta property=\"article:modified_time\" content=\"2020-10-29T12:02:50+00:00\" \/>\n\t\t<meta property=\"article:publisher\" content=\"https:\/\/www.facebook.com\/Proof.de\/\" \/>\n\t\t<meta name=\"twitter:card\" content=\"summary\" \/>\n\t\t<meta name=\"twitter:title\" content=\"eciCMYK_v2 \/ Fogra 59 f\u00fcr den Proof verf\u00fcgbar | proof.de\" \/>\n\t\t<meta name=\"twitter:description\" content=\"Ab sofort sind Proofs mit dem neuen Austauschfarbraum eciCMYK_v2 im Shop bei Proof.de erh\u00e4ltlich. eciCMYK_v2 ist der Nachfolger des 2017 eingef\u00fchrten eciCMYK.\" \/>\n\t\t<meta name=\"twitter:image\" content=\"https:\/\/blog1.proofen.de\/wp-content\/uploads\/2020\/04\/proof_background.jpg\" \/>\n\t\t<script type=\"application\/ld+json\" class=\"aioseo-schema\">\n\t\t\t{\"@context\":\"https:\\\/\\\/schema.org\",\"@graph\":[{\"@type\":\"Article\",\"@id\":\"http:\\\/\\\/blog.proofs.de\\\/lv\\\/ecicmyk_v2-fogra-59-fuer-den-proof-verfuegbar\\\/#article\",\"name\":\"eciCMYK_v2 \\\/ Fogra 59 f\\u00fcr den Proof verf\\u00fcgbar | proof.de\",\"headline\":\"eciCMYK_v2 \\\/ Fogra 59 f\\u00fcr den Proof verf\\u00fcgbar\",\"author\":{\"@id\":\"http:\\\/\\\/blog.proofs.de\\\/lv\\\/author\\\/mbetz\\\/#author\"},\"publisher\":{\"@id\":\"http:\\\/\\\/blog.proofs.de\\\/lv\\\/#organization\"},\"image\":{\"@type\":\"ImageObject\",\"url\":\"https:\\\/\\\/blog1.proofen.de\\\/wp-content\\\/uploads\\\/2019\\\/09\\\/logo_proof_rgb_mit_balken_250px.png\",\"@id\":\"http:\\\/\\\/blog.proofs.de\\\/lv\\\/#articleImage\"},\"datePublished\":\"2020-06-18T12:53:54+02:00\",\"dateModified\":\"2020-10-29T13:02:50+01:00\",\"inLanguage\":\"lv\",\"mainEntityOfPage\":{\"@id\":\"http:\\\/\\\/blog.proofs.de\\\/lv\\\/ecicmyk_v2-fogra-59-fuer-den-proof-verfuegbar\\\/#webpage\"},\"isPartOf\":{\"@id\":\"http:\\\/\\\/blog.proofs.de\\\/lv\\\/ecicmyk_v2-fogra-59-fuer-den-proof-verfuegbar\\\/#webpage\"},\"articleSection\":\"Allgemein, Austauschfarbraum, CMYK, ECI, eciCMYK, eciCMYK_v2, Fogra, Fogra 59, Fogra5, Fogra59\"},{\"@type\":\"BreadcrumbList\",\"@id\":\"http:\\\/\\\/blog.proofs.de\\\/lv\\\/ecicmyk_v2-fogra-59-fuer-den-proof-verfuegbar\\\/#breadcrumblist\",\"itemListElement\":[{\"@type\":\"ListItem\",\"@id\":\"http:\\\/\\\/blog.proofs.de\\\/lv#listItem\",\"position\":1,\"name\":\"Home\",\"item\":\"http:\\\/\\\/blog.proofs.de\\\/lv\",\"nextItem\":{\"@type\":\"ListItem\",\"@id\":\"http:\\\/\\\/blog.proofs.de\\\/lv\\\/thema\\\/allgemein\\\/#listItem\",\"name\":\"Allgemein\"}},{\"@type\":\"ListItem\",\"@id\":\"http:\\\/\\\/blog.proofs.de\\\/lv\\\/thema\\\/allgemein\\\/#listItem\",\"position\":2,\"name\":\"Allgemein\",\"item\":\"http:\\\/\\\/blog.proofs.de\\\/lv\\\/thema\\\/allgemein\\\/\",\"nextItem\":{\"@type\":\"ListItem\",\"@id\":\"http:\\\/\\\/blog.proofs.de\\\/lv\\\/ecicmyk_v2-fogra-59-fuer-den-proof-verfuegbar\\\/#listItem\",\"name\":\"eciCMYK_v2 \\\/ Fogra 59 f\\u00fcr den Proof verf\\u00fcgbar\"},\"previousItem\":{\"@type\":\"ListItem\",\"@id\":\"http:\\\/\\\/blog.proofs.de\\\/lv#listItem\",\"name\":\"Home\"}},{\"@type\":\"ListItem\",\"@id\":\"http:\\\/\\\/blog.proofs.de\\\/lv\\\/ecicmyk_v2-fogra-59-fuer-den-proof-verfuegbar\\\/#listItem\",\"position\":3,\"name\":\"eciCMYK_v2 \\\/ Fogra 59 f\\u00fcr den Proof verf\\u00fcgbar\",\"previousItem\":{\"@type\":\"ListItem\",\"@id\":\"http:\\\/\\\/blog.proofs.de\\\/lv\\\/thema\\\/allgemein\\\/#listItem\",\"name\":\"Allgemein\"}}]},{\"@type\":\"Organization\",\"@id\":\"http:\\\/\\\/blog.proofs.de\\\/lv\\\/#organization\",\"name\":\"Proof GmbH\",\"description\":\"Farbverbindlicher Proof, Farbproof, Digitalproof und Online-Proof.\",\"url\":\"http:\\\/\\\/blog.proofs.de\\\/lv\\\/\",\"telephone\":\"+4970717952740\",\"logo\":{\"@type\":\"ImageObject\",\"url\":\"https:\\\/\\\/blog1.proofen.de\\\/wp-content\\\/uploads\\\/2019\\\/09\\\/logo_proof_rgb_mit_balken_250px.png\",\"@id\":\"http:\\\/\\\/blog.proofs.de\\\/lv\\\/ecicmyk_v2-fogra-59-fuer-den-proof-verfuegbar\\\/#organizationLogo\"},\"image\":{\"@id\":\"http:\\\/\\\/blog.proofs.de\\\/lv\\\/ecicmyk_v2-fogra-59-fuer-den-proof-verfuegbar\\\/#organizationLogo\"},\"sameAs\":[\"https:\\\/\\\/www.facebook.com\\\/Proof.de\\\/\",\"https:\\\/\\\/www.instagram.com\\\/proof.de\\\/\",\"https:\\\/\\\/www.tiktok.com\\\/@proof_de\",\"https:\\\/\\\/www.youtube.com\\\/channel\\\/UCk80fQVQ25wC9wu3SywB-Nw\",\"https:\\\/\\\/www.linkedin.com\\\/company\\\/proof-de\"]},{\"@type\":\"Person\",\"@id\":\"http:\\\/\\\/blog.proofs.de\\\/lv\\\/author\\\/mbetz\\\/#author\",\"url\":\"http:\\\/\\\/blog.proofs.de\\\/lv\\\/author\\\/mbetz\\\/\",\"name\":\"Matthias Betz\",\"image\":{\"@type\":\"ImageObject\",\"@id\":\"http:\\\/\\\/blog.proofs.de\\\/lv\\\/ecicmyk_v2-fogra-59-fuer-den-proof-verfuegbar\\\/#authorImage\",\"url\":\"https:\\\/\\\/blog.proofs.de\\\/wp-content\\\/uploads\\\/2020\\\/10\\\/matthias-betz-e1603934518350-150x150.png\",\"width\":96,\"height\":96,\"caption\":\"Matthias Betz\"}},{\"@type\":\"WebPage\",\"@id\":\"http:\\\/\\\/blog.proofs.de\\\/lv\\\/ecicmyk_v2-fogra-59-fuer-den-proof-verfuegbar\\\/#webpage\",\"url\":\"http:\\\/\\\/blog.proofs.de\\\/lv\\\/ecicmyk_v2-fogra-59-fuer-den-proof-verfuegbar\\\/\",\"name\":\"eciCMYK_v2 \\\/ Fogra 59 f\\u00fcr den Proof verf\\u00fcgbar | proof.de\",\"description\":\"Ab sofort sind Proofs mit dem neuen Austauschfarbraum eciCMYK_v2 im Shop bei Proof.de erh\\u00e4ltlich. eciCMYK_v2 ist der Nachfolger des 2017 eingef\\u00fchrten eciCMYK.\",\"inLanguage\":\"lv\",\"isPartOf\":{\"@id\":\"http:\\\/\\\/blog.proofs.de\\\/lv\\\/#website\"},\"breadcrumb\":{\"@id\":\"http:\\\/\\\/blog.proofs.de\\\/lv\\\/ecicmyk_v2-fogra-59-fuer-den-proof-verfuegbar\\\/#breadcrumblist\"},\"author\":{\"@id\":\"http:\\\/\\\/blog.proofs.de\\\/lv\\\/author\\\/mbetz\\\/#author\"},\"creator\":{\"@id\":\"http:\\\/\\\/blog.proofs.de\\\/lv\\\/author\\\/mbetz\\\/#author\"},\"datePublished\":\"2020-06-18T12:53:54+02:00\",\"dateModified\":\"2020-10-29T13:02:50+01:00\"},{\"@type\":\"WebSite\",\"@id\":\"http:\\\/\\\/blog.proofs.de\\\/lv\\\/#website\",\"url\":\"http:\\\/\\\/blog.proofs.de\\\/lv\\\/\",\"name\":\"Proof.de\",\"description\":\"Farbverbindlicher Proof, Farbproof, Digitalproof und Online-Proof.\",\"inLanguage\":\"lv\",\"publisher\":{\"@id\":\"http:\\\/\\\/blog.proofs.de\\\/lv\\\/#organization\"}}]}\n\t\t<\/script>\n\t\t<!-- All in One SEO -->\n\n","aioseo_head_json":{"title":"eciCMYK_v2 \/ Fogra 59 pieejams pier\u0101d\u012bjumam | proof.de","description":"Apliecin\u0101jumi ar jauno apmai\u0146as kr\u0101su telpu eciCMYK_v2 tagad ir pieejami veikal\u0101 Proof.de. eciCMYK_v2 ir 2017. gad\u0101 ieviest\u0101s eciCMYK p\u0113ctecis.","canonical_url":"http:\/\/blog.proofs.de\/lv\/ecicmyk_v2-fogra-59-fuer-den-proof-verfuegbar\/","robots":"max-image-preview:large","keywords":"ecicmyk,fogra5,cmyk,,austauschfarbraum,ecicmyk_v2,fogra59,fogra 59,fogra,eci,austauschfarbraum,cmyk,eci,ecicmyk,ecicmyk_v2,fogra,fogra 59,fogra5,fogra59","webmasterTools":{"google-site-verification":"TuXxyRwxcEg2-WfOaQ8vScWQh3-uBAnxXmY7g3GT90A","miscellaneous":"&lt;meta name=\"seobility\" content=\"593a8578143db71543f014978c690d47\"&gt;"},"schema":{"@context":"https:\/\/schema.org","@graph":[{"@type":"Article","@id":"http:\/\/blog.proofs.de\/lv\/ecicmyk_v2-fogra-59-fuer-den-proof-verfuegbar\/#article","name":"eciCMYK_v2 \/ Fogra 59 f\u00fcr den Proof verf\u00fcgbar | proof.de","headline":"eciCMYK_v2 \/ Fogra 59 f\u00fcr den Proof verf\u00fcgbar","author":{"@id":"http:\/\/blog.proofs.de\/lv\/author\/mbetz\/#author"},"publisher":{"@id":"http:\/\/blog.proofs.de\/lv\/#organization"},"image":{"@type":"ImageObject","url":"https:\/\/blog1.proofen.de\/wp-content\/uploads\/2019\/09\/logo_proof_rgb_mit_balken_250px.png","@id":"http:\/\/blog.proofs.de\/lv\/#articleImage"},"datePublished":"2020-06-18T12:53:54+02:00","dateModified":"2020-10-29T13:02:50+01:00","inLanguage":"lv","mainEntityOfPage":{"@id":"http:\/\/blog.proofs.de\/lv\/ecicmyk_v2-fogra-59-fuer-den-proof-verfuegbar\/#webpage"},"isPartOf":{"@id":"http:\/\/blog.proofs.de\/lv\/ecicmyk_v2-fogra-59-fuer-den-proof-verfuegbar\/#webpage"},"articleSection":"Allgemein, Austauschfarbraum, CMYK, ECI, eciCMYK, eciCMYK_v2, Fogra, Fogra 59, Fogra5, Fogra59"},{"@type":"BreadcrumbList","@id":"http:\/\/blog.proofs.de\/lv\/ecicmyk_v2-fogra-59-fuer-den-proof-verfuegbar\/#breadcrumblist","itemListElement":[{"@type":"ListItem","@id":"http:\/\/blog.proofs.de\/lv#listItem","position":1,"name":"Home","item":"http:\/\/blog.proofs.de\/lv","nextItem":{"@type":"ListItem","@id":"http:\/\/blog.proofs.de\/lv\/thema\/allgemein\/#listItem","name":"Allgemein"}},{"@type":"ListItem","@id":"http:\/\/blog.proofs.de\/lv\/thema\/allgemein\/#listItem","position":2,"name":"Allgemein","item":"http:\/\/blog.proofs.de\/lv\/thema\/allgemein\/","nextItem":{"@type":"ListItem","@id":"http:\/\/blog.proofs.de\/lv\/ecicmyk_v2-fogra-59-fuer-den-proof-verfuegbar\/#listItem","name":"eciCMYK_v2 \/ Fogra 59 f\u00fcr den Proof verf\u00fcgbar"},"previousItem":{"@type":"ListItem","@id":"http:\/\/blog.proofs.de\/lv#listItem","name":"Home"}},{"@type":"ListItem","@id":"http:\/\/blog.proofs.de\/lv\/ecicmyk_v2-fogra-59-fuer-den-proof-verfuegbar\/#listItem","position":3,"name":"eciCMYK_v2 \/ Fogra 59 f\u00fcr den Proof verf\u00fcgbar","previousItem":{"@type":"ListItem","@id":"http:\/\/blog.proofs.de\/lv\/thema\/allgemein\/#listItem","name":"Allgemein"}}]},{"@type":"Organization","@id":"http:\/\/blog.proofs.de\/lv\/#organization","name":"Proof GmbH","description":"Farbverbindlicher Proof, Farbproof, Digitalproof und Online-Proof.","url":"http:\/\/blog.proofs.de\/lv\/","telephone":"+4970717952740","logo":{"@type":"ImageObject","url":"https:\/\/blog1.proofen.de\/wp-content\/uploads\/2019\/09\/logo_proof_rgb_mit_balken_250px.png","@id":"http:\/\/blog.proofs.de\/lv\/ecicmyk_v2-fogra-59-fuer-den-proof-verfuegbar\/#organizationLogo"},"image":{"@id":"http:\/\/blog.proofs.de\/lv\/ecicmyk_v2-fogra-59-fuer-den-proof-verfuegbar\/#organizationLogo"},"sameAs":["https:\/\/www.facebook.com\/Proof.de\/","https:\/\/www.instagram.com\/proof.de\/","https:\/\/www.tiktok.com\/@proof_de","https:\/\/www.youtube.com\/channel\/UCk80fQVQ25wC9wu3SywB-Nw","https:\/\/www.linkedin.com\/company\/proof-de"]},{"@type":"Person","@id":"http:\/\/blog.proofs.de\/lv\/author\/mbetz\/#author","url":"http:\/\/blog.proofs.de\/lv\/author\/mbetz\/","name":"Matthias Betz","image":{"@type":"ImageObject","@id":"http:\/\/blog.proofs.de\/lv\/ecicmyk_v2-fogra-59-fuer-den-proof-verfuegbar\/#authorImage","url":"https:\/\/blog.proofs.de\/wp-content\/uploads\/2020\/10\/matthias-betz-e1603934518350-150x150.png","width":96,"height":96,"caption":"Matthias Betz"}},{"@type":"WebPage","@id":"http:\/\/blog.proofs.de\/lv\/ecicmyk_v2-fogra-59-fuer-den-proof-verfuegbar\/#webpage","url":"http:\/\/blog.proofs.de\/lv\/ecicmyk_v2-fogra-59-fuer-den-proof-verfuegbar\/","name":"eciCMYK_v2 \/ Fogra 59 f\u00fcr den Proof verf\u00fcgbar | proof.de","description":"Ab sofort sind Proofs mit dem neuen Austauschfarbraum eciCMYK_v2 im Shop bei Proof.de erh\u00e4ltlich. eciCMYK_v2 ist der Nachfolger des 2017 eingef\u00fchrten eciCMYK.","inLanguage":"lv","isPartOf":{"@id":"http:\/\/blog.proofs.de\/lv\/#website"},"breadcrumb":{"@id":"http:\/\/blog.proofs.de\/lv\/ecicmyk_v2-fogra-59-fuer-den-proof-verfuegbar\/#breadcrumblist"},"author":{"@id":"http:\/\/blog.proofs.de\/lv\/author\/mbetz\/#author"},"creator":{"@id":"http:\/\/blog.proofs.de\/lv\/author\/mbetz\/#author"},"datePublished":"2020-06-18T12:53:54+02:00","dateModified":"2020-10-29T13:02:50+01:00"},{"@type":"WebSite","@id":"http:\/\/blog.proofs.de\/lv\/#website","url":"http:\/\/blog.proofs.de\/lv\/","name":"Proof.de","description":"Farbverbindlicher Proof, Farbproof, Digitalproof und Online-Proof.","inLanguage":"lv","publisher":{"@id":"http:\/\/blog.proofs.de\/lv\/#organization"}}]},"og:locale":"lv_LV","og:site_name":"Proof.de | Alles zu Proof, Farbmanagement, Grafik, Messtechnik &amp; Co.","og:type":"article","og:title":"eciCMYK_v2 \/ Fogra 59 f\u00fcr den Proof verf\u00fcgbar | proof.de","og:description":"Ab sofort sind Proofs mit dem neuen Austauschfarbraum eciCMYK_v2 im Shop bei Proof.de erh\u00e4ltlich. eciCMYK_v2 ist der Nachfolger des 2017 eingef\u00fchrten eciCMYK.","og:url":"http:\/\/blog.proofs.de\/lv\/ecicmyk_v2-fogra-59-fuer-den-proof-verfuegbar\/","og:image":"http:\/\/blog1.proofen.de\/wp-content\/uploads\/2020\/04\/proof_background.jpg","article:published_time":"2020-06-18T10:53:54+00:00","article:modified_time":"2020-10-29T12:02:50+00:00","article:publisher":"https:\/\/www.facebook.com\/Proof.de\/","twitter:card":"summary","twitter:title":"eciCMYK_v2 \/ Fogra 59 f\u00fcr den Proof verf\u00fcgbar | proof.de","twitter:description":"Ab sofort sind Proofs mit dem neuen Austauschfarbraum eciCMYK_v2 im Shop bei Proof.de erh\u00e4ltlich. eciCMYK_v2 ist der Nachfolger des 2017 eingef\u00fchrten eciCMYK.","twitter:image":"https:\/\/blog1.proofen.de\/wp-content\/uploads\/2020\/04\/proof_background.jpg"},"aioseo_meta_data":{"post_id":"3970","title":"eciCMYK_v2 \/ Fogra 59 pieejams priek\u0161skat\u012b\u0161anai | proof.de","description":"Apliecin\u0101jumi ar jauno apmai\u0146as kr\u0101su telpu eciCMYK_v2 tagad ir pieejami veikal\u0101 Proof.de. eciCMYK_v2 ir 2017. gad\u0101 ieviest\u0101s eciCMYK p\u0113ctecis.","keywords":[{"label":"eciCMYK,Fogra5,CMYK,,Austauschfarbraum,eciCMYK_v2,Fogra59,Fogra 59,Fogra,ECI","value":"eciCMYK,Fogra5,CMYK,,Austauschfarbraum,eciCMYK_v2,Fogra59,Fogra 59,Fogra,ECI"}],"keyphrases":{"focus":{"keyphrase":"eciCMYK_v2","score":100,"analysis":{"keyphraseInTitle":{"title":"Focus keyphrase in SEO title","description":"Focus keyphrase found in SEO title.","score":9,"maxScore":9,"error":0},"keyphraseInDescription":{"title":"Focus keyphrase in meta description","description":"Focus keyphrase found in meta description.","score":9,"maxScore":9,"error":0},"keyphraseLength":{"title":"Focus keyphrase length","description":"Good job!","score":9,"maxScore":9,"error":0,"length":1},"keyphraseInURL":[],"keyphraseInIntroduction":{"title":"Focus keyphrase in introduction","description":"Your Focus keyphrase appears in the first paragraph. Well done!","score":9,"maxScore":9,"error":0},"keyphraseInSubHeadings":[],"keyphraseInImageAlt":[]}},"additional":[]},"primary_term":null,"canonical_url":null,"og_title":null,"og_description":null,"og_object_type":"default","og_image_type":"default","og_image_url":null,"og_image_width":null,"og_image_height":null,"og_image_custom_url":null,"og_image_custom_fields":null,"og_video":"","og_custom_url":null,"og_article_section":null,"og_article_tags":[],"twitter_use_og":false,"twitter_card":"default","twitter_image_type":"default","twitter_image_url":null,"twitter_image_custom_url":null,"twitter_image_custom_fields":null,"twitter_title":null,"twitter_description":null,"schema":{"blockGraphs":[],"customGraphs":[],"default":{"data":{"Article":[],"Course":[],"Dataset":[],"FAQPage":[],"Movie":[],"Person":[],"Product":[],"ProductReview":[],"Car":[],"Recipe":[],"Service":[],"SoftwareApplication":[],"WebPage":[]},"graphName":"","isEnabled":true},"graphs":[],"defaultGraph":"Article","defaultPostTypeGraph":""},"schema_type":"default","schema_type_options":"{\"article\":{\"articleType\":\"BlogPosting\"},\"course\":{\"name\":\"\",\"description\":\"\",\"provider\":\"\"},\"faq\":{\"pages\":[]},\"product\":{\"reviews\":[]},\"recipe\":{\"ingredients\":[],\"instructions\":[],\"keywords\":[]},\"software\":{\"reviews\":[],\"operatingSystems\":[]},\"webPage\":{\"webPageType\":\"WebPage\"}}","pillar_content":false,"robots_default":true,"robots_noindex":false,"robots_noarchive":false,"robots_nosnippet":false,"robots_nofollow":false,"robots_noimageindex":false,"robots_noodp":false,"robots_notranslate":false,"robots_max_snippet":"-1","robots_max_videopreview":"-1","robots_max_imagepreview":"large","priority":null,"frequency":"default","local_seo":null,"breadcrumb_settings":null,"limit_modified_date":true,"ai":null,"created":"2020-12-21 00:31:56","updated":"2025-06-04 14:26:05","seo_analyzer_scan_date":null,"focus_keyword":"eciCMYK_v2","additional_keywords":null,"truseo_locale":null},"_links":{"self":[{"href":"http:\/\/blog.proofs.de\/lv\/wp-json\/wp\/v2\/posts\/3970","targetHints":{"allow":["GET"]}}],"collection":[{"href":"http:\/\/blog.proofs.de\/lv\/wp-json\/wp\/v2\/posts"}],"about":[{"href":"http:\/\/blog.proofs.de\/lv\/wp-json\/wp\/v2\/types\/post"}],"author":[{"embeddable":true,"href":"http:\/\/blog.proofs.de\/lv\/wp-json\/wp\/v2\/users\/2"}],"replies":[{"embeddable":true,"href":"http:\/\/blog.proofs.de\/lv\/wp-json\/wp\/v2\/comments?post=3970"}],"version-history":[{"count":1,"href":"http:\/\/blog.proofs.de\/lv\/wp-json\/wp\/v2\/posts\/3970\/revisions"}],"predecessor-version":[{"id":3971,"href":"http:\/\/blog.proofs.de\/lv\/wp-json\/wp\/v2\/posts\/3970\/revisions\/3971"}],"wp:attachment":[{"href":"http:\/\/blog.proofs.de\/lv\/wp-json\/wp\/v2\/media?parent=3970"}],"wp:term":[{"taxonomy":"category","embeddable":true,"href":"http:\/\/blog.proofs.de\/lv\/wp-json\/wp\/v2\/categories?post=3970"},{"taxonomy":"post_tag","embeddable":true,"href":"http:\/\/blog.proofs.de\/lv\/wp-json\/wp\/v2\/tags?post=3970"}],"curies":[{"name":"wp","href":"https:\/\/api.w.org\/{rel}","templated":true}]}}