{"id":5609,"date":"2024-04-16T01:16:43","date_gmt":"2024-04-15T23:16:43","guid":{"rendered":"https:\/\/www.proof.de\/?p=5609"},"modified":"2024-04-16T17:37:24","modified_gmt":"2024-04-16T15:37:24","slug":"preciza-tonalo-vertibu-parbaude-izlases-krasam","status":"publish","type":"post","link":"http:\/\/blog.proofs.de\/lv\/tonwerte-von-sonderfarben-praezise-proofen\/","title":{"rendered":"Prec\u012bza ton\u0101lo v\u0113rt\u012bbu p\u0101rbaude izlases kr\u0101s\u0101s"},"content":{"rendered":"<div class=\"kk-star-ratings kksr-auto kksr-align-right kksr-valign-top\" data-payload='{\"align\":\"right\",\"id\":\"5609\",\"slug\":\"default\",\"valign\":\"top\",\"ignore\":\"\",\"reference\":\"auto\",\"class\":\"\",\"count\":\"8\",\"legendonly\":\"\",\"readonly\":\"\",\"score\":\"4.2\",\"starsonly\":\"\",\"best\":\"5\",\"gap\":\"5\",\"greet\":\"Jetzt bewerten\",\"legend\":\"4.2\\\/5 - (8 votes)\",\"size\":\"24\",\"title\":\"Tonwerte von Sonderfarben pr&auml;zise proofen\",\"width\":\"119.3\",\"_legend\":\"{score}\\\/{best} - ({count} {votes})\",\"font_factor\":\"1.25\"}'>\n            \n<div class=\"kksr-stars\">\n    \n<div class=\"kksr-stars-inactive\">\n            <div class=\"kksr-star\" data-star=\"1\" style=\"padding-right: 5px\">\n            \n\n<div class=\"kksr-icon\" style=\"width: 24px; height: 24px;\"><\/div>\n        <\/div>\n            <div class=\"kksr-star\" data-star=\"2\" style=\"padding-right: 5px\">\n            \n\n<div class=\"kksr-icon\" style=\"width: 24px; height: 24px;\"><\/div>\n        <\/div>\n            <div class=\"kksr-star\" data-star=\"3\" style=\"padding-right: 5px\">\n            \n\n<div class=\"kksr-icon\" style=\"width: 24px; height: 24px;\"><\/div>\n        <\/div>\n            <div class=\"kksr-star\" data-star=\"4\" style=\"padding-right: 5px\">\n            \n\n<div class=\"kksr-icon\" style=\"width: 24px; height: 24px;\"><\/div>\n        <\/div>\n            <div class=\"kksr-star\" data-star=\"5\" style=\"padding-right: 5px\">\n            \n\n<div class=\"kksr-icon\" style=\"width: 24px; height: 24px;\"><\/div>\n        <\/div>\n    <\/div>\n    \n<div class=\"kksr-stars-active\" style=\"width: 119.3px;\">\n            <div class=\"kksr-star\" style=\"padding-right: 5px\">\n            \n\n<div class=\"kksr-icon\" style=\"width: 24px; height: 24px;\"><\/div>\n        <\/div>\n            <div class=\"kksr-star\" style=\"padding-right: 5px\">\n            \n\n<div class=\"kksr-icon\" style=\"width: 24px; height: 24px;\"><\/div>\n        <\/div>\n            <div class=\"kksr-star\" style=\"padding-right: 5px\">\n            \n\n<div class=\"kksr-icon\" style=\"width: 24px; height: 24px;\"><\/div>\n        <\/div>\n            <div class=\"kksr-star\" style=\"padding-right: 5px\">\n            \n\n<div class=\"kksr-icon\" style=\"width: 24px; height: 24px;\"><\/div>\n        <\/div>\n            <div class=\"kksr-star\" style=\"padding-right: 5px\">\n            \n\n<div class=\"kksr-icon\" style=\"width: 24px; height: 24px;\"><\/div>\n        <\/div>\n    <\/div>\n<\/div>\n                \n\n<div class=\"kksr-legend\" style=\"font-size: 19.2px;\">\n            4.2\/5 - (8 balsis)    <\/div>\n    <\/div>\n\n<p class=\"wp-block-paragraph translation-block\">P\u0113d\u0113j\u0101s ned\u0113\u013c\u0101s <a href=\"https:\/\/blog1.proofen.de\/es\/lexico-2\/fogra\/\" target=\"_self\" class=\"encyclopedia tooltipstered\">Fogra<\/a> digit\u0101l\u0101s drukas adres\u0101tu sarakst\u0101 ir notiku\u0161as garas diskusijas par to, vai p\u0113tniec\u012bbas projekts par D<a href=\"https:\/\/blog1.proofen.de\/es\/lexico-2\/efi\/\" target=\"_self\" class=\"encyclopedia tooltipstered\">efi<\/a> standartiz\u0113tu ton\u0101lo v\u0113rt\u012bbu grad\u0101ciju standartiz\u0113tu <a href=\"https:\/\/blog1.proofen.de\/es\/lexico-2\/color-especial\/\" target=\"_self\" class=\"encyclopedia tooltipstered\">\u012bpa\u0161o kr\u0101su<\/a> noteik\u0161anu. Par ko tas ir?<\/p>\n\n\n\n<p class=\"wp-block-paragraph translation-block\"><a href=\"https:\/\/blog1.proofen.de\/es\/lexico-2\/cmyk\/\" target=\"_self\" class=\"encyclopedia tooltipstered\">CMYK<\/a> un septi\u0146kr\u0101su drukas jom\u0101 skaidru, druk\u0101jamu un <a href=\"https:\/\/blog1.proofen.de\/es\/lexico-2\/prueba\/\" target=\"_self\" class=\"encyclopedia tooltipstered\">iztur\u012bgu<\/a> standartu defin\u012bcija ir labi izveidota un praks\u0113 lieliski p\u0101rbaud\u012bta. Ja ir zin\u0101ms un defin\u0113ts pap\u012brs vai pap\u012bra klase, ir noteikts m\u0113r\u012bjumu standarts, piem\u0113ram, M0\/M1\/M2, un ir zin\u0101ms optisko balin\u0101t\u0101ju saturs, var pan\u0101kt izcili prec\u012bzu turpm\u0101k\u0101s drukas att\u0113lojumu proven\u012bcij\u0101. \u013boti labu pamatu tam nodro\u0161ina <a href=\"https:\/\/blog1.proofen.de\/es\/lexico-2\/iso-12647\/\" target=\"_self\" class=\"encyclopedia tooltipstered\">ISO 12647<\/a>-7 un -8 standarti. Un, ja ir iesp\u0113jams prec\u012bzs p\u0101rbaudes att\u0113lojums, ar\u012b dizaineri un grafi\u0137i var str\u0101d\u0101t dro\u0161i, jo vi\u0146i var izveidot prec\u012bzus, kr\u0101su zi\u0146\u0101 prec\u012bzus maketus, pamatojoties uz paredzamiem drukas un p\u0101rbaudes rezult\u0101tiem.<\/p>\n\n\n\n<h2 class=\"wp-block-heading\">Vai izlases kr\u0101sas ir iek\u013cautas p\u0101rbaudes kr\u0101su ies\u0113jum\u0101?<\/h2>\n\n\n\n<p class=\"wp-block-paragraph translation-block\">Tom\u0113r \u012bpa\u0161as kr\u0101sas, piem\u0113ram, <a href=\"https:\/\/blog1.proofen.de\/es\/lexico-2\/pantone\/\" target=\"_self\" class=\"encyclopedia tooltipstered\">PANTONE<\/a>, var iev\u0113rojami trauc\u0113t \u0161o uzticamo ra\u017eo\u0161anas procesu: T\u0101s parasti izv\u0113las grafikas dizaineri un z\u012bmolu \u012bpa\u0161nieki no kr\u0101su faniem un izmanto k\u0101 noklus\u0113juma kr\u0101su druk\u0101\u0161anai. Papildus PANTONE tirg\u016b ir pieejamas ar\u012b citas sist\u0113mas, piem\u0113ram, <a href=\"https:\/\/blog1.proofen.de\/es\/lexico-2\/hks\/\" target=\"_self\" class=\"encyclopedia tooltipstered\">HKS<\/a>, Toyo, DIC un daudzas citas. Laba pier\u0101d\u0101m\u012bba un simul\u0113jam\u012bba ir ar\u012b \u0161eit, ja t\u0101 ir pieejama vai nu spektr\u0101li, vai ar\u012b k\u0101 <a href=\"https:\/\/blog1.proofen.de\/es\/lexico-2\/laboratorio\/\" target=\"_self\" class=\"encyclopedia tooltipstered\">LAB<\/a> v\u0113rt\u012bba ar noteiktiem m\u0113r\u012bjumu nosac\u012bjumiem, un <a href=\"https:\/\/blog1.proofen.de\/es\/lexico-2\/pruebas\/\" target=\"_self\" class=\"encyclopedia tooltipstered\">pier\u0101d\u012bjumi<\/a> sist\u0113ma var aptvert \u0161o kr\u0101su sav\u0101 <a href=\"https:\/\/blog1.proofen.de\/es\/lexico-2\/espacio-cromatico\/\" target=\"_self\" class=\"encyclopedia tooltipstered\">kr\u0101su telp\u0101<\/a>.<\/p>\n\n\n\n<p class=\"wp-block-paragraph\">Diem\u017e\u0113l l\u012bdz \u0161im pier\u0101d\u012bjumam ir defin\u0113ti tikai pilni to\u0146i. Pa\u0161reiz\u0113j\u0101 ISO 12647-7 noteikts tas pats: <\/p>\n\n\n\n<p class=\"wp-block-paragraph\"><em>Nav standarta veida, k\u0101 pazi\u0146ot vienkr\u0101sas nokr\u0101sas nokr\u0101su, t\u0101p\u0113c vienkr\u0101sas nokr\u0101sas nokr\u0101sas m\u0113r\u0137a v\u0113rt\u012bbas un pielaides ir j\u0101nosaka ar atsevi\u0161\u0137u vieno\u0161anos starp dal\u012bbniekiem. <\/em><\/p>\n\n\n\n<p class=\"wp-block-paragraph translation-block\">To var\u0113tu izdar\u012bt ar\u012b, piem\u0113ram, izmantojot fizisku standartparaugu vai PDF\/X ar <a href=\"https:\/\/blog1.proofen.de\/es\/lexico-2\/cxf\/\" target=\"_self\" class=\"encyclopedia tooltipstered\">CxF<\/a>\/X-4a m\u0113r\u012bjumu ar vienkr\u0101sas spektr\u0101laj\u0101m v\u0113rt\u012bb\u0101m. T\u0101d\u0101 pa\u0161\u0101 veid\u0101 var noteikt ar\u012b vair\u0101kas gradu\u0113tas kr\u0101su to\u0146u v\u0113rt\u012bbas, piem\u0113ram, 10% grad\u0101cijas. Ta\u010du ar\u012b \u0161eit saglab\u0101j\u0101s neskaidr\u012bbas, piem\u0113ram, jaut\u0101jums par to, vai <a href=\"https:\/\/blog1.proofen.de\/es\/lexico-2\/color-de-las-joyas\/\" target=\"_self\" class=\"encyclopedia tooltipstered\">fantastisk\u0101 kr\u0101sa<\/a> no ori\u0123in\u0101l\u0101 pap\u012bra balt\u0101s kr\u0101sas j\u0101p\u0101rnes uz model\u0113jam\u0101 parauga profila pamatni.<\/p>\n\n\n\n<h3 class=\"wp-block-heading\">T\u0101p\u0113c mums k\u0101 kod\u0113jumu ra\u017eot\u0101jiem ir daudz izaicin\u0101jumu, veicot kod\u0113jumu ar kr\u0101s\u0101m, kas nav defin\u0113tas standartos vai ir defin\u0113tas nepietiekami prec\u012bzi:<\/h3>\n\n\n\n<ul class=\"wp-block-list\">\n<li class=\"translation-block\">Vai esam atradu\u0161i <strong>pareizo LAB v\u0113rt\u012bbu kr\u0101sas nosaukumam<\/strong>?<\/li>\n\n\n\n<li class=\"translation-block\">Vai <strong>pap\u012bra baltums p\u0101rbaudes standart\u0101<\/strong> ir identisks vai vismaz l\u012bdz\u012bgs <strong>pap\u012bra baltumam druk\u0101t\u0101 ventilator\u0101<\/strong>?<\/li>\n\n\n\n<li><strong>K\u0101 izskat\u0101s PANTONE plankumain\u0101s kr\u0101sas 50%?<\/strong> K\u0101da kr\u0101sa tiek ieg\u016bta, ja p\u0101rbaudes pap\u012bra balt\u0101 kr\u0101sa sakr\u012bt ar ventilatora pap\u012bra balto kr\u0101su? Un k\u0101da kr\u0101sa tiek ieg\u016bta, ja p\u0101rbaudes standart\u0101 ir noteikts cits pap\u012bra baltums? K\u0101 tad j\u0101piel\u0101go 50% kr\u0101sa?<\/li>\n\n\n\n<li class=\"translation-block\">Kas notiek, ja <strong>PANTONE vienkr\u0101sains apgabals<\/strong> vai 50% apgabals <strong> tiek p\u0101rprint\u0113ts<\/strong> uz CMYK att\u0113la? K\u0101da kr\u0101sa tiek rad\u012bta?<\/li>\n\n\n\n<li>Ko dar\u012bt, ja tintes ra\u017eot\u0101js ir piel\u0101gojis PANTONE formul\u0113jumu, lai lab\u0101k saska\u0146otu kr\u0101su ar citu pap\u012bra baltumu? K\u0101 es varu to imit\u0113t izm\u0113\u0123in\u0101juma versij\u0101?<\/li>\n<\/ul>\n\n\n\n<p class=\"wp-block-paragraph\">K\u0101 korekt\u016bras pakalpojumu sniedz\u0113js m\u0113s faktiski esam atbild\u012bgi par pareizu kr\u0101su nor\u0101d\u012b\u0161anu. Ja m\u0113s sa\u0146emam PDF failus ar PANTONE vai HKS kr\u0101s\u0101m, m\u0113s izmantojam atbilsto\u0161\u0101s LAB kr\u0101su v\u0113rt\u012bbas no ra\u017eot\u0101ja digit\u0101laj\u0101m datu b\u0101z\u0113m. <\/p>\n\n\n\n<p class=\"wp-block-paragraph\">Ta\u010du \u0161eit atkal j\u0101b\u016bt uzman\u012bgiem, jo kr\u0101su v\u0113rt\u012bbas digit\u0101laj\u0101s datu b\u0101z\u0113s un kr\u0101su fanu kr\u0101su v\u0113rt\u012bbas bie\u017ei nesakr\u012bt. K\u0101 m\u0113s esam par\u0101d\u012bju\u0161i iepriek\u0161\u0113jos zi\u0146ojumos, pat pa\u0161reiz\u0113jos kr\u0101su ventilatoros var viegli konstat\u0113t novirzes no DeltaE00, kas p\u0101rsniedz 8 v\u0113rt\u012bbas. Rabea Payson no X-Rite\/PANTONE to ir ilustr\u0113jusi t\u0101l\u0101k dotaj\u0101 slaid\u0101 un br\u012bdina par kr\u0101su novirz\u0113m DeltaE 20:<\/p>\n\n\n\n<figure class=\"wp-block-image size-large\"><a href=\"https:\/\/blog1.proofen.de\/wp-content\/uploads\/2024\/03\/how-pantone-fandecks-should-be-used-presentation.png\"><img loading=\"lazy\" decoding=\"async\" width=\"1024\" height=\"728\" src=\"https:\/\/blog1.proofen.de\/wp-content\/uploads\/2024\/03\/how-pantone-fandecks-should-be-used-presentation-1024x728.png\" alt=\"\" class=\"wp-image-5612\" srcset=\"https:\/\/blog.proofs.de\/wp-content\/uploads\/2024\/03\/how-pantone-fandecks-should-be-used-presentation-1024x728.png 1024w, https:\/\/blog.proofs.de\/wp-content\/uploads\/2024\/03\/how-pantone-fandecks-should-be-used-presentation-300x213.png 300w, https:\/\/blog.proofs.de\/wp-content\/uploads\/2024\/03\/how-pantone-fandecks-should-be-used-presentation-768x546.png 768w, https:\/\/blog.proofs.de\/wp-content\/uploads\/2024\/03\/how-pantone-fandecks-should-be-used-presentation-1536x1092.png 1536w, https:\/\/blog.proofs.de\/wp-content\/uploads\/2024\/03\/how-pantone-fandecks-should-be-used-presentation-2048x1456.png 2048w, https:\/\/blog.proofs.de\/wp-content\/uploads\/2024\/03\/how-pantone-fandecks-should-be-used-presentation-18x12.png 18w\" sizes=\"auto, (max-width: 1024px) 100vw, 1024px\"><\/a><\/figure>\n\n\n\n<p class=\"wp-block-paragraph translation-block\">Bet k\u0101da ir parauga iesie\u0161anas vietas kr\u0101sa? Vai t\u0101 ir iespiest\u0101 kr\u0101su v\u0113dek\u013ca kr\u0101sa, it k\u0101 es to izgrieztu un uzl\u012bm\u0113tu uz parauga? Vai ar\u012b es p\u0101rbaudu to kr\u0101su, kas tiktu rad\u012bta, ja \u0161\u012b plankuma kr\u0101sa tiktu iespiesta uz gala pap\u012bra? <a href=\"https:\/\/blog1.proofen.de\/es\/lexico-2\/psd\/\" target=\"_self\" class=\"encyclopedia tooltipstered\">PSD<\/a> ir tr\u012bs idejas par to.<\/p>\n\n\n\n<ul class=\"wp-block-list\">\n<li>Ja vieno\u0161an\u0101s nav pan\u0101kta, tiek izmantota absol\u016bt\u0101 reprodukcija (bez substr\u0101ta korekcijas) (p\u0113c noklus\u0113juma). <\/li>\n\n\n\n<li class=\"translation-block\">Ja <a href=\"https:\/\/blog1.proofen.de\/es\/lexico-2\/cielab\/\" target=\"_self\" class=\"encyclopedia tooltipstered\">CIELAB<\/a> v\u0113rt\u012bbas nesatur nek\u0101du papildu inform\u0101ciju, t\u0101s ir j\u0101interpret\u0113 k\u0101 ieg\u016btas ar M2 un balto pamatni sader\u012bbas d\u0113\u013c.<\/li>\n\n\n\n<li class=\"translation-block\">Nenoteikt\u0101m grad\u0101cij\u0101m j\u0101pie\u0146em line\u0101ra <a href=\"https:\/\/blog1.proofen.de\/es\/lexico-2\/sctv\/\" target=\"_self\" class=\"encyclopedia tooltipstered\">SCTV<\/a> uzved\u012bba.<\/li>\n<\/ul>\n\n\n<div class=\"wp-block-image\">\n<figure class=\"alignright size-large is-resized\"><a href=\"https:\/\/blog1.proofen.de\/wp-content\/uploads\/2024\/03\/proof_de_spotcolor_tints_for_measurement-scaled.jpg\"><img loading=\"lazy\" decoding=\"async\" width=\"1024\" height=\"795\" src=\"https:\/\/blog1.proofen.de\/wp-content\/uploads\/2024\/03\/proof_de_spotcolor_tints_for_measurement-1024x795.jpg\" alt=\"Proof.de: punktkr\u0101sas to\u0146i m\u0113r\u012bjumiem. Tipiska testa veidlapa ofseta iespieddarbiem ar 5% to\u0146u v\u0113rt\u012bbu grad\u0101cij\u0101m, ar kr\u0101su uztver\u0161anas josl\u0101m aug\u0161pus\u0113 un apak\u0161pus\u0113 un div\u0101m zon\u0101m, kas pagrieztas par 180\u00b0, lai var\u0113tu veikt vid\u0113jos m\u0113r\u012bjumus no vair\u0101k\u0101m zon\u0101m.\" class=\"wp-image-5638\" style=\"width:532px;height:auto\" srcset=\"https:\/\/blog.proofs.de\/wp-content\/uploads\/2024\/03\/proof_de_spotcolor_tints_for_measurement-1024x795.jpg 1024w, https:\/\/blog.proofs.de\/wp-content\/uploads\/2024\/03\/proof_de_spotcolor_tints_for_measurement-300x233.jpg 300w, https:\/\/blog.proofs.de\/wp-content\/uploads\/2024\/03\/proof_de_spotcolor_tints_for_measurement-768x596.jpg 768w, https:\/\/blog.proofs.de\/wp-content\/uploads\/2024\/03\/proof_de_spotcolor_tints_for_measurement-1536x1192.jpg 1536w, https:\/\/blog.proofs.de\/wp-content\/uploads\/2024\/03\/proof_de_spotcolor_tints_for_measurement-2048x1590.jpg 2048w, https:\/\/blog.proofs.de\/wp-content\/uploads\/2024\/03\/proof_de_spotcolor_tints_for_measurement-15x12.jpg 15w\" sizes=\"auto, (max-width: 1024px) 100vw, 1024px\"><\/a><figcaption class=\"wp-element-caption translation-block\"><em>Proof.de: punktkr\u0101sas to\u0146i m\u0113r\u012bjumiem. Tipiska testa veidlapa <a href=\"https:\/\/blog1.proofen.de\/es\/lexico-2\/impresion-offset\/\" target=\"_self\" class=\"encyclopedia tooltipstered\">ofseta drukai<\/a> 5% ton\u0101lo v\u0113rt\u012bbu grad\u0101cij\u0101s, ar kr\u0101su uztver\u0161anas josl\u0101m aug\u0161pus\u0113 un apak\u0161pus\u0113 un div\u0101m zon\u0101m, kas pagrieztas par 180\u00b0, lai var\u0113tu veikt vid\u0113jos m\u0113r\u012bjumus no vair\u0101k\u0101m zon\u0101m.<\/em>.<\/figcaption><\/figure>\n<\/div>\n\n\n<h2 class=\"wp-block-heading\">Vai izlases kr\u0101sas ton\u0101l\u0101s v\u0113rt\u012bbas grad\u0101cijas ir iesai\u0146otas kr\u0101su paraug\u0101?<\/h2>\n\n\n\n<p class=\"wp-block-paragraph\">Atgriez\u012bsimies pie m\u016bsu tre\u0161\u0101 jaut\u0101juma: <strong>K\u0101 izskat\u0101s PANTONE plankumain\u0101s kr\u0101sas 50%?<\/strong> <\/p>\n\n\n\n<p class=\"wp-block-paragraph translation-block\">Pa\u0161laik nav iesp\u0113jams ticami atveidot to\u0146u v\u0113rt\u012bbas, ja nav pieejama detaliz\u0113ta inform\u0101cija par to\u0146u v\u0113rt\u012bbu grad\u0101cij\u0101m. Pap\u012bra baltuma probl\u0113mas ir tikai viena lieta, bet \u0161eit rodas ar\u012b citi efekti: Ofseta iespieddarbos \u0161eit rodas da\u017e\u0101das novirzes visda\u017e\u0101d\u0101kajos virzienos. Starp standarta AM ekr\u0101niem un frekvences modul\u0101cijas ekr\u0101niem vienai un tai pa\u0161ai kr\u0101sai \u0101tri rodas DeltaE 10 novirzes. Un liela ietekme ir ar\u012b pap\u012bra virsmai, jo t\u0101 ir raupj\u0101ka, jo kritisk\u0101ka, jo <a href=\"https:\/\/blog1.proofen.de\/es\/lexico-2\/oba\/\" target=\"_self\" class=\"encyclopedia tooltipstered\">OBA<\/a>, jo gr\u016bt\u0101k.<\/p>\n\n\n\n<p class=\"wp-block-paragraph translation-block\">T\u0101tad, kam\u0113r, piem\u0113ram, CxF fail\u0101 nav pieejami saisto\u0161i m\u0113r\u012bjumu dati par atsevi\u0161\u0137iem \"to\u0146iem\", t. i., procentu\u0101laj\u0101m grad\u0101cij\u0101m, tikm\u0113r, piem\u0113ram, CxF fail\u0101 nav pieejami nek\u0101di saisto\u0161i pier\u0101d\u012bjumi par plankuma kr\u0101sas grad\u0101cij\u0101m, jo \u0161o grad\u0101ciju prognoz\u0113\u0161anai tiek izmantoti da\u017e\u0101di apr\u0113\u0137inu mode\u013ci, bet vienm\u0113r tikai \"sare\u017e\u0123\u012bts<a href=\"https:\/\/blog1.proofen.de\/es\/lexico-2\/cat\/\" target=\"_self\" class=\"encyclopedia tooltipstered\">cat<\/a>iedom\u0101jums\", korekt\u016bras sist\u0113ma lab\u0101kaj\u0101 gad\u012bjum\u0101 var veikt \"labu iedomu\", bet nekad saisto\u0161u att\u0113lojumu.<\/p>\n\n\n\n<h2 class=\"wp-block-heading\">Vai kr\u0101su to\u0146u atveido\u0161ana ir j\u0101defin\u0113 standart\u0101?<\/h2>\n\n\n\n<p class=\"wp-block-paragraph\">Par \u0161o t\u0113mu notika interesanta diskusija Fogra digit\u0101l\u0101s drukas darba grup\u0101. Taj\u0101 izskan\u0113ja da\u017e\u0101di viedok\u013ci un viedok\u013ci, no kuriem da\u017eus v\u0113los \u012bsum\u0101 apkopot. Atbildes aptuveni var iedal\u012bt tr\u012bs tendenc\u0113s:<\/p>\n\n\n\n<h3 class=\"wp-block-heading\">N\u0113, defin\u012bcija b\u016btu p\u0101r\u0101k sare\u017e\u0123\u012bta. Dizaineriem tik un t\u0101 nav vajadz\u012bgas ton\u0101l\u0101s v\u0113rt\u012bbas, jo vi\u0146i parasti str\u0101d\u0101 tikai ar pilnu toni. <\/h3>\n\n\n\n<ul class=\"wp-block-list\">\n<li>\"Plankumain\u0101s kr\u0101sas parasti tiek izv\u0113l\u0113tas k\u0101 vienkr\u0101sas no ventilatora un izmantotas logotipos. T\u0101 k\u0101 PANTONE v\u0113dekl\u012b var apskat\u012bt tikai vienkr\u0101su, logotipos un pre\u010du z\u012bm\u0113s izmanto tikai vienkr\u0101su.\"<\/li>\n\n\n\n<li>\"Ja tiek izmantotas ton\u0101l\u0101s v\u0113rt\u012bbas, tad t\u0101s lab\u0101kaj\u0101 gad\u012bjum\u0101 ir dekorat\u012bvas un t\u0101p\u0113c nav v\u0113rts t\u0101s apkopot standart\u0101, kas tad b\u016btu saisto\u0161s tikai vid\u0113ji. Ja dizainers neizmanto 100% PANTONE viendab\u012bgo toni, vi\u0146\u0161 faktiski \"\u013caunpr\u0101t\u012bgi izmanto\" PANTONE sist\u0113mu, kas nevar b\u016bt tipogr\u0101fiju un korekt\u016bras pakalpojumu sniedz\u0113ju probl\u0113ma\".<\/li>\n\n\n\n<li class=\"translation-block\">\"Pat topo\u0161o kr\u0101su att\u0113lo\u0161ana, izmantojot l\u012bguma pier\u0101d\u012bjumus, jau ir sare\u017e\u0123\u012bta un prasa specializ\u0113tu programmat\u016bru<a href=\"https:\/\/blog1.proofen.de\/es\/lexico-2\/ean\/\" target=\"_self\" class=\"encyclopedia tooltipstered\">ean<\/a>pielietojumu. Lai pan\u0101ktu atbilsto\u0161u PANTONE to\u0146u v\u0113rt\u012bbas simul\u0101ciju, ir j\u0101\u0146em v\u0113r\u0101 <a href=\"https:\/\/blog1.proofen.de\/es\/lexico-2\/aumento-del-valor-tonal\/\" target=\"_self\" class=\"encyclopedia tooltipstered\">to\u0146u v\u0113rt\u012bbas pieaugums<\/a> (SCTV), jo bez punktu pieauguma jebkura kr\u0101su simul\u0101cija b\u016btu maldino\u0161a. Ta\u010du tas diez vai ir realiz\u0113jams v\u0113l\u0101kais gal\u012bgaj\u0101 drukas materi\u0101l\u0101. \"<\/li>\n\n\n\n<li>\"Ar ko lietot\u0101ji var\u0113tu sal\u012bdzin\u0101t druk\u0101to kr\u0101su? Nav atsauces, tad k\u0101 j\u016bs varat izstr\u0101d\u0101t metodi, kas atrisina \u0161o probl\u0113mu?\"<\/li>\n\n\n\n<li class=\"translation-block\">\"Ja lietot\u0101ji v\u0113las PANTONE kr\u0101sas, vi\u0146iem ir j\u0101pieprasa X-Rite PANTONE to\u0146u ventilatoru ar atsauces bibliot\u0113k\u0101m. Esmu p\u0101rliecin\u0101ts, ka X-Rite b\u016bs priec\u012bgi nopeln\u012bt v\u0113l vair\u0101k naudas no PANTONE.\"<br>Divs cits autors raksta: \"M\u0113s par to jaut\u0101j\u0101m Pantone - vi\u0146i neredz\u0113ja vajadz\u012bbu, vi\u0146u kr\u0101su ce\u013cve\u017ei bija tikai ce\u013cve\u017ei un bija gr\u016bti izdruk\u0101t vair\u0101kas kr\u0101sas ar pareizo <a href=\"https:\/\/blog1.proofen.de\/es\/lexico-2\/tvi\/\" target=\"_self\" class=\"encyclopedia tooltipstered\">TVI<\/a>. Ar\u012b v\u0113rt\u012bbu apr\u0113\u0137in\u0101\u0161ana un public\u0113\u0161ana ar SCTV tolaik PANTONE nebija interesanta.\"<\/li>\n<\/ul>\n\n\n\n<h3 class=\"wp-block-heading\">N\u0113, z\u012bmola \u012bpa\u0161niekiem tas nav nepiecie\u0161ams, jo vi\u0146i jau ir perfekti defin\u0113ju\u0161i, izm\u0113r\u012bju\u0161i un saska\u0146oju\u0161i sava z\u012bmola kr\u0101su ar drukas substr\u0101tiem. T\u0101p\u0113c z\u012bmola izstr\u0101d\u0101jumi vienm\u0113r b\u016bs lab\u0101ki par standarta izstr\u0101d\u0101jumiem, un t\u0101p\u0113c tas nav nepiecie\u0161ams.<\/h3>\n\n\n\n<ul class=\"wp-block-list\">\n<li>\"Z\u012bmola \u012bpa\u0161niekiem parasti ir prec\u012bzi defin\u0113ts katrs drukas process, katrs substr\u0101ts un katra kr\u0101sa, kas paredz\u0113ta vi\u0146u z\u012bmola kr\u0101su produktiem, un vi\u0146i str\u0101d\u0101 ar \u012bpa\u0161iem iestat\u012bjumiem, kr\u0101su komplektiem un kr\u0101su formul\u0101m, kas ir perfekti piem\u0113rotas vi\u0146u \u012bpa\u0161aj\u0101m kr\u0101s\u0101m. T\u0101p\u0113c vi\u0146i nestr\u0101d\u0101tu saska\u0146\u0101 ar standartu, jo vi\u0146i zina un var v\u0113l lab\u0101k kontrol\u0113t savu kr\u0101su, t\u0101p\u0113c standarts z\u012bmolu \u012bpa\u0161niekiem b\u016btu dr\u012bz\u0101k solis atpaka\u013c.\"<\/li>\n\n\n\n<li>\"Nav visp\u0101r\u0113jas \"atsauces\", ko v\u0113l\u0113tos lielie tirgus dal\u012bbnieki. Vi\u0146iem visiem ir savas atsauces, un vi\u0146i nekad nepie\u0146ems pier\u0101d\u012bjumu, kas v\u0113las b\u016bt \"pareizs\" ar DeltaE 3.\"<\/li>\n\n\n\n<li class=\"translation-block\">\"Vai mums ir j\u0101izstr\u0101d\u0101 standarti un metodes visam, ko lietot\u0101ji dara? Dizaineri dom\u0101, ka PANTONE ventilators ir atsauce, lai gan t\u0101 nav. Digit\u0101l\u0101 bibliot\u0113ka ar atsauces v\u0113rt\u012bb\u0101m \u0161o probl\u0113mu neatrisin\u0101s, jo neviens \u012bsti nezina, k\u0101 digit\u0101lo bibliot\u0113ku izmantot. Kad lietot\u0101js InDesign programm\u0101 maina Pantone kr\u0101sas necaursp\u012bd\u012bgumu vai caursp\u012bd\u012bgumu, tas novirz\u0101s no jau t\u0101 nepiln\u012bg\u0101s punktu<a href=\"https:\/\/blog1.proofen.de\/es\/lexico-2\/sistema-de-colores\/\" target=\"_self\" class=\"encyclopedia tooltipstered\">kr\u0101su sist\u0113mas<\/a>, un padara to v\u0113l maz\u0101k izmantojamu.\"<\/li>\n<\/ul>\n\n\n\n<h3 class=\"wp-block-heading\">J\u0101, katrs korekt\u016bras programmat\u016bras vai m\u012bksto korekt\u016bras risin\u0101jumu ra\u017eot\u0101js tik un t\u0101 apr\u0113\u0137ina nekr\u012btoto kr\u0101su to\u0146u v\u0113rt\u012bbas, t\u0101p\u0113c b\u016btu lietder\u012bgi standartiz\u0113ti att\u0113lot nekr\u012btoto kr\u0101su to\u0146u v\u0113rt\u012bbas, lai saska\u0146otu korekt\u016bras un m\u012bksto korekt\u016bru att\u0113lojumu.<\/h3>\n\n\n\n<ul class=\"wp-block-list\">\n<li class=\"translation-block\">\"Pakalpojumu sniedz\u0113jiem un programmat\u016bras ra\u017eot\u0101jiem, kas darbojas p\u0101rbaudes un <a href=\"https:\/\/blog1.proofen.de\/es\/lexico-2\/softproof\/\" target=\"_self\" class=\"encyclopedia tooltipstered\">m\u012bksto p\u0101rbau\u017eu<\/a> nozar\u0113, specifik\u0101cija b\u016btu lietder\u012bga, jo pa\u0161laik katrs sav\u0101 programmat\u016br\u0101 ievie\u0161 savas idejas un p\u0101rbaudes no da\u017e\u0101d\u0101m programmat\u016br\u0101m <a href=\"https:\/\/blog1.proofen.de\/es\/lexico-2\/rip\/\" target=\"_self\" class=\"encyclopedia tooltipstered\">RIP<\/a> no viena un t\u0101 pa\u0161a PDF faila ar plankumain\u0101m kr\u0101s\u0101m var izskat\u012bties piln\u012bgi da\u017e\u0101di. Dizaineriem, korekt\u016bras iespied\u0113jiem un maz\u0101k\u0101m tipogr\u0101fij\u0101m b\u016btu \u013coti v\u0113lama saska\u0146ota p\u0101rbaude.\"<\/li>\n\n\n\n<li class=\"translation-block\">T\u0101 k\u0101 nav atsauces, jebkura programmat\u016bra var apgalvot, ka t\u0101 ir \"pareiz\u0101\". T\u0101p\u0113c mums b\u016btu j\u0101izv\u0113rt\u0113, k\u0101diem lieto\u0161anas gad\u012bjumiem absol\u016bt\u0101 un k\u0101diem medijiem piel\u0101got\u0101 <a href=\"https:\/\/blog1.proofen.de\/es\/lexico-2\/ubicacion-del-color\/\" target=\"_self\" class=\"encyclopedia tooltipstered\">kr\u0101sas atra\u0161an\u0101s vieta<\/a> ir lab\u0101ka un k\u0101da ir lab\u0101k\u0101 interpol\u0101cijas metode, pamatojoties uz \u0161\u012bm v\u0113rt\u012bb\u0101m.\"<\/li>\n<\/ul>\n\n\n\n<p class=\"wp-block-paragraph\">Andreas Kraushaar no Fogra ar\u012b v\u0113las uzs\u0101kt p\u0113tniec\u012bbas projektu par \u0161o t\u0113mu, pamatojoties uz atsauksm\u0113m. Vi\u0146\u0161 apkopo diskusiju no Fogra viedok\u013ca \u0161\u0101di:<\/p>\n\n\n\n<p class=\"wp-block-paragraph translation-block\">\"Praktisk\u0101 probl\u0113ma ir t\u0101, ka j\u016bs zin\u0101t konkr\u0113tu plankumaino kr\u0101su un t\u0101s CIELAB v\u0113rt\u012bbas un <a href=\"https:\/\/blog1.proofen.de\/es\/lexico-2\/espectro\/\" target=\"_self\" class=\"encyclopedia tooltipstered\">spektru<\/a>, kad t\u0101 tiek lietota k\u0101 vienkr\u0101sa. Bet nekas vair\u0101k. Dizaineru melnrakstos bie\u017ei vien ir \u0161\u012bs vienkr\u0101sas to\u0146i, un rodas jaut\u0101jums: k\u0101 \u0161o kr\u0101su var dro\u0161i <a href=\"https:\/\/blog1.proofen.de\/es\/lexico-2\/pruebe\/\" target=\"_self\" class=\"encyclopedia tooltipstered\">p\u0101rbaud\u012bt<\/a> un reproduc\u0113t? L\u012bdz \u0161im neviens nevar prec\u012bzi atrisin\u0101t \u0161o probl\u0113mu. Tom\u0113r, ja m\u0113s izmantosim zin\u0101\u0161anas par kr\u0101s\u0101m un druk\u0101\u0161anu, k\u0101 ar\u012b modern\u0101s ton\u0101lo v\u0113rt\u012bbu metodes (piem\u0113ram, SCTV), m\u0113s var\u0113tu ieteikt metodi, ko var izmantot gan RIP, lai p\u0101rbaud\u012btu \u0161\u0101dus to\u0146us, gan iespied\u0113jiem, lai piem\u0113rotu TVI l\u012bkni vai RIP korekciju. M\u0113r\u0137is b\u016btu ierosin\u0101t \u0161\u0101du metodi, lai atvieglotu kr\u0101su sazi\u0146u. Protams, nevienam t\u0101 nav j\u0101iev\u0113ro un var dar\u012bt, ko v\u0113las. Standartiz\u0101cija ir <a href=\"https:\/\/blog1.proofen.de\/es\/lexico-2\/led\/\" target=\"_self\" class=\"encyclopedia tooltipstered\">led<\/a> tikai Fogra pied\u0101v\u0101jums nozarei prognoz\u0113jamai drukas ra\u017eo\u0161anai. Tom\u0113r t\u016bl\u012bt\u0113j\u0101m kr\u0101s\u0101m \u0161\u0101da standartiz\u0113ta drukas produkcija pa\u0161laik nav iesp\u0113jama.\"<\/p>\n\n\n\n<p class=\"wp-block-paragraph\"><\/p>\n\n\n\n<p class=\"wp-block-paragraph\"><\/p>\n\n\n\n<p class=\"wp-block-paragraph\"><\/p>\n\n\n\n<p class=\"wp-block-paragraph\"><\/p>\n\n\n\n<p class=\"wp-block-paragraph\"><\/p>","protected":false},"excerpt":{"rendered":"<p>P\u0113d\u0113j\u0101s ned\u0113\u013c\u0101s Fogra digit\u0101l\u0101s drukas adres\u0101tu sarakst\u0101 ir notiku\u0161as garas diskusijas par to, vai b\u016btu j\u0101uzs\u0101k p\u0113tniec\u012bbas projekts, lai noteiktu standartiz\u0113tas ton\u0101l\u0101s v\u0113rt\u012bbas grad\u0101cijas nekr\u012btotaj\u0101m kr\u0101s\u0101m. Par ko ir runa? CMYK un septi\u0146kr\u0101su drukas jom\u0101 skaidru, druk\u0101jamu un p\u0101rbaud\u0101mu standartu defin\u0113\u0161ana ir labi izstr\u0101d\u0101ta un praks\u0113 p\u0101rbaud\u012bta. Ja ir zin\u0101ms un defin\u0113ts pap\u012brs vai pap\u012bra klase, ir noteikts m\u0113r\u012b\u0161anas standarts, piem\u0113ram, M0\/M1\/M2, un ir zin\u0101ms optisko balin\u0101t\u0101ju saturs, p\u0113c tam izdruk\u0101 var ieg\u016bt izcili prec\u012bzu drukas att\u0113lojumu. ... <\/p>\n<p class=\"read-more-container\"><a title=\"Prec\u012bza ton\u0101lo v\u0113rt\u012bbu p\u0101rbaude izlases kr\u0101s\u0101s\" class=\"read-more button\" href=\"http:\/\/blog.proofs.de\/lv\/tonwerte-von-sonderfarben-praezise-proofen\/#more-5609\" aria-label=\"Uzziniet vair\u0101k par prec\u012bzu ton\u0101lo v\u0113rt\u012bbu noteik\u0161anu izlases kr\u0101s\u0101s\">Las\u012bt vair\u0101k<\/a><\/p>","protected":false},"author":2,"featured_media":5638,"comment_status":"open","ping_status":"open","sticky":false,"template":"","format":"standard","meta":{"om_disable_all_campaigns":false,"inline_featured_image":false,"_monsterinsights_skip_tracking":false,"footnotes":""},"categories":[1],"tags":[526,1379,1380,1383,528,1384,1382,673,1377,1378,1381],"class_list":["post-5609","post","type-post","status-publish","format-standard","has-post-thumbnail","hentry","category-allgemein","tag-pantone","tag-pantone-tint","tag-pantone-tints","tag-pantone-tonwerte","tag-sonderfarbe","tag-sonderfarben-proofen","tag-sonderfarbtonwerte","tag-spotfarbe","tag-spotfarben","tag-tint","tag-tonwertabstufungen","generate-columns","tablet-grid-50","mobile-grid-100","grid-parent","grid-50","no-featured-image-padding","resize-featured-image"],"aioseo_notices":[],"aioseo_head":"\n\t\t<!-- All in One SEO 5.0.1.1 - aioseo.com -->\n\t<meta name=\"description\" content=\"Tonwertabstufungen von Spotfarben: Die Fogra m\u00f6chte ein Forschungsprojekt starten, um die Darstellung zu pr\u00e4zisieren und f\u00fcr den Proof zu vereinheitlichen.\" \/>\n\t<meta name=\"robots\" content=\"max-image-preview:large\" \/>\n\t<meta name=\"author\" content=\"Matthias Betz\"\/>\n\t<meta name=\"google-site-verification\" content=\"TuXxyRwxcEg2-WfOaQ8vScWQh3-uBAnxXmY7g3GT90A\" \/>\n\t<meta name=\"keywords\" content=\"pantone,pantone tint,pantone tints,pantone tonwerte,sonderfarbe,sonderfarben proofen,sonderfarbtonwerte,spotfarbe,spotfarben,tint,tonwertabstufungen\" \/>\n\t<link rel=\"canonical\" href=\"http:\/\/blog.proofs.de\/lv\/tonwerte-von-sonderfarben-praezise-proofen\/\" \/>\n\t<meta name=\"generator\" content=\"All in One SEO (AIOSEO) 5.0.1.1\" \/>\n\n\t\t<meta name=\"seobility\" content=\"593a8578143db71543f014978c690d47\">\n\t\t<meta property=\"og:locale\" content=\"lv_LV\" \/>\n\t\t<meta property=\"og:site_name\" content=\"Proof.de | Alles zu Proof, Farbmanagement, Grafik, Messtechnik &amp; Co.\" \/>\n\t\t<meta property=\"og:type\" content=\"article\" \/>\n\t\t<meta property=\"og:title\" content=\"Tonwerte von Sonderfarben pr\u00e4zise proofen | proof.de\" \/>\n\t\t<meta property=\"og:description\" content=\"Tonwertabstufungen von Spotfarben: Die Fogra m\u00f6chte ein Forschungsprojekt starten, um die Darstellung zu pr\u00e4zisieren und f\u00fcr den Proof zu vereinheitlichen.\" \/>\n\t\t<meta property=\"og:url\" content=\"http:\/\/blog.proofs.de\/lv\/tonwerte-von-sonderfarben-praezise-proofen\/\" \/>\n\t\t<meta property=\"og:image\" content=\"http:\/\/blog.proofs.de\/wp-content\/uploads\/2024\/03\/proof_de_spotcolor_tints_for_measurement-scaled.jpg\" \/>\n\t\t<meta property=\"og:image:width\" content=\"2560\" \/>\n\t\t<meta property=\"og:image:height\" content=\"1987\" \/>\n\t\t<meta property=\"article:published_time\" content=\"2024-04-15T23:16:43+00:00\" \/>\n\t\t<meta property=\"article:modified_time\" content=\"2024-04-16T15:37:24+00:00\" \/>\n\t\t<meta property=\"article:publisher\" content=\"https:\/\/www.facebook.com\/Proof.de\/\" \/>\n\t\t<meta name=\"twitter:card\" content=\"summary\" \/>\n\t\t<meta name=\"twitter:title\" content=\"Tonwerte von Sonderfarben pr\u00e4zise proofen | proof.de\" \/>\n\t\t<meta name=\"twitter:description\" content=\"Tonwertabstufungen von Spotfarben: Die Fogra m\u00f6chte ein Forschungsprojekt starten, um die Darstellung zu pr\u00e4zisieren und f\u00fcr den Proof zu vereinheitlichen.\" \/>\n\t\t<meta name=\"twitter:image\" content=\"https:\/\/blog.proofs.de\/wp-content\/uploads\/2024\/03\/proof_de_spotcolor_tints_for_measurement-scaled.jpg\" \/>\n\t\t<script type=\"application\/ld+json\" class=\"aioseo-schema\">\n\t\t\t{\"@context\":\"https:\\\/\\\/schema.org\",\"@graph\":[{\"@type\":\"Article\",\"@id\":\"http:\\\/\\\/blog.proofs.de\\\/lv\\\/tonwerte-von-sonderfarben-praezise-proofen\\\/#article\",\"name\":\"Tonwerte von Sonderfarben pr\\u00e4zise proofen | proof.de\",\"headline\":\"Tonwerte von Sonderfarben pr\\u00e4zise proofen\",\"author\":{\"@id\":\"http:\\\/\\\/blog.proofs.de\\\/lv\\\/author\\\/mbetz\\\/#author\"},\"publisher\":{\"@id\":\"http:\\\/\\\/blog.proofs.de\\\/lv\\\/#organization\"},\"image\":{\"@type\":\"ImageObject\",\"url\":\"https:\\\/\\\/blog.proofs.de\\\/wp-content\\\/uploads\\\/2024\\\/03\\\/proof_de_spotcolor_tints_for_measurement-scaled.jpg\",\"width\":2560,\"height\":1987,\"caption\":\"Proof.de Spotcolor Tints f\\u00fcr Messung\"},\"datePublished\":\"2024-04-16T01:16:43+02:00\",\"dateModified\":\"2024-04-16T17:37:24+02:00\",\"inLanguage\":\"lv\",\"commentCount\":1,\"mainEntityOfPage\":{\"@id\":\"http:\\\/\\\/blog.proofs.de\\\/lv\\\/tonwerte-von-sonderfarben-praezise-proofen\\\/#webpage\"},\"isPartOf\":{\"@id\":\"http:\\\/\\\/blog.proofs.de\\\/lv\\\/tonwerte-von-sonderfarben-praezise-proofen\\\/#webpage\"},\"articleSection\":\"Allgemein, Pantone, PANTONE Tint, PANTONE Tints, PANTONE Tonwerte, Sonderfarbe, Sonderfarben proofen, Sonderfarbtonwerte, Spotfarbe, Spotfarben, Tint, Tonwertabstufungen\"},{\"@type\":\"BreadcrumbList\",\"@id\":\"http:\\\/\\\/blog.proofs.de\\\/lv\\\/tonwerte-von-sonderfarben-praezise-proofen\\\/#breadcrumblist\",\"itemListElement\":[{\"@type\":\"ListItem\",\"@id\":\"http:\\\/\\\/blog.proofs.de\\\/lv#listItem\",\"position\":1,\"name\":\"Home\",\"item\":\"http:\\\/\\\/blog.proofs.de\\\/lv\",\"nextItem\":{\"@type\":\"ListItem\",\"@id\":\"http:\\\/\\\/blog.proofs.de\\\/lv\\\/thema\\\/allgemein\\\/#listItem\",\"name\":\"Allgemein\"}},{\"@type\":\"ListItem\",\"@id\":\"http:\\\/\\\/blog.proofs.de\\\/lv\\\/thema\\\/allgemein\\\/#listItem\",\"position\":2,\"name\":\"Allgemein\",\"item\":\"http:\\\/\\\/blog.proofs.de\\\/lv\\\/thema\\\/allgemein\\\/\",\"nextItem\":{\"@type\":\"ListItem\",\"@id\":\"http:\\\/\\\/blog.proofs.de\\\/lv\\\/tonwerte-von-sonderfarben-praezise-proofen\\\/#listItem\",\"name\":\"Tonwerte von Sonderfarben pr\\u00e4zise proofen\"},\"previousItem\":{\"@type\":\"ListItem\",\"@id\":\"http:\\\/\\\/blog.proofs.de\\\/lv#listItem\",\"name\":\"Home\"}},{\"@type\":\"ListItem\",\"@id\":\"http:\\\/\\\/blog.proofs.de\\\/lv\\\/tonwerte-von-sonderfarben-praezise-proofen\\\/#listItem\",\"position\":3,\"name\":\"Tonwerte von Sonderfarben pr\\u00e4zise proofen\",\"previousItem\":{\"@type\":\"ListItem\",\"@id\":\"http:\\\/\\\/blog.proofs.de\\\/lv\\\/thema\\\/allgemein\\\/#listItem\",\"name\":\"Allgemein\"}}]},{\"@type\":\"Organization\",\"@id\":\"http:\\\/\\\/blog.proofs.de\\\/lv\\\/#organization\",\"name\":\"Proof GmbH\",\"description\":\"Farbverbindlicher Proof, Farbproof, Digitalproof und Online-Proof.\",\"url\":\"http:\\\/\\\/blog.proofs.de\\\/lv\\\/\",\"telephone\":\"+4970717952740\",\"logo\":{\"@type\":\"ImageObject\",\"url\":\"https:\\\/\\\/blog1.proofen.de\\\/wp-content\\\/uploads\\\/2019\\\/09\\\/logo_proof_rgb_mit_balken_250px.png\",\"@id\":\"http:\\\/\\\/blog.proofs.de\\\/lv\\\/tonwerte-von-sonderfarben-praezise-proofen\\\/#organizationLogo\"},\"image\":{\"@id\":\"http:\\\/\\\/blog.proofs.de\\\/lv\\\/tonwerte-von-sonderfarben-praezise-proofen\\\/#organizationLogo\"},\"sameAs\":[\"https:\\\/\\\/www.facebook.com\\\/Proof.de\\\/\",\"https:\\\/\\\/www.instagram.com\\\/proof.de\\\/\",\"https:\\\/\\\/www.tiktok.com\\\/@proof_de\",\"https:\\\/\\\/www.youtube.com\\\/channel\\\/UCk80fQVQ25wC9wu3SywB-Nw\",\"https:\\\/\\\/www.linkedin.com\\\/company\\\/proof-de\"]},{\"@type\":\"Person\",\"@id\":\"http:\\\/\\\/blog.proofs.de\\\/lv\\\/author\\\/mbetz\\\/#author\",\"url\":\"http:\\\/\\\/blog.proofs.de\\\/lv\\\/author\\\/mbetz\\\/\",\"name\":\"Matthias Betz\",\"image\":{\"@type\":\"ImageObject\",\"@id\":\"http:\\\/\\\/blog.proofs.de\\\/lv\\\/tonwerte-von-sonderfarben-praezise-proofen\\\/#authorImage\",\"url\":\"https:\\\/\\\/blog.proofs.de\\\/wp-content\\\/uploads\\\/2020\\\/10\\\/matthias-betz-e1603934518350-150x150.png\",\"width\":96,\"height\":96,\"caption\":\"Matthias Betz\"}},{\"@type\":\"WebPage\",\"@id\":\"http:\\\/\\\/blog.proofs.de\\\/lv\\\/tonwerte-von-sonderfarben-praezise-proofen\\\/#webpage\",\"url\":\"http:\\\/\\\/blog.proofs.de\\\/lv\\\/tonwerte-von-sonderfarben-praezise-proofen\\\/\",\"name\":\"Tonwerte von Sonderfarben pr\\u00e4zise proofen | proof.de\",\"description\":\"Tonwertabstufungen von Spotfarben: Die Fogra m\\u00f6chte ein Forschungsprojekt starten, um die Darstellung zu pr\\u00e4zisieren und f\\u00fcr den Proof zu vereinheitlichen.\",\"inLanguage\":\"lv\",\"isPartOf\":{\"@id\":\"http:\\\/\\\/blog.proofs.de\\\/lv\\\/#website\"},\"breadcrumb\":{\"@id\":\"http:\\\/\\\/blog.proofs.de\\\/lv\\\/tonwerte-von-sonderfarben-praezise-proofen\\\/#breadcrumblist\"},\"author\":{\"@id\":\"http:\\\/\\\/blog.proofs.de\\\/lv\\\/author\\\/mbetz\\\/#author\"},\"creator\":{\"@id\":\"http:\\\/\\\/blog.proofs.de\\\/lv\\\/author\\\/mbetz\\\/#author\"},\"image\":{\"@type\":\"ImageObject\",\"url\":\"https:\\\/\\\/blog.proofs.de\\\/wp-content\\\/uploads\\\/2024\\\/03\\\/proof_de_spotcolor_tints_for_measurement-scaled.jpg\",\"@id\":\"http:\\\/\\\/blog.proofs.de\\\/lv\\\/tonwerte-von-sonderfarben-praezise-proofen\\\/#mainImage\",\"width\":2560,\"height\":1987,\"caption\":\"Proof.de Spotcolor Tints f\\u00fcr Messung\"},\"primaryImageOfPage\":{\"@id\":\"http:\\\/\\\/blog.proofs.de\\\/lv\\\/tonwerte-von-sonderfarben-praezise-proofen\\\/#mainImage\"},\"datePublished\":\"2024-04-16T01:16:43+02:00\",\"dateModified\":\"2024-04-16T17:37:24+02:00\"},{\"@type\":\"WebSite\",\"@id\":\"http:\\\/\\\/blog.proofs.de\\\/lv\\\/#website\",\"url\":\"http:\\\/\\\/blog.proofs.de\\\/lv\\\/\",\"name\":\"Proof.de\",\"description\":\"Farbverbindlicher Proof, Farbproof, Digitalproof und Online-Proof.\",\"inLanguage\":\"lv\",\"publisher\":{\"@id\":\"http:\\\/\\\/blog.proofs.de\\\/lv\\\/#organization\"}}]}\n\t\t<\/script>\n\t\t<!-- All in One SEO -->\n\n","aioseo_head_json":{"title":"Prec\u012bza kr\u0101su ton\u0101lo v\u0113rt\u012bbu p\u0101rbaude | proof.de","description":"Plankumaino kr\u0101su to\u0146u v\u0113rt\u012bbu grad\u0101cijas: Fogra v\u0113las uzs\u0101kt izp\u0113tes projektu, lai preciz\u0113tu att\u0113lojumu un standartiz\u0113tu to, lai to var\u0113tu p\u0101rbaud\u012bt.","canonical_url":"http:\/\/blog.proofs.de\/lv\/tonwerte-von-sonderfarben-praezise-proofen\/","robots":"max-image-preview:large","keywords":"pantone,pantone tint,pantone tints,pantone tonwerte,sonderfarbe,sonderfarben proofen,sonderfarbtonwerte,spotfarbe,spotfarben,tint,tonwertabstufungen","webmasterTools":{"google-site-verification":"TuXxyRwxcEg2-WfOaQ8vScWQh3-uBAnxXmY7g3GT90A","miscellaneous":"&lt;meta name=\"seobility\" content=\"593a8578143db71543f014978c690d47\"&gt;"},"schema":{"@context":"https:\/\/schema.org","@graph":[{"@type":"Article","@id":"http:\/\/blog.proofs.de\/lv\/tonwerte-von-sonderfarben-praezise-proofen\/#article","name":"Tonwerte von Sonderfarben pr\u00e4zise proofen | proof.de","headline":"Tonwerte von Sonderfarben pr\u00e4zise proofen","author":{"@id":"http:\/\/blog.proofs.de\/lv\/author\/mbetz\/#author"},"publisher":{"@id":"http:\/\/blog.proofs.de\/lv\/#organization"},"image":{"@type":"ImageObject","url":"https:\/\/blog.proofs.de\/wp-content\/uploads\/2024\/03\/proof_de_spotcolor_tints_for_measurement-scaled.jpg","width":2560,"height":1987,"caption":"Proof.de Spotcolor Tints f\u00fcr Messung"},"datePublished":"2024-04-16T01:16:43+02:00","dateModified":"2024-04-16T17:37:24+02:00","inLanguage":"lv","commentCount":1,"mainEntityOfPage":{"@id":"http:\/\/blog.proofs.de\/lv\/tonwerte-von-sonderfarben-praezise-proofen\/#webpage"},"isPartOf":{"@id":"http:\/\/blog.proofs.de\/lv\/tonwerte-von-sonderfarben-praezise-proofen\/#webpage"},"articleSection":"Allgemein, Pantone, PANTONE Tint, PANTONE Tints, PANTONE Tonwerte, Sonderfarbe, Sonderfarben proofen, Sonderfarbtonwerte, Spotfarbe, Spotfarben, Tint, Tonwertabstufungen"},{"@type":"BreadcrumbList","@id":"http:\/\/blog.proofs.de\/lv\/tonwerte-von-sonderfarben-praezise-proofen\/#breadcrumblist","itemListElement":[{"@type":"ListItem","@id":"http:\/\/blog.proofs.de\/lv#listItem","position":1,"name":"Home","item":"http:\/\/blog.proofs.de\/lv","nextItem":{"@type":"ListItem","@id":"http:\/\/blog.proofs.de\/lv\/thema\/allgemein\/#listItem","name":"Allgemein"}},{"@type":"ListItem","@id":"http:\/\/blog.proofs.de\/lv\/thema\/allgemein\/#listItem","position":2,"name":"Allgemein","item":"http:\/\/blog.proofs.de\/lv\/thema\/allgemein\/","nextItem":{"@type":"ListItem","@id":"http:\/\/blog.proofs.de\/lv\/tonwerte-von-sonderfarben-praezise-proofen\/#listItem","name":"Tonwerte von Sonderfarben pr\u00e4zise proofen"},"previousItem":{"@type":"ListItem","@id":"http:\/\/blog.proofs.de\/lv#listItem","name":"Home"}},{"@type":"ListItem","@id":"http:\/\/blog.proofs.de\/lv\/tonwerte-von-sonderfarben-praezise-proofen\/#listItem","position":3,"name":"Tonwerte von Sonderfarben pr\u00e4zise proofen","previousItem":{"@type":"ListItem","@id":"http:\/\/blog.proofs.de\/lv\/thema\/allgemein\/#listItem","name":"Allgemein"}}]},{"@type":"Organization","@id":"http:\/\/blog.proofs.de\/lv\/#organization","name":"Proof GmbH","description":"Farbverbindlicher Proof, Farbproof, Digitalproof und Online-Proof.","url":"http:\/\/blog.proofs.de\/lv\/","telephone":"+4970717952740","logo":{"@type":"ImageObject","url":"https:\/\/blog1.proofen.de\/wp-content\/uploads\/2019\/09\/logo_proof_rgb_mit_balken_250px.png","@id":"http:\/\/blog.proofs.de\/lv\/tonwerte-von-sonderfarben-praezise-proofen\/#organizationLogo"},"image":{"@id":"http:\/\/blog.proofs.de\/lv\/tonwerte-von-sonderfarben-praezise-proofen\/#organizationLogo"},"sameAs":["https:\/\/www.facebook.com\/Proof.de\/","https:\/\/www.instagram.com\/proof.de\/","https:\/\/www.tiktok.com\/@proof_de","https:\/\/www.youtube.com\/channel\/UCk80fQVQ25wC9wu3SywB-Nw","https:\/\/www.linkedin.com\/company\/proof-de"]},{"@type":"Person","@id":"http:\/\/blog.proofs.de\/lv\/author\/mbetz\/#author","url":"http:\/\/blog.proofs.de\/lv\/author\/mbetz\/","name":"Matthias Betz","image":{"@type":"ImageObject","@id":"http:\/\/blog.proofs.de\/lv\/tonwerte-von-sonderfarben-praezise-proofen\/#authorImage","url":"https:\/\/blog.proofs.de\/wp-content\/uploads\/2020\/10\/matthias-betz-e1603934518350-150x150.png","width":96,"height":96,"caption":"Matthias Betz"}},{"@type":"WebPage","@id":"http:\/\/blog.proofs.de\/lv\/tonwerte-von-sonderfarben-praezise-proofen\/#webpage","url":"http:\/\/blog.proofs.de\/lv\/tonwerte-von-sonderfarben-praezise-proofen\/","name":"Tonwerte von Sonderfarben pr\u00e4zise proofen | proof.de","description":"Tonwertabstufungen von Spotfarben: Die Fogra m\u00f6chte ein Forschungsprojekt starten, um die Darstellung zu pr\u00e4zisieren und f\u00fcr den Proof zu vereinheitlichen.","inLanguage":"lv","isPartOf":{"@id":"http:\/\/blog.proofs.de\/lv\/#website"},"breadcrumb":{"@id":"http:\/\/blog.proofs.de\/lv\/tonwerte-von-sonderfarben-praezise-proofen\/#breadcrumblist"},"author":{"@id":"http:\/\/blog.proofs.de\/lv\/author\/mbetz\/#author"},"creator":{"@id":"http:\/\/blog.proofs.de\/lv\/author\/mbetz\/#author"},"image":{"@type":"ImageObject","url":"https:\/\/blog.proofs.de\/wp-content\/uploads\/2024\/03\/proof_de_spotcolor_tints_for_measurement-scaled.jpg","@id":"http:\/\/blog.proofs.de\/lv\/tonwerte-von-sonderfarben-praezise-proofen\/#mainImage","width":2560,"height":1987,"caption":"Proof.de Spotcolor Tints f\u00fcr Messung"},"primaryImageOfPage":{"@id":"http:\/\/blog.proofs.de\/lv\/tonwerte-von-sonderfarben-praezise-proofen\/#mainImage"},"datePublished":"2024-04-16T01:16:43+02:00","dateModified":"2024-04-16T17:37:24+02:00"},{"@type":"WebSite","@id":"http:\/\/blog.proofs.de\/lv\/#website","url":"http:\/\/blog.proofs.de\/lv\/","name":"Proof.de","description":"Farbverbindlicher Proof, Farbproof, Digitalproof und Online-Proof.","inLanguage":"lv","publisher":{"@id":"http:\/\/blog.proofs.de\/lv\/#organization"}}]},"og:locale":"lv_LV","og:site_name":"Proof.de | Alles zu Proof, Farbmanagement, Grafik, Messtechnik &amp; Co.","og:type":"article","og:title":"Tonwerte von Sonderfarben pr\u00e4zise proofen | proof.de","og:description":"Tonwertabstufungen von Spotfarben: Die Fogra m\u00f6chte ein Forschungsprojekt starten, um die Darstellung zu pr\u00e4zisieren und f\u00fcr den Proof zu vereinheitlichen.","og:url":"http:\/\/blog.proofs.de\/lv\/tonwerte-von-sonderfarben-praezise-proofen\/","og:image":"http:\/\/blog.proofs.de\/wp-content\/uploads\/2024\/03\/proof_de_spotcolor_tints_for_measurement-scaled.jpg","og:image:width":2560,"og:image:height":1987,"article:published_time":"2024-04-15T23:16:43+00:00","article:modified_time":"2024-04-16T15:37:24+00:00","article:publisher":"https:\/\/www.facebook.com\/Proof.de\/","twitter:card":"summary","twitter:title":"Tonwerte von Sonderfarben pr\u00e4zise proofen | proof.de","twitter:description":"Tonwertabstufungen von Spotfarben: Die Fogra m\u00f6chte ein Forschungsprojekt starten, um die Darstellung zu pr\u00e4zisieren und f\u00fcr den Proof zu vereinheitlichen.","twitter:image":"https:\/\/blog.proofs.de\/wp-content\/uploads\/2024\/03\/proof_de_spotcolor_tints_for_measurement-scaled.jpg"},"aioseo_meta_data":{"post_id":"5609","title":null,"description":"Plankumaino kr\u0101su to\u0146u v\u0113rt\u012bbu grad\u0101cijas: Fogra v\u0113las uzs\u0101kt izp\u0113tes projektu, lai preciz\u0113tu att\u0113lojumu un standartiz\u0113tu to, lai to var\u0113tu p\u0101rbaud\u012bt.","keywords":[],"keyphrases":{"focus":{"keyphrase":"","score":0,"analysis":{"keyphraseInTitle":{"score":0,"maxScore":9,"error":1}}},"additional":[]},"primary_term":null,"canonical_url":null,"og_title":null,"og_description":null,"og_object_type":"default","og_image_type":"default","og_image_url":null,"og_image_width":null,"og_image_height":null,"og_image_custom_url":null,"og_image_custom_fields":null,"og_video":"","og_custom_url":null,"og_article_section":null,"og_article_tags":[],"twitter_use_og":true,"twitter_card":"default","twitter_image_type":"default","twitter_image_url":null,"twitter_image_custom_url":null,"twitter_image_custom_fields":null,"twitter_title":null,"twitter_description":null,"schema":{"blockGraphs":[],"customGraphs":[],"default":{"data":{"Article":[],"Course":[],"Dataset":[],"FAQPage":[],"Movie":[],"Person":[],"Product":[],"ProductReview":[],"Car":[],"Recipe":[],"Service":[],"SoftwareApplication":[],"WebPage":[]},"graphName":"Article","isEnabled":true},"graphs":[]},"schema_type":"default","schema_type_options":null,"pillar_content":false,"robots_default":true,"robots_noindex":false,"robots_noarchive":false,"robots_nosnippet":false,"robots_nofollow":false,"robots_noimageindex":false,"robots_noodp":false,"robots_notranslate":false,"robots_max_snippet":"-1","robots_max_videopreview":"-1","robots_max_imagepreview":"large","priority":null,"frequency":"default","local_seo":null,"breadcrumb_settings":null,"limit_modified_date":false,"ai":null,"created":"2024-03-04 23:43:27","updated":"2025-06-04 14:29:05","seo_analyzer_scan_date":null,"focus_keyword":null,"additional_keywords":null,"truseo_locale":null},"_links":{"self":[{"href":"http:\/\/blog.proofs.de\/lv\/wp-json\/wp\/v2\/posts\/5609","targetHints":{"allow":["GET"]}}],"collection":[{"href":"http:\/\/blog.proofs.de\/lv\/wp-json\/wp\/v2\/posts"}],"about":[{"href":"http:\/\/blog.proofs.de\/lv\/wp-json\/wp\/v2\/types\/post"}],"author":[{"embeddable":true,"href":"http:\/\/blog.proofs.de\/lv\/wp-json\/wp\/v2\/users\/2"}],"replies":[{"embeddable":true,"href":"http:\/\/blog.proofs.de\/lv\/wp-json\/wp\/v2\/comments?post=5609"}],"version-history":[{"count":20,"href":"http:\/\/blog.proofs.de\/lv\/wp-json\/wp\/v2\/posts\/5609\/revisions"}],"predecessor-version":[{"id":5723,"href":"http:\/\/blog.proofs.de\/lv\/wp-json\/wp\/v2\/posts\/5609\/revisions\/5723"}],"wp:featuredmedia":[{"embeddable":true,"href":"http:\/\/blog.proofs.de\/lv\/wp-json\/wp\/v2\/media\/5638"}],"wp:attachment":[{"href":"http:\/\/blog.proofs.de\/lv\/wp-json\/wp\/v2\/media?parent=5609"}],"wp:term":[{"taxonomy":"category","embeddable":true,"href":"http:\/\/blog.proofs.de\/lv\/wp-json\/wp\/v2\/categories?post=5609"},{"taxonomy":"post_tag","embeddable":true,"href":"http:\/\/blog.proofs.de\/lv\/wp-json\/wp\/v2\/tags?post=5609"}],"curies":[{"name":"wp","href":"https:\/\/api.w.org\/{rel}","templated":true}]}}