{"id":6180,"date":"2025-08-19T11:11:52","date_gmt":"2025-08-19T09:11:52","guid":{"rendered":"https:\/\/www.proof.de\/?p=6180"},"modified":"2025-09-19T11:13:54","modified_gmt":"2025-09-19T09:13:54","slug":"vacijas-krasu-zinatnes-biedribas-ikgadeja-konference-no-7-lidz-9-oktobrim-tu-dresdene","status":"publish","type":"post","link":"http:\/\/blog.proofs.de\/lv\/jahrestagung-deutsche-farbwissenschaftliche-gesellschaft-vom-7-9-oktober-an-der-tu-dresden\/","title":{"rendered":"V\u0101cijas Kr\u0101su zin\u0101tnes biedr\u012bbas ikgad\u0113j\u0101 konference no 7. l\u012bdz 9. oktobrim Dr\u0113zdenes Tehniskaj\u0101 universit\u0101t\u0113"},"content":{"rendered":"<div class=\"kk-star-ratings kksr-auto kksr-align-right kksr-valign-top\" data-payload='{\"align\":\"right\",\"id\":\"6180\",\"slug\":\"default\",\"valign\":\"top\",\"ignore\":\"\",\"reference\":\"auto\",\"class\":\"\",\"count\":\"1\",\"legendonly\":\"\",\"readonly\":\"\",\"score\":\"5\",\"starsonly\":\"\",\"best\":\"5\",\"gap\":\"5\",\"greet\":\"Jetzt bewerten\",\"legend\":\"5\\\/5 - (1 vote)\",\"size\":\"24\",\"title\":\"Jahrestagung Deutsche farbwissenschaftliche Gesellschaft vom 7.-9. Oktober an der TU Dresden\",\"width\":\"142.5\",\"_legend\":\"{score}\\\/{best} - ({count} {votes})\",\"font_factor\":\"1.25\"}'>\n            \n<div class=\"kksr-stars\">\n    \n<div class=\"kksr-stars-inactive\">\n            <div class=\"kksr-star\" data-star=\"1\" style=\"padding-right: 5px\">\n            \n\n<div class=\"kksr-icon\" style=\"width: 24px; height: 24px;\"><\/div>\n        <\/div>\n            <div class=\"kksr-star\" data-star=\"2\" style=\"padding-right: 5px\">\n            \n\n<div class=\"kksr-icon\" style=\"width: 24px; height: 24px;\"><\/div>\n        <\/div>\n            <div class=\"kksr-star\" data-star=\"3\" style=\"padding-right: 5px\">\n            \n\n<div class=\"kksr-icon\" style=\"width: 24px; height: 24px;\"><\/div>\n        <\/div>\n            <div class=\"kksr-star\" data-star=\"4\" style=\"padding-right: 5px\">\n            \n\n<div class=\"kksr-icon\" style=\"width: 24px; height: 24px;\"><\/div>\n        <\/div>\n            <div class=\"kksr-star\" data-star=\"5\" style=\"padding-right: 5px\">\n            \n\n<div class=\"kksr-icon\" style=\"width: 24px; height: 24px;\"><\/div>\n        <\/div>\n    <\/div>\n    \n<div class=\"kksr-stars-active\" style=\"width: 142.5px;\">\n            <div class=\"kksr-star\" style=\"padding-right: 5px\">\n            \n\n<div class=\"kksr-icon\" style=\"width: 24px; height: 24px;\"><\/div>\n        <\/div>\n            <div class=\"kksr-star\" style=\"padding-right: 5px\">\n            \n\n<div class=\"kksr-icon\" style=\"width: 24px; height: 24px;\"><\/div>\n        <\/div>\n            <div class=\"kksr-star\" style=\"padding-right: 5px\">\n            \n\n<div class=\"kksr-icon\" style=\"width: 24px; height: 24px;\"><\/div>\n        <\/div>\n            <div class=\"kksr-star\" style=\"padding-right: 5px\">\n            \n\n<div class=\"kksr-icon\" style=\"width: 24px; height: 24px;\"><\/div>\n        <\/div>\n            <div class=\"kksr-star\" style=\"padding-right: 5px\">\n            \n\n<div class=\"kksr-icon\" style=\"width: 24px; height: 24px;\"><\/div>\n        <\/div>\n    <\/div>\n<\/div>\n                \n\n<div class=\"kksr-legend\" style=\"font-size: 19.2px;\">\n            5\/5 - (1 balss)    <\/div>\n    <\/div>\n\n<p class=\"wp-block-paragraph\">\u0160ogad V\u0101cijas Kr\u0101su zin\u0101tnes biedr\u012bbas ikgad\u0113j\u0101 konference notiks oktobr\u012b Dr\u0113zden\u0113, Dr\u0113zdenes Tehnisk\u0101s universit\u0101tes Kr\u0101su teorijas kolekcij\u0101. <\/p>\n\n\n\n<p class=\"wp-block-paragraph\">K\u0101 V\u0101cijas Kr\u0101su zin\u0101tnes biedr\u012bba m\u0113s apl\u016bkojam kr\u0101su t\u0113mu no da\u017e\u0101diem aspektiem. \u0160\u012b gada konferenc\u0113 galven\u0101 uzman\u012bba tiks piev\u0113rsta kr\u0101sai arhitekt\u016br\u0101 un m\u0101ksl\u0101, k\u0101 ar\u012b kr\u0101sai apgaismojuma tehnolo\u0123ij\u0101, <a href=\"http:\/\/blog.proofs.de\/lv\/lexikon\/appearance\/\" target=\"_self\" title='Pa\u0161reiz\u0113jos kr\u0101su p\u0113t\u012bjumos termins &quot;izskats&quot; attiecas uz objekta vai virsmas kr\u0101sas uztveri da\u017e\u0101dos apgaismojuma apst\u0101k\u013cos un da\u017e\u0101d\u0101s vid\u0113s. Izskats attiecas uz to, k\u0101 cilv\u0113ki vizu\u0101li uztver kr\u0101sas un k\u0101 t\u0101s ietekm\u0113 gaismas \u012bpa\u0161\u012bbas, virsmas tekst\u016bra un citi vides faktori. 1....' class=\"encyclopedia\">Izskats<\/a> - vair\u0101k nek\u0101 kr\u0101sa, kr\u0101sa HDR, druk\u0101\u0161ana un kr\u0101sa ir starpdisciplin\u0101ras.<\/p>\n\n\n\n<p class=\"wp-block-paragraph\">Konferences programm\u0101 ir uzaicin\u0101ti piedal\u012bties run\u0101t\u0101ji no zin\u0101tnes, p\u0113tniec\u012bbas un r\u016bpniec\u012bbas nozares. Pirms konferences notiks semin\u0101rs par: (1) vien\u0101du kr\u0101su grad\u0101ciju uz ekr\u0101niem; (2) vien\u0101du kr\u0101su grad\u0101ciju uz ekr\u0101niem. <a href=\"http:\/\/blog.proofs.de\/lv\/lexikon\/farbsystem\/\" target=\"_self\" title=\"Kr\u0101su sist\u0113ma (vai kr\u0101su modelis) ir abstrakta matem\u0101tiska metode kr\u0101su noteik\u0161anai un preciz\u0113\u0161anai, k\u0101 ar\u012b to savstarp\u0113j\u0101m attiec\u012bb\u0101m. To bie\u017ei vien piel\u012bdzina kr\u0101su telpai, kas tom\u0113r ir konkr\u0113ts kr\u0101su sist\u0113mas pielietojums kr\u0101su nodro\u0161in\u0101\u0161anas metodei (printerim, ekr\u0101nam utt.).\" class=\"encyclopedia\">Kr\u0101su sist\u0113ma<\/a>e arhitekt\u016br\u0101, m\u0101ksl\u0101 un d\u0101rza dizain\u0101. Tas ietver praktiskus eksperimentus un m\u0113r\u012bjumus, k\u0101 ar\u012b ieskatu kr\u0101su teorijas kolekcijas ekspon\u0101tos.<\/p>\n\n\n\n<figure class=\"wp-block-image size-large\"><a href=\"https:\/\/dfwg.de\/wp-content\/uploads\/2025\/07\/Flyer-DfwG-JT2025_Programm.pdf\"><img loading=\"lazy\" decoding=\"async\" width=\"1024\" height=\"715\" src=\"http:\/\/blog.proofs.de\/wp-content\/uploads\/2025\/09\/Tagungsprogramm_Deutsche_farbwissenschaftliche_Gesellschaft_2025_Dresden-1024x715.png\" alt=\"V\u0101cijas Kr\u0101su zin\u0101tnes biedr\u012bbas 2025. gada konferences programma Dr\u0113zdenes Tehniskaj\u0101 universit\u0101t\u0113.\" class=\"wp-image-6181\" srcset=\"https:\/\/blog.proofs.de\/wp-content\/uploads\/2025\/09\/Tagungsprogramm_Deutsche_farbwissenschaftliche_Gesellschaft_2025_Dresden-1024x715.png 1024w, https:\/\/blog.proofs.de\/wp-content\/uploads\/2025\/09\/Tagungsprogramm_Deutsche_farbwissenschaftliche_Gesellschaft_2025_Dresden-300x210.png 300w, https:\/\/blog.proofs.de\/wp-content\/uploads\/2025\/09\/Tagungsprogramm_Deutsche_farbwissenschaftliche_Gesellschaft_2025_Dresden-768x536.png 768w, https:\/\/blog.proofs.de\/wp-content\/uploads\/2025\/09\/Tagungsprogramm_Deutsche_farbwissenschaftliche_Gesellschaft_2025_Dresden-18x12.png 18w, https:\/\/blog.proofs.de\/wp-content\/uploads\/2025\/09\/Tagungsprogramm_Deutsche_farbwissenschaftliche_Gesellschaft_2025_Dresden.png 1519w\" sizes=\"auto, (max-width: 1024px) 100vw, 1024px\"><\/a><\/figure>\n\n\n\n<p class=\"wp-block-paragraph\">\u0160ogad <a href=\"http:\/\/blog.proofs.de\/lv\/lexikon\/proof\/\" target=\"_self\" title=\"Korekt\u016bra (pareizi: l\u012bgumkorekt\u016bra) ir ISO 12647-7 sertific\u0113ta korekt\u016bras ier\u012bce grafikas m\u0101kslas nozar\u0113. Proba imit\u0113 ofseta drukas vai dobspiedes kr\u0101sain\u012bbu kr\u0101su un juridiski saisto\u0161\u0101 veid\u0101, iev\u0113rojot ISO standart\u0101 noteikt\u0101s \u0161aur\u0101s pielaides.\" class=\"encyclopedia\">Pier\u0101d\u012bjums<\/a> GmbH sponsor\u0113 vienu studentu ikgad\u0113jai konferencei, dodot iesp\u0113ju jaunietim bez maksas apmekl\u0113t konferenci Dr\u0113zden\u0113. <\/p>\n\n\n\n<p class=\"wp-block-paragraph\">Vai ar\u012b j\u016bs v\u0113l\u0113tos k\u013c\u016bt par sponsoru un atbalst\u012bt iniciat\u012bvu? V\u0113l ir viens kandid\u0101ts uz v\u0113l vienu studentu sponsoru. T\u0101p\u0113c, ja j\u016bs var\u0113tu dot iesp\u0113ju k\u0101dam jaunietim piedal\u012bties konferenc\u0113, l\u016bdzu, sazinieties ar DfwG sekretari\u0101tu jebkur\u0101 laik\u0101. <\/p>\n\n\n\n<p class=\"wp-block-paragraph\"><a href=\"https:\/\/dfwg.de\/dfwg-jahrestagungen\/dfwg-jahrestagung-2025-3\/\" title=\"\">Pla\u0161\u0101ka inform\u0101cija par ikgad\u0113jo konferenci un re\u0123istr\u0101cija atrodama \u0161eit DfwG t\u012bmek\u013ca vietn\u0113.<\/a>.<\/p>\n\n\n\n<p class=\"wp-block-paragraph\"><\/p>","protected":false},"excerpt":{"rendered":"<p>\u0160ogad V\u0101cijas Kr\u0101su zin\u0101tnes biedr\u012bbas ikgad\u0113j\u0101 konference notiks oktobr\u012b Dr\u0113zden\u0113, Dr\u0113zdenes Tehnisk\u0101s universit\u0101tes Kr\u0101su teorijas kolekcij\u0101. K\u0101 V\u0101cijas Kr\u0101su zin\u0101tnes biedr\u012bba m\u0113s apl\u016bkojam kr\u0101su t\u0113mu no da\u017e\u0101diem aspektiem. \u0160ogad konferenc\u0113 galven\u0101 uzman\u012bba tiks piev\u0113rsta kr\u0101sai arhitekt\u016br\u0101 un m\u0101ksl\u0101, kr\u0101sai apgaismojuma tehnolo\u0123ij\u0101, izskatam - vair\u0101k nek\u0101 tikai kr\u0101sai, kr\u0101sai HDR un druk\u0101\u0161an\u0101, k\u0101 ar\u012b starpdisciplin\u0101rai kr\u0101sai. Konferences programm\u0101 aicin\u0101ti piedal\u012bties run\u0101t\u0101ji no zin\u0101tnes, p\u0113tniec\u012bbas un r\u016bpniec\u012bbas nozar\u0113m. Gatavojoties konferencei, notiks semin\u0101rs par: (1) Ekr\u0101nu kr\u0101su grad\u0101ciju ar vien\u0101diem att\u0101lumiem; (2) Kr\u0101su sist\u0113m\u0101m ... <\/p>\n<p class=\"read-more-container\"><a title=\"V\u0101cijas Kr\u0101su zin\u0101tnes biedr\u012bbas ikgad\u0113j\u0101 konference no 7. l\u012bdz 9. oktobrim Dr\u0113zdenes Tehniskaj\u0101 universit\u0101t\u0113\" class=\"read-more button\" href=\"http:\/\/blog.proofs.de\/lv\/jahrestagung-deutsche-farbwissenschaftliche-gesellschaft-vom-7-9-oktober-an-der-tu-dresden\/#more-6180\" aria-label=\"Las\u012bt vair\u0101k par V\u0101cijas Kr\u0101su zin\u0101tnes biedr\u012bbas ikgad\u0113j\u0101 konference no 7. l\u012bdz 9. oktobrim Dr\u0113zdenes Tehniskaj\u0101 universit\u0101t\u0113\">Las\u012bt vair\u0101k<\/a><\/p>","protected":false},"author":2,"featured_media":6182,"comment_status":"open","ping_status":"open","sticky":false,"template":"","format":"standard","meta":{"om_disable_all_campaigns":false,"inline_featured_image":false,"_monsterinsights_skip_tracking":false,"footnotes":""},"categories":[1],"tags":[1449,1448,1450],"class_list":["post-6180","post","type-post","status-publish","format-standard","has-post-thumbnail","hentry","category-allgemein","tag-deutsche-farbwissenschaftliche-gesellschaft","tag-dfwg","tag-farbwissenschaftliche-gesellschaft","generate-columns","tablet-grid-50","mobile-grid-100","grid-parent","grid-50","no-featured-image-padding","resize-featured-image"],"aioseo_notices":[],"aioseo_head":"\n\t\t<!-- All in One SEO 5.0.1.1 - aioseo.com -->\n\t<meta name=\"description\" content=\"Die Jahrestagung der Deutschen farbwissenschaftlichen Gesellschaft 2025 in Dresden wird vom der Proof GmbH mit einer Studierendenpatenschaft unterst\u00fctzt.\" \/>\n\t<meta name=\"robots\" content=\"max-image-preview:large\" \/>\n\t<meta name=\"author\" content=\"Matthias Betz\"\/>\n\t<meta name=\"google-site-verification\" content=\"TuXxyRwxcEg2-WfOaQ8vScWQh3-uBAnxXmY7g3GT90A\" \/>\n\t<meta name=\"keywords\" content=\"deutsche farbwissenschaftliche gesellschaft,dfwg,farbwissenschaftliche gesellschaft\" \/>\n\t<link rel=\"canonical\" href=\"http:\/\/blog.proofs.de\/lv\/jahrestagung-deutsche-farbwissenschaftliche-gesellschaft-vom-7-9-oktober-an-der-tu-dresden\/\" \/>\n\t<meta name=\"generator\" content=\"All in One SEO (AIOSEO) 5.0.1.1\" \/>\n\n\t\t<meta name=\"seobility\" content=\"593a8578143db71543f014978c690d47\">\n\t\t<meta property=\"og:locale\" content=\"lv_LV\" \/>\n\t\t<meta property=\"og:site_name\" content=\"Proof.de | Alles zu Proof, Farbmanagement, Grafik, Messtechnik &amp; Co.\" \/>\n\t\t<meta property=\"og:type\" content=\"article\" \/>\n\t\t<meta property=\"og:title\" content=\"Jahrestagung Deutsche farbwissenschaftliche Gesellschaft 2025 | proof.de\" \/>\n\t\t<meta property=\"og:description\" content=\"Die Jahrestagung der Deutschen farbwissenschaftlichen Gesellschaft 2025 in Dresden wird vom der Proof GmbH mit einer Studierendenpatenschaft unterst\u00fctzt.\" \/>\n\t\t<meta property=\"og:url\" content=\"http:\/\/blog.proofs.de\/lv\/jahrestagung-deutsche-farbwissenschaftliche-gesellschaft-vom-7-9-oktober-an-der-tu-dresden\/\" \/>\n\t\t<meta property=\"og:image\" content=\"http:\/\/blog.proofs.de\/wp-content\/uploads\/2025\/09\/DfwG_logo_2023-1.png\" \/>\n\t\t<meta property=\"og:image:width\" content=\"994\" \/>\n\t\t<meta property=\"og:image:height\" content=\"600\" \/>\n\t\t<meta property=\"article:published_time\" content=\"2025-08-19T09:11:52+00:00\" \/>\n\t\t<meta property=\"article:modified_time\" content=\"2025-09-19T09:13:54+00:00\" \/>\n\t\t<meta property=\"article:publisher\" content=\"https:\/\/www.facebook.com\/Proof.de\/\" \/>\n\t\t<meta name=\"twitter:card\" content=\"summary\" \/>\n\t\t<meta name=\"twitter:title\" content=\"Jahrestagung Deutsche farbwissenschaftliche Gesellschaft 2025 | proof.de\" \/>\n\t\t<meta name=\"twitter:description\" content=\"Die Jahrestagung der Deutschen farbwissenschaftlichen Gesellschaft 2025 in Dresden wird vom der Proof GmbH mit einer Studierendenpatenschaft unterst\u00fctzt.\" \/>\n\t\t<meta name=\"twitter:image\" content=\"https:\/\/blog.proofs.de\/wp-content\/uploads\/2025\/09\/DfwG_logo_2023-1.png\" \/>\n\t\t<script type=\"application\/ld+json\" class=\"aioseo-schema\">\n\t\t\t{\"@context\":\"https:\\\/\\\/schema.org\",\"@graph\":[{\"@type\":\"Article\",\"@id\":\"http:\\\/\\\/blog.proofs.de\\\/lv\\\/jahrestagung-deutsche-farbwissenschaftliche-gesellschaft-vom-7-9-oktober-an-der-tu-dresden\\\/#article\",\"name\":\"Jahrestagung Deutsche farbwissenschaftliche Gesellschaft 2025 | proof.de\",\"headline\":\"Jahrestagung Deutsche farbwissenschaftliche Gesellschaft vom 7.-9. Oktober an der TU Dresden\",\"author\":{\"@id\":\"http:\\\/\\\/blog.proofs.de\\\/lv\\\/author\\\/mbetz\\\/#author\"},\"publisher\":{\"@id\":\"http:\\\/\\\/blog.proofs.de\\\/lv\\\/#organization\"},\"image\":{\"@type\":\"ImageObject\",\"url\":\"https:\\\/\\\/blog.proofs.de\\\/wp-content\\\/uploads\\\/2025\\\/09\\\/DfwG_logo_2023-1.png\",\"width\":994,\"height\":600},\"datePublished\":\"2025-08-19T11:11:52+02:00\",\"dateModified\":\"2025-09-19T11:13:54+02:00\",\"inLanguage\":\"lv\",\"mainEntityOfPage\":{\"@id\":\"http:\\\/\\\/blog.proofs.de\\\/lv\\\/jahrestagung-deutsche-farbwissenschaftliche-gesellschaft-vom-7-9-oktober-an-der-tu-dresden\\\/#webpage\"},\"isPartOf\":{\"@id\":\"http:\\\/\\\/blog.proofs.de\\\/lv\\\/jahrestagung-deutsche-farbwissenschaftliche-gesellschaft-vom-7-9-oktober-an-der-tu-dresden\\\/#webpage\"},\"articleSection\":\"Allgemein, Deutsche farbwissenschaftliche Gesellschaft, DfwG, farbwissenschaftliche Gesellschaft\"},{\"@type\":\"BreadcrumbList\",\"@id\":\"http:\\\/\\\/blog.proofs.de\\\/lv\\\/jahrestagung-deutsche-farbwissenschaftliche-gesellschaft-vom-7-9-oktober-an-der-tu-dresden\\\/#breadcrumblist\",\"itemListElement\":[{\"@type\":\"ListItem\",\"@id\":\"http:\\\/\\\/blog.proofs.de\\\/lv#listItem\",\"position\":1,\"name\":\"Home\",\"item\":\"http:\\\/\\\/blog.proofs.de\\\/lv\",\"nextItem\":{\"@type\":\"ListItem\",\"@id\":\"http:\\\/\\\/blog.proofs.de\\\/lv\\\/thema\\\/allgemein\\\/#listItem\",\"name\":\"Allgemein\"}},{\"@type\":\"ListItem\",\"@id\":\"http:\\\/\\\/blog.proofs.de\\\/lv\\\/thema\\\/allgemein\\\/#listItem\",\"position\":2,\"name\":\"Allgemein\",\"item\":\"http:\\\/\\\/blog.proofs.de\\\/lv\\\/thema\\\/allgemein\\\/\",\"nextItem\":{\"@type\":\"ListItem\",\"@id\":\"http:\\\/\\\/blog.proofs.de\\\/lv\\\/jahrestagung-deutsche-farbwissenschaftliche-gesellschaft-vom-7-9-oktober-an-der-tu-dresden\\\/#listItem\",\"name\":\"Jahrestagung Deutsche farbwissenschaftliche Gesellschaft vom 7.-9. Oktober an der TU Dresden\"},\"previousItem\":{\"@type\":\"ListItem\",\"@id\":\"http:\\\/\\\/blog.proofs.de\\\/lv#listItem\",\"name\":\"Home\"}},{\"@type\":\"ListItem\",\"@id\":\"http:\\\/\\\/blog.proofs.de\\\/lv\\\/jahrestagung-deutsche-farbwissenschaftliche-gesellschaft-vom-7-9-oktober-an-der-tu-dresden\\\/#listItem\",\"position\":3,\"name\":\"Jahrestagung Deutsche farbwissenschaftliche Gesellschaft vom 7.-9. Oktober an der TU Dresden\",\"previousItem\":{\"@type\":\"ListItem\",\"@id\":\"http:\\\/\\\/blog.proofs.de\\\/lv\\\/thema\\\/allgemein\\\/#listItem\",\"name\":\"Allgemein\"}}]},{\"@type\":\"Organization\",\"@id\":\"http:\\\/\\\/blog.proofs.de\\\/lv\\\/#organization\",\"name\":\"Proof GmbH\",\"description\":\"Farbverbindlicher Proof, Farbproof, Digitalproof und Online-Proof.\",\"url\":\"http:\\\/\\\/blog.proofs.de\\\/lv\\\/\",\"telephone\":\"+4970717952740\",\"logo\":{\"@type\":\"ImageObject\",\"url\":\"https:\\\/\\\/blog1.proofen.de\\\/wp-content\\\/uploads\\\/2019\\\/09\\\/logo_proof_rgb_mit_balken_250px.png\",\"@id\":\"http:\\\/\\\/blog.proofs.de\\\/lv\\\/jahrestagung-deutsche-farbwissenschaftliche-gesellschaft-vom-7-9-oktober-an-der-tu-dresden\\\/#organizationLogo\"},\"image\":{\"@id\":\"http:\\\/\\\/blog.proofs.de\\\/lv\\\/jahrestagung-deutsche-farbwissenschaftliche-gesellschaft-vom-7-9-oktober-an-der-tu-dresden\\\/#organizationLogo\"},\"sameAs\":[\"https:\\\/\\\/www.facebook.com\\\/Proof.de\\\/\",\"https:\\\/\\\/www.instagram.com\\\/proof.de\\\/\",\"https:\\\/\\\/www.tiktok.com\\\/@proof_de\",\"https:\\\/\\\/www.youtube.com\\\/channel\\\/UCk80fQVQ25wC9wu3SywB-Nw\",\"https:\\\/\\\/www.linkedin.com\\\/company\\\/proof-de\"]},{\"@type\":\"Person\",\"@id\":\"http:\\\/\\\/blog.proofs.de\\\/lv\\\/author\\\/mbetz\\\/#author\",\"url\":\"http:\\\/\\\/blog.proofs.de\\\/lv\\\/author\\\/mbetz\\\/\",\"name\":\"Matthias Betz\",\"image\":{\"@type\":\"ImageObject\",\"@id\":\"http:\\\/\\\/blog.proofs.de\\\/lv\\\/jahrestagung-deutsche-farbwissenschaftliche-gesellschaft-vom-7-9-oktober-an-der-tu-dresden\\\/#authorImage\",\"url\":\"https:\\\/\\\/blog.proofs.de\\\/wp-content\\\/uploads\\\/2020\\\/10\\\/matthias-betz-e1603934518350-150x150.png\",\"width\":96,\"height\":96,\"caption\":\"Matthias Betz\"}},{\"@type\":\"WebPage\",\"@id\":\"http:\\\/\\\/blog.proofs.de\\\/lv\\\/jahrestagung-deutsche-farbwissenschaftliche-gesellschaft-vom-7-9-oktober-an-der-tu-dresden\\\/#webpage\",\"url\":\"http:\\\/\\\/blog.proofs.de\\\/lv\\\/jahrestagung-deutsche-farbwissenschaftliche-gesellschaft-vom-7-9-oktober-an-der-tu-dresden\\\/\",\"name\":\"Jahrestagung Deutsche farbwissenschaftliche Gesellschaft 2025 | proof.de\",\"description\":\"Die Jahrestagung der Deutschen farbwissenschaftlichen Gesellschaft 2025 in Dresden wird vom der Proof GmbH mit einer Studierendenpatenschaft unterst\\u00fctzt.\",\"inLanguage\":\"lv\",\"isPartOf\":{\"@id\":\"http:\\\/\\\/blog.proofs.de\\\/lv\\\/#website\"},\"breadcrumb\":{\"@id\":\"http:\\\/\\\/blog.proofs.de\\\/lv\\\/jahrestagung-deutsche-farbwissenschaftliche-gesellschaft-vom-7-9-oktober-an-der-tu-dresden\\\/#breadcrumblist\"},\"author\":{\"@id\":\"http:\\\/\\\/blog.proofs.de\\\/lv\\\/author\\\/mbetz\\\/#author\"},\"creator\":{\"@id\":\"http:\\\/\\\/blog.proofs.de\\\/lv\\\/author\\\/mbetz\\\/#author\"},\"image\":{\"@type\":\"ImageObject\",\"url\":\"https:\\\/\\\/blog.proofs.de\\\/wp-content\\\/uploads\\\/2025\\\/09\\\/DfwG_logo_2023-1.png\",\"@id\":\"http:\\\/\\\/blog.proofs.de\\\/lv\\\/jahrestagung-deutsche-farbwissenschaftliche-gesellschaft-vom-7-9-oktober-an-der-tu-dresden\\\/#mainImage\",\"width\":994,\"height\":600},\"primaryImageOfPage\":{\"@id\":\"http:\\\/\\\/blog.proofs.de\\\/lv\\\/jahrestagung-deutsche-farbwissenschaftliche-gesellschaft-vom-7-9-oktober-an-der-tu-dresden\\\/#mainImage\"},\"datePublished\":\"2025-08-19T11:11:52+02:00\",\"dateModified\":\"2025-09-19T11:13:54+02:00\"},{\"@type\":\"WebSite\",\"@id\":\"http:\\\/\\\/blog.proofs.de\\\/lv\\\/#website\",\"url\":\"http:\\\/\\\/blog.proofs.de\\\/lv\\\/\",\"name\":\"Proof.de\",\"description\":\"Farbverbindlicher Proof, Farbproof, Digitalproof und Online-Proof.\",\"inLanguage\":\"lv\",\"publisher\":{\"@id\":\"http:\\\/\\\/blog.proofs.de\\\/lv\\\/#organization\"}}]}\n\t\t<\/script>\n\t\t<!-- All in One SEO -->\n\n","aioseo_head_json":{"title":"V\u0101cijas Kr\u0101su zin\u0101tnes biedr\u012bbas ikgad\u0113j\u0101 konference 2025 | proof.de","description":"V\u0101cijas Kr\u0101su zin\u0101tnes biedr\u012bbas 2025. gada konferenci Dr\u0113zden\u0113 atbalsta Proof GmbH ar studentu sponsor\u0113\u0161anas atbalstu.","canonical_url":"http:\/\/blog.proofs.de\/lv\/jahrestagung-deutsche-farbwissenschaftliche-gesellschaft-vom-7-9-oktober-an-der-tu-dresden\/","robots":"max-image-preview:large","keywords":"deutsche farbwissenschaftliche gesellschaft,dfwg,farbwissenschaftliche gesellschaft","webmasterTools":{"google-site-verification":"TuXxyRwxcEg2-WfOaQ8vScWQh3-uBAnxXmY7g3GT90A","miscellaneous":"&lt;meta name=\"seobility\" content=\"593a8578143db71543f014978c690d47\"&gt;"},"schema":{"@context":"https:\/\/schema.org","@graph":[{"@type":"Article","@id":"http:\/\/blog.proofs.de\/lv\/jahrestagung-deutsche-farbwissenschaftliche-gesellschaft-vom-7-9-oktober-an-der-tu-dresden\/#article","name":"Jahrestagung Deutsche farbwissenschaftliche Gesellschaft 2025 | proof.de","headline":"Jahrestagung Deutsche farbwissenschaftliche Gesellschaft vom 7.-9. Oktober an der TU Dresden","author":{"@id":"http:\/\/blog.proofs.de\/lv\/author\/mbetz\/#author"},"publisher":{"@id":"http:\/\/blog.proofs.de\/lv\/#organization"},"image":{"@type":"ImageObject","url":"https:\/\/blog.proofs.de\/wp-content\/uploads\/2025\/09\/DfwG_logo_2023-1.png","width":994,"height":600},"datePublished":"2025-08-19T11:11:52+02:00","dateModified":"2025-09-19T11:13:54+02:00","inLanguage":"lv","mainEntityOfPage":{"@id":"http:\/\/blog.proofs.de\/lv\/jahrestagung-deutsche-farbwissenschaftliche-gesellschaft-vom-7-9-oktober-an-der-tu-dresden\/#webpage"},"isPartOf":{"@id":"http:\/\/blog.proofs.de\/lv\/jahrestagung-deutsche-farbwissenschaftliche-gesellschaft-vom-7-9-oktober-an-der-tu-dresden\/#webpage"},"articleSection":"Allgemein, Deutsche farbwissenschaftliche Gesellschaft, DfwG, farbwissenschaftliche Gesellschaft"},{"@type":"BreadcrumbList","@id":"http:\/\/blog.proofs.de\/lv\/jahrestagung-deutsche-farbwissenschaftliche-gesellschaft-vom-7-9-oktober-an-der-tu-dresden\/#breadcrumblist","itemListElement":[{"@type":"ListItem","@id":"http:\/\/blog.proofs.de\/lv#listItem","position":1,"name":"Home","item":"http:\/\/blog.proofs.de\/lv","nextItem":{"@type":"ListItem","@id":"http:\/\/blog.proofs.de\/lv\/thema\/allgemein\/#listItem","name":"Allgemein"}},{"@type":"ListItem","@id":"http:\/\/blog.proofs.de\/lv\/thema\/allgemein\/#listItem","position":2,"name":"Allgemein","item":"http:\/\/blog.proofs.de\/lv\/thema\/allgemein\/","nextItem":{"@type":"ListItem","@id":"http:\/\/blog.proofs.de\/lv\/jahrestagung-deutsche-farbwissenschaftliche-gesellschaft-vom-7-9-oktober-an-der-tu-dresden\/#listItem","name":"Jahrestagung Deutsche farbwissenschaftliche Gesellschaft vom 7.-9. Oktober an der TU Dresden"},"previousItem":{"@type":"ListItem","@id":"http:\/\/blog.proofs.de\/lv#listItem","name":"Home"}},{"@type":"ListItem","@id":"http:\/\/blog.proofs.de\/lv\/jahrestagung-deutsche-farbwissenschaftliche-gesellschaft-vom-7-9-oktober-an-der-tu-dresden\/#listItem","position":3,"name":"Jahrestagung Deutsche farbwissenschaftliche Gesellschaft vom 7.-9. Oktober an der TU Dresden","previousItem":{"@type":"ListItem","@id":"http:\/\/blog.proofs.de\/lv\/thema\/allgemein\/#listItem","name":"Allgemein"}}]},{"@type":"Organization","@id":"http:\/\/blog.proofs.de\/lv\/#organization","name":"Proof GmbH","description":"Farbverbindlicher Proof, Farbproof, Digitalproof und Online-Proof.","url":"http:\/\/blog.proofs.de\/lv\/","telephone":"+4970717952740","logo":{"@type":"ImageObject","url":"https:\/\/blog1.proofen.de\/wp-content\/uploads\/2019\/09\/logo_proof_rgb_mit_balken_250px.png","@id":"http:\/\/blog.proofs.de\/lv\/jahrestagung-deutsche-farbwissenschaftliche-gesellschaft-vom-7-9-oktober-an-der-tu-dresden\/#organizationLogo"},"image":{"@id":"http:\/\/blog.proofs.de\/lv\/jahrestagung-deutsche-farbwissenschaftliche-gesellschaft-vom-7-9-oktober-an-der-tu-dresden\/#organizationLogo"},"sameAs":["https:\/\/www.facebook.com\/Proof.de\/","https:\/\/www.instagram.com\/proof.de\/","https:\/\/www.tiktok.com\/@proof_de","https:\/\/www.youtube.com\/channel\/UCk80fQVQ25wC9wu3SywB-Nw","https:\/\/www.linkedin.com\/company\/proof-de"]},{"@type":"Person","@id":"http:\/\/blog.proofs.de\/lv\/author\/mbetz\/#author","url":"http:\/\/blog.proofs.de\/lv\/author\/mbetz\/","name":"Matthias Betz","image":{"@type":"ImageObject","@id":"http:\/\/blog.proofs.de\/lv\/jahrestagung-deutsche-farbwissenschaftliche-gesellschaft-vom-7-9-oktober-an-der-tu-dresden\/#authorImage","url":"https:\/\/blog.proofs.de\/wp-content\/uploads\/2020\/10\/matthias-betz-e1603934518350-150x150.png","width":96,"height":96,"caption":"Matthias Betz"}},{"@type":"WebPage","@id":"http:\/\/blog.proofs.de\/lv\/jahrestagung-deutsche-farbwissenschaftliche-gesellschaft-vom-7-9-oktober-an-der-tu-dresden\/#webpage","url":"http:\/\/blog.proofs.de\/lv\/jahrestagung-deutsche-farbwissenschaftliche-gesellschaft-vom-7-9-oktober-an-der-tu-dresden\/","name":"Jahrestagung Deutsche farbwissenschaftliche Gesellschaft 2025 | proof.de","description":"Die Jahrestagung der Deutschen farbwissenschaftlichen Gesellschaft 2025 in Dresden wird vom der Proof GmbH mit einer Studierendenpatenschaft unterst\u00fctzt.","inLanguage":"lv","isPartOf":{"@id":"http:\/\/blog.proofs.de\/lv\/#website"},"breadcrumb":{"@id":"http:\/\/blog.proofs.de\/lv\/jahrestagung-deutsche-farbwissenschaftliche-gesellschaft-vom-7-9-oktober-an-der-tu-dresden\/#breadcrumblist"},"author":{"@id":"http:\/\/blog.proofs.de\/lv\/author\/mbetz\/#author"},"creator":{"@id":"http:\/\/blog.proofs.de\/lv\/author\/mbetz\/#author"},"image":{"@type":"ImageObject","url":"https:\/\/blog.proofs.de\/wp-content\/uploads\/2025\/09\/DfwG_logo_2023-1.png","@id":"http:\/\/blog.proofs.de\/lv\/jahrestagung-deutsche-farbwissenschaftliche-gesellschaft-vom-7-9-oktober-an-der-tu-dresden\/#mainImage","width":994,"height":600},"primaryImageOfPage":{"@id":"http:\/\/blog.proofs.de\/lv\/jahrestagung-deutsche-farbwissenschaftliche-gesellschaft-vom-7-9-oktober-an-der-tu-dresden\/#mainImage"},"datePublished":"2025-08-19T11:11:52+02:00","dateModified":"2025-09-19T11:13:54+02:00"},{"@type":"WebSite","@id":"http:\/\/blog.proofs.de\/lv\/#website","url":"http:\/\/blog.proofs.de\/lv\/","name":"Proof.de","description":"Farbverbindlicher Proof, Farbproof, Digitalproof und Online-Proof.","inLanguage":"lv","publisher":{"@id":"http:\/\/blog.proofs.de\/lv\/#organization"}}]},"og:locale":"lv_LV","og:site_name":"Proof.de | Alles zu Proof, Farbmanagement, Grafik, Messtechnik &amp; Co.","og:type":"article","og:title":"Jahrestagung Deutsche farbwissenschaftliche Gesellschaft 2025 | proof.de","og:description":"Die Jahrestagung der Deutschen farbwissenschaftlichen Gesellschaft 2025 in Dresden wird vom der Proof GmbH mit einer Studierendenpatenschaft unterst\u00fctzt.","og:url":"http:\/\/blog.proofs.de\/lv\/jahrestagung-deutsche-farbwissenschaftliche-gesellschaft-vom-7-9-oktober-an-der-tu-dresden\/","og:image":"http:\/\/blog.proofs.de\/wp-content\/uploads\/2025\/09\/DfwG_logo_2023-1.png","og:image:width":994,"og:image:height":600,"article:published_time":"2025-08-19T09:11:52+00:00","article:modified_time":"2025-09-19T09:13:54+00:00","article:publisher":"https:\/\/www.facebook.com\/Proof.de\/","twitter:card":"summary","twitter:title":"Jahrestagung Deutsche farbwissenschaftliche Gesellschaft 2025 | proof.de","twitter:description":"Die Jahrestagung der Deutschen farbwissenschaftlichen Gesellschaft 2025 in Dresden wird vom der Proof GmbH mit einer Studierendenpatenschaft unterst\u00fctzt.","twitter:image":"https:\/\/blog.proofs.de\/wp-content\/uploads\/2025\/09\/DfwG_logo_2023-1.png"},"aioseo_meta_data":{"post_id":"6180","title":"V\u0101cijas Kr\u0101su zin\u0101tnes biedr\u012bbas ikgad\u0113j\u0101 konference 2025 | proof.de","description":"V\u0101cijas Kr\u0101su zin\u0101tnes biedr\u012bbas 2025. gada konferenci Dr\u0113zden\u0113 atbalsta Proof GmbH ar studentu sponsor\u0113\u0161anas atbalstu.","keywords":null,"keyphrases":{"focus":{"keyphrase":"","score":0,"analysis":{"keyphraseInTitle":{"score":0,"maxScore":9,"error":1}}},"additional":[]},"primary_term":null,"canonical_url":null,"og_title":null,"og_description":null,"og_object_type":"default","og_image_type":"default","og_image_url":null,"og_image_width":null,"og_image_height":null,"og_image_custom_url":null,"og_image_custom_fields":null,"og_video":"","og_custom_url":null,"og_article_section":null,"og_article_tags":null,"twitter_use_og":true,"twitter_card":"default","twitter_image_type":"default","twitter_image_url":null,"twitter_image_custom_url":null,"twitter_image_custom_fields":null,"twitter_title":null,"twitter_description":null,"schema":{"blockGraphs":[],"customGraphs":[],"default":{"data":{"Article":[],"Course":[],"Dataset":[],"FAQPage":[],"Movie":[],"Person":[],"Product":[],"ProductReview":[],"Car":[],"Recipe":[],"Service":[],"SoftwareApplication":[],"WebPage":[]},"graphName":"Article","isEnabled":true},"graphs":[]},"schema_type":"default","schema_type_options":null,"pillar_content":false,"robots_default":true,"robots_noindex":false,"robots_noarchive":false,"robots_nosnippet":false,"robots_nofollow":false,"robots_noimageindex":false,"robots_noodp":false,"robots_notranslate":false,"robots_max_snippet":"-1","robots_max_videopreview":"-1","robots_max_imagepreview":"large","priority":null,"frequency":"default","local_seo":null,"breadcrumb_settings":null,"limit_modified_date":false,"ai":{"faqs":[],"keyPoints":[],"titles":[],"descriptions":[],"socialPosts":{"email":[],"linkedin":[],"twitter":[],"facebook":[],"instagram":[]}},"created":"2025-09-19 08:41:45","updated":"2025-09-19 09:22:08","seo_analyzer_scan_date":null,"focus_keyword":null,"additional_keywords":null,"truseo_locale":null},"_links":{"self":[{"href":"http:\/\/blog.proofs.de\/lv\/wp-json\/wp\/v2\/posts\/6180","targetHints":{"allow":["GET"]}}],"collection":[{"href":"http:\/\/blog.proofs.de\/lv\/wp-json\/wp\/v2\/posts"}],"about":[{"href":"http:\/\/blog.proofs.de\/lv\/wp-json\/wp\/v2\/types\/post"}],"author":[{"embeddable":true,"href":"http:\/\/blog.proofs.de\/lv\/wp-json\/wp\/v2\/users\/2"}],"replies":[{"embeddable":true,"href":"http:\/\/blog.proofs.de\/lv\/wp-json\/wp\/v2\/comments?post=6180"}],"version-history":[{"count":3,"href":"http:\/\/blog.proofs.de\/lv\/wp-json\/wp\/v2\/posts\/6180\/revisions"}],"predecessor-version":[{"id":6185,"href":"http:\/\/blog.proofs.de\/lv\/wp-json\/wp\/v2\/posts\/6180\/revisions\/6185"}],"wp:featuredmedia":[{"embeddable":true,"href":"http:\/\/blog.proofs.de\/lv\/wp-json\/wp\/v2\/media\/6182"}],"wp:attachment":[{"href":"http:\/\/blog.proofs.de\/lv\/wp-json\/wp\/v2\/media?parent=6180"}],"wp:term":[{"taxonomy":"category","embeddable":true,"href":"http:\/\/blog.proofs.de\/lv\/wp-json\/wp\/v2\/categories?post=6180"},{"taxonomy":"post_tag","embeddable":true,"href":"http:\/\/blog.proofs.de\/lv\/wp-json\/wp\/v2\/tags?post=6180"}],"curies":[{"name":"wp","href":"https:\/\/api.w.org\/{rel}","templated":true}]}}