{"id":6310,"date":"2026-02-04T16:40:10","date_gmt":"2026-02-04T15:40:10","guid":{"rendered":"https:\/\/www.proof.de\/?p=6310"},"modified":"2026-02-04T16:40:12","modified_gmt":"2026-02-04T15:40:12","slug":"fogra-colormanagement-simpozijs-2026-minhene-no-24-lidz-26-februarim","status":"publish","type":"post","link":"http:\/\/blog.proofs.de\/lv\/fogra-colormanagement-symposium-2026-in-muenchen-vom-24-26-februar\/","title":{"rendered":"Fogra Colormanagement simpozijs 2026 Minhen\u0113 no 24. l\u012bdz 26. febru\u0101rim"},"content":{"rendered":"<div class=\"kk-star-ratings kksr-auto kksr-align-right kksr-valign-top\" data-payload='{\"align\":\"right\",\"id\":\"6310\",\"slug\":\"default\",\"valign\":\"top\",\"ignore\":\"\",\"reference\":\"auto\",\"class\":\"\",\"count\":\"0\",\"legendonly\":\"\",\"readonly\":\"\",\"score\":\"0\",\"starsonly\":\"\",\"best\":\"5\",\"gap\":\"5\",\"greet\":\"Jetzt bewerten\",\"legend\":\"0\\\/5 - (0 votes)\",\"size\":\"24\",\"title\":\"Fogra Colormanagement Symposium 2026 in M&uuml;nchen vom 24.-26. Februar\",\"width\":\"0\",\"_legend\":\"{score}\\\/{best} - ({count} {votes})\",\"font_factor\":\"1.25\"}'>\n            \n<div class=\"kksr-stars\">\n    \n<div class=\"kksr-stars-inactive\">\n            <div class=\"kksr-star\" data-star=\"1\" style=\"padding-right: 5px\">\n            \n\n<div class=\"kksr-icon\" style=\"width: 24px; height: 24px;\"><\/div>\n        <\/div>\n            <div class=\"kksr-star\" data-star=\"2\" style=\"padding-right: 5px\">\n            \n\n<div class=\"kksr-icon\" style=\"width: 24px; height: 24px;\"><\/div>\n        <\/div>\n            <div class=\"kksr-star\" data-star=\"3\" style=\"padding-right: 5px\">\n            \n\n<div class=\"kksr-icon\" style=\"width: 24px; height: 24px;\"><\/div>\n        <\/div>\n            <div class=\"kksr-star\" data-star=\"4\" style=\"padding-right: 5px\">\n            \n\n<div class=\"kksr-icon\" style=\"width: 24px; height: 24px;\"><\/div>\n        <\/div>\n            <div class=\"kksr-star\" data-star=\"5\" style=\"padding-right: 5px\">\n            \n\n<div class=\"kksr-icon\" style=\"width: 24px; height: 24px;\"><\/div>\n        <\/div>\n    <\/div>\n    \n<div class=\"kksr-stars-active\" style=\"width: 0px;\">\n            <div class=\"kksr-star\" style=\"padding-right: 5px\">\n            \n\n<div class=\"kksr-icon\" style=\"width: 24px; height: 24px;\"><\/div>\n        <\/div>\n            <div class=\"kksr-star\" style=\"padding-right: 5px\">\n            \n\n<div class=\"kksr-icon\" style=\"width: 24px; height: 24px;\"><\/div>\n        <\/div>\n            <div class=\"kksr-star\" style=\"padding-right: 5px\">\n            \n\n<div class=\"kksr-icon\" style=\"width: 24px; height: 24px;\"><\/div>\n        <\/div>\n            <div class=\"kksr-star\" style=\"padding-right: 5px\">\n            \n\n<div class=\"kksr-icon\" style=\"width: 24px; height: 24px;\"><\/div>\n        <\/div>\n            <div class=\"kksr-star\" style=\"padding-right: 5px\">\n            \n\n<div class=\"kksr-icon\" style=\"width: 24px; height: 24px;\"><\/div>\n        <\/div>\n    <\/div>\n<\/div>\n                \n\n<div class=\"kksr-legend\" style=\"font-size: 19.2px;\">\n            <span class=\"kksr-muted\">Nov\u0113rt\u0113jiet tagad<\/span>\n    <\/div>\n    <\/div>\n<div class=\"wp-block-image\">\n<figure class=\"alignright size-large is-resized\"><a href=\"https:\/\/fogra.org\/fileadmin\/files\/4_veranstaltungen\/symposien\/Fogra_CMS_Programm_2026_DE.pdf\" target=\"_blank\" rel=\" noreferrer noopener\"><img loading=\"lazy\" decoding=\"async\" width=\"721\" height=\"1024\" src=\"http:\/\/blog.proofs.de\/wp-content\/uploads\/2026\/02\/Bildschirmfoto-2026-02-04-um-16.32.53-721x1024.png\" alt=\"\" class=\"wp-image-6317\" style=\"width:270px;height:auto\" srcset=\"https:\/\/blog.proofs.de\/wp-content\/uploads\/2026\/02\/Bildschirmfoto-2026-02-04-um-16.32.53-721x1024.png 721w, https:\/\/blog.proofs.de\/wp-content\/uploads\/2026\/02\/Bildschirmfoto-2026-02-04-um-16.32.53-211x300.png 211w, https:\/\/blog.proofs.de\/wp-content\/uploads\/2026\/02\/Bildschirmfoto-2026-02-04-um-16.32.53-8x12.png 8w, https:\/\/blog.proofs.de\/wp-content\/uploads\/2026\/02\/Bildschirmfoto-2026-02-04-um-16.32.53.png 767w\" sizes=\"auto, (max-width: 721px) 100vw, 721px\"><\/a><figcaption class=\"wp-element-caption\"><a href=\"https:\/\/fogra.org\/fileadmin\/files\/4_veranstaltungen\/symposien\/Fogra_CMS_Programm_2026_DE.pdf\" target=\"_blank\" rel=\"noopener\" title=\"\">Pa\u0161reiz\u0113jo CMS 2026 programmu varat lejupiel\u0101d\u0113t \u0161eit<\/a><\/figcaption><\/figure>\n<\/div>\n\n\n<p class=\"wp-block-paragraph\">Svar\u012bg\u0101kais <a href=\"http:\/\/blog.proofs.de\/lv\/lexikon\/farbmanagement\/\" target=\"_self\" title=\"Kr\u0101su p\u0101rvald\u012bbas m\u0113r\u0137is ir nodro\u0161in\u0101t, lai da\u017e\u0101d\u0101s ier\u012bc\u0113s, piem\u0113ram, kamer\u0101s, skeneros, monitoros, l\u0101zerprinteros, tintes, ofseta printeros un daudz\u0101s cit\u0101s, kr\u0101sas tiktu atveidotas p\u0113c iesp\u0113jas l\u012bdz\u012bgi.\" class=\"encyclopedia\">Kr\u0101su p\u0101rvald\u012bba<\/a> pas\u0101kums notiek reizi divos gados Minhen\u0113. <a href=\"http:\/\/blog.proofs.de\/lv\/lexikon\/fogra\/\" target=\"_self\" title=\"Fogra Forschungsgesellschaft Druck e.V., kas atrodas Minhen\u0113.\" class=\"encyclopedia\">Fogra<\/a> Kr\u0101su p\u0101rvald\u012bbas simpozijs. Ar\u012b \u0161ogad visi profesion\u0101\u013ci ir aicin\u0101ti doties sv\u0113tce\u013cojum\u0101 uz Minheni: dal\u012bbniekus gaida divas dienas lekciju, diskusiju un Bav\u0101rijas vakars.<\/p>\n\n\n\n<p class=\"wp-block-paragraph\">Matiass Betcs (Matthias Betz), uz\u0146\u0113muma <a href=\"http:\/\/blog.proofs.de\/lv\/lexikon\/proof\/\" target=\"_self\" title=\"Korekt\u016bra (pareizi: l\u012bgumkorekt\u016bra) ir ISO 12647-7 sertific\u0113ta korekt\u016bras ier\u012bce grafikas m\u0101kslas nozar\u0113. Proba imit\u0113 ofseta drukas vai dobspiedes kr\u0101sain\u012bbu kr\u0101su un juridiski saisto\u0161\u0101 veid\u0101, iev\u0113rojot ISO standart\u0101 noteikt\u0101s \u0161aur\u0101s pielaides.\" class=\"encyclopedia\">pier\u0101d\u012bjums<\/a>.de b\u016bs atkal: jau daudzus gadus vi\u0146\u0161 ir izmantojis iesp\u0113ju apmain\u012bties idej\u0101m ar kol\u0113\u0123iem un draugiem, iepaz\u012bties ar jaun\u0101m tehnolo\u0123ij\u0101m, aparat\u016bru un programmat\u016bru, k\u0101 ar\u012b satikt kol\u0113\u0123us no Fogra, freieFarbe, <a href=\"http:\/\/blog.proofs.de\/lv\/lexikon\/gmg\/\" target=\"_self\" title=\"GMG Color ir uz\u0146\u0113mums, kas atrodas T\u012bbingen\u0101, V\u0101cij\u0101, un ir k\u013cuvis paz\u012bstams ar kr\u0101su p\u0101rvald\u012bbas programmat\u016bras izstr\u0101di. Vair\u0101k nek\u0101 25 gadus GMG Color ir izstr\u0101d\u0101jusi daudzus produktus komerci\u0101liem lietot\u0101jiem, s\u0101kot no printeru draiveriem l\u012bdz sare\u017e\u0123\u012btai p\u0101rbaudes programmat\u016brai.\" class=\"encyclopedia\">GMG<\/a> un daudzi citi.<\/p>\n\n\n\n<p class=\"wp-block-paragraph\">Papildus prezent\u0101cij\u0101m simpozija uzman\u012bbas centr\u0101 vienm\u0113r ir ar\u012b uz\u0146\u0113mumu stendi. Visi paz\u012bstamie m\u0113rier\u012b\u010du ra\u017eot\u0101ji, piem\u0113ram, X-Rite, Techkon, <a href=\"http:\/\/blog.proofs.de\/lv\/lexikon\/normlicht\/\" target=\"_self\" title=\"Standarta apgaismojums ir defin\u0113ti apgaismojuma apst\u0101k\u013ci, kuros skat\u012bt\u0101ji var vienm\u0113r\u012bgi nov\u0113rot un nov\u0113rt\u0113t izdrukas vai objektus. Svar\u012bg\u0101kais standarta apgaismojums iespied\u0113jiem ir D50 (kr\u0101su temperat\u016bra: 5000 Kelv\u012bnu).\" class=\"encyclopedia\">Standarta gaisma<\/a>profesion\u0101\u013ciem, piem\u0113ram. <a href=\"http:\/\/blog.proofs.de\/lv\/lexikon\/just\/\" target=\"_self\" title=\"Just Normlicht GmbH ir paz\u012bstam\u0101kais standarta apgaismojuma risin\u0101jumu ra\u017eot\u0101js poligr\u0101fijas nozar\u0113.\" class=\"encyclopedia\">Tikai<\/a> un <a href=\"http:\/\/blog.proofs.de\/lv\/lexikon\/lacunasolutions\/\" target=\"_self\" title=\"Uz\u0146\u0113mums Lacunasolutions no Kirhan\u0161\u0113ringas Bav\u0101rij\u0101, kas pieder kr\u0101su p\u0101rvald\u012bbas ekspertam Aleksandram Demmleram (Alexander Demmler), pied\u0101v\u0101 standarta gaismas risin\u0101jumus poligr\u0101fijas uz\u0146\u0113mumiem un pirmsdrukas sagatavo\u0161anas darbiem, k\u0101 ar\u012b m\u012bksto proofing risin\u0101jumu - Spectraproof m\u012bksto proofing programmat\u016bru, ar kuru var izveidot izcilas m\u012bksto proofing versijas, izmantojot pa\u0161a uz\u0146\u0113muma standarta gaismu un da\u017e\u0101dus aparat\u016bras kalibr\u0113jamus monitorus, piem\u0113ram, EIZO, BENQ un Viewsonic. Standarta gaisma: no neliel\u0101s D50 standarta gaismas LED lampas...\" class=\"encyclopedia\">Lacunasolutions<\/a> vai \u012bpa\u0161us risin\u0101jumus, piem\u0113ram, iQIP, QM m\u0101koni drukas pirc\u0113jiem un printeriem vai <a href=\"http:\/\/blog.proofs.de\/lv\/lexikon\/softproof\/\" target=\"_self\" title='Pretstat\u0101 klasiskajai &quot;cietai p\u0101rbaudei&quot; uz pap\u012bra &quot;soft proof&quot; ir p\u0101rbaude, kas tiek att\u0113lota monitor\u0101 ar kr\u0101su precizit\u0101ti.' class=\"encyclopedia\">Softproof<\/a> Sist\u0113ma no <a href=\"http:\/\/blog.proofs.de\/lv\/lexikon\/spectraproof\/\" target=\"_self\" title=\"Spectraproof ir Lacunasolutions izstr\u0101d\u0101ta m\u012bkst\u0101s aizsardz\u012bbas sist\u0113ma: jaun\u0101, spektr\u0101li struktur\u0113t\u0101 m\u012bkst\u0101s aizsardz\u012bbas programmat\u016bra ir apvienota ar Aleksandra Demmlera (Alexander Demmler) izstr\u0101d\u0101to sare\u017e\u0123\u012bto standarta gaismas izgaismojumu. T\u0101d\u0113j\u0101di monitoru, softproof un apk\u0101rt\u0113jo apgaismojumu var viegli un intuit\u012bvi p\u0101rbaud\u012bt programmat\u016br\u0101, un var izveidot softproof testa zi\u0146ojumu, ar\u012b ar punktkr\u0101s\u0101m. Visas opcijas no standarta ICC,...\" class=\"encyclopedia\">Spectraproof<\/a> ir p\u0101rst\u0101v\u0113tas.<\/p>\n\n\n\n<h2 class=\"wp-block-heading\">Pasaul\u0113 vado\u0161aj\u0101 kr\u0101su p\u0101rvald\u012bbas pas\u0101kum\u0101 atkal tiks apl\u016bkotas t\u0113mas, kas virza nozari:<\/h2>\n\n\n\n<ul class=\"wp-block-list\">\n<li>Klientu v\u0113lmes digit\u0101laj\u0101 laikmet\u0101&nbsp;<\/li>\n\n\n\n<li>Kr\u0101su p\u0101rvald\u012bba iepakojuma iespie\u0161an\u0101<\/li>\n\n\n\n<li>\u012asta substr\u0101ta druka: p\u0101rbaudes renesanse<\/li>\n\n\n\n<li>Kr\u0101su p\u0101rvald\u012bbas prakse<\/li>\n\n\n\n<li>Virsmas ar raksturu - kr\u0101su uzticam\u012bba sare\u017e\u0123\u012btiem materi\u0101liem r\u016bpnieciskaj\u0101 poligr\u0101fij\u0101<\/li>\n\n\n\n<li>Augsts dinamiskais diapazons (HDR) atbilst druk\u0101\u0161anas praksei<\/li>\n\n\n\n<li>M\u0101ksl\u012bg\u0101 intelekta c\u012b\u0146a - no \u201ekonsultanta Bla Bla\u201c uz \u201ere\u0101l\u0101s pasaules iesp\u0113j\u0101m un riskiem\u201c<\/li>\n<\/ul>\n\n\n\n<p class=\"wp-block-paragraph\">Pla\u0161\u0101ka inform\u0101cija par \u0161\u012b gada programmu ir pieejama \u0161eit: <\/p>\n\n\n\n<p class=\"wp-block-paragraph\"><a href=\"https:\/\/fogra.org\/veranstaltungen\/colour-management-symposium\" target=\"_blank\" rel=\"noopener\" title=\"Fogra Kr\u0101su p\u0101rvald\u012bbas simpozijs 2026\">https:\/\/fogra.org\/veranstaltungen\/colour-management-symposium<\/a><\/p>","protected":false},"excerpt":{"rendered":"<p>Ik p\u0113c diviem gadiem Minhen\u0113 notiek svar\u012bg\u0101kais kr\u0101su p\u0101rvald\u012bbas pas\u0101kums - Fogra kr\u0101su p\u0101rvald\u012bbas simpozijs. Ar\u012b \u0161ogad visi profesion\u0101\u013ci tiek aicin\u0101ti doties sv\u0113tce\u013cojum\u0101 uz Minheni: dal\u012bbniekus gaida divas dienas lekciju, diskusiju un Bav\u0101rijas vakars. Ar\u012b proof.de \u012bpa\u0161nieks Matiass Betcs (Matthias Betz) atkal b\u016bs kl\u0101t: jau daudzus gadus vi\u0146\u0161 izmanto iesp\u0113ju apmain\u012bties idej\u0101m ar kol\u0113\u0123iem un draugiem, iepaz\u012bties ar jaun\u0101m tehnolo\u0123ij\u0101m, aparat\u016bru un programmat\u016bru un apmain\u012bties ar idej\u0101m ar kol\u0113\u0123iem no Fogra, FreieFarbe, GMG un daudziem citiem. Papildus prezent\u0101cij\u0101m ... <\/p>\n<p class=\"read-more-container\"><a title=\"Fogra Colormanagement simpozijs 2026 Minhen\u0113 no 24. l\u012bdz 26. febru\u0101rim\" class=\"read-more button\" href=\"http:\/\/blog.proofs.de\/lv\/fogra-colormanagement-symposium-2026-in-muenchen-vom-24-26-februar\/#more-6310\" aria-label=\"Las\u012bt vair\u0101k par Fogra Colormanagement simpoziju 2026 Minhen\u0113 no 24. l\u012bdz 26. febru\u0101rim\">Las\u012bt vair\u0101k<\/a><\/p>","protected":false},"author":2,"featured_media":6311,"comment_status":"open","ping_status":"open","sticky":false,"template":"","format":"standard","meta":{"om_disable_all_campaigns":false,"inline_featured_image":false,"_monsterinsights_skip_tracking":false,"footnotes":""},"categories":[1],"tags":[932,1460,1459,1458,690,692,522,1461,1375,539,1372],"class_list":["post-6310","post","type-post","status-publish","format-standard","has-post-thumbnail","hentry","category-allgemein","tag-cms","tag-cms-2026","tag-cms2026","tag-colormanagement-symposium","tag-farbmanagement","tag-farbmanagement-symposium","tag-fogra","tag-iqip","tag-lacunasolutions","tag-proof-gmbh","tag-spectraproof","generate-columns","tablet-grid-50","mobile-grid-100","grid-parent","grid-50","no-featured-image-padding","resize-featured-image"],"aioseo_notices":[],"aioseo_head":"\n\t\t<!-- All in One SEO 5.0.1.1 - aioseo.com -->\n\t<meta name=\"description\" content=\"Vom 24.-26.2. findet in M\u00fcnchen das Farbmanagement Symposium 2026 der Fogra statt - der Branchentreff f\u00fcr Farbmanagement, auch proof.de ist wieder dabei.\" \/>\n\t<meta name=\"robots\" content=\"max-image-preview:large\" \/>\n\t<meta name=\"author\" content=\"Matthias Betz\"\/>\n\t<meta name=\"google-site-verification\" content=\"TuXxyRwxcEg2-WfOaQ8vScWQh3-uBAnxXmY7g3GT90A\" \/>\n\t<meta name=\"keywords\" content=\"cms,cms 2026,cms2026,colormanagement symposium,farbmanagement,farbmanagement symposium,fogra,iqip,lacunasolutions,proof gmbh,spectraproof\" \/>\n\t<link rel=\"canonical\" href=\"http:\/\/blog.proofs.de\/lv\/fogra-colormanagement-symposium-2026-in-muenchen-vom-24-26-februar\/\" \/>\n\t<meta name=\"generator\" content=\"All in One SEO (AIOSEO) 5.0.1.1\" \/>\n\n\t\t<meta name=\"seobility\" content=\"593a8578143db71543f014978c690d47\">\n\t\t<meta property=\"og:locale\" content=\"lv_LV\" \/>\n\t\t<meta property=\"og:site_name\" content=\"Proof.de | Alles zu Proof, Farbmanagement, Grafik, Messtechnik &amp; Co.\" \/>\n\t\t<meta property=\"og:type\" content=\"article\" \/>\n\t\t<meta property=\"og:title\" content=\"Fogra Farbmanagement Symposium 2026 in M\u00fcnchen | proof.de\" \/>\n\t\t<meta property=\"og:description\" content=\"Vom 24.-26.2. findet in M\u00fcnchen das Farbmanagement Symposium 2026 der Fogra statt - der Branchentreff f\u00fcr Farbmanagement, auch proof.de ist wieder dabei.\" \/>\n\t\t<meta property=\"og:url\" content=\"http:\/\/blog.proofs.de\/lv\/fogra-colormanagement-symposium-2026-in-muenchen-vom-24-26-februar\/\" \/>\n\t\t<meta property=\"og:image\" content=\"http:\/\/blog.proofs.de\/wp-content\/uploads\/2026\/01\/Bildschirmfoto-2026-01-31-um-01.44.10.png\" \/>\n\t\t<meta property=\"og:image:width\" content=\"2132\" \/>\n\t\t<meta property=\"og:image:height\" content=\"994\" \/>\n\t\t<meta property=\"article:published_time\" content=\"2026-02-04T15:40:10+00:00\" \/>\n\t\t<meta property=\"article:modified_time\" content=\"2026-02-04T15:40:12+00:00\" \/>\n\t\t<meta property=\"article:publisher\" content=\"https:\/\/www.facebook.com\/Proof.de\/\" \/>\n\t\t<meta name=\"twitter:card\" content=\"summary\" \/>\n\t\t<meta name=\"twitter:title\" content=\"Fogra Farbmanagement Symposium 2026 in M\u00fcnchen | proof.de\" \/>\n\t\t<meta name=\"twitter:description\" content=\"Vom 24.-26.2. findet in M\u00fcnchen das Farbmanagement Symposium 2026 der Fogra statt - der Branchentreff f\u00fcr Farbmanagement, auch proof.de ist wieder dabei.\" \/>\n\t\t<meta name=\"twitter:image\" content=\"https:\/\/blog.proofs.de\/wp-content\/uploads\/2026\/01\/Bildschirmfoto-2026-01-31-um-01.44.10.png\" \/>\n\t\t<script type=\"application\/ld+json\" class=\"aioseo-schema\">\n\t\t\t{\"@context\":\"https:\\\/\\\/schema.org\",\"@graph\":[{\"@type\":\"Article\",\"@id\":\"http:\\\/\\\/blog.proofs.de\\\/lv\\\/fogra-colormanagement-symposium-2026-in-muenchen-vom-24-26-februar\\\/#article\",\"name\":\"Fogra Farbmanagement Symposium 2026 in M\\u00fcnchen | proof.de\",\"headline\":\"Fogra Colormanagement Symposium 2026 in M\\u00fcnchen vom 24.-26. Februar\",\"author\":{\"@id\":\"http:\\\/\\\/blog.proofs.de\\\/lv\\\/author\\\/mbetz\\\/#author\"},\"publisher\":{\"@id\":\"http:\\\/\\\/blog.proofs.de\\\/lv\\\/#organization\"},\"image\":{\"@type\":\"ImageObject\",\"url\":\"https:\\\/\\\/blog.proofs.de\\\/wp-content\\\/uploads\\\/2026\\\/01\\\/Bildschirmfoto-2026-01-31-um-01.44.10.png\",\"width\":2132,\"height\":994,\"caption\":\"Fogra Colormanagement Symposium 2026\"},\"datePublished\":\"2026-02-04T16:40:10+01:00\",\"dateModified\":\"2026-02-04T16:40:12+01:00\",\"inLanguage\":\"lv\",\"mainEntityOfPage\":{\"@id\":\"http:\\\/\\\/blog.proofs.de\\\/lv\\\/fogra-colormanagement-symposium-2026-in-muenchen-vom-24-26-februar\\\/#webpage\"},\"isPartOf\":{\"@id\":\"http:\\\/\\\/blog.proofs.de\\\/lv\\\/fogra-colormanagement-symposium-2026-in-muenchen-vom-24-26-februar\\\/#webpage\"},\"articleSection\":\"Allgemein, CMS, CMS 2026, CMS2026, Colormanagement Symposium, Farbmanagement, Farbmanagement Symposium, Fogra, iQIP, Lacunasolutions, Proof GmbH, Spectraproof\"},{\"@type\":\"BreadcrumbList\",\"@id\":\"http:\\\/\\\/blog.proofs.de\\\/lv\\\/fogra-colormanagement-symposium-2026-in-muenchen-vom-24-26-februar\\\/#breadcrumblist\",\"itemListElement\":[{\"@type\":\"ListItem\",\"@id\":\"http:\\\/\\\/blog.proofs.de\\\/lv#listItem\",\"position\":1,\"name\":\"Home\",\"item\":\"http:\\\/\\\/blog.proofs.de\\\/lv\",\"nextItem\":{\"@type\":\"ListItem\",\"@id\":\"http:\\\/\\\/blog.proofs.de\\\/lv\\\/thema\\\/allgemein\\\/#listItem\",\"name\":\"Allgemein\"}},{\"@type\":\"ListItem\",\"@id\":\"http:\\\/\\\/blog.proofs.de\\\/lv\\\/thema\\\/allgemein\\\/#listItem\",\"position\":2,\"name\":\"Allgemein\",\"item\":\"http:\\\/\\\/blog.proofs.de\\\/lv\\\/thema\\\/allgemein\\\/\",\"nextItem\":{\"@type\":\"ListItem\",\"@id\":\"http:\\\/\\\/blog.proofs.de\\\/lv\\\/fogra-colormanagement-symposium-2026-in-muenchen-vom-24-26-februar\\\/#listItem\",\"name\":\"Fogra Colormanagement Symposium 2026 in M\\u00fcnchen vom 24.-26. Februar\"},\"previousItem\":{\"@type\":\"ListItem\",\"@id\":\"http:\\\/\\\/blog.proofs.de\\\/lv#listItem\",\"name\":\"Home\"}},{\"@type\":\"ListItem\",\"@id\":\"http:\\\/\\\/blog.proofs.de\\\/lv\\\/fogra-colormanagement-symposium-2026-in-muenchen-vom-24-26-februar\\\/#listItem\",\"position\":3,\"name\":\"Fogra Colormanagement Symposium 2026 in M\\u00fcnchen vom 24.-26. Februar\",\"previousItem\":{\"@type\":\"ListItem\",\"@id\":\"http:\\\/\\\/blog.proofs.de\\\/lv\\\/thema\\\/allgemein\\\/#listItem\",\"name\":\"Allgemein\"}}]},{\"@type\":\"Organization\",\"@id\":\"http:\\\/\\\/blog.proofs.de\\\/lv\\\/#organization\",\"name\":\"Proof GmbH\",\"description\":\"Farbverbindlicher Proof, Farbproof, Digitalproof und Online-Proof.\",\"url\":\"http:\\\/\\\/blog.proofs.de\\\/lv\\\/\",\"telephone\":\"+4970717952740\",\"logo\":{\"@type\":\"ImageObject\",\"url\":\"https:\\\/\\\/blog1.proofen.de\\\/wp-content\\\/uploads\\\/2019\\\/09\\\/logo_proof_rgb_mit_balken_250px.png\",\"@id\":\"http:\\\/\\\/blog.proofs.de\\\/lv\\\/fogra-colormanagement-symposium-2026-in-muenchen-vom-24-26-februar\\\/#organizationLogo\"},\"image\":{\"@id\":\"http:\\\/\\\/blog.proofs.de\\\/lv\\\/fogra-colormanagement-symposium-2026-in-muenchen-vom-24-26-februar\\\/#organizationLogo\"},\"sameAs\":[\"https:\\\/\\\/www.facebook.com\\\/Proof.de\\\/\",\"https:\\\/\\\/www.instagram.com\\\/proof.de\\\/\",\"https:\\\/\\\/www.tiktok.com\\\/@proof_de\",\"https:\\\/\\\/www.youtube.com\\\/channel\\\/UCk80fQVQ25wC9wu3SywB-Nw\",\"https:\\\/\\\/www.linkedin.com\\\/company\\\/proof-de\"]},{\"@type\":\"Person\",\"@id\":\"http:\\\/\\\/blog.proofs.de\\\/lv\\\/author\\\/mbetz\\\/#author\",\"url\":\"http:\\\/\\\/blog.proofs.de\\\/lv\\\/author\\\/mbetz\\\/\",\"name\":\"Matthias Betz\",\"image\":{\"@type\":\"ImageObject\",\"@id\":\"http:\\\/\\\/blog.proofs.de\\\/lv\\\/fogra-colormanagement-symposium-2026-in-muenchen-vom-24-26-februar\\\/#authorImage\",\"url\":\"https:\\\/\\\/blog.proofs.de\\\/wp-content\\\/uploads\\\/2020\\\/10\\\/matthias-betz-e1603934518350-150x150.png\",\"width\":96,\"height\":96,\"caption\":\"Matthias Betz\"}},{\"@type\":\"WebPage\",\"@id\":\"http:\\\/\\\/blog.proofs.de\\\/lv\\\/fogra-colormanagement-symposium-2026-in-muenchen-vom-24-26-februar\\\/#webpage\",\"url\":\"http:\\\/\\\/blog.proofs.de\\\/lv\\\/fogra-colormanagement-symposium-2026-in-muenchen-vom-24-26-februar\\\/\",\"name\":\"Fogra Farbmanagement Symposium 2026 in M\\u00fcnchen | proof.de\",\"description\":\"Vom 24.-26.2. findet in M\\u00fcnchen das Farbmanagement Symposium 2026 der Fogra statt - der Branchentreff f\\u00fcr Farbmanagement, auch proof.de ist wieder dabei.\",\"inLanguage\":\"lv\",\"isPartOf\":{\"@id\":\"http:\\\/\\\/blog.proofs.de\\\/lv\\\/#website\"},\"breadcrumb\":{\"@id\":\"http:\\\/\\\/blog.proofs.de\\\/lv\\\/fogra-colormanagement-symposium-2026-in-muenchen-vom-24-26-februar\\\/#breadcrumblist\"},\"author\":{\"@id\":\"http:\\\/\\\/blog.proofs.de\\\/lv\\\/author\\\/mbetz\\\/#author\"},\"creator\":{\"@id\":\"http:\\\/\\\/blog.proofs.de\\\/lv\\\/author\\\/mbetz\\\/#author\"},\"image\":{\"@type\":\"ImageObject\",\"url\":\"https:\\\/\\\/blog.proofs.de\\\/wp-content\\\/uploads\\\/2026\\\/01\\\/Bildschirmfoto-2026-01-31-um-01.44.10.png\",\"@id\":\"http:\\\/\\\/blog.proofs.de\\\/lv\\\/fogra-colormanagement-symposium-2026-in-muenchen-vom-24-26-februar\\\/#mainImage\",\"width\":2132,\"height\":994,\"caption\":\"Fogra Colormanagement Symposium 2026\"},\"primaryImageOfPage\":{\"@id\":\"http:\\\/\\\/blog.proofs.de\\\/lv\\\/fogra-colormanagement-symposium-2026-in-muenchen-vom-24-26-februar\\\/#mainImage\"},\"datePublished\":\"2026-02-04T16:40:10+01:00\",\"dateModified\":\"2026-02-04T16:40:12+01:00\"},{\"@type\":\"WebSite\",\"@id\":\"http:\\\/\\\/blog.proofs.de\\\/lv\\\/#website\",\"url\":\"http:\\\/\\\/blog.proofs.de\\\/lv\\\/\",\"name\":\"Proof.de\",\"description\":\"Farbverbindlicher Proof, Farbproof, Digitalproof und Online-Proof.\",\"inLanguage\":\"lv\",\"publisher\":{\"@id\":\"http:\\\/\\\/blog.proofs.de\\\/lv\\\/#organization\"}}]}\n\t\t<\/script>\n\t\t<!-- All in One SEO -->\n\n","aioseo_head_json":{"title":"Fogra Colour Management Symposium 2026 Minhen\u0113 | proof.de","description":"No 24. l\u012bdz 26. febru\u0101rim Minhen\u0113 notiks Fogra Colour Management Symposium 2026 - kr\u0101su p\u0101rvald\u012bbas nozares san\u0101ksme, un proof.de atkal b\u016bs kl\u0101t.","canonical_url":"http:\/\/blog.proofs.de\/lv\/fogra-colormanagement-symposium-2026-in-muenchen-vom-24-26-februar\/","robots":"max-image-preview:large","keywords":"cms,cms 2026,cms2026,colormanagement symposium,farbmanagement,farbmanagement symposium,fogra,iqip,lacunasolutions,proof gmbh,spectraproof","webmasterTools":{"google-site-verification":"TuXxyRwxcEg2-WfOaQ8vScWQh3-uBAnxXmY7g3GT90A","miscellaneous":"&lt;meta name=\"seobility\" content=\"593a8578143db71543f014978c690d47\"&gt;"},"schema":{"@context":"https:\/\/schema.org","@graph":[{"@type":"Article","@id":"http:\/\/blog.proofs.de\/lv\/fogra-colormanagement-symposium-2026-in-muenchen-vom-24-26-februar\/#article","name":"Fogra Farbmanagement Symposium 2026 in M\u00fcnchen | proof.de","headline":"Fogra Colormanagement Symposium 2026 in M\u00fcnchen vom 24.-26. Februar","author":{"@id":"http:\/\/blog.proofs.de\/lv\/author\/mbetz\/#author"},"publisher":{"@id":"http:\/\/blog.proofs.de\/lv\/#organization"},"image":{"@type":"ImageObject","url":"https:\/\/blog.proofs.de\/wp-content\/uploads\/2026\/01\/Bildschirmfoto-2026-01-31-um-01.44.10.png","width":2132,"height":994,"caption":"Fogra Colormanagement Symposium 2026"},"datePublished":"2026-02-04T16:40:10+01:00","dateModified":"2026-02-04T16:40:12+01:00","inLanguage":"lv","mainEntityOfPage":{"@id":"http:\/\/blog.proofs.de\/lv\/fogra-colormanagement-symposium-2026-in-muenchen-vom-24-26-februar\/#webpage"},"isPartOf":{"@id":"http:\/\/blog.proofs.de\/lv\/fogra-colormanagement-symposium-2026-in-muenchen-vom-24-26-februar\/#webpage"},"articleSection":"Allgemein, CMS, CMS 2026, CMS2026, Colormanagement Symposium, Farbmanagement, Farbmanagement Symposium, Fogra, iQIP, Lacunasolutions, Proof GmbH, Spectraproof"},{"@type":"BreadcrumbList","@id":"http:\/\/blog.proofs.de\/lv\/fogra-colormanagement-symposium-2026-in-muenchen-vom-24-26-februar\/#breadcrumblist","itemListElement":[{"@type":"ListItem","@id":"http:\/\/blog.proofs.de\/lv#listItem","position":1,"name":"Home","item":"http:\/\/blog.proofs.de\/lv","nextItem":{"@type":"ListItem","@id":"http:\/\/blog.proofs.de\/lv\/thema\/allgemein\/#listItem","name":"Allgemein"}},{"@type":"ListItem","@id":"http:\/\/blog.proofs.de\/lv\/thema\/allgemein\/#listItem","position":2,"name":"Allgemein","item":"http:\/\/blog.proofs.de\/lv\/thema\/allgemein\/","nextItem":{"@type":"ListItem","@id":"http:\/\/blog.proofs.de\/lv\/fogra-colormanagement-symposium-2026-in-muenchen-vom-24-26-februar\/#listItem","name":"Fogra Colormanagement Symposium 2026 in M\u00fcnchen vom 24.-26. Februar"},"previousItem":{"@type":"ListItem","@id":"http:\/\/blog.proofs.de\/lv#listItem","name":"Home"}},{"@type":"ListItem","@id":"http:\/\/blog.proofs.de\/lv\/fogra-colormanagement-symposium-2026-in-muenchen-vom-24-26-februar\/#listItem","position":3,"name":"Fogra Colormanagement Symposium 2026 in M\u00fcnchen vom 24.-26. Februar","previousItem":{"@type":"ListItem","@id":"http:\/\/blog.proofs.de\/lv\/thema\/allgemein\/#listItem","name":"Allgemein"}}]},{"@type":"Organization","@id":"http:\/\/blog.proofs.de\/lv\/#organization","name":"Proof GmbH","description":"Farbverbindlicher Proof, Farbproof, Digitalproof und Online-Proof.","url":"http:\/\/blog.proofs.de\/lv\/","telephone":"+4970717952740","logo":{"@type":"ImageObject","url":"https:\/\/blog1.proofen.de\/wp-content\/uploads\/2019\/09\/logo_proof_rgb_mit_balken_250px.png","@id":"http:\/\/blog.proofs.de\/lv\/fogra-colormanagement-symposium-2026-in-muenchen-vom-24-26-februar\/#organizationLogo"},"image":{"@id":"http:\/\/blog.proofs.de\/lv\/fogra-colormanagement-symposium-2026-in-muenchen-vom-24-26-februar\/#organizationLogo"},"sameAs":["https:\/\/www.facebook.com\/Proof.de\/","https:\/\/www.instagram.com\/proof.de\/","https:\/\/www.tiktok.com\/@proof_de","https:\/\/www.youtube.com\/channel\/UCk80fQVQ25wC9wu3SywB-Nw","https:\/\/www.linkedin.com\/company\/proof-de"]},{"@type":"Person","@id":"http:\/\/blog.proofs.de\/lv\/author\/mbetz\/#author","url":"http:\/\/blog.proofs.de\/lv\/author\/mbetz\/","name":"Matthias Betz","image":{"@type":"ImageObject","@id":"http:\/\/blog.proofs.de\/lv\/fogra-colormanagement-symposium-2026-in-muenchen-vom-24-26-februar\/#authorImage","url":"https:\/\/blog.proofs.de\/wp-content\/uploads\/2020\/10\/matthias-betz-e1603934518350-150x150.png","width":96,"height":96,"caption":"Matthias Betz"}},{"@type":"WebPage","@id":"http:\/\/blog.proofs.de\/lv\/fogra-colormanagement-symposium-2026-in-muenchen-vom-24-26-februar\/#webpage","url":"http:\/\/blog.proofs.de\/lv\/fogra-colormanagement-symposium-2026-in-muenchen-vom-24-26-februar\/","name":"Fogra Farbmanagement Symposium 2026 in M\u00fcnchen | proof.de","description":"Vom 24.-26.2. findet in M\u00fcnchen das Farbmanagement Symposium 2026 der Fogra statt - der Branchentreff f\u00fcr Farbmanagement, auch proof.de ist wieder dabei.","inLanguage":"lv","isPartOf":{"@id":"http:\/\/blog.proofs.de\/lv\/#website"},"breadcrumb":{"@id":"http:\/\/blog.proofs.de\/lv\/fogra-colormanagement-symposium-2026-in-muenchen-vom-24-26-februar\/#breadcrumblist"},"author":{"@id":"http:\/\/blog.proofs.de\/lv\/author\/mbetz\/#author"},"creator":{"@id":"http:\/\/blog.proofs.de\/lv\/author\/mbetz\/#author"},"image":{"@type":"ImageObject","url":"https:\/\/blog.proofs.de\/wp-content\/uploads\/2026\/01\/Bildschirmfoto-2026-01-31-um-01.44.10.png","@id":"http:\/\/blog.proofs.de\/lv\/fogra-colormanagement-symposium-2026-in-muenchen-vom-24-26-februar\/#mainImage","width":2132,"height":994,"caption":"Fogra Colormanagement Symposium 2026"},"primaryImageOfPage":{"@id":"http:\/\/blog.proofs.de\/lv\/fogra-colormanagement-symposium-2026-in-muenchen-vom-24-26-februar\/#mainImage"},"datePublished":"2026-02-04T16:40:10+01:00","dateModified":"2026-02-04T16:40:12+01:00"},{"@type":"WebSite","@id":"http:\/\/blog.proofs.de\/lv\/#website","url":"http:\/\/blog.proofs.de\/lv\/","name":"Proof.de","description":"Farbverbindlicher Proof, Farbproof, Digitalproof und Online-Proof.","inLanguage":"lv","publisher":{"@id":"http:\/\/blog.proofs.de\/lv\/#organization"}}]},"og:locale":"lv_LV","og:site_name":"Proof.de | Alles zu Proof, Farbmanagement, Grafik, Messtechnik &amp; Co.","og:type":"article","og:title":"Fogra Farbmanagement Symposium 2026 in M\u00fcnchen | proof.de","og:description":"Vom 24.-26.2. findet in M\u00fcnchen das Farbmanagement Symposium 2026 der Fogra statt - der Branchentreff f\u00fcr Farbmanagement, auch proof.de ist wieder dabei.","og:url":"http:\/\/blog.proofs.de\/lv\/fogra-colormanagement-symposium-2026-in-muenchen-vom-24-26-februar\/","og:image":"http:\/\/blog.proofs.de\/wp-content\/uploads\/2026\/01\/Bildschirmfoto-2026-01-31-um-01.44.10.png","og:image:width":2132,"og:image:height":994,"article:published_time":"2026-02-04T15:40:10+00:00","article:modified_time":"2026-02-04T15:40:12+00:00","article:publisher":"https:\/\/www.facebook.com\/Proof.de\/","twitter:card":"summary","twitter:title":"Fogra Farbmanagement Symposium 2026 in M\u00fcnchen | proof.de","twitter:description":"Vom 24.-26.2. findet in M\u00fcnchen das Farbmanagement Symposium 2026 der Fogra statt - der Branchentreff f\u00fcr Farbmanagement, auch proof.de ist wieder dabei.","twitter:image":"https:\/\/blog.proofs.de\/wp-content\/uploads\/2026\/01\/Bildschirmfoto-2026-01-31-um-01.44.10.png"},"aioseo_meta_data":{"post_id":"6310","title":"Fogra Colour Management Symposium 2026 Minhen\u0113 | proof.de","description":"No 24. l\u012bdz 26. febru\u0101rim Minhen\u0113 notiks Fogra Colour Management Symposium 2026 - kr\u0101su p\u0101rvald\u012bbas nozares san\u0101ksme, un proof.de atkal b\u016bs kl\u0101t.","keywords":null,"keyphrases":{"focus":{"keyphrase":"","score":0,"analysis":{"keyphraseInTitle":{"score":0,"maxScore":9,"error":1}}},"additional":[]},"primary_term":null,"canonical_url":null,"og_title":null,"og_description":null,"og_object_type":"default","og_image_type":"default","og_image_url":null,"og_image_width":null,"og_image_height":null,"og_image_custom_url":null,"og_image_custom_fields":null,"og_video":"","og_custom_url":null,"og_article_section":null,"og_article_tags":null,"twitter_use_og":true,"twitter_card":"default","twitter_image_type":"default","twitter_image_url":null,"twitter_image_custom_url":null,"twitter_image_custom_fields":null,"twitter_title":null,"twitter_description":null,"schema":{"blockGraphs":[],"customGraphs":[],"default":{"data":{"Article":[],"Course":[],"Dataset":[],"FAQPage":[],"Movie":[],"Person":[],"Product":[],"ProductReview":[],"Car":[],"Recipe":[],"Service":[],"SoftwareApplication":[],"WebPage":[]},"graphName":"Article","isEnabled":true},"graphs":[]},"schema_type":"default","schema_type_options":null,"pillar_content":false,"robots_default":true,"robots_noindex":false,"robots_noarchive":false,"robots_nosnippet":false,"robots_nofollow":false,"robots_noimageindex":false,"robots_noodp":false,"robots_notranslate":false,"robots_max_snippet":"-1","robots_max_videopreview":"-1","robots_max_imagepreview":"large","priority":null,"frequency":"default","local_seo":null,"breadcrumb_settings":null,"limit_modified_date":false,"ai":{"faqs":[],"keyPoints":[],"titles":[],"descriptions":[],"socialPosts":{"email":[],"linkedin":[],"twitter":[],"facebook":[],"instagram":[]}},"created":"2026-01-31 00:25:38","updated":"2026-02-04 15:53:00","seo_analyzer_scan_date":null,"focus_keyword":null,"additional_keywords":null,"truseo_locale":null},"_links":{"self":[{"href":"http:\/\/blog.proofs.de\/lv\/wp-json\/wp\/v2\/posts\/6310","targetHints":{"allow":["GET"]}}],"collection":[{"href":"http:\/\/blog.proofs.de\/lv\/wp-json\/wp\/v2\/posts"}],"about":[{"href":"http:\/\/blog.proofs.de\/lv\/wp-json\/wp\/v2\/types\/post"}],"author":[{"embeddable":true,"href":"http:\/\/blog.proofs.de\/lv\/wp-json\/wp\/v2\/users\/2"}],"replies":[{"embeddable":true,"href":"http:\/\/blog.proofs.de\/lv\/wp-json\/wp\/v2\/comments?post=6310"}],"version-history":[{"count":5,"href":"http:\/\/blog.proofs.de\/lv\/wp-json\/wp\/v2\/posts\/6310\/revisions"}],"predecessor-version":[{"id":6320,"href":"http:\/\/blog.proofs.de\/lv\/wp-json\/wp\/v2\/posts\/6310\/revisions\/6320"}],"wp:featuredmedia":[{"embeddable":true,"href":"http:\/\/blog.proofs.de\/lv\/wp-json\/wp\/v2\/media\/6311"}],"wp:attachment":[{"href":"http:\/\/blog.proofs.de\/lv\/wp-json\/wp\/v2\/media?parent=6310"}],"wp:term":[{"taxonomy":"category","embeddable":true,"href":"http:\/\/blog.proofs.de\/lv\/wp-json\/wp\/v2\/categories?post=6310"},{"taxonomy":"post_tag","embeddable":true,"href":"http:\/\/blog.proofs.de\/lv\/wp-json\/wp\/v2\/tags?post=6310"}],"curies":[{"name":"wp","href":"https:\/\/api.w.org\/{rel}","templated":true}]}}