{"id":2031,"date":"2018-02-27T00:36:23","date_gmt":"2018-02-26T23:36:23","guid":{"rendered":"http:\/\/www.proof.de\/?p=2031"},"modified":"2020-05-08T11:38:39","modified_gmt":"2020-05-08T09:38:39","slug":"din-spec-businessplan-open-kleurencommunicatie-gepubliceerd","status":"publish","type":"post","link":"http:\/\/blog.proofs.de\/nl\/din-spec-geschaeftsplan-offene-farbkommunikation-veroeffentlicht\/","title":{"rendered":"DIN SPEC bedrijfsplan \"Open kleurencommunicatie\" gepubliceerd"},"content":{"rendered":"<div class=\"kk-star-ratings kksr-auto kksr-align-right kksr-valign-top\" data-payload='{\"align\":\"right\",\"id\":\"2031\",\"slug\":\"default\",\"valign\":\"top\",\"ignore\":\"\",\"reference\":\"auto\",\"class\":\"\",\"count\":\"0\",\"legendonly\":\"\",\"readonly\":\"\",\"score\":\"0\",\"starsonly\":\"\",\"best\":\"5\",\"gap\":\"5\",\"greet\":\"Jetzt bewerten\",\"legend\":\"0\\\/5 - (0 stemmen)\",\"size\":\"24\",\"title\":\"DIN SPEC Gesch&auml;ftsplan \\u0026quot;Offene Farbkommunikation\\u0026quot; ver&ouml;ffentlicht\",\"width\":\"0\",\"_legend\":\"{score}\\\/{best} - ({count} {votes})\",\"font_factor\":\"1.25\"}'>\n            \n<div class=\"kksr-stars\">\n    \n<div class=\"kksr-stars-inactive\">\n            <div class=\"kksr-star\" data-star=\"1\" style=\"padding-right: 5px\">\n            \n\n<div class=\"kksr-icon\" style=\"width: 24px; height: 24px;\"><\/div>\n        <\/div>\n            <div class=\"kksr-star\" data-star=\"2\" style=\"padding-right: 5px\">\n            \n\n<div class=\"kksr-icon\" style=\"width: 24px; height: 24px;\"><\/div>\n        <\/div>\n            <div class=\"kksr-star\" data-star=\"3\" style=\"padding-right: 5px\">\n            \n\n<div class=\"kksr-icon\" style=\"width: 24px; height: 24px;\"><\/div>\n        <\/div>\n            <div class=\"kksr-star\" data-star=\"4\" style=\"padding-right: 5px\">\n            \n\n<div class=\"kksr-icon\" style=\"width: 24px; height: 24px;\"><\/div>\n        <\/div>\n            <div class=\"kksr-star\" data-star=\"5\" style=\"padding-right: 5px\">\n            \n\n<div class=\"kksr-icon\" style=\"width: 24px; height: 24px;\"><\/div>\n        <\/div>\n    <\/div>\n    \n<div class=\"kksr-stars-active\" style=\"width: 0px;\">\n            <div class=\"kksr-star\" style=\"padding-right: 5px\">\n            \n\n<div class=\"kksr-icon\" style=\"width: 24px; height: 24px;\"><\/div>\n        <\/div>\n            <div class=\"kksr-star\" style=\"padding-right: 5px\">\n            \n\n<div class=\"kksr-icon\" style=\"width: 24px; height: 24px;\"><\/div>\n        <\/div>\n            <div class=\"kksr-star\" style=\"padding-right: 5px\">\n            \n\n<div class=\"kksr-icon\" style=\"width: 24px; height: 24px;\"><\/div>\n        <\/div>\n            <div class=\"kksr-star\" style=\"padding-right: 5px\">\n            \n\n<div class=\"kksr-icon\" style=\"width: 24px; height: 24px;\"><\/div>\n        <\/div>\n            <div class=\"kksr-star\" style=\"padding-right: 5px\">\n            \n\n<div class=\"kksr-icon\" style=\"width: 24px; height: 24px;\"><\/div>\n        <\/div>\n    <\/div>\n<\/div>\n                \n\n<div class=\"kksr-legend\" style=\"font-size: 19.2px;\">\n            <span class=\"kksr-muted\">Nu beoordelen<\/span>\n    <\/div>\n    <\/div>\n<p>Ons businessplan FreieFarbe e.V. DIN SPEC werd momenteel gedurende 4 weken van 19 februari 2018 tot 19 maart 2018 op de DIN-website gepubliceerd voor opmerkingen.<\/p>\n<p><a href=\"https:\/\/www.din.de\/de\/forschung-und-innovation\/din-spec\/alle-geschaeftsplaene\"><img loading=\"lazy\" decoding=\"async\" class=\"alignright wp-image-2032 size-medium\" title=\"DIN SPEC 16699 Open kleurcommunicatie\" src=\"https:\/\/blog1.proofen.de\/wp-content\/uploads\/2018\/02\/Bildschirmfoto-2018-02-25-um-01.01.13-300x75.png\" alt=\"DIN SPEC 16699 Open kleurcommunicatie\" width=\"300\" height=\"75\" srcset=\"https:\/\/blog.proofs.de\/wp-content\/uploads\/2018\/02\/Bildschirmfoto-2018-02-25-um-01.01.13-300x75.png 300w, https:\/\/blog.proofs.de\/wp-content\/uploads\/2018\/02\/Bildschirmfoto-2018-02-25-um-01.01.13-768x193.png 768w, https:\/\/blog.proofs.de\/wp-content\/uploads\/2018\/02\/Bildschirmfoto-2018-02-25-um-01.01.13-500x126.png 500w, https:\/\/blog.proofs.de\/wp-content\/uploads\/2018\/02\/Bildschirmfoto-2018-02-25-um-01.01.13.png 946w\" sizes=\"auto, (max-width: 300px) 100vw, 300px\"><\/a>In deze DIN SPEC presenteren we hulpmiddelen en procedures voor een open en duidelijke kleurcommunicatie van ontwerp tot eindproduct op basis van <a href=\"http:\/\/blog.proofs.de\/nl\/lexikon\/cielab\/\" target=\"_self\" title=\"Het CIELAB-kleurmodel werd in 1976 gedefinieerd door de Commission Internationale de l&#039;Eclairage en beschrijft alle waarneembare kleuren. Het is een verdere ontwikkeling van de Hunter-LAB kleurenschaal uit 1966 en een wiskundig kleurmodel waarin de spectrale eigenschappen van een object en de perceptuele eigenschappen van ons visuele systeem tegen elkaar worden afgezet. CIELAB, of kortweg LAB, wordt vandaag de dag nog steeds veel gebruikt...\" class=\"encyclopedia\">CIELAB<\/a> kleurwaarden, fysieke monsters volgens ISO12647-7 en spectrale gegevens in de <a href=\"http:\/\/blog.proofs.de\/nl\/lexikon\/cxf\/\" target=\"_self\" title='CxF staat voor &quot;Color Exchange Format&quot;, een open XML-indeling voor het uitwisselen van kleurinformatie.' class=\"encyclopedia\">CxF<\/a>3 Formaat volgens ISO 17972 d<a href=\"http:\/\/blog.proofs.de\/nl\/lexikon\/efi\/\" target=\"_self\" title=\"Electronics For Imaging Inc, kortweg EFI, is een Amerikaans bedrijf en fabrikant van een van &#039;s werelds toonaangevende proefdruksystemen: EFI Colorproof XF, sinds 2013 Fiery XF. EFI is een leverancier van oplossingen voor grote afdruksystemen, RIP&#039;s en kleurbeheeroplossingen zoals proofing.\" class=\"encyclopedia\">efi<\/a>nise.<\/p>\n<p>De DIN SPEC beschrijft zowel de manier om de fysieke patronen als de CxF spectrale gegevens te cre\u00ebren voor elke CIE<a href=\"http:\/\/blog.proofs.de\/nl\/lexikon\/lab\/\" target=\"_self\" title=\"CIELAB of LAB is een mathematisch kleurmodel dat zich overal heeft gevestigd waar een exacte kleurberekening vereist is. Computerkleurbeheer werkt meestal via CIELAB.\" class=\"encyclopedia\">LAB<\/a>-kleurwaarden door de gebruiker en de basiswaarden van een open referentiekleur.<a href=\"http:\/\/blog.proofs.de\/nl\/lexikon\/farbsystem\/\" target=\"_self\" title=\"Een kleurmodel (of kleursysteem) is een abstracte wiskundige methode voor het bepalen en specificeren van kleuren en hun onderlinge relatie. Het wordt vaak gelijkgesteld aan de kleurruimte, die echter de concrete toepassing is van een kleurmodel op een kleurproducerende methode (printer, scherm, enz.).\" class=\"encyclopedia\">kleurensysteem<\/a>s, die gratis beschikbaar is voor alle gebruikers onder een Creative Commons-licentie. De in de DIN SPEC beschreven hulpmiddelen zijn met name geschikt voor taken waarbij kleuren in het ontwerp voor verschillende productieprocessen worden gedefinieerd en aan productiebedrijven worden doorgegeven door middel van fysieke monsters en spectrale gegevens; de in de DIN SPEC beschreven procedure is bedoeld om matte, halfglanzende en glanzende kleurstalen op gesloten, ongestructureerde oppervlakken te kunnen maken.<\/p>\n<p>DIN-gebouw en DIN-plaats \u00a9 DINDe DIN SPEC is in zekere zin het kleine broertje van de DIN-norm. DIN schrijft: \"De DIN SPEC is een zeer effectief marketinginstrument dat, dankzij het erkende DIN-merk, zorgt voor een hoge mate van acceptatie onder klanten en partners. DIN zorgt ervoor dat de DIN SPEC niet in strijd is met bestaande normen en publiceert de normen, ook internationaal. Een DIN SPEC kan de basis zijn voor een DIN-norm.\"<\/p>\n<p>Met de DIN SPEC 16699 \"Open Colour Communication\", willen wij van freieFarbe e.V. laten zien dat open tools en processen evenals Creative Commons licenties, in het bijzonder de CIELAB standaard, kunnen helpen bij het verbeteren van de kwaliteit van kleur. <a href=\"http:\/\/blog.proofs.de\/nl\/lexikon\/icc\/\" target=\"_self\" title=\"Het International Color Consortium, afgekort ICC, is een internationale commissie die verantwoordelijk is voor de standaardisatie van kleurprofielen.&nbsp;\" class=\"encyclopedia\">ICC<\/a>-gebaseerd op <a href=\"http:\/\/blog.proofs.de\/nl\/lexikon\/farbmanagement\/\" target=\"_self\" title=\"Het doel van kleurbeheer is ervoor te zorgen dat kleuren zo gelijk mogelijk worden gereproduceerd op verschillende apparaten, zoals camera&#039;s, scanners, beeldschermen, laser-, inkjet- en offsetprinters en nog veel meer.\" class=\"encyclopedia\">Kleurbeheer<\/a> en ISO-normen voor spectrale gegevens is kleurcommunicatie op professioneel niveau mogelijk.<\/p>\n<p><a href=\"http:\/\/www.freiefarbe.de\" target=\"_blank\" rel=\"noopener noreferrer\">U kunt ook meer informatie vinden op freieFarbe.de<\/a><\/p>","protected":false},"excerpt":{"rendered":"<p>Ons businessplan FreieFarbe e.V. DIN SPEC is momenteel 4 weken lang, van 19 februari 2018 tot 19 maart 2018, gepubliceerd op de DIN-website voor opmerkingen. In deze DIN SPEC zullen we hulpmiddelen en procedures defini\u00ebren voor een open en ondubbelzinnige kleurcommunicatie van ontwerp tot eindproduct op basis van CIELAB-kleurwaarden, fysieke monsters volgens ISO12647-7 en spectrale gegevens in CxF3-formaat volgens ISO 17972. De DIN SPEC beschrijft zowel de manier waarop de gebruiker fysieke monsters en CxF-spectrale gegevens voor alle CIELAB-kleurwaarden kan aanmaken, als de basiswaarden van een open referentiekleurensysteem dat door alle gebruikers kan worden gebruikt zonder ... <\/p>\n<p class=\"read-more-container\"><a title=\"DIN SPEC bedrijfsplan &quot;Open kleurencommunicatie&quot; gepubliceerd\" class=\"read-more button\" href=\"http:\/\/blog.proofs.de\/nl\/din-spec-geschaeftsplan-offene-farbkommunikation-veroeffentlicht\/#more-2031\" aria-label=\"Lees meer over DIN SPEC Business Plan \u201eOpen Colour Communication\u201c gepubliceerd\">Meer lezen<\/a><\/p>","protected":false},"author":2,"featured_media":2039,"comment_status":"open","ping_status":"open","sticky":false,"template":"","format":"standard","meta":{"om_disable_all_campaigns":false,"inline_featured_image":false,"_monsterinsights_skip_tracking":false,"footnotes":""},"categories":[1],"tags":[714,715,712,713,680],"class_list":["post-2031","post","type-post","status-publish","format-standard","has-post-thumbnail","hentry","category-allgemein","tag-714","tag-din","tag-din-spec","tag-din-spec-16699","tag-freiefarbe-e-v","generate-columns","tablet-grid-50","mobile-grid-100","grid-parent","grid-50","no-featured-image-padding","resize-featured-image"],"aioseo_notices":[],"aioseo_head":"\n\t\t<!-- All in One SEO 5.0.1.1 - aioseo.com -->\n\t<meta name=\"description\" content=\"Aktuell wurde unser freieFarbe e.V. DIN SPEC Gesch\u00e4ftsplan f\u00fcr 4 Wochen vom 19.02.2018 bis zum 19.03.2018 auf der DIN-Webseite zur Kommentierung ver\u00f6ffentlicht.\" \/>\n\t<meta name=\"robots\" content=\"max-image-preview:large\" \/>\n\t<meta name=\"author\" content=\"Matthias Betz\"\/>\n\t<meta name=\"google-site-verification\" content=\"TuXxyRwxcEg2-WfOaQ8vScWQh3-uBAnxXmY7g3GT90A\" \/>\n\t<meta name=\"keywords\" content=\"freiefarbe e.v.,din spec,din spec 16699,16699,din,16699,din,din spec,din spec 16699,freiefarbe e.v.\" \/>\n\t<link rel=\"canonical\" href=\"http:\/\/blog.proofs.de\/nl\/din-spec-geschaeftsplan-offene-farbkommunikation-veroeffentlicht\/\" \/>\n\t<meta name=\"generator\" content=\"All in One SEO (AIOSEO) 5.0.1.1\" \/>\n\n\t\t<meta name=\"seobility\" content=\"593a8578143db71543f014978c690d47\">\n\t\t<meta property=\"og:locale\" content=\"nl_NL\" \/>\n\t\t<meta property=\"og:site_name\" content=\"Proof.de | Alles zu Proof, Farbmanagement, Grafik, Messtechnik &amp; Co.\" \/>\n\t\t<meta property=\"og:type\" content=\"article\" \/>\n\t\t<meta property=\"og:title\" content=\"DIN SPEC &quot;Offene Farbkommunikation&quot; erschienen | proof.de\" \/>\n\t\t<meta property=\"og:description\" content=\"Aktuell wurde unser freieFarbe e.V. DIN SPEC Gesch\u00e4ftsplan f\u00fcr 4 Wochen vom 19.02.2018 bis zum 19.03.2018 auf der DIN-Webseite zur Kommentierung ver\u00f6ffentlicht.\" \/>\n\t\t<meta property=\"og:url\" content=\"http:\/\/blog.proofs.de\/nl\/din-spec-geschaeftsplan-offene-farbkommunikation-veroeffentlicht\/\" \/>\n\t\t<meta property=\"og:image\" content=\"http:\/\/blog.proofs.de\/wp-content\/uploads\/2018\/02\/DIN_Geb\u00d1ude_DIN-Platz-e1541466353442.jpg\" \/>\n\t\t<meta property=\"og:image:width\" content=\"1000\" \/>\n\t\t<meta property=\"og:image:height\" content=\"667\" \/>\n\t\t<meta property=\"article:published_time\" content=\"2018-02-26T23:36:23+00:00\" \/>\n\t\t<meta property=\"article:modified_time\" content=\"2020-05-08T09:38:39+00:00\" \/>\n\t\t<meta property=\"article:publisher\" content=\"https:\/\/www.facebook.com\/Proof.de\/\" \/>\n\t\t<meta name=\"twitter:card\" content=\"summary\" \/>\n\t\t<meta name=\"twitter:title\" content=\"DIN SPEC &quot;Offene Farbkommunikation&quot; erschienen | proof.de\" \/>\n\t\t<meta name=\"twitter:description\" content=\"Aktuell wurde unser freieFarbe e.V. DIN SPEC Gesch\u00e4ftsplan f\u00fcr 4 Wochen vom 19.02.2018 bis zum 19.03.2018 auf der DIN-Webseite zur Kommentierung ver\u00f6ffentlicht.\" \/>\n\t\t<meta name=\"twitter:image\" content=\"https:\/\/blog1.proofen.de\/wp-content\/uploads\/2020\/04\/proof_background.jpg\" \/>\n\t\t<script type=\"application\/ld+json\" class=\"aioseo-schema\">\n\t\t\t{\"@context\":\"https:\\\/\\\/schema.org\",\"@graph\":[{\"@type\":\"Article\",\"@id\":\"http:\\\/\\\/blog.proofs.de\\\/nl\\\/din-spec-geschaeftsplan-offene-farbkommunikation-veroeffentlicht\\\/#article\",\"name\":\"DIN SPEC \\\"Offene Farbkommunikation\\\" erschienen | proof.de\",\"headline\":\"DIN SPEC Gesch\\u00e4ftsplan &#8222;Offene Farbkommunikation&#8220; ver\\u00f6ffentlicht\",\"author\":{\"@id\":\"http:\\\/\\\/blog.proofs.de\\\/nl\\\/author\\\/mbetz\\\/#author\"},\"publisher\":{\"@id\":\"http:\\\/\\\/blog.proofs.de\\\/nl\\\/#organization\"},\"image\":{\"@type\":\"ImageObject\",\"url\":\"https:\\\/\\\/blog.proofs.de\\\/wp-content\\\/uploads\\\/2018\\\/02\\\/DIN_Geb\\u00d1ude_DIN-Platz-e1541466353442.jpg\",\"width\":1000,\"height\":667,\"caption\":\"Haus der Normung am DIN-Platz in Berlin\"},\"datePublished\":\"2018-02-27T00:36:23+01:00\",\"dateModified\":\"2020-05-08T11:38:39+02:00\",\"inLanguage\":\"nl-NL-formal\",\"mainEntityOfPage\":{\"@id\":\"http:\\\/\\\/blog.proofs.de\\\/nl\\\/din-spec-geschaeftsplan-offene-farbkommunikation-veroeffentlicht\\\/#webpage\"},\"isPartOf\":{\"@id\":\"http:\\\/\\\/blog.proofs.de\\\/nl\\\/din-spec-geschaeftsplan-offene-farbkommunikation-veroeffentlicht\\\/#webpage\"},\"articleSection\":\"Allgemein, 16699, DIN, DIN SPEC, DIN SPEC 16699, freieFarbe e.V.\"},{\"@type\":\"BreadcrumbList\",\"@id\":\"http:\\\/\\\/blog.proofs.de\\\/nl\\\/din-spec-geschaeftsplan-offene-farbkommunikation-veroeffentlicht\\\/#breadcrumblist\",\"itemListElement\":[{\"@type\":\"ListItem\",\"@id\":\"http:\\\/\\\/blog.proofs.de\\\/nl#listItem\",\"position\":1,\"name\":\"Home\",\"item\":\"http:\\\/\\\/blog.proofs.de\\\/nl\",\"nextItem\":{\"@type\":\"ListItem\",\"@id\":\"http:\\\/\\\/blog.proofs.de\\\/nl\\\/thema\\\/allgemein\\\/#listItem\",\"name\":\"Allgemein\"}},{\"@type\":\"ListItem\",\"@id\":\"http:\\\/\\\/blog.proofs.de\\\/nl\\\/thema\\\/allgemein\\\/#listItem\",\"position\":2,\"name\":\"Allgemein\",\"item\":\"http:\\\/\\\/blog.proofs.de\\\/nl\\\/thema\\\/allgemein\\\/\",\"nextItem\":{\"@type\":\"ListItem\",\"@id\":\"http:\\\/\\\/blog.proofs.de\\\/nl\\\/din-spec-geschaeftsplan-offene-farbkommunikation-veroeffentlicht\\\/#listItem\",\"name\":\"DIN SPEC Gesch\\u00e4ftsplan &#8222;Offene Farbkommunikation&#8220; ver\\u00f6ffentlicht\"},\"previousItem\":{\"@type\":\"ListItem\",\"@id\":\"http:\\\/\\\/blog.proofs.de\\\/nl#listItem\",\"name\":\"Home\"}},{\"@type\":\"ListItem\",\"@id\":\"http:\\\/\\\/blog.proofs.de\\\/nl\\\/din-spec-geschaeftsplan-offene-farbkommunikation-veroeffentlicht\\\/#listItem\",\"position\":3,\"name\":\"DIN SPEC Gesch\\u00e4ftsplan &#8222;Offene Farbkommunikation&#8220; ver\\u00f6ffentlicht\",\"previousItem\":{\"@type\":\"ListItem\",\"@id\":\"http:\\\/\\\/blog.proofs.de\\\/nl\\\/thema\\\/allgemein\\\/#listItem\",\"name\":\"Allgemein\"}}]},{\"@type\":\"Organization\",\"@id\":\"http:\\\/\\\/blog.proofs.de\\\/nl\\\/#organization\",\"name\":\"Proof GmbH\",\"description\":\"Farbverbindlicher Proof, Farbproof, Digitalproof und Online-Proof.\",\"url\":\"http:\\\/\\\/blog.proofs.de\\\/nl\\\/\",\"telephone\":\"+4970717952740\",\"logo\":{\"@type\":\"ImageObject\",\"url\":\"https:\\\/\\\/blog1.proofen.de\\\/wp-content\\\/uploads\\\/2019\\\/09\\\/logo_proof_rgb_mit_balken_250px.png\",\"@id\":\"http:\\\/\\\/blog.proofs.de\\\/nl\\\/din-spec-geschaeftsplan-offene-farbkommunikation-veroeffentlicht\\\/#organizationLogo\"},\"image\":{\"@id\":\"http:\\\/\\\/blog.proofs.de\\\/nl\\\/din-spec-geschaeftsplan-offene-farbkommunikation-veroeffentlicht\\\/#organizationLogo\"},\"sameAs\":[\"https:\\\/\\\/www.facebook.com\\\/Proof.de\\\/\",\"https:\\\/\\\/www.instagram.com\\\/proof.de\\\/\",\"https:\\\/\\\/www.tiktok.com\\\/@proof_de\",\"https:\\\/\\\/www.youtube.com\\\/channel\\\/UCk80fQVQ25wC9wu3SywB-Nw\",\"https:\\\/\\\/www.linkedin.com\\\/company\\\/proof-de\"]},{\"@type\":\"Person\",\"@id\":\"http:\\\/\\\/blog.proofs.de\\\/nl\\\/author\\\/mbetz\\\/#author\",\"url\":\"http:\\\/\\\/blog.proofs.de\\\/nl\\\/author\\\/mbetz\\\/\",\"name\":\"Matthias Betz\",\"image\":{\"@type\":\"ImageObject\",\"@id\":\"http:\\\/\\\/blog.proofs.de\\\/nl\\\/din-spec-geschaeftsplan-offene-farbkommunikation-veroeffentlicht\\\/#authorImage\",\"url\":\"https:\\\/\\\/blog.proofs.de\\\/wp-content\\\/uploads\\\/2020\\\/10\\\/matthias-betz-e1603934518350-150x150.png\",\"width\":96,\"height\":96,\"caption\":\"Matthias Betz\"}},{\"@type\":\"WebPage\",\"@id\":\"http:\\\/\\\/blog.proofs.de\\\/nl\\\/din-spec-geschaeftsplan-offene-farbkommunikation-veroeffentlicht\\\/#webpage\",\"url\":\"http:\\\/\\\/blog.proofs.de\\\/nl\\\/din-spec-geschaeftsplan-offene-farbkommunikation-veroeffentlicht\\\/\",\"name\":\"DIN SPEC \\\"Offene Farbkommunikation\\\" erschienen | proof.de\",\"description\":\"Aktuell wurde unser freieFarbe e.V. DIN SPEC Gesch\\u00e4ftsplan f\\u00fcr 4 Wochen vom 19.02.2018 bis zum 19.03.2018 auf der DIN-Webseite zur Kommentierung ver\\u00f6ffentlicht.\",\"inLanguage\":\"nl-NL-formal\",\"isPartOf\":{\"@id\":\"http:\\\/\\\/blog.proofs.de\\\/nl\\\/#website\"},\"breadcrumb\":{\"@id\":\"http:\\\/\\\/blog.proofs.de\\\/nl\\\/din-spec-geschaeftsplan-offene-farbkommunikation-veroeffentlicht\\\/#breadcrumblist\"},\"author\":{\"@id\":\"http:\\\/\\\/blog.proofs.de\\\/nl\\\/author\\\/mbetz\\\/#author\"},\"creator\":{\"@id\":\"http:\\\/\\\/blog.proofs.de\\\/nl\\\/author\\\/mbetz\\\/#author\"},\"image\":{\"@type\":\"ImageObject\",\"url\":\"https:\\\/\\\/blog.proofs.de\\\/wp-content\\\/uploads\\\/2018\\\/02\\\/DIN_Geb\\u00d1ude_DIN-Platz-e1541466353442.jpg\",\"@id\":\"http:\\\/\\\/blog.proofs.de\\\/nl\\\/din-spec-geschaeftsplan-offene-farbkommunikation-veroeffentlicht\\\/#mainImage\",\"width\":1000,\"height\":667,\"caption\":\"Haus der Normung am DIN-Platz in Berlin\"},\"primaryImageOfPage\":{\"@id\":\"http:\\\/\\\/blog.proofs.de\\\/nl\\\/din-spec-geschaeftsplan-offene-farbkommunikation-veroeffentlicht\\\/#mainImage\"},\"datePublished\":\"2018-02-27T00:36:23+01:00\",\"dateModified\":\"2020-05-08T11:38:39+02:00\"},{\"@type\":\"WebSite\",\"@id\":\"http:\\\/\\\/blog.proofs.de\\\/nl\\\/#website\",\"url\":\"http:\\\/\\\/blog.proofs.de\\\/nl\\\/\",\"name\":\"Proof.de\",\"description\":\"Farbverbindlicher Proof, Farbproof, Digitalproof und Online-Proof.\",\"inLanguage\":\"nl-NL-formal\",\"publisher\":{\"@id\":\"http:\\\/\\\/blog.proofs.de\\\/nl\\\/#organization\"}}]}\n\t\t<\/script>\n\t\t<!-- All in One SEO -->\n\n","aioseo_head_json":{"title":"DIN SPEC \"Open kleurcommunicatie\" gepubliceerd | proof.de","description":"Ons businessplan FreieFarbe e.V. DIN SPEC werd momenteel gedurende 4 weken van 19 februari 2018 tot 19 maart 2018 op de DIN-website gepubliceerd voor opmerkingen.","canonical_url":"http:\/\/blog.proofs.de\/nl\/din-spec-geschaeftsplan-offene-farbkommunikation-veroeffentlicht\/","robots":"max-image-preview:large","keywords":"freiefarbe e.v.,din spec,din spec 16699,16699,din,16699,din,din spec,din spec 16699,freiefarbe e.v.","webmasterTools":{"google-site-verification":"TuXxyRwxcEg2-WfOaQ8vScWQh3-uBAnxXmY7g3GT90A","miscellaneous":"&lt;meta name=\"seobility\" content=\"593a8578143db71543f014978c690d47\"&gt;"},"schema":{"@context":"https:\/\/schema.org","@graph":[{"@type":"Article","@id":"http:\/\/blog.proofs.de\/nl\/din-spec-geschaeftsplan-offene-farbkommunikation-veroeffentlicht\/#article","name":"DIN SPEC \"Offene Farbkommunikation\" erschienen | proof.de","headline":"DIN SPEC Gesch\u00e4ftsplan &#8222;Offene Farbkommunikation&#8220; ver\u00f6ffentlicht","author":{"@id":"http:\/\/blog.proofs.de\/nl\/author\/mbetz\/#author"},"publisher":{"@id":"http:\/\/blog.proofs.de\/nl\/#organization"},"image":{"@type":"ImageObject","url":"https:\/\/blog.proofs.de\/wp-content\/uploads\/2018\/02\/DIN_Geb\u00d1ude_DIN-Platz-e1541466353442.jpg","width":1000,"height":667,"caption":"Haus der Normung am DIN-Platz in Berlin"},"datePublished":"2018-02-27T00:36:23+01:00","dateModified":"2020-05-08T11:38:39+02:00","inLanguage":"nl-NL-formal","mainEntityOfPage":{"@id":"http:\/\/blog.proofs.de\/nl\/din-spec-geschaeftsplan-offene-farbkommunikation-veroeffentlicht\/#webpage"},"isPartOf":{"@id":"http:\/\/blog.proofs.de\/nl\/din-spec-geschaeftsplan-offene-farbkommunikation-veroeffentlicht\/#webpage"},"articleSection":"Allgemein, 16699, DIN, DIN SPEC, DIN SPEC 16699, freieFarbe e.V."},{"@type":"BreadcrumbList","@id":"http:\/\/blog.proofs.de\/nl\/din-spec-geschaeftsplan-offene-farbkommunikation-veroeffentlicht\/#breadcrumblist","itemListElement":[{"@type":"ListItem","@id":"http:\/\/blog.proofs.de\/nl#listItem","position":1,"name":"Home","item":"http:\/\/blog.proofs.de\/nl","nextItem":{"@type":"ListItem","@id":"http:\/\/blog.proofs.de\/nl\/thema\/allgemein\/#listItem","name":"Allgemein"}},{"@type":"ListItem","@id":"http:\/\/blog.proofs.de\/nl\/thema\/allgemein\/#listItem","position":2,"name":"Allgemein","item":"http:\/\/blog.proofs.de\/nl\/thema\/allgemein\/","nextItem":{"@type":"ListItem","@id":"http:\/\/blog.proofs.de\/nl\/din-spec-geschaeftsplan-offene-farbkommunikation-veroeffentlicht\/#listItem","name":"DIN SPEC Gesch\u00e4ftsplan &#8222;Offene Farbkommunikation&#8220; ver\u00f6ffentlicht"},"previousItem":{"@type":"ListItem","@id":"http:\/\/blog.proofs.de\/nl#listItem","name":"Home"}},{"@type":"ListItem","@id":"http:\/\/blog.proofs.de\/nl\/din-spec-geschaeftsplan-offene-farbkommunikation-veroeffentlicht\/#listItem","position":3,"name":"DIN SPEC Gesch\u00e4ftsplan &#8222;Offene Farbkommunikation&#8220; ver\u00f6ffentlicht","previousItem":{"@type":"ListItem","@id":"http:\/\/blog.proofs.de\/nl\/thema\/allgemein\/#listItem","name":"Allgemein"}}]},{"@type":"Organization","@id":"http:\/\/blog.proofs.de\/nl\/#organization","name":"Proof GmbH","description":"Farbverbindlicher Proof, Farbproof, Digitalproof und Online-Proof.","url":"http:\/\/blog.proofs.de\/nl\/","telephone":"+4970717952740","logo":{"@type":"ImageObject","url":"https:\/\/blog1.proofen.de\/wp-content\/uploads\/2019\/09\/logo_proof_rgb_mit_balken_250px.png","@id":"http:\/\/blog.proofs.de\/nl\/din-spec-geschaeftsplan-offene-farbkommunikation-veroeffentlicht\/#organizationLogo"},"image":{"@id":"http:\/\/blog.proofs.de\/nl\/din-spec-geschaeftsplan-offene-farbkommunikation-veroeffentlicht\/#organizationLogo"},"sameAs":["https:\/\/www.facebook.com\/Proof.de\/","https:\/\/www.instagram.com\/proof.de\/","https:\/\/www.tiktok.com\/@proof_de","https:\/\/www.youtube.com\/channel\/UCk80fQVQ25wC9wu3SywB-Nw","https:\/\/www.linkedin.com\/company\/proof-de"]},{"@type":"Person","@id":"http:\/\/blog.proofs.de\/nl\/author\/mbetz\/#author","url":"http:\/\/blog.proofs.de\/nl\/author\/mbetz\/","name":"Matthias Betz","image":{"@type":"ImageObject","@id":"http:\/\/blog.proofs.de\/nl\/din-spec-geschaeftsplan-offene-farbkommunikation-veroeffentlicht\/#authorImage","url":"https:\/\/blog.proofs.de\/wp-content\/uploads\/2020\/10\/matthias-betz-e1603934518350-150x150.png","width":96,"height":96,"caption":"Matthias Betz"}},{"@type":"WebPage","@id":"http:\/\/blog.proofs.de\/nl\/din-spec-geschaeftsplan-offene-farbkommunikation-veroeffentlicht\/#webpage","url":"http:\/\/blog.proofs.de\/nl\/din-spec-geschaeftsplan-offene-farbkommunikation-veroeffentlicht\/","name":"DIN SPEC \"Offene Farbkommunikation\" erschienen | proof.de","description":"Aktuell wurde unser freieFarbe e.V. DIN SPEC Gesch\u00e4ftsplan f\u00fcr 4 Wochen vom 19.02.2018 bis zum 19.03.2018 auf der DIN-Webseite zur Kommentierung ver\u00f6ffentlicht.","inLanguage":"nl-NL-formal","isPartOf":{"@id":"http:\/\/blog.proofs.de\/nl\/#website"},"breadcrumb":{"@id":"http:\/\/blog.proofs.de\/nl\/din-spec-geschaeftsplan-offene-farbkommunikation-veroeffentlicht\/#breadcrumblist"},"author":{"@id":"http:\/\/blog.proofs.de\/nl\/author\/mbetz\/#author"},"creator":{"@id":"http:\/\/blog.proofs.de\/nl\/author\/mbetz\/#author"},"image":{"@type":"ImageObject","url":"https:\/\/blog.proofs.de\/wp-content\/uploads\/2018\/02\/DIN_Geb\u00d1ude_DIN-Platz-e1541466353442.jpg","@id":"http:\/\/blog.proofs.de\/nl\/din-spec-geschaeftsplan-offene-farbkommunikation-veroeffentlicht\/#mainImage","width":1000,"height":667,"caption":"Haus der Normung am DIN-Platz in Berlin"},"primaryImageOfPage":{"@id":"http:\/\/blog.proofs.de\/nl\/din-spec-geschaeftsplan-offene-farbkommunikation-veroeffentlicht\/#mainImage"},"datePublished":"2018-02-27T00:36:23+01:00","dateModified":"2020-05-08T11:38:39+02:00"},{"@type":"WebSite","@id":"http:\/\/blog.proofs.de\/nl\/#website","url":"http:\/\/blog.proofs.de\/nl\/","name":"Proof.de","description":"Farbverbindlicher Proof, Farbproof, Digitalproof und Online-Proof.","inLanguage":"nl-NL-formal","publisher":{"@id":"http:\/\/blog.proofs.de\/nl\/#organization"}}]},"og:locale":"nl_NL","og:site_name":"Proof.de | Alles zu Proof, Farbmanagement, Grafik, Messtechnik &amp; Co.","og:type":"article","og:title":"DIN SPEC &quot;Offene Farbkommunikation&quot; erschienen | proof.de","og:description":"Aktuell wurde unser freieFarbe e.V. DIN SPEC Gesch\u00e4ftsplan f\u00fcr 4 Wochen vom 19.02.2018 bis zum 19.03.2018 auf der DIN-Webseite zur Kommentierung ver\u00f6ffentlicht.","og:url":"http:\/\/blog.proofs.de\/nl\/din-spec-geschaeftsplan-offene-farbkommunikation-veroeffentlicht\/","og:image":"http:\/\/blog.proofs.de\/wp-content\/uploads\/2018\/02\/DIN_Geb\u00d1ude_DIN-Platz-e1541466353442.jpg","og:image:width":1000,"og:image:height":667,"article:published_time":"2018-02-26T23:36:23+00:00","article:modified_time":"2020-05-08T09:38:39+00:00","article:publisher":"https:\/\/www.facebook.com\/Proof.de\/","twitter:card":"summary","twitter:title":"DIN SPEC &quot;Offene Farbkommunikation&quot; erschienen | proof.de","twitter:description":"Aktuell wurde unser freieFarbe e.V. DIN SPEC Gesch\u00e4ftsplan f\u00fcr 4 Wochen vom 19.02.2018 bis zum 19.03.2018 auf der DIN-Webseite zur Kommentierung ver\u00f6ffentlicht.","twitter:image":"https:\/\/blog1.proofen.de\/wp-content\/uploads\/2020\/04\/proof_background.jpg"},"aioseo_meta_data":{"post_id":"2031","title":"DIN SPEC &quot;Offene Farbkommunikation&quot; erschienen |\u00a0proof.de","description":"Aktuell wurde unser freieFarbe e.V. DIN SPEC Gesch\u00e4ftsplan f\u00fcr\u00a04 Wochen vom 19.02.2018 bis zum 19.03.2018 auf der DIN-Webseite zur Kommentierung ver\u00f6ffentlicht.","keywords":[{"label":"freieFarbe e.V.,DIN SPEC,DIN SPEC 16699,16699,DIN","value":"freieFarbe e.V.,DIN SPEC,DIN SPEC 16699,16699,DIN"}],"keyphrases":null,"primary_term":null,"canonical_url":null,"og_title":null,"og_description":null,"og_object_type":"default","og_image_type":"default","og_image_url":null,"og_image_width":null,"og_image_height":null,"og_image_custom_url":null,"og_image_custom_fields":null,"og_video":null,"og_custom_url":null,"og_article_section":null,"og_article_tags":null,"twitter_use_og":false,"twitter_card":"default","twitter_image_type":"default","twitter_image_url":null,"twitter_image_custom_url":null,"twitter_image_custom_fields":null,"twitter_title":null,"twitter_description":null,"schema":{"blockGraphs":[],"customGraphs":[],"default":{"data":{"Article":[],"Course":[],"Dataset":[],"FAQPage":[],"Movie":[],"Person":[],"Product":[],"ProductReview":[],"Car":[],"Recipe":[],"Service":[],"SoftwareApplication":[],"WebPage":[]},"graphName":"","isEnabled":true},"graphs":[],"defaultGraph":"","defaultPostTypeGraph":""},"schema_type":null,"schema_type_options":null,"pillar_content":false,"robots_default":true,"robots_noindex":false,"robots_noarchive":false,"robots_nosnippet":false,"robots_nofollow":false,"robots_noimageindex":false,"robots_noodp":false,"robots_notranslate":false,"robots_max_snippet":null,"robots_max_videopreview":null,"robots_max_imagepreview":"large","priority":null,"frequency":null,"local_seo":null,"breadcrumb_settings":null,"limit_modified_date":false,"ai":null,"created":"2020-12-21 00:35:00","updated":"2025-06-04 14:22:05","seo_analyzer_scan_date":null,"focus_keyword":null,"additional_keywords":null,"truseo_locale":null},"_links":{"self":[{"href":"http:\/\/blog.proofs.de\/nl\/wp-json\/wp\/v2\/posts\/2031","targetHints":{"allow":["GET"]}}],"collection":[{"href":"http:\/\/blog.proofs.de\/nl\/wp-json\/wp\/v2\/posts"}],"about":[{"href":"http:\/\/blog.proofs.de\/nl\/wp-json\/wp\/v2\/types\/post"}],"author":[{"embeddable":true,"href":"http:\/\/blog.proofs.de\/nl\/wp-json\/wp\/v2\/users\/2"}],"replies":[{"embeddable":true,"href":"http:\/\/blog.proofs.de\/nl\/wp-json\/wp\/v2\/comments?post=2031"}],"version-history":[{"count":9,"href":"http:\/\/blog.proofs.de\/nl\/wp-json\/wp\/v2\/posts\/2031\/revisions"}],"predecessor-version":[{"id":6018,"href":"http:\/\/blog.proofs.de\/nl\/wp-json\/wp\/v2\/posts\/2031\/revisions\/6018"}],"wp:featuredmedia":[{"embeddable":true,"href":"http:\/\/blog.proofs.de\/nl\/wp-json\/wp\/v2\/media\/2039"}],"wp:attachment":[{"href":"http:\/\/blog.proofs.de\/nl\/wp-json\/wp\/v2\/media?parent=2031"}],"wp:term":[{"taxonomy":"category","embeddable":true,"href":"http:\/\/blog.proofs.de\/nl\/wp-json\/wp\/v2\/categories?post=2031"},{"taxonomy":"post_tag","embeddable":true,"href":"http:\/\/blog.proofs.de\/nl\/wp-json\/wp\/v2\/tags?post=2031"}],"curies":[{"name":"wp","href":"https:\/\/api.w.org\/{rel}","templated":true}]}}