{"id":2220,"date":"2018-11-12T01:15:25","date_gmt":"2018-11-12T00:15:25","guid":{"rendered":"http:\/\/www.proof.de\/?p=2220"},"modified":"2023-07-20T09:24:31","modified_gmt":"2023-07-20T07:24:31","slug":"adobe-kleurenkiezer-2019-decimalen-mogelijk-in-indesign-en-illustrator","status":"publish","type":"post","link":"http:\/\/blog.proofs.de\/nl\/adobe-farbwaehler-2019-nachkommastellen-in-indesign-und-illustrator-moeglich\/","title":{"rendered":"Adobe Kleurkiezer 2019: Decimalen mogelijk in InDesign en Illustrator"},"content":{"rendered":"<div class=\"kk-star-ratings kksr-auto kksr-align-right kksr-valign-top\" data-payload='{\"align\":\"right\",\"id\":\"2220\",\"slug\":\"default\",\"valign\":\"top\",\"ignore\":\"\",\"reference\":\"auto\",\"class\":\"\",\"count\":\"1\",\"legendonly\":\"\",\"readonly\":\"\",\"score\":\"3\",\"starsonly\":\"\",\"best\":\"5\",\"gap\":\"5\",\"greet\":\"Jetzt bewerten\",\"legend\":\"3\\\/5 - (1 stemmen)\",\"size\":\"24\",\"title\":\"Adobe Farbw&auml;hler 2019: Nachkommastellen in InDesign und Illustrator m&ouml;glich\",\"width\":\"84.5\",\"_legend\":\"{score}\\\/{best} - ({count} {votes})\",\"font_factor\":\"1.25\"}'>\n            \n<div class=\"kksr-stars\">\n    \n<div class=\"kksr-stars-inactive\">\n            <div class=\"kksr-star\" data-star=\"1\" style=\"padding-right: 5px\">\n            \n\n<div class=\"kksr-icon\" style=\"width: 24px; height: 24px;\"><\/div>\n        <\/div>\n            <div class=\"kksr-star\" data-star=\"2\" style=\"padding-right: 5px\">\n            \n\n<div class=\"kksr-icon\" style=\"width: 24px; height: 24px;\"><\/div>\n        <\/div>\n            <div class=\"kksr-star\" data-star=\"3\" style=\"padding-right: 5px\">\n            \n\n<div class=\"kksr-icon\" style=\"width: 24px; height: 24px;\"><\/div>\n        <\/div>\n            <div class=\"kksr-star\" data-star=\"4\" style=\"padding-right: 5px\">\n            \n\n<div class=\"kksr-icon\" style=\"width: 24px; height: 24px;\"><\/div>\n        <\/div>\n            <div class=\"kksr-star\" data-star=\"5\" style=\"padding-right: 5px\">\n            \n\n<div class=\"kksr-icon\" style=\"width: 24px; height: 24px;\"><\/div>\n        <\/div>\n    <\/div>\n    \n<div class=\"kksr-stars-active\" style=\"width: 84.5px;\">\n            <div class=\"kksr-star\" style=\"padding-right: 5px\">\n            \n\n<div class=\"kksr-icon\" style=\"width: 24px; height: 24px;\"><\/div>\n        <\/div>\n            <div class=\"kksr-star\" style=\"padding-right: 5px\">\n            \n\n<div class=\"kksr-icon\" style=\"width: 24px; height: 24px;\"><\/div>\n        <\/div>\n            <div class=\"kksr-star\" style=\"padding-right: 5px\">\n            \n\n<div class=\"kksr-icon\" style=\"width: 24px; height: 24px;\"><\/div>\n        <\/div>\n            <div class=\"kksr-star\" style=\"padding-right: 5px\">\n            \n\n<div class=\"kksr-icon\" style=\"width: 24px; height: 24px;\"><\/div>\n        <\/div>\n            <div class=\"kksr-star\" style=\"padding-right: 5px\">\n            \n\n<div class=\"kksr-icon\" style=\"width: 24px; height: 24px;\"><\/div>\n        <\/div>\n    <\/div>\n<\/div>\n                \n\n<div class=\"kksr-legend\" style=\"font-size: 19.2px;\">\n            3\/5 - (1 lift)    <\/div>\n    <\/div>\n\n<p class=\"wp-block-paragraph\">Adobe heeft zijn kleurenkiezer bijgewerkt in de versie van 2019. Met name in Adobe InDesign 2019 zijn kleuren nu beschikbaar voor LAB en <a href=\"http:\/\/blog.proofs.de\/nl\/lexikon\/lab\/\" target=\"_self\" title=\"CIELAB of LAB is een mathematisch kleurmodel dat zich overal heeft gevestigd waar een exacte kleurberekening vereist is. Computerkleurbeheer werkt meestal via CIELAB.\" class=\"encyclopedia\">LAB<\/a> en <a href=\"http:\/\/blog.proofs.de\/nl\/lexikon\/cmyk\/\" target=\"_self\" title='CMYK staat voor de vier drukkleuren cyaan, magenta, geel en &quot;key&quot; (zwart of zwartcomponent).' class=\"encyclopedia\">CMYK<\/a> Decimale plaatsen zijn mogelijk bij het invoeren van kleuren, wat met name in het high-end kleurengamma een langverwachte functie is. Tot nu toe was het in Adobe InDesign weliswaar al mogelijk om kleurwaarden, bijvoorbeeld in CMYK, met decimale plaatsen in te voeren en deze ook bij de PDF-export in de PDF op te nemen, maar er werden altijd alleen gehele getallen weergegeven.<\/p>\n\n\n\n<p class=\"wp-block-paragraph\">In Adobe InDesign 2019 kunnen nu bij LAB en CMYK drie decimalen worden ingevoerd en ook weer worden uitgelezen. Bij het automatisch labelen van de kleurvelden worden deze waarden echter niet overgenomen, maar deze kunnen altijd handmatig worden aangepast.<\/p>\n\n\n<div class=\"wp-block-image\">\n<figure class=\"alignleft is-resized\"><a href=\"https:\/\/blog1.proofen.de\/wp-content\/uploads\/2018\/11\/Adobe_InDesign_2019_Farbw%C3%A4hler_CMYK_LAB_Eingabe_mit_Nachkommastellen.png\"><img loading=\"lazy\" decoding=\"async\" src=\"https:\/\/blog1.proofen.de\/wp-content\/uploads\/2018\/11\/Adobe_InDesign_2019_Farbw%C3%A4hler_CMYK_LAB_Eingabe_mit_Nachkommastellen-1024x557.png\" alt=\"In Adobe InDesign 2019 kunnen nu bij CMYK en LAB waarden met maximaal 3 decimalen worden ingevoerd.\" class=\"wp-image-2221\" width=\"512\" height=\"279\" srcset=\"https:\/\/blog.proofs.de\/wp-content\/uploads\/2018\/11\/Adobe_InDesign_2019_Farbw&auml;hler_CMYK_LAB_Eingabe_mit_Nachkommastellen-1024x557.png 1024w, https:\/\/blog.proofs.de\/wp-content\/uploads\/2018\/11\/Adobe_InDesign_2019_Farbw&auml;hler_CMYK_LAB_Eingabe_mit_Nachkommastellen-300x163.png 300w, https:\/\/blog.proofs.de\/wp-content\/uploads\/2018\/11\/Adobe_InDesign_2019_Farbw&auml;hler_CMYK_LAB_Eingabe_mit_Nachkommastellen-768x417.png 768w, https:\/\/blog.proofs.de\/wp-content\/uploads\/2018\/11\/Adobe_InDesign_2019_Farbw&auml;hler_CMYK_LAB_Eingabe_mit_Nachkommastellen-500x272.png 500w, https:\/\/blog.proofs.de\/wp-content\/uploads\/2018\/11\/Adobe_InDesign_2019_Farbw&auml;hler_CMYK_LAB_Eingabe_mit_Nachkommastellen.png 1560w\" sizes=\"auto, (max-width: 512px) 100vw, 512px\"><\/a><figcaption class=\"wp-element-caption\">In Adobe InDesign 2019 kunnen nu bij CMYK en LAB waarden met maximaal 3 decimalen worden ingevoerd.<\/figcaption><\/figure>\n<\/div>\n\n\n<p class=\"wp-block-paragraph\">Ook in Adobe Illustrator 2019 zijn nu CMYK-invoerwaarden met decimalen mogelijk, waarbij hier slechts twee decimalen mogelijk zijn. Bij LAB is nog steeds alleen een geheel getal mogelijk.<\/p>\n\n\n<div class=\"wp-block-image\">\n<figure class=\"alignleft is-resized\"><a href=\"https:\/\/blog1.proofen.de\/wp-content\/uploads\/2018\/11\/Adobe_Illustrator_2019_Farbw%C3%A4hler_CMYK_Eingabe_mit_Nachkommastellen.png\"><img loading=\"lazy\" decoding=\"async\" src=\"https:\/\/blog1.proofen.de\/wp-content\/uploads\/2018\/11\/Adobe_Illustrator_2019_Farbw%C3%A4hler_CMYK_Eingabe_mit_Nachkommastellen-1024x614.png\" alt=\"Adobe Illustrator 2019 kleurkiezer CMYK invoer met twee cijfers achter de komma\" class=\"wp-image-2223\" width=\"512\" height=\"307\" srcset=\"https:\/\/blog.proofs.de\/wp-content\/uploads\/2018\/11\/Adobe_Illustrator_2019_Farbw&auml;hler_CMYK_Eingabe_mit_Nachkommastellen-1024x614.png 1024w, https:\/\/blog.proofs.de\/wp-content\/uploads\/2018\/11\/Adobe_Illustrator_2019_Farbw&auml;hler_CMYK_Eingabe_mit_Nachkommastellen-300x180.png 300w, https:\/\/blog.proofs.de\/wp-content\/uploads\/2018\/11\/Adobe_Illustrator_2019_Farbw&auml;hler_CMYK_Eingabe_mit_Nachkommastellen-768x460.png 768w, https:\/\/blog.proofs.de\/wp-content\/uploads\/2018\/11\/Adobe_Illustrator_2019_Farbw&auml;hler_CMYK_Eingabe_mit_Nachkommastellen-500x300.png 500w, https:\/\/blog.proofs.de\/wp-content\/uploads\/2018\/11\/Adobe_Illustrator_2019_Farbw&auml;hler_CMYK_Eingabe_mit_Nachkommastellen.png 1468w\" sizes=\"auto, (max-width: 512px) 100vw, 512px\"><\/a><figcaption class=\"wp-element-caption\">Adobe Illustrator 2019 Kleurenkiezer CMYK-invoer met twee decimalen<\/figcaption><\/figure>\n<\/div>\n\n<div class=\"wp-block-image\">\n<figure class=\"alignleft is-resized\"><a href=\"https:\/\/blog1.proofen.de\/wp-content\/uploads\/2018\/11\/Adobe_Illustrator_2019_Farbw%C3%A4hler_LAB_Eingabe_ohne_Nachkommastellen.png\"><img loading=\"lazy\" decoding=\"async\" src=\"https:\/\/blog1.proofen.de\/wp-content\/uploads\/2018\/11\/Adobe_Illustrator_2019_Farbw%C3%A4hler_LAB_Eingabe_ohne_Nachkommastellen-1024x612.png\" alt=\"Adobe Illustrator 2019 Kleurenkiezer LAB Invoer alleen mogelijk zonder decimalen\" class=\"wp-image-2222\" width=\"512\" height=\"306\" srcset=\"https:\/\/blog.proofs.de\/wp-content\/uploads\/2018\/11\/Adobe_Illustrator_2019_Farbw&auml;hler_LAB_Eingabe_ohne_Nachkommastellen-1024x612.png 1024w, https:\/\/blog.proofs.de\/wp-content\/uploads\/2018\/11\/Adobe_Illustrator_2019_Farbw&auml;hler_LAB_Eingabe_ohne_Nachkommastellen-300x179.png 300w, https:\/\/blog.proofs.de\/wp-content\/uploads\/2018\/11\/Adobe_Illustrator_2019_Farbw&auml;hler_LAB_Eingabe_ohne_Nachkommastellen-768x459.png 768w, https:\/\/blog.proofs.de\/wp-content\/uploads\/2018\/11\/Adobe_Illustrator_2019_Farbw&auml;hler_LAB_Eingabe_ohne_Nachkommastellen-500x300.png 500w, https:\/\/blog.proofs.de\/wp-content\/uploads\/2018\/11\/Adobe_Illustrator_2019_Farbw&auml;hler_LAB_Eingabe_ohne_Nachkommastellen.png 1460w\" sizes=\"auto, (max-width: 512px) 100vw, 512px\"><\/a><figcaption class=\"wp-element-caption\">Adobe Illustrator 2019 Kleurenkiezer LAB Invoer alleen mogelijk zonder decimalen<\/figcaption><\/figure>\n<\/div>\n\n\n<p class=\"wp-block-paragraph\"><a href=\"http:\/\/blog.proofs.de\/nl\/lexikon\/led\/\" target=\"_self\" title='Een LED is een &quot;light-emitting diode&quot; en staat in de grafische industrie voor het nieuwe &quot;LED&quot; licht, dat oudere lichtbronnen zoals neonbuizen en wolfraamlampen heeft vervangen. Neonbuizen zijn vooral bekend van de D50 of D65 standaardlichtreeks, terwijl wolfraamlichtbronnen vooral werden gebruikt in kleurmeetapparaten zoals spectrofotometers en kleurmeters....' class=\"encyclopedia\">Led<\/a>Alleen Adobe Photoshop toestaat nog steeds geen decimalen, maar alleen gehele getallen, ongeacht of het bestand in 8-bits of 16-bits is opgeslagen. Dit geldt voor LAB, <a href=\"http:\/\/blog.proofs.de\/nl\/lexikon\/rgb\/\" target=\"_self\" title=\"RGB staat voor de kleuren rood, groen en blauw. Het menselijke kleurenzicht is gebaseerd op deze kleuren.\" class=\"encyclopedia\">RGB<\/a>, CMYK en grijstinten gelijk: in geen enkel geval <a href=\"http:\/\/blog.proofs.de\/nl\/lexikon\/farbsystem\/\" target=\"_self\" title=\"Een kleurmodel (of kleursysteem) is een abstracte wiskundige methode voor het bepalen en specificeren van kleuren en hun onderlinge relatie. Het wordt vaak gelijkgesteld aan de kleurruimte, die echter de concrete toepassing is van een kleurmodel op een kleurproducerende methode (printer, scherm, enz.).\" class=\"encyclopedia\">Kleursysteem<\/a> Het is toegestaan om decimalen te vermelden.<\/p>\n\n\n\n<p class=\"wp-block-paragraph\">Waarom Adobe alleen in sommige softwareoplossingen decimalen bij kleuren<a href=\"http:\/\/blog.proofs.de\/nl\/lexikon\/efi\/\" target=\"_self\" title=\"Electronics For Imaging Inc, kortweg EFI, is een Amerikaans bedrijf en fabrikant van een van &#039;s werelds toonaangevende proefdruksystemen: EFI Colorproof XF, sinds 2013 Fiery XF. EFI is een leverancier van oplossingen voor grote afdruksystemen, RIP&#039;s en kleurbeheeroplossingen zoals proofing.\" class=\"encyclopedia\">efi<\/a>Het is niet helemaal duidelijk waarom InDesign hiervoor wordt aanbevolen. InDesign wordt hier echter duidelijk sterker gepositioneerd dan Photoshop en Illustrator, mogelijk omdat het als laatste software in de productieketen gegevens uit verschillende bronnen moet samenvoegen en hier dus ook aan de hoogste eisen moet voldoen.<\/p>\n\n\n\n<p class=\"wp-block-paragraph\">Het importeren van ASE-kleurveldgegevens is niet versneld. De 2040 kleurvelden van freieFarbe e.V. <a href=\"http:\/\/blog.proofs.de\/nl\/lexikon\/cielab\/\" target=\"_self\" title=\"Het CIELAB-kleurmodel werd in 1976 gedefinieerd door de Commission Internationale de l&#039;Eclairage en beschrijft alle waarneembare kleuren. Het is een verdere ontwikkeling van de Hunter-LAB kleurenschaal uit 1966 en een wiskundig kleurmodel waarin de spectrale eigenschappen van een object en de perceptuele eigenschappen van ons visuele systeem tegen elkaar worden afgezet. CIELAB, of kortweg LAB, wordt vandaag de dag nog steeds veel gebruikt...\" class=\"encyclopedia\">CIELAB<\/a> <a href=\"http:\/\/blog.proofs.de\/nl\/lexikon\/hlc\/\" target=\"_self\" title=\"HLC is een gemakkelijk te begrijpen weergave van de CIELAB kleurruimte. De verticale L-as is hier identiek. De horizontale positie van een kleurlocatie wordt hier bepaald door de hoek H ten opzichte van de positieve a-as (tegen de klok in en in graden) en de straal C, de afstand tot de L-as.\" class=\"encyclopedia\">HLC<\/a> Zelfs op een recente Macbook Pro duurt het bijna 2 minuten om de kleurenatlas te laden. De kleurvelden worden nu echter weergegeven met volledige decimale waarden; een aanzienlijke verbetering voor gebruikers die afhankelijk zijn van zeer nauwkeurige kleurgegevens.<\/p>\n\n\n<div class=\"wp-block-image\">\n<figure class=\"alignleft\"><a href=\"https:\/\/blog1.proofen.de\/wp-content\/uploads\/2018\/11\/Adobe_Photoshop_2019_Farbw%C3%A4hler_CMYK_LAB_Eingabe_ohne_Nachkommastellen.png\"><img loading=\"lazy\" decoding=\"async\" width=\"1024\" height=\"788\" src=\"https:\/\/blog1.proofen.de\/wp-content\/uploads\/2018\/11\/Adobe_Photoshop_2019_Farbw%C3%A4hler_CMYK_LAB_Eingabe_ohne_Nachkommastellen-1024x788.png\" alt=\"Adobe Photoshop 2019 Kleurenkiezer CMYK LAB Invoer zonder decimalen\" class=\"wp-image-2224\" srcset=\"https:\/\/blog.proofs.de\/wp-content\/uploads\/2018\/11\/Adobe_Photoshop_2019_Farbw&auml;hler_CMYK_LAB_Eingabe_ohne_Nachkommastellen-1024x788.png 1024w, https:\/\/blog.proofs.de\/wp-content\/uploads\/2018\/11\/Adobe_Photoshop_2019_Farbw&auml;hler_CMYK_LAB_Eingabe_ohne_Nachkommastellen-300x231.png 300w, https:\/\/blog.proofs.de\/wp-content\/uploads\/2018\/11\/Adobe_Photoshop_2019_Farbw&auml;hler_CMYK_LAB_Eingabe_ohne_Nachkommastellen-768x591.png 768w, https:\/\/blog.proofs.de\/wp-content\/uploads\/2018\/11\/Adobe_Photoshop_2019_Farbw&auml;hler_CMYK_LAB_Eingabe_ohne_Nachkommastellen-390x300.png 390w, https:\/\/blog.proofs.de\/wp-content\/uploads\/2018\/11\/Adobe_Photoshop_2019_Farbw&auml;hler_CMYK_LAB_Eingabe_ohne_Nachkommastellen.png 1258w\" sizes=\"auto, (max-width: 1024px) 100vw, 1024px\"><\/a><figcaption class=\"wp-element-caption\">Adobe Photoshop 2019 Kleurenkiezer CMYK LAB Invoer zonder decimalen<\/figcaption><\/figure>\n<\/div>\n\n<div class=\"wp-block-image\">\n<figure class=\"alignleft\"><a href=\"https:\/\/blog1.proofen.de\/wp-content\/uploads\/2018\/11\/Adobe_InDesign_2019_Import_von_freieFarbe_CIELAB_HLC_Farbatlas_ASE_Farbwerten_in_LAB.png\"><img loading=\"lazy\" decoding=\"async\" width=\"1024\" height=\"589\" src=\"https:\/\/blog1.proofen.de\/wp-content\/uploads\/2018\/11\/Adobe_InDesign_2019_Import_von_freieFarbe_CIELAB_HLC_Farbatlas_ASE_Farbwerten_in_LAB-1024x589.png\" alt=\"Adobe InDesign 2019 Import van vrije kleuren CIELAB HLC kleurenatlas ASE-kleurwaarden in LAB\" class=\"wp-image-2226\" srcset=\"https:\/\/blog.proofs.de\/wp-content\/uploads\/2018\/11\/Adobe_InDesign_2019_Import_von_freieFarbe_CIELAB_HLC_Farbatlas_ASE_Farbwerten_in_LAB-1024x589.png 1024w, https:\/\/blog.proofs.de\/wp-content\/uploads\/2018\/11\/Adobe_InDesign_2019_Import_von_freieFarbe_CIELAB_HLC_Farbatlas_ASE_Farbwerten_in_LAB-300x173.png 300w, https:\/\/blog.proofs.de\/wp-content\/uploads\/2018\/11\/Adobe_InDesign_2019_Import_von_freieFarbe_CIELAB_HLC_Farbatlas_ASE_Farbwerten_in_LAB-768x442.png 768w, https:\/\/blog.proofs.de\/wp-content\/uploads\/2018\/11\/Adobe_InDesign_2019_Import_von_freieFarbe_CIELAB_HLC_Farbatlas_ASE_Farbwerten_in_LAB-500x288.png 500w, https:\/\/blog.proofs.de\/wp-content\/uploads\/2018\/11\/Adobe_InDesign_2019_Import_von_freieFarbe_CIELAB_HLC_Farbatlas_ASE_Farbwerten_in_LAB.png 1546w\" sizes=\"auto, (max-width: 1024px) 100vw, 1024px\"><\/a><figcaption class=\"wp-element-caption\">Adobe InDesign 2019 Import van vrije kleuren CIELAB HLC kleurenatlas ASE-kleurwaarden in LAB<\/figcaption><\/figure>\n<\/div>","protected":false},"excerpt":{"rendered":"<p>Adobe heeft zijn kleurenkiezer bijgewerkt in de versie van 2019. Met name in Adobe InDesign 2019 zijn decimalen nu mogelijk voor LAB en CMYK bij het invoeren van kleuren, wat al lang een gewenste functie is, vooral in de high-end kleurensector. Voorheen was het in Adobe InDesign al mogelijk om kleurwaarden, bijvoorbeeld in CMYK, met decimalen in te voeren en deze tijdens de PDF-export naar de PDF te schrijven, maar er werden alleen gehele waarden weergegeven. In Adobe InDesign 2019 kunnen nu drie decimalen worden ingevoerd voor LAB en CMYK en ook weer worden uitgelezen. Met de automatische ... <\/p>\n<p class=\"read-more-container\"><a title=\"Adobe Kleurkiezer 2019: Decimalen mogelijk in InDesign en Illustrator\" class=\"read-more button\" href=\"http:\/\/blog.proofs.de\/nl\/adobe-farbwaehler-2019-nachkommastellen-in-indesign-und-illustrator-moeglich\/#more-2220\" aria-label=\"Lees meer over Adobe Colour Picker 2019: Decimalen mogelijk in InDesign en Illustrator\">Meer lezen<\/a><\/p>","protected":false},"author":2,"featured_media":2223,"comment_status":"open","ping_status":"open","sticky":false,"template":"","format":"standard","meta":{"om_disable_all_campaigns":false,"inline_featured_image":false,"_monsterinsights_skip_tracking":false,"footnotes":""},"categories":[1,441],"tags":[553,706,529,825,824,709,708,820,823,819,822,230,826,821],"class_list":["post-2220","post","type-post","status-publish","format-standard","has-post-thumbnail","hentry","category-allgemein","category-layout-tipps-und-tricks","tag-adobe","tag-cielab","tag-cmyk","tag-dezimalstellen","tag-farbwaehler","tag-hlc-colour-atlas","tag-hlc-farbatlas","tag-illustator","tag-illustrator-2019","tag-indesign","tag-indesign-2019","tag-lab","tag-nachkommastellen","tag-photoshop","generate-columns","tablet-grid-50","mobile-grid-100","grid-parent","grid-50","no-featured-image-padding","resize-featured-image"],"aioseo_notices":[],"aioseo_head":"\n\t\t<!-- All in One SEO 5.0.1.1 - aioseo.com -->\n\t<meta name=\"description\" content=\"Adobe aktualisiert in der 2019er Version den Farbw\u00e4hler. In InDesign sind jetzt f\u00fcr LAB und CMYK Nachkommastellen m\u00f6glich, wichtig f\u00fcr den HighEnd Farbbereich.\" \/>\n\t<meta name=\"robots\" content=\"max-image-preview:large\" \/>\n\t<meta name=\"author\" content=\"Matthias Betz\"\/>\n\t<meta name=\"google-site-verification\" content=\"TuXxyRwxcEg2-WfOaQ8vScWQh3-uBAnxXmY7g3GT90A\" \/>\n\t<meta name=\"keywords\" content=\"adobe,indesign,illustator,photoshop,indesign 2019,illustrator 2019,indesign 2019,farbw\u00e4hler,lab,cmyk,dezimalstellen,nachkommastellen,cielab,hlc farbatlas,hlc colour atlas,adobe,cielab,cmyk,dezimalstellen,farbw\u00e4hler,hlc colour atlas,hlc farbatlas,illustator,illustrator 2019,indesign,indesign 2019,lab,nachkommastellen,photoshop\" \/>\n\t<link rel=\"canonical\" href=\"http:\/\/blog.proofs.de\/nl\/adobe-farbwaehler-2019-nachkommastellen-in-indesign-und-illustrator-moeglich\/\" \/>\n\t<meta name=\"generator\" content=\"All in One SEO (AIOSEO) 5.0.1.1\" \/>\n\n\t\t<meta name=\"seobility\" content=\"593a8578143db71543f014978c690d47\">\n\t\t<meta property=\"og:locale\" content=\"nl_NL\" \/>\n\t\t<meta property=\"og:site_name\" content=\"Proof.de | Alles zu Proof, Farbmanagement, Grafik, Messtechnik &amp; Co.\" \/>\n\t\t<meta property=\"og:type\" content=\"article\" \/>\n\t\t<meta property=\"og:title\" content=\"Adobe Farbw\u00e4hler: Komma in InDesign\/Illustrator | proof.de\" \/>\n\t\t<meta property=\"og:description\" content=\"Adobe aktualisiert in der 2019er Version den Farbw\u00e4hler. In InDesign sind jetzt f\u00fcr LAB und CMYK Nachkommastellen m\u00f6glich, wichtig f\u00fcr den HighEnd Farbbereich.\" \/>\n\t\t<meta property=\"og:url\" content=\"http:\/\/blog.proofs.de\/nl\/adobe-farbwaehler-2019-nachkommastellen-in-indesign-und-illustrator-moeglich\/\" \/>\n\t\t<meta property=\"og:image\" content=\"http:\/\/blog.proofs.de\/wp-content\/uploads\/2018\/11\/Adobe_Illustrator_2019_Farbw\u00e4hler_CMYK_Eingabe_mit_Nachkommastellen.png\" \/>\n\t\t<meta property=\"og:image:width\" content=\"1468\" \/>\n\t\t<meta property=\"og:image:height\" content=\"880\" \/>\n\t\t<meta property=\"article:published_time\" content=\"2018-11-12T00:15:25+00:00\" \/>\n\t\t<meta property=\"article:modified_time\" content=\"2023-07-20T07:24:31+00:00\" \/>\n\t\t<meta property=\"article:publisher\" content=\"https:\/\/www.facebook.com\/Proof.de\/\" \/>\n\t\t<meta name=\"twitter:card\" content=\"summary\" \/>\n\t\t<meta name=\"twitter:title\" content=\"Adobe Farbw\u00e4hler: Komma in InDesign\/Illustrator | proof.de\" \/>\n\t\t<meta name=\"twitter:description\" content=\"Adobe aktualisiert in der 2019er Version den Farbw\u00e4hler. In InDesign sind jetzt f\u00fcr LAB und CMYK Nachkommastellen m\u00f6glich, wichtig f\u00fcr den HighEnd Farbbereich.\" \/>\n\t\t<meta name=\"twitter:image\" content=\"https:\/\/blog1.proofen.de\/wp-content\/uploads\/2020\/04\/proof_background.jpg\" \/>\n\t\t<script type=\"application\/ld+json\" class=\"aioseo-schema\">\n\t\t\t{\"@context\":\"https:\\\/\\\/schema.org\",\"@graph\":[{\"@type\":\"Article\",\"@id\":\"http:\\\/\\\/blog.proofs.de\\\/nl\\\/adobe-farbwaehler-2019-nachkommastellen-in-indesign-und-illustrator-moeglich\\\/#article\",\"name\":\"Adobe Farbw\\u00e4hler: Komma in InDesign\\\/Illustrator | proof.de\",\"headline\":\"Adobe Farbw\\u00e4hler 2019: Nachkommastellen in InDesign und Illustrator m\\u00f6glich\",\"author\":{\"@id\":\"http:\\\/\\\/blog.proofs.de\\\/nl\\\/author\\\/mbetz\\\/#author\"},\"publisher\":{\"@id\":\"http:\\\/\\\/blog.proofs.de\\\/nl\\\/#organization\"},\"image\":{\"@type\":\"ImageObject\",\"url\":\"https:\\\/\\\/blog.proofs.de\\\/wp-content\\\/uploads\\\/2018\\\/11\\\/Adobe_Illustrator_2019_Farbw\\u00e4hler_CMYK_Eingabe_mit_Nachkommastellen.png\",\"width\":1468,\"height\":880,\"caption\":\"Adobe Illustrator 2019 Farbw\\u00e4hler CMYK Eingabe mit zwei Nachkommastellen\"},\"datePublished\":\"2018-11-12T01:15:25+01:00\",\"dateModified\":\"2023-07-20T09:24:31+02:00\",\"inLanguage\":\"nl-NL-formal\",\"mainEntityOfPage\":{\"@id\":\"http:\\\/\\\/blog.proofs.de\\\/nl\\\/adobe-farbwaehler-2019-nachkommastellen-in-indesign-und-illustrator-moeglich\\\/#webpage\"},\"isPartOf\":{\"@id\":\"http:\\\/\\\/blog.proofs.de\\\/nl\\\/adobe-farbwaehler-2019-nachkommastellen-in-indesign-und-illustrator-moeglich\\\/#webpage\"},\"articleSection\":\"Allgemein, Layout Tipps, Adobe, CIELAB, CMYK, Dezimalstellen, Farbw\\u00e4hler, HLC Colour Atlas, HLC Farbatlas, Illustator, Illustrator 2019, InDesign, InDesign 2019, LAB, Nachkommastellen, Photoshop\"},{\"@type\":\"BreadcrumbList\",\"@id\":\"http:\\\/\\\/blog.proofs.de\\\/nl\\\/adobe-farbwaehler-2019-nachkommastellen-in-indesign-und-illustrator-moeglich\\\/#breadcrumblist\",\"itemListElement\":[{\"@type\":\"ListItem\",\"@id\":\"http:\\\/\\\/blog.proofs.de\\\/nl#listItem\",\"position\":1,\"name\":\"Home\",\"item\":\"http:\\\/\\\/blog.proofs.de\\\/nl\",\"nextItem\":{\"@type\":\"ListItem\",\"@id\":\"http:\\\/\\\/blog.proofs.de\\\/nl\\\/thema\\\/proof-wissen\\\/#listItem\",\"name\":\"Proof Wissen\"}},{\"@type\":\"ListItem\",\"@id\":\"http:\\\/\\\/blog.proofs.de\\\/nl\\\/thema\\\/proof-wissen\\\/#listItem\",\"position\":2,\"name\":\"Proof Wissen\",\"item\":\"http:\\\/\\\/blog.proofs.de\\\/nl\\\/thema\\\/proof-wissen\\\/\",\"nextItem\":{\"@type\":\"ListItem\",\"@id\":\"http:\\\/\\\/blog.proofs.de\\\/nl\\\/thema\\\/proof-wissen\\\/layout-tipps-und-tricks\\\/#listItem\",\"name\":\"Layout Tipps\"},\"previousItem\":{\"@type\":\"ListItem\",\"@id\":\"http:\\\/\\\/blog.proofs.de\\\/nl#listItem\",\"name\":\"Home\"}},{\"@type\":\"ListItem\",\"@id\":\"http:\\\/\\\/blog.proofs.de\\\/nl\\\/thema\\\/proof-wissen\\\/layout-tipps-und-tricks\\\/#listItem\",\"position\":3,\"name\":\"Layout Tipps\",\"item\":\"http:\\\/\\\/blog.proofs.de\\\/nl\\\/thema\\\/proof-wissen\\\/layout-tipps-und-tricks\\\/\",\"nextItem\":{\"@type\":\"ListItem\",\"@id\":\"http:\\\/\\\/blog.proofs.de\\\/nl\\\/adobe-farbwaehler-2019-nachkommastellen-in-indesign-und-illustrator-moeglich\\\/#listItem\",\"name\":\"Adobe Farbw\\u00e4hler 2019: Nachkommastellen in InDesign und Illustrator m\\u00f6glich\"},\"previousItem\":{\"@type\":\"ListItem\",\"@id\":\"http:\\\/\\\/blog.proofs.de\\\/nl\\\/thema\\\/proof-wissen\\\/#listItem\",\"name\":\"Proof Wissen\"}},{\"@type\":\"ListItem\",\"@id\":\"http:\\\/\\\/blog.proofs.de\\\/nl\\\/adobe-farbwaehler-2019-nachkommastellen-in-indesign-und-illustrator-moeglich\\\/#listItem\",\"position\":4,\"name\":\"Adobe Farbw\\u00e4hler 2019: Nachkommastellen in InDesign und Illustrator m\\u00f6glich\",\"previousItem\":{\"@type\":\"ListItem\",\"@id\":\"http:\\\/\\\/blog.proofs.de\\\/nl\\\/thema\\\/proof-wissen\\\/layout-tipps-und-tricks\\\/#listItem\",\"name\":\"Layout Tipps\"}}]},{\"@type\":\"Organization\",\"@id\":\"http:\\\/\\\/blog.proofs.de\\\/nl\\\/#organization\",\"name\":\"Proof GmbH\",\"description\":\"Farbverbindlicher Proof, Farbproof, Digitalproof und Online-Proof.\",\"url\":\"http:\\\/\\\/blog.proofs.de\\\/nl\\\/\",\"telephone\":\"+4970717952740\",\"logo\":{\"@type\":\"ImageObject\",\"url\":\"https:\\\/\\\/blog1.proofen.de\\\/wp-content\\\/uploads\\\/2019\\\/09\\\/logo_proof_rgb_mit_balken_250px.png\",\"@id\":\"http:\\\/\\\/blog.proofs.de\\\/nl\\\/adobe-farbwaehler-2019-nachkommastellen-in-indesign-und-illustrator-moeglich\\\/#organizationLogo\"},\"image\":{\"@id\":\"http:\\\/\\\/blog.proofs.de\\\/nl\\\/adobe-farbwaehler-2019-nachkommastellen-in-indesign-und-illustrator-moeglich\\\/#organizationLogo\"},\"sameAs\":[\"https:\\\/\\\/www.facebook.com\\\/Proof.de\\\/\",\"https:\\\/\\\/www.instagram.com\\\/proof.de\\\/\",\"https:\\\/\\\/www.tiktok.com\\\/@proof_de\",\"https:\\\/\\\/www.youtube.com\\\/channel\\\/UCk80fQVQ25wC9wu3SywB-Nw\",\"https:\\\/\\\/www.linkedin.com\\\/company\\\/proof-de\"]},{\"@type\":\"Person\",\"@id\":\"http:\\\/\\\/blog.proofs.de\\\/nl\\\/author\\\/mbetz\\\/#author\",\"url\":\"http:\\\/\\\/blog.proofs.de\\\/nl\\\/author\\\/mbetz\\\/\",\"name\":\"Matthias Betz\",\"image\":{\"@type\":\"ImageObject\",\"@id\":\"http:\\\/\\\/blog.proofs.de\\\/nl\\\/adobe-farbwaehler-2019-nachkommastellen-in-indesign-und-illustrator-moeglich\\\/#authorImage\",\"url\":\"https:\\\/\\\/blog.proofs.de\\\/wp-content\\\/uploads\\\/2020\\\/10\\\/matthias-betz-e1603934518350-150x150.png\",\"width\":96,\"height\":96,\"caption\":\"Matthias Betz\"}},{\"@type\":\"WebPage\",\"@id\":\"http:\\\/\\\/blog.proofs.de\\\/nl\\\/adobe-farbwaehler-2019-nachkommastellen-in-indesign-und-illustrator-moeglich\\\/#webpage\",\"url\":\"http:\\\/\\\/blog.proofs.de\\\/nl\\\/adobe-farbwaehler-2019-nachkommastellen-in-indesign-und-illustrator-moeglich\\\/\",\"name\":\"Adobe Farbw\\u00e4hler: Komma in InDesign\\\/Illustrator | proof.de\",\"description\":\"Adobe aktualisiert in der 2019er Version den Farbw\\u00e4hler. In InDesign sind jetzt f\\u00fcr LAB und CMYK Nachkommastellen m\\u00f6glich, wichtig f\\u00fcr den HighEnd Farbbereich.\",\"inLanguage\":\"nl-NL-formal\",\"isPartOf\":{\"@id\":\"http:\\\/\\\/blog.proofs.de\\\/nl\\\/#website\"},\"breadcrumb\":{\"@id\":\"http:\\\/\\\/blog.proofs.de\\\/nl\\\/adobe-farbwaehler-2019-nachkommastellen-in-indesign-und-illustrator-moeglich\\\/#breadcrumblist\"},\"author\":{\"@id\":\"http:\\\/\\\/blog.proofs.de\\\/nl\\\/author\\\/mbetz\\\/#author\"},\"creator\":{\"@id\":\"http:\\\/\\\/blog.proofs.de\\\/nl\\\/author\\\/mbetz\\\/#author\"},\"image\":{\"@type\":\"ImageObject\",\"url\":\"https:\\\/\\\/blog.proofs.de\\\/wp-content\\\/uploads\\\/2018\\\/11\\\/Adobe_Illustrator_2019_Farbw\\u00e4hler_CMYK_Eingabe_mit_Nachkommastellen.png\",\"@id\":\"http:\\\/\\\/blog.proofs.de\\\/nl\\\/adobe-farbwaehler-2019-nachkommastellen-in-indesign-und-illustrator-moeglich\\\/#mainImage\",\"width\":1468,\"height\":880,\"caption\":\"Adobe Illustrator 2019 Farbw\\u00e4hler CMYK Eingabe mit zwei Nachkommastellen\"},\"primaryImageOfPage\":{\"@id\":\"http:\\\/\\\/blog.proofs.de\\\/nl\\\/adobe-farbwaehler-2019-nachkommastellen-in-indesign-und-illustrator-moeglich\\\/#mainImage\"},\"datePublished\":\"2018-11-12T01:15:25+01:00\",\"dateModified\":\"2023-07-20T09:24:31+02:00\"},{\"@type\":\"WebSite\",\"@id\":\"http:\\\/\\\/blog.proofs.de\\\/nl\\\/#website\",\"url\":\"http:\\\/\\\/blog.proofs.de\\\/nl\\\/\",\"name\":\"Proof.de\",\"description\":\"Farbverbindlicher Proof, Farbproof, Digitalproof und Online-Proof.\",\"inLanguage\":\"nl-NL-formal\",\"publisher\":{\"@id\":\"http:\\\/\\\/blog.proofs.de\\\/nl\\\/#organization\"}}]}\n\t\t<\/script>\n\t\t<!-- All in One SEO -->\n\n","aioseo_head_json":{"title":"Adobe-kleurenkiezer: komma in InDesign\/Illustrator | proof.de","description":"Adobe heeft in de 2019-versie de kleurenkiezer geactualiseerd. In InDesign zijn nu decimalen mogelijk voor LAB en CMYK, wat van belang is voor het high-end kleurbereik.","canonical_url":"http:\/\/blog.proofs.de\/nl\/adobe-farbwaehler-2019-nachkommastellen-in-indesign-und-illustrator-moeglich\/","robots":"max-image-preview:large","keywords":"adobe,indesign,illustator,photoshop,indesign 2019,illustrator 2019,indesign 2019,farbw\u00e4hler,lab,cmyk,dezimalstellen,nachkommastellen,cielab,hlc farbatlas,hlc colour atlas,adobe,cielab,cmyk,dezimalstellen,farbw\u00e4hler,hlc colour atlas,hlc farbatlas,illustator,illustrator 2019,indesign,indesign 2019,lab,nachkommastellen,photoshop","webmasterTools":{"google-site-verification":"TuXxyRwxcEg2-WfOaQ8vScWQh3-uBAnxXmY7g3GT90A","miscellaneous":"&lt;meta name=\"seobility\" content=\"593a8578143db71543f014978c690d47\"&gt;"},"schema":{"@context":"https:\/\/schema.org","@graph":[{"@type":"Article","@id":"http:\/\/blog.proofs.de\/nl\/adobe-farbwaehler-2019-nachkommastellen-in-indesign-und-illustrator-moeglich\/#article","name":"Adobe Farbw\u00e4hler: Komma in InDesign\/Illustrator | proof.de","headline":"Adobe Farbw\u00e4hler 2019: Nachkommastellen in InDesign und Illustrator m\u00f6glich","author":{"@id":"http:\/\/blog.proofs.de\/nl\/author\/mbetz\/#author"},"publisher":{"@id":"http:\/\/blog.proofs.de\/nl\/#organization"},"image":{"@type":"ImageObject","url":"https:\/\/blog.proofs.de\/wp-content\/uploads\/2018\/11\/Adobe_Illustrator_2019_Farbw\u00e4hler_CMYK_Eingabe_mit_Nachkommastellen.png","width":1468,"height":880,"caption":"Adobe Illustrator 2019 Farbw\u00e4hler CMYK Eingabe mit zwei Nachkommastellen"},"datePublished":"2018-11-12T01:15:25+01:00","dateModified":"2023-07-20T09:24:31+02:00","inLanguage":"nl-NL-formal","mainEntityOfPage":{"@id":"http:\/\/blog.proofs.de\/nl\/adobe-farbwaehler-2019-nachkommastellen-in-indesign-und-illustrator-moeglich\/#webpage"},"isPartOf":{"@id":"http:\/\/blog.proofs.de\/nl\/adobe-farbwaehler-2019-nachkommastellen-in-indesign-und-illustrator-moeglich\/#webpage"},"articleSection":"Allgemein, Layout Tipps, Adobe, CIELAB, CMYK, Dezimalstellen, Farbw\u00e4hler, HLC Colour Atlas, HLC Farbatlas, Illustator, Illustrator 2019, InDesign, InDesign 2019, LAB, Nachkommastellen, Photoshop"},{"@type":"BreadcrumbList","@id":"http:\/\/blog.proofs.de\/nl\/adobe-farbwaehler-2019-nachkommastellen-in-indesign-und-illustrator-moeglich\/#breadcrumblist","itemListElement":[{"@type":"ListItem","@id":"http:\/\/blog.proofs.de\/nl#listItem","position":1,"name":"Home","item":"http:\/\/blog.proofs.de\/nl","nextItem":{"@type":"ListItem","@id":"http:\/\/blog.proofs.de\/nl\/thema\/proof-wissen\/#listItem","name":"Proof Wissen"}},{"@type":"ListItem","@id":"http:\/\/blog.proofs.de\/nl\/thema\/proof-wissen\/#listItem","position":2,"name":"Proof Wissen","item":"http:\/\/blog.proofs.de\/nl\/thema\/proof-wissen\/","nextItem":{"@type":"ListItem","@id":"http:\/\/blog.proofs.de\/nl\/thema\/proof-wissen\/layout-tipps-und-tricks\/#listItem","name":"Layout Tipps"},"previousItem":{"@type":"ListItem","@id":"http:\/\/blog.proofs.de\/nl#listItem","name":"Home"}},{"@type":"ListItem","@id":"http:\/\/blog.proofs.de\/nl\/thema\/proof-wissen\/layout-tipps-und-tricks\/#listItem","position":3,"name":"Layout Tipps","item":"http:\/\/blog.proofs.de\/nl\/thema\/proof-wissen\/layout-tipps-und-tricks\/","nextItem":{"@type":"ListItem","@id":"http:\/\/blog.proofs.de\/nl\/adobe-farbwaehler-2019-nachkommastellen-in-indesign-und-illustrator-moeglich\/#listItem","name":"Adobe Farbw\u00e4hler 2019: Nachkommastellen in InDesign und Illustrator m\u00f6glich"},"previousItem":{"@type":"ListItem","@id":"http:\/\/blog.proofs.de\/nl\/thema\/proof-wissen\/#listItem","name":"Proof Wissen"}},{"@type":"ListItem","@id":"http:\/\/blog.proofs.de\/nl\/adobe-farbwaehler-2019-nachkommastellen-in-indesign-und-illustrator-moeglich\/#listItem","position":4,"name":"Adobe Farbw\u00e4hler 2019: Nachkommastellen in InDesign und Illustrator m\u00f6glich","previousItem":{"@type":"ListItem","@id":"http:\/\/blog.proofs.de\/nl\/thema\/proof-wissen\/layout-tipps-und-tricks\/#listItem","name":"Layout Tipps"}}]},{"@type":"Organization","@id":"http:\/\/blog.proofs.de\/nl\/#organization","name":"Proof GmbH","description":"Farbverbindlicher Proof, Farbproof, Digitalproof und Online-Proof.","url":"http:\/\/blog.proofs.de\/nl\/","telephone":"+4970717952740","logo":{"@type":"ImageObject","url":"https:\/\/blog1.proofen.de\/wp-content\/uploads\/2019\/09\/logo_proof_rgb_mit_balken_250px.png","@id":"http:\/\/blog.proofs.de\/nl\/adobe-farbwaehler-2019-nachkommastellen-in-indesign-und-illustrator-moeglich\/#organizationLogo"},"image":{"@id":"http:\/\/blog.proofs.de\/nl\/adobe-farbwaehler-2019-nachkommastellen-in-indesign-und-illustrator-moeglich\/#organizationLogo"},"sameAs":["https:\/\/www.facebook.com\/Proof.de\/","https:\/\/www.instagram.com\/proof.de\/","https:\/\/www.tiktok.com\/@proof_de","https:\/\/www.youtube.com\/channel\/UCk80fQVQ25wC9wu3SywB-Nw","https:\/\/www.linkedin.com\/company\/proof-de"]},{"@type":"Person","@id":"http:\/\/blog.proofs.de\/nl\/author\/mbetz\/#author","url":"http:\/\/blog.proofs.de\/nl\/author\/mbetz\/","name":"Matthias Betz","image":{"@type":"ImageObject","@id":"http:\/\/blog.proofs.de\/nl\/adobe-farbwaehler-2019-nachkommastellen-in-indesign-und-illustrator-moeglich\/#authorImage","url":"https:\/\/blog.proofs.de\/wp-content\/uploads\/2020\/10\/matthias-betz-e1603934518350-150x150.png","width":96,"height":96,"caption":"Matthias Betz"}},{"@type":"WebPage","@id":"http:\/\/blog.proofs.de\/nl\/adobe-farbwaehler-2019-nachkommastellen-in-indesign-und-illustrator-moeglich\/#webpage","url":"http:\/\/blog.proofs.de\/nl\/adobe-farbwaehler-2019-nachkommastellen-in-indesign-und-illustrator-moeglich\/","name":"Adobe Farbw\u00e4hler: Komma in InDesign\/Illustrator | proof.de","description":"Adobe aktualisiert in der 2019er Version den Farbw\u00e4hler. In InDesign sind jetzt f\u00fcr LAB und CMYK Nachkommastellen m\u00f6glich, wichtig f\u00fcr den HighEnd Farbbereich.","inLanguage":"nl-NL-formal","isPartOf":{"@id":"http:\/\/blog.proofs.de\/nl\/#website"},"breadcrumb":{"@id":"http:\/\/blog.proofs.de\/nl\/adobe-farbwaehler-2019-nachkommastellen-in-indesign-und-illustrator-moeglich\/#breadcrumblist"},"author":{"@id":"http:\/\/blog.proofs.de\/nl\/author\/mbetz\/#author"},"creator":{"@id":"http:\/\/blog.proofs.de\/nl\/author\/mbetz\/#author"},"image":{"@type":"ImageObject","url":"https:\/\/blog.proofs.de\/wp-content\/uploads\/2018\/11\/Adobe_Illustrator_2019_Farbw\u00e4hler_CMYK_Eingabe_mit_Nachkommastellen.png","@id":"http:\/\/blog.proofs.de\/nl\/adobe-farbwaehler-2019-nachkommastellen-in-indesign-und-illustrator-moeglich\/#mainImage","width":1468,"height":880,"caption":"Adobe Illustrator 2019 Farbw\u00e4hler CMYK Eingabe mit zwei Nachkommastellen"},"primaryImageOfPage":{"@id":"http:\/\/blog.proofs.de\/nl\/adobe-farbwaehler-2019-nachkommastellen-in-indesign-und-illustrator-moeglich\/#mainImage"},"datePublished":"2018-11-12T01:15:25+01:00","dateModified":"2023-07-20T09:24:31+02:00"},{"@type":"WebSite","@id":"http:\/\/blog.proofs.de\/nl\/#website","url":"http:\/\/blog.proofs.de\/nl\/","name":"Proof.de","description":"Farbverbindlicher Proof, Farbproof, Digitalproof und Online-Proof.","inLanguage":"nl-NL-formal","publisher":{"@id":"http:\/\/blog.proofs.de\/nl\/#organization"}}]},"og:locale":"nl_NL","og:site_name":"Proof.de | Alles zu Proof, Farbmanagement, Grafik, Messtechnik &amp; Co.","og:type":"article","og:title":"Adobe Farbw\u00e4hler: Komma in InDesign\/Illustrator | proof.de","og:description":"Adobe aktualisiert in der 2019er Version den Farbw\u00e4hler. In InDesign sind jetzt f\u00fcr LAB und CMYK Nachkommastellen m\u00f6glich, wichtig f\u00fcr den HighEnd Farbbereich.","og:url":"http:\/\/blog.proofs.de\/nl\/adobe-farbwaehler-2019-nachkommastellen-in-indesign-und-illustrator-moeglich\/","og:image":"http:\/\/blog.proofs.de\/wp-content\/uploads\/2018\/11\/Adobe_Illustrator_2019_Farbw\u00e4hler_CMYK_Eingabe_mit_Nachkommastellen.png","og:image:width":1468,"og:image:height":880,"article:published_time":"2018-11-12T00:15:25+00:00","article:modified_time":"2023-07-20T07:24:31+00:00","article:publisher":"https:\/\/www.facebook.com\/Proof.de\/","twitter:card":"summary","twitter:title":"Adobe Farbw\u00e4hler: Komma in InDesign\/Illustrator | proof.de","twitter:description":"Adobe aktualisiert in der 2019er Version den Farbw\u00e4hler. In InDesign sind jetzt f\u00fcr LAB und CMYK Nachkommastellen m\u00f6glich, wichtig f\u00fcr den HighEnd Farbbereich.","twitter:image":"https:\/\/blog1.proofen.de\/wp-content\/uploads\/2020\/04\/proof_background.jpg"},"aioseo_meta_data":{"post_id":"2220","title":"Adobe Farbw\u00e4hler: Komma in InDesign\/Illustrator |\u00a0proof.de","description":"Adobe heeft in de 2019-versie de kleurenkiezer geactualiseerd. In InDesign zijn nu decimalen mogelijk voor LAB en CMYK, wat van belang is voor het high-end kleurbereik.","keywords":[{"label":"Adobe,InDesign,Illustator,Photoshop,InDesign 2019,Illustrator 2019,InDesign 2019,Farbw\u00e4hler,LAB,CMYK,Dezimalstellen,Nachkommastellen,CIELAB,HLC Farbatlas,HLC Colour Atlas","value":"Adobe,InDesign,Illustator,Photoshop,InDesign 2019,Illustrator 2019,InDesign 2019,Farbw\u00e4hler,LAB,CMYK,Dezimalstellen,Nachkommastellen,CIELAB,HLC Farbatlas,HLC Colour Atlas"}],"keyphrases":{"focus":{"keyphrase":"","score":0,"analysis":{"keyphraseInTitle":{"score":0,"maxScore":9,"error":1}}},"additional":[]},"primary_term":null,"canonical_url":null,"og_title":null,"og_description":null,"og_object_type":"default","og_image_type":"default","og_image_url":null,"og_image_width":null,"og_image_height":null,"og_image_custom_url":null,"og_image_custom_fields":null,"og_video":"","og_custom_url":null,"og_article_section":null,"og_article_tags":[],"twitter_use_og":false,"twitter_card":"default","twitter_image_type":"default","twitter_image_url":null,"twitter_image_custom_url":null,"twitter_image_custom_fields":null,"twitter_title":null,"twitter_description":null,"schema":{"blockGraphs":[],"customGraphs":[],"default":{"data":{"Article":[],"Course":[],"Dataset":[],"FAQPage":[],"Movie":[],"Person":[],"Product":[],"ProductReview":[],"Car":[],"Recipe":[],"Service":[],"SoftwareApplication":[],"WebPage":[]},"graphName":"Article","isEnabled":true},"graphs":[],"defaultGraph":"","defaultPostTypeGraph":""},"schema_type":null,"schema_type_options":null,"pillar_content":false,"robots_default":true,"robots_noindex":false,"robots_noarchive":false,"robots_nosnippet":false,"robots_nofollow":false,"robots_noimageindex":false,"robots_noodp":false,"robots_notranslate":false,"robots_max_snippet":"-1","robots_max_videopreview":"-1","robots_max_imagepreview":"large","priority":null,"frequency":"default","local_seo":null,"breadcrumb_settings":null,"limit_modified_date":false,"ai":null,"created":"2020-12-21 00:33:58","updated":"2025-06-04 14:23:05","seo_analyzer_scan_date":null,"focus_keyword":null,"additional_keywords":null,"truseo_locale":null},"_links":{"self":[{"href":"http:\/\/blog.proofs.de\/nl\/wp-json\/wp\/v2\/posts\/2220","targetHints":{"allow":["GET"]}}],"collection":[{"href":"http:\/\/blog.proofs.de\/nl\/wp-json\/wp\/v2\/posts"}],"about":[{"href":"http:\/\/blog.proofs.de\/nl\/wp-json\/wp\/v2\/types\/post"}],"author":[{"embeddable":true,"href":"http:\/\/blog.proofs.de\/nl\/wp-json\/wp\/v2\/users\/2"}],"replies":[{"embeddable":true,"href":"http:\/\/blog.proofs.de\/nl\/wp-json\/wp\/v2\/comments?post=2220"}],"version-history":[{"count":7,"href":"http:\/\/blog.proofs.de\/nl\/wp-json\/wp\/v2\/posts\/2220\/revisions"}],"predecessor-version":[{"id":5455,"href":"http:\/\/blog.proofs.de\/nl\/wp-json\/wp\/v2\/posts\/2220\/revisions\/5455"}],"wp:featuredmedia":[{"embeddable":true,"href":"http:\/\/blog.proofs.de\/nl\/wp-json\/wp\/v2\/media\/2223"}],"wp:attachment":[{"href":"http:\/\/blog.proofs.de\/nl\/wp-json\/wp\/v2\/media?parent=2220"}],"wp:term":[{"taxonomy":"category","embeddable":true,"href":"http:\/\/blog.proofs.de\/nl\/wp-json\/wp\/v2\/categories?post=2220"},{"taxonomy":"post_tag","embeddable":true,"href":"http:\/\/blog.proofs.de\/nl\/wp-json\/wp\/v2\/tags?post=2220"}],"curies":[{"name":"wp","href":"https:\/\/api.w.org\/{rel}","templated":true}]}}