{"id":5023,"date":"2022-11-08T13:53:19","date_gmt":"2022-11-08T12:53:19","guid":{"rendered":"https:\/\/www.proof.de\/?p=5023"},"modified":"2023-07-20T09:16:32","modified_gmt":"2023-07-20T07:16:32","slug":"myiro-9","status":"publish","type":"post","link":"http:\/\/blog.proofs.de\/nl\/myiro-9\/","title":{"rendered":"MYIRO-9: nieuw kleurmeetapparaat van KonicaMinolta in gebruik"},"content":{"rendered":"<div class=\"kk-star-ratings kksr-auto kksr-align-right kksr-valign-top\" data-payload='{\"align\":\"right\",\"id\":\"5023\",\"slug\":\"default\",\"valign\":\"top\",\"ignore\":\"\",\"reference\":\"auto\",\"class\":\"\",\"count\":\"1\",\"legendonly\":\"\",\"readonly\":\"\",\"score\":\"5\",\"starsonly\":\"\",\"best\":\"5\",\"gap\":\"5\",\"greet\":\"Jetzt bewerten\",\"legend\":\"5\\\/5 - (1 stemmen)\",\"size\":\"24\",\"title\":\"MYIRO-9: Neues Farbmessger&auml;t von KonicaMinolta im Einsatz\",\"width\":\"142.5\",\"_legend\":\"{score}\\\/{best} - ({count} {votes})\",\"font_factor\":\"1.25\"}'>\n            \n<div class=\"kksr-stars\">\n    \n<div class=\"kksr-stars-inactive\">\n            <div class=\"kksr-star\" data-star=\"1\" style=\"padding-right: 5px\">\n            \n\n<div class=\"kksr-icon\" style=\"width: 24px; height: 24px;\"><\/div>\n        <\/div>\n            <div class=\"kksr-star\" data-star=\"2\" style=\"padding-right: 5px\">\n            \n\n<div class=\"kksr-icon\" style=\"width: 24px; height: 24px;\"><\/div>\n        <\/div>\n            <div class=\"kksr-star\" data-star=\"3\" style=\"padding-right: 5px\">\n            \n\n<div class=\"kksr-icon\" style=\"width: 24px; height: 24px;\"><\/div>\n        <\/div>\n            <div class=\"kksr-star\" data-star=\"4\" style=\"padding-right: 5px\">\n            \n\n<div class=\"kksr-icon\" style=\"width: 24px; height: 24px;\"><\/div>\n        <\/div>\n            <div class=\"kksr-star\" data-star=\"5\" style=\"padding-right: 5px\">\n            \n\n<div class=\"kksr-icon\" style=\"width: 24px; height: 24px;\"><\/div>\n        <\/div>\n    <\/div>\n    \n<div class=\"kksr-stars-active\" style=\"width: 142.5px;\">\n            <div class=\"kksr-star\" style=\"padding-right: 5px\">\n            \n\n<div class=\"kksr-icon\" style=\"width: 24px; height: 24px;\"><\/div>\n        <\/div>\n            <div class=\"kksr-star\" style=\"padding-right: 5px\">\n            \n\n<div class=\"kksr-icon\" style=\"width: 24px; height: 24px;\"><\/div>\n        <\/div>\n            <div class=\"kksr-star\" style=\"padding-right: 5px\">\n            \n\n<div class=\"kksr-icon\" style=\"width: 24px; height: 24px;\"><\/div>\n        <\/div>\n            <div class=\"kksr-star\" style=\"padding-right: 5px\">\n            \n\n<div class=\"kksr-icon\" style=\"width: 24px; height: 24px;\"><\/div>\n        <\/div>\n            <div class=\"kksr-star\" style=\"padding-right: 5px\">\n            \n\n<div class=\"kksr-icon\" style=\"width: 24px; height: 24px;\"><\/div>\n        <\/div>\n    <\/div>\n<\/div>\n                \n\n<div class=\"kksr-legend\" style=\"font-size: 19.2px;\">\n            5\/5 - (1 lift)    <\/div>\n    <\/div>\n\n<p class=\"wp-block-paragraph translation-block\">De afgelopen maanden hebben we bij <a href=\"https:\/\/blog1.proofen.de\/es\/lexico-2\/prueba\/\" target=\"_self\" class=\"encyclopedia tooltipstered\">Proof<\/a>.de nagedacht over het verder verbeteren van onze al zeer goede kleurmeettechnologie op het gebied van snelheid en meetprecisie. Het werd al snel duidelijk dat slechts twee apparaten geschikt zouden zijn: De KonicaMinolta MYIRO-9, de opvolger van de voormalige FD-9, of de X-Rite ISIS 2 XL.<\/p>\n\n\n\n<p class=\"wp-block-paragraph translation-block\">Het uitgangspunt: Aangezien we 5 testapparaten op de Proof GmbH hebben, is het meten van doelen voor profieloptimalisatie een tijdskritische onderneming voor ons. Daarom waren we de afgelopen maanden op zoek naar een upgrade voor onze vorige X-Rite i1-iO tafel, omdat we altijd het volgende probleem hadden: wanneer we een iteratieve <a href=\"https:\/\/blog1.proofen.de\/es\/lexico-2\/medicion-del-color\/\" target=\"_self\" class=\"encyclopedia tooltipstered\">kleurmeting<\/a> voor profieloptimalisatie begonnen, moesten we altijd twee doelen per meetrun meten. En kalibreren op de i1-iO tafel betekent drie keer op het doel klikken en dan weer klikken om de meting te starten. Na een paar minuten was het eerste doel gekalibreerd, dat vervolgens van de meettafel verwijderd moest worden, het nieuwe doel werd geplaatst, er werd weer drie keer op geklikt, vervolgens op \"Meten\" geklikt en op een gegeven moment werd een <a href=\"https:\/\/blog1.proofen.de\/es\/lexico-2\/grafico-de-control-it8\/\" target=\"_self\" class=\"encyclopedia tooltipstered\">IT8<\/a> grafiek met 1.617 of, in het geval van een aangepast doel, meer dan 1.800 meetvelden gekalibreerd. Het geheel werd vervolgens geoptimaliseerd, en ging vervolgens terug naar de volgende afdruk-, meet- en optimalisatieronde, en - afhankelijk van het resultaat van de optimalisatie - werd dit 3-4 keer per printer en per <a href=\"https:\/\/blog1.proofen.de\/es\/lexico-2\/pruebas\/\" target=\"_self\" class=\"encyclopedia tooltipstered\">proofs<\/a> substraat herhaald. Omdat de iO tabel elke lijn ook twee keer moet uitvoeren voor M1 metingen, werd de meetsnelheid nog verder verlaagd voor alle <a href=\"https:\/\/blog1.proofen.de\/es\/lexico-2\/oba\/\" target=\"_self\" class=\"encyclopedia tooltipstered\">OBA<\/a> proefsubstraten.<\/p>\n\n\n\n<p class=\"wp-block-paragraph\"><\/p>\n\n\n\n<h2 class=\"wp-block-heading\">Onze keuze: De KonicaMinolta MYIRO-9<\/h2>\n\n\n\n<figure class=\"wp-block-embed is-type-video is-provider-youtube wp-block-embed-youtube wp-embed-aspect-16-9 wp-has-aspect-ratio\"><div class=\"wp-block-embed__wrapper\">\n<iframe loading=\"lazy\" hcb-fetch-image-from=\"https:\/\/youtu.be\/yGk9G4yxHbU?rel=0\" title=\"Proof.de: Nieuw MYIRO-9 kleurmeetapparaat van KonicaMinolta in gebruik\" width=\"1200\" height=\"675\" src=\"https:\/\/www.youtube.com\/embed\/yGk9G4yxHbU?feature=oembed\" frameborder=\"0\" allow=\"accelerometer; autoplay; clipboard-write; encrypted-media; gyroscope; picture-in-picture; web-share\" allowfullscreen><\/iframe>\n<\/div><\/figure>\n\n\n\n<p class=\"wp-block-paragraph\">Na wat wikken en wegen hebben we gekozen voor de KonicaMinolta MYIRO-9, waarom? Er waren een aantal duidelijke redenen in het voordeel van de X-Rite ISIS 2 XL: We zouden in de X-Rite wereld gebleven zijn, het apparaat is snel en heeft een lage afwijking van meetapparaat tot meetapparaat en van meting tot meting ... en dankzij de goede synchronisatie binnen de X-Rite familie zouden we zeker zeer goede resultaten behaald hebben. De MYIRO-9 is echter gewoon een tikkeltje beter in termen van snelheid en meetprecisie dan het concurrerende apparaat van X-Rite. <\/p>\n\n\n<div class=\"wp-block-image\">\n<figure class=\"alignright size-large is-resized\"><a href=\"https:\/\/blog1.proofen.de\/wp-content\/uploads\/2022\/10\/Bildschirmfoto-2022-10-20-um-01.50.09.png\"><img loading=\"lazy\" decoding=\"async\" src=\"https:\/\/blog1.proofen.de\/wp-content\/uploads\/2022\/10\/Bildschirmfoto-2022-10-20-um-01.50.09-1024x526.png\" alt=\"De nieuwe MYIRO-9 van KonicaMinolta in actie op de Proof GmbH in T\u00fcbingen\" class=\"wp-image-5051\" width=\"439\" height=\"226\" srcset=\"https:\/\/blog.proofs.de\/wp-content\/uploads\/2022\/10\/Bildschirmfoto-2022-10-20-um-01.50.09-1024x526.png 1024w, https:\/\/blog.proofs.de\/wp-content\/uploads\/2022\/10\/Bildschirmfoto-2022-10-20-um-01.50.09-300x154.png 300w, https:\/\/blog.proofs.de\/wp-content\/uploads\/2022\/10\/Bildschirmfoto-2022-10-20-um-01.50.09-768x394.png 768w, https:\/\/blog.proofs.de\/wp-content\/uploads\/2022\/10\/Bildschirmfoto-2022-10-20-um-01.50.09.png 1336w\" sizes=\"auto, (max-width: 439px) 100vw, 439px\"><\/a><\/figure>\n<\/div>\n\n\n<p class=\"wp-block-paragraph\">Het meet ongeveer 1500 kleurvlakken in slechts 4 minuten, en dat in M0\/M1\/M2 in \u00e9\u00e9n meetronde. In de praktijk wordt een doel met 1617 patches dus in ongeveer 5 minuten volledig gekalibreerd. Met een kortetermijnherhaalbaarheid van \u0394E00 0,05 en een apparaatovereenkomst van \u0394E00 0,3 meet hij ook uiterst nauwkeurig. <\/p>\n\n\n\n<p class=\"wp-block-paragraph translation-block\">Spannend: De MYIRO-9 beweegt zich niet alleen langs de meetlijn, hij st<a href=\"https:\/\/blog1.proofen.de\/es\/lexico-2\/opp\/\" target=\"_self\" class=\"encyclopedia tooltipstered\">opp<\/a>slaat extreem kort over elk veld, meet, en gaat dan door naar het volgende veld en de volgende meting - en doet dat met een extreme snelheid. En hoewel we eerst een beetje sceptisch waren: Zelfs met textuuroppervlakken zoals canvas heeft het tot nu toe alle metingen nauwkeurig en goed vastgelegd en snelle meetresultaten geleverd.<\/p>\n\n\n\n<p class=\"wp-block-paragraph\">En het heeft nog een voordeel: het heeft temperatuurcompensatie, die de opwarming van het meetapparaat compenseert, vooral tijdens langdurig gebruik. Aangezien wij alleen al tijdens \u00e9\u00e9n meetronde van onze standaard proefdrukpapieren ongeveer 100.000 velden op onze proefdrukprinters moeten meten, is het compenseren van temperatuurdrift hier een begrijpelijk argument.&nbsp;<\/p>\n\n\n\n<p class=\"wp-block-paragraph\"><a href=\"https:\/\/www.myiro.com\" target=\"_blank\" rel=\"noopener\" title=\"MYIRO.com KonicaMinolta website met meer informatie over de MYIRO-9 en MYIRO-1\">Meer informatie over de MYIRO-9 vindt u ook op de MYIRO-website: MYIRO.nl<\/a><\/p>\n\n\n\n<p class=\"wp-block-paragraph\">Na verschillende gesprekken met Claas Bickeb\u00f6ller van KonicaMinolta en Jan-Peter Homann van Homann Colormanagement besloten we het apparaat te kopen, ondanks enkele van de onzekerheden die we hadden beschreven: De extra snelheid en precisie waren gewoon te verleidelijk.&nbsp;<\/p>\n\n\n\n<h2 class=\"wp-block-heading\">De MYIRO-9: Past perfect in onze wereld van bewijsmetingen<\/h2>\n\n\n\n<p class=\"wp-block-paragraph translation-block\">Onze MYIRO-9 is nu een paar weken in gebruik en heeft al verschillende tests ondergaan. Allereerst controleerden we de nauwkeurigheid van de passing met onze eerdere i1-iO metingen met onze twee X-Rite i1 Pro-2 en vijf X-Rite ILS-30 meetapparaten om te analyseren hoe goed het KonicaMinolta apparaat in onze meetomgeving zou passen. Aangezien al onze proefprinters Spectroproofer hebben, worden de kalibraties en linearisaties van de individuele proefprinters altijd uitgevoerd door de ingebouwde ILS-30 meetapparaten in de proefprinters, en de <a href=\"https:\/\/blog1.proofen.de\/es\/lexico-2\/icc\/\" target=\"_self\" class=\"encyclopedia tooltipstered\">ICC<\/a> profielen van elk proefsubstraat worden ook aangemaakt via de ILS-30.<\/p>\n\n\n\n<p class=\"wp-block-paragraph\">Vervolgens begonnen we met een profieloptimalisatie op elke proefdrukmachine en vergeleken we de proefresultaten van de nieuwe optimalisatie visueel en metrologisch met de vorige proefresultaten aan de hand van onze testformulieren. Toen duidelijk was dat we zonder problemen konden overstappen, onderwierpen we uiteindelijk alle proefsubstraten aan een profieloptimalisatie op alle proefmachines met de MYIRO-9 over een periode van meerdere dagen en controleerden we de resultaten opnieuw. En toen we ook daar geen problemen konden vinden, schakelden we begin oktober alle workflows over op de nieuwe MYIRO-9 profieloptimalisaties.<\/p>\n\n\n\n<p class=\"wp-block-paragraph translation-block\">Alleen al in de eerste run moest de MYIRO-9 bijna 200.000 velden meten om alle workflows om te zetten naar de nieuwe profieloptimalisaties, wat het apparaat met vlag en wimpel deed<a href=\"https:\/\/blog1.proofen.de\/es\/lexico-2\/led\/\" target=\"_self\" class=\"encyclopedia tooltipstered\">led<\/a>. We zullen de komende weken doorgaan met het omzetten van meer gespecialiseerde workflows voor klanten en projecten. Maar het is nu al duidelijk dat ons nieuwe meetapparaat voor ons de juiste keuze was.<\/p>\n\n\n\n<h2 class=\"wp-block-heading\">De netwerkteamspeler<\/h2>\n\n\n\n<p class=\"wp-block-paragraph\">Een ander belangrijk criterium voor onze keuze voor de MYIRO-9 was de netwerkcapaciteit. <\/p>\n\n\n\n<p class=\"wp-block-paragraph translation-block\">Omdat de meting met de MYIRO-9 luider is dan met de ventilatorloze iO-tabellen van X-Rite vanwege de \"schokkerige\" meetkop die wordt veroorzaakt door de eenveldsmeting, hebben we het meetapparaat opgesteld in de proefruimte, waar het ver verwijderd is van onze <a href=\"https:\/\/blog1.proofen.de\/es\/lexico-2\/efi\/\" target=\"_self\" class=\"encyclopedia tooltipstered\">EFI<\/a> en <a href=\"https:\/\/blog1.proofen.de\/es\/lexico-2\/gmg\/\" target=\"_self\" class=\"encyclopedia tooltipstered\">GMG<\/a> servers. Omdat de MYIRO-9 echter gewoon via Ethernet aan het netwerk gekoppeld kan worden, is hij beschikbaar voor al onze toepassingen, ongeacht de locatie. Of het nu gaat om <a href=\"https:\/\/blog1.proofen.de\/es\/lexico-2\/ardiente\/\" target=\"_self\" class=\"encyclopedia tooltipstered\">Fiery<\/a> XF, GMG Colorproof of de Colorlogic producten, waarvan we er een aantal gebruiken <a href=\"https:\/\/blog1.proofen.de\/es\/lexico-2\/utilice\/\" target=\"_self\" class=\"encyclopedia tooltipstered\">vanop het werkstation<\/a>, ze hebben allemaal toegang tot de MYIRO-9 omdat er geen USB-verbinding nodig is.<\/p>\n\n\n\n<h2 class=\"wp-block-heading\">MYIRO-9: Conclusie<\/h2>\n\n\n\n<p class=\"wp-block-paragraph\">De volgende dingen waren doorslaggevend voor onze aankoop: <\/p>\n\n\n\n<ul class=\"wp-block-list\">\n<li><strong>snelheid<\/strong>Een optimalisatierun van onze belangrijkste testsubstraten duurt nu slechts dagen in plaats van weken. Ten eerste is de MYIRO-9 veel sneller, en ten tweede hebben we minder meetschijven nodig omdat de MYIRO-9 meer meetvelden per meetschijf in \u00e9\u00e9n keer kan meten. <\/li>\n\n\n\n<li><strong>Precisie<\/strong>De herhaalbaarheid op korte termijn en de inter-instrumentale afwijking zijn met de MYIRO-9 aanzienlijk beter dan met onze vorige meetoplossing. Al onze klanten profiteren van deze hogere nauwkeurigheid, omdat we proefdrukken binnen nog lagere toleranties kunnen produceren.<\/li>\n\n\n\n<li><strong>Connectiviteit:<\/strong> Dankzij de netwerkverbinding kunnen we gemakkelijk al onze proefdruksoftware en profileringsoplossingen op de MYIRO-9 aansluiten, omdat er geen USB-verbinding met een enkele server of werkstation nodig is.<\/li>\n<\/ul>\n\n\n\n<p class=\"wp-block-paragraph\">De MYIRO-9 heeft echt aan onze verwachtingen voldaan. Wij profiteren vooral van de hogere snelheid, onze klanten vooral van de hogere precisie van de MYIRO-9 in vergelijking met onze vorige meetoplossing. <\/p>\n\n\n\n<p class=\"wp-block-paragraph translation-block\">Zijn er nadelen? Kleine: De MYIRO-9 is inderdaad niet goedkoop. Maar hij is natuurlijk ook technisch geavanceerder dan veel andere apparaten. Een ander nadeel is dat de functies van de gratis softwarecomponenten van de KonicaMinolta MYIRO Tools niet zo uitbundig zijn: Maar ze bieden tenminste een schermkalibratie (die natuurlijk niet werkt met de MYIRO-9, maar alleen met de MYIRO-1), hebben een <a href=\"https:\/\/blog1.proofen.de\/es\/lexico-2\/fogra\/\" target=\"_self\" class=\"encyclopedia tooltipstered\">Fogra<\/a> <a href=\"https:\/\/blog1.proofen.de\/es\/lexico-2\/cuna-mediatica\/\" target=\"_self\" class=\"encyclopedia tooltipstered\">media wedge<\/a> licentie inbegrepen en kunnen grafieken meten, metingen vergelijken en een homogeniteitsbeoordeling uitvoeren. Als u meer functies nodig hebt en geen Fiery-, GMG- en Colorlogic-software hebt die met de MYIRO-9 werkt, zoals wij, dan zult u naast de MYIRO-9 ook de softwarefuncties \"Basic\" en \"Advanced\" van MYIRO Tools moeten aanschaffen, zoals bij andere fabrikanten het geval is.<\/p>\n\n\n\n<p class=\"wp-block-paragraph\">Onze conclusie is zeer positief: de KonicaMinolta MYIRO-9 was absoluut de juiste investering voor ons en ondersteunt ons met zijn snelheid en precisie. In dit opzicht past de MYIRO-9 heel goed bij de eisen van de Proof GmbH ... \ud83d\ude42 ...<\/p>\n\n\n\n<p class=\"wp-block-paragraph\"> <\/p>","protected":false},"excerpt":{"rendered":"<p>De afgelopen maanden hebben we bij Proof.de nagedacht over hoe we onze toch al zeer goede kleurmeettechnologie nog verder konden verbeteren op het gebied van snelheid en meetprecisie. Het werd al snel duidelijk dat er maar twee apparaten in aanmerking kwamen: De KonicaMinolta MYIRO-9, de opvolger van de eerdere FD-9, of de X-Rite ISIS 2 XL.  Het uitgangspunt: Aangezien we op de Proof GmbH 5 testapparaten hebben, is het kalibreren van targets voor profieloptimalisatie voor ons een tijdskritische onderneming. Daarom zochten we de afgelopen maanden naar een upgrade voor onze vorige X-Rite i1-iO tafel, omdat ... <\/p>\n<p class=\"read-more-container\"><a title=\"MYIRO-9: nieuw kleurmeetapparaat van KonicaMinolta in gebruik\" class=\"read-more button\" href=\"http:\/\/blog.proofs.de\/nl\/myiro-9\/#more-5023\" aria-label=\"Lees meer over MYIRO-9: Nieuw kleurmeetapparaat van KonicaMinolta in gebruik\">Meer lezen<\/a><\/p>","protected":false},"author":2,"featured_media":5113,"comment_status":"open","ping_status":"open","sticky":false,"template":"","format":"standard","meta":{"om_disable_all_campaigns":false,"inline_featured_image":false,"_monsterinsights_skip_tracking":false,"footnotes":""},"categories":[1,437],"tags":[1337,1346,1345,1338,475,167,561,1344,1033,806,1336,1341,423,1342,1340,1335,1334,1339,1343,479],"class_list":["post-5023","post","type-post","status-publish","format-standard","has-post-thumbnail","hentry","category-allgemein","category-proof-software-und-technik","tag-claas-bickeboeller","tag-colorlogic","tag-colorproof","tag-farbmessgeraet","tag-fiery","tag-fiery-xf","tag-gmg","tag-gmg-colorproof","tag-i1","tag-i1pro2","tag-konicaminolta-sensing","tag-m0","tag-m1","tag-m2","tag-messgeraet","tag-myiro","tag-myiro-9","tag-spektralmessgeraet","tag-streifenmessung","tag-x-rite","generate-columns","tablet-grid-50","mobile-grid-100","grid-parent","grid-50","no-featured-image-padding","resize-featured-image"],"aioseo_notices":[],"aioseo_head":"\n\t\t<!-- All in One SEO 5.0.1.1 - aioseo.com -->\n\t<meta name=\"description\" content=\"Bei Proof.de haben wir unser neues Farbmessger\u00e4t MYIRO-9 von KonicaMinolta in Betrieb genommen und k\u00f6nnen jetzt noch schneller und pr\u00e4ziser messen.\" \/>\n\t<meta name=\"robots\" content=\"max-image-preview:large\" \/>\n\t<meta name=\"author\" content=\"Matthias Betz\"\/>\n\t<meta name=\"google-site-verification\" content=\"TuXxyRwxcEg2-WfOaQ8vScWQh3-uBAnxXmY7g3GT90A\" \/>\n\t<meta name=\"keywords\" content=\"claas bickeb\u00f6ller,colorlogic,colorproof,farbmessger\u00e4t,fiery,fiery xf,gmg,gmg colorproof,i1,i1pro2,konicaminolta sensing,m0,m1,m2,messger\u00e4t,myiro,myiro-9,spektralmessger\u00e4t,streifenmessung,x-rite\" \/>\n\t<link rel=\"canonical\" href=\"http:\/\/blog.proofs.de\/nl\/myiro-9\/\" \/>\n\t<meta name=\"generator\" content=\"All in One SEO (AIOSEO) 5.0.1.1\" \/>\n\n\t\t<meta name=\"seobility\" content=\"593a8578143db71543f014978c690d47\">\n\t\t<meta property=\"og:locale\" content=\"nl_NL\" \/>\n\t\t<meta property=\"og:site_name\" content=\"Proof.de | Alles zu Proof, Farbmanagement, Grafik, Messtechnik &amp; Co.\" \/>\n\t\t<meta property=\"og:type\" content=\"article\" \/>\n\t\t<meta property=\"og:title\" content=\"MYIRO-9: Neues Farbmessger\u00e4t von KonicaMinolta im Einsatz | Proof.de\" \/>\n\t\t<meta property=\"og:description\" content=\"In den letzten Monaten haben wir bei Proof.de \u00fcberlegt, unsere bereits sehr gute Farbmesstechnik in Sachen Geschwindigkeit und Messpr\u00e4zision weiter zu verbessern. Relativ schnell war klar, da\u00df daf\u00fcr nur zwei Ger\u00e4te in Frage kommen: Das KonicaMinolta MYIRO-9, der Nachfolger des fr\u00fcheren FD-9 oder das X-Rite ISIS 2 XL. Der Ausgangspunkt: Da wir bei der Proof GmbH\" \/>\n\t\t<meta property=\"og:url\" content=\"http:\/\/blog.proofs.de\/nl\/myiro-9\/\" \/>\n\t\t<meta property=\"og:image\" content=\"http:\/\/blog1.proofen.de\/wp-content\/uploads\/2022\/11\/Bildschirm\u00adfoto-2022-11-08-um-17.50.36.jpg\" \/>\n\t\t<meta property=\"og:image:width\" content=\"2239\" \/>\n\t\t<meta property=\"og:image:height\" content=\"1202\" \/>\n\t\t<meta property=\"og:video\" content=\"http:\/\/www.youtube.com\/watch?v=yGk9G4yxHbU\" \/>\n\t\t<meta property=\"article:published_time\" content=\"2022-11-08T12:53:19+00:00\" \/>\n\t\t<meta property=\"article:modified_time\" content=\"2023-07-20T07:16:32+00:00\" \/>\n\t\t<meta property=\"article:publisher\" content=\"https:\/\/www.facebook.com\/Proof.de\/\" \/>\n\t\t<meta name=\"twitter:card\" content=\"summary\" \/>\n\t\t<meta name=\"twitter:title\" content=\"MYIRO-9: Neues Farbmessger\u00e4t von KonicaMinolta im Einsatz | Proof.de\" \/>\n\t\t<meta name=\"twitter:description\" content=\"In den letzten Monaten haben wir bei Proof.de \u00fcberlegt, unsere bereits sehr gute Farbmesstechnik in Sachen Geschwindigkeit und Messpr\u00e4zision weiter zu verbessern. Relativ schnell war klar, da\u00df daf\u00fcr nur zwei Ger\u00e4te in Frage kommen: Das KonicaMinolta MYIRO-9, der Nachfolger des fr\u00fcheren FD-9 oder das X-Rite ISIS 2 XL. Der Ausgangspunkt: Da wir bei der Proof GmbH\" \/>\n\t\t<meta name=\"twitter:image\" content=\"https:\/\/blog1.proofen.de\/wp-content\/uploads\/2022\/11\/Bildschirm\u00adfoto-2022-11-08-um-17.50.36.jpg\" \/>\n\t\t<script type=\"application\/ld+json\" class=\"aioseo-schema\">\n\t\t\t{\"@context\":\"https:\\\/\\\/schema.org\",\"@graph\":[{\"@type\":\"Article\",\"@id\":\"http:\\\/\\\/blog.proofs.de\\\/nl\\\/myiro-9\\\/#article\",\"name\":\"MYIRO-9: Neues Farbmessger\\u00e4t im Einsatz | proof.de\",\"headline\":\"MYIRO-9: Neues Farbmessger\\u00e4t von KonicaMinolta im Einsatz\",\"author\":{\"@id\":\"http:\\\/\\\/blog.proofs.de\\\/nl\\\/author\\\/mbetz\\\/#author\"},\"publisher\":{\"@id\":\"http:\\\/\\\/blog.proofs.de\\\/nl\\\/#organization\"},\"image\":{\"@type\":\"ImageObject\",\"url\":\"https:\\\/\\\/blog.proofs.de\\\/wp-content\\\/uploads\\\/2022\\\/11\\\/Bildschirm\\u00adfoto-2022-11-08-um-17.50.36.jpg\",\"width\":2239,\"height\":1202,\"caption\":\"MYIRO-9: Neues Messger\\u00e4t von KonicaMinolta im Einsatz bei Proof.de. Inhaber Matthias Betz erl\\u00e4utert die wichtigsten Vorteile des neuen Auto-Spektralfotometers.\"},\"datePublished\":\"2022-11-08T13:53:19+01:00\",\"dateModified\":\"2023-07-20T09:16:32+02:00\",\"inLanguage\":\"nl-NL-formal\",\"mainEntityOfPage\":{\"@id\":\"http:\\\/\\\/blog.proofs.de\\\/nl\\\/myiro-9\\\/#webpage\"},\"isPartOf\":{\"@id\":\"http:\\\/\\\/blog.proofs.de\\\/nl\\\/myiro-9\\\/#webpage\"},\"articleSection\":\"Allgemein, Proof Software &amp; Technik, Claas Bickeb\\u00f6ller, Colorlogic, ColorProof, Farbmessger\\u00e4t, Fiery, Fiery XF, GMG, GMG ColorProof, i1, I1Pro2, KonicaMinolta Sensing, M0, M1, M2, Messger\\u00e4t, MYIRO, MYIRO-9, Spektralmessger\\u00e4t, Streifenmessung, X-Rite\"},{\"@type\":\"BreadcrumbList\",\"@id\":\"http:\\\/\\\/blog.proofs.de\\\/nl\\\/myiro-9\\\/#breadcrumblist\",\"itemListElement\":[{\"@type\":\"ListItem\",\"@id\":\"http:\\\/\\\/blog.proofs.de\\\/nl#listItem\",\"position\":1,\"name\":\"Home\",\"item\":\"http:\\\/\\\/blog.proofs.de\\\/nl\",\"nextItem\":{\"@type\":\"ListItem\",\"@id\":\"http:\\\/\\\/blog.proofs.de\\\/nl\\\/thema\\\/proof-wissen\\\/#listItem\",\"name\":\"Proof Wissen\"}},{\"@type\":\"ListItem\",\"@id\":\"http:\\\/\\\/blog.proofs.de\\\/nl\\\/thema\\\/proof-wissen\\\/#listItem\",\"position\":2,\"name\":\"Proof Wissen\",\"item\":\"http:\\\/\\\/blog.proofs.de\\\/nl\\\/thema\\\/proof-wissen\\\/\",\"nextItem\":{\"@type\":\"ListItem\",\"@id\":\"http:\\\/\\\/blog.proofs.de\\\/nl\\\/thema\\\/proof-wissen\\\/proof-software-und-technik\\\/#listItem\",\"name\":\"Proof Software &amp; Technik\"},\"previousItem\":{\"@type\":\"ListItem\",\"@id\":\"http:\\\/\\\/blog.proofs.de\\\/nl#listItem\",\"name\":\"Home\"}},{\"@type\":\"ListItem\",\"@id\":\"http:\\\/\\\/blog.proofs.de\\\/nl\\\/thema\\\/proof-wissen\\\/proof-software-und-technik\\\/#listItem\",\"position\":3,\"name\":\"Proof Software &amp; Technik\",\"item\":\"http:\\\/\\\/blog.proofs.de\\\/nl\\\/thema\\\/proof-wissen\\\/proof-software-und-technik\\\/\",\"nextItem\":{\"@type\":\"ListItem\",\"@id\":\"http:\\\/\\\/blog.proofs.de\\\/nl\\\/myiro-9\\\/#listItem\",\"name\":\"MYIRO-9: Neues Farbmessger\\u00e4t von KonicaMinolta im Einsatz\"},\"previousItem\":{\"@type\":\"ListItem\",\"@id\":\"http:\\\/\\\/blog.proofs.de\\\/nl\\\/thema\\\/proof-wissen\\\/#listItem\",\"name\":\"Proof Wissen\"}},{\"@type\":\"ListItem\",\"@id\":\"http:\\\/\\\/blog.proofs.de\\\/nl\\\/myiro-9\\\/#listItem\",\"position\":4,\"name\":\"MYIRO-9: Neues Farbmessger\\u00e4t von KonicaMinolta im Einsatz\",\"previousItem\":{\"@type\":\"ListItem\",\"@id\":\"http:\\\/\\\/blog.proofs.de\\\/nl\\\/thema\\\/proof-wissen\\\/proof-software-und-technik\\\/#listItem\",\"name\":\"Proof Software &amp; Technik\"}}]},{\"@type\":\"Organization\",\"@id\":\"http:\\\/\\\/blog.proofs.de\\\/nl\\\/#organization\",\"name\":\"Proof GmbH\",\"description\":\"Farbverbindlicher Proof, Farbproof, Digitalproof und Online-Proof.\",\"url\":\"http:\\\/\\\/blog.proofs.de\\\/nl\\\/\",\"telephone\":\"+4970717952740\",\"logo\":{\"@type\":\"ImageObject\",\"url\":\"https:\\\/\\\/blog1.proofen.de\\\/wp-content\\\/uploads\\\/2019\\\/09\\\/logo_proof_rgb_mit_balken_250px.png\",\"@id\":\"http:\\\/\\\/blog.proofs.de\\\/nl\\\/myiro-9\\\/#organizationLogo\"},\"image\":{\"@id\":\"http:\\\/\\\/blog.proofs.de\\\/nl\\\/myiro-9\\\/#organizationLogo\"},\"sameAs\":[\"https:\\\/\\\/www.facebook.com\\\/Proof.de\\\/\",\"https:\\\/\\\/www.instagram.com\\\/proof.de\\\/\",\"https:\\\/\\\/www.tiktok.com\\\/@proof_de\",\"https:\\\/\\\/www.youtube.com\\\/channel\\\/UCk80fQVQ25wC9wu3SywB-Nw\",\"https:\\\/\\\/www.linkedin.com\\\/company\\\/proof-de\"]},{\"@type\":\"Person\",\"@id\":\"http:\\\/\\\/blog.proofs.de\\\/nl\\\/author\\\/mbetz\\\/#author\",\"url\":\"http:\\\/\\\/blog.proofs.de\\\/nl\\\/author\\\/mbetz\\\/\",\"name\":\"Matthias Betz\",\"image\":{\"@type\":\"ImageObject\",\"@id\":\"http:\\\/\\\/blog.proofs.de\\\/nl\\\/myiro-9\\\/#authorImage\",\"url\":\"https:\\\/\\\/blog.proofs.de\\\/wp-content\\\/uploads\\\/2020\\\/10\\\/matthias-betz-e1603934518350-150x150.png\",\"width\":96,\"height\":96,\"caption\":\"Matthias Betz\"}},{\"@type\":\"WebPage\",\"@id\":\"http:\\\/\\\/blog.proofs.de\\\/nl\\\/myiro-9\\\/#webpage\",\"url\":\"http:\\\/\\\/blog.proofs.de\\\/nl\\\/myiro-9\\\/\",\"name\":\"MYIRO-9: Neues Farbmessger\\u00e4t im Einsatz | proof.de\",\"description\":\"Bei Proof.de haben wir unser neues Farbmessger\\u00e4t MYIRO-9 von KonicaMinolta in Betrieb genommen und k\\u00f6nnen jetzt noch schneller und pr\\u00e4ziser messen.\",\"inLanguage\":\"nl-NL-formal\",\"isPartOf\":{\"@id\":\"http:\\\/\\\/blog.proofs.de\\\/nl\\\/#website\"},\"breadcrumb\":{\"@id\":\"http:\\\/\\\/blog.proofs.de\\\/nl\\\/myiro-9\\\/#breadcrumblist\"},\"author\":{\"@id\":\"http:\\\/\\\/blog.proofs.de\\\/nl\\\/author\\\/mbetz\\\/#author\"},\"creator\":{\"@id\":\"http:\\\/\\\/blog.proofs.de\\\/nl\\\/author\\\/mbetz\\\/#author\"},\"image\":{\"@type\":\"ImageObject\",\"url\":\"https:\\\/\\\/blog.proofs.de\\\/wp-content\\\/uploads\\\/2022\\\/11\\\/Bildschirm\\u00adfoto-2022-11-08-um-17.50.36.jpg\",\"@id\":\"http:\\\/\\\/blog.proofs.de\\\/nl\\\/myiro-9\\\/#mainImage\",\"width\":2239,\"height\":1202,\"caption\":\"MYIRO-9: Neues Messger\\u00e4t von KonicaMinolta im Einsatz bei Proof.de. Inhaber Matthias Betz erl\\u00e4utert die wichtigsten Vorteile des neuen Auto-Spektralfotometers.\"},\"primaryImageOfPage\":{\"@id\":\"http:\\\/\\\/blog.proofs.de\\\/nl\\\/myiro-9\\\/#mainImage\"},\"datePublished\":\"2022-11-08T13:53:19+01:00\",\"dateModified\":\"2023-07-20T09:16:32+02:00\"},{\"@type\":\"WebSite\",\"@id\":\"http:\\\/\\\/blog.proofs.de\\\/nl\\\/#website\",\"url\":\"http:\\\/\\\/blog.proofs.de\\\/nl\\\/\",\"name\":\"Proof.de\",\"description\":\"Farbverbindlicher Proof, Farbproof, Digitalproof und Online-Proof.\",\"inLanguage\":\"nl-NL-formal\",\"publisher\":{\"@id\":\"http:\\\/\\\/blog.proofs.de\\\/nl\\\/#organization\"}}]}\n\t\t<\/script>\n\t\t<!-- All in One SEO -->\n\n","aioseo_head_json":{"title":"MYIRO-9: Nieuw kleurmeetapparaat in gebruik | proof.de","description":"Op Proof.de hebben we ons nieuwe MYIRO-9 kleurmeetapparaat van KonicaMinolta in gebruik genomen en kunnen we nu nog sneller en nauwkeuriger meten.","canonical_url":"http:\/\/blog.proofs.de\/nl\/myiro-9\/","robots":"max-image-preview:large","keywords":"claas bickeb\u00f6ller,colorlogic,colorproof,farbmessger\u00e4t,fiery,fiery xf,gmg,gmg colorproof,i1,i1pro2,konicaminolta sensing,m0,m1,m2,messger\u00e4t,myiro,myiro-9,spektralmessger\u00e4t,streifenmessung,x-rite","webmasterTools":{"google-site-verification":"TuXxyRwxcEg2-WfOaQ8vScWQh3-uBAnxXmY7g3GT90A","miscellaneous":"&lt;meta name=\"seobility\" content=\"593a8578143db71543f014978c690d47\"&gt;"},"schema":{"@context":"https:\/\/schema.org","@graph":[{"@type":"Article","@id":"http:\/\/blog.proofs.de\/nl\/myiro-9\/#article","name":"MYIRO-9: Neues Farbmessger\u00e4t im Einsatz | proof.de","headline":"MYIRO-9: Neues Farbmessger\u00e4t von KonicaMinolta im Einsatz","author":{"@id":"http:\/\/blog.proofs.de\/nl\/author\/mbetz\/#author"},"publisher":{"@id":"http:\/\/blog.proofs.de\/nl\/#organization"},"image":{"@type":"ImageObject","url":"https:\/\/blog.proofs.de\/wp-content\/uploads\/2022\/11\/Bildschirm\u00adfoto-2022-11-08-um-17.50.36.jpg","width":2239,"height":1202,"caption":"MYIRO-9: Neues Messger\u00e4t von KonicaMinolta im Einsatz bei Proof.de. Inhaber Matthias Betz erl\u00e4utert die wichtigsten Vorteile des neuen Auto-Spektralfotometers."},"datePublished":"2022-11-08T13:53:19+01:00","dateModified":"2023-07-20T09:16:32+02:00","inLanguage":"nl-NL-formal","mainEntityOfPage":{"@id":"http:\/\/blog.proofs.de\/nl\/myiro-9\/#webpage"},"isPartOf":{"@id":"http:\/\/blog.proofs.de\/nl\/myiro-9\/#webpage"},"articleSection":"Allgemein, Proof Software &amp; Technik, Claas Bickeb\u00f6ller, Colorlogic, ColorProof, Farbmessger\u00e4t, Fiery, Fiery XF, GMG, GMG ColorProof, i1, I1Pro2, KonicaMinolta Sensing, M0, M1, M2, Messger\u00e4t, MYIRO, MYIRO-9, Spektralmessger\u00e4t, Streifenmessung, X-Rite"},{"@type":"BreadcrumbList","@id":"http:\/\/blog.proofs.de\/nl\/myiro-9\/#breadcrumblist","itemListElement":[{"@type":"ListItem","@id":"http:\/\/blog.proofs.de\/nl#listItem","position":1,"name":"Home","item":"http:\/\/blog.proofs.de\/nl","nextItem":{"@type":"ListItem","@id":"http:\/\/blog.proofs.de\/nl\/thema\/proof-wissen\/#listItem","name":"Proof Wissen"}},{"@type":"ListItem","@id":"http:\/\/blog.proofs.de\/nl\/thema\/proof-wissen\/#listItem","position":2,"name":"Proof Wissen","item":"http:\/\/blog.proofs.de\/nl\/thema\/proof-wissen\/","nextItem":{"@type":"ListItem","@id":"http:\/\/blog.proofs.de\/nl\/thema\/proof-wissen\/proof-software-und-technik\/#listItem","name":"Proof Software &amp; Technik"},"previousItem":{"@type":"ListItem","@id":"http:\/\/blog.proofs.de\/nl#listItem","name":"Home"}},{"@type":"ListItem","@id":"http:\/\/blog.proofs.de\/nl\/thema\/proof-wissen\/proof-software-und-technik\/#listItem","position":3,"name":"Proof Software &amp; Technik","item":"http:\/\/blog.proofs.de\/nl\/thema\/proof-wissen\/proof-software-und-technik\/","nextItem":{"@type":"ListItem","@id":"http:\/\/blog.proofs.de\/nl\/myiro-9\/#listItem","name":"MYIRO-9: Neues Farbmessger\u00e4t von KonicaMinolta im Einsatz"},"previousItem":{"@type":"ListItem","@id":"http:\/\/blog.proofs.de\/nl\/thema\/proof-wissen\/#listItem","name":"Proof Wissen"}},{"@type":"ListItem","@id":"http:\/\/blog.proofs.de\/nl\/myiro-9\/#listItem","position":4,"name":"MYIRO-9: Neues Farbmessger\u00e4t von KonicaMinolta im Einsatz","previousItem":{"@type":"ListItem","@id":"http:\/\/blog.proofs.de\/nl\/thema\/proof-wissen\/proof-software-und-technik\/#listItem","name":"Proof Software &amp; Technik"}}]},{"@type":"Organization","@id":"http:\/\/blog.proofs.de\/nl\/#organization","name":"Proof GmbH","description":"Farbverbindlicher Proof, Farbproof, Digitalproof und Online-Proof.","url":"http:\/\/blog.proofs.de\/nl\/","telephone":"+4970717952740","logo":{"@type":"ImageObject","url":"https:\/\/blog1.proofen.de\/wp-content\/uploads\/2019\/09\/logo_proof_rgb_mit_balken_250px.png","@id":"http:\/\/blog.proofs.de\/nl\/myiro-9\/#organizationLogo"},"image":{"@id":"http:\/\/blog.proofs.de\/nl\/myiro-9\/#organizationLogo"},"sameAs":["https:\/\/www.facebook.com\/Proof.de\/","https:\/\/www.instagram.com\/proof.de\/","https:\/\/www.tiktok.com\/@proof_de","https:\/\/www.youtube.com\/channel\/UCk80fQVQ25wC9wu3SywB-Nw","https:\/\/www.linkedin.com\/company\/proof-de"]},{"@type":"Person","@id":"http:\/\/blog.proofs.de\/nl\/author\/mbetz\/#author","url":"http:\/\/blog.proofs.de\/nl\/author\/mbetz\/","name":"Matthias Betz","image":{"@type":"ImageObject","@id":"http:\/\/blog.proofs.de\/nl\/myiro-9\/#authorImage","url":"https:\/\/blog.proofs.de\/wp-content\/uploads\/2020\/10\/matthias-betz-e1603934518350-150x150.png","width":96,"height":96,"caption":"Matthias Betz"}},{"@type":"WebPage","@id":"http:\/\/blog.proofs.de\/nl\/myiro-9\/#webpage","url":"http:\/\/blog.proofs.de\/nl\/myiro-9\/","name":"MYIRO-9: Neues Farbmessger\u00e4t im Einsatz | proof.de","description":"Bei Proof.de haben wir unser neues Farbmessger\u00e4t MYIRO-9 von KonicaMinolta in Betrieb genommen und k\u00f6nnen jetzt noch schneller und pr\u00e4ziser messen.","inLanguage":"nl-NL-formal","isPartOf":{"@id":"http:\/\/blog.proofs.de\/nl\/#website"},"breadcrumb":{"@id":"http:\/\/blog.proofs.de\/nl\/myiro-9\/#breadcrumblist"},"author":{"@id":"http:\/\/blog.proofs.de\/nl\/author\/mbetz\/#author"},"creator":{"@id":"http:\/\/blog.proofs.de\/nl\/author\/mbetz\/#author"},"image":{"@type":"ImageObject","url":"https:\/\/blog.proofs.de\/wp-content\/uploads\/2022\/11\/Bildschirm\u00adfoto-2022-11-08-um-17.50.36.jpg","@id":"http:\/\/blog.proofs.de\/nl\/myiro-9\/#mainImage","width":2239,"height":1202,"caption":"MYIRO-9: Neues Messger\u00e4t von KonicaMinolta im Einsatz bei Proof.de. Inhaber Matthias Betz erl\u00e4utert die wichtigsten Vorteile des neuen Auto-Spektralfotometers."},"primaryImageOfPage":{"@id":"http:\/\/blog.proofs.de\/nl\/myiro-9\/#mainImage"},"datePublished":"2022-11-08T13:53:19+01:00","dateModified":"2023-07-20T09:16:32+02:00"},{"@type":"WebSite","@id":"http:\/\/blog.proofs.de\/nl\/#website","url":"http:\/\/blog.proofs.de\/nl\/","name":"Proof.de","description":"Farbverbindlicher Proof, Farbproof, Digitalproof und Online-Proof.","inLanguage":"nl-NL-formal","publisher":{"@id":"http:\/\/blog.proofs.de\/nl\/#organization"}}]},"og:locale":"nl_NL","og:site_name":"Proof.de | Alles zu Proof, Farbmanagement, Grafik, Messtechnik &amp; Co.","og:type":"article","og:title":"MYIRO-9: Neues Farbmessger\u00e4t von KonicaMinolta im Einsatz | Proof.de","og:description":"In den letzten Monaten haben wir bei Proof.de \u00fcberlegt, unsere bereits sehr gute Farbmesstechnik in Sachen Geschwindigkeit und Messpr\u00e4zision weiter zu verbessern. Relativ schnell war klar, da\u00df daf\u00fcr nur zwei Ger\u00e4te in Frage kommen: Das KonicaMinolta MYIRO-9, der Nachfolger des fr\u00fcheren FD-9 oder das X-Rite ISIS 2 XL. Der Ausgangspunkt: Da wir bei der Proof GmbH","og:url":"http:\/\/blog.proofs.de\/nl\/myiro-9\/","og:image":"http:\/\/blog1.proofen.de\/wp-content\/uploads\/2022\/11\/Bildschirm\u00adfoto-2022-11-08-um-17.50.36.jpg","og:image:width":"2239","og:image:height":"1202","og:video":"http:\/\/www.youtube.com\/watch?v=yGk9G4yxHbU","article:published_time":"2022-11-08T12:53:19+00:00","article:modified_time":"2023-07-20T07:16:32+00:00","article:publisher":"https:\/\/www.facebook.com\/Proof.de\/","twitter:card":"summary","twitter:title":"MYIRO-9: Neues Farbmessger\u00e4t von KonicaMinolta im Einsatz | Proof.de","twitter:description":"In den letzten Monaten haben wir bei Proof.de \u00fcberlegt, unsere bereits sehr gute Farbmesstechnik in Sachen Geschwindigkeit und Messpr\u00e4zision weiter zu verbessern. Relativ schnell war klar, da\u00df daf\u00fcr nur zwei Ger\u00e4te in Frage kommen: Das KonicaMinolta MYIRO-9, der Nachfolger des fr\u00fcheren FD-9 oder das X-Rite ISIS 2 XL. Der Ausgangspunkt: Da wir bei der Proof GmbH","twitter:image":"https:\/\/blog1.proofen.de\/wp-content\/uploads\/2022\/11\/Bildschirm\u00adfoto-2022-11-08-um-17.50.36.jpg"},"aioseo_meta_data":{"post_id":"5023","title":"MYIRO-9: Nieuw kleurmeetapparaat in gebruik | proof.de","description":"Op Proof.de hebben we ons nieuwe MYIRO-9 kleurmeetapparaat van KonicaMinolta in gebruik genomen en kunnen we nu nog sneller en nauwkeuriger meten.","keywords":[],"keyphrases":{"focus":{"keyphrase":"MYIRO-9","score":100,"analysis":{"keyphraseInTitle":{"score":9,"maxScore":9,"error":0},"keyphraseInDescription":{"score":9,"maxScore":9,"error":0},"keyphraseLength":{"score":9,"maxScore":9,"error":0,"length":1},"keyphraseInURL":{"score":5,"maxScore":5,"error":0},"keyphraseInIntroduction":{"score":9,"maxScore":9,"error":0},"keyphraseInSubHeadings":{"score":9,"maxScore":9,"error":0},"keyphraseInImageAlt":{"score":9,"maxScore":9,"error":0}}},"additional":[]},"primary_term":null,"canonical_url":null,"og_title":"#post_title #separator_sa #site_title","og_description":"#post_excerpt","og_object_type":"default","og_image_type":"featured","og_image_url":"https:\/\/blog1.proofen.de\/wp-content\/uploads\/2022\/11\/Bildschirm\u00adfoto-2022-11-08-um-17.50.36.jpg","og_image_width":"2239","og_image_height":"1202","og_image_custom_url":null,"og_image_custom_fields":null,"og_video":"https:\/\/www.youtube.com\/watch?v=yGk9G4yxHbU","og_custom_url":null,"og_article_section":null,"og_article_tags":[],"twitter_use_og":true,"twitter_card":"default","twitter_image_type":"default","twitter_image_url":null,"twitter_image_custom_url":null,"twitter_image_custom_fields":null,"twitter_title":null,"twitter_description":null,"schema":{"blockGraphs":[],"customGraphs":[],"default":{"data":{"Article":[],"Course":[],"Dataset":[],"FAQPage":[],"Movie":[],"Person":[],"Product":[],"ProductReview":[],"Car":[],"Recipe":[],"Service":[],"SoftwareApplication":[],"WebPage":[]},"graphName":"Article","isEnabled":true},"graphs":[]},"schema_type":"default","schema_type_options":null,"pillar_content":false,"robots_default":true,"robots_noindex":false,"robots_noarchive":false,"robots_nosnippet":false,"robots_nofollow":false,"robots_noimageindex":false,"robots_noodp":false,"robots_notranslate":false,"robots_max_snippet":"-1","robots_max_videopreview":"-1","robots_max_imagepreview":"large","priority":null,"frequency":"default","local_seo":null,"breadcrumb_settings":null,"limit_modified_date":false,"ai":null,"created":"2022-10-07 21:52:37","updated":"2025-06-04 14:28:05","seo_analyzer_scan_date":null,"focus_keyword":"MYIRO-9","additional_keywords":null,"truseo_locale":null},"_links":{"self":[{"href":"http:\/\/blog.proofs.de\/nl\/wp-json\/wp\/v2\/posts\/5023","targetHints":{"allow":["GET"]}}],"collection":[{"href":"http:\/\/blog.proofs.de\/nl\/wp-json\/wp\/v2\/posts"}],"about":[{"href":"http:\/\/blog.proofs.de\/nl\/wp-json\/wp\/v2\/types\/post"}],"author":[{"embeddable":true,"href":"http:\/\/blog.proofs.de\/nl\/wp-json\/wp\/v2\/users\/2"}],"replies":[{"embeddable":true,"href":"http:\/\/blog.proofs.de\/nl\/wp-json\/wp\/v2\/comments?post=5023"}],"version-history":[{"count":39,"href":"http:\/\/blog.proofs.de\/nl\/wp-json\/wp\/v2\/posts\/5023\/revisions"}],"predecessor-version":[{"id":5441,"href":"http:\/\/blog.proofs.de\/nl\/wp-json\/wp\/v2\/posts\/5023\/revisions\/5441"}],"wp:featuredmedia":[{"embeddable":true,"href":"http:\/\/blog.proofs.de\/nl\/wp-json\/wp\/v2\/media\/5113"}],"wp:attachment":[{"href":"http:\/\/blog.proofs.de\/nl\/wp-json\/wp\/v2\/media?parent=5023"}],"wp:term":[{"taxonomy":"category","embeddable":true,"href":"http:\/\/blog.proofs.de\/nl\/wp-json\/wp\/v2\/categories?post=5023"},{"taxonomy":"post_tag","embeddable":true,"href":"http:\/\/blog.proofs.de\/nl\/wp-json\/wp\/v2\/tags?post=5023"}],"curies":[{"name":"wp","href":"https:\/\/api.w.org\/{rel}","templated":true}]}}