{"id":6127,"date":"2025-08-01T12:15:43","date_gmt":"2025-08-01T10:15:43","guid":{"rendered":"https:\/\/www.proof.de\/?p=6127"},"modified":"2025-08-04T17:36:35","modified_gmt":"2025-08-04T15:36:35","slug":"x-rite-i1profiler-ondersteunt-niet-langer-i1pro2-en-i1display","status":"publish","type":"post","link":"http:\/\/blog.proofs.de\/nl\/x-rite-i1profiler-unterstuetzt-i1pro2-und-i1display-nicht-mehr\/","title":{"rendered":"X-Rite i1Profiler ondersteunt niet langer i1Pro2 en i1iO 2"},"content":{"rendered":"<div class=\"kk-star-ratings kksr-auto kksr-align-right kksr-valign-top\" data-payload='{\"align\":\"right\",\"id\":\"6127\",\"slug\":\"default\",\"valign\":\"top\",\"ignore\":\"\",\"reference\":\"auto\",\"class\":\"\",\"count\":\"2\",\"legendonly\":\"\",\"readonly\":\"\",\"score\":\"5\",\"starsonly\":\"\",\"best\":\"5\",\"gap\":\"5\",\"greet\":\"Jetzt bewerten\",\"legend\":\"5\\\/5 - (2 stemmen)\",\"size\":\"24\",\"title\":\"X-Rite i1Profiler unterst&uuml;tzt i1Pro2 und und i1iO 2 nicht mehr\",\"width\":\"142.5\",\"_legend\":\"{score}\\\/{best} - ({count} {votes})\",\"font_factor\":\"1.25\"}'>\n            \n<div class=\"kksr-stars\">\n    \n<div class=\"kksr-stars-inactive\">\n            <div class=\"kksr-star\" data-star=\"1\" style=\"padding-right: 5px\">\n            \n\n<div class=\"kksr-icon\" style=\"width: 24px; height: 24px;\"><\/div>\n        <\/div>\n            <div class=\"kksr-star\" data-star=\"2\" style=\"padding-right: 5px\">\n            \n\n<div class=\"kksr-icon\" style=\"width: 24px; height: 24px;\"><\/div>\n        <\/div>\n            <div class=\"kksr-star\" data-star=\"3\" style=\"padding-right: 5px\">\n            \n\n<div class=\"kksr-icon\" style=\"width: 24px; height: 24px;\"><\/div>\n        <\/div>\n            <div class=\"kksr-star\" data-star=\"4\" style=\"padding-right: 5px\">\n            \n\n<div class=\"kksr-icon\" style=\"width: 24px; height: 24px;\"><\/div>\n        <\/div>\n            <div class=\"kksr-star\" data-star=\"5\" style=\"padding-right: 5px\">\n            \n\n<div class=\"kksr-icon\" style=\"width: 24px; height: 24px;\"><\/div>\n        <\/div>\n    <\/div>\n    \n<div class=\"kksr-stars-active\" style=\"width: 142.5px;\">\n            <div class=\"kksr-star\" style=\"padding-right: 5px\">\n            \n\n<div class=\"kksr-icon\" style=\"width: 24px; height: 24px;\"><\/div>\n        <\/div>\n            <div class=\"kksr-star\" style=\"padding-right: 5px\">\n            \n\n<div class=\"kksr-icon\" style=\"width: 24px; height: 24px;\"><\/div>\n        <\/div>\n            <div class=\"kksr-star\" style=\"padding-right: 5px\">\n            \n\n<div class=\"kksr-icon\" style=\"width: 24px; height: 24px;\"><\/div>\n        <\/div>\n            <div class=\"kksr-star\" style=\"padding-right: 5px\">\n            \n\n<div class=\"kksr-icon\" style=\"width: 24px; height: 24px;\"><\/div>\n        <\/div>\n            <div class=\"kksr-star\" style=\"padding-right: 5px\">\n            \n\n<div class=\"kksr-icon\" style=\"width: 24px; height: 24px;\"><\/div>\n        <\/div>\n    <\/div>\n<\/div>\n                \n\n<div class=\"kksr-legend\" style=\"font-size: 19.2px;\">\n            5\/5 - (2 lift)    <\/div>\n    <\/div>\n\n<p class=\"wp-block-paragraph\">Iedereen die de afgelopen weken zijn i1 Profiler app opnieuw heeft ge\u00efnstalleerd of bijgewerkt, is geconfronteerd met verontrustend nieuws: X-Rite kondigde direct in het startvenster aan dat het zijn enorm populaire i1Display en i1Pro2 apparaten niet langer zou ondersteunen. <\/p>\n\n\n<div class=\"wp-block-image\">\n<figure class=\"alignright size-large is-resized\"><a href=\"http:\/\/blog.proofs.de\/wp-content\/uploads\/2025\/08\/X-Rite_Meldung_i1_Profiler_wegen_i1Pro2_und_i1iO2.png\"><img loading=\"lazy\" decoding=\"async\" width=\"1024\" height=\"697\" src=\"http:\/\/blog.proofs.de\/wp-content\/uploads\/2025\/08\/X-Rite_Meldung_i1_Profiler_wegen_i1Pro2_und_i1iO2-1024x697.png\" alt=\"X-Rite bericht in i1 Profiler over het einde van i1Pro 2 en i1iO 2\" class=\"wp-image-6140\" style=\"width:483px;height:auto\" srcset=\"https:\/\/blog.proofs.de\/wp-content\/uploads\/2025\/08\/X-Rite_Meldung_i1_Profiler_wegen_i1Pro2_und_i1iO2-1024x697.png 1024w, https:\/\/blog.proofs.de\/wp-content\/uploads\/2025\/08\/X-Rite_Meldung_i1_Profiler_wegen_i1Pro2_und_i1iO2-300x204.png 300w, https:\/\/blog.proofs.de\/wp-content\/uploads\/2025\/08\/X-Rite_Meldung_i1_Profiler_wegen_i1Pro2_und_i1iO2-768x523.png 768w, https:\/\/blog.proofs.de\/wp-content\/uploads\/2025\/08\/X-Rite_Meldung_i1_Profiler_wegen_i1Pro2_und_i1iO2-18x12.png 18w, https:\/\/blog.proofs.de\/wp-content\/uploads\/2025\/08\/X-Rite_Meldung_i1_Profiler_wegen_i1Pro2_und_i1iO2.png 1128w\" sizes=\"auto, (max-width: 1024px) 100vw, 1024px\"><\/a><\/figure>\n<\/div>\n\n\n<blockquote class=\"wp-block-quote is-layout-flow wp-block-quote-is-layout-flow\">\n<p class=\"wp-block-paragraph\">\"<strong>Belangrijke opmerking<\/strong><\/p>\n\n\n\n<p class=\"wp-block-paragraph\">De i1Pro 2 apparaatserie is op 1 januari 2025 verlopen. i1Pro 2 en i1iO 2 worden vanaf 1 januari 2026 niet meer door i1Profiler ondersteund. Neem contact op met de verkoopafdeling van X-Rite om te upgraden naar i1Pro 3. <\/p>\n\n\n\n<p class=\"wp-block-paragraph\">i1Profiler ondersteunt niet langer de X-Rite apparaten i1Display Pro en i1Display Pro Plus. Ze worden echter wel ondersteund door de software van Calibrite, een partner van X-Rite. Ga naar <a href=\"https:\/\/www.xrite.com\/contact-us\/contact-us-form\" title=\"\">X-Rite i1Display upgrades<\/a>om meer te weten te komen.\"&nbsp;<\/p>\n<\/blockquote>\n\n\n\n<p class=\"wp-block-paragraph\">Gebruikers van de afdruk- en <a href=\"http:\/\/blog.proofs.de\/nl\/lexikon\/farbmanagement\/\" target=\"_self\" title=\"Het doel van kleurbeheer is ervoor te zorgen dat kleuren zo gelijk mogelijk worden gereproduceerd op verschillende apparaten, zoals camera&#039;s, scanners, beeldschermen, laser-, inkjet- en offsetprinters en nog veel meer.\" class=\"encyclopedia\">Kleurbeheer<\/a> enorm populaire i1Pro 2 apparaten en i1iO 2 tafels zullen hard getroffen worden door de aankondiging: Een investering van \u20ac6.000 wordt snel op de elektronische schroothoop geduwd. Maar wat kunt u doen als u zo'n combinatie bezit of veel i1Pro 2 meettoestellen in uw bedrijf hebt?<\/p>\n\n\n\n<figure class=\"wp-block-gallery has-nested-images columns-default is-cropped wp-block-gallery-2 is-layout-flex wp-block-gallery-is-layout-flex\">\n<figure class=\"wp-block-image size-large\"><a href=\"http:\/\/blog.proofs.de\/wp-content\/uploads\/2025\/07\/Proof_de_X-Rite_i1Pro_2_produktbild_web.jpg\"><img loading=\"lazy\" decoding=\"async\" width=\"1024\" height=\"683\" data-id=\"6136\" src=\"http:\/\/blog.proofs.de\/wp-content\/uploads\/2025\/07\/Proof_de_X-Rite_i1Pro_2_produktbild_web-1024x683.jpg\" alt=\"Proof.de: X-Rite i1iPro 2 productafbeelding\" class=\"wp-image-6136\" srcset=\"https:\/\/blog.proofs.de\/wp-content\/uploads\/2025\/07\/Proof_de_X-Rite_i1Pro_2_produktbild_web-1024x683.jpg 1024w, https:\/\/blog.proofs.de\/wp-content\/uploads\/2025\/07\/Proof_de_X-Rite_i1Pro_2_produktbild_web-300x200.jpg 300w, https:\/\/blog.proofs.de\/wp-content\/uploads\/2025\/07\/Proof_de_X-Rite_i1Pro_2_produktbild_web-768x512.jpg 768w, https:\/\/blog.proofs.de\/wp-content\/uploads\/2025\/07\/Proof_de_X-Rite_i1Pro_2_produktbild_web-1536x1024.jpg 1536w, https:\/\/blog.proofs.de\/wp-content\/uploads\/2025\/07\/Proof_de_X-Rite_i1Pro_2_produktbild_web-18x12.jpg 18w, https:\/\/blog.proofs.de\/wp-content\/uploads\/2025\/07\/Proof_de_X-Rite_i1Pro_2_produktbild_web.jpg 1800w\" sizes=\"auto, (max-width: 1024px) 100vw, 1024px\"><\/a><figcaption class=\"wp-element-caption\"><a href=\"http:\/\/blog.proofs.de\/nl\/lexikon\/proof\/\" target=\"_self\" title=\"Een contractproef is een ISO 12647-7-gecertificeerd testapparaat voor de grafische industrie. Een proefdruk simuleert de kleurkracht van offset- of diepdruk op een kleur- en wettelijk bindende manier binnen de nauwe toleranties van de ISO-norm.\" class=\"encyclopedia\">Bewijs<\/a>.de: X-Rite i1iPro 2 product afbeelding<\/figcaption><\/figure>\n\n\n\n<figure class=\"wp-block-image size-large\"><a href=\"http:\/\/blog.proofs.de\/wp-content\/uploads\/2025\/07\/Proof_de_X-Rite_i1iO_2_produktbild_web.jpg\"><img loading=\"lazy\" decoding=\"async\" width=\"1024\" height=\"683\" data-id=\"6135\" src=\"http:\/\/blog.proofs.de\/wp-content\/uploads\/2025\/07\/Proof_de_X-Rite_i1iO_2_produktbild_web-1024x683.jpg\" alt=\"Proof.de: X-Rite i1iO 2 productafbeelding\" class=\"wp-image-6135\" srcset=\"https:\/\/blog.proofs.de\/wp-content\/uploads\/2025\/07\/Proof_de_X-Rite_i1iO_2_produktbild_web-1024x683.jpg 1024w, https:\/\/blog.proofs.de\/wp-content\/uploads\/2025\/07\/Proof_de_X-Rite_i1iO_2_produktbild_web-300x200.jpg 300w, https:\/\/blog.proofs.de\/wp-content\/uploads\/2025\/07\/Proof_de_X-Rite_i1iO_2_produktbild_web-768x512.jpg 768w, https:\/\/blog.proofs.de\/wp-content\/uploads\/2025\/07\/Proof_de_X-Rite_i1iO_2_produktbild_web-1536x1024.jpg 1536w, https:\/\/blog.proofs.de\/wp-content\/uploads\/2025\/07\/Proof_de_X-Rite_i1iO_2_produktbild_web-18x12.jpg 18w, https:\/\/blog.proofs.de\/wp-content\/uploads\/2025\/07\/Proof_de_X-Rite_i1iO_2_produktbild_web.jpg 1800w\" sizes=\"auto, (max-width: 1024px) 100vw, 1024px\"><\/a><figcaption class=\"wp-element-caption\">Proof.de: X-Rite i1iO 2 productafbeelding<\/figcaption><\/figure>\n<\/figure>\n\n\n\n<h2 class=\"wp-block-heading\">Wat moet u doen? Optie 1: De computer blijven gebruiken met de \"oude\" i1 Profiler software<\/h2>\n\n\n\n<p class=\"wp-block-paragraph\">Zorg dat u een computer bij de hand hebt waarop u de laatste software die deze apparaten nog ondersteunt, in leven kunt houden. Want, zoals het ondersteuningsteam van X-Rite ons laat weten: <\/p>\n\n\n\n<blockquote class=\"wp-block-quote is-layout-flow wp-block-quote-is-layout-flow\">\n<p class=\"wp-block-paragraph\">\"... zolang een versie met de i1Pro 2 erin nog werkt op de huidige Mac \/ Windows-besturingssystemen (d.w.z. zelfs na januari 2026), kunt u deze blijven gebruiken. <a href=\"http:\/\/blog.proofs.de\/nl\/lexikon\/nutzen\/\" target=\"_self\" title=\"Het aantal panelen geeft aan hoeveel pagina&#039;s op een afdrukvel kunnen worden geplaatst (en dus afgedrukt).\" class=\"encyclopedia\">gebruiken<\/a>.\" <\/p>\n<\/blockquote>\n\n\n\n<p class=\"wp-block-paragraph\">Wees dus bereid om een oudere Mac Mini met de nieuwste i1 Profiler software, die nog steeds de i1Pro 2 ondersteunt, ergens in een hoek van het kantoor te parkeren zodat u de iO tafel en de i1 kunt blijven gebruiken. Is er een ander alternatief? X-Rite Support kan u hier ook een hint geven:<\/p>\n\n\n\n<h2 class=\"wp-block-heading\">Optie 2: Koop een nieuwe i1Pro 3 en zet de i1 Profiler-licentie over naar het nieuwe apparaat.<\/h2>\n\n\n\n<p class=\"wp-block-paragraph\">X-Rite schrijft: <\/p>\n\n\n\n<blockquote class=\"wp-block-quote is-layout-flow wp-block-quote-is-layout-flow\">\n<p class=\"wp-block-paragraph\">\"In de huidige versie van i1Profiler (en een andere versie volgt naar verwachting in de herfst van 2025, die ook i1Pro 2 zal bevatten) kunt u licenties overzetten van i1Pro 2 naar i1Pro 3 met behulp van de functie 'Licentieoverdracht' (optie in het hoofdvenster van i1Profiler).<\/p>\n<\/blockquote>\n\n\n\n<p class=\"wp-block-paragraph\">Dit kunt u ook direct in de software vinden:<\/p>\n\n\n\n<figure class=\"wp-block-image size-large\"><a href=\"http:\/\/blog.proofs.de\/wp-content\/uploads\/2025\/07\/x-rite_i1Pro_2_Lizenzuebertragung_auf_i1Pro_3-scaled.jpg\"><img loading=\"lazy\" decoding=\"async\" width=\"1024\" height=\"639\" src=\"http:\/\/blog.proofs.de\/wp-content\/uploads\/2025\/07\/x-rite_i1Pro_2_Lizenzuebertragung_auf_i1Pro_3-1024x639.jpg\" alt=\"Dialoog voor licentieoverdracht in X-Rite i1 Profiler van i1Pro 2 naar i1Pro 3 of i1Pro 3 PLUS\" class=\"wp-image-6129\" srcset=\"https:\/\/blog.proofs.de\/wp-content\/uploads\/2025\/07\/x-rite_i1Pro_2_Lizenzuebertragung_auf_i1Pro_3-1024x639.jpg 1024w, https:\/\/blog.proofs.de\/wp-content\/uploads\/2025\/07\/x-rite_i1Pro_2_Lizenzuebertragung_auf_i1Pro_3-300x187.jpg 300w, https:\/\/blog.proofs.de\/wp-content\/uploads\/2025\/07\/x-rite_i1Pro_2_Lizenzuebertragung_auf_i1Pro_3-768x480.jpg 768w, https:\/\/blog.proofs.de\/wp-content\/uploads\/2025\/07\/x-rite_i1Pro_2_Lizenzuebertragung_auf_i1Pro_3-1536x959.jpg 1536w, https:\/\/blog.proofs.de\/wp-content\/uploads\/2025\/07\/x-rite_i1Pro_2_Lizenzuebertragung_auf_i1Pro_3-2048x1279.jpg 2048w, https:\/\/blog.proofs.de\/wp-content\/uploads\/2025\/07\/x-rite_i1Pro_2_Lizenzuebertragung_auf_i1Pro_3-18x12.jpg 18w\" sizes=\"auto, (max-width: 1024px) 100vw, 1024px\"><\/a><figcaption class=\"wp-element-caption\">Dialoog voor licentieoverdracht in X-Rite i1 Profiler van i1Pro 2 naar i1Pro 3 of i1Pro 3 PLUS<\/figcaption><\/figure>\n\n\n\n<p class=\"wp-block-paragraph\">Natuurlijk voldoet de Proof GmbH ook aan deze eis: we hebben momenteel twee X-Rite i1Pro 2 en \u00e9\u00e9n i1iO 2 tafel in gebruik. We hadden de iO tafel gekocht om de gratis kleurentabel te kunnen gebruiken. <a href=\"http:\/\/blog.proofs.de\/nl\/lexikon\/cielab\/\" target=\"_self\" title=\"Het CIELAB-kleurmodel werd in 1976 gedefinieerd door de Commission Internationale de l&#039;Eclairage en beschrijft alle waarneembare kleuren. Het is een verdere ontwikkeling van de Hunter-LAB kleurenschaal uit 1966 en een wiskundig kleurmodel waarin de spectrale eigenschappen van een object en de perceptuele eigenschappen van ons visuele systeem tegen elkaar worden afgezet. CIELAB, of kortweg LAB, wordt vandaag de dag nog steeds veel gebruikt...\" class=\"encyclopedia\">CIELAB<\/a> <a href=\"http:\/\/blog.proofs.de\/nl\/lexikon\/hlc\/\" target=\"_self\" title=\"HLC is een gemakkelijk te begrijpen weergave van de CIELAB kleurruimte. De verticale L-as is hier identiek. De horizontale positie van een kleurlocatie wordt hier bepaald door de hoek H ten opzichte van de positieve a-as (tegen de klok in en in graden) en de straal C, de afstand tot de L-as.\" class=\"encyclopedia\">HLC<\/a> Kleurenatlas, wat toen nauwelijks op een andere manier mogelijk zou zijn geweest. We kochten de iO 2, die vrij duur was: tegenwoordig bieden 3D-printers op Ebay ook aan om houders voor de i1Pro 2 voor de iO 1 tafel te printen voor slechts \u20ac90, omdat deze dan met een i1Pro 2 gebruikt kan worden. X-Rite had zijn eigen markt al onder druk gezet. En X-Rite bood vroeger een upgrade van de i1 tafel voor de i1Pro 2 aan, die rechtstreeks bij X-Rite ongeveer \u20ac350 kostte, dus het was een vrij eerlijke prijs.<\/p>\n\n\n\n<h2 class=\"wp-block-heading\">X-Rite biedt verschillende inruilaanbiedingen om dit te compenseren <\/h2>\n\n\n\n<p class=\"wp-block-paragraph\">Om haar klanten niet te veel af te schrikken, biedt X-Rite momenteel 9 inruilacties aan waarbij oude meetapparaten, hardware en software kunnen worden ingeruild voor nieuwe versies, waarmee tot 35% op de aankoopprijs van de nieuwe oplossing kan worden bespaard. Iedereen die dat wil, kan wat geld besparen op zowel de i1Pro 3 als de eXact 2 bij aankoop van een nieuwe als ze hun oude apparaat inruilen of vernietigen. Dit zal zeker een of twee klanten geruststellen.<\/p>\n\n\n\n<p class=\"wp-block-paragraph\"><a href=\"https:\/\/www.xrite.com\/de\/promotions\">https:\/\/www.xrite.com\/de\/promotions<\/a><\/p>\n\n\n\n<p class=\"wp-block-paragraph\">Maar X-Rite is niet het enige bedrijf dat zich momenteel van klanten ontdoet: KonicaMinolta heeft ook al zijn MYIRO-meetapparaten en software stopgezet, waardoor er een groot gat valt. Wij bezitten bijvoorbeeld ook een MYIRO-9, die niet langer door KonicaMinolta wordt verkocht en waarvan de dagen zijn geteld wat betreft ondersteuning. <\/p>\n\n\n\n<h2 class=\"wp-block-heading\">Datacolor lanceert nieuwe meetapparaten met bolvormige koppen<\/h2>\n\n\n<div class=\"wp-block-image\">\n<figure class=\"alignright size-full\"><a href=\"https:\/\/www.datacolor.com\/wp-content\/uploads\/2025\/03\/PSeries-specsheet-DE.pdf\"><img loading=\"lazy\" decoding=\"async\" width=\"337\" height=\"800\" src=\"http:\/\/blog.proofs.de\/wp-content\/uploads\/2025\/08\/Datacolor_Spectro_P300.jpg\" alt=\"Datacolor Spectro P300\" class=\"wp-image-6143\" srcset=\"https:\/\/blog.proofs.de\/wp-content\/uploads\/2025\/08\/Datacolor_Spectro_P300.jpg 337w, https:\/\/blog.proofs.de\/wp-content\/uploads\/2025\/08\/Datacolor_Spectro_P300-126x300.jpg 126w, https:\/\/blog.proofs.de\/wp-content\/uploads\/2025\/08\/Datacolor_Spectro_P300-5x12.jpg 5w\" sizes=\"auto, (max-width: 337px) 100vw, 337px\"><\/a><\/figure>\n<\/div>\n\n\n<p class=\"wp-block-paragraph\">Op de achtergrond gaat al enige tijd het gerucht dat Datacolor zich aan het positioneren is en nieuwe producten aan het voorbereiden is met nieuwe softwareoplossingen. Na de aankoop van Matchmycolor uit Basel met de Colibri softwareserie, kocht het bedrijf Techkon Duitsland en USA en verwierf zo een hoogwaardige oplossing met de SpectroDens, waarbij ook hier problemen in de serieproductie werden gemeld, zodat er wekenlang geen apparaten konden worden geleverd. <\/p>\n\n\n\n<p class=\"wp-block-paragraph\">Datacolor heeft de afgelopen maanden ook haar ontwikkelingsactiviteiten versterkt en richt zich op nieuwe softwareoplossingen op de markt. <\/p>\n\n\n\n<p class=\"wp-block-paragraph\">En Datacolor biedt momenteel ook een nieuwe draagbare <a href=\"http:\/\/blog.proofs.de\/nl\/lexikon\/spektralphotometer\/\" target=\"_self\" title=\"Spectrofotometers zijn hoogwaardige kleurmeetinstrumenten die elke kleur kunnen meten en nauwkeurig beschrijven. Het meetapparaat bereikt dit door het meetoppervlak te verlichten met het volledige spectrum van zichtbaar licht. De reflectiewaarden van bepaalde golflengten samen produceren de meetwaarde, die vaak wordt weergegeven in Lab (meetmodus vrij selecteerbaar van M0 tot M2). De spectrale meetwaarden kunnen echter ook direct worden opgeslagen. Hoogwaardige proefdrukkers hebben hun eigen spectrofotometers om de afdruk direct te kunnen controleren.\" class=\"encyclopedia\">Spectrofotometer<\/a> - waarschijnlijk in kogelkopgeometrie, dus niets voor het drukbereik - van de Spectro-P-serie:<\/p>\n\n\n\n<p class=\"wp-block-paragraph\"><a href=\"https:\/\/www.datacolor.com\/de\/news-press\/press-release\/datacolor-announces-launch-of-next-generation-of-precision-portable-spectrophotometers-spectro-p-series\">https:\/\/www.datacolor.com\/de\/news-press\/press-release\/datacolor-announces-launch-of-next-generation-of-precision-portable-spectrophotometers-spectro-p-series<\/a><\/p>\n\n\n\n<p class=\"wp-block-paragraph\"><a href=\"https:\/\/www.datacolor.com\/de\/business-solutions\/product\/spectrop300\">https:\/\/www.datacolor.com\/de\/business-solutions\/product\/spectrop300<\/a><\/p>\n\n\n\n<p class=\"wp-block-paragraph\"><a href=\"https:\/\/www.datacolor.com\/de\/business-solutions\/product\/spectrop200\">https:\/\/www.datacolor.com\/de\/business-solutions\/product\/spectrop200<\/a><\/p>\n\n\n\n<p class=\"wp-block-paragraph\">Over de prijzen is nog niets bekend, hoewel twee aanbiedings-PDF's voor Abu Dhabi, die op internet te vinden zijn, een prijs van USD 13.500 vermelden voor de Datacolor Spectro P300, die in juni 2025 vanuit Duitsland naar Abu Dhabi werd aangeboden. Dat zou een vergelijkbare prijsklasse zijn als de CM26d van KonicaMinolta, waarvan de \"Sensing\" serie met de <a href=\"http:\/\/blog.proofs.de\/nl\/lexikon\/kugelkopfmessgeraet\/\" target=\"_self\" title=\"Sferische kop spectrofotometers zoals de KonicaMinolta CM-26d zijn een klasse kleurmeetapparaten die kunnen meten met een d:8\u00b0 sferische kopgeometrie in de meetmodus SCI - &quot;Specular Component Included&quot; en SCE - &quot;Specular Component Excluded&quot;.\" class=\"encyclopedia\">Meetapparaat met kogelkop<\/a>wordt expliciet behouden. <\/p>\n\n\n\n<p class=\"wp-block-paragraph\"><a href=\"https:\/\/de.scribd.com\/document\/885818385\/Quotation-for-Sobha-Furniture-Industries-LLC-Spectro-P300-QC-Software-DC-Tools-Basic-V1\">https:\/\/de.scribd.com\/document\/885818385\/Quotation-for-Sobha-Furniture-Industries-LLC-Spectro-P300-QC-Software-DC-Tools-Basic-V1<\/a><\/p>\n\n\n\n<p class=\"wp-block-paragraph\"><a href=\"https:\/\/de.scribd.com\/document\/885818040\/Datacolor-P300-offer-for-Sobha-furniture\">https:\/\/de.scribd.com\/document\/885818040\/Datacolor-P300-offer-for-Sobha-furniture<\/a><\/p>","protected":false},"excerpt":{"rendered":"<p>Iedereen die de afgelopen weken zijn i1 Profiler app opnieuw heeft ge\u00efnstalleerd of bijgewerkt, is geconfronteerd met verontrustend nieuws: X-Rite kondigde direct in het startvenster aan dat het zijn enorm populaire i1Display en i1Pro2 apparaten niet langer zou ondersteunen. \"Belangrijke mededeling De i1Pro 2 apparaatserie is verlopen op 1 januari 2025. i1Pro 2 en i1iO 2 worden vanaf 1 januari 2026 niet langer ondersteund door i1Profiler. Neem contact op met de verkoopafdeling van X-Rite om te upgraden naar i1Pro 3. i1Profiler biedt geen ondersteuning voor de X-Rite apparaten i1Display Pro en i1Display Pro Plus ... <\/p>\n<p class=\"read-more-container\"><a title=\"X-Rite i1Profiler ondersteunt niet langer i1Pro2 en i1iO 2\" class=\"read-more button\" href=\"http:\/\/blog.proofs.de\/nl\/x-rite-i1profiler-unterstuetzt-i1pro2-und-i1display-nicht-mehr\/#more-6127\" aria-label=\"Lees meer over X-Rite i1Profiler ondersteunt i1Pro2 en i1iO 2 niet langer\">Meer lezen<\/a><\/p>","protected":false},"author":2,"featured_media":6140,"comment_status":"open","ping_status":"open","sticky":false,"template":"","format":"standard","meta":{"om_disable_all_campaigns":false,"inline_featured_image":false,"_monsterinsights_skip_tracking":false,"footnotes":""},"categories":[1,437],"tags":[1428,1432,1423,1424,1425,1422,1426,806,1427,1229,1336,1335,1433,1334,1431,1430,1429,479],"class_list":["post-6127","post","type-post","status-publish","format-standard","has-post-thumbnail","hentry","category-allgemein","category-proof-software-und-technik","tag-datacolor","tag-datacolor-spectro-p","tag-i1io","tag-i1io-2","tag-i1io2","tag-i1pro-2","tag-i1pro-3","tag-i1pro2","tag-i1pro3","tag-konicaminolta","tag-konicaminolta-sensing","tag-myiro","tag-myiro-tools","tag-myiro-9","tag-spectro-p","tag-spectro-p200","tag-spectro-p300","tag-x-rite","generate-columns","tablet-grid-50","mobile-grid-100","grid-parent","grid-50","no-featured-image-padding","resize-featured-image"],"aioseo_notices":[],"aioseo_head":"\n\t\t<!-- All in One SEO 5.0.1.1 - aioseo.com -->\n\t<meta name=\"description\" content=\"X-Rite schockt seine Kunden: &quot;i1Pro 2 und i1iO 2 werden ab 2026 nicht mehr von i1Profiler unterst\u00fctzt.&quot; Was sollten X-Rite Anwender tun? Wer f\u00fcllt die L\u00fccke?\" \/>\n\t<meta name=\"robots\" content=\"max-image-preview:large\" \/>\n\t<meta name=\"author\" content=\"Matthias Betz\"\/>\n\t<meta name=\"google-site-verification\" content=\"TuXxyRwxcEg2-WfOaQ8vScWQh3-uBAnxXmY7g3GT90A\" \/>\n\t<meta name=\"keywords\" content=\"datacolor,datacolor spectro p,i1io,i1io 2,i1io2,i1pro 2,i1pro 3,i1pro2,i1pro3,konicaminolta,konicaminolta sensing,myiro,myiro tools,myiro-9,spectro p,spectro p200,spectro p300,x-rite\" \/>\n\t<link rel=\"canonical\" href=\"http:\/\/blog.proofs.de\/nl\/x-rite-i1profiler-unterstuetzt-i1pro2-und-i1display-nicht-mehr\/\" \/>\n\t<meta name=\"generator\" content=\"All in One SEO (AIOSEO) 5.0.1.1\" \/>\n\n\t\t<meta name=\"seobility\" content=\"593a8578143db71543f014978c690d47\">\n\t\t<meta property=\"og:locale\" content=\"nl_NL\" \/>\n\t\t<meta property=\"og:site_name\" content=\"Proof.de | Alles zu Proof, Farbmanagement, Grafik, Messtechnik &amp; Co.\" \/>\n\t\t<meta property=\"og:type\" content=\"article\" \/>\n\t\t<meta property=\"og:title\" content=\"X-Rite unterst\u00fctzt 1Pro2 \/ i1iO Ger\u00e4te nicht mehr | proof.de\" \/>\n\t\t<meta property=\"og:description\" content=\"X-Rite schockt seine Kunden: &quot;i1Pro 2 und i1iO 2 werden ab 2026 nicht mehr von i1Profiler unterst\u00fctzt.&quot; Was sollten X-Rite Anwender tun? Wer f\u00fcllt die L\u00fccke?\" \/>\n\t\t<meta property=\"og:url\" content=\"http:\/\/blog.proofs.de\/nl\/x-rite-i1profiler-unterstuetzt-i1pro2-und-i1display-nicht-mehr\/\" \/>\n\t\t<meta property=\"og:image\" content=\"http:\/\/blog.proofs.de\/wp-content\/uploads\/2025\/08\/X-Rite_Meldung_i1_Profiler_wegen_i1Pro2_und_i1iO2.png\" \/>\n\t\t<meta property=\"og:image:width\" content=\"1128\" \/>\n\t\t<meta property=\"og:image:height\" content=\"768\" \/>\n\t\t<meta property=\"article:published_time\" content=\"2025-08-01T10:15:43+00:00\" \/>\n\t\t<meta property=\"article:modified_time\" content=\"2025-08-04T15:36:35+00:00\" \/>\n\t\t<meta property=\"article:publisher\" content=\"https:\/\/www.facebook.com\/Proof.de\/\" \/>\n\t\t<meta name=\"twitter:card\" content=\"summary\" \/>\n\t\t<meta name=\"twitter:title\" content=\"X-Rite unterst\u00fctzt 1Pro2 \/ i1iO Ger\u00e4te nicht mehr | proof.de\" \/>\n\t\t<meta name=\"twitter:description\" content=\"X-Rite schockt seine Kunden: &quot;i1Pro 2 und i1iO 2 werden ab 2026 nicht mehr von i1Profiler unterst\u00fctzt.&quot; Was sollten X-Rite Anwender tun? Wer f\u00fcllt die L\u00fccke?\" \/>\n\t\t<meta name=\"twitter:image\" content=\"https:\/\/blog.proofs.de\/wp-content\/uploads\/2025\/08\/X-Rite_Meldung_i1_Profiler_wegen_i1Pro2_und_i1iO2.png\" \/>\n\t\t<script type=\"application\/ld+json\" class=\"aioseo-schema\">\n\t\t\t{\"@context\":\"https:\\\/\\\/schema.org\",\"@graph\":[{\"@type\":\"Article\",\"@id\":\"http:\\\/\\\/blog.proofs.de\\\/nl\\\/x-rite-i1profiler-unterstuetzt-i1pro2-und-i1display-nicht-mehr\\\/#article\",\"name\":\"X-Rite unterst\\u00fctzt 1Pro2 \\\/ i1iO Ger\\u00e4te nicht mehr | proof.de\",\"headline\":\"X-Rite i1Profiler unterst\\u00fctzt i1Pro2 und und i1iO 2 nicht mehr\",\"author\":{\"@id\":\"http:\\\/\\\/blog.proofs.de\\\/nl\\\/author\\\/mbetz\\\/#author\"},\"publisher\":{\"@id\":\"http:\\\/\\\/blog.proofs.de\\\/nl\\\/#organization\"},\"image\":{\"@type\":\"ImageObject\",\"url\":\"https:\\\/\\\/blog.proofs.de\\\/wp-content\\\/uploads\\\/2025\\\/08\\\/X-Rite_Meldung_i1_Profiler_wegen_i1Pro2_und_i1iO2.png\",\"width\":1128,\"height\":768,\"caption\":\"X-Rite Meldung in i1 Profiler zum Ende von i1Pro 2 und i1iO 2\"},\"datePublished\":\"2025-08-01T12:15:43+02:00\",\"dateModified\":\"2025-08-04T17:36:35+02:00\",\"inLanguage\":\"nl-NL-formal\",\"commentCount\":3,\"mainEntityOfPage\":{\"@id\":\"http:\\\/\\\/blog.proofs.de\\\/nl\\\/x-rite-i1profiler-unterstuetzt-i1pro2-und-i1display-nicht-mehr\\\/#webpage\"},\"isPartOf\":{\"@id\":\"http:\\\/\\\/blog.proofs.de\\\/nl\\\/x-rite-i1profiler-unterstuetzt-i1pro2-und-i1display-nicht-mehr\\\/#webpage\"},\"articleSection\":\"Allgemein, Proof Software &amp; Technik, Datacolor, Datacolor Spectro P, i1iO, i1iO 2, i1iO2, i1Pro 2, i1Pro 3, I1Pro2, i1Pro3, KonicaMinolta, KonicaMinolta Sensing, MYIRO, MYIRO Tools, MYIRO-9, Spectro P, Spectro P200, Spectro P300, X-Rite\"},{\"@type\":\"BreadcrumbList\",\"@id\":\"http:\\\/\\\/blog.proofs.de\\\/nl\\\/x-rite-i1profiler-unterstuetzt-i1pro2-und-i1display-nicht-mehr\\\/#breadcrumblist\",\"itemListElement\":[{\"@type\":\"ListItem\",\"@id\":\"http:\\\/\\\/blog.proofs.de\\\/nl#listItem\",\"position\":1,\"name\":\"Home\",\"item\":\"http:\\\/\\\/blog.proofs.de\\\/nl\",\"nextItem\":{\"@type\":\"ListItem\",\"@id\":\"http:\\\/\\\/blog.proofs.de\\\/nl\\\/thema\\\/proof-wissen\\\/#listItem\",\"name\":\"Proof Wissen\"}},{\"@type\":\"ListItem\",\"@id\":\"http:\\\/\\\/blog.proofs.de\\\/nl\\\/thema\\\/proof-wissen\\\/#listItem\",\"position\":2,\"name\":\"Proof Wissen\",\"item\":\"http:\\\/\\\/blog.proofs.de\\\/nl\\\/thema\\\/proof-wissen\\\/\",\"nextItem\":{\"@type\":\"ListItem\",\"@id\":\"http:\\\/\\\/blog.proofs.de\\\/nl\\\/thema\\\/proof-wissen\\\/proof-software-und-technik\\\/#listItem\",\"name\":\"Proof Software &amp; Technik\"},\"previousItem\":{\"@type\":\"ListItem\",\"@id\":\"http:\\\/\\\/blog.proofs.de\\\/nl#listItem\",\"name\":\"Home\"}},{\"@type\":\"ListItem\",\"@id\":\"http:\\\/\\\/blog.proofs.de\\\/nl\\\/thema\\\/proof-wissen\\\/proof-software-und-technik\\\/#listItem\",\"position\":3,\"name\":\"Proof Software &amp; Technik\",\"item\":\"http:\\\/\\\/blog.proofs.de\\\/nl\\\/thema\\\/proof-wissen\\\/proof-software-und-technik\\\/\",\"nextItem\":{\"@type\":\"ListItem\",\"@id\":\"http:\\\/\\\/blog.proofs.de\\\/nl\\\/x-rite-i1profiler-unterstuetzt-i1pro2-und-i1display-nicht-mehr\\\/#listItem\",\"name\":\"X-Rite i1Profiler unterst\\u00fctzt i1Pro2 und und i1iO 2 nicht mehr\"},\"previousItem\":{\"@type\":\"ListItem\",\"@id\":\"http:\\\/\\\/blog.proofs.de\\\/nl\\\/thema\\\/proof-wissen\\\/#listItem\",\"name\":\"Proof Wissen\"}},{\"@type\":\"ListItem\",\"@id\":\"http:\\\/\\\/blog.proofs.de\\\/nl\\\/x-rite-i1profiler-unterstuetzt-i1pro2-und-i1display-nicht-mehr\\\/#listItem\",\"position\":4,\"name\":\"X-Rite i1Profiler unterst\\u00fctzt i1Pro2 und und i1iO 2 nicht mehr\",\"previousItem\":{\"@type\":\"ListItem\",\"@id\":\"http:\\\/\\\/blog.proofs.de\\\/nl\\\/thema\\\/proof-wissen\\\/proof-software-und-technik\\\/#listItem\",\"name\":\"Proof Software &amp; Technik\"}}]},{\"@type\":\"Organization\",\"@id\":\"http:\\\/\\\/blog.proofs.de\\\/nl\\\/#organization\",\"name\":\"Proof GmbH\",\"description\":\"Farbverbindlicher Proof, Farbproof, Digitalproof und Online-Proof.\",\"url\":\"http:\\\/\\\/blog.proofs.de\\\/nl\\\/\",\"telephone\":\"+4970717952740\",\"logo\":{\"@type\":\"ImageObject\",\"url\":\"https:\\\/\\\/blog1.proofen.de\\\/wp-content\\\/uploads\\\/2019\\\/09\\\/logo_proof_rgb_mit_balken_250px.png\",\"@id\":\"http:\\\/\\\/blog.proofs.de\\\/nl\\\/x-rite-i1profiler-unterstuetzt-i1pro2-und-i1display-nicht-mehr\\\/#organizationLogo\"},\"image\":{\"@id\":\"http:\\\/\\\/blog.proofs.de\\\/nl\\\/x-rite-i1profiler-unterstuetzt-i1pro2-und-i1display-nicht-mehr\\\/#organizationLogo\"},\"sameAs\":[\"https:\\\/\\\/www.facebook.com\\\/Proof.de\\\/\",\"https:\\\/\\\/www.instagram.com\\\/proof.de\\\/\",\"https:\\\/\\\/www.tiktok.com\\\/@proof_de\",\"https:\\\/\\\/www.youtube.com\\\/channel\\\/UCk80fQVQ25wC9wu3SywB-Nw\",\"https:\\\/\\\/www.linkedin.com\\\/company\\\/proof-de\"]},{\"@type\":\"Person\",\"@id\":\"http:\\\/\\\/blog.proofs.de\\\/nl\\\/author\\\/mbetz\\\/#author\",\"url\":\"http:\\\/\\\/blog.proofs.de\\\/nl\\\/author\\\/mbetz\\\/\",\"name\":\"Matthias Betz\",\"image\":{\"@type\":\"ImageObject\",\"@id\":\"http:\\\/\\\/blog.proofs.de\\\/nl\\\/x-rite-i1profiler-unterstuetzt-i1pro2-und-i1display-nicht-mehr\\\/#authorImage\",\"url\":\"https:\\\/\\\/blog.proofs.de\\\/wp-content\\\/uploads\\\/2020\\\/10\\\/matthias-betz-e1603934518350-150x150.png\",\"width\":96,\"height\":96,\"caption\":\"Matthias Betz\"}},{\"@type\":\"WebPage\",\"@id\":\"http:\\\/\\\/blog.proofs.de\\\/nl\\\/x-rite-i1profiler-unterstuetzt-i1pro2-und-i1display-nicht-mehr\\\/#webpage\",\"url\":\"http:\\\/\\\/blog.proofs.de\\\/nl\\\/x-rite-i1profiler-unterstuetzt-i1pro2-und-i1display-nicht-mehr\\\/\",\"name\":\"X-Rite unterst\\u00fctzt 1Pro2 \\\/ i1iO Ger\\u00e4te nicht mehr | proof.de\",\"description\":\"X-Rite schockt seine Kunden: \\\"i1Pro 2 und i1iO 2 werden ab 2026 nicht mehr von i1Profiler unterst\\u00fctzt.\\\" Was sollten X-Rite Anwender tun? Wer f\\u00fcllt die L\\u00fccke?\",\"inLanguage\":\"nl-NL-formal\",\"isPartOf\":{\"@id\":\"http:\\\/\\\/blog.proofs.de\\\/nl\\\/#website\"},\"breadcrumb\":{\"@id\":\"http:\\\/\\\/blog.proofs.de\\\/nl\\\/x-rite-i1profiler-unterstuetzt-i1pro2-und-i1display-nicht-mehr\\\/#breadcrumblist\"},\"author\":{\"@id\":\"http:\\\/\\\/blog.proofs.de\\\/nl\\\/author\\\/mbetz\\\/#author\"},\"creator\":{\"@id\":\"http:\\\/\\\/blog.proofs.de\\\/nl\\\/author\\\/mbetz\\\/#author\"},\"image\":{\"@type\":\"ImageObject\",\"url\":\"https:\\\/\\\/blog.proofs.de\\\/wp-content\\\/uploads\\\/2025\\\/08\\\/X-Rite_Meldung_i1_Profiler_wegen_i1Pro2_und_i1iO2.png\",\"@id\":\"http:\\\/\\\/blog.proofs.de\\\/nl\\\/x-rite-i1profiler-unterstuetzt-i1pro2-und-i1display-nicht-mehr\\\/#mainImage\",\"width\":1128,\"height\":768,\"caption\":\"X-Rite Meldung in i1 Profiler zum Ende von i1Pro 2 und i1iO 2\"},\"primaryImageOfPage\":{\"@id\":\"http:\\\/\\\/blog.proofs.de\\\/nl\\\/x-rite-i1profiler-unterstuetzt-i1pro2-und-i1display-nicht-mehr\\\/#mainImage\"},\"datePublished\":\"2025-08-01T12:15:43+02:00\",\"dateModified\":\"2025-08-04T17:36:35+02:00\"},{\"@type\":\"WebSite\",\"@id\":\"http:\\\/\\\/blog.proofs.de\\\/nl\\\/#website\",\"url\":\"http:\\\/\\\/blog.proofs.de\\\/nl\\\/\",\"name\":\"Proof.de\",\"description\":\"Farbverbindlicher Proof, Farbproof, Digitalproof und Online-Proof.\",\"inLanguage\":\"nl-NL-formal\",\"publisher\":{\"@id\":\"http:\\\/\\\/blog.proofs.de\\\/nl\\\/#organization\"}}]}\n\t\t<\/script>\n\t\t<!-- All in One SEO -->\n\n","aioseo_head_json":{"title":"X-Rite ondersteunt niet langer 1Pro2 \/ i1iO apparaten | proof.de","description":"X-Rite schokt zijn klanten: \"i1Pro 2 en i1iO 2 worden vanaf 2026 niet langer ondersteund door i1Profiler.\" Wat moeten X-Rite gebruikers doen? Wie zal de leemte opvullen?","canonical_url":"http:\/\/blog.proofs.de\/nl\/x-rite-i1profiler-unterstuetzt-i1pro2-und-i1display-nicht-mehr\/","robots":"max-image-preview:large","keywords":"datacolor,datacolor spectro p,i1io,i1io 2,i1io2,i1pro 2,i1pro 3,i1pro2,i1pro3,konicaminolta,konicaminolta sensing,myiro,myiro tools,myiro-9,spectro p,spectro p200,spectro p300,x-rite","webmasterTools":{"google-site-verification":"TuXxyRwxcEg2-WfOaQ8vScWQh3-uBAnxXmY7g3GT90A","miscellaneous":"&lt;meta name=\"seobility\" content=\"593a8578143db71543f014978c690d47\"&gt;"},"schema":{"@context":"https:\/\/schema.org","@graph":[{"@type":"Article","@id":"http:\/\/blog.proofs.de\/nl\/x-rite-i1profiler-unterstuetzt-i1pro2-und-i1display-nicht-mehr\/#article","name":"X-Rite unterst\u00fctzt 1Pro2 \/ i1iO Ger\u00e4te nicht mehr | proof.de","headline":"X-Rite i1Profiler unterst\u00fctzt i1Pro2 und und i1iO 2 nicht mehr","author":{"@id":"http:\/\/blog.proofs.de\/nl\/author\/mbetz\/#author"},"publisher":{"@id":"http:\/\/blog.proofs.de\/nl\/#organization"},"image":{"@type":"ImageObject","url":"https:\/\/blog.proofs.de\/wp-content\/uploads\/2025\/08\/X-Rite_Meldung_i1_Profiler_wegen_i1Pro2_und_i1iO2.png","width":1128,"height":768,"caption":"X-Rite Meldung in i1 Profiler zum Ende von i1Pro 2 und i1iO 2"},"datePublished":"2025-08-01T12:15:43+02:00","dateModified":"2025-08-04T17:36:35+02:00","inLanguage":"nl-NL-formal","commentCount":3,"mainEntityOfPage":{"@id":"http:\/\/blog.proofs.de\/nl\/x-rite-i1profiler-unterstuetzt-i1pro2-und-i1display-nicht-mehr\/#webpage"},"isPartOf":{"@id":"http:\/\/blog.proofs.de\/nl\/x-rite-i1profiler-unterstuetzt-i1pro2-und-i1display-nicht-mehr\/#webpage"},"articleSection":"Allgemein, Proof Software &amp; Technik, Datacolor, Datacolor Spectro P, i1iO, i1iO 2, i1iO2, i1Pro 2, i1Pro 3, I1Pro2, i1Pro3, KonicaMinolta, KonicaMinolta Sensing, MYIRO, MYIRO Tools, MYIRO-9, Spectro P, Spectro P200, Spectro P300, X-Rite"},{"@type":"BreadcrumbList","@id":"http:\/\/blog.proofs.de\/nl\/x-rite-i1profiler-unterstuetzt-i1pro2-und-i1display-nicht-mehr\/#breadcrumblist","itemListElement":[{"@type":"ListItem","@id":"http:\/\/blog.proofs.de\/nl#listItem","position":1,"name":"Home","item":"http:\/\/blog.proofs.de\/nl","nextItem":{"@type":"ListItem","@id":"http:\/\/blog.proofs.de\/nl\/thema\/proof-wissen\/#listItem","name":"Proof Wissen"}},{"@type":"ListItem","@id":"http:\/\/blog.proofs.de\/nl\/thema\/proof-wissen\/#listItem","position":2,"name":"Proof Wissen","item":"http:\/\/blog.proofs.de\/nl\/thema\/proof-wissen\/","nextItem":{"@type":"ListItem","@id":"http:\/\/blog.proofs.de\/nl\/thema\/proof-wissen\/proof-software-und-technik\/#listItem","name":"Proof Software &amp; Technik"},"previousItem":{"@type":"ListItem","@id":"http:\/\/blog.proofs.de\/nl#listItem","name":"Home"}},{"@type":"ListItem","@id":"http:\/\/blog.proofs.de\/nl\/thema\/proof-wissen\/proof-software-und-technik\/#listItem","position":3,"name":"Proof Software &amp; Technik","item":"http:\/\/blog.proofs.de\/nl\/thema\/proof-wissen\/proof-software-und-technik\/","nextItem":{"@type":"ListItem","@id":"http:\/\/blog.proofs.de\/nl\/x-rite-i1profiler-unterstuetzt-i1pro2-und-i1display-nicht-mehr\/#listItem","name":"X-Rite i1Profiler unterst\u00fctzt i1Pro2 und und i1iO 2 nicht mehr"},"previousItem":{"@type":"ListItem","@id":"http:\/\/blog.proofs.de\/nl\/thema\/proof-wissen\/#listItem","name":"Proof Wissen"}},{"@type":"ListItem","@id":"http:\/\/blog.proofs.de\/nl\/x-rite-i1profiler-unterstuetzt-i1pro2-und-i1display-nicht-mehr\/#listItem","position":4,"name":"X-Rite i1Profiler unterst\u00fctzt i1Pro2 und und i1iO 2 nicht mehr","previousItem":{"@type":"ListItem","@id":"http:\/\/blog.proofs.de\/nl\/thema\/proof-wissen\/proof-software-und-technik\/#listItem","name":"Proof Software &amp; Technik"}}]},{"@type":"Organization","@id":"http:\/\/blog.proofs.de\/nl\/#organization","name":"Proof GmbH","description":"Farbverbindlicher Proof, Farbproof, Digitalproof und Online-Proof.","url":"http:\/\/blog.proofs.de\/nl\/","telephone":"+4970717952740","logo":{"@type":"ImageObject","url":"https:\/\/blog1.proofen.de\/wp-content\/uploads\/2019\/09\/logo_proof_rgb_mit_balken_250px.png","@id":"http:\/\/blog.proofs.de\/nl\/x-rite-i1profiler-unterstuetzt-i1pro2-und-i1display-nicht-mehr\/#organizationLogo"},"image":{"@id":"http:\/\/blog.proofs.de\/nl\/x-rite-i1profiler-unterstuetzt-i1pro2-und-i1display-nicht-mehr\/#organizationLogo"},"sameAs":["https:\/\/www.facebook.com\/Proof.de\/","https:\/\/www.instagram.com\/proof.de\/","https:\/\/www.tiktok.com\/@proof_de","https:\/\/www.youtube.com\/channel\/UCk80fQVQ25wC9wu3SywB-Nw","https:\/\/www.linkedin.com\/company\/proof-de"]},{"@type":"Person","@id":"http:\/\/blog.proofs.de\/nl\/author\/mbetz\/#author","url":"http:\/\/blog.proofs.de\/nl\/author\/mbetz\/","name":"Matthias Betz","image":{"@type":"ImageObject","@id":"http:\/\/blog.proofs.de\/nl\/x-rite-i1profiler-unterstuetzt-i1pro2-und-i1display-nicht-mehr\/#authorImage","url":"https:\/\/blog.proofs.de\/wp-content\/uploads\/2020\/10\/matthias-betz-e1603934518350-150x150.png","width":96,"height":96,"caption":"Matthias Betz"}},{"@type":"WebPage","@id":"http:\/\/blog.proofs.de\/nl\/x-rite-i1profiler-unterstuetzt-i1pro2-und-i1display-nicht-mehr\/#webpage","url":"http:\/\/blog.proofs.de\/nl\/x-rite-i1profiler-unterstuetzt-i1pro2-und-i1display-nicht-mehr\/","name":"X-Rite unterst\u00fctzt 1Pro2 \/ i1iO Ger\u00e4te nicht mehr | proof.de","description":"X-Rite schockt seine Kunden: \"i1Pro 2 und i1iO 2 werden ab 2026 nicht mehr von i1Profiler unterst\u00fctzt.\" Was sollten X-Rite Anwender tun? Wer f\u00fcllt die L\u00fccke?","inLanguage":"nl-NL-formal","isPartOf":{"@id":"http:\/\/blog.proofs.de\/nl\/#website"},"breadcrumb":{"@id":"http:\/\/blog.proofs.de\/nl\/x-rite-i1profiler-unterstuetzt-i1pro2-und-i1display-nicht-mehr\/#breadcrumblist"},"author":{"@id":"http:\/\/blog.proofs.de\/nl\/author\/mbetz\/#author"},"creator":{"@id":"http:\/\/blog.proofs.de\/nl\/author\/mbetz\/#author"},"image":{"@type":"ImageObject","url":"https:\/\/blog.proofs.de\/wp-content\/uploads\/2025\/08\/X-Rite_Meldung_i1_Profiler_wegen_i1Pro2_und_i1iO2.png","@id":"http:\/\/blog.proofs.de\/nl\/x-rite-i1profiler-unterstuetzt-i1pro2-und-i1display-nicht-mehr\/#mainImage","width":1128,"height":768,"caption":"X-Rite Meldung in i1 Profiler zum Ende von i1Pro 2 und i1iO 2"},"primaryImageOfPage":{"@id":"http:\/\/blog.proofs.de\/nl\/x-rite-i1profiler-unterstuetzt-i1pro2-und-i1display-nicht-mehr\/#mainImage"},"datePublished":"2025-08-01T12:15:43+02:00","dateModified":"2025-08-04T17:36:35+02:00"},{"@type":"WebSite","@id":"http:\/\/blog.proofs.de\/nl\/#website","url":"http:\/\/blog.proofs.de\/nl\/","name":"Proof.de","description":"Farbverbindlicher Proof, Farbproof, Digitalproof und Online-Proof.","inLanguage":"nl-NL-formal","publisher":{"@id":"http:\/\/blog.proofs.de\/nl\/#organization"}}]},"og:locale":"nl_NL","og:site_name":"Proof.de | Alles zu Proof, Farbmanagement, Grafik, Messtechnik &amp; Co.","og:type":"article","og:title":"X-Rite unterst\u00fctzt 1Pro2 \/ i1iO Ger\u00e4te nicht mehr | proof.de","og:description":"X-Rite schockt seine Kunden: &quot;i1Pro 2 und i1iO 2 werden ab 2026 nicht mehr von i1Profiler unterst\u00fctzt.&quot; Was sollten X-Rite Anwender tun? Wer f\u00fcllt die L\u00fccke?","og:url":"http:\/\/blog.proofs.de\/nl\/x-rite-i1profiler-unterstuetzt-i1pro2-und-i1display-nicht-mehr\/","og:image":"http:\/\/blog.proofs.de\/wp-content\/uploads\/2025\/08\/X-Rite_Meldung_i1_Profiler_wegen_i1Pro2_und_i1iO2.png","og:image:width":1128,"og:image:height":768,"article:published_time":"2025-08-01T10:15:43+00:00","article:modified_time":"2025-08-04T15:36:35+00:00","article:publisher":"https:\/\/www.facebook.com\/Proof.de\/","twitter:card":"summary","twitter:title":"X-Rite unterst\u00fctzt 1Pro2 \/ i1iO Ger\u00e4te nicht mehr | proof.de","twitter:description":"X-Rite schockt seine Kunden: &quot;i1Pro 2 und i1iO 2 werden ab 2026 nicht mehr von i1Profiler unterst\u00fctzt.&quot; Was sollten X-Rite Anwender tun? Wer f\u00fcllt die L\u00fccke?","twitter:image":"https:\/\/blog.proofs.de\/wp-content\/uploads\/2025\/08\/X-Rite_Meldung_i1_Profiler_wegen_i1Pro2_und_i1iO2.png"},"aioseo_meta_data":{"post_id":"6127","title":"X-Rite ondersteunt niet langer 1Pro2 \/ i1iO apparaten | proof.de","description":"X-Rite schokt zijn klanten: \"i1Pro 2 en i1iO 2 worden vanaf 2026 niet langer ondersteund door i1Profiler.\" Wat moeten X-Rite gebruikers doen? Wie zal de leemte opvullen?","keywords":null,"keyphrases":{"focus":{"keyphrase":"","score":0,"analysis":{"keyphraseInTitle":{"score":0,"maxScore":9,"error":1}}},"additional":[]},"primary_term":null,"canonical_url":null,"og_title":null,"og_description":null,"og_object_type":"default","og_image_type":"default","og_image_url":null,"og_image_width":null,"og_image_height":null,"og_image_custom_url":null,"og_image_custom_fields":null,"og_video":"","og_custom_url":null,"og_article_section":null,"og_article_tags":null,"twitter_use_og":true,"twitter_card":"default","twitter_image_type":"default","twitter_image_url":null,"twitter_image_custom_url":null,"twitter_image_custom_fields":null,"twitter_title":null,"twitter_description":null,"schema":{"blockGraphs":[],"customGraphs":[],"default":{"data":{"Article":[],"Course":[],"Dataset":[],"FAQPage":[],"Movie":[],"Person":[],"Product":[],"ProductReview":[],"Car":[],"Recipe":[],"Service":[],"SoftwareApplication":[],"WebPage":[]},"graphName":"Article","isEnabled":true},"graphs":[]},"schema_type":"default","schema_type_options":null,"pillar_content":false,"robots_default":true,"robots_noindex":false,"robots_noarchive":false,"robots_nosnippet":false,"robots_nofollow":false,"robots_noimageindex":false,"robots_noodp":false,"robots_notranslate":false,"robots_max_snippet":"-1","robots_max_videopreview":"-1","robots_max_imagepreview":"large","priority":null,"frequency":"default","local_seo":null,"breadcrumb_settings":null,"limit_modified_date":false,"ai":{"faqs":[],"keyPoints":[],"titles":[],"descriptions":[],"socialPosts":{"email":[],"linkedin":[],"twitter":[],"facebook":[],"instagram":[]}},"created":"2025-07-30 22:39:15","updated":"2025-08-04 15:45:24","seo_analyzer_scan_date":null,"focus_keyword":null,"additional_keywords":null,"truseo_locale":null},"_links":{"self":[{"href":"http:\/\/blog.proofs.de\/nl\/wp-json\/wp\/v2\/posts\/6127","targetHints":{"allow":["GET"]}}],"collection":[{"href":"http:\/\/blog.proofs.de\/nl\/wp-json\/wp\/v2\/posts"}],"about":[{"href":"http:\/\/blog.proofs.de\/nl\/wp-json\/wp\/v2\/types\/post"}],"author":[{"embeddable":true,"href":"http:\/\/blog.proofs.de\/nl\/wp-json\/wp\/v2\/users\/2"}],"replies":[{"embeddable":true,"href":"http:\/\/blog.proofs.de\/nl\/wp-json\/wp\/v2\/comments?post=6127"}],"version-history":[{"count":9,"href":"http:\/\/blog.proofs.de\/nl\/wp-json\/wp\/v2\/posts\/6127\/revisions"}],"predecessor-version":[{"id":6157,"href":"http:\/\/blog.proofs.de\/nl\/wp-json\/wp\/v2\/posts\/6127\/revisions\/6157"}],"wp:featuredmedia":[{"embeddable":true,"href":"http:\/\/blog.proofs.de\/nl\/wp-json\/wp\/v2\/media\/6140"}],"wp:attachment":[{"href":"http:\/\/blog.proofs.de\/nl\/wp-json\/wp\/v2\/media?parent=6127"}],"wp:term":[{"taxonomy":"category","embeddable":true,"href":"http:\/\/blog.proofs.de\/nl\/wp-json\/wp\/v2\/categories?post=6127"},{"taxonomy":"post_tag","embeddable":true,"href":"http:\/\/blog.proofs.de\/nl\/wp-json\/wp\/v2\/tags?post=6127"}],"curies":[{"name":"wp","href":"https:\/\/api.w.org\/{rel}","templated":true}]}}