{"id":2140,"date":"2018-09-02T02:06:53","date_gmt":"2018-09-02T00:06:53","guid":{"rendered":"http:\/\/www.proof.de\/?p=2140"},"modified":"2020-05-08T02:16:05","modified_gmt":"2020-05-08T00:16:05","slug":"walne-zgromadzenie-freiefarbe-e-v-w-dniu-29-9-2018-w-tuebingen","status":"publish","type":"post","link":"http:\/\/blog.proofs.de\/pl\/mitgliederversammlung-freiefarbe-e-v-am-29-9-2018-in-tuebingen\/","title":{"rendered":"Walne zgromadzenie FreieFarbe e.V. w dniu 29.9.2018 r. w Tybindze"},"content":{"rendered":"<div class=\"kk-star-ratings kksr-auto kksr-align-right kksr-valign-top\" data-payload='{\"align\":\"right\",\"id\":\"2140\",\"slug\":\"default\",\"valign\":\"top\",\"ignore\":\"\",\"reference\":\"auto\",\"class\":\"\",\"count\":\"0\",\"legendonly\":\"\",\"readonly\":\"\",\"score\":\"0\",\"starsonly\":\"\",\"best\":\"5\",\"gap\":\"5\",\"greet\":\"Jetzt bewerten\",\"legend\":\"0\\\/5 - (0 votes)\",\"size\":\"24\",\"title\":\"Mitgliederversammlung freieFarbe e.V. am 29.9.2018 in T&uuml;bingen\",\"width\":\"0\",\"_legend\":\"{score}\\\/{best} - ({count} {votes})\",\"font_factor\":\"1.25\"}'>\n            \n<div class=\"kksr-stars\">\n    \n<div class=\"kksr-stars-inactive\">\n            <div class=\"kksr-star\" data-star=\"1\" style=\"padding-right: 5px\">\n            \n\n<div class=\"kksr-icon\" style=\"width: 24px; height: 24px;\"><\/div>\n        <\/div>\n            <div class=\"kksr-star\" data-star=\"2\" style=\"padding-right: 5px\">\n            \n\n<div class=\"kksr-icon\" style=\"width: 24px; height: 24px;\"><\/div>\n        <\/div>\n            <div class=\"kksr-star\" data-star=\"3\" style=\"padding-right: 5px\">\n            \n\n<div class=\"kksr-icon\" style=\"width: 24px; height: 24px;\"><\/div>\n        <\/div>\n            <div class=\"kksr-star\" data-star=\"4\" style=\"padding-right: 5px\">\n            \n\n<div class=\"kksr-icon\" style=\"width: 24px; height: 24px;\"><\/div>\n        <\/div>\n            <div class=\"kksr-star\" data-star=\"5\" style=\"padding-right: 5px\">\n            \n\n<div class=\"kksr-icon\" style=\"width: 24px; height: 24px;\"><\/div>\n        <\/div>\n    <\/div>\n    \n<div class=\"kksr-stars-active\" style=\"width: 0px;\">\n            <div class=\"kksr-star\" style=\"padding-right: 5px\">\n            \n\n<div class=\"kksr-icon\" style=\"width: 24px; height: 24px;\"><\/div>\n        <\/div>\n            <div class=\"kksr-star\" style=\"padding-right: 5px\">\n            \n\n<div class=\"kksr-icon\" style=\"width: 24px; height: 24px;\"><\/div>\n        <\/div>\n            <div class=\"kksr-star\" style=\"padding-right: 5px\">\n            \n\n<div class=\"kksr-icon\" style=\"width: 24px; height: 24px;\"><\/div>\n        <\/div>\n            <div class=\"kksr-star\" style=\"padding-right: 5px\">\n            \n\n<div class=\"kksr-icon\" style=\"width: 24px; height: 24px;\"><\/div>\n        <\/div>\n            <div class=\"kksr-star\" style=\"padding-right: 5px\">\n            \n\n<div class=\"kksr-icon\" style=\"width: 24px; height: 24px;\"><\/div>\n        <\/div>\n    <\/div>\n<\/div>\n                \n\n<div class=\"kksr-legend\" style=\"font-size: 19.2px;\">\n            <span class=\"kksr-muted\">Prosz\u0119 oceni\u0107 teraz<\/span>\n    <\/div>\n    <\/div>\n<p><img loading=\"lazy\" decoding=\"async\" class=\"alignleft wp-image-2145\" src=\"https:\/\/blog1.proofen.de\/wp-content\/uploads\/2018\/09\/cropped-ff-logo-ev_400-1-300x68.png\" alt=\"\" width=\"200\" height=\"45\" srcset=\"https:\/\/blog.proofs.de\/wp-content\/uploads\/2018\/09\/cropped-ff-logo-ev_400-1-300x68.png 300w, https:\/\/blog.proofs.de\/wp-content\/uploads\/2018\/09\/cropped-ff-logo-ev_400-1.png 400w\" sizes=\"auto, (max-width: 200px) 100vw, 200px\">The <a href=\"http:\/\/blog.proofs.de\/pl\/lexikon\/proof\/\" target=\"_self\" title=\"Odbitka pr\u00f3bna to certyfikowane zgodnie z norm\u0105 ISO 12647-7 urz\u0105dzenie testuj\u0105ce dla bran\u017cy poligraficznej. Odbitka pr\u00f3bna symuluje kolorystyk\u0119 druku offsetowego lub wkl\u0119s\u0142ego w spos\u00f3b kolorystyczny i prawnie wi\u0105\u017c\u0105cy w ramach w\u0105skich tolerancji normy ISO.\" class=\"encyclopedia\">Dow\u00f3d<\/a> GmbH organizuje w tym roku spotkanie cz\u0142onk\u00f3w stowarzyszenia FreieFarbe e.V. w Tybindze. Poniewa\u017c niekt\u00f3rzy cz\u0142onkowie stowarzyszenia przyjad\u0105 w pi\u0105tek, przed i po w\u0142a\u015bciwym walnym zgromadzeniu w sobot\u0119 odb\u0119dzie si\u0119 program wspieraj\u0105cy.<\/p>\n<p>Walne zgromadzenie odb\u0119dzie si\u0119 w sobot\u0119 od 10:30 do oko\u0142o 15:00 przy G\u00f6lzstra\u00dfe 17 w Tybindze. Opr\u00f3cz formalno\u015bci, takich jak wyb\u00f3r zarz\u0105du i raport kasowy, tematy w porz\u0105dku obrad obejmuj\u0105 dalszy rozw\u00f3j freeColour <a href=\"http:\/\/blog.proofs.de\/pl\/lexikon\/hlc\/\" target=\"_self\" title=\"HLC to \u0142atwa do zrozumienia reprezentacja przestrzeni barw CIELAB. Pionowa o\u015b L jest tutaj identyczna. Pozioma pozycja lokalizacji koloru jest tutaj okre\u015blona przez k\u0105t H do dodatniej osi a (przeciwnie do ruchu wskaz\u00f3wek zegara i w stopniach) oraz promie\u0144 C, odleg\u0142o\u015b\u0107 do osi L.\" class=\"encyclopedia\">HLC<\/a> Atlas kolor\u00f3w, DIN SPEC 16699 \"Otwarta komunikacja kolorystyczna\" i wiele innych rzeczy, kt\u00f3re chcemy rozwija\u0107 i osi\u0105gn\u0105\u0107 w nadchodz\u0105cym roku.<\/p>\n<p><img loading=\"lazy\" decoding=\"async\" class=\"alignleft size-large wp-image-2144\" src=\"https:\/\/blog1.proofen.de\/wp-content\/uploads\/2018\/09\/tubingen-2867769_1920-1024x683.jpg\" alt=\"Zdj\u0119cie z pixabay \/ Fotograf: maxmann\" width=\"584\" height=\"390\" srcset=\"https:\/\/blog.proofs.de\/wp-content\/uploads\/2018\/09\/tubingen-2867769_1920-1024x683.jpg 1024w, https:\/\/blog.proofs.de\/wp-content\/uploads\/2018\/09\/tubingen-2867769_1920-300x200.jpg 300w, https:\/\/blog.proofs.de\/wp-content\/uploads\/2018\/09\/tubingen-2867769_1920-768x512.jpg 768w, https:\/\/blog.proofs.de\/wp-content\/uploads\/2018\/09\/tubingen-2867769_1920-450x300.jpg 450w, https:\/\/blog.proofs.de\/wp-content\/uploads\/2018\/09\/tubingen-2867769_1920.jpg 1920w\" sizes=\"auto, (max-width: 584px) 100vw, 584px\"><\/p>\n<p>Serdecznie zapraszamy wszystkich cz\u0142onk\u00f3w klubu do Tybingi. Je\u015bli potrzebuj\u0105 Pa\u0144stwo noclegu, prosimy o kontakt z przewodnicz\u0105cym Holgerem Everdingiem (info@freiefarbe.de) lub Matthiasem Betzem z Proof GmbH (info@proof.de).<\/p>\n<p>Do Tybingi mo\u017cna \u0142atwo dotrze\u0107 ka\u017cdym \u015brodkiem transportu. Autobus kursuje z lotniska w Stuttgarcie do dworca g\u0142\u00f3wnego w Tybindze co p\u00f3\u0142 godziny w dni powszednie. Podr\u00f3\u017c do Tybingi jest r\u00f3wnie\u017c \u0142atwa poci\u0105giem i autobusem dalekobie\u017cnym. Proof GmbH, miejsce spotkania cz\u0142onk\u00f3w, znajduje si\u0119 zaledwie kilka metr\u00f3w od g\u0142\u00f3wnej drogi B27, a bezpo\u015brednio za budynkiem znajduje si\u0119 wielopoziomowy parking. Spacer z g\u0142\u00f3wnej stacji kolejowej zajmuje oko\u0142o 10 minut.<\/p>\n<p><img loading=\"lazy\" decoding=\"async\" class=\"size-medium wp-image-2143 alignleft\" src=\"https:\/\/blog1.proofen.de\/wp-content\/uploads\/2018\/09\/Bildschirmfoto-2018-09-02-um-01.47.14-300x230.png\" alt='&quot;Almost Alive&quot; Kunsthalle T\u00fcbingen' width=\"300\" height=\"230\" srcset=\"https:\/\/blog.proofs.de\/wp-content\/uploads\/2018\/09\/Bildschirmfoto-2018-09-02-um-01.47.14-300x230.png 300w, https:\/\/blog.proofs.de\/wp-content\/uploads\/2018\/09\/Bildschirmfoto-2018-09-02-um-01.47.14-768x588.png 768w, https:\/\/blog.proofs.de\/wp-content\/uploads\/2018\/09\/Bildschirmfoto-2018-09-02-um-01.47.14-1024x785.png 1024w, https:\/\/blog.proofs.de\/wp-content\/uploads\/2018\/09\/Bildschirmfoto-2018-09-02-um-01.47.14-392x300.png 392w\" sizes=\"auto, (max-width: 300px) 100vw, 300px\"> <img loading=\"lazy\" decoding=\"async\" class=\"size-medium wp-image-2142 alignright\" src=\"https:\/\/blog1.proofen.de\/wp-content\/uploads\/2018\/09\/Bildschirmfoto-2018-09-02-um-01.47.34-300x230.png\" alt=\"\u015awiatowe dziedzictwo kultury Sztuka epoki lodowcowej Tybinga\" width=\"300\" height=\"230\" srcset=\"https:\/\/blog.proofs.de\/wp-content\/uploads\/2018\/09\/Bildschirmfoto-2018-09-02-um-01.47.34-300x230.png 300w, https:\/\/blog.proofs.de\/wp-content\/uploads\/2018\/09\/Bildschirmfoto-2018-09-02-um-01.47.34-768x588.png 768w, https:\/\/blog.proofs.de\/wp-content\/uploads\/2018\/09\/Bildschirmfoto-2018-09-02-um-01.47.34-1024x785.png 1024w, https:\/\/blog.proofs.de\/wp-content\/uploads\/2018\/09\/Bildschirmfoto-2018-09-02-um-01.47.34-392x300.png 392w\" sizes=\"auto, (max-width: 300px) 100vw, 300px\"><\/p>\n<p>Program wspieraj\u0105cy z dobrymi rozmowami, wycieczkami \u0142odzi\u0105 po <a href=\"http:\/\/blog.proofs.de\/pl\/lexikon\/nec\/\" target=\"_self\" title=\"NEC jest obecnie uznawany za jednego z najbardziej kompetentnych producent\u00f3w monitor\u00f3w proof. W szczeg\u00f3lno\u015bci seria NEC Spectraview oferuje zaawansowan\u0105 technologi\u0119 monitor\u00f3w i sprytne rozwi\u0105zania programowe do wysokiej jako\u015bci przetwarzania kolor\u00f3w.\" class=\"encyclopedia\">Nec<\/a>Samoch\u00f3d, szwabskie przysmaki, wycieczki po mie\u015bcie i wiele innych atrakcji jest r\u00f3wnie\u017c interesuj\u0105cych dla partner\u00f3w podr\u00f3\u017cuj\u0105cych z Pa\u0144stwem. Dzi\u0119ki wystawom \"ALMOST ALIVE\" w Kunsthalle T\u00fcbingen oraz wpisanej na List\u0119 \u015awiatowego Dziedzictwa Kulturowego UNESCO wystawie pierwszych dzie\u0142 sztuki ludzko\u015bci w Zamku w Tybindze, mog\u0105 Pa\u0144stwo cieszy\u0107 si\u0119 dwiema atrakcjami kulturalnymi w Tybindze.<\/p>\n<p>Fer Verein freieFarbe e.V. i Proof GmbH ciesz\u0105 si\u0119 na Pa\u0144stwa obecno\u015b\u0107.<\/p>\n<p><a href=\"https:\/\/www.freiefarbe.de\">Wi\u0119cej informacji na temat stowarzyszenia i cel\u00f3w freieFarbe e.V. mo\u017cna znale\u017a\u0107 tutaj.<\/a><\/p>\n<p>&nbsp;<\/p>","protected":false},"excerpt":{"rendered":"<p>W tym roku Proof GmbH organizuje spotkanie cz\u0142onk\u00f3w stowarzyszenia FreieFarbe e.V. w Tybindze. Poniewa\u017c niekt\u00f3rzy cz\u0142onkowie stowarzyszenia przyjad\u0105 w pi\u0105tek, przed i po spotkaniu cz\u0142onk\u00f3w w sobot\u0119 odb\u0119dzie si\u0119 program wspieraj\u0105cy. Spotkanie cz\u0142onk\u00f3w odb\u0119dzie si\u0119 w sobot\u0119 od 10:30 do oko\u0142o 15:00 na G\u00f6lzstra\u00dfe 17 w Tybindze. Opr\u00f3cz formalno\u015bci, takich jak wyb\u00f3r zarz\u0105du i raport kasowy, w porz\u0105dku obrad znajd\u0105 si\u0119 takie tematy, jak dalszy rozw\u00f3j freieFarbe HLC Colour Atlas, DIN SPEC 16699 \"Open Colour Communication\" i wiele innych, kt\u00f3re b\u0119dziemy omawia\u0107 w przysz\u0142ym roku. <\/p>\n<p class=\"read-more-container\"><a title=\"Walne zgromadzenie FreieFarbe e.V. w dniu 29.9.2018 r. w Tybindze\" class=\"read-more button\" href=\"http:\/\/blog.proofs.de\/pl\/mitgliederversammlung-freiefarbe-e-v-am-29-9-2018-in-tuebingen\/#more-2140\" aria-label=\"Prosz\u0119 dowiedzie\u0107 si\u0119 wi\u0119cej o Walnym Zgromadzeniu FreieFarbe e.V. w dniu 29.9.2018 r. w Tybindze\">Czytaj wi\u0119cej<\/a><\/p>","protected":false},"author":2,"featured_media":2157,"comment_status":"open","ping_status":"open","sticky":false,"template":"","format":"standard","meta":{"om_disable_all_campaigns":false,"inline_featured_image":false,"_monsterinsights_skip_tracking":false,"footnotes":""},"categories":[1],"tags":[679,680,803,539],"class_list":["post-2140","post","type-post","status-publish","format-standard","has-post-thumbnail","hentry","category-allgemein","tag-freiefarbe","tag-freiefarbe-e-v","tag-mitgliederversammlung","tag-proof-gmbh","generate-columns","tablet-grid-50","mobile-grid-100","grid-parent","grid-50","no-featured-image-padding","resize-featured-image"],"aioseo_notices":[],"aioseo_head":"\n\t\t<!-- All in One SEO 5.0.1.1 - aioseo.com -->\n\t<meta name=\"description\" content=\"Die Proof GmbH richtet in diesem Jahr die Mitgliederversammlung des Vereins freieFarbe e.V. in T\u00fcbingen aus und bietet ein Rahmenprogramm um die MGV an.\" \/>\n\t<meta name=\"robots\" content=\"max-image-preview:large\" \/>\n\t<meta name=\"author\" content=\"Matthias Betz\"\/>\n\t<meta name=\"google-site-verification\" content=\"TuXxyRwxcEg2-WfOaQ8vScWQh3-uBAnxXmY7g3GT90A\" \/>\n\t<meta name=\"keywords\" content=\"freiefarbe,freiefarbe e.v.,mitgliederversammlung,proof gmbh\" \/>\n\t<link rel=\"canonical\" href=\"http:\/\/blog.proofs.de\/pl\/mitgliederversammlung-freiefarbe-e-v-am-29-9-2018-in-tuebingen\/\" \/>\n\t<meta name=\"generator\" content=\"All in One SEO (AIOSEO) 5.0.1.1\" \/>\n\n\t\t<meta name=\"seobility\" content=\"593a8578143db71543f014978c690d47\">\n\t\t<meta property=\"og:locale\" content=\"pl_PL\" \/>\n\t\t<meta property=\"og:site_name\" content=\"Proof.de | Alles zu Proof, Farbmanagement, Grafik, Messtechnik &amp; Co.\" \/>\n\t\t<meta property=\"og:type\" content=\"article\" \/>\n\t\t<meta property=\"og:title\" content=\"Mitgliederversammlung freieFarbe in T\u00fcbingen | proof.de\" \/>\n\t\t<meta property=\"og:description\" content=\"Die Proof GmbH richtet in diesem Jahr die Mitgliederversammlung des Vereins freieFarbe e.V. in T\u00fcbingen aus und bietet ein Rahmenprogramm um die MGV an.\" \/>\n\t\t<meta property=\"og:url\" content=\"http:\/\/blog.proofs.de\/pl\/mitgliederversammlung-freiefarbe-e-v-am-29-9-2018-in-tuebingen\/\" \/>\n\t\t<meta property=\"og:image\" content=\"http:\/\/blog.proofs.de\/wp-content\/uploads\/2018\/10\/stocherkahn-1140x550.jpg\" \/>\n\t\t<meta property=\"og:image:width\" content=\"1140\" \/>\n\t\t<meta property=\"og:image:height\" content=\"550\" \/>\n\t\t<meta property=\"article:published_time\" content=\"2018-09-02T00:06:53+00:00\" \/>\n\t\t<meta property=\"article:modified_time\" content=\"2020-05-08T00:16:05+00:00\" \/>\n\t\t<meta property=\"article:publisher\" content=\"https:\/\/www.facebook.com\/Proof.de\/\" \/>\n\t\t<meta name=\"twitter:card\" content=\"summary\" \/>\n\t\t<meta name=\"twitter:title\" content=\"Mitgliederversammlung freieFarbe in T\u00fcbingen | proof.de\" \/>\n\t\t<meta name=\"twitter:description\" content=\"Die Proof GmbH richtet in diesem Jahr die Mitgliederversammlung des Vereins freieFarbe e.V. in T\u00fcbingen aus und bietet ein Rahmenprogramm um die MGV an.\" \/>\n\t\t<meta name=\"twitter:image\" content=\"https:\/\/blog1.proofen.de\/wp-content\/uploads\/2020\/04\/proof_background.jpg\" \/>\n\t\t<script type=\"application\/ld+json\" class=\"aioseo-schema\">\n\t\t\t{\"@context\":\"https:\\\/\\\/schema.org\",\"@graph\":[{\"@type\":\"Article\",\"@id\":\"http:\\\/\\\/blog.proofs.de\\\/pl\\\/mitgliederversammlung-freiefarbe-e-v-am-29-9-2018-in-tuebingen\\\/#article\",\"name\":\"Mitgliederversammlung freieFarbe in T\\u00fcbingen | proof.de\",\"headline\":\"Mitgliederversammlung freieFarbe e.V. am 29.9.2018 in T\\u00fcbingen\",\"author\":{\"@id\":\"http:\\\/\\\/blog.proofs.de\\\/pl\\\/author\\\/mbetz\\\/#author\"},\"publisher\":{\"@id\":\"http:\\\/\\\/blog.proofs.de\\\/pl\\\/#organization\"},\"image\":{\"@type\":\"ImageObject\",\"url\":\"https:\\\/\\\/blog.proofs.de\\\/wp-content\\\/uploads\\\/2018\\\/10\\\/stocherkahn-1140x550.jpg\",\"width\":1140,\"height\":550,\"caption\":\"freieFarbe e.V. Mitgliederversammlung 2018: Gemeinsames Stochern auf dem Neckar in T\\u00fcbingen\"},\"datePublished\":\"2018-09-02T02:06:53+02:00\",\"dateModified\":\"2020-05-08T02:16:05+02:00\",\"inLanguage\":\"pl-PL\",\"mainEntityOfPage\":{\"@id\":\"http:\\\/\\\/blog.proofs.de\\\/pl\\\/mitgliederversammlung-freiefarbe-e-v-am-29-9-2018-in-tuebingen\\\/#webpage\"},\"isPartOf\":{\"@id\":\"http:\\\/\\\/blog.proofs.de\\\/pl\\\/mitgliederversammlung-freiefarbe-e-v-am-29-9-2018-in-tuebingen\\\/#webpage\"},\"articleSection\":\"Allgemein, freieFarbe, freieFarbe e.V., Mitgliederversammlung, Proof GmbH\"},{\"@type\":\"BreadcrumbList\",\"@id\":\"http:\\\/\\\/blog.proofs.de\\\/pl\\\/mitgliederversammlung-freiefarbe-e-v-am-29-9-2018-in-tuebingen\\\/#breadcrumblist\",\"itemListElement\":[{\"@type\":\"ListItem\",\"@id\":\"http:\\\/\\\/blog.proofs.de\\\/pl#listItem\",\"position\":1,\"name\":\"Home\",\"item\":\"http:\\\/\\\/blog.proofs.de\\\/pl\",\"nextItem\":{\"@type\":\"ListItem\",\"@id\":\"http:\\\/\\\/blog.proofs.de\\\/pl\\\/thema\\\/allgemein\\\/#listItem\",\"name\":\"Allgemein\"}},{\"@type\":\"ListItem\",\"@id\":\"http:\\\/\\\/blog.proofs.de\\\/pl\\\/thema\\\/allgemein\\\/#listItem\",\"position\":2,\"name\":\"Allgemein\",\"item\":\"http:\\\/\\\/blog.proofs.de\\\/pl\\\/thema\\\/allgemein\\\/\",\"nextItem\":{\"@type\":\"ListItem\",\"@id\":\"http:\\\/\\\/blog.proofs.de\\\/pl\\\/mitgliederversammlung-freiefarbe-e-v-am-29-9-2018-in-tuebingen\\\/#listItem\",\"name\":\"Mitgliederversammlung freieFarbe e.V. am 29.9.2018 in T\\u00fcbingen\"},\"previousItem\":{\"@type\":\"ListItem\",\"@id\":\"http:\\\/\\\/blog.proofs.de\\\/pl#listItem\",\"name\":\"Home\"}},{\"@type\":\"ListItem\",\"@id\":\"http:\\\/\\\/blog.proofs.de\\\/pl\\\/mitgliederversammlung-freiefarbe-e-v-am-29-9-2018-in-tuebingen\\\/#listItem\",\"position\":3,\"name\":\"Mitgliederversammlung freieFarbe e.V. am 29.9.2018 in T\\u00fcbingen\",\"previousItem\":{\"@type\":\"ListItem\",\"@id\":\"http:\\\/\\\/blog.proofs.de\\\/pl\\\/thema\\\/allgemein\\\/#listItem\",\"name\":\"Allgemein\"}}]},{\"@type\":\"Organization\",\"@id\":\"http:\\\/\\\/blog.proofs.de\\\/pl\\\/#organization\",\"name\":\"Proof GmbH\",\"description\":\"Farbverbindlicher Proof, Farbproof, Digitalproof und Online-Proof.\",\"url\":\"http:\\\/\\\/blog.proofs.de\\\/pl\\\/\",\"telephone\":\"+4970717952740\",\"logo\":{\"@type\":\"ImageObject\",\"url\":\"https:\\\/\\\/blog1.proofen.de\\\/wp-content\\\/uploads\\\/2019\\\/09\\\/logo_proof_rgb_mit_balken_250px.png\",\"@id\":\"http:\\\/\\\/blog.proofs.de\\\/pl\\\/mitgliederversammlung-freiefarbe-e-v-am-29-9-2018-in-tuebingen\\\/#organizationLogo\"},\"image\":{\"@id\":\"http:\\\/\\\/blog.proofs.de\\\/pl\\\/mitgliederversammlung-freiefarbe-e-v-am-29-9-2018-in-tuebingen\\\/#organizationLogo\"},\"sameAs\":[\"https:\\\/\\\/www.facebook.com\\\/Proof.de\\\/\",\"https:\\\/\\\/www.instagram.com\\\/proof.de\\\/\",\"https:\\\/\\\/www.tiktok.com\\\/@proof_de\",\"https:\\\/\\\/www.youtube.com\\\/channel\\\/UCk80fQVQ25wC9wu3SywB-Nw\",\"https:\\\/\\\/www.linkedin.com\\\/company\\\/proof-de\"]},{\"@type\":\"Person\",\"@id\":\"http:\\\/\\\/blog.proofs.de\\\/pl\\\/author\\\/mbetz\\\/#author\",\"url\":\"http:\\\/\\\/blog.proofs.de\\\/pl\\\/author\\\/mbetz\\\/\",\"name\":\"Matthias Betz\",\"image\":{\"@type\":\"ImageObject\",\"@id\":\"http:\\\/\\\/blog.proofs.de\\\/pl\\\/mitgliederversammlung-freiefarbe-e-v-am-29-9-2018-in-tuebingen\\\/#authorImage\",\"url\":\"https:\\\/\\\/blog.proofs.de\\\/wp-content\\\/uploads\\\/2020\\\/10\\\/matthias-betz-e1603934518350-150x150.png\",\"width\":96,\"height\":96,\"caption\":\"Matthias Betz\"}},{\"@type\":\"WebPage\",\"@id\":\"http:\\\/\\\/blog.proofs.de\\\/pl\\\/mitgliederversammlung-freiefarbe-e-v-am-29-9-2018-in-tuebingen\\\/#webpage\",\"url\":\"http:\\\/\\\/blog.proofs.de\\\/pl\\\/mitgliederversammlung-freiefarbe-e-v-am-29-9-2018-in-tuebingen\\\/\",\"name\":\"Mitgliederversammlung freieFarbe in T\\u00fcbingen | proof.de\",\"description\":\"Die Proof GmbH richtet in diesem Jahr die Mitgliederversammlung des Vereins freieFarbe e.V. in T\\u00fcbingen aus und bietet ein Rahmenprogramm um die MGV an.\",\"inLanguage\":\"pl-PL\",\"isPartOf\":{\"@id\":\"http:\\\/\\\/blog.proofs.de\\\/pl\\\/#website\"},\"breadcrumb\":{\"@id\":\"http:\\\/\\\/blog.proofs.de\\\/pl\\\/mitgliederversammlung-freiefarbe-e-v-am-29-9-2018-in-tuebingen\\\/#breadcrumblist\"},\"author\":{\"@id\":\"http:\\\/\\\/blog.proofs.de\\\/pl\\\/author\\\/mbetz\\\/#author\"},\"creator\":{\"@id\":\"http:\\\/\\\/blog.proofs.de\\\/pl\\\/author\\\/mbetz\\\/#author\"},\"image\":{\"@type\":\"ImageObject\",\"url\":\"https:\\\/\\\/blog.proofs.de\\\/wp-content\\\/uploads\\\/2018\\\/10\\\/stocherkahn-1140x550.jpg\",\"@id\":\"http:\\\/\\\/blog.proofs.de\\\/pl\\\/mitgliederversammlung-freiefarbe-e-v-am-29-9-2018-in-tuebingen\\\/#mainImage\",\"width\":1140,\"height\":550,\"caption\":\"freieFarbe e.V. Mitgliederversammlung 2018: Gemeinsames Stochern auf dem Neckar in T\\u00fcbingen\"},\"primaryImageOfPage\":{\"@id\":\"http:\\\/\\\/blog.proofs.de\\\/pl\\\/mitgliederversammlung-freiefarbe-e-v-am-29-9-2018-in-tuebingen\\\/#mainImage\"},\"datePublished\":\"2018-09-02T02:06:53+02:00\",\"dateModified\":\"2020-05-08T02:16:05+02:00\"},{\"@type\":\"WebSite\",\"@id\":\"http:\\\/\\\/blog.proofs.de\\\/pl\\\/#website\",\"url\":\"http:\\\/\\\/blog.proofs.de\\\/pl\\\/\",\"name\":\"Proof.de\",\"description\":\"Farbverbindlicher Proof, Farbproof, Digitalproof und Online-Proof.\",\"inLanguage\":\"pl-PL\",\"publisher\":{\"@id\":\"http:\\\/\\\/blog.proofs.de\\\/pl\\\/#organization\"}}]}\n\t\t<\/script>\n\t\t<!-- All in One SEO -->\n\n","aioseo_head_json":{"title":"Walne zgromadzenie freecolour w Tybindze | proof.de","description":"W tym roku Proof GmbH organizuje walne zgromadzenie stowarzyszenia freieFarbe e.V. w Tybindze i oferuje program wspieraj\u0105cy wok\u00f3\u0142 MGV.","canonical_url":"http:\/\/blog.proofs.de\/pl\/mitgliederversammlung-freiefarbe-e-v-am-29-9-2018-in-tuebingen\/","robots":"max-image-preview:large","keywords":"freiefarbe,freiefarbe e.v.,mitgliederversammlung,proof gmbh","webmasterTools":{"google-site-verification":"TuXxyRwxcEg2-WfOaQ8vScWQh3-uBAnxXmY7g3GT90A","miscellaneous":"&lt;meta name=\"seobility\" content=\"593a8578143db71543f014978c690d47\"&gt;"},"schema":{"@context":"https:\/\/schema.org","@graph":[{"@type":"Article","@id":"http:\/\/blog.proofs.de\/pl\/mitgliederversammlung-freiefarbe-e-v-am-29-9-2018-in-tuebingen\/#article","name":"Mitgliederversammlung freieFarbe in T\u00fcbingen | proof.de","headline":"Mitgliederversammlung freieFarbe e.V. am 29.9.2018 in T\u00fcbingen","author":{"@id":"http:\/\/blog.proofs.de\/pl\/author\/mbetz\/#author"},"publisher":{"@id":"http:\/\/blog.proofs.de\/pl\/#organization"},"image":{"@type":"ImageObject","url":"https:\/\/blog.proofs.de\/wp-content\/uploads\/2018\/10\/stocherkahn-1140x550.jpg","width":1140,"height":550,"caption":"freieFarbe e.V. Mitgliederversammlung 2018: Gemeinsames Stochern auf dem Neckar in T\u00fcbingen"},"datePublished":"2018-09-02T02:06:53+02:00","dateModified":"2020-05-08T02:16:05+02:00","inLanguage":"pl-PL","mainEntityOfPage":{"@id":"http:\/\/blog.proofs.de\/pl\/mitgliederversammlung-freiefarbe-e-v-am-29-9-2018-in-tuebingen\/#webpage"},"isPartOf":{"@id":"http:\/\/blog.proofs.de\/pl\/mitgliederversammlung-freiefarbe-e-v-am-29-9-2018-in-tuebingen\/#webpage"},"articleSection":"Allgemein, freieFarbe, freieFarbe e.V., Mitgliederversammlung, Proof GmbH"},{"@type":"BreadcrumbList","@id":"http:\/\/blog.proofs.de\/pl\/mitgliederversammlung-freiefarbe-e-v-am-29-9-2018-in-tuebingen\/#breadcrumblist","itemListElement":[{"@type":"ListItem","@id":"http:\/\/blog.proofs.de\/pl#listItem","position":1,"name":"Home","item":"http:\/\/blog.proofs.de\/pl","nextItem":{"@type":"ListItem","@id":"http:\/\/blog.proofs.de\/pl\/thema\/allgemein\/#listItem","name":"Allgemein"}},{"@type":"ListItem","@id":"http:\/\/blog.proofs.de\/pl\/thema\/allgemein\/#listItem","position":2,"name":"Allgemein","item":"http:\/\/blog.proofs.de\/pl\/thema\/allgemein\/","nextItem":{"@type":"ListItem","@id":"http:\/\/blog.proofs.de\/pl\/mitgliederversammlung-freiefarbe-e-v-am-29-9-2018-in-tuebingen\/#listItem","name":"Mitgliederversammlung freieFarbe e.V. am 29.9.2018 in T\u00fcbingen"},"previousItem":{"@type":"ListItem","@id":"http:\/\/blog.proofs.de\/pl#listItem","name":"Home"}},{"@type":"ListItem","@id":"http:\/\/blog.proofs.de\/pl\/mitgliederversammlung-freiefarbe-e-v-am-29-9-2018-in-tuebingen\/#listItem","position":3,"name":"Mitgliederversammlung freieFarbe e.V. am 29.9.2018 in T\u00fcbingen","previousItem":{"@type":"ListItem","@id":"http:\/\/blog.proofs.de\/pl\/thema\/allgemein\/#listItem","name":"Allgemein"}}]},{"@type":"Organization","@id":"http:\/\/blog.proofs.de\/pl\/#organization","name":"Proof GmbH","description":"Farbverbindlicher Proof, Farbproof, Digitalproof und Online-Proof.","url":"http:\/\/blog.proofs.de\/pl\/","telephone":"+4970717952740","logo":{"@type":"ImageObject","url":"https:\/\/blog1.proofen.de\/wp-content\/uploads\/2019\/09\/logo_proof_rgb_mit_balken_250px.png","@id":"http:\/\/blog.proofs.de\/pl\/mitgliederversammlung-freiefarbe-e-v-am-29-9-2018-in-tuebingen\/#organizationLogo"},"image":{"@id":"http:\/\/blog.proofs.de\/pl\/mitgliederversammlung-freiefarbe-e-v-am-29-9-2018-in-tuebingen\/#organizationLogo"},"sameAs":["https:\/\/www.facebook.com\/Proof.de\/","https:\/\/www.instagram.com\/proof.de\/","https:\/\/www.tiktok.com\/@proof_de","https:\/\/www.youtube.com\/channel\/UCk80fQVQ25wC9wu3SywB-Nw","https:\/\/www.linkedin.com\/company\/proof-de"]},{"@type":"Person","@id":"http:\/\/blog.proofs.de\/pl\/author\/mbetz\/#author","url":"http:\/\/blog.proofs.de\/pl\/author\/mbetz\/","name":"Matthias Betz","image":{"@type":"ImageObject","@id":"http:\/\/blog.proofs.de\/pl\/mitgliederversammlung-freiefarbe-e-v-am-29-9-2018-in-tuebingen\/#authorImage","url":"https:\/\/blog.proofs.de\/wp-content\/uploads\/2020\/10\/matthias-betz-e1603934518350-150x150.png","width":96,"height":96,"caption":"Matthias Betz"}},{"@type":"WebPage","@id":"http:\/\/blog.proofs.de\/pl\/mitgliederversammlung-freiefarbe-e-v-am-29-9-2018-in-tuebingen\/#webpage","url":"http:\/\/blog.proofs.de\/pl\/mitgliederversammlung-freiefarbe-e-v-am-29-9-2018-in-tuebingen\/","name":"Mitgliederversammlung freieFarbe in T\u00fcbingen | proof.de","description":"Die Proof GmbH richtet in diesem Jahr die Mitgliederversammlung des Vereins freieFarbe e.V. in T\u00fcbingen aus und bietet ein Rahmenprogramm um die MGV an.","inLanguage":"pl-PL","isPartOf":{"@id":"http:\/\/blog.proofs.de\/pl\/#website"},"breadcrumb":{"@id":"http:\/\/blog.proofs.de\/pl\/mitgliederversammlung-freiefarbe-e-v-am-29-9-2018-in-tuebingen\/#breadcrumblist"},"author":{"@id":"http:\/\/blog.proofs.de\/pl\/author\/mbetz\/#author"},"creator":{"@id":"http:\/\/blog.proofs.de\/pl\/author\/mbetz\/#author"},"image":{"@type":"ImageObject","url":"https:\/\/blog.proofs.de\/wp-content\/uploads\/2018\/10\/stocherkahn-1140x550.jpg","@id":"http:\/\/blog.proofs.de\/pl\/mitgliederversammlung-freiefarbe-e-v-am-29-9-2018-in-tuebingen\/#mainImage","width":1140,"height":550,"caption":"freieFarbe e.V. Mitgliederversammlung 2018: Gemeinsames Stochern auf dem Neckar in T\u00fcbingen"},"primaryImageOfPage":{"@id":"http:\/\/blog.proofs.de\/pl\/mitgliederversammlung-freiefarbe-e-v-am-29-9-2018-in-tuebingen\/#mainImage"},"datePublished":"2018-09-02T02:06:53+02:00","dateModified":"2020-05-08T02:16:05+02:00"},{"@type":"WebSite","@id":"http:\/\/blog.proofs.de\/pl\/#website","url":"http:\/\/blog.proofs.de\/pl\/","name":"Proof.de","description":"Farbverbindlicher Proof, Farbproof, Digitalproof und Online-Proof.","inLanguage":"pl-PL","publisher":{"@id":"http:\/\/blog.proofs.de\/pl\/#organization"}}]},"og:locale":"pl_PL","og:site_name":"Proof.de | Alles zu Proof, Farbmanagement, Grafik, Messtechnik &amp; Co.","og:type":"article","og:title":"Mitgliederversammlung freieFarbe in T\u00fcbingen | proof.de","og:description":"Die Proof GmbH richtet in diesem Jahr die Mitgliederversammlung des Vereins freieFarbe e.V. in T\u00fcbingen aus und bietet ein Rahmenprogramm um die MGV an.","og:url":"http:\/\/blog.proofs.de\/pl\/mitgliederversammlung-freiefarbe-e-v-am-29-9-2018-in-tuebingen\/","og:image":"http:\/\/blog.proofs.de\/wp-content\/uploads\/2018\/10\/stocherkahn-1140x550.jpg","og:image:width":1140,"og:image:height":550,"article:published_time":"2018-09-02T00:06:53+00:00","article:modified_time":"2020-05-08T00:16:05+00:00","article:publisher":"https:\/\/www.facebook.com\/Proof.de\/","twitter:card":"summary","twitter:title":"Mitgliederversammlung freieFarbe in T\u00fcbingen | proof.de","twitter:description":"Die Proof GmbH richtet in diesem Jahr die Mitgliederversammlung des Vereins freieFarbe e.V. in T\u00fcbingen aus und bietet ein Rahmenprogramm um die MGV an.","twitter:image":"https:\/\/blog1.proofen.de\/wp-content\/uploads\/2020\/04\/proof_background.jpg"},"aioseo_meta_data":{"post_id":"2140","title":"Walne zgromadzenie cz\u0142onk\u00f3w stowarzyszenia \u201efreieFarbe\u201d w Tybindze | proof.de","description":"W tym roku Proof GmbH organizuje walne zgromadzenie stowarzyszenia freieFarbe e.V. w Tybindze i oferuje program wspieraj\u0105cy wok\u00f3\u0142 MGV.","keywords":null,"keyphrases":null,"primary_term":null,"canonical_url":null,"og_title":null,"og_description":null,"og_object_type":"default","og_image_type":"default","og_image_url":null,"og_image_width":null,"og_image_height":null,"og_image_custom_url":null,"og_image_custom_fields":null,"og_video":null,"og_custom_url":null,"og_article_section":null,"og_article_tags":null,"twitter_use_og":false,"twitter_card":"default","twitter_image_type":"default","twitter_image_url":null,"twitter_image_custom_url":null,"twitter_image_custom_fields":null,"twitter_title":null,"twitter_description":null,"schema":{"blockGraphs":[],"customGraphs":[],"default":{"data":{"Article":[],"Course":[],"Dataset":[],"FAQPage":[],"Movie":[],"Person":[],"Product":[],"ProductReview":[],"Car":[],"Recipe":[],"Service":[],"SoftwareApplication":[],"WebPage":[]},"graphName":"","isEnabled":true},"graphs":[],"defaultGraph":"","defaultPostTypeGraph":""},"schema_type":null,"schema_type_options":null,"pillar_content":false,"robots_default":true,"robots_noindex":false,"robots_noarchive":false,"robots_nosnippet":false,"robots_nofollow":false,"robots_noimageindex":false,"robots_noodp":false,"robots_notranslate":false,"robots_max_snippet":null,"robots_max_videopreview":null,"robots_max_imagepreview":"large","priority":null,"frequency":null,"local_seo":null,"breadcrumb_settings":null,"limit_modified_date":false,"ai":null,"created":"2020-12-21 00:33:58","updated":"2025-06-04 14:23:05","seo_analyzer_scan_date":null,"focus_keyword":null,"additional_keywords":null,"truseo_locale":null},"_links":{"self":[{"href":"http:\/\/blog.proofs.de\/pl\/wp-json\/wp\/v2\/posts\/2140","targetHints":{"allow":["GET"]}}],"collection":[{"href":"http:\/\/blog.proofs.de\/pl\/wp-json\/wp\/v2\/posts"}],"about":[{"href":"http:\/\/blog.proofs.de\/pl\/wp-json\/wp\/v2\/types\/post"}],"author":[{"embeddable":true,"href":"http:\/\/blog.proofs.de\/pl\/wp-json\/wp\/v2\/users\/2"}],"replies":[{"embeddable":true,"href":"http:\/\/blog.proofs.de\/pl\/wp-json\/wp\/v2\/comments?post=2140"}],"version-history":[{"count":6,"href":"http:\/\/blog.proofs.de\/pl\/wp-json\/wp\/v2\/posts\/2140\/revisions"}],"predecessor-version":[{"id":3666,"href":"http:\/\/blog.proofs.de\/pl\/wp-json\/wp\/v2\/posts\/2140\/revisions\/3666"}],"wp:featuredmedia":[{"embeddable":true,"href":"http:\/\/blog.proofs.de\/pl\/wp-json\/wp\/v2\/media\/2157"}],"wp:attachment":[{"href":"http:\/\/blog.proofs.de\/pl\/wp-json\/wp\/v2\/media?parent=2140"}],"wp:term":[{"taxonomy":"category","embeddable":true,"href":"http:\/\/blog.proofs.de\/pl\/wp-json\/wp\/v2\/categories?post=2140"},{"taxonomy":"post_tag","embeddable":true,"href":"http:\/\/blog.proofs.de\/pl\/wp-json\/wp\/v2\/tags?post=2140"}],"curies":[{"name":"wp","href":"https:\/\/api.w.org\/{rel}","templated":true}]}}