{"id":2156,"date":"2018-10-06T01:33:42","date_gmt":"2018-10-05T23:33:42","guid":{"rendered":"http:\/\/www.proof.de\/?p=2156"},"modified":"2020-05-08T02:16:41","modified_gmt":"2020-05-08T00:16:41","slug":"freiefarbe-e-v-przeglad-walne-zgromadzenie-i-zapowiedz","status":"publish","type":"post","link":"http:\/\/blog.proofs.de\/pl\/freiefarbe-e-v-rueckblick-mitgliederversammlung-und-vorschau\/","title":{"rendered":"freieFarbe e.V. - Przegl\u0105d walnego zgromadzenia i zapowied\u017a"},"content":{"rendered":"<div class=\"kk-star-ratings kksr-auto kksr-align-right kksr-valign-top\" data-payload='{\"align\":\"right\",\"id\":\"2156\",\"slug\":\"default\",\"valign\":\"top\",\"ignore\":\"\",\"reference\":\"auto\",\"class\":\"\",\"count\":\"0\",\"legendonly\":\"\",\"readonly\":\"\",\"score\":\"0\",\"starsonly\":\"\",\"best\":\"5\",\"gap\":\"5\",\"greet\":\"Jetzt bewerten\",\"legend\":\"0\\\/5 - (0 votes)\",\"size\":\"24\",\"title\":\"freieFarbe e.V. - R&uuml;ckblick Mitgliederversammlung und Vorschau\",\"width\":\"0\",\"_legend\":\"{score}\\\/{best} - ({count} {votes})\",\"font_factor\":\"1.25\"}'>\n            \n<div class=\"kksr-stars\">\n    \n<div class=\"kksr-stars-inactive\">\n            <div class=\"kksr-star\" data-star=\"1\" style=\"padding-right: 5px\">\n            \n\n<div class=\"kksr-icon\" style=\"width: 24px; height: 24px;\"><\/div>\n        <\/div>\n            <div class=\"kksr-star\" data-star=\"2\" style=\"padding-right: 5px\">\n            \n\n<div class=\"kksr-icon\" style=\"width: 24px; height: 24px;\"><\/div>\n        <\/div>\n            <div class=\"kksr-star\" data-star=\"3\" style=\"padding-right: 5px\">\n            \n\n<div class=\"kksr-icon\" style=\"width: 24px; height: 24px;\"><\/div>\n        <\/div>\n            <div class=\"kksr-star\" data-star=\"4\" style=\"padding-right: 5px\">\n            \n\n<div class=\"kksr-icon\" style=\"width: 24px; height: 24px;\"><\/div>\n        <\/div>\n            <div class=\"kksr-star\" data-star=\"5\" style=\"padding-right: 5px\">\n            \n\n<div class=\"kksr-icon\" style=\"width: 24px; height: 24px;\"><\/div>\n        <\/div>\n    <\/div>\n    \n<div class=\"kksr-stars-active\" style=\"width: 0px;\">\n            <div class=\"kksr-star\" style=\"padding-right: 5px\">\n            \n\n<div class=\"kksr-icon\" style=\"width: 24px; height: 24px;\"><\/div>\n        <\/div>\n            <div class=\"kksr-star\" style=\"padding-right: 5px\">\n            \n\n<div class=\"kksr-icon\" style=\"width: 24px; height: 24px;\"><\/div>\n        <\/div>\n            <div class=\"kksr-star\" style=\"padding-right: 5px\">\n            \n\n<div class=\"kksr-icon\" style=\"width: 24px; height: 24px;\"><\/div>\n        <\/div>\n            <div class=\"kksr-star\" style=\"padding-right: 5px\">\n            \n\n<div class=\"kksr-icon\" style=\"width: 24px; height: 24px;\"><\/div>\n        <\/div>\n            <div class=\"kksr-star\" style=\"padding-right: 5px\">\n            \n\n<div class=\"kksr-icon\" style=\"width: 24px; height: 24px;\"><\/div>\n        <\/div>\n    <\/div>\n<\/div>\n                \n\n<div class=\"kksr-legend\" style=\"font-size: 19.2px;\">\n            <span class=\"kksr-muted\">Prosz\u0119 oceni\u0107 teraz<\/span>\n    <\/div>\n    <\/div>\n<p>W ostatni weekend wrze\u015bnia w Tybindze odby\u0142o si\u0119 spotkanie cz\u0142onk\u00f3w stowarzyszenia FreieFarbe e.V.. Od pi\u0105tku do niedzieli ludzie pracowali, dyskutowali, tworzyli koncepcje i, jak wida\u0107 na zdj\u0119ciu, cieszyli si\u0119 najlepsz\u0105 pogod\u0105 na \u015bwiecie. <a href=\"http:\/\/blog.proofs.de\/pl\/lexikon\/nec\/\" target=\"_self\" title=\"NEC jest obecnie uznawany za jednego z najbardziej kompetentnych producent\u00f3w monitor\u00f3w proof. W szczeg\u00f3lno\u015bci seria NEC Spectraview oferuje zaawansowan\u0105 technologi\u0119 monitor\u00f3w i sprytne rozwi\u0105zania programowe do wysokiej jako\u015bci przetwarzania kolor\u00f3w.\" class=\"encyclopedia\">Nec<\/a>kar w nowych produktach i pomys\u0142ach.<\/p>\n<figure id=\"attachment_2157\" aria-describedby=\"caption-attachment-2157\" style=\"width: 1130px\" class=\"wp-caption alignleft\"><a href=\"https:\/\/blog1.proofen.de\/wp-content\/uploads\/2018\/10\/stocherkahn-1140x550.jpg\"><img loading=\"lazy\" decoding=\"async\" class=\"wp-image-2157 size-full\" src=\"https:\/\/blog1.proofen.de\/wp-content\/uploads\/2018\/10\/stocherkahn-1140x550.jpg\" alt=\"\" width=\"1140\" height=\"550\" srcset=\"https:\/\/blog.proofs.de\/wp-content\/uploads\/2018\/10\/stocherkahn-1140x550.jpg 1140w, https:\/\/blog.proofs.de\/wp-content\/uploads\/2018\/10\/stocherkahn-1140x550-300x145.jpg 300w, https:\/\/blog.proofs.de\/wp-content\/uploads\/2018\/10\/stocherkahn-1140x550-768x371.jpg 768w, https:\/\/blog.proofs.de\/wp-content\/uploads\/2018\/10\/stocherkahn-1140x550-1024x494.jpg 1024w, https:\/\/blog.proofs.de\/wp-content\/uploads\/2018\/10\/stocherkahn-1140x550-500x241.jpg 500w\" sizes=\"auto, (max-width: 1140px) 100vw, 1140px\"><\/a><figcaption id=\"caption-attachment-2157\" class=\"wp-caption-text\">Spotkanie cz\u0142onk\u00f3w FreieFarbe e.V. 2018: Wsp\u00f3lne p\u0142ywanie po rzece Neckar po spotkaniu cz\u0142onk\u00f3w w <a href=\"http:\/\/blog.proofs.de\/pl\/lexikon\/proof\/\" target=\"_self\" title=\"Odbitka pr\u00f3bna to certyfikowane zgodnie z norm\u0105 ISO 12647-7 urz\u0105dzenie testuj\u0105ce dla bran\u017cy poligraficznej. Odbitka pr\u00f3bna symuluje kolorystyk\u0119 druku offsetowego lub wkl\u0119s\u0142ego w spos\u00f3b kolorystyczny i prawnie wi\u0105\u017c\u0105cy w ramach w\u0105skich tolerancji normy ISO.\" class=\"encyclopedia\">Dow\u00f3d<\/a> GmbH w Tybindze. Zdj\u0119cie: Peter J\u00e4ger<\/figcaption><\/figure>\n<p>Po spotkaniu z <a href=\"http:\/\/blog.proofs.de\/pl\/lexikon\/farbmanagement\/\" target=\"_self\" title=\"Celem zarz\u0105dzania kolorami jest zapewnienie jak najbardziej zbli\u017conej reprodukcji kolor\u00f3w na r\u00f3\u017cnych urz\u0105dzeniach, takich jak kamery, skanery, monitory, drukarki laserowe, atramentowe, offsetowe i wiele innych.\" class=\"encyclopedia\">Zarz\u0105dzanie kolorami<\/a>specjali\u015bci z <a href=\"http:\/\/blog.proofs.de\/pl\/lexikon\/gmg\/\" target=\"_self\" title=\"GMG Color to firma z siedzib\u0105 w Tybindze, kt\u00f3ra zas\u0142yn\u0119\u0142a z rozwoju oprogramowania do zarz\u0105dzania kolorami. Od ponad 25 lat GMG Color opracowuje liczne produkty dla u\u017cytkownik\u00f3w komercyjnych, od sterownik\u00f3w drukarek po z\u0142o\u017cone oprogramowanie do proofingu.\" class=\"encyclopedia\">GMG<\/a> w pi\u0105tek, kt\u00f3rzy wspieraj\u0105 stowarzyszenie z oprogramowaniem i mediami dowodowymi, nowe <a href=\"http:\/\/blog.proofs.de\/pl\/lexikon\/cielab\/\" target=\"_self\" title=\"Model kolor\u00f3w CIELAB zosta\u0142 zdefiniowany w 1976 roku przez Commission Internationale de l&#039;Eclairage i opisuje wszystkie postrzegalne kolory. Jest to rozwini\u0119cie skali kolor\u00f3w Hunter-LAB z 1966 roku i matematyczny model kolor\u00f3w, w kt\u00f3rym w\u0142a\u015bciwo\u015bci widmowe obiektu i w\u0142a\u015bciwo\u015bci percepcyjne naszego systemu wizualnego s\u0105 wzgl\u0119dem siebie kompensowane. CIELAB, lub w skr\u00f3cie LAB, jest nadal szeroko stosowany...\" class=\"encyclopedia\">CIELAB<\/a> &nbsp;<a href=\"http:\/\/blog.proofs.de\/pl\/lexikon\/hlc\/\" target=\"_self\" title=\"HLC to \u0142atwa do zrozumienia reprezentacja przestrzeni barw CIELAB. Pionowa o\u015b L jest tutaj identyczna. Pozioma pozycja lokalizacji koloru jest tutaj okre\u015blona przez k\u0105t H do dodatniej osi a (przeciwnie do ruchu wskaz\u00f3wek zegara i w stopniach) oraz promie\u0144 C, odleg\u0142o\u015b\u0107 do osi L.\" class=\"encyclopedia\">HLC<\/a> Kontynuowali\u015bmy prac\u0119 nad atlasem kolor\u00f3w i zako\u0144czyli\u015bmy dzie\u0144 tarte flamb\u00e9e i winem w domu Matthiasa Betza.<\/p>\n<p>W sobot\u0119 w Lorettoplatz przy Proof GmbH odby\u0142o si\u0119 walne zgromadzenie, na kt\u00f3rym podsumowano miniony rok i nakre\u015blono nadchodz\u0105cy rok. Z CIE<a href=\"http:\/\/blog.proofs.de\/pl\/lexikon\/lab\/\" target=\"_self\" title=\"CIELAB lub LAB to matematyczny model kolor\u00f3w, kt\u00f3ry sprawdzi\u0142 si\u0119 wsz\u0119dzie tam, gdzie wymagane jest dok\u0142adne obliczenie koloru. Komputerowe zarz\u0105dzanie kolorami zazwyczaj dzia\u0142a w oparciu o CIELAB.\" class=\"encyclopedia\">LAB<\/a> HLC Colour Atlas i DIN SPEC 16699 Open Colour Communication, wiele zosta\u0142o osi\u0105gni\u0119te i zrealizowane, ale wiele pomys\u0142\u00f3w musi zosta\u0107 ocenionych, zwa\u017conych, sfinansowanych i przetworzonych.<\/p>\n<p>W spotkaniu uczestniczyli: Z Niemiec Matthias Betz z Proof GmbH jako tegoroczny gospodarz, Jan-Peter Homann z Homann Colormanagement w Berlinie, Holger Everding z DTP Studio w Oldenburgu oraz Szwajcarzy Peter J\u00e4ger z pre2media w Hombrechtikon, Eric A. Soder z pixsource w Uster i Matteo Baschera z galledia w Zurychu.<a href=\"http:\/\/blog.proofs.de\/pl\/lexikon\/led\/\" target=\"_self\" title='LED to &quot;dioda elektroluminescencyjna&quot; i w bran\u017cy graficznej oznacza nowe \u015bwiat\u0142o &quot;LED&quot;, kt\u00f3re zast\u0105pi\u0142o starsze \u017ar\u00f3d\u0142a \u015bwiat\u0142a, takie jak neon\u00f3wki i lampy wolframowe. Rury neonowe s\u0105 znane g\u0142\u00f3wnie ze standardowego zakresu \u015bwiat\u0142a D50 lub D65, podczas gdy wolframowe \u017ar\u00f3d\u0142a \u015bwiat\u0142a by\u0142y u\u017cywane g\u0142\u00f3wnie w urz\u0105dzeniach do pomiaru kolor\u00f3w, takich jak spektrofotometry i kolorymetry....' class=\"encyclopedia\">prowadzony<\/a>z Zurychu.&nbsp;<!--more--><\/p>\n<p>Zarz\u0105d stowarzyszenia zosta\u0142 ponownie wybrany: Holger Everding jako przewodnicz\u0105cy, Peter J\u00e4ger jako drugi przewodnicz\u0105cy i Jan-Peter Homann jako skarbnik zostali potwierdzeni na stanowisku.<\/p>\n<p>P\u00f3\u017anym popo\u0142udniem ma\u0142\u017conkowie i dzieci wzi\u0119li udzia\u0142 w tradycyjnym rejsie po rzece Neckar w Opactwie Protestanckim, a wiecz\u00f3r zako\u0144czy\u0142a szwabska kuchnia, wino, koktajle, lody i nocna wycieczka po star\u00f3wce Tybingi.<\/p>\n<figure id=\"attachment_2158\" aria-describedby=\"caption-attachment-2158\" style=\"width: 215px\" class=\"wp-caption alignright\"><a href=\"https:\/\/blog1.proofen.de\/wp-content\/uploads\/2018\/10\/freieFarbe_Mitgliederversammlung_Tuebingen_2018-e1539040905961.jpeg\"><img loading=\"lazy\" decoding=\"async\" class=\"size-medium wp-image-2158\" src=\"https:\/\/blog1.proofen.de\/wp-content\/uploads\/2018\/10\/freieFarbe_Mitgliederversammlung_Tuebingen_2018-e1539040905961-225x300.jpeg\" alt=\"\" width=\"225\" height=\"300\" srcset=\"https:\/\/blog.proofs.de\/wp-content\/uploads\/2018\/10\/freieFarbe_Mitgliederversammlung_Tuebingen_2018-e1539040905961-225x300.jpeg 225w, https:\/\/blog.proofs.de\/wp-content\/uploads\/2018\/10\/freieFarbe_Mitgliederversammlung_Tuebingen_2018-e1539040905961-768x1024.jpeg 768w, https:\/\/blog.proofs.de\/wp-content\/uploads\/2018\/10\/freieFarbe_Mitgliederversammlung_Tuebingen_2018-e1539040905961.jpeg 1512w\" sizes=\"auto, (max-width: 225px) 100vw, 225px\"><\/a><figcaption id=\"caption-attachment-2158\" class=\"wp-caption-text\">Wizyta na wystawie Hiperrealizm \"prawie \u017cywy\" w Kunsthalle T\u00fcbingen. Zdj\u0119cie: Peter J\u00e4ger<\/figcaption><\/figure>\n<p>W niedziel\u0119 wszyscy spotkali si\u0119 na \u015bniadaniu w kawiarni Kunsthalle T\u00fcbingen przed zwiedzaniem wystawy hiperrealizmu \"prawie \u017cywy\". Po po\u0142udniowej zupie dyniowej na tarasie domu Betz, rozpocz\u0119\u0142a si\u0119 podr\u00f3\u017c powrotna samochodem i samolotem.<\/p>\n<p><a href=\"http:\/\/www.freiefarbe.de\/wp-content\/uploads\/2017\/03\/mg-formular.zip\">Ka\u017cdy, kto chcia\u0142by wesprze\u0107 freieFarbe e.V. i zosta\u0107 cz\u0142onkiem, jest do tego serdecznie zaproszony.<\/a> Stowarzyszenie korzysta nie tylko z bezpo\u015bredniej wsp\u00f3\u0142pracy niezwykle aktywnego zarz\u0105du stowarzyszenia, ale tak\u017ce ze sk\u0142adek cz\u0142onkowskich, pomys\u0142\u00f3w i sugestii szerokiej bazy zwolennik\u00f3w.<\/p>\n<p>Nast\u0119pne wydarzenie: Prezentacja naszego nowego CIELAB HLC Colour Atlas XL i DIN SPEC 16699 na corocznej konferencji \"Deutsche farbwissenschaftliche Gesellschaft e.V.\" w Hohenstein Laboratories w B\u00f6nnigheim w dniu 10 pa\u017adziernika 2018 r.<\/p>\n<p>&nbsp;<\/p>","protected":false},"excerpt":{"rendered":"<p>W ostatni weekend wrze\u015bnia w Tybindze odby\u0142o si\u0119 spotkanie cz\u0142onk\u00f3w stowarzyszenia freieFarbe e.V.. Od pi\u0105tku do niedzieli ludzie pracowali, dyskutowali, tworzyli koncepcje i, jak wida\u0107 na zdj\u0119ciu, \u201egrzebali\u201c w nowych produktach i pomys\u0142ach nad rzek\u0105 Neckar przy najlepszej pogodzie. Po pi\u0105tkowym spotkaniu ze specjalistami od zarz\u0105dzania kolorem z GMG, kt\u00f3rzy wspieraj\u0105 stowarzyszenie oprogramowaniem i no\u015bnikami proof, po po\u0142udniu kontynuowano prace nad nowym atlasem kolor\u00f3w CIELAB HLC, a dzie\u0144 zako\u0144czono tarte flamb\u00e9e i winem w domu Matthiasa Betza. Nast\u0119pnie w sobot\u0119 ... <\/p>\n<p class=\"read-more-container\"><a title=\"freieFarbe e.V. - Przegl\u0105d walnego zgromadzenia i zapowied\u017a\" class=\"read-more button\" href=\"http:\/\/blog.proofs.de\/pl\/freiefarbe-e-v-rueckblick-mitgliederversammlung-und-vorschau\/#more-2156\" aria-label=\"Dowiedz si\u0119 wi\u0119cej o freieFarbe e.V. - Przegl\u0105d walnego zgromadzenia i zapowied\u017a\">Czytaj wi\u0119cej<\/a><\/p>","protected":false},"author":2,"featured_media":2158,"comment_status":"open","ping_status":"open","sticky":false,"template":"","format":"standard","meta":{"om_disable_all_campaigns":false,"inline_featured_image":false,"_monsterinsights_skip_tracking":false,"footnotes":""},"categories":[1,120],"tags":[679,680,732,803,539,1037],"class_list":["post-2156","post","type-post","status-publish","format-standard","has-post-thumbnail","hentry","category-allgemein","category-kategorie-proof-gmbh","tag-freiefarbe","tag-freiefarbe-e-v","tag-matthias-betz","tag-mitgliederversammlung","tag-proof-gmbh","tag-tuebingen","generate-columns","tablet-grid-50","mobile-grid-100","grid-parent","grid-50","no-featured-image-padding","resize-featured-image"],"aioseo_notices":[],"aioseo_head":"\n\t\t<!-- All in One SEO 5.0.1.1 - aioseo.com -->\n\t<meta name=\"description\" content=\"Von Freitag bis Sonntag wurde gearbeitet, diskutiert, konzipiert und bei bestem Wetter auf dem Neckar in und mit neuen Produkten und Ideen &quot;gestochert&quot;.\" \/>\n\t<meta name=\"robots\" content=\"max-image-preview:large\" \/>\n\t<meta name=\"author\" content=\"Matthias Betz\"\/>\n\t<meta name=\"google-site-verification\" content=\"TuXxyRwxcEg2-WfOaQ8vScWQh3-uBAnxXmY7g3GT90A\" \/>\n\t<meta name=\"keywords\" content=\"freiefarbe,freiefarbe e.v.,mitgliederversammlung,proof gmbh,matthias betz,t\u00fcbingen,freiefarbe,freiefarbe e.v.,matthias betz,mitgliederversammlung,proof gmbh,t\u00fcbingen\" \/>\n\t<link rel=\"canonical\" href=\"http:\/\/blog.proofs.de\/pl\/freiefarbe-e-v-rueckblick-mitgliederversammlung-und-vorschau\/\" \/>\n\t<meta name=\"generator\" content=\"All in One SEO (AIOSEO) 5.0.1.1\" \/>\n\n\t\t<meta name=\"seobility\" content=\"593a8578143db71543f014978c690d47\">\n\t\t<meta property=\"og:locale\" content=\"pl_PL\" \/>\n\t\t<meta property=\"og:site_name\" content=\"Proof.de | Alles zu Proof, Farbmanagement, Grafik, Messtechnik &amp; Co.\" \/>\n\t\t<meta property=\"og:type\" content=\"article\" \/>\n\t\t<meta property=\"og:title\" content=\"freieFarbe e.V. R\u00fcckblick Mitgliederversammlung | proof.de\" \/>\n\t\t<meta property=\"og:description\" content=\"Von Freitag bis Sonntag wurde gearbeitet, diskutiert, konzipiert und bei bestem Wetter auf dem Neckar in und mit neuen Produkten und Ideen &quot;gestochert&quot;.\" \/>\n\t\t<meta property=\"og:url\" content=\"http:\/\/blog.proofs.de\/pl\/freiefarbe-e-v-rueckblick-mitgliederversammlung-und-vorschau\/\" \/>\n\t\t<meta property=\"og:image\" content=\"http:\/\/blog.proofs.de\/wp-content\/uploads\/2018\/10\/freieFarbe_Mitgliederversammlung_Tuebingen_2018-e1539040905961.jpeg\" \/>\n\t\t<meta property=\"og:image:width\" content=\"1512\" \/>\n\t\t<meta property=\"og:image:height\" content=\"2016\" \/>\n\t\t<meta property=\"article:published_time\" content=\"2018-10-05T23:33:42+00:00\" \/>\n\t\t<meta property=\"article:modified_time\" content=\"2020-05-08T00:16:41+00:00\" \/>\n\t\t<meta property=\"article:publisher\" content=\"https:\/\/www.facebook.com\/Proof.de\/\" \/>\n\t\t<meta name=\"twitter:card\" content=\"summary\" \/>\n\t\t<meta name=\"twitter:title\" content=\"freieFarbe e.V. R\u00fcckblick Mitgliederversammlung | proof.de\" \/>\n\t\t<meta name=\"twitter:description\" content=\"Von Freitag bis Sonntag wurde gearbeitet, diskutiert, konzipiert und bei bestem Wetter auf dem Neckar in und mit neuen Produkten und Ideen &quot;gestochert&quot;.\" \/>\n\t\t<meta name=\"twitter:image\" content=\"https:\/\/blog1.proofen.de\/wp-content\/uploads\/2020\/04\/proof_background.jpg\" \/>\n\t\t<script type=\"application\/ld+json\" class=\"aioseo-schema\">\n\t\t\t{\"@context\":\"https:\\\/\\\/schema.org\",\"@graph\":[{\"@type\":\"Article\",\"@id\":\"http:\\\/\\\/blog.proofs.de\\\/pl\\\/freiefarbe-e-v-rueckblick-mitgliederversammlung-und-vorschau\\\/#article\",\"name\":\"freieFarbe e.V. R\\u00fcckblick Mitgliederversammlung | proof.de\",\"headline\":\"freieFarbe e.V. &#8211; R\\u00fcckblick Mitgliederversammlung und Vorschau\",\"author\":{\"@id\":\"http:\\\/\\\/blog.proofs.de\\\/pl\\\/author\\\/mbetz\\\/#author\"},\"publisher\":{\"@id\":\"http:\\\/\\\/blog.proofs.de\\\/pl\\\/#organization\"},\"image\":{\"@type\":\"ImageObject\",\"url\":\"https:\\\/\\\/blog.proofs.de\\\/wp-content\\\/uploads\\\/2018\\\/10\\\/freieFarbe_Mitgliederversammlung_Tuebingen_2018-e1539040905961.jpeg\",\"width\":1512,\"height\":2016,\"caption\":\"Besuch der Hyperrealismus Ausstellung \\\"almost alive\\\" in der Kunsthalle T\\u00fcbingen\"},\"datePublished\":\"2018-10-06T01:33:42+02:00\",\"dateModified\":\"2020-05-08T02:16:41+02:00\",\"inLanguage\":\"pl-PL\",\"mainEntityOfPage\":{\"@id\":\"http:\\\/\\\/blog.proofs.de\\\/pl\\\/freiefarbe-e-v-rueckblick-mitgliederversammlung-und-vorschau\\\/#webpage\"},\"isPartOf\":{\"@id\":\"http:\\\/\\\/blog.proofs.de\\\/pl\\\/freiefarbe-e-v-rueckblick-mitgliederversammlung-und-vorschau\\\/#webpage\"},\"articleSection\":\"Allgemein, Proof GmbH, freieFarbe, freieFarbe e.V., Matthias Betz, Mitgliederversammlung, Proof GmbH, T\\u00fcbingen\"},{\"@type\":\"BreadcrumbList\",\"@id\":\"http:\\\/\\\/blog.proofs.de\\\/pl\\\/freiefarbe-e-v-rueckblick-mitgliederversammlung-und-vorschau\\\/#breadcrumblist\",\"itemListElement\":[{\"@type\":\"ListItem\",\"@id\":\"http:\\\/\\\/blog.proofs.de\\\/pl#listItem\",\"position\":1,\"name\":\"Home\",\"item\":\"http:\\\/\\\/blog.proofs.de\\\/pl\",\"nextItem\":{\"@type\":\"ListItem\",\"@id\":\"http:\\\/\\\/blog.proofs.de\\\/pl\\\/thema\\\/proof-wissen\\\/#listItem\",\"name\":\"Proof Wissen\"}},{\"@type\":\"ListItem\",\"@id\":\"http:\\\/\\\/blog.proofs.de\\\/pl\\\/thema\\\/proof-wissen\\\/#listItem\",\"position\":2,\"name\":\"Proof Wissen\",\"item\":\"http:\\\/\\\/blog.proofs.de\\\/pl\\\/thema\\\/proof-wissen\\\/\",\"nextItem\":{\"@type\":\"ListItem\",\"@id\":\"http:\\\/\\\/blog.proofs.de\\\/pl\\\/thema\\\/proof-wissen\\\/kategorie-proof-gmbh\\\/#listItem\",\"name\":\"Proof GmbH\"},\"previousItem\":{\"@type\":\"ListItem\",\"@id\":\"http:\\\/\\\/blog.proofs.de\\\/pl#listItem\",\"name\":\"Home\"}},{\"@type\":\"ListItem\",\"@id\":\"http:\\\/\\\/blog.proofs.de\\\/pl\\\/thema\\\/proof-wissen\\\/kategorie-proof-gmbh\\\/#listItem\",\"position\":3,\"name\":\"Proof GmbH\",\"item\":\"http:\\\/\\\/blog.proofs.de\\\/pl\\\/thema\\\/proof-wissen\\\/kategorie-proof-gmbh\\\/\",\"nextItem\":{\"@type\":\"ListItem\",\"@id\":\"http:\\\/\\\/blog.proofs.de\\\/pl\\\/freiefarbe-e-v-rueckblick-mitgliederversammlung-und-vorschau\\\/#listItem\",\"name\":\"freieFarbe e.V. &#8211; R\\u00fcckblick Mitgliederversammlung und Vorschau\"},\"previousItem\":{\"@type\":\"ListItem\",\"@id\":\"http:\\\/\\\/blog.proofs.de\\\/pl\\\/thema\\\/proof-wissen\\\/#listItem\",\"name\":\"Proof Wissen\"}},{\"@type\":\"ListItem\",\"@id\":\"http:\\\/\\\/blog.proofs.de\\\/pl\\\/freiefarbe-e-v-rueckblick-mitgliederversammlung-und-vorschau\\\/#listItem\",\"position\":4,\"name\":\"freieFarbe e.V. &#8211; R\\u00fcckblick Mitgliederversammlung und Vorschau\",\"previousItem\":{\"@type\":\"ListItem\",\"@id\":\"http:\\\/\\\/blog.proofs.de\\\/pl\\\/thema\\\/proof-wissen\\\/kategorie-proof-gmbh\\\/#listItem\",\"name\":\"Proof GmbH\"}}]},{\"@type\":\"Organization\",\"@id\":\"http:\\\/\\\/blog.proofs.de\\\/pl\\\/#organization\",\"name\":\"Proof GmbH\",\"description\":\"Farbverbindlicher Proof, Farbproof, Digitalproof und Online-Proof.\",\"url\":\"http:\\\/\\\/blog.proofs.de\\\/pl\\\/\",\"telephone\":\"+4970717952740\",\"logo\":{\"@type\":\"ImageObject\",\"url\":\"https:\\\/\\\/blog1.proofen.de\\\/wp-content\\\/uploads\\\/2019\\\/09\\\/logo_proof_rgb_mit_balken_250px.png\",\"@id\":\"http:\\\/\\\/blog.proofs.de\\\/pl\\\/freiefarbe-e-v-rueckblick-mitgliederversammlung-und-vorschau\\\/#organizationLogo\"},\"image\":{\"@id\":\"http:\\\/\\\/blog.proofs.de\\\/pl\\\/freiefarbe-e-v-rueckblick-mitgliederversammlung-und-vorschau\\\/#organizationLogo\"},\"sameAs\":[\"https:\\\/\\\/www.facebook.com\\\/Proof.de\\\/\",\"https:\\\/\\\/www.instagram.com\\\/proof.de\\\/\",\"https:\\\/\\\/www.tiktok.com\\\/@proof_de\",\"https:\\\/\\\/www.youtube.com\\\/channel\\\/UCk80fQVQ25wC9wu3SywB-Nw\",\"https:\\\/\\\/www.linkedin.com\\\/company\\\/proof-de\"]},{\"@type\":\"Person\",\"@id\":\"http:\\\/\\\/blog.proofs.de\\\/pl\\\/author\\\/mbetz\\\/#author\",\"url\":\"http:\\\/\\\/blog.proofs.de\\\/pl\\\/author\\\/mbetz\\\/\",\"name\":\"Matthias Betz\",\"image\":{\"@type\":\"ImageObject\",\"@id\":\"http:\\\/\\\/blog.proofs.de\\\/pl\\\/freiefarbe-e-v-rueckblick-mitgliederversammlung-und-vorschau\\\/#authorImage\",\"url\":\"https:\\\/\\\/blog.proofs.de\\\/wp-content\\\/uploads\\\/2020\\\/10\\\/matthias-betz-e1603934518350-150x150.png\",\"width\":96,\"height\":96,\"caption\":\"Matthias Betz\"}},{\"@type\":\"WebPage\",\"@id\":\"http:\\\/\\\/blog.proofs.de\\\/pl\\\/freiefarbe-e-v-rueckblick-mitgliederversammlung-und-vorschau\\\/#webpage\",\"url\":\"http:\\\/\\\/blog.proofs.de\\\/pl\\\/freiefarbe-e-v-rueckblick-mitgliederversammlung-und-vorschau\\\/\",\"name\":\"freieFarbe e.V. R\\u00fcckblick Mitgliederversammlung | proof.de\",\"description\":\"Von Freitag bis Sonntag wurde gearbeitet, diskutiert, konzipiert und bei bestem Wetter auf dem Neckar in und mit neuen Produkten und Ideen \\\"gestochert\\\".\",\"inLanguage\":\"pl-PL\",\"isPartOf\":{\"@id\":\"http:\\\/\\\/blog.proofs.de\\\/pl\\\/#website\"},\"breadcrumb\":{\"@id\":\"http:\\\/\\\/blog.proofs.de\\\/pl\\\/freiefarbe-e-v-rueckblick-mitgliederversammlung-und-vorschau\\\/#breadcrumblist\"},\"author\":{\"@id\":\"http:\\\/\\\/blog.proofs.de\\\/pl\\\/author\\\/mbetz\\\/#author\"},\"creator\":{\"@id\":\"http:\\\/\\\/blog.proofs.de\\\/pl\\\/author\\\/mbetz\\\/#author\"},\"image\":{\"@type\":\"ImageObject\",\"url\":\"https:\\\/\\\/blog.proofs.de\\\/wp-content\\\/uploads\\\/2018\\\/10\\\/freieFarbe_Mitgliederversammlung_Tuebingen_2018-e1539040905961.jpeg\",\"@id\":\"http:\\\/\\\/blog.proofs.de\\\/pl\\\/freiefarbe-e-v-rueckblick-mitgliederversammlung-und-vorschau\\\/#mainImage\",\"width\":1512,\"height\":2016,\"caption\":\"Besuch der Hyperrealismus Ausstellung \\\"almost alive\\\" in der Kunsthalle T\\u00fcbingen\"},\"primaryImageOfPage\":{\"@id\":\"http:\\\/\\\/blog.proofs.de\\\/pl\\\/freiefarbe-e-v-rueckblick-mitgliederversammlung-und-vorschau\\\/#mainImage\"},\"datePublished\":\"2018-10-06T01:33:42+02:00\",\"dateModified\":\"2020-05-08T02:16:41+02:00\"},{\"@type\":\"WebSite\",\"@id\":\"http:\\\/\\\/blog.proofs.de\\\/pl\\\/#website\",\"url\":\"http:\\\/\\\/blog.proofs.de\\\/pl\\\/\",\"name\":\"Proof.de\",\"description\":\"Farbverbindlicher Proof, Farbproof, Digitalproof und Online-Proof.\",\"inLanguage\":\"pl-PL\",\"publisher\":{\"@id\":\"http:\\\/\\\/blog.proofs.de\\\/pl\\\/#organization\"}}]}\n\t\t<\/script>\n\t\t<!-- All in One SEO -->\n\n","aioseo_head_json":{"title":"Walne Zgromadzenie Rewizyjne freieFarbe e.V. | proof.de","description":"Od pi\u0105tku do niedzieli ludzie pracowali, dyskutowali, tworzyli koncepcje i \"grzebali\" w nowych produktach i pomys\u0142ach nad rzek\u0105 Neckar przy najlepszej pogodzie.","canonical_url":"http:\/\/blog.proofs.de\/pl\/freiefarbe-e-v-rueckblick-mitgliederversammlung-und-vorschau\/","robots":"max-image-preview:large","keywords":"freiefarbe,freiefarbe e.v.,mitgliederversammlung,proof gmbh,matthias betz,t\u00fcbingen,freiefarbe,freiefarbe e.v.,matthias betz,mitgliederversammlung,proof gmbh,t\u00fcbingen","webmasterTools":{"google-site-verification":"TuXxyRwxcEg2-WfOaQ8vScWQh3-uBAnxXmY7g3GT90A","miscellaneous":"&lt;meta name=\"seobility\" content=\"593a8578143db71543f014978c690d47\"&gt;"},"schema":{"@context":"https:\/\/schema.org","@graph":[{"@type":"Article","@id":"http:\/\/blog.proofs.de\/pl\/freiefarbe-e-v-rueckblick-mitgliederversammlung-und-vorschau\/#article","name":"freieFarbe e.V. R\u00fcckblick Mitgliederversammlung | proof.de","headline":"freieFarbe e.V. &#8211; R\u00fcckblick Mitgliederversammlung und Vorschau","author":{"@id":"http:\/\/blog.proofs.de\/pl\/author\/mbetz\/#author"},"publisher":{"@id":"http:\/\/blog.proofs.de\/pl\/#organization"},"image":{"@type":"ImageObject","url":"https:\/\/blog.proofs.de\/wp-content\/uploads\/2018\/10\/freieFarbe_Mitgliederversammlung_Tuebingen_2018-e1539040905961.jpeg","width":1512,"height":2016,"caption":"Besuch der Hyperrealismus Ausstellung \"almost alive\" in der Kunsthalle T\u00fcbingen"},"datePublished":"2018-10-06T01:33:42+02:00","dateModified":"2020-05-08T02:16:41+02:00","inLanguage":"pl-PL","mainEntityOfPage":{"@id":"http:\/\/blog.proofs.de\/pl\/freiefarbe-e-v-rueckblick-mitgliederversammlung-und-vorschau\/#webpage"},"isPartOf":{"@id":"http:\/\/blog.proofs.de\/pl\/freiefarbe-e-v-rueckblick-mitgliederversammlung-und-vorschau\/#webpage"},"articleSection":"Allgemein, Proof GmbH, freieFarbe, freieFarbe e.V., Matthias Betz, Mitgliederversammlung, Proof GmbH, T\u00fcbingen"},{"@type":"BreadcrumbList","@id":"http:\/\/blog.proofs.de\/pl\/freiefarbe-e-v-rueckblick-mitgliederversammlung-und-vorschau\/#breadcrumblist","itemListElement":[{"@type":"ListItem","@id":"http:\/\/blog.proofs.de\/pl#listItem","position":1,"name":"Home","item":"http:\/\/blog.proofs.de\/pl","nextItem":{"@type":"ListItem","@id":"http:\/\/blog.proofs.de\/pl\/thema\/proof-wissen\/#listItem","name":"Proof Wissen"}},{"@type":"ListItem","@id":"http:\/\/blog.proofs.de\/pl\/thema\/proof-wissen\/#listItem","position":2,"name":"Proof Wissen","item":"http:\/\/blog.proofs.de\/pl\/thema\/proof-wissen\/","nextItem":{"@type":"ListItem","@id":"http:\/\/blog.proofs.de\/pl\/thema\/proof-wissen\/kategorie-proof-gmbh\/#listItem","name":"Proof GmbH"},"previousItem":{"@type":"ListItem","@id":"http:\/\/blog.proofs.de\/pl#listItem","name":"Home"}},{"@type":"ListItem","@id":"http:\/\/blog.proofs.de\/pl\/thema\/proof-wissen\/kategorie-proof-gmbh\/#listItem","position":3,"name":"Proof GmbH","item":"http:\/\/blog.proofs.de\/pl\/thema\/proof-wissen\/kategorie-proof-gmbh\/","nextItem":{"@type":"ListItem","@id":"http:\/\/blog.proofs.de\/pl\/freiefarbe-e-v-rueckblick-mitgliederversammlung-und-vorschau\/#listItem","name":"freieFarbe e.V. &#8211; R\u00fcckblick Mitgliederversammlung und Vorschau"},"previousItem":{"@type":"ListItem","@id":"http:\/\/blog.proofs.de\/pl\/thema\/proof-wissen\/#listItem","name":"Proof Wissen"}},{"@type":"ListItem","@id":"http:\/\/blog.proofs.de\/pl\/freiefarbe-e-v-rueckblick-mitgliederversammlung-und-vorschau\/#listItem","position":4,"name":"freieFarbe e.V. &#8211; R\u00fcckblick Mitgliederversammlung und Vorschau","previousItem":{"@type":"ListItem","@id":"http:\/\/blog.proofs.de\/pl\/thema\/proof-wissen\/kategorie-proof-gmbh\/#listItem","name":"Proof GmbH"}}]},{"@type":"Organization","@id":"http:\/\/blog.proofs.de\/pl\/#organization","name":"Proof GmbH","description":"Farbverbindlicher Proof, Farbproof, Digitalproof und Online-Proof.","url":"http:\/\/blog.proofs.de\/pl\/","telephone":"+4970717952740","logo":{"@type":"ImageObject","url":"https:\/\/blog1.proofen.de\/wp-content\/uploads\/2019\/09\/logo_proof_rgb_mit_balken_250px.png","@id":"http:\/\/blog.proofs.de\/pl\/freiefarbe-e-v-rueckblick-mitgliederversammlung-und-vorschau\/#organizationLogo"},"image":{"@id":"http:\/\/blog.proofs.de\/pl\/freiefarbe-e-v-rueckblick-mitgliederversammlung-und-vorschau\/#organizationLogo"},"sameAs":["https:\/\/www.facebook.com\/Proof.de\/","https:\/\/www.instagram.com\/proof.de\/","https:\/\/www.tiktok.com\/@proof_de","https:\/\/www.youtube.com\/channel\/UCk80fQVQ25wC9wu3SywB-Nw","https:\/\/www.linkedin.com\/company\/proof-de"]},{"@type":"Person","@id":"http:\/\/blog.proofs.de\/pl\/author\/mbetz\/#author","url":"http:\/\/blog.proofs.de\/pl\/author\/mbetz\/","name":"Matthias Betz","image":{"@type":"ImageObject","@id":"http:\/\/blog.proofs.de\/pl\/freiefarbe-e-v-rueckblick-mitgliederversammlung-und-vorschau\/#authorImage","url":"https:\/\/blog.proofs.de\/wp-content\/uploads\/2020\/10\/matthias-betz-e1603934518350-150x150.png","width":96,"height":96,"caption":"Matthias Betz"}},{"@type":"WebPage","@id":"http:\/\/blog.proofs.de\/pl\/freiefarbe-e-v-rueckblick-mitgliederversammlung-und-vorschau\/#webpage","url":"http:\/\/blog.proofs.de\/pl\/freiefarbe-e-v-rueckblick-mitgliederversammlung-und-vorschau\/","name":"freieFarbe e.V. R\u00fcckblick Mitgliederversammlung | proof.de","description":"Von Freitag bis Sonntag wurde gearbeitet, diskutiert, konzipiert und bei bestem Wetter auf dem Neckar in und mit neuen Produkten und Ideen \"gestochert\".","inLanguage":"pl-PL","isPartOf":{"@id":"http:\/\/blog.proofs.de\/pl\/#website"},"breadcrumb":{"@id":"http:\/\/blog.proofs.de\/pl\/freiefarbe-e-v-rueckblick-mitgliederversammlung-und-vorschau\/#breadcrumblist"},"author":{"@id":"http:\/\/blog.proofs.de\/pl\/author\/mbetz\/#author"},"creator":{"@id":"http:\/\/blog.proofs.de\/pl\/author\/mbetz\/#author"},"image":{"@type":"ImageObject","url":"https:\/\/blog.proofs.de\/wp-content\/uploads\/2018\/10\/freieFarbe_Mitgliederversammlung_Tuebingen_2018-e1539040905961.jpeg","@id":"http:\/\/blog.proofs.de\/pl\/freiefarbe-e-v-rueckblick-mitgliederversammlung-und-vorschau\/#mainImage","width":1512,"height":2016,"caption":"Besuch der Hyperrealismus Ausstellung \"almost alive\" in der Kunsthalle T\u00fcbingen"},"primaryImageOfPage":{"@id":"http:\/\/blog.proofs.de\/pl\/freiefarbe-e-v-rueckblick-mitgliederversammlung-und-vorschau\/#mainImage"},"datePublished":"2018-10-06T01:33:42+02:00","dateModified":"2020-05-08T02:16:41+02:00"},{"@type":"WebSite","@id":"http:\/\/blog.proofs.de\/pl\/#website","url":"http:\/\/blog.proofs.de\/pl\/","name":"Proof.de","description":"Farbverbindlicher Proof, Farbproof, Digitalproof und Online-Proof.","inLanguage":"pl-PL","publisher":{"@id":"http:\/\/blog.proofs.de\/pl\/#organization"}}]},"og:locale":"pl_PL","og:site_name":"Proof.de | Alles zu Proof, Farbmanagement, Grafik, Messtechnik &amp; Co.","og:type":"article","og:title":"freieFarbe e.V. R\u00fcckblick Mitgliederversammlung | proof.de","og:description":"Von Freitag bis Sonntag wurde gearbeitet, diskutiert, konzipiert und bei bestem Wetter auf dem Neckar in und mit neuen Produkten und Ideen &quot;gestochert&quot;.","og:url":"http:\/\/blog.proofs.de\/pl\/freiefarbe-e-v-rueckblick-mitgliederversammlung-und-vorschau\/","og:image":"http:\/\/blog.proofs.de\/wp-content\/uploads\/2018\/10\/freieFarbe_Mitgliederversammlung_Tuebingen_2018-e1539040905961.jpeg","og:image:width":1512,"og:image:height":2016,"article:published_time":"2018-10-05T23:33:42+00:00","article:modified_time":"2020-05-08T00:16:41+00:00","article:publisher":"https:\/\/www.facebook.com\/Proof.de\/","twitter:card":"summary","twitter:title":"freieFarbe e.V. R\u00fcckblick Mitgliederversammlung | proof.de","twitter:description":"Von Freitag bis Sonntag wurde gearbeitet, diskutiert, konzipiert und bei bestem Wetter auf dem Neckar in und mit neuen Produkten und Ideen &quot;gestochert&quot;.","twitter:image":"https:\/\/blog1.proofen.de\/wp-content\/uploads\/2020\/04\/proof_background.jpg"},"aioseo_meta_data":{"post_id":"2156","title":"Stowarzyszenie \u201efreieFarbe e.V.\u201d \u2013 Podsumowanie walnego zgromadzenia cz\u0142onk\u00f3w | proof.de","description":"Od pi\u0105tku do niedzieli pracowali\u015bmy, dyskutowali\u015bmy, opracowywali\u015bmy koncepcje oraz \u2013 przy doskona\u0142ej pogodzie \u2013 \"eksperymentowali\u015bmy\" na rzece Neckar, wykorzystuj\u0105c nowe produkty i pomys\u0142y.","keywords":[{"label":"freieFarbe,freieFarbe e.V.,Mitgliederversammlung,Proof GmbH,Matthias Betz,T\u00fcbingen","value":"freieFarbe,freieFarbe e.V.,Mitgliederversammlung,Proof GmbH,Matthias Betz,T\u00fcbingen"}],"keyphrases":null,"primary_term":null,"canonical_url":null,"og_title":null,"og_description":null,"og_object_type":"default","og_image_type":"default","og_image_url":null,"og_image_width":null,"og_image_height":null,"og_image_custom_url":null,"og_image_custom_fields":null,"og_video":null,"og_custom_url":null,"og_article_section":null,"og_article_tags":null,"twitter_use_og":false,"twitter_card":"default","twitter_image_type":"default","twitter_image_url":null,"twitter_image_custom_url":null,"twitter_image_custom_fields":null,"twitter_title":null,"twitter_description":null,"schema":{"blockGraphs":[],"customGraphs":[],"default":{"data":{"Article":[],"Course":[],"Dataset":[],"FAQPage":[],"Movie":[],"Person":[],"Product":[],"ProductReview":[],"Car":[],"Recipe":[],"Service":[],"SoftwareApplication":[],"WebPage":[]},"graphName":"","isEnabled":true},"graphs":[],"defaultGraph":"","defaultPostTypeGraph":""},"schema_type":null,"schema_type_options":null,"pillar_content":false,"robots_default":true,"robots_noindex":false,"robots_noarchive":false,"robots_nosnippet":false,"robots_nofollow":false,"robots_noimageindex":false,"robots_noodp":false,"robots_notranslate":false,"robots_max_snippet":null,"robots_max_videopreview":null,"robots_max_imagepreview":"large","priority":null,"frequency":null,"local_seo":null,"breadcrumb_settings":null,"limit_modified_date":false,"ai":null,"created":"2020-12-21 00:33:58","updated":"2025-06-04 14:23:05","seo_analyzer_scan_date":null,"focus_keyword":null,"additional_keywords":null,"truseo_locale":null},"_links":{"self":[{"href":"http:\/\/blog.proofs.de\/pl\/wp-json\/wp\/v2\/posts\/2156","targetHints":{"allow":["GET"]}}],"collection":[{"href":"http:\/\/blog.proofs.de\/pl\/wp-json\/wp\/v2\/posts"}],"about":[{"href":"http:\/\/blog.proofs.de\/pl\/wp-json\/wp\/v2\/types\/post"}],"author":[{"embeddable":true,"href":"http:\/\/blog.proofs.de\/pl\/wp-json\/wp\/v2\/users\/2"}],"replies":[{"embeddable":true,"href":"http:\/\/blog.proofs.de\/pl\/wp-json\/wp\/v2\/comments?post=2156"}],"version-history":[{"count":6,"href":"http:\/\/blog.proofs.de\/pl\/wp-json\/wp\/v2\/posts\/2156\/revisions"}],"predecessor-version":[{"id":3325,"href":"http:\/\/blog.proofs.de\/pl\/wp-json\/wp\/v2\/posts\/2156\/revisions\/3325"}],"wp:featuredmedia":[{"embeddable":true,"href":"http:\/\/blog.proofs.de\/pl\/wp-json\/wp\/v2\/media\/2158"}],"wp:attachment":[{"href":"http:\/\/blog.proofs.de\/pl\/wp-json\/wp\/v2\/media?parent=2156"}],"wp:term":[{"taxonomy":"category","embeddable":true,"href":"http:\/\/blog.proofs.de\/pl\/wp-json\/wp\/v2\/categories?post=2156"},{"taxonomy":"post_tag","embeddable":true,"href":"http:\/\/blog.proofs.de\/pl\/wp-json\/wp\/v2\/tags?post=2156"}],"curies":[{"name":"wp","href":"https:\/\/api.w.org\/{rel}","templated":true}]}}