{"id":4991,"date":"2022-08-05T01:56:05","date_gmt":"2022-08-04T23:56:05","guid":{"rendered":"https:\/\/www.proof.de\/?p=4991"},"modified":"2022-08-05T01:59:08","modified_gmt":"2022-08-04T23:59:08","slug":"cyfrowa-czesto-oznacza-problemy-z-kolorem-w-drugiej-kolejnosci","status":"publish","type":"post","link":"http:\/\/blog.proofs.de\/pl\/digital-first-heisst-oft-farbprobleme-second\/","title":{"rendered":"\"Digital first\" cz\u0119sto oznacza: \"Colour problems second!\"."},"content":{"rendered":"<div class=\"kk-star-ratings kksr-auto kksr-align-right kksr-valign-top\" data-payload='{\"align\":\"right\",\"id\":\"4991\",\"slug\":\"default\",\"valign\":\"top\",\"ignore\":\"\",\"reference\":\"auto\",\"class\":\"\",\"count\":\"4\",\"legendonly\":\"\",\"readonly\":\"\",\"score\":\"4\",\"starsonly\":\"\",\"best\":\"5\",\"gap\":\"5\",\"greet\":\"Jetzt bewerten\",\"legend\":\"4\\\/5 - (4 votes)\",\"size\":\"24\",\"title\":\"\\u0026quot;Digital First\\u0026quot; hei&szlig;t oft: \\u0026quot;Farbprobleme Second!\\u0026quot;\",\"width\":\"113.5\",\"_legend\":\"{score}\\\/{best} - ({count} {votes})\",\"font_factor\":\"1.25\"}'>\n            \n<div class=\"kksr-stars\">\n    \n<div class=\"kksr-stars-inactive\">\n            <div class=\"kksr-star\" data-star=\"1\" style=\"padding-right: 5px\">\n            \n\n<div class=\"kksr-icon\" style=\"width: 24px; height: 24px;\"><\/div>\n        <\/div>\n            <div class=\"kksr-star\" data-star=\"2\" style=\"padding-right: 5px\">\n            \n\n<div class=\"kksr-icon\" style=\"width: 24px; height: 24px;\"><\/div>\n        <\/div>\n            <div class=\"kksr-star\" data-star=\"3\" style=\"padding-right: 5px\">\n            \n\n<div class=\"kksr-icon\" style=\"width: 24px; height: 24px;\"><\/div>\n        <\/div>\n            <div class=\"kksr-star\" data-star=\"4\" style=\"padding-right: 5px\">\n            \n\n<div class=\"kksr-icon\" style=\"width: 24px; height: 24px;\"><\/div>\n        <\/div>\n            <div class=\"kksr-star\" data-star=\"5\" style=\"padding-right: 5px\">\n            \n\n<div class=\"kksr-icon\" style=\"width: 24px; height: 24px;\"><\/div>\n        <\/div>\n    <\/div>\n    \n<div class=\"kksr-stars-active\" style=\"width: 113.5px;\">\n            <div class=\"kksr-star\" style=\"padding-right: 5px\">\n            \n\n<div class=\"kksr-icon\" style=\"width: 24px; height: 24px;\"><\/div>\n        <\/div>\n            <div class=\"kksr-star\" style=\"padding-right: 5px\">\n            \n\n<div class=\"kksr-icon\" style=\"width: 24px; height: 24px;\"><\/div>\n        <\/div>\n            <div class=\"kksr-star\" style=\"padding-right: 5px\">\n            \n\n<div class=\"kksr-icon\" style=\"width: 24px; height: 24px;\"><\/div>\n        <\/div>\n            <div class=\"kksr-star\" style=\"padding-right: 5px\">\n            \n\n<div class=\"kksr-icon\" style=\"width: 24px; height: 24px;\"><\/div>\n        <\/div>\n            <div class=\"kksr-star\" style=\"padding-right: 5px\">\n            \n\n<div class=\"kksr-icon\" style=\"width: 24px; height: 24px;\"><\/div>\n        <\/div>\n    <\/div>\n<\/div>\n                \n\n<div class=\"kksr-legend\" style=\"font-size: 19.2px;\">\n            4\/5 - (4 g\u0142osy)    <\/div>\n    <\/div>\n\n<p class=\"wp-block-paragraph translation-block\">Ostatnio coraz cz\u0119\u015bciej otrzymujemy <a href=\"https:\/\/blog1.proofen.de\/es\/lexico-2\/gestion-del-color\/\" target=\"_self\" class=\"encyclopedia tooltipstered\">zapytania o doradztwo w zakresie zarz\u0105dzania kolorami<\/a>, gdy projekty \"digital first\" osi\u0105gaj\u0105 swoje granice: Mianowicie, gdy za kilka miesi\u0119cy lub lat pojawi si\u0119 pierwsza prezentacja na targach, pierwszy raport roczny lub pierwszy katalog w klasycznym druku online. I w\u0142a\u015bnie w tym momencie wszyscy zaanga\u017cowani zdaj\u0105 sobie spraw\u0119, \u017ce nawet nie wiedz\u0105, jak ich strategia kolorystyczna \"digital first\" powinna wygl\u0105da\u0107 w druku. Ale sp\u00f3jrzmy na problem od pocz\u0105tku:<\/p>\n\n\n\n<h2 class=\"wp-block-heading\">Digital First = pierwszy priorytet dla cyfrowych medi\u00f3w online. Ale co, je\u015bli nadejdzie presja?<\/h2>\n\n\n\n<p class=\"wp-block-paragraph translation-block\">Nawet w przypadku du\u017cych globalnych korporacji i ma\u0142ych firm, do projekt\u00f3w lub przeprojektowa\u0144 cz\u0119sto stosuje si\u0119 nast\u0119puj\u0105c\u0105 zasad\u0119: najpierw opracowujemy wszystko dla technologii cyfrowej. Agencje tworz\u0105 zatem <a href=\"https:\/\/blog1.proofen.de\/es\/lexico-2\/diseno-corporativo\/\" target=\"_self\" class=\"encyclopedia tooltipstered\">projekty korporacyjne<\/a> dla nowych <a href=\"https:\/\/blog1.proofen.de\/es\/lexico-2\/rgb\/\" target=\"_self\" class=\"encyclopedia tooltipstered\">\u015bwiat\u00f3w kolor\u00f3w RGB<\/a>, cz\u0119sto z wyra\u017anymi, nasyconymi kolorami ekranowymi i mocnymi pastelowymi odcieniami. A je\u015bli kolory s\u0105 u\u017cywane dla r\u00f3\u017cnych produkt\u00f3w lub linii komunikacyjnych, w\u00f3wczas tworzony jest, prezentowany i zatwierdzany kompletny korporacyjny \u015bwiat kolor\u00f3w z wieloma korporacyjnymi kolorami projektowymi w RGB, uruchamiane jest portfolio prezentacji online, a firma jest prezentowana cyfrowo w nowym \u015bwietle korporacyjnego designu.<\/p>\n\n\n\n<p class=\"wp-block-paragraph\">Na pocz\u0105tku wszystko dzia\u0142a dobrze i ka\u017cdy patrzy na to na swoim monitorze i jest zadowolony. Ale rok p\u00f3\u017aniej przychodz\u0105 pierwsze targi i pierwszy wydrukowany raport roczny. W porz\u0105dku, agencja i klient my\u015bl\u0105, we\u017amy nasze \"pierwsze cyfrowe\" kolory i wydrukujmy je offsetowo na naszym raporcie rocznym oraz w druku cyfrowym na naszej \u015bcianie wystawowej i plakatach. Ale zanim pierwszy szkic projektu wyjdzie z drukarki laserowej, a drukarka wydrukuje pierwsze strony katalogu, nadejdzie czas na \u015bniadanie z kolorowym kacem. <\/p>\n\n\n\n<ul class=\"wp-block-list\"><li><strong>\"O cholera, to wygl\u0105da zupe\u0142nie inaczej ni\u017c wersja online na moim monitorze\".<\/strong><\/li><li><strong>\"Niebieski jest teraz zbyt fioletowy, prawda? A mo\u017ce fiolet jest teraz niebieski?<\/strong><\/li><li><strong>\"Wygl\u0105da\u0142o to jako\u015b inaczej i lepiej w prezentacji na du\u017cym ekranie telewizora, prawda?\".<\/strong><\/li><li class=\"translation-block\"><strong>\"Wyra\u017ana ultramaryna jest do\u015b\u0107 wyblak\u0142a i blada na <a href=\"https:\/\/blog1.proofen.de\/es\/lexico-2\/papel-natural\/\" target=\"_self\" class=\"encyclopedia tooltipstered\">naturalnym papierze<\/a>...\"<\/strong>.<\/li><li class=\"translation-block\"><strong>\"Pomys\u0142: Drukujemy za pomoc\u0105 <a href=\"https:\/\/blog1.proofen.de\/es\/lexico-2\/pantone\/\" target=\"_self\" class=\"encyclopedia tooltipstered\">kolor\u00f3w PANTONE<\/a>, wtedy staje si\u0119 bardziej kolorowy. Ale kt\u00f3re? <\/strong><\/li><li><strong>\"W przypadku Heinera wachlarz PANTONE \u015bwietnie pasowa\u0142 do ekranu, ale w przypadku Ingrid ju\u017c nie\".<\/strong><\/li><li class=\"translation-block\">\"<strong>I jak, trzy kolory PANTONE i <a href=\"https:\/\/blog1.proofen.de\/es\/lexico-2\/cmyk\/\" target=\"_self\" class=\"encyclopedia tooltipstered\">CMYK<\/a> w druku <\/strong><strong>kosztuj\u0105<\/strong> <strong>znacznie wi\u0119cej?\" <\/strong>.<\/li><\/ul>\n\n\n\n<p class=\"wp-block-paragraph translation-block\">Najp\u00f3\u017aniej w tym momencie wszyscy zaanga\u017cowani zdaj\u0105 sobie spraw\u0119, \u017ce sprawy staj\u0105 si\u0119 trudne i \u017ce maj\u0105 przed sob\u0105 du\u017co pracy. We\u017amy konkretny przyk\u0142ad z przesz\u0142o\u015bci: Dla ponad 10 odcieni kolor\u00f3w <a href=\"https:\/\/blog1.proofen.de\/es\/lexico-2\/srgb\/\" target=\"_self\" class=\"encyclopedia tooltipstered\">sRGB<\/a> nale\u017cy szybko znale\u017a\u0107 odpowiedniki dla <a href=\"https:\/\/blog1.proofen.de\/es\/lexico-2\/color-especial\/\" target=\"_self\" class=\"encyclopedia tooltipstered\">kolor\u00f3w specjalnych<\/a>n i CMYK dla druku obraz\u00f3w i papieru niepowlekanego. Pojawiaj\u0105 si\u0119 tu wa\u017cne pytania:<\/p>\n\n\n\n<ul class=\"wp-block-list\"><li>Kto i na podstawie jakich opinii zdecydowa\u0142 rok temu o projekcie kolorystycznym?<\/li><li>Czy widzieli kolory na monitorze? Na projektorze? Na iPadzie? Na telewizorze z du\u017cym ekranem? Czy by\u0142y skalibrowane? <\/li><li>Czy chc\u0105 Pa\u0144stwo drukowa\u0107 w systemie PANTONE, CMYK czy w obu? Coated? Uncoated?<\/li><li>\"Drukarnia by\u0142a na tyle uprzejma, \u017ce wybra\u0142a kolor PANTONE dla wszystkich odcieni\".<\/li><li>Kolor PANTONE? Dla Coated i Uncoated? Od czego zacz\u0119li? I jak okre\u015blili najbardziej odpowiedni kolor PANTONE? Na oko? Na podstawie pomiar\u00f3w? Na podstawie oblicze\u0144?<\/li><\/ul>\n\n\n\n<h3 class=\"wp-block-heading\">Proof.de umo\u017cliwia drukowanie kolorowych \u015bwiat\u00f3w \"Digital First\".<\/h3>\n\n\n<div class=\"wp-block-image\">\n<figure class=\"alignright size-full\"><a href=\"https:\/\/blog1.proofen.de\/wp-content\/uploads\/2022\/07\/proof_de_PANTONE_CMYK.jpg\"><img loading=\"lazy\" decoding=\"async\" width=\"550\" height=\"550\" src=\"https:\/\/blog1.proofen.de\/wp-content\/uploads\/2022\/07\/proof_de_PANTONE_CMYK.jpg\" alt=\"\" class=\"wp-image-4997\" srcset=\"https:\/\/blog.proofs.de\/wp-content\/uploads\/2022\/07\/proof_de_PANTONE_CMYK.jpg 550w, https:\/\/blog.proofs.de\/wp-content\/uploads\/2022\/07\/proof_de_PANTONE_CMYK-300x300.jpg 300w, https:\/\/blog.proofs.de\/wp-content\/uploads\/2022\/07\/proof_de_PANTONE_CMYK-150x150.jpg 150w, https:\/\/blog.proofs.de\/wp-content\/uploads\/2022\/07\/proof_de_PANTONE_CMYK-80x80.jpg 80w, https:\/\/blog.proofs.de\/wp-content\/uploads\/2022\/07\/proof_de_PANTONE_CMYK-60x60.jpg 60w\" sizes=\"auto, (max-width: 550px) 100vw, 550px\"><\/a><\/figure>\n<\/div>\n\n\n<p class=\"wp-block-paragraph translation-block\">Byli\u015bmy ju\u017c w stanie wesprze\u0107 wielu klient\u00f3w w procesie podejmowania decyzji i konwersji kolor\u00f3w online sRGB \"Digital First\" na kolory do druku. Nie oznacza to, \u017ce byli\u015bmy w stanie znale\u017a\u0107 optymaln\u0105 konwersj\u0119 w CMYK lub PANTONE dla wszystkich kolor\u00f3w online. Oznacza to jednak, \u017ce byli\u015bmy w stanie okre\u015bli\u0107 dobre warto\u015bci konwersji dla wszystkich kolor\u00f3w, a w przypadku silnych odchyle\u0144 byli\u015bmy w stanie wyja\u015bni\u0107, dlaczego tak si\u0119 sta\u0142o i na podstawie jakich kryteri\u00f3w zdecydowali\u015bmy si\u0119 na najlepsz\u0105 z kiepskich konwersji. Jak daleko by\u0142 oryginalny kolor \"Out of <a href=\"https:\/\/blog1.proofen.de\/es\/lexico-2\/gama\/\" target=\"_self\" class=\"encyclopedia tooltipstered\">Gamut<\/a>\"? Czy lepiej jest d\u0105\u017cy\u0107 do jak najwi\u0119kszej kolorystyki, czy do jak najlepszego ekwiwalentu jasno\u015bci, kt\u00f3ry mo\u017ce by\u0107 wtedy mniej kolorowy? Czy mo\u017cemy u\u017cy\u0107 tego samego koloru punktowego PANTONE do drukowania obraz\u00f3w i papieru niepowlekanego, czy te\u017c u\u017cywamy r\u00f3\u017cnych kolor\u00f3w dla Coated i Uncoated?<\/p>\n\n\n\n<h3 class=\"wp-block-heading\">Nie polegamy na hokus-pokus w takich zadaniach doradztwa kolorystycznego, ale na pomiarach, okre\u015blaniu i obliczaniu odleg\u0142o\u015bci kolor\u00f3w. <\/h3>\n\n\n\n<p class=\"wp-block-paragraph translation-block\">Cz\u0119sto \u0142atwiej jest rozmawia\u0107 o kolorach, je\u015bli m\u00f3wi si\u0119 o pomiarach, a nie o odczuciach. Matryca kolor\u00f3w mo\u017ce by\u0107 cz\u0119sto u\u017cywana do pokazania, jak mniej lub wi\u0119cej cyjanu i magenty b\u0119dzie wygl\u0105da\u0107 w mieszance kolor\u00f3w. Maj\u0105c pr\u00f3bk\u0119 lub wachlarz jako odniesienie, kolory mo\u017cna \u0142atwiej pr\u00f3bkowa\u0107 i \u0142atwiej jest zrozumie\u0107, gdzie le\u017c\u0105 ograniczenia konwersji CMYK i <a href=\"https:\/\/blog1.proofen.de\/es\/lexico-2\/espacio-cromatico\/\" target=\"_self\" class=\"encyclopedia tooltipstered\">przestrzeni kolor\u00f3w<\/a>.<\/p>\n\n\n<div class=\"wp-block-image\">\n<figure class=\"alignleft size-large\"><a href=\"https:\/\/blog1.proofen.de\/wp-content\/uploads\/2022\/07\/PANTONE_zu_CMYK_Optimierung_Farbmatrix_Magenta_Cyan_Proof_de.jpg\"><img loading=\"lazy\" decoding=\"async\" width=\"1004\" height=\"1024\" src=\"https:\/\/blog1.proofen.de\/wp-content\/uploads\/2022\/07\/PANTONE_zu_CMYK_Optimierung_Farbmatrix_Magenta_Cyan_Proof_de-1004x1024.jpg\" alt=\"Optymalizacja PANTONE do CMYK Proof.de: Matryca kolor\u00f3w do dopasowywania istniej\u0105cych wydruk\u00f3w i wzorc\u00f3w kolor\u00f3w, takich jak wachlarze PANTONE lub powlekane referencje.\" class=\"wp-image-4994\" title=\"Optymalizacja PANTONE do CMYK dla Proof.de\" srcset=\"https:\/\/blog.proofs.de\/wp-content\/uploads\/2022\/07\/PANTONE_zu_CMYK_Optimierung_Farbmatrix_Magenta_Cyan_Proof_de-1004x1024.jpg 1004w, https:\/\/blog.proofs.de\/wp-content\/uploads\/2022\/07\/PANTONE_zu_CMYK_Optimierung_Farbmatrix_Magenta_Cyan_Proof_de-294x300.jpg 294w, https:\/\/blog.proofs.de\/wp-content\/uploads\/2022\/07\/PANTONE_zu_CMYK_Optimierung_Farbmatrix_Magenta_Cyan_Proof_de-768x783.jpg 768w, https:\/\/blog.proofs.de\/wp-content\/uploads\/2022\/07\/PANTONE_zu_CMYK_Optimierung_Farbmatrix_Magenta_Cyan_Proof_de-1506x1536.jpg 1506w, https:\/\/blog.proofs.de\/wp-content\/uploads\/2022\/07\/PANTONE_zu_CMYK_Optimierung_Farbmatrix_Magenta_Cyan_Proof_de-60x60.jpg 60w, https:\/\/blog.proofs.de\/wp-content\/uploads\/2022\/07\/PANTONE_zu_CMYK_Optimierung_Farbmatrix_Magenta_Cyan_Proof_de.jpg 1882w\" sizes=\"auto, (max-width: 1004px) 100vw, 1004px\"><\/a><\/figure>\n<\/div>\n\n\n<p class=\"wp-block-paragraph translation-block\">Ostatecznie wsp\u00f3\u0142pracujemy z klientem, aby okre\u015bli\u0107 najlepsz\u0105 implementacj\u0119 kolor\u00f3w dla jego zastosowania: je\u015bli uk\u0142ad jest napisany na kolorowym polu kolor\u00f3w sRGB z bia\u0142ym napisem, prawdopodobnie bardziej pomocne b\u0119dzie u\u017cycie bardziej nasyconej i nieco ciemniejszej warto\u015bci koloru, co zwi\u0119kszy kontrast i czytelno\u015b\u0107 bia\u0142ego napisu na kolorowym tle. Z drugiej strony, je\u015bli pisz\u0105 Pa\u0144stwo w kolorze czarnym na powierzchni, cz\u0119sto pomocne jest utrzymanie jasno\u015bci zbli\u017conej do orygina\u0142u sRGB lub PANTONE i obej\u015bcie si\u0119 bez \"wi\u0119kszej\" ilo\u015bci kolor\u00f3w. D<a href=\"https:\/\/blog1.proofen.de\/es\/lexico-2\/efi\/\" target=\"_self\" class=\"encyclopedia tooltipstered\">efi<\/a>Czy u\u017cywamy r\u00f3\u017cnych kolor\u00f3w PANTONE dla Coated i Uncoated, czy u\u017cywamy tylko jednego koloru ze wzgl\u0119du na jednolito\u015b\u0107 i \u0142atwo\u015b\u0107 komunikacji? I czy u\u017cywamy tych samych warto\u015bci CMYK dla druku obraz\u00f3w i papieru niepowlekanego z tych samych powod\u00f3w, czy z r\u00f3\u017cnych?<\/p>\n\n\n\n<h3 class=\"wp-block-heading\">Potrzebuj\u0105 Pa\u0144stwo konwersji sRGB na CMYK? Prosz\u0119 skontaktowa\u0107 si\u0119 z nami.<\/h3>\n\n\n\n<p class=\"wp-block-paragraph\">Je\u015bli potrzebuj\u0105 Pa\u0144stwo przekonwertowa\u0107 kolory RGB z projekt\u00f3w \"Digital First\" na CMYK, prosimy o kontakt z nami w dowolnym momencie. Doradzimy i pomo\u017cemy w spos\u00f3b przejrzysty i kompetentny oraz wesprzemy Pa\u0144stwa w osi\u0105gni\u0119ciu najlepszego mo\u017cliwego rozwi\u0105zania dla Pa\u0144stwa i z Pa\u0144stwem.<\/p>","protected":false},"excerpt":{"rendered":"<p>W ostatnim czasie otrzymujemy coraz wi\u0119cej zapyta\u0144 o doradztwo w zakresie zarz\u0105dzania kolorem, w kt\u00f3rych projekty \"digital first\" osi\u0105gaj\u0105 swoje granice: Mianowicie, gdy pierwsze targi, pierwszy raport roczny lub pierwszy katalog w klasycznym druku online ma si\u0119 ukaza\u0107 za kilka miesi\u0119cy lub lat. I w\u0142a\u015bnie w tym momencie wszyscy zaanga\u017cowani zdaj\u0105 sobie spraw\u0119, \u017ce nawet nie wiedz\u0105, jak ich strategia kolorystyczna \"digital first\" powinna wygl\u0105da\u0107 w druku. Ale sp\u00f3jrzmy na problem od pocz\u0105tku: digital first = priorytet dla cyfrowych medi\u00f3w online. Ale co, je\u015bli chodzi o druk? Nawet w przypadku du\u017cych globalnych korporacji i ma\u0142ych ... <\/p>\n<p class=\"read-more-container\"><a title=\"&quot;Digital first&quot; cz\u0119sto oznacza: &quot;Colour problems second!&quot;.\" class=\"read-more button\" href=\"http:\/\/blog.proofs.de\/pl\/digital-first-heisst-oft-farbprobleme-second\/#more-4991\" aria-label=\"Dowiedz si\u0119 wi\u0119cej o \u201eDigital First\u201c cz\u0119sto oznacza: \u201eProblemy z kolorem na drugim miejscu!\u201c.\u201c\">Czytaj wi\u0119cej<\/a><\/p>","protected":false},"author":2,"featured_media":4994,"comment_status":"open","ping_status":"open","sticky":false,"template":"","format":"standard","meta":{"om_disable_all_campaigns":false,"inline_featured_image":false,"_monsterinsights_skip_tracking":false,"footnotes":""},"categories":[1,436],"tags":[1200,1328,690,1330,1332,526,541,549,1331],"class_list":["post-4991","post","type-post","status-publish","format-standard","has-post-thumbnail","hentry","category-allgemein","category-pantone-und-hks","tag-corporate-design","tag-digital-first","tag-farbmanagement","tag-farbmanagement-beratung","tag-farbmanagement-consulting","tag-pantone","tag-rgb","tag-srgb","tag-srgb-farben","generate-columns","tablet-grid-50","mobile-grid-100","grid-parent","grid-50","no-featured-image-padding","resize-featured-image"],"aioseo_notices":[],"aioseo_head":"\n\t\t<!-- All in One SEO 5.0.1.1 - aioseo.com -->\n\t<meta name=\"description\" content=\"Immer \u00f6fter erreichen uns in letzter Zeit Farbmanagement-Anfragen, bei denen &quot;Digital First&quot;-Designs an ihre Grenzen geraten. Hier k\u00f6nnen wir gezielt helfen.\" \/>\n\t<meta name=\"robots\" content=\"max-image-preview:large\" \/>\n\t<meta name=\"author\" content=\"Matthias Betz\"\/>\n\t<meta name=\"google-site-verification\" content=\"TuXxyRwxcEg2-WfOaQ8vScWQh3-uBAnxXmY7g3GT90A\" \/>\n\t<meta name=\"keywords\" content=\"corporate design,digital first,farbmanagement,farbmanagement beratung,farbmanagement consulting,pantone,rgb,srgb,srgb farben\" \/>\n\t<link rel=\"canonical\" href=\"http:\/\/blog.proofs.de\/pl\/digital-first-heisst-oft-farbprobleme-second\/\" \/>\n\t<meta name=\"generator\" content=\"All in One SEO (AIOSEO) 5.0.1.1\" \/>\n\n\t\t<meta name=\"seobility\" content=\"593a8578143db71543f014978c690d47\">\n\t\t<meta property=\"og:locale\" content=\"pl_PL\" \/>\n\t\t<meta property=\"og:site_name\" content=\"Proof.de | Alles zu Proof, Farbmanagement, Grafik, Messtechnik &amp; Co.\" \/>\n\t\t<meta property=\"og:type\" content=\"article\" \/>\n\t\t<meta property=\"og:title\" content=\"\u201eDigital First\u201c hei\u00dft oft: \u201eFarbprobleme Second!\u201c | proof.de\" \/>\n\t\t<meta property=\"og:description\" content=\"Immer \u00f6fter erreichen uns in letzter Zeit Farbmanagement-Anfragen, bei denen &quot;Digital First&quot;-Designs an ihre Grenzen geraten. Hier k\u00f6nnen wir gezielt helfen.\" \/>\n\t\t<meta property=\"og:url\" content=\"http:\/\/blog.proofs.de\/pl\/digital-first-heisst-oft-farbprobleme-second\/\" \/>\n\t\t<meta property=\"og:image\" content=\"http:\/\/blog.proofs.de\/wp-content\/uploads\/2022\/07\/PANTONE_zu_CMYK_Optimierung_Farbmatrix_Magenta_Cyan_Proof_de.jpg\" \/>\n\t\t<meta property=\"og:image:width\" content=\"1882\" \/>\n\t\t<meta property=\"og:image:height\" content=\"1919\" \/>\n\t\t<meta property=\"article:published_time\" content=\"2022-08-04T23:56:05+00:00\" \/>\n\t\t<meta property=\"article:modified_time\" content=\"2022-08-04T23:59:08+00:00\" \/>\n\t\t<meta property=\"article:publisher\" content=\"https:\/\/www.facebook.com\/Proof.de\/\" \/>\n\t\t<meta name=\"twitter:card\" content=\"summary\" \/>\n\t\t<meta name=\"twitter:title\" content=\"\u201eDigital First\u201c hei\u00dft oft: \u201eFarbprobleme Second!\u201c | proof.de\" \/>\n\t\t<meta name=\"twitter:description\" content=\"Immer \u00f6fter erreichen uns in letzter Zeit Farbmanagement-Anfragen, bei denen &quot;Digital First&quot;-Designs an ihre Grenzen geraten. Hier k\u00f6nnen wir gezielt helfen.\" \/>\n\t\t<meta name=\"twitter:image\" content=\"https:\/\/blog.proofs.de\/wp-content\/uploads\/2022\/07\/PANTONE_zu_CMYK_Optimierung_Farbmatrix_Magenta_Cyan_Proof_de.jpg\" \/>\n\t\t<script type=\"application\/ld+json\" class=\"aioseo-schema\">\n\t\t\t{\"@context\":\"https:\\\/\\\/schema.org\",\"@graph\":[{\"@type\":\"Article\",\"@id\":\"http:\\\/\\\/blog.proofs.de\\\/pl\\\/digital-first-heisst-oft-farbprobleme-second\\\/#article\",\"name\":\"\\u201eDigital First\\u201c hei\\u00dft oft: \\u201eFarbprobleme Second!\\u201c | proof.de\",\"headline\":\"&#8222;Digital First&#8220; hei\\u00dft oft: &#8222;Farbprobleme Second!&#8220;\",\"author\":{\"@id\":\"http:\\\/\\\/blog.proofs.de\\\/pl\\\/author\\\/mbetz\\\/#author\"},\"publisher\":{\"@id\":\"http:\\\/\\\/blog.proofs.de\\\/pl\\\/#organization\"},\"image\":{\"@type\":\"ImageObject\",\"url\":\"https:\\\/\\\/blog.proofs.de\\\/wp-content\\\/uploads\\\/2022\\\/07\\\/PANTONE_zu_CMYK_Optimierung_Farbmatrix_Magenta_Cyan_Proof_de.jpg\",\"width\":1882,\"height\":1919,\"caption\":\"PANTONE oder sRGB zu CMYK Optimierung\"},\"datePublished\":\"2022-08-05T01:56:05+02:00\",\"dateModified\":\"2022-08-05T01:59:08+02:00\",\"inLanguage\":\"pl-PL\",\"commentCount\":2,\"mainEntityOfPage\":{\"@id\":\"http:\\\/\\\/blog.proofs.de\\\/pl\\\/digital-first-heisst-oft-farbprobleme-second\\\/#webpage\"},\"isPartOf\":{\"@id\":\"http:\\\/\\\/blog.proofs.de\\\/pl\\\/digital-first-heisst-oft-farbprobleme-second\\\/#webpage\"},\"articleSection\":\"Allgemein, Pantone und HKS, Corporate Design, Digital First, Farbmanagement, Farbmanagement Beratung, Farbmanagement Consulting, Pantone, RGB, sRGB, sRGB Farben\"},{\"@type\":\"BreadcrumbList\",\"@id\":\"http:\\\/\\\/blog.proofs.de\\\/pl\\\/digital-first-heisst-oft-farbprobleme-second\\\/#breadcrumblist\",\"itemListElement\":[{\"@type\":\"ListItem\",\"@id\":\"http:\\\/\\\/blog.proofs.de\\\/pl#listItem\",\"position\":1,\"name\":\"Home\",\"item\":\"http:\\\/\\\/blog.proofs.de\\\/pl\",\"nextItem\":{\"@type\":\"ListItem\",\"@id\":\"http:\\\/\\\/blog.proofs.de\\\/pl\\\/thema\\\/proof-wissen\\\/#listItem\",\"name\":\"Proof Wissen\"}},{\"@type\":\"ListItem\",\"@id\":\"http:\\\/\\\/blog.proofs.de\\\/pl\\\/thema\\\/proof-wissen\\\/#listItem\",\"position\":2,\"name\":\"Proof Wissen\",\"item\":\"http:\\\/\\\/blog.proofs.de\\\/pl\\\/thema\\\/proof-wissen\\\/\",\"nextItem\":{\"@type\":\"ListItem\",\"@id\":\"http:\\\/\\\/blog.proofs.de\\\/pl\\\/thema\\\/proof-wissen\\\/pantone-und-hks\\\/#listItem\",\"name\":\"Pantone und HKS\"},\"previousItem\":{\"@type\":\"ListItem\",\"@id\":\"http:\\\/\\\/blog.proofs.de\\\/pl#listItem\",\"name\":\"Home\"}},{\"@type\":\"ListItem\",\"@id\":\"http:\\\/\\\/blog.proofs.de\\\/pl\\\/thema\\\/proof-wissen\\\/pantone-und-hks\\\/#listItem\",\"position\":3,\"name\":\"Pantone und HKS\",\"item\":\"http:\\\/\\\/blog.proofs.de\\\/pl\\\/thema\\\/proof-wissen\\\/pantone-und-hks\\\/\",\"nextItem\":{\"@type\":\"ListItem\",\"@id\":\"http:\\\/\\\/blog.proofs.de\\\/pl\\\/digital-first-heisst-oft-farbprobleme-second\\\/#listItem\",\"name\":\"&#8222;Digital First&#8220; hei\\u00dft oft: &#8222;Farbprobleme Second!&#8220;\"},\"previousItem\":{\"@type\":\"ListItem\",\"@id\":\"http:\\\/\\\/blog.proofs.de\\\/pl\\\/thema\\\/proof-wissen\\\/#listItem\",\"name\":\"Proof Wissen\"}},{\"@type\":\"ListItem\",\"@id\":\"http:\\\/\\\/blog.proofs.de\\\/pl\\\/digital-first-heisst-oft-farbprobleme-second\\\/#listItem\",\"position\":4,\"name\":\"&#8222;Digital First&#8220; hei\\u00dft oft: &#8222;Farbprobleme Second!&#8220;\",\"previousItem\":{\"@type\":\"ListItem\",\"@id\":\"http:\\\/\\\/blog.proofs.de\\\/pl\\\/thema\\\/proof-wissen\\\/pantone-und-hks\\\/#listItem\",\"name\":\"Pantone und HKS\"}}]},{\"@type\":\"Organization\",\"@id\":\"http:\\\/\\\/blog.proofs.de\\\/pl\\\/#organization\",\"name\":\"Proof GmbH\",\"description\":\"Farbverbindlicher Proof, Farbproof, Digitalproof und Online-Proof.\",\"url\":\"http:\\\/\\\/blog.proofs.de\\\/pl\\\/\",\"telephone\":\"+4970717952740\",\"logo\":{\"@type\":\"ImageObject\",\"url\":\"https:\\\/\\\/blog1.proofen.de\\\/wp-content\\\/uploads\\\/2019\\\/09\\\/logo_proof_rgb_mit_balken_250px.png\",\"@id\":\"http:\\\/\\\/blog.proofs.de\\\/pl\\\/digital-first-heisst-oft-farbprobleme-second\\\/#organizationLogo\"},\"image\":{\"@id\":\"http:\\\/\\\/blog.proofs.de\\\/pl\\\/digital-first-heisst-oft-farbprobleme-second\\\/#organizationLogo\"},\"sameAs\":[\"https:\\\/\\\/www.facebook.com\\\/Proof.de\\\/\",\"https:\\\/\\\/www.instagram.com\\\/proof.de\\\/\",\"https:\\\/\\\/www.tiktok.com\\\/@proof_de\",\"https:\\\/\\\/www.youtube.com\\\/channel\\\/UCk80fQVQ25wC9wu3SywB-Nw\",\"https:\\\/\\\/www.linkedin.com\\\/company\\\/proof-de\"]},{\"@type\":\"Person\",\"@id\":\"http:\\\/\\\/blog.proofs.de\\\/pl\\\/author\\\/mbetz\\\/#author\",\"url\":\"http:\\\/\\\/blog.proofs.de\\\/pl\\\/author\\\/mbetz\\\/\",\"name\":\"Matthias Betz\",\"image\":{\"@type\":\"ImageObject\",\"@id\":\"http:\\\/\\\/blog.proofs.de\\\/pl\\\/digital-first-heisst-oft-farbprobleme-second\\\/#authorImage\",\"url\":\"https:\\\/\\\/blog.proofs.de\\\/wp-content\\\/uploads\\\/2020\\\/10\\\/matthias-betz-e1603934518350-150x150.png\",\"width\":96,\"height\":96,\"caption\":\"Matthias Betz\"}},{\"@type\":\"WebPage\",\"@id\":\"http:\\\/\\\/blog.proofs.de\\\/pl\\\/digital-first-heisst-oft-farbprobleme-second\\\/#webpage\",\"url\":\"http:\\\/\\\/blog.proofs.de\\\/pl\\\/digital-first-heisst-oft-farbprobleme-second\\\/\",\"name\":\"\\u201eDigital First\\u201c hei\\u00dft oft: \\u201eFarbprobleme Second!\\u201c | proof.de\",\"description\":\"Immer \\u00f6fter erreichen uns in letzter Zeit Farbmanagement-Anfragen, bei denen \\\"Digital First\\\"-Designs an ihre Grenzen geraten. Hier k\\u00f6nnen wir gezielt helfen.\",\"inLanguage\":\"pl-PL\",\"isPartOf\":{\"@id\":\"http:\\\/\\\/blog.proofs.de\\\/pl\\\/#website\"},\"breadcrumb\":{\"@id\":\"http:\\\/\\\/blog.proofs.de\\\/pl\\\/digital-first-heisst-oft-farbprobleme-second\\\/#breadcrumblist\"},\"author\":{\"@id\":\"http:\\\/\\\/blog.proofs.de\\\/pl\\\/author\\\/mbetz\\\/#author\"},\"creator\":{\"@id\":\"http:\\\/\\\/blog.proofs.de\\\/pl\\\/author\\\/mbetz\\\/#author\"},\"image\":{\"@type\":\"ImageObject\",\"url\":\"https:\\\/\\\/blog.proofs.de\\\/wp-content\\\/uploads\\\/2022\\\/07\\\/PANTONE_zu_CMYK_Optimierung_Farbmatrix_Magenta_Cyan_Proof_de.jpg\",\"@id\":\"http:\\\/\\\/blog.proofs.de\\\/pl\\\/digital-first-heisst-oft-farbprobleme-second\\\/#mainImage\",\"width\":1882,\"height\":1919,\"caption\":\"PANTONE oder sRGB zu CMYK Optimierung\"},\"primaryImageOfPage\":{\"@id\":\"http:\\\/\\\/blog.proofs.de\\\/pl\\\/digital-first-heisst-oft-farbprobleme-second\\\/#mainImage\"},\"datePublished\":\"2022-08-05T01:56:05+02:00\",\"dateModified\":\"2022-08-05T01:59:08+02:00\"},{\"@type\":\"WebSite\",\"@id\":\"http:\\\/\\\/blog.proofs.de\\\/pl\\\/#website\",\"url\":\"http:\\\/\\\/blog.proofs.de\\\/pl\\\/\",\"name\":\"Proof.de\",\"description\":\"Farbverbindlicher Proof, Farbproof, Digitalproof und Online-Proof.\",\"inLanguage\":\"pl-PL\",\"publisher\":{\"@id\":\"http:\\\/\\\/blog.proofs.de\\\/pl\\\/#organization\"}}]}\n\t\t<\/script>\n\t\t<!-- All in One SEO -->\n\n","aioseo_head_json":{"title":"\"Digital first\" cz\u0119sto oznacza: \"Colour problems second!\". | proof.de","description":"Ostatnio otrzymujemy coraz wi\u0119cej zapyta\u0144 dotycz\u0105cych zarz\u0105dzania kolorami, w kt\u00f3rych projekty \"digital first\" osi\u0105gaj\u0105 swoje granice. W tym przypadku mo\u017cemy zapewni\u0107 Pa\u0144stwu ukierunkowan\u0105 pomoc.","canonical_url":"http:\/\/blog.proofs.de\/pl\/digital-first-heisst-oft-farbprobleme-second\/","robots":"max-image-preview:large","keywords":"corporate design,digital first,farbmanagement,farbmanagement beratung,farbmanagement consulting,pantone,rgb,srgb,srgb farben","webmasterTools":{"google-site-verification":"TuXxyRwxcEg2-WfOaQ8vScWQh3-uBAnxXmY7g3GT90A","miscellaneous":"&lt;meta name=\"seobility\" content=\"593a8578143db71543f014978c690d47\"&gt;"},"schema":{"@context":"https:\/\/schema.org","@graph":[{"@type":"Article","@id":"http:\/\/blog.proofs.de\/pl\/digital-first-heisst-oft-farbprobleme-second\/#article","name":"\u201eDigital First\u201c hei\u00dft oft: \u201eFarbprobleme Second!\u201c | proof.de","headline":"&#8222;Digital First&#8220; hei\u00dft oft: &#8222;Farbprobleme Second!&#8220;","author":{"@id":"http:\/\/blog.proofs.de\/pl\/author\/mbetz\/#author"},"publisher":{"@id":"http:\/\/blog.proofs.de\/pl\/#organization"},"image":{"@type":"ImageObject","url":"https:\/\/blog.proofs.de\/wp-content\/uploads\/2022\/07\/PANTONE_zu_CMYK_Optimierung_Farbmatrix_Magenta_Cyan_Proof_de.jpg","width":1882,"height":1919,"caption":"PANTONE oder sRGB zu CMYK Optimierung"},"datePublished":"2022-08-05T01:56:05+02:00","dateModified":"2022-08-05T01:59:08+02:00","inLanguage":"pl-PL","commentCount":2,"mainEntityOfPage":{"@id":"http:\/\/blog.proofs.de\/pl\/digital-first-heisst-oft-farbprobleme-second\/#webpage"},"isPartOf":{"@id":"http:\/\/blog.proofs.de\/pl\/digital-first-heisst-oft-farbprobleme-second\/#webpage"},"articleSection":"Allgemein, Pantone und HKS, Corporate Design, Digital First, Farbmanagement, Farbmanagement Beratung, Farbmanagement Consulting, Pantone, RGB, sRGB, sRGB Farben"},{"@type":"BreadcrumbList","@id":"http:\/\/blog.proofs.de\/pl\/digital-first-heisst-oft-farbprobleme-second\/#breadcrumblist","itemListElement":[{"@type":"ListItem","@id":"http:\/\/blog.proofs.de\/pl#listItem","position":1,"name":"Home","item":"http:\/\/blog.proofs.de\/pl","nextItem":{"@type":"ListItem","@id":"http:\/\/blog.proofs.de\/pl\/thema\/proof-wissen\/#listItem","name":"Proof Wissen"}},{"@type":"ListItem","@id":"http:\/\/blog.proofs.de\/pl\/thema\/proof-wissen\/#listItem","position":2,"name":"Proof Wissen","item":"http:\/\/blog.proofs.de\/pl\/thema\/proof-wissen\/","nextItem":{"@type":"ListItem","@id":"http:\/\/blog.proofs.de\/pl\/thema\/proof-wissen\/pantone-und-hks\/#listItem","name":"Pantone und HKS"},"previousItem":{"@type":"ListItem","@id":"http:\/\/blog.proofs.de\/pl#listItem","name":"Home"}},{"@type":"ListItem","@id":"http:\/\/blog.proofs.de\/pl\/thema\/proof-wissen\/pantone-und-hks\/#listItem","position":3,"name":"Pantone und HKS","item":"http:\/\/blog.proofs.de\/pl\/thema\/proof-wissen\/pantone-und-hks\/","nextItem":{"@type":"ListItem","@id":"http:\/\/blog.proofs.de\/pl\/digital-first-heisst-oft-farbprobleme-second\/#listItem","name":"&#8222;Digital First&#8220; hei\u00dft oft: &#8222;Farbprobleme Second!&#8220;"},"previousItem":{"@type":"ListItem","@id":"http:\/\/blog.proofs.de\/pl\/thema\/proof-wissen\/#listItem","name":"Proof Wissen"}},{"@type":"ListItem","@id":"http:\/\/blog.proofs.de\/pl\/digital-first-heisst-oft-farbprobleme-second\/#listItem","position":4,"name":"&#8222;Digital First&#8220; hei\u00dft oft: &#8222;Farbprobleme Second!&#8220;","previousItem":{"@type":"ListItem","@id":"http:\/\/blog.proofs.de\/pl\/thema\/proof-wissen\/pantone-und-hks\/#listItem","name":"Pantone und HKS"}}]},{"@type":"Organization","@id":"http:\/\/blog.proofs.de\/pl\/#organization","name":"Proof GmbH","description":"Farbverbindlicher Proof, Farbproof, Digitalproof und Online-Proof.","url":"http:\/\/blog.proofs.de\/pl\/","telephone":"+4970717952740","logo":{"@type":"ImageObject","url":"https:\/\/blog1.proofen.de\/wp-content\/uploads\/2019\/09\/logo_proof_rgb_mit_balken_250px.png","@id":"http:\/\/blog.proofs.de\/pl\/digital-first-heisst-oft-farbprobleme-second\/#organizationLogo"},"image":{"@id":"http:\/\/blog.proofs.de\/pl\/digital-first-heisst-oft-farbprobleme-second\/#organizationLogo"},"sameAs":["https:\/\/www.facebook.com\/Proof.de\/","https:\/\/www.instagram.com\/proof.de\/","https:\/\/www.tiktok.com\/@proof_de","https:\/\/www.youtube.com\/channel\/UCk80fQVQ25wC9wu3SywB-Nw","https:\/\/www.linkedin.com\/company\/proof-de"]},{"@type":"Person","@id":"http:\/\/blog.proofs.de\/pl\/author\/mbetz\/#author","url":"http:\/\/blog.proofs.de\/pl\/author\/mbetz\/","name":"Matthias Betz","image":{"@type":"ImageObject","@id":"http:\/\/blog.proofs.de\/pl\/digital-first-heisst-oft-farbprobleme-second\/#authorImage","url":"https:\/\/blog.proofs.de\/wp-content\/uploads\/2020\/10\/matthias-betz-e1603934518350-150x150.png","width":96,"height":96,"caption":"Matthias Betz"}},{"@type":"WebPage","@id":"http:\/\/blog.proofs.de\/pl\/digital-first-heisst-oft-farbprobleme-second\/#webpage","url":"http:\/\/blog.proofs.de\/pl\/digital-first-heisst-oft-farbprobleme-second\/","name":"\u201eDigital First\u201c hei\u00dft oft: \u201eFarbprobleme Second!\u201c | proof.de","description":"Immer \u00f6fter erreichen uns in letzter Zeit Farbmanagement-Anfragen, bei denen \"Digital First\"-Designs an ihre Grenzen geraten. Hier k\u00f6nnen wir gezielt helfen.","inLanguage":"pl-PL","isPartOf":{"@id":"http:\/\/blog.proofs.de\/pl\/#website"},"breadcrumb":{"@id":"http:\/\/blog.proofs.de\/pl\/digital-first-heisst-oft-farbprobleme-second\/#breadcrumblist"},"author":{"@id":"http:\/\/blog.proofs.de\/pl\/author\/mbetz\/#author"},"creator":{"@id":"http:\/\/blog.proofs.de\/pl\/author\/mbetz\/#author"},"image":{"@type":"ImageObject","url":"https:\/\/blog.proofs.de\/wp-content\/uploads\/2022\/07\/PANTONE_zu_CMYK_Optimierung_Farbmatrix_Magenta_Cyan_Proof_de.jpg","@id":"http:\/\/blog.proofs.de\/pl\/digital-first-heisst-oft-farbprobleme-second\/#mainImage","width":1882,"height":1919,"caption":"PANTONE oder sRGB zu CMYK Optimierung"},"primaryImageOfPage":{"@id":"http:\/\/blog.proofs.de\/pl\/digital-first-heisst-oft-farbprobleme-second\/#mainImage"},"datePublished":"2022-08-05T01:56:05+02:00","dateModified":"2022-08-05T01:59:08+02:00"},{"@type":"WebSite","@id":"http:\/\/blog.proofs.de\/pl\/#website","url":"http:\/\/blog.proofs.de\/pl\/","name":"Proof.de","description":"Farbverbindlicher Proof, Farbproof, Digitalproof und Online-Proof.","inLanguage":"pl-PL","publisher":{"@id":"http:\/\/blog.proofs.de\/pl\/#organization"}}]},"og:locale":"pl_PL","og:site_name":"Proof.de | Alles zu Proof, Farbmanagement, Grafik, Messtechnik &amp; Co.","og:type":"article","og:title":"\u201eDigital First\u201c hei\u00dft oft: \u201eFarbprobleme Second!\u201c | proof.de","og:description":"Immer \u00f6fter erreichen uns in letzter Zeit Farbmanagement-Anfragen, bei denen &quot;Digital First&quot;-Designs an ihre Grenzen geraten. Hier k\u00f6nnen wir gezielt helfen.","og:url":"http:\/\/blog.proofs.de\/pl\/digital-first-heisst-oft-farbprobleme-second\/","og:image":"http:\/\/blog.proofs.de\/wp-content\/uploads\/2022\/07\/PANTONE_zu_CMYK_Optimierung_Farbmatrix_Magenta_Cyan_Proof_de.jpg","og:image:width":1882,"og:image:height":1919,"article:published_time":"2022-08-04T23:56:05+00:00","article:modified_time":"2022-08-04T23:59:08+00:00","article:publisher":"https:\/\/www.facebook.com\/Proof.de\/","twitter:card":"summary","twitter:title":"\u201eDigital First\u201c hei\u00dft oft: \u201eFarbprobleme Second!\u201c | proof.de","twitter:description":"Immer \u00f6fter erreichen uns in letzter Zeit Farbmanagement-Anfragen, bei denen &quot;Digital First&quot;-Designs an ihre Grenzen geraten. Hier k\u00f6nnen wir gezielt helfen.","twitter:image":"https:\/\/blog.proofs.de\/wp-content\/uploads\/2022\/07\/PANTONE_zu_CMYK_Optimierung_Farbmatrix_Magenta_Cyan_Proof_de.jpg"},"aioseo_meta_data":{"post_id":"4991","title":null,"description":"Ostatnio otrzymujemy coraz wi\u0119cej zapyta\u0144 dotycz\u0105cych zarz\u0105dzania kolorami, w kt\u00f3rych projekty \"digital first\" osi\u0105gaj\u0105 swoje granice. W tym przypadku mo\u017cemy zapewni\u0107 Pa\u0144stwu ukierunkowan\u0105 pomoc.","keywords":[],"keyphrases":{"focus":{"keyphrase":"Digital First","score":90,"analysis":{"keyphraseInTitle":{"title":"Focus keyphrase in SEO title","description":"Focus keyphrase found in SEO title.","score":9,"maxScore":9,"error":0},"keyphraseInDescription":{"title":"Focus keyphrase in meta description","description":"Focus keyphrase found in meta description.","score":9,"maxScore":9,"error":0},"keyphraseLength":{"title":"Focus keyphrase length","description":"Good job!","score":9,"maxScore":9,"error":0,"length":2},"keyphraseInURL":{"title":"Focus keyphrase in URL","description":"Focus keyphrase used in the URL.","score":5,"maxScore":5,"error":0},"keyphraseInIntroduction":{"title":"Focus keyphrase in introduction","description":"Your Focus keyphrase appears in the first paragraph. Well done!","score":9,"maxScore":9,"error":0},"keyphraseInSubHeadings":{"title":"Focus keyphrase in Subheadings","description":"Your H2 and H3 subheadings reflects the topic of your copy. Good job!","score":9,"maxScore":9,"error":0},"keyphraseInImageAlt":{"title":"Focus keyphrase in image alt attributes","description":"Focus keyphrase not found in image alt attribute(s). Add an image with your Focus keyphrase as alt text.","score":3,"maxScore":9,"error":1}}},"additional":[]},"primary_term":null,"canonical_url":null,"og_title":null,"og_description":null,"og_object_type":"default","og_image_type":"default","og_image_url":null,"og_image_width":null,"og_image_height":null,"og_image_custom_url":null,"og_image_custom_fields":null,"og_video":"","og_custom_url":null,"og_article_section":null,"og_article_tags":[],"twitter_use_og":true,"twitter_card":"default","twitter_image_type":"default","twitter_image_url":null,"twitter_image_custom_url":null,"twitter_image_custom_fields":null,"twitter_title":null,"twitter_description":null,"schema":{"blockGraphs":[],"customGraphs":[],"default":{"data":{"Article":[],"Course":[],"Dataset":[],"FAQPage":[],"Movie":[],"Person":[],"Product":[],"ProductReview":[],"Car":[],"Recipe":[],"Service":[],"SoftwareApplication":[],"WebPage":[]},"graphName":"","isEnabled":true},"graphs":[],"defaultGraph":"Article","defaultPostTypeGraph":""},"schema_type":"default","schema_type_options":"{\"article\":{\"articleType\":\"BlogPosting\"},\"course\":{\"name\":\"\",\"description\":\"\",\"provider\":\"\"},\"faq\":{\"pages\":[]},\"product\":{\"reviews\":[]},\"recipe\":{\"ingredients\":[],\"instructions\":[],\"keywords\":[]},\"software\":{\"reviews\":[],\"operatingSystems\":[]},\"webPage\":{\"webPageType\":\"WebPage\"},\"blockGraphs\":[]}","pillar_content":false,"robots_default":true,"robots_noindex":false,"robots_noarchive":false,"robots_nosnippet":false,"robots_nofollow":false,"robots_noimageindex":false,"robots_noodp":false,"robots_notranslate":false,"robots_max_snippet":"-1","robots_max_videopreview":"-1","robots_max_imagepreview":"large","priority":null,"frequency":"default","local_seo":null,"breadcrumb_settings":null,"limit_modified_date":false,"ai":null,"created":"2022-07-13 21:28:33","updated":"2025-06-04 14:28:05","seo_analyzer_scan_date":null,"focus_keyword":"Digital First","additional_keywords":null,"truseo_locale":null},"_links":{"self":[{"href":"http:\/\/blog.proofs.de\/pl\/wp-json\/wp\/v2\/posts\/4991","targetHints":{"allow":["GET"]}}],"collection":[{"href":"http:\/\/blog.proofs.de\/pl\/wp-json\/wp\/v2\/posts"}],"about":[{"href":"http:\/\/blog.proofs.de\/pl\/wp-json\/wp\/v2\/types\/post"}],"author":[{"embeddable":true,"href":"http:\/\/blog.proofs.de\/pl\/wp-json\/wp\/v2\/users\/2"}],"replies":[{"embeddable":true,"href":"http:\/\/blog.proofs.de\/pl\/wp-json\/wp\/v2\/comments?post=4991"}],"version-history":[{"count":7,"href":"http:\/\/blog.proofs.de\/pl\/wp-json\/wp\/v2\/posts\/4991\/revisions"}],"predecessor-version":[{"id":5004,"href":"http:\/\/blog.proofs.de\/pl\/wp-json\/wp\/v2\/posts\/4991\/revisions\/5004"}],"wp:featuredmedia":[{"embeddable":true,"href":"http:\/\/blog.proofs.de\/pl\/wp-json\/wp\/v2\/media\/4994"}],"wp:attachment":[{"href":"http:\/\/blog.proofs.de\/pl\/wp-json\/wp\/v2\/media?parent=4991"}],"wp:term":[{"taxonomy":"category","embeddable":true,"href":"http:\/\/blog.proofs.de\/pl\/wp-json\/wp\/v2\/categories?post=4991"},{"taxonomy":"post_tag","embeddable":true,"href":"http:\/\/blog.proofs.de\/pl\/wp-json\/wp\/v2\/tags?post=4991"}],"curies":[{"name":"wp","href":"https:\/\/api.w.org\/{rel}","templated":true}]}}