{"id":5850,"date":"2025-08-21T16:56:15","date_gmt":"2025-08-21T14:56:15","guid":{"rendered":"https:\/\/www.proof.de\/?p=5850"},"modified":"2025-08-22T11:39:55","modified_gmt":"2025-08-22T09:39:55","slug":"nieprawidlowe-wyswietlanie-skali-szarosci-w-adobe-photoshop-i-indesign","status":"publish","type":"post","link":"http:\/\/blog.proofs.de\/pl\/falsche-graustufen-darstellung-in-adobe-photoshop-und-indesign\/","title":{"rendered":"Nieprawid\u0142owe wy\u015bwietlanie skali szaro\u015bci w programach Adobe Photoshop i InDesign"},"content":{"rendered":"<div class=\"kk-star-ratings kksr-auto kksr-align-right kksr-valign-top\" data-payload='{\"align\":\"right\",\"id\":\"5850\",\"slug\":\"default\",\"valign\":\"top\",\"ignore\":\"\",\"reference\":\"auto\",\"class\":\"\",\"count\":\"16\",\"legendonly\":\"\",\"readonly\":\"\",\"score\":\"4.6\",\"starsonly\":\"\",\"best\":\"5\",\"gap\":\"5\",\"greet\":\"Jetzt bewerten\",\"legend\":\"4.6\\\/5 - (16 votes)\",\"size\":\"24\",\"title\":\"Falsche Graustufen Darstellung in Adobe Photoshop und InDesign\",\"width\":\"130.9\",\"_legend\":\"{score}\\\/{best} - ({count} {votes})\",\"font_factor\":\"1.25\"}'>\n            \n<div class=\"kksr-stars\">\n    \n<div class=\"kksr-stars-inactive\">\n            <div class=\"kksr-star\" data-star=\"1\" style=\"padding-right: 5px\">\n            \n\n<div class=\"kksr-icon\" style=\"width: 24px; height: 24px;\"><\/div>\n        <\/div>\n            <div class=\"kksr-star\" data-star=\"2\" style=\"padding-right: 5px\">\n            \n\n<div class=\"kksr-icon\" style=\"width: 24px; height: 24px;\"><\/div>\n        <\/div>\n            <div class=\"kksr-star\" data-star=\"3\" style=\"padding-right: 5px\">\n            \n\n<div class=\"kksr-icon\" style=\"width: 24px; height: 24px;\"><\/div>\n        <\/div>\n            <div class=\"kksr-star\" data-star=\"4\" style=\"padding-right: 5px\">\n            \n\n<div class=\"kksr-icon\" style=\"width: 24px; height: 24px;\"><\/div>\n        <\/div>\n            <div class=\"kksr-star\" data-star=\"5\" style=\"padding-right: 5px\">\n            \n\n<div class=\"kksr-icon\" style=\"width: 24px; height: 24px;\"><\/div>\n        <\/div>\n    <\/div>\n    \n<div class=\"kksr-stars-active\" style=\"width: 130.9px;\">\n            <div class=\"kksr-star\" style=\"padding-right: 5px\">\n            \n\n<div class=\"kksr-icon\" style=\"width: 24px; height: 24px;\"><\/div>\n        <\/div>\n            <div class=\"kksr-star\" style=\"padding-right: 5px\">\n            \n\n<div class=\"kksr-icon\" style=\"width: 24px; height: 24px;\"><\/div>\n        <\/div>\n            <div class=\"kksr-star\" style=\"padding-right: 5px\">\n            \n\n<div class=\"kksr-icon\" style=\"width: 24px; height: 24px;\"><\/div>\n        <\/div>\n            <div class=\"kksr-star\" style=\"padding-right: 5px\">\n            \n\n<div class=\"kksr-icon\" style=\"width: 24px; height: 24px;\"><\/div>\n        <\/div>\n            <div class=\"kksr-star\" style=\"padding-right: 5px\">\n            \n\n<div class=\"kksr-icon\" style=\"width: 24px; height: 24px;\"><\/div>\n        <\/div>\n    <\/div>\n<\/div>\n                \n\n<div class=\"kksr-legend\" style=\"font-size: 19.2px;\">\n            4.6\/5 - (16 votes)    <\/div>\n    <\/div>\n\n<p class=\"wp-block-paragraph\">Produkty firmy Adobe idealnie nadaj\u0105 si\u0119 do retuszowania i uk\u0142adania obraz\u00f3w oraz wsp\u00f3\u0142pracy z <a href=\"http:\/\/blog.proofs.de\/pl\/lexikon\/rgb\/\" target=\"_self\" title=\"RGB oznacza kolory czerwony, zielony i niebieski. Ludzkie widzenie kolor\u00f3w opiera si\u0119 na tych kolorach.\" class=\"encyclopedia\">RGB<\/a>- i <a href=\"http:\/\/blog.proofs.de\/pl\/lexikon\/cmyk\/\" target=\"_self\" title='CMYK oznacza cztery kolory druku: cyjan, magenta, \u017c\u00f3\u0142ty i &quot;klucz&quot; (czarny lub czarny sk\u0142adnik).' class=\"encyclopedia\">CMYK<\/a>-<a href=\"http:\/\/blog.proofs.de\/pl\/lexikon\/farbprofil\/\" target=\"_self\" title=\"Charakterystyka urz\u0105dzenia przetwarzaj\u0105cego kolory jest przechowywana w profilu kolor\u00f3w.  Takimi urz\u0105dzeniami mog\u0105 by\u0107 skanery, drukarki i monitory.  Za pomoc\u0105 profili kolor\u00f3w mo\u017cna sprawdzi\u0107, jaki zakres kolor\u00f3w mo\u017ce wy\u015bwietla\u0107 urz\u0105dzenie.&nbsp;\" class=\"encyclopedia\">Profil kolor\u00f3w<\/a>bardzo dobrze. Jednak w przypadku edycji i retuszu obraz\u00f3w w skali szaro\u015bci, na przyk\u0142ad na potrzeby czarno-bia\u0142ej ilustrowanej ksi\u0105\u017cki, do\u015bwiadczenie jest inne. Nagle obrazy wygl\u0105daj\u0105 zupe\u0142nie inaczej w programie InDesign ni\u017c w Photoshopie, a obrazy w skali szaro\u015bci s\u0105 r\u00f3wnie\u017c inaczej traktowane podczas eksportowania obrazu do pliku PDF.<\/p>\n\n\n\n<p class=\"wp-block-paragraph\">Ten artyku\u0142 wyja\u015bnia problemy z czarno-bia\u0142ymi obrazami i profilami w skali szaro\u015bci w programach InDesign i Photoshop oraz w jaki spos\u00f3b mo\u017cna przynajmniej bardziej \"poprawi\u0107 kolory\" w programach Photoshop i InDesign, nawet je\u015bli uk\u0142ady s\u0105 tworzone tylko w programie Adobe Acr<a href=\"http:\/\/blog.proofs.de\/pl\/lexikon\/oba\/\" target=\"_self\" title='OBA to skr\u00f3t od &quot;Optical Brightning Agents&quot; lub &quot;Optical Brightners&quot;.' class=\"encyclopedia\">oba<\/a>t s\u0105 ca\u0142kowicie wi\u0105\u017c\u0105ce kolorystycznie.<\/p>\n\n\n\n<h2 class=\"wp-block-heading\">Jak Adobe Photoshop przetwarza obrazy w skali szaro\u015bci<\/h2>\n\n\n<div class=\"wp-block-image\">\n<figure class=\"alignright size-full is-resized\"><a href=\"http:\/\/blog.proofs.de\/wp-content\/uploads\/2025\/05\/proof_de_Photoshop_Graustufen_Profile_Einstellungen.png\"><img loading=\"lazy\" decoding=\"async\" width=\"992\" height=\"718\" src=\"http:\/\/blog.proofs.de\/wp-content\/uploads\/2025\/05\/proof_de_Photoshop_Graustufen_Profile_Einstellungen.png\" alt=\"Proof.de Ustawienia profilu Adobe Photoshop w skali szaro\u015bci\" class=\"wp-image-6039\" style=\"width:531px;height:auto\" srcset=\"https:\/\/blog.proofs.de\/wp-content\/uploads\/2025\/05\/proof_de_Photoshop_Graustufen_Profile_Einstellungen.png 992w, https:\/\/blog.proofs.de\/wp-content\/uploads\/2025\/05\/proof_de_Photoshop_Graustufen_Profile_Einstellungen-300x217.png 300w\" sizes=\"auto, (max-width: 992px) 100vw, 992px\"><\/a><\/figure>\n<\/div>\n\n\n<p class=\"wp-block-paragraph\">W ustawieniach kolor\u00f3w programu Adobe Photoshop mo\u017cna ustawi\u0107 skal\u0119 szaro\u015bci<a href=\"http:\/\/blog.proofs.de\/pl\/lexikon\/icc\/\" target=\"_self\" title=\"International Color Consortium, w skr\u00f3cie ICC, to mi\u0119dzynarodowy komitet odpowiedzialny za standaryzacj\u0119 profili kolor\u00f3w.&nbsp;\" class=\"encyclopedia\">ICC<\/a>-Profil u\u017cywany przez program Photoshop do wy\u015bwietlania obraz\u00f3w w skali szaro\u015bci. Klasycznym ustawieniem domy\u015blnym w Photoshopie jest profil skali szaro\u015bci <strong>\"Dot Gain 15%\"<\/strong>. Ten profil wy\u015bwietla odcienie szaro\u015bci na neutralnej osi szaro\u015bci, tak jakby u\u017cywa\u0142 Pan <a href=\"http:\/\/blog.proofs.de\/pl\/lexikon\/tonwertzunahme\/\" target=\"_self\" title=\"Dot gain jest terminem u\u017cywanym w technologii druku i opisuje zmian\u0119 warto\u015bci tonalnych szablonu wydruku podczas procesu drukowania. P\u00f3\u0142tony tworz\u0105ce drukowany obraz s\u0105 powi\u0119kszane podczas procesu drukowania, co skutkuje ciemniejszym wydrukowanym obrazem. Wielko\u015b\u0107 przyrostu punkt\u00f3w zale\u017cy od r\u00f3\u017cnych czynnik\u00f3w, takich jak zastosowany proces drukowania, rodzaj papieru...\" class=\"encyclopedia\">Zwi\u0119kszenie warto\u015bci tonu<\/a> o 15 procent. Oczywi\u015bcie mo\u017cna r\u00f3wnie\u017c wybra\u0107 inne profile z r\u00f3\u017cnymi wzrostami warto\u015bci tonalnych lub profile w skali szaro\u015bci z zapisanymi warto\u015bciami. <a href=\"http:\/\/blog.proofs.de\/pl\/lexikon\/gamma\/\" target=\"_self\" title=\"Gamma to skr\u00f3t oznaczaj\u0105cy korekcj\u0119 gamma w sztukach graficznych, niestandardow\u0105 metod\u0119 pomiaru kontrastu dla skaner\u00f3w, monitor\u00f3w i materia\u0142\u00f3w fotograficznych.\" class=\"encyclopedia\">Gamma<\/a>krzywe, takie jak 1,8 lub 2,2, dwie klasyczne krzywe gamma dla komputer\u00f3w Mac i Windows. Photoshop prawid\u0142owo rozpoznaje i przetwarza te profile, co pokazuje test z warto\u015bci\u0105 50% w czterech r\u00f3\u017cnych profilach szaro\u015bci: Wszystkie tony s\u0105 wy\u015bwietlane inaczej na ekranie przy identycznych warto\u015bciach szaro\u015bci, poniewa\u017c s\u0105 one przypisane do r\u00f3\u017cnych profili i wzrost\u00f3w warto\u015bci ton\u00f3w.<\/p>\n\n\n\n<p class=\"wp-block-paragraph\">Niestety, wszystkie obrazy wygl\u0105daj\u0105 inaczej, gdy importujemy je do programu Adobe InDesign, eksportujemy jako plik PDF i wysy\u0142amy do drukarni. <a href=\"http:\/\/blog.proofs.de\/pl\/lexikon\/isocoatedv2\/\" target=\"_self\" title=\"ISOCoatedV2 jest najcz\u0119\u015bciej stosowanym profilem w przemy\u015ble drukarskim w Europie. Odpowiada on najbardziej powszechnemu procesowi drukowania: Druk offsetowy na matowym lub b\u0142yszcz\u0105cym papierze do druku obraz\u00f3w.\" class=\"encyclopedia\">ISOCoatedV2<\/a> Drukuj. Przyjrzyjmy si\u0119 zatem, jak program InDesign przetwarza te obrazy w skali szaro\u015bci.<\/p>\n\n\n\n<figure class=\"wp-block-image size-large\"><a href=\"http:\/\/blog.proofs.de\/wp-content\/uploads\/2025\/05\/Proof-de_Graustufenbilder_Dot_Gain_15_20_25_30_Prozent.jpg\"><img loading=\"lazy\" decoding=\"async\" width=\"1002\" height=\"1024\" src=\"http:\/\/blog.proofs.de\/wp-content\/uploads\/2025\/05\/Proof-de_Graustufenbilder_Dot_Gain_15_20_25_30_Prozent-1002x1024.jpg\" alt=\"Proof.de: Obrazy w skali szaro\u015bci w Adobe Photoshop z wype\u0142nieniem 50% w Dot Gain 15%, Dot Gain 20%, Dot Gain 25%, 30%: Tworzone s\u0105 r\u00f3\u017cne warto\u015bci szaro\u015bci.\" class=\"wp-image-6048\" srcset=\"https:\/\/blog.proofs.de\/wp-content\/uploads\/2025\/05\/Proof-de_Graustufenbilder_Dot_Gain_15_20_25_30_Prozent-1002x1024.jpg 1002w, https:\/\/blog.proofs.de\/wp-content\/uploads\/2025\/05\/Proof-de_Graustufenbilder_Dot_Gain_15_20_25_30_Prozent-294x300.jpg 294w, https:\/\/blog.proofs.de\/wp-content\/uploads\/2025\/05\/Proof-de_Graustufenbilder_Dot_Gain_15_20_25_30_Prozent-768x785.jpg 768w, https:\/\/blog.proofs.de\/wp-content\/uploads\/2025\/05\/Proof-de_Graustufenbilder_Dot_Gain_15_20_25_30_Prozent-12x12.jpg 12w, https:\/\/blog.proofs.de\/wp-content\/uploads\/2025\/05\/Proof-de_Graustufenbilder_Dot_Gain_15_20_25_30_Prozent-60x60.jpg 60w, https:\/\/blog.proofs.de\/wp-content\/uploads\/2025\/05\/Proof-de_Graustufenbilder_Dot_Gain_15_20_25_30_Prozent.jpg 1200w\" sizes=\"auto, (max-width: 1002px) 100vw, 1002px\"><\/a><\/figure>\n\n\n\n<figure class=\"wp-block-gallery has-nested-images columns-4 is-cropped wp-block-gallery-2 is-layout-flex wp-block-gallery-is-layout-flex\">\n<figure class=\"wp-block-image size-large\"><a href=\"http:\/\/blog.proofs.de\/wp-content\/uploads\/2025\/05\/Proof-de_Graustufenbilder_Dot_Gain_15_Prozent_in_LAB.png\"><img loading=\"lazy\" decoding=\"async\" width=\"574\" height=\"750\" data-id=\"6044\" src=\"http:\/\/blog.proofs.de\/wp-content\/uploads\/2025\/05\/Proof-de_Graustufenbilder_Dot_Gain_15_Prozent_in_LAB.png\" alt=\"Proof.de: Obraz w skali szaro\u015bci w Adobe Photoshop z wype\u0142nieniem 50% w Dot Gain 15%: Tworzony jest LAB 66\/0\/0.\" class=\"wp-image-6044\" srcset=\"https:\/\/blog.proofs.de\/wp-content\/uploads\/2025\/05\/Proof-de_Graustufenbilder_Dot_Gain_15_Prozent_in_LAB.png 574w, https:\/\/blog.proofs.de\/wp-content\/uploads\/2025\/05\/Proof-de_Graustufenbilder_Dot_Gain_15_Prozent_in_LAB-230x300.png 230w, https:\/\/blog.proofs.de\/wp-content\/uploads\/2025\/05\/Proof-de_Graustufenbilder_Dot_Gain_15_Prozent_in_LAB-9x12.png 9w\" sizes=\"auto, (max-width: 574px) 100vw, 574px\"><\/a><figcaption class=\"wp-element-caption\">50% Dot Gain 15% = <a href=\"http:\/\/blog.proofs.de\/pl\/lexikon\/lab\/\" target=\"_self\" title=\"CIELAB lub LAB to matematyczny model kolor\u00f3w, kt\u00f3ry sprawdzi\u0142 si\u0119 wsz\u0119dzie tam, gdzie wymagane jest dok\u0142adne obliczenie koloru. Komputerowe zarz\u0105dzanie kolorami zazwyczaj dzia\u0142a w oparciu o CIELAB.\" class=\"encyclopedia\">LAB<\/a> 66\/0\/0<\/figcaption><\/figure>\n\n\n\n<figure class=\"wp-block-image size-large\"><a href=\"http:\/\/blog.proofs.de\/wp-content\/uploads\/2025\/05\/Proof-de_Graustufenbilder_Dot_Gain_20_Prozent_in_LAB.png\"><img loading=\"lazy\" decoding=\"async\" width=\"560\" height=\"772\" data-id=\"6042\" src=\"http:\/\/blog.proofs.de\/wp-content\/uploads\/2025\/05\/Proof-de_Graustufenbilder_Dot_Gain_20_Prozent_in_LAB.png\" alt=\"Proof.de: Obraz w skali szaro\u015bci w Adobe Photoshop z wype\u0142nieniem 50% w Dot Gain 20%: Tworzony jest LAB 62\/0\/0.\" class=\"wp-image-6042\" srcset=\"https:\/\/blog.proofs.de\/wp-content\/uploads\/2025\/05\/Proof-de_Graustufenbilder_Dot_Gain_20_Prozent_in_LAB.png 560w, https:\/\/blog.proofs.de\/wp-content\/uploads\/2025\/05\/Proof-de_Graustufenbilder_Dot_Gain_20_Prozent_in_LAB-218x300.png 218w, https:\/\/blog.proofs.de\/wp-content\/uploads\/2025\/05\/Proof-de_Graustufenbilder_Dot_Gain_20_Prozent_in_LAB-9x12.png 9w\" sizes=\"auto, (max-width: 560px) 100vw, 560px\"><\/a><figcaption class=\"wp-element-caption\">50% Dot Gain 20% = LAB 62\/0\/0<\/figcaption><\/figure>\n\n\n\n<figure class=\"wp-block-image size-large\"><a href=\"http:\/\/blog.proofs.de\/wp-content\/uploads\/2025\/05\/Proof-de_Graustufenbilder_Dot_Gain_25_Prozent_in_LAB.png\"><img loading=\"lazy\" decoding=\"async\" width=\"576\" height=\"758\" data-id=\"6041\" src=\"http:\/\/blog.proofs.de\/wp-content\/uploads\/2025\/05\/Proof-de_Graustufenbilder_Dot_Gain_25_Prozent_in_LAB.png\" alt=\"Proof.de: Obraz w skali szaro\u015bci w Adobe Photoshop z wype\u0142nieniem 50% w Dot Gain 25%: Tworzony jest LAB 57\/0\/0.\" class=\"wp-image-6041\" srcset=\"https:\/\/blog.proofs.de\/wp-content\/uploads\/2025\/05\/Proof-de_Graustufenbilder_Dot_Gain_25_Prozent_in_LAB.png 576w, https:\/\/blog.proofs.de\/wp-content\/uploads\/2025\/05\/Proof-de_Graustufenbilder_Dot_Gain_25_Prozent_in_LAB-228x300.png 228w, https:\/\/blog.proofs.de\/wp-content\/uploads\/2025\/05\/Proof-de_Graustufenbilder_Dot_Gain_25_Prozent_in_LAB-9x12.png 9w\" sizes=\"auto, (max-width: 576px) 100vw, 576px\"><\/a><figcaption class=\"wp-element-caption\">50% Dot Gain 25% = LAB 57\/0\/0<\/figcaption><\/figure>\n\n\n\n<figure class=\"wp-block-image size-large\"><a href=\"http:\/\/blog.proofs.de\/wp-content\/uploads\/2025\/05\/Proof-de_Graustufenbilder_Dot_Gain_30_Prozent_in_LAB.png\"><img loading=\"lazy\" decoding=\"async\" width=\"564\" height=\"748\" data-id=\"6043\" src=\"http:\/\/blog.proofs.de\/wp-content\/uploads\/2025\/05\/Proof-de_Graustufenbilder_Dot_Gain_30_Prozent_in_LAB.png\" alt=\"Proof.de: Obraz w skali szaro\u015bci w Adobe Photoshop z wype\u0142nieniem 50% w Dot Gain 30%: Tworzony jest LAB 52\/0\/0.\" class=\"wp-image-6043\" srcset=\"https:\/\/blog.proofs.de\/wp-content\/uploads\/2025\/05\/Proof-de_Graustufenbilder_Dot_Gain_30_Prozent_in_LAB.png 564w, https:\/\/blog.proofs.de\/wp-content\/uploads\/2025\/05\/Proof-de_Graustufenbilder_Dot_Gain_30_Prozent_in_LAB-226x300.png 226w, https:\/\/blog.proofs.de\/wp-content\/uploads\/2025\/05\/Proof-de_Graustufenbilder_Dot_Gain_30_Prozent_in_LAB-9x12.png 9w\" sizes=\"auto, (max-width: 564px) 100vw, 564px\"><\/a><figcaption class=\"wp-element-caption\">50% Dot Gain 30% = LAB 52\/0\/0<\/figcaption><\/figure>\n<\/figure>\n\n\n\n<p class=\"wp-block-paragraph\"><strong>Dobrze: Wszystkie profile kolor\u00f3w w skali szaro\u015bci s\u0105 rozpoznawane i przetwarzane. <\/strong><br><strong>\u0179le: \u017baden nie zostanie wydrukowany jak pokazano! <\/strong><\/p>\n\n\n\n<h2 class=\"wp-block-heading\">Jak program Adobe InDesign przetwarza obrazy w skali szaro\u015bci?<\/h2>\n\n\n\n<p class=\"wp-block-paragraph\">Jak wygl\u0105daj\u0105 cztery obrazy w skali szaro\u015bci z programu Adobe Photoshop po zaimportowaniu ich do programu Adobe InDesign? Najpierw otwieramy ustawienia kolor\u00f3w w programie InDesign i ustawiamy prawid\u0142owe profile dla RGB i CMYK. Jest to natychmiast zauwa\u017calne: Mo\u017cemy okre\u015bli\u0107 profile tylko dla RGB i CMYK, w InDesign nie ma skali szaro\u015bci ani profilu kolor\u00f3w dodatkowych, tak jak w Photoshopie. Aby zachowa\u0107 bezpiecze\u0144stwo, klikamy w programie InDesign, aby zachowa\u0142 wbudowane profile, dzi\u0119ki czemu profile skali szaro\u015bci wyposa\u017cone w profile ICC b\u0119d\u0105, miejmy nadziej\u0119, r\u00f3wnie\u017c przetwarzane poprawnie.<\/p>\n\n\n\n<p class=\"wp-block-paragraph\">Czy program InDesign prawid\u0142owo zachowuje profile kolor\u00f3w w skali szaro\u015bci? Nie, nie zachowuje. Mimo \u017ce poprawnie rozpoznaje osadzone profile i pokazuje to w informacjach o \u0142\u0105czu, wy\u015bwietla wszystkie cztery nasze obrazy identycznie, poniewa\u017c rozpoznaje profile skali szaro\u015bci w tle, ale ich nie stosuje, po prostu je ignoruje.<\/p>\n\n\n\n<p class=\"wp-block-paragraph\">Mo\u017cemy to r\u00f3wnie\u017c zademonstrowa\u0107 za pomoc\u0105 kr\u00f3tkiego testu: Importujemy wszystkie obrazy do programu Adobe InDesign<\/p>\n\n\n\n<figure class=\"wp-block-image size-large\"><a href=\"http:\/\/blog.proofs.de\/wp-content\/uploads\/2025\/05\/Proof-de_Graustufenbilder_Adobe_InDesign_Dot_Gain_15_20_25_30_Prozent.jpg\"><img loading=\"lazy\" decoding=\"async\" width=\"1024\" height=\"616\" src=\"http:\/\/blog.proofs.de\/wp-content\/uploads\/2025\/05\/Proof-de_Graustufenbilder_Adobe_InDesign_Dot_Gain_15_20_25_30_Prozent-1024x616.jpg\" alt=\"Obrazy w skali szaro\u015bci Proof.de po zaimportowaniu do programu Adobe InDesign z profilami: Dot Gain 15%, Dot Gain 20%, Dot Gain 25%, Dot Gain 30%: Wszystkie obrazy wygl\u0105daj\u0105 dok\u0142adnie tak samo.\" class=\"wp-image-6051\" srcset=\"https:\/\/blog.proofs.de\/wp-content\/uploads\/2025\/05\/Proof-de_Graustufenbilder_Adobe_InDesign_Dot_Gain_15_20_25_30_Prozent-1024x616.jpg 1024w, https:\/\/blog.proofs.de\/wp-content\/uploads\/2025\/05\/Proof-de_Graustufenbilder_Adobe_InDesign_Dot_Gain_15_20_25_30_Prozent-300x180.jpg 300w, https:\/\/blog.proofs.de\/wp-content\/uploads\/2025\/05\/Proof-de_Graustufenbilder_Adobe_InDesign_Dot_Gain_15_20_25_30_Prozent-768x462.jpg 768w, https:\/\/blog.proofs.de\/wp-content\/uploads\/2025\/05\/Proof-de_Graustufenbilder_Adobe_InDesign_Dot_Gain_15_20_25_30_Prozent-1536x924.jpg 1536w, https:\/\/blog.proofs.de\/wp-content\/uploads\/2025\/05\/Proof-de_Graustufenbilder_Adobe_InDesign_Dot_Gain_15_20_25_30_Prozent-18x12.jpg 18w, https:\/\/blog.proofs.de\/wp-content\/uploads\/2025\/05\/Proof-de_Graustufenbilder_Adobe_InDesign_Dot_Gain_15_20_25_30_Prozent.jpg 2000w\" sizes=\"auto, (max-width: 1024px) 100vw, 1024px\"><\/a><figcaption class=\"wp-element-caption\"><em>Obrazy w skali szaro\u015bci po zaimportowaniu do programu Adobe InDesign z profilami: Dot Gain 15%, Dot Gain 20%, Dot Gain 25%, Dot Gain 30%: Wszystkie obrazy wygl\u0105daj\u0105 dok\u0142adnie tak samo. R\u00f3\u017cne reprezentacje mo\u017cna zobaczy\u0107 tylko w podgl\u0105dzie \u0142\u0105czy, poniewa\u017c wszystkie profile s\u0105 poprawnie rozpoznawane, ale odrzucane przez program InDesign pomimo r\u00f3\u017cnych ustawie\u0144 domy\u015blnych.<\/em><\/figcaption><\/figure>\n\n\n\n<h2 class=\"wp-block-heading\">W ten spos\u00f3b program Adobe InDesign eksportuje obrazy w skali szaro\u015bci i profile kolor\u00f3w do pliku PDF dla programu Acrobat.<\/h2>\n\n\n\n<p class=\"wp-block-paragraph\">Podczas gdy Adobe InDesign nadal udaje, \u017ce zachowuje profile skali szaro\u015bci, widzimy, \u017ce Acrobat nie ma ju\u017c \u017cadnych profili po wyeksportowaniu do PDF X-3: Wszystkie obrazy s\u0105 czarne 50%, wszystkie DeviceN-...<a href=\"http:\/\/blog.proofs.de\/pl\/lexikon\/farbraum\/\" target=\"_self\" title=\"Przestrze\u0144 kolor\u00f3w opiera si\u0119 na modelu kolor\u00f3w i jest jego konkretnym zastosowaniem do metody produkcji kolor\u00f3w (drukarka, ekran itp.). Zawiera zatem wszystkie kolory, kt\u00f3re mog\u0105 by\u0107 wy\u015bwietlane przy u\u017cyciu tej metody i odpowiednich materia\u0142\u00f3w.\" class=\"encyclopedia\">Przestrze\u0144 kolor\u00f3w<\/a> \"Czarny\", tj. przypisany do czarnego kana\u0142u ISOCoatedv2 z 50%.<\/p>\n\n\n\n<figure class=\"wp-block-image size-large\"><a href=\"http:\/\/blog.proofs.de\/wp-content\/uploads\/2025\/05\/Proof-de_Graustufenbilder_Adobe_Acrobat_Dot_Gain_15_20_25_30_Prozent.jpg\"><img loading=\"lazy\" decoding=\"async\" width=\"1024\" height=\"705\" src=\"http:\/\/blog.proofs.de\/wp-content\/uploads\/2025\/05\/Proof-de_Graustufenbilder_Adobe_Acrobat_Dot_Gain_15_20_25_30_Prozent-1024x705.jpg\" alt=\"Obrazy w skali szaro\u015bci w programie Adobe Acrobat w trybach Dot Gain 15%, Dot Gain 20%, Dot Gain 25% i Dot Gain 30%: Wszystkie profile zosta\u0142y odrzucone, chocia\u017c program Adobe InDesign powinien zachowa\u0107 wszystkie profile.\" class=\"wp-image-6053\" srcset=\"https:\/\/blog.proofs.de\/wp-content\/uploads\/2025\/05\/Proof-de_Graustufenbilder_Adobe_Acrobat_Dot_Gain_15_20_25_30_Prozent-1024x705.jpg 1024w, https:\/\/blog.proofs.de\/wp-content\/uploads\/2025\/05\/Proof-de_Graustufenbilder_Adobe_Acrobat_Dot_Gain_15_20_25_30_Prozent-300x206.jpg 300w, https:\/\/blog.proofs.de\/wp-content\/uploads\/2025\/05\/Proof-de_Graustufenbilder_Adobe_Acrobat_Dot_Gain_15_20_25_30_Prozent-768x528.jpg 768w, https:\/\/blog.proofs.de\/wp-content\/uploads\/2025\/05\/Proof-de_Graustufenbilder_Adobe_Acrobat_Dot_Gain_15_20_25_30_Prozent-1536x1057.jpg 1536w, https:\/\/blog.proofs.de\/wp-content\/uploads\/2025\/05\/Proof-de_Graustufenbilder_Adobe_Acrobat_Dot_Gain_15_20_25_30_Prozent-18x12.jpg 18w, https:\/\/blog.proofs.de\/wp-content\/uploads\/2025\/05\/Proof-de_Graustufenbilder_Adobe_Acrobat_Dot_Gain_15_20_25_30_Prozent.jpg 2000w\" sizes=\"auto, (max-width: 1024px) 100vw, 1024px\"><\/a><figcaption class=\"wp-element-caption\"><em>Obrazy w skali szaro\u015bci w programie Adobe Acrobat w trybach Dot Gain 15%, Dot Gain 20%, Dot Gain 25% i Dot Gain 30%: Wszystkie profile zosta\u0142y odrzucone, chocia\u017c program Adobe InDesign powinien zachowa\u0107 wszystkie profile.<\/em><\/figcaption><\/figure>\n\n\n\n<h2 class=\"wp-block-heading\">B\u0142\u0105d: Adobe InDesign ignoruje profile kolor\u00f3w w skali szaro\u015bci i po prostu stosuje warto\u015bci do kana\u0142u czarnego przestrzeni kolor\u00f3w CMYK.<\/h2>\n\n\n\n<p class=\"wp-block-paragraph\">Dzi\u0119ki temu mogli\u015bmy wyra\u017anie pokaza\u0107, \u017ce przy u\u017cyciu czterech obraz\u00f3w w skali szaro\u015bci z programu Adobe Photoshop w profilach kolor\u00f3w Dot Gain 15%, 20%, 25% i 30%, kt\u00f3re maj\u0105 r\u00f3\u017cne warto\u015bci LAB w programie Photoshop, mo\u017cemy utworzy\u0107 cztery identyczne obszary szaro\u015bci w programie InDesign. Pozostaj\u0105 one identyczne nawet po wyeksportowaniu do pliku PDF, a mianowicie czer\u0144 50% z ISOCoatedV2. Ale czy warto\u015b\u0107 czerni 50% z ISOCoatedV2 przynajmniej nadal odpowiada jednej z warto\u015bci LAB z Photoshopa? Niestety nie, wynikiem jest LAB 62\/0\/-2, co wynika z lekko niebieskawej bieli papieru ISOCoatedv2. Wniosek: Wynikowy odcie\u0144 szaro\u015bci w InDesign i Acrobat jest pi\u0105t\u0105 warto\u015bci\u0105 koloru, nie ma nic wsp\u00f3lnego z \u017cadnym z czterech kolor\u00f3w LAB.<\/p>\n\n\n\n<p class=\"wp-block-paragraph\"><strong>Ale co, je\u015bli chc\u0119 u\u0142o\u017cy\u0107 ilustrowan\u0105 ksi\u0105\u017ck\u0119 z czarno-bia\u0142ymi obrazami? Je\u015bli obrazy w skali szaro\u015bci maj\u0105 zosta\u0107 wyretuszowane w programie Photoshop, a nast\u0119pnie przeniesione do programu Acrobat za po\u015brednictwem programu InDesign, ale zawsze musz\u0105 wygl\u0105da\u0107 identycznie? Kt\u00f3ry profil musz\u0119 ustawi\u0107 jako profil skali szaro\u015bci w programie Photoshop?<\/strong><\/p>\n\n\n\n<h2 class=\"wp-block-heading\">Czy Adobe Photoshop mo\u017ce wy\u015bwietli\u0107 obraz w skali szaro\u015bci tak, jak zosta\u0142by wydrukowany w druku offsetowym zgodnie z ISOCoatedV2? <\/h2>\n\n\n\n<p class=\"wp-block-paragraph\">Przyjrzyjmy si\u0119 zatem przypadkowi warto\u015bci szaro\u015bci 50% z czterech obraz\u00f3w: Co musia\u0142bym teraz ustawi\u0107, aby Photoshop pokaza\u0142 mi obraz tak, jak zosta\u0142by wydrukowany na Flyeralarm, gdyby\u015bmy drukowali czarno-bia\u0142\u0105 ilustrowan\u0105 ksi\u0105\u017ck\u0119, czarno-bia\u0142y plakat lub czarno-bia\u0142\u0105 poczt\u00f3wk\u0119? <mark style=\"background-color:rgba(0, 0, 0, 0)\" class=\"has-inline-color has-accent-color\">tj. ISOCoatedV2 300%? Wi\u0119c je\u015bli za\u0142o\u017cymy, \u017ce obszar 50% z Photoshopa staje si\u0119 obszarem 50% na czarnym tle <a href=\"http:\/\/blog.proofs.de\/pl\/lexikon\/druckplatte\/\" target=\"_self\" title=\"P\u0142yta drukarska jest wa\u017cnym elementem w technologii druku i jest u\u017cywana g\u0142\u00f3wnie w druku p\u0142askim, takim jak druk offsetowy. Zawiera obszary drukuj\u0105ce i niedrukuj\u0105ce oraz przenosi informacje o druku na pod\u0142o\u017ce. Z regu\u0142y odbywa si\u0119 to po\u015brednio, tj. zazwyczaj za pomoc\u0105 cylindra obci\u0105gowego. Motyw nadruku jest wyr\u00f3wnywany na p\u0142ycie drukarskiej, na cylindrze...\" class=\"encyclopedia\">P\u0142yta dociskowa<\/a> i ta czer\u0144 jest drukowana zgodnie ze standardem ISOCoatedV2 300%? To ustawienie nie jest domy\u015blnie w\u0142\u0105czone w Photoshopie. Wi\u0119c musimy u\u017cy\u0107 tutaj sztuczki?<\/mark><\/p>\n\n\n\n<p class=\"wp-block-paragraph\">Klasyczny profil Dot Gain 15% jest bardzo niepoprawny. Jego najja\u015bniejszy punkt ma warto\u015b\u0107 LAB 100\/0\/0, a najciemniejszy LAB 0\/0\/0. Oba s\u0105 oczywi\u015bcie ca\u0142kowicie nierealistyczne w druku. Bia\u0142y punkt ISOCoatedV2 300% to LAB 95\/0\/-2, a najciemniejsza czysta czer\u0144 100% K to 16\/0\/0.<\/p>\n\n\n\n<p class=\"wp-block-paragraph\">Je\u015bli spojrzymy na reprezentacj\u0119 <a href=\"http:\/\/blog.proofs.de\/pl\/lexikon\/farbproof\/\" target=\"_self\" title=\"Odbitka pr\u00f3bna to certyfikowane zgodnie z norm\u0105 ISO 12647-7 urz\u0105dzenie testuj\u0105ce dla bran\u017cy poligraficznej. Odbitka pr\u00f3bna symuluje kolorystyk\u0119 druku offsetowego lub wkl\u0119s\u0142ego w spos\u00f3b kolorystyczny i prawnie wi\u0105\u017c\u0105cy w ramach w\u0105skich tolerancji normy ISO.\" class=\"encyclopedia\">Dow\u00f3d koloru<\/a> dla ISOCoatedV2, wy\u015bwietlanie pliku w skali szaro\u015bci znacznie si\u0119 zmieni. Jednak nieprawid\u0142owe warto\u015bci dla czerni i bieli s\u0105 nadal wy\u015bwietlane w polu informacyjnym.<\/p>\n\n\n\n<h2 class=\"wp-block-heading\">Tworzenie czarnego kana\u0142u profilu wydruku dla programu Adobe Photoshop<\/h2>\n\n\n\n<p class=\"wp-block-paragraph\">Aby u\u017cy\u0107 czarnego kana\u0142u ISOCoatedV2 300% jako profilu skali szaro\u015bci <a href=\"http:\/\/blog.proofs.de\/pl\/lexikon\/nutzen\/\" target=\"_self\" title=\"Liczba paneli wskazuje, ile stron mo\u017cna umie\u015bci\u0107 (a tym samym wydrukowa\u0107) na arkuszu wydruku.\" class=\"encyclopedia\">wykorzystywa\u0107<\/a> Wybieramy sztuczk\u0119: Prosz\u0119 wybra\u0107 ISOCoatedV2 300% jako profil skali szaro\u015bci. Photoshop automatycznie prze\u0142\u0105czy si\u0119 i wy\u015bwietli \"Kana\u0142 czarny ISOCoatedV2 300%\" jako profil skali szaro\u015bci. Teraz mo\u017cna nawet zapisa\u0107 ten nowy profil skali szaro\u015bci bezpo\u015brednio z programu Photoshop jako profil ICC. <\/p>\n\n\n\n<p class=\"wp-block-paragraph\">Je\u015bli teraz wybior\u0105 Pa\u0144stwo ten profil kana\u0142u czarnego jako profil skali szaro\u015bci w programie Photoshop, nadal b\u0119d\u0105 Pa\u0144stwo widzie\u0107 nieprawid\u0142owe warto\u015bci LAB w programie Photoshop w widoku normalnym. Ale je\u015bli teraz wybior\u0105 Pa\u0144stwo kolor<a href=\"http:\/\/blog.proofs.de\/pl\/lexikon\/proof\/\" target=\"_self\" title=\"Odbitka pr\u00f3bna to certyfikowane zgodnie z norm\u0105 ISO 12647-7 urz\u0105dzenie testuj\u0105ce dla bran\u017cy poligraficznej. Odbitka pr\u00f3bna symuluje kolorystyk\u0119 druku offsetowego lub wkl\u0119s\u0142ego w spos\u00f3b kolorystyczny i prawnie wi\u0105\u017c\u0105cy w ramach w\u0105skich tolerancji normy ISO.\" class=\"encyclopedia\">dow\u00f3d<\/a> w Photoshopie w odpowiednim profilu CMYK, w\u00f3wczas zobaczy Pan plik w skali szaro\u015bci wy\u015bwietlony poprawnie pod wzgl\u0119dem jasno\u015bci. Ale tylko pod wzgl\u0119dem jasno\u015bci: wszystkie warto\u015bci s\u0105 poprawne tylko w \"L\", ale zawsze s\u0105 neutralne na osiach A i B LAB. <\/p>\n\n\n\n<h2 class=\"wp-block-heading\">Photoshop poprawnie wy\u015bwietla tylko jasno\u015b\u0107, ale zawsze pozostaje w neutralnej szaro\u015bci<\/h2>\n\n\n\n<p class=\"wp-block-paragraph\">Jasny niebieskawo-bia\u0142y papier bia\u0142y jak z <a href=\"http:\/\/blog.proofs.de\/pl\/lexikon\/pso\/\" target=\"_self\" title='PSO to skr\u00f3t od &quot;ProzessStandard Offsetdruck&quot;, standardu opracowanego wsp\u00f3lnie przez Fogra i Niemieck\u0105 Federacj\u0119 Przemys\u0142u Poligraficznego i Medi\u00f3w. ProcessStandard Offset to zbi\u00f3r norm i standaryzacji dla druku offsetowego.' class=\"encyclopedia\">PSO<\/a>UncoatedV3 nie jest wy\u015bwietlany przez Photoshopa, Photoshop ca\u0142kowicie ignoruje -10 na osi \"b\". Ale przynajmniej mo\u017cna teraz zobaczy\u0107 prawid\u0142ow\u0105 warto\u015b\u0107 \"L\" w oknie informacyjnym Photoshopa, tj. prawid\u0142ow\u0105 jasno\u015b\u0107, a warto\u015b\u0107 jest r\u00f3wnie\u017c wy\u015bwietlana poprawnie w cyfrowym mierniku kolor\u00f3w. To znacznie pomaga, cho\u0107 nie jest idealne. To samo dotyczy programu Adobe InDesign: je\u015bli obraz \"Kana\u0142 czerni ISOCoatedV2 300%\" zostanie zaimportowany do projektu \"ISOCoatedV2 300%\", ca\u0142a o\u015b szaro\u015bci wygl\u0105da tak samo, ale jest wy\u015bwietlana poprawnie tylko na osi jasno\u015bci. Dopiero po wyeksportowaniu pliku PDF prawid\u0142owa warto\u015b\u0107 koloru jest wy\u015bwietlana w programie Adobe Acrobat z w\u0142\u0105czon\u0105 symulacj\u0105 czerni i bieli papieru.<\/p>\n\n\n\n<p class=\"wp-block-paragraph\">Mo\u017ce to wynika\u0107 z faktu, \u017ce oko zawsze bardzo szybko ustawia balans bieli na papierze, a zatem zawsze rozpoznaje odcienie szaro\u015bci do\u015b\u0107 neutralnie: Przyk\u0142ad: Je\u015bli spojrz\u0105 Pa\u0144stwo na jasny, bia\u0142y <a href=\"http:\/\/blog.proofs.de\/pl\/lexikon\/naturpapier\/\" target=\"_self\" title=\"Odnosi si\u0119 do wszystkich papier\u00f3w, kt\u00f3re nie zosta\u0142y wyko\u0144czone pow\u0142ok\u0105. Papier niepowlekany jest r\u00f3wnie\u017c nazywany papierem niepowlekanym.\" class=\"encyclopedia\">Papier naturalny<\/a> Je\u015bli wydrukujemy obraz bia\u0142ej koszuli, natychmiast rozpoznamy j\u0105 jako bia\u0142\u0105, cho\u0107 w rzeczywisto\u015bci jest ona bardzo niebieskawa. To samo dotyczy papieru gazetowego, cho\u0107 tutaj koszula mo\u017ce by\u0107 co najwy\u017cej jasnobr\u0105zowa, ale nigdy bia\u0142a, ze wzgl\u0119du na jasnobr\u0105zowy kolor papieru gazetowego. <\/p>\n\n\n\n<p class=\"wp-block-paragraph\">Czy w takim razie jest to w og\u00f3le warte wysi\u0142ku? Jak najbardziej. Poniewa\u017c korzy\u015b\u0107 jest oczywista: dzi\u0119ki profilowi kana\u0142u czarnego, kt\u00f3ry pasuje do ostatecznego profilu kolor\u00f3w, mo\u017cna pracowa\u0107 sp\u00f3jnie od Photoshopa do InDesign - przynajmniej je\u015bli chodzi o jasno\u015b\u0107 - i prawid\u0142owo wy\u015bwietla\u0107 obszary obraz\u00f3w. Po wyeksportowaniu pliku PDF prawid\u0142owa reprezentacja, w tym biel papieru i kolorystyka, jest r\u00f3wnie\u017c dost\u0119pna w programie Acrobat.<\/p>\n\n\n\n<p class=\"wp-block-paragraph\">Mo\u017cna tak\u017ce skorzysta\u0107 z okna Info w Photoshopie, aby zmierzy\u0107 prawid\u0142owe warto\u015bci jasno\u015bci i oceni\u0107, czy odcienie szaro\u015bci odpowiadaj\u0105 po\u017c\u0105danemu odwzorowaniu, czy te\u017c na przyk\u0142ad szczeg\u00f3\u0142y w g\u0142\u0119bi s\u0105 zbyt mocno utracone lub kontrast w \u015brodku jest zbyt ma\u0142y.<\/p>\n\n\n\n<figure class=\"wp-block-gallery has-nested-images columns-default is-cropped wp-block-gallery-3 is-layout-flex wp-block-gallery-is-layout-flex\">\n<figure class=\"wp-block-image size-large\"><a href=\"http:\/\/blog.proofs.de\/wp-content\/uploads\/2025\/07\/proof_de-Graustufen_Bild_Schwarz_PSOUncoatedV3.jpg\"><img loading=\"lazy\" decoding=\"async\" width=\"1024\" height=\"794\" data-id=\"6117\" src=\"http:\/\/blog.proofs.de\/wp-content\/uploads\/2025\/07\/proof_de-Graustufen_Bild_Schwarz_PSOUncoatedV3-1024x794.jpg\" alt='Proof.de: Mi\u0119kkie zabezpieczenie czarnego kana\u0142u PSOUncoatedV3 Wy\u015bwietlanie w Photoshopie K:100%: Warto\u015b\u0107 czerni LAB 33\/1\/0 jest tutaj wy\u015bwietlana poprawnie tylko w &quot;L&quot;.' class=\"wp-image-6117\" srcset=\"https:\/\/blog.proofs.de\/wp-content\/uploads\/2025\/07\/proof_de-Graustufen_Bild_Schwarz_PSOUncoatedV3-1024x794.jpg 1024w, https:\/\/blog.proofs.de\/wp-content\/uploads\/2025\/07\/proof_de-Graustufen_Bild_Schwarz_PSOUncoatedV3-300x233.jpg 300w, https:\/\/blog.proofs.de\/wp-content\/uploads\/2025\/07\/proof_de-Graustufen_Bild_Schwarz_PSOUncoatedV3-768x595.jpg 768w, https:\/\/blog.proofs.de\/wp-content\/uploads\/2025\/07\/proof_de-Graustufen_Bild_Schwarz_PSOUncoatedV3-1536x1191.jpg 1536w, https:\/\/blog.proofs.de\/wp-content\/uploads\/2025\/07\/proof_de-Graustufen_Bild_Schwarz_PSOUncoatedV3-15x12.jpg 15w, https:\/\/blog.proofs.de\/wp-content\/uploads\/2025\/07\/proof_de-Graustufen_Bild_Schwarz_PSOUncoatedV3.jpg 1647w\" sizes=\"auto, (max-width: 1024px) 100vw, 1024px\"><\/a><figcaption class=\"wp-element-caption\">Proof.de: <a href=\"http:\/\/blog.proofs.de\/pl\/lexikon\/softproof\/\" target=\"_self\" title='W przeciwie\u0144stwie do klasycznego &quot;twardego proofa&quot; na papierze, soft proof jest proofem wy\u015bwietlanym w prawdziwym kolorze na monitorze.' class=\"encyclopedia\">Softproof<\/a> czarnego kana\u0142u PSOUncoatedV3 Wy\u015bwietlanie w Photoshopie K:100%: Warto\u015b\u0107 czerni LAB 33\/1\/0 jest tutaj wy\u015bwietlana poprawnie tylko w \"L\". <\/figcaption><\/figure>\n\n\n\n<figure class=\"wp-block-image size-large\"><a href=\"http:\/\/blog.proofs.de\/wp-content\/uploads\/2025\/07\/proof_de-Graustufen_Bild_Weiss_PSOUncoatedV3.jpg\"><img loading=\"lazy\" decoding=\"async\" width=\"1024\" height=\"794\" data-id=\"6116\" src=\"http:\/\/blog.proofs.de\/wp-content\/uploads\/2025\/07\/proof_de-Graustufen_Bild_Weiss_PSOUncoatedV3-1024x794.jpg\" alt='Proof.de: Mi\u0119kkie zabezpieczenie czarnego kana\u0142u PSOUncoatedV3 Wy\u015bwietlanie w Photoshopie K:0%: Biel papieru LAB 93\/3\/-10 jest tutaj wy\u015bwietlana poprawnie tylko w &quot;L&quot;.' class=\"wp-image-6116\" srcset=\"https:\/\/blog.proofs.de\/wp-content\/uploads\/2025\/07\/proof_de-Graustufen_Bild_Weiss_PSOUncoatedV3-1024x794.jpg 1024w, https:\/\/blog.proofs.de\/wp-content\/uploads\/2025\/07\/proof_de-Graustufen_Bild_Weiss_PSOUncoatedV3-300x233.jpg 300w, https:\/\/blog.proofs.de\/wp-content\/uploads\/2025\/07\/proof_de-Graustufen_Bild_Weiss_PSOUncoatedV3-768x596.jpg 768w, https:\/\/blog.proofs.de\/wp-content\/uploads\/2025\/07\/proof_de-Graustufen_Bild_Weiss_PSOUncoatedV3-1536x1192.jpg 1536w, https:\/\/blog.proofs.de\/wp-content\/uploads\/2025\/07\/proof_de-Graustufen_Bild_Weiss_PSOUncoatedV3-15x12.jpg 15w, https:\/\/blog.proofs.de\/wp-content\/uploads\/2025\/07\/proof_de-Graustufen_Bild_Weiss_PSOUncoatedV3.jpg 1646w\" sizes=\"auto, (max-width: 1024px) 100vw, 1024px\"><\/a><figcaption class=\"wp-element-caption\">Proof.de: Mi\u0119kkie zabezpieczenie czarnego kana\u0142u PSOUncoatedV3 Wy\u015bwietlanie w Photoshopie K:0%: Biel papieru LAB 93\/3\/-10 jest tutaj wy\u015bwietlana poprawnie tylko w \"L\". <\/figcaption><\/figure>\n\n\n\n<figure class=\"wp-block-image size-large\"><a href=\"http:\/\/blog.proofs.de\/wp-content\/uploads\/2025\/07\/proof_de-Graustufen_Profil_PSOUncoatedV3_Color_Think-e1753779527971.png\"><img loading=\"lazy\" decoding=\"async\" width=\"616\" height=\"508\" data-id=\"6113\" src=\"http:\/\/blog.proofs.de\/wp-content\/uploads\/2025\/07\/proof_de-Graustufen_Profil_PSOUncoatedV3_Color_Think-e1753779527971.png\" alt=\"Proof.de: Profil skali szaro\u015bci PSOUncoatedV3 Wy\u015bwietlanie w Color Think: Warto\u015b\u0107 czerni z LAB 33\/1\/0 i bieli papieru z LAB 93\/3\/-10 s\u0105 rozszerzone.\" class=\"wp-image-6113\" srcset=\"https:\/\/blog.proofs.de\/wp-content\/uploads\/2025\/07\/proof_de-Graustufen_Profil_PSOUncoatedV3_Color_Think-e1753779527971.png 616w, https:\/\/blog.proofs.de\/wp-content\/uploads\/2025\/07\/proof_de-Graustufen_Profil_PSOUncoatedV3_Color_Think-e1753779527971-300x247.png 300w, https:\/\/blog.proofs.de\/wp-content\/uploads\/2025\/07\/proof_de-Graustufen_Profil_PSOUncoatedV3_Color_Think-e1753779527971-15x12.png 15w\" sizes=\"auto, (max-width: 616px) 100vw, 616px\"><\/a><figcaption class=\"wp-element-caption\">Proof.de: Profil skali szaro\u015bci PSOUncoatedV3 Wy\u015bwietlanie w Color Think: Warto\u015b\u0107 czerni z LAB 33\/1\/0 i bieli papieru z LAB 93\/3\/-10 s\u0105 rozszerzone.<\/figcaption><\/figure>\n<\/figure>\n\n\n\n<p class=\"wp-block-paragraph\"><\/p>\n\n\n\n<h2 class=\"wp-block-heading\">Co si\u0119 stanie, je\u015bli wyeksportuj\u0119 obraz w skali szaro\u015bci bezpo\u015brednio z programu Photoshop do pliku PDF?<\/h2>\n\n\n\n<p class=\"wp-block-paragraph\">Istniej\u0105 dwie mo\u017cliwo\u015bci: Albo Photoshop eksportuje plik PDF w wybranym profilu skali szaro\u015bci, albo Photoshop eksportuje w docelowej przestrzeni kolor\u00f3w, np. ISOCoatedV2, w oryginale z pokryciem obszaru 330%. W tym przypadku jednak nie tylko kana\u0142 czerni jest wype\u0142niony, ale kolor pojawia si\u0119 we wszystkich kana\u0142ach kolor\u00f3w w pliku PDF. Profil skali szaro\u015bci jest zatem rozdzielany na wszystkie kana\u0142y jak RGB podczas eksportu. Tak jak czer\u0144 w obrazie RGB by\u0142aby konwertowana na g\u0142\u0119bok\u0105 czer\u0144 CMYK w pliku PDF CMYK, tak g\u0142\u0119boka czer\u0144 w obrazie w skali szaro\u015bci jest r\u00f3wnie\u017c konwertowana na g\u0142\u0119bok\u0105 czer\u0144. Przy okazji: dla dok\u0142adnie identycznej g\u0142\u0119bokiej czerni CMYK 95\/95\/45\/95 z dok\u0142adnie najwy\u017cszym pokryciem obszaru 330% i LAB 9 \/ 3 \/ -3. Jest to zrozumia\u0142e, poniewa\u017c oba maj\u0105 LAB 0\/0\/0 w oryginalnym pliku.<\/p>\n\n\n\n<figure class=\"wp-block-gallery has-nested-images columns-default is-cropped wp-block-gallery-4 is-layout-flex wp-block-gallery-is-layout-flex\">\n<figure class=\"wp-block-image size-large\"><a href=\"http:\/\/blog.proofs.de\/wp-content\/uploads\/2025\/07\/proof_de_Graustufen_Export_aus_Photoshop_in_eine_PDF.png\"><img loading=\"lazy\" decoding=\"async\" width=\"1024\" height=\"502\" data-id=\"6120\" src=\"http:\/\/blog.proofs.de\/wp-content\/uploads\/2025\/07\/proof_de_Graustufen_Export_aus_Photoshop_in_eine_PDF-1024x502.png\" alt=\"Proof.de: Eksport w skali szaro\u015bci z programu Photoshop do pliku PDF: Dost\u0119pne s\u0105 dwie opcje: eksport do profilu skali szaro\u015bci lub do przestrzeni kolor\u00f3w CYMK, takiej jak w zestawie soft proof.\" class=\"wp-image-6120\" srcset=\"https:\/\/blog.proofs.de\/wp-content\/uploads\/2025\/07\/proof_de_Graustufen_Export_aus_Photoshop_in_eine_PDF-1024x502.png 1024w, https:\/\/blog.proofs.de\/wp-content\/uploads\/2025\/07\/proof_de_Graustufen_Export_aus_Photoshop_in_eine_PDF-300x147.png 300w, https:\/\/blog.proofs.de\/wp-content\/uploads\/2025\/07\/proof_de_Graustufen_Export_aus_Photoshop_in_eine_PDF-768x376.png 768w, https:\/\/blog.proofs.de\/wp-content\/uploads\/2025\/07\/proof_de_Graustufen_Export_aus_Photoshop_in_eine_PDF-18x9.png 18w, https:\/\/blog.proofs.de\/wp-content\/uploads\/2025\/07\/proof_de_Graustufen_Export_aus_Photoshop_in_eine_PDF.png 1271w\" sizes=\"auto, (max-width: 1024px) 100vw, 1024px\"><\/a><figcaption class=\"wp-element-caption\">Proof.de: Eksport w skali szaro\u015bci z programu Photoshop do pliku PDF: Dost\u0119pne s\u0105 dwie opcje: eksport do profilu skali szaro\u015bci lub do przestrzeni kolor\u00f3w CYMK, takiej jak w zestawie Soft.<a href=\"http:\/\/blog.proofs.de\/pl\/lexikon\/proofs\/\" target=\"_self\" title=\"W sektorze poligraficznym odbitki pr\u00f3bne (lub wydruki testowe) odnosz\u0105 si\u0119 do dok\u0142adnej kolorystycznie i prawnie wi\u0105\u017c\u0105cej symulacji wyniku drukowania do cel\u00f3w kontrolnych. Norm\u0105 dotycz\u0105c\u0105 wydruk\u00f3w pr\u00f3bnych jest ISO 12647-7:2016, tj. aktualna wersja z 2016 roku.\" class=\"encyclopedia\">dowody<\/a><\/figcaption><\/figure>\n\n\n\n<figure class=\"wp-block-image size-large\"><a href=\"http:\/\/blog.proofs.de\/wp-content\/uploads\/2025\/07\/proof_de_Exportmenue_bei_Konvertierung_nach_CMYK.png\"><img loading=\"lazy\" decoding=\"async\" width=\"943\" height=\"694\" data-id=\"6119\" src=\"http:\/\/blog.proofs.de\/wp-content\/uploads\/2025\/07\/proof_de_Exportmenue_bei_Konvertierung_nach_CMYK.png\" alt=\"Proof.de: Eksport w skali szaro\u015bci z programu Photoshop do pliku PDF: Menu eksportu podczas eksportowania do przestrzeni kolor\u00f3w CYMK, takiej jak w zestawie soft proof.\" class=\"wp-image-6119\" srcset=\"https:\/\/blog.proofs.de\/wp-content\/uploads\/2025\/07\/proof_de_Exportmenue_bei_Konvertierung_nach_CMYK.png 943w, https:\/\/blog.proofs.de\/wp-content\/uploads\/2025\/07\/proof_de_Exportmenue_bei_Konvertierung_nach_CMYK-300x221.png 300w, https:\/\/blog.proofs.de\/wp-content\/uploads\/2025\/07\/proof_de_Exportmenue_bei_Konvertierung_nach_CMYK-768x565.png 768w, https:\/\/blog.proofs.de\/wp-content\/uploads\/2025\/07\/proof_de_Exportmenue_bei_Konvertierung_nach_CMYK-16x12.png 16w\" sizes=\"auto, (max-width: 943px) 100vw, 943px\"><\/a><figcaption class=\"wp-element-caption\">Proof.de: Eksport w skali szaro\u015bci z programu Photoshop do pliku PDF: Menu eksportu podczas eksportowania do przestrzeni kolor\u00f3w CYMK, takiej jak w zestawie soft proof.<\/figcaption><\/figure>\n\n\n\n<figure class=\"wp-block-image size-large\"><a href=\"http:\/\/blog.proofs.de\/wp-content\/uploads\/2025\/07\/proof_de_Export_nach_CMYK_in_Acrobat.png\"><img loading=\"lazy\" decoding=\"async\" width=\"848\" height=\"955\" data-id=\"6118\" src=\"http:\/\/blog.proofs.de\/wp-content\/uploads\/2025\/07\/proof_de_Export_nach_CMYK_in_Acrobat.png\" alt=\"Proof.de: Eksport w skali szaro\u015bci z programu Photoshop do pliku PDF: Plik w skali szaro\u015bci zosta\u0142 przekonwertowany na CMYK, jak wskazuje program Acrobat\" class=\"wp-image-6118\" srcset=\"https:\/\/blog.proofs.de\/wp-content\/uploads\/2025\/07\/proof_de_Export_nach_CMYK_in_Acrobat.png 848w, https:\/\/blog.proofs.de\/wp-content\/uploads\/2025\/07\/proof_de_Export_nach_CMYK_in_Acrobat-266x300.png 266w, https:\/\/blog.proofs.de\/wp-content\/uploads\/2025\/07\/proof_de_Export_nach_CMYK_in_Acrobat-768x865.png 768w, https:\/\/blog.proofs.de\/wp-content\/uploads\/2025\/07\/proof_de_Export_nach_CMYK_in_Acrobat-11x12.png 11w\" sizes=\"auto, (max-width: 848px) 100vw, 848px\"><\/a><figcaption class=\"wp-element-caption\">Proof.de: Eksport w skali szaro\u015bci z programu Photoshop do pliku PDF: Plik w skali szaro\u015bci zosta\u0142 przekonwertowany na CMYK, jak wskazuje program Acrobat<\/figcaption><\/figure>\n<\/figure>\n\n\n\n<h2 class=\"wp-block-heading\">Wniosek: Obrazy czarno-bia\u0142e o krytycznym znaczeniu dla kolor\u00f3w powinny korzysta\u0107 z kana\u0142u czarnego profilu wyj\u015bciowego w programie Photoshop, a nie z Dot Gain 15%.<\/h2>\n\n\n\n<p class=\"wp-block-paragraph\">Jak wida\u0107, zawsze automatycznie myl\u0105 si\u0119 Pa\u0144stwo z ustawionym wst\u0119pnie wzmocnieniem Dot Gain 15%. Wyb\u00f3r kana\u0142u czarnego dla profilu wyj\u015bciowego jest zatem zawsze znacznie lepszy i jest wy\u015bwietlany odpowiednio pod wzgl\u0119dem jasno\u015bci przez wszystkie programy. Aby zaoszcz\u0119dzi\u0107 Pa\u0144stwu troch\u0119 pracy, stworzyli\u015bmy ju\u017c profile w skali szaro\u015bci kana\u0142u czarnego dla najwa\u017cniejszych profili kolor\u00f3w klasycznych metod drukowania, kt\u00f3re mo\u017cna \u0142atwo pobra\u0107 tutaj. Mog\u0105 Pa\u0144stwo po prostu skopiowa\u0107 wymagane profile do folderu profili kolor\u00f3w, ponownie uruchomi\u0107 program Photoshop, a nast\u0119pnie wybra\u0107 odpowiedni kana\u0142 czerni jako profil skali szaro\u015bci i rozpocz\u0105\u0107 prac\u0119 bezpo\u015brednio w kanale czerni wyj\u015bciowej przestrzeni kolor\u00f3w.<\/p>\n\n\n\n<p class=\"wp-block-paragraph\"><a href=\"http:\/\/blog.proofs.de\/wp-content\/uploads\/2025\/07\/PROOF-DE_SchwarzeDruckfarbe_ICCProfile.zip\" title=\"\">Mog\u0105 Pa\u0144stwo pobra\u0107 plik ZIP z profilami tutaj<\/a>. Uwzgl\u0119dniono nast\u0119puj\u0105ce profile:<\/p>\n\n\n<div class=\"wp-block-image\">\n<figure class=\"alignleft size-large\"><a href=\"http:\/\/blog.proofs.de\/wp-content\/uploads\/2025\/07\/PROOF-DE_SchwarzeDruckfarbe_ICCProfile.zip\"><img loading=\"lazy\" decoding=\"async\" width=\"428\" height=\"1024\" src=\"http:\/\/blog.proofs.de\/wp-content\/uploads\/2025\/07\/Proof_de_Schwarze_Druckfarbe_Schwarzkanal_Graustufen_Profile_Download-428x1024.png\" alt=\"Proof.de Profile kolor\u00f3w kana\u0142u czarnego dla programu Adobe Photoshop: Nast\u0119puj\u0105ce profile w skali szaro\u015bci s\u0105 zawarte w pliku do pobrania\" class=\"wp-image-6123\" srcset=\"https:\/\/blog.proofs.de\/wp-content\/uploads\/2025\/07\/Proof_de_Schwarze_Druckfarbe_Schwarzkanal_Graustufen_Profile_Download-428x1024.png 428w, https:\/\/blog.proofs.de\/wp-content\/uploads\/2025\/07\/Proof_de_Schwarze_Druckfarbe_Schwarzkanal_Graustufen_Profile_Download-125x300.png 125w, https:\/\/blog.proofs.de\/wp-content\/uploads\/2025\/07\/Proof_de_Schwarze_Druckfarbe_Schwarzkanal_Graustufen_Profile_Download-5x12.png 5w, https:\/\/blog.proofs.de\/wp-content\/uploads\/2025\/07\/Proof_de_Schwarze_Druckfarbe_Schwarzkanal_Graustufen_Profile_Download.png 590w\" sizes=\"auto, (max-width: 428px) 100vw, 428px\"><\/a><\/figure>\n<\/div>\n\n\n<p class=\"wp-block-paragraph\"><\/p>\n\n\n\n<p class=\"wp-block-paragraph\"><\/p>","protected":false},"excerpt":{"rendered":"<p>Produkty Adobe idealnie nadaj\u0105 si\u0119 do retuszu i sk\u0142adu obraz\u00f3w i bardzo dobrze radz\u0105 sobie z profilami kolor\u00f3w RGB i CMYK. Jednak w przypadku edycji i retuszu obraz\u00f3w w skali szaro\u015bci, na przyk\u0142ad dla czarno-bia\u0142ej ilustrowanej ksi\u0105\u017cki, do\u015bwiadczenie jest inne. Nagle obrazy wygl\u0105daj\u0105 zupe\u0142nie inaczej w programie InDesign ni\u017c w Photoshopie, a obrazy w skali szaro\u015bci s\u0105 r\u00f3wnie\u017c inaczej traktowane podczas eksportowania obrazu do pliku PDF. Ten artyku\u0142 wyja\u015bnia, gdzie le\u017c\u0105 problemy z czarno-bia\u0142ymi obrazami i profilami w skali szaro\u015bci w layoutach InDesign i Photoshop oraz jak mo\u017cna przynajmniej uzyska\u0107 \"w\u0142a\u015bciwe\" kolory w Photoshopie i InDesign. <\/p>\n<p class=\"read-more-container\"><a title=\"Nieprawid\u0142owe wy\u015bwietlanie skali szaro\u015bci w programach Adobe Photoshop i InDesign\" class=\"read-more button\" href=\"http:\/\/blog.proofs.de\/pl\/falsche-graustufen-darstellung-in-adobe-photoshop-und-indesign\/#more-5850\" aria-label=\"Dowiedz si\u0119 wi\u0119cej o nieprawid\u0142owym wy\u015bwietlaniu skali szaro\u015bci w Adobe Photoshop i InDesign\">Czytaj wi\u0119cej<\/a><\/p>","protected":false},"author":2,"featured_media":6048,"comment_status":"open","ping_status":"open","sticky":false,"template":"","format":"standard","meta":{"om_disable_all_campaigns":false,"inline_featured_image":false,"_monsterinsights_skip_tracking":false,"footnotes":""},"categories":[1],"tags":[553,1447,1445,1439,1440,1441,1442,1443,1434,1435,1436,819,821,1444,1437,1438,1446],"class_list":["post-5850","post","type-post","status-publish","format-standard","has-post-thumbnail","hentry","category-allgemein","tag-adobe","tag-bildband","tag-black-ink","tag-dot-gain","tag-dot-gain-15","tag-dot-gain-20","tag-dot-gain-25","tag-dot-gain-30","tag-graustufen","tag-graustufen-profil","tag-graustufen-profile","tag-indesign","tag-photoshop","tag-schwarzkanal","tag-schwarzweiss","tag-schwarzweiss-bild","tag-schwarzweiss-bildband","generate-columns","tablet-grid-50","mobile-grid-100","grid-parent","grid-50","no-featured-image-padding","resize-featured-image"],"aioseo_notices":[],"aioseo_head":"\n\t\t<!-- All in One SEO 5.0.1.1 - aioseo.com -->\n\t<meta name=\"description\" content=\"Graustufen Bilder werden in Adobe Photoshop, InDesign und Acrobat falsch verarbeitet. Aber es geht besser: Mit dem Schwarzkanal des Ausgabefarbraumes!\" \/>\n\t<meta name=\"robots\" content=\"max-image-preview:large\" \/>\n\t<meta name=\"author\" content=\"Matthias Betz\"\/>\n\t<meta name=\"google-site-verification\" content=\"TuXxyRwxcEg2-WfOaQ8vScWQh3-uBAnxXmY7g3GT90A\" \/>\n\t<meta name=\"keywords\" content=\"adobe,bildband,black ink,dot gain,dot gain 15%,dot gain 20%,dot gain 25%,dot gain 30%,graustufen,graustufen profil,graustufen profile,indesign,photoshop,schwarzkanal,schwarzweiss,schwarzweiss bild,schwarzweiss bildband\" \/>\n\t<link rel=\"canonical\" href=\"http:\/\/blog.proofs.de\/pl\/falsche-graustufen-darstellung-in-adobe-photoshop-und-indesign\/\" \/>\n\t<meta name=\"generator\" content=\"All in One SEO (AIOSEO) 5.0.1.1\" \/>\n\n\t\t<meta name=\"seobility\" content=\"593a8578143db71543f014978c690d47\">\n\t\t<meta property=\"og:locale\" content=\"pl_PL\" \/>\n\t\t<meta property=\"og:site_name\" content=\"Proof.de | Alles zu Proof, Farbmanagement, Grafik, Messtechnik &amp; Co.\" \/>\n\t\t<meta property=\"og:type\" content=\"article\" \/>\n\t\t<meta property=\"og:title\" content=\"Falsche Graustufen in Adobe Photoshop + InDesign | proof.de\" \/>\n\t\t<meta property=\"og:description\" content=\"Graustufen Bilder werden in Adobe Photoshop, InDesign und Acrobat falsch verarbeitet. Aber es geht besser: Mit dem Schwarzkanal des Ausgabefarbraumes!\" \/>\n\t\t<meta property=\"og:url\" content=\"http:\/\/blog.proofs.de\/pl\/falsche-graustufen-darstellung-in-adobe-photoshop-und-indesign\/\" \/>\n\t\t<meta property=\"og:image\" content=\"http:\/\/blog.proofs.de\/wp-content\/uploads\/2025\/05\/Proof-de_Graustufenbilder_Dot_Gain_15_20_25_30_Prozent.jpg\" \/>\n\t\t<meta property=\"og:image:width\" content=\"1200\" \/>\n\t\t<meta property=\"og:image:height\" content=\"1226\" \/>\n\t\t<meta property=\"article:published_time\" content=\"2025-08-21T14:56:15+00:00\" \/>\n\t\t<meta property=\"article:modified_time\" content=\"2025-08-22T09:39:55+00:00\" \/>\n\t\t<meta property=\"article:publisher\" content=\"https:\/\/www.facebook.com\/Proof.de\/\" \/>\n\t\t<meta name=\"twitter:card\" content=\"summary\" \/>\n\t\t<meta name=\"twitter:title\" content=\"Falsche Graustufen in Adobe Photoshop + InDesign | proof.de\" \/>\n\t\t<meta name=\"twitter:description\" content=\"Graustufen Bilder werden in Adobe Photoshop, InDesign und Acrobat falsch verarbeitet. Aber es geht besser: Mit dem Schwarzkanal des Ausgabefarbraumes!\" \/>\n\t\t<meta name=\"twitter:image\" content=\"https:\/\/blog.proofs.de\/wp-content\/uploads\/2025\/05\/Proof-de_Graustufenbilder_Dot_Gain_15_20_25_30_Prozent.jpg\" \/>\n\t\t<script type=\"application\/ld+json\" class=\"aioseo-schema\">\n\t\t\t{\"@context\":\"https:\\\/\\\/schema.org\",\"@graph\":[{\"@type\":\"Article\",\"@id\":\"http:\\\/\\\/blog.proofs.de\\\/pl\\\/falsche-graustufen-darstellung-in-adobe-photoshop-und-indesign\\\/#article\",\"name\":\"Falsche Graustufen in Adobe Photoshop + InDesign | proof.de\",\"headline\":\"Falsche Graustufen Darstellung in Adobe Photoshop und InDesign\",\"author\":{\"@id\":\"http:\\\/\\\/blog.proofs.de\\\/pl\\\/author\\\/mbetz\\\/#author\"},\"publisher\":{\"@id\":\"http:\\\/\\\/blog.proofs.de\\\/pl\\\/#organization\"},\"image\":{\"@type\":\"ImageObject\",\"url\":\"https:\\\/\\\/blog.proofs.de\\\/wp-content\\\/uploads\\\/2025\\\/05\\\/Proof-de_Graustufenbilder_Dot_Gain_15_20_25_30_Prozent.jpg\",\"width\":1200,\"height\":1226,\"caption\":\"Proof.de: Grausstufenbilder in Adobe Photoshop mit 50% F\\u00fcllung in Dot Gain 15%, Dot Gain 20%, Dot Gain 25%, 30%: Es entstehen unterschiedliche Grauwerte.\"},\"datePublished\":\"2025-08-21T16:56:15+02:00\",\"dateModified\":\"2025-08-22T11:39:55+02:00\",\"inLanguage\":\"pl-PL\",\"mainEntityOfPage\":{\"@id\":\"http:\\\/\\\/blog.proofs.de\\\/pl\\\/falsche-graustufen-darstellung-in-adobe-photoshop-und-indesign\\\/#webpage\"},\"isPartOf\":{\"@id\":\"http:\\\/\\\/blog.proofs.de\\\/pl\\\/falsche-graustufen-darstellung-in-adobe-photoshop-und-indesign\\\/#webpage\"},\"articleSection\":\"Allgemein, Adobe, Bildband, Black Ink, Dot Gain, Dot Gain 15%, Dot Gain 20%, Dot Gain 25%, Dot Gain 30%, Graustufen, Graustufen Profil, Graustufen Profile, InDesign, Photoshop, Schwarzkanal, Schwarzweiss, Schwarzweiss Bild, Schwarzweiss Bildband\"},{\"@type\":\"BreadcrumbList\",\"@id\":\"http:\\\/\\\/blog.proofs.de\\\/pl\\\/falsche-graustufen-darstellung-in-adobe-photoshop-und-indesign\\\/#breadcrumblist\",\"itemListElement\":[{\"@type\":\"ListItem\",\"@id\":\"http:\\\/\\\/blog.proofs.de\\\/pl#listItem\",\"position\":1,\"name\":\"Home\",\"item\":\"http:\\\/\\\/blog.proofs.de\\\/pl\",\"nextItem\":{\"@type\":\"ListItem\",\"@id\":\"http:\\\/\\\/blog.proofs.de\\\/pl\\\/thema\\\/allgemein\\\/#listItem\",\"name\":\"Allgemein\"}},{\"@type\":\"ListItem\",\"@id\":\"http:\\\/\\\/blog.proofs.de\\\/pl\\\/thema\\\/allgemein\\\/#listItem\",\"position\":2,\"name\":\"Allgemein\",\"item\":\"http:\\\/\\\/blog.proofs.de\\\/pl\\\/thema\\\/allgemein\\\/\",\"nextItem\":{\"@type\":\"ListItem\",\"@id\":\"http:\\\/\\\/blog.proofs.de\\\/pl\\\/falsche-graustufen-darstellung-in-adobe-photoshop-und-indesign\\\/#listItem\",\"name\":\"Falsche Graustufen Darstellung in Adobe Photoshop und InDesign\"},\"previousItem\":{\"@type\":\"ListItem\",\"@id\":\"http:\\\/\\\/blog.proofs.de\\\/pl#listItem\",\"name\":\"Home\"}},{\"@type\":\"ListItem\",\"@id\":\"http:\\\/\\\/blog.proofs.de\\\/pl\\\/falsche-graustufen-darstellung-in-adobe-photoshop-und-indesign\\\/#listItem\",\"position\":3,\"name\":\"Falsche Graustufen Darstellung in Adobe Photoshop und InDesign\",\"previousItem\":{\"@type\":\"ListItem\",\"@id\":\"http:\\\/\\\/blog.proofs.de\\\/pl\\\/thema\\\/allgemein\\\/#listItem\",\"name\":\"Allgemein\"}}]},{\"@type\":\"Organization\",\"@id\":\"http:\\\/\\\/blog.proofs.de\\\/pl\\\/#organization\",\"name\":\"Proof GmbH\",\"description\":\"Farbverbindlicher Proof, Farbproof, Digitalproof und Online-Proof.\",\"url\":\"http:\\\/\\\/blog.proofs.de\\\/pl\\\/\",\"telephone\":\"+4970717952740\",\"logo\":{\"@type\":\"ImageObject\",\"url\":\"https:\\\/\\\/blog1.proofen.de\\\/wp-content\\\/uploads\\\/2019\\\/09\\\/logo_proof_rgb_mit_balken_250px.png\",\"@id\":\"http:\\\/\\\/blog.proofs.de\\\/pl\\\/falsche-graustufen-darstellung-in-adobe-photoshop-und-indesign\\\/#organizationLogo\"},\"image\":{\"@id\":\"http:\\\/\\\/blog.proofs.de\\\/pl\\\/falsche-graustufen-darstellung-in-adobe-photoshop-und-indesign\\\/#organizationLogo\"},\"sameAs\":[\"https:\\\/\\\/www.facebook.com\\\/Proof.de\\\/\",\"https:\\\/\\\/www.instagram.com\\\/proof.de\\\/\",\"https:\\\/\\\/www.tiktok.com\\\/@proof_de\",\"https:\\\/\\\/www.youtube.com\\\/channel\\\/UCk80fQVQ25wC9wu3SywB-Nw\",\"https:\\\/\\\/www.linkedin.com\\\/company\\\/proof-de\"]},{\"@type\":\"Person\",\"@id\":\"http:\\\/\\\/blog.proofs.de\\\/pl\\\/author\\\/mbetz\\\/#author\",\"url\":\"http:\\\/\\\/blog.proofs.de\\\/pl\\\/author\\\/mbetz\\\/\",\"name\":\"Matthias Betz\",\"image\":{\"@type\":\"ImageObject\",\"@id\":\"http:\\\/\\\/blog.proofs.de\\\/pl\\\/falsche-graustufen-darstellung-in-adobe-photoshop-und-indesign\\\/#authorImage\",\"url\":\"https:\\\/\\\/blog.proofs.de\\\/wp-content\\\/uploads\\\/2020\\\/10\\\/matthias-betz-e1603934518350-150x150.png\",\"width\":96,\"height\":96,\"caption\":\"Matthias Betz\"}},{\"@type\":\"WebPage\",\"@id\":\"http:\\\/\\\/blog.proofs.de\\\/pl\\\/falsche-graustufen-darstellung-in-adobe-photoshop-und-indesign\\\/#webpage\",\"url\":\"http:\\\/\\\/blog.proofs.de\\\/pl\\\/falsche-graustufen-darstellung-in-adobe-photoshop-und-indesign\\\/\",\"name\":\"Falsche Graustufen in Adobe Photoshop + InDesign | proof.de\",\"description\":\"Graustufen Bilder werden in Adobe Photoshop, InDesign und Acrobat falsch verarbeitet. Aber es geht besser: Mit dem Schwarzkanal des Ausgabefarbraumes!\",\"inLanguage\":\"pl-PL\",\"isPartOf\":{\"@id\":\"http:\\\/\\\/blog.proofs.de\\\/pl\\\/#website\"},\"breadcrumb\":{\"@id\":\"http:\\\/\\\/blog.proofs.de\\\/pl\\\/falsche-graustufen-darstellung-in-adobe-photoshop-und-indesign\\\/#breadcrumblist\"},\"author\":{\"@id\":\"http:\\\/\\\/blog.proofs.de\\\/pl\\\/author\\\/mbetz\\\/#author\"},\"creator\":{\"@id\":\"http:\\\/\\\/blog.proofs.de\\\/pl\\\/author\\\/mbetz\\\/#author\"},\"image\":{\"@type\":\"ImageObject\",\"url\":\"https:\\\/\\\/blog.proofs.de\\\/wp-content\\\/uploads\\\/2025\\\/05\\\/Proof-de_Graustufenbilder_Dot_Gain_15_20_25_30_Prozent.jpg\",\"@id\":\"http:\\\/\\\/blog.proofs.de\\\/pl\\\/falsche-graustufen-darstellung-in-adobe-photoshop-und-indesign\\\/#mainImage\",\"width\":1200,\"height\":1226,\"caption\":\"Proof.de: Grausstufenbilder in Adobe Photoshop mit 50% F\\u00fcllung in Dot Gain 15%, Dot Gain 20%, Dot Gain 25%, 30%: Es entstehen unterschiedliche Grauwerte.\"},\"primaryImageOfPage\":{\"@id\":\"http:\\\/\\\/blog.proofs.de\\\/pl\\\/falsche-graustufen-darstellung-in-adobe-photoshop-und-indesign\\\/#mainImage\"},\"datePublished\":\"2025-08-21T16:56:15+02:00\",\"dateModified\":\"2025-08-22T11:39:55+02:00\"},{\"@type\":\"WebSite\",\"@id\":\"http:\\\/\\\/blog.proofs.de\\\/pl\\\/#website\",\"url\":\"http:\\\/\\\/blog.proofs.de\\\/pl\\\/\",\"name\":\"Proof.de\",\"description\":\"Farbverbindlicher Proof, Farbproof, Digitalproof und Online-Proof.\",\"inLanguage\":\"pl-PL\",\"publisher\":{\"@id\":\"http:\\\/\\\/blog.proofs.de\\\/pl\\\/#organization\"}}]}\n\t\t<\/script>\n\t\t<!-- All in One SEO -->\n\n","aioseo_head_json":{"title":"Nieprawid\u0142owa skala szaro\u015bci w Adobe Photoshop + InDesign | proof.de","description":"Obrazy w skali szaro\u015bci s\u0105 nieprawid\u0142owo przetwarzane w programach Adobe Photoshop, InDesign i Acrobat. Istnieje jednak lepszy spos\u00f3b: za pomoc\u0105 kana\u0142u czarnego wyj\u015bciowej przestrzeni kolor\u00f3w!","canonical_url":"http:\/\/blog.proofs.de\/pl\/falsche-graustufen-darstellung-in-adobe-photoshop-und-indesign\/","robots":"max-image-preview:large","keywords":"adobe,bildband,black ink,dot gain,dot gain 15%,dot gain 20%,dot gain 25%,dot gain 30%,graustufen,graustufen profil,graustufen profile,indesign,photoshop,schwarzkanal,schwarzweiss,schwarzweiss bild,schwarzweiss bildband","webmasterTools":{"google-site-verification":"TuXxyRwxcEg2-WfOaQ8vScWQh3-uBAnxXmY7g3GT90A","miscellaneous":"&lt;meta name=\"seobility\" content=\"593a8578143db71543f014978c690d47\"&gt;"},"schema":{"@context":"https:\/\/schema.org","@graph":[{"@type":"Article","@id":"http:\/\/blog.proofs.de\/pl\/falsche-graustufen-darstellung-in-adobe-photoshop-und-indesign\/#article","name":"Falsche Graustufen in Adobe Photoshop + InDesign | proof.de","headline":"Falsche Graustufen Darstellung in Adobe Photoshop und InDesign","author":{"@id":"http:\/\/blog.proofs.de\/pl\/author\/mbetz\/#author"},"publisher":{"@id":"http:\/\/blog.proofs.de\/pl\/#organization"},"image":{"@type":"ImageObject","url":"https:\/\/blog.proofs.de\/wp-content\/uploads\/2025\/05\/Proof-de_Graustufenbilder_Dot_Gain_15_20_25_30_Prozent.jpg","width":1200,"height":1226,"caption":"Proof.de: Grausstufenbilder in Adobe Photoshop mit 50% F\u00fcllung in Dot Gain 15%, Dot Gain 20%, Dot Gain 25%, 30%: Es entstehen unterschiedliche Grauwerte."},"datePublished":"2025-08-21T16:56:15+02:00","dateModified":"2025-08-22T11:39:55+02:00","inLanguage":"pl-PL","mainEntityOfPage":{"@id":"http:\/\/blog.proofs.de\/pl\/falsche-graustufen-darstellung-in-adobe-photoshop-und-indesign\/#webpage"},"isPartOf":{"@id":"http:\/\/blog.proofs.de\/pl\/falsche-graustufen-darstellung-in-adobe-photoshop-und-indesign\/#webpage"},"articleSection":"Allgemein, Adobe, Bildband, Black Ink, Dot Gain, Dot Gain 15%, Dot Gain 20%, Dot Gain 25%, Dot Gain 30%, Graustufen, Graustufen Profil, Graustufen Profile, InDesign, Photoshop, Schwarzkanal, Schwarzweiss, Schwarzweiss Bild, Schwarzweiss Bildband"},{"@type":"BreadcrumbList","@id":"http:\/\/blog.proofs.de\/pl\/falsche-graustufen-darstellung-in-adobe-photoshop-und-indesign\/#breadcrumblist","itemListElement":[{"@type":"ListItem","@id":"http:\/\/blog.proofs.de\/pl#listItem","position":1,"name":"Home","item":"http:\/\/blog.proofs.de\/pl","nextItem":{"@type":"ListItem","@id":"http:\/\/blog.proofs.de\/pl\/thema\/allgemein\/#listItem","name":"Allgemein"}},{"@type":"ListItem","@id":"http:\/\/blog.proofs.de\/pl\/thema\/allgemein\/#listItem","position":2,"name":"Allgemein","item":"http:\/\/blog.proofs.de\/pl\/thema\/allgemein\/","nextItem":{"@type":"ListItem","@id":"http:\/\/blog.proofs.de\/pl\/falsche-graustufen-darstellung-in-adobe-photoshop-und-indesign\/#listItem","name":"Falsche Graustufen Darstellung in Adobe Photoshop und InDesign"},"previousItem":{"@type":"ListItem","@id":"http:\/\/blog.proofs.de\/pl#listItem","name":"Home"}},{"@type":"ListItem","@id":"http:\/\/blog.proofs.de\/pl\/falsche-graustufen-darstellung-in-adobe-photoshop-und-indesign\/#listItem","position":3,"name":"Falsche Graustufen Darstellung in Adobe Photoshop und InDesign","previousItem":{"@type":"ListItem","@id":"http:\/\/blog.proofs.de\/pl\/thema\/allgemein\/#listItem","name":"Allgemein"}}]},{"@type":"Organization","@id":"http:\/\/blog.proofs.de\/pl\/#organization","name":"Proof GmbH","description":"Farbverbindlicher Proof, Farbproof, Digitalproof und Online-Proof.","url":"http:\/\/blog.proofs.de\/pl\/","telephone":"+4970717952740","logo":{"@type":"ImageObject","url":"https:\/\/blog1.proofen.de\/wp-content\/uploads\/2019\/09\/logo_proof_rgb_mit_balken_250px.png","@id":"http:\/\/blog.proofs.de\/pl\/falsche-graustufen-darstellung-in-adobe-photoshop-und-indesign\/#organizationLogo"},"image":{"@id":"http:\/\/blog.proofs.de\/pl\/falsche-graustufen-darstellung-in-adobe-photoshop-und-indesign\/#organizationLogo"},"sameAs":["https:\/\/www.facebook.com\/Proof.de\/","https:\/\/www.instagram.com\/proof.de\/","https:\/\/www.tiktok.com\/@proof_de","https:\/\/www.youtube.com\/channel\/UCk80fQVQ25wC9wu3SywB-Nw","https:\/\/www.linkedin.com\/company\/proof-de"]},{"@type":"Person","@id":"http:\/\/blog.proofs.de\/pl\/author\/mbetz\/#author","url":"http:\/\/blog.proofs.de\/pl\/author\/mbetz\/","name":"Matthias Betz","image":{"@type":"ImageObject","@id":"http:\/\/blog.proofs.de\/pl\/falsche-graustufen-darstellung-in-adobe-photoshop-und-indesign\/#authorImage","url":"https:\/\/blog.proofs.de\/wp-content\/uploads\/2020\/10\/matthias-betz-e1603934518350-150x150.png","width":96,"height":96,"caption":"Matthias Betz"}},{"@type":"WebPage","@id":"http:\/\/blog.proofs.de\/pl\/falsche-graustufen-darstellung-in-adobe-photoshop-und-indesign\/#webpage","url":"http:\/\/blog.proofs.de\/pl\/falsche-graustufen-darstellung-in-adobe-photoshop-und-indesign\/","name":"Falsche Graustufen in Adobe Photoshop + InDesign | proof.de","description":"Graustufen Bilder werden in Adobe Photoshop, InDesign und Acrobat falsch verarbeitet. Aber es geht besser: Mit dem Schwarzkanal des Ausgabefarbraumes!","inLanguage":"pl-PL","isPartOf":{"@id":"http:\/\/blog.proofs.de\/pl\/#website"},"breadcrumb":{"@id":"http:\/\/blog.proofs.de\/pl\/falsche-graustufen-darstellung-in-adobe-photoshop-und-indesign\/#breadcrumblist"},"author":{"@id":"http:\/\/blog.proofs.de\/pl\/author\/mbetz\/#author"},"creator":{"@id":"http:\/\/blog.proofs.de\/pl\/author\/mbetz\/#author"},"image":{"@type":"ImageObject","url":"https:\/\/blog.proofs.de\/wp-content\/uploads\/2025\/05\/Proof-de_Graustufenbilder_Dot_Gain_15_20_25_30_Prozent.jpg","@id":"http:\/\/blog.proofs.de\/pl\/falsche-graustufen-darstellung-in-adobe-photoshop-und-indesign\/#mainImage","width":1200,"height":1226,"caption":"Proof.de: Grausstufenbilder in Adobe Photoshop mit 50% F\u00fcllung in Dot Gain 15%, Dot Gain 20%, Dot Gain 25%, 30%: Es entstehen unterschiedliche Grauwerte."},"primaryImageOfPage":{"@id":"http:\/\/blog.proofs.de\/pl\/falsche-graustufen-darstellung-in-adobe-photoshop-und-indesign\/#mainImage"},"datePublished":"2025-08-21T16:56:15+02:00","dateModified":"2025-08-22T11:39:55+02:00"},{"@type":"WebSite","@id":"http:\/\/blog.proofs.de\/pl\/#website","url":"http:\/\/blog.proofs.de\/pl\/","name":"Proof.de","description":"Farbverbindlicher Proof, Farbproof, Digitalproof und Online-Proof.","inLanguage":"pl-PL","publisher":{"@id":"http:\/\/blog.proofs.de\/pl\/#organization"}}]},"og:locale":"pl_PL","og:site_name":"Proof.de | Alles zu Proof, Farbmanagement, Grafik, Messtechnik &amp; Co.","og:type":"article","og:title":"Falsche Graustufen in Adobe Photoshop + InDesign | proof.de","og:description":"Graustufen Bilder werden in Adobe Photoshop, InDesign und Acrobat falsch verarbeitet. Aber es geht besser: Mit dem Schwarzkanal des Ausgabefarbraumes!","og:url":"http:\/\/blog.proofs.de\/pl\/falsche-graustufen-darstellung-in-adobe-photoshop-und-indesign\/","og:image":"http:\/\/blog.proofs.de\/wp-content\/uploads\/2025\/05\/Proof-de_Graustufenbilder_Dot_Gain_15_20_25_30_Prozent.jpg","og:image:width":1200,"og:image:height":1226,"article:published_time":"2025-08-21T14:56:15+00:00","article:modified_time":"2025-08-22T09:39:55+00:00","article:publisher":"https:\/\/www.facebook.com\/Proof.de\/","twitter:card":"summary","twitter:title":"Falsche Graustufen in Adobe Photoshop + InDesign | proof.de","twitter:description":"Graustufen Bilder werden in Adobe Photoshop, InDesign und Acrobat falsch verarbeitet. Aber es geht besser: Mit dem Schwarzkanal des Ausgabefarbraumes!","twitter:image":"https:\/\/blog.proofs.de\/wp-content\/uploads\/2025\/05\/Proof-de_Graustufenbilder_Dot_Gain_15_20_25_30_Prozent.jpg"},"aioseo_meta_data":{"post_id":"5850","title":"Nieprawid\u0142owa skala szaro\u015bci w Adobe Photoshop + InDesign | proof.de","description":"Obrazy w skali szaro\u015bci s\u0105 nieprawid\u0142owo przetwarzane w programach Adobe Photoshop, InDesign i Acrobat. Istnieje jednak lepszy spos\u00f3b: za pomoc\u0105 kana\u0142u czarnego wyj\u015bciowej przestrzeni kolor\u00f3w!","keywords":null,"keyphrases":{"focus":{"keyphrase":"","score":0,"analysis":{"keyphraseInTitle":{"score":0,"maxScore":9,"error":1}}},"additional":[]},"primary_term":null,"canonical_url":null,"og_title":null,"og_description":null,"og_object_type":"default","og_image_type":"default","og_image_url":null,"og_image_width":null,"og_image_height":null,"og_image_custom_url":null,"og_image_custom_fields":null,"og_video":"","og_custom_url":null,"og_article_section":null,"og_article_tags":null,"twitter_use_og":true,"twitter_card":"default","twitter_image_type":"default","twitter_image_url":null,"twitter_image_custom_url":null,"twitter_image_custom_fields":null,"twitter_title":null,"twitter_description":null,"schema":{"blockGraphs":[],"customGraphs":[],"default":{"data":{"Article":[],"Course":[],"Dataset":[],"FAQPage":[],"Movie":[],"Person":[],"Product":[],"ProductReview":[],"Car":[],"Recipe":[],"Service":[],"SoftwareApplication":[],"WebPage":[]},"graphName":"Article","isEnabled":true},"graphs":[]},"schema_type":"default","schema_type_options":null,"pillar_content":false,"robots_default":true,"robots_noindex":false,"robots_noarchive":false,"robots_nosnippet":false,"robots_nofollow":false,"robots_noimageindex":false,"robots_noodp":false,"robots_notranslate":false,"robots_max_snippet":"-1","robots_max_videopreview":"-1","robots_max_imagepreview":"large","priority":null,"frequency":"default","local_seo":null,"breadcrumb_settings":null,"limit_modified_date":false,"ai":{"faqs":[],"keyPoints":[],"titles":[],"descriptions":[],"socialPosts":{"email":[],"linkedin":[],"twitter":[],"facebook":[],"instagram":[]}},"created":"2024-09-20 13:20:48","updated":"2025-08-22 09:42:52","seo_analyzer_scan_date":null,"focus_keyword":null,"additional_keywords":null,"truseo_locale":null},"_links":{"self":[{"href":"http:\/\/blog.proofs.de\/pl\/wp-json\/wp\/v2\/posts\/5850","targetHints":{"allow":["GET"]}}],"collection":[{"href":"http:\/\/blog.proofs.de\/pl\/wp-json\/wp\/v2\/posts"}],"about":[{"href":"http:\/\/blog.proofs.de\/pl\/wp-json\/wp\/v2\/types\/post"}],"author":[{"embeddable":true,"href":"http:\/\/blog.proofs.de\/pl\/wp-json\/wp\/v2\/users\/2"}],"replies":[{"embeddable":true,"href":"http:\/\/blog.proofs.de\/pl\/wp-json\/wp\/v2\/comments?post=5850"}],"version-history":[{"count":10,"href":"http:\/\/blog.proofs.de\/pl\/wp-json\/wp\/v2\/posts\/5850\/revisions"}],"predecessor-version":[{"id":6170,"href":"http:\/\/blog.proofs.de\/pl\/wp-json\/wp\/v2\/posts\/5850\/revisions\/6170"}],"wp:featuredmedia":[{"embeddable":true,"href":"http:\/\/blog.proofs.de\/pl\/wp-json\/wp\/v2\/media\/6048"}],"wp:attachment":[{"href":"http:\/\/blog.proofs.de\/pl\/wp-json\/wp\/v2\/media?parent=5850"}],"wp:term":[{"taxonomy":"category","embeddable":true,"href":"http:\/\/blog.proofs.de\/pl\/wp-json\/wp\/v2\/categories?post=5850"},{"taxonomy":"post_tag","embeddable":true,"href":"http:\/\/blog.proofs.de\/pl\/wp-json\/wp\/v2\/tags?post=5850"}],"curies":[{"name":"wp","href":"https:\/\/api.w.org\/{rel}","templated":true}]}}