{"id":69,"date":"2012-01-25T10:21:52","date_gmt":"2012-01-25T09:21:52","guid":{"rendered":"http:\/\/www.proof.de\/?p=69"},"modified":"2020-05-08T11:50:00","modified_gmt":"2020-05-08T09:50:00","slug":"jak-dokladne-sa-odbitki-probne","status":"publish","type":"post","link":"http:\/\/blog.proofs.de\/pl\/wie-farbverbindlich-sind-proofs\/","title":{"rendered":"Jak dok\u0142adne s\u0105 wydruki pr\u00f3bne?"},"content":{"rendered":"<div class=\"kk-star-ratings kksr-auto kksr-align-right kksr-valign-top\" data-payload='{\"align\":\"right\",\"id\":\"69\",\"slug\":\"default\",\"valign\":\"top\",\"ignore\":\"\",\"reference\":\"auto\",\"class\":\"\",\"count\":\"0\",\"legendonly\":\"\",\"readonly\":\"\",\"score\":\"0\",\"starsonly\":\"\",\"best\":\"5\",\"gap\":\"5\",\"greet\":\"Jetzt bewerten\",\"legend\":\"0\\\/5 - (0 votes)\",\"size\":\"24\",\"title\":\"Wie farbverbindlich sind Proofs?\",\"width\":\"0\",\"_legend\":\"{score}\\\/{best} - ({count} {votes})\",\"font_factor\":\"1.25\"}'>\n            \n<div class=\"kksr-stars\">\n    \n<div class=\"kksr-stars-inactive\">\n            <div class=\"kksr-star\" data-star=\"1\" style=\"padding-right: 5px\">\n            \n\n<div class=\"kksr-icon\" style=\"width: 24px; height: 24px;\"><\/div>\n        <\/div>\n            <div class=\"kksr-star\" data-star=\"2\" style=\"padding-right: 5px\">\n            \n\n<div class=\"kksr-icon\" style=\"width: 24px; height: 24px;\"><\/div>\n        <\/div>\n            <div class=\"kksr-star\" data-star=\"3\" style=\"padding-right: 5px\">\n            \n\n<div class=\"kksr-icon\" style=\"width: 24px; height: 24px;\"><\/div>\n        <\/div>\n            <div class=\"kksr-star\" data-star=\"4\" style=\"padding-right: 5px\">\n            \n\n<div class=\"kksr-icon\" style=\"width: 24px; height: 24px;\"><\/div>\n        <\/div>\n            <div class=\"kksr-star\" data-star=\"5\" style=\"padding-right: 5px\">\n            \n\n<div class=\"kksr-icon\" style=\"width: 24px; height: 24px;\"><\/div>\n        <\/div>\n    <\/div>\n    \n<div class=\"kksr-stars-active\" style=\"width: 0px;\">\n            <div class=\"kksr-star\" style=\"padding-right: 5px\">\n            \n\n<div class=\"kksr-icon\" style=\"width: 24px; height: 24px;\"><\/div>\n        <\/div>\n            <div class=\"kksr-star\" style=\"padding-right: 5px\">\n            \n\n<div class=\"kksr-icon\" style=\"width: 24px; height: 24px;\"><\/div>\n        <\/div>\n            <div class=\"kksr-star\" style=\"padding-right: 5px\">\n            \n\n<div class=\"kksr-icon\" style=\"width: 24px; height: 24px;\"><\/div>\n        <\/div>\n            <div class=\"kksr-star\" style=\"padding-right: 5px\">\n            \n\n<div class=\"kksr-icon\" style=\"width: 24px; height: 24px;\"><\/div>\n        <\/div>\n            <div class=\"kksr-star\" style=\"padding-right: 5px\">\n            \n\n<div class=\"kksr-icon\" style=\"width: 24px; height: 24px;\"><\/div>\n        <\/div>\n    <\/div>\n<\/div>\n                \n\n<div class=\"kksr-legend\" style=\"font-size: 19.2px;\">\n            <span class=\"kksr-muted\">Prosz\u0119 oceni\u0107 teraz<\/span>\n    <\/div>\n    <\/div>\n<p><strong>A <a href=\"http:\/\/blog.proofs.de\/pl\/lexikon\/proof\/\" target=\"_self\" title=\"Odbitka pr\u00f3bna to certyfikowane zgodnie z norm\u0105 ISO 12647-7 urz\u0105dzenie testuj\u0105ce dla bran\u017cy poligraficznej. Odbitka pr\u00f3bna symuluje kolorystyk\u0119 druku offsetowego lub wkl\u0119s\u0142ego w spos\u00f3b kolorystyczny i prawnie wi\u0105\u017c\u0105cy w ramach w\u0105skich tolerancji normy ISO.\" class=\"encyclopedia\">Dow\u00f3d<\/a> jest tworzony zgodnie z aktualnie obowi\u0105zuj\u0105c\u0105 norm\u0105 ISO 12647-7 i jest oznaczony symbolem <a href=\"http:\/\/blog.proofs.de\/pl\/lexikon\/ugra\/\" target=\"_self\" title=\"UGRA jest centrum kompetencji w zakresie medi\u00f3w i technologii druku.\" class=\"encyclopedia\">UGRA<\/a>-<a href=\"http:\/\/blog.proofs.de\/pl\/lexikon\/fogra\/\" target=\"_self\" title=\"Fogra Forschungsgesellschaft Druck e.V. z siedzib\u0105 w Monachium.\" class=\"encyclopedia\">Fogra<\/a> <a href=\"http:\/\/blog.proofs.de\/pl\/lexikon\/medienkeil\/\" target=\"_self\" title=\"Klin no\u015bnika to znormalizowany wzorzec testowy stosowany w przemy\u015ble drukarskim i zarz\u0105dzaniu kolorami. Klin no\u015bnika sk\u0142ada si\u0119 z szeregu plam barwnych o znanych warto\u015bciach i nat\u0119\u017ceniach kolor\u00f3w. Jest on u\u017cywany do sprawdzania dok\u0142adno\u015bci kolor\u00f3w i reprodukcji kolor\u00f3w wydruk\u00f3w, zw\u0142aszcza podczas kalibracji system\u00f3w zarz\u0105dzania kolorami. Klin no\u015bnika zawiera seri\u0119 plam barwnych o r\u00f3\u017cnych kolorach, w tym...\" class=\"encyclopedia\">Klin medialny<\/a> i raport z testu s\u0105 oznaczone kolorami i s\u0105 prawnie wi\u0105\u017c\u0105ce.<\/strong><\/p>\n<p><strong>Jak dzia\u0142a ta kontrola?<\/strong><\/p>\n<p>Czy potrzebuj\u0105 Pa\u0144stwo dowodu z klinem medialnym UGRA\/Fogra? <a href=\"http:\/\/blog.proofs.de\/pl\/lexikon\/cmyk\/\" target=\"_self\" title='CMYK oznacza cztery kolory druku: cyjan, magenta, \u017c\u00f3\u0142ty i &quot;klucz&quot; (czarny lub czarny sk\u0142adnik).' class=\"encyclopedia\">CMYK<\/a> V3.0, istniej\u0105 dwa sposoby dodania raportu z testu do Pa\u0144stwa danych.<\/p>\n<ol>\n<li>W urz\u0105dzeniach do odbitek pr\u00f3bnych ze zintegrowanym urz\u0105dzeniem pomiarowym klin no\u015bnika z 3\u00d724 znormalizowanymi plamami barwnymi jest drukowany bezpo\u015brednio pod danymi odbitki pr\u00f3bnej. Ten klin no\u015bnika jest przenoszony bezpo\u015brednio w urz\u0105dzeniu odbijaj\u0105cym do swego rodzaju \"suszarki do w\u0142os\u00f3w\" w urz\u0105dzeniu pomiarowym i tam suszony. Po kilku minutach suszenia klin no\u015bnika przesuwa si\u0119 dalej i jest mierzony bezpo\u015brednio w prooferze. Zajmuje to kilka minut. Zmierzone w ten spos\u00f3b warto\u015bci s\u0105 przesy\u0142ane do <a href=\"http:\/\/blog.proofs.de\/pl\/lexikon\/proofs\/\" target=\"_self\" title=\"W sektorze poligraficznym odbitki pr\u00f3bne (lub wydruki testowe) odnosz\u0105 si\u0119 do dok\u0142adnej kolorystycznie i prawnie wi\u0105\u017c\u0105cej symulacji wyniku drukowania do cel\u00f3w kontrolnych. Norm\u0105 dotycz\u0105c\u0105 wydruk\u00f3w pr\u00f3bnych jest ISO 12647-7:2016, tj. aktualna wersja z 2016 roku.\" class=\"encyclopedia\">Dowody<\/a>i tam analizowane. Je\u015bli warto\u015bci kolor\u00f3w s\u0105 prawid\u0142owe i mieszcz\u0105 si\u0119 w tolerancjach \u015bcis\u0142ej normy ISO, raport z testu pomiaru jest nast\u0119pnie drukowany bezpo\u015brednio pod klinem no\u015bnika, co pokazuje Pa\u0144stwu dok\u0142adno\u015b\u0107 kolor\u00f3w zgodnie z norm\u0105 ProcessStandard. <a href=\"http:\/\/blog.proofs.de\/pl\/lexikon\/offsetdruck\/\" target=\"_self\" title=\"Druk offsetowy to po\u015bredni proces drukowania. Po\u015bredni oznacza, \u017ce p\u0142yta drukarska i pod\u0142o\u017ce nie stykaj\u0105 si\u0119 ze sob\u0105 bezpo\u015brednio, ale medium jest u\u017cywane pomi\u0119dzy nimi jako \u015brodek transferu. Jest to najcz\u0119\u015bciej stosowany proces drukowania. Istniej\u0105: - arkuszowe prasy offsetowe i - zwojowe prasy offsetowe.\" class=\"encyclopedia\">Druk offsetowy<\/a> gwarantowane.<\/li>\n<li>W przypadku korektor\u00f3w bez zintegrowanego urz\u0105dzenia pomiarowego <a href=\"http:\/\/blog.proofs.de\/pl\/lexikon\/led\/\" target=\"_self\" title='LED to &quot;dioda elektroluminescencyjna&quot; i w bran\u017cy graficznej oznacza nowe \u015bwiat\u0142o &quot;LED&quot;, kt\u00f3re zast\u0105pi\u0142o starsze \u017ar\u00f3d\u0142a \u015bwiat\u0142a, takie jak neon\u00f3wki i lampy wolframowe. Rury neonowe s\u0105 znane g\u0142\u00f3wnie ze standardowego zakresu \u015bwiat\u0142a D50 lub D65, podczas gdy wolframowe \u017ar\u00f3d\u0142a \u015bwiat\u0142a by\u0142y u\u017cywane g\u0142\u00f3wnie w urz\u0105dzeniach do pomiaru kolor\u00f3w, takich jak spektrofotometry i kolorymetry....' class=\"encyclopedia\">prowadzony<\/a>Pod danymi pr\u00f3bnymi drukowany jest tylko znormalizowany klin no\u015bnika. Kontrola jest przeprowadzana p\u00f3\u017aniej i poza drukark\u0105 pr\u00f3bn\u0105. Klin no\u015bnika jest nast\u0119pnie mierzony za pomoc\u0105 zewn\u0119trznego urz\u0105dzenia pomiarowego, a warto\u015bci docelowe i tolerancji s\u0105 sprawdzane przez <a href=\"http:\/\/blog.proofs.de\/pl\/lexikon\/lab\/\" target=\"_self\" title=\"CIELAB lub LAB to matematyczny model kolor\u00f3w, kt\u00f3ry sprawdzi\u0142 si\u0119 wsz\u0119dzie tam, gdzie wymagane jest dok\u0142adne obliczenie koloru. Komputerowe zarz\u0105dzanie kolorami zazwyczaj dzia\u0142a w oparciu o CIELAB.\" class=\"encyclopedia\">Laboratorium<\/a>Drukarka. Etykieta ta jest nast\u0119pnie przyklejana bezpo\u015brednio pod klinem no\u015bnika.<\/li>\n<\/ol>\n<p><strong>Jaka jest zaleta automatycznego tworzenia i sprawdzania klina no\u015bnika bezpo\u015brednio w urz\u0105dzeniu do odbitek pr\u00f3bnych?<br>\n<\/strong><\/p>\n<ul>\n<li>- Pomiar jest wykonywany automatycznie bezpo\u015brednio po wydrukowaniu wydruku pr\u00f3bnego, co eliminuje b\u0142\u0119dy pomiarowe spowodowane b\u0142\u0119dami obs\u0142ugi r\u0119cznej. Poniewa\u017c raport z testu nie jest p\u00f3\u017aniej \"przyklejany\", jak to cz\u0119sto bywa, wykluczona jest r\u00f3wnie\u017c manipulacja.<\/li>\n<\/ul>\n<p>Wi\u0119cej informacji na temat protoko\u0142u testu, klina medialnego oraz pracy i obowi\u0105zk\u00f3w UGRA\/Fogra mo\u017cna znale\u017a\u0107 na stronie internetowej <a href=\"http:\/\/www.ugra.ch\/\" target=\"_blank\" rel=\"noopener noreferrer\">www.ugra.ch<\/a> i <a href=\"http:\/\/www.fogra.org\/\" target=\"_blank\" rel=\"noopener noreferrer\">www.fogra.org<\/a>.<\/p>","protected":false},"excerpt":{"rendered":"<p>Odbitka pr\u00f3bna jest tworzona zgodnie z aktualnie obowi\u0105zuj\u0105c\u0105 norm\u0105 ISO 12647-7 i jest wi\u0105\u017c\u0105ca kolorystycznie i prawnie wraz z klinem no\u015bnika UGRA-Fogra i raportem z testu. Jak dzia\u0142a ta weryfikacja? Je\u015bli potrzebuj\u0105 Pa\u0144stwo proofa z UGRA\/Fogra media wedge CMYK V3.0, istniej\u0105 dwa sposoby dodania raportu z testu do Pa\u0144stwa danych. W przypadku urz\u0105dze\u0144 odbitki pr\u00f3bnej ze zintegrowanym urz\u0105dzeniem pomiarowym, klin no\u015bnika z 3\u00d724 znormalizowanymi plamami barwnymi jest drukowany bezpo\u015brednio pod danymi odbitki pr\u00f3bnej. Ten klin no\u015bnika jest przenoszony bezpo\u015brednio w urz\u0105dzeniu odbijaj\u0105cym do swego rodzaju \"suszarki do w\u0142os\u00f3w\" w urz\u0105dzeniu pomiarowym i tam suszony. Po kilku minutach suszenia klin no\u015bnika jest przenoszony dalej i ... <\/p>\n<p class=\"read-more-container\"><a title=\"Jak dok\u0142adne s\u0105 wydruki pr\u00f3bne?\" class=\"read-more button\" href=\"http:\/\/blog.proofs.de\/pl\/wie-farbverbindlich-sind-proofs\/#more-69\" aria-label=\"Dowiedz si\u0119 wi\u0119cej o Jak dok\u0142adne s\u0105 wydruki pr\u00f3bne?\">Czytaj wi\u0119cej<\/a><\/p>","protected":false},"author":2,"featured_media":881,"comment_status":"open","ping_status":"open","sticky":false,"template":"","format":"standard","meta":{"om_disable_all_campaigns":false,"inline_featured_image":false,"_monsterinsights_skip_tracking":false,"footnotes":""},"categories":[18,443,120,438,437,7,442],"tags":[520,521,21,67,522,19,519,525],"class_list":["post-69","post","type-post","status-publish","format-standard","has-post-thumbnail","hentry","category-haufige-fragen","category-haeufige-fragen-zu-proofs","category-kategorie-proof-gmbh","category-proof-papiere","category-proof-software-und-technik","category-proof-wissen","category-prozessstandard-offsetdruck-proof-wissen","tag-digitalproof","tag-farbproof","tag-farbverbindlich","tag-farbverbindlichkeit","tag-fogra","tag-medienkeil","tag-proof","tag-ugra","generate-columns","tablet-grid-50","mobile-grid-100","grid-parent","grid-50","no-featured-image-padding","resize-featured-image"],"aioseo_notices":[],"aioseo_head":"\n\t\t<!-- All in One SEO 5.0.1.1 - aioseo.com -->\n\t<meta name=\"description\" content=\"In dem Artikel wird erkl\u00e4rt, wie ein Proof farbverbindlich und rechtsverbindlich wird: Mit Medienkeil und Pr\u00fcfprotokoll nach ISO 12647-7 kein Thema!\" \/>\n\t<meta name=\"robots\" content=\"max-image-preview:large\" \/>\n\t<meta name=\"author\" content=\"Matthias Betz\"\/>\n\t<meta name=\"google-site-verification\" content=\"TuXxyRwxcEg2-WfOaQ8vScWQh3-uBAnxXmY7g3GT90A\" \/>\n\t<meta name=\"keywords\" content=\"proof,farbverbindlich,rechtsverbindlich,pr\u00fcfprotokoll,iso12647-7,digitalproof,farbproof,farbverbindlich,farbverbindlichkeit,fogra,medienkeil,proof,ugra\" \/>\n\t<link rel=\"canonical\" href=\"http:\/\/blog.proofs.de\/pl\/wie-farbverbindlich-sind-proofs\/\" \/>\n\t<meta name=\"generator\" content=\"All in One SEO (AIOSEO) 5.0.1.1\" \/>\n\n\t\t<meta name=\"seobility\" content=\"593a8578143db71543f014978c690d47\">\n\t\t<meta property=\"og:locale\" content=\"pl_PL\" \/>\n\t\t<meta property=\"og:site_name\" content=\"Proof.de | Alles zu Proof, Farbmanagement, Grafik, Messtechnik &amp; Co.\" \/>\n\t\t<meta property=\"og:type\" content=\"article\" \/>\n\t\t<meta property=\"og:title\" content=\"Wie farbverbindlich sind Proofs? | proof.de\" \/>\n\t\t<meta property=\"og:description\" content=\"In dem Artikel wird erkl\u00e4rt, wie ein Proof farbverbindlich und rechtsverbindlich wird: Mit Medienkeil und Pr\u00fcfprotokoll nach ISO 12647-7 kein Thema!\" \/>\n\t\t<meta property=\"og:url\" content=\"http:\/\/blog.proofs.de\/pl\/wie-farbverbindlich-sind-proofs\/\" \/>\n\t\t<meta property=\"og:image\" content=\"http:\/\/blog.proofs.de\/wp-content\/uploads\/2014\/02\/medienkeil_mit_pruefprotokoll.jpg\" \/>\n\t\t<meta property=\"og:image:width\" content=\"540\" \/>\n\t\t<meta property=\"og:image:height\" content=\"315\" \/>\n\t\t<meta property=\"article:published_time\" content=\"2012-01-25T09:21:52+00:00\" \/>\n\t\t<meta property=\"article:modified_time\" content=\"2020-05-08T09:50:00+00:00\" \/>\n\t\t<meta property=\"article:publisher\" content=\"https:\/\/www.facebook.com\/Proof.de\/\" \/>\n\t\t<meta name=\"twitter:card\" content=\"summary\" \/>\n\t\t<meta name=\"twitter:title\" content=\"Wie farbverbindlich sind Proofs? | proof.de\" \/>\n\t\t<meta name=\"twitter:description\" content=\"In dem Artikel wird erkl\u00e4rt, wie ein Proof farbverbindlich und rechtsverbindlich wird: Mit Medienkeil und Pr\u00fcfprotokoll nach ISO 12647-7 kein Thema!\" \/>\n\t\t<meta name=\"twitter:image\" content=\"https:\/\/blog1.proofen.de\/wp-content\/uploads\/2020\/04\/proof_background.jpg\" \/>\n\t\t<script type=\"application\/ld+json\" class=\"aioseo-schema\">\n\t\t\t{\"@context\":\"https:\\\/\\\/schema.org\",\"@graph\":[{\"@type\":\"Article\",\"@id\":\"http:\\\/\\\/blog.proofs.de\\\/pl\\\/wie-farbverbindlich-sind-proofs\\\/#article\",\"name\":\"Wie farbverbindlich sind Proofs? | proof.de\",\"headline\":\"Wie farbverbindlich sind Proofs?\",\"author\":{\"@id\":\"http:\\\/\\\/blog.proofs.de\\\/pl\\\/author\\\/mbetz\\\/#author\"},\"publisher\":{\"@id\":\"http:\\\/\\\/blog.proofs.de\\\/pl\\\/#organization\"},\"image\":{\"@type\":\"ImageObject\",\"url\":\"https:\\\/\\\/blog.proofs.de\\\/wp-content\\\/uploads\\\/2014\\\/02\\\/medienkeil_mit_pruefprotokoll.jpg\",\"width\":540,\"height\":315,\"caption\":\"Ugra\\\/Fogra-Medienkeil V3.0 mit Pr\\u00fcfprotokoll\"},\"datePublished\":\"2012-01-25T10:21:52+01:00\",\"dateModified\":\"2020-05-08T11:50:00+02:00\",\"inLanguage\":\"pl-PL\",\"mainEntityOfPage\":{\"@id\":\"http:\\\/\\\/blog.proofs.de\\\/pl\\\/wie-farbverbindlich-sind-proofs\\\/#webpage\"},\"isPartOf\":{\"@id\":\"http:\\\/\\\/blog.proofs.de\\\/pl\\\/wie-farbverbindlich-sind-proofs\\\/#webpage\"},\"articleSection\":\"H\\u00e4ufige Fragen, H\\u00e4ufige Fragen zu Proofs, Proof GmbH, Proof Papiere, Proof Software &amp; Technik, Proof Wissen, Prozessstandard Offsetdruck, Digitalproof, Farbproof, farbverbindlich, Farbverbindlichkeit, Fogra, Medienkeil, Proof, UGRA\"},{\"@type\":\"BreadcrumbList\",\"@id\":\"http:\\\/\\\/blog.proofs.de\\\/pl\\\/wie-farbverbindlich-sind-proofs\\\/#breadcrumblist\",\"itemListElement\":[{\"@type\":\"ListItem\",\"@id\":\"http:\\\/\\\/blog.proofs.de\\\/pl#listItem\",\"position\":1,\"name\":\"Home\",\"item\":\"http:\\\/\\\/blog.proofs.de\\\/pl\",\"nextItem\":{\"@type\":\"ListItem\",\"@id\":\"http:\\\/\\\/blog.proofs.de\\\/pl\\\/thema\\\/proof-wissen\\\/#listItem\",\"name\":\"Proof Wissen\"}},{\"@type\":\"ListItem\",\"@id\":\"http:\\\/\\\/blog.proofs.de\\\/pl\\\/thema\\\/proof-wissen\\\/#listItem\",\"position\":2,\"name\":\"Proof Wissen\",\"item\":\"http:\\\/\\\/blog.proofs.de\\\/pl\\\/thema\\\/proof-wissen\\\/\",\"nextItem\":{\"@type\":\"ListItem\",\"@id\":\"http:\\\/\\\/blog.proofs.de\\\/pl\\\/thema\\\/proof-wissen\\\/kategorie-proof-gmbh\\\/#listItem\",\"name\":\"Proof GmbH\"},\"previousItem\":{\"@type\":\"ListItem\",\"@id\":\"http:\\\/\\\/blog.proofs.de\\\/pl#listItem\",\"name\":\"Home\"}},{\"@type\":\"ListItem\",\"@id\":\"http:\\\/\\\/blog.proofs.de\\\/pl\\\/thema\\\/proof-wissen\\\/kategorie-proof-gmbh\\\/#listItem\",\"position\":3,\"name\":\"Proof GmbH\",\"item\":\"http:\\\/\\\/blog.proofs.de\\\/pl\\\/thema\\\/proof-wissen\\\/kategorie-proof-gmbh\\\/\",\"nextItem\":{\"@type\":\"ListItem\",\"@id\":\"http:\\\/\\\/blog.proofs.de\\\/pl\\\/wie-farbverbindlich-sind-proofs\\\/#listItem\",\"name\":\"Wie farbverbindlich sind Proofs?\"},\"previousItem\":{\"@type\":\"ListItem\",\"@id\":\"http:\\\/\\\/blog.proofs.de\\\/pl\\\/thema\\\/proof-wissen\\\/#listItem\",\"name\":\"Proof Wissen\"}},{\"@type\":\"ListItem\",\"@id\":\"http:\\\/\\\/blog.proofs.de\\\/pl\\\/wie-farbverbindlich-sind-proofs\\\/#listItem\",\"position\":4,\"name\":\"Wie farbverbindlich sind Proofs?\",\"previousItem\":{\"@type\":\"ListItem\",\"@id\":\"http:\\\/\\\/blog.proofs.de\\\/pl\\\/thema\\\/proof-wissen\\\/kategorie-proof-gmbh\\\/#listItem\",\"name\":\"Proof GmbH\"}}]},{\"@type\":\"Organization\",\"@id\":\"http:\\\/\\\/blog.proofs.de\\\/pl\\\/#organization\",\"name\":\"Proof GmbH\",\"description\":\"Farbverbindlicher Proof, Farbproof, Digitalproof und Online-Proof.\",\"url\":\"http:\\\/\\\/blog.proofs.de\\\/pl\\\/\",\"telephone\":\"+4970717952740\",\"logo\":{\"@type\":\"ImageObject\",\"url\":\"https:\\\/\\\/blog1.proofen.de\\\/wp-content\\\/uploads\\\/2019\\\/09\\\/logo_proof_rgb_mit_balken_250px.png\",\"@id\":\"http:\\\/\\\/blog.proofs.de\\\/pl\\\/wie-farbverbindlich-sind-proofs\\\/#organizationLogo\"},\"image\":{\"@id\":\"http:\\\/\\\/blog.proofs.de\\\/pl\\\/wie-farbverbindlich-sind-proofs\\\/#organizationLogo\"},\"sameAs\":[\"https:\\\/\\\/www.facebook.com\\\/Proof.de\\\/\",\"https:\\\/\\\/www.instagram.com\\\/proof.de\\\/\",\"https:\\\/\\\/www.tiktok.com\\\/@proof_de\",\"https:\\\/\\\/www.youtube.com\\\/channel\\\/UCk80fQVQ25wC9wu3SywB-Nw\",\"https:\\\/\\\/www.linkedin.com\\\/company\\\/proof-de\"]},{\"@type\":\"Person\",\"@id\":\"http:\\\/\\\/blog.proofs.de\\\/pl\\\/author\\\/mbetz\\\/#author\",\"url\":\"http:\\\/\\\/blog.proofs.de\\\/pl\\\/author\\\/mbetz\\\/\",\"name\":\"Matthias Betz\",\"image\":{\"@type\":\"ImageObject\",\"@id\":\"http:\\\/\\\/blog.proofs.de\\\/pl\\\/wie-farbverbindlich-sind-proofs\\\/#authorImage\",\"url\":\"https:\\\/\\\/blog.proofs.de\\\/wp-content\\\/uploads\\\/2020\\\/10\\\/matthias-betz-e1603934518350-150x150.png\",\"width\":96,\"height\":96,\"caption\":\"Matthias Betz\"}},{\"@type\":\"WebPage\",\"@id\":\"http:\\\/\\\/blog.proofs.de\\\/pl\\\/wie-farbverbindlich-sind-proofs\\\/#webpage\",\"url\":\"http:\\\/\\\/blog.proofs.de\\\/pl\\\/wie-farbverbindlich-sind-proofs\\\/\",\"name\":\"Wie farbverbindlich sind Proofs? | proof.de\",\"description\":\"In dem Artikel wird erkl\\u00e4rt, wie ein Proof farbverbindlich und rechtsverbindlich wird: Mit Medienkeil und Pr\\u00fcfprotokoll nach ISO 12647-7 kein Thema!\",\"inLanguage\":\"pl-PL\",\"isPartOf\":{\"@id\":\"http:\\\/\\\/blog.proofs.de\\\/pl\\\/#website\"},\"breadcrumb\":{\"@id\":\"http:\\\/\\\/blog.proofs.de\\\/pl\\\/wie-farbverbindlich-sind-proofs\\\/#breadcrumblist\"},\"author\":{\"@id\":\"http:\\\/\\\/blog.proofs.de\\\/pl\\\/author\\\/mbetz\\\/#author\"},\"creator\":{\"@id\":\"http:\\\/\\\/blog.proofs.de\\\/pl\\\/author\\\/mbetz\\\/#author\"},\"image\":{\"@type\":\"ImageObject\",\"url\":\"https:\\\/\\\/blog.proofs.de\\\/wp-content\\\/uploads\\\/2014\\\/02\\\/medienkeil_mit_pruefprotokoll.jpg\",\"@id\":\"http:\\\/\\\/blog.proofs.de\\\/pl\\\/wie-farbverbindlich-sind-proofs\\\/#mainImage\",\"width\":540,\"height\":315,\"caption\":\"Ugra\\\/Fogra-Medienkeil V3.0 mit Pr\\u00fcfprotokoll\"},\"primaryImageOfPage\":{\"@id\":\"http:\\\/\\\/blog.proofs.de\\\/pl\\\/wie-farbverbindlich-sind-proofs\\\/#mainImage\"},\"datePublished\":\"2012-01-25T10:21:52+01:00\",\"dateModified\":\"2020-05-08T11:50:00+02:00\"},{\"@type\":\"WebSite\",\"@id\":\"http:\\\/\\\/blog.proofs.de\\\/pl\\\/#website\",\"url\":\"http:\\\/\\\/blog.proofs.de\\\/pl\\\/\",\"name\":\"Proof.de\",\"description\":\"Farbverbindlicher Proof, Farbproof, Digitalproof und Online-Proof.\",\"inLanguage\":\"pl-PL\",\"publisher\":{\"@id\":\"http:\\\/\\\/blog.proofs.de\\\/pl\\\/#organization\"}}]}\n\t\t<\/script>\n\t\t<!-- All in One SEO -->\n\n","aioseo_head_json":{"title":"Jak dok\u0142adne s\u0105 wydruki pr\u00f3bne? | proof.de","description":"W artykule wyja\u015bniono, w jaki spos\u00f3b sporz\u0105dzi\u0107 zgodny z kolorystyk\u0105 i prawnie wi\u0105\u017c\u0105cy proof: Bez problemu z klinem medialnym i raportem z test\u00f3w zgodnie z ISO 12647-7!","canonical_url":"http:\/\/blog.proofs.de\/pl\/wie-farbverbindlich-sind-proofs\/","robots":"max-image-preview:large","keywords":"proof,farbverbindlich,rechtsverbindlich,pr\u00fcfprotokoll,iso12647-7,digitalproof,farbproof,farbverbindlich,farbverbindlichkeit,fogra,medienkeil,proof,ugra","webmasterTools":{"google-site-verification":"TuXxyRwxcEg2-WfOaQ8vScWQh3-uBAnxXmY7g3GT90A","miscellaneous":"&lt;meta name=\"seobility\" content=\"593a8578143db71543f014978c690d47\"&gt;"},"schema":{"@context":"https:\/\/schema.org","@graph":[{"@type":"Article","@id":"http:\/\/blog.proofs.de\/pl\/wie-farbverbindlich-sind-proofs\/#article","name":"Wie farbverbindlich sind Proofs? | proof.de","headline":"Wie farbverbindlich sind Proofs?","author":{"@id":"http:\/\/blog.proofs.de\/pl\/author\/mbetz\/#author"},"publisher":{"@id":"http:\/\/blog.proofs.de\/pl\/#organization"},"image":{"@type":"ImageObject","url":"https:\/\/blog.proofs.de\/wp-content\/uploads\/2014\/02\/medienkeil_mit_pruefprotokoll.jpg","width":540,"height":315,"caption":"Ugra\/Fogra-Medienkeil V3.0 mit Pr\u00fcfprotokoll"},"datePublished":"2012-01-25T10:21:52+01:00","dateModified":"2020-05-08T11:50:00+02:00","inLanguage":"pl-PL","mainEntityOfPage":{"@id":"http:\/\/blog.proofs.de\/pl\/wie-farbverbindlich-sind-proofs\/#webpage"},"isPartOf":{"@id":"http:\/\/blog.proofs.de\/pl\/wie-farbverbindlich-sind-proofs\/#webpage"},"articleSection":"H\u00e4ufige Fragen, H\u00e4ufige Fragen zu Proofs, Proof GmbH, Proof Papiere, Proof Software &amp; Technik, Proof Wissen, Prozessstandard Offsetdruck, Digitalproof, Farbproof, farbverbindlich, Farbverbindlichkeit, Fogra, Medienkeil, Proof, UGRA"},{"@type":"BreadcrumbList","@id":"http:\/\/blog.proofs.de\/pl\/wie-farbverbindlich-sind-proofs\/#breadcrumblist","itemListElement":[{"@type":"ListItem","@id":"http:\/\/blog.proofs.de\/pl#listItem","position":1,"name":"Home","item":"http:\/\/blog.proofs.de\/pl","nextItem":{"@type":"ListItem","@id":"http:\/\/blog.proofs.de\/pl\/thema\/proof-wissen\/#listItem","name":"Proof Wissen"}},{"@type":"ListItem","@id":"http:\/\/blog.proofs.de\/pl\/thema\/proof-wissen\/#listItem","position":2,"name":"Proof Wissen","item":"http:\/\/blog.proofs.de\/pl\/thema\/proof-wissen\/","nextItem":{"@type":"ListItem","@id":"http:\/\/blog.proofs.de\/pl\/thema\/proof-wissen\/kategorie-proof-gmbh\/#listItem","name":"Proof GmbH"},"previousItem":{"@type":"ListItem","@id":"http:\/\/blog.proofs.de\/pl#listItem","name":"Home"}},{"@type":"ListItem","@id":"http:\/\/blog.proofs.de\/pl\/thema\/proof-wissen\/kategorie-proof-gmbh\/#listItem","position":3,"name":"Proof GmbH","item":"http:\/\/blog.proofs.de\/pl\/thema\/proof-wissen\/kategorie-proof-gmbh\/","nextItem":{"@type":"ListItem","@id":"http:\/\/blog.proofs.de\/pl\/wie-farbverbindlich-sind-proofs\/#listItem","name":"Wie farbverbindlich sind Proofs?"},"previousItem":{"@type":"ListItem","@id":"http:\/\/blog.proofs.de\/pl\/thema\/proof-wissen\/#listItem","name":"Proof Wissen"}},{"@type":"ListItem","@id":"http:\/\/blog.proofs.de\/pl\/wie-farbverbindlich-sind-proofs\/#listItem","position":4,"name":"Wie farbverbindlich sind Proofs?","previousItem":{"@type":"ListItem","@id":"http:\/\/blog.proofs.de\/pl\/thema\/proof-wissen\/kategorie-proof-gmbh\/#listItem","name":"Proof GmbH"}}]},{"@type":"Organization","@id":"http:\/\/blog.proofs.de\/pl\/#organization","name":"Proof GmbH","description":"Farbverbindlicher Proof, Farbproof, Digitalproof und Online-Proof.","url":"http:\/\/blog.proofs.de\/pl\/","telephone":"+4970717952740","logo":{"@type":"ImageObject","url":"https:\/\/blog1.proofen.de\/wp-content\/uploads\/2019\/09\/logo_proof_rgb_mit_balken_250px.png","@id":"http:\/\/blog.proofs.de\/pl\/wie-farbverbindlich-sind-proofs\/#organizationLogo"},"image":{"@id":"http:\/\/blog.proofs.de\/pl\/wie-farbverbindlich-sind-proofs\/#organizationLogo"},"sameAs":["https:\/\/www.facebook.com\/Proof.de\/","https:\/\/www.instagram.com\/proof.de\/","https:\/\/www.tiktok.com\/@proof_de","https:\/\/www.youtube.com\/channel\/UCk80fQVQ25wC9wu3SywB-Nw","https:\/\/www.linkedin.com\/company\/proof-de"]},{"@type":"Person","@id":"http:\/\/blog.proofs.de\/pl\/author\/mbetz\/#author","url":"http:\/\/blog.proofs.de\/pl\/author\/mbetz\/","name":"Matthias Betz","image":{"@type":"ImageObject","@id":"http:\/\/blog.proofs.de\/pl\/wie-farbverbindlich-sind-proofs\/#authorImage","url":"https:\/\/blog.proofs.de\/wp-content\/uploads\/2020\/10\/matthias-betz-e1603934518350-150x150.png","width":96,"height":96,"caption":"Matthias Betz"}},{"@type":"WebPage","@id":"http:\/\/blog.proofs.de\/pl\/wie-farbverbindlich-sind-proofs\/#webpage","url":"http:\/\/blog.proofs.de\/pl\/wie-farbverbindlich-sind-proofs\/","name":"Wie farbverbindlich sind Proofs? | proof.de","description":"In dem Artikel wird erkl\u00e4rt, wie ein Proof farbverbindlich und rechtsverbindlich wird: Mit Medienkeil und Pr\u00fcfprotokoll nach ISO 12647-7 kein Thema!","inLanguage":"pl-PL","isPartOf":{"@id":"http:\/\/blog.proofs.de\/pl\/#website"},"breadcrumb":{"@id":"http:\/\/blog.proofs.de\/pl\/wie-farbverbindlich-sind-proofs\/#breadcrumblist"},"author":{"@id":"http:\/\/blog.proofs.de\/pl\/author\/mbetz\/#author"},"creator":{"@id":"http:\/\/blog.proofs.de\/pl\/author\/mbetz\/#author"},"image":{"@type":"ImageObject","url":"https:\/\/blog.proofs.de\/wp-content\/uploads\/2014\/02\/medienkeil_mit_pruefprotokoll.jpg","@id":"http:\/\/blog.proofs.de\/pl\/wie-farbverbindlich-sind-proofs\/#mainImage","width":540,"height":315,"caption":"Ugra\/Fogra-Medienkeil V3.0 mit Pr\u00fcfprotokoll"},"primaryImageOfPage":{"@id":"http:\/\/blog.proofs.de\/pl\/wie-farbverbindlich-sind-proofs\/#mainImage"},"datePublished":"2012-01-25T10:21:52+01:00","dateModified":"2020-05-08T11:50:00+02:00"},{"@type":"WebSite","@id":"http:\/\/blog.proofs.de\/pl\/#website","url":"http:\/\/blog.proofs.de\/pl\/","name":"Proof.de","description":"Farbverbindlicher Proof, Farbproof, Digitalproof und Online-Proof.","inLanguage":"pl-PL","publisher":{"@id":"http:\/\/blog.proofs.de\/pl\/#organization"}}]},"og:locale":"pl_PL","og:site_name":"Proof.de | Alles zu Proof, Farbmanagement, Grafik, Messtechnik &amp; Co.","og:type":"article","og:title":"Wie farbverbindlich sind Proofs? | proof.de","og:description":"In dem Artikel wird erkl\u00e4rt, wie ein Proof farbverbindlich und rechtsverbindlich wird: Mit Medienkeil und Pr\u00fcfprotokoll nach ISO 12647-7 kein Thema!","og:url":"http:\/\/blog.proofs.de\/pl\/wie-farbverbindlich-sind-proofs\/","og:image":"http:\/\/blog.proofs.de\/wp-content\/uploads\/2014\/02\/medienkeil_mit_pruefprotokoll.jpg","og:image:width":540,"og:image:height":315,"article:published_time":"2012-01-25T09:21:52+00:00","article:modified_time":"2020-05-08T09:50:00+00:00","article:publisher":"https:\/\/www.facebook.com\/Proof.de\/","twitter:card":"summary","twitter:title":"Wie farbverbindlich sind Proofs? | proof.de","twitter:description":"In dem Artikel wird erkl\u00e4rt, wie ein Proof farbverbindlich und rechtsverbindlich wird: Mit Medienkeil und Pr\u00fcfprotokoll nach ISO 12647-7 kein Thema!","twitter:image":"https:\/\/blog1.proofen.de\/wp-content\/uploads\/2020\/04\/proof_background.jpg"},"aioseo_meta_data":{"post_id":"69","title":"Wie farbverbindlich sind Proofs? |\u00a0proof.de","description":"W artykule wyja\u015bniono, w jaki spos\u00f3b sporz\u0105dzi\u0107 zgodny z kolorystyk\u0105 i prawnie wi\u0105\u017c\u0105cy proof: Bez problemu z klinem medialnym i raportem z test\u00f3w zgodnie z ISO 12647-7!","keywords":[{"label":"Proof,Farbverbindlich,rechtsverbindlich,Pr\u00fcfprotokoll,ISO12647-7","value":"Proof,Farbverbindlich,rechtsverbindlich,Pr\u00fcfprotokoll,ISO12647-7"}],"keyphrases":null,"primary_term":null,"canonical_url":null,"og_title":null,"og_description":null,"og_object_type":"default","og_image_type":"default","og_image_url":null,"og_image_width":null,"og_image_height":null,"og_image_custom_url":null,"og_image_custom_fields":null,"og_video":null,"og_custom_url":null,"og_article_section":null,"og_article_tags":null,"twitter_use_og":false,"twitter_card":"default","twitter_image_type":"default","twitter_image_url":null,"twitter_image_custom_url":null,"twitter_image_custom_fields":null,"twitter_title":null,"twitter_description":null,"schema":{"blockGraphs":[],"customGraphs":[],"default":{"data":{"Article":[],"Course":[],"Dataset":[],"FAQPage":[],"Movie":[],"Person":[],"Product":[],"ProductReview":[],"Car":[],"Recipe":[],"Service":[],"SoftwareApplication":[],"WebPage":[]},"graphName":"","isEnabled":true},"graphs":[]},"schema_type":null,"schema_type_options":null,"pillar_content":false,"robots_default":true,"robots_noindex":false,"robots_noarchive":false,"robots_nosnippet":false,"robots_nofollow":false,"robots_noimageindex":false,"robots_noodp":false,"robots_notranslate":false,"robots_max_snippet":null,"robots_max_videopreview":null,"robots_max_imagepreview":"large","priority":null,"frequency":null,"local_seo":null,"breadcrumb_settings":null,"limit_modified_date":false,"ai":null,"created":"2020-12-21 00:35:00","updated":"2025-06-04 14:10:54","seo_analyzer_scan_date":null,"focus_keyword":null,"additional_keywords":null,"truseo_locale":null},"_links":{"self":[{"href":"http:\/\/blog.proofs.de\/pl\/wp-json\/wp\/v2\/posts\/69","targetHints":{"allow":["GET"]}}],"collection":[{"href":"http:\/\/blog.proofs.de\/pl\/wp-json\/wp\/v2\/posts"}],"about":[{"href":"http:\/\/blog.proofs.de\/pl\/wp-json\/wp\/v2\/types\/post"}],"author":[{"embeddable":true,"href":"http:\/\/blog.proofs.de\/pl\/wp-json\/wp\/v2\/users\/2"}],"replies":[{"embeddable":true,"href":"http:\/\/blog.proofs.de\/pl\/wp-json\/wp\/v2\/comments?post=69"}],"version-history":[{"count":11,"href":"http:\/\/blog.proofs.de\/pl\/wp-json\/wp\/v2\/posts\/69\/revisions"}],"predecessor-version":[{"id":3417,"href":"http:\/\/blog.proofs.de\/pl\/wp-json\/wp\/v2\/posts\/69\/revisions\/3417"}],"wp:featuredmedia":[{"embeddable":true,"href":"http:\/\/blog.proofs.de\/pl\/wp-json\/wp\/v2\/media\/881"}],"wp:attachment":[{"href":"http:\/\/blog.proofs.de\/pl\/wp-json\/wp\/v2\/media?parent=69"}],"wp:term":[{"taxonomy":"category","embeddable":true,"href":"http:\/\/blog.proofs.de\/pl\/wp-json\/wp\/v2\/categories?post=69"},{"taxonomy":"post_tag","embeddable":true,"href":"http:\/\/blog.proofs.de\/pl\/wp-json\/wp\/v2\/tags?post=69"}],"curies":[{"name":"wp","href":"https:\/\/api.w.org\/{rel}","templated":true}]}}