{"id":2140,"date":"2018-09-02T02:06:53","date_gmt":"2018-09-02T00:06:53","guid":{"rendered":"http:\/\/www.proof.de\/?p=2140"},"modified":"2020-05-08T02:16:05","modified_gmt":"2020-05-08T00:16:05","slug":"adunarea-generala-a-membrilor-freiefarbe-e-v-din-29-septembrie-2018-la-tuebingen","status":"publish","type":"post","link":"http:\/\/blog.proofs.de\/ro\/mitgliederversammlung-freiefarbe-e-v-am-29-9-2018-in-tuebingen\/","title":{"rendered":"Adunarea general\u0103 a freieFarbe e.V. din 29.9.2018 la T\u00fcbingen"},"content":{"rendered":"<div class=\"kk-star-ratings kksr-auto kksr-align-right kksr-valign-top\" data-payload='{\"align\":\"right\",\"id\":\"2140\",\"slug\":\"default\",\"valign\":\"top\",\"ignore\":\"\",\"reference\":\"auto\",\"class\":\"\",\"count\":\"0\",\"legendonly\":\"\",\"readonly\":\"\",\"score\":\"0\",\"starsonly\":\"\",\"best\":\"5\",\"gap\":\"5\",\"greet\":\"Jetzt bewerten\",\"legend\":\"0\\\/5 - (0 votes)\",\"size\":\"24\",\"title\":\"Mitgliederversammlung freieFarbe e.V. am 29.9.2018 in T&uuml;bingen\",\"width\":\"0\",\"_legend\":\"{score}\\\/{best} - ({count} {votes})\",\"font_factor\":\"1.25\"}'>\n            \n<div class=\"kksr-stars\">\n    \n<div class=\"kksr-stars-inactive\">\n            <div class=\"kksr-star\" data-star=\"1\" style=\"padding-right: 5px\">\n            \n\n<div class=\"kksr-icon\" style=\"width: 24px; height: 24px;\"><\/div>\n        <\/div>\n            <div class=\"kksr-star\" data-star=\"2\" style=\"padding-right: 5px\">\n            \n\n<div class=\"kksr-icon\" style=\"width: 24px; height: 24px;\"><\/div>\n        <\/div>\n            <div class=\"kksr-star\" data-star=\"3\" style=\"padding-right: 5px\">\n            \n\n<div class=\"kksr-icon\" style=\"width: 24px; height: 24px;\"><\/div>\n        <\/div>\n            <div class=\"kksr-star\" data-star=\"4\" style=\"padding-right: 5px\">\n            \n\n<div class=\"kksr-icon\" style=\"width: 24px; height: 24px;\"><\/div>\n        <\/div>\n            <div class=\"kksr-star\" data-star=\"5\" style=\"padding-right: 5px\">\n            \n\n<div class=\"kksr-icon\" style=\"width: 24px; height: 24px;\"><\/div>\n        <\/div>\n    <\/div>\n    \n<div class=\"kksr-stars-active\" style=\"width: 0px;\">\n            <div class=\"kksr-star\" style=\"padding-right: 5px\">\n            \n\n<div class=\"kksr-icon\" style=\"width: 24px; height: 24px;\"><\/div>\n        <\/div>\n            <div class=\"kksr-star\" style=\"padding-right: 5px\">\n            \n\n<div class=\"kksr-icon\" style=\"width: 24px; height: 24px;\"><\/div>\n        <\/div>\n            <div class=\"kksr-star\" style=\"padding-right: 5px\">\n            \n\n<div class=\"kksr-icon\" style=\"width: 24px; height: 24px;\"><\/div>\n        <\/div>\n            <div class=\"kksr-star\" style=\"padding-right: 5px\">\n            \n\n<div class=\"kksr-icon\" style=\"width: 24px; height: 24px;\"><\/div>\n        <\/div>\n            <div class=\"kksr-star\" style=\"padding-right: 5px\">\n            \n\n<div class=\"kksr-icon\" style=\"width: 24px; height: 24px;\"><\/div>\n        <\/div>\n    <\/div>\n<\/div>\n                \n\n<div class=\"kksr-legend\" style=\"font-size: 19.2px;\">\n            <span class=\"kksr-muted\">Evalua\u021bi acum<\/span>\n    <\/div>\n    <\/div>\n<p><img loading=\"lazy\" decoding=\"async\" class=\"alignleft wp-image-2145\" src=\"https:\/\/blog1.proofen.de\/wp-content\/uploads\/2018\/09\/cropped-ff-logo-ev_400-1-300x68.png\" alt=\"\" width=\"200\" height=\"45\" srcset=\"https:\/\/blog.proofs.de\/wp-content\/uploads\/2018\/09\/cropped-ff-logo-ev_400-1-300x68.png 300w, https:\/\/blog.proofs.de\/wp-content\/uploads\/2018\/09\/cropped-ff-logo-ev_400-1.png 400w\" sizes=\"auto, (max-width: 200px) 100vw, 200px\">The <a href=\"http:\/\/blog.proofs.de\/ro\/lexikon\/proof\/\" target=\"_self\" title=\"O prob\u0103 contractual\u0103 este un dispozitiv de testare certificat ISO 12647-7 pentru industria artelor grafice. O prob\u0103 simuleaz\u0103 coloritul imprim\u0103rii offset sau al imprim\u0103rii prin gravur\u0103 \u00een culori \u0219i \u00een mod obligatoriu din punct de vedere juridic, \u00een limitele toleran\u021belor \u00eenguste ale standardului ISO.\" class=\"encyclopedia\">Dovada<\/a> GmbH organizeaz\u0103 \u00een acest an adunarea general\u0103 a asocia\u021biei freieFarbe e.V. \u00een T\u00fcbingen. Deoarece unii membri ai asocia\u021biei sosesc deja vineri, se ofer\u0103 un program-cadru \u00eenainte \u0219i dup\u0103 adunarea general\u0103 propriu-zis\u0103 de s\u00e2mb\u0103t\u0103.<\/p>\n<p>Adunarea general\u0103 va avea loc s\u00e2mb\u0103t\u0103, \u00eentre orele 10:30 \u0219i 15:00, la adresa G\u00f6lzstra\u00dfe 17, T\u00fcbingen. Pe l\u00e2ng\u0103 formalit\u0103\u021bi precum alegerea consiliului de administra\u021bie \u0219i raportul financiar, printre temele discutate se num\u0103r\u0103 \u0219i dezvolt\u0103rile viitoare ale freieFarbe. <a href=\"http:\/\/blog.proofs.de\/ro\/lexikon\/hlc\/\" target=\"_self\" title=\"HLC este o reprezentare u\u0219or de \u00een\u021beles a spa\u021biului de culoare CIELAB. Axa vertical\u0103 L este identic\u0103 aici. Pozi\u021bia orizontal\u0103 a unei loca\u021bii de culoare este determinat\u0103 aici de unghiul H fa\u021b\u0103 de axa a pozitiv\u0103 (\u00een sens invers acelor de ceasornic \u0219i \u00een grade) \u0219i de raza C, distan\u021ba fa\u021b\u0103 de axa L.\" class=\"encyclopedia\">HLC<\/a> Colour Atlas, DIN SPEC 16699 \u201eComunicarea deschis\u0103 a culorilor\u201c \u0219i multe altele pe care dorim s\u0103 le dezvolt\u0103m \u0219i s\u0103 le punem \u00een practic\u0103 \u00een anul urm\u0103tor.<\/p>\n<p><img loading=\"lazy\" decoding=\"async\" class=\"alignleft size-large wp-image-2144\" src=\"https:\/\/blog1.proofen.de\/wp-content\/uploads\/2018\/09\/tubingen-2867769_1920-1024x683.jpg\" alt=\"Imagine de pe pixabay \/ Fotograf: maxmann\" width=\"584\" height=\"390\" srcset=\"https:\/\/blog.proofs.de\/wp-content\/uploads\/2018\/09\/tubingen-2867769_1920-1024x683.jpg 1024w, https:\/\/blog.proofs.de\/wp-content\/uploads\/2018\/09\/tubingen-2867769_1920-300x200.jpg 300w, https:\/\/blog.proofs.de\/wp-content\/uploads\/2018\/09\/tubingen-2867769_1920-768x512.jpg 768w, https:\/\/blog.proofs.de\/wp-content\/uploads\/2018\/09\/tubingen-2867769_1920-450x300.jpg 450w, https:\/\/blog.proofs.de\/wp-content\/uploads\/2018\/09\/tubingen-2867769_1920.jpg 1920w\" sizes=\"auto, (max-width: 584px) 100vw, 584px\"><\/p>\n<p>To\u021bi membrii asocia\u021biei sunt invita\u021bi cu drag la T\u00fcbingen. Dac\u0103 ave\u021bi nevoie de cazare, v\u0103 rug\u0103m s\u0103 \u00eel contacta\u021bi pe pre\u0219edintele Holger Everding (info@freiefarbe.de) sau pe Matthias Betz de la Proof GmbH (info@proof.de).<\/p>\n<p>T\u00fcbingen este u\u0219or accesibil cu orice mijloc de transport. De la aeroportul din Stuttgart, \u00een zilele lucr\u0103toare, un autobuz circul\u0103 la fiecare jum\u0103tate de or\u0103 c\u0103tre gara central\u0103 din T\u00fcbingen. De asemenea, se poate ajunge u\u0219or la T\u00fcbingen cu trenul \u0219i autobuzul interurban. Proof GmbH, locul de desf\u0103\u0219urare a adun\u0103rii generale, se afl\u0103 la doar c\u00e2\u021biva metri de \u0219oseaua federal\u0103 B27, iar chiar \u00een spatele cl\u0103dirii se afl\u0103 o parcare cu etaje. Distan\u021ba de mers pe jos de la gara central\u0103 este de aproximativ 10 minute.<\/p>\n<p><img loading=\"lazy\" decoding=\"async\" class=\"size-medium wp-image-2143 alignleft\" src=\"https:\/\/blog1.proofen.de\/wp-content\/uploads\/2018\/09\/Bildschirmfoto-2018-09-02-um-01.47.14-300x230.png\" alt='&quot;Almost Alive&quot; Kunsthalle T\u00fcbingen' width=\"300\" height=\"230\" srcset=\"https:\/\/blog.proofs.de\/wp-content\/uploads\/2018\/09\/Bildschirmfoto-2018-09-02-um-01.47.14-300x230.png 300w, https:\/\/blog.proofs.de\/wp-content\/uploads\/2018\/09\/Bildschirmfoto-2018-09-02-um-01.47.14-768x588.png 768w, https:\/\/blog.proofs.de\/wp-content\/uploads\/2018\/09\/Bildschirmfoto-2018-09-02-um-01.47.14-1024x785.png 1024w, https:\/\/blog.proofs.de\/wp-content\/uploads\/2018\/09\/Bildschirmfoto-2018-09-02-um-01.47.14-392x300.png 392w\" sizes=\"auto, (max-width: 300px) 100vw, 300px\"> <img loading=\"lazy\" decoding=\"async\" class=\"size-medium wp-image-2142 alignright\" src=\"https:\/\/blog1.proofen.de\/wp-content\/uploads\/2018\/09\/Bildschirmfoto-2018-09-02-um-01.47.34-300x230.png\" alt=\"Patrimoniul cultural mondial Arta glaciar\u0103 T\u00fcbingen\" width=\"300\" height=\"230\" srcset=\"https:\/\/blog.proofs.de\/wp-content\/uploads\/2018\/09\/Bildschirmfoto-2018-09-02-um-01.47.34-300x230.png 300w, https:\/\/blog.proofs.de\/wp-content\/uploads\/2018\/09\/Bildschirmfoto-2018-09-02-um-01.47.34-768x588.png 768w, https:\/\/blog.proofs.de\/wp-content\/uploads\/2018\/09\/Bildschirmfoto-2018-09-02-um-01.47.34-1024x785.png 1024w, https:\/\/blog.proofs.de\/wp-content\/uploads\/2018\/09\/Bildschirmfoto-2018-09-02-um-01.47.34-392x300.png 392w\" sizes=\"auto, (max-width: 300px) 100vw, 300px\"><\/p>\n<p>Programul-cadru cu discu\u021bii interesante, plimb\u0103ri cu barca pe <a href=\"http:\/\/blog.proofs.de\/ro\/lexikon\/nec\/\" target=\"_self\" title=\"NEC este recunoscut \u00een prezent ca fiind unul dintre cei mai competen\u021bi produc\u0103tori de monitoare de prob\u0103. Seria NEC Spectraview, \u00een special, ofer\u0103 o tehnologie sofisticat\u0103 a monitorului \u0219i solu\u021bii software inteligente pentru procesarea culorilor de \u00eenalt\u0103 calitate.\" class=\"encyclopedia\">Nec<\/a>kar, delicii suabe, tururi ghidate ale ora\u0219ului \u0219i multe altele sunt interesante \u0219i pentru partenerii care v\u0103 \u00eenso\u021besc. Expozi\u021biile \u201eALMOST ALIVE\u201c din Kunsthalle T\u00fcbingen \u0219i expozi\u021bia dedicat\u0103 patrimoniului cultural mondial UNESCO al primelor opere de art\u0103 ale umanit\u0103\u021bii din castelul din T\u00fcbingen v\u0103 permit s\u0103 v\u0103 bucura\u021bi de dou\u0103 atrac\u021bii culturale importante din T\u00fcbingen.<\/p>\n<p>Asocia\u021bia freieFarbe e.V. \u0219i Proof GmbH v\u0103 a\u0219teapt\u0103 cu drag.<\/p>\n<p><a href=\"https:\/\/www.freiefarbe.de\">Mai multe informa\u021bii despre asocia\u021bie \u0219i obiectivele freieFarbe e.V. g\u0103si\u021bi aici.<\/a><\/p>\n<p>&nbsp;<\/p>","protected":false},"excerpt":{"rendered":"<p>Anul acesta, Proof GmbH organizeaz\u0103 la T\u00fcbingen reuniunea membrilor asocia\u021biei freieFarbe e.V.. Deoarece unii membri ai asocia\u021biei vor sosi vineri, va exista un program de sprijin \u00eenainte \u0219i dup\u0103 \u00eent\u00e2lnirea membrilor propriu-zis\u0103 de s\u00e2mb\u0103t\u0103. \u00cent\u00e2lnirea membrilor va avea loc s\u00e2mb\u0103t\u0103, de la ora 10.30 p\u00e2n\u0103 \u00een jurul orei 15.00, la G\u00f6lzstra\u00dfe 17 din T\u00fcbingen. Pe l\u00e2ng\u0103 formalit\u0103\u021bi precum alegerea comitetului executiv \u0219i raportul de cas\u0103, printre subiectele de pe ordinea de zi se num\u0103r\u0103 dezvoltarea ulterioar\u0103 a Atlasului de culori HLC freieFarbe, DIN SPEC 16699 \"Open Colour Communication\" \u0219i multe altele, pe care le vom discuta anul viitor. <\/p>\n<p class=\"read-more-container\"><a title=\"Adunarea general\u0103 a freieFarbe e.V. din 29.9.2018 la T\u00fcbingen\" class=\"read-more button\" href=\"http:\/\/blog.proofs.de\/ro\/mitgliederversammlung-freiefarbe-e-v-am-29-9-2018-in-tuebingen\/#more-2140\" aria-label=\"Cite\u0219te mai multe despre Adunarea general\u0103 a membrilor freieFarbe e.V. din 29 septembrie 2018 la T\u00fcbingen\">Cite\u0219te mai mult<\/a><\/p>","protected":false},"author":2,"featured_media":2157,"comment_status":"open","ping_status":"open","sticky":false,"template":"","format":"standard","meta":{"om_disable_all_campaigns":false,"inline_featured_image":false,"_monsterinsights_skip_tracking":false,"footnotes":""},"categories":[1],"tags":[679,680,803,539],"class_list":["post-2140","post","type-post","status-publish","format-standard","has-post-thumbnail","hentry","category-allgemein","tag-freiefarbe","tag-freiefarbe-e-v","tag-mitgliederversammlung","tag-proof-gmbh","generate-columns","tablet-grid-50","mobile-grid-100","grid-parent","grid-50","no-featured-image-padding","resize-featured-image"],"aioseo_notices":[],"aioseo_head":"\n\t\t<!-- All in One SEO 5.0.1.1 - aioseo.com -->\n\t<meta name=\"description\" content=\"Die Proof GmbH richtet in diesem Jahr die Mitgliederversammlung des Vereins freieFarbe e.V. in T\u00fcbingen aus und bietet ein Rahmenprogramm um die MGV an.\" \/>\n\t<meta name=\"robots\" content=\"max-image-preview:large\" \/>\n\t<meta name=\"author\" content=\"Matthias Betz\"\/>\n\t<meta name=\"google-site-verification\" content=\"TuXxyRwxcEg2-WfOaQ8vScWQh3-uBAnxXmY7g3GT90A\" \/>\n\t<meta name=\"keywords\" content=\"freiefarbe,freiefarbe e.v.,mitgliederversammlung,proof gmbh\" \/>\n\t<link rel=\"canonical\" href=\"http:\/\/blog.proofs.de\/ro\/mitgliederversammlung-freiefarbe-e-v-am-29-9-2018-in-tuebingen\/\" \/>\n\t<meta name=\"generator\" content=\"All in One SEO (AIOSEO) 5.0.1.1\" \/>\n\n\t\t<meta name=\"seobility\" content=\"593a8578143db71543f014978c690d47\">\n\t\t<meta property=\"og:locale\" content=\"ro_RO\" \/>\n\t\t<meta property=\"og:site_name\" content=\"Proof.de | Alles zu Proof, Farbmanagement, Grafik, Messtechnik &amp; Co.\" \/>\n\t\t<meta property=\"og:type\" content=\"article\" \/>\n\t\t<meta property=\"og:title\" content=\"Mitgliederversammlung freieFarbe in T\u00fcbingen | proof.de\" \/>\n\t\t<meta property=\"og:description\" content=\"Die Proof GmbH richtet in diesem Jahr die Mitgliederversammlung des Vereins freieFarbe e.V. in T\u00fcbingen aus und bietet ein Rahmenprogramm um die MGV an.\" \/>\n\t\t<meta property=\"og:url\" content=\"http:\/\/blog.proofs.de\/ro\/mitgliederversammlung-freiefarbe-e-v-am-29-9-2018-in-tuebingen\/\" \/>\n\t\t<meta property=\"og:image\" content=\"http:\/\/blog.proofs.de\/wp-content\/uploads\/2018\/10\/stocherkahn-1140x550.jpg\" \/>\n\t\t<meta property=\"og:image:width\" content=\"1140\" \/>\n\t\t<meta property=\"og:image:height\" content=\"550\" \/>\n\t\t<meta property=\"article:published_time\" content=\"2018-09-02T00:06:53+00:00\" \/>\n\t\t<meta property=\"article:modified_time\" content=\"2020-05-08T00:16:05+00:00\" \/>\n\t\t<meta property=\"article:publisher\" content=\"https:\/\/www.facebook.com\/Proof.de\/\" \/>\n\t\t<meta name=\"twitter:card\" content=\"summary\" \/>\n\t\t<meta name=\"twitter:title\" content=\"Mitgliederversammlung freieFarbe in T\u00fcbingen | proof.de\" \/>\n\t\t<meta name=\"twitter:description\" content=\"Die Proof GmbH richtet in diesem Jahr die Mitgliederversammlung des Vereins freieFarbe e.V. in T\u00fcbingen aus und bietet ein Rahmenprogramm um die MGV an.\" \/>\n\t\t<meta name=\"twitter:image\" content=\"https:\/\/blog1.proofen.de\/wp-content\/uploads\/2020\/04\/proof_background.jpg\" \/>\n\t\t<script type=\"application\/ld+json\" class=\"aioseo-schema\">\n\t\t\t{\"@context\":\"https:\\\/\\\/schema.org\",\"@graph\":[{\"@type\":\"Article\",\"@id\":\"http:\\\/\\\/blog.proofs.de\\\/ro\\\/mitgliederversammlung-freiefarbe-e-v-am-29-9-2018-in-tuebingen\\\/#article\",\"name\":\"Mitgliederversammlung freieFarbe in T\\u00fcbingen | proof.de\",\"headline\":\"Mitgliederversammlung freieFarbe e.V. am 29.9.2018 in T\\u00fcbingen\",\"author\":{\"@id\":\"http:\\\/\\\/blog.proofs.de\\\/ro\\\/author\\\/mbetz\\\/#author\"},\"publisher\":{\"@id\":\"http:\\\/\\\/blog.proofs.de\\\/ro\\\/#organization\"},\"image\":{\"@type\":\"ImageObject\",\"url\":\"https:\\\/\\\/blog.proofs.de\\\/wp-content\\\/uploads\\\/2018\\\/10\\\/stocherkahn-1140x550.jpg\",\"width\":1140,\"height\":550,\"caption\":\"freieFarbe e.V. Mitgliederversammlung 2018: Gemeinsames Stochern auf dem Neckar in T\\u00fcbingen\"},\"datePublished\":\"2018-09-02T02:06:53+02:00\",\"dateModified\":\"2020-05-08T02:16:05+02:00\",\"inLanguage\":\"ro-RO\",\"mainEntityOfPage\":{\"@id\":\"http:\\\/\\\/blog.proofs.de\\\/ro\\\/mitgliederversammlung-freiefarbe-e-v-am-29-9-2018-in-tuebingen\\\/#webpage\"},\"isPartOf\":{\"@id\":\"http:\\\/\\\/blog.proofs.de\\\/ro\\\/mitgliederversammlung-freiefarbe-e-v-am-29-9-2018-in-tuebingen\\\/#webpage\"},\"articleSection\":\"Allgemein, freieFarbe, freieFarbe e.V., Mitgliederversammlung, Proof GmbH\"},{\"@type\":\"BreadcrumbList\",\"@id\":\"http:\\\/\\\/blog.proofs.de\\\/ro\\\/mitgliederversammlung-freiefarbe-e-v-am-29-9-2018-in-tuebingen\\\/#breadcrumblist\",\"itemListElement\":[{\"@type\":\"ListItem\",\"@id\":\"http:\\\/\\\/blog.proofs.de\\\/ro#listItem\",\"position\":1,\"name\":\"Home\",\"item\":\"http:\\\/\\\/blog.proofs.de\\\/ro\",\"nextItem\":{\"@type\":\"ListItem\",\"@id\":\"http:\\\/\\\/blog.proofs.de\\\/ro\\\/thema\\\/allgemein\\\/#listItem\",\"name\":\"Allgemein\"}},{\"@type\":\"ListItem\",\"@id\":\"http:\\\/\\\/blog.proofs.de\\\/ro\\\/thema\\\/allgemein\\\/#listItem\",\"position\":2,\"name\":\"Allgemein\",\"item\":\"http:\\\/\\\/blog.proofs.de\\\/ro\\\/thema\\\/allgemein\\\/\",\"nextItem\":{\"@type\":\"ListItem\",\"@id\":\"http:\\\/\\\/blog.proofs.de\\\/ro\\\/mitgliederversammlung-freiefarbe-e-v-am-29-9-2018-in-tuebingen\\\/#listItem\",\"name\":\"Mitgliederversammlung freieFarbe e.V. am 29.9.2018 in T\\u00fcbingen\"},\"previousItem\":{\"@type\":\"ListItem\",\"@id\":\"http:\\\/\\\/blog.proofs.de\\\/ro#listItem\",\"name\":\"Home\"}},{\"@type\":\"ListItem\",\"@id\":\"http:\\\/\\\/blog.proofs.de\\\/ro\\\/mitgliederversammlung-freiefarbe-e-v-am-29-9-2018-in-tuebingen\\\/#listItem\",\"position\":3,\"name\":\"Mitgliederversammlung freieFarbe e.V. am 29.9.2018 in T\\u00fcbingen\",\"previousItem\":{\"@type\":\"ListItem\",\"@id\":\"http:\\\/\\\/blog.proofs.de\\\/ro\\\/thema\\\/allgemein\\\/#listItem\",\"name\":\"Allgemein\"}}]},{\"@type\":\"Organization\",\"@id\":\"http:\\\/\\\/blog.proofs.de\\\/ro\\\/#organization\",\"name\":\"Proof GmbH\",\"description\":\"Farbverbindlicher Proof, Farbproof, Digitalproof und Online-Proof.\",\"url\":\"http:\\\/\\\/blog.proofs.de\\\/ro\\\/\",\"telephone\":\"+4970717952740\",\"logo\":{\"@type\":\"ImageObject\",\"url\":\"https:\\\/\\\/blog1.proofen.de\\\/wp-content\\\/uploads\\\/2019\\\/09\\\/logo_proof_rgb_mit_balken_250px.png\",\"@id\":\"http:\\\/\\\/blog.proofs.de\\\/ro\\\/mitgliederversammlung-freiefarbe-e-v-am-29-9-2018-in-tuebingen\\\/#organizationLogo\"},\"image\":{\"@id\":\"http:\\\/\\\/blog.proofs.de\\\/ro\\\/mitgliederversammlung-freiefarbe-e-v-am-29-9-2018-in-tuebingen\\\/#organizationLogo\"},\"sameAs\":[\"https:\\\/\\\/www.facebook.com\\\/Proof.de\\\/\",\"https:\\\/\\\/www.instagram.com\\\/proof.de\\\/\",\"https:\\\/\\\/www.tiktok.com\\\/@proof_de\",\"https:\\\/\\\/www.youtube.com\\\/channel\\\/UCk80fQVQ25wC9wu3SywB-Nw\",\"https:\\\/\\\/www.linkedin.com\\\/company\\\/proof-de\"]},{\"@type\":\"Person\",\"@id\":\"http:\\\/\\\/blog.proofs.de\\\/ro\\\/author\\\/mbetz\\\/#author\",\"url\":\"http:\\\/\\\/blog.proofs.de\\\/ro\\\/author\\\/mbetz\\\/\",\"name\":\"Matthias Betz\",\"image\":{\"@type\":\"ImageObject\",\"@id\":\"http:\\\/\\\/blog.proofs.de\\\/ro\\\/mitgliederversammlung-freiefarbe-e-v-am-29-9-2018-in-tuebingen\\\/#authorImage\",\"url\":\"https:\\\/\\\/blog.proofs.de\\\/wp-content\\\/uploads\\\/2020\\\/10\\\/matthias-betz-e1603934518350-150x150.png\",\"width\":96,\"height\":96,\"caption\":\"Matthias Betz\"}},{\"@type\":\"WebPage\",\"@id\":\"http:\\\/\\\/blog.proofs.de\\\/ro\\\/mitgliederversammlung-freiefarbe-e-v-am-29-9-2018-in-tuebingen\\\/#webpage\",\"url\":\"http:\\\/\\\/blog.proofs.de\\\/ro\\\/mitgliederversammlung-freiefarbe-e-v-am-29-9-2018-in-tuebingen\\\/\",\"name\":\"Mitgliederversammlung freieFarbe in T\\u00fcbingen | proof.de\",\"description\":\"Die Proof GmbH richtet in diesem Jahr die Mitgliederversammlung des Vereins freieFarbe e.V. in T\\u00fcbingen aus und bietet ein Rahmenprogramm um die MGV an.\",\"inLanguage\":\"ro-RO\",\"isPartOf\":{\"@id\":\"http:\\\/\\\/blog.proofs.de\\\/ro\\\/#website\"},\"breadcrumb\":{\"@id\":\"http:\\\/\\\/blog.proofs.de\\\/ro\\\/mitgliederversammlung-freiefarbe-e-v-am-29-9-2018-in-tuebingen\\\/#breadcrumblist\"},\"author\":{\"@id\":\"http:\\\/\\\/blog.proofs.de\\\/ro\\\/author\\\/mbetz\\\/#author\"},\"creator\":{\"@id\":\"http:\\\/\\\/blog.proofs.de\\\/ro\\\/author\\\/mbetz\\\/#author\"},\"image\":{\"@type\":\"ImageObject\",\"url\":\"https:\\\/\\\/blog.proofs.de\\\/wp-content\\\/uploads\\\/2018\\\/10\\\/stocherkahn-1140x550.jpg\",\"@id\":\"http:\\\/\\\/blog.proofs.de\\\/ro\\\/mitgliederversammlung-freiefarbe-e-v-am-29-9-2018-in-tuebingen\\\/#mainImage\",\"width\":1140,\"height\":550,\"caption\":\"freieFarbe e.V. Mitgliederversammlung 2018: Gemeinsames Stochern auf dem Neckar in T\\u00fcbingen\"},\"primaryImageOfPage\":{\"@id\":\"http:\\\/\\\/blog.proofs.de\\\/ro\\\/mitgliederversammlung-freiefarbe-e-v-am-29-9-2018-in-tuebingen\\\/#mainImage\"},\"datePublished\":\"2018-09-02T02:06:53+02:00\",\"dateModified\":\"2020-05-08T02:16:05+02:00\"},{\"@type\":\"WebSite\",\"@id\":\"http:\\\/\\\/blog.proofs.de\\\/ro\\\/#website\",\"url\":\"http:\\\/\\\/blog.proofs.de\\\/ro\\\/\",\"name\":\"Proof.de\",\"description\":\"Farbverbindlicher Proof, Farbproof, Digitalproof und Online-Proof.\",\"inLanguage\":\"ro-RO\",\"publisher\":{\"@id\":\"http:\\\/\\\/blog.proofs.de\\\/ro\\\/#organization\"}}]}\n\t\t<\/script>\n\t\t<!-- All in One SEO -->\n\n","aioseo_head_json":{"title":"Adunarea general\u0103 a membrilor freieFarbe \u00een T\u00fcbingen | proof.de","description":"Anul acesta, Proof GmbH organizeaz\u0103 adunarea general\u0103 a asocia\u021biei freieFarbe e.V. \u00een T\u00fcbingen \u0219i ofer\u0103 un program cadru \u00een jurul MGV.","canonical_url":"http:\/\/blog.proofs.de\/ro\/mitgliederversammlung-freiefarbe-e-v-am-29-9-2018-in-tuebingen\/","robots":"max-image-preview:large","keywords":"freiefarbe,freiefarbe e.v.,mitgliederversammlung,proof gmbh","webmasterTools":{"google-site-verification":"TuXxyRwxcEg2-WfOaQ8vScWQh3-uBAnxXmY7g3GT90A","miscellaneous":"&lt;meta name=\"seobility\" content=\"593a8578143db71543f014978c690d47\"&gt;"},"schema":{"@context":"https:\/\/schema.org","@graph":[{"@type":"Article","@id":"http:\/\/blog.proofs.de\/ro\/mitgliederversammlung-freiefarbe-e-v-am-29-9-2018-in-tuebingen\/#article","name":"Mitgliederversammlung freieFarbe in T\u00fcbingen | proof.de","headline":"Mitgliederversammlung freieFarbe e.V. am 29.9.2018 in T\u00fcbingen","author":{"@id":"http:\/\/blog.proofs.de\/ro\/author\/mbetz\/#author"},"publisher":{"@id":"http:\/\/blog.proofs.de\/ro\/#organization"},"image":{"@type":"ImageObject","url":"https:\/\/blog.proofs.de\/wp-content\/uploads\/2018\/10\/stocherkahn-1140x550.jpg","width":1140,"height":550,"caption":"freieFarbe e.V. Mitgliederversammlung 2018: Gemeinsames Stochern auf dem Neckar in T\u00fcbingen"},"datePublished":"2018-09-02T02:06:53+02:00","dateModified":"2020-05-08T02:16:05+02:00","inLanguage":"ro-RO","mainEntityOfPage":{"@id":"http:\/\/blog.proofs.de\/ro\/mitgliederversammlung-freiefarbe-e-v-am-29-9-2018-in-tuebingen\/#webpage"},"isPartOf":{"@id":"http:\/\/blog.proofs.de\/ro\/mitgliederversammlung-freiefarbe-e-v-am-29-9-2018-in-tuebingen\/#webpage"},"articleSection":"Allgemein, freieFarbe, freieFarbe e.V., Mitgliederversammlung, Proof GmbH"},{"@type":"BreadcrumbList","@id":"http:\/\/blog.proofs.de\/ro\/mitgliederversammlung-freiefarbe-e-v-am-29-9-2018-in-tuebingen\/#breadcrumblist","itemListElement":[{"@type":"ListItem","@id":"http:\/\/blog.proofs.de\/ro#listItem","position":1,"name":"Home","item":"http:\/\/blog.proofs.de\/ro","nextItem":{"@type":"ListItem","@id":"http:\/\/blog.proofs.de\/ro\/thema\/allgemein\/#listItem","name":"Allgemein"}},{"@type":"ListItem","@id":"http:\/\/blog.proofs.de\/ro\/thema\/allgemein\/#listItem","position":2,"name":"Allgemein","item":"http:\/\/blog.proofs.de\/ro\/thema\/allgemein\/","nextItem":{"@type":"ListItem","@id":"http:\/\/blog.proofs.de\/ro\/mitgliederversammlung-freiefarbe-e-v-am-29-9-2018-in-tuebingen\/#listItem","name":"Mitgliederversammlung freieFarbe e.V. am 29.9.2018 in T\u00fcbingen"},"previousItem":{"@type":"ListItem","@id":"http:\/\/blog.proofs.de\/ro#listItem","name":"Home"}},{"@type":"ListItem","@id":"http:\/\/blog.proofs.de\/ro\/mitgliederversammlung-freiefarbe-e-v-am-29-9-2018-in-tuebingen\/#listItem","position":3,"name":"Mitgliederversammlung freieFarbe e.V. am 29.9.2018 in T\u00fcbingen","previousItem":{"@type":"ListItem","@id":"http:\/\/blog.proofs.de\/ro\/thema\/allgemein\/#listItem","name":"Allgemein"}}]},{"@type":"Organization","@id":"http:\/\/blog.proofs.de\/ro\/#organization","name":"Proof GmbH","description":"Farbverbindlicher Proof, Farbproof, Digitalproof und Online-Proof.","url":"http:\/\/blog.proofs.de\/ro\/","telephone":"+4970717952740","logo":{"@type":"ImageObject","url":"https:\/\/blog1.proofen.de\/wp-content\/uploads\/2019\/09\/logo_proof_rgb_mit_balken_250px.png","@id":"http:\/\/blog.proofs.de\/ro\/mitgliederversammlung-freiefarbe-e-v-am-29-9-2018-in-tuebingen\/#organizationLogo"},"image":{"@id":"http:\/\/blog.proofs.de\/ro\/mitgliederversammlung-freiefarbe-e-v-am-29-9-2018-in-tuebingen\/#organizationLogo"},"sameAs":["https:\/\/www.facebook.com\/Proof.de\/","https:\/\/www.instagram.com\/proof.de\/","https:\/\/www.tiktok.com\/@proof_de","https:\/\/www.youtube.com\/channel\/UCk80fQVQ25wC9wu3SywB-Nw","https:\/\/www.linkedin.com\/company\/proof-de"]},{"@type":"Person","@id":"http:\/\/blog.proofs.de\/ro\/author\/mbetz\/#author","url":"http:\/\/blog.proofs.de\/ro\/author\/mbetz\/","name":"Matthias Betz","image":{"@type":"ImageObject","@id":"http:\/\/blog.proofs.de\/ro\/mitgliederversammlung-freiefarbe-e-v-am-29-9-2018-in-tuebingen\/#authorImage","url":"https:\/\/blog.proofs.de\/wp-content\/uploads\/2020\/10\/matthias-betz-e1603934518350-150x150.png","width":96,"height":96,"caption":"Matthias Betz"}},{"@type":"WebPage","@id":"http:\/\/blog.proofs.de\/ro\/mitgliederversammlung-freiefarbe-e-v-am-29-9-2018-in-tuebingen\/#webpage","url":"http:\/\/blog.proofs.de\/ro\/mitgliederversammlung-freiefarbe-e-v-am-29-9-2018-in-tuebingen\/","name":"Mitgliederversammlung freieFarbe in T\u00fcbingen | proof.de","description":"Die Proof GmbH richtet in diesem Jahr die Mitgliederversammlung des Vereins freieFarbe e.V. in T\u00fcbingen aus und bietet ein Rahmenprogramm um die MGV an.","inLanguage":"ro-RO","isPartOf":{"@id":"http:\/\/blog.proofs.de\/ro\/#website"},"breadcrumb":{"@id":"http:\/\/blog.proofs.de\/ro\/mitgliederversammlung-freiefarbe-e-v-am-29-9-2018-in-tuebingen\/#breadcrumblist"},"author":{"@id":"http:\/\/blog.proofs.de\/ro\/author\/mbetz\/#author"},"creator":{"@id":"http:\/\/blog.proofs.de\/ro\/author\/mbetz\/#author"},"image":{"@type":"ImageObject","url":"https:\/\/blog.proofs.de\/wp-content\/uploads\/2018\/10\/stocherkahn-1140x550.jpg","@id":"http:\/\/blog.proofs.de\/ro\/mitgliederversammlung-freiefarbe-e-v-am-29-9-2018-in-tuebingen\/#mainImage","width":1140,"height":550,"caption":"freieFarbe e.V. Mitgliederversammlung 2018: Gemeinsames Stochern auf dem Neckar in T\u00fcbingen"},"primaryImageOfPage":{"@id":"http:\/\/blog.proofs.de\/ro\/mitgliederversammlung-freiefarbe-e-v-am-29-9-2018-in-tuebingen\/#mainImage"},"datePublished":"2018-09-02T02:06:53+02:00","dateModified":"2020-05-08T02:16:05+02:00"},{"@type":"WebSite","@id":"http:\/\/blog.proofs.de\/ro\/#website","url":"http:\/\/blog.proofs.de\/ro\/","name":"Proof.de","description":"Farbverbindlicher Proof, Farbproof, Digitalproof und Online-Proof.","inLanguage":"ro-RO","publisher":{"@id":"http:\/\/blog.proofs.de\/ro\/#organization"}}]},"og:locale":"ro_RO","og:site_name":"Proof.de | Alles zu Proof, Farbmanagement, Grafik, Messtechnik &amp; Co.","og:type":"article","og:title":"Mitgliederversammlung freieFarbe in T\u00fcbingen | proof.de","og:description":"Die Proof GmbH richtet in diesem Jahr die Mitgliederversammlung des Vereins freieFarbe e.V. in T\u00fcbingen aus und bietet ein Rahmenprogramm um die MGV an.","og:url":"http:\/\/blog.proofs.de\/ro\/mitgliederversammlung-freiefarbe-e-v-am-29-9-2018-in-tuebingen\/","og:image":"http:\/\/blog.proofs.de\/wp-content\/uploads\/2018\/10\/stocherkahn-1140x550.jpg","og:image:width":1140,"og:image:height":550,"article:published_time":"2018-09-02T00:06:53+00:00","article:modified_time":"2020-05-08T00:16:05+00:00","article:publisher":"https:\/\/www.facebook.com\/Proof.de\/","twitter:card":"summary","twitter:title":"Mitgliederversammlung freieFarbe in T\u00fcbingen | proof.de","twitter:description":"Die Proof GmbH richtet in diesem Jahr die Mitgliederversammlung des Vereins freieFarbe e.V. in T\u00fcbingen aus und bietet ein Rahmenprogramm um die MGV an.","twitter:image":"https:\/\/blog1.proofen.de\/wp-content\/uploads\/2020\/04\/proof_background.jpg"},"aioseo_meta_data":{"post_id":"2140","title":"Mitgliederversammlung freieFarbe in T\u00fcbingen |\u00a0proof.de","description":"Anul acesta, Proof GmbH organizeaz\u0103 adunarea general\u0103 a asocia\u021biei freieFarbe e.V. \u00een T\u00fcbingen \u0219i ofer\u0103 un program cadru \u00een jurul MGV.","keywords":null,"keyphrases":null,"primary_term":null,"canonical_url":null,"og_title":null,"og_description":null,"og_object_type":"default","og_image_type":"default","og_image_url":null,"og_image_width":null,"og_image_height":null,"og_image_custom_url":null,"og_image_custom_fields":null,"og_video":null,"og_custom_url":null,"og_article_section":null,"og_article_tags":null,"twitter_use_og":false,"twitter_card":"default","twitter_image_type":"default","twitter_image_url":null,"twitter_image_custom_url":null,"twitter_image_custom_fields":null,"twitter_title":null,"twitter_description":null,"schema":{"blockGraphs":[],"customGraphs":[],"default":{"data":{"Article":[],"Course":[],"Dataset":[],"FAQPage":[],"Movie":[],"Person":[],"Product":[],"ProductReview":[],"Car":[],"Recipe":[],"Service":[],"SoftwareApplication":[],"WebPage":[]},"graphName":"","isEnabled":true},"graphs":[],"defaultGraph":"","defaultPostTypeGraph":""},"schema_type":null,"schema_type_options":null,"pillar_content":false,"robots_default":true,"robots_noindex":false,"robots_noarchive":false,"robots_nosnippet":false,"robots_nofollow":false,"robots_noimageindex":false,"robots_noodp":false,"robots_notranslate":false,"robots_max_snippet":null,"robots_max_videopreview":null,"robots_max_imagepreview":"large","priority":null,"frequency":null,"local_seo":null,"breadcrumb_settings":null,"limit_modified_date":false,"ai":null,"created":"2020-12-21 00:33:58","updated":"2025-06-04 14:23:05","seo_analyzer_scan_date":null,"focus_keyword":null,"additional_keywords":null,"truseo_locale":null},"_links":{"self":[{"href":"http:\/\/blog.proofs.de\/ro\/wp-json\/wp\/v2\/posts\/2140","targetHints":{"allow":["GET"]}}],"collection":[{"href":"http:\/\/blog.proofs.de\/ro\/wp-json\/wp\/v2\/posts"}],"about":[{"href":"http:\/\/blog.proofs.de\/ro\/wp-json\/wp\/v2\/types\/post"}],"author":[{"embeddable":true,"href":"http:\/\/blog.proofs.de\/ro\/wp-json\/wp\/v2\/users\/2"}],"replies":[{"embeddable":true,"href":"http:\/\/blog.proofs.de\/ro\/wp-json\/wp\/v2\/comments?post=2140"}],"version-history":[{"count":6,"href":"http:\/\/blog.proofs.de\/ro\/wp-json\/wp\/v2\/posts\/2140\/revisions"}],"predecessor-version":[{"id":3666,"href":"http:\/\/blog.proofs.de\/ro\/wp-json\/wp\/v2\/posts\/2140\/revisions\/3666"}],"wp:featuredmedia":[{"embeddable":true,"href":"http:\/\/blog.proofs.de\/ro\/wp-json\/wp\/v2\/media\/2157"}],"wp:attachment":[{"href":"http:\/\/blog.proofs.de\/ro\/wp-json\/wp\/v2\/media?parent=2140"}],"wp:term":[{"taxonomy":"category","embeddable":true,"href":"http:\/\/blog.proofs.de\/ro\/wp-json\/wp\/v2\/categories?post=2140"},{"taxonomy":"post_tag","embeddable":true,"href":"http:\/\/blog.proofs.de\/ro\/wp-json\/wp\/v2\/tags?post=2140"}],"curies":[{"name":"wp","href":"https:\/\/api.w.org\/{rel}","templated":true}]}}