{"id":371,"date":"2013-01-19T02:54:30","date_gmt":"2013-01-19T01:54:30","guid":{"rendered":"http:\/\/www.proof.de\/?p=371"},"modified":"2020-05-08T12:01:25","modified_gmt":"2020-05-08T10:01:25","slug":"layout-in-rgb-imprimare-in-cmyk-probleme","status":"publish","type":"post","link":"http:\/\/blog.proofs.de\/ro\/layout-in-rgb-druck-in-cmyk-probleme\/","title":{"rendered":"Layout \u00een RGB, imprimare \u00een CMYK. Ave\u021bi probleme?"},"content":{"rendered":"<div class=\"kk-star-ratings kksr-auto kksr-align-right kksr-valign-top\" data-payload='{\"align\":\"right\",\"id\":\"371\",\"slug\":\"default\",\"valign\":\"top\",\"ignore\":\"\",\"reference\":\"auto\",\"class\":\"\",\"count\":\"0\",\"legendonly\":\"\",\"readonly\":\"\",\"score\":\"0\",\"starsonly\":\"\",\"best\":\"5\",\"gap\":\"5\",\"greet\":\"Jetzt bewerten\",\"legend\":\"0\\\/5 - (0 votes)\",\"size\":\"24\",\"title\":\"Layout in RGB, Druck in CMYK. Probleme?\",\"width\":\"0\",\"_legend\":\"{score}\\\/{best} - ({count} {votes})\",\"font_factor\":\"1.25\"}'>\n            \n<div class=\"kksr-stars\">\n    \n<div class=\"kksr-stars-inactive\">\n            <div class=\"kksr-star\" data-star=\"1\" style=\"padding-right: 5px\">\n            \n\n<div class=\"kksr-icon\" style=\"width: 24px; height: 24px;\"><\/div>\n        <\/div>\n            <div class=\"kksr-star\" data-star=\"2\" style=\"padding-right: 5px\">\n            \n\n<div class=\"kksr-icon\" style=\"width: 24px; height: 24px;\"><\/div>\n        <\/div>\n            <div class=\"kksr-star\" data-star=\"3\" style=\"padding-right: 5px\">\n            \n\n<div class=\"kksr-icon\" style=\"width: 24px; height: 24px;\"><\/div>\n        <\/div>\n            <div class=\"kksr-star\" data-star=\"4\" style=\"padding-right: 5px\">\n            \n\n<div class=\"kksr-icon\" style=\"width: 24px; height: 24px;\"><\/div>\n        <\/div>\n            <div class=\"kksr-star\" data-star=\"5\" style=\"padding-right: 5px\">\n            \n\n<div class=\"kksr-icon\" style=\"width: 24px; height: 24px;\"><\/div>\n        <\/div>\n    <\/div>\n    \n<div class=\"kksr-stars-active\" style=\"width: 0px;\">\n            <div class=\"kksr-star\" style=\"padding-right: 5px\">\n            \n\n<div class=\"kksr-icon\" style=\"width: 24px; height: 24px;\"><\/div>\n        <\/div>\n            <div class=\"kksr-star\" style=\"padding-right: 5px\">\n            \n\n<div class=\"kksr-icon\" style=\"width: 24px; height: 24px;\"><\/div>\n        <\/div>\n            <div class=\"kksr-star\" style=\"padding-right: 5px\">\n            \n\n<div class=\"kksr-icon\" style=\"width: 24px; height: 24px;\"><\/div>\n        <\/div>\n            <div class=\"kksr-star\" style=\"padding-right: 5px\">\n            \n\n<div class=\"kksr-icon\" style=\"width: 24px; height: 24px;\"><\/div>\n        <\/div>\n            <div class=\"kksr-star\" style=\"padding-right: 5px\">\n            \n\n<div class=\"kksr-icon\" style=\"width: 24px; height: 24px;\"><\/div>\n        <\/div>\n    <\/div>\n<\/div>\n                \n\n<div class=\"kksr-legend\" style=\"font-size: 19.2px;\">\n            <span class=\"kksr-muted\">Evalua\u021bi acum<\/span>\n    <\/div>\n    <\/div>\n<p>\u00cen special \u00een companiile mari, aspectul \u00een <a href=\"http:\/\/blog.proofs.de\/ro\/lexikon\/rgb\/\" target=\"_self\" title=\"RGB reprezint\u0103 culorile ro\u0219u, verde \u0219i albastru. Vederea uman\u0103 a culorilor se bazeaz\u0103 pe aceste culori.\" class=\"encyclopedia\">RGB<\/a> sunt mai degrab\u0103 regula dec\u00e2t excep\u021bia. Avantajele sunt evidente:<\/p>\n<ul>\n<li>Amenajarea are loc \u00eentr-o sal\u0103 mare, aproape neutr\u0103 din punct de vedere mediatic. <a href=\"http:\/\/blog.proofs.de\/ro\/lexikon\/farbraum\/\" target=\"_self\" title=\"Spa\u021biul de culoare se bazeaz\u0103 pe un model de culoare \u0219i reprezint\u0103 aplicarea concret\u0103 a acestuia la o metod\u0103 de producere a culorilor (imprimant\u0103, ecran etc.). Prin urmare, acesta con\u021bine toate culorile care pot fi afi\u0219ate efectiv cu ajutorul acestei metode \u0219i al materialelor corespunz\u0103toare.\" class=\"encyclopedia\">Spa\u021biul de culoare<\/a> \u00een loc de<\/li>\n<li>Toate filtrele Photoshop sunt disponibile f\u0103r\u0103 restric\u021bii<\/li>\n<li>Procesul de conversie a spa\u021biului de culoare \u00een <a href=\"http:\/\/blog.proofs.de\/ro\/lexikon\/cmyk\/\" target=\"_self\" title='CMYK reprezint\u0103 cele patru culori de tipar cyan, magenta, galben \u0219i &quot;cheie&quot; (negru sau component\u0103 neagr\u0103).' class=\"encyclopedia\">CMYK<\/a> este transferat c\u00e2t mai t\u00e2rziu posibil \u00een procesul de produc\u021bie<\/li>\n<\/ul>\n<p>Cu toate acestea, \u00een practic\u0103, exist\u0103 \u00een special dou\u0103 probleme poten\u021biale.<\/p>\n<p>Problema 1: conversia CMYK \u00een ultima etap\u0103.<br>\nCatalogul este machetat \u00een InDesign, toate datele sunt perfecte, ca ultim pas \u00eenainte de tip\u0103rire \u0219i <a href=\"http:\/\/blog.proofs.de\/ro\/lexikon\/proof\/\" target=\"_self\" title=\"O prob\u0103 contractual\u0103 este un dispozitiv de testare certificat ISO 12647-7 pentru industria artelor grafice. O prob\u0103 simuleaz\u0103 coloritul imprim\u0103rii offset sau al imprim\u0103rii prin gravur\u0103 \u00een culori \u0219i \u00een mod obligatoriu din punct de vedere juridic, \u00een limitele toleran\u021belor \u00eenguste ale standardului ISO.\" class=\"encyclopedia\">Dovada<\/a> exportul c\u0103tre un PDF imprimabil \u00een CMYK este \u00een a\u0219teptare. \u00cen mod normal, acest lucru se face prin intermediul unei presetat\u0103ri \u00een InDesign, \u00een care specifica\u021biile exacte pentru conversia spa\u021biului de culoare d<a href=\"http:\/\/blog.proofs.de\/ro\/lexikon\/efi\/\" target=\"_self\" title=\"Electronics For Imaging Inc., sau EFI pe scurt, este o companie american\u0103 \u0219i produc\u0103torul unuia dintre cele mai importante sisteme de proofing din lume: EFI Colorproof XF, din 2013: Fiery XF. EFI este un furnizor de solu\u021bii pentru sisteme de imprimare de mari dimensiuni, RIP-uri \u0219i solu\u021bii de gestionare a culorilor, cum ar fi proofing.\" class=\"encyclopedia\">efi<\/a>sunt definite. Cu toate acestea, \u00een practic\u0103, acest transfer al spa\u021biului cromatic este aproape imposibil de monitorizat. Problema: chiar dac\u0103, de exemplu, modifica\u021bi valorile de culoare din fi\u0219ierul PDF exportat \u00een Acr<a href=\"http:\/\/blog.proofs.de\/ro\/lexikon\/oba\/\" target=\"_self\" title='OBA este abrevierea pentru &quot;Optical Brightning Agents&quot; sau &quot;Optical Brightners&quot;.' class=\"encyclopedia\">oba<\/a>t, Acrobat nu v\u0103 va afi\u0219a culorile con\u021binute. Chiar dac\u0103 imaginile RGB sunt incluse \u00een mod eronat, Acrobat va afi\u0219a \u00een continuare valorile CMYK. Cu toate acestea, alte valori CMYK pot fi create atunci c\u00e2nd datele sunt prelucrate din nou \u00een timpul imprim\u0103rii. A\u0219a ar\u0103ta recent:<!--more--><\/p>\n<ul>\n<li>Clien\u021bii trimit date CMYK presupuse pentru verificare.<\/li>\n<li>1. Livrarea datelor: Majoritatea imaginilor sunt \u00eenc\u0103 \u00een format RGB. Clientul nu a observat acest lucru atunci c\u00e2nd a verificat documentul \u00een Acrobat.<\/li>\n<li>2. Livrarea datelor: date \u00een CMYK, tip\u0103rite \u0219i verificabile, prin urmare se efectueaz\u0103 o verificare. Datele au fost \u00eens\u0103 convertite folosind un profil incorect, astfel \u00eenc\u00e2t toate imaginile aveau o tent\u0103 galben\u0103. \u00cen acest caz, conversia incorect\u0103 a spa\u021biului de culoare a fost observat\u0103 abia la verificare.<\/li>\n<li>3. Livrarea datelor este corect\u0103. Datele din dovada de tipar sunt, de asemenea, corecte.<\/li>\n<\/ul>\n<p>O alt\u0103 problem\u0103: prelucrarea ulterioar\u0103 \u00een tipografie<\/p>\n<ul>\n<li>O tipografie prime\u0219te de la client fi\u0219iere Darten din Corel Draw, care au fost layoutate \u00een RGB \u0219i convertite \u00een CMYK la export.<\/li>\n<li>Imagini originale realizate de fotograful din <a href=\"http:\/\/blog.proofs.de\/ro\/lexikon\/eci\/\" target=\"_self\" title=\"ECI - Ini\u021biativa european\u0103 pentru culoare - este un grup de exper\u021bi care se ocup\u0103 de prelucrarea datelor de culoare \u00een sistemele de publicare.\" class=\"encyclopedia\">ECI<\/a>-RGB-V2<\/li>\n<li>Corel al designerului care preia imaginile de la fotograf setat pe <a href=\"http:\/\/blog.proofs.de\/ro\/lexikon\/srgb\/\" target=\"_self\" title=\"sRGB este spa\u021biul de culoare RGB cel mai utilizat pe scar\u0103 larg\u0103. sRGB este spa\u021biul de culoare standard al tuturor aparatelor de fotografiat \u0219i scanerelor digitale ieftine. Aproape toate fi\u0219ierele RGB pe 8 bi\u021bi f\u0103r\u0103 etichetare de profil corespund sRGB.\" class=\"encyclopedia\">sRGB<\/a><\/li>\n<li>Exportul se face \u00eentr-un fi\u0219ier PDF CMYK. Designerul nu \u0219tie dac\u0103 suprafe\u021bele sale vectoriale Corel \u00een RGB negru au fost calculate diferit fa\u021b\u0103 de imaginile RGB integrate de fotograf, care ascund negrul prin masca de nivel pe aceste suprafe\u021be vectoriale.<\/li>\n<li>R\u0103spunsul tipografiei dup\u0103 primirea datelor: negrul este prea intens. <a href=\"http:\/\/blog.proofs.de\/ro\/lexikon\/farbauftrag\/\" target=\"_self\" title=\"Acoperirea cu cerneal\u0103 \u00een tip\u0103rire se refer\u0103 la cantitatea de cerneal\u0103 aplicat\u0103 pe o suprafa\u021b\u0103 tip\u0103rit\u0103. Se mai nume\u0219te \u0219i acoperire cu cerneal\u0103 sau densitate de cerneal\u0103. Acoperirea cu cerneal\u0103 este un parametru important \u00een procesul de imprimare, deoarece influen\u021beaz\u0103 intensitatea \u0219i satura\u021bia culorilor. O aplicare mare de cerneal\u0103 poate duce la culori mai intense \u0219i la o satura\u021bie mai mare, dar...\" class=\"encyclopedia\">Aplicarea culorii<\/a>. Clientul \u0219i designerul sunt complet nesiguri. Pentru c\u0103, desigur, nimeni nu \u0219tie cu adev\u0103rat cum Corel trateaz\u0103 datele RGB \u2013 posibil profilate sau neprofilate \u2013 la exportul \u00een CMYK.<\/li>\n<\/ul>\n<p>Recunosc: \u00eentr-un flux de lucru CMYK, astfel de probleme nu ar fi ap\u0103rut niciodat\u0103. CMYK este cel mai mic numitor comun \u00eentre agen\u021bie, fotografi \u0219i tipografie. Cu toate acestea, pentru viitor prefer fluxul de lucru RGB. Dac\u0103 este aplicat \u0219i configurat corect, acesta ofer\u0103 \u0219ansa de a ob\u021bine rezultate de imprimare semnificativ mai bune, deoarece conversia la CMYK poate avea loc c\u00e2t mai t\u00e2rziu posibil. Dar asta \u00eenseamn\u0103 \u0219i c\u0103 \u00een etapele procesului \u201ec\u00e2t mai t\u00e2rziu posibil\u201c trebuie s\u0103 fie disponibil\u0103 cunoa\u0219terea tehnic\u0103 \u00een domeniul gestion\u0103rii culorilor. \u0218i tocmai aici multe tipografii trebuie pur \u0219i simplu s\u0103 renun\u021be. Pentru c\u0103 majoritatea \u2013 inclusiv tipografiile mai mari \u2013 procedeaz\u0103 dup\u0103 principiul:<\/p>\n<p>\u201eA venit cineva care a f\u0103cut asta <a href=\"http:\/\/blog.proofs.de\/ro\/lexikon\/ctp\/\" target=\"_self\" title='Procesul CTP este un proces &quot;computer-to-plate&quot;, \u00een care pl\u0103cile de imprimare sunt produse direct \u00eentr-un aparat CTP, f\u0103r\u0103 a se utiliza pelicul\u0103. Este mai rapid \u0219i mai precis, dar \u0219i mai scump dec\u00e2t procesul clasic CTF - &quot;computer-to-film&quot;.' class=\"encyclopedia\">CTP<\/a> instalat. Dup\u0103 trei zile, a disp\u0103rut, iar de atunci func\u021bioneaz\u0103. Introducem date \u00een fa\u021b\u0103 \u0219i discurile ies \u00een spate. Ce se \u00eent\u00e2mpl\u0103 \u00eentre timp? Habar n-am. De ce ar trebui s\u0103 \u0219tiu?\u201c<\/p>\n<p>A\u0219a s-a \u00eent\u00e2mplat recent la un client. Pentru tip\u0103rirea unei bro\u0219uri cu fotografii care se estompau \u00een negru intens, tipografia a solicitat ca imaginile s\u0103 fie create astfel \u00eenc\u00e2t negrul s\u0103 fie compus din 40\/0\/0\/100.<\/p>\n<p>Recunoa\u0219tem: faptul c\u0103 un negru intens poate con\u021bine un adaos de CYAN a fost cu siguran\u021b\u0103 predat acum 30 de ani \u00een \u0219coala profesional\u0103. \u0218i 40\/0\/0\/100 este, de asemenea, negru. \u00cens\u0103 a cere unui fotograf s\u0103-\u0219i alinieze imaginile RGB la aceast\u0103 valoare de negru nu este cu adev\u0103rat eficient. Dar exact asta s-a \u00eent\u00e2mplat \u00een cazul unui client. Concluzie: RGB este bun, dar nu a ajuns \u00eenc\u0103 \u00een toate tipografiile. Tipografii care pot privi dincolo de orizontul lor s-au ocupat cu siguran\u021b\u0103 deja de acest subiect.<\/p>","protected":false},"excerpt":{"rendered":"<p>\u00cen special \u00een companiile mai mari, aspectul \u00een RGB este acum mai degrab\u0103 regula dec\u00e2t excep\u021bia. Avantajele sunt evidente: machetarea are loc \u00eentr-un spa\u021biu de culoare mare, aproape neutru din punct de vedere mediatic Toate filtrele Photoshop sunt disponibile f\u0103r\u0103 restric\u021bii Procesul de conversie a spa\u021biului de culoare \u00een CMYK este decalat c\u00e2t mai t\u00e2rziu posibil \u00een procesul de produc\u021bie \u00cen practic\u0103, \u00eens\u0103, exist\u0103 \u00een special dou\u0103 probleme poten\u021biale. Problema 1: conversia CMYK \u00een etapa final\u0103. Catalogul este machetat \u00een InDesign, toate datele sunt perfect corecte, deoarece ultima etap\u0103 \u00eenainte de ... <\/p>\n<p class=\"read-more-container\"><a title=\"Layout \u00een RGB, imprimare \u00een CMYK. Ave\u021bi probleme?\" class=\"read-more button\" href=\"http:\/\/blog.proofs.de\/ro\/layout-in-rgb-druck-in-cmyk-probleme\/#more-371\" aria-label=\"Cite\u0219te mai multe despre Layout \u00een RGB, imprimare \u00een CMYK. Probleme?\">Cite\u0219te mai mult<\/a><\/p>","protected":false},"author":2,"featured_media":0,"comment_status":"open","ping_status":"open","sticky":false,"template":"","format":"standard","meta":{"om_disable_all_campaigns":false,"inline_featured_image":false,"_monsterinsights_skip_tracking":false,"footnotes":""},"categories":[1,435,443,441,7],"tags":[529,232,230,231,541,543,233],"class_list":["post-371","post","type-post","status-publish","format-standard","hentry","category-allgemein","category-farbraeume-und-farbprofile","category-haeufige-fragen-zu-proofs","category-layout-tipps-und-tricks","category-proof-wissen","tag-cmyk","tag-cmyk-konvertierung","tag-lab","tag-medienneutral","tag-rgb","tag-softproof","tag-workflow","generate-columns","tablet-grid-50","mobile-grid-100","grid-parent","grid-50","no-featured-image-padding"],"aioseo_notices":[],"aioseo_head":"\n\t\t<!-- All in One SEO 5.0.1.1 - aioseo.com -->\n\t<meta name=\"description\" content=\"Mit PDFX\/4 und dem Wunsch nach medienneutraler Bearbeitung von Bildern und Farben werden Workflows auf RGB und LAB umgestellt. Welche Probleme entstehen dabei?\" \/>\n\t<meta name=\"robots\" content=\"max-image-preview:large\" \/>\n\t<meta name=\"author\" content=\"Matthias Betz\"\/>\n\t<meta name=\"google-site-verification\" content=\"TuXxyRwxcEg2-WfOaQ8vScWQh3-uBAnxXmY7g3GT90A\" \/>\n\t<meta name=\"keywords\" content=\"rgb,lab,cmyk,medienneutral,cmyk konvertierung,softproof,workflow\" \/>\n\t<link rel=\"canonical\" href=\"http:\/\/blog.proofs.de\/ro\/layout-in-rgb-druck-in-cmyk-probleme\/\" \/>\n\t<meta name=\"generator\" content=\"All in One SEO (AIOSEO) 5.0.1.1\" \/>\n\n\t\t<meta name=\"seobility\" content=\"593a8578143db71543f014978c690d47\">\n\t\t<meta property=\"og:locale\" content=\"ro_RO\" \/>\n\t\t<meta property=\"og:site_name\" content=\"Proof.de | Alles zu Proof, Farbmanagement, Grafik, Messtechnik &amp; Co.\" \/>\n\t\t<meta property=\"og:type\" content=\"article\" \/>\n\t\t<meta property=\"og:title\" content=\"Layout in RGB, Druck in CMYK. Gibt das Probleme? | proof.de\" \/>\n\t\t<meta property=\"og:description\" content=\"Mit PDFX\/4 und dem Wunsch nach medienneutraler Bearbeitung von Bildern und Farben werden Workflows auf RGB und LAB umgestellt. Welche Probleme entstehen dabei?\" \/>\n\t\t<meta property=\"og:url\" content=\"http:\/\/blog.proofs.de\/ro\/layout-in-rgb-druck-in-cmyk-probleme\/\" \/>\n\t\t<meta property=\"og:image\" content=\"http:\/\/blog1.proofen.de\/wp-content\/uploads\/2020\/04\/proof_background.jpg\" \/>\n\t\t<meta property=\"article:published_time\" content=\"2013-01-19T01:54:30+00:00\" \/>\n\t\t<meta property=\"article:modified_time\" content=\"2020-05-08T10:01:25+00:00\" \/>\n\t\t<meta property=\"article:publisher\" content=\"https:\/\/www.facebook.com\/Proof.de\/\" \/>\n\t\t<meta name=\"twitter:card\" content=\"summary\" \/>\n\t\t<meta name=\"twitter:title\" content=\"Layout in RGB, Druck in CMYK. Gibt das Probleme? | proof.de\" \/>\n\t\t<meta name=\"twitter:description\" content=\"Mit PDFX\/4 und dem Wunsch nach medienneutraler Bearbeitung von Bildern und Farben werden Workflows auf RGB und LAB umgestellt. Welche Probleme entstehen dabei?\" \/>\n\t\t<meta name=\"twitter:image\" content=\"https:\/\/blog1.proofen.de\/wp-content\/uploads\/2020\/04\/proof_background.jpg\" \/>\n\t\t<script type=\"application\/ld+json\" class=\"aioseo-schema\">\n\t\t\t{\"@context\":\"https:\\\/\\\/schema.org\",\"@graph\":[{\"@type\":\"Article\",\"@id\":\"http:\\\/\\\/blog.proofs.de\\\/ro\\\/layout-in-rgb-druck-in-cmyk-probleme\\\/#article\",\"name\":\"Layout in RGB, Druck in CMYK. Gibt das Probleme? | proof.de\",\"headline\":\"Layout in RGB, Druck in CMYK. Probleme?\",\"author\":{\"@id\":\"http:\\\/\\\/blog.proofs.de\\\/ro\\\/author\\\/mbetz\\\/#author\"},\"publisher\":{\"@id\":\"http:\\\/\\\/blog.proofs.de\\\/ro\\\/#organization\"},\"image\":{\"@type\":\"ImageObject\",\"url\":\"https:\\\/\\\/blog1.proofen.de\\\/wp-content\\\/uploads\\\/2019\\\/09\\\/logo_proof_rgb_mit_balken_250px.png\",\"@id\":\"http:\\\/\\\/blog.proofs.de\\\/ro\\\/#articleImage\"},\"datePublished\":\"2013-01-19T02:54:30+01:00\",\"dateModified\":\"2020-05-08T12:01:25+02:00\",\"inLanguage\":\"ro-RO\",\"commentCount\":2,\"mainEntityOfPage\":{\"@id\":\"http:\\\/\\\/blog.proofs.de\\\/ro\\\/layout-in-rgb-druck-in-cmyk-probleme\\\/#webpage\"},\"isPartOf\":{\"@id\":\"http:\\\/\\\/blog.proofs.de\\\/ro\\\/layout-in-rgb-druck-in-cmyk-probleme\\\/#webpage\"},\"articleSection\":\"Allgemein, Farbr\\u00e4ume und Farbprofile, H\\u00e4ufige Fragen zu Proofs, Layout Tipps, Proof Wissen, CMYK, CMYK Konvertierung, LAB, medienneutral, RGB, Softproof, Workflow\"},{\"@type\":\"BreadcrumbList\",\"@id\":\"http:\\\/\\\/blog.proofs.de\\\/ro\\\/layout-in-rgb-druck-in-cmyk-probleme\\\/#breadcrumblist\",\"itemListElement\":[{\"@type\":\"ListItem\",\"@id\":\"http:\\\/\\\/blog.proofs.de\\\/ro#listItem\",\"position\":1,\"name\":\"Home\",\"item\":\"http:\\\/\\\/blog.proofs.de\\\/ro\",\"nextItem\":{\"@type\":\"ListItem\",\"@id\":\"http:\\\/\\\/blog.proofs.de\\\/ro\\\/thema\\\/proof-wissen\\\/#listItem\",\"name\":\"Proof Wissen\"}},{\"@type\":\"ListItem\",\"@id\":\"http:\\\/\\\/blog.proofs.de\\\/ro\\\/thema\\\/proof-wissen\\\/#listItem\",\"position\":2,\"name\":\"Proof Wissen\",\"item\":\"http:\\\/\\\/blog.proofs.de\\\/ro\\\/thema\\\/proof-wissen\\\/\",\"nextItem\":{\"@type\":\"ListItem\",\"@id\":\"http:\\\/\\\/blog.proofs.de\\\/ro\\\/thema\\\/proof-wissen\\\/farbraeume-und-farbprofile\\\/#listItem\",\"name\":\"Farbr\\u00e4ume und Farbprofile\"},\"previousItem\":{\"@type\":\"ListItem\",\"@id\":\"http:\\\/\\\/blog.proofs.de\\\/ro#listItem\",\"name\":\"Home\"}},{\"@type\":\"ListItem\",\"@id\":\"http:\\\/\\\/blog.proofs.de\\\/ro\\\/thema\\\/proof-wissen\\\/farbraeume-und-farbprofile\\\/#listItem\",\"position\":3,\"name\":\"Farbr\\u00e4ume und Farbprofile\",\"item\":\"http:\\\/\\\/blog.proofs.de\\\/ro\\\/thema\\\/proof-wissen\\\/farbraeume-und-farbprofile\\\/\",\"nextItem\":{\"@type\":\"ListItem\",\"@id\":\"http:\\\/\\\/blog.proofs.de\\\/ro\\\/layout-in-rgb-druck-in-cmyk-probleme\\\/#listItem\",\"name\":\"Layout in RGB, Druck in CMYK. Probleme?\"},\"previousItem\":{\"@type\":\"ListItem\",\"@id\":\"http:\\\/\\\/blog.proofs.de\\\/ro\\\/thema\\\/proof-wissen\\\/#listItem\",\"name\":\"Proof Wissen\"}},{\"@type\":\"ListItem\",\"@id\":\"http:\\\/\\\/blog.proofs.de\\\/ro\\\/layout-in-rgb-druck-in-cmyk-probleme\\\/#listItem\",\"position\":4,\"name\":\"Layout in RGB, Druck in CMYK. Probleme?\",\"previousItem\":{\"@type\":\"ListItem\",\"@id\":\"http:\\\/\\\/blog.proofs.de\\\/ro\\\/thema\\\/proof-wissen\\\/farbraeume-und-farbprofile\\\/#listItem\",\"name\":\"Farbr\\u00e4ume und Farbprofile\"}}]},{\"@type\":\"Organization\",\"@id\":\"http:\\\/\\\/blog.proofs.de\\\/ro\\\/#organization\",\"name\":\"Proof GmbH\",\"description\":\"Farbverbindlicher Proof, Farbproof, Digitalproof und Online-Proof.\",\"url\":\"http:\\\/\\\/blog.proofs.de\\\/ro\\\/\",\"telephone\":\"+4970717952740\",\"logo\":{\"@type\":\"ImageObject\",\"url\":\"https:\\\/\\\/blog1.proofen.de\\\/wp-content\\\/uploads\\\/2019\\\/09\\\/logo_proof_rgb_mit_balken_250px.png\",\"@id\":\"http:\\\/\\\/blog.proofs.de\\\/ro\\\/layout-in-rgb-druck-in-cmyk-probleme\\\/#organizationLogo\"},\"image\":{\"@id\":\"http:\\\/\\\/blog.proofs.de\\\/ro\\\/layout-in-rgb-druck-in-cmyk-probleme\\\/#organizationLogo\"},\"sameAs\":[\"https:\\\/\\\/www.facebook.com\\\/Proof.de\\\/\",\"https:\\\/\\\/www.instagram.com\\\/proof.de\\\/\",\"https:\\\/\\\/www.tiktok.com\\\/@proof_de\",\"https:\\\/\\\/www.youtube.com\\\/channel\\\/UCk80fQVQ25wC9wu3SywB-Nw\",\"https:\\\/\\\/www.linkedin.com\\\/company\\\/proof-de\"]},{\"@type\":\"Person\",\"@id\":\"http:\\\/\\\/blog.proofs.de\\\/ro\\\/author\\\/mbetz\\\/#author\",\"url\":\"http:\\\/\\\/blog.proofs.de\\\/ro\\\/author\\\/mbetz\\\/\",\"name\":\"Matthias Betz\",\"image\":{\"@type\":\"ImageObject\",\"@id\":\"http:\\\/\\\/blog.proofs.de\\\/ro\\\/layout-in-rgb-druck-in-cmyk-probleme\\\/#authorImage\",\"url\":\"https:\\\/\\\/blog.proofs.de\\\/wp-content\\\/uploads\\\/2020\\\/10\\\/matthias-betz-e1603934518350-150x150.png\",\"width\":96,\"height\":96,\"caption\":\"Matthias Betz\"}},{\"@type\":\"WebPage\",\"@id\":\"http:\\\/\\\/blog.proofs.de\\\/ro\\\/layout-in-rgb-druck-in-cmyk-probleme\\\/#webpage\",\"url\":\"http:\\\/\\\/blog.proofs.de\\\/ro\\\/layout-in-rgb-druck-in-cmyk-probleme\\\/\",\"name\":\"Layout in RGB, Druck in CMYK. Gibt das Probleme? | proof.de\",\"description\":\"Mit PDFX\\\/4 und dem Wunsch nach medienneutraler Bearbeitung von Bildern und Farben werden Workflows auf RGB und LAB umgestellt. Welche Probleme entstehen dabei?\",\"inLanguage\":\"ro-RO\",\"isPartOf\":{\"@id\":\"http:\\\/\\\/blog.proofs.de\\\/ro\\\/#website\"},\"breadcrumb\":{\"@id\":\"http:\\\/\\\/blog.proofs.de\\\/ro\\\/layout-in-rgb-druck-in-cmyk-probleme\\\/#breadcrumblist\"},\"author\":{\"@id\":\"http:\\\/\\\/blog.proofs.de\\\/ro\\\/author\\\/mbetz\\\/#author\"},\"creator\":{\"@id\":\"http:\\\/\\\/blog.proofs.de\\\/ro\\\/author\\\/mbetz\\\/#author\"},\"datePublished\":\"2013-01-19T02:54:30+01:00\",\"dateModified\":\"2020-05-08T12:01:25+02:00\"},{\"@type\":\"WebSite\",\"@id\":\"http:\\\/\\\/blog.proofs.de\\\/ro\\\/#website\",\"url\":\"http:\\\/\\\/blog.proofs.de\\\/ro\\\/\",\"name\":\"Proof.de\",\"description\":\"Farbverbindlicher Proof, Farbproof, Digitalproof und Online-Proof.\",\"inLanguage\":\"ro-RO\",\"publisher\":{\"@id\":\"http:\\\/\\\/blog.proofs.de\\\/ro\\\/#organization\"}}]}\n\t\t<\/script>\n\t\t<!-- All in One SEO -->\n\n","aioseo_head_json":{"title":"Layout \u00een RGB, tip\u0103rire \u00een CMYK. Exist\u0103 probleme? | proof.de","description":"Cu PDFX\/4 \u0219i dorin\u021ba de editare neutr\u0103 din punct de vedere media a imaginilor \u0219i culorilor, fluxurile de lucru sunt convertite la RGB \u0219i LAB. Ce probleme apar \u00een acest proces?","canonical_url":"http:\/\/blog.proofs.de\/ro\/layout-in-rgb-druck-in-cmyk-probleme\/","robots":"max-image-preview:large","keywords":"rgb,lab,cmyk,medienneutral,cmyk konvertierung,softproof,workflow","webmasterTools":{"google-site-verification":"TuXxyRwxcEg2-WfOaQ8vScWQh3-uBAnxXmY7g3GT90A","miscellaneous":"&lt;meta name=\"seobility\" content=\"593a8578143db71543f014978c690d47\"&gt;"},"schema":{"@context":"https:\/\/schema.org","@graph":[{"@type":"Article","@id":"http:\/\/blog.proofs.de\/ro\/layout-in-rgb-druck-in-cmyk-probleme\/#article","name":"Layout in RGB, Druck in CMYK. Gibt das Probleme? | proof.de","headline":"Layout in RGB, Druck in CMYK. Probleme?","author":{"@id":"http:\/\/blog.proofs.de\/ro\/author\/mbetz\/#author"},"publisher":{"@id":"http:\/\/blog.proofs.de\/ro\/#organization"},"image":{"@type":"ImageObject","url":"https:\/\/blog1.proofen.de\/wp-content\/uploads\/2019\/09\/logo_proof_rgb_mit_balken_250px.png","@id":"http:\/\/blog.proofs.de\/ro\/#articleImage"},"datePublished":"2013-01-19T02:54:30+01:00","dateModified":"2020-05-08T12:01:25+02:00","inLanguage":"ro-RO","commentCount":2,"mainEntityOfPage":{"@id":"http:\/\/blog.proofs.de\/ro\/layout-in-rgb-druck-in-cmyk-probleme\/#webpage"},"isPartOf":{"@id":"http:\/\/blog.proofs.de\/ro\/layout-in-rgb-druck-in-cmyk-probleme\/#webpage"},"articleSection":"Allgemein, Farbr\u00e4ume und Farbprofile, H\u00e4ufige Fragen zu Proofs, Layout Tipps, Proof Wissen, CMYK, CMYK Konvertierung, LAB, medienneutral, RGB, Softproof, Workflow"},{"@type":"BreadcrumbList","@id":"http:\/\/blog.proofs.de\/ro\/layout-in-rgb-druck-in-cmyk-probleme\/#breadcrumblist","itemListElement":[{"@type":"ListItem","@id":"http:\/\/blog.proofs.de\/ro#listItem","position":1,"name":"Home","item":"http:\/\/blog.proofs.de\/ro","nextItem":{"@type":"ListItem","@id":"http:\/\/blog.proofs.de\/ro\/thema\/proof-wissen\/#listItem","name":"Proof Wissen"}},{"@type":"ListItem","@id":"http:\/\/blog.proofs.de\/ro\/thema\/proof-wissen\/#listItem","position":2,"name":"Proof Wissen","item":"http:\/\/blog.proofs.de\/ro\/thema\/proof-wissen\/","nextItem":{"@type":"ListItem","@id":"http:\/\/blog.proofs.de\/ro\/thema\/proof-wissen\/farbraeume-und-farbprofile\/#listItem","name":"Farbr\u00e4ume und Farbprofile"},"previousItem":{"@type":"ListItem","@id":"http:\/\/blog.proofs.de\/ro#listItem","name":"Home"}},{"@type":"ListItem","@id":"http:\/\/blog.proofs.de\/ro\/thema\/proof-wissen\/farbraeume-und-farbprofile\/#listItem","position":3,"name":"Farbr\u00e4ume und Farbprofile","item":"http:\/\/blog.proofs.de\/ro\/thema\/proof-wissen\/farbraeume-und-farbprofile\/","nextItem":{"@type":"ListItem","@id":"http:\/\/blog.proofs.de\/ro\/layout-in-rgb-druck-in-cmyk-probleme\/#listItem","name":"Layout in RGB, Druck in CMYK. Probleme?"},"previousItem":{"@type":"ListItem","@id":"http:\/\/blog.proofs.de\/ro\/thema\/proof-wissen\/#listItem","name":"Proof Wissen"}},{"@type":"ListItem","@id":"http:\/\/blog.proofs.de\/ro\/layout-in-rgb-druck-in-cmyk-probleme\/#listItem","position":4,"name":"Layout in RGB, Druck in CMYK. Probleme?","previousItem":{"@type":"ListItem","@id":"http:\/\/blog.proofs.de\/ro\/thema\/proof-wissen\/farbraeume-und-farbprofile\/#listItem","name":"Farbr\u00e4ume und Farbprofile"}}]},{"@type":"Organization","@id":"http:\/\/blog.proofs.de\/ro\/#organization","name":"Proof GmbH","description":"Farbverbindlicher Proof, Farbproof, Digitalproof und Online-Proof.","url":"http:\/\/blog.proofs.de\/ro\/","telephone":"+4970717952740","logo":{"@type":"ImageObject","url":"https:\/\/blog1.proofen.de\/wp-content\/uploads\/2019\/09\/logo_proof_rgb_mit_balken_250px.png","@id":"http:\/\/blog.proofs.de\/ro\/layout-in-rgb-druck-in-cmyk-probleme\/#organizationLogo"},"image":{"@id":"http:\/\/blog.proofs.de\/ro\/layout-in-rgb-druck-in-cmyk-probleme\/#organizationLogo"},"sameAs":["https:\/\/www.facebook.com\/Proof.de\/","https:\/\/www.instagram.com\/proof.de\/","https:\/\/www.tiktok.com\/@proof_de","https:\/\/www.youtube.com\/channel\/UCk80fQVQ25wC9wu3SywB-Nw","https:\/\/www.linkedin.com\/company\/proof-de"]},{"@type":"Person","@id":"http:\/\/blog.proofs.de\/ro\/author\/mbetz\/#author","url":"http:\/\/blog.proofs.de\/ro\/author\/mbetz\/","name":"Matthias Betz","image":{"@type":"ImageObject","@id":"http:\/\/blog.proofs.de\/ro\/layout-in-rgb-druck-in-cmyk-probleme\/#authorImage","url":"https:\/\/blog.proofs.de\/wp-content\/uploads\/2020\/10\/matthias-betz-e1603934518350-150x150.png","width":96,"height":96,"caption":"Matthias Betz"}},{"@type":"WebPage","@id":"http:\/\/blog.proofs.de\/ro\/layout-in-rgb-druck-in-cmyk-probleme\/#webpage","url":"http:\/\/blog.proofs.de\/ro\/layout-in-rgb-druck-in-cmyk-probleme\/","name":"Layout in RGB, Druck in CMYK. Gibt das Probleme? | proof.de","description":"Mit PDFX\/4 und dem Wunsch nach medienneutraler Bearbeitung von Bildern und Farben werden Workflows auf RGB und LAB umgestellt. Welche Probleme entstehen dabei?","inLanguage":"ro-RO","isPartOf":{"@id":"http:\/\/blog.proofs.de\/ro\/#website"},"breadcrumb":{"@id":"http:\/\/blog.proofs.de\/ro\/layout-in-rgb-druck-in-cmyk-probleme\/#breadcrumblist"},"author":{"@id":"http:\/\/blog.proofs.de\/ro\/author\/mbetz\/#author"},"creator":{"@id":"http:\/\/blog.proofs.de\/ro\/author\/mbetz\/#author"},"datePublished":"2013-01-19T02:54:30+01:00","dateModified":"2020-05-08T12:01:25+02:00"},{"@type":"WebSite","@id":"http:\/\/blog.proofs.de\/ro\/#website","url":"http:\/\/blog.proofs.de\/ro\/","name":"Proof.de","description":"Farbverbindlicher Proof, Farbproof, Digitalproof und Online-Proof.","inLanguage":"ro-RO","publisher":{"@id":"http:\/\/blog.proofs.de\/ro\/#organization"}}]},"og:locale":"ro_RO","og:site_name":"Proof.de | Alles zu Proof, Farbmanagement, Grafik, Messtechnik &amp; Co.","og:type":"article","og:title":"Layout in RGB, Druck in CMYK. Gibt das Probleme? | proof.de","og:description":"Mit PDFX\/4 und dem Wunsch nach medienneutraler Bearbeitung von Bildern und Farben werden Workflows auf RGB und LAB umgestellt. Welche Probleme entstehen dabei?","og:url":"http:\/\/blog.proofs.de\/ro\/layout-in-rgb-druck-in-cmyk-probleme\/","og:image":"http:\/\/blog1.proofen.de\/wp-content\/uploads\/2020\/04\/proof_background.jpg","article:published_time":"2013-01-19T01:54:30+00:00","article:modified_time":"2020-05-08T10:01:25+00:00","article:publisher":"https:\/\/www.facebook.com\/Proof.de\/","twitter:card":"summary","twitter:title":"Layout in RGB, Druck in CMYK. Gibt das Probleme? | proof.de","twitter:description":"Mit PDFX\/4 und dem Wunsch nach medienneutraler Bearbeitung von Bildern und Farben werden Workflows auf RGB und LAB umgestellt. Welche Probleme entstehen dabei?","twitter:image":"https:\/\/blog1.proofen.de\/wp-content\/uploads\/2020\/04\/proof_background.jpg"},"aioseo_meta_data":{"post_id":"371","title":"Machetare \u00een RGB, tip\u0103rire \u00een CMYK. Asta creeaz\u0103 probleme? | proof.de","description":"Cu PDFX\/4 \u0219i dorin\u021ba de editare neutr\u0103 din punct de vedere media a imaginilor \u0219i culorilor, fluxurile de lucru sunt convertite la RGB \u0219i LAB. Ce probleme apar \u00een acest proces?","keywords":[{"label":"RGB","value":"RGB"},{"label":"LAB","value":"LAB"},{"label":"CMYK","value":"CMYK"},{"label":"medienneutral","value":"medienneutral"},{"label":"CMYK Konvertierung","value":"CMYK Konvertierung"},{"label":"Softproof","value":"Softproof"},{"label":"Workflow","value":"Workflow"}],"keyphrases":null,"primary_term":null,"canonical_url":null,"og_title":null,"og_description":null,"og_object_type":"default","og_image_type":"default","og_image_url":null,"og_image_width":null,"og_image_height":null,"og_image_custom_url":null,"og_image_custom_fields":null,"og_video":null,"og_custom_url":null,"og_article_section":null,"og_article_tags":null,"twitter_use_og":false,"twitter_card":"default","twitter_image_type":"default","twitter_image_url":null,"twitter_image_custom_url":null,"twitter_image_custom_fields":null,"twitter_title":null,"twitter_description":null,"schema":{"blockGraphs":[],"customGraphs":[],"default":{"data":{"Article":[],"Course":[],"Dataset":[],"FAQPage":[],"Movie":[],"Person":[],"Product":[],"ProductReview":[],"Car":[],"Recipe":[],"Service":[],"SoftwareApplication":[],"WebPage":[]},"graphName":"","isEnabled":true},"graphs":[]},"schema_type":null,"schema_type_options":null,"pillar_content":false,"robots_default":true,"robots_noindex":false,"robots_noarchive":false,"robots_nosnippet":false,"robots_nofollow":false,"robots_noimageindex":false,"robots_noodp":false,"robots_notranslate":false,"robots_max_snippet":null,"robots_max_videopreview":null,"robots_max_imagepreview":"large","priority":null,"frequency":null,"local_seo":null,"breadcrumb_settings":null,"limit_modified_date":false,"ai":null,"created":"2020-12-21 00:36:00","updated":"2025-06-04 14:12:57","seo_analyzer_scan_date":null,"focus_keyword":null,"additional_keywords":null,"truseo_locale":null},"_links":{"self":[{"href":"http:\/\/blog.proofs.de\/ro\/wp-json\/wp\/v2\/posts\/371","targetHints":{"allow":["GET"]}}],"collection":[{"href":"http:\/\/blog.proofs.de\/ro\/wp-json\/wp\/v2\/posts"}],"about":[{"href":"http:\/\/blog.proofs.de\/ro\/wp-json\/wp\/v2\/types\/post"}],"author":[{"embeddable":true,"href":"http:\/\/blog.proofs.de\/ro\/wp-json\/wp\/v2\/users\/2"}],"replies":[{"embeddable":true,"href":"http:\/\/blog.proofs.de\/ro\/wp-json\/wp\/v2\/comments?post=371"}],"version-history":[{"count":10,"href":"http:\/\/blog.proofs.de\/ro\/wp-json\/wp\/v2\/posts\/371\/revisions"}],"predecessor-version":[{"id":3717,"href":"http:\/\/blog.proofs.de\/ro\/wp-json\/wp\/v2\/posts\/371\/revisions\/3717"}],"wp:attachment":[{"href":"http:\/\/blog.proofs.de\/ro\/wp-json\/wp\/v2\/media?parent=371"}],"wp:term":[{"taxonomy":"category","embeddable":true,"href":"http:\/\/blog.proofs.de\/ro\/wp-json\/wp\/v2\/categories?post=371"},{"taxonomy":"post_tag","embeddable":true,"href":"http:\/\/blog.proofs.de\/ro\/wp-json\/wp\/v2\/tags?post=371"}],"curies":[{"name":"wp","href":"https:\/\/api.w.org\/{rel}","templated":true}]}}