{"id":2496,"date":"2019-10-11T01:48:02","date_gmt":"2019-10-10T23:48:02","guid":{"rendered":"https:\/\/www.proof.de\/?p=2496"},"modified":"2023-07-20T09:26:34","modified_gmt":"2023-07-20T07:26:34","slug":"schoen-was-the-members-meeting-2019-of-free-colour-e-v-in-switzerland","status":"publish","type":"post","link":"http:\/\/blog.proofs.de\/sv\/schoen-wars-die-mitgliederversammlung-2019-von-freiefarbe-e-v-in-der-schweiz\/","title":{"rendered":"Det var trevligt: FreieFarbe e.V.:s generalf\u00f6rsamling 2019 i Schweiz"},"content":{"rendered":"<div class=\"kk-star-ratings kksr-auto kksr-align-right kksr-valign-top\" data-payload='{\"align\":\"right\",\"id\":\"2496\",\"slug\":\"default\",\"valign\":\"top\",\"ignore\":\"\",\"reference\":\"auto\",\"class\":\"\",\"count\":\"0\",\"legendonly\":\"\",\"readonly\":\"\",\"score\":\"0\",\"starsonly\":\"\",\"best\":\"5\",\"gap\":\"5\",\"greet\":\"Jetzt bewerten\",\"legend\":\"0\\\/5 - (0 votes)\",\"size\":\"24\",\"title\":\"Sch&ouml;n war\\u0026#039;s: Die Mitgliederversammlung 2019 von freieFarbe e.V. in der Schweiz\",\"width\":\"0\",\"_legend\":\"{score}\\\/{best} - ({count} {votes})\",\"font_factor\":\"1.25\"}'>\n            \n<div class=\"kksr-stars\">\n    \n<div class=\"kksr-stars-inactive\">\n            <div class=\"kksr-star\" data-star=\"1\" style=\"padding-right: 5px\">\n            \n\n<div class=\"kksr-icon\" style=\"width: 24px; height: 24px;\"><\/div>\n        <\/div>\n            <div class=\"kksr-star\" data-star=\"2\" style=\"padding-right: 5px\">\n            \n\n<div class=\"kksr-icon\" style=\"width: 24px; height: 24px;\"><\/div>\n        <\/div>\n            <div class=\"kksr-star\" data-star=\"3\" style=\"padding-right: 5px\">\n            \n\n<div class=\"kksr-icon\" style=\"width: 24px; height: 24px;\"><\/div>\n        <\/div>\n            <div class=\"kksr-star\" data-star=\"4\" style=\"padding-right: 5px\">\n            \n\n<div class=\"kksr-icon\" style=\"width: 24px; height: 24px;\"><\/div>\n        <\/div>\n            <div class=\"kksr-star\" data-star=\"5\" style=\"padding-right: 5px\">\n            \n\n<div class=\"kksr-icon\" style=\"width: 24px; height: 24px;\"><\/div>\n        <\/div>\n    <\/div>\n    \n<div class=\"kksr-stars-active\" style=\"width: 0px;\">\n            <div class=\"kksr-star\" style=\"padding-right: 5px\">\n            \n\n<div class=\"kksr-icon\" style=\"width: 24px; height: 24px;\"><\/div>\n        <\/div>\n            <div class=\"kksr-star\" style=\"padding-right: 5px\">\n            \n\n<div class=\"kksr-icon\" style=\"width: 24px; height: 24px;\"><\/div>\n        <\/div>\n            <div class=\"kksr-star\" style=\"padding-right: 5px\">\n            \n\n<div class=\"kksr-icon\" style=\"width: 24px; height: 24px;\"><\/div>\n        <\/div>\n            <div class=\"kksr-star\" style=\"padding-right: 5px\">\n            \n\n<div class=\"kksr-icon\" style=\"width: 24px; height: 24px;\"><\/div>\n        <\/div>\n            <div class=\"kksr-star\" style=\"padding-right: 5px\">\n            \n\n<div class=\"kksr-icon\" style=\"width: 24px; height: 24px;\"><\/div>\n        <\/div>\n    <\/div>\n<\/div>\n                \n\n<div class=\"kksr-legend\" style=\"font-size: 19.2px;\">\n            <span class=\"kksr-muted\">Betygs\u00e4tt nu<\/span>\n    <\/div>\n    <\/div>\n\n<p class=\"wp-block-paragraph\">Efter att f\u00f6reningen freieFarbe e.V. f\u00f6rra \u00e5ret hade tr\u00e4ffats i T\u00fcbingen f\u00f6r den \u00e5rliga bolagsst\u00e4mman, tr\u00e4ffades vi i \u00e5r i en rustik stuga i Appenzeller Land, som Peter J\u00e4ger fr\u00e5n pre2media och Eric A. Soder fr\u00e5n pixsource.com hade valt utm\u00e4rkt, precis som det soliga v\u00e4dret som skulle f\u00f6lja oss fr\u00e5n fredag till s\u00f6ndag.<\/p>\n\n\n<div class=\"wp-block-image\">\n<figure class=\"alignright is-resized\"><a href=\"https:\/\/blog1.proofen.de\/wp-content\/uploads\/2019\/10\/gv02.jpg\" target=\"_blank\" rel=\"noreferrer noopener\"><img loading=\"lazy\" decoding=\"async\" src=\"https:\/\/blog1.proofen.de\/wp-content\/uploads\/2019\/10\/gv02-1024x768.jpg\" alt=\"freieFarbe e.V. Generalf\u00f6rsamling 2019: V\u00e5rt boende i de schweiziska bergen\" class=\"wp-image-2503\" width=\"512\" height=\"384\" srcset=\"https:\/\/blog.proofs.de\/wp-content\/uploads\/2019\/10\/gv02-1024x768.jpg 1024w, https:\/\/blog.proofs.de\/wp-content\/uploads\/2019\/10\/gv02-300x225.jpg 300w, https:\/\/blog.proofs.de\/wp-content\/uploads\/2019\/10\/gv02-768x576.jpg 768w, https:\/\/blog.proofs.de\/wp-content\/uploads\/2019\/10\/gv02-400x300.jpg 400w\" sizes=\"auto, (max-width: 512px) 100vw, 512px\"><\/a><figcaption class=\"wp-element-caption\">freieFarbe e.V. Generalf\u00f6rsamling 2019: V\u00e5rt boende i de schweiziska bergen<\/figcaption><\/figure>\n<\/div>\n\n\n<p class=\"wp-block-paragraph\">F\u00f6reningens ordf\u00f6rande Holger Everding fr\u00e5n DTP Studio Oldenburg och Jan-Peter Homann fr\u00e5n Homann Colormanagement i Berlin reste till T\u00fcbingen redan p\u00e5 torsdagen och efter en f\u00f6rsta l\u00e5ng samtalsnatt och ett m\u00f6te p\u00e5 <a href=\"http:\/\/blog.proofs.de\/sv\/lexikon\/proof\/\" target=\"_self\" title=\"Ett proof (korrekt: kontraktsprov) \u00e4r en ISO 12647-7-certifierad provningsutrustning f\u00f6r den grafiska industrin. Ett provtryck simulerar f\u00e4rgligheten i offset- eller djuptryck p\u00e5 ett f\u00e4rg- och r\u00e4ttsligt bindande s\u00e4tt inom de sn\u00e4va toleranserna i ISO-standarden.\" class=\"encyclopedia\">Bevis<\/a>.de-kontoret fortsatte vi tre v\u00e5r resa till Schweiz p\u00e5 fredagsmorgonen vid middagstid. Efter en gemensam middag med Peter J\u00e4ger och Eric A. Soder (fr\u00e5n T\u00fcbingen hade vi tagit med oss gemensam tillagad schwabisk potatissallad och mina handgjorda Maultaschen fr\u00e5n kv\u00e4llen innan) inleddes en kv\u00e4ll fylld av planering och en strategiverkstad f\u00f6r uppgifterna och m\u00e5len f\u00f6r n\u00e4sta f\u00f6renings\u00e5r. Ingen tvekan om att \u00e4ven denna kv\u00e4ll var fylld av diskussioner, utveckling, skratt och mycket roligt till sent p\u00e5 natten mellan Flensburger Pils, Swiss Be<a href=\"http:\/\/blog.proofs.de\/sv\/lexikon\/rgb\/\" target=\"_self\" title=\"RGB st\u00e5r f\u00f6r f\u00e4rgerna r\u00f6tt, gr\u00f6nt och bl\u00e5tt. M\u00e4nniskans f\u00e4rgseende baseras p\u00e5 dessa f\u00e4rger.\" class=\"encyclopedia\">rgb<\/a>ier och vin kreativt utformade i attraktiva r\u00f6da och ljusgula nyanser.<\/p>\n\n\n\n<figure class=\"wp-block-image\"><a href=\"https:\/\/blog1.proofen.de\/wp-content\/uploads\/2019\/10\/gv07.jpg\" target=\"_blank\" rel=\"noreferrer noopener\"><img loading=\"lazy\" decoding=\"async\" width=\"1024\" height=\"768\" src=\"https:\/\/blog1.proofen.de\/wp-content\/uploads\/2019\/10\/gv07-1024x768.jpg\" alt=\"Utdrag av resultaten fr\u00e5n den kreativa workshopen FreieFarbe p\u00e5 fredagskv\u00e4llen med viktningar (bl\u00e5 klisterm\u00e4rken) och ansvarsomr\u00e5den (namnf\u00f6rkortningar)\" class=\"wp-image-2501\" srcset=\"https:\/\/blog.proofs.de\/wp-content\/uploads\/2019\/10\/gv07-1024x768.jpg 1024w, https:\/\/blog.proofs.de\/wp-content\/uploads\/2019\/10\/gv07-300x225.jpg 300w, https:\/\/blog.proofs.de\/wp-content\/uploads\/2019\/10\/gv07-768x576.jpg 768w, https:\/\/blog.proofs.de\/wp-content\/uploads\/2019\/10\/gv07-400x300.jpg 400w\" sizes=\"auto, (max-width: 1024px) 100vw, 1024px\"><\/a><figcaption class=\"wp-element-caption\">Utdrag av resultaten fr\u00e5n den kreativa workshopen freieFarbe p\u00e5 fredagskv\u00e4llen med viktningar (bl\u00e5 klisterm\u00e4rken) och ansvarsomr\u00e5den (namnf\u00f6rkortningar).<\/figcaption><\/figure>\n\n\n\n<p class=\"wp-block-paragraph\">Efter frukost fortsatte vi p\u00e5 l\u00f6rdagen till swissQprint, d\u00e4r klubbmedlemmen Guy Fl\u00fceli informerade oss i detalj om vad som g\u00e4ller inom digitaltryck i stort format, bes\u00f6kte produktionen och kunde utf\u00f6ra utskriftstester p\u00e5 Karibu och andra tryckmaskiner fr\u00e5n SwissQPrint.<\/p>\n\n\n\n<figure class=\"wp-block-image\"><a href=\"https:\/\/blog1.proofen.de\/wp-content\/uploads\/2019\/10\/jhv2019-1140x550.jpg\" target=\"_blank\" rel=\"noreferrer noopener\"><img loading=\"lazy\" decoding=\"async\" width=\"1024\" height=\"494\" src=\"https:\/\/blog1.proofen.de\/wp-content\/uploads\/2019\/10\/jhv2019-1140x550-1024x494.jpg\" alt=\"\u00c5rsst\u00e4mma f\u00f6r freieFarbe e.V. 2019 i Schweiz\" class=\"wp-image-2500\" srcset=\"https:\/\/blog.proofs.de\/wp-content\/uploads\/2019\/10\/jhv2019-1140x550-1024x494.jpg 1024w, https:\/\/blog.proofs.de\/wp-content\/uploads\/2019\/10\/jhv2019-1140x550-300x145.jpg 300w, https:\/\/blog.proofs.de\/wp-content\/uploads\/2019\/10\/jhv2019-1140x550-768x371.jpg 768w, https:\/\/blog.proofs.de\/wp-content\/uploads\/2019\/10\/jhv2019-1140x550-500x241.jpg 500w, https:\/\/blog.proofs.de\/wp-content\/uploads\/2019\/10\/jhv2019-1140x550.jpg 1140w\" sizes=\"auto, (max-width: 1024px) 100vw, 1024px\"><\/a><figcaption class=\"wp-element-caption\">Fr\u00e5n v\u00e4nster till h\u00f6ger: Matteo Baschera, Jan-Peter Homann, Matthias Betz, Holger Everding, Eric A. Soder, Martin Spaar, Peter J\u00e4ger, Michael Jakobi. Saknas: Kai-Uwe Behrmann, Jan Seguda, Guy Fl\u00fceli (foto)<br><\/figcaption><\/figure>\n\n\n\n<figure class=\"wp-block-gallery has-nested-images columns-default is-cropped wp-block-gallery-2 is-layout-flex wp-block-gallery-is-layout-flex\">\n<figure class=\"wp-block-image\"><a href=\"https:\/\/blog1.proofen.de\/wp-content\/uploads\/2019\/10\/gv06.jpg\"><img loading=\"lazy\" decoding=\"async\" width=\"1024\" height=\"768\" data-id=\"2502\" src=\"https:\/\/blog1.proofen.de\/wp-content\/uploads\/2019\/10\/gv06-1024x768.jpg\" alt=\"Bolagsst\u00e4mma freieFarbe e.V. 2019 p\u00e5 swissQprint\" class=\"wp-image-2502\" srcset=\"https:\/\/blog.proofs.de\/wp-content\/uploads\/2019\/10\/gv06-1024x768.jpg 1024w, https:\/\/blog.proofs.de\/wp-content\/uploads\/2019\/10\/gv06-300x225.jpg 300w, https:\/\/blog.proofs.de\/wp-content\/uploads\/2019\/10\/gv06-768x576.jpg 768w, https:\/\/blog.proofs.de\/wp-content\/uploads\/2019\/10\/gv06-400x300.jpg 400w\" sizes=\"auto, (max-width: 1024px) 100vw, 1024px\"><\/a><figcaption class=\"wp-element-caption\">Holger Everding, Guy Fl\u00fceli, Jan-Peter Homann<\/figcaption><\/figure>\n\n\n\n<figure class=\"wp-block-image\"><a href=\"https:\/\/blog1.proofen.de\/wp-content\/uploads\/2019\/10\/gv04.jpg\"><img loading=\"lazy\" decoding=\"async\" width=\"1024\" height=\"768\" data-id=\"2504\" src=\"https:\/\/blog1.proofen.de\/wp-content\/uploads\/2019\/10\/gv04-1024x768.jpg\" alt=\"Showroom f\u00f6r swissQprint\" class=\"wp-image-2504\" srcset=\"https:\/\/blog.proofs.de\/wp-content\/uploads\/2019\/10\/gv04-1024x768.jpg 1024w, https:\/\/blog.proofs.de\/wp-content\/uploads\/2019\/10\/gv04-300x225.jpg 300w, https:\/\/blog.proofs.de\/wp-content\/uploads\/2019\/10\/gv04-768x576.jpg 768w, https:\/\/blog.proofs.de\/wp-content\/uploads\/2019\/10\/gv04-400x300.jpg 400w\" sizes=\"auto, (max-width: 1024px) 100vw, 1024px\"><\/a><figcaption class=\"wp-element-caption\">Showroom swissQprint<\/figcaption><\/figure>\n\n\n\n<figure class=\"wp-block-image\"><a href=\"https:\/\/blog1.proofen.de\/wp-content\/uploads\/2019\/10\/gv08.jpg\"><img loading=\"lazy\" decoding=\"async\" width=\"1024\" height=\"768\" data-id=\"2505\" src=\"https:\/\/blog1.proofen.de\/wp-content\/uploads\/2019\/10\/gv08-1024x768.jpg\" alt=\"freieFarbe e.V. p\u00e5 swissQprint\" class=\"wp-image-2505\" srcset=\"https:\/\/blog.proofs.de\/wp-content\/uploads\/2019\/10\/gv08-1024x768.jpg 1024w, https:\/\/blog.proofs.de\/wp-content\/uploads\/2019\/10\/gv08-300x225.jpg 300w, https:\/\/blog.proofs.de\/wp-content\/uploads\/2019\/10\/gv08-768x576.jpg 768w, https:\/\/blog.proofs.de\/wp-content\/uploads\/2019\/10\/gv08-400x300.jpg 400w\" sizes=\"auto, (max-width: 1024px) 100vw, 1024px\"><\/a><figcaption class=\"wp-element-caption\">Michael Jakobi, Matteo Baschera, Martin Spaar, Matthias Betz, Guy Fl\u00fceli, Jan-Peter Homann<\/figcaption><\/figure>\n<\/figure>\n\n\n\n<p class=\"wp-block-paragraph\">P\u00e5 l\u00f6rdagen hade vi ocks\u00e5 s\u00e4llskap av andra medlemmar i f\u00f6reningen: Michael Jakobi fr\u00e5n MatchMyColor, Martin Spaar fr\u00e5n Schweizer Publisher, Matteo Baschera fr\u00e5n Gal<a href=\"http:\/\/blog.proofs.de\/sv\/lexikon\/led\/\" target=\"_self\" title='En LED \u00e4r en &quot;light-emitting diode&quot; och st\u00e5r inom den grafiska industrin f\u00f6r det nya &quot;LED&quot;-ljuset, som har ersatt \u00e4ldre ljusk\u00e4llor som neonr\u00f6r och volframlampor. Neonr\u00f6r \u00e4r fr\u00e4mst k\u00e4nda fr\u00e5n standardljusomr\u00e5det D50 eller D65, medan volframljusk\u00e4llor fr\u00e4mst anv\u00e4ndes i f\u00e4rgm\u00e4tningsanordningar som spektrofotometrar och f\u00e4rgm\u00e4tare....' class=\"encyclopedia\">led<\/a>ia, Jan Seguda fr\u00e5n ColorGATE och mjukvaruutvecklaren Kai-Uwe Behrmann fr\u00e5n Chemnitz. Efter en gemensam lunch inleddes medlemsm\u00f6tet i SwissQPrints m\u00f6tesrum, som vi v\u00e4nligen fick l\u00e5na. <a href=\"http:\/\/blog.proofs.de\/sv\/lexikon\/nutzen\/\" target=\"_self\" title=\"Antalet paneler anger hur m\u00e5nga sidor som kan placeras (och d\u00e4rmed skrivas ut) p\u00e5 ett utskrivet ark.\" class=\"encyclopedia\">anv\u00e4nda<\/a> kan.<\/p>\n\n\n\n<p class=\"wp-block-paragraph\">Efter en genomg\u00e5ng av det intensiva \u00e5ret 2018\/19 med utvecklingen av <a href=\"http:\/\/blog.proofs.de\/sv\/lexikon\/cielab\/\" target=\"_self\" title=\"CIELAB:s f\u00e4rgmodell definierades 1976 av Commission Internationale de l&#039;Eclairage och beskriver alla uppfattbara f\u00e4rger. Den \u00e4r en vidareutveckling av Hunter-LAB:s f\u00e4rgskala fr\u00e5n 1966 och en matematisk f\u00e4rgmodell d\u00e4r ett objekts spektrala egenskaper och v\u00e5rt visuella systems perceptuella egenskaper st\u00e4lls mot varandra. CIELAB, eller LAB som det f\u00f6rkortas, anv\u00e4nds fortfarande i stor utstr\u00e4ckning...\" class=\"encyclopedia\">CIELAB<\/a> <a href=\"http:\/\/blog.proofs.de\/sv\/lexikon\/hlc\/\" target=\"_self\" title=\"HLC \u00e4r en l\u00e4ttf\u00f6rst\u00e5elig representation av CIELAB-f\u00e4rgrymden. Den vertikala L-axeln \u00e4r identisk h\u00e4r. Den horisontella positionen f\u00f6r en f\u00e4rgplats best\u00e4ms av vinkeln H till den positiva a-axeln (moturs och i grader) och radien C, avst\u00e5ndet till L-axeln.\" class=\"encyclopedia\">HLC<\/a> Farbatlas XL, DIN SPEC 16699 Open Colour Communication, m\u00e5nga f\u00f6rel\u00e4sningar och bes\u00f6k p\u00e5 m\u00e4ssor, s\u00e4rskild uppm\u00e4rksamhet \u00e4gnades \u00e5t potentiella arbetsuppgifter under det kommande \u00e5ret, d\u00e4r ansvarsomr\u00e5den redan kunde f\u00f6rdelas p\u00e5 enskilda personer eller arbetsgrupper.<\/p>\n\n\n\n<p class=\"wp-block-paragraph\">H\u00e4r vill jag \u00e4n en g\u00e5ng varmt rekommendera en <a href=\"https:\/\/www.freiefarbe.de\/mitglied-werden\/\" target=\"_blank\" rel=\"noreferrer noopener\" aria-label=\"Medlemskap och samarbete i f\u00f6reningen freieFarbe e.V. (\u00d6ppnas p\u00e5 ny flik)\">Medlemskap och samarbete i f\u00f6reningen freieFarbe e.V.<\/a> annonsera: Den som upplever hur kollegor fr\u00e5n helt olika branscher och discipliner kan komplettera och inspirera varandra n\u00e4r det g\u00e4ller fri f\u00e4rg, hur id\u00e9er uppst\u00e5r och koncept tar form i en gemensam dialog, vet att impulser, id\u00e9er och kontakter fr\u00e5n freieFarbe inte bara inneb\u00e4r frivilligt arbete f\u00f6r en god sak och en god id\u00e9, utan ocks\u00e5 kunskap, vidgade vyer, samarbete, berikning. Ta del, st\u00f6d, delta, dra nytta av den delade kunskapen och id\u00e9erna. F\u00f6reningen \u00e4r glad \u00f6ver allt st\u00f6d.<\/p>\n\n\n\n<p class=\"wp-block-paragraph\">Efter f\u00f6reningsm\u00f6tet f\u00f6ljde vi med Martin Spaar och Kai-Uwe Behrmann fr\u00e5n Rhendalen tillbaka till bergen, d\u00e4r vi efter en kort kv\u00e4llsvandring \u00e5t en utm\u00e4rkt risotto med sallad tillagad av Eric Soder och Peter J\u00e4ger till middag. Peter hade sj\u00e4lv plockat och torkat svamparna strax innan i bergen, en of\u00f6rgl\u00f6mlig smakupplevelse!<\/p>\n\n\n<div class=\"wp-block-image\">\n<figure class=\"alignright is-resized\"><a href=\"https:\/\/blog1.proofen.de\/wp-content\/uploads\/2019\/10\/gv03.jpg\" target=\"_blank\" rel=\"noreferrer noopener\"><img loading=\"lazy\" decoding=\"async\" src=\"https:\/\/blog1.proofen.de\/wp-content\/uploads\/2019\/10\/gv03-1024x768.jpg\" alt=\"Livliga diskussioner p\u00e5 l\u00f6rdagskv\u00e4llen i bergshyttan vid \u00e5rsm\u00f6tet f\u00f6r FreieFarbe e.V.\" class=\"wp-image-2506\" width=\"512\" height=\"384\" srcset=\"https:\/\/blog.proofs.de\/wp-content\/uploads\/2019\/10\/gv03-1024x768.jpg 1024w, https:\/\/blog.proofs.de\/wp-content\/uploads\/2019\/10\/gv03-300x225.jpg 300w, https:\/\/blog.proofs.de\/wp-content\/uploads\/2019\/10\/gv03-768x576.jpg 768w, https:\/\/blog.proofs.de\/wp-content\/uploads\/2019\/10\/gv03-400x300.jpg 400w\" sizes=\"auto, (max-width: 512px) 100vw, 512px\"><\/a><figcaption class=\"wp-element-caption\">Livliga diskussioner p\u00e5 l\u00f6rdagskv\u00e4llen i bergshyttan vid \u00e5rsm\u00f6tet f\u00f6r FreieFarbe e.V.<\/figcaption><\/figure>\n<\/div>\n\n\n<p class=\"wp-block-paragraph\">Efter \u00e4nnu en natt full av id\u00e9er mellan Flens, vin, Opensource, <a href=\"http:\/\/blog.proofs.de\/sv\/lexikon\/kugelkopfmessgeraet\/\" target=\"_self\" title=\"Spektrofotometrar med sf\u00e4riskt huvud som KonicaMinolta CM-26d \u00e4r en klass av f\u00e4rgm\u00e4tningsinstrument som kan m\u00e4ta med en d:8\u00b0 sf\u00e4risk huvudgeometri i m\u00e4tl\u00e4get SCI - &quot;Specular Component Included&quot; - och SCE - &quot;Specular Component Excluded&quot;.\" class=\"encyclopedia\">M\u00e4tare med sf\u00e4riskt huvud<\/a>en, f\u00e4rgv\u00e4ljare, <a href=\"http:\/\/blog.proofs.de\/sv\/lexikon\/cxf\/\" target=\"_self\" title='CxF st\u00e5r f\u00f6r &quot;Color Exchange Format&quot;, ett \u00f6ppet XML-format f\u00f6r utbyte av f\u00e4rginformation.' class=\"encyclopedia\">CxF<\/a> och m\u00e5nga fler, gick vi till s\u00e4ngs. N\u00e4sta morgon, efter en rej\u00e4l frukost och st\u00e4dning av huset, gav vi oss ut p\u00e5 en kort fj\u00e4lltur. Medan Matthias Betz fotograferade ett gigapixelpanorama p\u00e5 ena sidan av bergssadeln med utsikt \u00f6ver S\u00e4ntis, tog sig resten av gruppen ytterligare n\u00e5gra h\u00f6jdmeter p\u00e5 andra sidan innan vi samlades igen f\u00f6r en spontan kort videoinspelning. \"Jag \u00e4r med FreieFarbe...\" var temat som vi hade satt upp f\u00f6r oss sj\u00e4lva. Det ska erk\u00e4nnas: Ljudkvaliteten kunde ha varit b\u00e4ttre, videokvaliteten likas\u00e5, men det var inte uttalandena: Vi slog huvudet p\u00e5 spiken mycket bra h\u00e4r: freieFarbe \u00e4r viktigt, av de mest skilda sk\u00e4l. Och bortsett fr\u00e5n allt arbete \u00e4r freieFarbe ocks\u00e5 ganska enkelt: \"Helt enkelt coolt\", s\u00e4ger Kai-Uwe Behrmann.<\/p>\n\n\n\n<p class=\"wp-block-paragraph\">Vid lunchtid b\u00f6rjade vi sedan v\u00e5r \u00e5terresa fr\u00e5n berget: 3x till n\u00e4rliggande Schweiz, 1x fr\u00e5n Z\u00fcrich med flyg till Berlin och en bil till T\u00fcbingen ... varifr\u00e5n Holger Everding och Kai-Uwe Behrmann fortsatte med t\u00e5g och bil till Oldenburg och Chemnitz ...<\/p>","protected":false},"excerpt":{"rendered":"<p>Efter att f\u00f6reningen FreieFarbe e.V. f\u00f6rra \u00e5ret h\u00f6ll sin \u00e5rsst\u00e4mma i T\u00fcbingen, samlades vi i \u00e5r i en rustik stuga i Appenzeller Land, som Peter J\u00e4ger fr\u00e5n pre2media och Eric A. Soder fr\u00e5n pixsource.com hade valt perfekt, precis som det soliga v\u00e4dret som skulle f\u00f6lja oss fr\u00e5n fredag till s\u00f6ndag. F\u00f6rbundsordf\u00f6randen Holger Everding fr\u00e5n DTP Studio Oldenburg och Jan-Peter Homann fr\u00e5n Homann Colormanagement i Berlin reste till T\u00fcbingen p\u00e5 torsdagen, och efter en f\u00f6rsta l\u00e5ng natt full av diskussioner fortsatte vi... <\/p>\n<p class=\"read-more-container\"><a title=\"Det var trevligt: 2019 \u00e5rs allm\u00e4nna m\u00f6te f\u00f6r freieFarbe e.V. i Schweiz\" class=\"read-more button\" href=\"http:\/\/blog.proofs.de\/sv\/schoen-wars-die-mitgliederversammlung-2019-von-freiefarbe-e-v-in-der-schweiz\/#more-2496\" aria-label=\"L\u00e4s mer om Det var fantastiskt: 2019 \u00e5rs st\u00e4mma f\u00f6r freieFarbe e.V. i Schweiz\">L\u00e4s mer p\u00e5<\/a><\/p>","protected":false},"author":2,"featured_media":2500,"comment_status":"open","ping_status":"open","sticky":false,"template":"","format":"standard","meta":{"om_disable_all_campaigns":false,"inline_featured_image":false,"_monsterinsights_skip_tracking":false,"footnotes":""},"categories":[1,435,120],"tags":[901,679,905,908,903,906,910,907,732,909,803,904,539,902],"class_list":["post-2496","post","type-post","status-publish","format-standard","has-post-thumbnail","hentry","category-allgemein","category-farbraeume-und-farbprofile","category-kategorie-proof-gmbh","tag-freie-farbe","tag-freiefarbe","tag-holger-everding","tag-jan-seguda","tag-jan-peter-homann","tag-kai-uwe-behrmann","tag-martin-spaar","tag-matteo-baschera","tag-matthias-betz","tag-michael-jakobi","tag-mitgliederversammlung","tag-peter-jaeger","tag-proof-gmbh","tag-schweiz","generate-columns","tablet-grid-50","mobile-grid-100","grid-parent","grid-50","no-featured-image-padding","resize-featured-image"],"aioseo_notices":[],"aioseo_head":"\n\t\t<!-- All in One SEO 5.0.1.1 - aioseo.com -->\n\t<meta name=\"description\" content=\"Nachdem sich freieFarbe im letzten Jahr in T\u00fcbingen bei bei proof.de zur Mitgliederversammlung getroffen hatte, waren wir 2019 in St. Gallen zusammen\" \/>\n\t<meta name=\"robots\" content=\"max-image-preview:large\" \/>\n\t<meta name=\"author\" content=\"Matthias Betz\"\/>\n\t<meta name=\"google-site-verification\" content=\"TuXxyRwxcEg2-WfOaQ8vScWQh3-uBAnxXmY7g3GT90A\" \/>\n\t<meta name=\"keywords\" content=\"freie farbe,freiefarbe,proof gmbh,mitgliederversammlung,schweiz,peter j\u00e4ger,jan-peter homann,holger everding,matthias betz,kai-uwe behrmann,matteo baschera,martin spaar,jan seguda,michael jakobi,guy fl\u00fceli,freie farbe,freiefarbe,holger everding,jan seguda,jan-peter homann,kai-uwe behrmann,martin spaar,matteo baschera,matthias betz,michael jakobi,mitgliederversammlung,peter j\u00e4ger,proof gmbh,schweiz\" \/>\n\t<link rel=\"canonical\" href=\"http:\/\/blog.proofs.de\/sv\/schoen-wars-die-mitgliederversammlung-2019-von-freiefarbe-e-v-in-der-schweiz\/\" \/>\n\t<meta name=\"generator\" content=\"All in One SEO (AIOSEO) 5.0.1.1\" \/>\n\n\t\t<meta name=\"seobility\" content=\"593a8578143db71543f014978c690d47\">\n\t\t<meta property=\"og:locale\" content=\"sv_SE\" \/>\n\t\t<meta property=\"og:site_name\" content=\"Proof.de | Alles zu Proof, Farbmanagement, Grafik, Messtechnik &amp; Co.\" \/>\n\t\t<meta property=\"og:type\" content=\"article\" \/>\n\t\t<meta property=\"og:title\" content=\"Mitgliederversammlung 2019 freieFarbe e.V. | proof.de\" \/>\n\t\t<meta property=\"og:description\" content=\"Nachdem sich freieFarbe im letzten Jahr in T\u00fcbingen bei bei proof.de zur Mitgliederversammlung getroffen hatte, waren wir 2019 in St. Gallen zusammen\" \/>\n\t\t<meta property=\"og:url\" content=\"http:\/\/blog.proofs.de\/sv\/schoen-wars-die-mitgliederversammlung-2019-von-freiefarbe-e-v-in-der-schweiz\/\" \/>\n\t\t<meta property=\"og:image\" content=\"http:\/\/blog.proofs.de\/wp-content\/uploads\/2019\/10\/jhv2019-1140x550.jpg\" \/>\n\t\t<meta property=\"og:image:width\" content=\"1140\" \/>\n\t\t<meta property=\"og:image:height\" content=\"550\" \/>\n\t\t<meta property=\"article:published_time\" content=\"2019-10-10T23:48:02+00:00\" \/>\n\t\t<meta property=\"article:modified_time\" content=\"2023-07-20T07:26:34+00:00\" \/>\n\t\t<meta property=\"article:publisher\" content=\"https:\/\/www.facebook.com\/Proof.de\/\" \/>\n\t\t<meta name=\"twitter:card\" content=\"summary\" \/>\n\t\t<meta name=\"twitter:title\" content=\"Mitgliederversammlung 2019 freieFarbe e.V. | proof.de\" \/>\n\t\t<meta name=\"twitter:description\" content=\"Nachdem sich freieFarbe im letzten Jahr in T\u00fcbingen bei bei proof.de zur Mitgliederversammlung getroffen hatte, waren wir 2019 in St. Gallen zusammen\" \/>\n\t\t<meta name=\"twitter:image\" content=\"https:\/\/blog1.proofen.de\/wp-content\/uploads\/2020\/04\/proof_background.jpg\" \/>\n\t\t<script type=\"application\/ld+json\" class=\"aioseo-schema\">\n\t\t\t{\"@context\":\"https:\\\/\\\/schema.org\",\"@graph\":[{\"@type\":\"Article\",\"@id\":\"http:\\\/\\\/blog.proofs.de\\\/sv\\\/schoen-wars-die-mitgliederversammlung-2019-von-freiefarbe-e-v-in-der-schweiz\\\/#article\",\"name\":\"Mitgliederversammlung 2019 freieFarbe e.V. | proof.de\",\"headline\":\"Sch\\u00f6n war&#8217;s: Die Mitgliederversammlung 2019 von freieFarbe e.V. in der Schweiz\",\"author\":{\"@id\":\"http:\\\/\\\/blog.proofs.de\\\/sv\\\/author\\\/mbetz\\\/#author\"},\"publisher\":{\"@id\":\"http:\\\/\\\/blog.proofs.de\\\/sv\\\/#organization\"},\"image\":{\"@type\":\"ImageObject\",\"url\":\"https:\\\/\\\/blog.proofs.de\\\/wp-content\\\/uploads\\\/2019\\\/10\\\/jhv2019-1140x550.jpg\",\"width\":1140,\"height\":550,\"caption\":\"von links nach rechts: Matteo Baschera, Jan-Peter Homann, Matthias Betz, Holger Everding, Eric A. Soder, Martin Spaar, Peter J\\u00e4ger, Michael Jakobi. Es fehlen: Kai-Uwe Behrmann, Jan Seguda, Guy Fl\\u00fceli (Foto)\"},\"datePublished\":\"2019-10-11T01:48:02+02:00\",\"dateModified\":\"2023-07-20T09:26:34+02:00\",\"inLanguage\":\"sv-SE\",\"mainEntityOfPage\":{\"@id\":\"http:\\\/\\\/blog.proofs.de\\\/sv\\\/schoen-wars-die-mitgliederversammlung-2019-von-freiefarbe-e-v-in-der-schweiz\\\/#webpage\"},\"isPartOf\":{\"@id\":\"http:\\\/\\\/blog.proofs.de\\\/sv\\\/schoen-wars-die-mitgliederversammlung-2019-von-freiefarbe-e-v-in-der-schweiz\\\/#webpage\"},\"articleSection\":\"Allgemein, Farbr\\u00e4ume und Farbprofile, Proof GmbH, freie Farbe, freieFarbe, Holger Everding, Jan Seguda, Jan-Peter Homann, Kai-Uwe Behrmann, Martin Spaar, Matteo Baschera, Matthias Betz, Michael Jakobi, Mitgliederversammlung, Peter J\\u00e4ger, Proof GmbH, Schweiz\"},{\"@type\":\"BreadcrumbList\",\"@id\":\"http:\\\/\\\/blog.proofs.de\\\/sv\\\/schoen-wars-die-mitgliederversammlung-2019-von-freiefarbe-e-v-in-der-schweiz\\\/#breadcrumblist\",\"itemListElement\":[{\"@type\":\"ListItem\",\"@id\":\"http:\\\/\\\/blog.proofs.de\\\/sv#listItem\",\"position\":1,\"name\":\"Home\",\"item\":\"http:\\\/\\\/blog.proofs.de\\\/sv\",\"nextItem\":{\"@type\":\"ListItem\",\"@id\":\"http:\\\/\\\/blog.proofs.de\\\/sv\\\/thema\\\/proof-wissen\\\/#listItem\",\"name\":\"Proof Wissen\"}},{\"@type\":\"ListItem\",\"@id\":\"http:\\\/\\\/blog.proofs.de\\\/sv\\\/thema\\\/proof-wissen\\\/#listItem\",\"position\":2,\"name\":\"Proof Wissen\",\"item\":\"http:\\\/\\\/blog.proofs.de\\\/sv\\\/thema\\\/proof-wissen\\\/\",\"nextItem\":{\"@type\":\"ListItem\",\"@id\":\"http:\\\/\\\/blog.proofs.de\\\/sv\\\/thema\\\/proof-wissen\\\/kategorie-proof-gmbh\\\/#listItem\",\"name\":\"Proof GmbH\"},\"previousItem\":{\"@type\":\"ListItem\",\"@id\":\"http:\\\/\\\/blog.proofs.de\\\/sv#listItem\",\"name\":\"Home\"}},{\"@type\":\"ListItem\",\"@id\":\"http:\\\/\\\/blog.proofs.de\\\/sv\\\/thema\\\/proof-wissen\\\/kategorie-proof-gmbh\\\/#listItem\",\"position\":3,\"name\":\"Proof GmbH\",\"item\":\"http:\\\/\\\/blog.proofs.de\\\/sv\\\/thema\\\/proof-wissen\\\/kategorie-proof-gmbh\\\/\",\"nextItem\":{\"@type\":\"ListItem\",\"@id\":\"http:\\\/\\\/blog.proofs.de\\\/sv\\\/schoen-wars-die-mitgliederversammlung-2019-von-freiefarbe-e-v-in-der-schweiz\\\/#listItem\",\"name\":\"Sch\\u00f6n war&#8217;s: Die Mitgliederversammlung 2019 von freieFarbe e.V. in der Schweiz\"},\"previousItem\":{\"@type\":\"ListItem\",\"@id\":\"http:\\\/\\\/blog.proofs.de\\\/sv\\\/thema\\\/proof-wissen\\\/#listItem\",\"name\":\"Proof Wissen\"}},{\"@type\":\"ListItem\",\"@id\":\"http:\\\/\\\/blog.proofs.de\\\/sv\\\/schoen-wars-die-mitgliederversammlung-2019-von-freiefarbe-e-v-in-der-schweiz\\\/#listItem\",\"position\":4,\"name\":\"Sch\\u00f6n war&#8217;s: Die Mitgliederversammlung 2019 von freieFarbe e.V. in der Schweiz\",\"previousItem\":{\"@type\":\"ListItem\",\"@id\":\"http:\\\/\\\/blog.proofs.de\\\/sv\\\/thema\\\/proof-wissen\\\/kategorie-proof-gmbh\\\/#listItem\",\"name\":\"Proof GmbH\"}}]},{\"@type\":\"Organization\",\"@id\":\"http:\\\/\\\/blog.proofs.de\\\/sv\\\/#organization\",\"name\":\"Proof GmbH\",\"description\":\"Farbverbindlicher Proof, Farbproof, Digitalproof und Online-Proof.\",\"url\":\"http:\\\/\\\/blog.proofs.de\\\/sv\\\/\",\"telephone\":\"+4970717952740\",\"logo\":{\"@type\":\"ImageObject\",\"url\":\"https:\\\/\\\/blog1.proofen.de\\\/wp-content\\\/uploads\\\/2019\\\/09\\\/logo_proof_rgb_mit_balken_250px.png\",\"@id\":\"http:\\\/\\\/blog.proofs.de\\\/sv\\\/schoen-wars-die-mitgliederversammlung-2019-von-freiefarbe-e-v-in-der-schweiz\\\/#organizationLogo\"},\"image\":{\"@id\":\"http:\\\/\\\/blog.proofs.de\\\/sv\\\/schoen-wars-die-mitgliederversammlung-2019-von-freiefarbe-e-v-in-der-schweiz\\\/#organizationLogo\"},\"sameAs\":[\"https:\\\/\\\/www.facebook.com\\\/Proof.de\\\/\",\"https:\\\/\\\/www.instagram.com\\\/proof.de\\\/\",\"https:\\\/\\\/www.tiktok.com\\\/@proof_de\",\"https:\\\/\\\/www.youtube.com\\\/channel\\\/UCk80fQVQ25wC9wu3SywB-Nw\",\"https:\\\/\\\/www.linkedin.com\\\/company\\\/proof-de\"]},{\"@type\":\"Person\",\"@id\":\"http:\\\/\\\/blog.proofs.de\\\/sv\\\/author\\\/mbetz\\\/#author\",\"url\":\"http:\\\/\\\/blog.proofs.de\\\/sv\\\/author\\\/mbetz\\\/\",\"name\":\"Matthias Betz\",\"image\":{\"@type\":\"ImageObject\",\"@id\":\"http:\\\/\\\/blog.proofs.de\\\/sv\\\/schoen-wars-die-mitgliederversammlung-2019-von-freiefarbe-e-v-in-der-schweiz\\\/#authorImage\",\"url\":\"https:\\\/\\\/blog.proofs.de\\\/wp-content\\\/uploads\\\/2020\\\/10\\\/matthias-betz-e1603934518350-150x150.png\",\"width\":96,\"height\":96,\"caption\":\"Matthias Betz\"}},{\"@type\":\"WebPage\",\"@id\":\"http:\\\/\\\/blog.proofs.de\\\/sv\\\/schoen-wars-die-mitgliederversammlung-2019-von-freiefarbe-e-v-in-der-schweiz\\\/#webpage\",\"url\":\"http:\\\/\\\/blog.proofs.de\\\/sv\\\/schoen-wars-die-mitgliederversammlung-2019-von-freiefarbe-e-v-in-der-schweiz\\\/\",\"name\":\"Mitgliederversammlung 2019 freieFarbe e.V. | proof.de\",\"description\":\"Nachdem sich freieFarbe im letzten Jahr in T\\u00fcbingen bei bei proof.de zur Mitgliederversammlung getroffen hatte, waren wir 2019 in St. Gallen zusammen\",\"inLanguage\":\"sv-SE\",\"isPartOf\":{\"@id\":\"http:\\\/\\\/blog.proofs.de\\\/sv\\\/#website\"},\"breadcrumb\":{\"@id\":\"http:\\\/\\\/blog.proofs.de\\\/sv\\\/schoen-wars-die-mitgliederversammlung-2019-von-freiefarbe-e-v-in-der-schweiz\\\/#breadcrumblist\"},\"author\":{\"@id\":\"http:\\\/\\\/blog.proofs.de\\\/sv\\\/author\\\/mbetz\\\/#author\"},\"creator\":{\"@id\":\"http:\\\/\\\/blog.proofs.de\\\/sv\\\/author\\\/mbetz\\\/#author\"},\"image\":{\"@type\":\"ImageObject\",\"url\":\"https:\\\/\\\/blog.proofs.de\\\/wp-content\\\/uploads\\\/2019\\\/10\\\/jhv2019-1140x550.jpg\",\"@id\":\"http:\\\/\\\/blog.proofs.de\\\/sv\\\/schoen-wars-die-mitgliederversammlung-2019-von-freiefarbe-e-v-in-der-schweiz\\\/#mainImage\",\"width\":1140,\"height\":550,\"caption\":\"von links nach rechts: Matteo Baschera, Jan-Peter Homann, Matthias Betz, Holger Everding, Eric A. Soder, Martin Spaar, Peter J\\u00e4ger, Michael Jakobi. Es fehlen: Kai-Uwe Behrmann, Jan Seguda, Guy Fl\\u00fceli (Foto)\"},\"primaryImageOfPage\":{\"@id\":\"http:\\\/\\\/blog.proofs.de\\\/sv\\\/schoen-wars-die-mitgliederversammlung-2019-von-freiefarbe-e-v-in-der-schweiz\\\/#mainImage\"},\"datePublished\":\"2019-10-11T01:48:02+02:00\",\"dateModified\":\"2023-07-20T09:26:34+02:00\"},{\"@type\":\"WebSite\",\"@id\":\"http:\\\/\\\/blog.proofs.de\\\/sv\\\/#website\",\"url\":\"http:\\\/\\\/blog.proofs.de\\\/sv\\\/\",\"name\":\"Proof.de\",\"description\":\"Farbverbindlicher Proof, Farbproof, Digitalproof und Online-Proof.\",\"inLanguage\":\"sv-SE\",\"publisher\":{\"@id\":\"http:\\\/\\\/blog.proofs.de\\\/sv\\\/#organization\"}}]}\n\t\t<\/script>\n\t\t<!-- All in One SEO -->\n\n","aioseo_head_json":{"title":"Bolagsst\u00e4mma 2019 freieFarbe e.V. | proof.de","description":"Efter att freieFarbe f\u00f6rra \u00e5ret tr\u00e4ffades i T\u00fcbingen p\u00e5 proof.de f\u00f6r bolagsst\u00e4mman, var vi tillsammans i St. Gallen 2019.","canonical_url":"http:\/\/blog.proofs.de\/sv\/schoen-wars-die-mitgliederversammlung-2019-von-freiefarbe-e-v-in-der-schweiz\/","robots":"max-image-preview:large","keywords":"freie farbe,freiefarbe,proof gmbh,mitgliederversammlung,schweiz,peter j\u00e4ger,jan-peter homann,holger everding,matthias betz,kai-uwe behrmann,matteo baschera,martin spaar,jan seguda,michael jakobi,guy fl\u00fceli,freie farbe,freiefarbe,holger everding,jan seguda,jan-peter homann,kai-uwe behrmann,martin spaar,matteo baschera,matthias betz,michael jakobi,mitgliederversammlung,peter j\u00e4ger,proof gmbh,schweiz","webmasterTools":{"google-site-verification":"TuXxyRwxcEg2-WfOaQ8vScWQh3-uBAnxXmY7g3GT90A","miscellaneous":"&lt;meta name=\"seobility\" content=\"593a8578143db71543f014978c690d47\"&gt;"},"schema":{"@context":"https:\/\/schema.org","@graph":[{"@type":"Article","@id":"http:\/\/blog.proofs.de\/sv\/schoen-wars-die-mitgliederversammlung-2019-von-freiefarbe-e-v-in-der-schweiz\/#article","name":"Mitgliederversammlung 2019 freieFarbe e.V. | proof.de","headline":"Sch\u00f6n war&#8217;s: Die Mitgliederversammlung 2019 von freieFarbe e.V. in der Schweiz","author":{"@id":"http:\/\/blog.proofs.de\/sv\/author\/mbetz\/#author"},"publisher":{"@id":"http:\/\/blog.proofs.de\/sv\/#organization"},"image":{"@type":"ImageObject","url":"https:\/\/blog.proofs.de\/wp-content\/uploads\/2019\/10\/jhv2019-1140x550.jpg","width":1140,"height":550,"caption":"von links nach rechts: Matteo Baschera, Jan-Peter Homann, Matthias Betz, Holger Everding, Eric A. Soder, Martin Spaar, Peter J\u00e4ger, Michael Jakobi. Es fehlen: Kai-Uwe Behrmann, Jan Seguda, Guy Fl\u00fceli (Foto)"},"datePublished":"2019-10-11T01:48:02+02:00","dateModified":"2023-07-20T09:26:34+02:00","inLanguage":"sv-SE","mainEntityOfPage":{"@id":"http:\/\/blog.proofs.de\/sv\/schoen-wars-die-mitgliederversammlung-2019-von-freiefarbe-e-v-in-der-schweiz\/#webpage"},"isPartOf":{"@id":"http:\/\/blog.proofs.de\/sv\/schoen-wars-die-mitgliederversammlung-2019-von-freiefarbe-e-v-in-der-schweiz\/#webpage"},"articleSection":"Allgemein, Farbr\u00e4ume und Farbprofile, Proof GmbH, freie Farbe, freieFarbe, Holger Everding, Jan Seguda, Jan-Peter Homann, Kai-Uwe Behrmann, Martin Spaar, Matteo Baschera, Matthias Betz, Michael Jakobi, Mitgliederversammlung, Peter J\u00e4ger, Proof GmbH, Schweiz"},{"@type":"BreadcrumbList","@id":"http:\/\/blog.proofs.de\/sv\/schoen-wars-die-mitgliederversammlung-2019-von-freiefarbe-e-v-in-der-schweiz\/#breadcrumblist","itemListElement":[{"@type":"ListItem","@id":"http:\/\/blog.proofs.de\/sv#listItem","position":1,"name":"Home","item":"http:\/\/blog.proofs.de\/sv","nextItem":{"@type":"ListItem","@id":"http:\/\/blog.proofs.de\/sv\/thema\/proof-wissen\/#listItem","name":"Proof Wissen"}},{"@type":"ListItem","@id":"http:\/\/blog.proofs.de\/sv\/thema\/proof-wissen\/#listItem","position":2,"name":"Proof Wissen","item":"http:\/\/blog.proofs.de\/sv\/thema\/proof-wissen\/","nextItem":{"@type":"ListItem","@id":"http:\/\/blog.proofs.de\/sv\/thema\/proof-wissen\/kategorie-proof-gmbh\/#listItem","name":"Proof GmbH"},"previousItem":{"@type":"ListItem","@id":"http:\/\/blog.proofs.de\/sv#listItem","name":"Home"}},{"@type":"ListItem","@id":"http:\/\/blog.proofs.de\/sv\/thema\/proof-wissen\/kategorie-proof-gmbh\/#listItem","position":3,"name":"Proof GmbH","item":"http:\/\/blog.proofs.de\/sv\/thema\/proof-wissen\/kategorie-proof-gmbh\/","nextItem":{"@type":"ListItem","@id":"http:\/\/blog.proofs.de\/sv\/schoen-wars-die-mitgliederversammlung-2019-von-freiefarbe-e-v-in-der-schweiz\/#listItem","name":"Sch\u00f6n war&#8217;s: Die Mitgliederversammlung 2019 von freieFarbe e.V. in der Schweiz"},"previousItem":{"@type":"ListItem","@id":"http:\/\/blog.proofs.de\/sv\/thema\/proof-wissen\/#listItem","name":"Proof Wissen"}},{"@type":"ListItem","@id":"http:\/\/blog.proofs.de\/sv\/schoen-wars-die-mitgliederversammlung-2019-von-freiefarbe-e-v-in-der-schweiz\/#listItem","position":4,"name":"Sch\u00f6n war&#8217;s: Die Mitgliederversammlung 2019 von freieFarbe e.V. in der Schweiz","previousItem":{"@type":"ListItem","@id":"http:\/\/blog.proofs.de\/sv\/thema\/proof-wissen\/kategorie-proof-gmbh\/#listItem","name":"Proof GmbH"}}]},{"@type":"Organization","@id":"http:\/\/blog.proofs.de\/sv\/#organization","name":"Proof GmbH","description":"Farbverbindlicher Proof, Farbproof, Digitalproof und Online-Proof.","url":"http:\/\/blog.proofs.de\/sv\/","telephone":"+4970717952740","logo":{"@type":"ImageObject","url":"https:\/\/blog1.proofen.de\/wp-content\/uploads\/2019\/09\/logo_proof_rgb_mit_balken_250px.png","@id":"http:\/\/blog.proofs.de\/sv\/schoen-wars-die-mitgliederversammlung-2019-von-freiefarbe-e-v-in-der-schweiz\/#organizationLogo"},"image":{"@id":"http:\/\/blog.proofs.de\/sv\/schoen-wars-die-mitgliederversammlung-2019-von-freiefarbe-e-v-in-der-schweiz\/#organizationLogo"},"sameAs":["https:\/\/www.facebook.com\/Proof.de\/","https:\/\/www.instagram.com\/proof.de\/","https:\/\/www.tiktok.com\/@proof_de","https:\/\/www.youtube.com\/channel\/UCk80fQVQ25wC9wu3SywB-Nw","https:\/\/www.linkedin.com\/company\/proof-de"]},{"@type":"Person","@id":"http:\/\/blog.proofs.de\/sv\/author\/mbetz\/#author","url":"http:\/\/blog.proofs.de\/sv\/author\/mbetz\/","name":"Matthias Betz","image":{"@type":"ImageObject","@id":"http:\/\/blog.proofs.de\/sv\/schoen-wars-die-mitgliederversammlung-2019-von-freiefarbe-e-v-in-der-schweiz\/#authorImage","url":"https:\/\/blog.proofs.de\/wp-content\/uploads\/2020\/10\/matthias-betz-e1603934518350-150x150.png","width":96,"height":96,"caption":"Matthias Betz"}},{"@type":"WebPage","@id":"http:\/\/blog.proofs.de\/sv\/schoen-wars-die-mitgliederversammlung-2019-von-freiefarbe-e-v-in-der-schweiz\/#webpage","url":"http:\/\/blog.proofs.de\/sv\/schoen-wars-die-mitgliederversammlung-2019-von-freiefarbe-e-v-in-der-schweiz\/","name":"Mitgliederversammlung 2019 freieFarbe e.V. | proof.de","description":"Nachdem sich freieFarbe im letzten Jahr in T\u00fcbingen bei bei proof.de zur Mitgliederversammlung getroffen hatte, waren wir 2019 in St. Gallen zusammen","inLanguage":"sv-SE","isPartOf":{"@id":"http:\/\/blog.proofs.de\/sv\/#website"},"breadcrumb":{"@id":"http:\/\/blog.proofs.de\/sv\/schoen-wars-die-mitgliederversammlung-2019-von-freiefarbe-e-v-in-der-schweiz\/#breadcrumblist"},"author":{"@id":"http:\/\/blog.proofs.de\/sv\/author\/mbetz\/#author"},"creator":{"@id":"http:\/\/blog.proofs.de\/sv\/author\/mbetz\/#author"},"image":{"@type":"ImageObject","url":"https:\/\/blog.proofs.de\/wp-content\/uploads\/2019\/10\/jhv2019-1140x550.jpg","@id":"http:\/\/blog.proofs.de\/sv\/schoen-wars-die-mitgliederversammlung-2019-von-freiefarbe-e-v-in-der-schweiz\/#mainImage","width":1140,"height":550,"caption":"von links nach rechts: Matteo Baschera, Jan-Peter Homann, Matthias Betz, Holger Everding, Eric A. Soder, Martin Spaar, Peter J\u00e4ger, Michael Jakobi. Es fehlen: Kai-Uwe Behrmann, Jan Seguda, Guy Fl\u00fceli (Foto)"},"primaryImageOfPage":{"@id":"http:\/\/blog.proofs.de\/sv\/schoen-wars-die-mitgliederversammlung-2019-von-freiefarbe-e-v-in-der-schweiz\/#mainImage"},"datePublished":"2019-10-11T01:48:02+02:00","dateModified":"2023-07-20T09:26:34+02:00"},{"@type":"WebSite","@id":"http:\/\/blog.proofs.de\/sv\/#website","url":"http:\/\/blog.proofs.de\/sv\/","name":"Proof.de","description":"Farbverbindlicher Proof, Farbproof, Digitalproof und Online-Proof.","inLanguage":"sv-SE","publisher":{"@id":"http:\/\/blog.proofs.de\/sv\/#organization"}}]},"og:locale":"sv_SE","og:site_name":"Proof.de | Alles zu Proof, Farbmanagement, Grafik, Messtechnik &amp; Co.","og:type":"article","og:title":"Mitgliederversammlung 2019 freieFarbe e.V. | proof.de","og:description":"Nachdem sich freieFarbe im letzten Jahr in T\u00fcbingen bei bei proof.de zur Mitgliederversammlung getroffen hatte, waren wir 2019 in St. Gallen zusammen","og:url":"http:\/\/blog.proofs.de\/sv\/schoen-wars-die-mitgliederversammlung-2019-von-freiefarbe-e-v-in-der-schweiz\/","og:image":"http:\/\/blog.proofs.de\/wp-content\/uploads\/2019\/10\/jhv2019-1140x550.jpg","og:image:width":1140,"og:image:height":550,"article:published_time":"2019-10-10T23:48:02+00:00","article:modified_time":"2023-07-20T07:26:34+00:00","article:publisher":"https:\/\/www.facebook.com\/Proof.de\/","twitter:card":"summary","twitter:title":"Mitgliederversammlung 2019 freieFarbe e.V. | proof.de","twitter:description":"Nachdem sich freieFarbe im letzten Jahr in T\u00fcbingen bei bei proof.de zur Mitgliederversammlung getroffen hatte, waren wir 2019 in St. Gallen zusammen","twitter:image":"https:\/\/blog1.proofen.de\/wp-content\/uploads\/2020\/04\/proof_background.jpg"},"aioseo_meta_data":{"post_id":"2496","title":"Mitgliederversammlung 2019 freieFarbe e.V. |\u00a0proof.de","description":"Efter att freieFarbe f\u00f6rra \u00e5ret tr\u00e4ffades i T\u00fcbingen p\u00e5 proof.de f\u00f6r bolagsst\u00e4mman, var vi tillsammans i St. Gallen 2019.","keywords":[{"label":"freie Farbe,freieFarbe,Proof GmbH,Mitgliederversammlung,Schweiz,Peter J\u00e4ger,Jan-Peter Homann,Holger Everding,Matthias Betz,Kai-Uwe Behrmann,Matteo Baschera,Martin Spaar,Jan Seguda,Michael Jakobi,Guy Fl\u00fceli","value":"freie Farbe,freieFarbe,Proof GmbH,Mitgliederversammlung,Schweiz,Peter J\u00e4ger,Jan-Peter Homann,Holger Everding,Matthias Betz,Kai-Uwe Behrmann,Matteo Baschera,Martin Spaar,Jan Seguda,Michael Jakobi,Guy Fl\u00fceli"}],"keyphrases":{"focus":{"keyphrase":"freieFarbe","score":100,"analysis":{"keyphraseInTitle":{"score":9,"maxScore":9,"error":0},"keyphraseInDescription":{"score":9,"maxScore":9,"error":0},"keyphraseLength":{"score":9,"maxScore":9,"error":0,"length":1},"keyphraseInURL":{"score":5,"maxScore":5,"error":0},"keyphraseInIntroduction":{"score":9,"maxScore":9,"error":0},"keyphraseInSubHeadings":[],"keyphraseInImageAlt":{"score":9,"maxScore":9,"error":0}}},"additional":[]},"primary_term":null,"canonical_url":null,"og_title":null,"og_description":null,"og_object_type":"default","og_image_type":"default","og_image_url":null,"og_image_width":null,"og_image_height":null,"og_image_custom_url":null,"og_image_custom_fields":null,"og_video":"","og_custom_url":null,"og_article_section":null,"og_article_tags":[],"twitter_use_og":false,"twitter_card":"default","twitter_image_type":"default","twitter_image_url":null,"twitter_image_custom_url":null,"twitter_image_custom_fields":null,"twitter_title":null,"twitter_description":null,"schema":{"blockGraphs":[],"customGraphs":[],"default":{"data":{"Article":[],"Course":[],"Dataset":[],"FAQPage":[],"Movie":[],"Person":[],"Product":[],"ProductReview":[],"Car":[],"Recipe":[],"Service":[],"SoftwareApplication":[],"WebPage":[]},"graphName":"Article","isEnabled":true},"graphs":[],"defaultGraph":"","defaultPostTypeGraph":""},"schema_type":null,"schema_type_options":null,"pillar_content":false,"robots_default":true,"robots_noindex":false,"robots_noarchive":false,"robots_nosnippet":false,"robots_nofollow":false,"robots_noimageindex":false,"robots_noodp":false,"robots_notranslate":false,"robots_max_snippet":"-1","robots_max_videopreview":"-1","robots_max_imagepreview":"large","priority":null,"frequency":"default","local_seo":null,"breadcrumb_settings":null,"limit_modified_date":false,"ai":null,"created":"2020-12-21 00:33:58","updated":"2025-06-04 14:25:05","seo_analyzer_scan_date":null,"focus_keyword":"freieFarbe","additional_keywords":null,"truseo_locale":null},"_links":{"self":[{"href":"http:\/\/blog.proofs.de\/sv\/wp-json\/wp\/v2\/posts\/2496","targetHints":{"allow":["GET"]}}],"collection":[{"href":"http:\/\/blog.proofs.de\/sv\/wp-json\/wp\/v2\/posts"}],"about":[{"href":"http:\/\/blog.proofs.de\/sv\/wp-json\/wp\/v2\/types\/post"}],"author":[{"embeddable":true,"href":"http:\/\/blog.proofs.de\/sv\/wp-json\/wp\/v2\/users\/2"}],"replies":[{"embeddable":true,"href":"http:\/\/blog.proofs.de\/sv\/wp-json\/wp\/v2\/comments?post=2496"}],"version-history":[{"count":11,"href":"http:\/\/blog.proofs.de\/sv\/wp-json\/wp\/v2\/posts\/2496\/revisions"}],"predecessor-version":[{"id":5458,"href":"http:\/\/blog.proofs.de\/sv\/wp-json\/wp\/v2\/posts\/2496\/revisions\/5458"}],"wp:featuredmedia":[{"embeddable":true,"href":"http:\/\/blog.proofs.de\/sv\/wp-json\/wp\/v2\/media\/2500"}],"wp:attachment":[{"href":"http:\/\/blog.proofs.de\/sv\/wp-json\/wp\/v2\/media?parent=2496"}],"wp:term":[{"taxonomy":"category","embeddable":true,"href":"http:\/\/blog.proofs.de\/sv\/wp-json\/wp\/v2\/categories?post=2496"},{"taxonomy":"post_tag","embeddable":true,"href":"http:\/\/blog.proofs.de\/sv\/wp-json\/wp\/v2\/tags?post=2496"}],"curies":[{"name":"wp","href":"https:\/\/api.w.org\/{rel}","templated":true}]}}