{"id":2140,"date":"2018-09-02T02:06:53","date_gmt":"2018-09-02T00:06:53","guid":{"rendered":"http:\/\/www.proof.de\/?p=2140"},"modified":"2020-05-08T02:16:05","modified_gmt":"2020-05-08T00:16:05","slug":"freiefarbe-e-v-genel-kurul-toplantisi-29-9-2018-tari%cc%87hi%cc%87nde-tuebingende","status":"publish","type":"post","link":"http:\/\/blog.proofs.de\/tr\/mitgliederversammlung-freiefarbe-e-v-am-29-9-2018-in-tuebingen\/","title":{"rendered":"FreieFarbe e.V.'nin 29.9.2018 tarihinde T\u00fcbingen'de yap\u0131lan genel kurul toplant\u0131s\u0131"},"content":{"rendered":"<div class=\"kk-star-ratings kksr-auto kksr-align-right kksr-valign-top\" data-payload='{\"align\":\"right\",\"id\":\"2140\",\"slug\":\"default\",\"valign\":\"top\",\"ignore\":\"\",\"reference\":\"auto\",\"class\":\"\",\"count\":\"0\",\"legendonly\":\"\",\"readonly\":\"\",\"score\":\"0\",\"starsonly\":\"\",\"best\":\"5\",\"gap\":\"5\",\"greet\":\"Jetzt bewerten\",\"legend\":\"0\\\/5 - (0 votes)\",\"size\":\"24\",\"title\":\"Mitgliederversammlung freieFarbe e.V. am 29.9.2018 in T&uuml;bingen\",\"width\":\"0\",\"_legend\":\"{score}\\\/{best} - ({count} {votes})\",\"font_factor\":\"1.25\"}'>\n            \n<div class=\"kksr-stars\">\n    \n<div class=\"kksr-stars-inactive\">\n            <div class=\"kksr-star\" data-star=\"1\" style=\"padding-right: 5px\">\n            \n\n<div class=\"kksr-icon\" style=\"width: 24px; height: 24px;\"><\/div>\n        <\/div>\n            <div class=\"kksr-star\" data-star=\"2\" style=\"padding-right: 5px\">\n            \n\n<div class=\"kksr-icon\" style=\"width: 24px; height: 24px;\"><\/div>\n        <\/div>\n            <div class=\"kksr-star\" data-star=\"3\" style=\"padding-right: 5px\">\n            \n\n<div class=\"kksr-icon\" style=\"width: 24px; height: 24px;\"><\/div>\n        <\/div>\n            <div class=\"kksr-star\" data-star=\"4\" style=\"padding-right: 5px\">\n            \n\n<div class=\"kksr-icon\" style=\"width: 24px; height: 24px;\"><\/div>\n        <\/div>\n            <div class=\"kksr-star\" data-star=\"5\" style=\"padding-right: 5px\">\n            \n\n<div class=\"kksr-icon\" style=\"width: 24px; height: 24px;\"><\/div>\n        <\/div>\n    <\/div>\n    \n<div class=\"kksr-stars-active\" style=\"width: 0px;\">\n            <div class=\"kksr-star\" style=\"padding-right: 5px\">\n            \n\n<div class=\"kksr-icon\" style=\"width: 24px; height: 24px;\"><\/div>\n        <\/div>\n            <div class=\"kksr-star\" style=\"padding-right: 5px\">\n            \n\n<div class=\"kksr-icon\" style=\"width: 24px; height: 24px;\"><\/div>\n        <\/div>\n            <div class=\"kksr-star\" style=\"padding-right: 5px\">\n            \n\n<div class=\"kksr-icon\" style=\"width: 24px; height: 24px;\"><\/div>\n        <\/div>\n            <div class=\"kksr-star\" style=\"padding-right: 5px\">\n            \n\n<div class=\"kksr-icon\" style=\"width: 24px; height: 24px;\"><\/div>\n        <\/div>\n            <div class=\"kksr-star\" style=\"padding-right: 5px\">\n            \n\n<div class=\"kksr-icon\" style=\"width: 24px; height: 24px;\"><\/div>\n        <\/div>\n    <\/div>\n<\/div>\n                \n\n<div class=\"kksr-legend\" style=\"font-size: 19.2px;\">\n            <span class=\"kksr-muted\">\u015eimdi de\u011ferlendirin<\/span>\n    <\/div>\n    <\/div>\n<p><img loading=\"lazy\" decoding=\"async\" class=\"alignleft wp-image-2145\" src=\"https:\/\/blog1.proofen.de\/wp-content\/uploads\/2018\/09\/cropped-ff-logo-ev_400-1-300x68.png\" alt=\"\" width=\"200\" height=\"45\" srcset=\"https:\/\/blog.proofs.de\/wp-content\/uploads\/2018\/09\/cropped-ff-logo-ev_400-1-300x68.png 300w, https:\/\/blog.proofs.de\/wp-content\/uploads\/2018\/09\/cropped-ff-logo-ev_400-1.png 400w\" sizes=\"auto, (max-width: 200px) 100vw, 200px\">Bu <a href=\"http:\/\/blog.proofs.de\/tr\/lexikon\/proof\/\" target=\"_self\" title=\"Dijital prova (do\u011frusu: kontrat provas\u0131), grafik sanatlar end\u00fcstrisi i\u00e7in ISO 12647-7 sertifikal\u0131 bir test cihaz\u0131d\u0131r. Dijital prova, ofset bask\u0131 veya grav\u00fcr bask\u0131n\u0131n renklili\u011fini ISO standard\u0131n\u0131n dar toleranslar\u0131 dahilinde renkli ve yasal olarak ba\u011flay\u0131c\u0131 bir \u015fekilde sim\u00fcle eder.\" class=\"encyclopedia\">Kan\u0131t<\/a> GmbH bu y\u0131l T\u00fcbingen'de freieFarbe e.V. derne\u011finin \u00fcye toplant\u0131s\u0131n\u0131 d\u00fczenliyor. Derne\u011fin baz\u0131 \u00fcyeleri Cuma g\u00fcn\u00fc gelece\u011finden, Cumartesi g\u00fcnk\u00fc as\u0131l \u00fcye toplant\u0131s\u0131ndan \u00f6nce ve sonra bir destek program\u0131 olacakt\u0131r.<\/p>\n<p>Genel kurul toplant\u0131s\u0131 Cumartesi g\u00fcn\u00fc saat 10.30'dan yakla\u015f\u0131k 15.00'e kadar T\u00fcbingen'deki G\u00f6lzstra\u00dfe 17 adresinde ger\u00e7ekle\u015ftirilecek. Y\u00f6netim Kurulu'nun se\u00e7ilmesi ve nakit raporu gibi formalitelerin yan\u0131 s\u0131ra g\u00fcndemdeki konular aras\u0131nda freeColour'un daha da geli\u015ftirilmesi de yer al\u0131yor. <a href=\"http:\/\/blog.proofs.de\/tr\/lexikon\/hlc\/\" target=\"_self\" title=\"HLC, CIELAB renk uzay\u0131n\u0131n anla\u015f\u0131lmas\u0131 kolay bir g\u00f6sterimidir. Dikey L ekseni burada ayn\u0131d\u0131r. Bir renk konumunun yatay konumu burada pozitif a eksenine olan H a\u00e7\u0131s\u0131 (saat y\u00f6n\u00fcn\u00fcn tersine ve derece cinsinden) ve L eksenine olan mesafe olan C yar\u0131\u00e7ap\u0131 ile belirlenir.\" class=\"encyclopedia\">HLC<\/a> Renk Atlas\u0131, DIN SPEC 16699 \"A\u00e7\u0131k renk ileti\u015fimi\" ve \u00f6n\u00fcm\u00fczdeki y\u0131l geli\u015ftirmek ve ba\u015farmak istedi\u011fimiz daha bir\u00e7ok \u015fey.<\/p>\n<p><img loading=\"lazy\" decoding=\"async\" class=\"alignleft size-large wp-image-2144\" src=\"https:\/\/blog1.proofen.de\/wp-content\/uploads\/2018\/09\/tubingen-2867769_1920-1024x683.jpg\" alt=\"Resim pixabay&#039;den al\u0131nm\u0131\u015ft\u0131r \/ Foto\u011fraf\u00e7\u0131: maxmann\" width=\"584\" height=\"390\" srcset=\"https:\/\/blog.proofs.de\/wp-content\/uploads\/2018\/09\/tubingen-2867769_1920-1024x683.jpg 1024w, https:\/\/blog.proofs.de\/wp-content\/uploads\/2018\/09\/tubingen-2867769_1920-300x200.jpg 300w, https:\/\/blog.proofs.de\/wp-content\/uploads\/2018\/09\/tubingen-2867769_1920-768x512.jpg 768w, https:\/\/blog.proofs.de\/wp-content\/uploads\/2018\/09\/tubingen-2867769_1920-450x300.jpg 450w, https:\/\/blog.proofs.de\/wp-content\/uploads\/2018\/09\/tubingen-2867769_1920.jpg 1920w\" sizes=\"auto, (max-width: 584px) 100vw, 584px\"><\/p>\n<p>T\u00fcm kul\u00fcp \u00fcyeleri i\u00e7tenlikle T\u00fcbingen'e davetlidir. Gecelemeye ihtiyac\u0131n\u0131z varsa, l\u00fctfen ba\u015fkan Holger Everding (info@freiefarbe.de) veya Proof GmbH'den Matthias Betz (info@proof.de) ile ileti\u015fime ge\u00e7in.<\/p>\n<p>T\u00fcbingen'e her t\u00fcrl\u00fc ula\u015f\u0131m arac\u0131yla ula\u015fmak kolayd\u0131r. Stuttgart Havaliman\u0131'ndan T\u00fcbingen ana istasyonuna hafta i\u00e7i her yar\u0131m saatte bir otob\u00fcs seferleri d\u00fczenlenmektedir. T\u00fcbingen'e tren ve uzun mesafe otob\u00fcsleriyle de kolayca ula\u015f\u0131labilir. \u00dcyelerin bulu\u015fma yeri olan Proof GmbH, B27 ana yolundan sadece birka\u00e7 metre uzakl\u0131ktad\u0131r ve binan\u0131n hemen arkas\u0131nda \u00e7ok katl\u0131 bir otopark bulunmaktad\u0131r. Ana tren istasyonundan y\u00fcr\u00fcy\u00fc\u015f yakla\u015f\u0131k 10 dakika s\u00fcrmektedir.<\/p>\n<p><img loading=\"lazy\" decoding=\"async\" class=\"size-medium wp-image-2143 alignleft\" src=\"https:\/\/blog1.proofen.de\/wp-content\/uploads\/2018\/09\/Bildschirmfoto-2018-09-02-um-01.47.14-300x230.png\" alt='&quot;Neredeyse Canl\u0131&quot; Kunsthalle T\u00fcbingen' width=\"300\" height=\"230\" srcset=\"https:\/\/blog.proofs.de\/wp-content\/uploads\/2018\/09\/Bildschirmfoto-2018-09-02-um-01.47.14-300x230.png 300w, https:\/\/blog.proofs.de\/wp-content\/uploads\/2018\/09\/Bildschirmfoto-2018-09-02-um-01.47.14-768x588.png 768w, https:\/\/blog.proofs.de\/wp-content\/uploads\/2018\/09\/Bildschirmfoto-2018-09-02-um-01.47.14-1024x785.png 1024w, https:\/\/blog.proofs.de\/wp-content\/uploads\/2018\/09\/Bildschirmfoto-2018-09-02-um-01.47.14-392x300.png 392w\" sizes=\"auto, (max-width: 300px) 100vw, 300px\"> <img loading=\"lazy\" decoding=\"async\" class=\"size-medium wp-image-2142 alignright\" src=\"https:\/\/blog1.proofen.de\/wp-content\/uploads\/2018\/09\/Bildschirmfoto-2018-09-02-um-01.47.34-300x230.png\" alt=\"D\u00fcnya K\u00fclt\u00fcr Miras\u0131 Alan\u0131 Buz Devri Sanat\u0131 T\u00fcbingen\" width=\"300\" height=\"230\" srcset=\"https:\/\/blog.proofs.de\/wp-content\/uploads\/2018\/09\/Bildschirmfoto-2018-09-02-um-01.47.34-300x230.png 300w, https:\/\/blog.proofs.de\/wp-content\/uploads\/2018\/09\/Bildschirmfoto-2018-09-02-um-01.47.34-768x588.png 768w, https:\/\/blog.proofs.de\/wp-content\/uploads\/2018\/09\/Bildschirmfoto-2018-09-02-um-01.47.34-1024x785.png 1024w, https:\/\/blog.proofs.de\/wp-content\/uploads\/2018\/09\/Bildschirmfoto-2018-09-02-um-01.47.34-392x300.png 392w\" sizes=\"auto, (max-width: 300px) 100vw, 300px\"><\/p>\n<p>G\u00fczel sohbetlerle destekleyici program, tekne gezileri <a href=\"http:\/\/blog.proofs.de\/tr\/lexikon\/nec\/\" target=\"_self\" title=\"NEC \u015fu anda en yetkin proof monit\u00f6r \u00fcreticilerinden biri olarak kabul edilmektedir. \u00d6zellikle NEC Spectraview serisi, y\u00fcksek kaliteli renk i\u015fleme i\u00e7in sofistike monit\u00f6r teknolojisi ve ak\u0131ll\u0131 yaz\u0131l\u0131m \u00e7\u00f6z\u00fcmleri sunmaktad\u0131r.\" class=\"encyclopedia\">Nec<\/a>araba, Svabya lezzetleri, \u015fehir turu ve \u00e7ok daha fazlas\u0131 sizinle birlikte seyahat eden partnerler i\u00e7in de ilgi \u00e7ekicidir. Kunsthalle T\u00fcbingen'deki \"ALMOST ALIVE\" sergileri ve T\u00fcbingen Kalesi'ndeki insanl\u0131\u011f\u0131n ilk sanat eserlerinin UNESCO D\u00fcnya K\u00fclt\u00fcr Miras\u0131 sergisi ile T\u00fcbingen'de iki k\u00fclt\u00fcrel etkinli\u011fin tad\u0131n\u0131 \u00e7\u0131karabilirsiniz.<\/p>\n<p>Fer Verein freieFarbe e.V. ve Proof GmbH sizlerin kat\u0131l\u0131m\u0131n\u0131 d\u00f6rt g\u00f6zle bekliyor.<\/p>\n<p><a href=\"https:\/\/www.freiefarbe.de\">Dernek ve freieFarbe e.V.'nin ama\u00e7lar\u0131 hakk\u0131nda daha fazla bilgiye buradan ula\u015fabilirsiniz.<\/a><\/p>\n<p>&nbsp;<\/p>","protected":false},"excerpt":{"rendered":"<p>Proof GmbH bu y\u0131l T\u00fcbingen'de freieFarbe e.V. derne\u011finin \u00fcye toplant\u0131s\u0131n\u0131 d\u00fczenliyor. Derne\u011fin baz\u0131 \u00fcyeleri Cuma g\u00fcn\u00fc gelecekleri i\u00e7in, Cumartesi g\u00fcn\u00fc yap\u0131lacak as\u0131l \u00fcye toplant\u0131s\u0131ndan \u00f6nce ve sonra bir destek program\u0131 olacakt\u0131r. \u00dcye toplant\u0131s\u0131 Cumartesi g\u00fcn\u00fc sabah 10.30'dan \u00f6\u011fleden sonra 3'e kadar T\u00fcbingen'deki G\u00f6lzstra\u00dfe 17 adresinde ger\u00e7ekle\u015ftirilecek. Y\u00f6netim Kurulu se\u00e7imi ve nakit raporu gibi formalitelerin yan\u0131 s\u0131ra, g\u00fcndemdeki konular aras\u0131nda freieFarbe HLC Renk Atlas\u0131'n\u0131n daha da geli\u015ftirilmesi, DIN SPEC 16699 \"A\u00e7\u0131k Renk \u0130leti\u015fimi\" ve gelecek y\u0131l tart\u0131\u015faca\u011f\u0131m\u0131z \u00e7ok daha fazlas\u0131 yer al\u0131yor. <\/p>\n<p class=\"read-more-container\"><a title=\"FreieFarbe e.V.&#039;nin 29.9.2018 tarihinde T\u00fcbingen&#039;de yap\u0131lan genel kurul toplant\u0131s\u0131\" class=\"read-more button\" href=\"http:\/\/blog.proofs.de\/tr\/mitgliederversammlung-freiefarbe-e-v-am-29-9-2018-in-tuebingen\/#more-2140\" aria-label=\"FreieFarbe e.V.&#039;nin 29.9.2018 tarihinde T\u00fcbingen&#039;de yap\u0131lacak genel kurulu hakk\u0131nda devam\u0131n\u0131 oku\">Daha fazla bilgi edinin<\/a><\/p>","protected":false},"author":2,"featured_media":2157,"comment_status":"open","ping_status":"open","sticky":false,"template":"","format":"standard","meta":{"om_disable_all_campaigns":false,"inline_featured_image":false,"_monsterinsights_skip_tracking":false,"footnotes":""},"categories":[1],"tags":[679,680,803,539],"class_list":["post-2140","post","type-post","status-publish","format-standard","has-post-thumbnail","hentry","category-allgemein","tag-freiefarbe","tag-freiefarbe-e-v","tag-mitgliederversammlung","tag-proof-gmbh","generate-columns","tablet-grid-50","mobile-grid-100","grid-parent","grid-50","no-featured-image-padding","resize-featured-image"],"aioseo_notices":[],"aioseo_head":"\n\t\t<!-- All in One SEO 5.0.1.1 - aioseo.com -->\n\t<meta name=\"description\" content=\"Die Proof GmbH richtet in diesem Jahr die Mitgliederversammlung des Vereins freieFarbe e.V. in T\u00fcbingen aus und bietet ein Rahmenprogramm um die MGV an.\" \/>\n\t<meta name=\"robots\" content=\"max-image-preview:large\" \/>\n\t<meta name=\"author\" content=\"Matthias Betz\"\/>\n\t<meta name=\"google-site-verification\" content=\"TuXxyRwxcEg2-WfOaQ8vScWQh3-uBAnxXmY7g3GT90A\" \/>\n\t<meta name=\"keywords\" content=\"freiefarbe,freiefarbe e.v.,mitgliederversammlung,proof gmbh\" \/>\n\t<link rel=\"canonical\" href=\"http:\/\/blog.proofs.de\/tr\/mitgliederversammlung-freiefarbe-e-v-am-29-9-2018-in-tuebingen\/\" \/>\n\t<meta name=\"generator\" content=\"All in One SEO (AIOSEO) 5.0.1.1\" \/>\n\n\t\t<meta name=\"seobility\" content=\"593a8578143db71543f014978c690d47\">\n\t\t<meta property=\"og:locale\" content=\"tr_TR\" \/>\n\t\t<meta property=\"og:site_name\" content=\"Proof.de | Alles zu Proof, Farbmanagement, Grafik, Messtechnik &amp; Co.\" \/>\n\t\t<meta property=\"og:type\" content=\"article\" \/>\n\t\t<meta property=\"og:title\" content=\"Mitgliederversammlung freieFarbe in T\u00fcbingen | proof.de\" \/>\n\t\t<meta property=\"og:description\" content=\"Die Proof GmbH richtet in diesem Jahr die Mitgliederversammlung des Vereins freieFarbe e.V. in T\u00fcbingen aus und bietet ein Rahmenprogramm um die MGV an.\" \/>\n\t\t<meta property=\"og:url\" content=\"http:\/\/blog.proofs.de\/tr\/mitgliederversammlung-freiefarbe-e-v-am-29-9-2018-in-tuebingen\/\" \/>\n\t\t<meta property=\"og:image\" content=\"http:\/\/blog.proofs.de\/wp-content\/uploads\/2018\/10\/stocherkahn-1140x550.jpg\" \/>\n\t\t<meta property=\"og:image:width\" content=\"1140\" \/>\n\t\t<meta property=\"og:image:height\" content=\"550\" \/>\n\t\t<meta property=\"article:published_time\" content=\"2018-09-02T00:06:53+00:00\" \/>\n\t\t<meta property=\"article:modified_time\" content=\"2020-05-08T00:16:05+00:00\" \/>\n\t\t<meta property=\"article:publisher\" content=\"https:\/\/www.facebook.com\/Proof.de\/\" \/>\n\t\t<meta name=\"twitter:card\" content=\"summary\" \/>\n\t\t<meta name=\"twitter:title\" content=\"Mitgliederversammlung freieFarbe in T\u00fcbingen | proof.de\" \/>\n\t\t<meta name=\"twitter:description\" content=\"Die Proof GmbH richtet in diesem Jahr die Mitgliederversammlung des Vereins freieFarbe e.V. in T\u00fcbingen aus und bietet ein Rahmenprogramm um die MGV an.\" \/>\n\t\t<meta name=\"twitter:image\" content=\"https:\/\/blog1.proofen.de\/wp-content\/uploads\/2020\/04\/proof_background.jpg\" \/>\n\t\t<script type=\"application\/ld+json\" class=\"aioseo-schema\">\n\t\t\t{\"@context\":\"https:\\\/\\\/schema.org\",\"@graph\":[{\"@type\":\"Article\",\"@id\":\"http:\\\/\\\/blog.proofs.de\\\/tr\\\/mitgliederversammlung-freiefarbe-e-v-am-29-9-2018-in-tuebingen\\\/#article\",\"name\":\"Mitgliederversammlung freieFarbe in T\\u00fcbingen | proof.de\",\"headline\":\"Mitgliederversammlung freieFarbe e.V. am 29.9.2018 in T\\u00fcbingen\",\"author\":{\"@id\":\"http:\\\/\\\/blog.proofs.de\\\/tr\\\/author\\\/mbetz\\\/#author\"},\"publisher\":{\"@id\":\"http:\\\/\\\/blog.proofs.de\\\/tr\\\/#organization\"},\"image\":{\"@type\":\"ImageObject\",\"url\":\"https:\\\/\\\/blog.proofs.de\\\/wp-content\\\/uploads\\\/2018\\\/10\\\/stocherkahn-1140x550.jpg\",\"width\":1140,\"height\":550,\"caption\":\"freieFarbe e.V. Mitgliederversammlung 2018: Gemeinsames Stochern auf dem Neckar in T\\u00fcbingen\"},\"datePublished\":\"2018-09-02T02:06:53+02:00\",\"dateModified\":\"2020-05-08T02:16:05+02:00\",\"inLanguage\":\"tr-TR\",\"mainEntityOfPage\":{\"@id\":\"http:\\\/\\\/blog.proofs.de\\\/tr\\\/mitgliederversammlung-freiefarbe-e-v-am-29-9-2018-in-tuebingen\\\/#webpage\"},\"isPartOf\":{\"@id\":\"http:\\\/\\\/blog.proofs.de\\\/tr\\\/mitgliederversammlung-freiefarbe-e-v-am-29-9-2018-in-tuebingen\\\/#webpage\"},\"articleSection\":\"Allgemein, freieFarbe, freieFarbe e.V., Mitgliederversammlung, Proof GmbH\"},{\"@type\":\"BreadcrumbList\",\"@id\":\"http:\\\/\\\/blog.proofs.de\\\/tr\\\/mitgliederversammlung-freiefarbe-e-v-am-29-9-2018-in-tuebingen\\\/#breadcrumblist\",\"itemListElement\":[{\"@type\":\"ListItem\",\"@id\":\"http:\\\/\\\/blog.proofs.de\\\/tr#listItem\",\"position\":1,\"name\":\"Home\",\"item\":\"http:\\\/\\\/blog.proofs.de\\\/tr\",\"nextItem\":{\"@type\":\"ListItem\",\"@id\":\"http:\\\/\\\/blog.proofs.de\\\/tr\\\/thema\\\/allgemein\\\/#listItem\",\"name\":\"Allgemein\"}},{\"@type\":\"ListItem\",\"@id\":\"http:\\\/\\\/blog.proofs.de\\\/tr\\\/thema\\\/allgemein\\\/#listItem\",\"position\":2,\"name\":\"Allgemein\",\"item\":\"http:\\\/\\\/blog.proofs.de\\\/tr\\\/thema\\\/allgemein\\\/\",\"nextItem\":{\"@type\":\"ListItem\",\"@id\":\"http:\\\/\\\/blog.proofs.de\\\/tr\\\/mitgliederversammlung-freiefarbe-e-v-am-29-9-2018-in-tuebingen\\\/#listItem\",\"name\":\"Mitgliederversammlung freieFarbe e.V. am 29.9.2018 in T\\u00fcbingen\"},\"previousItem\":{\"@type\":\"ListItem\",\"@id\":\"http:\\\/\\\/blog.proofs.de\\\/tr#listItem\",\"name\":\"Home\"}},{\"@type\":\"ListItem\",\"@id\":\"http:\\\/\\\/blog.proofs.de\\\/tr\\\/mitgliederversammlung-freiefarbe-e-v-am-29-9-2018-in-tuebingen\\\/#listItem\",\"position\":3,\"name\":\"Mitgliederversammlung freieFarbe e.V. am 29.9.2018 in T\\u00fcbingen\",\"previousItem\":{\"@type\":\"ListItem\",\"@id\":\"http:\\\/\\\/blog.proofs.de\\\/tr\\\/thema\\\/allgemein\\\/#listItem\",\"name\":\"Allgemein\"}}]},{\"@type\":\"Organization\",\"@id\":\"http:\\\/\\\/blog.proofs.de\\\/tr\\\/#organization\",\"name\":\"Proof GmbH\",\"description\":\"Farbverbindlicher Proof, Farbproof, Digitalproof und Online-Proof.\",\"url\":\"http:\\\/\\\/blog.proofs.de\\\/tr\\\/\",\"telephone\":\"+4970717952740\",\"logo\":{\"@type\":\"ImageObject\",\"url\":\"https:\\\/\\\/blog1.proofen.de\\\/wp-content\\\/uploads\\\/2019\\\/09\\\/logo_proof_rgb_mit_balken_250px.png\",\"@id\":\"http:\\\/\\\/blog.proofs.de\\\/tr\\\/mitgliederversammlung-freiefarbe-e-v-am-29-9-2018-in-tuebingen\\\/#organizationLogo\"},\"image\":{\"@id\":\"http:\\\/\\\/blog.proofs.de\\\/tr\\\/mitgliederversammlung-freiefarbe-e-v-am-29-9-2018-in-tuebingen\\\/#organizationLogo\"},\"sameAs\":[\"https:\\\/\\\/www.facebook.com\\\/Proof.de\\\/\",\"https:\\\/\\\/www.instagram.com\\\/proof.de\\\/\",\"https:\\\/\\\/www.tiktok.com\\\/@proof_de\",\"https:\\\/\\\/www.youtube.com\\\/channel\\\/UCk80fQVQ25wC9wu3SywB-Nw\",\"https:\\\/\\\/www.linkedin.com\\\/company\\\/proof-de\"]},{\"@type\":\"Person\",\"@id\":\"http:\\\/\\\/blog.proofs.de\\\/tr\\\/author\\\/mbetz\\\/#author\",\"url\":\"http:\\\/\\\/blog.proofs.de\\\/tr\\\/author\\\/mbetz\\\/\",\"name\":\"Matthias Betz\",\"image\":{\"@type\":\"ImageObject\",\"@id\":\"http:\\\/\\\/blog.proofs.de\\\/tr\\\/mitgliederversammlung-freiefarbe-e-v-am-29-9-2018-in-tuebingen\\\/#authorImage\",\"url\":\"https:\\\/\\\/blog.proofs.de\\\/wp-content\\\/uploads\\\/2020\\\/10\\\/matthias-betz-e1603934518350-150x150.png\",\"width\":96,\"height\":96,\"caption\":\"Matthias Betz\"}},{\"@type\":\"WebPage\",\"@id\":\"http:\\\/\\\/blog.proofs.de\\\/tr\\\/mitgliederversammlung-freiefarbe-e-v-am-29-9-2018-in-tuebingen\\\/#webpage\",\"url\":\"http:\\\/\\\/blog.proofs.de\\\/tr\\\/mitgliederversammlung-freiefarbe-e-v-am-29-9-2018-in-tuebingen\\\/\",\"name\":\"Mitgliederversammlung freieFarbe in T\\u00fcbingen | proof.de\",\"description\":\"Die Proof GmbH richtet in diesem Jahr die Mitgliederversammlung des Vereins freieFarbe e.V. in T\\u00fcbingen aus und bietet ein Rahmenprogramm um die MGV an.\",\"inLanguage\":\"tr-TR\",\"isPartOf\":{\"@id\":\"http:\\\/\\\/blog.proofs.de\\\/tr\\\/#website\"},\"breadcrumb\":{\"@id\":\"http:\\\/\\\/blog.proofs.de\\\/tr\\\/mitgliederversammlung-freiefarbe-e-v-am-29-9-2018-in-tuebingen\\\/#breadcrumblist\"},\"author\":{\"@id\":\"http:\\\/\\\/blog.proofs.de\\\/tr\\\/author\\\/mbetz\\\/#author\"},\"creator\":{\"@id\":\"http:\\\/\\\/blog.proofs.de\\\/tr\\\/author\\\/mbetz\\\/#author\"},\"image\":{\"@type\":\"ImageObject\",\"url\":\"https:\\\/\\\/blog.proofs.de\\\/wp-content\\\/uploads\\\/2018\\\/10\\\/stocherkahn-1140x550.jpg\",\"@id\":\"http:\\\/\\\/blog.proofs.de\\\/tr\\\/mitgliederversammlung-freiefarbe-e-v-am-29-9-2018-in-tuebingen\\\/#mainImage\",\"width\":1140,\"height\":550,\"caption\":\"freieFarbe e.V. Mitgliederversammlung 2018: Gemeinsames Stochern auf dem Neckar in T\\u00fcbingen\"},\"primaryImageOfPage\":{\"@id\":\"http:\\\/\\\/blog.proofs.de\\\/tr\\\/mitgliederversammlung-freiefarbe-e-v-am-29-9-2018-in-tuebingen\\\/#mainImage\"},\"datePublished\":\"2018-09-02T02:06:53+02:00\",\"dateModified\":\"2020-05-08T02:16:05+02:00\"},{\"@type\":\"WebSite\",\"@id\":\"http:\\\/\\\/blog.proofs.de\\\/tr\\\/#website\",\"url\":\"http:\\\/\\\/blog.proofs.de\\\/tr\\\/\",\"name\":\"Proof.de\",\"description\":\"Farbverbindlicher Proof, Farbproof, Digitalproof und Online-Proof.\",\"inLanguage\":\"tr-TR\",\"publisher\":{\"@id\":\"http:\\\/\\\/blog.proofs.de\\\/tr\\\/#organization\"}}]}\n\t\t<\/script>\n\t\t<!-- All in One SEO -->\n\n","aioseo_head_json":{"title":"T\u00fcbingen'de freecolour genel toplant\u0131s\u0131 | proof.de","description":"Bu y\u0131l Proof GmbH, T\u00fcbingen'de freieFarbe e.V. derne\u011finin genel kurul toplant\u0131s\u0131n\u0131 d\u00fczenliyor ve MGV etraf\u0131nda destekleyici bir program sunuyor.","canonical_url":"http:\/\/blog.proofs.de\/tr\/mitgliederversammlung-freiefarbe-e-v-am-29-9-2018-in-tuebingen\/","robots":"max-image-preview:large","keywords":"freiefarbe,freiefarbe e.v.,mitgliederversammlung,proof gmbh","webmasterTools":{"google-site-verification":"TuXxyRwxcEg2-WfOaQ8vScWQh3-uBAnxXmY7g3GT90A","miscellaneous":"&lt;meta name=\"seobility\" content=\"593a8578143db71543f014978c690d47\"&gt;"},"schema":{"@context":"https:\/\/schema.org","@graph":[{"@type":"Article","@id":"http:\/\/blog.proofs.de\/tr\/mitgliederversammlung-freiefarbe-e-v-am-29-9-2018-in-tuebingen\/#article","name":"Mitgliederversammlung freieFarbe in T\u00fcbingen | proof.de","headline":"Mitgliederversammlung freieFarbe e.V. am 29.9.2018 in T\u00fcbingen","author":{"@id":"http:\/\/blog.proofs.de\/tr\/author\/mbetz\/#author"},"publisher":{"@id":"http:\/\/blog.proofs.de\/tr\/#organization"},"image":{"@type":"ImageObject","url":"https:\/\/blog.proofs.de\/wp-content\/uploads\/2018\/10\/stocherkahn-1140x550.jpg","width":1140,"height":550,"caption":"freieFarbe e.V. Mitgliederversammlung 2018: Gemeinsames Stochern auf dem Neckar in T\u00fcbingen"},"datePublished":"2018-09-02T02:06:53+02:00","dateModified":"2020-05-08T02:16:05+02:00","inLanguage":"tr-TR","mainEntityOfPage":{"@id":"http:\/\/blog.proofs.de\/tr\/mitgliederversammlung-freiefarbe-e-v-am-29-9-2018-in-tuebingen\/#webpage"},"isPartOf":{"@id":"http:\/\/blog.proofs.de\/tr\/mitgliederversammlung-freiefarbe-e-v-am-29-9-2018-in-tuebingen\/#webpage"},"articleSection":"Allgemein, freieFarbe, freieFarbe e.V., Mitgliederversammlung, Proof GmbH"},{"@type":"BreadcrumbList","@id":"http:\/\/blog.proofs.de\/tr\/mitgliederversammlung-freiefarbe-e-v-am-29-9-2018-in-tuebingen\/#breadcrumblist","itemListElement":[{"@type":"ListItem","@id":"http:\/\/blog.proofs.de\/tr#listItem","position":1,"name":"Home","item":"http:\/\/blog.proofs.de\/tr","nextItem":{"@type":"ListItem","@id":"http:\/\/blog.proofs.de\/tr\/thema\/allgemein\/#listItem","name":"Allgemein"}},{"@type":"ListItem","@id":"http:\/\/blog.proofs.de\/tr\/thema\/allgemein\/#listItem","position":2,"name":"Allgemein","item":"http:\/\/blog.proofs.de\/tr\/thema\/allgemein\/","nextItem":{"@type":"ListItem","@id":"http:\/\/blog.proofs.de\/tr\/mitgliederversammlung-freiefarbe-e-v-am-29-9-2018-in-tuebingen\/#listItem","name":"Mitgliederversammlung freieFarbe e.V. am 29.9.2018 in T\u00fcbingen"},"previousItem":{"@type":"ListItem","@id":"http:\/\/blog.proofs.de\/tr#listItem","name":"Home"}},{"@type":"ListItem","@id":"http:\/\/blog.proofs.de\/tr\/mitgliederversammlung-freiefarbe-e-v-am-29-9-2018-in-tuebingen\/#listItem","position":3,"name":"Mitgliederversammlung freieFarbe e.V. am 29.9.2018 in T\u00fcbingen","previousItem":{"@type":"ListItem","@id":"http:\/\/blog.proofs.de\/tr\/thema\/allgemein\/#listItem","name":"Allgemein"}}]},{"@type":"Organization","@id":"http:\/\/blog.proofs.de\/tr\/#organization","name":"Proof GmbH","description":"Farbverbindlicher Proof, Farbproof, Digitalproof und Online-Proof.","url":"http:\/\/blog.proofs.de\/tr\/","telephone":"+4970717952740","logo":{"@type":"ImageObject","url":"https:\/\/blog1.proofen.de\/wp-content\/uploads\/2019\/09\/logo_proof_rgb_mit_balken_250px.png","@id":"http:\/\/blog.proofs.de\/tr\/mitgliederversammlung-freiefarbe-e-v-am-29-9-2018-in-tuebingen\/#organizationLogo"},"image":{"@id":"http:\/\/blog.proofs.de\/tr\/mitgliederversammlung-freiefarbe-e-v-am-29-9-2018-in-tuebingen\/#organizationLogo"},"sameAs":["https:\/\/www.facebook.com\/Proof.de\/","https:\/\/www.instagram.com\/proof.de\/","https:\/\/www.tiktok.com\/@proof_de","https:\/\/www.youtube.com\/channel\/UCk80fQVQ25wC9wu3SywB-Nw","https:\/\/www.linkedin.com\/company\/proof-de"]},{"@type":"Person","@id":"http:\/\/blog.proofs.de\/tr\/author\/mbetz\/#author","url":"http:\/\/blog.proofs.de\/tr\/author\/mbetz\/","name":"Matthias Betz","image":{"@type":"ImageObject","@id":"http:\/\/blog.proofs.de\/tr\/mitgliederversammlung-freiefarbe-e-v-am-29-9-2018-in-tuebingen\/#authorImage","url":"https:\/\/blog.proofs.de\/wp-content\/uploads\/2020\/10\/matthias-betz-e1603934518350-150x150.png","width":96,"height":96,"caption":"Matthias Betz"}},{"@type":"WebPage","@id":"http:\/\/blog.proofs.de\/tr\/mitgliederversammlung-freiefarbe-e-v-am-29-9-2018-in-tuebingen\/#webpage","url":"http:\/\/blog.proofs.de\/tr\/mitgliederversammlung-freiefarbe-e-v-am-29-9-2018-in-tuebingen\/","name":"Mitgliederversammlung freieFarbe in T\u00fcbingen | proof.de","description":"Die Proof GmbH richtet in diesem Jahr die Mitgliederversammlung des Vereins freieFarbe e.V. in T\u00fcbingen aus und bietet ein Rahmenprogramm um die MGV an.","inLanguage":"tr-TR","isPartOf":{"@id":"http:\/\/blog.proofs.de\/tr\/#website"},"breadcrumb":{"@id":"http:\/\/blog.proofs.de\/tr\/mitgliederversammlung-freiefarbe-e-v-am-29-9-2018-in-tuebingen\/#breadcrumblist"},"author":{"@id":"http:\/\/blog.proofs.de\/tr\/author\/mbetz\/#author"},"creator":{"@id":"http:\/\/blog.proofs.de\/tr\/author\/mbetz\/#author"},"image":{"@type":"ImageObject","url":"https:\/\/blog.proofs.de\/wp-content\/uploads\/2018\/10\/stocherkahn-1140x550.jpg","@id":"http:\/\/blog.proofs.de\/tr\/mitgliederversammlung-freiefarbe-e-v-am-29-9-2018-in-tuebingen\/#mainImage","width":1140,"height":550,"caption":"freieFarbe e.V. Mitgliederversammlung 2018: Gemeinsames Stochern auf dem Neckar in T\u00fcbingen"},"primaryImageOfPage":{"@id":"http:\/\/blog.proofs.de\/tr\/mitgliederversammlung-freiefarbe-e-v-am-29-9-2018-in-tuebingen\/#mainImage"},"datePublished":"2018-09-02T02:06:53+02:00","dateModified":"2020-05-08T02:16:05+02:00"},{"@type":"WebSite","@id":"http:\/\/blog.proofs.de\/tr\/#website","url":"http:\/\/blog.proofs.de\/tr\/","name":"Proof.de","description":"Farbverbindlicher Proof, Farbproof, Digitalproof und Online-Proof.","inLanguage":"tr-TR","publisher":{"@id":"http:\/\/blog.proofs.de\/tr\/#organization"}}]},"og:locale":"tr_TR","og:site_name":"Proof.de | Alles zu Proof, Farbmanagement, Grafik, Messtechnik &amp; Co.","og:type":"article","og:title":"Mitgliederversammlung freieFarbe in T\u00fcbingen | proof.de","og:description":"Die Proof GmbH richtet in diesem Jahr die Mitgliederversammlung des Vereins freieFarbe e.V. in T\u00fcbingen aus und bietet ein Rahmenprogramm um die MGV an.","og:url":"http:\/\/blog.proofs.de\/tr\/mitgliederversammlung-freiefarbe-e-v-am-29-9-2018-in-tuebingen\/","og:image":"http:\/\/blog.proofs.de\/wp-content\/uploads\/2018\/10\/stocherkahn-1140x550.jpg","og:image:width":1140,"og:image:height":550,"article:published_time":"2018-09-02T00:06:53+00:00","article:modified_time":"2020-05-08T00:16:05+00:00","article:publisher":"https:\/\/www.facebook.com\/Proof.de\/","twitter:card":"summary","twitter:title":"Mitgliederversammlung freieFarbe in T\u00fcbingen | proof.de","twitter:description":"Die Proof GmbH richtet in diesem Jahr die Mitgliederversammlung des Vereins freieFarbe e.V. in T\u00fcbingen aus und bietet ein Rahmenprogramm um die MGV an.","twitter:image":"https:\/\/blog1.proofen.de\/wp-content\/uploads\/2020\/04\/proof_background.jpg"},"aioseo_meta_data":{"post_id":"2140","title":"T\u00fcbingen\u2019de d\u00fczenlenen freieFarbe Genel Kurulu | proof.de","description":"Bu y\u0131l Proof GmbH, T\u00fcbingen'de freieFarbe e.V. derne\u011finin genel kurul toplant\u0131s\u0131n\u0131 d\u00fczenliyor ve MGV etraf\u0131nda destekleyici bir program sunuyor.","keywords":null,"keyphrases":null,"primary_term":null,"canonical_url":null,"og_title":null,"og_description":null,"og_object_type":"default","og_image_type":"default","og_image_url":null,"og_image_width":null,"og_image_height":null,"og_image_custom_url":null,"og_image_custom_fields":null,"og_video":null,"og_custom_url":null,"og_article_section":null,"og_article_tags":null,"twitter_use_og":false,"twitter_card":"default","twitter_image_type":"default","twitter_image_url":null,"twitter_image_custom_url":null,"twitter_image_custom_fields":null,"twitter_title":null,"twitter_description":null,"schema":{"blockGraphs":[],"customGraphs":[],"default":{"data":{"Article":[],"Course":[],"Dataset":[],"FAQPage":[],"Movie":[],"Person":[],"Product":[],"ProductReview":[],"Car":[],"Recipe":[],"Service":[],"SoftwareApplication":[],"WebPage":[]},"graphName":"","isEnabled":true},"graphs":[],"defaultGraph":"","defaultPostTypeGraph":""},"schema_type":null,"schema_type_options":null,"pillar_content":false,"robots_default":true,"robots_noindex":false,"robots_noarchive":false,"robots_nosnippet":false,"robots_nofollow":false,"robots_noimageindex":false,"robots_noodp":false,"robots_notranslate":false,"robots_max_snippet":null,"robots_max_videopreview":null,"robots_max_imagepreview":"large","priority":null,"frequency":null,"local_seo":null,"breadcrumb_settings":null,"limit_modified_date":false,"ai":null,"created":"2020-12-21 00:33:58","updated":"2025-06-04 14:23:05","seo_analyzer_scan_date":null,"focus_keyword":null,"additional_keywords":null,"truseo_locale":null},"_links":{"self":[{"href":"http:\/\/blog.proofs.de\/tr\/wp-json\/wp\/v2\/posts\/2140","targetHints":{"allow":["GET"]}}],"collection":[{"href":"http:\/\/blog.proofs.de\/tr\/wp-json\/wp\/v2\/posts"}],"about":[{"href":"http:\/\/blog.proofs.de\/tr\/wp-json\/wp\/v2\/types\/post"}],"author":[{"embeddable":true,"href":"http:\/\/blog.proofs.de\/tr\/wp-json\/wp\/v2\/users\/2"}],"replies":[{"embeddable":true,"href":"http:\/\/blog.proofs.de\/tr\/wp-json\/wp\/v2\/comments?post=2140"}],"version-history":[{"count":6,"href":"http:\/\/blog.proofs.de\/tr\/wp-json\/wp\/v2\/posts\/2140\/revisions"}],"predecessor-version":[{"id":3666,"href":"http:\/\/blog.proofs.de\/tr\/wp-json\/wp\/v2\/posts\/2140\/revisions\/3666"}],"wp:featuredmedia":[{"embeddable":true,"href":"http:\/\/blog.proofs.de\/tr\/wp-json\/wp\/v2\/media\/2157"}],"wp:attachment":[{"href":"http:\/\/blog.proofs.de\/tr\/wp-json\/wp\/v2\/media?parent=2140"}],"wp:term":[{"taxonomy":"category","embeddable":true,"href":"http:\/\/blog.proofs.de\/tr\/wp-json\/wp\/v2\/categories?post=2140"},{"taxonomy":"post_tag","embeddable":true,"href":"http:\/\/blog.proofs.de\/tr\/wp-json\/wp\/v2\/tags?post=2140"}],"curies":[{"name":"wp","href":"https:\/\/api.w.org\/{rel}","templated":true}]}}