{"id":236,"date":"2012-08-23T02:38:19","date_gmt":"2012-08-23T00:38:19","guid":{"rendered":"http:\/\/www.proof.de\/?p=236"},"modified":"2020-04-20T14:16:38","modified_gmt":"2020-04-20T12:16:38","slug":"profil-olmadan-prova-yapmak-muemkuen-mue","status":"publish","type":"post","link":"http:\/\/blog.proofs.de\/tr\/ein-proof-ohne-profil-geht-das\/","title":{"rendered":"Profili olmayan bir kan\u0131t. Bu m\u00fcmk\u00fcn m\u00fc?"},"content":{"rendered":"<div class=\"kk-star-ratings kksr-auto kksr-align-right kksr-valign-top\" data-payload='{\"align\":\"right\",\"id\":\"236\",\"slug\":\"default\",\"valign\":\"top\",\"ignore\":\"\",\"reference\":\"auto\",\"class\":\"\",\"count\":\"0\",\"legendonly\":\"\",\"readonly\":\"\",\"score\":\"0\",\"starsonly\":\"\",\"best\":\"5\",\"gap\":\"5\",\"greet\":\"Jetzt bewerten\",\"legend\":\"0\\\/5 - (0 votes)\",\"size\":\"24\",\"title\":\"Ein Proof ohne Profil. Geht das?\",\"width\":\"0\",\"_legend\":\"{score}\\\/{best} - ({count} {votes})\",\"font_factor\":\"1.25\"}'>\n            \n<div class=\"kksr-stars\">\n    \n<div class=\"kksr-stars-inactive\">\n            <div class=\"kksr-star\" data-star=\"1\" style=\"padding-right: 5px\">\n            \n\n<div class=\"kksr-icon\" style=\"width: 24px; height: 24px;\"><\/div>\n        <\/div>\n            <div class=\"kksr-star\" data-star=\"2\" style=\"padding-right: 5px\">\n            \n\n<div class=\"kksr-icon\" style=\"width: 24px; height: 24px;\"><\/div>\n        <\/div>\n            <div class=\"kksr-star\" data-star=\"3\" style=\"padding-right: 5px\">\n            \n\n<div class=\"kksr-icon\" style=\"width: 24px; height: 24px;\"><\/div>\n        <\/div>\n            <div class=\"kksr-star\" data-star=\"4\" style=\"padding-right: 5px\">\n            \n\n<div class=\"kksr-icon\" style=\"width: 24px; height: 24px;\"><\/div>\n        <\/div>\n            <div class=\"kksr-star\" data-star=\"5\" style=\"padding-right: 5px\">\n            \n\n<div class=\"kksr-icon\" style=\"width: 24px; height: 24px;\"><\/div>\n        <\/div>\n    <\/div>\n    \n<div class=\"kksr-stars-active\" style=\"width: 0px;\">\n            <div class=\"kksr-star\" style=\"padding-right: 5px\">\n            \n\n<div class=\"kksr-icon\" style=\"width: 24px; height: 24px;\"><\/div>\n        <\/div>\n            <div class=\"kksr-star\" style=\"padding-right: 5px\">\n            \n\n<div class=\"kksr-icon\" style=\"width: 24px; height: 24px;\"><\/div>\n        <\/div>\n            <div class=\"kksr-star\" style=\"padding-right: 5px\">\n            \n\n<div class=\"kksr-icon\" style=\"width: 24px; height: 24px;\"><\/div>\n        <\/div>\n            <div class=\"kksr-star\" style=\"padding-right: 5px\">\n            \n\n<div class=\"kksr-icon\" style=\"width: 24px; height: 24px;\"><\/div>\n        <\/div>\n            <div class=\"kksr-star\" style=\"padding-right: 5px\">\n            \n\n<div class=\"kksr-icon\" style=\"width: 24px; height: 24px;\"><\/div>\n        <\/div>\n    <\/div>\n<\/div>\n                \n\n<div class=\"kksr-legend\" style=\"font-size: 19.2px;\">\n            <span class=\"kksr-muted\">\u015eimdi de\u011ferlendirin<\/span>\n    <\/div>\n    <\/div>\n<p>i\u00e7in <a href=\"http:\/\/blog.proofs.de\/tr\/lexikon\/proof\/\" target=\"_self\" title=\"Dijital prova (do\u011frusu: kontrat provas\u0131), grafik sanatlar end\u00fcstrisi i\u00e7in ISO 12647-7 sertifikal\u0131 bir test cihaz\u0131d\u0131r. Dijital prova, ofset bask\u0131 veya grav\u00fcr bask\u0131n\u0131n renklili\u011fini ISO standard\u0131n\u0131n dar toleranslar\u0131 dahilinde renkli ve yasal olarak ba\u011flay\u0131c\u0131 bir \u015fekilde sim\u00fcle eder.\" class=\"encyclopedia\">Kan\u0131t<\/a>Hizmet sa\u011flay\u0131c\u0131lara s\u0131k s\u0131k \u015fu soru sorulur: \u201eBir prova bask\u0131 yapt\u0131rmam gerekiyor, ancak hangi profil i\u00e7in yapt\u0131raca\u011f\u0131m\u0131 bilmiyorum. Profil olmadan da prova bask\u0131 yapt\u0131rabilir miyim?\u201c<\/p>\n<p><a href=\"http:\/\/blog.proofs.de\/tr\/lexikon\/proofs\/\" target=\"_self\" title=\"Bask\u0131 sekt\u00f6r\u00fcnde provalar (veya test bask\u0131lar\u0131), kontrol amac\u0131yla bir bask\u0131 sonucunun renk a\u00e7\u0131s\u0131ndan do\u011fru ve yasal olarak ba\u011flay\u0131c\u0131 sim\u00fclasyonunu ifade eder. Provalardan sorumlu standart ISO 12647-7:2016&#039;d\u0131r, yani 2016&#039;daki g\u00fcncel revizyondur.\" class=\"encyclopedia\">Kan\u0131tlar<\/a> Prova, belirli bir de\u011ferler dizisine g\u00f6re olu\u015fturulan ve kontrol edilen standartla\u015ft\u0131r\u0131lm\u0131\u015f \u00fcr\u00fcnlerdir. Onlar\u0131 herhangi bir \"renkli \u00e7\u0131kt\u0131dan\" ay\u0131ran nokta da tam olarak budur.<br>\nSomut olarak: Bir <strong>Kan\u0131t <a href=\"http:\/\/blog.proofs.de\/tr\/lexikon\/bilderdruckpapier\/\" target=\"_self\" title=\"Resim bask\u0131 ka\u011f\u0131d\u0131 (veya sanat ka\u011f\u0131d\u0131) her iki y\u00fcz\u00fc de kaplanm\u0131\u015f bir ka\u011f\u0131t t\u00fcr\u00fcd\u00fcr ve \u00e7ok yayg\u0131nd\u0131r. Mat, yar\u0131 parlak veya parlak ku\u015fe olmak \u00fczere \u00e7e\u015fitli gramajlarda mevcuttur ve t\u00fcm bask\u0131 i\u015flemleri i\u00e7in uygundur.\" class=\"encyclopedia\">Resim bask\u0131 ka\u011f\u0131d\u0131<\/a><\/strong> ISOCoated V2 standart de\u011ferlerine g\u00f6re \u00fcretilmi\u015ftir (ka\u011f\u0131t t\u00fcr\u00fc 1 ve 2, parlak ve mat kaplamal\u0131 resim bask\u0131s\u0131, <a href=\"http:\/\/blog.proofs.de\/tr\/lexikon\/tonwertzunahme\/\" target=\"_self\" title=\"Nokta kazanc\u0131, bask\u0131 teknolojisinde kullan\u0131lan bir terimdir ve bask\u0131 i\u015flemi s\u0131ras\u0131nda bir bask\u0131 \u015fablonunun ton de\u011ferlerindeki de\u011fi\u015fimi tan\u0131mlar. Bas\u0131l\u0131 g\u00f6r\u00fcnt\u00fcy\u00fc olu\u015fturan yar\u0131m ton noktalar bask\u0131 i\u015flemi s\u0131ras\u0131nda b\u00fcy\u00fct\u00fcl\u00fcr ve daha koyu bir bas\u0131l\u0131 g\u00f6r\u00fcnt\u00fc elde edilir. Nokta kazanc\u0131 miktar\u0131, kullan\u0131lan bask\u0131 i\u015flemi, ka\u011f\u0131t t\u00fcr\u00fc gibi \u00e7e\u015fitli fakt\u00f6rlere ba\u011fl\u0131d\u0131r...\" class=\"encyclopedia\">Ton de\u011feri art\u0131\u015f\u0131<\/a>'den A (CMY) ve B (K) e\u011frileri <a href=\"http:\/\/blog.proofs.de\/tr\/lexikon\/iso-12647\/\" target=\"_self\" title=\"ISO 12647, bask\u0131dan sorumlu ISO standard\u0131d\u0131r. Standartla\u015ft\u0131r\u0131lm\u0131\u015f, renk do\u011frulu\u011fu olan bask\u0131lar i\u00e7in en \u00f6nemli kilit noktalar\u0131 tan\u0131mlar.\" class=\"encyclopedia\">ISO 12647<\/a>-2:2004) ve bir de\u011fer seti ile kontrol edilir (<a href=\"http:\/\/blog.proofs.de\/tr\/lexikon\/fogra\/\" target=\"_self\" title=\"Merkezi M\u00fcnih&#039;te bulunan Fogra Forschungsgesellschaft Druck e.V..\" class=\"encyclopedia\">FOGRA<\/a>39L). Bir <strong>Kan\u0131t <a href=\"http:\/\/blog.proofs.de\/tr\/lexikon\/naturpapier\/\" target=\"_self\" title=\"Bir kaplama ile bitirilmemi\u015f t\u00fcm ka\u011f\u0131tlar\u0131 ifade eder. Kaplamas\u0131z ka\u011f\u0131t, kaplanmam\u0131\u015f ka\u011f\u0131t olarak da adland\u0131r\u0131l\u0131r.\" class=\"encyclopedia\">Do\u011fal ka\u011f\u0131t<\/a><\/strong> (\u00f6rne\u011fin. <a href=\"http:\/\/blog.proofs.de\/tr\/lexikon\/pso\/\" target=\"_self\" title='PSO, Fogra ve Alman Bask\u0131 ve Medya End\u00fcstrileri Federasyonu taraf\u0131ndan ortakla\u015fa geli\u015ftirilen bir standart olan &quot;ProzessStandard Offsetdruck&quot; anlam\u0131na gelmektedir. ProzessStandard Offset, ofset bask\u0131 i\u00e7in normlar ve standardizasyonlardan olu\u015fan bir koleksiyondur.' class=\"encyclopedia\">PSO<\/a>Uncoated veya ISOUncoated) tamamen farkl\u0131 de\u011ferler setine g\u00f6re \u00fcretilir ve kontrol edilir. Bu mant\u0131kl\u0131d\u0131r, \u00e7\u00fcnk\u00fc do\u011fal ka\u011f\u0131t \u00fczerindeki bask\u0131, renk ve beyazl\u0131k a\u00e7\u0131s\u0131ndan anla\u015f\u0131labilir bir \u015fekilde d<a href=\"http:\/\/blog.proofs.de\/tr\/lexikon\/efi\/\" target=\"_self\" title=\"Electronics For Imaging Inc veya k\u0131saca EFI, bir Amerikan \u015firketi ve d\u00fcnyan\u0131n \u00f6nde gelen prova sistemlerinden birinin \u00fcreticisidir: EFI Colorproof XF, 2013&#039;ten beri: Fiery XF. EFI, b\u00fcy\u00fck bask\u0131 sistemleri, RIP&#039;ler ve prova gibi renk y\u00f6netimi \u00e7\u00f6z\u00fcmleri i\u00e7in bir \u00e7\u00f6z\u00fcm sa\u011flay\u0131c\u0131s\u0131d\u0131r.\" class=\"encyclopedia\">efi<\/a>bask\u0131 ka\u011f\u0131d\u0131na bask\u0131dan farkl\u0131d\u0131r.<\/p>\n<p>Bu nedenle, bir kan\u0131t her zaman bir standarda g\u00f6re olu\u015fturulmal\u0131 ve bir referans de\u011fer setine g\u00f6re do\u011frulanabilir olmal\u0131d\u0131r. <a title=\"G\u00fcncel Proof Profilleri (2012 durumu)\" href=\"https:\/\/shop.proof.de\/de\/info\/Proof-Profile.html\" target=\"_blank\" rel=\"noopener noreferrer\">G\u00fcncel Proof Profilleri listesini (2025 durumu) burada bulabilirsiniz.<\/a>.<\/p>\n<p>Sorun: Renkli lazerde dijital bask\u0131 veya geni\u015f format bask\u0131 sistemi (LFP) gibi bir\u00e7ok bask\u0131 y\u00f6ntemi standartla\u015ft\u0131r\u0131lmam\u0131\u015ft\u0131r ve bu nedenle ge\u00e7erli profiller ve spesifikasyonlar bulunmamaktad\u0131r.<\/p>\n<p><strong>Peki ne yapmal\u0131? \u201eDe Facto Basis\u201c olarak en s\u0131k kullan\u0131lan standart olan ISOCoated V2 kabul g\u00f6rm\u00fc\u015ft\u00fcr.<\/strong><\/p>\n<p>Bu anla\u015f\u0131labilir bir durumdur, \u00e7\u00fcnk\u00fc renk a\u00e7\u0131s\u0131ndan hassas bask\u0131lar, kataloglar vb. \u00e7o\u011funlukla <a href=\"http:\/\/blog.proofs.de\/tr\/lexikon\/offsetdruck\/\" target=\"_self\" title=\"Ofset bask\u0131 dolayl\u0131 bir bask\u0131 i\u015flemidir. Dolayl\u0131, bask\u0131 formunun ve alt tabakan\u0131n birbiriyle do\u011frudan temas etmedi\u011fi, ancak transfer arac\u0131 olarak arada bir ortam\u0131n kullan\u0131ld\u0131\u011f\u0131 anlam\u0131na gelir. En yayg\u0131n kullan\u0131lan bask\u0131 i\u015flemidir. \u015eunlar vard\u0131r: - tabaka beslemeli ofset bask\u0131 makineleri ve - web ofset bask\u0131 makineleri.\" class=\"encyclopedia\">Ofset bask\u0131<\/a> resim bask\u0131 ka\u011f\u0131d\u0131nda \u00fcretilir ve bu nedenle bu standarda tabidir. Bu nedenle, \u00f6rne\u011fin bir dijital yaz\u0131c\u0131 veya bir LFP yaz\u0131c\u0131n\u0131n bu standarda uymas\u0131 ve en az\u0131ndan bu renk sonucunu elde etmesi gerekti\u011fi varsay\u0131l\u0131r.<\/p>\n<p>Yani, e\u011fer bir <a href=\"http:\/\/blog.proofs.de\/tr\/lexikon\/proof-erstellen\/\" target=\"_self\" title='&quot;\u0130spat olu\u015fturmak&quot; dijital bir ispat \u00fcretmek veya \u00fcrettirmek anlam\u0131na gelir. Bu terim &quot;kan\u0131t&quot; kelimesi ile e\u015f anlaml\u0131d\u0131r.' class=\"encyclopedia\">Kan\u0131t olu\u015fturun<\/a> zorunda olursan\u0131z, ancak gerekli profil hakk\u0131nda kesin bilgilere sahip de\u011filseniz, o zaman <a href=\"http:\/\/blog.proofs.de\/tr\/lexikon\/proofen\/\" target=\"_self\" title='&quot;Prova&quot;, bir prova \u00fcretmek veya \u00fcrettirmek anlam\u0131na gelir. &quot;Bro\u015f\u00fcr\u00fcn provas\u0131n\u0131 yapt\u0131rmam gerekiyor&quot; ifadesi, &quot;prova&quot; kelimesinin tipik form\u00fclasyonudur. Bu nedenle prova, mevcut ISO 12647-7 standard\u0131na uygun olarak renkli ve yasal olarak ba\u011flay\u0131c\u0131 bir prova \u00fcretilmesi anlam\u0131na gelir.' class=\"encyclopedia\">kan\u0131t<\/a> \u015e\u00fcphe durumunda ISOCoated V2'yi kullan\u0131n. Bu, sekt\u00f6rde en s\u0131k kullan\u0131lan standart olarak kabul g\u00f6rm\u00fc\u015ft\u00fcr ve bu nedenle her zaman temel kan\u0131t olarak kabul edilecektir.<\/p>\n<p>Profil i\u00e7ermeyen bir prova bask\u0131 maalesef yap\u0131lamaz, \u00e7\u00fcnk\u00fc bu sadece \u201eprova sisteminden \u00e7\u0131kan renkli ka\u011f\u0131t\u201c olur, ancak ge\u00e7erli, ISO uyumlu bir prova bask\u0131 olmaz.<\/p>","protected":false},"excerpt":{"rendered":"<p>Prova hizmeti sa\u011flay\u0131c\u0131lar\u0131na s\u0131k s\u0131k \u015fu soru sorulur: \"Bir prova yapt\u0131rmam gerekiyor, ancak hangi profil i\u00e7in yapt\u0131raca\u011f\u0131m\u0131 bilmiyorum. Profil olmadan da prova yapt\u0131rabilir miyim?\" Prova, belirli bir de\u011ferler dizisine g\u00f6re olu\u015fturulan ve kontrol edilen standartla\u015ft\u0131r\u0131lm\u0131\u015f \u00fcr\u00fcnlerdir. Onlar\u0131 herhangi bir \"renkli \u00e7\u0131kt\u0131dan\" ay\u0131ran \u015fey de tam olarak budur. \u00d6zellikle: G\u00f6r\u00fcnt\u00fc bask\u0131 ka\u011f\u0131d\u0131 i\u00e7in bir prova, ISOCoated V2 standart de\u011ferlerine (ka\u011f\u0131t tipi 1 ve 2, parlak ve mat kaplamal\u0131 g\u00f6r\u00fcnt\u00fc bask\u0131s\u0131, ISO 12647-2:2004'ten A (CMY) ve B (K) nokta kazan\u00e7 e\u011frileri) ve ... <\/p>\n<p class=\"read-more-container\"><a title=\"Profili olmayan bir kan\u0131t. Bu m\u00fcmk\u00fcn m\u00fc?\" class=\"read-more button\" href=\"http:\/\/blog.proofs.de\/tr\/ein-proof-ohne-profil-geht-das\/#more-236\" aria-label=\"Profil i\u00e7ermeyen bir prova bask\u0131 m\u00fcmk\u00fcn m\u00fc? Daha fazla bilgi edinin.\">Daha fazla bilgi edinin<\/a><\/p>","protected":false},"author":2,"featured_media":0,"comment_status":"open","ping_status":"open","sticky":false,"template":"","format":"standard","meta":{"om_disable_all_campaigns":false,"inline_featured_image":false,"_monsterinsights_skip_tracking":false,"footnotes":""},"categories":[1,435,18,443,7],"tags":[544,42,241,519,240,239],"class_list":["post-236","post","type-post","status-publish","format-standard","hentry","category-allgemein","category-farbraeume-und-farbprofile","category-haufige-fragen","category-haeufige-fragen-zu-proofs","category-proof-wissen","tag-iso-12647","tag-isocoated-v2","tag-normierung","tag-proof","tag-proof-ohne-profil","tag-proof-profil","generate-columns","tablet-grid-50","mobile-grid-100","grid-parent","grid-50","no-featured-image-padding"],"aioseo_notices":[],"aioseo_head":"\n\t\t<!-- All in One SEO 5.0.1.1 - aioseo.com -->\n\t<meta name=\"description\" content=\"Der Artikel beleuchtet die h\u00e4ufige Frage, ob ein Proof auch ohne ein Proof Profil hergestellt werden kann, und ob das sinnvoll ist.\" \/>\n\t<meta name=\"robots\" content=\"max-image-preview:large\" \/>\n\t<meta name=\"author\" content=\"Matthias Betz\"\/>\n\t<meta name=\"google-site-verification\" content=\"TuXxyRwxcEg2-WfOaQ8vScWQh3-uBAnxXmY7g3GT90A\" \/>\n\t<meta name=\"keywords\" content=\"proof profil,proof,isocoated v2,proof ohne profil,normierung,iso 12647\" \/>\n\t<link rel=\"canonical\" href=\"http:\/\/blog.proofs.de\/tr\/ein-proof-ohne-profil-geht-das\/\" \/>\n\t<meta name=\"generator\" content=\"All in One SEO (AIOSEO) 5.0.1.1\" \/>\n\n\t\t<meta name=\"seobility\" content=\"593a8578143db71543f014978c690d47\">\n\t\t<meta property=\"og:locale\" content=\"tr_TR\" \/>\n\t\t<meta property=\"og:site_name\" content=\"Proof.de | Alles zu Proof, Farbmanagement, Grafik, Messtechnik &amp; Co.\" \/>\n\t\t<meta property=\"og:type\" content=\"article\" \/>\n\t\t<meta property=\"og:title\" content=\"Ein Proof ohne Profil? Geht das? | proof.de\" \/>\n\t\t<meta property=\"og:description\" content=\"Der Artikel beleuchtet die h\u00e4ufige Frage, ob ein Proof auch ohne ein Proof Profil hergestellt werden kann, und ob das sinnvoll ist.\" \/>\n\t\t<meta property=\"og:url\" content=\"http:\/\/blog.proofs.de\/tr\/ein-proof-ohne-profil-geht-das\/\" \/>\n\t\t<meta property=\"og:image\" content=\"http:\/\/blog1.proofen.de\/wp-content\/uploads\/2020\/04\/proof_background.jpg\" \/>\n\t\t<meta property=\"article:published_time\" content=\"2012-08-23T00:38:19+00:00\" \/>\n\t\t<meta property=\"article:modified_time\" content=\"2020-04-20T12:16:38+00:00\" \/>\n\t\t<meta property=\"article:publisher\" content=\"https:\/\/www.facebook.com\/Proof.de\/\" \/>\n\t\t<meta name=\"twitter:card\" content=\"summary\" \/>\n\t\t<meta name=\"twitter:title\" content=\"Ein Proof ohne Profil? Geht das? | proof.de\" \/>\n\t\t<meta name=\"twitter:description\" content=\"Der Artikel beleuchtet die h\u00e4ufige Frage, ob ein Proof auch ohne ein Proof Profil hergestellt werden kann, und ob das sinnvoll ist.\" \/>\n\t\t<meta name=\"twitter:image\" content=\"https:\/\/blog1.proofen.de\/wp-content\/uploads\/2020\/04\/proof_background.jpg\" \/>\n\t\t<script type=\"application\/ld+json\" class=\"aioseo-schema\">\n\t\t\t{\"@context\":\"https:\\\/\\\/schema.org\",\"@graph\":[{\"@type\":\"Article\",\"@id\":\"http:\\\/\\\/blog.proofs.de\\\/tr\\\/ein-proof-ohne-profil-geht-das\\\/#article\",\"name\":\"Ein Proof ohne Profil? Geht das? | proof.de\",\"headline\":\"Ein Proof ohne Profil. Geht das?\",\"author\":{\"@id\":\"http:\\\/\\\/blog.proofs.de\\\/tr\\\/author\\\/mbetz\\\/#author\"},\"publisher\":{\"@id\":\"http:\\\/\\\/blog.proofs.de\\\/tr\\\/#organization\"},\"image\":{\"@type\":\"ImageObject\",\"url\":\"https:\\\/\\\/blog1.proofen.de\\\/wp-content\\\/uploads\\\/2019\\\/09\\\/logo_proof_rgb_mit_balken_250px.png\",\"@id\":\"http:\\\/\\\/blog.proofs.de\\\/tr\\\/#articleImage\"},\"datePublished\":\"2012-08-23T02:38:19+02:00\",\"dateModified\":\"2020-04-20T14:16:38+02:00\",\"inLanguage\":\"tr-TR\",\"mainEntityOfPage\":{\"@id\":\"http:\\\/\\\/blog.proofs.de\\\/tr\\\/ein-proof-ohne-profil-geht-das\\\/#webpage\"},\"isPartOf\":{\"@id\":\"http:\\\/\\\/blog.proofs.de\\\/tr\\\/ein-proof-ohne-profil-geht-das\\\/#webpage\"},\"articleSection\":\"Allgemein, Farbr\\u00e4ume und Farbprofile, H\\u00e4ufige Fragen, H\\u00e4ufige Fragen zu Proofs, Proof Wissen, ISO 12647, ISOCoated V2, Normierung, Proof, Proof ohne Profil, Proof Profil\"},{\"@type\":\"BreadcrumbList\",\"@id\":\"http:\\\/\\\/blog.proofs.de\\\/tr\\\/ein-proof-ohne-profil-geht-das\\\/#breadcrumblist\",\"itemListElement\":[{\"@type\":\"ListItem\",\"@id\":\"http:\\\/\\\/blog.proofs.de\\\/tr#listItem\",\"position\":1,\"name\":\"Home\",\"item\":\"http:\\\/\\\/blog.proofs.de\\\/tr\",\"nextItem\":{\"@type\":\"ListItem\",\"@id\":\"http:\\\/\\\/blog.proofs.de\\\/tr\\\/thema\\\/proof-wissen\\\/#listItem\",\"name\":\"Proof Wissen\"}},{\"@type\":\"ListItem\",\"@id\":\"http:\\\/\\\/blog.proofs.de\\\/tr\\\/thema\\\/proof-wissen\\\/#listItem\",\"position\":2,\"name\":\"Proof Wissen\",\"item\":\"http:\\\/\\\/blog.proofs.de\\\/tr\\\/thema\\\/proof-wissen\\\/\",\"nextItem\":{\"@type\":\"ListItem\",\"@id\":\"http:\\\/\\\/blog.proofs.de\\\/tr\\\/thema\\\/proof-wissen\\\/farbraeume-und-farbprofile\\\/#listItem\",\"name\":\"Farbr\\u00e4ume und Farbprofile\"},\"previousItem\":{\"@type\":\"ListItem\",\"@id\":\"http:\\\/\\\/blog.proofs.de\\\/tr#listItem\",\"name\":\"Home\"}},{\"@type\":\"ListItem\",\"@id\":\"http:\\\/\\\/blog.proofs.de\\\/tr\\\/thema\\\/proof-wissen\\\/farbraeume-und-farbprofile\\\/#listItem\",\"position\":3,\"name\":\"Farbr\\u00e4ume und Farbprofile\",\"item\":\"http:\\\/\\\/blog.proofs.de\\\/tr\\\/thema\\\/proof-wissen\\\/farbraeume-und-farbprofile\\\/\",\"nextItem\":{\"@type\":\"ListItem\",\"@id\":\"http:\\\/\\\/blog.proofs.de\\\/tr\\\/ein-proof-ohne-profil-geht-das\\\/#listItem\",\"name\":\"Ein Proof ohne Profil. Geht das?\"},\"previousItem\":{\"@type\":\"ListItem\",\"@id\":\"http:\\\/\\\/blog.proofs.de\\\/tr\\\/thema\\\/proof-wissen\\\/#listItem\",\"name\":\"Proof Wissen\"}},{\"@type\":\"ListItem\",\"@id\":\"http:\\\/\\\/blog.proofs.de\\\/tr\\\/ein-proof-ohne-profil-geht-das\\\/#listItem\",\"position\":4,\"name\":\"Ein Proof ohne Profil. Geht das?\",\"previousItem\":{\"@type\":\"ListItem\",\"@id\":\"http:\\\/\\\/blog.proofs.de\\\/tr\\\/thema\\\/proof-wissen\\\/farbraeume-und-farbprofile\\\/#listItem\",\"name\":\"Farbr\\u00e4ume und Farbprofile\"}}]},{\"@type\":\"Organization\",\"@id\":\"http:\\\/\\\/blog.proofs.de\\\/tr\\\/#organization\",\"name\":\"Proof GmbH\",\"description\":\"Farbverbindlicher Proof, Farbproof, Digitalproof und Online-Proof.\",\"url\":\"http:\\\/\\\/blog.proofs.de\\\/tr\\\/\",\"telephone\":\"+4970717952740\",\"logo\":{\"@type\":\"ImageObject\",\"url\":\"https:\\\/\\\/blog1.proofen.de\\\/wp-content\\\/uploads\\\/2019\\\/09\\\/logo_proof_rgb_mit_balken_250px.png\",\"@id\":\"http:\\\/\\\/blog.proofs.de\\\/tr\\\/ein-proof-ohne-profil-geht-das\\\/#organizationLogo\"},\"image\":{\"@id\":\"http:\\\/\\\/blog.proofs.de\\\/tr\\\/ein-proof-ohne-profil-geht-das\\\/#organizationLogo\"},\"sameAs\":[\"https:\\\/\\\/www.facebook.com\\\/Proof.de\\\/\",\"https:\\\/\\\/www.instagram.com\\\/proof.de\\\/\",\"https:\\\/\\\/www.tiktok.com\\\/@proof_de\",\"https:\\\/\\\/www.youtube.com\\\/channel\\\/UCk80fQVQ25wC9wu3SywB-Nw\",\"https:\\\/\\\/www.linkedin.com\\\/company\\\/proof-de\"]},{\"@type\":\"Person\",\"@id\":\"http:\\\/\\\/blog.proofs.de\\\/tr\\\/author\\\/mbetz\\\/#author\",\"url\":\"http:\\\/\\\/blog.proofs.de\\\/tr\\\/author\\\/mbetz\\\/\",\"name\":\"Matthias Betz\",\"image\":{\"@type\":\"ImageObject\",\"@id\":\"http:\\\/\\\/blog.proofs.de\\\/tr\\\/ein-proof-ohne-profil-geht-das\\\/#authorImage\",\"url\":\"https:\\\/\\\/blog.proofs.de\\\/wp-content\\\/uploads\\\/2020\\\/10\\\/matthias-betz-e1603934518350-150x150.png\",\"width\":96,\"height\":96,\"caption\":\"Matthias Betz\"}},{\"@type\":\"WebPage\",\"@id\":\"http:\\\/\\\/blog.proofs.de\\\/tr\\\/ein-proof-ohne-profil-geht-das\\\/#webpage\",\"url\":\"http:\\\/\\\/blog.proofs.de\\\/tr\\\/ein-proof-ohne-profil-geht-das\\\/\",\"name\":\"Ein Proof ohne Profil? Geht das? | proof.de\",\"description\":\"Der Artikel beleuchtet die h\\u00e4ufige Frage, ob ein Proof auch ohne ein Proof Profil hergestellt werden kann, und ob das sinnvoll ist.\",\"inLanguage\":\"tr-TR\",\"isPartOf\":{\"@id\":\"http:\\\/\\\/blog.proofs.de\\\/tr\\\/#website\"},\"breadcrumb\":{\"@id\":\"http:\\\/\\\/blog.proofs.de\\\/tr\\\/ein-proof-ohne-profil-geht-das\\\/#breadcrumblist\"},\"author\":{\"@id\":\"http:\\\/\\\/blog.proofs.de\\\/tr\\\/author\\\/mbetz\\\/#author\"},\"creator\":{\"@id\":\"http:\\\/\\\/blog.proofs.de\\\/tr\\\/author\\\/mbetz\\\/#author\"},\"datePublished\":\"2012-08-23T02:38:19+02:00\",\"dateModified\":\"2020-04-20T14:16:38+02:00\"},{\"@type\":\"WebSite\",\"@id\":\"http:\\\/\\\/blog.proofs.de\\\/tr\\\/#website\",\"url\":\"http:\\\/\\\/blog.proofs.de\\\/tr\\\/\",\"name\":\"Proof.de\",\"description\":\"Farbverbindlicher Proof, Farbproof, Digitalproof und Online-Proof.\",\"inLanguage\":\"tr-TR\",\"publisher\":{\"@id\":\"http:\\\/\\\/blog.proofs.de\\\/tr\\\/#organization\"}}]}\n\t\t<\/script>\n\t\t<!-- All in One SEO -->\n\n","aioseo_head_json":{"title":"Profilsiz bir prova m\u0131? Bu m\u00fcmk\u00fcn m\u00fc? | proof.de","description":"Bu makale, bir prova profil olmadan da prova bas\u0131labilece\u011fi ve bunun mant\u0131kl\u0131 olup olmad\u0131\u011f\u0131 gibi s\u0131k\u00e7a sorulan sorular\u0131 ele almaktad\u0131r.","canonical_url":"http:\/\/blog.proofs.de\/tr\/ein-proof-ohne-profil-geht-das\/","robots":"max-image-preview:large","keywords":"proof profil,proof,isocoated v2,proof ohne profil,normierung,iso 12647","webmasterTools":{"google-site-verification":"TuXxyRwxcEg2-WfOaQ8vScWQh3-uBAnxXmY7g3GT90A","miscellaneous":"&lt;meta name=\"seobility\" content=\"593a8578143db71543f014978c690d47\"&gt;"},"schema":{"@context":"https:\/\/schema.org","@graph":[{"@type":"Article","@id":"http:\/\/blog.proofs.de\/tr\/ein-proof-ohne-profil-geht-das\/#article","name":"Ein Proof ohne Profil? Geht das? | proof.de","headline":"Ein Proof ohne Profil. Geht das?","author":{"@id":"http:\/\/blog.proofs.de\/tr\/author\/mbetz\/#author"},"publisher":{"@id":"http:\/\/blog.proofs.de\/tr\/#organization"},"image":{"@type":"ImageObject","url":"https:\/\/blog1.proofen.de\/wp-content\/uploads\/2019\/09\/logo_proof_rgb_mit_balken_250px.png","@id":"http:\/\/blog.proofs.de\/tr\/#articleImage"},"datePublished":"2012-08-23T02:38:19+02:00","dateModified":"2020-04-20T14:16:38+02:00","inLanguage":"tr-TR","mainEntityOfPage":{"@id":"http:\/\/blog.proofs.de\/tr\/ein-proof-ohne-profil-geht-das\/#webpage"},"isPartOf":{"@id":"http:\/\/blog.proofs.de\/tr\/ein-proof-ohne-profil-geht-das\/#webpage"},"articleSection":"Allgemein, Farbr\u00e4ume und Farbprofile, H\u00e4ufige Fragen, H\u00e4ufige Fragen zu Proofs, Proof Wissen, ISO 12647, ISOCoated V2, Normierung, Proof, Proof ohne Profil, Proof Profil"},{"@type":"BreadcrumbList","@id":"http:\/\/blog.proofs.de\/tr\/ein-proof-ohne-profil-geht-das\/#breadcrumblist","itemListElement":[{"@type":"ListItem","@id":"http:\/\/blog.proofs.de\/tr#listItem","position":1,"name":"Home","item":"http:\/\/blog.proofs.de\/tr","nextItem":{"@type":"ListItem","@id":"http:\/\/blog.proofs.de\/tr\/thema\/proof-wissen\/#listItem","name":"Proof Wissen"}},{"@type":"ListItem","@id":"http:\/\/blog.proofs.de\/tr\/thema\/proof-wissen\/#listItem","position":2,"name":"Proof Wissen","item":"http:\/\/blog.proofs.de\/tr\/thema\/proof-wissen\/","nextItem":{"@type":"ListItem","@id":"http:\/\/blog.proofs.de\/tr\/thema\/proof-wissen\/farbraeume-und-farbprofile\/#listItem","name":"Farbr\u00e4ume und Farbprofile"},"previousItem":{"@type":"ListItem","@id":"http:\/\/blog.proofs.de\/tr#listItem","name":"Home"}},{"@type":"ListItem","@id":"http:\/\/blog.proofs.de\/tr\/thema\/proof-wissen\/farbraeume-und-farbprofile\/#listItem","position":3,"name":"Farbr\u00e4ume und Farbprofile","item":"http:\/\/blog.proofs.de\/tr\/thema\/proof-wissen\/farbraeume-und-farbprofile\/","nextItem":{"@type":"ListItem","@id":"http:\/\/blog.proofs.de\/tr\/ein-proof-ohne-profil-geht-das\/#listItem","name":"Ein Proof ohne Profil. Geht das?"},"previousItem":{"@type":"ListItem","@id":"http:\/\/blog.proofs.de\/tr\/thema\/proof-wissen\/#listItem","name":"Proof Wissen"}},{"@type":"ListItem","@id":"http:\/\/blog.proofs.de\/tr\/ein-proof-ohne-profil-geht-das\/#listItem","position":4,"name":"Ein Proof ohne Profil. Geht das?","previousItem":{"@type":"ListItem","@id":"http:\/\/blog.proofs.de\/tr\/thema\/proof-wissen\/farbraeume-und-farbprofile\/#listItem","name":"Farbr\u00e4ume und Farbprofile"}}]},{"@type":"Organization","@id":"http:\/\/blog.proofs.de\/tr\/#organization","name":"Proof GmbH","description":"Farbverbindlicher Proof, Farbproof, Digitalproof und Online-Proof.","url":"http:\/\/blog.proofs.de\/tr\/","telephone":"+4970717952740","logo":{"@type":"ImageObject","url":"https:\/\/blog1.proofen.de\/wp-content\/uploads\/2019\/09\/logo_proof_rgb_mit_balken_250px.png","@id":"http:\/\/blog.proofs.de\/tr\/ein-proof-ohne-profil-geht-das\/#organizationLogo"},"image":{"@id":"http:\/\/blog.proofs.de\/tr\/ein-proof-ohne-profil-geht-das\/#organizationLogo"},"sameAs":["https:\/\/www.facebook.com\/Proof.de\/","https:\/\/www.instagram.com\/proof.de\/","https:\/\/www.tiktok.com\/@proof_de","https:\/\/www.youtube.com\/channel\/UCk80fQVQ25wC9wu3SywB-Nw","https:\/\/www.linkedin.com\/company\/proof-de"]},{"@type":"Person","@id":"http:\/\/blog.proofs.de\/tr\/author\/mbetz\/#author","url":"http:\/\/blog.proofs.de\/tr\/author\/mbetz\/","name":"Matthias Betz","image":{"@type":"ImageObject","@id":"http:\/\/blog.proofs.de\/tr\/ein-proof-ohne-profil-geht-das\/#authorImage","url":"https:\/\/blog.proofs.de\/wp-content\/uploads\/2020\/10\/matthias-betz-e1603934518350-150x150.png","width":96,"height":96,"caption":"Matthias Betz"}},{"@type":"WebPage","@id":"http:\/\/blog.proofs.de\/tr\/ein-proof-ohne-profil-geht-das\/#webpage","url":"http:\/\/blog.proofs.de\/tr\/ein-proof-ohne-profil-geht-das\/","name":"Ein Proof ohne Profil? Geht das? | proof.de","description":"Der Artikel beleuchtet die h\u00e4ufige Frage, ob ein Proof auch ohne ein Proof Profil hergestellt werden kann, und ob das sinnvoll ist.","inLanguage":"tr-TR","isPartOf":{"@id":"http:\/\/blog.proofs.de\/tr\/#website"},"breadcrumb":{"@id":"http:\/\/blog.proofs.de\/tr\/ein-proof-ohne-profil-geht-das\/#breadcrumblist"},"author":{"@id":"http:\/\/blog.proofs.de\/tr\/author\/mbetz\/#author"},"creator":{"@id":"http:\/\/blog.proofs.de\/tr\/author\/mbetz\/#author"},"datePublished":"2012-08-23T02:38:19+02:00","dateModified":"2020-04-20T14:16:38+02:00"},{"@type":"WebSite","@id":"http:\/\/blog.proofs.de\/tr\/#website","url":"http:\/\/blog.proofs.de\/tr\/","name":"Proof.de","description":"Farbverbindlicher Proof, Farbproof, Digitalproof und Online-Proof.","inLanguage":"tr-TR","publisher":{"@id":"http:\/\/blog.proofs.de\/tr\/#organization"}}]},"og:locale":"tr_TR","og:site_name":"Proof.de | Alles zu Proof, Farbmanagement, Grafik, Messtechnik &amp; Co.","og:type":"article","og:title":"Ein Proof ohne Profil? Geht das? | proof.de","og:description":"Der Artikel beleuchtet die h\u00e4ufige Frage, ob ein Proof auch ohne ein Proof Profil hergestellt werden kann, und ob das sinnvoll ist.","og:url":"http:\/\/blog.proofs.de\/tr\/ein-proof-ohne-profil-geht-das\/","og:image":"http:\/\/blog1.proofen.de\/wp-content\/uploads\/2020\/04\/proof_background.jpg","article:published_time":"2012-08-23T00:38:19+00:00","article:modified_time":"2020-04-20T12:16:38+00:00","article:publisher":"https:\/\/www.facebook.com\/Proof.de\/","twitter:card":"summary","twitter:title":"Ein Proof ohne Profil? Geht das? | proof.de","twitter:description":"Der Artikel beleuchtet die h\u00e4ufige Frage, ob ein Proof auch ohne ein Proof Profil hergestellt werden kann, und ob das sinnvoll ist.","twitter:image":"https:\/\/blog1.proofen.de\/wp-content\/uploads\/2020\/04\/proof_background.jpg"},"aioseo_meta_data":{"post_id":"236","title":"Ein Proof ohne Profil? Geht das? |\u00a0proof.de","description":"Bu makale, bir prova profil olmadan da prova bas\u0131labilece\u011fi ve bunun mant\u0131kl\u0131 olup olmad\u0131\u011f\u0131 gibi s\u0131k\u00e7a sorulan sorular\u0131 ele almaktad\u0131r.","keywords":[{"label":"Proof Profil","value":"Proof Profil"},{"label":"Proof","value":"Proof"},{"label":"ISOCoated V2","value":"ISOCoated V2"},{"label":"Proof ohne Profil","value":"Proof ohne Profil"},{"label":"Normierung","value":"Normierung"},{"label":"ISO 12647","value":"ISO 12647"}],"keyphrases":null,"primary_term":null,"canonical_url":null,"og_title":null,"og_description":null,"og_object_type":"default","og_image_type":"default","og_image_url":null,"og_image_width":null,"og_image_height":null,"og_image_custom_url":null,"og_image_custom_fields":null,"og_video":null,"og_custom_url":null,"og_article_section":null,"og_article_tags":null,"twitter_use_og":false,"twitter_card":"default","twitter_image_type":"default","twitter_image_url":null,"twitter_image_custom_url":null,"twitter_image_custom_fields":null,"twitter_title":null,"twitter_description":null,"schema":{"blockGraphs":[],"customGraphs":[],"default":{"data":{"Article":[],"Course":[],"Dataset":[],"FAQPage":[],"Movie":[],"Person":[],"Product":[],"ProductReview":[],"Car":[],"Recipe":[],"Service":[],"SoftwareApplication":[],"WebPage":[]},"graphName":"","isEnabled":true},"graphs":[]},"schema_type":null,"schema_type_options":null,"pillar_content":false,"robots_default":true,"robots_noindex":false,"robots_noarchive":false,"robots_nosnippet":false,"robots_nofollow":false,"robots_noimageindex":false,"robots_noodp":false,"robots_notranslate":false,"robots_max_snippet":null,"robots_max_videopreview":null,"robots_max_imagepreview":"large","priority":null,"frequency":null,"local_seo":null,"breadcrumb_settings":null,"limit_modified_date":false,"ai":null,"created":"2020-12-21 00:36:00","updated":"2025-06-04 14:11:56","seo_analyzer_scan_date":null,"focus_keyword":null,"additional_keywords":null,"truseo_locale":null},"_links":{"self":[{"href":"http:\/\/blog.proofs.de\/tr\/wp-json\/wp\/v2\/posts\/236","targetHints":{"allow":["GET"]}}],"collection":[{"href":"http:\/\/blog.proofs.de\/tr\/wp-json\/wp\/v2\/posts"}],"about":[{"href":"http:\/\/blog.proofs.de\/tr\/wp-json\/wp\/v2\/types\/post"}],"author":[{"embeddable":true,"href":"http:\/\/blog.proofs.de\/tr\/wp-json\/wp\/v2\/users\/2"}],"replies":[{"embeddable":true,"href":"http:\/\/blog.proofs.de\/tr\/wp-json\/wp\/v2\/comments?post=236"}],"version-history":[{"count":8,"href":"http:\/\/blog.proofs.de\/tr\/wp-json\/wp\/v2\/posts\/236\/revisions"}],"predecessor-version":[{"id":6000,"href":"http:\/\/blog.proofs.de\/tr\/wp-json\/wp\/v2\/posts\/236\/revisions\/6000"}],"wp:attachment":[{"href":"http:\/\/blog.proofs.de\/tr\/wp-json\/wp\/v2\/media?parent=236"}],"wp:term":[{"taxonomy":"category","embeddable":true,"href":"http:\/\/blog.proofs.de\/tr\/wp-json\/wp\/v2\/categories?post=236"},{"taxonomy":"post_tag","embeddable":true,"href":"http:\/\/blog.proofs.de\/tr\/wp-json\/wp\/v2\/tags?post=236"}],"curies":[{"name":"wp","href":"https:\/\/api.w.org\/{rel}","templated":true}]}}