{"id":69,"date":"2012-01-25T10:21:52","date_gmt":"2012-01-25T09:21:52","guid":{"rendered":"http:\/\/www.proof.de\/?p=69"},"modified":"2020-05-08T11:50:00","modified_gmt":"2020-05-08T09:50:00","slug":"provalar-ne-kadar-dogru-renkte","status":"publish","type":"post","link":"http:\/\/blog.proofs.de\/tr\/wie-farbverbindlich-sind-proofs\/","title":{"rendered":"Prova renkleri ne kadar do\u011fru?"},"content":{"rendered":"<div class=\"kk-star-ratings kksr-auto kksr-align-right kksr-valign-top\" data-payload='{\"align\":\"right\",\"id\":\"69\",\"slug\":\"default\",\"valign\":\"top\",\"ignore\":\"\",\"reference\":\"auto\",\"class\":\"\",\"count\":\"0\",\"legendonly\":\"\",\"readonly\":\"\",\"score\":\"0\",\"starsonly\":\"\",\"best\":\"5\",\"gap\":\"5\",\"greet\":\"Jetzt bewerten\",\"legend\":\"0\\\/5 - (0 votes)\",\"size\":\"24\",\"title\":\"Wie farbverbindlich sind Proofs?\",\"width\":\"0\",\"_legend\":\"{score}\\\/{best} - ({count} {votes})\",\"font_factor\":\"1.25\"}'>\n            \n<div class=\"kksr-stars\">\n    \n<div class=\"kksr-stars-inactive\">\n            <div class=\"kksr-star\" data-star=\"1\" style=\"padding-right: 5px\">\n            \n\n<div class=\"kksr-icon\" style=\"width: 24px; height: 24px;\"><\/div>\n        <\/div>\n            <div class=\"kksr-star\" data-star=\"2\" style=\"padding-right: 5px\">\n            \n\n<div class=\"kksr-icon\" style=\"width: 24px; height: 24px;\"><\/div>\n        <\/div>\n            <div class=\"kksr-star\" data-star=\"3\" style=\"padding-right: 5px\">\n            \n\n<div class=\"kksr-icon\" style=\"width: 24px; height: 24px;\"><\/div>\n        <\/div>\n            <div class=\"kksr-star\" data-star=\"4\" style=\"padding-right: 5px\">\n            \n\n<div class=\"kksr-icon\" style=\"width: 24px; height: 24px;\"><\/div>\n        <\/div>\n            <div class=\"kksr-star\" data-star=\"5\" style=\"padding-right: 5px\">\n            \n\n<div class=\"kksr-icon\" style=\"width: 24px; height: 24px;\"><\/div>\n        <\/div>\n    <\/div>\n    \n<div class=\"kksr-stars-active\" style=\"width: 0px;\">\n            <div class=\"kksr-star\" style=\"padding-right: 5px\">\n            \n\n<div class=\"kksr-icon\" style=\"width: 24px; height: 24px;\"><\/div>\n        <\/div>\n            <div class=\"kksr-star\" style=\"padding-right: 5px\">\n            \n\n<div class=\"kksr-icon\" style=\"width: 24px; height: 24px;\"><\/div>\n        <\/div>\n            <div class=\"kksr-star\" style=\"padding-right: 5px\">\n            \n\n<div class=\"kksr-icon\" style=\"width: 24px; height: 24px;\"><\/div>\n        <\/div>\n            <div class=\"kksr-star\" style=\"padding-right: 5px\">\n            \n\n<div class=\"kksr-icon\" style=\"width: 24px; height: 24px;\"><\/div>\n        <\/div>\n            <div class=\"kksr-star\" style=\"padding-right: 5px\">\n            \n\n<div class=\"kksr-icon\" style=\"width: 24px; height: 24px;\"><\/div>\n        <\/div>\n    <\/div>\n<\/div>\n                \n\n<div class=\"kksr-legend\" style=\"font-size: 19.2px;\">\n            <span class=\"kksr-muted\">\u015eimdi de\u011ferlendirin<\/span>\n    <\/div>\n    <\/div>\n<p><strong>A <a href=\"http:\/\/blog.proofs.de\/tr\/lexikon\/proof\/\" target=\"_self\" title=\"Dijital prova (do\u011frusu: kontrat provas\u0131), grafik sanatlar end\u00fcstrisi i\u00e7in ISO 12647-7 sertifikal\u0131 bir test cihaz\u0131d\u0131r. Dijital prova, ofset bask\u0131 veya grav\u00fcr bask\u0131n\u0131n renklili\u011fini ISO standard\u0131n\u0131n dar toleranslar\u0131 dahilinde renkli ve yasal olarak ba\u011flay\u0131c\u0131 bir \u015fekilde sim\u00fcle eder.\" class=\"encyclopedia\">Kan\u0131t<\/a> \u015fu anda ge\u00e7erli olan ISO standard\u0131 12647-7'ye g\u00f6re olu\u015fturulur ve bir <a href=\"http:\/\/blog.proofs.de\/tr\/lexikon\/ugra\/\" target=\"_self\" title=\"UGRA, medya ve bask\u0131 teknolojisi alan\u0131nda yetkinlik merkezidir.\" class=\"encyclopedia\">UGRA<\/a>-<a href=\"http:\/\/blog.proofs.de\/tr\/lexikon\/fogra\/\" target=\"_self\" title=\"Merkezi M\u00fcnih&#039;te bulunan Fogra Forschungsgesellschaft Druck e.V..\" class=\"encyclopedia\">Fogra<\/a> <a href=\"http:\/\/blog.proofs.de\/tr\/lexikon\/medienkeil\/\" target=\"_self\" title=\"Medya takozu, bask\u0131 end\u00fcstrisinde ve renk y\u00f6netiminde kullan\u0131lan standartla\u015ft\u0131r\u0131lm\u0131\u015f bir test desenidir. Medya takozu, bilinen renk de\u011ferleri ve renk yo\u011funluklar\u0131na sahip bir dizi renk yamas\u0131ndan olu\u015fur. \u00d6zellikle renk y\u00f6netim sistemlerini kalibre ederken bask\u0131lar\u0131n renk do\u011frulu\u011funu ve renk reprod\u00fcksiyonunu kontrol etmek i\u00e7in kullan\u0131l\u0131r. Medya takozu, farkl\u0131 renklere sahip bir dizi renk yamas\u0131 i\u00e7erir...\" class=\"encyclopedia\">Medya takozu<\/a> ve test raporu renk kodludur ve yasal olarak ba\u011flay\u0131c\u0131d\u0131r.<\/strong><\/p>\n<p><strong>Bu kontrol nas\u0131l \u00e7al\u0131\u015f\u0131yor?<\/strong><\/p>\n<p>UGRA\/Fogra medya takozu ile bir kan\u0131ta ihtiyac\u0131n\u0131z var m\u0131 <a href=\"http:\/\/blog.proofs.de\/tr\/lexikon\/cmyk\/\" target=\"_self\" title='CMYK, d\u00f6rt bask\u0131 rengi olan camg\u00f6be\u011fi, macenta, sar\u0131 ve &quot;anahtar&quot; (siyah veya siyah bile\u015fen) anlam\u0131na gelir.' class=\"encyclopedia\">CMYK<\/a> V3.0, test raporunun verilerinize eklenebilece\u011fi iki yol vard\u0131r.<\/p>\n<ol>\n<li>Entegre bir \u00f6l\u00e7\u00fcm cihaz\u0131na sahip prova cihazlar\u0131nda, 3\u00d724 standart renk yamal\u0131 medya takozu do\u011frudan prova verilerinin alt\u0131na bas\u0131l\u0131r. Bu medya dilimi do\u011frudan prova cihaz\u0131nda \u00f6l\u00e7\u00fcm cihaz\u0131ndaki bir t\u00fcr \"sa\u00e7 kurutma makinesine\" ta\u015f\u0131n\u0131r ve orada kurutulur. Birka\u00e7 dakika kuruduktan sonra, medya takozu devam eder ve do\u011frudan prova cihaz\u0131nda \u00f6l\u00e7\u00fcl\u00fcr. Bu i\u015flem birka\u00e7 dakika s\u00fcrer. Bu \u015fekilde belirlenen \u00f6l\u00e7\u00fcm de\u011ferleri <a href=\"http:\/\/blog.proofs.de\/tr\/lexikon\/proofs\/\" target=\"_self\" title=\"Bask\u0131 sekt\u00f6r\u00fcnde provalar (veya test bask\u0131lar\u0131), kontrol amac\u0131yla bir bask\u0131 sonucunun renk a\u00e7\u0131s\u0131ndan do\u011fru ve yasal olarak ba\u011flay\u0131c\u0131 sim\u00fclasyonunu ifade eder. Provalardan sorumlu standart ISO 12647-7:2016&#039;d\u0131r, yani 2016&#039;daki g\u00fcncel revizyondur.\" class=\"encyclopedia\">Kan\u0131tlar<\/a>erver'a g\u00f6nderilir ve orada analiz edilir. Renk de\u011ferleri do\u011fruysa ve kat\u0131 ISO standard\u0131n\u0131n toleranslar\u0131 dahilindeyse, \u00f6l\u00e7\u00fcm\u00fcn bir test raporu do\u011frudan medya takozunun alt\u0131na yazd\u0131r\u0131l\u0131r ve bu da size ProcessStandard uyar\u0131nca renk do\u011frulu\u011funu g\u00f6sterir. <a href=\"http:\/\/blog.proofs.de\/tr\/lexikon\/offsetdruck\/\" target=\"_self\" title=\"Ofset bask\u0131 dolayl\u0131 bir bask\u0131 i\u015flemidir. Dolayl\u0131, bask\u0131 formunun ve alt tabakan\u0131n birbiriyle do\u011frudan temas etmedi\u011fi, ancak transfer arac\u0131 olarak arada bir ortam\u0131n kullan\u0131ld\u0131\u011f\u0131 anlam\u0131na gelir. En yayg\u0131n kullan\u0131lan bask\u0131 i\u015flemidir. \u015eunlar vard\u0131r: - tabaka beslemeli ofset bask\u0131 makineleri ve - web ofset bask\u0131 makineleri.\" class=\"encyclopedia\">Ofset bask\u0131<\/a> garantili.<\/li>\n<li>Entegre \u00f6l\u00e7\u00fcm cihaz\u0131 olmayan prova cihazlar\u0131 i\u00e7in <a href=\"http:\/\/blog.proofs.de\/tr\/lexikon\/led\/\" target=\"_self\" title='LED, &quot;\u0131\u015f\u0131k yayan diyot&quot; anlam\u0131na gelir ve grafik end\u00fcstrisinde neon t\u00fcpler ve tungsten lambalar gibi eski \u0131\u015f\u0131k kaynaklar\u0131n\u0131n yerini alan yeni &quot;LED&quot; \u0131\u015f\u0131k anlam\u0131na gelir. Neon t\u00fcpler \u00e7o\u011funlukla D50 veya D65 standart \u0131\u015f\u0131k aral\u0131\u011f\u0131ndan bilinirken, tungsten \u0131\u015f\u0131k kaynaklar\u0131 \u00e7o\u011funlukla spektrofotometreler ve kolorimetreler gibi renk \u00f6l\u00e7\u00fcm cihazlar\u0131nda kullan\u0131l\u0131yordu....' class=\"encyclopedia\">led<\/a>Prova verilerinin alt\u0131na yaln\u0131zca standartla\u015ft\u0131r\u0131lm\u0131\u015f medya takozu bas\u0131l\u0131r. Daha sonra ve prova yaz\u0131c\u0131s\u0131n\u0131n d\u0131\u015f\u0131nda bir kontrol ger\u00e7ekle\u015ftirilir. Medya takozu daha sonra harici bir \u00f6l\u00e7\u00fcm cihaz\u0131 ile \u00f6l\u00e7\u00fcl\u00fcr ve hedef ve tolerans de\u011ferleri a\u015fa\u011f\u0131dakiler taraf\u0131ndan kontrol edilir <a href=\"http:\/\/blog.proofs.de\/tr\/lexikon\/lab\/\" target=\"_self\" title=\"CIELAB veya LAB, kesin renk hesaplamas\u0131n\u0131n gerekli oldu\u011fu her yerde kendini kabul ettirmi\u015f matematiksel bir renk modelidir. Bilgisayar renk y\u00f6netimi genellikle CIELAB \u00fczerinden \u00e7al\u0131\u015f\u0131r.\" class=\"encyclopedia\">Laboratuvar<\/a>eld yaz\u0131c\u0131. Bu etiket daha sonra do\u011frudan medya takozunun alt\u0131na yap\u0131\u015ft\u0131r\u0131l\u0131r.<\/li>\n<\/ol>\n<p><strong>Medya takozunun do\u011frudan prova cihaz\u0131nda otomatik olarak olu\u015fturulmas\u0131n\u0131n ve kontrol edilmesinin avantaj\u0131 nedir?<br>\n<\/strong><\/p>\n<ul>\n<li>- \u00d6l\u00e7\u00fcm, prova bask\u0131s\u0131ndan hemen sonra otomatik olarak ger\u00e7ekle\u015ftirilir ve manuel kullan\u0131m hatalar\u0131ndan kaynaklanan \u00f6l\u00e7\u00fcm hatalar\u0131n\u0131 ortadan kald\u0131r\u0131r. Test raporu daha sonra \"yap\u0131\u015ft\u0131r\u0131lmad\u0131\u011f\u0131\" i\u00e7in, genellikle oldu\u011fu gibi, tahrifat da ortadan kald\u0131r\u0131l\u0131r.<\/li>\n<\/ul>\n<p>Test protokol\u00fc, medya takozu ve UGRA\/Fogra'n\u0131n \u00e7al\u0131\u015fmalar\u0131 ve sorumluluklar\u0131 hakk\u0131nda daha fazla bilgi i\u00e7in <a href=\"http:\/\/www.ugra.ch\/\" target=\"_blank\" rel=\"noopener noreferrer\">www.ugra.ch<\/a> ve <a href=\"http:\/\/www.fogra.org\/\" target=\"_blank\" rel=\"noopener noreferrer\">www.fogra.org<\/a>.<\/p>","protected":false},"excerpt":{"rendered":"<p>\u015eu anda ge\u00e7erli olan ISO standard\u0131 12647-7 uyar\u0131nca bir prova olu\u015fturulur ve bir UGRA-Fogra medya takozu ve test raporu ile renk ba\u011flay\u0131c\u0131 ve yasal olarak ba\u011flay\u0131c\u0131d\u0131r. Bu do\u011frulama nas\u0131l \u00e7al\u0131\u015f\u0131r? UGRA\/Fogra medya takozu CMYK V3.0 ile bir provaya ihtiyac\u0131n\u0131z varsa, test raporunun verilerinize eklenebilece\u011fi iki yol vard\u0131r. Entegre \u00f6l\u00e7\u00fcm cihaz\u0131na sahip prova cihazlar\u0131 i\u00e7in, 3\u00d724 standartla\u015ft\u0131r\u0131lm\u0131\u015f renk yamalar\u0131na sahip medya takozu do\u011frudan prova verilerinin alt\u0131na bas\u0131l\u0131r. Bu medya dilimi do\u011frudan prova cihaz\u0131nda \u00f6l\u00e7\u00fcm cihaz\u0131ndaki bir t\u00fcr \"sa\u00e7 kurutma makinesine\" ta\u015f\u0131n\u0131r ve orada kurutulur. Birka\u00e7 dakika kuruduktan sonra, medya takozu devam eder ve ... <\/p>\n<p class=\"read-more-container\"><a title=\"Prova renkleri ne kadar do\u011fru?\" class=\"read-more button\" href=\"http:\/\/blog.proofs.de\/tr\/wie-farbverbindlich-sind-proofs\/#more-69\" aria-label=\"Prova renkleri ne kadar do\u011fru? hakk\u0131nda devam\u0131n\u0131 oku\">Daha fazla bilgi edinin<\/a><\/p>","protected":false},"author":2,"featured_media":881,"comment_status":"open","ping_status":"open","sticky":false,"template":"","format":"standard","meta":{"om_disable_all_campaigns":false,"inline_featured_image":false,"_monsterinsights_skip_tracking":false,"footnotes":""},"categories":[18,443,120,438,437,7,442],"tags":[520,521,21,67,522,19,519,525],"class_list":["post-69","post","type-post","status-publish","format-standard","has-post-thumbnail","hentry","category-haufige-fragen","category-haeufige-fragen-zu-proofs","category-kategorie-proof-gmbh","category-proof-papiere","category-proof-software-und-technik","category-proof-wissen","category-prozessstandard-offsetdruck-proof-wissen","tag-digitalproof","tag-farbproof","tag-farbverbindlich","tag-farbverbindlichkeit","tag-fogra","tag-medienkeil","tag-proof","tag-ugra","generate-columns","tablet-grid-50","mobile-grid-100","grid-parent","grid-50","no-featured-image-padding","resize-featured-image"],"aioseo_notices":[],"aioseo_head":"\n\t\t<!-- All in One SEO 5.0.1.1 - aioseo.com -->\n\t<meta name=\"description\" content=\"In dem Artikel wird erkl\u00e4rt, wie ein Proof farbverbindlich und rechtsverbindlich wird: Mit Medienkeil und Pr\u00fcfprotokoll nach ISO 12647-7 kein Thema!\" \/>\n\t<meta name=\"robots\" content=\"max-image-preview:large\" \/>\n\t<meta name=\"author\" content=\"Matthias Betz\"\/>\n\t<meta name=\"google-site-verification\" content=\"TuXxyRwxcEg2-WfOaQ8vScWQh3-uBAnxXmY7g3GT90A\" \/>\n\t<meta name=\"keywords\" content=\"proof,farbverbindlich,rechtsverbindlich,pr\u00fcfprotokoll,iso12647-7,digitalproof,farbproof,farbverbindlich,farbverbindlichkeit,fogra,medienkeil,proof,ugra\" \/>\n\t<link rel=\"canonical\" href=\"http:\/\/blog.proofs.de\/tr\/wie-farbverbindlich-sind-proofs\/\" \/>\n\t<meta name=\"generator\" content=\"All in One SEO (AIOSEO) 5.0.1.1\" \/>\n\n\t\t<meta name=\"seobility\" content=\"593a8578143db71543f014978c690d47\">\n\t\t<meta property=\"og:locale\" content=\"tr_TR\" \/>\n\t\t<meta property=\"og:site_name\" content=\"Proof.de | Alles zu Proof, Farbmanagement, Grafik, Messtechnik &amp; Co.\" \/>\n\t\t<meta property=\"og:type\" content=\"article\" \/>\n\t\t<meta property=\"og:title\" content=\"Wie farbverbindlich sind Proofs? | proof.de\" \/>\n\t\t<meta property=\"og:description\" content=\"In dem Artikel wird erkl\u00e4rt, wie ein Proof farbverbindlich und rechtsverbindlich wird: Mit Medienkeil und Pr\u00fcfprotokoll nach ISO 12647-7 kein Thema!\" \/>\n\t\t<meta property=\"og:url\" content=\"http:\/\/blog.proofs.de\/tr\/wie-farbverbindlich-sind-proofs\/\" \/>\n\t\t<meta property=\"og:image\" content=\"http:\/\/blog.proofs.de\/wp-content\/uploads\/2014\/02\/medienkeil_mit_pruefprotokoll.jpg\" \/>\n\t\t<meta property=\"og:image:width\" content=\"540\" \/>\n\t\t<meta property=\"og:image:height\" content=\"315\" \/>\n\t\t<meta property=\"article:published_time\" content=\"2012-01-25T09:21:52+00:00\" \/>\n\t\t<meta property=\"article:modified_time\" content=\"2020-05-08T09:50:00+00:00\" \/>\n\t\t<meta property=\"article:publisher\" content=\"https:\/\/www.facebook.com\/Proof.de\/\" \/>\n\t\t<meta name=\"twitter:card\" content=\"summary\" \/>\n\t\t<meta name=\"twitter:title\" content=\"Wie farbverbindlich sind Proofs? | proof.de\" \/>\n\t\t<meta name=\"twitter:description\" content=\"In dem Artikel wird erkl\u00e4rt, wie ein Proof farbverbindlich und rechtsverbindlich wird: Mit Medienkeil und Pr\u00fcfprotokoll nach ISO 12647-7 kein Thema!\" \/>\n\t\t<meta name=\"twitter:image\" content=\"https:\/\/blog1.proofen.de\/wp-content\/uploads\/2020\/04\/proof_background.jpg\" \/>\n\t\t<script type=\"application\/ld+json\" class=\"aioseo-schema\">\n\t\t\t{\"@context\":\"https:\\\/\\\/schema.org\",\"@graph\":[{\"@type\":\"Article\",\"@id\":\"http:\\\/\\\/blog.proofs.de\\\/tr\\\/wie-farbverbindlich-sind-proofs\\\/#article\",\"name\":\"Wie farbverbindlich sind Proofs? | proof.de\",\"headline\":\"Wie farbverbindlich sind Proofs?\",\"author\":{\"@id\":\"http:\\\/\\\/blog.proofs.de\\\/tr\\\/author\\\/mbetz\\\/#author\"},\"publisher\":{\"@id\":\"http:\\\/\\\/blog.proofs.de\\\/tr\\\/#organization\"},\"image\":{\"@type\":\"ImageObject\",\"url\":\"https:\\\/\\\/blog.proofs.de\\\/wp-content\\\/uploads\\\/2014\\\/02\\\/medienkeil_mit_pruefprotokoll.jpg\",\"width\":540,\"height\":315,\"caption\":\"Ugra\\\/Fogra-Medienkeil V3.0 mit Pr\\u00fcfprotokoll\"},\"datePublished\":\"2012-01-25T10:21:52+01:00\",\"dateModified\":\"2020-05-08T11:50:00+02:00\",\"inLanguage\":\"tr-TR\",\"mainEntityOfPage\":{\"@id\":\"http:\\\/\\\/blog.proofs.de\\\/tr\\\/wie-farbverbindlich-sind-proofs\\\/#webpage\"},\"isPartOf\":{\"@id\":\"http:\\\/\\\/blog.proofs.de\\\/tr\\\/wie-farbverbindlich-sind-proofs\\\/#webpage\"},\"articleSection\":\"H\\u00e4ufige Fragen, H\\u00e4ufige Fragen zu Proofs, Proof GmbH, Proof Papiere, Proof Software &amp; Technik, Proof Wissen, Prozessstandard Offsetdruck, Digitalproof, Farbproof, farbverbindlich, Farbverbindlichkeit, Fogra, Medienkeil, Proof, UGRA\"},{\"@type\":\"BreadcrumbList\",\"@id\":\"http:\\\/\\\/blog.proofs.de\\\/tr\\\/wie-farbverbindlich-sind-proofs\\\/#breadcrumblist\",\"itemListElement\":[{\"@type\":\"ListItem\",\"@id\":\"http:\\\/\\\/blog.proofs.de\\\/tr#listItem\",\"position\":1,\"name\":\"Home\",\"item\":\"http:\\\/\\\/blog.proofs.de\\\/tr\",\"nextItem\":{\"@type\":\"ListItem\",\"@id\":\"http:\\\/\\\/blog.proofs.de\\\/tr\\\/thema\\\/proof-wissen\\\/#listItem\",\"name\":\"Proof Wissen\"}},{\"@type\":\"ListItem\",\"@id\":\"http:\\\/\\\/blog.proofs.de\\\/tr\\\/thema\\\/proof-wissen\\\/#listItem\",\"position\":2,\"name\":\"Proof Wissen\",\"item\":\"http:\\\/\\\/blog.proofs.de\\\/tr\\\/thema\\\/proof-wissen\\\/\",\"nextItem\":{\"@type\":\"ListItem\",\"@id\":\"http:\\\/\\\/blog.proofs.de\\\/tr\\\/thema\\\/proof-wissen\\\/kategorie-proof-gmbh\\\/#listItem\",\"name\":\"Proof GmbH\"},\"previousItem\":{\"@type\":\"ListItem\",\"@id\":\"http:\\\/\\\/blog.proofs.de\\\/tr#listItem\",\"name\":\"Home\"}},{\"@type\":\"ListItem\",\"@id\":\"http:\\\/\\\/blog.proofs.de\\\/tr\\\/thema\\\/proof-wissen\\\/kategorie-proof-gmbh\\\/#listItem\",\"position\":3,\"name\":\"Proof GmbH\",\"item\":\"http:\\\/\\\/blog.proofs.de\\\/tr\\\/thema\\\/proof-wissen\\\/kategorie-proof-gmbh\\\/\",\"nextItem\":{\"@type\":\"ListItem\",\"@id\":\"http:\\\/\\\/blog.proofs.de\\\/tr\\\/wie-farbverbindlich-sind-proofs\\\/#listItem\",\"name\":\"Wie farbverbindlich sind Proofs?\"},\"previousItem\":{\"@type\":\"ListItem\",\"@id\":\"http:\\\/\\\/blog.proofs.de\\\/tr\\\/thema\\\/proof-wissen\\\/#listItem\",\"name\":\"Proof Wissen\"}},{\"@type\":\"ListItem\",\"@id\":\"http:\\\/\\\/blog.proofs.de\\\/tr\\\/wie-farbverbindlich-sind-proofs\\\/#listItem\",\"position\":4,\"name\":\"Wie farbverbindlich sind Proofs?\",\"previousItem\":{\"@type\":\"ListItem\",\"@id\":\"http:\\\/\\\/blog.proofs.de\\\/tr\\\/thema\\\/proof-wissen\\\/kategorie-proof-gmbh\\\/#listItem\",\"name\":\"Proof GmbH\"}}]},{\"@type\":\"Organization\",\"@id\":\"http:\\\/\\\/blog.proofs.de\\\/tr\\\/#organization\",\"name\":\"Proof GmbH\",\"description\":\"Farbverbindlicher Proof, Farbproof, Digitalproof und Online-Proof.\",\"url\":\"http:\\\/\\\/blog.proofs.de\\\/tr\\\/\",\"telephone\":\"+4970717952740\",\"logo\":{\"@type\":\"ImageObject\",\"url\":\"https:\\\/\\\/blog1.proofen.de\\\/wp-content\\\/uploads\\\/2019\\\/09\\\/logo_proof_rgb_mit_balken_250px.png\",\"@id\":\"http:\\\/\\\/blog.proofs.de\\\/tr\\\/wie-farbverbindlich-sind-proofs\\\/#organizationLogo\"},\"image\":{\"@id\":\"http:\\\/\\\/blog.proofs.de\\\/tr\\\/wie-farbverbindlich-sind-proofs\\\/#organizationLogo\"},\"sameAs\":[\"https:\\\/\\\/www.facebook.com\\\/Proof.de\\\/\",\"https:\\\/\\\/www.instagram.com\\\/proof.de\\\/\",\"https:\\\/\\\/www.tiktok.com\\\/@proof_de\",\"https:\\\/\\\/www.youtube.com\\\/channel\\\/UCk80fQVQ25wC9wu3SywB-Nw\",\"https:\\\/\\\/www.linkedin.com\\\/company\\\/proof-de\"]},{\"@type\":\"Person\",\"@id\":\"http:\\\/\\\/blog.proofs.de\\\/tr\\\/author\\\/mbetz\\\/#author\",\"url\":\"http:\\\/\\\/blog.proofs.de\\\/tr\\\/author\\\/mbetz\\\/\",\"name\":\"Matthias Betz\",\"image\":{\"@type\":\"ImageObject\",\"@id\":\"http:\\\/\\\/blog.proofs.de\\\/tr\\\/wie-farbverbindlich-sind-proofs\\\/#authorImage\",\"url\":\"https:\\\/\\\/blog.proofs.de\\\/wp-content\\\/uploads\\\/2020\\\/10\\\/matthias-betz-e1603934518350-150x150.png\",\"width\":96,\"height\":96,\"caption\":\"Matthias Betz\"}},{\"@type\":\"WebPage\",\"@id\":\"http:\\\/\\\/blog.proofs.de\\\/tr\\\/wie-farbverbindlich-sind-proofs\\\/#webpage\",\"url\":\"http:\\\/\\\/blog.proofs.de\\\/tr\\\/wie-farbverbindlich-sind-proofs\\\/\",\"name\":\"Wie farbverbindlich sind Proofs? | proof.de\",\"description\":\"In dem Artikel wird erkl\\u00e4rt, wie ein Proof farbverbindlich und rechtsverbindlich wird: Mit Medienkeil und Pr\\u00fcfprotokoll nach ISO 12647-7 kein Thema!\",\"inLanguage\":\"tr-TR\",\"isPartOf\":{\"@id\":\"http:\\\/\\\/blog.proofs.de\\\/tr\\\/#website\"},\"breadcrumb\":{\"@id\":\"http:\\\/\\\/blog.proofs.de\\\/tr\\\/wie-farbverbindlich-sind-proofs\\\/#breadcrumblist\"},\"author\":{\"@id\":\"http:\\\/\\\/blog.proofs.de\\\/tr\\\/author\\\/mbetz\\\/#author\"},\"creator\":{\"@id\":\"http:\\\/\\\/blog.proofs.de\\\/tr\\\/author\\\/mbetz\\\/#author\"},\"image\":{\"@type\":\"ImageObject\",\"url\":\"https:\\\/\\\/blog.proofs.de\\\/wp-content\\\/uploads\\\/2014\\\/02\\\/medienkeil_mit_pruefprotokoll.jpg\",\"@id\":\"http:\\\/\\\/blog.proofs.de\\\/tr\\\/wie-farbverbindlich-sind-proofs\\\/#mainImage\",\"width\":540,\"height\":315,\"caption\":\"Ugra\\\/Fogra-Medienkeil V3.0 mit Pr\\u00fcfprotokoll\"},\"primaryImageOfPage\":{\"@id\":\"http:\\\/\\\/blog.proofs.de\\\/tr\\\/wie-farbverbindlich-sind-proofs\\\/#mainImage\"},\"datePublished\":\"2012-01-25T10:21:52+01:00\",\"dateModified\":\"2020-05-08T11:50:00+02:00\"},{\"@type\":\"WebSite\",\"@id\":\"http:\\\/\\\/blog.proofs.de\\\/tr\\\/#website\",\"url\":\"http:\\\/\\\/blog.proofs.de\\\/tr\\\/\",\"name\":\"Proof.de\",\"description\":\"Farbverbindlicher Proof, Farbproof, Digitalproof und Online-Proof.\",\"inLanguage\":\"tr-TR\",\"publisher\":{\"@id\":\"http:\\\/\\\/blog.proofs.de\\\/tr\\\/#organization\"}}]}\n\t\t<\/script>\n\t\t<!-- All in One SEO -->\n\n","aioseo_head_json":{"title":"Prova renkleri ne kadar do\u011fru? | proof.de","description":"Makale, renk a\u00e7\u0131s\u0131ndan do\u011fru ve yasal olarak ba\u011flay\u0131c\u0131 bir provan\u0131n nas\u0131l yap\u0131laca\u011f\u0131n\u0131 a\u00e7\u0131klamaktad\u0131r: ISO 12647-7'ye g\u00f6re medya takozu ve test raporu ile sorun yok!","canonical_url":"http:\/\/blog.proofs.de\/tr\/wie-farbverbindlich-sind-proofs\/","robots":"max-image-preview:large","keywords":"proof,farbverbindlich,rechtsverbindlich,pr\u00fcfprotokoll,iso12647-7,digitalproof,farbproof,farbverbindlich,farbverbindlichkeit,fogra,medienkeil,proof,ugra","webmasterTools":{"google-site-verification":"TuXxyRwxcEg2-WfOaQ8vScWQh3-uBAnxXmY7g3GT90A","miscellaneous":"&lt;meta name=\"seobility\" content=\"593a8578143db71543f014978c690d47\"&gt;"},"schema":{"@context":"https:\/\/schema.org","@graph":[{"@type":"Article","@id":"http:\/\/blog.proofs.de\/tr\/wie-farbverbindlich-sind-proofs\/#article","name":"Wie farbverbindlich sind Proofs? | proof.de","headline":"Wie farbverbindlich sind Proofs?","author":{"@id":"http:\/\/blog.proofs.de\/tr\/author\/mbetz\/#author"},"publisher":{"@id":"http:\/\/blog.proofs.de\/tr\/#organization"},"image":{"@type":"ImageObject","url":"https:\/\/blog.proofs.de\/wp-content\/uploads\/2014\/02\/medienkeil_mit_pruefprotokoll.jpg","width":540,"height":315,"caption":"Ugra\/Fogra-Medienkeil V3.0 mit Pr\u00fcfprotokoll"},"datePublished":"2012-01-25T10:21:52+01:00","dateModified":"2020-05-08T11:50:00+02:00","inLanguage":"tr-TR","mainEntityOfPage":{"@id":"http:\/\/blog.proofs.de\/tr\/wie-farbverbindlich-sind-proofs\/#webpage"},"isPartOf":{"@id":"http:\/\/blog.proofs.de\/tr\/wie-farbverbindlich-sind-proofs\/#webpage"},"articleSection":"H\u00e4ufige Fragen, H\u00e4ufige Fragen zu Proofs, Proof GmbH, Proof Papiere, Proof Software &amp; Technik, Proof Wissen, Prozessstandard Offsetdruck, Digitalproof, Farbproof, farbverbindlich, Farbverbindlichkeit, Fogra, Medienkeil, Proof, UGRA"},{"@type":"BreadcrumbList","@id":"http:\/\/blog.proofs.de\/tr\/wie-farbverbindlich-sind-proofs\/#breadcrumblist","itemListElement":[{"@type":"ListItem","@id":"http:\/\/blog.proofs.de\/tr#listItem","position":1,"name":"Home","item":"http:\/\/blog.proofs.de\/tr","nextItem":{"@type":"ListItem","@id":"http:\/\/blog.proofs.de\/tr\/thema\/proof-wissen\/#listItem","name":"Proof Wissen"}},{"@type":"ListItem","@id":"http:\/\/blog.proofs.de\/tr\/thema\/proof-wissen\/#listItem","position":2,"name":"Proof Wissen","item":"http:\/\/blog.proofs.de\/tr\/thema\/proof-wissen\/","nextItem":{"@type":"ListItem","@id":"http:\/\/blog.proofs.de\/tr\/thema\/proof-wissen\/kategorie-proof-gmbh\/#listItem","name":"Proof GmbH"},"previousItem":{"@type":"ListItem","@id":"http:\/\/blog.proofs.de\/tr#listItem","name":"Home"}},{"@type":"ListItem","@id":"http:\/\/blog.proofs.de\/tr\/thema\/proof-wissen\/kategorie-proof-gmbh\/#listItem","position":3,"name":"Proof GmbH","item":"http:\/\/blog.proofs.de\/tr\/thema\/proof-wissen\/kategorie-proof-gmbh\/","nextItem":{"@type":"ListItem","@id":"http:\/\/blog.proofs.de\/tr\/wie-farbverbindlich-sind-proofs\/#listItem","name":"Wie farbverbindlich sind Proofs?"},"previousItem":{"@type":"ListItem","@id":"http:\/\/blog.proofs.de\/tr\/thema\/proof-wissen\/#listItem","name":"Proof Wissen"}},{"@type":"ListItem","@id":"http:\/\/blog.proofs.de\/tr\/wie-farbverbindlich-sind-proofs\/#listItem","position":4,"name":"Wie farbverbindlich sind Proofs?","previousItem":{"@type":"ListItem","@id":"http:\/\/blog.proofs.de\/tr\/thema\/proof-wissen\/kategorie-proof-gmbh\/#listItem","name":"Proof GmbH"}}]},{"@type":"Organization","@id":"http:\/\/blog.proofs.de\/tr\/#organization","name":"Proof GmbH","description":"Farbverbindlicher Proof, Farbproof, Digitalproof und Online-Proof.","url":"http:\/\/blog.proofs.de\/tr\/","telephone":"+4970717952740","logo":{"@type":"ImageObject","url":"https:\/\/blog1.proofen.de\/wp-content\/uploads\/2019\/09\/logo_proof_rgb_mit_balken_250px.png","@id":"http:\/\/blog.proofs.de\/tr\/wie-farbverbindlich-sind-proofs\/#organizationLogo"},"image":{"@id":"http:\/\/blog.proofs.de\/tr\/wie-farbverbindlich-sind-proofs\/#organizationLogo"},"sameAs":["https:\/\/www.facebook.com\/Proof.de\/","https:\/\/www.instagram.com\/proof.de\/","https:\/\/www.tiktok.com\/@proof_de","https:\/\/www.youtube.com\/channel\/UCk80fQVQ25wC9wu3SywB-Nw","https:\/\/www.linkedin.com\/company\/proof-de"]},{"@type":"Person","@id":"http:\/\/blog.proofs.de\/tr\/author\/mbetz\/#author","url":"http:\/\/blog.proofs.de\/tr\/author\/mbetz\/","name":"Matthias Betz","image":{"@type":"ImageObject","@id":"http:\/\/blog.proofs.de\/tr\/wie-farbverbindlich-sind-proofs\/#authorImage","url":"https:\/\/blog.proofs.de\/wp-content\/uploads\/2020\/10\/matthias-betz-e1603934518350-150x150.png","width":96,"height":96,"caption":"Matthias Betz"}},{"@type":"WebPage","@id":"http:\/\/blog.proofs.de\/tr\/wie-farbverbindlich-sind-proofs\/#webpage","url":"http:\/\/blog.proofs.de\/tr\/wie-farbverbindlich-sind-proofs\/","name":"Wie farbverbindlich sind Proofs? | proof.de","description":"In dem Artikel wird erkl\u00e4rt, wie ein Proof farbverbindlich und rechtsverbindlich wird: Mit Medienkeil und Pr\u00fcfprotokoll nach ISO 12647-7 kein Thema!","inLanguage":"tr-TR","isPartOf":{"@id":"http:\/\/blog.proofs.de\/tr\/#website"},"breadcrumb":{"@id":"http:\/\/blog.proofs.de\/tr\/wie-farbverbindlich-sind-proofs\/#breadcrumblist"},"author":{"@id":"http:\/\/blog.proofs.de\/tr\/author\/mbetz\/#author"},"creator":{"@id":"http:\/\/blog.proofs.de\/tr\/author\/mbetz\/#author"},"image":{"@type":"ImageObject","url":"https:\/\/blog.proofs.de\/wp-content\/uploads\/2014\/02\/medienkeil_mit_pruefprotokoll.jpg","@id":"http:\/\/blog.proofs.de\/tr\/wie-farbverbindlich-sind-proofs\/#mainImage","width":540,"height":315,"caption":"Ugra\/Fogra-Medienkeil V3.0 mit Pr\u00fcfprotokoll"},"primaryImageOfPage":{"@id":"http:\/\/blog.proofs.de\/tr\/wie-farbverbindlich-sind-proofs\/#mainImage"},"datePublished":"2012-01-25T10:21:52+01:00","dateModified":"2020-05-08T11:50:00+02:00"},{"@type":"WebSite","@id":"http:\/\/blog.proofs.de\/tr\/#website","url":"http:\/\/blog.proofs.de\/tr\/","name":"Proof.de","description":"Farbverbindlicher Proof, Farbproof, Digitalproof und Online-Proof.","inLanguage":"tr-TR","publisher":{"@id":"http:\/\/blog.proofs.de\/tr\/#organization"}}]},"og:locale":"tr_TR","og:site_name":"Proof.de | Alles zu Proof, Farbmanagement, Grafik, Messtechnik &amp; Co.","og:type":"article","og:title":"Wie farbverbindlich sind Proofs? | proof.de","og:description":"In dem Artikel wird erkl\u00e4rt, wie ein Proof farbverbindlich und rechtsverbindlich wird: Mit Medienkeil und Pr\u00fcfprotokoll nach ISO 12647-7 kein Thema!","og:url":"http:\/\/blog.proofs.de\/tr\/wie-farbverbindlich-sind-proofs\/","og:image":"http:\/\/blog.proofs.de\/wp-content\/uploads\/2014\/02\/medienkeil_mit_pruefprotokoll.jpg","og:image:width":540,"og:image:height":315,"article:published_time":"2012-01-25T09:21:52+00:00","article:modified_time":"2020-05-08T09:50:00+00:00","article:publisher":"https:\/\/www.facebook.com\/Proof.de\/","twitter:card":"summary","twitter:title":"Wie farbverbindlich sind Proofs? | proof.de","twitter:description":"In dem Artikel wird erkl\u00e4rt, wie ein Proof farbverbindlich und rechtsverbindlich wird: Mit Medienkeil und Pr\u00fcfprotokoll nach ISO 12647-7 kein Thema!","twitter:image":"https:\/\/blog1.proofen.de\/wp-content\/uploads\/2020\/04\/proof_background.jpg"},"aioseo_meta_data":{"post_id":"69","title":"Wie farbverbindlich sind Proofs? |\u00a0proof.de","description":"Makale, renk a\u00e7\u0131s\u0131ndan do\u011fru ve yasal olarak ba\u011flay\u0131c\u0131 bir provan\u0131n nas\u0131l yap\u0131laca\u011f\u0131n\u0131 a\u00e7\u0131klamaktad\u0131r: ISO 12647-7'ye g\u00f6re medya takozu ve test raporu ile sorun yok!","keywords":[{"label":"Proof,Farbverbindlich,rechtsverbindlich,Pr\u00fcfprotokoll,ISO12647-7","value":"Proof,Farbverbindlich,rechtsverbindlich,Pr\u00fcfprotokoll,ISO12647-7"}],"keyphrases":null,"primary_term":null,"canonical_url":null,"og_title":null,"og_description":null,"og_object_type":"default","og_image_type":"default","og_image_url":null,"og_image_width":null,"og_image_height":null,"og_image_custom_url":null,"og_image_custom_fields":null,"og_video":null,"og_custom_url":null,"og_article_section":null,"og_article_tags":null,"twitter_use_og":false,"twitter_card":"default","twitter_image_type":"default","twitter_image_url":null,"twitter_image_custom_url":null,"twitter_image_custom_fields":null,"twitter_title":null,"twitter_description":null,"schema":{"blockGraphs":[],"customGraphs":[],"default":{"data":{"Article":[],"Course":[],"Dataset":[],"FAQPage":[],"Movie":[],"Person":[],"Product":[],"ProductReview":[],"Car":[],"Recipe":[],"Service":[],"SoftwareApplication":[],"WebPage":[]},"graphName":"","isEnabled":true},"graphs":[]},"schema_type":null,"schema_type_options":null,"pillar_content":false,"robots_default":true,"robots_noindex":false,"robots_noarchive":false,"robots_nosnippet":false,"robots_nofollow":false,"robots_noimageindex":false,"robots_noodp":false,"robots_notranslate":false,"robots_max_snippet":null,"robots_max_videopreview":null,"robots_max_imagepreview":"large","priority":null,"frequency":null,"local_seo":null,"breadcrumb_settings":null,"limit_modified_date":false,"ai":null,"created":"2020-12-21 00:35:00","updated":"2025-06-04 14:10:54","seo_analyzer_scan_date":null,"focus_keyword":null,"additional_keywords":null,"truseo_locale":null},"_links":{"self":[{"href":"http:\/\/blog.proofs.de\/tr\/wp-json\/wp\/v2\/posts\/69","targetHints":{"allow":["GET"]}}],"collection":[{"href":"http:\/\/blog.proofs.de\/tr\/wp-json\/wp\/v2\/posts"}],"about":[{"href":"http:\/\/blog.proofs.de\/tr\/wp-json\/wp\/v2\/types\/post"}],"author":[{"embeddable":true,"href":"http:\/\/blog.proofs.de\/tr\/wp-json\/wp\/v2\/users\/2"}],"replies":[{"embeddable":true,"href":"http:\/\/blog.proofs.de\/tr\/wp-json\/wp\/v2\/comments?post=69"}],"version-history":[{"count":11,"href":"http:\/\/blog.proofs.de\/tr\/wp-json\/wp\/v2\/posts\/69\/revisions"}],"predecessor-version":[{"id":3417,"href":"http:\/\/blog.proofs.de\/tr\/wp-json\/wp\/v2\/posts\/69\/revisions\/3417"}],"wp:featuredmedia":[{"embeddable":true,"href":"http:\/\/blog.proofs.de\/tr\/wp-json\/wp\/v2\/media\/881"}],"wp:attachment":[{"href":"http:\/\/blog.proofs.de\/tr\/wp-json\/wp\/v2\/media?parent=69"}],"wp:term":[{"taxonomy":"category","embeddable":true,"href":"http:\/\/blog.proofs.de\/tr\/wp-json\/wp\/v2\/categories?post=69"},{"taxonomy":"post_tag","embeddable":true,"href":"http:\/\/blog.proofs.de\/tr\/wp-json\/wp\/v2\/tags?post=69"}],"curies":[{"name":"wp","href":"https:\/\/api.w.org\/{rel}","templated":true}]}}