{"id":997,"date":"2014-07-01T15:37:40","date_gmt":"2014-07-01T13:37:40","guid":{"rendered":"http:\/\/www.proof.de\/?p=997"},"modified":"2020-04-16T01:20:38","modified_gmt":"2020-04-15T23:20:38","slug":"medya-tasarimcilari-icin-final-sinavi-renkli-provalar-zorunludur","status":"publish","type":"post","link":"http:\/\/blog.proofs.de\/tr\/abschlusspruefung-mediengestalter-farbverbindliche-proofs-sind-pflicht\/","title":{"rendered":"Medya tasar\u0131mc\u0131lar\u0131 i\u00e7in final s\u0131nav\u0131: renkli provalar zorunludur"},"content":{"rendered":"<div class=\"kk-star-ratings kksr-auto kksr-align-right kksr-valign-top\" data-payload='{\"align\":\"right\",\"id\":\"997\",\"slug\":\"default\",\"valign\":\"top\",\"ignore\":\"\",\"reference\":\"auto\",\"class\":\"\",\"count\":\"0\",\"legendonly\":\"\",\"readonly\":\"\",\"score\":\"0\",\"starsonly\":\"\",\"best\":\"5\",\"gap\":\"5\",\"greet\":\"Jetzt bewerten\",\"legend\":\"0\\\/5 - (0 votes)\",\"size\":\"24\",\"title\":\"Abschlusspr&uuml;fung Mediengestalter: Farbverbindliche Proofs sind Pflicht\",\"width\":\"0\",\"_legend\":\"{score}\\\/{best} - ({count} {votes})\",\"font_factor\":\"1.25\"}'>\n            \n<div class=\"kksr-stars\">\n    \n<div class=\"kksr-stars-inactive\">\n            <div class=\"kksr-star\" data-star=\"1\" style=\"padding-right: 5px\">\n            \n\n<div class=\"kksr-icon\" style=\"width: 24px; height: 24px;\"><\/div>\n        <\/div>\n            <div class=\"kksr-star\" data-star=\"2\" style=\"padding-right: 5px\">\n            \n\n<div class=\"kksr-icon\" style=\"width: 24px; height: 24px;\"><\/div>\n        <\/div>\n            <div class=\"kksr-star\" data-star=\"3\" style=\"padding-right: 5px\">\n            \n\n<div class=\"kksr-icon\" style=\"width: 24px; height: 24px;\"><\/div>\n        <\/div>\n            <div class=\"kksr-star\" data-star=\"4\" style=\"padding-right: 5px\">\n            \n\n<div class=\"kksr-icon\" style=\"width: 24px; height: 24px;\"><\/div>\n        <\/div>\n            <div class=\"kksr-star\" data-star=\"5\" style=\"padding-right: 5px\">\n            \n\n<div class=\"kksr-icon\" style=\"width: 24px; height: 24px;\"><\/div>\n        <\/div>\n    <\/div>\n    \n<div class=\"kksr-stars-active\" style=\"width: 0px;\">\n            <div class=\"kksr-star\" style=\"padding-right: 5px\">\n            \n\n<div class=\"kksr-icon\" style=\"width: 24px; height: 24px;\"><\/div>\n        <\/div>\n            <div class=\"kksr-star\" style=\"padding-right: 5px\">\n            \n\n<div class=\"kksr-icon\" style=\"width: 24px; height: 24px;\"><\/div>\n        <\/div>\n            <div class=\"kksr-star\" style=\"padding-right: 5px\">\n            \n\n<div class=\"kksr-icon\" style=\"width: 24px; height: 24px;\"><\/div>\n        <\/div>\n            <div class=\"kksr-star\" style=\"padding-right: 5px\">\n            \n\n<div class=\"kksr-icon\" style=\"width: 24px; height: 24px;\"><\/div>\n        <\/div>\n            <div class=\"kksr-star\" style=\"padding-right: 5px\">\n            \n\n<div class=\"kksr-icon\" style=\"width: 24px; height: 24px;\"><\/div>\n        <\/div>\n    <\/div>\n<\/div>\n                \n\n<div class=\"kksr-legend\" style=\"font-size: 19.2px;\">\n            <span class=\"kksr-muted\">\u015eimdi de\u011ferlendirin<\/span>\n    <\/div>\n    <\/div>\n<p>2010 y\u0131l\u0131ndan bu yana <em>Tasar\u0131m ve teknoloji, bask\u0131 konular\u0131nda uzmanla\u015fm\u0131\u015f dijital ve bas\u0131l\u0131 medya tasar\u0131mc\u0131lar\u0131 i\u00e7in final s\u0131nav\u0131<\/em> g\u00f6revlerinde <a href=\"http:\/\/blog.proofs.de\/tr\/lexikon\/zfa\/\" target=\"_self\" title='ZFA, &quot;Zentral Fachausschuss Berufsbildung Druck und Medien&quot; (Bask\u0131 ve Medya i\u00e7in Merkezi Mesleki E\u011fitim Komitesi) dir. ZFA, dijital ve bas\u0131l\u0131 medya tasar\u0131mc\u0131lar\u0131n\u0131n yan\u0131 s\u0131ra medyayla ilgili di\u011fer bir\u00e7ok meslek i\u00e7in s\u0131nav sorular\u0131 olu\u015fturmak \u00fczere komiteler halinde \u00e7al\u0131\u015fmaktad\u0131r.' class=\"encyclopedia\">ZFA<\/a> (Mesleki E\u011fitim Bas\u0131m ve Medya Merkezi Teknik Komitesi) <a href=\"http:\/\/blog.proofs.de\/tr\/lexikon\/proof\/\" target=\"_self\" title=\"Dijital prova (do\u011frusu: kontrat provas\u0131), grafik sanatlar end\u00fcstrisi i\u00e7in ISO 12647-7 sertifikal\u0131 bir test cihaz\u0131d\u0131r. Dijital prova, ofset bask\u0131 veya grav\u00fcr bask\u0131n\u0131n renklili\u011fini ISO standard\u0131n\u0131n dar toleranslar\u0131 dahilinde renkli ve yasal olarak ba\u011flay\u0131c\u0131 bir \u015fekilde sim\u00fcle eder.\" class=\"encyclopedia\">Kan\u0131t<\/a> gerekli. Standartla\u015ft\u0131r\u0131lm\u0131\u015f kontrol arac\u0131 bir <a href=\"http:\/\/blog.proofs.de\/tr\/lexikon\/ugra\/\" target=\"_self\" title=\"UGRA, medya ve bask\u0131 teknolojisi alan\u0131nda yetkinlik merkezidir.\" class=\"encyclopedia\">UGRA<\/a>\/<a href=\"http:\/\/blog.proofs.de\/tr\/lexikon\/fogra\/\" target=\"_self\" title=\"Merkezi M\u00fcnih&#039;te bulunan Fogra Forschungsgesellschaft Druck e.V..\" class=\"encyclopedia\">Fogra<\/a> <a href=\"http:\/\/blog.proofs.de\/tr\/lexikon\/medienkeil\/\" target=\"_self\" title=\"Medya takozu, bask\u0131 end\u00fcstrisinde ve renk y\u00f6netiminde kullan\u0131lan standartla\u015ft\u0131r\u0131lm\u0131\u015f bir test desenidir. Medya takozu, bilinen renk de\u011ferleri ve renk yo\u011funluklar\u0131na sahip bir dizi renk yamas\u0131ndan olu\u015fur. \u00d6zellikle renk y\u00f6netim sistemlerini kalibre ederken bask\u0131lar\u0131n renk do\u011frulu\u011funu ve renk reprod\u00fcksiyonunu kontrol etmek i\u00e7in kullan\u0131l\u0131r. Medya takozu, farkl\u0131 renklere sahip bir dizi renk yamas\u0131 i\u00e7erir...\" class=\"encyclopedia\">Medya takozu<\/a> 2.0 adaylara g\u00f6rev CD'sinde verilir ve kan\u0131t olarak s\u0131nav g\u00f6revinin yan\u0131na yerle\u015ftirilebilir.<\/p>\n<p>\u015eimdiye kadar, ZFA <a href=\"http:\/\/blog.proofs.de\/tr\/lexikon\/led\/\" target=\"_self\" title='LED, &quot;\u0131\u015f\u0131k yayan diyot&quot; anlam\u0131na gelir ve grafik end\u00fcstrisinde neon t\u00fcpler ve tungsten lambalar gibi eski \u0131\u015f\u0131k kaynaklar\u0131n\u0131n yerini alan yeni &quot;LED&quot; \u0131\u015f\u0131k anlam\u0131na gelir. Neon t\u00fcpler \u00e7o\u011funlukla D50 veya D65 standart \u0131\u015f\u0131k aral\u0131\u011f\u0131ndan bilinirken, tungsten \u0131\u015f\u0131k kaynaklar\u0131 \u00e7o\u011funlukla spektrofotometreler ve kolorimetreler gibi renk \u00f6l\u00e7\u00fcm cihazlar\u0131nda kullan\u0131l\u0131yordu....' class=\"encyclopedia\">led<\/a>Yaln\u0131zca bir prova veya renk a\u00e7\u0131s\u0131ndan do\u011fru bir \u00e7\u0131kt\u0131 gerekliydi. \u00d6zellikle, aday\u0131n \"s\u0131nav ka\u011f\u0131d\u0131n\u0131n \u00e7\u0131kt\u0131s\u0131n\u0131 almadan \u00f6nce \u00e7\u0131kt\u0131 cihaz\u0131n\u0131n belirli bir cihaz i\u00e7in do\u011fru \u015fekilde kalibre edildi\u011finden emin olmas\u0131 gerekti\u011fini\" yazm\u0131\u015ft\u0131r. Bu, \u00f6rne\u011fin, a\u015fa\u011f\u0131dakilerin yard\u0131m\u0131yla \u00f6l\u00e7\u00fclerek yap\u0131labilir <a href=\"http:\/\/blog.proofs.de\/tr\/lexikon\/densitometer\/\" target=\"_self\" title=\"Dansitometreler renk yo\u011funlu\u011funu ve optik yo\u011funlu\u011fu \u00f6l\u00e7er. Yans\u0131t\u0131lan \u0131\u015f\u0131k dansitometreleri bask\u0131lar\u0131 veya foto\u011fraf bask\u0131lar\u0131n\u0131 \u00f6l\u00e7erken, iletilen \u0131\u015f\u0131k dansitometreleri bask\u0131 plakalar\u0131 veya serigrafi i\u00e7in filmleri, slayt filmlerini ve negatif filmleri \u00f6l\u00e7er.\" class=\"encyclopedia\">Densitometre<\/a>ve m\u00fcteakip profil ayarlamas\u0131.\u201c<\/p>\n<p>Ancak pratikte bir aday i\u00e7in bu pek m\u00fcmk\u00fcn de\u011fildi. Bu nedenle ZFA art\u0131k bu gereklili\u011fi standart hale getirmi\u015f ve renk kodlu <a href=\"http:\/\/blog.proofs.de\/tr\/lexikon\/proofs\/\" target=\"_self\" title=\"Bask\u0131 sekt\u00f6r\u00fcnde provalar (veya test bask\u0131lar\u0131), kontrol amac\u0131yla bir bask\u0131 sonucunun renk a\u00e7\u0131s\u0131ndan do\u011fru ve yasal olarak ba\u011flay\u0131c\u0131 sim\u00fclasyonunu ifade eder. Provalardan sorumlu standart ISO 12647-7:2016&#039;d\u0131r, yani 2016&#039;daki g\u00fcncel revizyondur.\" class=\"encyclopedia\">Kan\u0131tlar<\/a> medya takozlar\u0131 ile: \u201e<strong>Final uygulamal\u0131 s\u0131nav\u0131nda, renk kodlu <a href=\"http:\/\/blog.proofs.de\/tr\/lexikon\/digitalproofs\/\" target=\"_self\" title=\"Dijital provalar (do\u011fru ad\u0131yla kontrat provalar\u0131) grafik sanatlar end\u00fcstrisi i\u00e7in ISO sertifikal\u0131 bir denetim arac\u0131d\u0131r. Dijital provalar, ofset bask\u0131 veya grav\u00fcr bask\u0131n\u0131n rengini ISO 12647-7&#039;nin dar toleranslar\u0131 dahilinde renkli ve yasal olarak ba\u011flay\u0131c\u0131 bir \u015fekilde sim\u00fcle eder. G\u00fcn\u00fcm\u00fczde neredeyse yaln\u0131zca bir RIP kullan\u0131larak hesaplanmakta ve ard\u0131ndan \u00f6zel prova ka\u011f\u0131tlar\u0131 \u00fczerinde inkjet yaz\u0131c\u0131larla \u00fcretilmektedir.\" class=\"encyclopedia\">Dijital provalar<\/a> s\u0131nav g\u00f6revlerinin de\u011ferlendirilmesi i\u00e7in sunulur<\/strong>. Prova sisteminizde bir Ugra\/Fogra medya takozu yoksa, CD-ROM'daki takozu kullan\u0131n.<a href=\"http:\/\/blog.proofs.de\/tr\/lexikon\/efi\/\" target=\"_self\" title=\"Electronics For Imaging Inc veya k\u0131saca EFI, bir Amerikan \u015firketi ve d\u00fcnyan\u0131n \u00f6nde gelen prova sistemlerinden birinin \u00fcreticisidir: EFI Colorproof XF, 2013&#039;ten beri: Fiery XF. EFI, b\u00fcy\u00fck bask\u0131 sistemleri, RIP&#039;ler ve prova gibi renk y\u00f6netimi \u00e7\u00f6z\u00fcmleri i\u00e7in bir \u00e7\u00f6z\u00fcm sa\u011flay\u0131c\u0131s\u0131d\u0131r.\" class=\"encyclopedia\">efi<\/a>Standartla\u015ft\u0131r\u0131lm\u0131\u015f Ugra\/Fogra_Media Wedge V2.0 (MEDIENKEIL_ZFA.PDF) kullan\u0131n.\u201c<\/p>\n<p><strong>Bu kan\u0131tlar\u0131n masraflar\u0131 e\u011fitim \u015firketi taraf\u0131ndan kar\u015f\u0131lanmal\u0131d\u0131r<\/strong>, \u00e7\u00fcnk\u00fc provalar final s\u0131nav\u0131n\u0131n bir par\u00e7as\u0131d\u0131r. Medya tasar\u0131mc\u0131lar\u0131 2014 final s\u0131nav\u0131nda adaylar\u0131n en az 2 adet A3+ prova ve 3 adet A4 prova haz\u0131rlamalar\u0131 gerekmektedir; Proof.de'de provalar\u0131n nakliye ile birlikte net maliyeti 62 Euro'dur. Son teslim tarihleri bazen provalar\u0131n ekspres ile g\u00f6nderilmesini gerektirecek kadar s\u0131k\u0131 oldu\u011fundan, \u00f6\u011flen 12'den \u00f6nce ekspres i\u00e7in 15 avro veya sabah 9'dan \u00f6nce ekspres i\u00e7in 35 avro ek \u00fccret al\u0131nabilir. Bu nedenle e\u011fitim \u015firketinin maliyetleri d\u00fc\u015f\u00fck de\u011fildir.<\/p>","protected":false},"excerpt":{"rendered":"<p>2010 y\u0131l\u0131ndan bu yana ZFA (Zentraler Fachausschuss Berufsbildung Druck und Medien), tasar\u0131m ve teknoloji, bask\u0131 alan\u0131nda uzmanla\u015fm\u0131\u015f dijital ve bas\u0131l\u0131 medya tasar\u0131mc\u0131lar\u0131 i\u00e7in final s\u0131nav\u0131 i\u00e7in bir prova istemektedir. Standart bir kontrol arac\u0131 olarak, bir UGRA\/Fogra Media Wedge 2.0 s\u0131nav CD'sine dahil edilmi\u015ftir ve provadaki s\u0131nav g\u00f6revinin yan\u0131na yerle\u015ftirilebilir. Daha \u00f6nce, ZFA yaln\u0131zca bir prova veya renk a\u00e7\u0131s\u0131ndan do\u011fru bir \u00e7\u0131kt\u0131 talep ediyordu. \u00d6zellikle, aday\u0131n \"s\u0131nav ka\u011f\u0131d\u0131n\u0131n \u00e7\u0131kt\u0131s\u0131n\u0131 almadan \u00f6nce \u00e7\u0131kt\u0131 cihaz\u0131n\u0131n cihaza \u00f6zg\u00fc do\u011fru kalibrasyonunu sa\u011flamas\u0131 gerekti\u011fini\" yazm\u0131\u015ft\u0131r. Bu, \u00f6rne\u011fin bir cihaz yard\u0131m\u0131yla \u00f6l\u00e7\u00fcm yap\u0131larak ger\u00e7ekle\u015ftirilebilir... <\/p>\n<p class=\"read-more-container\"><a title=\"Medya tasar\u0131mc\u0131lar\u0131 i\u00e7in final s\u0131nav\u0131: renkli provalar zorunludur\" class=\"read-more button\" href=\"http:\/\/blog.proofs.de\/tr\/abschlusspruefung-mediengestalter-farbverbindliche-proofs-sind-pflicht\/#more-997\" aria-label=\"Medya tasar\u0131mc\u0131lar\u0131 i\u00e7in final s\u0131nav\u0131: renkli provalar zorunlu hakk\u0131nda devam\u0131n\u0131 oku\">Daha fazla bilgi edinin<\/a><\/p>","protected":false},"author":2,"featured_media":0,"comment_status":"open","ping_status":"open","sticky":false,"template":"","format":"standard","meta":{"om_disable_all_campaigns":false,"inline_featured_image":false,"_monsterinsights_skip_tracking":false,"footnotes":""},"categories":[341,1,443],"tags":[339,560,520,340,19,519,342],"class_list":["post-997","post","type-post","status-publish","format-standard","hentry","category-abschlusspruefung-mediengestalter","category-allgemein","category-haeufige-fragen-zu-proofs","tag-abschlusspruefung","tag-die-abschlusspruefung-mediengestalter","tag-digitalproof","tag-mediengestalter","tag-medienkeil","tag-proof","tag-zfa","generate-columns","tablet-grid-50","mobile-grid-100","grid-parent","grid-50","no-featured-image-padding"],"aioseo_notices":[],"aioseo_head":"\n\t\t<!-- All in One SEO 5.0.1.1 - aioseo.com -->\n\t<meta name=\"description\" content=\"Die ZFA hat ihre Anforderungen f\u00fcr die Abschlusspr\u00fcfung Mediengestalter konkretisiert: Farbverbindliche Digitalproofs sind jetzt f\u00fcr die Pr\u00fcflinge Pflicht.\" \/>\n\t<meta name=\"robots\" content=\"max-image-preview:large\" \/>\n\t<meta name=\"author\" content=\"Matthias Betz\"\/>\n\t<meta name=\"google-site-verification\" content=\"TuXxyRwxcEg2-WfOaQ8vScWQh3-uBAnxXmY7g3GT90A\" \/>\n\t<meta name=\"keywords\" content=\"abschlusspr\u00fcfung,mediengestalter,abschlusspr\u00fcfung mediengestalter,proof,digitalproof,zfa,medienkeil,die abschlusspr\u00fcfung mediengestalter\" \/>\n\t<link rel=\"canonical\" href=\"http:\/\/blog.proofs.de\/tr\/abschlusspruefung-mediengestalter-farbverbindliche-proofs-sind-pflicht\/\" \/>\n\t<meta name=\"generator\" content=\"All in One SEO (AIOSEO) 5.0.1.1\" \/>\n\n\t\t<meta name=\"seobility\" content=\"593a8578143db71543f014978c690d47\">\n\t\t<meta property=\"og:locale\" content=\"tr_TR\" \/>\n\t\t<meta property=\"og:site_name\" content=\"Proof.de | Alles zu Proof, Farbmanagement, Grafik, Messtechnik &amp; Co.\" \/>\n\t\t<meta property=\"og:type\" content=\"article\" \/>\n\t\t<meta property=\"og:title\" content=\"Abschlusspr\u00fcfung Mediengestalter: Proofs Pflicht | proof.de\" \/>\n\t\t<meta property=\"og:description\" content=\"Die ZFA hat ihre Anforderungen f\u00fcr die Abschlusspr\u00fcfung Mediengestalter konkretisiert: Farbverbindliche Digitalproofs sind jetzt f\u00fcr die Pr\u00fcflinge Pflicht.\" \/>\n\t\t<meta property=\"og:url\" content=\"http:\/\/blog.proofs.de\/tr\/abschlusspruefung-mediengestalter-farbverbindliche-proofs-sind-pflicht\/\" \/>\n\t\t<meta property=\"og:image\" content=\"http:\/\/blog1.proofen.de\/wp-content\/uploads\/2020\/04\/proof_background.jpg\" \/>\n\t\t<meta property=\"article:published_time\" content=\"2014-07-01T13:37:40+00:00\" \/>\n\t\t<meta property=\"article:modified_time\" content=\"2020-04-15T23:20:38+00:00\" \/>\n\t\t<meta property=\"article:publisher\" content=\"https:\/\/www.facebook.com\/Proof.de\/\" \/>\n\t\t<meta name=\"twitter:card\" content=\"summary\" \/>\n\t\t<meta name=\"twitter:title\" content=\"Abschlusspr\u00fcfung Mediengestalter: Proofs Pflicht | proof.de\" \/>\n\t\t<meta name=\"twitter:description\" content=\"Die ZFA hat ihre Anforderungen f\u00fcr die Abschlusspr\u00fcfung Mediengestalter konkretisiert: Farbverbindliche Digitalproofs sind jetzt f\u00fcr die Pr\u00fcflinge Pflicht.\" \/>\n\t\t<meta name=\"twitter:image\" content=\"https:\/\/blog1.proofen.de\/wp-content\/uploads\/2020\/04\/proof_background.jpg\" \/>\n\t\t<script type=\"application\/ld+json\" class=\"aioseo-schema\">\n\t\t\t{\"@context\":\"https:\\\/\\\/schema.org\",\"@graph\":[{\"@type\":\"Article\",\"@id\":\"http:\\\/\\\/blog.proofs.de\\\/tr\\\/abschlusspruefung-mediengestalter-farbverbindliche-proofs-sind-pflicht\\\/#article\",\"name\":\"Abschlusspr\\u00fcfung Mediengestalter: Proofs Pflicht | proof.de\",\"headline\":\"Abschlusspr\\u00fcfung Mediengestalter: Farbverbindliche Proofs sind Pflicht\",\"author\":{\"@id\":\"http:\\\/\\\/blog.proofs.de\\\/tr\\\/author\\\/mbetz\\\/#author\"},\"publisher\":{\"@id\":\"http:\\\/\\\/blog.proofs.de\\\/tr\\\/#organization\"},\"image\":{\"@type\":\"ImageObject\",\"url\":\"https:\\\/\\\/blog1.proofen.de\\\/wp-content\\\/uploads\\\/2019\\\/09\\\/logo_proof_rgb_mit_balken_250px.png\",\"@id\":\"http:\\\/\\\/blog.proofs.de\\\/tr\\\/#articleImage\"},\"datePublished\":\"2014-07-01T15:37:40+02:00\",\"dateModified\":\"2020-04-16T01:20:38+02:00\",\"inLanguage\":\"tr-TR\",\"mainEntityOfPage\":{\"@id\":\"http:\\\/\\\/blog.proofs.de\\\/tr\\\/abschlusspruefung-mediengestalter-farbverbindliche-proofs-sind-pflicht\\\/#webpage\"},\"isPartOf\":{\"@id\":\"http:\\\/\\\/blog.proofs.de\\\/tr\\\/abschlusspruefung-mediengestalter-farbverbindliche-proofs-sind-pflicht\\\/#webpage\"},\"articleSection\":\"Abschlusspr\\u00fcfung Mediengestalter, Allgemein, H\\u00e4ufige Fragen zu Proofs, Abschlusspr\\u00fcfung, Die Abschlusspr\\u00fcfung Mediengestalter, Digitalproof, Mediengestalter, Medienkeil, Proof, ZFA\"},{\"@type\":\"BreadcrumbList\",\"@id\":\"http:\\\/\\\/blog.proofs.de\\\/tr\\\/abschlusspruefung-mediengestalter-farbverbindliche-proofs-sind-pflicht\\\/#breadcrumblist\",\"itemListElement\":[{\"@type\":\"ListItem\",\"@id\":\"http:\\\/\\\/blog.proofs.de\\\/tr#listItem\",\"position\":1,\"name\":\"Home\",\"item\":\"http:\\\/\\\/blog.proofs.de\\\/tr\",\"nextItem\":{\"@type\":\"ListItem\",\"@id\":\"http:\\\/\\\/blog.proofs.de\\\/tr\\\/thema\\\/proof-wissen\\\/#listItem\",\"name\":\"Proof Wissen\"}},{\"@type\":\"ListItem\",\"@id\":\"http:\\\/\\\/blog.proofs.de\\\/tr\\\/thema\\\/proof-wissen\\\/#listItem\",\"position\":2,\"name\":\"Proof Wissen\",\"item\":\"http:\\\/\\\/blog.proofs.de\\\/tr\\\/thema\\\/proof-wissen\\\/\",\"nextItem\":{\"@type\":\"ListItem\",\"@id\":\"http:\\\/\\\/blog.proofs.de\\\/tr\\\/thema\\\/proof-wissen\\\/abschlusspruefung-mediengestalter\\\/#listItem\",\"name\":\"Abschlusspr\\u00fcfung Mediengestalter\"},\"previousItem\":{\"@type\":\"ListItem\",\"@id\":\"http:\\\/\\\/blog.proofs.de\\\/tr#listItem\",\"name\":\"Home\"}},{\"@type\":\"ListItem\",\"@id\":\"http:\\\/\\\/blog.proofs.de\\\/tr\\\/thema\\\/proof-wissen\\\/abschlusspruefung-mediengestalter\\\/#listItem\",\"position\":3,\"name\":\"Abschlusspr\\u00fcfung Mediengestalter\",\"item\":\"http:\\\/\\\/blog.proofs.de\\\/tr\\\/thema\\\/proof-wissen\\\/abschlusspruefung-mediengestalter\\\/\",\"nextItem\":{\"@type\":\"ListItem\",\"@id\":\"http:\\\/\\\/blog.proofs.de\\\/tr\\\/abschlusspruefung-mediengestalter-farbverbindliche-proofs-sind-pflicht\\\/#listItem\",\"name\":\"Abschlusspr\\u00fcfung Mediengestalter: Farbverbindliche Proofs sind Pflicht\"},\"previousItem\":{\"@type\":\"ListItem\",\"@id\":\"http:\\\/\\\/blog.proofs.de\\\/tr\\\/thema\\\/proof-wissen\\\/#listItem\",\"name\":\"Proof Wissen\"}},{\"@type\":\"ListItem\",\"@id\":\"http:\\\/\\\/blog.proofs.de\\\/tr\\\/abschlusspruefung-mediengestalter-farbverbindliche-proofs-sind-pflicht\\\/#listItem\",\"position\":4,\"name\":\"Abschlusspr\\u00fcfung Mediengestalter: Farbverbindliche Proofs sind Pflicht\",\"previousItem\":{\"@type\":\"ListItem\",\"@id\":\"http:\\\/\\\/blog.proofs.de\\\/tr\\\/thema\\\/proof-wissen\\\/abschlusspruefung-mediengestalter\\\/#listItem\",\"name\":\"Abschlusspr\\u00fcfung Mediengestalter\"}}]},{\"@type\":\"Organization\",\"@id\":\"http:\\\/\\\/blog.proofs.de\\\/tr\\\/#organization\",\"name\":\"Proof GmbH\",\"description\":\"Farbverbindlicher Proof, Farbproof, Digitalproof und Online-Proof.\",\"url\":\"http:\\\/\\\/blog.proofs.de\\\/tr\\\/\",\"telephone\":\"+4970717952740\",\"logo\":{\"@type\":\"ImageObject\",\"url\":\"https:\\\/\\\/blog1.proofen.de\\\/wp-content\\\/uploads\\\/2019\\\/09\\\/logo_proof_rgb_mit_balken_250px.png\",\"@id\":\"http:\\\/\\\/blog.proofs.de\\\/tr\\\/abschlusspruefung-mediengestalter-farbverbindliche-proofs-sind-pflicht\\\/#organizationLogo\"},\"image\":{\"@id\":\"http:\\\/\\\/blog.proofs.de\\\/tr\\\/abschlusspruefung-mediengestalter-farbverbindliche-proofs-sind-pflicht\\\/#organizationLogo\"},\"sameAs\":[\"https:\\\/\\\/www.facebook.com\\\/Proof.de\\\/\",\"https:\\\/\\\/www.instagram.com\\\/proof.de\\\/\",\"https:\\\/\\\/www.tiktok.com\\\/@proof_de\",\"https:\\\/\\\/www.youtube.com\\\/channel\\\/UCk80fQVQ25wC9wu3SywB-Nw\",\"https:\\\/\\\/www.linkedin.com\\\/company\\\/proof-de\"]},{\"@type\":\"Person\",\"@id\":\"http:\\\/\\\/blog.proofs.de\\\/tr\\\/author\\\/mbetz\\\/#author\",\"url\":\"http:\\\/\\\/blog.proofs.de\\\/tr\\\/author\\\/mbetz\\\/\",\"name\":\"Matthias Betz\",\"image\":{\"@type\":\"ImageObject\",\"@id\":\"http:\\\/\\\/blog.proofs.de\\\/tr\\\/abschlusspruefung-mediengestalter-farbverbindliche-proofs-sind-pflicht\\\/#authorImage\",\"url\":\"https:\\\/\\\/blog.proofs.de\\\/wp-content\\\/uploads\\\/2020\\\/10\\\/matthias-betz-e1603934518350-150x150.png\",\"width\":96,\"height\":96,\"caption\":\"Matthias Betz\"}},{\"@type\":\"WebPage\",\"@id\":\"http:\\\/\\\/blog.proofs.de\\\/tr\\\/abschlusspruefung-mediengestalter-farbverbindliche-proofs-sind-pflicht\\\/#webpage\",\"url\":\"http:\\\/\\\/blog.proofs.de\\\/tr\\\/abschlusspruefung-mediengestalter-farbverbindliche-proofs-sind-pflicht\\\/\",\"name\":\"Abschlusspr\\u00fcfung Mediengestalter: Proofs Pflicht | proof.de\",\"description\":\"Die ZFA hat ihre Anforderungen f\\u00fcr die Abschlusspr\\u00fcfung Mediengestalter konkretisiert: Farbverbindliche Digitalproofs sind jetzt f\\u00fcr die Pr\\u00fcflinge Pflicht.\",\"inLanguage\":\"tr-TR\",\"isPartOf\":{\"@id\":\"http:\\\/\\\/blog.proofs.de\\\/tr\\\/#website\"},\"breadcrumb\":{\"@id\":\"http:\\\/\\\/blog.proofs.de\\\/tr\\\/abschlusspruefung-mediengestalter-farbverbindliche-proofs-sind-pflicht\\\/#breadcrumblist\"},\"author\":{\"@id\":\"http:\\\/\\\/blog.proofs.de\\\/tr\\\/author\\\/mbetz\\\/#author\"},\"creator\":{\"@id\":\"http:\\\/\\\/blog.proofs.de\\\/tr\\\/author\\\/mbetz\\\/#author\"},\"datePublished\":\"2014-07-01T15:37:40+02:00\",\"dateModified\":\"2020-04-16T01:20:38+02:00\"},{\"@type\":\"WebSite\",\"@id\":\"http:\\\/\\\/blog.proofs.de\\\/tr\\\/#website\",\"url\":\"http:\\\/\\\/blog.proofs.de\\\/tr\\\/\",\"name\":\"Proof.de\",\"description\":\"Farbverbindlicher Proof, Farbproof, Digitalproof und Online-Proof.\",\"inLanguage\":\"tr-TR\",\"publisher\":{\"@id\":\"http:\\\/\\\/blog.proofs.de\\\/tr\\\/#organization\"}}]}\n\t\t<\/script>\n\t\t<!-- All in One SEO -->\n\n","aioseo_head_json":{"title":"Final s\u0131nav\u0131 medya tasar\u0131mc\u0131s\u0131: Prova zorunlu | proof.de","description":"ZFA, medya tasar\u0131mc\u0131lar\u0131 i\u00e7in final s\u0131nav\u0131 \u015fartlar\u0131n\u0131 belirledi: Adaylar i\u00e7in renk do\u011frulu\u011fu olan dijital provalar art\u0131k zorunlu.","canonical_url":"http:\/\/blog.proofs.de\/tr\/abschlusspruefung-mediengestalter-farbverbindliche-proofs-sind-pflicht\/","robots":"max-image-preview:large","keywords":"abschlusspr\u00fcfung,mediengestalter,abschlusspr\u00fcfung mediengestalter,proof,digitalproof,zfa,medienkeil,die abschlusspr\u00fcfung mediengestalter","webmasterTools":{"google-site-verification":"TuXxyRwxcEg2-WfOaQ8vScWQh3-uBAnxXmY7g3GT90A","miscellaneous":"&lt;meta name=\"seobility\" content=\"593a8578143db71543f014978c690d47\"&gt;"},"schema":{"@context":"https:\/\/schema.org","@graph":[{"@type":"Article","@id":"http:\/\/blog.proofs.de\/tr\/abschlusspruefung-mediengestalter-farbverbindliche-proofs-sind-pflicht\/#article","name":"Abschlusspr\u00fcfung Mediengestalter: Proofs Pflicht | proof.de","headline":"Abschlusspr\u00fcfung Mediengestalter: Farbverbindliche Proofs sind Pflicht","author":{"@id":"http:\/\/blog.proofs.de\/tr\/author\/mbetz\/#author"},"publisher":{"@id":"http:\/\/blog.proofs.de\/tr\/#organization"},"image":{"@type":"ImageObject","url":"https:\/\/blog1.proofen.de\/wp-content\/uploads\/2019\/09\/logo_proof_rgb_mit_balken_250px.png","@id":"http:\/\/blog.proofs.de\/tr\/#articleImage"},"datePublished":"2014-07-01T15:37:40+02:00","dateModified":"2020-04-16T01:20:38+02:00","inLanguage":"tr-TR","mainEntityOfPage":{"@id":"http:\/\/blog.proofs.de\/tr\/abschlusspruefung-mediengestalter-farbverbindliche-proofs-sind-pflicht\/#webpage"},"isPartOf":{"@id":"http:\/\/blog.proofs.de\/tr\/abschlusspruefung-mediengestalter-farbverbindliche-proofs-sind-pflicht\/#webpage"},"articleSection":"Abschlusspr\u00fcfung Mediengestalter, Allgemein, H\u00e4ufige Fragen zu Proofs, Abschlusspr\u00fcfung, Die Abschlusspr\u00fcfung Mediengestalter, Digitalproof, Mediengestalter, Medienkeil, Proof, ZFA"},{"@type":"BreadcrumbList","@id":"http:\/\/blog.proofs.de\/tr\/abschlusspruefung-mediengestalter-farbverbindliche-proofs-sind-pflicht\/#breadcrumblist","itemListElement":[{"@type":"ListItem","@id":"http:\/\/blog.proofs.de\/tr#listItem","position":1,"name":"Home","item":"http:\/\/blog.proofs.de\/tr","nextItem":{"@type":"ListItem","@id":"http:\/\/blog.proofs.de\/tr\/thema\/proof-wissen\/#listItem","name":"Proof Wissen"}},{"@type":"ListItem","@id":"http:\/\/blog.proofs.de\/tr\/thema\/proof-wissen\/#listItem","position":2,"name":"Proof Wissen","item":"http:\/\/blog.proofs.de\/tr\/thema\/proof-wissen\/","nextItem":{"@type":"ListItem","@id":"http:\/\/blog.proofs.de\/tr\/thema\/proof-wissen\/abschlusspruefung-mediengestalter\/#listItem","name":"Abschlusspr\u00fcfung Mediengestalter"},"previousItem":{"@type":"ListItem","@id":"http:\/\/blog.proofs.de\/tr#listItem","name":"Home"}},{"@type":"ListItem","@id":"http:\/\/blog.proofs.de\/tr\/thema\/proof-wissen\/abschlusspruefung-mediengestalter\/#listItem","position":3,"name":"Abschlusspr\u00fcfung Mediengestalter","item":"http:\/\/blog.proofs.de\/tr\/thema\/proof-wissen\/abschlusspruefung-mediengestalter\/","nextItem":{"@type":"ListItem","@id":"http:\/\/blog.proofs.de\/tr\/abschlusspruefung-mediengestalter-farbverbindliche-proofs-sind-pflicht\/#listItem","name":"Abschlusspr\u00fcfung Mediengestalter: Farbverbindliche Proofs sind Pflicht"},"previousItem":{"@type":"ListItem","@id":"http:\/\/blog.proofs.de\/tr\/thema\/proof-wissen\/#listItem","name":"Proof Wissen"}},{"@type":"ListItem","@id":"http:\/\/blog.proofs.de\/tr\/abschlusspruefung-mediengestalter-farbverbindliche-proofs-sind-pflicht\/#listItem","position":4,"name":"Abschlusspr\u00fcfung Mediengestalter: Farbverbindliche Proofs sind Pflicht","previousItem":{"@type":"ListItem","@id":"http:\/\/blog.proofs.de\/tr\/thema\/proof-wissen\/abschlusspruefung-mediengestalter\/#listItem","name":"Abschlusspr\u00fcfung Mediengestalter"}}]},{"@type":"Organization","@id":"http:\/\/blog.proofs.de\/tr\/#organization","name":"Proof GmbH","description":"Farbverbindlicher Proof, Farbproof, Digitalproof und Online-Proof.","url":"http:\/\/blog.proofs.de\/tr\/","telephone":"+4970717952740","logo":{"@type":"ImageObject","url":"https:\/\/blog1.proofen.de\/wp-content\/uploads\/2019\/09\/logo_proof_rgb_mit_balken_250px.png","@id":"http:\/\/blog.proofs.de\/tr\/abschlusspruefung-mediengestalter-farbverbindliche-proofs-sind-pflicht\/#organizationLogo"},"image":{"@id":"http:\/\/blog.proofs.de\/tr\/abschlusspruefung-mediengestalter-farbverbindliche-proofs-sind-pflicht\/#organizationLogo"},"sameAs":["https:\/\/www.facebook.com\/Proof.de\/","https:\/\/www.instagram.com\/proof.de\/","https:\/\/www.tiktok.com\/@proof_de","https:\/\/www.youtube.com\/channel\/UCk80fQVQ25wC9wu3SywB-Nw","https:\/\/www.linkedin.com\/company\/proof-de"]},{"@type":"Person","@id":"http:\/\/blog.proofs.de\/tr\/author\/mbetz\/#author","url":"http:\/\/blog.proofs.de\/tr\/author\/mbetz\/","name":"Matthias Betz","image":{"@type":"ImageObject","@id":"http:\/\/blog.proofs.de\/tr\/abschlusspruefung-mediengestalter-farbverbindliche-proofs-sind-pflicht\/#authorImage","url":"https:\/\/blog.proofs.de\/wp-content\/uploads\/2020\/10\/matthias-betz-e1603934518350-150x150.png","width":96,"height":96,"caption":"Matthias Betz"}},{"@type":"WebPage","@id":"http:\/\/blog.proofs.de\/tr\/abschlusspruefung-mediengestalter-farbverbindliche-proofs-sind-pflicht\/#webpage","url":"http:\/\/blog.proofs.de\/tr\/abschlusspruefung-mediengestalter-farbverbindliche-proofs-sind-pflicht\/","name":"Abschlusspr\u00fcfung Mediengestalter: Proofs Pflicht | proof.de","description":"Die ZFA hat ihre Anforderungen f\u00fcr die Abschlusspr\u00fcfung Mediengestalter konkretisiert: Farbverbindliche Digitalproofs sind jetzt f\u00fcr die Pr\u00fcflinge Pflicht.","inLanguage":"tr-TR","isPartOf":{"@id":"http:\/\/blog.proofs.de\/tr\/#website"},"breadcrumb":{"@id":"http:\/\/blog.proofs.de\/tr\/abschlusspruefung-mediengestalter-farbverbindliche-proofs-sind-pflicht\/#breadcrumblist"},"author":{"@id":"http:\/\/blog.proofs.de\/tr\/author\/mbetz\/#author"},"creator":{"@id":"http:\/\/blog.proofs.de\/tr\/author\/mbetz\/#author"},"datePublished":"2014-07-01T15:37:40+02:00","dateModified":"2020-04-16T01:20:38+02:00"},{"@type":"WebSite","@id":"http:\/\/blog.proofs.de\/tr\/#website","url":"http:\/\/blog.proofs.de\/tr\/","name":"Proof.de","description":"Farbverbindlicher Proof, Farbproof, Digitalproof und Online-Proof.","inLanguage":"tr-TR","publisher":{"@id":"http:\/\/blog.proofs.de\/tr\/#organization"}}]},"og:locale":"tr_TR","og:site_name":"Proof.de | Alles zu Proof, Farbmanagement, Grafik, Messtechnik &amp; Co.","og:type":"article","og:title":"Abschlusspr\u00fcfung Mediengestalter: Proofs Pflicht | proof.de","og:description":"Die ZFA hat ihre Anforderungen f\u00fcr die Abschlusspr\u00fcfung Mediengestalter konkretisiert: Farbverbindliche Digitalproofs sind jetzt f\u00fcr die Pr\u00fcflinge Pflicht.","og:url":"http:\/\/blog.proofs.de\/tr\/abschlusspruefung-mediengestalter-farbverbindliche-proofs-sind-pflicht\/","og:image":"http:\/\/blog1.proofen.de\/wp-content\/uploads\/2020\/04\/proof_background.jpg","article:published_time":"2014-07-01T13:37:40+00:00","article:modified_time":"2020-04-15T23:20:38+00:00","article:publisher":"https:\/\/www.facebook.com\/Proof.de\/","twitter:card":"summary","twitter:title":"Abschlusspr\u00fcfung Mediengestalter: Proofs Pflicht | proof.de","twitter:description":"Die ZFA hat ihre Anforderungen f\u00fcr die Abschlusspr\u00fcfung Mediengestalter konkretisiert: Farbverbindliche Digitalproofs sind jetzt f\u00fcr die Pr\u00fcflinge Pflicht.","twitter:image":"https:\/\/blog1.proofen.de\/wp-content\/uploads\/2020\/04\/proof_background.jpg"},"aioseo_meta_data":{"post_id":"997","title":"Medya Tasar\u0131mc\u0131s\u0131 Bitirme S\u0131nav\u0131: Prova Bask\u0131lar\u0131 Zorunlu | proof.de","description":"ZFA, medya tasar\u0131mc\u0131lar\u0131 i\u00e7in final s\u0131nav\u0131 \u015fartlar\u0131n\u0131 belirledi: Adaylar i\u00e7in renk do\u011frulu\u011fu olan dijital provalar art\u0131k zorunlu.","keywords":[{"label":"Abschlusspr\u00fcfung","value":"Abschlusspr\u00fcfung"},{"label":"Mediengestalter","value":"Mediengestalter"},{"label":"Abschlusspr\u00fcfung Mediengestalter","value":"Abschlusspr\u00fcfung Mediengestalter"},{"label":"Proof","value":"Proof"},{"label":"Digitalproof","value":"Digitalproof"},{"label":"ZFA","value":"ZFA"},{"label":"Medienkeil","value":"Medienkeil"}],"keyphrases":null,"primary_term":null,"canonical_url":null,"og_title":null,"og_description":null,"og_object_type":"default","og_image_type":"default","og_image_url":null,"og_image_width":null,"og_image_height":null,"og_image_custom_url":null,"og_image_custom_fields":null,"og_video":null,"og_custom_url":null,"og_article_section":null,"og_article_tags":null,"twitter_use_og":false,"twitter_card":"default","twitter_image_type":"default","twitter_image_url":null,"twitter_image_custom_url":null,"twitter_image_custom_fields":null,"twitter_title":null,"twitter_description":null,"schema":{"blockGraphs":[],"customGraphs":[],"default":{"data":{"Article":[],"Course":[],"Dataset":[],"FAQPage":[],"Movie":[],"Person":[],"Product":[],"ProductReview":[],"Car":[],"Recipe":[],"Service":[],"SoftwareApplication":[],"WebPage":[]},"graphName":"","isEnabled":true},"graphs":[],"defaultGraph":"","defaultPostTypeGraph":""},"schema_type":null,"schema_type_options":null,"pillar_content":false,"robots_default":true,"robots_noindex":false,"robots_noarchive":false,"robots_nosnippet":false,"robots_nofollow":false,"robots_noimageindex":false,"robots_noodp":false,"robots_notranslate":false,"robots_max_snippet":null,"robots_max_videopreview":null,"robots_max_imagepreview":"large","priority":null,"frequency":null,"local_seo":null,"breadcrumb_settings":null,"limit_modified_date":false,"ai":null,"created":"2020-12-21 00:36:00","updated":"2025-06-04 14:16:01","seo_analyzer_scan_date":null,"focus_keyword":null,"additional_keywords":null,"truseo_locale":null},"_links":{"self":[{"href":"http:\/\/blog.proofs.de\/tr\/wp-json\/wp\/v2\/posts\/997","targetHints":{"allow":["GET"]}}],"collection":[{"href":"http:\/\/blog.proofs.de\/tr\/wp-json\/wp\/v2\/posts"}],"about":[{"href":"http:\/\/blog.proofs.de\/tr\/wp-json\/wp\/v2\/types\/post"}],"author":[{"embeddable":true,"href":"http:\/\/blog.proofs.de\/tr\/wp-json\/wp\/v2\/users\/2"}],"replies":[{"embeddable":true,"href":"http:\/\/blog.proofs.de\/tr\/wp-json\/wp\/v2\/comments?post=997"}],"version-history":[{"count":5,"href":"http:\/\/blog.proofs.de\/tr\/wp-json\/wp\/v2\/posts\/997\/revisions"}],"predecessor-version":[{"id":3398,"href":"http:\/\/blog.proofs.de\/tr\/wp-json\/wp\/v2\/posts\/997\/revisions\/3398"}],"wp:attachment":[{"href":"http:\/\/blog.proofs.de\/tr\/wp-json\/wp\/v2\/media?parent=997"}],"wp:term":[{"taxonomy":"category","embeddable":true,"href":"http:\/\/blog.proofs.de\/tr\/wp-json\/wp\/v2\/categories?post=997"},{"taxonomy":"post_tag","embeddable":true,"href":"http:\/\/blog.proofs.de\/tr\/wp-json\/wp\/v2\/tags?post=997"}],"curies":[{"name":"wp","href":"https:\/\/api.w.org\/{rel}","templated":true}]}}