{"id":6310,"date":"2026-02-04T16:40:10","date_gmt":"2026-02-04T15:40:10","guid":{"rendered":"https:\/\/www.proof.de\/?p=6310"},"modified":"2026-02-04T16:40:12","modified_gmt":"2026-02-04T15:40:12","slug":"2026-%e5%b9%b4-fogra-%e8%89%b2%e5%bd%a9%e7%ae%a1%e7%90%86%e7%a0%94%e8%ae%a8%e4%bc%9a%e5%b0%86%e4%ba%8e-2-%e6%9c%88-24-26-%e6%97%a5%e5%9c%a8%e6%85%95%e5%b0%bc%e9%bb%91%e4%b8%be%e8%a1%8c","status":"publish","type":"post","link":"http:\/\/blog.proofs.de\/zh\/fogra-colormanagement-symposium-2026-in-muenchen-vom-24-26-februar\/","title":{"rendered":"Fogra 2026 \u5e74\u8272\u5f69\u7ba1\u7406\u7814\u8ba8\u4f1a\u5c06\u4e8e 2 \u6708 24-26 \u65e5\u5728\u6155\u5c3c\u9ed1\u4e3e\u884c"},"content":{"rendered":"<div class=\"kk-star-ratings kksr-auto kksr-align-right kksr-valign-top\" data-payload='{\"align\":\"right\",\"id\":\"6310\",\"slug\":\"default\",\"valign\":\"top\",\"ignore\":\"\",\"reference\":\"auto\",\"class\":\"\",\"count\":\"0\",\"legendonly\":\"\",\"readonly\":\"\",\"score\":\"0\",\"starsonly\":\"\",\"best\":\"5\",\"gap\":\"5\",\"greet\":\"Jetzt bewerten\",\"legend\":\"0\\\/5 - (0 votes)\",\"size\":\"24\",\"title\":\"Fogra Colormanagement Symposium 2026 in M&uuml;nchen vom 24.-26. Februar\",\"width\":\"0\",\"_legend\":\"{score}\\\/{best} - ({count} {votes})\",\"font_factor\":\"1.25\"}'>\n            \n<div class=\"kksr-stars\">\n    \n<div class=\"kksr-stars-inactive\">\n            <div class=\"kksr-star\" data-star=\"1\" style=\"padding-right: 5px\">\n            \n\n<div class=\"kksr-icon\" style=\"width: 24px; height: 24px;\"><\/div>\n        <\/div>\n            <div class=\"kksr-star\" data-star=\"2\" style=\"padding-right: 5px\">\n            \n\n<div class=\"kksr-icon\" style=\"width: 24px; height: 24px;\"><\/div>\n        <\/div>\n            <div class=\"kksr-star\" data-star=\"3\" style=\"padding-right: 5px\">\n            \n\n<div class=\"kksr-icon\" style=\"width: 24px; height: 24px;\"><\/div>\n        <\/div>\n            <div class=\"kksr-star\" data-star=\"4\" style=\"padding-right: 5px\">\n            \n\n<div class=\"kksr-icon\" style=\"width: 24px; height: 24px;\"><\/div>\n        <\/div>\n            <div class=\"kksr-star\" data-star=\"5\" style=\"padding-right: 5px\">\n            \n\n<div class=\"kksr-icon\" style=\"width: 24px; height: 24px;\"><\/div>\n        <\/div>\n    <\/div>\n    \n<div class=\"kksr-stars-active\" style=\"width: 0px;\">\n            <div class=\"kksr-star\" style=\"padding-right: 5px\">\n            \n\n<div class=\"kksr-icon\" style=\"width: 24px; height: 24px;\"><\/div>\n        <\/div>\n            <div class=\"kksr-star\" style=\"padding-right: 5px\">\n            \n\n<div class=\"kksr-icon\" style=\"width: 24px; height: 24px;\"><\/div>\n        <\/div>\n            <div class=\"kksr-star\" style=\"padding-right: 5px\">\n            \n\n<div class=\"kksr-icon\" style=\"width: 24px; height: 24px;\"><\/div>\n        <\/div>\n            <div class=\"kksr-star\" style=\"padding-right: 5px\">\n            \n\n<div class=\"kksr-icon\" style=\"width: 24px; height: 24px;\"><\/div>\n        <\/div>\n            <div class=\"kksr-star\" style=\"padding-right: 5px\">\n            \n\n<div class=\"kksr-icon\" style=\"width: 24px; height: 24px;\"><\/div>\n        <\/div>\n    <\/div>\n<\/div>\n                \n\n<div class=\"kksr-legend\" style=\"font-size: 19.2px;\">\n            <span class=\"kksr-muted\">\u7acb\u5373\u8bc4\u5206<\/span>\n    <\/div>\n    <\/div>\n<div class=\"wp-block-image\">\n<figure class=\"alignright size-large is-resized\"><a href=\"https:\/\/fogra.org\/fileadmin\/files\/4_veranstaltungen\/symposien\/Fogra_CMS_Programm_2026_DE.pdf\" target=\"_blank\" rel=\" noreferrer noopener\"><img loading=\"lazy\" decoding=\"async\" width=\"721\" height=\"1024\" src=\"http:\/\/blog.proofs.de\/wp-content\/uploads\/2026\/02\/Bildschirmfoto-2026-02-04-um-16.32.53-721x1024.png\" alt=\"\" class=\"wp-image-6317\" style=\"width:270px;height:auto\" srcset=\"https:\/\/blog.proofs.de\/wp-content\/uploads\/2026\/02\/Bildschirmfoto-2026-02-04-um-16.32.53-721x1024.png 721w, https:\/\/blog.proofs.de\/wp-content\/uploads\/2026\/02\/Bildschirmfoto-2026-02-04-um-16.32.53-211x300.png 211w, https:\/\/blog.proofs.de\/wp-content\/uploads\/2026\/02\/Bildschirmfoto-2026-02-04-um-16.32.53-8x12.png 8w, https:\/\/blog.proofs.de\/wp-content\/uploads\/2026\/02\/Bildschirmfoto-2026-02-04-um-16.32.53.png 767w\" sizes=\"auto, (max-width: 721px) 100vw, 721px\"><\/a><figcaption class=\"wp-element-caption\"><a href=\"https:\/\/fogra.org\/fileadmin\/files\/4_veranstaltungen\/symposien\/Fogra_CMS_Programm_2026_DE.pdf\" target=\"_blank\" rel=\"noopener\" title=\"\">\u60a8\u53ef\u4ee5\u5728\u8fd9\u91cc\u4e0b\u8f7d\u5f53\u524d\u7684\u300a2026 \u5e74\u627f\u5305\u5546\u7ba1\u7406\u8ba1\u5212\u300b\u3002<\/a><\/figcaption><\/figure>\n<\/div>\n\n\n<p class=\"wp-block-paragraph\">\u6700\u91cd\u8981\u7684 <a href=\"http:\/\/blog.proofs.de\/zh\/lexikon\/farbmanagement\/\" target=\"_self\" title=\"\u8272\u5f69\u7ba1\u7406\u7684\u76ee\u7684\u662f\u786e\u4fdd\u4e0d\u540c\u8bbe\u5907\uff08\u5982\u7167\u76f8\u673a\u3001\u626b\u63cf\u4eea\u3001\u663e\u793a\u5668\u3001\u6fc0\u5149\u6253\u5370\u673a\u3001\u55b7\u58a8\u6253\u5370\u673a\u3001\u80f6\u5370\u673a\u7b49\uff09\u4e4b\u95f4\u5c3d\u53ef\u80fd\u76f8\u4f3c\u5730\u518d\u73b0\u8272\u5f69\u3002\" class=\"encyclopedia\">\u8272\u5f69\u7ba1\u7406<\/a> \u6bcf\u4e24\u5e74\u5728\u6155\u5c3c\u9ed1\u4e3e\u529e\u4e00\u6b21\u7684\u6d3b\u52a8\u662f <a href=\"http:\/\/blog.proofs.de\/zh\/lexikon\/fogra\/\" target=\"_self\" title=\"Fogra Forschungsgesellschaft Druck e.V.\uff0c\u603b\u90e8\u8bbe\u5728\u6155\u5c3c\u9ed1\u3002\" class=\"encyclopedia\">Fogra<\/a> \u8272\u5f69\u7ba1\u7406\u7814\u8ba8\u4f1a\u3002\u4eca\u5e74\uff0c\u6211\u4eec\u518d\u6b21\u9080\u8bf7\u6240\u6709\u4e13\u4e1a\u4eba\u58eb\u524d\u5f80\u6155\u5c3c\u9ed1\u671d\u5723\uff1a\u4e24\u5929\u7684\u8bb2\u5ea7\u3001\u8ba8\u8bba\u548c\u5df4\u4f10\u5229\u4e9a\u4e4b\u591c\u7b49\u5f85\u7740\u4e0e\u4f1a\u8005\u3002.<\/p>\n\n\n\n<p class=\"wp-block-paragraph\">\u9a6c\u8482\u4e9a\u65af-\u8d1d\u8328\u662f <a href=\"http:\/\/blog.proofs.de\/zh\/lexikon\/proof\/\" target=\"_self\" title=\"\u5408\u540c\u6253\u6837\u662f\u4e00\u79cd\u901a\u8fc7 ISO 12647-7 \u8ba4\u8bc1\u7684\u6d4b\u8bd5\u8bbe\u5907\uff0c\u7528\u4e8e\u5236\u7248\u5370\u5237\u884c\u4e1a\u3002\u6253\u6837\u53ef\u4ee5\u5728 ISO \u6807\u51c6\u89c4\u5b9a\u7684\u8f83\u5c0f\u516c\u5dee\u8303\u56f4\u5185\uff0c\u4ee5\u5177\u6709\u6cd5\u5f8b\u7ea6\u675f\u529b\u7684\u8272\u5f69\u65b9\u5f0f\u6a21\u62df\u80f6\u7248\u5370\u5237\u6216\u51f9\u7248\u5370\u5237\u7684\u8272\u5f69\u3002\" class=\"encyclopedia\">\u8bc1\u636e<\/a>.de\u5c06\u518d\u6b21\u53c2\u52a0\uff1a\u591a\u5e74\u6765\uff0c\u4ed6\u4e00\u76f4\u501f\u6b64\u673a\u4f1a\u4e0e\u540c\u4e8b\u548c\u670b\u53cb\u4ea4\u6d41\u601d\u60f3\uff0c\u4e86\u89e3\u65b0\u6280\u672f\u3001\u786c\u4ef6\u548c\u8f6f\u4ef6\uff0c\u5e76\u4e0e\u6765\u81eaFogra\u548cfreieFarbe\u7684\u540c\u4e8b\u4f1a\u9762\u3001, <a href=\"http:\/\/blog.proofs.de\/zh\/lexikon\/gmg\/\" target=\"_self\" title=\"GMG Color \u662f\u4e00\u5bb6\u4f4d\u4e8e\u56fe\u5bbe\u6839\u7684\u516c\u53f8\uff0c\u56e0\u5f00\u53d1\u8272\u5f69\u7ba1\u7406\u8f6f\u4ef6\u800c\u58f0\u540d\u9e4a\u8d77\u300225 \u5e74\u6765\uff0cGMG \u8272\u5f69\u516c\u53f8\u4e3a\u5546\u4e1a\u7528\u6237\u5f00\u53d1\u4e86\u4ece\u6253\u5370\u673a\u9a71\u52a8\u7a0b\u5e8f\u5230\u590d\u6742\u6253\u6837\u8f6f\u4ef6\u7684\u4f17\u591a\u4ea7\u54c1\u3002\" class=\"encyclopedia\">GMG<\/a> \u7b49\u7b49\u3002.<\/p>\n\n\n\n<p class=\"wp-block-paragraph\">\u9664\u4e86\u6f14\u8bb2\u4e4b\u5916\uff0c\u7814\u8ba8\u4f1a\u4e0a\u7684\u516c\u53f8\u5c55\u53f0\u4e5f\u59cb\u7ec8\u662f\u4e00\u4e2a\u7126\u70b9\u3002\u6240\u6709\u77e5\u540d\u7684\u6d4b\u91cf\u8bbe\u5907\u5236\u9020\u5546\uff0c\u5982 X-Rite\u3001Techkon\u3001, <a href=\"http:\/\/blog.proofs.de\/zh\/lexikon\/normlicht\/\" target=\"_self\" title=\"\u6807\u51c6\u7167\u660e\u662f\u6307\u89c4\u5b9a\u7684\u7167\u660e\u6761\u4ef6\uff0c\u5728\u8fd9\u79cd\u6761\u4ef6\u4e0b\uff0c\u89c2\u4f17\u53ef\u4ee5\u4ee5\u7edf\u4e00\u7684\u65b9\u5f0f\u89c2\u770b\u548c\u8bc4\u4ef7\u7248\u753b\u6216\u7269\u54c1\u3002\u5bf9\u4e8e\u7248\u753b\u5bb6\u6765\u8bf4\uff0c\u6700\u91cd\u8981\u7684\u6807\u51c6\u5149\u6e90\u662f D50\uff08\u8272\u6e29\uff1a5000 \u5f00\u5c14\u6587\uff09\u3002\" class=\"encyclopedia\">\u6807\u51c6\u706f<\/a>\u4e13\u4e1a\u4eba\u5458\uff0c\u5982 <a href=\"http:\/\/blog.proofs.de\/zh\/lexikon\/just\/\" target=\"_self\" title=\"Just Normlicht GmbH \u662f\u5370\u5237\u884c\u4e1a\u6700\u8457\u540d\u7684\u6807\u51c6\u5316\u7167\u660e\u89e3\u51b3\u65b9\u6848\u5236\u9020\u5546\u3002\" class=\"encyclopedia\">\u53ea\u662f<\/a> \u548c <a href=\"http:\/\/blog.proofs.de\/zh\/lexikon\/lacunasolutions\/\" target=\"_self\" title=\"\u7531\u8272\u5f69\u7ba1\u7406\u4e13\u5bb6 Alexander Demmler \u6240\u62e5\u6709\u7684\u5df4\u4f10\u5229\u4e9a\u5dde Kirchansch\u00f6ring \u7684 Lacunasolutions \u516c\u53f8\u4e0d\u4ec5\u4e3a\u5370\u5237\u516c\u53f8\u548c\u5370\u524d\u64cd\u4f5c\u63d0\u4f9b\u6807\u51c6\u5149\u89e3\u51b3\u65b9\u6848\uff0c\u800c\u4e14\u8fd8\u63d0\u4f9b Spectraproof \u8f6f\u6253\u6837\u8f6f\u4ef6\u5f62\u5f0f\u7684\u8f6f\u6253\u6837\u89e3\u51b3\u65b9\u6848\uff0c\u8be5\u8f6f\u4ef6\u53ef\u4ee5\u4f7f\u7528\u516c\u53f8\u81ea\u5df1\u7684\u6807\u51c6\u5149\u548c\u5404\u79cd\u786c\u4ef6\u6821\u51c6\u663e\u793a\u5668\uff08\u5982 EIZO\u3001BENQ \u548c Viewsonic\uff09\u751f\u6210\u51fa\u8272\u7684\u8f6f\u6253\u6837\u3002\u6807\u51c6\u5149\uff1a\u4ece\u5c0f\u578b\u7684 D50 \u6807\u51c6\u5149 LED \u706f...\" class=\"encyclopedia\">Lacunasolutions<\/a> \u6216\u7279\u5b9a\u7684\u89e3\u51b3\u65b9\u6848\uff0c\u5982 iQIP\u3001\u9762\u5411\u5370\u5237\u4e70\u5bb6\u548c\u5370\u5237\u5546\u7684 QM \u4e91\u6216 <a href=\"http:\/\/blog.proofs.de\/zh\/lexikon\/softproof\/\" target=\"_self\" title='\u4e0e\u4f20\u7edf\u7684\u7eb8\u8d28 &quot;\u786c\u6821\u6837 &quot;\u4e0d\u540c\uff0c\u8f6f\u6821\u6837\u662f\u5728\u663e\u793a\u5668\u4e0a\u4ee5\u771f\u5f69\u8272\u663e\u793a\u7684\u6821\u6837\u3002' class=\"encyclopedia\">\u9632\u8f6f<\/a> \u7cfb\u7edf\u4ece <a href=\"http:\/\/blog.proofs.de\/zh\/lexikon\/spectraproof\/\" target=\"_self\" title=\"Spectraproof \u662f Lacunasolutions \u63a8\u51fa\u7684\u67d4\u5149\u7cfb\u7edf\uff1a\u4e00\u79cd\u5168\u65b0\u7684\u5149\u8c31\u7ed3\u6784\u67d4\u5149\u8f6f\u4ef6\u4e0e Alexander Demmler \u63d0\u4f9b\u7684\u7cbe\u5bc6\u6807\u51c6\u5316\u7167\u660e\u76f8\u7ed3\u5408\u3002\u8fd9\u610f\u5473\u7740\u53ef\u4ee5\u5728\u8f6f\u4ef6\u4e2d\u7b80\u5355\u76f4\u89c2\u5730\u9a8c\u8bc1\u76d1\u89c6\u5668\u3001\u8f6f\u6253\u6837\u548c\u73af\u5883\u5149\uff0c\u5e76\u751f\u6210\u8f6f\u6253\u6837\u6d4b\u8bd5\u62a5\u544a\uff0c\u5373\u4f7f\u662f\u4e13\u8272\u4e5f\u4e0d\u4f8b\u5916\u3002\u6240\u6709\u9009\u9879\u5305\u62ec\u6807\u51c6 ICC\u3001...\" class=\"encyclopedia\">\u9632\u5149\u8c31<\/a> \u6709\u4ee3\u8868\u6027\u3002.<\/p>\n\n\n\n<h2 class=\"wp-block-heading\">\u8fd9\u4e00\u5168\u7403\u9886\u5148\u7684\u8272\u5f69\u7ba1\u7406\u76db\u4f1a\u5c06\u518d\u6b21\u6db5\u76d6\u63a8\u52a8\u884c\u4e1a\u53d1\u5c55\u7684\u4e3b\u9898\uff1a<\/h2>\n\n\n\n<ul class=\"wp-block-list\">\n<li>\u6570\u5b57\u65f6\u4ee3\u7684\u5ba2\u6237\u671f\u671b&nbsp;<\/li>\n\n\n\n<li>\u5305\u88c5\u5370\u5237\u4e2d\u7684\u8272\u5f69\u7ba1\u7406<\/li>\n\n\n\n<li>\u771f\u6b63\u7684\u627f\u5370\u7269\u5370\u5237\uff1a\u6253\u6837\u7684\u590d\u5174<\/li>\n\n\n\n<li>\u8272\u5f69\u7ba1\u7406\u5b9e\u8df5<\/li>\n\n\n\n<li>\u6709\u4e2a\u6027\u7684\u8868\u9762--\u5de5\u4e1a\u5370\u5237\u4e2d\u590d\u6742\u6750\u6599\u7684\u8272\u5f69\u53ef\u9760\u6027<\/li>\n\n\n\n<li>\u9ad8\u52a8\u6001\u8303\u56f4 (HDR) \u7b26\u5408\u5370\u5237\u60ef\u4f8b<\/li>\n\n\n\n<li>\u4eba\u5de5\u667a\u80fd\u4e4b\u6218--\u4ece \u201e\u987e\u95ee Bla Bla \u201c\u5230 \u201e\u73b0\u5b9e\u4e16\u754c\u7684\u673a\u9047\u4e0e\u98ce\u9669\u201c<\/li>\n<\/ul>\n\n\n\n<p class=\"wp-block-paragraph\">\u6709\u5173\u4eca\u5e74\u6d3b\u52a8\u7684\u66f4\u591a\u4fe1\u606f\uff0c\u8bf7\u70b9\u51fb\u6b64\u5904\uff1a <\/p>\n\n\n\n<p class=\"wp-block-paragraph\"><a href=\"https:\/\/fogra.org\/veranstaltungen\/colour-management-symposium\" target=\"_blank\" rel=\"noopener\" title=\"2026 \u5e74 Fogra \u8272\u5f69\u7ba1\u7406\u7814\u8ba8\u4f1a\">https:\/\/fogra.org\/veranstaltungen\/colour-management-symposium<\/a><\/p>","protected":false},"excerpt":{"rendered":"<p>\u6700\u91cd\u8981\u7684\u8272\u5f69\u7ba1\u7406\u6d3b\u52a8\u6bcf\u4e24\u5e74\u5728\u6155\u5c3c\u9ed1\u4e3e\u884c\u4e00\u6b21\uff1aFogra \u8272\u5f69\u7ba1\u7406\u7814\u8ba8\u4f1a\u3002\u4eca\u5e74\uff0c\u6211\u4eec\u518d\u6b21\u9080\u8bf7\u6240\u6709\u4e13\u4e1a\u4eba\u58eb\u524d\u5f80\u6155\u5c3c\u9ed1\u671d\u5723\uff1a\u4e24\u5929\u7684\u8bb2\u5ea7\u3001\u8ba8\u8bba\u548c\u5df4\u4f10\u5229\u4e9a\u4e4b\u591c\u7b49\u5f85\u7740\u4e0e\u4f1a\u8005\u3002proof.de \u7684\u6240\u6709\u8005 Matthias Betz \u4e5f\u5c06\u518d\u6b21\u51fa\u5e2d\uff1a\u591a\u5e74\u6765\uff0c\u4ed6\u4e00\u76f4\u501f\u6b64\u673a\u4f1a\u4e0e\u540c\u4e8b\u548c\u670b\u53cb\u4ea4\u6d41\u601d\u60f3\uff0c\u4e86\u89e3\u65b0\u6280\u672f\u3001\u786c\u4ef6\u548c\u8f6f\u4ef6\uff0c\u5e76\u4e0e\u6765\u81ea Fogra\u3001freieFarbe\u3001GMG \u7b49\u516c\u53f8\u7684\u540c\u4e8b\u4ea4\u6362\u610f\u89c1\u3002\u9664\u4e86\u6f14\u8bb2\u4e4b\u5916 <\/p>\n<p class=\"read-more-container\"><a title=\"Fogra 2026 \u5e74\u8272\u5f69\u7ba1\u7406\u7814\u8ba8\u4f1a\u5c06\u4e8e 2 \u6708 24-26 \u65e5\u5728\u6155\u5c3c\u9ed1\u4e3e\u884c\" class=\"read-more button\" href=\"http:\/\/blog.proofs.de\/zh\/fogra-colormanagement-symposium-2026-in-muenchen-vom-24-26-februar\/#more-6310\" aria-label=\"\u9605\u8bfb 2 \u6708 24-26 \u65e5\u5728\u6155\u5c3c\u9ed1\u4e3e\u884c\u7684 2026 \u5e74 Fogra Colormanagement \u7814\u8ba8\u4f1a\">\u66f4\u591a\u4fe1\u606f<\/a><\/p>","protected":false},"author":2,"featured_media":6311,"comment_status":"open","ping_status":"open","sticky":false,"template":"","format":"standard","meta":{"om_disable_all_campaigns":false,"inline_featured_image":false,"_monsterinsights_skip_tracking":false,"footnotes":""},"categories":[1],"tags":[932,1460,1459,1458,690,692,522,1461,1375,539,1372],"class_list":["post-6310","post","type-post","status-publish","format-standard","has-post-thumbnail","hentry","category-allgemein","tag-cms","tag-cms-2026","tag-cms2026","tag-colormanagement-symposium","tag-farbmanagement","tag-farbmanagement-symposium","tag-fogra","tag-iqip","tag-lacunasolutions","tag-proof-gmbh","tag-spectraproof","generate-columns","tablet-grid-50","mobile-grid-100","grid-parent","grid-50","no-featured-image-padding","resize-featured-image"],"aioseo_notices":[],"aioseo_head":"\n\t\t<!-- All in One SEO 5.0.1.1 - aioseo.com -->\n\t<meta name=\"description\" content=\"Vom 24.-26.2. findet in M\u00fcnchen das Farbmanagement Symposium 2026 der Fogra statt - der Branchentreff f\u00fcr Farbmanagement, auch proof.de ist wieder dabei.\" \/>\n\t<meta name=\"robots\" content=\"max-image-preview:large\" \/>\n\t<meta name=\"author\" content=\"Matthias Betz\"\/>\n\t<meta name=\"google-site-verification\" content=\"TuXxyRwxcEg2-WfOaQ8vScWQh3-uBAnxXmY7g3GT90A\" \/>\n\t<meta name=\"keywords\" content=\"cms,cms 2026,cms2026,colormanagement symposium,farbmanagement,farbmanagement symposium,fogra,iqip,lacunasolutions,proof gmbh,spectraproof\" \/>\n\t<link rel=\"canonical\" href=\"http:\/\/blog.proofs.de\/zh\/fogra-colormanagement-symposium-2026-in-muenchen-vom-24-26-februar\/\" \/>\n\t<meta name=\"generator\" content=\"All in One SEO (AIOSEO) 5.0.1.1\" \/>\n\n\t\t<meta name=\"seobility\" content=\"593a8578143db71543f014978c690d47\">\n\t\t<meta property=\"og:locale\" content=\"zh_CN\" \/>\n\t\t<meta property=\"og:site_name\" content=\"Proof.de | Alles zu Proof, Farbmanagement, Grafik, Messtechnik &amp; Co.\" \/>\n\t\t<meta property=\"og:type\" content=\"article\" \/>\n\t\t<meta property=\"og:title\" content=\"Fogra Farbmanagement Symposium 2026 in M\u00fcnchen | proof.de\" \/>\n\t\t<meta property=\"og:description\" content=\"Vom 24.-26.2. findet in M\u00fcnchen das Farbmanagement Symposium 2026 der Fogra statt - der Branchentreff f\u00fcr Farbmanagement, auch proof.de ist wieder dabei.\" \/>\n\t\t<meta property=\"og:url\" content=\"http:\/\/blog.proofs.de\/zh\/fogra-colormanagement-symposium-2026-in-muenchen-vom-24-26-februar\/\" \/>\n\t\t<meta property=\"og:image\" content=\"http:\/\/blog.proofs.de\/wp-content\/uploads\/2026\/01\/Bildschirmfoto-2026-01-31-um-01.44.10.png\" \/>\n\t\t<meta property=\"og:image:width\" content=\"2132\" \/>\n\t\t<meta property=\"og:image:height\" content=\"994\" \/>\n\t\t<meta property=\"article:published_time\" content=\"2026-02-04T15:40:10+00:00\" \/>\n\t\t<meta property=\"article:modified_time\" content=\"2026-02-04T15:40:12+00:00\" \/>\n\t\t<meta property=\"article:publisher\" content=\"https:\/\/www.facebook.com\/Proof.de\/\" \/>\n\t\t<meta name=\"twitter:card\" content=\"summary\" \/>\n\t\t<meta name=\"twitter:title\" content=\"Fogra Farbmanagement Symposium 2026 in M\u00fcnchen | proof.de\" \/>\n\t\t<meta name=\"twitter:description\" content=\"Vom 24.-26.2. findet in M\u00fcnchen das Farbmanagement Symposium 2026 der Fogra statt - der Branchentreff f\u00fcr Farbmanagement, auch proof.de ist wieder dabei.\" \/>\n\t\t<meta name=\"twitter:image\" content=\"https:\/\/blog.proofs.de\/wp-content\/uploads\/2026\/01\/Bildschirmfoto-2026-01-31-um-01.44.10.png\" \/>\n\t\t<script type=\"application\/ld+json\" class=\"aioseo-schema\">\n\t\t\t{\"@context\":\"https:\\\/\\\/schema.org\",\"@graph\":[{\"@type\":\"Article\",\"@id\":\"http:\\\/\\\/blog.proofs.de\\\/zh\\\/fogra-colormanagement-symposium-2026-in-muenchen-vom-24-26-februar\\\/#article\",\"name\":\"Fogra Farbmanagement Symposium 2026 in M\\u00fcnchen | proof.de\",\"headline\":\"Fogra Colormanagement Symposium 2026 in M\\u00fcnchen vom 24.-26. Februar\",\"author\":{\"@id\":\"http:\\\/\\\/blog.proofs.de\\\/zh\\\/author\\\/mbetz\\\/#author\"},\"publisher\":{\"@id\":\"http:\\\/\\\/blog.proofs.de\\\/zh\\\/#organization\"},\"image\":{\"@type\":\"ImageObject\",\"url\":\"https:\\\/\\\/blog.proofs.de\\\/wp-content\\\/uploads\\\/2026\\\/01\\\/Bildschirmfoto-2026-01-31-um-01.44.10.png\",\"width\":2132,\"height\":994,\"caption\":\"Fogra Colormanagement Symposium 2026\"},\"datePublished\":\"2026-02-04T16:40:10+01:00\",\"dateModified\":\"2026-02-04T16:40:12+01:00\",\"inLanguage\":\"zh-CN\",\"mainEntityOfPage\":{\"@id\":\"http:\\\/\\\/blog.proofs.de\\\/zh\\\/fogra-colormanagement-symposium-2026-in-muenchen-vom-24-26-februar\\\/#webpage\"},\"isPartOf\":{\"@id\":\"http:\\\/\\\/blog.proofs.de\\\/zh\\\/fogra-colormanagement-symposium-2026-in-muenchen-vom-24-26-februar\\\/#webpage\"},\"articleSection\":\"Allgemein, CMS, CMS 2026, CMS2026, Colormanagement Symposium, Farbmanagement, Farbmanagement Symposium, Fogra, iQIP, Lacunasolutions, Proof GmbH, Spectraproof\"},{\"@type\":\"BreadcrumbList\",\"@id\":\"http:\\\/\\\/blog.proofs.de\\\/zh\\\/fogra-colormanagement-symposium-2026-in-muenchen-vom-24-26-februar\\\/#breadcrumblist\",\"itemListElement\":[{\"@type\":\"ListItem\",\"@id\":\"http:\\\/\\\/blog.proofs.de\\\/zh#listItem\",\"position\":1,\"name\":\"Home\",\"item\":\"http:\\\/\\\/blog.proofs.de\\\/zh\",\"nextItem\":{\"@type\":\"ListItem\",\"@id\":\"http:\\\/\\\/blog.proofs.de\\\/zh\\\/thema\\\/allgemein\\\/#listItem\",\"name\":\"Allgemein\"}},{\"@type\":\"ListItem\",\"@id\":\"http:\\\/\\\/blog.proofs.de\\\/zh\\\/thema\\\/allgemein\\\/#listItem\",\"position\":2,\"name\":\"Allgemein\",\"item\":\"http:\\\/\\\/blog.proofs.de\\\/zh\\\/thema\\\/allgemein\\\/\",\"nextItem\":{\"@type\":\"ListItem\",\"@id\":\"http:\\\/\\\/blog.proofs.de\\\/zh\\\/fogra-colormanagement-symposium-2026-in-muenchen-vom-24-26-februar\\\/#listItem\",\"name\":\"Fogra Colormanagement Symposium 2026 in M\\u00fcnchen vom 24.-26. Februar\"},\"previousItem\":{\"@type\":\"ListItem\",\"@id\":\"http:\\\/\\\/blog.proofs.de\\\/zh#listItem\",\"name\":\"Home\"}},{\"@type\":\"ListItem\",\"@id\":\"http:\\\/\\\/blog.proofs.de\\\/zh\\\/fogra-colormanagement-symposium-2026-in-muenchen-vom-24-26-februar\\\/#listItem\",\"position\":3,\"name\":\"Fogra Colormanagement Symposium 2026 in M\\u00fcnchen vom 24.-26. Februar\",\"previousItem\":{\"@type\":\"ListItem\",\"@id\":\"http:\\\/\\\/blog.proofs.de\\\/zh\\\/thema\\\/allgemein\\\/#listItem\",\"name\":\"Allgemein\"}}]},{\"@type\":\"Organization\",\"@id\":\"http:\\\/\\\/blog.proofs.de\\\/zh\\\/#organization\",\"name\":\"Proof GmbH\",\"description\":\"Farbverbindlicher Proof, Farbproof, Digitalproof und Online-Proof.\",\"url\":\"http:\\\/\\\/blog.proofs.de\\\/zh\\\/\",\"telephone\":\"+4970717952740\",\"logo\":{\"@type\":\"ImageObject\",\"url\":\"https:\\\/\\\/blog1.proofen.de\\\/wp-content\\\/uploads\\\/2019\\\/09\\\/logo_proof_rgb_mit_balken_250px.png\",\"@id\":\"http:\\\/\\\/blog.proofs.de\\\/zh\\\/fogra-colormanagement-symposium-2026-in-muenchen-vom-24-26-februar\\\/#organizationLogo\"},\"image\":{\"@id\":\"http:\\\/\\\/blog.proofs.de\\\/zh\\\/fogra-colormanagement-symposium-2026-in-muenchen-vom-24-26-februar\\\/#organizationLogo\"},\"sameAs\":[\"https:\\\/\\\/www.facebook.com\\\/Proof.de\\\/\",\"https:\\\/\\\/www.instagram.com\\\/proof.de\\\/\",\"https:\\\/\\\/www.tiktok.com\\\/@proof_de\",\"https:\\\/\\\/www.youtube.com\\\/channel\\\/UCk80fQVQ25wC9wu3SywB-Nw\",\"https:\\\/\\\/www.linkedin.com\\\/company\\\/proof-de\"]},{\"@type\":\"Person\",\"@id\":\"http:\\\/\\\/blog.proofs.de\\\/zh\\\/author\\\/mbetz\\\/#author\",\"url\":\"http:\\\/\\\/blog.proofs.de\\\/zh\\\/author\\\/mbetz\\\/\",\"name\":\"Matthias Betz\",\"image\":{\"@type\":\"ImageObject\",\"@id\":\"http:\\\/\\\/blog.proofs.de\\\/zh\\\/fogra-colormanagement-symposium-2026-in-muenchen-vom-24-26-februar\\\/#authorImage\",\"url\":\"https:\\\/\\\/blog.proofs.de\\\/wp-content\\\/uploads\\\/2020\\\/10\\\/matthias-betz-e1603934518350-150x150.png\",\"width\":96,\"height\":96,\"caption\":\"Matthias Betz\"}},{\"@type\":\"WebPage\",\"@id\":\"http:\\\/\\\/blog.proofs.de\\\/zh\\\/fogra-colormanagement-symposium-2026-in-muenchen-vom-24-26-februar\\\/#webpage\",\"url\":\"http:\\\/\\\/blog.proofs.de\\\/zh\\\/fogra-colormanagement-symposium-2026-in-muenchen-vom-24-26-februar\\\/\",\"name\":\"Fogra Farbmanagement Symposium 2026 in M\\u00fcnchen | proof.de\",\"description\":\"Vom 24.-26.2. findet in M\\u00fcnchen das Farbmanagement Symposium 2026 der Fogra statt - der Branchentreff f\\u00fcr Farbmanagement, auch proof.de ist wieder dabei.\",\"inLanguage\":\"zh-CN\",\"isPartOf\":{\"@id\":\"http:\\\/\\\/blog.proofs.de\\\/zh\\\/#website\"},\"breadcrumb\":{\"@id\":\"http:\\\/\\\/blog.proofs.de\\\/zh\\\/fogra-colormanagement-symposium-2026-in-muenchen-vom-24-26-februar\\\/#breadcrumblist\"},\"author\":{\"@id\":\"http:\\\/\\\/blog.proofs.de\\\/zh\\\/author\\\/mbetz\\\/#author\"},\"creator\":{\"@id\":\"http:\\\/\\\/blog.proofs.de\\\/zh\\\/author\\\/mbetz\\\/#author\"},\"image\":{\"@type\":\"ImageObject\",\"url\":\"https:\\\/\\\/blog.proofs.de\\\/wp-content\\\/uploads\\\/2026\\\/01\\\/Bildschirmfoto-2026-01-31-um-01.44.10.png\",\"@id\":\"http:\\\/\\\/blog.proofs.de\\\/zh\\\/fogra-colormanagement-symposium-2026-in-muenchen-vom-24-26-februar\\\/#mainImage\",\"width\":2132,\"height\":994,\"caption\":\"Fogra Colormanagement Symposium 2026\"},\"primaryImageOfPage\":{\"@id\":\"http:\\\/\\\/blog.proofs.de\\\/zh\\\/fogra-colormanagement-symposium-2026-in-muenchen-vom-24-26-februar\\\/#mainImage\"},\"datePublished\":\"2026-02-04T16:40:10+01:00\",\"dateModified\":\"2026-02-04T16:40:12+01:00\"},{\"@type\":\"WebSite\",\"@id\":\"http:\\\/\\\/blog.proofs.de\\\/zh\\\/#website\",\"url\":\"http:\\\/\\\/blog.proofs.de\\\/zh\\\/\",\"name\":\"Proof.de\",\"description\":\"Farbverbindlicher Proof, Farbproof, Digitalproof und Online-Proof.\",\"inLanguage\":\"zh-CN\",\"publisher\":{\"@id\":\"http:\\\/\\\/blog.proofs.de\\\/zh\\\/#organization\"}}]}\n\t\t<\/script>\n\t\t<!-- All in One SEO -->\n\n","aioseo_head_json":{"title":"\u6155\u5c3c\u9ed1 2026 \u5e74 Fogra \u8272\u5f69\u7ba1\u7406\u7814\u8ba8\u4f1a | proof.de","description":"2026 \u5e74 Fogra \u8272\u5f69\u7ba1\u7406\u7814\u8ba8\u4f1a\u5c06\u4e8e 2 \u6708 24 \u65e5\u81f3 26 \u65e5\u5728\u6155\u5c3c\u9ed1\u4e3e\u884c\uff0c\u8fd9\u662f\u8272\u5f69\u7ba1\u7406\u884c\u4e1a\u7684\u76db\u4f1a\uff0cproof.de \u5c06\u518d\u6b21\u53c2\u52a0\u3002.","canonical_url":"http:\/\/blog.proofs.de\/zh\/fogra-colormanagement-symposium-2026-in-muenchen-vom-24-26-februar\/","robots":"max-image-preview:large","keywords":"cms,cms 2026,cms2026,colormanagement symposium,farbmanagement,farbmanagement symposium,fogra,iqip,lacunasolutions,proof gmbh,spectraproof","webmasterTools":{"google-site-verification":"TuXxyRwxcEg2-WfOaQ8vScWQh3-uBAnxXmY7g3GT90A","miscellaneous":"&lt;meta name=\"seobility\" content=\"593a8578143db71543f014978c690d47\"&gt;"},"schema":{"@context":"https:\/\/schema.org","@graph":[{"@type":"Article","@id":"http:\/\/blog.proofs.de\/zh\/fogra-colormanagement-symposium-2026-in-muenchen-vom-24-26-februar\/#article","name":"Fogra Farbmanagement Symposium 2026 in M\u00fcnchen | proof.de","headline":"Fogra Colormanagement Symposium 2026 in M\u00fcnchen vom 24.-26. Februar","author":{"@id":"http:\/\/blog.proofs.de\/zh\/author\/mbetz\/#author"},"publisher":{"@id":"http:\/\/blog.proofs.de\/zh\/#organization"},"image":{"@type":"ImageObject","url":"https:\/\/blog.proofs.de\/wp-content\/uploads\/2026\/01\/Bildschirmfoto-2026-01-31-um-01.44.10.png","width":2132,"height":994,"caption":"Fogra Colormanagement Symposium 2026"},"datePublished":"2026-02-04T16:40:10+01:00","dateModified":"2026-02-04T16:40:12+01:00","inLanguage":"zh-CN","mainEntityOfPage":{"@id":"http:\/\/blog.proofs.de\/zh\/fogra-colormanagement-symposium-2026-in-muenchen-vom-24-26-februar\/#webpage"},"isPartOf":{"@id":"http:\/\/blog.proofs.de\/zh\/fogra-colormanagement-symposium-2026-in-muenchen-vom-24-26-februar\/#webpage"},"articleSection":"Allgemein, CMS, CMS 2026, CMS2026, Colormanagement Symposium, Farbmanagement, Farbmanagement Symposium, Fogra, iQIP, Lacunasolutions, Proof GmbH, Spectraproof"},{"@type":"BreadcrumbList","@id":"http:\/\/blog.proofs.de\/zh\/fogra-colormanagement-symposium-2026-in-muenchen-vom-24-26-februar\/#breadcrumblist","itemListElement":[{"@type":"ListItem","@id":"http:\/\/blog.proofs.de\/zh#listItem","position":1,"name":"Home","item":"http:\/\/blog.proofs.de\/zh","nextItem":{"@type":"ListItem","@id":"http:\/\/blog.proofs.de\/zh\/thema\/allgemein\/#listItem","name":"Allgemein"}},{"@type":"ListItem","@id":"http:\/\/blog.proofs.de\/zh\/thema\/allgemein\/#listItem","position":2,"name":"Allgemein","item":"http:\/\/blog.proofs.de\/zh\/thema\/allgemein\/","nextItem":{"@type":"ListItem","@id":"http:\/\/blog.proofs.de\/zh\/fogra-colormanagement-symposium-2026-in-muenchen-vom-24-26-februar\/#listItem","name":"Fogra Colormanagement Symposium 2026 in M\u00fcnchen vom 24.-26. Februar"},"previousItem":{"@type":"ListItem","@id":"http:\/\/blog.proofs.de\/zh#listItem","name":"Home"}},{"@type":"ListItem","@id":"http:\/\/blog.proofs.de\/zh\/fogra-colormanagement-symposium-2026-in-muenchen-vom-24-26-februar\/#listItem","position":3,"name":"Fogra Colormanagement Symposium 2026 in M\u00fcnchen vom 24.-26. Februar","previousItem":{"@type":"ListItem","@id":"http:\/\/blog.proofs.de\/zh\/thema\/allgemein\/#listItem","name":"Allgemein"}}]},{"@type":"Organization","@id":"http:\/\/blog.proofs.de\/zh\/#organization","name":"Proof GmbH","description":"Farbverbindlicher Proof, Farbproof, Digitalproof und Online-Proof.","url":"http:\/\/blog.proofs.de\/zh\/","telephone":"+4970717952740","logo":{"@type":"ImageObject","url":"https:\/\/blog1.proofen.de\/wp-content\/uploads\/2019\/09\/logo_proof_rgb_mit_balken_250px.png","@id":"http:\/\/blog.proofs.de\/zh\/fogra-colormanagement-symposium-2026-in-muenchen-vom-24-26-februar\/#organizationLogo"},"image":{"@id":"http:\/\/blog.proofs.de\/zh\/fogra-colormanagement-symposium-2026-in-muenchen-vom-24-26-februar\/#organizationLogo"},"sameAs":["https:\/\/www.facebook.com\/Proof.de\/","https:\/\/www.instagram.com\/proof.de\/","https:\/\/www.tiktok.com\/@proof_de","https:\/\/www.youtube.com\/channel\/UCk80fQVQ25wC9wu3SywB-Nw","https:\/\/www.linkedin.com\/company\/proof-de"]},{"@type":"Person","@id":"http:\/\/blog.proofs.de\/zh\/author\/mbetz\/#author","url":"http:\/\/blog.proofs.de\/zh\/author\/mbetz\/","name":"Matthias Betz","image":{"@type":"ImageObject","@id":"http:\/\/blog.proofs.de\/zh\/fogra-colormanagement-symposium-2026-in-muenchen-vom-24-26-februar\/#authorImage","url":"https:\/\/blog.proofs.de\/wp-content\/uploads\/2020\/10\/matthias-betz-e1603934518350-150x150.png","width":96,"height":96,"caption":"Matthias Betz"}},{"@type":"WebPage","@id":"http:\/\/blog.proofs.de\/zh\/fogra-colormanagement-symposium-2026-in-muenchen-vom-24-26-februar\/#webpage","url":"http:\/\/blog.proofs.de\/zh\/fogra-colormanagement-symposium-2026-in-muenchen-vom-24-26-februar\/","name":"Fogra Farbmanagement Symposium 2026 in M\u00fcnchen | proof.de","description":"Vom 24.-26.2. findet in M\u00fcnchen das Farbmanagement Symposium 2026 der Fogra statt - der Branchentreff f\u00fcr Farbmanagement, auch proof.de ist wieder dabei.","inLanguage":"zh-CN","isPartOf":{"@id":"http:\/\/blog.proofs.de\/zh\/#website"},"breadcrumb":{"@id":"http:\/\/blog.proofs.de\/zh\/fogra-colormanagement-symposium-2026-in-muenchen-vom-24-26-februar\/#breadcrumblist"},"author":{"@id":"http:\/\/blog.proofs.de\/zh\/author\/mbetz\/#author"},"creator":{"@id":"http:\/\/blog.proofs.de\/zh\/author\/mbetz\/#author"},"image":{"@type":"ImageObject","url":"https:\/\/blog.proofs.de\/wp-content\/uploads\/2026\/01\/Bildschirmfoto-2026-01-31-um-01.44.10.png","@id":"http:\/\/blog.proofs.de\/zh\/fogra-colormanagement-symposium-2026-in-muenchen-vom-24-26-februar\/#mainImage","width":2132,"height":994,"caption":"Fogra Colormanagement Symposium 2026"},"primaryImageOfPage":{"@id":"http:\/\/blog.proofs.de\/zh\/fogra-colormanagement-symposium-2026-in-muenchen-vom-24-26-februar\/#mainImage"},"datePublished":"2026-02-04T16:40:10+01:00","dateModified":"2026-02-04T16:40:12+01:00"},{"@type":"WebSite","@id":"http:\/\/blog.proofs.de\/zh\/#website","url":"http:\/\/blog.proofs.de\/zh\/","name":"Proof.de","description":"Farbverbindlicher Proof, Farbproof, Digitalproof und Online-Proof.","inLanguage":"zh-CN","publisher":{"@id":"http:\/\/blog.proofs.de\/zh\/#organization"}}]},"og:locale":"zh_CN","og:site_name":"Proof.de | Alles zu Proof, Farbmanagement, Grafik, Messtechnik &amp; Co.","og:type":"article","og:title":"Fogra Farbmanagement Symposium 2026 in M\u00fcnchen | proof.de","og:description":"Vom 24.-26.2. findet in M\u00fcnchen das Farbmanagement Symposium 2026 der Fogra statt - der Branchentreff f\u00fcr Farbmanagement, auch proof.de ist wieder dabei.","og:url":"http:\/\/blog.proofs.de\/zh\/fogra-colormanagement-symposium-2026-in-muenchen-vom-24-26-februar\/","og:image":"http:\/\/blog.proofs.de\/wp-content\/uploads\/2026\/01\/Bildschirmfoto-2026-01-31-um-01.44.10.png","og:image:width":2132,"og:image:height":994,"article:published_time":"2026-02-04T15:40:10+00:00","article:modified_time":"2026-02-04T15:40:12+00:00","article:publisher":"https:\/\/www.facebook.com\/Proof.de\/","twitter:card":"summary","twitter:title":"Fogra Farbmanagement Symposium 2026 in M\u00fcnchen | proof.de","twitter:description":"Vom 24.-26.2. findet in M\u00fcnchen das Farbmanagement Symposium 2026 der Fogra statt - der Branchentreff f\u00fcr Farbmanagement, auch proof.de ist wieder dabei.","twitter:image":"https:\/\/blog.proofs.de\/wp-content\/uploads\/2026\/01\/Bildschirmfoto-2026-01-31-um-01.44.10.png"},"aioseo_meta_data":{"post_id":"6310","title":"\u6155\u5c3c\u9ed1 2026 \u5e74 Fogra \u8272\u5f69\u7ba1\u7406\u7814\u8ba8\u4f1a | proof.de","description":"2026 \u5e74 Fogra \u8272\u5f69\u7ba1\u7406\u7814\u8ba8\u4f1a\u5c06\u4e8e 2 \u6708 24 \u65e5\u81f3 26 \u65e5\u5728\u6155\u5c3c\u9ed1\u4e3e\u884c\uff0c\u8fd9\u662f\u8272\u5f69\u7ba1\u7406\u884c\u4e1a\u7684\u76db\u4f1a\uff0cproof.de \u5c06\u518d\u6b21\u53c2\u52a0\u3002.","keywords":null,"keyphrases":{"focus":{"keyphrase":"","score":0,"analysis":{"keyphraseInTitle":{"score":0,"maxScore":9,"error":1}}},"additional":[]},"primary_term":null,"canonical_url":null,"og_title":null,"og_description":null,"og_object_type":"default","og_image_type":"default","og_image_url":null,"og_image_width":null,"og_image_height":null,"og_image_custom_url":null,"og_image_custom_fields":null,"og_video":"","og_custom_url":null,"og_article_section":null,"og_article_tags":null,"twitter_use_og":true,"twitter_card":"default","twitter_image_type":"default","twitter_image_url":null,"twitter_image_custom_url":null,"twitter_image_custom_fields":null,"twitter_title":null,"twitter_description":null,"schema":{"blockGraphs":[],"customGraphs":[],"default":{"data":{"Article":[],"Course":[],"Dataset":[],"FAQPage":[],"Movie":[],"Person":[],"Product":[],"ProductReview":[],"Car":[],"Recipe":[],"Service":[],"SoftwareApplication":[],"WebPage":[]},"graphName":"Article","isEnabled":true},"graphs":[]},"schema_type":"default","schema_type_options":null,"pillar_content":false,"robots_default":true,"robots_noindex":false,"robots_noarchive":false,"robots_nosnippet":false,"robots_nofollow":false,"robots_noimageindex":false,"robots_noodp":false,"robots_notranslate":false,"robots_max_snippet":"-1","robots_max_videopreview":"-1","robots_max_imagepreview":"large","priority":null,"frequency":"default","local_seo":null,"breadcrumb_settings":null,"limit_modified_date":false,"ai":{"faqs":[],"keyPoints":[],"titles":[],"descriptions":[],"socialPosts":{"email":[],"linkedin":[],"twitter":[],"facebook":[],"instagram":[]}},"created":"2026-01-31 00:25:38","updated":"2026-02-04 15:53:00","seo_analyzer_scan_date":null,"focus_keyword":null,"additional_keywords":null,"truseo_locale":null},"_links":{"self":[{"href":"http:\/\/blog.proofs.de\/zh\/wp-json\/wp\/v2\/posts\/6310","targetHints":{"allow":["GET"]}}],"collection":[{"href":"http:\/\/blog.proofs.de\/zh\/wp-json\/wp\/v2\/posts"}],"about":[{"href":"http:\/\/blog.proofs.de\/zh\/wp-json\/wp\/v2\/types\/post"}],"author":[{"embeddable":true,"href":"http:\/\/blog.proofs.de\/zh\/wp-json\/wp\/v2\/users\/2"}],"replies":[{"embeddable":true,"href":"http:\/\/blog.proofs.de\/zh\/wp-json\/wp\/v2\/comments?post=6310"}],"version-history":[{"count":5,"href":"http:\/\/blog.proofs.de\/zh\/wp-json\/wp\/v2\/posts\/6310\/revisions"}],"predecessor-version":[{"id":6320,"href":"http:\/\/blog.proofs.de\/zh\/wp-json\/wp\/v2\/posts\/6310\/revisions\/6320"}],"wp:featuredmedia":[{"embeddable":true,"href":"http:\/\/blog.proofs.de\/zh\/wp-json\/wp\/v2\/media\/6311"}],"wp:attachment":[{"href":"http:\/\/blog.proofs.de\/zh\/wp-json\/wp\/v2\/media?parent=6310"}],"wp:term":[{"taxonomy":"category","embeddable":true,"href":"http:\/\/blog.proofs.de\/zh\/wp-json\/wp\/v2\/categories?post=6310"},{"taxonomy":"post_tag","embeddable":true,"href":"http:\/\/blog.proofs.de\/zh\/wp-json\/wp\/v2\/tags?post=6310"}],"curies":[{"name":"wp","href":"https:\/\/api.w.org\/{rel}","templated":true}]}}